{"id":100886,"date":"2015-03-14T14:54:43","date_gmt":"2015-03-14T18:54:43","guid":{"rendered":"http:\/\/olympique.ca\/?p=100886"},"modified":"2015-03-16T11:13:54","modified_gmt":"2015-03-16T15:13:54","slug":"charles-hamelin-en-bronze-aux-mondiaux-de-courte-piste","status":"publish","type":"post","link":"https:\/\/preprod.olympic.ca\/olympique\/2015\/03\/14\/charles-hamelin-en-bronze-aux-mondiaux-de-courte-piste\/","title":{"rendered":"Charles Hamelin r\u00e9colte deux m\u00e9dailles aux Mondiaux de courte piste"},"content":{"rendered":"<h1>Charles Hamelin a remport\u00e9 une m\u00e9daille d&rsquo;argent au 1000 m avant de terminer au pied du podium de la Super finale 3000 m pour conclure les Mondiaux de courte piste \u00e0 Moscou.<\/h1>\n<p>Le patineur de Sainte-Julie a termin\u00e9 au quatri\u00e8me rang du cumulatif avec 45 points, lui qui visait un premier titre mondial en carri\u00e8re ce week-end.<\/p>\n<p>Il quitte cependant la Russie avec deux m\u00e9dailles en poche. Dimanche aux 1000 m, Hamelin a d\u00e9croch\u00e9 la m\u00e9daille d&rsquo;argent tout juste derri\u00e8re le Sud-Cor\u00e9en Park Se Yeong. Le Chinois Shi Jingnan a termin\u00e9 troisi\u00e8me.<\/p>\n<p>Seuls les huit meilleurs pointeurs au cours de la fin de semaine ont pris part \u00e0 la Super finale 3000 m. Hamelin a franchi la ligne d&rsquo;arriv\u00e9e au quatri\u00e8me rang derri\u00e8re le N\u00e9erlandais Sjinkie Knegt (or), Se Yeong (argent) et le Chinois Wu Dajing (bronze).<\/p>\n<h2>Samedi<\/h2>\n<p>Charles Hamelin a remport\u00e9 la m\u00e9daille de bronze au 1500 m des Mondiaux de patinage de vitesse sur courte piste, samedi \u00e0 Moscou.<\/p>\n<div class=\"embed-twitter\">\n<blockquote class=\"twitter-tweet\" width=\"550\">\n<p>MEDAL ALERT \/ ALERTE M\u00c9DAILLE&#10;<a href=\"https:\/\/twitter.com\/Speedskater01\">@Speedskater01<\/a> : bronze&#10;1500m M\/H&#10;<a href=\"https:\/\/twitter.com\/hashtag\/WChMoscow?src=hash\">#WChMoscow<\/a><\/p>\n<p>&mdash; SSC\/PVC (@SSC_PVC) <a href=\"https:\/\/twitter.com\/SSC_PVC\/status\/576735234277957634\">March 14, 2015<\/a><\/p><\/blockquote>\n<p><script async src=\"\/\/platform.twitter.com\/widgets.js\" charset=\"utf-8\"><\/script><\/div>\n<p>Hamelin a termin\u00e9 moins de 22 centi\u00e8mes de secondes derri\u00e8re le vainqueur Semen Elistratov de la Russie. Le N\u00e9erlandais Sjinkie Knegt a pris le deuxi\u00e8me rang.<br \/>\nGr\u00e2ce \u00e0 ce r\u00e9sultat, le patineur qu\u00e9b\u00e9cois r\u00e9colte 13 points au tableau cumulatif pour le titre mondial.<\/p>\n<p><strong>LIRE: <\/strong><a href=\"http:\/\/olympique.ca\/2015\/03\/12\/charles-hamelin-vise-le-seul-titre-qui-lui-manque-en-carriere\/\">Charles Hamelin vise le seul titre qui lui manque en carri\u00e8re<\/a><\/p>\n<p>Hamelin a \u00e9t\u00e9 victime d&rsquo;une chute au 500 m plus tard en journ\u00e9e, mais a fini deuxi\u00e8me lors de la finale B, ajoutant trois autres points \u00e0 son total. Hamelin occupe pr\u00e9sentement le cinqui\u00e8me rang du classement g\u00e9n\u00e9ral avec 16 points. Semen Elistratov est en t\u00eate avec 36. L&rsquo;\u00e9preuve du 1000 m aura lieu dimanche, et si Hamelin demeure parmi les huit meilleurs pointeurs, il sera qualifi\u00e9 pour la Super finale 3000 m.<\/p>\n<div class=\"instory-ad-shortcode\"><a aria-hidden=\"true\" tabindex=\"-1\" class=\"ad\" href=\"https:\/\/twitter.com\/OlympiqueCanada\" target=\"_blank\"><img decoding=\"async\" src=\"http:\/\/cdnolympic.files.wordpress.com\/2014\/02\/tw-fr-ad-1180-x-100.png\" alt=\"\" \/><\/a><\/div>\n","protected":false},"excerpt":{"rendered":"<p>Charles Hamelin a remport\u00e9 une m\u00e9daille d&rsquo;argent au 1000 m avant de terminer au pied du podium de la Super&#8230;<\/p>\n","protected":false},"author":55751844,"featured_media":100889,"comment_status":"open","ping_status":"closed","sticky":false,"template":"","format":"standard","meta":{"_acf_changed":false,"_jetpack_memberships_contains_paid_content":false,"footnotes":""},"categories":[1],"tags":[],"post_format":"standard","sport":[],"game":[],"coauthors":[197551639],"class_list":["post-100886","post","type-post","status-publish","format-standard","has-post-thumbnail","hentry","category-uncategorized"],"acf":[],"yoast_head":"<!-- This site is optimized with the Yoast SEO plugin v27.3 - https:\/\/yoast.com\/product\/yoast-seo-wordpress\/ -->\n<title>Charles Hamelin r\u00e9colte deux m\u00e9dailles aux Mondiaux de courte piste - \u00c9quipe Canada | Site officiel de l&#039;\u00e9quipe olympique<\/title>\n<meta name=\"robots\" content=\"index, follow, max-snippet:-1, max-image-preview:large, max-video-preview:-1\" \/>\n<link rel=\"canonical\" href=\"https:\/\/preprod.olympic.ca\/olympique\/2015\/03\/14\/charles-hamelin-en-bronze-aux-mondiaux-de-courte-piste\/\" \/>\n<meta property=\"og:locale\" content=\"fr_FR\" \/>\n<meta property=\"og:type\" content=\"article\" \/>\n<meta property=\"og:title\" content=\"Charles Hamelin r\u00e9colte deux m\u00e9dailles aux Mondiaux de courte piste - \u00c9quipe Canada | Site officiel de l&#039;\u00e9quipe olympique\" \/>\n<meta property=\"og:description\" content=\"Charles Hamelin a remport\u00e9 une m\u00e9daille d&rsquo;argent au 1000 m avant de terminer au pied du podium de la Super...\" \/>\n<meta property=\"og:url\" content=\"https:\/\/preprod.olympic.ca\/olympique\/2015\/03\/14\/charles-hamelin-en-bronze-aux-mondiaux-de-courte-piste\/\" \/>\n<meta property=\"og:site_name\" content=\"\u00c9quipe Canada | Site officiel de l&#039;\u00e9quipe olympique\" \/>\n<meta property=\"article:published_time\" content=\"2015-03-14T18:54:43+00:00\" \/>\n<meta property=\"article:modified_time\" content=\"2015-03-16T15:13:54+00:00\" \/>\n<meta property=\"og:image\" content=\"https:\/\/preprod.olympic.ca\/olympique\/wp-content\/uploads\/sites\/2\/2015\/03\/hamelin-cover.jpg?quality=100\" \/>\n\t<meta property=\"og:image:width\" content=\"670\" \/>\n\t<meta property=\"og:image:height\" content=\"377\" \/>\n\t<meta property=\"og:image:type\" content=\"image\/jpeg\" \/>\n<meta name=\"author\" content=\"Steve Boudreau\" \/>\n<meta name=\"twitter:card\" content=\"summary_large_image\" \/>\n<meta name=\"twitter:label1\" content=\"Written by\" \/>\n\t<meta name=\"twitter:data1\" content=\"Steve Boudreau\" \/>\n\t<meta name=\"twitter:label2\" content=\"Est. reading time\" \/>\n\t<meta name=\"twitter:data2\" content=\"2 minutes\" \/>\n<script type=\"application\/ld+json\" class=\"yoast-schema-graph\">{\"@context\":\"https:\\\/\\\/schema.org\",\"@graph\":[{\"@type\":\"Article\",\"@id\":\"https:\\\/\\\/preprod.olympic.ca\\\/olympique\\\/2015\\\/03\\\/14\\\/charles-hamelin-en-bronze-aux-mondiaux-de-courte-piste\\\/#article\",\"isPartOf\":{\"@id\":\"https:\\\/\\\/preprod.olympic.ca\\\/olympique\\\/2015\\\/03\\\/14\\\/charles-hamelin-en-bronze-aux-mondiaux-de-courte-piste\\\/\"},\"author\":{\"name\":\"Steve Boudreau\",\"@id\":\"https:\\\/\\\/preprod.olympic.ca\\\/olympique\\\/#\\\/schema\\\/person\\\/fcff0d04b3be8cf8db300b91bccb7af4\"},\"headline\":\"Charles Hamelin r\u00e9colte deux m\u00e9dailles aux Mondiaux de courte piste\",\"datePublished\":\"2015-03-14T18:54:43+00:00\",\"dateModified\":\"2015-03-16T15:13:54+00:00\",\"mainEntityOfPage\":{\"@id\":\"https:\\\/\\\/preprod.olympic.ca\\\/olympique\\\/2015\\\/03\\\/14\\\/charles-hamelin-en-bronze-aux-mondiaux-de-courte-piste\\\/\"},\"wordCount\":347,\"commentCount\":0,\"image\":{\"@id\":\"https:\\\/\\\/preprod.olympic.ca\\\/olympique\\\/2015\\\/03\\\/14\\\/charles-hamelin-en-bronze-aux-mondiaux-de-courte-piste\\\/#primaryimage\"},\"thumbnailUrl\":\"https:\\\/\\\/preprod.olympic.ca\\\/olympique\\\/wp-content\\\/uploads\\\/sites\\\/2\\\/2015\\\/03\\\/hamelin-cover.jpg?quality=100\",\"articleSection\":[\"Uncategorized\"],\"inLanguage\":\"fr-FR\",\"potentialAction\":[{\"@type\":\"CommentAction\",\"name\":\"Comment\",\"target\":[\"https:\\\/\\\/preprod.olympic.ca\\\/olympique\\\/2015\\\/03\\\/14\\\/charles-hamelin-en-bronze-aux-mondiaux-de-courte-piste\\\/#respond\"]}]},{\"@type\":\"WebPage\",\"@id\":\"https:\\\/\\\/preprod.olympic.ca\\\/olympique\\\/2015\\\/03\\\/14\\\/charles-hamelin-en-bronze-aux-mondiaux-de-courte-piste\\\/\",\"url\":\"https:\\\/\\\/preprod.olympic.ca\\\/olympique\\\/2015\\\/03\\\/14\\\/charles-hamelin-en-bronze-aux-mondiaux-de-courte-piste\\\/\",\"name\":\"Charles Hamelin r\u00e9colte deux m\u00e9dailles aux Mondiaux de courte piste - \u00c9quipe Canada | Site officiel de l&#039;\u00e9quipe olympique\",\"isPartOf\":{\"@id\":\"https:\\\/\\\/preprod.olympic.ca\\\/olympique\\\/#website\"},\"primaryImageOfPage\":{\"@id\":\"https:\\\/\\\/preprod.olympic.ca\\\/olympique\\\/2015\\\/03\\\/14\\\/charles-hamelin-en-bronze-aux-mondiaux-de-courte-piste\\\/#primaryimage\"},\"image\":{\"@id\":\"https:\\\/\\\/preprod.olympic.ca\\\/olympique\\\/2015\\\/03\\\/14\\\/charles-hamelin-en-bronze-aux-mondiaux-de-courte-piste\\\/#primaryimage\"},\"thumbnailUrl\":\"https:\\\/\\\/preprod.olympic.ca\\\/olympique\\\/wp-content\\\/uploads\\\/sites\\\/2\\\/2015\\\/03\\\/hamelin-cover.jpg?quality=100\",\"datePublished\":\"2015-03-14T18:54:43+00:00\",\"dateModified\":\"2015-03-16T15:13:54+00:00\",\"author\":{\"@id\":\"https:\\\/\\\/preprod.olympic.ca\\\/olympique\\\/#\\\/schema\\\/person\\\/fcff0d04b3be8cf8db300b91bccb7af4\"},\"inLanguage\":\"fr-FR\",\"potentialAction\":[{\"@type\":\"ReadAction\",\"target\":[\"https:\\\/\\\/preprod.olympic.ca\\\/olympique\\\/2015\\\/03\\\/14\\\/charles-hamelin-en-bronze-aux-mondiaux-de-courte-piste\\\/\"]}]},{\"@type\":\"ImageObject\",\"inLanguage\":\"fr-FR\",\"@id\":\"https:\\\/\\\/preprod.olympic.ca\\\/olympique\\\/2015\\\/03\\\/14\\\/charles-hamelin-en-bronze-aux-mondiaux-de-courte-piste\\\/#primaryimage\",\"url\":\"https:\\\/\\\/preprod.olympic.ca\\\/olympique\\\/wp-content\\\/uploads\\\/sites\\\/2\\\/2015\\\/03\\\/hamelin-cover.jpg?quality=100\",\"contentUrl\":\"https:\\\/\\\/preprod.olympic.ca\\\/olympique\\\/wp-content\\\/uploads\\\/sites\\\/2\\\/2015\\\/03\\\/hamelin-cover.jpg?quality=100\",\"width\":670,\"height\":377},{\"@type\":\"WebSite\",\"@id\":\"https:\\\/\\\/preprod.olympic.ca\\\/olympique\\\/#website\",\"url\":\"https:\\\/\\\/preprod.olympic.ca\\\/olympique\\\/\",\"name\":\"\u00c9quipe Canada | Site officiel de l&#039;\u00e9quipe olympique\",\"description\":\"Votre source pour l\u2019\u00c9quipe olympique canadienne. Retrouvez les r\u00e9cits, vid\u00e9os et photos des athl\u00e8tes canadiens, sports olympiques, Jeux olympiques de 2020 et bien plus!\",\"potentialAction\":[{\"@type\":\"SearchAction\",\"target\":{\"@type\":\"EntryPoint\",\"urlTemplate\":\"https:\\\/\\\/preprod.olympic.ca\\\/olympique\\\/?s={search_term_string}\"},\"query-input\":{\"@type\":\"PropertyValueSpecification\",\"valueRequired\":true,\"valueName\":\"search_term_string\"}}],\"inLanguage\":\"fr-FR\"},{\"@type\":\"Person\",\"@id\":\"https:\\\/\\\/preprod.olympic.ca\\\/olympique\\\/#\\\/schema\\\/person\\\/fcff0d04b3be8cf8db300b91bccb7af4\",\"name\":\"Steve Boudreau\",\"image\":{\"@type\":\"ImageObject\",\"inLanguage\":\"fr-FR\",\"@id\":\"https:\\\/\\\/secure.gravatar.com\\\/avatar\\\/336c6be93b523130336d384227371a495c6bb9057a12c48ad1770e1a6a57006b?s=96&d=identicon&r=geab05ffb592a23c798f7bf61ed1f5f18\",\"url\":\"https:\\\/\\\/secure.gravatar.com\\\/avatar\\\/336c6be93b523130336d384227371a495c6bb9057a12c48ad1770e1a6a57006b?s=96&d=identicon&r=g\",\"contentUrl\":\"https:\\\/\\\/secure.gravatar.com\\\/avatar\\\/336c6be93b523130336d384227371a495c6bb9057a12c48ad1770e1a6a57006b?s=96&d=identicon&r=g\",\"caption\":\"Steve Boudreau\"},\"description\":\"R\u00e9dacteur, m\u00e9dias sociaux - @Sboudreau\",\"sameAs\":[\"http:\\\/\\\/sboudreau49.wordpress.com\"],\"url\":\"https:\\\/\\\/preprod.olympic.ca\\\/olympique\\\/author\\\/sboudreau2013\\\/\"}]}<\/script>\n<!-- \/ Yoast SEO plugin. -->","yoast_head_json":{"title":"Charles Hamelin r\u00e9colte deux m\u00e9dailles aux Mondiaux de courte piste - \u00c9quipe Canada | Site officiel de l&#039;\u00e9quipe olympique","robots":{"index":"index","follow":"follow","max-snippet":"max-snippet:-1","max-image-preview":"max-image-preview:large","max-video-preview":"max-video-preview:-1"},"canonical":"https:\/\/preprod.olympic.ca\/olympique\/2015\/03\/14\/charles-hamelin-en-bronze-aux-mondiaux-de-courte-piste\/","og_locale":"fr_FR","og_type":"article","og_title":"Charles Hamelin r\u00e9colte deux m\u00e9dailles aux Mondiaux de courte piste - \u00c9quipe Canada | Site officiel de l&#039;\u00e9quipe olympique","og_description":"Charles Hamelin a remport\u00e9 une m\u00e9daille d&rsquo;argent au 1000 m avant de terminer au pied du podium de la Super...","og_url":"https:\/\/preprod.olympic.ca\/olympique\/2015\/03\/14\/charles-hamelin-en-bronze-aux-mondiaux-de-courte-piste\/","og_site_name":"\u00c9quipe Canada | Site officiel de l&#039;\u00e9quipe olympique","article_published_time":"2015-03-14T18:54:43+00:00","article_modified_time":"2015-03-16T15:13:54+00:00","og_image":[{"width":670,"height":377,"url":"https:\/\/preprod.olympic.ca\/olympique\/wp-content\/uploads\/sites\/2\/2015\/03\/hamelin-cover.jpg?quality=100","type":"image\/jpeg"}],"author":"Steve Boudreau","twitter_card":"summary_large_image","twitter_misc":{"Written by":"Steve Boudreau","Est. reading time":"2 minutes"},"schema":{"@context":"https:\/\/schema.org","@graph":[{"@type":"Article","@id":"https:\/\/preprod.olympic.ca\/olympique\/2015\/03\/14\/charles-hamelin-en-bronze-aux-mondiaux-de-courte-piste\/#article","isPartOf":{"@id":"https:\/\/preprod.olympic.ca\/olympique\/2015\/03\/14\/charles-hamelin-en-bronze-aux-mondiaux-de-courte-piste\/"},"author":{"name":"Steve Boudreau","@id":"https:\/\/preprod.olympic.ca\/olympique\/#\/schema\/person\/fcff0d04b3be8cf8db300b91bccb7af4"},"headline":"Charles Hamelin r\u00e9colte deux m\u00e9dailles aux Mondiaux de courte piste","datePublished":"2015-03-14T18:54:43+00:00","dateModified":"2015-03-16T15:13:54+00:00","mainEntityOfPage":{"@id":"https:\/\/preprod.olympic.ca\/olympique\/2015\/03\/14\/charles-hamelin-en-bronze-aux-mondiaux-de-courte-piste\/"},"wordCount":347,"commentCount":0,"image":{"@id":"https:\/\/preprod.olympic.ca\/olympique\/2015\/03\/14\/charles-hamelin-en-bronze-aux-mondiaux-de-courte-piste\/#primaryimage"},"thumbnailUrl":"https:\/\/preprod.olympic.ca\/olympique\/wp-content\/uploads\/sites\/2\/2015\/03\/hamelin-cover.jpg?quality=100","articleSection":["Uncategorized"],"inLanguage":"fr-FR","potentialAction":[{"@type":"CommentAction","name":"Comment","target":["https:\/\/preprod.olympic.ca\/olympique\/2015\/03\/14\/charles-hamelin-en-bronze-aux-mondiaux-de-courte-piste\/#respond"]}]},{"@type":"WebPage","@id":"https:\/\/preprod.olympic.ca\/olympique\/2015\/03\/14\/charles-hamelin-en-bronze-aux-mondiaux-de-courte-piste\/","url":"https:\/\/preprod.olympic.ca\/olympique\/2015\/03\/14\/charles-hamelin-en-bronze-aux-mondiaux-de-courte-piste\/","name":"Charles Hamelin r\u00e9colte deux m\u00e9dailles aux Mondiaux de courte piste - \u00c9quipe Canada | Site officiel de l&#039;\u00e9quipe olympique","isPartOf":{"@id":"https:\/\/preprod.olympic.ca\/olympique\/#website"},"primaryImageOfPage":{"@id":"https:\/\/preprod.olympic.ca\/olympique\/2015\/03\/14\/charles-hamelin-en-bronze-aux-mondiaux-de-courte-piste\/#primaryimage"},"image":{"@id":"https:\/\/preprod.olympic.ca\/olympique\/2015\/03\/14\/charles-hamelin-en-bronze-aux-mondiaux-de-courte-piste\/#primaryimage"},"thumbnailUrl":"https:\/\/preprod.olympic.ca\/olympique\/wp-content\/uploads\/sites\/2\/2015\/03\/hamelin-cover.jpg?quality=100","datePublished":"2015-03-14T18:54:43+00:00","dateModified":"2015-03-16T15:13:54+00:00","author":{"@id":"https:\/\/preprod.olympic.ca\/olympique\/#\/schema\/person\/fcff0d04b3be8cf8db300b91bccb7af4"},"inLanguage":"fr-FR","potentialAction":[{"@type":"ReadAction","target":["https:\/\/preprod.olympic.ca\/olympique\/2015\/03\/14\/charles-hamelin-en-bronze-aux-mondiaux-de-courte-piste\/"]}]},{"@type":"ImageObject","inLanguage":"fr-FR","@id":"https:\/\/preprod.olympic.ca\/olympique\/2015\/03\/14\/charles-hamelin-en-bronze-aux-mondiaux-de-courte-piste\/#primaryimage","url":"https:\/\/preprod.olympic.ca\/olympique\/wp-content\/uploads\/sites\/2\/2015\/03\/hamelin-cover.jpg?quality=100","contentUrl":"https:\/\/preprod.olympic.ca\/olympique\/wp-content\/uploads\/sites\/2\/2015\/03\/hamelin-cover.jpg?quality=100","width":670,"height":377},{"@type":"WebSite","@id":"https:\/\/preprod.olympic.ca\/olympique\/#website","url":"https:\/\/preprod.olympic.ca\/olympique\/","name":"\u00c9quipe Canada | Site officiel de l&#039;\u00e9quipe olympique","description":"Votre source pour l\u2019\u00c9quipe olympique canadienne. Retrouvez les r\u00e9cits, vid\u00e9os et photos des athl\u00e8tes canadiens, sports olympiques, Jeux olympiques de 2020 et bien plus!","potentialAction":[{"@type":"SearchAction","target":{"@type":"EntryPoint","urlTemplate":"https:\/\/preprod.olympic.ca\/olympique\/?s={search_term_string}"},"query-input":{"@type":"PropertyValueSpecification","valueRequired":true,"valueName":"search_term_string"}}],"inLanguage":"fr-FR"},{"@type":"Person","@id":"https:\/\/preprod.olympic.ca\/olympique\/#\/schema\/person\/fcff0d04b3be8cf8db300b91bccb7af4","name":"Steve Boudreau","image":{"@type":"ImageObject","inLanguage":"fr-FR","@id":"https:\/\/secure.gravatar.com\/avatar\/336c6be93b523130336d384227371a495c6bb9057a12c48ad1770e1a6a57006b?s=96&d=identicon&r=geab05ffb592a23c798f7bf61ed1f5f18","url":"https:\/\/secure.gravatar.com\/avatar\/336c6be93b523130336d384227371a495c6bb9057a12c48ad1770e1a6a57006b?s=96&d=identicon&r=g","contentUrl":"https:\/\/secure.gravatar.com\/avatar\/336c6be93b523130336d384227371a495c6bb9057a12c48ad1770e1a6a57006b?s=96&d=identicon&r=g","caption":"Steve Boudreau"},"description":"R\u00e9dacteur, m\u00e9dias sociaux - @Sboudreau","sameAs":["http:\/\/sboudreau49.wordpress.com"],"url":"https:\/\/preprod.olympic.ca\/olympique\/author\/sboudreau2013\/"}]}},"jetpack_featured_media_url":"https:\/\/preprod.olympic.ca\/olympique\/wp-content\/uploads\/sites\/2\/2015\/03\/hamelin-cover.jpg?quality=100","featured_image_url":"https:\/\/preprod.olympic.ca\/olympique\/wp-content\/uploads\/sites\/2\/2015\/03\/hamelin-cover.jpg?quality=100","author_name":["Steve Boudreau"],"category_names":["Uncategorized"],"tag_names":[],"video_embed_code":"","facebook_video_embed_code":"","jetpack_sharing_enabled":true,"jetpack-related-posts":[],"jetpack_shortlink":"https:\/\/wp.me\/pcGHcP-qfc","_links":{"self":[{"href":"https:\/\/preprod.olympic.ca\/olympique\/wp-json\/wp\/v2\/posts\/100886","targetHints":{"allow":["GET"]}}],"collection":[{"href":"https:\/\/preprod.olympic.ca\/olympique\/wp-json\/wp\/v2\/posts"}],"about":[{"href":"https:\/\/preprod.olympic.ca\/olympique\/wp-json\/wp\/v2\/types\/post"}],"author":[{"embeddable":true,"href":"https:\/\/preprod.olympic.ca\/olympique\/wp-json\/wp\/v2\/users\/55751844"}],"replies":[{"embeddable":true,"href":"https:\/\/preprod.olympic.ca\/olympique\/wp-json\/wp\/v2\/comments?post=100886"}],"version-history":[{"count":6,"href":"https:\/\/preprod.olympic.ca\/olympique\/wp-json\/wp\/v2\/posts\/100886\/revisions"}],"predecessor-version":[{"id":100937,"href":"https:\/\/preprod.olympic.ca\/olympique\/wp-json\/wp\/v2\/posts\/100886\/revisions\/100937"}],"wp:featuredmedia":[{"embeddable":true,"href":"https:\/\/preprod.olympic.ca\/olympique\/wp-json\/wp\/v2\/media\/100889"}],"wp:attachment":[{"href":"https:\/\/preprod.olympic.ca\/olympique\/wp-json\/wp\/v2\/media?parent=100886"}],"wp:term":[{"taxonomy":"category","embeddable":true,"href":"https:\/\/preprod.olympic.ca\/olympique\/wp-json\/wp\/v2\/categories?post=100886"},{"taxonomy":"post_tag","embeddable":true,"href":"https:\/\/preprod.olympic.ca\/olympique\/wp-json\/wp\/v2\/tags?post=100886"},{"taxonomy":"post_format","embeddable":true,"href":"https:\/\/preprod.olympic.ca\/olympique\/wp-json\/wp\/v2\/post_format?post=100886"},{"taxonomy":"sport","embeddable":true,"href":"https:\/\/preprod.olympic.ca\/olympique\/wp-json\/wp\/v2\/sport?post=100886"},{"taxonomy":"game","embeddable":true,"href":"https:\/\/preprod.olympic.ca\/olympique\/wp-json\/wp\/v2\/game?post=100886"},{"taxonomy":"author","embeddable":true,"href":"https:\/\/preprod.olympic.ca\/olympique\/wp-json\/wp\/v2\/coauthors?post=100886"}],"curies":[{"name":"wp","href":"https:\/\/api.w.org\/{rel}","templated":true}]}}