{"id":102655,"date":"2015-05-22T20:43:16","date_gmt":"2015-05-23T00:43:16","guid":{"rendered":"http:\/\/olympique.ca\/?p=102655"},"modified":"2015-05-22T20:43:16","modified_gmt":"2015-05-23T00:43:16","slug":"panam-18-athletes-nommes-a-lequipe-de-voile","status":"publish","type":"post","link":"https:\/\/preprod.olympic.ca\/olympique\/2015\/05\/22\/panam-18-athletes-nommes-a-lequipe-de-voile\/","title":{"rendered":"Panam: 18 athl\u00e8tes nomm\u00e9s \u00e0 l&rsquo;\u00e9quipe de voile"},"content":{"rendered":"<h1>Cinq olympiens, dont un m\u00e9daill\u00e9 olympique, seront \u00e0 la t\u00eate de l&rsquo;\u00e9quipe canadienne de voile qui naviguera les eaux de Toronto cet \u00e9t\u00e9 aux Jeux panam\u00e9ricains.<\/h1>\n<p>Au total, 18 marins se sont ajout\u00e9s \u00e0 la d\u00e9l\u00e9gation canadienne vendredi, incluant <a title=\"Terry McLaughlin\" href=\"http:\/\/preprod.olympic.ca\/team-canada\/terry-mclaughlin\/\">Terry McLaughlin<\/a>, m\u00e9daill\u00e9 d&rsquo;argent aux Jeux olympiques de Los Angeles en 1984.<\/p>\n<p><a href=\"http:\/\/www.sailing.ca\/canadian-sailing-team-nominated-for-2015-pan-am-games-p198021\" target=\"_blank\">Cliquez ici pour consulter la liste des athl\u00e8tes s\u00e9lectionn\u00e9s<\/a><\/p>\n<div id=\"attachment_115628\" style=\"width: 1350px\" class=\"wp-caption aligncenter\"><a href=\"https:\/\/cdnolympic.files.wordpress.com\/2015\/05\/mclaughlin.jpg?quality=100\"><img loading=\"lazy\" decoding=\"async\" aria-describedby=\"caption-attachment-115628\" class=\"wp-image-115628 size-full\" src=\"https:\/\/cdnolympic.files.wordpress.com\/2015\/05\/mclaughlin.jpg?quality=100\" alt=\"Terry McLaughlin et Evert Bastet en route vers la m\u00e9daille d'argent aux Jeux olympiques de Los Angeles en 1984.\" width=\"1340\" height=\"754\" \/><\/a><p id=\"caption-attachment-115628\" class=\"wp-caption-text\">Terry McLaughlin et Evert Bastet en route vers la m\u00e9daille d&rsquo;argent aux Jeux olympiques de Los Angeles en 1984.<\/p><\/div>\n<p>Les olympiens <a title=\"Nikola Girke\" href=\"http:\/\/olympique.ca\/team-canada\/nikola-girke\/\">Nikola Girke<\/a>, <a title=\"Chantal Leger\" href=\"http:\/\/olympique.ca\/team-canada\/chantal-leger\/\">Chantal Leger<\/a>, <a title=\"Zachary Plavsic\" href=\"http:\/\/olympique.ca\/team-canada\/zachary-plavsic\/\">Zac Plavsic<\/a>, et <a title=\"Luke Ramsay\" href=\"http:\/\/olympique.ca\/team-canada\/luke-ramsay-1\/\">Luke Ramsay<\/a> ont \u00e9galement \u00e9t\u00e9 s\u00e9lectionn\u00e9s.<\/p>\n<p><strong>LIRE | <a href=\"http:\/\/olympique.ca\/jeux\/2015-toronto\/\" target=\"_blank\">\u00c9quipe Canada aux Jeux panam<\/a><\/strong><\/p>\n<p>La comp\u00e9tition comporte 10 \u00e9preuves et se d\u00e9roulera du 12 au 19 juillet.<\/p>\n<div class=\"instory-ad-shortcode\"><a aria-hidden=\"true\" tabindex=\"-1\" class=\"ad\" href=\"https:\/\/twitter.com\/OlympiqueCanada\" target=\"_blank\"><img decoding=\"async\" src=\"http:\/\/cdnolympic.files.wordpress.com\/2014\/02\/tw-fr-ad-1180-x-100.png\" alt=\"\" \/><\/a><\/div>\n","protected":false},"excerpt":{"rendered":"<p>Cinq olympiens, dont un m\u00e9daill\u00e9 olympique, seront \u00e0 la t\u00eate de l&rsquo;\u00e9quipe canadienne de voile qui naviguera les eaux de&#8230;<\/p>\n","protected":false},"author":10774097,"featured_media":102657,"comment_status":"open","ping_status":"closed","sticky":false,"template":"","format":"standard","meta":{"_acf_changed":false,"_jetpack_memberships_contains_paid_content":false,"footnotes":""},"categories":[16085],"tags":[2444],"post_format":"standard","sport":[49360],"game":[334881982],"coauthors":[197553292],"class_list":["post-102655","post","type-post","status-publish","format-standard","has-post-thumbnail","hentry","category-nouvelles","tag-toronto","sport-voile","game-2015-toronto"],"acf":[],"yoast_head":"<!-- This site is optimized with the Yoast SEO plugin v27.3 - https:\/\/yoast.com\/product\/yoast-seo-wordpress\/ -->\n<title>Panam: 18 athl\u00e8tes nomm\u00e9s \u00e0 l&#039;\u00e9quipe de voile - \u00c9quipe Canada | Site officiel de l&#039;\u00e9quipe olympique<\/title>\n<meta name=\"robots\" content=\"index, follow, max-snippet:-1, max-image-preview:large, max-video-preview:-1\" \/>\n<link rel=\"canonical\" href=\"https:\/\/preprod.olympic.ca\/olympique\/2015\/05\/22\/panam-18-athletes-nommes-a-lequipe-de-voile\/\" \/>\n<meta property=\"og:locale\" content=\"fr_FR\" \/>\n<meta property=\"og:type\" content=\"article\" \/>\n<meta property=\"og:title\" content=\"Panam: 18 athl\u00e8tes nomm\u00e9s \u00e0 l&#039;\u00e9quipe de voile - \u00c9quipe Canada | Site officiel de l&#039;\u00e9quipe olympique\" \/>\n<meta property=\"og:description\" content=\"Cinq olympiens, dont un m\u00e9daill\u00e9 olympique, seront \u00e0 la t\u00eate de l&rsquo;\u00e9quipe canadienne de voile qui naviguera les eaux de...\" \/>\n<meta property=\"og:url\" content=\"https:\/\/preprod.olympic.ca\/olympique\/2015\/05\/22\/panam-18-athletes-nommes-a-lequipe-de-voile\/\" \/>\n<meta property=\"og:site_name\" content=\"\u00c9quipe Canada | Site officiel de l&#039;\u00e9quipe olympique\" \/>\n<meta property=\"article:published_time\" content=\"2015-05-23T00:43:16+00:00\" \/>\n<meta property=\"og:image\" content=\"https:\/\/preprod.olympic.ca\/olympique\/wp-content\/uploads\/sites\/2\/2015\/05\/girke.jpg?quality=100\" \/>\n\t<meta property=\"og:image:width\" content=\"670\" \/>\n\t<meta property=\"og:image:height\" content=\"377\" \/>\n\t<meta property=\"og:image:type\" content=\"image\/jpeg\" \/>\n<meta name=\"author\" content=\"Asif Hossain\" \/>\n<meta name=\"twitter:card\" content=\"summary_large_image\" \/>\n<meta name=\"twitter:label1\" content=\"Written by\" \/>\n\t<meta name=\"twitter:data1\" content=\"Asif Hossain\" \/>\n\t<meta name=\"twitter:label2\" content=\"Est. reading time\" \/>\n\t<meta name=\"twitter:data2\" content=\"1 minute\" \/>\n<script type=\"application\/ld+json\" class=\"yoast-schema-graph\">{\"@context\":\"https:\\\/\\\/schema.org\",\"@graph\":[{\"@type\":\"Article\",\"@id\":\"https:\\\/\\\/preprod.olympic.ca\\\/olympique\\\/2015\\\/05\\\/22\\\/panam-18-athletes-nommes-a-lequipe-de-voile\\\/#article\",\"isPartOf\":{\"@id\":\"https:\\\/\\\/preprod.olympic.ca\\\/olympique\\\/2015\\\/05\\\/22\\\/panam-18-athletes-nommes-a-lequipe-de-voile\\\/\"},\"author\":{\"name\":\"Asif Hossain\",\"@id\":\"https:\\\/\\\/preprod.olympic.ca\\\/olympique\\\/#\\\/schema\\\/person\\\/9fece45a1cf9f72c0fee2ddb948a50f4\"},\"headline\":\"Panam: 18 athl\u00e8tes nomm\u00e9s \u00e0 l&rsquo;\u00e9quipe de voile\",\"datePublished\":\"2015-05-23T00:43:16+00:00\",\"mainEntityOfPage\":{\"@id\":\"https:\\\/\\\/preprod.olympic.ca\\\/olympique\\\/2015\\\/05\\\/22\\\/panam-18-athletes-nommes-a-lequipe-de-voile\\\/\"},\"wordCount\":161,\"commentCount\":0,\"image\":{\"@id\":\"https:\\\/\\\/preprod.olympic.ca\\\/olympique\\\/2015\\\/05\\\/22\\\/panam-18-athletes-nommes-a-lequipe-de-voile\\\/#primaryimage\"},\"thumbnailUrl\":\"https:\\\/\\\/preprod.olympic.ca\\\/olympique\\\/wp-content\\\/uploads\\\/sites\\\/2\\\/2015\\\/05\\\/girke.jpg?quality=100\",\"keywords\":[\"Toronto\"],\"articleSection\":[\"Nouvelles\"],\"inLanguage\":\"fr-FR\",\"potentialAction\":[{\"@type\":\"CommentAction\",\"name\":\"Comment\",\"target\":[\"https:\\\/\\\/preprod.olympic.ca\\\/olympique\\\/2015\\\/05\\\/22\\\/panam-18-athletes-nommes-a-lequipe-de-voile\\\/#respond\"]}]},{\"@type\":\"WebPage\",\"@id\":\"https:\\\/\\\/preprod.olympic.ca\\\/olympique\\\/2015\\\/05\\\/22\\\/panam-18-athletes-nommes-a-lequipe-de-voile\\\/\",\"url\":\"https:\\\/\\\/preprod.olympic.ca\\\/olympique\\\/2015\\\/05\\\/22\\\/panam-18-athletes-nommes-a-lequipe-de-voile\\\/\",\"name\":\"Panam: 18 athl\u00e8tes nomm\u00e9s \u00e0 l'\u00e9quipe de voile - \u00c9quipe Canada | Site officiel de l&#039;\u00e9quipe olympique\",\"isPartOf\":{\"@id\":\"https:\\\/\\\/preprod.olympic.ca\\\/olympique\\\/#website\"},\"primaryImageOfPage\":{\"@id\":\"https:\\\/\\\/preprod.olympic.ca\\\/olympique\\\/2015\\\/05\\\/22\\\/panam-18-athletes-nommes-a-lequipe-de-voile\\\/#primaryimage\"},\"image\":{\"@id\":\"https:\\\/\\\/preprod.olympic.ca\\\/olympique\\\/2015\\\/05\\\/22\\\/panam-18-athletes-nommes-a-lequipe-de-voile\\\/#primaryimage\"},\"thumbnailUrl\":\"https:\\\/\\\/preprod.olympic.ca\\\/olympique\\\/wp-content\\\/uploads\\\/sites\\\/2\\\/2015\\\/05\\\/girke.jpg?quality=100\",\"datePublished\":\"2015-05-23T00:43:16+00:00\",\"author\":{\"@id\":\"https:\\\/\\\/preprod.olympic.ca\\\/olympique\\\/#\\\/schema\\\/person\\\/9fece45a1cf9f72c0fee2ddb948a50f4\"},\"inLanguage\":\"fr-FR\",\"potentialAction\":[{\"@type\":\"ReadAction\",\"target\":[\"https:\\\/\\\/preprod.olympic.ca\\\/olympique\\\/2015\\\/05\\\/22\\\/panam-18-athletes-nommes-a-lequipe-de-voile\\\/\"]}]},{\"@type\":\"ImageObject\",\"inLanguage\":\"fr-FR\",\"@id\":\"https:\\\/\\\/preprod.olympic.ca\\\/olympique\\\/2015\\\/05\\\/22\\\/panam-18-athletes-nommes-a-lequipe-de-voile\\\/#primaryimage\",\"url\":\"https:\\\/\\\/preprod.olympic.ca\\\/olympique\\\/wp-content\\\/uploads\\\/sites\\\/2\\\/2015\\\/05\\\/girke.jpg?quality=100\",\"contentUrl\":\"https:\\\/\\\/preprod.olympic.ca\\\/olympique\\\/wp-content\\\/uploads\\\/sites\\\/2\\\/2015\\\/05\\\/girke.jpg?quality=100\",\"width\":670,\"height\":377},{\"@type\":\"WebSite\",\"@id\":\"https:\\\/\\\/preprod.olympic.ca\\\/olympique\\\/#website\",\"url\":\"https:\\\/\\\/preprod.olympic.ca\\\/olympique\\\/\",\"name\":\"\u00c9quipe Canada | Site officiel de l&#039;\u00e9quipe olympique\",\"description\":\"Votre source pour l\u2019\u00c9quipe olympique canadienne. Retrouvez les r\u00e9cits, vid\u00e9os et photos des athl\u00e8tes canadiens, sports olympiques, Jeux olympiques de 2020 et bien plus!\",\"potentialAction\":[{\"@type\":\"SearchAction\",\"target\":{\"@type\":\"EntryPoint\",\"urlTemplate\":\"https:\\\/\\\/preprod.olympic.ca\\\/olympique\\\/?s={search_term_string}\"},\"query-input\":{\"@type\":\"PropertyValueSpecification\",\"valueRequired\":true,\"valueName\":\"search_term_string\"}}],\"inLanguage\":\"fr-FR\"},{\"@type\":\"Person\",\"@id\":\"https:\\\/\\\/preprod.olympic.ca\\\/olympique\\\/#\\\/schema\\\/person\\\/9fece45a1cf9f72c0fee2ddb948a50f4\",\"name\":\"Asif Hossain\",\"image\":{\"@type\":\"ImageObject\",\"inLanguage\":\"fr-FR\",\"@id\":\"https:\\\/\\\/secure.gravatar.com\\\/avatar\\\/d78674d61b6b8fcd5488a575ef3fab9b8bed1978cf5bb978adeae1f9411abe4a?s=96&d=identicon&r=g22eff5eea2e28da905f112e9933af68b\",\"url\":\"https:\\\/\\\/secure.gravatar.com\\\/avatar\\\/d78674d61b6b8fcd5488a575ef3fab9b8bed1978cf5bb978adeae1f9411abe4a?s=96&d=identicon&r=g\",\"contentUrl\":\"https:\\\/\\\/secure.gravatar.com\\\/avatar\\\/d78674d61b6b8fcd5488a575ef3fab9b8bed1978cf5bb978adeae1f9411abe4a?s=96&d=identicon&r=g\",\"caption\":\"Asif Hossain\"},\"description\":\"Digital content, marketing and communications manager by trade.\",\"sameAs\":[\"http:\\\/\\\/asifhossain.wordpress.com\"],\"url\":\"https:\\\/\\\/preprod.olympic.ca\\\/olympique\\\/author\\\/asifhossain\\\/\"}]}<\/script>\n<!-- \/ Yoast SEO plugin. -->","yoast_head_json":{"title":"Panam: 18 athl\u00e8tes nomm\u00e9s \u00e0 l'\u00e9quipe de voile - \u00c9quipe Canada | Site officiel de l&#039;\u00e9quipe olympique","robots":{"index":"index","follow":"follow","max-snippet":"max-snippet:-1","max-image-preview":"max-image-preview:large","max-video-preview":"max-video-preview:-1"},"canonical":"https:\/\/preprod.olympic.ca\/olympique\/2015\/05\/22\/panam-18-athletes-nommes-a-lequipe-de-voile\/","og_locale":"fr_FR","og_type":"article","og_title":"Panam: 18 athl\u00e8tes nomm\u00e9s \u00e0 l'\u00e9quipe de voile - \u00c9quipe Canada | Site officiel de l&#039;\u00e9quipe olympique","og_description":"Cinq olympiens, dont un m\u00e9daill\u00e9 olympique, seront \u00e0 la t\u00eate de l&rsquo;\u00e9quipe canadienne de voile qui naviguera les eaux de...","og_url":"https:\/\/preprod.olympic.ca\/olympique\/2015\/05\/22\/panam-18-athletes-nommes-a-lequipe-de-voile\/","og_site_name":"\u00c9quipe Canada | Site officiel de l&#039;\u00e9quipe olympique","article_published_time":"2015-05-23T00:43:16+00:00","og_image":[{"width":670,"height":377,"url":"https:\/\/preprod.olympic.ca\/olympique\/wp-content\/uploads\/sites\/2\/2015\/05\/girke.jpg?quality=100","type":"image\/jpeg"}],"author":"Asif Hossain","twitter_card":"summary_large_image","twitter_misc":{"Written by":"Asif Hossain","Est. reading time":"1 minute"},"schema":{"@context":"https:\/\/schema.org","@graph":[{"@type":"Article","@id":"https:\/\/preprod.olympic.ca\/olympique\/2015\/05\/22\/panam-18-athletes-nommes-a-lequipe-de-voile\/#article","isPartOf":{"@id":"https:\/\/preprod.olympic.ca\/olympique\/2015\/05\/22\/panam-18-athletes-nommes-a-lequipe-de-voile\/"},"author":{"name":"Asif Hossain","@id":"https:\/\/preprod.olympic.ca\/olympique\/#\/schema\/person\/9fece45a1cf9f72c0fee2ddb948a50f4"},"headline":"Panam: 18 athl\u00e8tes nomm\u00e9s \u00e0 l&rsquo;\u00e9quipe de voile","datePublished":"2015-05-23T00:43:16+00:00","mainEntityOfPage":{"@id":"https:\/\/preprod.olympic.ca\/olympique\/2015\/05\/22\/panam-18-athletes-nommes-a-lequipe-de-voile\/"},"wordCount":161,"commentCount":0,"image":{"@id":"https:\/\/preprod.olympic.ca\/olympique\/2015\/05\/22\/panam-18-athletes-nommes-a-lequipe-de-voile\/#primaryimage"},"thumbnailUrl":"https:\/\/preprod.olympic.ca\/olympique\/wp-content\/uploads\/sites\/2\/2015\/05\/girke.jpg?quality=100","keywords":["Toronto"],"articleSection":["Nouvelles"],"inLanguage":"fr-FR","potentialAction":[{"@type":"CommentAction","name":"Comment","target":["https:\/\/preprod.olympic.ca\/olympique\/2015\/05\/22\/panam-18-athletes-nommes-a-lequipe-de-voile\/#respond"]}]},{"@type":"WebPage","@id":"https:\/\/preprod.olympic.ca\/olympique\/2015\/05\/22\/panam-18-athletes-nommes-a-lequipe-de-voile\/","url":"https:\/\/preprod.olympic.ca\/olympique\/2015\/05\/22\/panam-18-athletes-nommes-a-lequipe-de-voile\/","name":"Panam: 18 athl\u00e8tes nomm\u00e9s \u00e0 l'\u00e9quipe de voile - \u00c9quipe Canada | Site officiel de l&#039;\u00e9quipe olympique","isPartOf":{"@id":"https:\/\/preprod.olympic.ca\/olympique\/#website"},"primaryImageOfPage":{"@id":"https:\/\/preprod.olympic.ca\/olympique\/2015\/05\/22\/panam-18-athletes-nommes-a-lequipe-de-voile\/#primaryimage"},"image":{"@id":"https:\/\/preprod.olympic.ca\/olympique\/2015\/05\/22\/panam-18-athletes-nommes-a-lequipe-de-voile\/#primaryimage"},"thumbnailUrl":"https:\/\/preprod.olympic.ca\/olympique\/wp-content\/uploads\/sites\/2\/2015\/05\/girke.jpg?quality=100","datePublished":"2015-05-23T00:43:16+00:00","author":{"@id":"https:\/\/preprod.olympic.ca\/olympique\/#\/schema\/person\/9fece45a1cf9f72c0fee2ddb948a50f4"},"inLanguage":"fr-FR","potentialAction":[{"@type":"ReadAction","target":["https:\/\/preprod.olympic.ca\/olympique\/2015\/05\/22\/panam-18-athletes-nommes-a-lequipe-de-voile\/"]}]},{"@type":"ImageObject","inLanguage":"fr-FR","@id":"https:\/\/preprod.olympic.ca\/olympique\/2015\/05\/22\/panam-18-athletes-nommes-a-lequipe-de-voile\/#primaryimage","url":"https:\/\/preprod.olympic.ca\/olympique\/wp-content\/uploads\/sites\/2\/2015\/05\/girke.jpg?quality=100","contentUrl":"https:\/\/preprod.olympic.ca\/olympique\/wp-content\/uploads\/sites\/2\/2015\/05\/girke.jpg?quality=100","width":670,"height":377},{"@type":"WebSite","@id":"https:\/\/preprod.olympic.ca\/olympique\/#website","url":"https:\/\/preprod.olympic.ca\/olympique\/","name":"\u00c9quipe Canada | Site officiel de l&#039;\u00e9quipe olympique","description":"Votre source pour l\u2019\u00c9quipe olympique canadienne. Retrouvez les r\u00e9cits, vid\u00e9os et photos des athl\u00e8tes canadiens, sports olympiques, Jeux olympiques de 2020 et bien plus!","potentialAction":[{"@type":"SearchAction","target":{"@type":"EntryPoint","urlTemplate":"https:\/\/preprod.olympic.ca\/olympique\/?s={search_term_string}"},"query-input":{"@type":"PropertyValueSpecification","valueRequired":true,"valueName":"search_term_string"}}],"inLanguage":"fr-FR"},{"@type":"Person","@id":"https:\/\/preprod.olympic.ca\/olympique\/#\/schema\/person\/9fece45a1cf9f72c0fee2ddb948a50f4","name":"Asif Hossain","image":{"@type":"ImageObject","inLanguage":"fr-FR","@id":"https:\/\/secure.gravatar.com\/avatar\/d78674d61b6b8fcd5488a575ef3fab9b8bed1978cf5bb978adeae1f9411abe4a?s=96&d=identicon&r=g22eff5eea2e28da905f112e9933af68b","url":"https:\/\/secure.gravatar.com\/avatar\/d78674d61b6b8fcd5488a575ef3fab9b8bed1978cf5bb978adeae1f9411abe4a?s=96&d=identicon&r=g","contentUrl":"https:\/\/secure.gravatar.com\/avatar\/d78674d61b6b8fcd5488a575ef3fab9b8bed1978cf5bb978adeae1f9411abe4a?s=96&d=identicon&r=g","caption":"Asif Hossain"},"description":"Digital content, marketing and communications manager by trade.","sameAs":["http:\/\/asifhossain.wordpress.com"],"url":"https:\/\/preprod.olympic.ca\/olympique\/author\/asifhossain\/"}]}},"jetpack_featured_media_url":"https:\/\/preprod.olympic.ca\/olympique\/wp-content\/uploads\/sites\/2\/2015\/05\/girke.jpg?quality=100","featured_image_url":"https:\/\/preprod.olympic.ca\/olympique\/wp-content\/uploads\/sites\/2\/2015\/05\/girke.jpg?quality=100","author_name":["Asif Hossain"],"category_names":["Nouvelles"],"tag_names":["Toronto"],"video_embed_code":"","facebook_video_embed_code":"","jetpack_sharing_enabled":true,"jetpack-related-posts":[],"jetpack_shortlink":"https:\/\/wp.me\/pcGHcP-qHJ","_links":{"self":[{"href":"https:\/\/preprod.olympic.ca\/olympique\/wp-json\/wp\/v2\/posts\/102655","targetHints":{"allow":["GET"]}}],"collection":[{"href":"https:\/\/preprod.olympic.ca\/olympique\/wp-json\/wp\/v2\/posts"}],"about":[{"href":"https:\/\/preprod.olympic.ca\/olympique\/wp-json\/wp\/v2\/types\/post"}],"author":[{"embeddable":true,"href":"https:\/\/preprod.olympic.ca\/olympique\/wp-json\/wp\/v2\/users\/10774097"}],"replies":[{"embeddable":true,"href":"https:\/\/preprod.olympic.ca\/olympique\/wp-json\/wp\/v2\/comments?post=102655"}],"version-history":[{"count":1,"href":"https:\/\/preprod.olympic.ca\/olympique\/wp-json\/wp\/v2\/posts\/102655\/revisions"}],"predecessor-version":[{"id":102658,"href":"https:\/\/preprod.olympic.ca\/olympique\/wp-json\/wp\/v2\/posts\/102655\/revisions\/102658"}],"wp:featuredmedia":[{"embeddable":true,"href":"https:\/\/preprod.olympic.ca\/olympique\/wp-json\/wp\/v2\/media\/102657"}],"wp:attachment":[{"href":"https:\/\/preprod.olympic.ca\/olympique\/wp-json\/wp\/v2\/media?parent=102655"}],"wp:term":[{"taxonomy":"category","embeddable":true,"href":"https:\/\/preprod.olympic.ca\/olympique\/wp-json\/wp\/v2\/categories?post=102655"},{"taxonomy":"post_tag","embeddable":true,"href":"https:\/\/preprod.olympic.ca\/olympique\/wp-json\/wp\/v2\/tags?post=102655"},{"taxonomy":"post_format","embeddable":true,"href":"https:\/\/preprod.olympic.ca\/olympique\/wp-json\/wp\/v2\/post_format?post=102655"},{"taxonomy":"sport","embeddable":true,"href":"https:\/\/preprod.olympic.ca\/olympique\/wp-json\/wp\/v2\/sport?post=102655"},{"taxonomy":"game","embeddable":true,"href":"https:\/\/preprod.olympic.ca\/olympique\/wp-json\/wp\/v2\/game?post=102655"},{"taxonomy":"author","embeddable":true,"href":"https:\/\/preprod.olympic.ca\/olympique\/wp-json\/wp\/v2\/coauthors?post=102655"}],"curies":[{"name":"wp","href":"https:\/\/api.w.org\/{rel}","templated":true}]}}