{"id":10815,"date":"2010-10-06T10:54:54","date_gmt":"2010-10-06T14:54:54","guid":{"rendered":"http:\/\/preprod.olympic.ca\/?p=10815"},"modified":"2013-08-01T01:11:15","modified_gmt":"2013-08-01T01:11:15","slug":"les-equipes-de-bobsleigh-et-skeleton-au-sommet-du-monde-cette-saison","status":"publish","type":"post","link":"https:\/\/preprod.olympic.ca\/olympique\/2010\/10\/06\/les-equipes-de-bobsleigh-et-skeleton-au-sommet-du-monde-cette-saison\/","title":{"rendered":"Les \u00e9quipes de bobsleigh et skeleton au sommet du monde cette saison"},"content":{"rendered":"<p>Les \u00e9quipes de bobsleigh et de skeleton du Canada \u00e9taient au sommet du monde \u00e0 Vancouver lorsqu\u2019elles ont gagn\u00e9 un total de quatre m\u00e9dailles, et elles le seront encore cette saison avec la chanson \u00ab Here on Top of the World \u00bb. <\/p>\n<p>Les m\u00e9daill\u00e9s canadiens des sports de glisse \u00e9taient \u00e0 Toronto, le 5 octobre pour faire une mise \u00e0 jour sur leur prochaine saison et lancer leur chanson-th\u00e8me officielle \u00ab Here on Top of the World \u00bb, interpr\u00e9t\u00e9e par l\u2019artiste gagnante de prix Juneau Melanie Doane. En plus d\u2019\u00eatre l\u2019hymne officiel de l\u2019\u00e9quipe, la chanson comm\u00e9more 20 ans de bobsleigh f\u00e9minin au Canada.<\/p>\n<p>En tant que seule pilote canadienne m\u00e9daill\u00e9e d\u2019or en bobsleigh f\u00e9minin, Kaillie Humphries a parl\u00e9 de la place de la musique dans sa routine avec la freineuse Heather Moyse.<\/p>\n<p> \u00ab Avant une course, notre routine consiste principalement \u00e0  sautiller au poste de d\u00e9part en \u00e9coutant de la musique \u00e0 travers nos casques d\u2019\u00e9coute pour nous calmer, a d\u00e9clar\u00e9 Humphries. \u00ab Aujourd\u2019hui, nous entreprenons notre parcours vers  2014. Nous voulons miser sur notre succ\u00e8s et gagner encore plus de m\u00e9dailles pour le Canada. \u00bb<\/p>\n<p>La saison 2010-2011 commence sur la piste olympique \u00e0 Whistler, mais ces athl\u00e8tes ont d\u00e9j\u00e0 les yeux fix\u00e9s sur Sotchi 2014.<\/p>\n<p>\u00ab Ce sera tout un chemin vers 2014, et nous promettons d\u2019y mettre tout notre c\u0153ur \u00bb, a ajout\u00e9  Humphries.<\/p>\n<p>\u00c9tant donn\u00e9 que c\u2019est la premi\u00e8re ann\u00e9e d\u2019un cycle olympique, les athl\u00e8tes ne se pr\u00e9parent pas pour cette saison comme ils le font durant une ann\u00e9e olympique.<\/p>\n<p> \u00ab J\u2019ai pris un plus long cong\u00e9. J\u2019ai commenc\u00e9 mon entra\u00eenement plus tard, a comment\u00e9 le freineur David Bissett. On a plus d\u2019obligations qu\u2019on n\u2019avait peut-\u00eatre pas eu le temps de remplir l\u2019ann\u00e9e derni\u00e8re. \u00bb<\/p>\n<p>Shelley Ann Brown, freineuse m\u00e9daill\u00e9e d\u2019argent, a vu tout son programme chambouler par rapport \u00e0 l\u2019ann\u00e9e pass\u00e9e.<\/p>\n<p> \u00ab Je suis ici \u00e0 Toronto, au lieu d\u2019\u00eatre \u00e0 Calgary.  J\u2019ai un nouvel entra\u00eeneur, alors j\u2019ai un nouveau programme d\u2019entra\u00eenement, donc tout est un peu diff\u00e9rent, a-t-elle comment\u00e9. En quelque sorte, je suis heureuse de cette situation, car cela apporte de la nouveaut\u00e9! \u00bb <\/p>\n<p>La m\u00e9daill\u00e9e de bronze olympique de 2006 en skeleton, Mellisa Hollingsworth, doit faire certaines mises au point apr\u00e8s sa quatri\u00e8me place \u00e0 Vancouver, et c\u2019est ce qui la motive pour la saison 2010-2011. <\/p>\n<p> \u00ab Il y a quatre ans, apr\u00e8s avoir r\u00e9alis\u00e9 mon r\u00eave de remporter un podium olympique, j\u2019\u00e9tais r\u00e9ellement fatigu\u00e9e et \u00e9puis\u00e9e, aussi je n\u2019avais pas beaucoup de motivation pour la prochaine saison, raconte-t-elle. Cette ann\u00e9e, je n\u2019ai pas atteint mon objectif, je suis pleine d\u2019\u00e9nergie, et les choses se sont tr\u00e8s bien pass\u00e9es cet \u00e9t\u00e9 \u00e0 l\u2019entra\u00eenement. J\u2019ai eu quelques revers r\u00e9cemment, et je suis impatiente de voir comment cela a contribu\u00e9 \u00e0 ma pr\u00e9paration mentale pour  2014. \u00bb <\/p>\n<p>Apr\u00e8s avoir fait vibrer le Centre des sports de glisse de Whistler en f\u00e9vrier dernier, une autre saison couronn\u00e9e de succ\u00e8s attend le Canada, et ainsi, les \u00e9quipes de bobsleigh et de skeleton sonneront comme une musique aux oreilles des Canadiens.<\/p>\n","protected":false},"excerpt":{"rendered":"<p>Les \u00e9quipes de bobsleigh et de skeleton du Canada \u00e9taient au sommet du monde \u00e0 Vancouver lorsqu\u2019elles ont gagn\u00e9 un&#8230;<\/p>\n","protected":false},"author":47562643,"featured_media":10813,"comment_status":"open","ping_status":"open","sticky":false,"template":"","format":"standard","meta":{"_acf_changed":false,"_jetpack_memberships_contains_paid_content":false,"footnotes":""},"categories":[70121],"tags":[],"post_format":"standard","sport":[],"game":[],"coauthors":[186127234],"class_list":["post-10815","post","type-post","status-publish","format-standard","has-post-thumbnail","hentry","category-equipe"],"acf":[],"yoast_head":"<!-- This site is optimized with the Yoast SEO plugin v27.3 - https:\/\/yoast.com\/product\/yoast-seo-wordpress\/ -->\n<title>Les \u00e9quipes de bobsleigh et skeleton au sommet du monde cette saison - \u00c9quipe Canada | Site officiel de l&#039;\u00e9quipe olympique<\/title>\n<meta name=\"robots\" content=\"index, follow, max-snippet:-1, max-image-preview:large, max-video-preview:-1\" \/>\n<link rel=\"canonical\" href=\"https:\/\/preprod.olympic.ca\/olympique\/2010\/10\/06\/les-equipes-de-bobsleigh-et-skeleton-au-sommet-du-monde-cette-saison\/\" \/>\n<meta property=\"og:locale\" content=\"fr_FR\" \/>\n<meta property=\"og:type\" content=\"article\" \/>\n<meta property=\"og:title\" content=\"Les \u00e9quipes de bobsleigh et skeleton au sommet du monde cette saison - \u00c9quipe Canada | Site officiel de l&#039;\u00e9quipe olympique\" \/>\n<meta property=\"og:description\" content=\"Les \u00e9quipes de bobsleigh et de skeleton du Canada \u00e9taient au sommet du monde \u00e0 Vancouver lorsqu\u2019elles ont gagn\u00e9 un...\" \/>\n<meta property=\"og:url\" content=\"https:\/\/preprod.olympic.ca\/olympique\/2010\/10\/06\/les-equipes-de-bobsleigh-et-skeleton-au-sommet-du-monde-cette-saison\/\" \/>\n<meta property=\"og:site_name\" content=\"\u00c9quipe Canada | Site officiel de l&#039;\u00e9quipe olympique\" \/>\n<meta property=\"article:published_time\" content=\"2010-10-06T14:54:54+00:00\" \/>\n<meta property=\"article:modified_time\" content=\"2013-08-01T01:11:15+00:00\" \/>\n<meta property=\"og:image\" content=\"https:\/\/preprod.olympic.ca\/olympique\/wp-content\/uploads\/sites\/2\/2011\/09\/821410415.jpg?quality=100\" \/>\n\t<meta property=\"og:image:width\" content=\"3888\" \/>\n\t<meta property=\"og:image:height\" content=\"2592\" \/>\n\t<meta property=\"og:image:type\" content=\"image\/jpeg\" \/>\n<meta name=\"author\" content=\"Comit\u00e9 olympique canadien\" \/>\n<meta name=\"twitter:card\" content=\"summary_large_image\" \/>\n<meta name=\"twitter:label1\" content=\"Written by\" \/>\n\t<meta name=\"twitter:data1\" content=\"Comit\u00e9 olympique canadien\" \/>\n\t<meta name=\"twitter:label2\" content=\"Est. reading time\" \/>\n\t<meta name=\"twitter:data2\" content=\"3 minutes\" \/>\n<script type=\"application\/ld+json\" class=\"yoast-schema-graph\">{\"@context\":\"https:\\\/\\\/schema.org\",\"@graph\":[{\"@type\":\"Article\",\"@id\":\"https:\\\/\\\/preprod.olympic.ca\\\/olympique\\\/2010\\\/10\\\/06\\\/les-equipes-de-bobsleigh-et-skeleton-au-sommet-du-monde-cette-saison\\\/#article\",\"isPartOf\":{\"@id\":\"https:\\\/\\\/preprod.olympic.ca\\\/olympique\\\/2010\\\/10\\\/06\\\/les-equipes-de-bobsleigh-et-skeleton-au-sommet-du-monde-cette-saison\\\/\"},\"author\":{\"name\":\"cdnolympicteam\",\"@id\":\"https:\\\/\\\/preprod.olympic.ca\\\/olympique\\\/#\\\/schema\\\/person\\\/08d84fd062bf1b56ffb3808cb69aee9c\"},\"headline\":\"Les \u00e9quipes de bobsleigh et skeleton au sommet du monde cette saison\",\"datePublished\":\"2010-10-06T14:54:54+00:00\",\"dateModified\":\"2013-08-01T01:11:15+00:00\",\"mainEntityOfPage\":{\"@id\":\"https:\\\/\\\/preprod.olympic.ca\\\/olympique\\\/2010\\\/10\\\/06\\\/les-equipes-de-bobsleigh-et-skeleton-au-sommet-du-monde-cette-saison\\\/\"},\"wordCount\":568,\"commentCount\":0,\"image\":{\"@id\":\"https:\\\/\\\/preprod.olympic.ca\\\/olympique\\\/2010\\\/10\\\/06\\\/les-equipes-de-bobsleigh-et-skeleton-au-sommet-du-monde-cette-saison\\\/#primaryimage\"},\"thumbnailUrl\":\"https:\\\/\\\/preprod.olympic.ca\\\/olympique\\\/wp-content\\\/uploads\\\/sites\\\/2\\\/2011\\\/09\\\/821410415.jpg?quality=100\",\"articleSection\":[\"Nouvelles de l'equipe\"],\"inLanguage\":\"fr-FR\",\"potentialAction\":[{\"@type\":\"CommentAction\",\"name\":\"Comment\",\"target\":[\"https:\\\/\\\/preprod.olympic.ca\\\/olympique\\\/2010\\\/10\\\/06\\\/les-equipes-de-bobsleigh-et-skeleton-au-sommet-du-monde-cette-saison\\\/#respond\"]}]},{\"@type\":\"WebPage\",\"@id\":\"https:\\\/\\\/preprod.olympic.ca\\\/olympique\\\/2010\\\/10\\\/06\\\/les-equipes-de-bobsleigh-et-skeleton-au-sommet-du-monde-cette-saison\\\/\",\"url\":\"https:\\\/\\\/preprod.olympic.ca\\\/olympique\\\/2010\\\/10\\\/06\\\/les-equipes-de-bobsleigh-et-skeleton-au-sommet-du-monde-cette-saison\\\/\",\"name\":\"Les \u00e9quipes de bobsleigh et skeleton au sommet du monde cette saison - \u00c9quipe Canada | Site officiel de l&#039;\u00e9quipe olympique\",\"isPartOf\":{\"@id\":\"https:\\\/\\\/preprod.olympic.ca\\\/olympique\\\/#website\"},\"primaryImageOfPage\":{\"@id\":\"https:\\\/\\\/preprod.olympic.ca\\\/olympique\\\/2010\\\/10\\\/06\\\/les-equipes-de-bobsleigh-et-skeleton-au-sommet-du-monde-cette-saison\\\/#primaryimage\"},\"image\":{\"@id\":\"https:\\\/\\\/preprod.olympic.ca\\\/olympique\\\/2010\\\/10\\\/06\\\/les-equipes-de-bobsleigh-et-skeleton-au-sommet-du-monde-cette-saison\\\/#primaryimage\"},\"thumbnailUrl\":\"https:\\\/\\\/preprod.olympic.ca\\\/olympique\\\/wp-content\\\/uploads\\\/sites\\\/2\\\/2011\\\/09\\\/821410415.jpg?quality=100\",\"datePublished\":\"2010-10-06T14:54:54+00:00\",\"dateModified\":\"2013-08-01T01:11:15+00:00\",\"author\":{\"@id\":\"https:\\\/\\\/preprod.olympic.ca\\\/olympique\\\/#\\\/schema\\\/person\\\/08d84fd062bf1b56ffb3808cb69aee9c\"},\"inLanguage\":\"fr-FR\",\"potentialAction\":[{\"@type\":\"ReadAction\",\"target\":[\"https:\\\/\\\/preprod.olympic.ca\\\/olympique\\\/2010\\\/10\\\/06\\\/les-equipes-de-bobsleigh-et-skeleton-au-sommet-du-monde-cette-saison\\\/\"]}]},{\"@type\":\"ImageObject\",\"inLanguage\":\"fr-FR\",\"@id\":\"https:\\\/\\\/preprod.olympic.ca\\\/olympique\\\/2010\\\/10\\\/06\\\/les-equipes-de-bobsleigh-et-skeleton-au-sommet-du-monde-cette-saison\\\/#primaryimage\",\"url\":\"https:\\\/\\\/preprod.olympic.ca\\\/olympique\\\/wp-content\\\/uploads\\\/sites\\\/2\\\/2011\\\/09\\\/821410415.jpg?quality=100\",\"contentUrl\":\"https:\\\/\\\/preprod.olympic.ca\\\/olympique\\\/wp-content\\\/uploads\\\/sites\\\/2\\\/2011\\\/09\\\/821410415.jpg?quality=100\",\"width\":3888,\"height\":2592},{\"@type\":\"WebSite\",\"@id\":\"https:\\\/\\\/preprod.olympic.ca\\\/olympique\\\/#website\",\"url\":\"https:\\\/\\\/preprod.olympic.ca\\\/olympique\\\/\",\"name\":\"\u00c9quipe Canada | Site officiel de l&#039;\u00e9quipe olympique\",\"description\":\"Votre source pour l\u2019\u00c9quipe olympique canadienne. Retrouvez les r\u00e9cits, vid\u00e9os et photos des athl\u00e8tes canadiens, sports olympiques, Jeux olympiques de 2020 et bien plus!\",\"potentialAction\":[{\"@type\":\"SearchAction\",\"target\":{\"@type\":\"EntryPoint\",\"urlTemplate\":\"https:\\\/\\\/preprod.olympic.ca\\\/olympique\\\/?s={search_term_string}\"},\"query-input\":{\"@type\":\"PropertyValueSpecification\",\"valueRequired\":true,\"valueName\":\"search_term_string\"}}],\"inLanguage\":\"fr-FR\"},{\"@type\":\"Person\",\"@id\":\"https:\\\/\\\/preprod.olympic.ca\\\/olympique\\\/#\\\/schema\\\/person\\\/08d84fd062bf1b56ffb3808cb69aee9c\",\"name\":\"cdnolympicteam\",\"image\":{\"@type\":\"ImageObject\",\"inLanguage\":\"fr-FR\",\"@id\":\"https:\\\/\\\/secure.gravatar.com\\\/avatar\\\/5ebf1554473077ab88cd1ec3372750991c09302ef58500182e331751d1f3473b?s=96&d=identicon&r=g7289394c1202ef020fcd9aad965e50f7\",\"url\":\"https:\\\/\\\/secure.gravatar.com\\\/avatar\\\/5ebf1554473077ab88cd1ec3372750991c09302ef58500182e331751d1f3473b?s=96&d=identicon&r=g\",\"contentUrl\":\"https:\\\/\\\/secure.gravatar.com\\\/avatar\\\/5ebf1554473077ab88cd1ec3372750991c09302ef58500182e331751d1f3473b?s=96&d=identicon&r=g\",\"caption\":\"cdnolympicteam\"},\"url\":\"https:\\\/\\\/preprod.olympic.ca\\\/olympique\\\/author\\\/cdnolympicteam\\\/\"}]}<\/script>\n<!-- \/ Yoast SEO plugin. -->","yoast_head_json":{"title":"Les \u00e9quipes de bobsleigh et skeleton au sommet du monde cette saison - \u00c9quipe Canada | Site officiel de l&#039;\u00e9quipe olympique","robots":{"index":"index","follow":"follow","max-snippet":"max-snippet:-1","max-image-preview":"max-image-preview:large","max-video-preview":"max-video-preview:-1"},"canonical":"https:\/\/preprod.olympic.ca\/olympique\/2010\/10\/06\/les-equipes-de-bobsleigh-et-skeleton-au-sommet-du-monde-cette-saison\/","og_locale":"fr_FR","og_type":"article","og_title":"Les \u00e9quipes de bobsleigh et skeleton au sommet du monde cette saison - \u00c9quipe Canada | Site officiel de l&#039;\u00e9quipe olympique","og_description":"Les \u00e9quipes de bobsleigh et de skeleton du Canada \u00e9taient au sommet du monde \u00e0 Vancouver lorsqu\u2019elles ont gagn\u00e9 un...","og_url":"https:\/\/preprod.olympic.ca\/olympique\/2010\/10\/06\/les-equipes-de-bobsleigh-et-skeleton-au-sommet-du-monde-cette-saison\/","og_site_name":"\u00c9quipe Canada | Site officiel de l&#039;\u00e9quipe olympique","article_published_time":"2010-10-06T14:54:54+00:00","article_modified_time":"2013-08-01T01:11:15+00:00","og_image":[{"width":3888,"height":2592,"url":"https:\/\/preprod.olympic.ca\/olympique\/wp-content\/uploads\/sites\/2\/2011\/09\/821410415.jpg?quality=100","type":"image\/jpeg"}],"author":"Comit\u00e9 olympique canadien","twitter_card":"summary_large_image","twitter_misc":{"Written by":"Comit\u00e9 olympique canadien","Est. reading time":"3 minutes"},"schema":{"@context":"https:\/\/schema.org","@graph":[{"@type":"Article","@id":"https:\/\/preprod.olympic.ca\/olympique\/2010\/10\/06\/les-equipes-de-bobsleigh-et-skeleton-au-sommet-du-monde-cette-saison\/#article","isPartOf":{"@id":"https:\/\/preprod.olympic.ca\/olympique\/2010\/10\/06\/les-equipes-de-bobsleigh-et-skeleton-au-sommet-du-monde-cette-saison\/"},"author":{"name":"cdnolympicteam","@id":"https:\/\/preprod.olympic.ca\/olympique\/#\/schema\/person\/08d84fd062bf1b56ffb3808cb69aee9c"},"headline":"Les \u00e9quipes de bobsleigh et skeleton au sommet du monde cette saison","datePublished":"2010-10-06T14:54:54+00:00","dateModified":"2013-08-01T01:11:15+00:00","mainEntityOfPage":{"@id":"https:\/\/preprod.olympic.ca\/olympique\/2010\/10\/06\/les-equipes-de-bobsleigh-et-skeleton-au-sommet-du-monde-cette-saison\/"},"wordCount":568,"commentCount":0,"image":{"@id":"https:\/\/preprod.olympic.ca\/olympique\/2010\/10\/06\/les-equipes-de-bobsleigh-et-skeleton-au-sommet-du-monde-cette-saison\/#primaryimage"},"thumbnailUrl":"https:\/\/preprod.olympic.ca\/olympique\/wp-content\/uploads\/sites\/2\/2011\/09\/821410415.jpg?quality=100","articleSection":["Nouvelles de l'equipe"],"inLanguage":"fr-FR","potentialAction":[{"@type":"CommentAction","name":"Comment","target":["https:\/\/preprod.olympic.ca\/olympique\/2010\/10\/06\/les-equipes-de-bobsleigh-et-skeleton-au-sommet-du-monde-cette-saison\/#respond"]}]},{"@type":"WebPage","@id":"https:\/\/preprod.olympic.ca\/olympique\/2010\/10\/06\/les-equipes-de-bobsleigh-et-skeleton-au-sommet-du-monde-cette-saison\/","url":"https:\/\/preprod.olympic.ca\/olympique\/2010\/10\/06\/les-equipes-de-bobsleigh-et-skeleton-au-sommet-du-monde-cette-saison\/","name":"Les \u00e9quipes de bobsleigh et skeleton au sommet du monde cette saison - \u00c9quipe Canada | Site officiel de l&#039;\u00e9quipe olympique","isPartOf":{"@id":"https:\/\/preprod.olympic.ca\/olympique\/#website"},"primaryImageOfPage":{"@id":"https:\/\/preprod.olympic.ca\/olympique\/2010\/10\/06\/les-equipes-de-bobsleigh-et-skeleton-au-sommet-du-monde-cette-saison\/#primaryimage"},"image":{"@id":"https:\/\/preprod.olympic.ca\/olympique\/2010\/10\/06\/les-equipes-de-bobsleigh-et-skeleton-au-sommet-du-monde-cette-saison\/#primaryimage"},"thumbnailUrl":"https:\/\/preprod.olympic.ca\/olympique\/wp-content\/uploads\/sites\/2\/2011\/09\/821410415.jpg?quality=100","datePublished":"2010-10-06T14:54:54+00:00","dateModified":"2013-08-01T01:11:15+00:00","author":{"@id":"https:\/\/preprod.olympic.ca\/olympique\/#\/schema\/person\/08d84fd062bf1b56ffb3808cb69aee9c"},"inLanguage":"fr-FR","potentialAction":[{"@type":"ReadAction","target":["https:\/\/preprod.olympic.ca\/olympique\/2010\/10\/06\/les-equipes-de-bobsleigh-et-skeleton-au-sommet-du-monde-cette-saison\/"]}]},{"@type":"ImageObject","inLanguage":"fr-FR","@id":"https:\/\/preprod.olympic.ca\/olympique\/2010\/10\/06\/les-equipes-de-bobsleigh-et-skeleton-au-sommet-du-monde-cette-saison\/#primaryimage","url":"https:\/\/preprod.olympic.ca\/olympique\/wp-content\/uploads\/sites\/2\/2011\/09\/821410415.jpg?quality=100","contentUrl":"https:\/\/preprod.olympic.ca\/olympique\/wp-content\/uploads\/sites\/2\/2011\/09\/821410415.jpg?quality=100","width":3888,"height":2592},{"@type":"WebSite","@id":"https:\/\/preprod.olympic.ca\/olympique\/#website","url":"https:\/\/preprod.olympic.ca\/olympique\/","name":"\u00c9quipe Canada | Site officiel de l&#039;\u00e9quipe olympique","description":"Votre source pour l\u2019\u00c9quipe olympique canadienne. Retrouvez les r\u00e9cits, vid\u00e9os et photos des athl\u00e8tes canadiens, sports olympiques, Jeux olympiques de 2020 et bien plus!","potentialAction":[{"@type":"SearchAction","target":{"@type":"EntryPoint","urlTemplate":"https:\/\/preprod.olympic.ca\/olympique\/?s={search_term_string}"},"query-input":{"@type":"PropertyValueSpecification","valueRequired":true,"valueName":"search_term_string"}}],"inLanguage":"fr-FR"},{"@type":"Person","@id":"https:\/\/preprod.olympic.ca\/olympique\/#\/schema\/person\/08d84fd062bf1b56ffb3808cb69aee9c","name":"cdnolympicteam","image":{"@type":"ImageObject","inLanguage":"fr-FR","@id":"https:\/\/secure.gravatar.com\/avatar\/5ebf1554473077ab88cd1ec3372750991c09302ef58500182e331751d1f3473b?s=96&d=identicon&r=g7289394c1202ef020fcd9aad965e50f7","url":"https:\/\/secure.gravatar.com\/avatar\/5ebf1554473077ab88cd1ec3372750991c09302ef58500182e331751d1f3473b?s=96&d=identicon&r=g","contentUrl":"https:\/\/secure.gravatar.com\/avatar\/5ebf1554473077ab88cd1ec3372750991c09302ef58500182e331751d1f3473b?s=96&d=identicon&r=g","caption":"cdnolympicteam"},"url":"https:\/\/preprod.olympic.ca\/olympique\/author\/cdnolympicteam\/"}]}},"jetpack_featured_media_url":"https:\/\/preprod.olympic.ca\/olympique\/wp-content\/uploads\/sites\/2\/2011\/09\/821410415.jpg?quality=100","featured_image_url":"https:\/\/preprod.olympic.ca\/olympique\/wp-content\/uploads\/sites\/2\/2011\/09\/821410415.jpg?quality=100","author_name":["Comit\u00e9 olympique canadien"],"category_names":["Nouvelles de l'equipe"],"tag_names":[],"video_embed_code":"","facebook_video_embed_code":"","jetpack_sharing_enabled":true,"jetpack-related-posts":[],"jetpack_shortlink":"https:\/\/wp.me\/pcGHcP-2Or","_links":{"self":[{"href":"https:\/\/preprod.olympic.ca\/olympique\/wp-json\/wp\/v2\/posts\/10815","targetHints":{"allow":["GET"]}}],"collection":[{"href":"https:\/\/preprod.olympic.ca\/olympique\/wp-json\/wp\/v2\/posts"}],"about":[{"href":"https:\/\/preprod.olympic.ca\/olympique\/wp-json\/wp\/v2\/types\/post"}],"author":[{"embeddable":true,"href":"https:\/\/preprod.olympic.ca\/olympique\/wp-json\/wp\/v2\/users\/47562643"}],"replies":[{"embeddable":true,"href":"https:\/\/preprod.olympic.ca\/olympique\/wp-json\/wp\/v2\/comments?post=10815"}],"version-history":[{"count":1,"href":"https:\/\/preprod.olympic.ca\/olympique\/wp-json\/wp\/v2\/posts\/10815\/revisions"}],"predecessor-version":[{"id":82992,"href":"https:\/\/preprod.olympic.ca\/olympique\/wp-json\/wp\/v2\/posts\/10815\/revisions\/82992"}],"wp:featuredmedia":[{"embeddable":true,"href":"https:\/\/preprod.olympic.ca\/olympique\/wp-json\/wp\/v2\/media\/10813"}],"wp:attachment":[{"href":"https:\/\/preprod.olympic.ca\/olympique\/wp-json\/wp\/v2\/media?parent=10815"}],"wp:term":[{"taxonomy":"category","embeddable":true,"href":"https:\/\/preprod.olympic.ca\/olympique\/wp-json\/wp\/v2\/categories?post=10815"},{"taxonomy":"post_tag","embeddable":true,"href":"https:\/\/preprod.olympic.ca\/olympique\/wp-json\/wp\/v2\/tags?post=10815"},{"taxonomy":"post_format","embeddable":true,"href":"https:\/\/preprod.olympic.ca\/olympique\/wp-json\/wp\/v2\/post_format?post=10815"},{"taxonomy":"sport","embeddable":true,"href":"https:\/\/preprod.olympic.ca\/olympique\/wp-json\/wp\/v2\/sport?post=10815"},{"taxonomy":"game","embeddable":true,"href":"https:\/\/preprod.olympic.ca\/olympique\/wp-json\/wp\/v2\/game?post=10815"},{"taxonomy":"author","embeddable":true,"href":"https:\/\/preprod.olympic.ca\/olympique\/wp-json\/wp\/v2\/coauthors?post=10815"}],"curies":[{"name":"wp","href":"https:\/\/api.w.org\/{rel}","templated":true}]}}