{"id":108629,"date":"2015-07-24T18:07:50","date_gmt":"2015-07-24T22:07:50","guid":{"rendered":"http:\/\/olympique.ca\/?p=108629"},"modified":"2015-09-21T15:02:21","modified_gmt":"2015-09-21T19:02:21","slug":"panam-jour-14-en-direct","status":"publish","type":"post","link":"https:\/\/preprod.olympic.ca\/olympique\/2015\/07\/24\/panam-jour-14-en-direct\/","title":{"rendered":"Panam: r\u00e9sum\u00e9 du jour 14"},"content":{"rendered":"<p style=\"text-align:left;\"><strong><em>Chaque jour, Olympique.ca publiera un r\u00e9sum\u00e9 de la journ\u00e9e pour ne rien manquer des Jeux panam\u00e9ricains de Toronto et des succ\u00e8s d\u2019\u00c9quipe Canada.<\/em><\/strong><\/p>\n<blockquote>\n<p style=\"text-align:center;\">R\u00e9sum\u00e9 TO2015 : jour <a href=\"http:\/\/olympique.ca\/2015\/07\/11\/une-premiere-journee-en-or-pour-le-canada-a-to2015\/\" target=\"_blank\">1<\/a>\u00a0| <a href=\"http:\/\/olympique.ca\/2015\/07\/12\/resume-du-jour-2-le-canada-toujours-premier-avec-24-medailles\/\" target=\"_blank\">2<\/a>\u00a0| <a href=\"http:\/\/olympique.ca\/2015\/07\/13\/panam-jour-3\/\" target=\"_blank\">3<\/a> | <a href=\"http:\/\/olympique.ca\/2015\/07\/14\/panam-jour-4-en-direct\/\" target=\"_blank\">4<\/a> | <a href=\"http:\/\/olympique.ca\/2015\/07\/15\/panam-jour-5-en-direct\/\" target=\"_blank\">5<\/a>\u00a0| <a href=\"http:\/\/olympique.ca\/2015\/07\/16\/panam-resume-du-jour-6\/\" target=\"_blank\">6<\/a>\u00a0| <a href=\"http:\/\/olympique.ca\/2015\/07\/17\/panam-jour-7-en-direct\/\" target=\"_blank\">7<\/a> | <a href=\"http:\/\/olympique.ca\/2015\/07\/18\/panam-resume-du-jour-8-2\/\" target=\"_blank\">8<\/a> | <a href=\"http:\/\/olympique.ca\/2015\/07\/19\/panam-jour-9-en-direct\/\" target=\"_blank\">9<\/a> | <a href=\"http:\/\/olympique.ca\/2015\/07\/20\/panam-jour-10-en-direct\/\" target=\"_blank\">10<\/a> | <a href=\"http:\/\/olympique.ca\/2015\/07\/21\/panam-jour-11-en-direct\/\" target=\"_blank\">11<\/a> | <a href=\"http:\/\/olympique.ca\/2015\/07\/22\/panam-jour-12-en-direct\/\" target=\"_blank\">12<\/a> | <a href=\"http:\/\/olympique.ca\/2015\/07\/23\/panam-jour-13-en-direct\/\" target=\"_blank\">13<\/a><\/p>\n<\/blockquote>\n<h1 style=\"text-align:left;\">Le Canada a r\u00e9colt\u00e9 huit m\u00e9dailles au 14e jour des Jeux panam\u00e9ricains de Toronto.<\/h1>\n<p><img loading=\"lazy\" decoding=\"async\" class=\"alignleft size-full wp-image-108767\" src=\"https:\/\/preprod.olympic.ca\/wp-content\/uploads\/sites\/2\/2015\/07\/medals-day-15-e1437822390335-1.png\" alt=\"medals-day-15-e1437822390335-1\" width=\"1340\" height=\"754\" srcset=\"https:\/\/preprod.olympic.ca\/olympique\/wp-content\/uploads\/sites\/2\/2015\/07\/medals-day-15-e1437822390335-1.png 1340w, https:\/\/preprod.olympic.ca\/olympique\/wp-content\/uploads\/sites\/2\/2015\/07\/medals-day-15-e1437822390335-1.png?resize=280,158 280w, https:\/\/preprod.olympic.ca\/olympique\/wp-content\/uploads\/sites\/2\/2015\/07\/medals-day-15-e1437822390335-1.png?resize=660,371 660w, https:\/\/preprod.olympic.ca\/olympique\/wp-content\/uploads\/sites\/2\/2015\/07\/medals-day-15-e1437822390335-1.png?resize=768,432 768w\" sizes=\"(max-width: 1340px) 100vw, 1340px\" \/><\/p>\n<h2 style=\"text-align:left;\">Athl\u00e9tisme &#8211; 200 m<\/h2>\n<div id=\"attachment_108687\" style=\"width: 923px\" class=\"wp-caption alignnone\"><a href=\"https:\/\/preprod.olympic.ca\/wp-content\/uploads\/sites\/2\/2015\/07\/capture-d_c3a9cran-2015-07-24-c3a0-18-06-55.png\"><img loading=\"lazy\" decoding=\"async\" aria-describedby=\"caption-attachment-108687\" class=\"wp-image-108687 size-full\" src=\"https:\/\/preprod.olympic.ca\/wp-content\/uploads\/sites\/2\/2015\/07\/capture-d_c3a9cran-2015-07-24-c3a0-18-06-55.png\" alt=\"Capture d\u2019\u00e9cran 2015-07-24 \u00e0 18.06.55\" width=\"913\" height=\"685\" srcset=\"https:\/\/preprod.olympic.ca\/olympique\/wp-content\/uploads\/sites\/2\/2015\/07\/capture-d_c3a9cran-2015-07-24-c3a0-18-06-55.png 913w, https:\/\/preprod.olympic.ca\/olympique\/wp-content\/uploads\/sites\/2\/2015\/07\/capture-d_c3a9cran-2015-07-24-c3a0-18-06-55.png?resize=211,158 211w, https:\/\/preprod.olympic.ca\/olympique\/wp-content\/uploads\/sites\/2\/2015\/07\/capture-d_c3a9cran-2015-07-24-c3a0-18-06-55.png?resize=494,371 494w, https:\/\/preprod.olympic.ca\/olympique\/wp-content\/uploads\/sites\/2\/2015\/07\/capture-d_c3a9cran-2015-07-24-c3a0-18-06-55.png?resize=768,576 768w\" sizes=\"(max-width: 913px) 100vw, 913px\" \/><\/a><p id=\"caption-attachment-108687\" class=\"wp-caption-text\">Andre De Grasse remercie la foule apr\u00e8s sa victoire au 200 m des Jeux panam\u00e9ricains de Toronto, le 24 juillet 2015.<\/p><\/div>\n<p><a href=\"http:\/\/olympique.ca\/team-canada\/andre-de-grasse\/\" target=\"_blank\">Andre De Grasse<\/a> frappe encore. La sensation du sprint canadien a litt\u00e9ralement brill\u00e9 au stade d&rsquo;athl\u00e9tisme panam\u00e9ricain en remportant le 200 m apr\u00e8s une remont\u00e9e spectaculaire et une fin de course \u00e0 l&rsquo;arrach\u00e9. Avec un chrono de 19 s 88, De Grasse <a href=\"http:\/\/olympique.ca\/2015\/06\/12\/andre-de-grasse-remporte-le-double-100m200m-de-la-ncaa-avec-des-temps-renversants\/\" target=\"_blank\">am\u00e9liore son propre record canadien (20 s 03)<\/a>\u00a0et signe un doubl\u00e9 panam\u00e9ricain en or\u00a0<a href=\"http:\/\/olympique.ca\/2015\/07\/22\/panam-le-sprinteur-andre-de-grasse-decore-dor-au-100-metres\/\" target=\"_blank\">apr\u00e8s sa victoire au 100 m<\/a>.<\/p>\n<div class=\"embed-twitter\">\n<blockquote class=\"twitter-tweet\" width=\"550\">\n<p lang=\"en\" dir=\"ltr\">BREAKING: Andre De Grasse wins gold in the 200m, breaks his own Canadian record with a 19.88 <a href=\"https:\/\/twitter.com\/hashtag\/CBCPanAm?src=hash\">#CBCPanAm<\/a> <a href=\"http:\/\/t.co\/0jRZbQqvhO\">http:\/\/t.co\/0jRZbQqvhO<\/a><\/p>\n<p>&mdash; CBC Sports (@cbcsports) <a href=\"https:\/\/twitter.com\/cbcsports\/status\/624700119917576192\">July 24, 2015<\/a><\/p><\/blockquote>\n<p><script async src=\"\/\/platform.twitter.com\/widgets.js\" charset=\"utf-8\"><\/script><\/div>\n<p>Le sprinteur de 20 ans avait enregistr\u00e9 un temps de 20 s 12 lors de la demi-finale. Il avait promis qu&rsquo;il serait de retour, vendredi, pour gagner l&rsquo;or et c&rsquo;est maintenant chose faite. Le Jama\u00efcain Rasheed Dwyer, d\u00e9tenteur du record panam\u00e9ricain depuis jeudi (19 s 80), et l&rsquo;olympien Alonso Edward du Panama, compl\u00e8tent le podium.<\/p>\n<div id=\"attachment_108710\" style=\"width: 3210px\" class=\"wp-caption alignnone\"><a href=\"https:\/\/preprod.olympic.ca\/wp-content\/uploads\/sites\/2\/2015\/07\/09102730.jpg?quality=100\"><img loading=\"lazy\" decoding=\"async\" aria-describedby=\"caption-attachment-108710\" class=\"wp-image-108710 size-full\" src=\"https:\/\/preprod.olympic.ca\/wp-content\/uploads\/sites\/2\/2015\/07\/09102730.jpg?quality=100\" alt=\"\" width=\"3200\" height=\"2128\" srcset=\"https:\/\/preprod.olympic.ca\/olympique\/wp-content\/uploads\/sites\/2\/2015\/07\/09102730.jpg 3200w, https:\/\/preprod.olympic.ca\/olympique\/wp-content\/uploads\/sites\/2\/2015\/07\/09102730.jpg?resize=238,158 238w, https:\/\/preprod.olympic.ca\/olympique\/wp-content\/uploads\/sites\/2\/2015\/07\/09102730.jpg?resize=558,371 558w, https:\/\/preprod.olympic.ca\/olympique\/wp-content\/uploads\/sites\/2\/2015\/07\/09102730.jpg?resize=768,511 768w, https:\/\/preprod.olympic.ca\/olympique\/wp-content\/uploads\/sites\/2\/2015\/07\/09102730.jpg?resize=1134,754 1134w, https:\/\/preprod.olympic.ca\/olympique\/wp-content\/uploads\/sites\/2\/2015\/07\/09102730.jpg?resize=1536,1021 1536w, https:\/\/preprod.olympic.ca\/olympique\/wp-content\/uploads\/sites\/2\/2015\/07\/09102730.jpg?resize=2048,1362 2048w\" sizes=\"(max-width: 3200px) 100vw, 3200px\" \/><\/a><p id=\"caption-attachment-108710\" class=\"wp-caption-text\">Andre De Grasse (\u00e0 gauche) passe le fil d&rsquo;arriv\u00e9e au 200 m chez les hommes, le 24 juillet 2015.<\/p><\/div>\n<p>Chez les femmes, la Qu\u00e9b\u00e9coise\u00a0<a href=\"http:\/\/olympique.ca\/team-canada\/kimberly-hyacinthe\/\">Kimberly Hyacinthe<\/a>\u00a0a termin\u00e9 sixi\u00e8me en finale du 200 m. La sprinteuse de 26 ans a enregistr\u00e9 un temps de 23 s 28, un chrono plus lent qu&rsquo;en demi-finale o\u00f9 elle avait couru 22 s 81.<\/p>\n<h2>Athl\u00e9tisme &#8211; 1500 m<\/h2>\n<div id=\"attachment_108702\" style=\"width: 4490px\" class=\"wp-caption alignnone\"><a href=\"https:\/\/preprod.olympic.ca\/wp-content\/uploads\/sites\/2\/2015\/07\/09102722.jpg?quality=100\"><img loading=\"lazy\" decoding=\"async\" aria-describedby=\"caption-attachment-108702\" class=\"wp-image-108702 size-full\" src=\"https:\/\/preprod.olympic.ca\/wp-content\/uploads\/sites\/2\/2015\/07\/09102722.jpg?quality=100\" alt=\"Le m\u00e9daill\u00e9 de bronze Charles Philibert-Thiboutot, gauche, et le m\u00e9daill\u00e9 d'argent Nathan Brannen tout sourire apr\u00e8s leur doubl\u00e9 au 1500 m, le 24 juillet 2015. \" width=\"4480\" height=\"2984\" srcset=\"https:\/\/preprod.olympic.ca\/olympique\/wp-content\/uploads\/sites\/2\/2015\/07\/09102722.jpg 4480w, https:\/\/preprod.olympic.ca\/olympique\/wp-content\/uploads\/sites\/2\/2015\/07\/09102722.jpg?resize=237,158 237w, https:\/\/preprod.olympic.ca\/olympique\/wp-content\/uploads\/sites\/2\/2015\/07\/09102722.jpg?resize=557,371 557w, https:\/\/preprod.olympic.ca\/olympique\/wp-content\/uploads\/sites\/2\/2015\/07\/09102722.jpg?resize=768,512 768w, https:\/\/preprod.olympic.ca\/olympique\/wp-content\/uploads\/sites\/2\/2015\/07\/09102722.jpg?resize=1132,754 1132w, https:\/\/preprod.olympic.ca\/olympique\/wp-content\/uploads\/sites\/2\/2015\/07\/09102722.jpg?resize=1536,1023 1536w, https:\/\/preprod.olympic.ca\/olympique\/wp-content\/uploads\/sites\/2\/2015\/07\/09102722.jpg?resize=2048,1364 2048w\" sizes=\"(max-width: 4480px) 100vw, 4480px\" \/><\/a><p id=\"caption-attachment-108702\" class=\"wp-caption-text\">Le m\u00e9daill\u00e9 de bronze Charles Philibert-Thiboutot, \u00e0 gauche, et le m\u00e9daill\u00e9 d&rsquo;argent Nathan Brannen, \u00e0 droite, tout sourire apr\u00e8s leur doubl\u00e9 au 1500 m, le 24 juillet 2015.<\/p><\/div>\n<p>Quelques minutes apr\u00e8s le triomphe de De Grasse, le double olympien\u00a0<a href=\"http:\/\/olympique.ca\/team-canada\/nathan-brannen\/\" target=\"_blank\">Nathan Brannen<\/a>\u00a0et le Qu\u00e9b\u00e9cois <a href=\"http:\/\/olympique.ca\/team-canada\/charles-philibert-thiboutot\/\" target=\"_blank\">Charles Philibert-Thiboutot<\/a>\u00a0ont brill\u00e9 \u00e0 leur tour en signant un doubl\u00e9 au 1500 m chez les hommes.<\/p>\n<p>Les deux athl\u00e8tes ont tout donn\u00e9 en fin de course pour s&rsquo;envoler vers le fil d&rsquo;arriv\u00e9e. Ce dernier effort leur a permis de monter respectivement sur les deuxi\u00e8me et troisi\u00e8me marches du podium gr\u00e2ce \u00e0 des chronos de 3 min 41 s 66 et de 3 min 41 s 79. L&rsquo;olympien am\u00e9ricain Andrew Wheating a devanc\u00e9 les Canadiens de quelques dixi\u00e8mes de secondes pour remporter la course.<\/p>\n<div class=\"embed-twitter\">\n<blockquote class=\"twitter-tweet\" width=\"550\">\n<p lang=\"en\" dir=\"ltr\">BREAKING: Canadians Nathan Brannen and Charles Philibert-Thiboutot win silver and bronze in men&#39;s 1500m <a href=\"https:\/\/twitter.com\/hashtag\/CBCPanAm?src=hash\">#CBCPanAm<\/a> <a href=\"http:\/\/t.co\/ENH3Ct7ubK\">http:\/\/t.co\/ENH3Ct7ubK<\/a><\/p>\n<p>&mdash; CBC Sports (@cbcsports) <a href=\"https:\/\/twitter.com\/cbcsports\/status\/624703549713154049\">July 24, 2015<\/a><\/p><\/blockquote>\n<p><script async src=\"\/\/platform.twitter.com\/widgets.js\" charset=\"utf-8\"><\/script><\/div>\n<p>\u00ab Le niveau qu\u2019il y avait ce soir, c\u2019est le niveau qu\u2019on trouvait dans les premi\u00e8res rondes des Championnats du monde. Je pense qu\u2019aujourd\u2019hui, j\u2019ai prouv\u00e9 que j\u2019avais ce qu\u2019il fallait, pas seulement pour me pr\u00e9senter et prendre le d\u00e9part, mais y aller et \u00eatre comp\u00e9titif \u00bb, a confi\u00e9\u00a0Philibert-Thiboutot, membre du Rouge et Or de l&rsquo;Universit\u00e9 Laval.<\/p>\n<h2>Athl\u00e9tisme &#8211; Saut en longueur &#8211; Femmes<\/h2>\n<div id=\"attachment_108729\" style=\"width: 1370px\" class=\"wp-caption alignnone\"><a href=\"https:\/\/preprod.olympic.ca\/wp-content\/uploads\/sites\/2\/2015\/07\/09102997.jpg?quality=100\"><img loading=\"lazy\" decoding=\"async\" aria-describedby=\"caption-attachment-108729\" class=\"wp-image-108729 size-full\" src=\"https:\/\/preprod.olympic.ca\/wp-content\/uploads\/sites\/2\/2015\/07\/09102997.jpg?quality=100\" alt=\"\" width=\"1360\" height=\"1020\" srcset=\"https:\/\/preprod.olympic.ca\/olympique\/wp-content\/uploads\/sites\/2\/2015\/07\/09102997.jpg 3200w, https:\/\/preprod.olympic.ca\/olympique\/wp-content\/uploads\/sites\/2\/2015\/07\/09102997.jpg?resize=211,158 211w, https:\/\/preprod.olympic.ca\/olympique\/wp-content\/uploads\/sites\/2\/2015\/07\/09102997.jpg?resize=495,371 495w, https:\/\/preprod.olympic.ca\/olympique\/wp-content\/uploads\/sites\/2\/2015\/07\/09102997.jpg?resize=768,576 768w, https:\/\/preprod.olympic.ca\/olympique\/wp-content\/uploads\/sites\/2\/2015\/07\/09102997.jpg?resize=1005,754 1005w, https:\/\/preprod.olympic.ca\/olympique\/wp-content\/uploads\/sites\/2\/2015\/07\/09102997.jpg?resize=1536,1152 1536w, https:\/\/preprod.olympic.ca\/olympique\/wp-content\/uploads\/sites\/2\/2015\/07\/09102997.jpg?resize=2048,1536 2048w\" sizes=\"(max-width: 1360px) 100vw, 1360px\" \/><\/a><p id=\"caption-attachment-108729\" class=\"wp-caption-text\">Christabel Nettey en finale du saut en longueur aux Jeux panam\u00e9ricains de Toronto, le 24 juillet 2015.<\/p><\/div>\n<p>Class\u00e9e deuxi\u00e8me mondiale selon le palmar\u00e8s de l&rsquo;IAAF,\u00a0<a href=\"http:\/\/olympique.ca\/team-canada\/christabel-nettey\/\" target=\"_blank\">Christabel Nettey<\/a> a domin\u00e9 du d\u00e9but \u00e0 la fin la finale du saut en longueur. Gr\u00e2ce \u00e0 cette performance sans faille, la Canadienne est mont\u00e9e sur la plus haute marche du podium avec un saut de 6,90 m\u00e8tres. Elle devance ainsi l&rsquo;olympienne Bianca Stuart des Bahamas (6,69 m) et l&rsquo;Am\u00e9ricaine Sha&rsquo;Keela Saunders (6,66 m).<\/p>\n<p>La deuxi\u00e8me canadienne en lice, l&rsquo;olympienne Brianne Theisen-Eaton, est pass\u00e9e \u00e0 un cheveu du podium. La <a href=\"http:\/\/olympique.ca\/2015\/05\/31\/theisen-eaton-decroche-un-deuxieme-titre-au-hypo-meeting\/\" target=\"_blank\">championne d&rsquo;heptathlon<\/a> a termin\u00e9 quatri\u00e8me avec un saut de 6,64 m\u00e8tres. L&rsquo;athl\u00e8te de 26 ans occupait le deuxi\u00e8me rang apr\u00e8s ses trois premi\u00e8res tentatives.<\/p>\n<h2>Athl\u00e9tisme &#8211; 3000 m steeple &#8211; Femmes<\/h2>\n<div id=\"attachment_108714\" style=\"width: 1370px\" class=\"wp-caption alignnone\"><a href=\"https:\/\/preprod.olympic.ca\/wp-content\/uploads\/sites\/2\/2015\/07\/09102801.jpg?quality=100\"><img loading=\"lazy\" decoding=\"async\" aria-describedby=\"caption-attachment-108714\" class=\"size-full wp-image-108714\" src=\"https:\/\/preprod.olympic.ca\/wp-content\/uploads\/sites\/2\/2015\/07\/09102801.jpg?quality=100\" alt=\"Lalonde (au premier plan) surmonte un obstacle au 3000 m steeple chez les femmes, le 24 juillet 2015.\" width=\"1360\" height=\"907\" srcset=\"https:\/\/preprod.olympic.ca\/olympique\/wp-content\/uploads\/sites\/2\/2015\/07\/09102801.jpg 5184w, https:\/\/preprod.olympic.ca\/olympique\/wp-content\/uploads\/sites\/2\/2015\/07\/09102801.jpg?resize=237,158 237w, https:\/\/preprod.olympic.ca\/olympique\/wp-content\/uploads\/sites\/2\/2015\/07\/09102801.jpg?resize=557,371 557w, https:\/\/preprod.olympic.ca\/olympique\/wp-content\/uploads\/sites\/2\/2015\/07\/09102801.jpg?resize=768,512 768w, https:\/\/preprod.olympic.ca\/olympique\/wp-content\/uploads\/sites\/2\/2015\/07\/09102801.jpg?resize=1131,754 1131w, https:\/\/preprod.olympic.ca\/olympique\/wp-content\/uploads\/sites\/2\/2015\/07\/09102801.jpg?resize=1536,1024 1536w, https:\/\/preprod.olympic.ca\/olympique\/wp-content\/uploads\/sites\/2\/2015\/07\/09102801.jpg?resize=2048,1365 2048w\" sizes=\"(max-width: 1360px) 100vw, 1360px\" \/><\/a><p id=\"caption-attachment-108714\" class=\"wp-caption-text\">Lalonde (au premier plan) surmonte un obstacle au 3000 m steeple chez les femmes, le 24 juillet 2015.<\/p><\/div>\n<p>Il s&rsquo;en est fallu de peu pour un deuxi\u00e8me doubl\u00e9 canadien, vendredi soir, alors que deux Canadiennes se sont class\u00e9es parmi le top 4 au 3000 m steeple chez les femmes. <a href=\"http:\/\/olympique.ca\/team-canada\/genevieve-lalonde\/\" target=\"_blank\">Genevi\u00e8ve Lalonde<\/a>\u00a0du Nouveau-Brunswick\u00a0s&rsquo;est empar\u00e9e de la m\u00e9daille de bronze alors que sa co\u00e9quipi\u00e8re <a href=\"http:\/\/olympique.ca\/team-canada\/erin-teschuk\/\" target=\"_blank\">Erin Teschuk<\/a>\u00a0a termin\u00e9 au pied du podium.<\/p>\n<p>\u00c2g\u00e9e de seulement 19 ans, Lalonde a inscrit un chrono de 9 minutes 53 s 03 pour terminer derri\u00e8re les Am\u00e9ricaines Shalaya Kipp et Ashley Higginson qui a \u00e9tabli au passage un record panam\u00e9ricain.<\/p>\n<h2>Boxe &#8211; Hommes<\/h2>\n<p><strong>LIRE |\u00a0<\/strong><a href=\"http:\/\/olympique.ca\/2015\/07\/25\/chechen-wolf-le-loup-tchetchene-remporte-la-premiere-medaille-dor-du-canada-en-boxe-a-to2015\/\" target=\"_blank\">\u00ab\u00a0Chechen Wolf\u00a0\u00bb (le loup tch\u00e9tch\u00e8ne) remporte la premi\u00e8re m\u00e9daille d\u2019or du Canada en boxe \u00e0 TO2015<\/a><\/p>\n<div id=\"attachment_108722\" style=\"width: 1038px\" class=\"wp-caption alignnone\"><a href=\"https:\/\/preprod.olympic.ca\/wp-content\/uploads\/sites\/2\/2015\/07\/capture-d_c3a9cran-2015-07-24-c3a0-20-30-21.png\"><img loading=\"lazy\" decoding=\"async\" aria-describedby=\"caption-attachment-108722\" class=\"wp-image-108722 size-full\" src=\"https:\/\/preprod.olympic.ca\/wp-content\/uploads\/sites\/2\/2015\/07\/capture-d_c3a9cran-2015-07-24-c3a0-20-30-21.png\" alt=\"\" width=\"1028\" height=\"598\" srcset=\"https:\/\/preprod.olympic.ca\/olympique\/wp-content\/uploads\/sites\/2\/2015\/07\/capture-d_c3a9cran-2015-07-24-c3a0-20-30-21.png 1028w, https:\/\/preprod.olympic.ca\/olympique\/wp-content\/uploads\/sites\/2\/2015\/07\/capture-d_c3a9cran-2015-07-24-c3a0-20-30-21.png?resize=272,158 272w, https:\/\/preprod.olympic.ca\/olympique\/wp-content\/uploads\/sites\/2\/2015\/07\/capture-d_c3a9cran-2015-07-24-c3a0-20-30-21.png?resize=638,371 638w, https:\/\/preprod.olympic.ca\/olympique\/wp-content\/uploads\/sites\/2\/2015\/07\/capture-d_c3a9cran-2015-07-24-c3a0-20-30-21.png?resize=768,447 768w\" sizes=\"(max-width: 1028px) 100vw, 1028px\" \/><\/a><p id=\"caption-attachment-108722\" class=\"wp-caption-text\">Arthur Biyarslanov (\u00e0 droite) c\u00e9l\u00e8bre sa victoire chez les poids super-l\u00e9gers (64 kg) aux Jeux panam\u00e9ricains de Toronto, le 24 juillet 2015.<\/p><\/div>\n<p>\u00c2g\u00e9 de seulement 20 ans, le Torontois\u00a0<a href=\"http:\/\/olympique.ca\/team-canada\/arthur-biyarslanov\/\" target=\"_blank\">Arthur Biyarslanov<\/a>\u00a0s&rsquo;est couvert d&rsquo;or chez les poids super-l\u00e9gers (64\u00a0kg) devant une foule partisane. Le boxeur canadien a d\u00e9fait en finale le m\u00e9daill\u00e9 olympique et champion panam\u00e9ricain en titre chez les moins de 60 kg, le Cubain Yasnier Toledo.<\/p>\n<p>Les combats se poursuivent jusqu&rsquo;au 25 juillet au\u00a0<span class=\"listing-label\"><a href=\"http:\/\/www.toronto2015.org\/fr\/site\/oshawa-sports-centre\">Oshawa Sports Centre<\/a>.<\/span>\u00a0Le Canada est pr\u00e9sentement deuxi\u00e8me au tableau des m\u00e9dailles, mais la r\u00e9colte n&rsquo;est pas termin\u00e9e alors que deux Canadiennes sont en finale, samedi soir.<\/p>\n<blockquote>\n<p style=\"text-align:center;\"><strong><strong><a href=\"http:\/\/www.ticketmaster.ca\/toronto2015\/panam\/?ac_link=TO2015_landing_ballot&amp;camefrom=CFC_TORONTO2015_BuyPanAmTickets\">Billets pour TO2015<\/a><\/strong>\u00a0| <a href=\"http:\/\/olympique.ca\/2015\/06\/20\/guide-des-sites-pour-les-jeux-panamericains-de-toronto-2015\/\" target=\"_blank\">Guide des sites <\/a> |\u00a0<strong><a href=\"http:\/\/olympique.ca\/equipe-canada-aux-jeux-panamericains-to2015\/\" target=\"_blank\">Liste des athl\u00e8tes<\/a><\/strong><\/strong><\/p>\n<\/blockquote>\n<h2>Karat\u00e9 &#8211; Hommes<\/h2>\n<p>Le Qu\u00e9b\u00e9cois Patrice Boily-Martineau a remport\u00e9 la m\u00e9daille de bronze chez les 75 kg apr\u00e8s s&rsquo;\u00eatre inclin\u00e9 en demi-finale contre l&rsquo;Am\u00e9ricain Thomas Scott, m\u00e9daill\u00e9 d\u2019argent des derniers Jeux panam\u00e9ricains. Le karat\u00e9ka de Sainte-Julie permet \u00e0 l&rsquo;\u00e9quipe canadienne de karat\u00e9 de remporter sa troisi\u00e8me m\u00e9daille des Jeux pour se placer provisoirement au troisi\u00e8me rang du tableau des m\u00e9dailles.<\/p>\n<p>Les combats se poursuivent jusqu&rsquo;\u00e0 samedi au\u00a0<span class=\"listing-label\"><a href=\"http:\/\/olympique.ca\/2015\/05\/14\/guide-des-sites-le-centre-sportif-de-mississauga-accueillera-les-epreuves-de-judo-et-bien-plus\/\" target=\"_blank\">Centre sportif de Mississauga<\/a>.<\/span><\/p>\n<h2>Hockey sur gazon &#8211; Femmes<\/h2>\n<div id=\"attachment_108713\" style=\"width: 1370px\" class=\"wp-caption alignnone\"><a href=\"https:\/\/preprod.olympic.ca\/wp-content\/uploads\/sites\/2\/2015\/07\/09102793.jpg?quality=100\"><img loading=\"lazy\" decoding=\"async\" aria-describedby=\"caption-attachment-108713\" class=\"wp-image-108713 size-full\" src=\"https:\/\/preprod.olympic.ca\/wp-content\/uploads\/sites\/2\/2015\/07\/09102793.jpg?quality=100\" alt=\"\" width=\"1360\" height=\"953\" srcset=\"https:\/\/preprod.olympic.ca\/olympique\/wp-content\/uploads\/sites\/2\/2015\/07\/09102793.jpg 5804w, https:\/\/preprod.olympic.ca\/olympique\/wp-content\/uploads\/sites\/2\/2015\/07\/09102793.jpg?resize=225,158 225w, https:\/\/preprod.olympic.ca\/olympique\/wp-content\/uploads\/sites\/2\/2015\/07\/09102793.jpg?resize=529,371 529w, https:\/\/preprod.olympic.ca\/olympique\/wp-content\/uploads\/sites\/2\/2015\/07\/09102793.jpg?resize=768,538 768w, https:\/\/preprod.olympic.ca\/olympique\/wp-content\/uploads\/sites\/2\/2015\/07\/09102793.jpg?resize=1076,754 1076w, https:\/\/preprod.olympic.ca\/olympique\/wp-content\/uploads\/sites\/2\/2015\/07\/09102793.jpg?resize=1536,1077 1536w, https:\/\/preprod.olympic.ca\/olympique\/wp-content\/uploads\/sites\/2\/2015\/07\/09102793.jpg?resize=2048,1436 2048w\" sizes=\"(max-width: 1360px) 100vw, 1360px\" \/><\/a><p id=\"caption-attachment-108713\" class=\"wp-caption-text\">Les membres de l&rsquo;\u00e9quipe f\u00e9minine de hockey sur gazon c\u00e9l\u00e8brent leur m\u00e9daille de bronze aux Jeux panam\u00e9ricains de Toronto, le 24 juillet 2015.<\/p><\/div>\n<p style=\"text-align:left;\">L&rsquo;\u00e9quipe f\u00e9minine de hockey sur gazon a conclu son tournoi en beaut\u00e9. Les Canadiennes ont d\u00e9fait les Chiliennes 1 \u00e0 0 en ronde finale pour s&#8217;emparer de la m\u00e9daille de bronze.<\/p>\n<p style=\"text-align:left;\">Du c\u00f4t\u00e9 des hommes, les Canadiens seront en action, samedi \u00e0 19h30, dans le match pour la m\u00e9daille d&rsquo;or. La formation a <a href=\"http:\/\/olympique.ca\/2015\/07\/24\/panam-lequipe-masculine-de-hockey-sur-gazon-se-qualifie-pour-rio-2016\/\" target=\"_blank\">remport\u00e9, jeudi soir, son billet pour Rio 2016<\/a>.<\/p>\n<h2 style=\"text-align:left;\">Athl\u00e9tisme &#8211; Relais 4 x 100 m<\/h2>\n<p>Les \u00e9quipes f\u00e9minine et masculine du relais 4 x 100 m se sont qualifi\u00e9es pour les finales qui se d\u00e9rouleront samedi \u00e0 19h40 chez les femmes et \u00e0 20h05 chez les hommes.<\/p>\n<p>Les Canadiens ont enregistr\u00e9 leur meilleur temps de la saison en demi-finale alors que la formation f\u00e9minine a termin\u00e9 deuxi\u00e8me de sa vague derri\u00e8re les Jama\u00efcaines.<\/p>\n<h2>Football (soccer) &#8211; Femmes<\/h2>\n<div id=\"attachment_108733\" style=\"width: 973px\" class=\"wp-caption alignnone\"><a href=\"https:\/\/preprod.olympic.ca\/wp-content\/uploads\/sites\/2\/2015\/07\/capture-d_c3a9cran-2015-07-24-c3a0-21-56-45.png\"><img loading=\"lazy\" decoding=\"async\" aria-describedby=\"caption-attachment-108733\" class=\"wp-image-108733 size-full\" src=\"https:\/\/preprod.olympic.ca\/wp-content\/uploads\/sites\/2\/2015\/07\/capture-d_c3a9cran-2015-07-24-c3a0-21-56-45.png\" alt=\"\" width=\"963\" height=\"640\" srcset=\"https:\/\/preprod.olympic.ca\/olympique\/wp-content\/uploads\/sites\/2\/2015\/07\/capture-d_c3a9cran-2015-07-24-c3a0-21-56-45.png 963w, https:\/\/preprod.olympic.ca\/olympique\/wp-content\/uploads\/sites\/2\/2015\/07\/capture-d_c3a9cran-2015-07-24-c3a0-21-56-45.png?resize=238,158 238w, https:\/\/preprod.olympic.ca\/olympique\/wp-content\/uploads\/sites\/2\/2015\/07\/capture-d_c3a9cran-2015-07-24-c3a0-21-56-45.png?resize=558,371 558w, https:\/\/preprod.olympic.ca\/olympique\/wp-content\/uploads\/sites\/2\/2015\/07\/capture-d_c3a9cran-2015-07-24-c3a0-21-56-45.png?resize=768,510 768w\" sizes=\"(max-width: 963px) 100vw, 963px\" \/><\/a><p id=\"caption-attachment-108733\" class=\"wp-caption-text\">Chelsea Stewart lors du match pour la m\u00e9daille de bronze aux Jeux panam\u00e9ricains de Toronto, le 24 juillet 2015.<\/p><\/div>\n<p><a href=\"http:\/\/olympique.ca\/2015\/07\/23\/le-canada-disputera-le-match-pour-la-medaille-de-bronze-du-tournoi-panamericain-de-football-apres-sa-defaite-face-a-la-colombie\/\" target=\"_blank\">Apr\u00e8s une d\u00e9faite cr\u00e8ve-coeur en demi-finale contre la Colombie<\/a>, les Canadiennes ont subi un autre revers difficile. Elles se sont inclin\u00e9es 2 \u00e0 1 contre les Mexicaines lors du match pour la m\u00e9daille de bronze.<\/p>\n<p>Championnes panam\u00e9ricaines en titre, les repr\u00e9sentantes de l&rsquo;unifoli\u00e9 devront faire leur deuil de leur titre et d&rsquo;un podium \u00e0 ces Jeux.<\/p>\n<blockquote>\n<p style=\"text-align:center;\"><strong><a href=\"http:\/\/olympique.ca\/2015\/07\/24\/apercu-to2015-a-surveiller-au-jour-15\/\" target=\"_blank\">Aper\u00e7u TO2015 : \u00e0 surveiller au jour 15<\/a><\/strong><\/p>\n<\/blockquote>\n<blockquote>\n<p style=\"text-align:center;\"><strong><a href=\"http:\/\/olympique.ca\/club-olympique\/\">Joignez le Club olympique canadien<\/a><\/strong><\/p>\n<\/blockquote>\n<div class=\"instory-ad-shortcode\"><a aria-hidden=\"true\" tabindex=\"-1\" class=\"ad\" href=\"https:\/\/twitter.com\/OlympiqueCanada\" target=\"_blank\"><img decoding=\"async\" src=\"http:\/\/cdnolympic.files.wordpress.com\/2014\/02\/tw-fr-ad-1180-x-100.png\" alt=\"\" \/><\/a><\/div>\n","protected":false},"excerpt":{"rendered":"<p>Chaque jour, Olympique.ca publiera un r\u00e9sum\u00e9 de la journ\u00e9e pour ne rien manquer des Jeux panam\u00e9ricains de Toronto et des&#8230;<\/p>\n","protected":false},"author":89110657,"featured_media":108698,"comment_status":"open","ping_status":"closed","sticky":false,"template":"","format":"standard","meta":{"_acf_changed":false,"_jetpack_memberships_contains_paid_content":false,"footnotes":""},"categories":[16085],"tags":[182457884,155909328,415984548,415984552,246951827,173387950,373405326,61587354,124188685,188039054,415984545,174119573,98723642,72195,378588368,40010197,374658919,20292794],"post_format":"standard","sport":[48770,420465,8591,374048809,32069],"game":[334881982],"coauthors":[365539748],"class_list":["post-108629","post","type-post","status-publish","format-standard","has-post-thumbnail","hentry","category-nouvelles","tag-andre-de-grasse","tag-arthur-biyarslanov","tag-athletisme","tag-boxe","tag-charles-philibert-thiboutot","tag-christabel-nettey","tag-erin-teschuk","tag-football-soccer-2","tag-genevieve-lalonde","tag-jeux-panamericains-toronto-2015","tag-karate","tag-kimberly-hyacinthe","tag-nathan-brannen","tag-panam","tag-patrice-boily-martineau","tag-saut-en-longueur","tag-to2015-recapitulation","tag-toronto-2015","sport-athletisme","sport-boxe","sport-football","sport-hockey-sur-gazon","sport-karate","game-2015-toronto"],"acf":[],"yoast_head":"<!-- This site is optimized with the Yoast SEO plugin v27.3 - https:\/\/yoast.com\/product\/yoast-seo-wordpress\/ -->\n<title>Panam: r\u00e9sum\u00e9 du jour 14 - \u00c9quipe Canada | Site officiel de l&#039;\u00e9quipe olympique<\/title>\n<meta name=\"robots\" content=\"index, follow, max-snippet:-1, max-image-preview:large, max-video-preview:-1\" \/>\n<link rel=\"canonical\" href=\"https:\/\/preprod.olympic.ca\/olympique\/2015\/07\/24\/panam-jour-14-en-direct\/\" \/>\n<meta property=\"og:locale\" content=\"fr_FR\" \/>\n<meta property=\"og:type\" content=\"article\" \/>\n<meta property=\"og:title\" content=\"Panam: r\u00e9sum\u00e9 du jour 14 - \u00c9quipe Canada | Site officiel de l&#039;\u00e9quipe olympique\" \/>\n<meta property=\"og:description\" content=\"Chaque jour, Olympique.ca publiera un r\u00e9sum\u00e9 de la journ\u00e9e pour ne rien manquer des Jeux panam\u00e9ricains de Toronto et des...\" \/>\n<meta property=\"og:url\" content=\"https:\/\/preprod.olympic.ca\/olympique\/2015\/07\/24\/panam-jour-14-en-direct\/\" \/>\n<meta property=\"og:site_name\" content=\"\u00c9quipe Canada | Site officiel de l&#039;\u00e9quipe olympique\" \/>\n<meta property=\"article:published_time\" content=\"2015-07-24T22:07:50+00:00\" \/>\n<meta property=\"article:modified_time\" content=\"2015-09-21T19:02:21+00:00\" \/>\n<meta property=\"og:image\" content=\"https:\/\/preprod.olympic.ca\/olympique\/wp-content\/uploads\/sites\/2\/2015\/07\/capture-d_c3a9cran-2015-07-24-c3a0-18-19-50.png\" \/>\n\t<meta property=\"og:image:width\" content=\"1031\" \/>\n\t<meta property=\"og:image:height\" content=\"686\" \/>\n\t<meta property=\"og:image:type\" content=\"image\/png\" \/>\n<meta name=\"author\" content=\"Catherine Tremblay\" \/>\n<meta name=\"twitter:card\" content=\"summary_large_image\" \/>\n<meta name=\"twitter:label1\" content=\"Written by\" \/>\n\t<meta name=\"twitter:data1\" content=\"Catherine Tremblay\" \/>\n\t<meta name=\"twitter:label2\" content=\"Est. reading time\" \/>\n\t<meta name=\"twitter:data2\" content=\"6 minutes\" \/>\n<script type=\"application\/ld+json\" class=\"yoast-schema-graph\">{\"@context\":\"https:\\\/\\\/schema.org\",\"@graph\":[{\"@type\":\"Article\",\"@id\":\"https:\\\/\\\/preprod.olympic.ca\\\/olympique\\\/2015\\\/07\\\/24\\\/panam-jour-14-en-direct\\\/#article\",\"isPartOf\":{\"@id\":\"https:\\\/\\\/preprod.olympic.ca\\\/olympique\\\/2015\\\/07\\\/24\\\/panam-jour-14-en-direct\\\/\"},\"author\":{\"name\":\"ctremblaycoc\",\"@id\":\"https:\\\/\\\/preprod.olympic.ca\\\/olympique\\\/#\\\/schema\\\/person\\\/b4004c25ec071fa53e6ee7c91db465f0\"},\"headline\":\"Panam: r\u00e9sum\u00e9 du jour 14\",\"datePublished\":\"2015-07-24T22:07:50+00:00\",\"dateModified\":\"2015-09-21T19:02:21+00:00\",\"mainEntityOfPage\":{\"@id\":\"https:\\\/\\\/preprod.olympic.ca\\\/olympique\\\/2015\\\/07\\\/24\\\/panam-jour-14-en-direct\\\/\"},\"wordCount\":1299,\"commentCount\":0,\"image\":{\"@id\":\"https:\\\/\\\/preprod.olympic.ca\\\/olympique\\\/2015\\\/07\\\/24\\\/panam-jour-14-en-direct\\\/#primaryimage\"},\"thumbnailUrl\":\"https:\\\/\\\/preprod.olympic.ca\\\/olympique\\\/wp-content\\\/uploads\\\/sites\\\/2\\\/2015\\\/07\\\/capture-d_c3a9cran-2015-07-24-c3a0-18-19-50.png\",\"keywords\":[\"Andre De Grasse\",\"Arthur Biyarslanov\",\"Athl\u00e9tisme\",\"Boxe\",\"Charles Philibert-Thiboutot\",\"Christabel Nettey\",\"Erin Teschuk\",\"football (soccer)\",\"Genevi\u00e8ve Lalonde\",\"Jeux panam\u00e9ricains Toronto 2015\",\"Karat\u00e9\",\"Kimberly Hyacinthe\",\"Nathan Brannen\",\"Panam\",\"Patrice Boily-Martineau\",\"Saut en longueur\",\"TO2015 R\u00e9capitulation\",\"Toronto 2015\"],\"articleSection\":[\"Nouvelles\"],\"inLanguage\":\"fr-FR\",\"potentialAction\":[{\"@type\":\"CommentAction\",\"name\":\"Comment\",\"target\":[\"https:\\\/\\\/preprod.olympic.ca\\\/olympique\\\/2015\\\/07\\\/24\\\/panam-jour-14-en-direct\\\/#respond\"]}]},{\"@type\":\"WebPage\",\"@id\":\"https:\\\/\\\/preprod.olympic.ca\\\/olympique\\\/2015\\\/07\\\/24\\\/panam-jour-14-en-direct\\\/\",\"url\":\"https:\\\/\\\/preprod.olympic.ca\\\/olympique\\\/2015\\\/07\\\/24\\\/panam-jour-14-en-direct\\\/\",\"name\":\"Panam: r\u00e9sum\u00e9 du jour 14 - \u00c9quipe Canada | Site officiel de l&#039;\u00e9quipe olympique\",\"isPartOf\":{\"@id\":\"https:\\\/\\\/preprod.olympic.ca\\\/olympique\\\/#website\"},\"primaryImageOfPage\":{\"@id\":\"https:\\\/\\\/preprod.olympic.ca\\\/olympique\\\/2015\\\/07\\\/24\\\/panam-jour-14-en-direct\\\/#primaryimage\"},\"image\":{\"@id\":\"https:\\\/\\\/preprod.olympic.ca\\\/olympique\\\/2015\\\/07\\\/24\\\/panam-jour-14-en-direct\\\/#primaryimage\"},\"thumbnailUrl\":\"https:\\\/\\\/preprod.olympic.ca\\\/olympique\\\/wp-content\\\/uploads\\\/sites\\\/2\\\/2015\\\/07\\\/capture-d_c3a9cran-2015-07-24-c3a0-18-19-50.png\",\"datePublished\":\"2015-07-24T22:07:50+00:00\",\"dateModified\":\"2015-09-21T19:02:21+00:00\",\"author\":{\"@id\":\"https:\\\/\\\/preprod.olympic.ca\\\/olympique\\\/#\\\/schema\\\/person\\\/b4004c25ec071fa53e6ee7c91db465f0\"},\"inLanguage\":\"fr-FR\",\"potentialAction\":[{\"@type\":\"ReadAction\",\"target\":[\"https:\\\/\\\/preprod.olympic.ca\\\/olympique\\\/2015\\\/07\\\/24\\\/panam-jour-14-en-direct\\\/\"]}]},{\"@type\":\"ImageObject\",\"inLanguage\":\"fr-FR\",\"@id\":\"https:\\\/\\\/preprod.olympic.ca\\\/olympique\\\/2015\\\/07\\\/24\\\/panam-jour-14-en-direct\\\/#primaryimage\",\"url\":\"https:\\\/\\\/preprod.olympic.ca\\\/olympique\\\/wp-content\\\/uploads\\\/sites\\\/2\\\/2015\\\/07\\\/capture-d_c3a9cran-2015-07-24-c3a0-18-19-50.png\",\"contentUrl\":\"https:\\\/\\\/preprod.olympic.ca\\\/olympique\\\/wp-content\\\/uploads\\\/sites\\\/2\\\/2015\\\/07\\\/capture-d_c3a9cran-2015-07-24-c3a0-18-19-50.png\",\"width\":1031,\"height\":686},{\"@type\":\"WebSite\",\"@id\":\"https:\\\/\\\/preprod.olympic.ca\\\/olympique\\\/#website\",\"url\":\"https:\\\/\\\/preprod.olympic.ca\\\/olympique\\\/\",\"name\":\"\u00c9quipe Canada | Site officiel de l&#039;\u00e9quipe olympique\",\"description\":\"Votre source pour l\u2019\u00c9quipe olympique canadienne. Retrouvez les r\u00e9cits, vid\u00e9os et photos des athl\u00e8tes canadiens, sports olympiques, Jeux olympiques de 2020 et bien plus!\",\"potentialAction\":[{\"@type\":\"SearchAction\",\"target\":{\"@type\":\"EntryPoint\",\"urlTemplate\":\"https:\\\/\\\/preprod.olympic.ca\\\/olympique\\\/?s={search_term_string}\"},\"query-input\":{\"@type\":\"PropertyValueSpecification\",\"valueRequired\":true,\"valueName\":\"search_term_string\"}}],\"inLanguage\":\"fr-FR\"},{\"@type\":\"Person\",\"@id\":\"https:\\\/\\\/preprod.olympic.ca\\\/olympique\\\/#\\\/schema\\\/person\\\/b4004c25ec071fa53e6ee7c91db465f0\",\"name\":\"ctremblaycoc\",\"image\":{\"@type\":\"ImageObject\",\"inLanguage\":\"fr-FR\",\"@id\":\"https:\\\/\\\/secure.gravatar.com\\\/avatar\\\/cd8c301cf0c72b08d89b0ac2fbb663686388811a5ffc01f30e52b52df590aa75?s=96&d=identicon&r=gd62870eacff196049f4336ed32d594e1\",\"url\":\"https:\\\/\\\/secure.gravatar.com\\\/avatar\\\/cd8c301cf0c72b08d89b0ac2fbb663686388811a5ffc01f30e52b52df590aa75?s=96&d=identicon&r=g\",\"contentUrl\":\"https:\\\/\\\/secure.gravatar.com\\\/avatar\\\/cd8c301cf0c72b08d89b0ac2fbb663686388811a5ffc01f30e52b52df590aa75?s=96&d=identicon&r=g\",\"caption\":\"ctremblaycoc\"},\"sameAs\":[\"http:\\\/\\\/ctremblayolympique.wordpress.com\"],\"url\":\"https:\\\/\\\/preprod.olympic.ca\\\/olympique\\\/author\\\/ctremblayolympique\\\/\"}]}<\/script>\n<!-- \/ Yoast SEO plugin. -->","yoast_head_json":{"title":"Panam: r\u00e9sum\u00e9 du jour 14 - \u00c9quipe Canada | Site officiel de l&#039;\u00e9quipe olympique","robots":{"index":"index","follow":"follow","max-snippet":"max-snippet:-1","max-image-preview":"max-image-preview:large","max-video-preview":"max-video-preview:-1"},"canonical":"https:\/\/preprod.olympic.ca\/olympique\/2015\/07\/24\/panam-jour-14-en-direct\/","og_locale":"fr_FR","og_type":"article","og_title":"Panam: r\u00e9sum\u00e9 du jour 14 - \u00c9quipe Canada | Site officiel de l&#039;\u00e9quipe olympique","og_description":"Chaque jour, Olympique.ca publiera un r\u00e9sum\u00e9 de la journ\u00e9e pour ne rien manquer des Jeux panam\u00e9ricains de Toronto et des...","og_url":"https:\/\/preprod.olympic.ca\/olympique\/2015\/07\/24\/panam-jour-14-en-direct\/","og_site_name":"\u00c9quipe Canada | Site officiel de l&#039;\u00e9quipe olympique","article_published_time":"2015-07-24T22:07:50+00:00","article_modified_time":"2015-09-21T19:02:21+00:00","og_image":[{"width":1031,"height":686,"url":"https:\/\/preprod.olympic.ca\/olympique\/wp-content\/uploads\/sites\/2\/2015\/07\/capture-d_c3a9cran-2015-07-24-c3a0-18-19-50.png","type":"image\/png"}],"author":"Catherine Tremblay","twitter_card":"summary_large_image","twitter_misc":{"Written by":"Catherine Tremblay","Est. reading time":"6 minutes"},"schema":{"@context":"https:\/\/schema.org","@graph":[{"@type":"Article","@id":"https:\/\/preprod.olympic.ca\/olympique\/2015\/07\/24\/panam-jour-14-en-direct\/#article","isPartOf":{"@id":"https:\/\/preprod.olympic.ca\/olympique\/2015\/07\/24\/panam-jour-14-en-direct\/"},"author":{"name":"ctremblaycoc","@id":"https:\/\/preprod.olympic.ca\/olympique\/#\/schema\/person\/b4004c25ec071fa53e6ee7c91db465f0"},"headline":"Panam: r\u00e9sum\u00e9 du jour 14","datePublished":"2015-07-24T22:07:50+00:00","dateModified":"2015-09-21T19:02:21+00:00","mainEntityOfPage":{"@id":"https:\/\/preprod.olympic.ca\/olympique\/2015\/07\/24\/panam-jour-14-en-direct\/"},"wordCount":1299,"commentCount":0,"image":{"@id":"https:\/\/preprod.olympic.ca\/olympique\/2015\/07\/24\/panam-jour-14-en-direct\/#primaryimage"},"thumbnailUrl":"https:\/\/preprod.olympic.ca\/olympique\/wp-content\/uploads\/sites\/2\/2015\/07\/capture-d_c3a9cran-2015-07-24-c3a0-18-19-50.png","keywords":["Andre De Grasse","Arthur Biyarslanov","Athl\u00e9tisme","Boxe","Charles Philibert-Thiboutot","Christabel Nettey","Erin Teschuk","football (soccer)","Genevi\u00e8ve Lalonde","Jeux panam\u00e9ricains Toronto 2015","Karat\u00e9","Kimberly Hyacinthe","Nathan Brannen","Panam","Patrice Boily-Martineau","Saut en longueur","TO2015 R\u00e9capitulation","Toronto 2015"],"articleSection":["Nouvelles"],"inLanguage":"fr-FR","potentialAction":[{"@type":"CommentAction","name":"Comment","target":["https:\/\/preprod.olympic.ca\/olympique\/2015\/07\/24\/panam-jour-14-en-direct\/#respond"]}]},{"@type":"WebPage","@id":"https:\/\/preprod.olympic.ca\/olympique\/2015\/07\/24\/panam-jour-14-en-direct\/","url":"https:\/\/preprod.olympic.ca\/olympique\/2015\/07\/24\/panam-jour-14-en-direct\/","name":"Panam: r\u00e9sum\u00e9 du jour 14 - \u00c9quipe Canada | Site officiel de l&#039;\u00e9quipe olympique","isPartOf":{"@id":"https:\/\/preprod.olympic.ca\/olympique\/#website"},"primaryImageOfPage":{"@id":"https:\/\/preprod.olympic.ca\/olympique\/2015\/07\/24\/panam-jour-14-en-direct\/#primaryimage"},"image":{"@id":"https:\/\/preprod.olympic.ca\/olympique\/2015\/07\/24\/panam-jour-14-en-direct\/#primaryimage"},"thumbnailUrl":"https:\/\/preprod.olympic.ca\/olympique\/wp-content\/uploads\/sites\/2\/2015\/07\/capture-d_c3a9cran-2015-07-24-c3a0-18-19-50.png","datePublished":"2015-07-24T22:07:50+00:00","dateModified":"2015-09-21T19:02:21+00:00","author":{"@id":"https:\/\/preprod.olympic.ca\/olympique\/#\/schema\/person\/b4004c25ec071fa53e6ee7c91db465f0"},"inLanguage":"fr-FR","potentialAction":[{"@type":"ReadAction","target":["https:\/\/preprod.olympic.ca\/olympique\/2015\/07\/24\/panam-jour-14-en-direct\/"]}]},{"@type":"ImageObject","inLanguage":"fr-FR","@id":"https:\/\/preprod.olympic.ca\/olympique\/2015\/07\/24\/panam-jour-14-en-direct\/#primaryimage","url":"https:\/\/preprod.olympic.ca\/olympique\/wp-content\/uploads\/sites\/2\/2015\/07\/capture-d_c3a9cran-2015-07-24-c3a0-18-19-50.png","contentUrl":"https:\/\/preprod.olympic.ca\/olympique\/wp-content\/uploads\/sites\/2\/2015\/07\/capture-d_c3a9cran-2015-07-24-c3a0-18-19-50.png","width":1031,"height":686},{"@type":"WebSite","@id":"https:\/\/preprod.olympic.ca\/olympique\/#website","url":"https:\/\/preprod.olympic.ca\/olympique\/","name":"\u00c9quipe Canada | Site officiel de l&#039;\u00e9quipe olympique","description":"Votre source pour l\u2019\u00c9quipe olympique canadienne. Retrouvez les r\u00e9cits, vid\u00e9os et photos des athl\u00e8tes canadiens, sports olympiques, Jeux olympiques de 2020 et bien plus!","potentialAction":[{"@type":"SearchAction","target":{"@type":"EntryPoint","urlTemplate":"https:\/\/preprod.olympic.ca\/olympique\/?s={search_term_string}"},"query-input":{"@type":"PropertyValueSpecification","valueRequired":true,"valueName":"search_term_string"}}],"inLanguage":"fr-FR"},{"@type":"Person","@id":"https:\/\/preprod.olympic.ca\/olympique\/#\/schema\/person\/b4004c25ec071fa53e6ee7c91db465f0","name":"ctremblaycoc","image":{"@type":"ImageObject","inLanguage":"fr-FR","@id":"https:\/\/secure.gravatar.com\/avatar\/cd8c301cf0c72b08d89b0ac2fbb663686388811a5ffc01f30e52b52df590aa75?s=96&d=identicon&r=gd62870eacff196049f4336ed32d594e1","url":"https:\/\/secure.gravatar.com\/avatar\/cd8c301cf0c72b08d89b0ac2fbb663686388811a5ffc01f30e52b52df590aa75?s=96&d=identicon&r=g","contentUrl":"https:\/\/secure.gravatar.com\/avatar\/cd8c301cf0c72b08d89b0ac2fbb663686388811a5ffc01f30e52b52df590aa75?s=96&d=identicon&r=g","caption":"ctremblaycoc"},"sameAs":["http:\/\/ctremblayolympique.wordpress.com"],"url":"https:\/\/preprod.olympic.ca\/olympique\/author\/ctremblayolympique\/"}]}},"jetpack_featured_media_url":"https:\/\/preprod.olympic.ca\/olympique\/wp-content\/uploads\/sites\/2\/2015\/07\/capture-d_c3a9cran-2015-07-24-c3a0-18-19-50.png","featured_image_url":"https:\/\/preprod.olympic.ca\/olympique\/wp-content\/uploads\/sites\/2\/2015\/07\/capture-d_c3a9cran-2015-07-24-c3a0-18-19-50.png","author_name":["Catherine Tremblay"],"category_names":["Nouvelles"],"tag_names":["Andre De Grasse","Arthur Biyarslanov","Athl\u00e9tisme","Boxe","Charles Philibert-Thiboutot","Christabel Nettey","Erin Teschuk","football (soccer)","Genevi\u00e8ve Lalonde","Jeux panam\u00e9ricains Toronto 2015","Karat\u00e9","Kimberly Hyacinthe","Nathan Brannen","Panam","Patrice Boily-Martineau","Saut en longueur","TO2015 R\u00e9capitulation","Toronto 2015"],"video_embed_code":"","facebook_video_embed_code":"","jetpack_sharing_enabled":true,"jetpack-related-posts":[],"jetpack_shortlink":"https:\/\/wp.me\/pcGHcP-sg5","_links":{"self":[{"href":"https:\/\/preprod.olympic.ca\/olympique\/wp-json\/wp\/v2\/posts\/108629","targetHints":{"allow":["GET"]}}],"collection":[{"href":"https:\/\/preprod.olympic.ca\/olympique\/wp-json\/wp\/v2\/posts"}],"about":[{"href":"https:\/\/preprod.olympic.ca\/olympique\/wp-json\/wp\/v2\/types\/post"}],"author":[{"embeddable":true,"href":"https:\/\/preprod.olympic.ca\/olympique\/wp-json\/wp\/v2\/users\/89110657"}],"replies":[{"embeddable":true,"href":"https:\/\/preprod.olympic.ca\/olympique\/wp-json\/wp\/v2\/comments?post=108629"}],"version-history":[{"count":56,"href":"https:\/\/preprod.olympic.ca\/olympique\/wp-json\/wp\/v2\/posts\/108629\/revisions"}],"predecessor-version":[{"id":110476,"href":"https:\/\/preprod.olympic.ca\/olympique\/wp-json\/wp\/v2\/posts\/108629\/revisions\/110476"}],"wp:featuredmedia":[{"embeddable":true,"href":"https:\/\/preprod.olympic.ca\/olympique\/wp-json\/wp\/v2\/media\/108698"}],"wp:attachment":[{"href":"https:\/\/preprod.olympic.ca\/olympique\/wp-json\/wp\/v2\/media?parent=108629"}],"wp:term":[{"taxonomy":"category","embeddable":true,"href":"https:\/\/preprod.olympic.ca\/olympique\/wp-json\/wp\/v2\/categories?post=108629"},{"taxonomy":"post_tag","embeddable":true,"href":"https:\/\/preprod.olympic.ca\/olympique\/wp-json\/wp\/v2\/tags?post=108629"},{"taxonomy":"post_format","embeddable":true,"href":"https:\/\/preprod.olympic.ca\/olympique\/wp-json\/wp\/v2\/post_format?post=108629"},{"taxonomy":"sport","embeddable":true,"href":"https:\/\/preprod.olympic.ca\/olympique\/wp-json\/wp\/v2\/sport?post=108629"},{"taxonomy":"game","embeddable":true,"href":"https:\/\/preprod.olympic.ca\/olympique\/wp-json\/wp\/v2\/game?post=108629"},{"taxonomy":"author","embeddable":true,"href":"https:\/\/preprod.olympic.ca\/olympique\/wp-json\/wp\/v2\/coauthors?post=108629"}],"curies":[{"name":"wp","href":"https:\/\/api.w.org\/{rel}","templated":true}]}}