{"id":111517,"date":"2015-12-05T10:00:25","date_gmt":"2015-12-05T15:00:25","guid":{"rendered":"http:\/\/olympique.ca\/?p=111517"},"modified":"2015-12-05T18:19:19","modified_gmt":"2015-12-05T23:19:19","slug":"del-bosco-et-thompson-couronnes-champions-en-ski-cross-a-montafon","status":"publish","type":"post","link":"https:\/\/preprod.olympic.ca\/olympique\/2015\/12\/05\/del-bosco-et-thompson-couronnes-champions-en-ski-cross-a-montafon\/","title":{"rendered":"Del Bosco et Thompson couronn\u00e9s champions en ski cross \u00e0 Montafon"},"content":{"rendered":"<p><em>Photo manchette : Chris Del Bosco (centre) croise le fil d&rsquo;arriv\u00e9e en premi\u00e8re position \u00e0 la Coupe du monde de Montafon en Autriche, le 5 d\u00e9cembre 2015. (Photo : GEPA Pictures &#8211; FIS).<br \/>\n<\/em><\/p>\n<h1><a href=\"http:\/\/olympique.ca\/team-canada\/christopher-del-bosco\/\">Christopher Del Bosco<\/a> et <a href=\"http:\/\/olympique.ca\/team-canada\/marielle-thompson\/\">Marielle Thompson<\/a> ont tous deux remport\u00e9 leurs \u00e9preuves de Coupe du monde de ski cross pour donner au Canada un excellent d\u00e9part\u00a0\u00e0 la saison, samedi, \u00e0 Montafon (Autriche).<\/h1>\n<div class=\"embed-twitter\">\n<blockquote class=\"twitter-tweet\" width=\"550\">\n<p lang=\"en\" dir=\"ltr\">2 for 2 as <a href=\"https:\/\/twitter.com\/chrisdelbosco\">@chrisdelbosco<\/a> takes it for the men for <a href=\"https:\/\/twitter.com\/Alpine_Canada\">@Alpine_Canada<\/a>. <a href=\"https:\/\/twitter.com\/Lemanracing\">@Lemanracing<\/a> in second and Filip Flisar in third <a href=\"https:\/\/t.co\/Jl0oPUTyL9\">pic.twitter.com\/Jl0oPUTyL9<\/a><\/p>\n<p>&mdash; FISfreestyle (@FISfreestyle) <a href=\"https:\/\/twitter.com\/FISfreestyle\/status\/673100994079825920\">December 5, 2015<\/a><\/p><\/blockquote>\n<p><script async src=\"\/\/platform.twitter.com\/widgets.js\" charset=\"utf-8\"><\/script><\/div>\n<p><em>Christopher Del Bosco (gauche), Brady Leman (centre) et Filip Flisar (droite)<\/em><\/p>\n<p>Del Bosco a devanc\u00e9 son compatriote <a href=\"http:\/\/olympique.ca\/team-canada\/brady-leman\/\">Brady Leman<\/a>, dans la finale masculine pour donner au Canada l\u2019or et l\u2019argent. Il s\u2019agit de la huiti\u00e8me victoire en carri\u00e8re pour Del Bosco, mais la premi\u00e8re en pr\u00e8s de deux ans. Le champion du monde Filip Flisar de Slov\u00e9nie a termin\u00e9 en troisi\u00e8me place.<\/p>\n<div class=\"embed-instagram\">\n<blockquote class=\"instagram-media\" data-instgrm-captioned data-instgrm-version=\"6\" style=\" background:#FFF; border:0; border-radius:3px; box-shadow:0 0 1px 0 rgba(0,0,0,0.5),0 1px 10px 0 rgba(0,0,0,0.15); margin: 1px; max-width:658px; padding:0; width:99.375%; width:-webkit-calc(100% - 2px); width:calc(100% - 2px);\">\n<div style=\"padding:8px;\">\n<div style=\" background:#F8F8F8; line-height:0; margin-top:40px; padding:53.9351851852% 0; text-align:center; width:100%;\">\n<div style=\" background:url(data:image\/png;base64,iVBORw0KGgoAAAANSUhEUgAAACwAAAAsCAMAAAApWqozAAAAGFBMVEUiIiI9PT0eHh4gIB4hIBkcHBwcHBwcHBydr+JQAAAACHRSTlMABA4YHyQsM5jtaMwAAADfSURBVDjL7ZVBEgMhCAQBAf\/\/42xcNbpAqakcM0ftUmFAAIBE81IqBJdS3lS6zs3bIpB9WED3YYXFPmHRfT8sgyrCP1x8uEUxLMzNWElFOYCV6mHWWwMzdPEKHlhLw7NWJqkHc4uIZphavDzA2JPzUDsBZziNae2S6owH8xPmX8G7zzgKEOPUoYHvGz1TBCxMkd3kwNVbU0gKHkx+iZILf77IofhrY1nYFnB\/lQPb79drWOyJVa\/DAvg9B\/rLB4cC+Nqgdz\/TvBbBnr6GBReqn\/nRmDgaQEej7WhonozjF+Y2I\/fZou\/qAAAAAElFTkSuQmCC); display:block; height:44px; margin:0 auto -44px; position:relative; top:-22px; width:44px;\"><\/div>\n<\/div>\n<p style=\" margin:8px 0 0 0; padding:0 4px;\"> <a href=\"https:\/\/www.instagram.com\/p\/-4fLM7IK99\/\" style=\" color:#000; font-family:Arial,sans-serif; font-size:14px; font-style:normal; font-weight:normal; line-height:17px; text-decoration:none; word-wrap:break-word;\" target=\"_blank\">Solid run in qualifying today and I&#39;m rocking bib #1 tomorrow! #sendit #backinbusiness #CANskicross<\/a><\/p>\n<p style=\" color:#c9c8cd; font-family:Arial,sans-serif; font-size:14px; line-height:17px; margin-bottom:0; margin-top:8px; overflow:hidden; padding:8px 0 7px; text-align:center; text-overflow:ellipsis; white-space:nowrap;\">A photo posted by Marielle Thompson (@bigairmar) on <time style=\" font-family:Arial,sans-serif; font-size:14px; line-height:17px;\" datetime=\"2015-12-04T20:03:20+00:00\">Dec 4, 2015 at 12:03pm PST<\/time><\/p>\n<\/div>\n<\/blockquote>\n<p><script async defer src=\"\/\/platform.instagram.com\/en_US\/embeds.js\"><\/script><\/div>\n<p><em>\u00ab\u00a0Tr\u00e8s bonne course en qualifications aujourd\u2019hui, je porterai le dossard #1 demain!\u00a0\u00bb<\/em><\/p>\n<p>Dans la finale f\u00e9minine, <a href=\"http:\/\/olympique.ca\/2014\/02\/21\/double-canadien-en-ski-cross-feminin\/\">la championne olympique<\/a> Marielle Thompson a battu Anna Helmlund de la Su\u00e8de, Katrin Ofner de l&rsquo;Autriche et Anna Woerner de l\u2019Allemagne pour sa dixi\u00e8me victoire en carri\u00e8re. Marielle prenait part \u00e0 sa premi\u00e8re course depuis sa blessure au genou survenue aux Championnats du monde en janvier dernier.<\/p>\n<div class=\"embed-twitter\">\n<blockquote class=\"twitter-tweet\" width=\"550\">\n<p lang=\"en\" dir=\"ltr\">.<a href=\"https:\/\/twitter.com\/bigairmar\">@bigairmar<\/a> with the win for the ladies in <a href=\"https:\/\/twitter.com\/Montafon\">@Montafon<\/a>! <a href=\"https:\/\/twitter.com\/Anna_Holmlund\">@Anna_Holmlund<\/a> in second and Katrin Ofner third <a href=\"https:\/\/t.co\/4O1uJFkLox\">pic.twitter.com\/4O1uJFkLox<\/a><\/p>\n<p>&mdash; FISfreestyle (@FISfreestyle) <a href=\"https:\/\/twitter.com\/FISfreestyle\/status\/673098136781504512\">December 5, 2015<\/a><\/p><\/blockquote>\n<p><script async src=\"\/\/platform.twitter.com\/widgets.js\" charset=\"utf-8\"><\/script><\/div>\n<p><em>Marielle Thompson (au centre) entour\u00e9e des m\u00e9daill\u00e9es d\u2019argent et de bronze Anna Helmlund (gauche) et Katrin Ofner (droite)<\/em><\/p>\n<p>La deuxi\u00e8me\u00a0Coupe du monde de ski cross aura lieu \u00e0 Val Thorens, en France, d\u00e8s jeudi prochain.<\/p>\n","protected":false},"excerpt":{"rendered":"<p>Photo manchette : Chris Del Bosco (centre) croise le fil d&rsquo;arriv\u00e9e en premi\u00e8re position \u00e0 la Coupe du monde de&#8230;<\/p>\n","protected":false},"author":96107080,"featured_media":111526,"comment_status":"open","ping_status":"closed","sticky":false,"template":"","format":"standard","meta":{"_acf_changed":false,"_jetpack_memberships_contains_paid_content":false,"footnotes":""},"categories":[16085,1],"tags":[77723950,31873397,77723951,5460672],"post_format":"standard","sport":[181823549],"game":[],"coauthors":[398543088],"class_list":["post-111517","post","type-post","status-publish","format-standard","has-post-thumbnail","hentry","category-nouvelles","category-uncategorized","tag-brady-leman","tag-christopher-del-bosco","tag-marielle-thompson","tag-ski-cross","sport-ski-ski-acrobatique"],"acf":[],"yoast_head":"<!-- This site is optimized with the Yoast SEO plugin v27.3 - https:\/\/yoast.com\/product\/yoast-seo-wordpress\/ -->\n<title>Del Bosco et Thompson couronn\u00e9s champions en ski cross \u00e0 Montafon - \u00c9quipe Canada | Site officiel de l&#039;\u00e9quipe olympique<\/title>\n<meta name=\"robots\" content=\"index, follow, max-snippet:-1, max-image-preview:large, max-video-preview:-1\" \/>\n<link rel=\"canonical\" href=\"https:\/\/preprod.olympic.ca\/olympique\/2015\/12\/05\/del-bosco-et-thompson-couronnes-champions-en-ski-cross-a-montafon\/\" \/>\n<meta property=\"og:locale\" content=\"fr_FR\" \/>\n<meta property=\"og:type\" content=\"article\" \/>\n<meta property=\"og:title\" content=\"Del Bosco et Thompson couronn\u00e9s champions en ski cross \u00e0 Montafon - \u00c9quipe Canada | Site officiel de l&#039;\u00e9quipe olympique\" \/>\n<meta property=\"og:description\" content=\"Photo manchette : Chris Del Bosco (centre) croise le fil d&rsquo;arriv\u00e9e en premi\u00e8re position \u00e0 la Coupe du monde de...\" \/>\n<meta property=\"og:url\" content=\"https:\/\/preprod.olympic.ca\/olympique\/2015\/12\/05\/del-bosco-et-thompson-couronnes-champions-en-ski-cross-a-montafon\/\" \/>\n<meta property=\"og:site_name\" content=\"\u00c9quipe Canada | Site officiel de l&#039;\u00e9quipe olympique\" \/>\n<meta property=\"article:published_time\" content=\"2015-12-05T15:00:25+00:00\" \/>\n<meta property=\"article:modified_time\" content=\"2015-12-05T23:19:19+00:00\" \/>\n<meta property=\"og:image\" content=\"https:\/\/preprod.olympic.ca\/olympique\/wp-content\/uploads\/sites\/2\/2015\/12\/cdb.jpg?quality=100\" \/>\n\t<meta property=\"og:image:width\" content=\"670\" \/>\n\t<meta property=\"og:image:height\" content=\"377\" \/>\n\t<meta property=\"og:image:type\" content=\"image\/jpeg\" \/>\n<meta name=\"author\" content=\"Ariane Desrosiers\" \/>\n<meta name=\"twitter:card\" content=\"summary_large_image\" \/>\n<meta name=\"twitter:label1\" content=\"Written by\" \/>\n\t<meta name=\"twitter:data1\" content=\"Ariane Desrosiers\" \/>\n\t<meta name=\"twitter:label2\" content=\"Est. reading time\" \/>\n\t<meta name=\"twitter:data2\" content=\"1 minute\" \/>\n<script type=\"application\/ld+json\" class=\"yoast-schema-graph\">{\"@context\":\"https:\\\/\\\/schema.org\",\"@graph\":[{\"@type\":\"Article\",\"@id\":\"https:\\\/\\\/preprod.olympic.ca\\\/olympique\\\/2015\\\/12\\\/05\\\/del-bosco-et-thompson-couronnes-champions-en-ski-cross-a-montafon\\\/#article\",\"isPartOf\":{\"@id\":\"https:\\\/\\\/preprod.olympic.ca\\\/olympique\\\/2015\\\/12\\\/05\\\/del-bosco-et-thompson-couronnes-champions-en-ski-cross-a-montafon\\\/\"},\"author\":{\"name\":\"Ariane Desrosiers\",\"@id\":\"https:\\\/\\\/preprod.olympic.ca\\\/olympique\\\/#\\\/schema\\\/person\\\/ae879cc7903f703b76ee14154862eb23\"},\"headline\":\"Del Bosco et Thompson couronn\u00e9s champions en ski cross \u00e0 Montafon\",\"datePublished\":\"2015-12-05T15:00:25+00:00\",\"dateModified\":\"2015-12-05T23:19:19+00:00\",\"mainEntityOfPage\":{\"@id\":\"https:\\\/\\\/preprod.olympic.ca\\\/olympique\\\/2015\\\/12\\\/05\\\/del-bosco-et-thompson-couronnes-champions-en-ski-cross-a-montafon\\\/\"},\"wordCount\":277,\"commentCount\":0,\"image\":{\"@id\":\"https:\\\/\\\/preprod.olympic.ca\\\/olympique\\\/2015\\\/12\\\/05\\\/del-bosco-et-thompson-couronnes-champions-en-ski-cross-a-montafon\\\/#primaryimage\"},\"thumbnailUrl\":\"https:\\\/\\\/preprod.olympic.ca\\\/olympique\\\/wp-content\\\/uploads\\\/sites\\\/2\\\/2015\\\/12\\\/cdb.jpg?quality=100\",\"keywords\":[\"Brady Leman\",\"Christopher Del Bosco\",\"Marielle Thompson\",\"Ski cross\"],\"articleSection\":[\"Nouvelles\",\"Uncategorized\"],\"inLanguage\":\"fr-FR\",\"potentialAction\":[{\"@type\":\"CommentAction\",\"name\":\"Comment\",\"target\":[\"https:\\\/\\\/preprod.olympic.ca\\\/olympique\\\/2015\\\/12\\\/05\\\/del-bosco-et-thompson-couronnes-champions-en-ski-cross-a-montafon\\\/#respond\"]}]},{\"@type\":\"WebPage\",\"@id\":\"https:\\\/\\\/preprod.olympic.ca\\\/olympique\\\/2015\\\/12\\\/05\\\/del-bosco-et-thompson-couronnes-champions-en-ski-cross-a-montafon\\\/\",\"url\":\"https:\\\/\\\/preprod.olympic.ca\\\/olympique\\\/2015\\\/12\\\/05\\\/del-bosco-et-thompson-couronnes-champions-en-ski-cross-a-montafon\\\/\",\"name\":\"Del Bosco et Thompson couronn\u00e9s champions en ski cross \u00e0 Montafon - \u00c9quipe Canada | Site officiel de l&#039;\u00e9quipe olympique\",\"isPartOf\":{\"@id\":\"https:\\\/\\\/preprod.olympic.ca\\\/olympique\\\/#website\"},\"primaryImageOfPage\":{\"@id\":\"https:\\\/\\\/preprod.olympic.ca\\\/olympique\\\/2015\\\/12\\\/05\\\/del-bosco-et-thompson-couronnes-champions-en-ski-cross-a-montafon\\\/#primaryimage\"},\"image\":{\"@id\":\"https:\\\/\\\/preprod.olympic.ca\\\/olympique\\\/2015\\\/12\\\/05\\\/del-bosco-et-thompson-couronnes-champions-en-ski-cross-a-montafon\\\/#primaryimage\"},\"thumbnailUrl\":\"https:\\\/\\\/preprod.olympic.ca\\\/olympique\\\/wp-content\\\/uploads\\\/sites\\\/2\\\/2015\\\/12\\\/cdb.jpg?quality=100\",\"datePublished\":\"2015-12-05T15:00:25+00:00\",\"dateModified\":\"2015-12-05T23:19:19+00:00\",\"author\":{\"@id\":\"https:\\\/\\\/preprod.olympic.ca\\\/olympique\\\/#\\\/schema\\\/person\\\/ae879cc7903f703b76ee14154862eb23\"},\"inLanguage\":\"fr-FR\",\"potentialAction\":[{\"@type\":\"ReadAction\",\"target\":[\"https:\\\/\\\/preprod.olympic.ca\\\/olympique\\\/2015\\\/12\\\/05\\\/del-bosco-et-thompson-couronnes-champions-en-ski-cross-a-montafon\\\/\"]}]},{\"@type\":\"ImageObject\",\"inLanguage\":\"fr-FR\",\"@id\":\"https:\\\/\\\/preprod.olympic.ca\\\/olympique\\\/2015\\\/12\\\/05\\\/del-bosco-et-thompson-couronnes-champions-en-ski-cross-a-montafon\\\/#primaryimage\",\"url\":\"https:\\\/\\\/preprod.olympic.ca\\\/olympique\\\/wp-content\\\/uploads\\\/sites\\\/2\\\/2015\\\/12\\\/cdb.jpg?quality=100\",\"contentUrl\":\"https:\\\/\\\/preprod.olympic.ca\\\/olympique\\\/wp-content\\\/uploads\\\/sites\\\/2\\\/2015\\\/12\\\/cdb.jpg?quality=100\",\"width\":670,\"height\":377},{\"@type\":\"WebSite\",\"@id\":\"https:\\\/\\\/preprod.olympic.ca\\\/olympique\\\/#website\",\"url\":\"https:\\\/\\\/preprod.olympic.ca\\\/olympique\\\/\",\"name\":\"\u00c9quipe Canada | Site officiel de l&#039;\u00e9quipe olympique\",\"description\":\"Votre source pour l\u2019\u00c9quipe olympique canadienne. Retrouvez les r\u00e9cits, vid\u00e9os et photos des athl\u00e8tes canadiens, sports olympiques, Jeux olympiques de 2020 et bien plus!\",\"potentialAction\":[{\"@type\":\"SearchAction\",\"target\":{\"@type\":\"EntryPoint\",\"urlTemplate\":\"https:\\\/\\\/preprod.olympic.ca\\\/olympique\\\/?s={search_term_string}\"},\"query-input\":{\"@type\":\"PropertyValueSpecification\",\"valueRequired\":true,\"valueName\":\"search_term_string\"}}],\"inLanguage\":\"fr-FR\"},{\"@type\":\"Person\",\"@id\":\"https:\\\/\\\/preprod.olympic.ca\\\/olympique\\\/#\\\/schema\\\/person\\\/ae879cc7903f703b76ee14154862eb23\",\"name\":\"Ariane Desrosiers\",\"image\":{\"@type\":\"ImageObject\",\"inLanguage\":\"fr-FR\",\"@id\":\"https:\\\/\\\/secure.gravatar.com\\\/avatar\\\/f7248cc9e6971153fdd196741b079c0229522d18a24f1fb69fb73c510aa6e189?s=96&d=identicon&r=gbd92884420bbfa56539e46241678b7d5\",\"url\":\"https:\\\/\\\/secure.gravatar.com\\\/avatar\\\/f7248cc9e6971153fdd196741b079c0229522d18a24f1fb69fb73c510aa6e189?s=96&d=identicon&r=g\",\"contentUrl\":\"https:\\\/\\\/secure.gravatar.com\\\/avatar\\\/f7248cc9e6971153fdd196741b079c0229522d18a24f1fb69fb73c510aa6e189?s=96&d=identicon&r=g\",\"caption\":\"Ariane Desrosiers\"},\"description\":\"Specialist, Social Sp\u00e9cialiste, M\u00e9dias num\u00e9riques\",\"url\":\"https:\\\/\\\/preprod.olympic.ca\\\/olympique\\\/author\\\/arianedesrosiers\\\/\"}]}<\/script>\n<!-- \/ Yoast SEO plugin. -->","yoast_head_json":{"title":"Del Bosco et Thompson couronn\u00e9s champions en ski cross \u00e0 Montafon - \u00c9quipe Canada | Site officiel de l&#039;\u00e9quipe olympique","robots":{"index":"index","follow":"follow","max-snippet":"max-snippet:-1","max-image-preview":"max-image-preview:large","max-video-preview":"max-video-preview:-1"},"canonical":"https:\/\/preprod.olympic.ca\/olympique\/2015\/12\/05\/del-bosco-et-thompson-couronnes-champions-en-ski-cross-a-montafon\/","og_locale":"fr_FR","og_type":"article","og_title":"Del Bosco et Thompson couronn\u00e9s champions en ski cross \u00e0 Montafon - \u00c9quipe Canada | Site officiel de l&#039;\u00e9quipe olympique","og_description":"Photo manchette : Chris Del Bosco (centre) croise le fil d&rsquo;arriv\u00e9e en premi\u00e8re position \u00e0 la Coupe du monde de...","og_url":"https:\/\/preprod.olympic.ca\/olympique\/2015\/12\/05\/del-bosco-et-thompson-couronnes-champions-en-ski-cross-a-montafon\/","og_site_name":"\u00c9quipe Canada | Site officiel de l&#039;\u00e9quipe olympique","article_published_time":"2015-12-05T15:00:25+00:00","article_modified_time":"2015-12-05T23:19:19+00:00","og_image":[{"width":670,"height":377,"url":"https:\/\/preprod.olympic.ca\/olympique\/wp-content\/uploads\/sites\/2\/2015\/12\/cdb.jpg?quality=100","type":"image\/jpeg"}],"author":"Ariane Desrosiers","twitter_card":"summary_large_image","twitter_misc":{"Written by":"Ariane Desrosiers","Est. reading time":"1 minute"},"schema":{"@context":"https:\/\/schema.org","@graph":[{"@type":"Article","@id":"https:\/\/preprod.olympic.ca\/olympique\/2015\/12\/05\/del-bosco-et-thompson-couronnes-champions-en-ski-cross-a-montafon\/#article","isPartOf":{"@id":"https:\/\/preprod.olympic.ca\/olympique\/2015\/12\/05\/del-bosco-et-thompson-couronnes-champions-en-ski-cross-a-montafon\/"},"author":{"name":"Ariane Desrosiers","@id":"https:\/\/preprod.olympic.ca\/olympique\/#\/schema\/person\/ae879cc7903f703b76ee14154862eb23"},"headline":"Del Bosco et Thompson couronn\u00e9s champions en ski cross \u00e0 Montafon","datePublished":"2015-12-05T15:00:25+00:00","dateModified":"2015-12-05T23:19:19+00:00","mainEntityOfPage":{"@id":"https:\/\/preprod.olympic.ca\/olympique\/2015\/12\/05\/del-bosco-et-thompson-couronnes-champions-en-ski-cross-a-montafon\/"},"wordCount":277,"commentCount":0,"image":{"@id":"https:\/\/preprod.olympic.ca\/olympique\/2015\/12\/05\/del-bosco-et-thompson-couronnes-champions-en-ski-cross-a-montafon\/#primaryimage"},"thumbnailUrl":"https:\/\/preprod.olympic.ca\/olympique\/wp-content\/uploads\/sites\/2\/2015\/12\/cdb.jpg?quality=100","keywords":["Brady Leman","Christopher Del Bosco","Marielle Thompson","Ski cross"],"articleSection":["Nouvelles","Uncategorized"],"inLanguage":"fr-FR","potentialAction":[{"@type":"CommentAction","name":"Comment","target":["https:\/\/preprod.olympic.ca\/olympique\/2015\/12\/05\/del-bosco-et-thompson-couronnes-champions-en-ski-cross-a-montafon\/#respond"]}]},{"@type":"WebPage","@id":"https:\/\/preprod.olympic.ca\/olympique\/2015\/12\/05\/del-bosco-et-thompson-couronnes-champions-en-ski-cross-a-montafon\/","url":"https:\/\/preprod.olympic.ca\/olympique\/2015\/12\/05\/del-bosco-et-thompson-couronnes-champions-en-ski-cross-a-montafon\/","name":"Del Bosco et Thompson couronn\u00e9s champions en ski cross \u00e0 Montafon - \u00c9quipe Canada | Site officiel de l&#039;\u00e9quipe olympique","isPartOf":{"@id":"https:\/\/preprod.olympic.ca\/olympique\/#website"},"primaryImageOfPage":{"@id":"https:\/\/preprod.olympic.ca\/olympique\/2015\/12\/05\/del-bosco-et-thompson-couronnes-champions-en-ski-cross-a-montafon\/#primaryimage"},"image":{"@id":"https:\/\/preprod.olympic.ca\/olympique\/2015\/12\/05\/del-bosco-et-thompson-couronnes-champions-en-ski-cross-a-montafon\/#primaryimage"},"thumbnailUrl":"https:\/\/preprod.olympic.ca\/olympique\/wp-content\/uploads\/sites\/2\/2015\/12\/cdb.jpg?quality=100","datePublished":"2015-12-05T15:00:25+00:00","dateModified":"2015-12-05T23:19:19+00:00","author":{"@id":"https:\/\/preprod.olympic.ca\/olympique\/#\/schema\/person\/ae879cc7903f703b76ee14154862eb23"},"inLanguage":"fr-FR","potentialAction":[{"@type":"ReadAction","target":["https:\/\/preprod.olympic.ca\/olympique\/2015\/12\/05\/del-bosco-et-thompson-couronnes-champions-en-ski-cross-a-montafon\/"]}]},{"@type":"ImageObject","inLanguage":"fr-FR","@id":"https:\/\/preprod.olympic.ca\/olympique\/2015\/12\/05\/del-bosco-et-thompson-couronnes-champions-en-ski-cross-a-montafon\/#primaryimage","url":"https:\/\/preprod.olympic.ca\/olympique\/wp-content\/uploads\/sites\/2\/2015\/12\/cdb.jpg?quality=100","contentUrl":"https:\/\/preprod.olympic.ca\/olympique\/wp-content\/uploads\/sites\/2\/2015\/12\/cdb.jpg?quality=100","width":670,"height":377},{"@type":"WebSite","@id":"https:\/\/preprod.olympic.ca\/olympique\/#website","url":"https:\/\/preprod.olympic.ca\/olympique\/","name":"\u00c9quipe Canada | Site officiel de l&#039;\u00e9quipe olympique","description":"Votre source pour l\u2019\u00c9quipe olympique canadienne. Retrouvez les r\u00e9cits, vid\u00e9os et photos des athl\u00e8tes canadiens, sports olympiques, Jeux olympiques de 2020 et bien plus!","potentialAction":[{"@type":"SearchAction","target":{"@type":"EntryPoint","urlTemplate":"https:\/\/preprod.olympic.ca\/olympique\/?s={search_term_string}"},"query-input":{"@type":"PropertyValueSpecification","valueRequired":true,"valueName":"search_term_string"}}],"inLanguage":"fr-FR"},{"@type":"Person","@id":"https:\/\/preprod.olympic.ca\/olympique\/#\/schema\/person\/ae879cc7903f703b76ee14154862eb23","name":"Ariane Desrosiers","image":{"@type":"ImageObject","inLanguage":"fr-FR","@id":"https:\/\/secure.gravatar.com\/avatar\/f7248cc9e6971153fdd196741b079c0229522d18a24f1fb69fb73c510aa6e189?s=96&d=identicon&r=gbd92884420bbfa56539e46241678b7d5","url":"https:\/\/secure.gravatar.com\/avatar\/f7248cc9e6971153fdd196741b079c0229522d18a24f1fb69fb73c510aa6e189?s=96&d=identicon&r=g","contentUrl":"https:\/\/secure.gravatar.com\/avatar\/f7248cc9e6971153fdd196741b079c0229522d18a24f1fb69fb73c510aa6e189?s=96&d=identicon&r=g","caption":"Ariane Desrosiers"},"description":"Specialist, Social Sp\u00e9cialiste, M\u00e9dias num\u00e9riques","url":"https:\/\/preprod.olympic.ca\/olympique\/author\/arianedesrosiers\/"}]}},"jetpack_featured_media_url":"https:\/\/preprod.olympic.ca\/olympique\/wp-content\/uploads\/sites\/2\/2015\/12\/cdb.jpg?quality=100","featured_image_url":"https:\/\/preprod.olympic.ca\/olympique\/wp-content\/uploads\/sites\/2\/2015\/12\/cdb.jpg?quality=100","author_name":["Ariane Desrosiers"],"category_names":["Nouvelles","Uncategorized"],"tag_names":["Brady Leman","Christopher Del Bosco","Marielle Thompson","Ski cross"],"video_embed_code":"","facebook_video_embed_code":"","jetpack_sharing_enabled":true,"jetpack-related-posts":[],"jetpack_shortlink":"https:\/\/wp.me\/pcGHcP-t0F","_links":{"self":[{"href":"https:\/\/preprod.olympic.ca\/olympique\/wp-json\/wp\/v2\/posts\/111517","targetHints":{"allow":["GET"]}}],"collection":[{"href":"https:\/\/preprod.olympic.ca\/olympique\/wp-json\/wp\/v2\/posts"}],"about":[{"href":"https:\/\/preprod.olympic.ca\/olympique\/wp-json\/wp\/v2\/types\/post"}],"author":[{"embeddable":true,"href":"https:\/\/preprod.olympic.ca\/olympique\/wp-json\/wp\/v2\/users\/96107080"}],"replies":[{"embeddable":true,"href":"https:\/\/preprod.olympic.ca\/olympique\/wp-json\/wp\/v2\/comments?post=111517"}],"version-history":[{"count":5,"href":"https:\/\/preprod.olympic.ca\/olympique\/wp-json\/wp\/v2\/posts\/111517\/revisions"}],"predecessor-version":[{"id":111528,"href":"https:\/\/preprod.olympic.ca\/olympique\/wp-json\/wp\/v2\/posts\/111517\/revisions\/111528"}],"wp:featuredmedia":[{"embeddable":true,"href":"https:\/\/preprod.olympic.ca\/olympique\/wp-json\/wp\/v2\/media\/111526"}],"wp:attachment":[{"href":"https:\/\/preprod.olympic.ca\/olympique\/wp-json\/wp\/v2\/media?parent=111517"}],"wp:term":[{"taxonomy":"category","embeddable":true,"href":"https:\/\/preprod.olympic.ca\/olympique\/wp-json\/wp\/v2\/categories?post=111517"},{"taxonomy":"post_tag","embeddable":true,"href":"https:\/\/preprod.olympic.ca\/olympique\/wp-json\/wp\/v2\/tags?post=111517"},{"taxonomy":"post_format","embeddable":true,"href":"https:\/\/preprod.olympic.ca\/olympique\/wp-json\/wp\/v2\/post_format?post=111517"},{"taxonomy":"sport","embeddable":true,"href":"https:\/\/preprod.olympic.ca\/olympique\/wp-json\/wp\/v2\/sport?post=111517"},{"taxonomy":"game","embeddable":true,"href":"https:\/\/preprod.olympic.ca\/olympique\/wp-json\/wp\/v2\/game?post=111517"},{"taxonomy":"author","embeddable":true,"href":"https:\/\/preprod.olympic.ca\/olympique\/wp-json\/wp\/v2\/coauthors?post=111517"}],"curies":[{"name":"wp","href":"https:\/\/api.w.org\/{rel}","templated":true}]}}