{"id":112149,"date":"2016-01-23T18:07:39","date_gmt":"2016-01-23T23:07:39","guid":{"rendered":"http:\/\/olympique.ca\/?p=112149"},"modified":"2016-01-26T17:18:43","modified_gmt":"2016-01-26T22:18:43","slug":"marielle-thompson-en-or-et-brady-leman-en-bronze-a-nakiska","status":"publish","type":"post","link":"https:\/\/preprod.olympic.ca\/olympique\/2016\/01\/23\/marielle-thompson-en-or-et-brady-leman-en-bronze-a-nakiska\/","title":{"rendered":"Marielle Thompson en or et Brady Leman en bronze \u00e0 Nakiska"},"content":{"rendered":"<p><em>Marielle Thompson, au centre, \u00a0\u00e0 la Coupe du monde \u00e0 Kananaskis, Alberta, le 23 janvier\u00a02016.<\/em><\/p>\n<h1>La\u00a0<a href=\"http:\/\/olympique.ca\/2014\/02\/21\/double-canadien-en-ski-cross-feminin\/\">championne olympique Marielle Thompson<\/a>\u00a0est sortie victorieuse de la Coupe du monde de ski cross alors que\u00a0<a href=\"http:\/\/olympique.ca\/team-canada\/brady-leman\/\">Brady Leman<\/a>\u00a0s\u2019est retrouv\u00e9 au troisi\u00e8me rang dans une fin de course qui a n\u00e9cessit\u00e9 la photo d\u2019arriv\u00e9e \u00e0 la station de ski Nakiska (Alberta), samedi.<\/h1>\n<p>En finale,\u00a0<a href=\"http:\/\/olympique.ca\/team-canada\/marielle-thompson\/\">Thompson<\/a>\u00a0s\u2019est mesur\u00e9e \u00e0 celle qui tr\u00f4ne au sommet du classement g\u00e9n\u00e9ral, Anna Holmlund. La Canadienne a profit\u00e9 d\u2019une avance en d\u00e9but de course, puis\u00a0s\u2019est fait rattraper par la Su\u00e9doise dans le dernier droit, mais ce ne fut pas suffisant pour la d\u00e9classer de la position de t\u00eate. L\u2019Autrichienne\u00a0Andrea Limbacher est mont\u00e9e sur la troisi\u00e8me marche du podium.<\/p>\n<p>Cette victoire marque la troisi\u00e8me de Thompson pour la saison en cours, la skieuse ayant remport\u00e9\u00a0les courses de\u00a0<a href=\"http:\/\/olympique.ca\/2015\/12\/05\/del-bosco-et-thompson-couronnes-champions-en-ski-cross-a-montafon\/\">Montafon<\/a>\u00a0et\u00a0<a href=\"http:\/\/olympique.ca\/2016\/01\/17\/thompson-rafle-lor-en-italie-leman-sempare-du-bronze\/\">Watles<\/a>.<\/p>\n<div id=\"attachment_128398\" style=\"width: 1350px\" class=\"wp-caption aligncenter\"><img loading=\"lazy\" decoding=\"async\" aria-describedby=\"caption-attachment-128398\" class=\"wp-image-128398 size-full\" src=\"https:\/\/cdnolympic.files.wordpress.com\/2016\/01\/b-leman.jpg?quality=100\" alt=\"Brady Leman leads during the men's final at the World Cup ski cross event at Nakiska Ski resort in Kananaskis, Alta., Saturday, Jan. 23, 2016.\" width=\"1340\" height=\"754\" \/><p id=\"caption-attachment-128398\" class=\"wp-caption-text\">Brady Leman m\u00e8ne durant la finale masculine de l&rsquo;\u00e9preuve de Coupe du monde au centre de ski de Nakiska \u00e0 Kananaskis (Alberta), le samedi 23 janvier 2016.<\/p><\/div>\n<p>Brady Leman, qui est deuxi\u00e8me au classement g\u00e9n\u00e9ral, a remport\u00e9 toutes ses courses dans les rondes \u00e9liminatoires et \u00e9tait favori pour d\u00e9crocher le titre de\u00a0cette Coupe du monde disput\u00e9e sur le site des Jeux olympiques de 1988.<\/p>\n<p>La grande finale \u00e9tait si serr\u00e9e que les organisateurs ont d\u00fb avoir recours \u00e0 la photo d\u2019arriv\u00e9e pour d\u00e9terminer, non pas le vainqueur, mais bien les trois m\u00e9daill\u00e9s.<\/p>\n<p>C\u2019est le Fran\u00e7ais Jean Fr\u00e9d\u00e9ric Chapuis qui a crois\u00e9 le fil d\u2019arriv\u00e9e le premier, suivi du Suisse Armin Niederer. Brady Leman a termin\u00e9 au troisi\u00e8me rang, par un doigt\u2026 litt\u00e9ralement.<\/p>\n<div class=\"embed-twitter\">\n<blockquote class=\"twitter-tweet\" width=\"550\">\n<p lang=\"en\" dir=\"ltr\"><a href=\"https:\/\/twitter.com\/hashtag\/NAKskicross?src=hash\">#NAKskicross<\/a> photo finish in the Men&#39;s Final. <a href=\"https:\/\/twitter.com\/Lemanracing\">@Lemanracing<\/a> finishes 3rd by a finger. <a href=\"https:\/\/twitter.com\/hashtag\/CANskiteam?src=hash\">#CANskiteam<\/a> <a href=\"https:\/\/twitter.com\/hashtag\/TeamCanada?src=hash\">#TeamCanada<\/a> <a href=\"https:\/\/t.co\/0j77LwkFs5\">pic.twitter.com\/0j77LwkFs5<\/a><\/p>\n<p>&mdash; Alpine Canada Alpin (@Alpine_Canada) <a href=\"https:\/\/twitter.com\/Alpine_Canada\/status\/690982247780909056\">January 23, 2016<\/a><\/p><\/blockquote>\n<p><script async src=\"\/\/platform.twitter.com\/widgets.js\" charset=\"utf-8\"><\/script><\/div>\n","protected":false},"excerpt":{"rendered":"<p>Marielle Thompson, au centre, \u00a0\u00e0 la Coupe du monde \u00e0 Kananaskis, Alberta, le 23 janvier\u00a02016. La\u00a0championne olympique Marielle Thompson\u00a0est sortie&#8230;<\/p>\n","protected":false},"author":96107080,"featured_media":112151,"comment_status":"open","ping_status":"closed","sticky":false,"template":"","format":"standard","meta":{"_acf_changed":false,"_jetpack_memberships_contains_paid_content":false,"footnotes":""},"categories":[16085],"tags":[77723950,415616433,77723951],"post_format":"standard","sport":[2836518],"game":[],"coauthors":[209272438],"class_list":["post-112149","post","type-post","status-publish","format-standard","has-post-thumbnail","hentry","category-nouvelles","tag-brady-leman","tag-chris-delbosco","tag-marielle-thompson","sport-ski-alpin"],"acf":[],"yoast_head":"<!-- This site is optimized with the Yoast SEO plugin v27.3 - https:\/\/yoast.com\/product\/yoast-seo-wordpress\/ -->\n<title>Marielle Thompson en or et Brady Leman en bronze \u00e0 Nakiska - \u00c9quipe Canada | Site officiel de l&#039;\u00e9quipe olympique<\/title>\n<meta name=\"robots\" content=\"index, follow, max-snippet:-1, max-image-preview:large, max-video-preview:-1\" \/>\n<link rel=\"canonical\" href=\"https:\/\/preprod.olympic.ca\/olympique\/2016\/01\/23\/marielle-thompson-en-or-et-brady-leman-en-bronze-a-nakiska\/\" \/>\n<meta property=\"og:locale\" content=\"fr_FR\" \/>\n<meta property=\"og:type\" content=\"article\" \/>\n<meta property=\"og:title\" content=\"Marielle Thompson en or et Brady Leman en bronze \u00e0 Nakiska - \u00c9quipe Canada | Site officiel de l&#039;\u00e9quipe olympique\" \/>\n<meta property=\"og:description\" content=\"Marielle Thompson, au centre, \u00a0\u00e0 la Coupe du monde \u00e0 Kananaskis, Alberta, le 23 janvier\u00a02016. La\u00a0championne olympique Marielle Thompson\u00a0est sortie...\" \/>\n<meta property=\"og:url\" content=\"https:\/\/preprod.olympic.ca\/olympique\/2016\/01\/23\/marielle-thompson-en-or-et-brady-leman-en-bronze-a-nakiska\/\" \/>\n<meta property=\"og:site_name\" content=\"\u00c9quipe Canada | Site officiel de l&#039;\u00e9quipe olympique\" \/>\n<meta property=\"article:published_time\" content=\"2016-01-23T23:07:39+00:00\" \/>\n<meta property=\"article:modified_time\" content=\"2016-01-26T22:18:43+00:00\" \/>\n<meta property=\"og:image\" content=\"https:\/\/preprod.olympic.ca\/olympique\/wp-content\/uploads\/sites\/2\/2016\/01\/m-thompson1.jpg?quality=100\" \/>\n\t<meta property=\"og:image:width\" content=\"1340\" \/>\n\t<meta property=\"og:image:height\" content=\"754\" \/>\n\t<meta property=\"og:image:type\" content=\"image\/jpeg\" \/>\n<meta name=\"author\" content=\"Ariane Desrosiers\" \/>\n<meta name=\"twitter:card\" content=\"summary_large_image\" \/>\n<meta name=\"twitter:label1\" content=\"Written by\" \/>\n\t<meta name=\"twitter:data1\" content=\"Ariane Desrosiers\" \/>\n\t<meta name=\"twitter:label2\" content=\"Est. reading time\" \/>\n\t<meta name=\"twitter:data2\" content=\"2 minutes\" \/>\n<script type=\"application\/ld+json\" class=\"yoast-schema-graph\">{\"@context\":\"https:\\\/\\\/schema.org\",\"@graph\":[{\"@type\":\"Article\",\"@id\":\"https:\\\/\\\/preprod.olympic.ca\\\/olympique\\\/2016\\\/01\\\/23\\\/marielle-thompson-en-or-et-brady-leman-en-bronze-a-nakiska\\\/#article\",\"isPartOf\":{\"@id\":\"https:\\\/\\\/preprod.olympic.ca\\\/olympique\\\/2016\\\/01\\\/23\\\/marielle-thompson-en-or-et-brady-leman-en-bronze-a-nakiska\\\/\"},\"author\":{\"name\":\"Ariane Desrosiers\",\"@id\":\"https:\\\/\\\/preprod.olympic.ca\\\/olympique\\\/#\\\/schema\\\/person\\\/ae879cc7903f703b76ee14154862eb23\"},\"headline\":\"Marielle Thompson en or et Brady Leman en bronze \u00e0 Nakiska\",\"datePublished\":\"2016-01-23T23:07:39+00:00\",\"dateModified\":\"2016-01-26T22:18:43+00:00\",\"mainEntityOfPage\":{\"@id\":\"https:\\\/\\\/preprod.olympic.ca\\\/olympique\\\/2016\\\/01\\\/23\\\/marielle-thompson-en-or-et-brady-leman-en-bronze-a-nakiska\\\/\"},\"wordCount\":320,\"commentCount\":0,\"image\":{\"@id\":\"https:\\\/\\\/preprod.olympic.ca\\\/olympique\\\/2016\\\/01\\\/23\\\/marielle-thompson-en-or-et-brady-leman-en-bronze-a-nakiska\\\/#primaryimage\"},\"thumbnailUrl\":\"https:\\\/\\\/preprod.olympic.ca\\\/olympique\\\/wp-content\\\/uploads\\\/sites\\\/2\\\/2016\\\/01\\\/m-thompson1.jpg?quality=100\",\"keywords\":[\"Brady Leman\",\"chris delbosco\",\"Marielle Thompson\"],\"articleSection\":[\"Nouvelles\"],\"inLanguage\":\"fr-FR\",\"potentialAction\":[{\"@type\":\"CommentAction\",\"name\":\"Comment\",\"target\":[\"https:\\\/\\\/preprod.olympic.ca\\\/olympique\\\/2016\\\/01\\\/23\\\/marielle-thompson-en-or-et-brady-leman-en-bronze-a-nakiska\\\/#respond\"]}]},{\"@type\":\"WebPage\",\"@id\":\"https:\\\/\\\/preprod.olympic.ca\\\/olympique\\\/2016\\\/01\\\/23\\\/marielle-thompson-en-or-et-brady-leman-en-bronze-a-nakiska\\\/\",\"url\":\"https:\\\/\\\/preprod.olympic.ca\\\/olympique\\\/2016\\\/01\\\/23\\\/marielle-thompson-en-or-et-brady-leman-en-bronze-a-nakiska\\\/\",\"name\":\"Marielle Thompson en or et Brady Leman en bronze \u00e0 Nakiska - \u00c9quipe Canada | Site officiel de l&#039;\u00e9quipe olympique\",\"isPartOf\":{\"@id\":\"https:\\\/\\\/preprod.olympic.ca\\\/olympique\\\/#website\"},\"primaryImageOfPage\":{\"@id\":\"https:\\\/\\\/preprod.olympic.ca\\\/olympique\\\/2016\\\/01\\\/23\\\/marielle-thompson-en-or-et-brady-leman-en-bronze-a-nakiska\\\/#primaryimage\"},\"image\":{\"@id\":\"https:\\\/\\\/preprod.olympic.ca\\\/olympique\\\/2016\\\/01\\\/23\\\/marielle-thompson-en-or-et-brady-leman-en-bronze-a-nakiska\\\/#primaryimage\"},\"thumbnailUrl\":\"https:\\\/\\\/preprod.olympic.ca\\\/olympique\\\/wp-content\\\/uploads\\\/sites\\\/2\\\/2016\\\/01\\\/m-thompson1.jpg?quality=100\",\"datePublished\":\"2016-01-23T23:07:39+00:00\",\"dateModified\":\"2016-01-26T22:18:43+00:00\",\"author\":{\"@id\":\"https:\\\/\\\/preprod.olympic.ca\\\/olympique\\\/#\\\/schema\\\/person\\\/ae879cc7903f703b76ee14154862eb23\"},\"inLanguage\":\"fr-FR\",\"potentialAction\":[{\"@type\":\"ReadAction\",\"target\":[\"https:\\\/\\\/preprod.olympic.ca\\\/olympique\\\/2016\\\/01\\\/23\\\/marielle-thompson-en-or-et-brady-leman-en-bronze-a-nakiska\\\/\"]}]},{\"@type\":\"ImageObject\",\"inLanguage\":\"fr-FR\",\"@id\":\"https:\\\/\\\/preprod.olympic.ca\\\/olympique\\\/2016\\\/01\\\/23\\\/marielle-thompson-en-or-et-brady-leman-en-bronze-a-nakiska\\\/#primaryimage\",\"url\":\"https:\\\/\\\/preprod.olympic.ca\\\/olympique\\\/wp-content\\\/uploads\\\/sites\\\/2\\\/2016\\\/01\\\/m-thompson1.jpg?quality=100\",\"contentUrl\":\"https:\\\/\\\/preprod.olympic.ca\\\/olympique\\\/wp-content\\\/uploads\\\/sites\\\/2\\\/2016\\\/01\\\/m-thompson1.jpg?quality=100\",\"width\":1340,\"height\":754},{\"@type\":\"WebSite\",\"@id\":\"https:\\\/\\\/preprod.olympic.ca\\\/olympique\\\/#website\",\"url\":\"https:\\\/\\\/preprod.olympic.ca\\\/olympique\\\/\",\"name\":\"\u00c9quipe Canada | Site officiel de l&#039;\u00e9quipe olympique\",\"description\":\"Votre source pour l\u2019\u00c9quipe olympique canadienne. Retrouvez les r\u00e9cits, vid\u00e9os et photos des athl\u00e8tes canadiens, sports olympiques, Jeux olympiques de 2020 et bien plus!\",\"potentialAction\":[{\"@type\":\"SearchAction\",\"target\":{\"@type\":\"EntryPoint\",\"urlTemplate\":\"https:\\\/\\\/preprod.olympic.ca\\\/olympique\\\/?s={search_term_string}\"},\"query-input\":{\"@type\":\"PropertyValueSpecification\",\"valueRequired\":true,\"valueName\":\"search_term_string\"}}],\"inLanguage\":\"fr-FR\"},{\"@type\":\"Person\",\"@id\":\"https:\\\/\\\/preprod.olympic.ca\\\/olympique\\\/#\\\/schema\\\/person\\\/ae879cc7903f703b76ee14154862eb23\",\"name\":\"Ariane Desrosiers\",\"image\":{\"@type\":\"ImageObject\",\"inLanguage\":\"fr-FR\",\"@id\":\"https:\\\/\\\/secure.gravatar.com\\\/avatar\\\/f7248cc9e6971153fdd196741b079c0229522d18a24f1fb69fb73c510aa6e189?s=96&d=identicon&r=gbd92884420bbfa56539e46241678b7d5\",\"url\":\"https:\\\/\\\/secure.gravatar.com\\\/avatar\\\/f7248cc9e6971153fdd196741b079c0229522d18a24f1fb69fb73c510aa6e189?s=96&d=identicon&r=g\",\"contentUrl\":\"https:\\\/\\\/secure.gravatar.com\\\/avatar\\\/f7248cc9e6971153fdd196741b079c0229522d18a24f1fb69fb73c510aa6e189?s=96&d=identicon&r=g\",\"caption\":\"Ariane Desrosiers\"},\"description\":\"Specialist, Social Sp\u00e9cialiste, M\u00e9dias num\u00e9riques\",\"url\":\"https:\\\/\\\/preprod.olympic.ca\\\/olympique\\\/author\\\/arianedesrosiers\\\/\"}]}<\/script>\n<!-- \/ Yoast SEO plugin. -->","yoast_head_json":{"title":"Marielle Thompson en or et Brady Leman en bronze \u00e0 Nakiska - \u00c9quipe Canada | Site officiel de l&#039;\u00e9quipe olympique","robots":{"index":"index","follow":"follow","max-snippet":"max-snippet:-1","max-image-preview":"max-image-preview:large","max-video-preview":"max-video-preview:-1"},"canonical":"https:\/\/preprod.olympic.ca\/olympique\/2016\/01\/23\/marielle-thompson-en-or-et-brady-leman-en-bronze-a-nakiska\/","og_locale":"fr_FR","og_type":"article","og_title":"Marielle Thompson en or et Brady Leman en bronze \u00e0 Nakiska - \u00c9quipe Canada | Site officiel de l&#039;\u00e9quipe olympique","og_description":"Marielle Thompson, au centre, \u00a0\u00e0 la Coupe du monde \u00e0 Kananaskis, Alberta, le 23 janvier\u00a02016. La\u00a0championne olympique Marielle Thompson\u00a0est sortie...","og_url":"https:\/\/preprod.olympic.ca\/olympique\/2016\/01\/23\/marielle-thompson-en-or-et-brady-leman-en-bronze-a-nakiska\/","og_site_name":"\u00c9quipe Canada | Site officiel de l&#039;\u00e9quipe olympique","article_published_time":"2016-01-23T23:07:39+00:00","article_modified_time":"2016-01-26T22:18:43+00:00","og_image":[{"width":1340,"height":754,"url":"https:\/\/preprod.olympic.ca\/olympique\/wp-content\/uploads\/sites\/2\/2016\/01\/m-thompson1.jpg?quality=100","type":"image\/jpeg"}],"author":"Ariane Desrosiers","twitter_card":"summary_large_image","twitter_misc":{"Written by":"Ariane Desrosiers","Est. reading time":"2 minutes"},"schema":{"@context":"https:\/\/schema.org","@graph":[{"@type":"Article","@id":"https:\/\/preprod.olympic.ca\/olympique\/2016\/01\/23\/marielle-thompson-en-or-et-brady-leman-en-bronze-a-nakiska\/#article","isPartOf":{"@id":"https:\/\/preprod.olympic.ca\/olympique\/2016\/01\/23\/marielle-thompson-en-or-et-brady-leman-en-bronze-a-nakiska\/"},"author":{"name":"Ariane Desrosiers","@id":"https:\/\/preprod.olympic.ca\/olympique\/#\/schema\/person\/ae879cc7903f703b76ee14154862eb23"},"headline":"Marielle Thompson en or et Brady Leman en bronze \u00e0 Nakiska","datePublished":"2016-01-23T23:07:39+00:00","dateModified":"2016-01-26T22:18:43+00:00","mainEntityOfPage":{"@id":"https:\/\/preprod.olympic.ca\/olympique\/2016\/01\/23\/marielle-thompson-en-or-et-brady-leman-en-bronze-a-nakiska\/"},"wordCount":320,"commentCount":0,"image":{"@id":"https:\/\/preprod.olympic.ca\/olympique\/2016\/01\/23\/marielle-thompson-en-or-et-brady-leman-en-bronze-a-nakiska\/#primaryimage"},"thumbnailUrl":"https:\/\/preprod.olympic.ca\/olympique\/wp-content\/uploads\/sites\/2\/2016\/01\/m-thompson1.jpg?quality=100","keywords":["Brady Leman","chris delbosco","Marielle Thompson"],"articleSection":["Nouvelles"],"inLanguage":"fr-FR","potentialAction":[{"@type":"CommentAction","name":"Comment","target":["https:\/\/preprod.olympic.ca\/olympique\/2016\/01\/23\/marielle-thompson-en-or-et-brady-leman-en-bronze-a-nakiska\/#respond"]}]},{"@type":"WebPage","@id":"https:\/\/preprod.olympic.ca\/olympique\/2016\/01\/23\/marielle-thompson-en-or-et-brady-leman-en-bronze-a-nakiska\/","url":"https:\/\/preprod.olympic.ca\/olympique\/2016\/01\/23\/marielle-thompson-en-or-et-brady-leman-en-bronze-a-nakiska\/","name":"Marielle Thompson en or et Brady Leman en bronze \u00e0 Nakiska - \u00c9quipe Canada | Site officiel de l&#039;\u00e9quipe olympique","isPartOf":{"@id":"https:\/\/preprod.olympic.ca\/olympique\/#website"},"primaryImageOfPage":{"@id":"https:\/\/preprod.olympic.ca\/olympique\/2016\/01\/23\/marielle-thompson-en-or-et-brady-leman-en-bronze-a-nakiska\/#primaryimage"},"image":{"@id":"https:\/\/preprod.olympic.ca\/olympique\/2016\/01\/23\/marielle-thompson-en-or-et-brady-leman-en-bronze-a-nakiska\/#primaryimage"},"thumbnailUrl":"https:\/\/preprod.olympic.ca\/olympique\/wp-content\/uploads\/sites\/2\/2016\/01\/m-thompson1.jpg?quality=100","datePublished":"2016-01-23T23:07:39+00:00","dateModified":"2016-01-26T22:18:43+00:00","author":{"@id":"https:\/\/preprod.olympic.ca\/olympique\/#\/schema\/person\/ae879cc7903f703b76ee14154862eb23"},"inLanguage":"fr-FR","potentialAction":[{"@type":"ReadAction","target":["https:\/\/preprod.olympic.ca\/olympique\/2016\/01\/23\/marielle-thompson-en-or-et-brady-leman-en-bronze-a-nakiska\/"]}]},{"@type":"ImageObject","inLanguage":"fr-FR","@id":"https:\/\/preprod.olympic.ca\/olympique\/2016\/01\/23\/marielle-thompson-en-or-et-brady-leman-en-bronze-a-nakiska\/#primaryimage","url":"https:\/\/preprod.olympic.ca\/olympique\/wp-content\/uploads\/sites\/2\/2016\/01\/m-thompson1.jpg?quality=100","contentUrl":"https:\/\/preprod.olympic.ca\/olympique\/wp-content\/uploads\/sites\/2\/2016\/01\/m-thompson1.jpg?quality=100","width":1340,"height":754},{"@type":"WebSite","@id":"https:\/\/preprod.olympic.ca\/olympique\/#website","url":"https:\/\/preprod.olympic.ca\/olympique\/","name":"\u00c9quipe Canada | Site officiel de l&#039;\u00e9quipe olympique","description":"Votre source pour l\u2019\u00c9quipe olympique canadienne. Retrouvez les r\u00e9cits, vid\u00e9os et photos des athl\u00e8tes canadiens, sports olympiques, Jeux olympiques de 2020 et bien plus!","potentialAction":[{"@type":"SearchAction","target":{"@type":"EntryPoint","urlTemplate":"https:\/\/preprod.olympic.ca\/olympique\/?s={search_term_string}"},"query-input":{"@type":"PropertyValueSpecification","valueRequired":true,"valueName":"search_term_string"}}],"inLanguage":"fr-FR"},{"@type":"Person","@id":"https:\/\/preprod.olympic.ca\/olympique\/#\/schema\/person\/ae879cc7903f703b76ee14154862eb23","name":"Ariane Desrosiers","image":{"@type":"ImageObject","inLanguage":"fr-FR","@id":"https:\/\/secure.gravatar.com\/avatar\/f7248cc9e6971153fdd196741b079c0229522d18a24f1fb69fb73c510aa6e189?s=96&d=identicon&r=gbd92884420bbfa56539e46241678b7d5","url":"https:\/\/secure.gravatar.com\/avatar\/f7248cc9e6971153fdd196741b079c0229522d18a24f1fb69fb73c510aa6e189?s=96&d=identicon&r=g","contentUrl":"https:\/\/secure.gravatar.com\/avatar\/f7248cc9e6971153fdd196741b079c0229522d18a24f1fb69fb73c510aa6e189?s=96&d=identicon&r=g","caption":"Ariane Desrosiers"},"description":"Specialist, Social Sp\u00e9cialiste, M\u00e9dias num\u00e9riques","url":"https:\/\/preprod.olympic.ca\/olympique\/author\/arianedesrosiers\/"}]}},"jetpack_featured_media_url":"https:\/\/preprod.olympic.ca\/olympique\/wp-content\/uploads\/sites\/2\/2016\/01\/m-thompson1.jpg?quality=100","featured_image_url":"https:\/\/preprod.olympic.ca\/olympique\/wp-content\/uploads\/sites\/2\/2016\/01\/m-thompson1.jpg?quality=100","author_name":["Ariane Desrosiers"],"category_names":["Nouvelles"],"tag_names":["Brady Leman","chris delbosco","Marielle Thompson"],"video_embed_code":"","facebook_video_embed_code":"","jetpack_sharing_enabled":true,"jetpack-related-posts":[],"jetpack_shortlink":"https:\/\/wp.me\/pcGHcP-taR","_links":{"self":[{"href":"https:\/\/preprod.olympic.ca\/olympique\/wp-json\/wp\/v2\/posts\/112149","targetHints":{"allow":["GET"]}}],"collection":[{"href":"https:\/\/preprod.olympic.ca\/olympique\/wp-json\/wp\/v2\/posts"}],"about":[{"href":"https:\/\/preprod.olympic.ca\/olympique\/wp-json\/wp\/v2\/types\/post"}],"author":[{"embeddable":true,"href":"https:\/\/preprod.olympic.ca\/olympique\/wp-json\/wp\/v2\/users\/96107080"}],"replies":[{"embeddable":true,"href":"https:\/\/preprod.olympic.ca\/olympique\/wp-json\/wp\/v2\/comments?post=112149"}],"version-history":[{"count":4,"href":"https:\/\/preprod.olympic.ca\/olympique\/wp-json\/wp\/v2\/posts\/112149\/revisions"}],"predecessor-version":[{"id":112187,"href":"https:\/\/preprod.olympic.ca\/olympique\/wp-json\/wp\/v2\/posts\/112149\/revisions\/112187"}],"wp:featuredmedia":[{"embeddable":true,"href":"https:\/\/preprod.olympic.ca\/olympique\/wp-json\/wp\/v2\/media\/112151"}],"wp:attachment":[{"href":"https:\/\/preprod.olympic.ca\/olympique\/wp-json\/wp\/v2\/media?parent=112149"}],"wp:term":[{"taxonomy":"category","embeddable":true,"href":"https:\/\/preprod.olympic.ca\/olympique\/wp-json\/wp\/v2\/categories?post=112149"},{"taxonomy":"post_tag","embeddable":true,"href":"https:\/\/preprod.olympic.ca\/olympique\/wp-json\/wp\/v2\/tags?post=112149"},{"taxonomy":"post_format","embeddable":true,"href":"https:\/\/preprod.olympic.ca\/olympique\/wp-json\/wp\/v2\/post_format?post=112149"},{"taxonomy":"sport","embeddable":true,"href":"https:\/\/preprod.olympic.ca\/olympique\/wp-json\/wp\/v2\/sport?post=112149"},{"taxonomy":"game","embeddable":true,"href":"https:\/\/preprod.olympic.ca\/olympique\/wp-json\/wp\/v2\/game?post=112149"},{"taxonomy":"author","embeddable":true,"href":"https:\/\/preprod.olympic.ca\/olympique\/wp-json\/wp\/v2\/coauthors?post=112149"}],"curies":[{"name":"wp","href":"https:\/\/api.w.org\/{rel}","templated":true}]}}