{"id":113157,"date":"2016-02-28T11:25:46","date_gmt":"2016-02-28T16:25:46","guid":{"rendered":"http:\/\/olympique.ca\/?p=113157"},"modified":"2016-03-09T16:01:12","modified_gmt":"2016-03-09T21:01:12","slug":"largent-pour-kelsey-serwa-sur-la-piste-de-ski-cross-des-jeux-olympiques-de-2018","status":"publish","type":"post","link":"https:\/\/preprod.olympic.ca\/olympique\/2016\/02\/28\/largent-pour-kelsey-serwa-sur-la-piste-de-ski-cross-des-jeux-olympiques-de-2018\/","title":{"rendered":"L\u2019argent pour Kelsey Serwa sur la piste de ski cross des Jeux olympiques de 2018"},"content":{"rendered":"<p><em>Photo manchette : Kelsey Serwa (\u00e0 droite) a talonn\u00e9\u00a0l&rsquo;Autrichienne Andra Limbacher tout au long de la finale \u00e0 la Coupe du monde de Bowang (Cor\u00e9e du Sud), le 28 f\u00e9vrier 2016. (Photo : FIS)<\/em><\/p>\n<h1><a href=\"http:\/\/olympique.ca\/team-canada\/kelsey-serwa\/\">Kelsey Serwa<\/a>\u00a0a r\u00e9alis\u00e9 la meilleure performance canadienne \u00e0\u00a0l\u2019\u00e9preuve test des <a href=\"https:\/\/www.youtube.com\/watch?v=Yn4HGrYpo2U\">Jeux olympiques de 2018<\/a> en montant sur la deuxi\u00e8me marche du podium, dimanche, dans le cadre\u00a0de la\u00a0Coupe du monde de Bowang (Cor\u00e9e du\u00a0Sud).<\/h1>\n<div id=\"attachment_113159\" style=\"width: 650px\" class=\"wp-caption alignnone\"><img loading=\"lazy\" decoding=\"async\" aria-describedby=\"caption-attachment-113159\" class=\"size-full wp-image-113159\" src=\"https:\/\/preprod.olympic.ca\/wp-content\/uploads\/sites\/2\/2016\/02\/82626_g08_w01.jpg?quality=100\" alt=\"Il s'agit d'un deuxi\u00e8me podium pour Kelsey Serwa cette saison apr\u00e8s avoir pass\u00e9 une ann\u00e9e loin des pistes. (Photo: FIS)\" width=\"640\" height=\"360\" srcset=\"https:\/\/preprod.olympic.ca\/olympique\/wp-content\/uploads\/sites\/2\/2016\/02\/82626_g08_w01.jpg 640w, https:\/\/preprod.olympic.ca\/olympique\/wp-content\/uploads\/sites\/2\/2016\/02\/82626_g08_w01.jpg?resize=280,158 280w\" sizes=\"(max-width: 640px) 100vw, 640px\" \/><p id=\"caption-attachment-113159\" class=\"wp-caption-text\">Il s&rsquo;agit d&rsquo;un deuxi\u00e8me podium pour Kelsey Serwa cette saison apr\u00e8s avoir pass\u00e9 une ann\u00e9e loin des pistes. (Photo: FIS)<\/p><\/div>\n<p><a href=\"http:\/\/olympique.ca\/2014\/02\/21\/double-canadien-en-ski-cross-feminin\/\">La m\u00e9daill\u00e9e d\u2019argent des Jeux olympiques de Sotchi<\/a> s\u2019est retrouv\u00e9e en grande finale avec sa compatriote <a href=\"http:\/\/olympique.ca\/team-canada\/marielle-thompson\/\">Marielle Thompson<\/a>. Les deux Canadiennes ont bataill\u00e9 fort avec l\u2019Autrichienne Andra Limbacher pour la premi\u00e8re place tout au long de la course ultime. Contrainte \u00e0 l\u2019erreur qui causa une chute au fil d&rsquo;arriv\u00e9e, Marielle a du se contenter du quatri\u00e8me rang et Kelsey, de la deuxi\u00e8me place derri\u00e8re l\u2019Europ\u00e9enne.<\/p>\n<p>\u00ab\u00a0C\u2019est formidable et je suis tr\u00e8s heureuse de me retrouver sur le podium!\u00a0 Je souhaitais terminer la saison en force et je suis tr\u00e8s contente de ma prestation d\u2019aujourd\u2019hui.\u00a0 J\u2019ai ski\u00e9 intelligemment et j\u2019ai eu du plaisir,\u00a0\u00bb a dit Kelsey\u00a0dans un communiqu\u00e9 de Canada Alpin.\u00a0 \u00ab\u00a0C\u2019est bien de courser ici et renforcer ma confiance en moi en vue de ma prochaine visite en 2018.\u00a0\u00bb<\/p>\n<p><a href=\"http:\/\/olympique.ca\/2016\/02\/11\/kelsey-serwa-depasse-les-attentes-a-son-retour-sur-les-pistes\/\">\u00c0 lire\u00a0: Kelsey Serwa d\u00e9passe les attentes \u00e0 son retour sur les pistes<\/a><\/p>\n<p>C\u2019est la Su\u00e9doise Anna Holmlund qui a fini\u00a0au troisi\u00e8me rang.<\/p>\n<p>Chez les hommes, seul le Canadien Kevin Drury a \u00e9t\u00e9 en mesure de se faufiler jusqu\u2019en finale, sa premi\u00e8re en carri\u00e8re. Tr\u00e8s rapide, Kevin a tent\u00e9 plusieurs virages risqu\u00e9s lors de la derni\u00e8re course de la journ\u00e9e. Malheureusement, il a manqu\u00e9 d&rsquo;espace \u00e0 l&rsquo;un de ces virages ce qui a mis fin \u00e0 ses chances de grimper sur le podium.\u00a0Il a termin\u00e9\u00a0la comp\u00e9tition au pied du podium, en quatri\u00e8me place. La victoire est all\u00e9e au Fran\u00e7ais Bastien Midol, suivi de l\u2019Allemand Paul Eckert et du Fran\u00e7ais Jean-Philippe Chapuis.<\/p>\n<p>La derni\u00e8re Coupe du monde de la saison aura lieu \u00e0 Arosa (Suisse) le 4\u00a0mars.<\/p>\n<h2>Un aper\u00e7u du parcours de <a href=\"http:\/\/olympique.ca\/jeux\/2018-pyeongchang\/\">PyeongChang 2018<\/a><\/h2>\n<p><span class=\"embed-youtube\" style=\"text-align:center; display: block;\"><iframe loading=\"lazy\" class=\"youtube-player\" width=\"1360\" height=\"765\" src=\"https:\/\/www.youtube.com\/embed\/Yn4HGrYpo2U?version=3&#038;rel=1&#038;showsearch=0&#038;showinfo=1&#038;iv_load_policy=1&#038;fs=1&#038;hl=fr-FR&#038;autohide=2&#038;wmode=transparent\" allowfullscreen=\"true\" style=\"border:0;\" sandbox=\"allow-scripts allow-same-origin allow-popups allow-presentation allow-popups-to-escape-sandbox\"><\/iframe><\/span><\/p>\n","protected":false},"excerpt":{"rendered":"<p>Photo manchette : Kelsey Serwa (\u00e0 droite) a talonn\u00e9\u00a0l&rsquo;Autrichienne Andra Limbacher tout au long de la finale \u00e0 la Coupe&#8230;<\/p>\n","protected":false},"author":96107080,"featured_media":113158,"comment_status":"open","ping_status":"closed","sticky":false,"template":"","format":"standard","meta":{"_acf_changed":false,"_jetpack_memberships_contains_paid_content":false,"footnotes":""},"categories":[16085],"tags":[77723950,31258077,32353298,415732169,77723951,5460672,181786],"post_format":"standard","sport":[181823549],"game":[],"coauthors":[209272438],"class_list":["post-113157","post","type-post","status-publish","format-standard","has-post-thumbnail","hentry","category-nouvelles","tag-brady-leman","tag-chris-del-bosco","tag-kelsey-serwa","tag-kevin-drury","tag-marielle-thompson","tag-ski-cross","tag-x-games","sport-ski-ski-acrobatique"],"acf":[],"yoast_head":"<!-- This site is optimized with the Yoast SEO plugin v27.3 - https:\/\/yoast.com\/product\/yoast-seo-wordpress\/ -->\n<title>L\u2019argent pour Kelsey Serwa sur la piste de ski cross des Jeux olympiques de 2018 - \u00c9quipe Canada | Site officiel de l&#039;\u00e9quipe olympique<\/title>\n<meta name=\"robots\" content=\"index, follow, max-snippet:-1, max-image-preview:large, max-video-preview:-1\" \/>\n<link rel=\"canonical\" href=\"https:\/\/preprod.olympic.ca\/olympique\/2016\/02\/28\/largent-pour-kelsey-serwa-sur-la-piste-de-ski-cross-des-jeux-olympiques-de-2018\/\" \/>\n<meta property=\"og:locale\" content=\"fr_FR\" \/>\n<meta property=\"og:type\" content=\"article\" \/>\n<meta property=\"og:title\" content=\"L\u2019argent pour Kelsey Serwa sur la piste de ski cross des Jeux olympiques de 2018 - \u00c9quipe Canada | Site officiel de l&#039;\u00e9quipe olympique\" \/>\n<meta property=\"og:description\" content=\"Photo manchette : Kelsey Serwa (\u00e0 droite) a talonn\u00e9\u00a0l&rsquo;Autrichienne Andra Limbacher tout au long de la finale \u00e0 la Coupe...\" \/>\n<meta property=\"og:url\" content=\"https:\/\/preprod.olympic.ca\/olympique\/2016\/02\/28\/largent-pour-kelsey-serwa-sur-la-piste-de-ski-cross-des-jeux-olympiques-de-2018\/\" \/>\n<meta property=\"og:site_name\" content=\"\u00c9quipe Canada | Site officiel de l&#039;\u00e9quipe olympique\" \/>\n<meta property=\"article:published_time\" content=\"2016-02-28T16:25:46+00:00\" \/>\n<meta property=\"article:modified_time\" content=\"2016-03-09T21:01:12+00:00\" \/>\n<meta property=\"og:image\" content=\"https:\/\/preprod.olympic.ca\/olympique\/wp-content\/uploads\/sites\/2\/2016\/02\/82625_g08_w01.jpg?quality=100\" \/>\n\t<meta property=\"og:image:width\" content=\"640\" \/>\n\t<meta property=\"og:image:height\" content=\"360\" \/>\n\t<meta property=\"og:image:type\" content=\"image\/jpeg\" \/>\n<meta name=\"author\" content=\"Ariane Desrosiers\" \/>\n<meta name=\"twitter:card\" content=\"summary_large_image\" \/>\n<meta name=\"twitter:label1\" content=\"Written by\" \/>\n\t<meta name=\"twitter:data1\" content=\"Ariane Desrosiers\" \/>\n\t<meta name=\"twitter:label2\" content=\"Est. reading time\" \/>\n\t<meta name=\"twitter:data2\" content=\"2 minutes\" \/>\n<script type=\"application\/ld+json\" class=\"yoast-schema-graph\">{\"@context\":\"https:\\\/\\\/schema.org\",\"@graph\":[{\"@type\":\"Article\",\"@id\":\"https:\\\/\\\/preprod.olympic.ca\\\/olympique\\\/2016\\\/02\\\/28\\\/largent-pour-kelsey-serwa-sur-la-piste-de-ski-cross-des-jeux-olympiques-de-2018\\\/#article\",\"isPartOf\":{\"@id\":\"https:\\\/\\\/preprod.olympic.ca\\\/olympique\\\/2016\\\/02\\\/28\\\/largent-pour-kelsey-serwa-sur-la-piste-de-ski-cross-des-jeux-olympiques-de-2018\\\/\"},\"author\":{\"name\":\"Ariane Desrosiers\",\"@id\":\"https:\\\/\\\/preprod.olympic.ca\\\/olympique\\\/#\\\/schema\\\/person\\\/ae879cc7903f703b76ee14154862eb23\"},\"headline\":\"L\u2019argent pour Kelsey Serwa sur la piste de ski cross des Jeux olympiques de 2018\",\"datePublished\":\"2016-02-28T16:25:46+00:00\",\"dateModified\":\"2016-03-09T21:01:12+00:00\",\"mainEntityOfPage\":{\"@id\":\"https:\\\/\\\/preprod.olympic.ca\\\/olympique\\\/2016\\\/02\\\/28\\\/largent-pour-kelsey-serwa-sur-la-piste-de-ski-cross-des-jeux-olympiques-de-2018\\\/\"},\"wordCount\":430,\"commentCount\":0,\"image\":{\"@id\":\"https:\\\/\\\/preprod.olympic.ca\\\/olympique\\\/2016\\\/02\\\/28\\\/largent-pour-kelsey-serwa-sur-la-piste-de-ski-cross-des-jeux-olympiques-de-2018\\\/#primaryimage\"},\"thumbnailUrl\":\"https:\\\/\\\/preprod.olympic.ca\\\/olympique\\\/wp-content\\\/uploads\\\/sites\\\/2\\\/2016\\\/02\\\/82625_g08_w01.jpg?quality=100\",\"keywords\":[\"Brady Leman\",\"Chris Del Bosco\",\"Kelsey Serwa\",\"Kevin Drury\",\"Marielle Thompson\",\"Ski cross\",\"X Games\"],\"articleSection\":[\"Nouvelles\"],\"inLanguage\":\"fr-FR\",\"potentialAction\":[{\"@type\":\"CommentAction\",\"name\":\"Comment\",\"target\":[\"https:\\\/\\\/preprod.olympic.ca\\\/olympique\\\/2016\\\/02\\\/28\\\/largent-pour-kelsey-serwa-sur-la-piste-de-ski-cross-des-jeux-olympiques-de-2018\\\/#respond\"]}]},{\"@type\":\"WebPage\",\"@id\":\"https:\\\/\\\/preprod.olympic.ca\\\/olympique\\\/2016\\\/02\\\/28\\\/largent-pour-kelsey-serwa-sur-la-piste-de-ski-cross-des-jeux-olympiques-de-2018\\\/\",\"url\":\"https:\\\/\\\/preprod.olympic.ca\\\/olympique\\\/2016\\\/02\\\/28\\\/largent-pour-kelsey-serwa-sur-la-piste-de-ski-cross-des-jeux-olympiques-de-2018\\\/\",\"name\":\"L\u2019argent pour Kelsey Serwa sur la piste de ski cross des Jeux olympiques de 2018 - \u00c9quipe Canada | Site officiel de l&#039;\u00e9quipe olympique\",\"isPartOf\":{\"@id\":\"https:\\\/\\\/preprod.olympic.ca\\\/olympique\\\/#website\"},\"primaryImageOfPage\":{\"@id\":\"https:\\\/\\\/preprod.olympic.ca\\\/olympique\\\/2016\\\/02\\\/28\\\/largent-pour-kelsey-serwa-sur-la-piste-de-ski-cross-des-jeux-olympiques-de-2018\\\/#primaryimage\"},\"image\":{\"@id\":\"https:\\\/\\\/preprod.olympic.ca\\\/olympique\\\/2016\\\/02\\\/28\\\/largent-pour-kelsey-serwa-sur-la-piste-de-ski-cross-des-jeux-olympiques-de-2018\\\/#primaryimage\"},\"thumbnailUrl\":\"https:\\\/\\\/preprod.olympic.ca\\\/olympique\\\/wp-content\\\/uploads\\\/sites\\\/2\\\/2016\\\/02\\\/82625_g08_w01.jpg?quality=100\",\"datePublished\":\"2016-02-28T16:25:46+00:00\",\"dateModified\":\"2016-03-09T21:01:12+00:00\",\"author\":{\"@id\":\"https:\\\/\\\/preprod.olympic.ca\\\/olympique\\\/#\\\/schema\\\/person\\\/ae879cc7903f703b76ee14154862eb23\"},\"inLanguage\":\"fr-FR\",\"potentialAction\":[{\"@type\":\"ReadAction\",\"target\":[\"https:\\\/\\\/preprod.olympic.ca\\\/olympique\\\/2016\\\/02\\\/28\\\/largent-pour-kelsey-serwa-sur-la-piste-de-ski-cross-des-jeux-olympiques-de-2018\\\/\"]}]},{\"@type\":\"ImageObject\",\"inLanguage\":\"fr-FR\",\"@id\":\"https:\\\/\\\/preprod.olympic.ca\\\/olympique\\\/2016\\\/02\\\/28\\\/largent-pour-kelsey-serwa-sur-la-piste-de-ski-cross-des-jeux-olympiques-de-2018\\\/#primaryimage\",\"url\":\"https:\\\/\\\/preprod.olympic.ca\\\/olympique\\\/wp-content\\\/uploads\\\/sites\\\/2\\\/2016\\\/02\\\/82625_g08_w01.jpg?quality=100\",\"contentUrl\":\"https:\\\/\\\/preprod.olympic.ca\\\/olympique\\\/wp-content\\\/uploads\\\/sites\\\/2\\\/2016\\\/02\\\/82625_g08_w01.jpg?quality=100\",\"width\":640,\"height\":360},{\"@type\":\"WebSite\",\"@id\":\"https:\\\/\\\/preprod.olympic.ca\\\/olympique\\\/#website\",\"url\":\"https:\\\/\\\/preprod.olympic.ca\\\/olympique\\\/\",\"name\":\"\u00c9quipe Canada | Site officiel de l&#039;\u00e9quipe olympique\",\"description\":\"Votre source pour l\u2019\u00c9quipe olympique canadienne. Retrouvez les r\u00e9cits, vid\u00e9os et photos des athl\u00e8tes canadiens, sports olympiques, Jeux olympiques de 2020 et bien plus!\",\"potentialAction\":[{\"@type\":\"SearchAction\",\"target\":{\"@type\":\"EntryPoint\",\"urlTemplate\":\"https:\\\/\\\/preprod.olympic.ca\\\/olympique\\\/?s={search_term_string}\"},\"query-input\":{\"@type\":\"PropertyValueSpecification\",\"valueRequired\":true,\"valueName\":\"search_term_string\"}}],\"inLanguage\":\"fr-FR\"},{\"@type\":\"Person\",\"@id\":\"https:\\\/\\\/preprod.olympic.ca\\\/olympique\\\/#\\\/schema\\\/person\\\/ae879cc7903f703b76ee14154862eb23\",\"name\":\"Ariane Desrosiers\",\"image\":{\"@type\":\"ImageObject\",\"inLanguage\":\"fr-FR\",\"@id\":\"https:\\\/\\\/secure.gravatar.com\\\/avatar\\\/f7248cc9e6971153fdd196741b079c0229522d18a24f1fb69fb73c510aa6e189?s=96&d=identicon&r=gbd92884420bbfa56539e46241678b7d5\",\"url\":\"https:\\\/\\\/secure.gravatar.com\\\/avatar\\\/f7248cc9e6971153fdd196741b079c0229522d18a24f1fb69fb73c510aa6e189?s=96&d=identicon&r=g\",\"contentUrl\":\"https:\\\/\\\/secure.gravatar.com\\\/avatar\\\/f7248cc9e6971153fdd196741b079c0229522d18a24f1fb69fb73c510aa6e189?s=96&d=identicon&r=g\",\"caption\":\"Ariane Desrosiers\"},\"description\":\"Specialist, Social Sp\u00e9cialiste, M\u00e9dias num\u00e9riques\",\"url\":\"https:\\\/\\\/preprod.olympic.ca\\\/olympique\\\/author\\\/arianedesrosiers\\\/\"}]}<\/script>\n<!-- \/ Yoast SEO plugin. -->","yoast_head_json":{"title":"L\u2019argent pour Kelsey Serwa sur la piste de ski cross des Jeux olympiques de 2018 - \u00c9quipe Canada | Site officiel de l&#039;\u00e9quipe olympique","robots":{"index":"index","follow":"follow","max-snippet":"max-snippet:-1","max-image-preview":"max-image-preview:large","max-video-preview":"max-video-preview:-1"},"canonical":"https:\/\/preprod.olympic.ca\/olympique\/2016\/02\/28\/largent-pour-kelsey-serwa-sur-la-piste-de-ski-cross-des-jeux-olympiques-de-2018\/","og_locale":"fr_FR","og_type":"article","og_title":"L\u2019argent pour Kelsey Serwa sur la piste de ski cross des Jeux olympiques de 2018 - \u00c9quipe Canada | Site officiel de l&#039;\u00e9quipe olympique","og_description":"Photo manchette : Kelsey Serwa (\u00e0 droite) a talonn\u00e9\u00a0l&rsquo;Autrichienne Andra Limbacher tout au long de la finale \u00e0 la Coupe...","og_url":"https:\/\/preprod.olympic.ca\/olympique\/2016\/02\/28\/largent-pour-kelsey-serwa-sur-la-piste-de-ski-cross-des-jeux-olympiques-de-2018\/","og_site_name":"\u00c9quipe Canada | Site officiel de l&#039;\u00e9quipe olympique","article_published_time":"2016-02-28T16:25:46+00:00","article_modified_time":"2016-03-09T21:01:12+00:00","og_image":[{"width":640,"height":360,"url":"https:\/\/preprod.olympic.ca\/olympique\/wp-content\/uploads\/sites\/2\/2016\/02\/82625_g08_w01.jpg?quality=100","type":"image\/jpeg"}],"author":"Ariane Desrosiers","twitter_card":"summary_large_image","twitter_misc":{"Written by":"Ariane Desrosiers","Est. reading time":"2 minutes"},"schema":{"@context":"https:\/\/schema.org","@graph":[{"@type":"Article","@id":"https:\/\/preprod.olympic.ca\/olympique\/2016\/02\/28\/largent-pour-kelsey-serwa-sur-la-piste-de-ski-cross-des-jeux-olympiques-de-2018\/#article","isPartOf":{"@id":"https:\/\/preprod.olympic.ca\/olympique\/2016\/02\/28\/largent-pour-kelsey-serwa-sur-la-piste-de-ski-cross-des-jeux-olympiques-de-2018\/"},"author":{"name":"Ariane Desrosiers","@id":"https:\/\/preprod.olympic.ca\/olympique\/#\/schema\/person\/ae879cc7903f703b76ee14154862eb23"},"headline":"L\u2019argent pour Kelsey Serwa sur la piste de ski cross des Jeux olympiques de 2018","datePublished":"2016-02-28T16:25:46+00:00","dateModified":"2016-03-09T21:01:12+00:00","mainEntityOfPage":{"@id":"https:\/\/preprod.olympic.ca\/olympique\/2016\/02\/28\/largent-pour-kelsey-serwa-sur-la-piste-de-ski-cross-des-jeux-olympiques-de-2018\/"},"wordCount":430,"commentCount":0,"image":{"@id":"https:\/\/preprod.olympic.ca\/olympique\/2016\/02\/28\/largent-pour-kelsey-serwa-sur-la-piste-de-ski-cross-des-jeux-olympiques-de-2018\/#primaryimage"},"thumbnailUrl":"https:\/\/preprod.olympic.ca\/olympique\/wp-content\/uploads\/sites\/2\/2016\/02\/82625_g08_w01.jpg?quality=100","keywords":["Brady Leman","Chris Del Bosco","Kelsey Serwa","Kevin Drury","Marielle Thompson","Ski cross","X Games"],"articleSection":["Nouvelles"],"inLanguage":"fr-FR","potentialAction":[{"@type":"CommentAction","name":"Comment","target":["https:\/\/preprod.olympic.ca\/olympique\/2016\/02\/28\/largent-pour-kelsey-serwa-sur-la-piste-de-ski-cross-des-jeux-olympiques-de-2018\/#respond"]}]},{"@type":"WebPage","@id":"https:\/\/preprod.olympic.ca\/olympique\/2016\/02\/28\/largent-pour-kelsey-serwa-sur-la-piste-de-ski-cross-des-jeux-olympiques-de-2018\/","url":"https:\/\/preprod.olympic.ca\/olympique\/2016\/02\/28\/largent-pour-kelsey-serwa-sur-la-piste-de-ski-cross-des-jeux-olympiques-de-2018\/","name":"L\u2019argent pour Kelsey Serwa sur la piste de ski cross des Jeux olympiques de 2018 - \u00c9quipe Canada | Site officiel de l&#039;\u00e9quipe olympique","isPartOf":{"@id":"https:\/\/preprod.olympic.ca\/olympique\/#website"},"primaryImageOfPage":{"@id":"https:\/\/preprod.olympic.ca\/olympique\/2016\/02\/28\/largent-pour-kelsey-serwa-sur-la-piste-de-ski-cross-des-jeux-olympiques-de-2018\/#primaryimage"},"image":{"@id":"https:\/\/preprod.olympic.ca\/olympique\/2016\/02\/28\/largent-pour-kelsey-serwa-sur-la-piste-de-ski-cross-des-jeux-olympiques-de-2018\/#primaryimage"},"thumbnailUrl":"https:\/\/preprod.olympic.ca\/olympique\/wp-content\/uploads\/sites\/2\/2016\/02\/82625_g08_w01.jpg?quality=100","datePublished":"2016-02-28T16:25:46+00:00","dateModified":"2016-03-09T21:01:12+00:00","author":{"@id":"https:\/\/preprod.olympic.ca\/olympique\/#\/schema\/person\/ae879cc7903f703b76ee14154862eb23"},"inLanguage":"fr-FR","potentialAction":[{"@type":"ReadAction","target":["https:\/\/preprod.olympic.ca\/olympique\/2016\/02\/28\/largent-pour-kelsey-serwa-sur-la-piste-de-ski-cross-des-jeux-olympiques-de-2018\/"]}]},{"@type":"ImageObject","inLanguage":"fr-FR","@id":"https:\/\/preprod.olympic.ca\/olympique\/2016\/02\/28\/largent-pour-kelsey-serwa-sur-la-piste-de-ski-cross-des-jeux-olympiques-de-2018\/#primaryimage","url":"https:\/\/preprod.olympic.ca\/olympique\/wp-content\/uploads\/sites\/2\/2016\/02\/82625_g08_w01.jpg?quality=100","contentUrl":"https:\/\/preprod.olympic.ca\/olympique\/wp-content\/uploads\/sites\/2\/2016\/02\/82625_g08_w01.jpg?quality=100","width":640,"height":360},{"@type":"WebSite","@id":"https:\/\/preprod.olympic.ca\/olympique\/#website","url":"https:\/\/preprod.olympic.ca\/olympique\/","name":"\u00c9quipe Canada | Site officiel de l&#039;\u00e9quipe olympique","description":"Votre source pour l\u2019\u00c9quipe olympique canadienne. Retrouvez les r\u00e9cits, vid\u00e9os et photos des athl\u00e8tes canadiens, sports olympiques, Jeux olympiques de 2020 et bien plus!","potentialAction":[{"@type":"SearchAction","target":{"@type":"EntryPoint","urlTemplate":"https:\/\/preprod.olympic.ca\/olympique\/?s={search_term_string}"},"query-input":{"@type":"PropertyValueSpecification","valueRequired":true,"valueName":"search_term_string"}}],"inLanguage":"fr-FR"},{"@type":"Person","@id":"https:\/\/preprod.olympic.ca\/olympique\/#\/schema\/person\/ae879cc7903f703b76ee14154862eb23","name":"Ariane Desrosiers","image":{"@type":"ImageObject","inLanguage":"fr-FR","@id":"https:\/\/secure.gravatar.com\/avatar\/f7248cc9e6971153fdd196741b079c0229522d18a24f1fb69fb73c510aa6e189?s=96&d=identicon&r=gbd92884420bbfa56539e46241678b7d5","url":"https:\/\/secure.gravatar.com\/avatar\/f7248cc9e6971153fdd196741b079c0229522d18a24f1fb69fb73c510aa6e189?s=96&d=identicon&r=g","contentUrl":"https:\/\/secure.gravatar.com\/avatar\/f7248cc9e6971153fdd196741b079c0229522d18a24f1fb69fb73c510aa6e189?s=96&d=identicon&r=g","caption":"Ariane Desrosiers"},"description":"Specialist, Social Sp\u00e9cialiste, M\u00e9dias num\u00e9riques","url":"https:\/\/preprod.olympic.ca\/olympique\/author\/arianedesrosiers\/"}]}},"jetpack_featured_media_url":"https:\/\/preprod.olympic.ca\/olympique\/wp-content\/uploads\/sites\/2\/2016\/02\/82625_g08_w01.jpg?quality=100","featured_image_url":"https:\/\/preprod.olympic.ca\/olympique\/wp-content\/uploads\/sites\/2\/2016\/02\/82625_g08_w01.jpg?quality=100","author_name":["Ariane Desrosiers"],"category_names":["Nouvelles"],"tag_names":["Brady Leman","Chris Del Bosco","Kelsey Serwa","Kevin Drury","Marielle Thompson","Ski cross","X Games"],"video_embed_code":"","facebook_video_embed_code":"","jetpack_sharing_enabled":true,"jetpack-related-posts":[],"jetpack_shortlink":"https:\/\/wp.me\/pcGHcP-tr7","_links":{"self":[{"href":"https:\/\/preprod.olympic.ca\/olympique\/wp-json\/wp\/v2\/posts\/113157","targetHints":{"allow":["GET"]}}],"collection":[{"href":"https:\/\/preprod.olympic.ca\/olympique\/wp-json\/wp\/v2\/posts"}],"about":[{"href":"https:\/\/preprod.olympic.ca\/olympique\/wp-json\/wp\/v2\/types\/post"}],"author":[{"embeddable":true,"href":"https:\/\/preprod.olympic.ca\/olympique\/wp-json\/wp\/v2\/users\/96107080"}],"replies":[{"embeddable":true,"href":"https:\/\/preprod.olympic.ca\/olympique\/wp-json\/wp\/v2\/comments?post=113157"}],"version-history":[{"count":6,"href":"https:\/\/preprod.olympic.ca\/olympique\/wp-json\/wp\/v2\/posts\/113157\/revisions"}],"predecessor-version":[{"id":113165,"href":"https:\/\/preprod.olympic.ca\/olympique\/wp-json\/wp\/v2\/posts\/113157\/revisions\/113165"}],"wp:featuredmedia":[{"embeddable":true,"href":"https:\/\/preprod.olympic.ca\/olympique\/wp-json\/wp\/v2\/media\/113158"}],"wp:attachment":[{"href":"https:\/\/preprod.olympic.ca\/olympique\/wp-json\/wp\/v2\/media?parent=113157"}],"wp:term":[{"taxonomy":"category","embeddable":true,"href":"https:\/\/preprod.olympic.ca\/olympique\/wp-json\/wp\/v2\/categories?post=113157"},{"taxonomy":"post_tag","embeddable":true,"href":"https:\/\/preprod.olympic.ca\/olympique\/wp-json\/wp\/v2\/tags?post=113157"},{"taxonomy":"post_format","embeddable":true,"href":"https:\/\/preprod.olympic.ca\/olympique\/wp-json\/wp\/v2\/post_format?post=113157"},{"taxonomy":"sport","embeddable":true,"href":"https:\/\/preprod.olympic.ca\/olympique\/wp-json\/wp\/v2\/sport?post=113157"},{"taxonomy":"game","embeddable":true,"href":"https:\/\/preprod.olympic.ca\/olympique\/wp-json\/wp\/v2\/game?post=113157"},{"taxonomy":"author","embeddable":true,"href":"https:\/\/preprod.olympic.ca\/olympique\/wp-json\/wp\/v2\/coauthors?post=113157"}],"curies":[{"name":"wp","href":"https:\/\/api.w.org\/{rel}","templated":true}]}}