{"id":114143,"date":"2016-04-12T19:21:00","date_gmt":"2016-04-12T23:21:00","guid":{"rendered":"http:\/\/olympique.ca\/?p=114143"},"modified":"2021-10-20T16:43:30","modified_gmt":"2021-10-20T20:43:30","slug":"devoilement-de-la-collection-officielle-dequipe-canada-pour-rio-2016","status":"publish","type":"post","link":"https:\/\/preprod.olympic.ca\/olympique\/2016\/04\/12\/devoilement-de-la-collection-officielle-dequipe-canada-pour-rio-2016\/","title":{"rendered":"D\u00e9voilement de la collection officielle d&rsquo;\u00c9quipe Canada pour Rio 2016"},"content":{"rendered":"<p>C\u2019est avec la feuille d\u2019\u00e9rable au c\u0153ur de son concept que la Baie d\u2019Hudson a d\u00e9voil\u00e9 les collections olympique et paralympique officielles d\u2019\u00c9quipe Canada, mardi.<\/p>\n<p class=\"jetpack-slideshow-noscript robots-nocontent\">This slideshow requires JavaScript.<\/p><div id=\"gallery-114143-1-slideshow\" class=\"jetpack-slideshow-window jetpack-slideshow jetpack-slideshow-black\" data-trans=\"fade\" data-autostart=\"1\" data-gallery=\"[{&quot;src&quot;:&quot;https:\\\/\\\/preprod.olympic.ca\\\/olympique\\\/wp-content\\\/uploads\\\/sites\\\/2\\\/2016\\\/04\\\/img_7590-e1460557391669.jpg?quality=100&quot;,&quot;id&quot;:&quot;114294&quot;,&quot;title&quot;:&quot;IMG_7590&quot;,&quot;alt&quot;:&quot;&quot;,&quot;caption&quot;:&quot;Ben Russell | Cano\\u00eb-kayak de vitesse&quot;,&quot;itemprop&quot;:&quot;image&quot;},{&quot;src&quot;:&quot;https:\\\/\\\/preprod.olympic.ca\\\/olympique\\\/wp-content\\\/uploads\\\/sites\\\/2\\\/2016\\\/04\\\/img_7593-e1460557404492.jpg?quality=100&quot;,&quot;id&quot;:&quot;114295&quot;,&quot;title&quot;:&quot;IMG_7593&quot;,&quot;alt&quot;:&quot;&quot;,&quot;caption&quot;:&quot;Karine Thomas | Nage synchronis\\u00e9e&quot;,&quot;itemprop&quot;:&quot;image&quot;},{&quot;src&quot;:&quot;https:\\\/\\\/preprod.olympic.ca\\\/olympique\\\/wp-content\\\/uploads\\\/sites\\\/2\\\/2016\\\/04\\\/img_7596-e1460557416124.jpg?quality=100&quot;,&quot;id&quot;:&quot;114296&quot;,&quot;title&quot;:&quot;IMG_7596&quot;,&quot;alt&quot;:&quot;&quot;,&quot;caption&quot;:&quot;Erica Wiebe | Lutte libre&quot;,&quot;itemprop&quot;:&quot;image&quot;},{&quot;src&quot;:&quot;https:\\\/\\\/preprod.olympic.ca\\\/olympique\\\/wp-content\\\/uploads\\\/sites\\\/2\\\/2016\\\/04\\\/img_7617-e1460557251303.jpg?quality=100&quot;,&quot;id&quot;:&quot;114301&quot;,&quot;title&quot;:&quot;IMG_7617&quot;,&quot;alt&quot;:&quot;&quot;,&quot;caption&quot;:&quot;Tamara Tatham (en noir) et Kristina Valjas (en blanc)&quot;,&quot;itemprop&quot;:&quot;image&quot;},{&quot;src&quot;:&quot;https:\\\/\\\/preprod.olympic.ca\\\/olympique\\\/wp-content\\\/uploads\\\/sites\\\/2\\\/2016\\\/04\\\/img_7614-e1460557236516.jpg?quality=100&quot;,&quot;id&quot;:&quot;114300&quot;,&quot;title&quot;:&quot;IMG_7614&quot;,&quot;alt&quot;:&quot;&quot;,&quot;caption&quot;:&quot;Cameron Smedley | Cano\\u00eb-kayak \\u0026#8211; slalom&quot;,&quot;itemprop&quot;:&quot;image&quot;},{&quot;src&quot;:&quot;https:\\\/\\\/preprod.olympic.ca\\\/olympique\\\/wp-content\\\/uploads\\\/sites\\\/2\\\/2016\\\/04\\\/img_7602-e1460557121776.jpg?quality=100&quot;,&quot;id&quot;:&quot;114298&quot;,&quot;title&quot;:&quot;IMG_7602&quot;,&quot;alt&quot;:&quot;&quot;,&quot;caption&quot;:&quot;Aur\\u00e9lie Rivard | paranatation&quot;,&quot;itemprop&quot;:&quot;image&quot;},{&quot;src&quot;:&quot;https:\\\/\\\/preprod.olympic.ca\\\/olympique\\\/wp-content\\\/uploads\\\/sites\\\/2\\\/2016\\\/04\\\/img_7600-e1460557107689.jpg?quality=100&quot;,&quot;id&quot;:&quot;114297&quot;,&quot;title&quot;:&quot;IMG_7600&quot;,&quot;alt&quot;:&quot;&quot;,&quot;caption&quot;:&quot;Jamie Broder | Volleyball de plage&quot;,&quot;itemprop&quot;:&quot;image&quot;},{&quot;src&quot;:&quot;https:\\\/\\\/preprod.olympic.ca\\\/olympique\\\/wp-content\\\/uploads\\\/sites\\\/2\\\/2016\\\/04\\\/img_7611-e1460557139868.jpg?quality=100&quot;,&quot;id&quot;:&quot;114299&quot;,&quot;title&quot;:&quot;IMG_7611&quot;,&quot;alt&quot;:&quot;&quot;,&quot;caption&quot;:&quot;Tamara Tatham |\\u00a0Basketball&quot;,&quot;itemprop&quot;:&quot;image&quot;},{&quot;src&quot;:&quot;https:\\\/\\\/preprod.olympic.ca\\\/olympique\\\/wp-content\\\/uploads\\\/sites\\\/2\\\/2016\\\/04\\\/img_7618-e1460557265426.jpg?quality=100&quot;,&quot;id&quot;:&quot;114302&quot;,&quot;title&quot;:&quot;IMG_7618&quot;,&quot;alt&quot;:&quot;&quot;,&quot;caption&quot;:&quot;Priscilla Gagn\\u00e9 | parajudo&quot;,&quot;itemprop&quot;:&quot;image&quot;},{&quot;src&quot;:&quot;https:\\\/\\\/preprod.olympic.ca\\\/olympique\\\/wp-content\\\/uploads\\\/sites\\\/2\\\/2016\\\/04\\\/img_7622-e1460557276625.jpg?quality=100&quot;,&quot;id&quot;:&quot;114303&quot;,&quot;title&quot;:&quot;IMG_7622&quot;,&quot;alt&quot;:&quot;&quot;,&quot;caption&quot;:&quot;Crispin Duenas lors de la pr\\u00e9sentation de la collection officielle d\\u0026rsquo;\\u00c9quipe Canada pour Rio 2016.&quot;,&quot;itemprop&quot;:&quot;image&quot;},{&quot;src&quot;:&quot;https:\\\/\\\/preprod.olympic.ca\\\/olympique\\\/wp-content\\\/uploads\\\/sites\\\/2\\\/2016\\\/04\\\/img_7635-e1460557316182.jpg?quality=100&quot;,&quot;id&quot;:&quot;114306&quot;,&quot;title&quot;:&quot;IMG_7635&quot;,&quot;alt&quot;:&quot;&quot;,&quot;caption&quot;:&quot;Chantal Beauchesne | Volleyball assis&quot;,&quot;itemprop&quot;:&quot;image&quot;},{&quot;src&quot;:&quot;https:\\\/\\\/preprod.olympic.ca\\\/olympique\\\/wp-content\\\/uploads\\\/sites\\\/2\\\/2016\\\/04\\\/img_7625-e1460557288658.jpg?quality=100&quot;,&quot;id&quot;:&quot;114304&quot;,&quot;title&quot;:&quot;IMG_7625&quot;,&quot;alt&quot;:&quot;&quot;,&quot;caption&quot;:&quot;Hugo Barrette | Cyclisme sur piste&quot;,&quot;itemprop&quot;:&quot;image&quot;},{&quot;src&quot;:&quot;https:\\\/\\\/preprod.olympic.ca\\\/olympique\\\/wp-content\\\/uploads\\\/sites\\\/2\\\/2016\\\/04\\\/img_7629-e1460557306111.jpg?quality=100&quot;,&quot;id&quot;:&quot;114305&quot;,&quot;title&quot;:&quot;IMG_7629&quot;,&quot;alt&quot;:&quot;&quot;,&quot;caption&quot;:&quot;Jacqueline Simoneau | Nage synchronis\\u00e9e&quot;,&quot;itemprop&quot;:&quot;image&quot;},{&quot;src&quot;:&quot;https:\\\/\\\/preprod.olympic.ca\\\/olympique\\\/wp-content\\\/uploads\\\/sites\\\/2\\\/2016\\\/04\\\/img_7637-e1460557328535.jpg?quality=100&quot;,&quot;id&quot;:&quot;114307&quot;,&quot;title&quot;:&quot;IMG_7637&quot;,&quot;alt&quot;:&quot;&quot;,&quot;caption&quot;:&quot;Khamica Bingham | Athl\\u00e9tisme&quot;,&quot;itemprop&quot;:&quot;image&quot;},{&quot;src&quot;:&quot;https:\\\/\\\/preprod.olympic.ca\\\/olympique\\\/wp-content\\\/uploads\\\/sites\\\/2\\\/2016\\\/04\\\/img_7658-e1460557354294.jpg?quality=100&quot;,&quot;id&quot;:&quot;114309&quot;,&quot;title&quot;:&quot;IMG_7658&quot;,&quot;alt&quot;:&quot;&quot;,&quot;caption&quot;:&quot;Joseph Polossifakis | Escrime&quot;,&quot;itemprop&quot;:&quot;image&quot;},{&quot;src&quot;:&quot;https:\\\/\\\/preprod.olympic.ca\\\/olympique\\\/wp-content\\\/uploads\\\/sites\\\/2\\\/2016\\\/04\\\/img_7664-e1460557365471.jpg?quality=100&quot;,&quot;id&quot;:&quot;114310&quot;,&quot;title&quot;:&quot;IMG_7664&quot;,&quot;alt&quot;:&quot;&quot;,&quot;caption&quot;:&quot;Marco Dispaltro | Boccia&quot;,&quot;itemprop&quot;:&quot;image&quot;},{&quot;src&quot;:&quot;https:\\\/\\\/preprod.olympic.ca\\\/olympique\\\/wp-content\\\/uploads\\\/sites\\\/2\\\/2016\\\/04\\\/img_7670-e1460557375608.jpg?quality=100&quot;,&quot;id&quot;:&quot;114311&quot;,&quot;title&quot;:&quot;IMG_7670&quot;,&quot;alt&quot;:&quot;&quot;,&quot;caption&quot;:&quot;Melissa Pagnotta | Taekwondo | D\\u00e9voilement de la collection officielle d\\u0026rsquo;\\u00c9quipe Canada pour Rio 2016&quot;,&quot;itemprop&quot;:&quot;image&quot;},{&quot;src&quot;:&quot;https:\\\/\\\/preprod.olympic.ca\\\/olympique\\\/wp-content\\\/uploads\\\/sites\\\/2\\\/2016\\\/04\\\/mdb_20160412_282232-e1460557079208.jpg?quality=100&quot;,&quot;id&quot;:&quot;114284&quot;,&quot;title&quot;:&quot;mdb_20160412_282232&quot;,&quot;alt&quot;:&quot;&quot;,&quot;caption&quot;:&quot;Les 20 espoirs olympiques et paralympiques de Rio 2016 qui se sont pr\\u00eat\\u00e9s au jeu pour le d\\u00e9voilement de la collection officielle d\\u0026rsquo;\\u00c9quipe Canada, le 12 avril 2016.&quot;,&quot;itemprop&quot;:&quot;image&quot;}]\" itemscope itemtype=\"https:\/\/schema.org\/ImageGallery\"><\/div>\n<p>La collection a \u00e9t\u00e9 d\u00e9voil\u00e9e aux partisans d\u2019\u00c9quipe Canada par l\u2019entremise de Facebook Live, mardi, lors d&rsquo;une soir\u00e9e anim\u00e9e par Jessi Cruickshank, accompagn\u00e9e d\u2019Alexandre Despatie, double m\u00e9daill\u00e9 olympique en plongeon, et 15 espoirs pour Rio 2016.<\/p>\n<div class=\"fb-video\" data-allowfullscreen=\"true\" data-href=\"https:\/\/www.facebook.com\/teamcanada\/videos\/10153727402973264\/\" style=\"background-color: #fff; display: inline-block;\"><\/div>\n<p>Pr\u00e9alablement au d\u00e9voilement, la sprinteuse\u00a0<a href=\"http:\/\/olympique.ca\/team-canada\/khamica-bingham\/\"><span class=\"s2\">Khamica Bingham<\/span><\/a>, le hokeyeur sur gazon\u00a0<a href=\"http:\/\/olympique.ca\/team-canada\/matthew-sarmento\/\"><span class=\"s2\">Matthew Sarmento<\/span><\/a>, le kayakiste\u00a0<a href=\"http:\/\/olympique.ca\/team-canada\/benjamin-russell\/\"><span class=\"s2\">Ben Russell<\/span><\/a>\u00a0et la\u00a0boxeuse\u00a0<a href=\"http:\/\/olympique.ca\/team-canada\/mandy-bujold\/\"><span class=\"s2\">Mandy Bujold<\/span><\/a>\u00a0ont pris part \u00e0 la s\u00e9ance photo officielle de la collection dont les images seront affich\u00e9es dans les magasins de la Baie d\u2019Hudson \u00e0 travers le Canada.<\/p>\n<p><span class=\"embed-youtube\" style=\"text-align:center; display: block;\"><iframe loading=\"lazy\" class=\"youtube-player\" width=\"1360\" height=\"765\" src=\"https:\/\/www.youtube.com\/embed\/SvCsT9D3k_s?version=3&#038;rel=1&#038;showsearch=0&#038;showinfo=1&#038;iv_load_policy=1&#038;fs=1&#038;hl=fr-FR&#038;autohide=2&#038;wmode=transparent\" allowfullscreen=\"true\" style=\"border:0;\" sandbox=\"allow-scripts allow-same-origin allow-popups allow-presentation allow-popups-to-escape-sandbox\"><\/iframe><\/span><\/p>\n<p><strong><em>La collection pour femmes :<\/em><\/strong><\/p>\n<div class=\"tiled-gallery type-square tiled-gallery-unresized\" data-original-width=\"1360\" data-carousel-extra='null' itemscope itemtype=\"http:\/\/schema.org\/ImageGallery\" > <div class=\"gallery-row\" style=\"width: 1360px; height: 453px;\" data-original-width=\"1360\" data-original-height=\"453\" > <div class=\"gallery-group\" style=\"width: 453px; height: 453px;\" data-original-width=\"453\" data-original-height=\"453\" > <div class=\"tiled-gallery-item \" itemprop=\"associatedMedia\" itemscope itemtype=\"http:\/\/schema.org\/ImageObject\"> <a href=\"https:\/\/preprod.olympic.ca\/olympique\/2016\/04\/12\/devoilement-de-la-collection-officielle-dequipe-canada-pour-rio-2016\/village-chandail-a-manches-courtes-tns-f-pour-femmes-30\/#main\" border=\"0\" itemprop=\"url\"> <meta itemprop=\"width\" content=\"449\"> <meta itemprop=\"height\" content=\"449\"> <img decoding=\"async\" data-recalc-dims=\"1\" class=\"\" data-attachment-id=\"114144\" data-orig-file=\"https:\/\/preprod.olympic.ca\/olympique\/wp-content\/uploads\/sites\/2\/2016\/04\/villagec2a0-chandail-acc80-manches-courtes-tns-f-pour-femmes-30c2a0.jpg?quality=100\" data-orig-size=\"700,700\" data-comments-opened=\"1\" data-image-meta=\"{&quot;aperture&quot;:&quot;0&quot;,&quot;credit&quot;:&quot;&quot;,&quot;camera&quot;:&quot;&quot;,&quot;caption&quot;:&quot;&quot;,&quot;created_timestamp&quot;:&quot;0&quot;,&quot;copyright&quot;:&quot;&quot;,&quot;focal_length&quot;:&quot;0&quot;,&quot;iso&quot;:&quot;0&quot;,&quot;shutter_speed&quot;:&quot;0&quot;,&quot;title&quot;:&quot;&quot;,&quot;orientation&quot;:&quot;0&quot;}\" data-image-title=\"Village\u00a0&amp;#8211; Chandail a\u0300 manches courtes TNS&amp;amp; F pour femmes 30\u00a0$\" data-image-description=\"\" data-medium-file=\"https:\/\/preprod.olympic.ca\/olympique\/wp-content\/uploads\/sites\/2\/2016\/04\/villagec2a0-chandail-acc80-manches-courtes-tns-f-pour-femmes-30c2a0.jpg?quality=100&#038;w=371\" data-large-file=\"https:\/\/preprod.olympic.ca\/olympique\/wp-content\/uploads\/sites\/2\/2016\/04\/villagec2a0-chandail-acc80-manches-courtes-tns-f-pour-femmes-30c2a0.jpg?quality=100&#038;w=700\" src=\"https:\/\/preprod.olympic.ca\/olympique\/wp-content\/uploads\/sites\/2\/2016\/04\/villagec2a0-chandail-acc80-manches-courtes-tns-f-pour-femmes-30c2a0.jpg?quality=100&#038;w=449&#038;h=449&#038;crop=1&#038;strip&#038;resize=449%2C449\" srcset=\"https:\/\/preprod.olympic.ca\/olympique\/wp-content\/uploads\/sites\/2\/2016\/04\/villagec2a0-chandail-acc80-manches-courtes-tns-f-pour-femmes-30c2a0.jpg 700w, https:\/\/preprod.olympic.ca\/olympique\/wp-content\/uploads\/sites\/2\/2016\/04\/villagec2a0-chandail-acc80-manches-courtes-tns-f-pour-femmes-30c2a0.jpg?resize=158,158 158w, https:\/\/preprod.olympic.ca\/olympique\/wp-content\/uploads\/sites\/2\/2016\/04\/villagec2a0-chandail-acc80-manches-courtes-tns-f-pour-femmes-30c2a0.jpg?resize=371,371 371w\" width=\"449\" height=\"449\" loading=\"lazy\" data-original-width=\"449\" data-original-height=\"449\" itemprop=\"http:\/\/schema.org\/image\" title=\"Village\u00a0- Chandail a\u0300 manches courtes TNS&amp; F pour femmes 30\u00a0$\" alt=\"Village\u00a0: Chandail \u00e0 manches courtes TNS&amp; F pour femmes 30\u00a0$\" style=\"width: 449px; height: 449px;\" \/> <\/a> <div class=\"tiled-gallery-caption\" itemprop=\"caption description\"> Village\u00a0: Chandail \u00e0 manches courtes TNS&amp; F pour femmes 30\u00a0$ <\/div> <\/div> <\/div> <div class=\"gallery-group\" style=\"width: 453px; height: 453px;\" data-original-width=\"453\" data-original-height=\"453\" > <div class=\"tiled-gallery-item \" itemprop=\"associatedMedia\" itemscope itemtype=\"http:\/\/schema.org\/ImageObject\"> <a href=\"https:\/\/preprod.olympic.ca\/olympique\/2016\/04\/12\/devoilement-de-la-collection-officielle-dequipe-canada-pour-rio-2016\/village-veste-a-capuchon-feuille-derable-pour-femmes-rouge-95\/#main\" border=\"0\" itemprop=\"url\"> <meta itemprop=\"width\" content=\"449\"> <meta itemprop=\"height\" content=\"449\"> <img decoding=\"async\" data-recalc-dims=\"1\" class=\"\" data-attachment-id=\"114145\" data-orig-file=\"https:\/\/preprod.olympic.ca\/olympique\/wp-content\/uploads\/sites\/2\/2016\/04\/villagec2a0-veste-acc80-capuchon-feuille-d_ecc81rable-pour-femmese28094rouge-95c2a0.jpg?quality=100\" data-orig-size=\"700,700\" data-comments-opened=\"1\" data-image-meta=\"{&quot;aperture&quot;:&quot;0&quot;,&quot;credit&quot;:&quot;&quot;,&quot;camera&quot;:&quot;&quot;,&quot;caption&quot;:&quot;&quot;,&quot;created_timestamp&quot;:&quot;0&quot;,&quot;copyright&quot;:&quot;&quot;,&quot;focal_length&quot;:&quot;0&quot;,&quot;iso&quot;:&quot;0&quot;,&quot;shutter_speed&quot;:&quot;0&quot;,&quot;title&quot;:&quot;&quot;,&quot;orientation&quot;:&quot;0&quot;}\" data-image-title=\"Village\u00a0&amp;#8211; Veste a\u0300 capuchon Feuille d\u2019e\u0301rable pour femmes\u2014rouge 95\u00a0$\" data-image-description=\"\" data-medium-file=\"https:\/\/preprod.olympic.ca\/olympique\/wp-content\/uploads\/sites\/2\/2016\/04\/villagec2a0-veste-acc80-capuchon-feuille-d_ecc81rable-pour-femmese28094rouge-95c2a0.jpg?quality=100&#038;w=371\" data-large-file=\"https:\/\/preprod.olympic.ca\/olympique\/wp-content\/uploads\/sites\/2\/2016\/04\/villagec2a0-veste-acc80-capuchon-feuille-d_ecc81rable-pour-femmese28094rouge-95c2a0.jpg?quality=100&#038;w=700\" src=\"https:\/\/preprod.olympic.ca\/olympique\/wp-content\/uploads\/sites\/2\/2016\/04\/villagec2a0-veste-acc80-capuchon-feuille-d_ecc81rable-pour-femmese28094rouge-95c2a0.jpg?quality=100&#038;w=449&#038;h=449&#038;crop=1&#038;strip&#038;resize=449%2C449\" srcset=\"https:\/\/preprod.olympic.ca\/olympique\/wp-content\/uploads\/sites\/2\/2016\/04\/villagec2a0-veste-acc80-capuchon-feuille-d_ecc81rable-pour-femmese28094rouge-95c2a0.jpg 700w, https:\/\/preprod.olympic.ca\/olympique\/wp-content\/uploads\/sites\/2\/2016\/04\/villagec2a0-veste-acc80-capuchon-feuille-d_ecc81rable-pour-femmese28094rouge-95c2a0.jpg?resize=158,158 158w, https:\/\/preprod.olympic.ca\/olympique\/wp-content\/uploads\/sites\/2\/2016\/04\/villagec2a0-veste-acc80-capuchon-feuille-d_ecc81rable-pour-femmese28094rouge-95c2a0.jpg?resize=371,371 371w\" width=\"449\" height=\"449\" loading=\"lazy\" data-original-width=\"449\" data-original-height=\"449\" itemprop=\"http:\/\/schema.org\/image\" title=\"Village\u00a0- Veste a\u0300 capuchon Feuille d\u2019e\u0301rable pour femmes\u2014rouge 95\u00a0$\" alt=\"Village\u00a0: Veste \u00e0 capuchon Feuille d\u2019\u00e9rable pour femmes\u2014rouge 95\u00a0$\" style=\"width: 449px; height: 449px;\" \/> <\/a> <div class=\"tiled-gallery-caption\" itemprop=\"caption description\"> Village\u00a0: Veste \u00e0 capuchon Feuille d\u2019\u00e9rable pour femmes\u2014rouge 95\u00a0$ <\/div> <\/div> <\/div> <div class=\"gallery-group\" style=\"width: 453px; height: 453px;\" data-original-width=\"453\" data-original-height=\"453\" > <div class=\"tiled-gallery-item \" itemprop=\"associatedMedia\" itemscope itemtype=\"http:\/\/schema.org\/ImageObject\"> <a href=\"https:\/\/preprod.olympic.ca\/olympique\/2016\/04\/12\/devoilement-de-la-collection-officielle-dequipe-canada-pour-rio-2016\/chandail-feuille-derable-a-manches-longues-devant-40\/#main\" border=\"0\" itemprop=\"url\"> <meta itemprop=\"width\" content=\"449\"> <meta itemprop=\"height\" content=\"449\"> <img decoding=\"async\" data-recalc-dims=\"1\" class=\"\" data-attachment-id=\"114147\" data-orig-file=\"https:\/\/preprod.olympic.ca\/olympique\/wp-content\/uploads\/sites\/2\/2016\/04\/chandail-feuille-d_ecc81rable-acc80-manches-longuese28094devant-40c2a0.jpg?quality=100\" data-orig-size=\"700,700\" data-comments-opened=\"1\" data-image-meta=\"{&quot;aperture&quot;:&quot;0&quot;,&quot;credit&quot;:&quot;&quot;,&quot;camera&quot;:&quot;&quot;,&quot;caption&quot;:&quot;&quot;,&quot;created_timestamp&quot;:&quot;0&quot;,&quot;copyright&quot;:&quot;&quot;,&quot;focal_length&quot;:&quot;0&quot;,&quot;iso&quot;:&quot;0&quot;,&quot;shutter_speed&quot;:&quot;0&quot;,&quot;title&quot;:&quot;&quot;,&quot;orientation&quot;:&quot;0&quot;}\" data-image-title=\"Chandail Feuille d\u2019e\u0301rable a\u0300 manches longues\u2014devant 40\u00a0$\" data-image-description=\"\" data-medium-file=\"https:\/\/preprod.olympic.ca\/olympique\/wp-content\/uploads\/sites\/2\/2016\/04\/chandail-feuille-d_ecc81rable-acc80-manches-longuese28094devant-40c2a0.jpg?quality=100&#038;w=371\" data-large-file=\"https:\/\/preprod.olympic.ca\/olympique\/wp-content\/uploads\/sites\/2\/2016\/04\/chandail-feuille-d_ecc81rable-acc80-manches-longuese28094devant-40c2a0.jpg?quality=100&#038;w=700\" src=\"https:\/\/preprod.olympic.ca\/olympique\/wp-content\/uploads\/sites\/2\/2016\/04\/chandail-feuille-d_ecc81rable-acc80-manches-longuese28094devant-40c2a0.jpg?quality=100&#038;w=449&#038;h=449&#038;crop=1&#038;strip&#038;resize=449%2C449\" srcset=\"https:\/\/preprod.olympic.ca\/olympique\/wp-content\/uploads\/sites\/2\/2016\/04\/chandail-feuille-d_ecc81rable-acc80-manches-longuese28094devant-40c2a0.jpg 700w, https:\/\/preprod.olympic.ca\/olympique\/wp-content\/uploads\/sites\/2\/2016\/04\/chandail-feuille-d_ecc81rable-acc80-manches-longuese28094devant-40c2a0.jpg?resize=158,158 158w, https:\/\/preprod.olympic.ca\/olympique\/wp-content\/uploads\/sites\/2\/2016\/04\/chandail-feuille-d_ecc81rable-acc80-manches-longuese28094devant-40c2a0.jpg?resize=371,371 371w\" width=\"449\" height=\"449\" loading=\"lazy\" data-original-width=\"449\" data-original-height=\"449\" itemprop=\"http:\/\/schema.org\/image\" title=\"Chandail Feuille d\u2019e\u0301rable a\u0300 manches longues\u2014devant 40\u00a0$\" alt=\"Chandail Feuille d\u2019\u00e9rable \u00e0 manches longues\u2014devant 40\u00a0$\" style=\"width: 449px; height: 449px;\" \/> <\/a> <div class=\"tiled-gallery-caption\" itemprop=\"caption description\"> Chandail Feuille d\u2019\u00e9rable \u00e0 manches longues\u2014devant 40\u00a0$ <\/div> <\/div> <\/div> <\/div> <div class=\"gallery-row\" style=\"width: 1360px; height: 453px;\" data-original-width=\"1360\" data-original-height=\"453\" > <div class=\"gallery-group\" style=\"width: 453px; height: 453px;\" data-original-width=\"453\" data-original-height=\"453\" > <div class=\"tiled-gallery-item \" itemprop=\"associatedMedia\" itemscope itemtype=\"http:\/\/schema.org\/ImageObject\"> <a href=\"https:\/\/preprod.olympic.ca\/olympique\/2016\/04\/12\/devoilement-de-la-collection-officielle-dequipe-canada-pour-rio-2016\/veste-de-ceremonie-de-clo%cc%82ture-pour-femmes-dos-125\/#main\" border=\"0\" itemprop=\"url\"> <meta itemprop=\"width\" content=\"449\"> <meta itemprop=\"height\" content=\"449\"> <img decoding=\"async\" data-recalc-dims=\"1\" class=\"\" data-attachment-id=\"114171\" data-orig-file=\"https:\/\/preprod.olympic.ca\/olympique\/wp-content\/uploads\/sites\/2\/2016\/04\/veste-de-cecc81recc81monie-de-clocc82ture-pour-femmese28094dos-125c2a0.jpg?quality=100\" data-orig-size=\"700,700\" data-comments-opened=\"1\" data-image-meta=\"{&quot;aperture&quot;:&quot;0&quot;,&quot;credit&quot;:&quot;&quot;,&quot;camera&quot;:&quot;&quot;,&quot;caption&quot;:&quot;&quot;,&quot;created_timestamp&quot;:&quot;0&quot;,&quot;copyright&quot;:&quot;&quot;,&quot;focal_length&quot;:&quot;0&quot;,&quot;iso&quot;:&quot;0&quot;,&quot;shutter_speed&quot;:&quot;0&quot;,&quot;title&quot;:&quot;&quot;,&quot;orientation&quot;:&quot;0&quot;}\" data-image-title=\"Veste de ce\u0301re\u0301monie de clo\u0302ture pour femmes\u2014dos 125\u00a0$\" data-image-description=\"\" data-medium-file=\"https:\/\/preprod.olympic.ca\/olympique\/wp-content\/uploads\/sites\/2\/2016\/04\/veste-de-cecc81recc81monie-de-clocc82ture-pour-femmese28094dos-125c2a0.jpg?quality=100&#038;w=371\" data-large-file=\"https:\/\/preprod.olympic.ca\/olympique\/wp-content\/uploads\/sites\/2\/2016\/04\/veste-de-cecc81recc81monie-de-clocc82ture-pour-femmese28094dos-125c2a0.jpg?quality=100&#038;w=700\" src=\"https:\/\/preprod.olympic.ca\/olympique\/wp-content\/uploads\/sites\/2\/2016\/04\/veste-de-cecc81recc81monie-de-clocc82ture-pour-femmese28094dos-125c2a0.jpg?quality=100&#038;w=449&#038;h=449&#038;crop=1&#038;strip&#038;resize=449%2C449\" srcset=\"https:\/\/preprod.olympic.ca\/olympique\/wp-content\/uploads\/sites\/2\/2016\/04\/veste-de-cecc81recc81monie-de-clocc82ture-pour-femmese28094dos-125c2a0.jpg 700w, https:\/\/preprod.olympic.ca\/olympique\/wp-content\/uploads\/sites\/2\/2016\/04\/veste-de-cecc81recc81monie-de-clocc82ture-pour-femmese28094dos-125c2a0.jpg?resize=158,158 158w, https:\/\/preprod.olympic.ca\/olympique\/wp-content\/uploads\/sites\/2\/2016\/04\/veste-de-cecc81recc81monie-de-clocc82ture-pour-femmese28094dos-125c2a0.jpg?resize=371,371 371w\" width=\"449\" height=\"449\" loading=\"lazy\" data-original-width=\"449\" data-original-height=\"449\" itemprop=\"http:\/\/schema.org\/image\" title=\"Veste de ce\u0301re\u0301monie de clo\u0302ture pour femmes\u2014dos 125\u00a0$\" alt=\"Veste de c\u00e9r\u00e9monie de cl\u00f4ture pour femmes\u2014dos 125\u00a0$\" style=\"width: 449px; height: 449px;\" \/> <\/a> <div class=\"tiled-gallery-caption\" itemprop=\"caption description\"> Veste de c\u00e9r\u00e9monie de cl\u00f4ture pour femmes\u2014dos 125\u00a0$ <\/div> <\/div> <\/div> <div class=\"gallery-group\" style=\"width: 453px; height: 453px;\" data-original-width=\"453\" data-original-height=\"453\" > <div class=\"tiled-gallery-item \" itemprop=\"associatedMedia\" itemscope itemtype=\"http:\/\/schema.org\/ImageObject\"> <a href=\"https:\/\/preprod.olympic.ca\/olympique\/2016\/04\/12\/devoilement-de-la-collection-officielle-dequipe-canada-pour-rio-2016\/veste-de-ceremonie-de-clo%cc%82ture-pour-femmes-devant-125\/#main\" border=\"0\" itemprop=\"url\"> <meta itemprop=\"width\" content=\"449\"> <meta itemprop=\"height\" content=\"449\"> <img decoding=\"async\" data-recalc-dims=\"1\" class=\"\" data-attachment-id=\"114150\" data-orig-file=\"https:\/\/preprod.olympic.ca\/olympique\/wp-content\/uploads\/sites\/2\/2016\/04\/veste-de-cecc81recc81monie-de-clocc82ture-pour-femmese28094devant-125c2a0.jpg?quality=100\" data-orig-size=\"700,700\" data-comments-opened=\"1\" data-image-meta=\"{&quot;aperture&quot;:&quot;0&quot;,&quot;credit&quot;:&quot;&quot;,&quot;camera&quot;:&quot;&quot;,&quot;caption&quot;:&quot;&quot;,&quot;created_timestamp&quot;:&quot;0&quot;,&quot;copyright&quot;:&quot;&quot;,&quot;focal_length&quot;:&quot;0&quot;,&quot;iso&quot;:&quot;0&quot;,&quot;shutter_speed&quot;:&quot;0&quot;,&quot;title&quot;:&quot;&quot;,&quot;orientation&quot;:&quot;0&quot;}\" data-image-title=\"Veste de ce\u0301re\u0301monie de clo\u0302ture pour femmes\u2014devant 125\u00a0$\" data-image-description=\"\" data-medium-file=\"https:\/\/preprod.olympic.ca\/olympique\/wp-content\/uploads\/sites\/2\/2016\/04\/veste-de-cecc81recc81monie-de-clocc82ture-pour-femmese28094devant-125c2a0.jpg?quality=100&#038;w=371\" data-large-file=\"https:\/\/preprod.olympic.ca\/olympique\/wp-content\/uploads\/sites\/2\/2016\/04\/veste-de-cecc81recc81monie-de-clocc82ture-pour-femmese28094devant-125c2a0.jpg?quality=100&#038;w=700\" src=\"https:\/\/preprod.olympic.ca\/olympique\/wp-content\/uploads\/sites\/2\/2016\/04\/veste-de-cecc81recc81monie-de-clocc82ture-pour-femmese28094devant-125c2a0.jpg?quality=100&#038;w=449&#038;h=449&#038;crop=1&#038;strip&#038;resize=449%2C449\" srcset=\"https:\/\/preprod.olympic.ca\/olympique\/wp-content\/uploads\/sites\/2\/2016\/04\/veste-de-cecc81recc81monie-de-clocc82ture-pour-femmese28094devant-125c2a0.jpg 700w, https:\/\/preprod.olympic.ca\/olympique\/wp-content\/uploads\/sites\/2\/2016\/04\/veste-de-cecc81recc81monie-de-clocc82ture-pour-femmese28094devant-125c2a0.jpg?resize=158,158 158w, https:\/\/preprod.olympic.ca\/olympique\/wp-content\/uploads\/sites\/2\/2016\/04\/veste-de-cecc81recc81monie-de-clocc82ture-pour-femmese28094devant-125c2a0.jpg?resize=371,371 371w\" width=\"449\" height=\"449\" loading=\"lazy\" data-original-width=\"449\" data-original-height=\"449\" itemprop=\"http:\/\/schema.org\/image\" title=\"Veste de ce\u0301re\u0301monie de clo\u0302ture pour femmes\u2014devant 125\u00a0$\" alt=\"Veste de c\u00e9r\u00e9monie de cl\u00f4ture pour femmes\u2014devant 125\u00a0$\" style=\"width: 449px; height: 449px;\" \/> <\/a> <div class=\"tiled-gallery-caption\" itemprop=\"caption description\"> Veste de c\u00e9r\u00e9monie de cl\u00f4ture pour femmes\u2014devant 125\u00a0$ <\/div> <\/div> <\/div> <div class=\"gallery-group\" style=\"width: 453px; height: 453px;\" data-original-width=\"453\" data-original-height=\"453\" > <div class=\"tiled-gallery-item \" itemprop=\"associatedMedia\" itemscope itemtype=\"http:\/\/schema.org\/ImageObject\"> <a href=\"https:\/\/preprod.olympic.ca\/olympique\/2016\/04\/12\/devoilement-de-la-collection-officielle-dequipe-canada-pour-rio-2016\/veste-a-capuchon-softshell-feuille-derable-canada-pour-femmes-devant-125\/#main\" border=\"0\" itemprop=\"url\"> <meta itemprop=\"width\" content=\"449\"> <meta itemprop=\"height\" content=\"449\"> <img decoding=\"async\" data-recalc-dims=\"1\" class=\"\" data-attachment-id=\"114169\" data-orig-file=\"https:\/\/preprod.olympic.ca\/olympique\/wp-content\/uploads\/sites\/2\/2016\/04\/veste-acc80-capuchon-softshell-feuille-d_ecc81rable-canada-pour-femmese28094devant-125c2a0.jpg?quality=100\" data-orig-size=\"700,700\" data-comments-opened=\"1\" data-image-meta=\"{&quot;aperture&quot;:&quot;0&quot;,&quot;credit&quot;:&quot;&quot;,&quot;camera&quot;:&quot;&quot;,&quot;caption&quot;:&quot;&quot;,&quot;created_timestamp&quot;:&quot;0&quot;,&quot;copyright&quot;:&quot;&quot;,&quot;focal_length&quot;:&quot;0&quot;,&quot;iso&quot;:&quot;0&quot;,&quot;shutter_speed&quot;:&quot;0&quot;,&quot;title&quot;:&quot;&quot;,&quot;orientation&quot;:&quot;0&quot;}\" data-image-title=\"Veste a\u0300 capuchon Softshell Feuille d\u2019e\u0301rable Canada pour femmes\u2014devant 125\u00a0$\" data-image-description=\"\" data-medium-file=\"https:\/\/preprod.olympic.ca\/olympique\/wp-content\/uploads\/sites\/2\/2016\/04\/veste-acc80-capuchon-softshell-feuille-d_ecc81rable-canada-pour-femmese28094devant-125c2a0.jpg?quality=100&#038;w=371\" data-large-file=\"https:\/\/preprod.olympic.ca\/olympique\/wp-content\/uploads\/sites\/2\/2016\/04\/veste-acc80-capuchon-softshell-feuille-d_ecc81rable-canada-pour-femmese28094devant-125c2a0.jpg?quality=100&#038;w=700\" src=\"https:\/\/preprod.olympic.ca\/olympique\/wp-content\/uploads\/sites\/2\/2016\/04\/veste-acc80-capuchon-softshell-feuille-d_ecc81rable-canada-pour-femmese28094devant-125c2a0.jpg?quality=100&#038;w=449&#038;h=449&#038;crop=1&#038;strip&#038;resize=449%2C449\" srcset=\"https:\/\/preprod.olympic.ca\/olympique\/wp-content\/uploads\/sites\/2\/2016\/04\/veste-acc80-capuchon-softshell-feuille-d_ecc81rable-canada-pour-femmese28094devant-125c2a0.jpg 700w, https:\/\/preprod.olympic.ca\/olympique\/wp-content\/uploads\/sites\/2\/2016\/04\/veste-acc80-capuchon-softshell-feuille-d_ecc81rable-canada-pour-femmese28094devant-125c2a0.jpg?resize=158,158 158w, https:\/\/preprod.olympic.ca\/olympique\/wp-content\/uploads\/sites\/2\/2016\/04\/veste-acc80-capuchon-softshell-feuille-d_ecc81rable-canada-pour-femmese28094devant-125c2a0.jpg?resize=371,371 371w\" width=\"449\" height=\"449\" loading=\"lazy\" data-original-width=\"449\" data-original-height=\"449\" itemprop=\"http:\/\/schema.org\/image\" title=\"Veste a\u0300 capuchon Softshell Feuille d\u2019e\u0301rable Canada pour femmes\u2014devant 125\u00a0$\" alt=\"Veste \u00e0 capuchon Softshell Feuille d\u2019\u00e9rable Canada pour femmes\u2014devant 125\u00a0$\" style=\"width: 449px; height: 449px;\" \/> <\/a> <div class=\"tiled-gallery-caption\" itemprop=\"caption description\"> Veste \u00e0 capuchon Softshell Feuille d\u2019\u00e9rable Canada pour femmes\u2014devant 125\u00a0$ <\/div> <\/div> <\/div> <\/div> <div class=\"gallery-row\" style=\"width: 1360px; height: 453px;\" data-original-width=\"1360\" data-original-height=\"453\" > <div class=\"gallery-group\" style=\"width: 453px; height: 453px;\" data-original-width=\"453\" data-original-height=\"453\" > <div class=\"tiled-gallery-item \" itemprop=\"associatedMedia\" itemscope itemtype=\"http:\/\/schema.org\/ImageObject\"> <a href=\"https:\/\/preprod.olympic.ca\/olympique\/2016\/04\/12\/devoilement-de-la-collection-officielle-dequipe-canada-pour-rio-2016\/veste-a-capuchon-softshell-feuille-derable-canada-pour-femmes-dos-125\/#main\" border=\"0\" itemprop=\"url\"> <meta itemprop=\"width\" content=\"449\"> <meta itemprop=\"height\" content=\"449\"> <img decoding=\"async\" data-recalc-dims=\"1\" class=\"\" data-attachment-id=\"114165\" data-orig-file=\"https:\/\/preprod.olympic.ca\/olympique\/wp-content\/uploads\/sites\/2\/2016\/04\/veste-acc80-capuchon-softshell-feuille-d_ecc81rable-canada-pour-femmese28094dos-125c2a0.jpg?quality=100\" data-orig-size=\"700,700\" data-comments-opened=\"1\" data-image-meta=\"{&quot;aperture&quot;:&quot;0&quot;,&quot;credit&quot;:&quot;&quot;,&quot;camera&quot;:&quot;&quot;,&quot;caption&quot;:&quot;&quot;,&quot;created_timestamp&quot;:&quot;0&quot;,&quot;copyright&quot;:&quot;&quot;,&quot;focal_length&quot;:&quot;0&quot;,&quot;iso&quot;:&quot;0&quot;,&quot;shutter_speed&quot;:&quot;0&quot;,&quot;title&quot;:&quot;&quot;,&quot;orientation&quot;:&quot;0&quot;}\" data-image-title=\"Veste a\u0300 capuchon Softshell Feuille d\u2019e\u0301rable Canada pour femmes\u2014dos 125\u00a0$\" data-image-description=\"\" data-medium-file=\"https:\/\/preprod.olympic.ca\/olympique\/wp-content\/uploads\/sites\/2\/2016\/04\/veste-acc80-capuchon-softshell-feuille-d_ecc81rable-canada-pour-femmese28094dos-125c2a0.jpg?quality=100&#038;w=371\" data-large-file=\"https:\/\/preprod.olympic.ca\/olympique\/wp-content\/uploads\/sites\/2\/2016\/04\/veste-acc80-capuchon-softshell-feuille-d_ecc81rable-canada-pour-femmese28094dos-125c2a0.jpg?quality=100&#038;w=700\" src=\"https:\/\/preprod.olympic.ca\/olympique\/wp-content\/uploads\/sites\/2\/2016\/04\/veste-acc80-capuchon-softshell-feuille-d_ecc81rable-canada-pour-femmese28094dos-125c2a0.jpg?quality=100&#038;w=449&#038;h=449&#038;crop=1&#038;strip&#038;resize=449%2C449\" srcset=\"https:\/\/preprod.olympic.ca\/olympique\/wp-content\/uploads\/sites\/2\/2016\/04\/veste-acc80-capuchon-softshell-feuille-d_ecc81rable-canada-pour-femmese28094dos-125c2a0.jpg 700w, https:\/\/preprod.olympic.ca\/olympique\/wp-content\/uploads\/sites\/2\/2016\/04\/veste-acc80-capuchon-softshell-feuille-d_ecc81rable-canada-pour-femmese28094dos-125c2a0.jpg?resize=158,158 158w, https:\/\/preprod.olympic.ca\/olympique\/wp-content\/uploads\/sites\/2\/2016\/04\/veste-acc80-capuchon-softshell-feuille-d_ecc81rable-canada-pour-femmese28094dos-125c2a0.jpg?resize=371,371 371w\" width=\"449\" height=\"449\" loading=\"lazy\" data-original-width=\"449\" data-original-height=\"449\" itemprop=\"http:\/\/schema.org\/image\" title=\"Veste a\u0300 capuchon Softshell Feuille d\u2019e\u0301rable Canada pour femmes\u2014dos 125\u00a0$\" alt=\"Veste \u00e0 capuchon Softshell Feuille d\u2019\u00e9rable Canada pour femmes\u2014dos 125\u00a0$\" style=\"width: 449px; height: 449px;\" \/> <\/a> <div class=\"tiled-gallery-caption\" itemprop=\"caption description\"> Veste \u00e0 capuchon Softshell Feuille d\u2019\u00e9rable Canada pour femmes\u2014dos 125\u00a0$ <\/div> <\/div> <\/div> <div class=\"gallery-group\" style=\"width: 453px; height: 453px;\" data-original-width=\"453\" data-original-height=\"453\" > <div class=\"tiled-gallery-item \" itemprop=\"associatedMedia\" itemscope itemtype=\"http:\/\/schema.org\/ImageObject\"> <a href=\"https:\/\/preprod.olympic.ca\/olympique\/2016\/04\/12\/devoilement-de-la-collection-officielle-dequipe-canada-pour-rio-2016\/village-chandail-a-manches-courtes-blanc-pour-femmes-35\/#main\" border=\"0\" itemprop=\"url\"> <meta itemprop=\"width\" content=\"449\"> <meta itemprop=\"height\" content=\"449\"> <img decoding=\"async\" data-recalc-dims=\"1\" class=\"\" data-attachment-id=\"114148\" data-orig-file=\"https:\/\/preprod.olympic.ca\/olympique\/wp-content\/uploads\/sites\/2\/2016\/04\/villagec2a0-chandail-acc80-manches-courtes-blanc-pour-femmes-35c2a0.jpg?quality=100\" data-orig-size=\"700,700\" data-comments-opened=\"1\" data-image-meta=\"{&quot;aperture&quot;:&quot;0&quot;,&quot;credit&quot;:&quot;&quot;,&quot;camera&quot;:&quot;&quot;,&quot;caption&quot;:&quot;&quot;,&quot;created_timestamp&quot;:&quot;0&quot;,&quot;copyright&quot;:&quot;&quot;,&quot;focal_length&quot;:&quot;0&quot;,&quot;iso&quot;:&quot;0&quot;,&quot;shutter_speed&quot;:&quot;0&quot;,&quot;title&quot;:&quot;&quot;,&quot;orientation&quot;:&quot;0&quot;}\" data-image-title=\"Village\u00a0&amp;#8211; Chandail a\u0300 manches courtes blanc pour femmes 35\u00a0$\" data-image-description=\"\" data-medium-file=\"https:\/\/preprod.olympic.ca\/olympique\/wp-content\/uploads\/sites\/2\/2016\/04\/villagec2a0-chandail-acc80-manches-courtes-blanc-pour-femmes-35c2a0.jpg?quality=100&#038;w=371\" data-large-file=\"https:\/\/preprod.olympic.ca\/olympique\/wp-content\/uploads\/sites\/2\/2016\/04\/villagec2a0-chandail-acc80-manches-courtes-blanc-pour-femmes-35c2a0.jpg?quality=100&#038;w=700\" src=\"https:\/\/preprod.olympic.ca\/olympique\/wp-content\/uploads\/sites\/2\/2016\/04\/villagec2a0-chandail-acc80-manches-courtes-blanc-pour-femmes-35c2a0.jpg?quality=100&#038;w=449&#038;h=449&#038;crop=1&#038;strip&#038;resize=449%2C449\" srcset=\"https:\/\/preprod.olympic.ca\/olympique\/wp-content\/uploads\/sites\/2\/2016\/04\/villagec2a0-chandail-acc80-manches-courtes-blanc-pour-femmes-35c2a0.jpg 700w, https:\/\/preprod.olympic.ca\/olympique\/wp-content\/uploads\/sites\/2\/2016\/04\/villagec2a0-chandail-acc80-manches-courtes-blanc-pour-femmes-35c2a0.jpg?resize=158,158 158w, https:\/\/preprod.olympic.ca\/olympique\/wp-content\/uploads\/sites\/2\/2016\/04\/villagec2a0-chandail-acc80-manches-courtes-blanc-pour-femmes-35c2a0.jpg?resize=371,371 371w\" width=\"449\" height=\"449\" loading=\"lazy\" data-original-width=\"449\" data-original-height=\"449\" itemprop=\"http:\/\/schema.org\/image\" title=\"Village\u00a0- Chandail a\u0300 manches courtes blanc pour femmes 35\u00a0$\" alt=\"Village\u00a0: Chandail \u00e0 manches courtes blanc pour femmes 35\u00a0$\" style=\"width: 449px; height: 449px;\" \/> <\/a> <div class=\"tiled-gallery-caption\" itemprop=\"caption description\"> Village\u00a0: Chandail \u00e0 manches courtes blanc pour femmes 35\u00a0$ <\/div> <\/div> <\/div> <div class=\"gallery-group\" style=\"width: 453px; height: 453px;\" data-original-width=\"453\" data-original-height=\"453\" > <div class=\"tiled-gallery-item \" itemprop=\"associatedMedia\" itemscope itemtype=\"http:\/\/schema.org\/ImageObject\"> <a href=\"https:\/\/preprod.olympic.ca\/olympique\/2016\/04\/12\/devoilement-de-la-collection-officielle-dequipe-canada-pour-rio-2016\/village-chandail-a-manches-longues-40\/#main\" border=\"0\" itemprop=\"url\"> <meta itemprop=\"width\" content=\"449\"> <meta itemprop=\"height\" content=\"449\"> <img decoding=\"async\" data-recalc-dims=\"1\" class=\"\" data-attachment-id=\"114149\" data-orig-file=\"https:\/\/preprod.olympic.ca\/olympique\/wp-content\/uploads\/sites\/2\/2016\/04\/villagec2a0-chandail-acc80-manches-longues-40c2a0.jpg?quality=100\" data-orig-size=\"700,700\" data-comments-opened=\"1\" data-image-meta=\"{&quot;aperture&quot;:&quot;0&quot;,&quot;credit&quot;:&quot;&quot;,&quot;camera&quot;:&quot;&quot;,&quot;caption&quot;:&quot;&quot;,&quot;created_timestamp&quot;:&quot;0&quot;,&quot;copyright&quot;:&quot;&quot;,&quot;focal_length&quot;:&quot;0&quot;,&quot;iso&quot;:&quot;0&quot;,&quot;shutter_speed&quot;:&quot;0&quot;,&quot;title&quot;:&quot;&quot;,&quot;orientation&quot;:&quot;0&quot;}\" data-image-title=\"Village\u00a0&amp;#8211; Chandail a\u0300 manches longues 40\u00a0$\" data-image-description=\"\" data-medium-file=\"https:\/\/preprod.olympic.ca\/olympique\/wp-content\/uploads\/sites\/2\/2016\/04\/villagec2a0-chandail-acc80-manches-longues-40c2a0.jpg?quality=100&#038;w=371\" data-large-file=\"https:\/\/preprod.olympic.ca\/olympique\/wp-content\/uploads\/sites\/2\/2016\/04\/villagec2a0-chandail-acc80-manches-longues-40c2a0.jpg?quality=100&#038;w=700\" src=\"https:\/\/preprod.olympic.ca\/olympique\/wp-content\/uploads\/sites\/2\/2016\/04\/villagec2a0-chandail-acc80-manches-longues-40c2a0.jpg?quality=100&#038;w=449&#038;h=449&#038;crop=1&#038;strip&#038;resize=449%2C449\" srcset=\"https:\/\/preprod.olympic.ca\/olympique\/wp-content\/uploads\/sites\/2\/2016\/04\/villagec2a0-chandail-acc80-manches-longues-40c2a0.jpg 700w, https:\/\/preprod.olympic.ca\/olympique\/wp-content\/uploads\/sites\/2\/2016\/04\/villagec2a0-chandail-acc80-manches-longues-40c2a0.jpg?resize=158,158 158w, https:\/\/preprod.olympic.ca\/olympique\/wp-content\/uploads\/sites\/2\/2016\/04\/villagec2a0-chandail-acc80-manches-longues-40c2a0.jpg?resize=371,371 371w\" width=\"449\" height=\"449\" loading=\"lazy\" data-original-width=\"449\" data-original-height=\"449\" itemprop=\"http:\/\/schema.org\/image\" title=\"Village\u00a0- Chandail a\u0300 manches longues 40\u00a0$\" alt=\"Village\u00a0: Chandail \u00e0 manches longues 40\u00a0$\" style=\"width: 449px; height: 449px;\" \/> <\/a> <div class=\"tiled-gallery-caption\" itemprop=\"caption description\"> Village\u00a0: Chandail \u00e0 manches longues 40\u00a0$ <\/div> <\/div> <\/div> <\/div> <div class=\"gallery-row\" style=\"width: 1360px; height: 453px;\" data-original-width=\"1360\" data-original-height=\"453\" > <div class=\"gallery-group\" style=\"width: 453px; height: 453px;\" data-original-width=\"453\" data-original-height=\"453\" > <div class=\"tiled-gallery-item \" itemprop=\"associatedMedia\" itemscope itemtype=\"http:\/\/schema.org\/ImageObject\"> <a href=\"https:\/\/preprod.olympic.ca\/olympique\/2016\/04\/12\/devoilement-de-la-collection-officielle-dequipe-canada-pour-rio-2016\/chandail-a-manches-courtes-de-ceremonie-de-clo%cc%82ture-pour-femmes-35\/#main\" border=\"0\" itemprop=\"url\"> <meta itemprop=\"width\" content=\"449\"> <meta itemprop=\"height\" content=\"449\"> <img decoding=\"async\" data-recalc-dims=\"1\" class=\"\" data-attachment-id=\"114151\" data-orig-file=\"https:\/\/preprod.olympic.ca\/olympique\/wp-content\/uploads\/sites\/2\/2016\/04\/chandail-acc80-manches-courtes-de-cecc81recc81monie-de-clocc82ture-pour-femmes-35c2a0.jpg?quality=100\" data-orig-size=\"700,700\" data-comments-opened=\"1\" data-image-meta=\"{&quot;aperture&quot;:&quot;0&quot;,&quot;credit&quot;:&quot;&quot;,&quot;camera&quot;:&quot;&quot;,&quot;caption&quot;:&quot;&quot;,&quot;created_timestamp&quot;:&quot;0&quot;,&quot;copyright&quot;:&quot;&quot;,&quot;focal_length&quot;:&quot;0&quot;,&quot;iso&quot;:&quot;0&quot;,&quot;shutter_speed&quot;:&quot;0&quot;,&quot;title&quot;:&quot;&quot;,&quot;orientation&quot;:&quot;0&quot;}\" data-image-title=\"Chandail a\u0300 manches courtes de ce\u0301re\u0301monie de clo\u0302ture pour femmes 35\u00a0$\" data-image-description=\"\" data-medium-file=\"https:\/\/preprod.olympic.ca\/olympique\/wp-content\/uploads\/sites\/2\/2016\/04\/chandail-acc80-manches-courtes-de-cecc81recc81monie-de-clocc82ture-pour-femmes-35c2a0.jpg?quality=100&#038;w=371\" data-large-file=\"https:\/\/preprod.olympic.ca\/olympique\/wp-content\/uploads\/sites\/2\/2016\/04\/chandail-acc80-manches-courtes-de-cecc81recc81monie-de-clocc82ture-pour-femmes-35c2a0.jpg?quality=100&#038;w=700\" src=\"https:\/\/preprod.olympic.ca\/olympique\/wp-content\/uploads\/sites\/2\/2016\/04\/chandail-acc80-manches-courtes-de-cecc81recc81monie-de-clocc82ture-pour-femmes-35c2a0.jpg?quality=100&#038;w=449&#038;h=449&#038;crop=1&#038;strip&#038;resize=449%2C449\" srcset=\"https:\/\/preprod.olympic.ca\/olympique\/wp-content\/uploads\/sites\/2\/2016\/04\/chandail-acc80-manches-courtes-de-cecc81recc81monie-de-clocc82ture-pour-femmes-35c2a0.jpg 700w, https:\/\/preprod.olympic.ca\/olympique\/wp-content\/uploads\/sites\/2\/2016\/04\/chandail-acc80-manches-courtes-de-cecc81recc81monie-de-clocc82ture-pour-femmes-35c2a0.jpg?resize=158,158 158w, https:\/\/preprod.olympic.ca\/olympique\/wp-content\/uploads\/sites\/2\/2016\/04\/chandail-acc80-manches-courtes-de-cecc81recc81monie-de-clocc82ture-pour-femmes-35c2a0.jpg?resize=371,371 371w\" width=\"449\" height=\"449\" loading=\"lazy\" data-original-width=\"449\" data-original-height=\"449\" itemprop=\"http:\/\/schema.org\/image\" title=\"Chandail a\u0300 manches courtes de ce\u0301re\u0301monie de clo\u0302ture pour femmes 35\u00a0$\" alt=\"Chandail \u00e0 manches courtes de c\u00e9r\u00e9monie de cl\u00f4ture pour femmes 35\u00a0$\" style=\"width: 449px; height: 449px;\" \/> <\/a> <div class=\"tiled-gallery-caption\" itemprop=\"caption description\"> Chandail \u00e0 manches courtes de c\u00e9r\u00e9monie de cl\u00f4ture pour femmes 35\u00a0$ <\/div> <\/div> <\/div> <div class=\"gallery-group\" style=\"width: 453px; height: 453px;\" data-original-width=\"453\" data-original-height=\"453\" > <div class=\"tiled-gallery-item \" itemprop=\"associatedMedia\" itemscope itemtype=\"http:\/\/schema.org\/ImageObject\"> <a href=\"https:\/\/preprod.olympic.ca\/olympique\/2016\/04\/12\/devoilement-de-la-collection-officielle-dequipe-canada-pour-rio-2016\/dans-les-medias-chandail-a-manches-courtes-pour-femmes-35\/#main\" border=\"0\" itemprop=\"url\"> <meta itemprop=\"width\" content=\"449\"> <meta itemprop=\"height\" content=\"449\"> <img decoding=\"async\" data-recalc-dims=\"1\" class=\"\" data-attachment-id=\"114152\" data-orig-file=\"https:\/\/preprod.olympic.ca\/olympique\/wp-content\/uploads\/sites\/2\/2016\/04\/dans-les-mecc81diasc2a0-chandail-acc80-manches-courtes-pour-femmes-35c2a0.jpg?quality=100\" data-orig-size=\"700,700\" data-comments-opened=\"1\" data-image-meta=\"{&quot;aperture&quot;:&quot;0&quot;,&quot;credit&quot;:&quot;&quot;,&quot;camera&quot;:&quot;&quot;,&quot;caption&quot;:&quot;&quot;,&quot;created_timestamp&quot;:&quot;0&quot;,&quot;copyright&quot;:&quot;&quot;,&quot;focal_length&quot;:&quot;0&quot;,&quot;iso&quot;:&quot;0&quot;,&quot;shutter_speed&quot;:&quot;0&quot;,&quot;title&quot;:&quot;&quot;,&quot;orientation&quot;:&quot;0&quot;}\" data-image-title=\"Dans les me\u0301dias\u00a0&amp;#8211; Chandail a\u0300 manches courtes pour Femmes 35\u00a0$\" data-image-description=\"\" data-medium-file=\"https:\/\/preprod.olympic.ca\/olympique\/wp-content\/uploads\/sites\/2\/2016\/04\/dans-les-mecc81diasc2a0-chandail-acc80-manches-courtes-pour-femmes-35c2a0.jpg?quality=100&#038;w=371\" data-large-file=\"https:\/\/preprod.olympic.ca\/olympique\/wp-content\/uploads\/sites\/2\/2016\/04\/dans-les-mecc81diasc2a0-chandail-acc80-manches-courtes-pour-femmes-35c2a0.jpg?quality=100&#038;w=700\" src=\"https:\/\/preprod.olympic.ca\/olympique\/wp-content\/uploads\/sites\/2\/2016\/04\/dans-les-mecc81diasc2a0-chandail-acc80-manches-courtes-pour-femmes-35c2a0.jpg?quality=100&#038;w=449&#038;h=449&#038;crop=1&#038;strip&#038;resize=449%2C449\" srcset=\"https:\/\/preprod.olympic.ca\/olympique\/wp-content\/uploads\/sites\/2\/2016\/04\/dans-les-mecc81diasc2a0-chandail-acc80-manches-courtes-pour-femmes-35c2a0.jpg 700w, https:\/\/preprod.olympic.ca\/olympique\/wp-content\/uploads\/sites\/2\/2016\/04\/dans-les-mecc81diasc2a0-chandail-acc80-manches-courtes-pour-femmes-35c2a0.jpg?resize=158,158 158w, https:\/\/preprod.olympic.ca\/olympique\/wp-content\/uploads\/sites\/2\/2016\/04\/dans-les-mecc81diasc2a0-chandail-acc80-manches-courtes-pour-femmes-35c2a0.jpg?resize=371,371 371w\" width=\"449\" height=\"449\" loading=\"lazy\" data-original-width=\"449\" data-original-height=\"449\" itemprop=\"http:\/\/schema.org\/image\" title=\"Dans les me\u0301dias\u00a0- Chandail a\u0300 manches courtes pour Femmes 35\u00a0$\" alt=\"Dans les m\u00e9dias\u00a0: Chandail \u00e0 manches courtes pour Femmes 35\u00a0$\" style=\"width: 449px; height: 449px;\" \/> <\/a> <div class=\"tiled-gallery-caption\" itemprop=\"caption description\"> Dans les m\u00e9dias\u00a0: Chandail \u00e0 manches courtes pour Femmes 35\u00a0$ <\/div> <\/div> <\/div> <div class=\"gallery-group\" style=\"width: 453px; height: 453px;\" data-original-width=\"453\" data-original-height=\"453\" > <div class=\"tiled-gallery-item \" itemprop=\"associatedMedia\" itemscope itemtype=\"http:\/\/schema.org\/ImageObject\"> <a href=\"https:\/\/preprod.olympic.ca\/olympique\/2016\/04\/12\/devoilement-de-la-collection-officielle-dequipe-canada-pour-rio-2016\/veste-a-capuchon-feuille-derable-grise-pour-femmes-dos-95\/#main\" border=\"0\" itemprop=\"url\"> <meta itemprop=\"width\" content=\"449\"> <meta itemprop=\"height\" content=\"449\"> <img decoding=\"async\" data-recalc-dims=\"1\" class=\"\" data-attachment-id=\"114153\" data-orig-file=\"https:\/\/preprod.olympic.ca\/olympique\/wp-content\/uploads\/sites\/2\/2016\/04\/veste-acc80-capuchon-feuille-d_ecc81rable-grise-pour-femmes-e28094dos-95c2a0.jpg?quality=100\" data-orig-size=\"700,700\" data-comments-opened=\"1\" data-image-meta=\"{&quot;aperture&quot;:&quot;0&quot;,&quot;credit&quot;:&quot;&quot;,&quot;camera&quot;:&quot;&quot;,&quot;caption&quot;:&quot;&quot;,&quot;created_timestamp&quot;:&quot;0&quot;,&quot;copyright&quot;:&quot;&quot;,&quot;focal_length&quot;:&quot;0&quot;,&quot;iso&quot;:&quot;0&quot;,&quot;shutter_speed&quot;:&quot;0&quot;,&quot;title&quot;:&quot;&quot;,&quot;orientation&quot;:&quot;0&quot;}\" data-image-title=\"Veste a\u0300 capuchon Feuille d\u2019e\u0301rable grise pour femmes \u2014dos 95\u00a0$\" data-image-description=\"\" data-medium-file=\"https:\/\/preprod.olympic.ca\/olympique\/wp-content\/uploads\/sites\/2\/2016\/04\/veste-acc80-capuchon-feuille-d_ecc81rable-grise-pour-femmes-e28094dos-95c2a0.jpg?quality=100&#038;w=371\" data-large-file=\"https:\/\/preprod.olympic.ca\/olympique\/wp-content\/uploads\/sites\/2\/2016\/04\/veste-acc80-capuchon-feuille-d_ecc81rable-grise-pour-femmes-e28094dos-95c2a0.jpg?quality=100&#038;w=700\" src=\"https:\/\/preprod.olympic.ca\/olympique\/wp-content\/uploads\/sites\/2\/2016\/04\/veste-acc80-capuchon-feuille-d_ecc81rable-grise-pour-femmes-e28094dos-95c2a0.jpg?quality=100&#038;w=449&#038;h=449&#038;crop=1&#038;strip&#038;resize=449%2C449\" srcset=\"https:\/\/preprod.olympic.ca\/olympique\/wp-content\/uploads\/sites\/2\/2016\/04\/veste-acc80-capuchon-feuille-d_ecc81rable-grise-pour-femmes-e28094dos-95c2a0.jpg 700w, https:\/\/preprod.olympic.ca\/olympique\/wp-content\/uploads\/sites\/2\/2016\/04\/veste-acc80-capuchon-feuille-d_ecc81rable-grise-pour-femmes-e28094dos-95c2a0.jpg?resize=158,158 158w, https:\/\/preprod.olympic.ca\/olympique\/wp-content\/uploads\/sites\/2\/2016\/04\/veste-acc80-capuchon-feuille-d_ecc81rable-grise-pour-femmes-e28094dos-95c2a0.jpg?resize=371,371 371w\" width=\"449\" height=\"449\" loading=\"lazy\" data-original-width=\"449\" data-original-height=\"449\" itemprop=\"http:\/\/schema.org\/image\" title=\"Veste a\u0300 capuchon Feuille d\u2019e\u0301rable grise pour femmes \u2014dos 95\u00a0$\" alt=\"Veste \u00e0 capuchon Feuille d\u2019\u00e9rable grise pour femmes \u2014dos 95\u00a0$\" style=\"width: 449px; height: 449px;\" \/> <\/a> <div class=\"tiled-gallery-caption\" itemprop=\"caption description\"> Veste \u00e0 capuchon Feuille d\u2019\u00e9rable grise pour femmes \u2014dos 95\u00a0$ <\/div> <\/div> <\/div> <\/div> <div class=\"gallery-row\" style=\"width: 1360px; height: 453px;\" data-original-width=\"1360\" data-original-height=\"453\" > <div class=\"gallery-group\" style=\"width: 453px; height: 453px;\" data-original-width=\"453\" data-original-height=\"453\" > <div class=\"tiled-gallery-item \" itemprop=\"associatedMedia\" itemscope itemtype=\"http:\/\/schema.org\/ImageObject\"> <a href=\"https:\/\/preprod.olympic.ca\/olympique\/2016\/04\/12\/devoilement-de-la-collection-officielle-dequipe-canada-pour-rio-2016\/veste-coupe-vent-pour-femmes-dos-125\/#main\" border=\"0\" itemprop=\"url\"> <meta itemprop=\"width\" content=\"449\"> <meta itemprop=\"height\" content=\"449\"> <img decoding=\"async\" data-recalc-dims=\"1\" class=\"\" data-attachment-id=\"114154\" data-orig-file=\"https:\/\/preprod.olympic.ca\/olympique\/wp-content\/uploads\/sites\/2\/2016\/04\/veste-coupe-vent-pour-femmese28094dos-125.jpg?quality=100\" data-orig-size=\"700,700\" data-comments-opened=\"1\" data-image-meta=\"{&quot;aperture&quot;:&quot;0&quot;,&quot;credit&quot;:&quot;&quot;,&quot;camera&quot;:&quot;&quot;,&quot;caption&quot;:&quot;&quot;,&quot;created_timestamp&quot;:&quot;0&quot;,&quot;copyright&quot;:&quot;&quot;,&quot;focal_length&quot;:&quot;0&quot;,&quot;iso&quot;:&quot;0&quot;,&quot;shutter_speed&quot;:&quot;0&quot;,&quot;title&quot;:&quot;&quot;,&quot;orientation&quot;:&quot;0&quot;}\" data-image-title=\"Veste coupe-vent pour femmes\u2014dos 125 $\" data-image-description=\"\" data-medium-file=\"https:\/\/preprod.olympic.ca\/olympique\/wp-content\/uploads\/sites\/2\/2016\/04\/veste-coupe-vent-pour-femmese28094dos-125.jpg?quality=100&#038;w=371\" data-large-file=\"https:\/\/preprod.olympic.ca\/olympique\/wp-content\/uploads\/sites\/2\/2016\/04\/veste-coupe-vent-pour-femmese28094dos-125.jpg?quality=100&#038;w=700\" src=\"https:\/\/preprod.olympic.ca\/olympique\/wp-content\/uploads\/sites\/2\/2016\/04\/veste-coupe-vent-pour-femmese28094dos-125.jpg?quality=100&#038;w=449&#038;h=449&#038;crop=1&#038;strip&#038;resize=449%2C449\" srcset=\"https:\/\/preprod.olympic.ca\/olympique\/wp-content\/uploads\/sites\/2\/2016\/04\/veste-coupe-vent-pour-femmese28094dos-125.jpg 700w, https:\/\/preprod.olympic.ca\/olympique\/wp-content\/uploads\/sites\/2\/2016\/04\/veste-coupe-vent-pour-femmese28094dos-125.jpg?resize=158,158 158w, https:\/\/preprod.olympic.ca\/olympique\/wp-content\/uploads\/sites\/2\/2016\/04\/veste-coupe-vent-pour-femmese28094dos-125.jpg?resize=371,371 371w\" width=\"449\" height=\"449\" loading=\"lazy\" data-original-width=\"449\" data-original-height=\"449\" itemprop=\"http:\/\/schema.org\/image\" title=\"Veste coupe-vent pour femmes\u2014dos 125 $\" alt=\"Veste coupe-vent pour femmes\u2014dos 125 $\" style=\"width: 449px; height: 449px;\" \/> <\/a> <div class=\"tiled-gallery-caption\" itemprop=\"caption description\"> Veste coupe-vent pour femmes\u2014dos 125 $ <\/div> <\/div> <\/div> <div class=\"gallery-group\" style=\"width: 453px; height: 453px;\" data-original-width=\"453\" data-original-height=\"453\" > <div class=\"tiled-gallery-item \" itemprop=\"associatedMedia\" itemscope itemtype=\"http:\/\/schema.org\/ImageObject\"> <a href=\"https:\/\/preprod.olympic.ca\/olympique\/2016\/04\/12\/devoilement-de-la-collection-officielle-dequipe-canada-pour-rio-2016\/village-patalon-pour-femmes-80\/#main\" border=\"0\" itemprop=\"url\"> <meta itemprop=\"width\" content=\"449\"> <meta itemprop=\"height\" content=\"449\"> <img decoding=\"async\" data-recalc-dims=\"1\" class=\"\" data-attachment-id=\"114155\" data-orig-file=\"https:\/\/preprod.olympic.ca\/olympique\/wp-content\/uploads\/sites\/2\/2016\/04\/villagec2a0-patalon-pour-femmes-80c2a0.jpg?quality=100\" data-orig-size=\"700,700\" data-comments-opened=\"1\" data-image-meta=\"{&quot;aperture&quot;:&quot;0&quot;,&quot;credit&quot;:&quot;&quot;,&quot;camera&quot;:&quot;&quot;,&quot;caption&quot;:&quot;&quot;,&quot;created_timestamp&quot;:&quot;0&quot;,&quot;copyright&quot;:&quot;&quot;,&quot;focal_length&quot;:&quot;0&quot;,&quot;iso&quot;:&quot;0&quot;,&quot;shutter_speed&quot;:&quot;0&quot;,&quot;title&quot;:&quot;&quot;,&quot;orientation&quot;:&quot;0&quot;}\" data-image-title=\"Village\u00a0&amp;#8211; Patalon pour femmes 80\u00a0$\" data-image-description=\"\" data-medium-file=\"https:\/\/preprod.olympic.ca\/olympique\/wp-content\/uploads\/sites\/2\/2016\/04\/villagec2a0-patalon-pour-femmes-80c2a0.jpg?quality=100&#038;w=371\" data-large-file=\"https:\/\/preprod.olympic.ca\/olympique\/wp-content\/uploads\/sites\/2\/2016\/04\/villagec2a0-patalon-pour-femmes-80c2a0.jpg?quality=100&#038;w=700\" src=\"https:\/\/preprod.olympic.ca\/olympique\/wp-content\/uploads\/sites\/2\/2016\/04\/villagec2a0-patalon-pour-femmes-80c2a0.jpg?quality=100&#038;w=449&#038;h=449&#038;crop=1&#038;strip&#038;resize=449%2C449\" srcset=\"https:\/\/preprod.olympic.ca\/olympique\/wp-content\/uploads\/sites\/2\/2016\/04\/villagec2a0-patalon-pour-femmes-80c2a0.jpg 700w, https:\/\/preprod.olympic.ca\/olympique\/wp-content\/uploads\/sites\/2\/2016\/04\/villagec2a0-patalon-pour-femmes-80c2a0.jpg?resize=158,158 158w, https:\/\/preprod.olympic.ca\/olympique\/wp-content\/uploads\/sites\/2\/2016\/04\/villagec2a0-patalon-pour-femmes-80c2a0.jpg?resize=371,371 371w\" width=\"449\" height=\"449\" loading=\"lazy\" data-original-width=\"449\" data-original-height=\"449\" itemprop=\"http:\/\/schema.org\/image\" title=\"Village\u00a0- Patalon pour femmes 80\u00a0$\" alt=\"Village\u00a0: Patalon pour femmes 80\u00a0$\" style=\"width: 449px; height: 449px;\" \/> <\/a> <div class=\"tiled-gallery-caption\" itemprop=\"caption description\"> Village\u00a0: Patalon pour femmes 80\u00a0$ <\/div> <\/div> <\/div> <div class=\"gallery-group\" style=\"width: 453px; height: 453px;\" data-original-width=\"453\" data-original-height=\"453\" > <div class=\"tiled-gallery-item \" itemprop=\"associatedMedia\" itemscope itemtype=\"http:\/\/schema.org\/ImageObject\"> <a href=\"https:\/\/preprod.olympic.ca\/olympique\/2016\/04\/12\/devoilement-de-la-collection-officielle-dequipe-canada-pour-rio-2016\/foulard-de-lin-mosai%cc%88que-45\/#main\" border=\"0\" itemprop=\"url\"> <meta itemprop=\"width\" content=\"449\"> <meta itemprop=\"height\" content=\"449\"> <img decoding=\"async\" data-recalc-dims=\"1\" class=\"\" data-attachment-id=\"114156\" data-orig-file=\"https:\/\/preprod.olympic.ca\/olympique\/wp-content\/uploads\/sites\/2\/2016\/04\/foulard-de-lin-mosaicc88que-45c2a0.jpg?quality=100\" data-orig-size=\"700,700\" data-comments-opened=\"1\" data-image-meta=\"{&quot;aperture&quot;:&quot;0&quot;,&quot;credit&quot;:&quot;&quot;,&quot;camera&quot;:&quot;&quot;,&quot;caption&quot;:&quot;&quot;,&quot;created_timestamp&quot;:&quot;0&quot;,&quot;copyright&quot;:&quot;&quot;,&quot;focal_length&quot;:&quot;0&quot;,&quot;iso&quot;:&quot;0&quot;,&quot;shutter_speed&quot;:&quot;0&quot;,&quot;title&quot;:&quot;&quot;,&quot;orientation&quot;:&quot;0&quot;}\" data-image-title=\"Foulard de lin mosai\u0308que 45\u00a0$\" data-image-description=\"\" data-medium-file=\"https:\/\/preprod.olympic.ca\/olympique\/wp-content\/uploads\/sites\/2\/2016\/04\/foulard-de-lin-mosaicc88que-45c2a0.jpg?quality=100&#038;w=371\" data-large-file=\"https:\/\/preprod.olympic.ca\/olympique\/wp-content\/uploads\/sites\/2\/2016\/04\/foulard-de-lin-mosaicc88que-45c2a0.jpg?quality=100&#038;w=700\" src=\"https:\/\/preprod.olympic.ca\/olympique\/wp-content\/uploads\/sites\/2\/2016\/04\/foulard-de-lin-mosaicc88que-45c2a0.jpg?quality=100&#038;w=449&#038;h=449&#038;crop=1&#038;strip&#038;resize=449%2C449\" srcset=\"https:\/\/preprod.olympic.ca\/olympique\/wp-content\/uploads\/sites\/2\/2016\/04\/foulard-de-lin-mosaicc88que-45c2a0.jpg 700w, https:\/\/preprod.olympic.ca\/olympique\/wp-content\/uploads\/sites\/2\/2016\/04\/foulard-de-lin-mosaicc88que-45c2a0.jpg?resize=158,158 158w, https:\/\/preprod.olympic.ca\/olympique\/wp-content\/uploads\/sites\/2\/2016\/04\/foulard-de-lin-mosaicc88que-45c2a0.jpg?resize=371,371 371w\" width=\"449\" height=\"449\" loading=\"lazy\" data-original-width=\"449\" data-original-height=\"449\" itemprop=\"http:\/\/schema.org\/image\" title=\"Foulard de lin mosai\u0308que 45\u00a0$\" alt=\"Foulard de lin mosa\u00efque 45\u00a0$\" style=\"width: 449px; height: 449px;\" \/> <\/a> <div class=\"tiled-gallery-caption\" itemprop=\"caption description\"> Foulard de lin mosa\u00efque 45\u00a0$ <\/div> <\/div> <\/div> <\/div> <div class=\"gallery-row\" style=\"width: 1360px; height: 453px;\" data-original-width=\"1360\" data-original-height=\"453\" > <div class=\"gallery-group\" style=\"width: 453px; height: 453px;\" data-original-width=\"453\" data-original-height=\"453\" > <div class=\"tiled-gallery-item \" itemprop=\"associatedMedia\" itemscope itemtype=\"http:\/\/schema.org\/ImageObject\"> <a href=\"https:\/\/preprod.olympic.ca\/olympique\/2016\/04\/12\/devoilement-de-la-collection-officielle-dequipe-canada-pour-rio-2016\/veste-a-capuchon-feuille-derable-gris-pour-femme-devant-95\/#main\" border=\"0\" itemprop=\"url\"> <meta itemprop=\"width\" content=\"449\"> <meta itemprop=\"height\" content=\"449\"> <img decoding=\"async\" data-recalc-dims=\"1\" class=\"\" data-attachment-id=\"114157\" data-orig-file=\"https:\/\/preprod.olympic.ca\/olympique\/wp-content\/uploads\/sites\/2\/2016\/04\/veste-acc80-capuchon-feuille-d_ecc81rable-gris-pour-femme-e28094devant-95c2a0.jpg?quality=100\" data-orig-size=\"700,700\" data-comments-opened=\"1\" data-image-meta=\"{&quot;aperture&quot;:&quot;0&quot;,&quot;credit&quot;:&quot;&quot;,&quot;camera&quot;:&quot;&quot;,&quot;caption&quot;:&quot;&quot;,&quot;created_timestamp&quot;:&quot;0&quot;,&quot;copyright&quot;:&quot;&quot;,&quot;focal_length&quot;:&quot;0&quot;,&quot;iso&quot;:&quot;0&quot;,&quot;shutter_speed&quot;:&quot;0&quot;,&quot;title&quot;:&quot;&quot;,&quot;orientation&quot;:&quot;0&quot;}\" data-image-title=\"Veste a\u0300 capuchon Feuille d\u2019e\u0301rable gris pour femme \u2014devant 95\u00a0$\" data-image-description=\"\" data-medium-file=\"https:\/\/preprod.olympic.ca\/olympique\/wp-content\/uploads\/sites\/2\/2016\/04\/veste-acc80-capuchon-feuille-d_ecc81rable-gris-pour-femme-e28094devant-95c2a0.jpg?quality=100&#038;w=371\" data-large-file=\"https:\/\/preprod.olympic.ca\/olympique\/wp-content\/uploads\/sites\/2\/2016\/04\/veste-acc80-capuchon-feuille-d_ecc81rable-gris-pour-femme-e28094devant-95c2a0.jpg?quality=100&#038;w=700\" src=\"https:\/\/preprod.olympic.ca\/olympique\/wp-content\/uploads\/sites\/2\/2016\/04\/veste-acc80-capuchon-feuille-d_ecc81rable-gris-pour-femme-e28094devant-95c2a0.jpg?quality=100&#038;w=449&#038;h=449&#038;crop=1&#038;strip&#038;resize=449%2C449\" srcset=\"https:\/\/preprod.olympic.ca\/olympique\/wp-content\/uploads\/sites\/2\/2016\/04\/veste-acc80-capuchon-feuille-d_ecc81rable-gris-pour-femme-e28094devant-95c2a0.jpg 700w, https:\/\/preprod.olympic.ca\/olympique\/wp-content\/uploads\/sites\/2\/2016\/04\/veste-acc80-capuchon-feuille-d_ecc81rable-gris-pour-femme-e28094devant-95c2a0.jpg?resize=158,158 158w, https:\/\/preprod.olympic.ca\/olympique\/wp-content\/uploads\/sites\/2\/2016\/04\/veste-acc80-capuchon-feuille-d_ecc81rable-gris-pour-femme-e28094devant-95c2a0.jpg?resize=371,371 371w\" width=\"449\" height=\"449\" loading=\"lazy\" data-original-width=\"449\" data-original-height=\"449\" itemprop=\"http:\/\/schema.org\/image\" title=\"Veste a\u0300 capuchon Feuille d\u2019e\u0301rable gris pour femme \u2014devant 95\u00a0$\" alt=\"Veste \u00e0 capuchon Feuille d\u2019\u00e9rable gris pour femme \u2014devant 95\u00a0$\" style=\"width: 449px; height: 449px;\" \/> <\/a> <div class=\"tiled-gallery-caption\" itemprop=\"caption description\"> Veste \u00e0 capuchon Feuille d\u2019\u00e9rable gris pour femme \u2014devant 95\u00a0$ <\/div> <\/div> <\/div> <div class=\"gallery-group\" style=\"width: 453px; height: 453px;\" data-original-width=\"453\" data-original-height=\"453\" > <div class=\"tiled-gallery-item \" itemprop=\"associatedMedia\" itemscope itemtype=\"http:\/\/schema.org\/ImageObject\"> <a href=\"https:\/\/preprod.olympic.ca\/olympique\/2016\/04\/12\/devoilement-de-la-collection-officielle-dequipe-canada-pour-rio-2016\/veste-coupe-vent-pour-femmes-devant-125\/#main\" border=\"0\" itemprop=\"url\"> <meta itemprop=\"width\" content=\"449\"> <meta itemprop=\"height\" content=\"449\"> <img decoding=\"async\" data-recalc-dims=\"1\" class=\"\" data-attachment-id=\"114158\" data-orig-file=\"https:\/\/preprod.olympic.ca\/olympique\/wp-content\/uploads\/sites\/2\/2016\/04\/veste-coupe-vent-pour-femmese28094devant-125c2a0.jpg?quality=100\" data-orig-size=\"700,700\" data-comments-opened=\"1\" data-image-meta=\"{&quot;aperture&quot;:&quot;0&quot;,&quot;credit&quot;:&quot;&quot;,&quot;camera&quot;:&quot;&quot;,&quot;caption&quot;:&quot;&quot;,&quot;created_timestamp&quot;:&quot;0&quot;,&quot;copyright&quot;:&quot;&quot;,&quot;focal_length&quot;:&quot;0&quot;,&quot;iso&quot;:&quot;0&quot;,&quot;shutter_speed&quot;:&quot;0&quot;,&quot;title&quot;:&quot;&quot;,&quot;orientation&quot;:&quot;0&quot;}\" data-image-title=\"Veste coupe-vent pour femmes\u2014devant 125\u00a0$\" data-image-description=\"\" data-medium-file=\"https:\/\/preprod.olympic.ca\/olympique\/wp-content\/uploads\/sites\/2\/2016\/04\/veste-coupe-vent-pour-femmese28094devant-125c2a0.jpg?quality=100&#038;w=371\" data-large-file=\"https:\/\/preprod.olympic.ca\/olympique\/wp-content\/uploads\/sites\/2\/2016\/04\/veste-coupe-vent-pour-femmese28094devant-125c2a0.jpg?quality=100&#038;w=700\" src=\"https:\/\/preprod.olympic.ca\/olympique\/wp-content\/uploads\/sites\/2\/2016\/04\/veste-coupe-vent-pour-femmese28094devant-125c2a0.jpg?quality=100&#038;w=449&#038;h=449&#038;crop=1&#038;strip&#038;resize=449%2C449\" srcset=\"https:\/\/preprod.olympic.ca\/olympique\/wp-content\/uploads\/sites\/2\/2016\/04\/veste-coupe-vent-pour-femmese28094devant-125c2a0.jpg 700w, https:\/\/preprod.olympic.ca\/olympique\/wp-content\/uploads\/sites\/2\/2016\/04\/veste-coupe-vent-pour-femmese28094devant-125c2a0.jpg?resize=158,158 158w, https:\/\/preprod.olympic.ca\/olympique\/wp-content\/uploads\/sites\/2\/2016\/04\/veste-coupe-vent-pour-femmese28094devant-125c2a0.jpg?resize=371,371 371w\" width=\"449\" height=\"449\" loading=\"lazy\" data-original-width=\"449\" data-original-height=\"449\" itemprop=\"http:\/\/schema.org\/image\" title=\"Veste coupe-vent pour femmes\u2014devant 125\u00a0$\" alt=\"Veste coupe-vent pour femmes\u2014devant 125\u00a0$\" style=\"width: 449px; height: 449px;\" \/> <\/a> <div class=\"tiled-gallery-caption\" itemprop=\"caption description\"> Veste coupe-vent pour femmes\u2014devant 125\u00a0$ <\/div> <\/div> <\/div> <div class=\"gallery-group\" style=\"width: 453px; height: 453px;\" data-original-width=\"453\" data-original-height=\"453\" > <div class=\"tiled-gallery-item \" itemprop=\"associatedMedia\" itemscope itemtype=\"http:\/\/schema.org\/ImageObject\"> <a href=\"https:\/\/preprod.olympic.ca\/olympique\/2016\/04\/12\/devoilement-de-la-collection-officielle-dequipe-canada-pour-rio-2016\/village-chandail-a-manches-courtes-noir-pour-femmes-30\/#main\" border=\"0\" itemprop=\"url\"> <meta itemprop=\"width\" content=\"449\"> <meta itemprop=\"height\" content=\"449\"> <img decoding=\"async\" data-recalc-dims=\"1\" class=\"\" data-attachment-id=\"114159\" data-orig-file=\"https:\/\/preprod.olympic.ca\/olympique\/wp-content\/uploads\/sites\/2\/2016\/04\/villagec2a0-chandail-acc80-manches-courtes-noir-pour-femmes-30c2a0.jpg?quality=100\" data-orig-size=\"700,700\" data-comments-opened=\"1\" data-image-meta=\"{&quot;aperture&quot;:&quot;0&quot;,&quot;credit&quot;:&quot;&quot;,&quot;camera&quot;:&quot;&quot;,&quot;caption&quot;:&quot;&quot;,&quot;created_timestamp&quot;:&quot;0&quot;,&quot;copyright&quot;:&quot;&quot;,&quot;focal_length&quot;:&quot;0&quot;,&quot;iso&quot;:&quot;0&quot;,&quot;shutter_speed&quot;:&quot;0&quot;,&quot;title&quot;:&quot;&quot;,&quot;orientation&quot;:&quot;0&quot;}\" data-image-title=\"Village\u00a0&amp;#8211; Chandail a\u0300 manches courtes noir pour femmes 30\u00a0$\" data-image-description=\"\" data-medium-file=\"https:\/\/preprod.olympic.ca\/olympique\/wp-content\/uploads\/sites\/2\/2016\/04\/villagec2a0-chandail-acc80-manches-courtes-noir-pour-femmes-30c2a0.jpg?quality=100&#038;w=371\" data-large-file=\"https:\/\/preprod.olympic.ca\/olympique\/wp-content\/uploads\/sites\/2\/2016\/04\/villagec2a0-chandail-acc80-manches-courtes-noir-pour-femmes-30c2a0.jpg?quality=100&#038;w=700\" src=\"https:\/\/preprod.olympic.ca\/olympique\/wp-content\/uploads\/sites\/2\/2016\/04\/villagec2a0-chandail-acc80-manches-courtes-noir-pour-femmes-30c2a0.jpg?quality=100&#038;w=449&#038;h=449&#038;crop=1&#038;strip&#038;resize=449%2C449\" srcset=\"https:\/\/preprod.olympic.ca\/olympique\/wp-content\/uploads\/sites\/2\/2016\/04\/villagec2a0-chandail-acc80-manches-courtes-noir-pour-femmes-30c2a0.jpg 700w, https:\/\/preprod.olympic.ca\/olympique\/wp-content\/uploads\/sites\/2\/2016\/04\/villagec2a0-chandail-acc80-manches-courtes-noir-pour-femmes-30c2a0.jpg?resize=158,158 158w, https:\/\/preprod.olympic.ca\/olympique\/wp-content\/uploads\/sites\/2\/2016\/04\/villagec2a0-chandail-acc80-manches-courtes-noir-pour-femmes-30c2a0.jpg?resize=371,371 371w\" width=\"449\" height=\"449\" loading=\"lazy\" data-original-width=\"449\" data-original-height=\"449\" itemprop=\"http:\/\/schema.org\/image\" title=\"Village\u00a0- Chandail a\u0300 manches courtes noir pour femmes 30\u00a0$\" alt=\"Village\u00a0: Chandail \u00e0 manches courtes noir pour femmes 30\u00a0$\" style=\"width: 449px; height: 449px;\" \/> <\/a> <div class=\"tiled-gallery-caption\" itemprop=\"caption description\"> Village\u00a0: Chandail \u00e0 manches courtes noir pour femmes 30\u00a0$ <\/div> <\/div> <\/div> <\/div> <div class=\"gallery-row\" style=\"width: 1360px; height: 453px;\" data-original-width=\"1360\" data-original-height=\"453\" > <div class=\"gallery-group\" style=\"width: 453px; height: 453px;\" data-original-width=\"453\" data-original-height=\"453\" > <div class=\"tiled-gallery-item \" itemprop=\"associatedMedia\" itemscope itemtype=\"http:\/\/schema.org\/ImageObject\"> <a href=\"https:\/\/preprod.olympic.ca\/olympique\/2016\/04\/12\/devoilement-de-la-collection-officielle-dequipe-canada-pour-rio-2016\/veste-a-capuchon-feuille-derable-blanche-dos-95\/#main\" border=\"0\" itemprop=\"url\"> <meta itemprop=\"width\" content=\"449\"> <meta itemprop=\"height\" content=\"449\"> <img decoding=\"async\" data-recalc-dims=\"1\" class=\"\" data-attachment-id=\"114160\" data-orig-file=\"https:\/\/preprod.olympic.ca\/olympique\/wp-content\/uploads\/sites\/2\/2016\/04\/veste-acc80-capuchon-feuille-d_ecc81rable-blanchee28094dos-95c2a0.jpg?quality=100\" data-orig-size=\"700,761\" data-comments-opened=\"1\" data-image-meta=\"{&quot;aperture&quot;:&quot;0&quot;,&quot;credit&quot;:&quot;&quot;,&quot;camera&quot;:&quot;&quot;,&quot;caption&quot;:&quot;&quot;,&quot;created_timestamp&quot;:&quot;0&quot;,&quot;copyright&quot;:&quot;&quot;,&quot;focal_length&quot;:&quot;0&quot;,&quot;iso&quot;:&quot;0&quot;,&quot;shutter_speed&quot;:&quot;0&quot;,&quot;title&quot;:&quot;&quot;,&quot;orientation&quot;:&quot;0&quot;}\" data-image-title=\"Veste a\u0300 capuchon Feuille d\u2019e\u0301rable blanche\u2014dos 95\u00a0$\" data-image-description=\"\" data-medium-file=\"https:\/\/preprod.olympic.ca\/olympique\/wp-content\/uploads\/sites\/2\/2016\/04\/veste-acc80-capuchon-feuille-d_ecc81rable-blanchee28094dos-95c2a0.jpg?quality=100&#038;w=341\" data-large-file=\"https:\/\/preprod.olympic.ca\/olympique\/wp-content\/uploads\/sites\/2\/2016\/04\/veste-acc80-capuchon-feuille-d_ecc81rable-blanchee28094dos-95c2a0.jpg?quality=100&#038;w=694\" src=\"https:\/\/preprod.olympic.ca\/olympique\/wp-content\/uploads\/sites\/2\/2016\/04\/veste-acc80-capuchon-feuille-d_ecc81rable-blanchee28094dos-95c2a0.jpg?quality=100&#038;w=449&#038;h=449&#038;crop=1&#038;strip&#038;resize=449%2C449\" width=\"449\" height=\"449\" loading=\"lazy\" data-original-width=\"449\" data-original-height=\"449\" itemprop=\"http:\/\/schema.org\/image\" title=\"Veste a\u0300 capuchon Feuille d\u2019e\u0301rable blanche\u2014dos 95\u00a0$\" alt=\"Veste \u00e0 capuchon Feuille d\u2019\u00e9rable blanche\u2014dos 95\u00a0$\" style=\"width: 449px; height: 449px;\" \/> <\/a> <div class=\"tiled-gallery-caption\" itemprop=\"caption description\"> Veste \u00e0 capuchon Feuille d\u2019\u00e9rable blanche\u2014dos 95\u00a0$ <\/div> <\/div> <\/div> <div class=\"gallery-group\" style=\"width: 453px; height: 453px;\" data-original-width=\"453\" data-original-height=\"453\" > <div class=\"tiled-gallery-item \" itemprop=\"associatedMedia\" itemscope itemtype=\"http:\/\/schema.org\/ImageObject\"> <a href=\"https:\/\/preprod.olympic.ca\/olympique\/2016\/04\/12\/devoilement-de-la-collection-officielle-dequipe-canada-pour-rio-2016\/veste-a-capuchon-feuille-derable-blanc-devant-95\/#main\" border=\"0\" itemprop=\"url\"> <meta itemprop=\"width\" content=\"449\"> <meta itemprop=\"height\" content=\"449\"> <img decoding=\"async\" data-recalc-dims=\"1\" class=\"\" data-attachment-id=\"114164\" data-orig-file=\"https:\/\/preprod.olympic.ca\/olympique\/wp-content\/uploads\/sites\/2\/2016\/04\/veste-acc80-capuchon-feuille-d_ecc81rable-blance28094devant-95c2a0.jpg?quality=100\" data-orig-size=\"700,700\" data-comments-opened=\"1\" data-image-meta=\"{&quot;aperture&quot;:&quot;0&quot;,&quot;credit&quot;:&quot;&quot;,&quot;camera&quot;:&quot;&quot;,&quot;caption&quot;:&quot;&quot;,&quot;created_timestamp&quot;:&quot;0&quot;,&quot;copyright&quot;:&quot;&quot;,&quot;focal_length&quot;:&quot;0&quot;,&quot;iso&quot;:&quot;0&quot;,&quot;shutter_speed&quot;:&quot;0&quot;,&quot;title&quot;:&quot;&quot;,&quot;orientation&quot;:&quot;0&quot;}\" data-image-title=\"Veste a\u0300 capuchon Feuille d\u2019e\u0301rable blanc\u2014devant 95\u00a0$\" data-image-description=\"\" data-medium-file=\"https:\/\/preprod.olympic.ca\/olympique\/wp-content\/uploads\/sites\/2\/2016\/04\/veste-acc80-capuchon-feuille-d_ecc81rable-blance28094devant-95c2a0.jpg?quality=100&#038;w=371\" data-large-file=\"https:\/\/preprod.olympic.ca\/olympique\/wp-content\/uploads\/sites\/2\/2016\/04\/veste-acc80-capuchon-feuille-d_ecc81rable-blance28094devant-95c2a0.jpg?quality=100&#038;w=700\" src=\"https:\/\/preprod.olympic.ca\/olympique\/wp-content\/uploads\/sites\/2\/2016\/04\/veste-acc80-capuchon-feuille-d_ecc81rable-blance28094devant-95c2a0.jpg?quality=100&#038;w=449&#038;h=449&#038;crop=1&#038;strip&#038;resize=449%2C449\" srcset=\"https:\/\/preprod.olympic.ca\/olympique\/wp-content\/uploads\/sites\/2\/2016\/04\/veste-acc80-capuchon-feuille-d_ecc81rable-blance28094devant-95c2a0.jpg 700w, https:\/\/preprod.olympic.ca\/olympique\/wp-content\/uploads\/sites\/2\/2016\/04\/veste-acc80-capuchon-feuille-d_ecc81rable-blance28094devant-95c2a0.jpg?resize=158,158 158w, https:\/\/preprod.olympic.ca\/olympique\/wp-content\/uploads\/sites\/2\/2016\/04\/veste-acc80-capuchon-feuille-d_ecc81rable-blance28094devant-95c2a0.jpg?resize=371,371 371w\" width=\"449\" height=\"449\" loading=\"lazy\" data-original-width=\"449\" data-original-height=\"449\" itemprop=\"http:\/\/schema.org\/image\" title=\"Veste a\u0300 capuchon Feuille d\u2019e\u0301rable blanc\u2014devant 95\u00a0$\" alt=\"Veste \u00e0 capuchon Feuille d\u2019\u00e9rable blanc\u2014devant 95\u00a0$\" style=\"width: 449px; height: 449px;\" \/> <\/a> <div class=\"tiled-gallery-caption\" itemprop=\"caption description\"> Veste \u00e0 capuchon Feuille d\u2019\u00e9rable blanc\u2014devant 95\u00a0$ <\/div> <\/div> <\/div> <div class=\"gallery-group\" style=\"width: 453px; height: 453px;\" data-original-width=\"453\" data-original-height=\"453\" > <div class=\"tiled-gallery-item \" itemprop=\"associatedMedia\" itemscope itemtype=\"http:\/\/schema.org\/ImageObject\"> <a href=\"https:\/\/preprod.olympic.ca\/olympique\/2016\/04\/12\/devoilement-de-la-collection-officielle-dequipe-canada-pour-rio-2016\/veste-de-podium-pour-femmes-95\/#main\" border=\"0\" itemprop=\"url\"> <meta itemprop=\"width\" content=\"449\"> <meta itemprop=\"height\" content=\"449\"> <img decoding=\"async\" data-recalc-dims=\"1\" class=\"\" data-attachment-id=\"114161\" data-orig-file=\"https:\/\/preprod.olympic.ca\/olympique\/wp-content\/uploads\/sites\/2\/2016\/04\/veste-de-podium-pour-femmes-95c2a0.jpg?quality=100\" data-orig-size=\"700,700\" data-comments-opened=\"1\" data-image-meta=\"{&quot;aperture&quot;:&quot;0&quot;,&quot;credit&quot;:&quot;&quot;,&quot;camera&quot;:&quot;&quot;,&quot;caption&quot;:&quot;&quot;,&quot;created_timestamp&quot;:&quot;0&quot;,&quot;copyright&quot;:&quot;&quot;,&quot;focal_length&quot;:&quot;0&quot;,&quot;iso&quot;:&quot;0&quot;,&quot;shutter_speed&quot;:&quot;0&quot;,&quot;title&quot;:&quot;&quot;,&quot;orientation&quot;:&quot;0&quot;}\" data-image-title=\"Veste de podium pour femmes 95\u00a0$\" data-image-description=\"\" data-medium-file=\"https:\/\/preprod.olympic.ca\/olympique\/wp-content\/uploads\/sites\/2\/2016\/04\/veste-de-podium-pour-femmes-95c2a0.jpg?quality=100&#038;w=371\" data-large-file=\"https:\/\/preprod.olympic.ca\/olympique\/wp-content\/uploads\/sites\/2\/2016\/04\/veste-de-podium-pour-femmes-95c2a0.jpg?quality=100&#038;w=700\" src=\"https:\/\/preprod.olympic.ca\/olympique\/wp-content\/uploads\/sites\/2\/2016\/04\/veste-de-podium-pour-femmes-95c2a0.jpg?quality=100&#038;w=449&#038;h=449&#038;crop=1&#038;strip&#038;resize=449%2C449\" srcset=\"https:\/\/preprod.olympic.ca\/olympique\/wp-content\/uploads\/sites\/2\/2016\/04\/veste-de-podium-pour-femmes-95c2a0.jpg 700w, https:\/\/preprod.olympic.ca\/olympique\/wp-content\/uploads\/sites\/2\/2016\/04\/veste-de-podium-pour-femmes-95c2a0.jpg?resize=158,158 158w, https:\/\/preprod.olympic.ca\/olympique\/wp-content\/uploads\/sites\/2\/2016\/04\/veste-de-podium-pour-femmes-95c2a0.jpg?resize=371,371 371w\" width=\"449\" height=\"449\" loading=\"lazy\" data-original-width=\"449\" data-original-height=\"449\" itemprop=\"http:\/\/schema.org\/image\" title=\"Veste de podium pour femmes 95\u00a0$\" alt=\"Veste de podium pour femmes 95\u00a0$\" style=\"width: 449px; height: 449px;\" \/> <\/a> <div class=\"tiled-gallery-caption\" itemprop=\"caption description\"> Veste de podium pour femmes 95\u00a0$ <\/div> <\/div> <\/div> <\/div> <div class=\"gallery-row\" style=\"width: 1360px; height: 453px;\" data-original-width=\"1360\" data-original-height=\"453\" > <div class=\"gallery-group\" style=\"width: 453px; height: 453px;\" data-original-width=\"453\" data-original-height=\"453\" > <div class=\"tiled-gallery-item \" itemprop=\"associatedMedia\" itemscope itemtype=\"http:\/\/schema.org\/ImageObject\"> <a href=\"https:\/\/preprod.olympic.ca\/olympique\/2016\/04\/12\/devoilement-de-la-collection-officielle-dequipe-canada-pour-rio-2016\/village-casquette-unisexe-de-ceremonie-30\/#main\" border=\"0\" itemprop=\"url\"> <meta itemprop=\"width\" content=\"449\"> <meta itemprop=\"height\" content=\"449\"> <img decoding=\"async\" data-recalc-dims=\"1\" class=\"\" data-attachment-id=\"114162\" data-orig-file=\"https:\/\/preprod.olympic.ca\/olympique\/wp-content\/uploads\/sites\/2\/2016\/04\/villagec2a0-casquette-unisexe-de-cecc81recc81monie-30c2a0.jpg?quality=100\" data-orig-size=\"700,700\" data-comments-opened=\"1\" data-image-meta=\"{&quot;aperture&quot;:&quot;0&quot;,&quot;credit&quot;:&quot;&quot;,&quot;camera&quot;:&quot;&quot;,&quot;caption&quot;:&quot;&quot;,&quot;created_timestamp&quot;:&quot;0&quot;,&quot;copyright&quot;:&quot;&quot;,&quot;focal_length&quot;:&quot;0&quot;,&quot;iso&quot;:&quot;0&quot;,&quot;shutter_speed&quot;:&quot;0&quot;,&quot;title&quot;:&quot;&quot;,&quot;orientation&quot;:&quot;0&quot;}\" data-image-title=\"Village\u00a0&amp;#8211; Casquette unisexe de ce\u0301re\u0301monie 30\u00a0$\" data-image-description=\"\" data-medium-file=\"https:\/\/preprod.olympic.ca\/olympique\/wp-content\/uploads\/sites\/2\/2016\/04\/villagec2a0-casquette-unisexe-de-cecc81recc81monie-30c2a0.jpg?quality=100&#038;w=371\" data-large-file=\"https:\/\/preprod.olympic.ca\/olympique\/wp-content\/uploads\/sites\/2\/2016\/04\/villagec2a0-casquette-unisexe-de-cecc81recc81monie-30c2a0.jpg?quality=100&#038;w=700\" src=\"https:\/\/preprod.olympic.ca\/olympique\/wp-content\/uploads\/sites\/2\/2016\/04\/villagec2a0-casquette-unisexe-de-cecc81recc81monie-30c2a0.jpg?quality=100&#038;w=449&#038;h=449&#038;crop=1&#038;strip&#038;resize=449%2C449\" srcset=\"https:\/\/preprod.olympic.ca\/olympique\/wp-content\/uploads\/sites\/2\/2016\/04\/villagec2a0-casquette-unisexe-de-cecc81recc81monie-30c2a0.jpg 700w, https:\/\/preprod.olympic.ca\/olympique\/wp-content\/uploads\/sites\/2\/2016\/04\/villagec2a0-casquette-unisexe-de-cecc81recc81monie-30c2a0.jpg?resize=158,158 158w, https:\/\/preprod.olympic.ca\/olympique\/wp-content\/uploads\/sites\/2\/2016\/04\/villagec2a0-casquette-unisexe-de-cecc81recc81monie-30c2a0.jpg?resize=371,371 371w\" width=\"449\" height=\"449\" loading=\"lazy\" data-original-width=\"449\" data-original-height=\"449\" itemprop=\"http:\/\/schema.org\/image\" title=\"Village\u00a0- Casquette unisexe de ce\u0301re\u0301monie 30\u00a0$\" alt=\"Village\u00a0: Casquette unisexe de c\u00e9r\u00e9monie 30\u00a0$\" style=\"width: 449px; height: 449px;\" \/> <\/a> <div class=\"tiled-gallery-caption\" itemprop=\"caption description\"> Village\u00a0: Casquette unisexe de c\u00e9r\u00e9monie 30\u00a0$ <\/div> <\/div> <\/div> <div class=\"gallery-group\" style=\"width: 453px; height: 453px;\" data-original-width=\"453\" data-original-height=\"453\" > <div class=\"tiled-gallery-item \" itemprop=\"associatedMedia\" itemscope itemtype=\"http:\/\/schema.org\/ImageObject\"> <a href=\"https:\/\/preprod.olympic.ca\/olympique\/2016\/04\/12\/devoilement-de-la-collection-officielle-dequipe-canada-pour-rio-2016\/village-chandail-a-manches-courtes-gris-pour-femmes-30\/#main\" border=\"0\" itemprop=\"url\"> <meta itemprop=\"width\" content=\"449\"> <meta itemprop=\"height\" content=\"449\"> <img decoding=\"async\" data-recalc-dims=\"1\" class=\"\" data-attachment-id=\"114163\" data-orig-file=\"https:\/\/preprod.olympic.ca\/olympique\/wp-content\/uploads\/sites\/2\/2016\/04\/villagec2a0-chandail-acc80-manches-courtes-gris-pour-femmes-30c2a0.jpg?quality=100\" data-orig-size=\"700,700\" data-comments-opened=\"1\" data-image-meta=\"{&quot;aperture&quot;:&quot;0&quot;,&quot;credit&quot;:&quot;&quot;,&quot;camera&quot;:&quot;&quot;,&quot;caption&quot;:&quot;&quot;,&quot;created_timestamp&quot;:&quot;0&quot;,&quot;copyright&quot;:&quot;&quot;,&quot;focal_length&quot;:&quot;0&quot;,&quot;iso&quot;:&quot;0&quot;,&quot;shutter_speed&quot;:&quot;0&quot;,&quot;title&quot;:&quot;&quot;,&quot;orientation&quot;:&quot;0&quot;}\" data-image-title=\"Village\u00a0&amp;#8211; Chandail a\u0300 manches courtes gris pour femmes 30\u00a0$\" data-image-description=\"\" data-medium-file=\"https:\/\/preprod.olympic.ca\/olympique\/wp-content\/uploads\/sites\/2\/2016\/04\/villagec2a0-chandail-acc80-manches-courtes-gris-pour-femmes-30c2a0.jpg?quality=100&#038;w=371\" data-large-file=\"https:\/\/preprod.olympic.ca\/olympique\/wp-content\/uploads\/sites\/2\/2016\/04\/villagec2a0-chandail-acc80-manches-courtes-gris-pour-femmes-30c2a0.jpg?quality=100&#038;w=700\" src=\"https:\/\/preprod.olympic.ca\/olympique\/wp-content\/uploads\/sites\/2\/2016\/04\/villagec2a0-chandail-acc80-manches-courtes-gris-pour-femmes-30c2a0.jpg?quality=100&#038;w=449&#038;h=449&#038;crop=1&#038;strip&#038;resize=449%2C449\" srcset=\"https:\/\/preprod.olympic.ca\/olympique\/wp-content\/uploads\/sites\/2\/2016\/04\/villagec2a0-chandail-acc80-manches-courtes-gris-pour-femmes-30c2a0.jpg 700w, https:\/\/preprod.olympic.ca\/olympique\/wp-content\/uploads\/sites\/2\/2016\/04\/villagec2a0-chandail-acc80-manches-courtes-gris-pour-femmes-30c2a0.jpg?resize=158,158 158w, https:\/\/preprod.olympic.ca\/olympique\/wp-content\/uploads\/sites\/2\/2016\/04\/villagec2a0-chandail-acc80-manches-courtes-gris-pour-femmes-30c2a0.jpg?resize=371,371 371w\" width=\"449\" height=\"449\" loading=\"lazy\" data-original-width=\"449\" data-original-height=\"449\" itemprop=\"http:\/\/schema.org\/image\" title=\"Village\u00a0- Chandail a\u0300 manches courtes gris pour femmes 30\u00a0$\" alt=\"Village\u00a0: Chandail \u00e0 manches courtes gris pour femmes 30\u00a0$\" style=\"width: 449px; height: 449px;\" \/> <\/a> <div class=\"tiled-gallery-caption\" itemprop=\"caption description\"> Village\u00a0: Chandail \u00e0 manches courtes gris pour femmes 30\u00a0$ <\/div> <\/div> <\/div> <div class=\"gallery-group\" style=\"width: 453px; height: 453px;\" data-original-width=\"453\" data-original-height=\"453\" > <div class=\"tiled-gallery-item \" itemprop=\"associatedMedia\" itemscope itemtype=\"http:\/\/schema.org\/ImageObject\"> <a href=\"https:\/\/preprod.olympic.ca\/olympique\/2016\/04\/12\/devoilement-de-la-collection-officielle-dequipe-canada-pour-rio-2016\/village-2-casquette-unisexe-de-ceremonie-30\/#main\" border=\"0\" itemprop=\"url\"> <meta itemprop=\"width\" content=\"449\"> <meta itemprop=\"height\" content=\"449\"> <img decoding=\"async\" data-recalc-dims=\"1\" class=\"\" data-attachment-id=\"114166\" data-orig-file=\"https:\/\/preprod.olympic.ca\/olympique\/wp-content\/uploads\/sites\/2\/2016\/04\/villagec2a0-2-casquette-unisexe-de-cecc81recc81monie-30c2a0.jpg?quality=100\" data-orig-size=\"700,700\" data-comments-opened=\"1\" data-image-meta=\"{&quot;aperture&quot;:&quot;0&quot;,&quot;credit&quot;:&quot;&quot;,&quot;camera&quot;:&quot;&quot;,&quot;caption&quot;:&quot;&quot;,&quot;created_timestamp&quot;:&quot;0&quot;,&quot;copyright&quot;:&quot;&quot;,&quot;focal_length&quot;:&quot;0&quot;,&quot;iso&quot;:&quot;0&quot;,&quot;shutter_speed&quot;:&quot;0&quot;,&quot;title&quot;:&quot;&quot;,&quot;orientation&quot;:&quot;0&quot;}\" data-image-title=\"Village\u00a0&amp;#8211; 2-Casquette unisexe de ce\u0301re\u0301monie 30\u00a0$\" data-image-description=\"\" data-medium-file=\"https:\/\/preprod.olympic.ca\/olympique\/wp-content\/uploads\/sites\/2\/2016\/04\/villagec2a0-2-casquette-unisexe-de-cecc81recc81monie-30c2a0.jpg?quality=100&#038;w=371\" data-large-file=\"https:\/\/preprod.olympic.ca\/olympique\/wp-content\/uploads\/sites\/2\/2016\/04\/villagec2a0-2-casquette-unisexe-de-cecc81recc81monie-30c2a0.jpg?quality=100&#038;w=700\" src=\"https:\/\/preprod.olympic.ca\/olympique\/wp-content\/uploads\/sites\/2\/2016\/04\/villagec2a0-2-casquette-unisexe-de-cecc81recc81monie-30c2a0.jpg?quality=100&#038;w=449&#038;h=449&#038;crop=1&#038;strip&#038;resize=449%2C449\" srcset=\"https:\/\/preprod.olympic.ca\/olympique\/wp-content\/uploads\/sites\/2\/2016\/04\/villagec2a0-2-casquette-unisexe-de-cecc81recc81monie-30c2a0.jpg 700w, https:\/\/preprod.olympic.ca\/olympique\/wp-content\/uploads\/sites\/2\/2016\/04\/villagec2a0-2-casquette-unisexe-de-cecc81recc81monie-30c2a0.jpg?resize=158,158 158w, https:\/\/preprod.olympic.ca\/olympique\/wp-content\/uploads\/sites\/2\/2016\/04\/villagec2a0-2-casquette-unisexe-de-cecc81recc81monie-30c2a0.jpg?resize=371,371 371w\" width=\"449\" height=\"449\" loading=\"lazy\" data-original-width=\"449\" data-original-height=\"449\" itemprop=\"http:\/\/schema.org\/image\" title=\"Village\u00a0- 2-Casquette unisexe de ce\u0301re\u0301monie 30\u00a0$\" alt=\"Village\u00a0: Casquette unisexe de c\u00e9r\u00e9monie 30\u00a0$\" style=\"width: 449px; height: 449px;\" \/> <\/a> <div class=\"tiled-gallery-caption\" itemprop=\"caption description\"> Village\u00a0: Casquette unisexe de c\u00e9r\u00e9monie 30\u00a0$ <\/div> <\/div> <\/div> <\/div> <div class=\"gallery-row\" style=\"width: 1360px; height: 453px;\" data-original-width=\"1360\" data-original-height=\"453\" > <div class=\"gallery-group\" style=\"width: 453px; height: 453px;\" data-original-width=\"453\" data-original-height=\"453\" > <div class=\"tiled-gallery-item \" itemprop=\"associatedMedia\" itemscope itemtype=\"http:\/\/schema.org\/ImageObject\"> <a href=\"https:\/\/preprod.olympic.ca\/olympique\/2016\/04\/12\/devoilement-de-la-collection-officielle-dequipe-canada-pour-rio-2016\/village-chandail-a-manches-courtes-rouge-pour-femmes-35\/#main\" border=\"0\" itemprop=\"url\"> <meta itemprop=\"width\" content=\"449\"> <meta itemprop=\"height\" content=\"449\"> <img decoding=\"async\" data-recalc-dims=\"1\" class=\"\" data-attachment-id=\"114167\" data-orig-file=\"https:\/\/preprod.olympic.ca\/olympique\/wp-content\/uploads\/sites\/2\/2016\/04\/villagec2a0-chandail-acc80-manches-courtes-rouge-pour-femmes-35c2a0.jpg?quality=100\" data-orig-size=\"700,700\" data-comments-opened=\"1\" data-image-meta=\"{&quot;aperture&quot;:&quot;0&quot;,&quot;credit&quot;:&quot;&quot;,&quot;camera&quot;:&quot;&quot;,&quot;caption&quot;:&quot;&quot;,&quot;created_timestamp&quot;:&quot;0&quot;,&quot;copyright&quot;:&quot;&quot;,&quot;focal_length&quot;:&quot;0&quot;,&quot;iso&quot;:&quot;0&quot;,&quot;shutter_speed&quot;:&quot;0&quot;,&quot;title&quot;:&quot;&quot;,&quot;orientation&quot;:&quot;0&quot;}\" data-image-title=\"Village\u00a0&amp;#8211; Chandail a\u0300 manches courtes rouge pour femmes 35\u00a0$\" data-image-description=\"\" data-medium-file=\"https:\/\/preprod.olympic.ca\/olympique\/wp-content\/uploads\/sites\/2\/2016\/04\/villagec2a0-chandail-acc80-manches-courtes-rouge-pour-femmes-35c2a0.jpg?quality=100&#038;w=371\" data-large-file=\"https:\/\/preprod.olympic.ca\/olympique\/wp-content\/uploads\/sites\/2\/2016\/04\/villagec2a0-chandail-acc80-manches-courtes-rouge-pour-femmes-35c2a0.jpg?quality=100&#038;w=700\" src=\"https:\/\/preprod.olympic.ca\/olympique\/wp-content\/uploads\/sites\/2\/2016\/04\/villagec2a0-chandail-acc80-manches-courtes-rouge-pour-femmes-35c2a0.jpg?quality=100&#038;w=449&#038;h=449&#038;crop=1&#038;strip&#038;resize=449%2C449\" srcset=\"https:\/\/preprod.olympic.ca\/olympique\/wp-content\/uploads\/sites\/2\/2016\/04\/villagec2a0-chandail-acc80-manches-courtes-rouge-pour-femmes-35c2a0.jpg 700w, https:\/\/preprod.olympic.ca\/olympique\/wp-content\/uploads\/sites\/2\/2016\/04\/villagec2a0-chandail-acc80-manches-courtes-rouge-pour-femmes-35c2a0.jpg?resize=158,158 158w, https:\/\/preprod.olympic.ca\/olympique\/wp-content\/uploads\/sites\/2\/2016\/04\/villagec2a0-chandail-acc80-manches-courtes-rouge-pour-femmes-35c2a0.jpg?resize=371,371 371w\" width=\"449\" height=\"449\" loading=\"lazy\" data-original-width=\"449\" data-original-height=\"449\" itemprop=\"http:\/\/schema.org\/image\" title=\"Village\u00a0- Chandail a\u0300 manches courtes rouge pour femmes 35\u00a0$\" alt=\"Village\u00a0: Chandail \u00e0 manches courtes rouge pour femmes 35\u00a0$\" style=\"width: 449px; height: 449px;\" \/> <\/a> <div class=\"tiled-gallery-caption\" itemprop=\"caption description\"> Village\u00a0: Chandail \u00e0 manches courtes rouge pour femmes 35\u00a0$ <\/div> <\/div> <\/div> <div class=\"gallery-group\" style=\"width: 453px; height: 453px;\" data-original-width=\"453\" data-original-height=\"453\" > <div class=\"tiled-gallery-item \" itemprop=\"associatedMedia\" itemscope itemtype=\"http:\/\/schema.org\/ImageObject\"> <a href=\"https:\/\/preprod.olympic.ca\/olympique\/2016\/04\/12\/devoilement-de-la-collection-officielle-dequipe-canada-pour-rio-2016\/chandail-feuille-derable-a-manches-longues-dos-40\/#main\" border=\"0\" itemprop=\"url\"> <meta itemprop=\"width\" content=\"449\"> <meta itemprop=\"height\" content=\"449\"> <img decoding=\"async\" data-recalc-dims=\"1\" class=\"\" data-attachment-id=\"114168\" data-orig-file=\"https:\/\/preprod.olympic.ca\/olympique\/wp-content\/uploads\/sites\/2\/2016\/04\/chandail-feuille-d_ecc81rable-acc80-manches-longuese28094dos-40c2a0.jpg?quality=100\" data-orig-size=\"700,700\" data-comments-opened=\"1\" data-image-meta=\"{&quot;aperture&quot;:&quot;0&quot;,&quot;credit&quot;:&quot;&quot;,&quot;camera&quot;:&quot;&quot;,&quot;caption&quot;:&quot;&quot;,&quot;created_timestamp&quot;:&quot;0&quot;,&quot;copyright&quot;:&quot;&quot;,&quot;focal_length&quot;:&quot;0&quot;,&quot;iso&quot;:&quot;0&quot;,&quot;shutter_speed&quot;:&quot;0&quot;,&quot;title&quot;:&quot;&quot;,&quot;orientation&quot;:&quot;0&quot;}\" data-image-title=\"Chandail Feuille d\u2019e\u0301rable a\u0300 manches longues\u2014dos 40\u00a0$\" data-image-description=\"\" data-medium-file=\"https:\/\/preprod.olympic.ca\/olympique\/wp-content\/uploads\/sites\/2\/2016\/04\/chandail-feuille-d_ecc81rable-acc80-manches-longuese28094dos-40c2a0.jpg?quality=100&#038;w=371\" data-large-file=\"https:\/\/preprod.olympic.ca\/olympique\/wp-content\/uploads\/sites\/2\/2016\/04\/chandail-feuille-d_ecc81rable-acc80-manches-longuese28094dos-40c2a0.jpg?quality=100&#038;w=700\" src=\"https:\/\/preprod.olympic.ca\/olympique\/wp-content\/uploads\/sites\/2\/2016\/04\/chandail-feuille-d_ecc81rable-acc80-manches-longuese28094dos-40c2a0.jpg?quality=100&#038;w=449&#038;h=449&#038;crop=1&#038;strip&#038;resize=449%2C449\" srcset=\"https:\/\/preprod.olympic.ca\/olympique\/wp-content\/uploads\/sites\/2\/2016\/04\/chandail-feuille-d_ecc81rable-acc80-manches-longuese28094dos-40c2a0.jpg 700w, https:\/\/preprod.olympic.ca\/olympique\/wp-content\/uploads\/sites\/2\/2016\/04\/chandail-feuille-d_ecc81rable-acc80-manches-longuese28094dos-40c2a0.jpg?resize=158,158 158w, https:\/\/preprod.olympic.ca\/olympique\/wp-content\/uploads\/sites\/2\/2016\/04\/chandail-feuille-d_ecc81rable-acc80-manches-longuese28094dos-40c2a0.jpg?resize=371,371 371w\" width=\"449\" height=\"449\" loading=\"lazy\" data-original-width=\"449\" data-original-height=\"449\" itemprop=\"http:\/\/schema.org\/image\" title=\"Chandail Feuille d\u2019e\u0301rable a\u0300 manches longues\u2014dos 40\u00a0$\" alt=\"Chandail Feuille d\u2019\u00e9rable \u00e0 manches longues\u2014dos 40\u00a0$\" style=\"width: 449px; height: 449px;\" \/> <\/a> <div class=\"tiled-gallery-caption\" itemprop=\"caption description\"> Chandail Feuille d\u2019\u00e9rable \u00e0 manches longues\u2014dos 40\u00a0$ <\/div> <\/div> <\/div> <div class=\"gallery-group\" style=\"width: 453px; height: 453px;\" data-original-width=\"453\" data-original-height=\"453\" > <div class=\"tiled-gallery-item \" itemprop=\"associatedMedia\" itemscope itemtype=\"http:\/\/schema.org\/ImageObject\"> <a href=\"https:\/\/preprod.olympic.ca\/olympique\/2016\/04\/12\/devoilement-de-la-collection-officielle-dequipe-canada-pour-rio-2016\/village-chandail-a-manches-courtes-tr-w-pour-femmes-30\/#main\" border=\"0\" itemprop=\"url\"> <meta itemprop=\"width\" content=\"449\"> <meta itemprop=\"height\" content=\"449\"> <img decoding=\"async\" data-recalc-dims=\"1\" class=\"\" data-attachment-id=\"114170\" data-orig-file=\"https:\/\/preprod.olympic.ca\/olympique\/wp-content\/uploads\/sites\/2\/2016\/04\/villagec2a0-chandail-acc80-manches-courtes-tr-w-pour-femmes-30c2a0.jpg?quality=100\" data-orig-size=\"700,700\" data-comments-opened=\"1\" data-image-meta=\"{&quot;aperture&quot;:&quot;0&quot;,&quot;credit&quot;:&quot;&quot;,&quot;camera&quot;:&quot;&quot;,&quot;caption&quot;:&quot;&quot;,&quot;created_timestamp&quot;:&quot;0&quot;,&quot;copyright&quot;:&quot;&quot;,&quot;focal_length&quot;:&quot;0&quot;,&quot;iso&quot;:&quot;0&quot;,&quot;shutter_speed&quot;:&quot;0&quot;,&quot;title&quot;:&quot;&quot;,&quot;orientation&quot;:&quot;0&quot;}\" data-image-title=\"Village\u00a0&amp;#8211; Chandail a\u0300 manches courtes TR &amp;amp; W pour femmes 30\u00a0$\" data-image-description=\"\" data-medium-file=\"https:\/\/preprod.olympic.ca\/olympique\/wp-content\/uploads\/sites\/2\/2016\/04\/villagec2a0-chandail-acc80-manches-courtes-tr-w-pour-femmes-30c2a0.jpg?quality=100&#038;w=371\" data-large-file=\"https:\/\/preprod.olympic.ca\/olympique\/wp-content\/uploads\/sites\/2\/2016\/04\/villagec2a0-chandail-acc80-manches-courtes-tr-w-pour-femmes-30c2a0.jpg?quality=100&#038;w=700\" src=\"https:\/\/preprod.olympic.ca\/olympique\/wp-content\/uploads\/sites\/2\/2016\/04\/villagec2a0-chandail-acc80-manches-courtes-tr-w-pour-femmes-30c2a0.jpg?quality=100&#038;w=449&#038;h=449&#038;crop=1&#038;strip&#038;resize=449%2C449\" srcset=\"https:\/\/preprod.olympic.ca\/olympique\/wp-content\/uploads\/sites\/2\/2016\/04\/villagec2a0-chandail-acc80-manches-courtes-tr-w-pour-femmes-30c2a0.jpg 700w, https:\/\/preprod.olympic.ca\/olympique\/wp-content\/uploads\/sites\/2\/2016\/04\/villagec2a0-chandail-acc80-manches-courtes-tr-w-pour-femmes-30c2a0.jpg?resize=158,158 158w, https:\/\/preprod.olympic.ca\/olympique\/wp-content\/uploads\/sites\/2\/2016\/04\/villagec2a0-chandail-acc80-manches-courtes-tr-w-pour-femmes-30c2a0.jpg?resize=371,371 371w\" width=\"449\" height=\"449\" loading=\"lazy\" data-original-width=\"449\" data-original-height=\"449\" itemprop=\"http:\/\/schema.org\/image\" title=\"Village\u00a0- Chandail a\u0300 manches courtes TR &amp; W pour femmes 30\u00a0$\" alt=\"Village\u00a0: Chandail \u00e0 manches courtes TR &amp; W pour femmes 30\u00a0$\" style=\"width: 449px; height: 449px;\" \/> <\/a> <div class=\"tiled-gallery-caption\" itemprop=\"caption description\"> Village\u00a0: Chandail \u00e0 manches courtes TR &amp; W pour femmes 30\u00a0$ <\/div> <\/div> <\/div> <\/div> <\/div>\n<p>Au lancement <em>Facebook Live<\/em> de mardi, les espoirs olympiques de Rio ont troqu\u00e9 leurs v\u00eatements d\u2019entra\u00eenement pour ceux de la collection officielle et ont pris d\u2019assaut la passerelle.<\/p>\n<p>Le tout \u00e9tait diffus\u00e9 en direct sur la page Facebook d\u2019\u00c9quipe Canada. Au m\u00eame moment, la Baie d\u2019Hudson a rendu possible l\u2019achat des pi\u00e8ces de la collection sur son site web.<\/p>\n<p><strong><em>La collection unisexe\u00a0:<\/em><\/strong><\/p>\n<div class=\"tiled-gallery type-square tiled-gallery-unresized\" data-original-width=\"1360\" data-carousel-extra='null' itemscope itemtype=\"http:\/\/schema.org\/ImageGallery\" > <div class=\"gallery-row\" style=\"width: 1360px; height: 680px;\" data-original-width=\"1360\" data-original-height=\"680\" > <div class=\"gallery-group\" style=\"width: 680px; height: 680px;\" data-original-width=\"680\" data-original-height=\"680\" > <div class=\"tiled-gallery-item \" itemprop=\"associatedMedia\" itemscope itemtype=\"http:\/\/schema.org\/ImageObject\"> <a href=\"https:\/\/preprod.olympic.ca\/olympique\/2016\/04\/12\/devoilement-de-la-collection-officielle-dequipe-canada-pour-rio-2016\/village-2-casquette-unisexe-de-ceremonie-30\/#main\" border=\"0\" itemprop=\"url\"> <meta itemprop=\"width\" content=\"676\"> <meta itemprop=\"height\" content=\"676\"> <img decoding=\"async\" data-recalc-dims=\"1\" class=\"\" data-attachment-id=\"114166\" data-orig-file=\"https:\/\/preprod.olympic.ca\/olympique\/wp-content\/uploads\/sites\/2\/2016\/04\/villagec2a0-2-casquette-unisexe-de-cecc81recc81monie-30c2a0.jpg?quality=100\" data-orig-size=\"700,700\" data-comments-opened=\"1\" data-image-meta=\"{&quot;aperture&quot;:&quot;0&quot;,&quot;credit&quot;:&quot;&quot;,&quot;camera&quot;:&quot;&quot;,&quot;caption&quot;:&quot;&quot;,&quot;created_timestamp&quot;:&quot;0&quot;,&quot;copyright&quot;:&quot;&quot;,&quot;focal_length&quot;:&quot;0&quot;,&quot;iso&quot;:&quot;0&quot;,&quot;shutter_speed&quot;:&quot;0&quot;,&quot;title&quot;:&quot;&quot;,&quot;orientation&quot;:&quot;0&quot;}\" data-image-title=\"Village\u00a0&amp;#8211; 2-Casquette unisexe de ce\u0301re\u0301monie 30\u00a0$\" data-image-description=\"\" data-medium-file=\"https:\/\/preprod.olympic.ca\/olympique\/wp-content\/uploads\/sites\/2\/2016\/04\/villagec2a0-2-casquette-unisexe-de-cecc81recc81monie-30c2a0.jpg?quality=100&#038;w=371\" data-large-file=\"https:\/\/preprod.olympic.ca\/olympique\/wp-content\/uploads\/sites\/2\/2016\/04\/villagec2a0-2-casquette-unisexe-de-cecc81recc81monie-30c2a0.jpg?quality=100&#038;w=700\" src=\"https:\/\/preprod.olympic.ca\/olympique\/wp-content\/uploads\/sites\/2\/2016\/04\/villagec2a0-2-casquette-unisexe-de-cecc81recc81monie-30c2a0.jpg?quality=100&#038;w=676&#038;h=676&#038;crop=1&#038;strip&#038;resize=676%2C676\" srcset=\"https:\/\/preprod.olympic.ca\/olympique\/wp-content\/uploads\/sites\/2\/2016\/04\/villagec2a0-2-casquette-unisexe-de-cecc81recc81monie-30c2a0.jpg 700w, https:\/\/preprod.olympic.ca\/olympique\/wp-content\/uploads\/sites\/2\/2016\/04\/villagec2a0-2-casquette-unisexe-de-cecc81recc81monie-30c2a0.jpg?resize=158,158 158w, https:\/\/preprod.olympic.ca\/olympique\/wp-content\/uploads\/sites\/2\/2016\/04\/villagec2a0-2-casquette-unisexe-de-cecc81recc81monie-30c2a0.jpg?resize=371,371 371w\" width=\"676\" height=\"676\" loading=\"lazy\" data-original-width=\"676\" data-original-height=\"676\" itemprop=\"http:\/\/schema.org\/image\" title=\"Village\u00a0- 2-Casquette unisexe de ce\u0301re\u0301monie 30\u00a0$\" alt=\"Village\u00a0: Casquette unisexe de c\u00e9r\u00e9monie 30\u00a0$\" style=\"width: 676px; height: 676px;\" \/> <\/a> <div class=\"tiled-gallery-caption\" itemprop=\"caption description\"> Village\u00a0: Casquette unisexe de c\u00e9r\u00e9monie 30\u00a0$ <\/div> <\/div> <\/div> <div class=\"gallery-group\" style=\"width: 680px; height: 680px;\" data-original-width=\"680\" data-original-height=\"680\" > <div class=\"tiled-gallery-item \" itemprop=\"associatedMedia\" itemscope itemtype=\"http:\/\/schema.org\/ImageObject\"> <a href=\"https:\/\/preprod.olympic.ca\/olympique\/2016\/04\/12\/devoilement-de-la-collection-officielle-dequipe-canada-pour-rio-2016\/village-casquette-unisexe-de-ceremonie-30\/#main\" border=\"0\" itemprop=\"url\"> <meta itemprop=\"width\" content=\"676\"> <meta itemprop=\"height\" content=\"676\"> <img decoding=\"async\" data-recalc-dims=\"1\" class=\"\" data-attachment-id=\"114162\" data-orig-file=\"https:\/\/preprod.olympic.ca\/olympique\/wp-content\/uploads\/sites\/2\/2016\/04\/villagec2a0-casquette-unisexe-de-cecc81recc81monie-30c2a0.jpg?quality=100\" data-orig-size=\"700,700\" data-comments-opened=\"1\" data-image-meta=\"{&quot;aperture&quot;:&quot;0&quot;,&quot;credit&quot;:&quot;&quot;,&quot;camera&quot;:&quot;&quot;,&quot;caption&quot;:&quot;&quot;,&quot;created_timestamp&quot;:&quot;0&quot;,&quot;copyright&quot;:&quot;&quot;,&quot;focal_length&quot;:&quot;0&quot;,&quot;iso&quot;:&quot;0&quot;,&quot;shutter_speed&quot;:&quot;0&quot;,&quot;title&quot;:&quot;&quot;,&quot;orientation&quot;:&quot;0&quot;}\" data-image-title=\"Village\u00a0&amp;#8211; Casquette unisexe de ce\u0301re\u0301monie 30\u00a0$\" data-image-description=\"\" data-medium-file=\"https:\/\/preprod.olympic.ca\/olympique\/wp-content\/uploads\/sites\/2\/2016\/04\/villagec2a0-casquette-unisexe-de-cecc81recc81monie-30c2a0.jpg?quality=100&#038;w=371\" data-large-file=\"https:\/\/preprod.olympic.ca\/olympique\/wp-content\/uploads\/sites\/2\/2016\/04\/villagec2a0-casquette-unisexe-de-cecc81recc81monie-30c2a0.jpg?quality=100&#038;w=700\" src=\"https:\/\/preprod.olympic.ca\/olympique\/wp-content\/uploads\/sites\/2\/2016\/04\/villagec2a0-casquette-unisexe-de-cecc81recc81monie-30c2a0.jpg?quality=100&#038;w=676&#038;h=676&#038;crop=1&#038;strip&#038;resize=676%2C676\" srcset=\"https:\/\/preprod.olympic.ca\/olympique\/wp-content\/uploads\/sites\/2\/2016\/04\/villagec2a0-casquette-unisexe-de-cecc81recc81monie-30c2a0.jpg 700w, https:\/\/preprod.olympic.ca\/olympique\/wp-content\/uploads\/sites\/2\/2016\/04\/villagec2a0-casquette-unisexe-de-cecc81recc81monie-30c2a0.jpg?resize=158,158 158w, https:\/\/preprod.olympic.ca\/olympique\/wp-content\/uploads\/sites\/2\/2016\/04\/villagec2a0-casquette-unisexe-de-cecc81recc81monie-30c2a0.jpg?resize=371,371 371w\" width=\"676\" height=\"676\" loading=\"lazy\" data-original-width=\"676\" data-original-height=\"676\" itemprop=\"http:\/\/schema.org\/image\" title=\"Village\u00a0- Casquette unisexe de ce\u0301re\u0301monie 30\u00a0$\" alt=\"Village\u00a0: Casquette unisexe de c\u00e9r\u00e9monie 30\u00a0$\" style=\"width: 676px; height: 676px;\" \/> <\/a> <div class=\"tiled-gallery-caption\" itemprop=\"caption description\"> Village\u00a0: Casquette unisexe de c\u00e9r\u00e9monie 30\u00a0$ <\/div> <\/div> <\/div> <\/div> <\/div>\n<p><strong><em>La collection pour hommes\u00a0:<\/em><\/strong><\/p>\n<div class=\"tiled-gallery type-square tiled-gallery-unresized\" data-original-width=\"1360\" data-carousel-extra='null' itemscope itemtype=\"http:\/\/schema.org\/ImageGallery\" > <div class=\"gallery-row\" style=\"width: 1360px; height: 453px;\" data-original-width=\"1360\" data-original-height=\"453\" > <div class=\"gallery-group\" style=\"width: 453px; height: 453px;\" data-original-width=\"453\" data-original-height=\"453\" > <div class=\"tiled-gallery-item \" itemprop=\"associatedMedia\" itemscope itemtype=\"http:\/\/schema.org\/ImageObject\"> <a href=\"https:\/\/preprod.olympic.ca\/olympique\/2016\/04\/12\/devoilement-de-la-collection-officielle-dequipe-canada-pour-rio-2016\/mens-villagewear-t-shirt-grey-35\/#main\" border=\"0\" itemprop=\"url\"> <meta itemprop=\"width\" content=\"449\"> <meta itemprop=\"height\" content=\"449\"> <img decoding=\"async\" data-recalc-dims=\"1\" class=\"\" data-attachment-id=\"114185\" data-orig-file=\"https:\/\/preprod.olympic.ca\/olympique\/wp-content\/uploads\/sites\/2\/2016\/04\/mens-villagewear-t-shirt-grey-35.jpg?quality=100\" data-orig-size=\"700,700\" data-comments-opened=\"1\" data-image-meta=\"{&quot;aperture&quot;:&quot;0&quot;,&quot;credit&quot;:&quot;&quot;,&quot;camera&quot;:&quot;&quot;,&quot;caption&quot;:&quot;&quot;,&quot;created_timestamp&quot;:&quot;0&quot;,&quot;copyright&quot;:&quot;&quot;,&quot;focal_length&quot;:&quot;0&quot;,&quot;iso&quot;:&quot;0&quot;,&quot;shutter_speed&quot;:&quot;0&quot;,&quot;title&quot;:&quot;&quot;,&quot;orientation&quot;:&quot;0&quot;}\" data-image-title=\"mens-villagewear-t-shirt-grey-35\" data-image-description=\"\" data-medium-file=\"https:\/\/preprod.olympic.ca\/olympique\/wp-content\/uploads\/sites\/2\/2016\/04\/mens-villagewear-t-shirt-grey-35.jpg?quality=100&#038;w=371\" data-large-file=\"https:\/\/preprod.olympic.ca\/olympique\/wp-content\/uploads\/sites\/2\/2016\/04\/mens-villagewear-t-shirt-grey-35.jpg?quality=100&#038;w=700\" src=\"https:\/\/preprod.olympic.ca\/olympique\/wp-content\/uploads\/sites\/2\/2016\/04\/mens-villagewear-t-shirt-grey-35.jpg?quality=100&#038;w=449&#038;h=449&#038;crop=1&#038;strip&#038;resize=449%2C449\" srcset=\"https:\/\/preprod.olympic.ca\/olympique\/wp-content\/uploads\/sites\/2\/2016\/04\/mens-villagewear-t-shirt-grey-35.jpg 700w, https:\/\/preprod.olympic.ca\/olympique\/wp-content\/uploads\/sites\/2\/2016\/04\/mens-villagewear-t-shirt-grey-35.jpg?resize=158,158 158w, https:\/\/preprod.olympic.ca\/olympique\/wp-content\/uploads\/sites\/2\/2016\/04\/mens-villagewear-t-shirt-grey-35.jpg?resize=371,371 371w\" width=\"449\" height=\"449\" loading=\"lazy\" data-original-width=\"449\" data-original-height=\"449\" itemprop=\"http:\/\/schema.org\/image\" title=\"mens-villagewear-t-shirt-grey-35\" alt=\"Village\u00a0: Chandail \u00e0 manches courtes gris pour hommes 35\u00a0$\" style=\"width: 449px; height: 449px;\" \/> <\/a> <div class=\"tiled-gallery-caption\" itemprop=\"caption description\"> Village\u00a0: Chandail \u00e0 manches courtes gris pour hommes 35\u00a0$ <\/div> <\/div> <\/div> <div class=\"gallery-group\" style=\"width: 453px; height: 453px;\" data-original-width=\"453\" data-original-height=\"453\" > <div class=\"tiled-gallery-item \" itemprop=\"associatedMedia\" itemscope itemtype=\"http:\/\/schema.org\/ImageObject\"> <a href=\"https:\/\/preprod.olympic.ca\/olympique\/2016\/04\/12\/devoilement-de-la-collection-officielle-dequipe-canada-pour-rio-2016\/mens-villagewear-hoodie-black-95\/#main\" border=\"0\" itemprop=\"url\"> <meta itemprop=\"width\" content=\"449\"> <meta itemprop=\"height\" content=\"449\"> <img decoding=\"async\" data-recalc-dims=\"1\" class=\"\" data-attachment-id=\"114186\" data-orig-file=\"https:\/\/preprod.olympic.ca\/olympique\/wp-content\/uploads\/sites\/2\/2016\/04\/mens-villagewear-hoodie-black-95.jpg?quality=100\" data-orig-size=\"700,700\" data-comments-opened=\"1\" data-image-meta=\"{&quot;aperture&quot;:&quot;0&quot;,&quot;credit&quot;:&quot;&quot;,&quot;camera&quot;:&quot;&quot;,&quot;caption&quot;:&quot;&quot;,&quot;created_timestamp&quot;:&quot;0&quot;,&quot;copyright&quot;:&quot;&quot;,&quot;focal_length&quot;:&quot;0&quot;,&quot;iso&quot;:&quot;0&quot;,&quot;shutter_speed&quot;:&quot;0&quot;,&quot;title&quot;:&quot;&quot;,&quot;orientation&quot;:&quot;0&quot;}\" data-image-title=\"mens-villagewear-hoodie-black-95\" data-image-description=\"\" data-medium-file=\"https:\/\/preprod.olympic.ca\/olympique\/wp-content\/uploads\/sites\/2\/2016\/04\/mens-villagewear-hoodie-black-95.jpg?quality=100&#038;w=371\" data-large-file=\"https:\/\/preprod.olympic.ca\/olympique\/wp-content\/uploads\/sites\/2\/2016\/04\/mens-villagewear-hoodie-black-95.jpg?quality=100&#038;w=700\" src=\"https:\/\/preprod.olympic.ca\/olympique\/wp-content\/uploads\/sites\/2\/2016\/04\/mens-villagewear-hoodie-black-95.jpg?quality=100&#038;w=449&#038;h=449&#038;crop=1&#038;strip&#038;resize=449%2C449\" srcset=\"https:\/\/preprod.olympic.ca\/olympique\/wp-content\/uploads\/sites\/2\/2016\/04\/mens-villagewear-hoodie-black-95.jpg 700w, https:\/\/preprod.olympic.ca\/olympique\/wp-content\/uploads\/sites\/2\/2016\/04\/mens-villagewear-hoodie-black-95.jpg?resize=158,158 158w, https:\/\/preprod.olympic.ca\/olympique\/wp-content\/uploads\/sites\/2\/2016\/04\/mens-villagewear-hoodie-black-95.jpg?resize=371,371 371w\" width=\"449\" height=\"449\" loading=\"lazy\" data-original-width=\"449\" data-original-height=\"449\" itemprop=\"http:\/\/schema.org\/image\" title=\"mens-villagewear-hoodie-black-95\" alt=\"Village\u00a0: Veste \u00e0 capuchon noire pour hommes 95\u00a0$\" style=\"width: 449px; height: 449px;\" \/> <\/a> <div class=\"tiled-gallery-caption\" itemprop=\"caption description\"> Village\u00a0: Veste \u00e0 capuchon noire pour hommes 95\u00a0$ <\/div> <\/div> <\/div> <div class=\"gallery-group\" style=\"width: 453px; height: 453px;\" data-original-width=\"453\" data-original-height=\"453\" > <div class=\"tiled-gallery-item \" itemprop=\"associatedMedia\" itemscope itemtype=\"http:\/\/schema.org\/ImageObject\"> <a href=\"https:\/\/preprod.olympic.ca\/olympique\/2016\/04\/12\/devoilement-de-la-collection-officielle-dequipe-canada-pour-rio-2016\/mens-villagewear-hoodie-red-95\/#main\" border=\"0\" itemprop=\"url\"> <meta itemprop=\"width\" content=\"449\"> <meta itemprop=\"height\" content=\"449\"> <img decoding=\"async\" data-recalc-dims=\"1\" class=\"\" data-attachment-id=\"114187\" data-orig-file=\"https:\/\/preprod.olympic.ca\/olympique\/wp-content\/uploads\/sites\/2\/2016\/04\/mens-villagewear-hoodie-red-95.jpg?quality=100\" data-orig-size=\"700,700\" data-comments-opened=\"1\" data-image-meta=\"{&quot;aperture&quot;:&quot;0&quot;,&quot;credit&quot;:&quot;&quot;,&quot;camera&quot;:&quot;&quot;,&quot;caption&quot;:&quot;&quot;,&quot;created_timestamp&quot;:&quot;0&quot;,&quot;copyright&quot;:&quot;&quot;,&quot;focal_length&quot;:&quot;0&quot;,&quot;iso&quot;:&quot;0&quot;,&quot;shutter_speed&quot;:&quot;0&quot;,&quot;title&quot;:&quot;&quot;,&quot;orientation&quot;:&quot;0&quot;}\" data-image-title=\"mens-villagewear-hoodie-red-95\" data-image-description=\"\" data-medium-file=\"https:\/\/preprod.olympic.ca\/olympique\/wp-content\/uploads\/sites\/2\/2016\/04\/mens-villagewear-hoodie-red-95.jpg?quality=100&#038;w=371\" data-large-file=\"https:\/\/preprod.olympic.ca\/olympique\/wp-content\/uploads\/sites\/2\/2016\/04\/mens-villagewear-hoodie-red-95.jpg?quality=100&#038;w=700\" src=\"https:\/\/preprod.olympic.ca\/olympique\/wp-content\/uploads\/sites\/2\/2016\/04\/mens-villagewear-hoodie-red-95.jpg?quality=100&#038;w=449&#038;h=449&#038;crop=1&#038;strip&#038;resize=449%2C449\" srcset=\"https:\/\/preprod.olympic.ca\/olympique\/wp-content\/uploads\/sites\/2\/2016\/04\/mens-villagewear-hoodie-red-95.jpg 700w, https:\/\/preprod.olympic.ca\/olympique\/wp-content\/uploads\/sites\/2\/2016\/04\/mens-villagewear-hoodie-red-95.jpg?resize=158,158 158w, https:\/\/preprod.olympic.ca\/olympique\/wp-content\/uploads\/sites\/2\/2016\/04\/mens-villagewear-hoodie-red-95.jpg?resize=371,371 371w\" width=\"449\" height=\"449\" loading=\"lazy\" data-original-width=\"449\" data-original-height=\"449\" itemprop=\"http:\/\/schema.org\/image\" title=\"mens-villagewear-hoodie-red-95\" alt=\"Village\u00a0: Veste \u00e0 capuchon rouge pour hommes 95\u00a0$\" style=\"width: 449px; height: 449px;\" \/> <\/a> <div class=\"tiled-gallery-caption\" itemprop=\"caption description\"> Village\u00a0: Veste \u00e0 capuchon rouge pour hommes 95\u00a0$ <\/div> <\/div> <\/div> <\/div> <div class=\"gallery-row\" style=\"width: 1360px; height: 453px;\" data-original-width=\"1360\" data-original-height=\"453\" > <div class=\"gallery-group\" style=\"width: 453px; height: 453px;\" data-original-width=\"453\" data-original-height=\"453\" > <div class=\"tiled-gallery-item \" itemprop=\"associatedMedia\" itemscope itemtype=\"http:\/\/schema.org\/ImageObject\"> <a href=\"https:\/\/preprod.olympic.ca\/olympique\/2016\/04\/12\/devoilement-de-la-collection-officielle-dequipe-canada-pour-rio-2016\/mens-villagewear-t-shirt-red-tnsf-30\/#main\" border=\"0\" itemprop=\"url\"> <meta itemprop=\"width\" content=\"449\"> <meta itemprop=\"height\" content=\"449\"> <img decoding=\"async\" data-recalc-dims=\"1\" class=\"\" data-attachment-id=\"114188\" data-orig-file=\"https:\/\/preprod.olympic.ca\/olympique\/wp-content\/uploads\/sites\/2\/2016\/04\/mens-villagewear-t-shirt-red-tnsf-30.jpg?quality=100\" data-orig-size=\"700,700\" data-comments-opened=\"1\" data-image-meta=\"{&quot;aperture&quot;:&quot;0&quot;,&quot;credit&quot;:&quot;&quot;,&quot;camera&quot;:&quot;&quot;,&quot;caption&quot;:&quot;&quot;,&quot;created_timestamp&quot;:&quot;0&quot;,&quot;copyright&quot;:&quot;&quot;,&quot;focal_length&quot;:&quot;0&quot;,&quot;iso&quot;:&quot;0&quot;,&quot;shutter_speed&quot;:&quot;0&quot;,&quot;title&quot;:&quot;&quot;,&quot;orientation&quot;:&quot;0&quot;}\" data-image-title=\"mens-villagewear-t-shirt-red-tnsf-30\" data-image-description=\"\" data-medium-file=\"https:\/\/preprod.olympic.ca\/olympique\/wp-content\/uploads\/sites\/2\/2016\/04\/mens-villagewear-t-shirt-red-tnsf-30.jpg?quality=100&#038;w=371\" data-large-file=\"https:\/\/preprod.olympic.ca\/olympique\/wp-content\/uploads\/sites\/2\/2016\/04\/mens-villagewear-t-shirt-red-tnsf-30.jpg?quality=100&#038;w=700\" src=\"https:\/\/preprod.olympic.ca\/olympique\/wp-content\/uploads\/sites\/2\/2016\/04\/mens-villagewear-t-shirt-red-tnsf-30.jpg?quality=100&#038;w=449&#038;h=449&#038;crop=1&#038;strip&#038;resize=449%2C449\" srcset=\"https:\/\/preprod.olympic.ca\/olympique\/wp-content\/uploads\/sites\/2\/2016\/04\/mens-villagewear-t-shirt-red-tnsf-30.jpg 700w, https:\/\/preprod.olympic.ca\/olympique\/wp-content\/uploads\/sites\/2\/2016\/04\/mens-villagewear-t-shirt-red-tnsf-30.jpg?resize=158,158 158w, https:\/\/preprod.olympic.ca\/olympique\/wp-content\/uploads\/sites\/2\/2016\/04\/mens-villagewear-t-shirt-red-tnsf-30.jpg?resize=371,371 371w\" width=\"449\" height=\"449\" loading=\"lazy\" data-original-width=\"449\" data-original-height=\"449\" itemprop=\"http:\/\/schema.org\/image\" title=\"mens-villagewear-t-shirt-red-tnsf-30\" alt=\"Village\u00a0: Chandail \u00e0 manches courtes TNS&amp; F rouge pour hommes 30\u00a0$\" style=\"width: 449px; height: 449px;\" \/> <\/a> <div class=\"tiled-gallery-caption\" itemprop=\"caption description\"> Village\u00a0: Chandail \u00e0 manches courtes TNS&amp; F rouge pour hommes 30\u00a0$ <\/div> <\/div> <\/div> <div class=\"gallery-group\" style=\"width: 453px; height: 453px;\" data-original-width=\"453\" data-original-height=\"453\" > <div class=\"tiled-gallery-item \" itemprop=\"associatedMedia\" itemscope itemtype=\"http:\/\/schema.org\/ImageObject\"> <a href=\"https:\/\/preprod.olympic.ca\/olympique\/2016\/04\/12\/devoilement-de-la-collection-officielle-dequipe-canada-pour-rio-2016\/mens-closing-ceremony-jacket-front-125\/#main\" border=\"0\" itemprop=\"url\"> <meta itemprop=\"width\" content=\"449\"> <meta itemprop=\"height\" content=\"449\"> <img decoding=\"async\" data-recalc-dims=\"1\" class=\"\" data-attachment-id=\"114189\" data-orig-file=\"https:\/\/preprod.olympic.ca\/olympique\/wp-content\/uploads\/sites\/2\/2016\/04\/mens-closing-ceremony-jacket-front-125.jpg?quality=100\" data-orig-size=\"700,700\" data-comments-opened=\"1\" data-image-meta=\"{&quot;aperture&quot;:&quot;0&quot;,&quot;credit&quot;:&quot;&quot;,&quot;camera&quot;:&quot;&quot;,&quot;caption&quot;:&quot;&quot;,&quot;created_timestamp&quot;:&quot;0&quot;,&quot;copyright&quot;:&quot;&quot;,&quot;focal_length&quot;:&quot;0&quot;,&quot;iso&quot;:&quot;0&quot;,&quot;shutter_speed&quot;:&quot;0&quot;,&quot;title&quot;:&quot;&quot;,&quot;orientation&quot;:&quot;0&quot;}\" data-image-title=\"mens-closing-ceremony-jacket-front-125\" data-image-description=\"\" data-medium-file=\"https:\/\/preprod.olympic.ca\/olympique\/wp-content\/uploads\/sites\/2\/2016\/04\/mens-closing-ceremony-jacket-front-125.jpg?quality=100&#038;w=371\" data-large-file=\"https:\/\/preprod.olympic.ca\/olympique\/wp-content\/uploads\/sites\/2\/2016\/04\/mens-closing-ceremony-jacket-front-125.jpg?quality=100&#038;w=700\" src=\"https:\/\/preprod.olympic.ca\/olympique\/wp-content\/uploads\/sites\/2\/2016\/04\/mens-closing-ceremony-jacket-front-125.jpg?quality=100&#038;w=449&#038;h=449&#038;crop=1&#038;strip&#038;resize=449%2C449\" srcset=\"https:\/\/preprod.olympic.ca\/olympique\/wp-content\/uploads\/sites\/2\/2016\/04\/mens-closing-ceremony-jacket-front-125.jpg 700w, https:\/\/preprod.olympic.ca\/olympique\/wp-content\/uploads\/sites\/2\/2016\/04\/mens-closing-ceremony-jacket-front-125.jpg?resize=158,158 158w, https:\/\/preprod.olympic.ca\/olympique\/wp-content\/uploads\/sites\/2\/2016\/04\/mens-closing-ceremony-jacket-front-125.jpg?resize=371,371 371w\" width=\"449\" height=\"449\" loading=\"lazy\" data-original-width=\"449\" data-original-height=\"449\" itemprop=\"http:\/\/schema.org\/image\" title=\"mens-closing-ceremony-jacket-front-125\" alt=\"Veste de c\u00e9r\u00e9monie de cl\u00f4ture pour hommes \u2014 devant 125\u00a0$\" style=\"width: 449px; height: 449px;\" \/> <\/a> <div class=\"tiled-gallery-caption\" itemprop=\"caption description\"> Veste de c\u00e9r\u00e9monie de cl\u00f4ture pour hommes \u2014 devant 125\u00a0$ <\/div> <\/div> <\/div> <div class=\"gallery-group\" style=\"width: 453px; height: 453px;\" data-original-width=\"453\" data-original-height=\"453\" > <div class=\"tiled-gallery-item \" itemprop=\"associatedMedia\" itemscope itemtype=\"http:\/\/schema.org\/ImageObject\"> <a href=\"https:\/\/preprod.olympic.ca\/olympique\/2016\/04\/12\/devoilement-de-la-collection-officielle-dequipe-canada-pour-rio-2016\/mens-closing-ceremony-jacket-back-125\/#main\" border=\"0\" itemprop=\"url\"> <meta itemprop=\"width\" content=\"449\"> <meta itemprop=\"height\" content=\"449\"> <img decoding=\"async\" data-recalc-dims=\"1\" class=\"\" data-attachment-id=\"114190\" data-orig-file=\"https:\/\/preprod.olympic.ca\/olympique\/wp-content\/uploads\/sites\/2\/2016\/04\/mens-closing-ceremony-jacket-back-125.jpg?quality=100\" data-orig-size=\"700,700\" data-comments-opened=\"1\" data-image-meta=\"{&quot;aperture&quot;:&quot;0&quot;,&quot;credit&quot;:&quot;&quot;,&quot;camera&quot;:&quot;&quot;,&quot;caption&quot;:&quot;&quot;,&quot;created_timestamp&quot;:&quot;0&quot;,&quot;copyright&quot;:&quot;&quot;,&quot;focal_length&quot;:&quot;0&quot;,&quot;iso&quot;:&quot;0&quot;,&quot;shutter_speed&quot;:&quot;0&quot;,&quot;title&quot;:&quot;&quot;,&quot;orientation&quot;:&quot;0&quot;}\" data-image-title=\"mens-closing-ceremony-jacket-back-125\" data-image-description=\"\" data-medium-file=\"https:\/\/preprod.olympic.ca\/olympique\/wp-content\/uploads\/sites\/2\/2016\/04\/mens-closing-ceremony-jacket-back-125.jpg?quality=100&#038;w=371\" data-large-file=\"https:\/\/preprod.olympic.ca\/olympique\/wp-content\/uploads\/sites\/2\/2016\/04\/mens-closing-ceremony-jacket-back-125.jpg?quality=100&#038;w=700\" src=\"https:\/\/preprod.olympic.ca\/olympique\/wp-content\/uploads\/sites\/2\/2016\/04\/mens-closing-ceremony-jacket-back-125.jpg?quality=100&#038;w=449&#038;h=449&#038;crop=1&#038;strip&#038;resize=449%2C449\" srcset=\"https:\/\/preprod.olympic.ca\/olympique\/wp-content\/uploads\/sites\/2\/2016\/04\/mens-closing-ceremony-jacket-back-125.jpg 700w, https:\/\/preprod.olympic.ca\/olympique\/wp-content\/uploads\/sites\/2\/2016\/04\/mens-closing-ceremony-jacket-back-125.jpg?resize=158,158 158w, https:\/\/preprod.olympic.ca\/olympique\/wp-content\/uploads\/sites\/2\/2016\/04\/mens-closing-ceremony-jacket-back-125.jpg?resize=371,371 371w\" width=\"449\" height=\"449\" loading=\"lazy\" data-original-width=\"449\" data-original-height=\"449\" itemprop=\"http:\/\/schema.org\/image\" title=\"mens-closing-ceremony-jacket-back-125\" alt=\"Veste de c\u00e9r\u00e9monie de cl\u00f4ture pour hommes \u2014 dos 125\u00a0$\" style=\"width: 449px; height: 449px;\" \/> <\/a> <div class=\"tiled-gallery-caption\" itemprop=\"caption description\"> Veste de c\u00e9r\u00e9monie de cl\u00f4ture pour hommes \u2014 dos 125\u00a0$ <\/div> <\/div> <\/div> <\/div> <div class=\"gallery-row\" style=\"width: 1360px; height: 453px;\" data-original-width=\"1360\" data-original-height=\"453\" > <div class=\"gallery-group\" style=\"width: 453px; height: 453px;\" data-original-width=\"453\" data-original-height=\"453\" > <div class=\"tiled-gallery-item \" itemprop=\"associatedMedia\" itemscope itemtype=\"http:\/\/schema.org\/ImageObject\"> <a href=\"https:\/\/preprod.olympic.ca\/olympique\/2016\/04\/12\/devoilement-de-la-collection-officielle-dequipe-canada-pour-rio-2016\/mens-media-announcement-t-shirt-35\/#main\" border=\"0\" itemprop=\"url\"> <meta itemprop=\"width\" content=\"449\"> <meta itemprop=\"height\" content=\"449\"> <img decoding=\"async\" data-recalc-dims=\"1\" class=\"\" data-attachment-id=\"114191\" data-orig-file=\"https:\/\/preprod.olympic.ca\/olympique\/wp-content\/uploads\/sites\/2\/2016\/04\/mens-media-announcement-t-shirt-35.jpg?quality=100\" data-orig-size=\"700,700\" data-comments-opened=\"1\" data-image-meta=\"{&quot;aperture&quot;:&quot;0&quot;,&quot;credit&quot;:&quot;&quot;,&quot;camera&quot;:&quot;&quot;,&quot;caption&quot;:&quot;&quot;,&quot;created_timestamp&quot;:&quot;0&quot;,&quot;copyright&quot;:&quot;&quot;,&quot;focal_length&quot;:&quot;0&quot;,&quot;iso&quot;:&quot;0&quot;,&quot;shutter_speed&quot;:&quot;0&quot;,&quot;title&quot;:&quot;&quot;,&quot;orientation&quot;:&quot;0&quot;}\" data-image-title=\"mens-media-announcement-t-shirt-35\" data-image-description=\"\" data-medium-file=\"https:\/\/preprod.olympic.ca\/olympique\/wp-content\/uploads\/sites\/2\/2016\/04\/mens-media-announcement-t-shirt-35.jpg?quality=100&#038;w=371\" data-large-file=\"https:\/\/preprod.olympic.ca\/olympique\/wp-content\/uploads\/sites\/2\/2016\/04\/mens-media-announcement-t-shirt-35.jpg?quality=100&#038;w=700\" src=\"https:\/\/preprod.olympic.ca\/olympique\/wp-content\/uploads\/sites\/2\/2016\/04\/mens-media-announcement-t-shirt-35.jpg?quality=100&#038;w=449&#038;h=449&#038;crop=1&#038;strip&#038;resize=449%2C449\" srcset=\"https:\/\/preprod.olympic.ca\/olympique\/wp-content\/uploads\/sites\/2\/2016\/04\/mens-media-announcement-t-shirt-35.jpg 700w, https:\/\/preprod.olympic.ca\/olympique\/wp-content\/uploads\/sites\/2\/2016\/04\/mens-media-announcement-t-shirt-35.jpg?resize=158,158 158w, https:\/\/preprod.olympic.ca\/olympique\/wp-content\/uploads\/sites\/2\/2016\/04\/mens-media-announcement-t-shirt-35.jpg?resize=371,371 371w\" width=\"449\" height=\"449\" loading=\"lazy\" data-original-width=\"449\" data-original-height=\"449\" itemprop=\"http:\/\/schema.org\/image\" title=\"mens-media-announcement-t-shirt-35\" alt=\"Dans les m\u00e9dias\u00a0: Chandail \u00e0 manches courtes pour 35\u00a0$\" style=\"width: 449px; height: 449px;\" \/> <\/a> <div class=\"tiled-gallery-caption\" itemprop=\"caption description\"> Dans les m\u00e9dias\u00a0: Chandail \u00e0 manches courtes pour 35\u00a0$ <\/div> <\/div> <\/div> <div class=\"gallery-group\" style=\"width: 453px; height: 453px;\" data-original-width=\"453\" data-original-height=\"453\" > <div class=\"tiled-gallery-item \" itemprop=\"associatedMedia\" itemscope itemtype=\"http:\/\/schema.org\/ImageObject\"> <a href=\"https:\/\/preprod.olympic.ca\/olympique\/2016\/04\/12\/devoilement-de-la-collection-officielle-dequipe-canada-pour-rio-2016\/mens-villagewear-longsleeve-t-shirt-40\/#main\" border=\"0\" itemprop=\"url\"> <meta itemprop=\"width\" content=\"449\"> <meta itemprop=\"height\" content=\"449\"> <img decoding=\"async\" data-recalc-dims=\"1\" class=\"\" data-attachment-id=\"114192\" data-orig-file=\"https:\/\/preprod.olympic.ca\/olympique\/wp-content\/uploads\/sites\/2\/2016\/04\/mens-villagewear-longsleeve-t-shirt-40.jpg?quality=100\" data-orig-size=\"700,700\" data-comments-opened=\"1\" data-image-meta=\"{&quot;aperture&quot;:&quot;0&quot;,&quot;credit&quot;:&quot;&quot;,&quot;camera&quot;:&quot;&quot;,&quot;caption&quot;:&quot;&quot;,&quot;created_timestamp&quot;:&quot;0&quot;,&quot;copyright&quot;:&quot;&quot;,&quot;focal_length&quot;:&quot;0&quot;,&quot;iso&quot;:&quot;0&quot;,&quot;shutter_speed&quot;:&quot;0&quot;,&quot;title&quot;:&quot;&quot;,&quot;orientation&quot;:&quot;0&quot;}\" data-image-title=\"mens-villagewear-longsleeve-t-shirt-40\" data-image-description=\"\" data-medium-file=\"https:\/\/preprod.olympic.ca\/olympique\/wp-content\/uploads\/sites\/2\/2016\/04\/mens-villagewear-longsleeve-t-shirt-40.jpg?quality=100&#038;w=371\" data-large-file=\"https:\/\/preprod.olympic.ca\/olympique\/wp-content\/uploads\/sites\/2\/2016\/04\/mens-villagewear-longsleeve-t-shirt-40.jpg?quality=100&#038;w=700\" src=\"https:\/\/preprod.olympic.ca\/olympique\/wp-content\/uploads\/sites\/2\/2016\/04\/mens-villagewear-longsleeve-t-shirt-40.jpg?quality=100&#038;w=449&#038;h=449&#038;crop=1&#038;strip&#038;resize=449%2C449\" srcset=\"https:\/\/preprod.olympic.ca\/olympique\/wp-content\/uploads\/sites\/2\/2016\/04\/mens-villagewear-longsleeve-t-shirt-40.jpg 700w, https:\/\/preprod.olympic.ca\/olympique\/wp-content\/uploads\/sites\/2\/2016\/04\/mens-villagewear-longsleeve-t-shirt-40.jpg?resize=158,158 158w, https:\/\/preprod.olympic.ca\/olympique\/wp-content\/uploads\/sites\/2\/2016\/04\/mens-villagewear-longsleeve-t-shirt-40.jpg?resize=371,371 371w\" width=\"449\" height=\"449\" loading=\"lazy\" data-original-width=\"449\" data-original-height=\"449\" itemprop=\"http:\/\/schema.org\/image\" title=\"mens-villagewear-longsleeve-t-shirt-40\" alt=\"Village\u00a0: Chandail \u00e0 manches longues pour hommes 40\u00a0$\" style=\"width: 449px; height: 449px;\" \/> <\/a> <div class=\"tiled-gallery-caption\" itemprop=\"caption description\"> Village\u00a0: Chandail \u00e0 manches longues pour hommes 40\u00a0$ <\/div> <\/div> <\/div> <div class=\"gallery-group\" style=\"width: 453px; height: 453px;\" data-original-width=\"453\" data-original-height=\"453\" > <div class=\"tiled-gallery-item \" itemprop=\"associatedMedia\" itemscope itemtype=\"http:\/\/schema.org\/ImageObject\"> <a href=\"https:\/\/preprod.olympic.ca\/olympique\/2016\/04\/12\/devoilement-de-la-collection-officielle-dequipe-canada-pour-rio-2016\/mens-villagewear-t-shirt-trw-30\/#main\" border=\"0\" itemprop=\"url\"> <meta itemprop=\"width\" content=\"449\"> <meta itemprop=\"height\" content=\"449\"> <img decoding=\"async\" data-recalc-dims=\"1\" class=\"\" data-attachment-id=\"114193\" data-orig-file=\"https:\/\/preprod.olympic.ca\/olympique\/wp-content\/uploads\/sites\/2\/2016\/04\/mens-villagewear-t-shirt-trw-30.jpg?quality=100\" data-orig-size=\"700,700\" data-comments-opened=\"1\" data-image-meta=\"{&quot;aperture&quot;:&quot;0&quot;,&quot;credit&quot;:&quot;&quot;,&quot;camera&quot;:&quot;&quot;,&quot;caption&quot;:&quot;&quot;,&quot;created_timestamp&quot;:&quot;0&quot;,&quot;copyright&quot;:&quot;&quot;,&quot;focal_length&quot;:&quot;0&quot;,&quot;iso&quot;:&quot;0&quot;,&quot;shutter_speed&quot;:&quot;0&quot;,&quot;title&quot;:&quot;&quot;,&quot;orientation&quot;:&quot;0&quot;}\" data-image-title=\"mens-villagewear-t-shirt-trw-30\" data-image-description=\"\" data-medium-file=\"https:\/\/preprod.olympic.ca\/olympique\/wp-content\/uploads\/sites\/2\/2016\/04\/mens-villagewear-t-shirt-trw-30.jpg?quality=100&#038;w=371\" data-large-file=\"https:\/\/preprod.olympic.ca\/olympique\/wp-content\/uploads\/sites\/2\/2016\/04\/mens-villagewear-t-shirt-trw-30.jpg?quality=100&#038;w=700\" src=\"https:\/\/preprod.olympic.ca\/olympique\/wp-content\/uploads\/sites\/2\/2016\/04\/mens-villagewear-t-shirt-trw-30.jpg?quality=100&#038;w=449&#038;h=449&#038;crop=1&#038;strip&#038;resize=449%2C449\" srcset=\"https:\/\/preprod.olympic.ca\/olympique\/wp-content\/uploads\/sites\/2\/2016\/04\/mens-villagewear-t-shirt-trw-30.jpg 700w, https:\/\/preprod.olympic.ca\/olympique\/wp-content\/uploads\/sites\/2\/2016\/04\/mens-villagewear-t-shirt-trw-30.jpg?resize=158,158 158w, https:\/\/preprod.olympic.ca\/olympique\/wp-content\/uploads\/sites\/2\/2016\/04\/mens-villagewear-t-shirt-trw-30.jpg?resize=371,371 371w\" width=\"449\" height=\"449\" loading=\"lazy\" data-original-width=\"449\" data-original-height=\"449\" itemprop=\"http:\/\/schema.org\/image\" title=\"mens-villagewear-t-shirt-trw-30\" alt=\"Village\u00a0: Chandail \u00e0 manches courtes TR &amp; W gris pour hommes 30\u00a0$\" style=\"width: 449px; height: 449px;\" \/> <\/a> <div class=\"tiled-gallery-caption\" itemprop=\"caption description\"> Village\u00a0: Chandail \u00e0 manches courtes TR &amp; W gris pour hommes 30\u00a0$ <\/div> <\/div> <\/div> <\/div> <div class=\"gallery-row\" style=\"width: 1360px; height: 453px;\" data-original-width=\"1360\" data-original-height=\"453\" > <div class=\"gallery-group\" style=\"width: 453px; height: 453px;\" data-original-width=\"453\" data-original-height=\"453\" > <div class=\"tiled-gallery-item \" itemprop=\"associatedMedia\" itemscope itemtype=\"http:\/\/schema.org\/ImageObject\"> <a href=\"https:\/\/preprod.olympic.ca\/olympique\/2016\/04\/12\/devoilement-de-la-collection-officielle-dequipe-canada-pour-rio-2016\/mens-crew-neck-sweatshirt-65\/#main\" border=\"0\" itemprop=\"url\"> <meta itemprop=\"width\" content=\"449\"> <meta itemprop=\"height\" content=\"449\"> <img decoding=\"async\" data-recalc-dims=\"1\" class=\"\" data-attachment-id=\"114194\" data-orig-file=\"https:\/\/preprod.olympic.ca\/olympique\/wp-content\/uploads\/sites\/2\/2016\/04\/mens-crew-neck-sweatshirt-65.jpg?quality=100\" data-orig-size=\"700,700\" data-comments-opened=\"1\" data-image-meta=\"{&quot;aperture&quot;:&quot;0&quot;,&quot;credit&quot;:&quot;&quot;,&quot;camera&quot;:&quot;&quot;,&quot;caption&quot;:&quot;&quot;,&quot;created_timestamp&quot;:&quot;0&quot;,&quot;copyright&quot;:&quot;&quot;,&quot;focal_length&quot;:&quot;0&quot;,&quot;iso&quot;:&quot;0&quot;,&quot;shutter_speed&quot;:&quot;0&quot;,&quot;title&quot;:&quot;&quot;,&quot;orientation&quot;:&quot;0&quot;}\" data-image-title=\"mens-crew-neck-sweatshirt-65\" data-image-description=\"\" data-medium-file=\"https:\/\/preprod.olympic.ca\/olympique\/wp-content\/uploads\/sites\/2\/2016\/04\/mens-crew-neck-sweatshirt-65.jpg?quality=100&#038;w=371\" data-large-file=\"https:\/\/preprod.olympic.ca\/olympique\/wp-content\/uploads\/sites\/2\/2016\/04\/mens-crew-neck-sweatshirt-65.jpg?quality=100&#038;w=700\" src=\"https:\/\/preprod.olympic.ca\/olympique\/wp-content\/uploads\/sites\/2\/2016\/04\/mens-crew-neck-sweatshirt-65.jpg?quality=100&#038;w=449&#038;h=449&#038;crop=1&#038;strip&#038;resize=449%2C449\" srcset=\"https:\/\/preprod.olympic.ca\/olympique\/wp-content\/uploads\/sites\/2\/2016\/04\/mens-crew-neck-sweatshirt-65.jpg 700w, https:\/\/preprod.olympic.ca\/olympique\/wp-content\/uploads\/sites\/2\/2016\/04\/mens-crew-neck-sweatshirt-65.jpg?resize=158,158 158w, https:\/\/preprod.olympic.ca\/olympique\/wp-content\/uploads\/sites\/2\/2016\/04\/mens-crew-neck-sweatshirt-65.jpg?resize=371,371 371w\" width=\"449\" height=\"449\" loading=\"lazy\" data-original-width=\"449\" data-original-height=\"449\" itemprop=\"http:\/\/schema.org\/image\" title=\"mens-crew-neck-sweatshirt-65\" alt=\"Pull \u00e0 col rond pour hommes 65\u00a0$\" style=\"width: 449px; height: 449px;\" \/> <\/a> <div class=\"tiled-gallery-caption\" itemprop=\"caption description\"> Pull \u00e0 col rond pour hommes 65\u00a0$ <\/div> <\/div> <\/div> <div class=\"gallery-group\" style=\"width: 453px; height: 453px;\" data-original-width=\"453\" data-original-height=\"453\" > <div class=\"tiled-gallery-item \" itemprop=\"associatedMedia\" itemscope itemtype=\"http:\/\/schema.org\/ImageObject\"> <a href=\"https:\/\/preprod.olympic.ca\/olympique\/2016\/04\/12\/devoilement-de-la-collection-officielle-dequipe-canada-pour-rio-2016\/mens-maple-leaf-canada-t-shirt-back-30\/#main\" border=\"0\" itemprop=\"url\"> <meta itemprop=\"width\" content=\"449\"> <meta itemprop=\"height\" content=\"449\"> <img decoding=\"async\" data-recalc-dims=\"1\" class=\"\" data-attachment-id=\"114195\" data-orig-file=\"https:\/\/preprod.olympic.ca\/olympique\/wp-content\/uploads\/sites\/2\/2016\/04\/mens-maple-leaf-canada-t-shirt-back-30.jpg?quality=100\" data-orig-size=\"700,700\" data-comments-opened=\"1\" data-image-meta=\"{&quot;aperture&quot;:&quot;0&quot;,&quot;credit&quot;:&quot;&quot;,&quot;camera&quot;:&quot;&quot;,&quot;caption&quot;:&quot;&quot;,&quot;created_timestamp&quot;:&quot;0&quot;,&quot;copyright&quot;:&quot;&quot;,&quot;focal_length&quot;:&quot;0&quot;,&quot;iso&quot;:&quot;0&quot;,&quot;shutter_speed&quot;:&quot;0&quot;,&quot;title&quot;:&quot;&quot;,&quot;orientation&quot;:&quot;0&quot;}\" data-image-title=\"mens-maple-leaf-canada-t-shirt-back-30\" data-image-description=\"\" data-medium-file=\"https:\/\/preprod.olympic.ca\/olympique\/wp-content\/uploads\/sites\/2\/2016\/04\/mens-maple-leaf-canada-t-shirt-back-30.jpg?quality=100&#038;w=371\" data-large-file=\"https:\/\/preprod.olympic.ca\/olympique\/wp-content\/uploads\/sites\/2\/2016\/04\/mens-maple-leaf-canada-t-shirt-back-30.jpg?quality=100&#038;w=700\" src=\"https:\/\/preprod.olympic.ca\/olympique\/wp-content\/uploads\/sites\/2\/2016\/04\/mens-maple-leaf-canada-t-shirt-back-30.jpg?quality=100&#038;w=449&#038;h=449&#038;crop=1&#038;strip&#038;resize=449%2C449\" srcset=\"https:\/\/preprod.olympic.ca\/olympique\/wp-content\/uploads\/sites\/2\/2016\/04\/mens-maple-leaf-canada-t-shirt-back-30.jpg 700w, https:\/\/preprod.olympic.ca\/olympique\/wp-content\/uploads\/sites\/2\/2016\/04\/mens-maple-leaf-canada-t-shirt-back-30.jpg?resize=158,158 158w, https:\/\/preprod.olympic.ca\/olympique\/wp-content\/uploads\/sites\/2\/2016\/04\/mens-maple-leaf-canada-t-shirt-back-30.jpg?resize=371,371 371w\" width=\"449\" height=\"449\" loading=\"lazy\" data-original-width=\"449\" data-original-height=\"449\" itemprop=\"http:\/\/schema.org\/image\" title=\"mens-maple-leaf-canada-t-shirt-back-30\" alt=\"Chandail Feuille d\u2019\u00e9rable pour hommes \u2014 dos 30\u00a0$\" style=\"width: 449px; height: 449px;\" \/> <\/a> <div class=\"tiled-gallery-caption\" itemprop=\"caption description\"> Chandail Feuille d\u2019\u00e9rable pour hommes \u2014 dos 30\u00a0$ <\/div> <\/div> <\/div> <div class=\"gallery-group\" style=\"width: 453px; height: 453px;\" data-original-width=\"453\" data-original-height=\"453\" > <div class=\"tiled-gallery-item \" itemprop=\"associatedMedia\" itemscope itemtype=\"http:\/\/schema.org\/ImageObject\"> <a href=\"https:\/\/preprod.olympic.ca\/olympique\/2016\/04\/12\/devoilement-de-la-collection-officielle-dequipe-canada-pour-rio-2016\/mens-podium-ceremony-jackt-95\/#main\" border=\"0\" itemprop=\"url\"> <meta itemprop=\"width\" content=\"449\"> <meta itemprop=\"height\" content=\"449\"> <img decoding=\"async\" data-recalc-dims=\"1\" class=\"\" data-attachment-id=\"114196\" data-orig-file=\"https:\/\/preprod.olympic.ca\/olympique\/wp-content\/uploads\/sites\/2\/2016\/04\/mens-podium-ceremony-jackt-95.jpg?quality=100\" data-orig-size=\"700,700\" data-comments-opened=\"1\" data-image-meta=\"{&quot;aperture&quot;:&quot;0&quot;,&quot;credit&quot;:&quot;&quot;,&quot;camera&quot;:&quot;&quot;,&quot;caption&quot;:&quot;&quot;,&quot;created_timestamp&quot;:&quot;0&quot;,&quot;copyright&quot;:&quot;&quot;,&quot;focal_length&quot;:&quot;0&quot;,&quot;iso&quot;:&quot;0&quot;,&quot;shutter_speed&quot;:&quot;0&quot;,&quot;title&quot;:&quot;&quot;,&quot;orientation&quot;:&quot;0&quot;}\" data-image-title=\"mens-podium-ceremony-jackt-95\" data-image-description=\"\" data-medium-file=\"https:\/\/preprod.olympic.ca\/olympique\/wp-content\/uploads\/sites\/2\/2016\/04\/mens-podium-ceremony-jackt-95.jpg?quality=100&#038;w=371\" data-large-file=\"https:\/\/preprod.olympic.ca\/olympique\/wp-content\/uploads\/sites\/2\/2016\/04\/mens-podium-ceremony-jackt-95.jpg?quality=100&#038;w=700\" src=\"https:\/\/preprod.olympic.ca\/olympique\/wp-content\/uploads\/sites\/2\/2016\/04\/mens-podium-ceremony-jackt-95.jpg?quality=100&#038;w=449&#038;h=449&#038;crop=1&#038;strip&#038;resize=449%2C449\" srcset=\"https:\/\/preprod.olympic.ca\/olympique\/wp-content\/uploads\/sites\/2\/2016\/04\/mens-podium-ceremony-jackt-95.jpg 700w, https:\/\/preprod.olympic.ca\/olympique\/wp-content\/uploads\/sites\/2\/2016\/04\/mens-podium-ceremony-jackt-95.jpg?resize=158,158 158w, https:\/\/preprod.olympic.ca\/olympique\/wp-content\/uploads\/sites\/2\/2016\/04\/mens-podium-ceremony-jackt-95.jpg?resize=371,371 371w\" width=\"449\" height=\"449\" loading=\"lazy\" data-original-width=\"449\" data-original-height=\"449\" itemprop=\"http:\/\/schema.org\/image\" title=\"mens-podium-ceremony-jackt-95\" alt=\"Veste de Podium pour hommes 95\u00a0$\" style=\"width: 449px; height: 449px;\" \/> <\/a> <div class=\"tiled-gallery-caption\" itemprop=\"caption description\"> Veste de Podium pour hommes 95\u00a0$ <\/div> <\/div> <\/div> <\/div> <div class=\"gallery-row\" style=\"width: 1360px; height: 453px;\" data-original-width=\"1360\" data-original-height=\"453\" > <div class=\"gallery-group\" style=\"width: 453px; height: 453px;\" data-original-width=\"453\" data-original-height=\"453\" > <div class=\"tiled-gallery-item \" itemprop=\"associatedMedia\" itemscope itemtype=\"http:\/\/schema.org\/ImageObject\"> <a href=\"https:\/\/preprod.olympic.ca\/olympique\/2016\/04\/12\/devoilement-de-la-collection-officielle-dequipe-canada-pour-rio-2016\/mens-villagewear-pant-80\/#main\" border=\"0\" itemprop=\"url\"> <meta itemprop=\"width\" content=\"449\"> <meta itemprop=\"height\" content=\"449\"> <img decoding=\"async\" data-recalc-dims=\"1\" class=\"\" data-attachment-id=\"114197\" data-orig-file=\"https:\/\/preprod.olympic.ca\/olympique\/wp-content\/uploads\/sites\/2\/2016\/04\/mens-villagewear-pant-80.jpg?quality=100\" data-orig-size=\"700,700\" data-comments-opened=\"1\" data-image-meta=\"{&quot;aperture&quot;:&quot;0&quot;,&quot;credit&quot;:&quot;&quot;,&quot;camera&quot;:&quot;&quot;,&quot;caption&quot;:&quot;&quot;,&quot;created_timestamp&quot;:&quot;0&quot;,&quot;copyright&quot;:&quot;&quot;,&quot;focal_length&quot;:&quot;0&quot;,&quot;iso&quot;:&quot;0&quot;,&quot;shutter_speed&quot;:&quot;0&quot;,&quot;title&quot;:&quot;&quot;,&quot;orientation&quot;:&quot;0&quot;}\" data-image-title=\"mens-villagewear-pant-80\" data-image-description=\"\" data-medium-file=\"https:\/\/preprod.olympic.ca\/olympique\/wp-content\/uploads\/sites\/2\/2016\/04\/mens-villagewear-pant-80.jpg?quality=100&#038;w=371\" data-large-file=\"https:\/\/preprod.olympic.ca\/olympique\/wp-content\/uploads\/sites\/2\/2016\/04\/mens-villagewear-pant-80.jpg?quality=100&#038;w=700\" src=\"https:\/\/preprod.olympic.ca\/olympique\/wp-content\/uploads\/sites\/2\/2016\/04\/mens-villagewear-pant-80.jpg?quality=100&#038;w=449&#038;h=449&#038;crop=1&#038;strip&#038;resize=449%2C449\" srcset=\"https:\/\/preprod.olympic.ca\/olympique\/wp-content\/uploads\/sites\/2\/2016\/04\/mens-villagewear-pant-80.jpg 700w, https:\/\/preprod.olympic.ca\/olympique\/wp-content\/uploads\/sites\/2\/2016\/04\/mens-villagewear-pant-80.jpg?resize=158,158 158w, https:\/\/preprod.olympic.ca\/olympique\/wp-content\/uploads\/sites\/2\/2016\/04\/mens-villagewear-pant-80.jpg?resize=371,371 371w\" width=\"449\" height=\"449\" loading=\"lazy\" data-original-width=\"449\" data-original-height=\"449\" itemprop=\"http:\/\/schema.org\/image\" title=\"mens-villagewear-pant-80\" alt=\"Village\u00a0: pantalon pour hommes 80\u00a0$\" style=\"width: 449px; height: 449px;\" \/> <\/a> <div class=\"tiled-gallery-caption\" itemprop=\"caption description\"> Village\u00a0: pantalon pour hommes 80\u00a0$ <\/div> <\/div> <\/div> <div class=\"gallery-group\" style=\"width: 453px; height: 453px;\" data-original-width=\"453\" data-original-height=\"453\" > <div class=\"tiled-gallery-item \" itemprop=\"associatedMedia\" itemscope itemtype=\"http:\/\/schema.org\/ImageObject\"> <a href=\"https:\/\/preprod.olympic.ca\/olympique\/2016\/04\/12\/devoilement-de-la-collection-officielle-dequipe-canada-pour-rio-2016\/mens-villagewear-tank-19-99\/#main\" border=\"0\" itemprop=\"url\"> <meta itemprop=\"width\" content=\"449\"> <meta itemprop=\"height\" content=\"449\"> <img decoding=\"async\" data-recalc-dims=\"1\" class=\"\" data-attachment-id=\"114198\" data-orig-file=\"https:\/\/preprod.olympic.ca\/olympique\/wp-content\/uploads\/sites\/2\/2016\/04\/mens-villagewear-tank-19-99.jpg?quality=100\" data-orig-size=\"700,700\" data-comments-opened=\"1\" data-image-meta=\"{&quot;aperture&quot;:&quot;0&quot;,&quot;credit&quot;:&quot;&quot;,&quot;camera&quot;:&quot;&quot;,&quot;caption&quot;:&quot;&quot;,&quot;created_timestamp&quot;:&quot;0&quot;,&quot;copyright&quot;:&quot;&quot;,&quot;focal_length&quot;:&quot;0&quot;,&quot;iso&quot;:&quot;0&quot;,&quot;shutter_speed&quot;:&quot;0&quot;,&quot;title&quot;:&quot;&quot;,&quot;orientation&quot;:&quot;0&quot;}\" data-image-title=\"mens-villagewear-tank-19-99\" data-image-description=\"\" data-medium-file=\"https:\/\/preprod.olympic.ca\/olympique\/wp-content\/uploads\/sites\/2\/2016\/04\/mens-villagewear-tank-19-99.jpg?quality=100&#038;w=371\" data-large-file=\"https:\/\/preprod.olympic.ca\/olympique\/wp-content\/uploads\/sites\/2\/2016\/04\/mens-villagewear-tank-19-99.jpg?quality=100&#038;w=700\" src=\"https:\/\/preprod.olympic.ca\/olympique\/wp-content\/uploads\/sites\/2\/2016\/04\/mens-villagewear-tank-19-99.jpg?quality=100&#038;w=449&#038;h=449&#038;crop=1&#038;strip&#038;resize=449%2C449\" srcset=\"https:\/\/preprod.olympic.ca\/olympique\/wp-content\/uploads\/sites\/2\/2016\/04\/mens-villagewear-tank-19-99.jpg 700w, https:\/\/preprod.olympic.ca\/olympique\/wp-content\/uploads\/sites\/2\/2016\/04\/mens-villagewear-tank-19-99.jpg?resize=158,158 158w, https:\/\/preprod.olympic.ca\/olympique\/wp-content\/uploads\/sites\/2\/2016\/04\/mens-villagewear-tank-19-99.jpg?resize=371,371 371w\" width=\"449\" height=\"449\" loading=\"lazy\" data-original-width=\"449\" data-original-height=\"449\" itemprop=\"http:\/\/schema.org\/image\" title=\"mens-villagewear-tank-19-99\" alt=\"Village\u00a0: Camisole pour hommes 19.99\u00a0$\" style=\"width: 449px; height: 449px;\" \/> <\/a> <div class=\"tiled-gallery-caption\" itemprop=\"caption description\"> Village\u00a0: Camisole pour hommes 19.99\u00a0$ <\/div> <\/div> <\/div> <div class=\"gallery-group\" style=\"width: 453px; height: 453px;\" data-original-width=\"453\" data-original-height=\"453\" > <div class=\"tiled-gallery-item \" itemprop=\"associatedMedia\" itemscope itemtype=\"http:\/\/schema.org\/ImageObject\"> <a href=\"https:\/\/preprod.olympic.ca\/olympique\/2016\/04\/12\/devoilement-de-la-collection-officielle-dequipe-canada-pour-rio-2016\/mens-maple-leaf-canada-t-shirt-front-30\/#main\" border=\"0\" itemprop=\"url\"> <meta itemprop=\"width\" content=\"449\"> <meta itemprop=\"height\" content=\"449\"> <img decoding=\"async\" data-recalc-dims=\"1\" class=\"\" data-attachment-id=\"114199\" data-orig-file=\"https:\/\/preprod.olympic.ca\/olympique\/wp-content\/uploads\/sites\/2\/2016\/04\/mens-maple-leaf-canada-t-shirt-front-30.jpg?quality=100\" data-orig-size=\"700,700\" data-comments-opened=\"1\" data-image-meta=\"{&quot;aperture&quot;:&quot;0&quot;,&quot;credit&quot;:&quot;&quot;,&quot;camera&quot;:&quot;&quot;,&quot;caption&quot;:&quot;&quot;,&quot;created_timestamp&quot;:&quot;0&quot;,&quot;copyright&quot;:&quot;&quot;,&quot;focal_length&quot;:&quot;0&quot;,&quot;iso&quot;:&quot;0&quot;,&quot;shutter_speed&quot;:&quot;0&quot;,&quot;title&quot;:&quot;&quot;,&quot;orientation&quot;:&quot;0&quot;}\" data-image-title=\"mens-maple-leaf-canada-t-shirt-front-30\" data-image-description=\"\" data-medium-file=\"https:\/\/preprod.olympic.ca\/olympique\/wp-content\/uploads\/sites\/2\/2016\/04\/mens-maple-leaf-canada-t-shirt-front-30.jpg?quality=100&#038;w=371\" data-large-file=\"https:\/\/preprod.olympic.ca\/olympique\/wp-content\/uploads\/sites\/2\/2016\/04\/mens-maple-leaf-canada-t-shirt-front-30.jpg?quality=100&#038;w=700\" src=\"https:\/\/preprod.olympic.ca\/olympique\/wp-content\/uploads\/sites\/2\/2016\/04\/mens-maple-leaf-canada-t-shirt-front-30.jpg?quality=100&#038;w=449&#038;h=449&#038;crop=1&#038;strip&#038;resize=449%2C449\" srcset=\"https:\/\/preprod.olympic.ca\/olympique\/wp-content\/uploads\/sites\/2\/2016\/04\/mens-maple-leaf-canada-t-shirt-front-30.jpg 700w, https:\/\/preprod.olympic.ca\/olympique\/wp-content\/uploads\/sites\/2\/2016\/04\/mens-maple-leaf-canada-t-shirt-front-30.jpg?resize=158,158 158w, https:\/\/preprod.olympic.ca\/olympique\/wp-content\/uploads\/sites\/2\/2016\/04\/mens-maple-leaf-canada-t-shirt-front-30.jpg?resize=371,371 371w\" width=\"449\" height=\"449\" loading=\"lazy\" data-original-width=\"449\" data-original-height=\"449\" itemprop=\"http:\/\/schema.org\/image\" title=\"mens-maple-leaf-canada-t-shirt-front-30\" alt=\"Chandail Feuille d\u2019\u00e9rable pour hommes \u2014 dos 30\u00a0$\" style=\"width: 449px; height: 449px;\" \/> <\/a> <div class=\"tiled-gallery-caption\" itemprop=\"caption description\"> Chandail Feuille d\u2019\u00e9rable pour hommes \u2014 dos 30\u00a0$ <\/div> <\/div> <\/div> <\/div> <div class=\"gallery-row\" style=\"width: 1360px; height: 453px;\" data-original-width=\"1360\" data-original-height=\"453\" > <div class=\"gallery-group\" style=\"width: 453px; height: 453px;\" data-original-width=\"453\" data-original-height=\"453\" > <div class=\"tiled-gallery-item \" itemprop=\"associatedMedia\" itemscope itemtype=\"http:\/\/schema.org\/ImageObject\"> <a href=\"https:\/\/preprod.olympic.ca\/olympique\/2016\/04\/12\/devoilement-de-la-collection-officielle-dequipe-canada-pour-rio-2016\/mens-podium-ceremony-t-shirt-35\/#main\" border=\"0\" itemprop=\"url\"> <meta itemprop=\"width\" content=\"449\"> <meta itemprop=\"height\" content=\"449\"> <img decoding=\"async\" data-recalc-dims=\"1\" class=\"\" data-attachment-id=\"114200\" data-orig-file=\"https:\/\/preprod.olympic.ca\/olympique\/wp-content\/uploads\/sites\/2\/2016\/04\/mens-podium-ceremony-t-shirt-35.jpg?quality=100\" data-orig-size=\"700,700\" data-comments-opened=\"1\" data-image-meta=\"{&quot;aperture&quot;:&quot;0&quot;,&quot;credit&quot;:&quot;&quot;,&quot;camera&quot;:&quot;&quot;,&quot;caption&quot;:&quot;&quot;,&quot;created_timestamp&quot;:&quot;0&quot;,&quot;copyright&quot;:&quot;&quot;,&quot;focal_length&quot;:&quot;0&quot;,&quot;iso&quot;:&quot;0&quot;,&quot;shutter_speed&quot;:&quot;0&quot;,&quot;title&quot;:&quot;&quot;,&quot;orientation&quot;:&quot;0&quot;}\" data-image-title=\"mens-podium-ceremony-t-shirt-35\" data-image-description=\"\" data-medium-file=\"https:\/\/preprod.olympic.ca\/olympique\/wp-content\/uploads\/sites\/2\/2016\/04\/mens-podium-ceremony-t-shirt-35.jpg?quality=100&#038;w=371\" data-large-file=\"https:\/\/preprod.olympic.ca\/olympique\/wp-content\/uploads\/sites\/2\/2016\/04\/mens-podium-ceremony-t-shirt-35.jpg?quality=100&#038;w=700\" src=\"https:\/\/preprod.olympic.ca\/olympique\/wp-content\/uploads\/sites\/2\/2016\/04\/mens-podium-ceremony-t-shirt-35.jpg?quality=100&#038;w=449&#038;h=449&#038;crop=1&#038;strip&#038;resize=449%2C449\" srcset=\"https:\/\/preprod.olympic.ca\/olympique\/wp-content\/uploads\/sites\/2\/2016\/04\/mens-podium-ceremony-t-shirt-35.jpg 700w, https:\/\/preprod.olympic.ca\/olympique\/wp-content\/uploads\/sites\/2\/2016\/04\/mens-podium-ceremony-t-shirt-35.jpg?resize=158,158 158w, https:\/\/preprod.olympic.ca\/olympique\/wp-content\/uploads\/sites\/2\/2016\/04\/mens-podium-ceremony-t-shirt-35.jpg?resize=371,371 371w\" width=\"449\" height=\"449\" loading=\"lazy\" data-original-width=\"449\" data-original-height=\"449\" itemprop=\"http:\/\/schema.org\/image\" title=\"mens-podium-ceremony-t-shirt-35\" alt=\"Chandail \u00e0 manches courtes de podium pour hommes 35\u00a0$\" style=\"width: 449px; height: 449px;\" \/> <\/a> <div class=\"tiled-gallery-caption\" itemprop=\"caption description\"> Chandail \u00e0 manches courtes de podium pour hommes 35\u00a0$ <\/div> <\/div> <\/div> <div class=\"gallery-group\" style=\"width: 453px; height: 453px;\" data-original-width=\"453\" data-original-height=\"453\" > <div class=\"tiled-gallery-item \" itemprop=\"associatedMedia\" itemscope itemtype=\"http:\/\/schema.org\/ImageObject\"> <a href=\"https:\/\/preprod.olympic.ca\/olympique\/2016\/04\/12\/devoilement-de-la-collection-officielle-dequipe-canada-pour-rio-2016\/mens-villagewear-t-shirt-2016-30\/#main\" border=\"0\" itemprop=\"url\"> <meta itemprop=\"width\" content=\"449\"> <meta itemprop=\"height\" content=\"449\"> <img decoding=\"async\" data-recalc-dims=\"1\" class=\"\" data-attachment-id=\"114201\" data-orig-file=\"https:\/\/preprod.olympic.ca\/olympique\/wp-content\/uploads\/sites\/2\/2016\/04\/mens-villagewear-t-shirt-2016-30.jpg?quality=100\" data-orig-size=\"700,700\" data-comments-opened=\"1\" data-image-meta=\"{&quot;aperture&quot;:&quot;0&quot;,&quot;credit&quot;:&quot;&quot;,&quot;camera&quot;:&quot;&quot;,&quot;caption&quot;:&quot;&quot;,&quot;created_timestamp&quot;:&quot;0&quot;,&quot;copyright&quot;:&quot;&quot;,&quot;focal_length&quot;:&quot;0&quot;,&quot;iso&quot;:&quot;0&quot;,&quot;shutter_speed&quot;:&quot;0&quot;,&quot;title&quot;:&quot;&quot;,&quot;orientation&quot;:&quot;0&quot;}\" data-image-title=\"mens-villagewear-t-shirt-2016-30\" data-image-description=\"\" data-medium-file=\"https:\/\/preprod.olympic.ca\/olympique\/wp-content\/uploads\/sites\/2\/2016\/04\/mens-villagewear-t-shirt-2016-30.jpg?quality=100&#038;w=371\" data-large-file=\"https:\/\/preprod.olympic.ca\/olympique\/wp-content\/uploads\/sites\/2\/2016\/04\/mens-villagewear-t-shirt-2016-30.jpg?quality=100&#038;w=700\" src=\"https:\/\/preprod.olympic.ca\/olympique\/wp-content\/uploads\/sites\/2\/2016\/04\/mens-villagewear-t-shirt-2016-30.jpg?quality=100&#038;w=449&#038;h=449&#038;crop=1&#038;strip&#038;resize=449%2C449\" srcset=\"https:\/\/preprod.olympic.ca\/olympique\/wp-content\/uploads\/sites\/2\/2016\/04\/mens-villagewear-t-shirt-2016-30.jpg 700w, https:\/\/preprod.olympic.ca\/olympique\/wp-content\/uploads\/sites\/2\/2016\/04\/mens-villagewear-t-shirt-2016-30.jpg?resize=158,158 158w, https:\/\/preprod.olympic.ca\/olympique\/wp-content\/uploads\/sites\/2\/2016\/04\/mens-villagewear-t-shirt-2016-30.jpg?resize=371,371 371w\" width=\"449\" height=\"449\" loading=\"lazy\" data-original-width=\"449\" data-original-height=\"449\" itemprop=\"http:\/\/schema.org\/image\" title=\"mens-villagewear-t-shirt-2016-30\" alt=\"Village\u00a0: Chandail \u00e0 manches courtes rouge pour hommes 30\u00a0$\" style=\"width: 449px; height: 449px;\" \/> <\/a> <div class=\"tiled-gallery-caption\" itemprop=\"caption description\"> Village\u00a0: Chandail \u00e0 manches courtes rouge pour hommes 30\u00a0$ <\/div> <\/div> <\/div> <div class=\"gallery-group\" style=\"width: 453px; height: 453px;\" data-original-width=\"453\" data-original-height=\"453\" > <div class=\"tiled-gallery-item \" itemprop=\"associatedMedia\" itemscope itemtype=\"http:\/\/schema.org\/ImageObject\"> <a href=\"https:\/\/preprod.olympic.ca\/olympique\/2016\/04\/12\/devoilement-de-la-collection-officielle-dequipe-canada-pour-rio-2016\/mens-maple-leaf-hoodie-back-95\/#main\" border=\"0\" itemprop=\"url\"> <meta itemprop=\"width\" content=\"449\"> <meta itemprop=\"height\" content=\"449\"> <img decoding=\"async\" data-recalc-dims=\"1\" class=\"\" data-attachment-id=\"114202\" data-orig-file=\"https:\/\/preprod.olympic.ca\/olympique\/wp-content\/uploads\/sites\/2\/2016\/04\/mens-maple-leaf-hoodie-back-95.jpg?quality=100\" data-orig-size=\"700,700\" data-comments-opened=\"1\" data-image-meta=\"{&quot;aperture&quot;:&quot;0&quot;,&quot;credit&quot;:&quot;&quot;,&quot;camera&quot;:&quot;&quot;,&quot;caption&quot;:&quot;&quot;,&quot;created_timestamp&quot;:&quot;0&quot;,&quot;copyright&quot;:&quot;&quot;,&quot;focal_length&quot;:&quot;0&quot;,&quot;iso&quot;:&quot;0&quot;,&quot;shutter_speed&quot;:&quot;0&quot;,&quot;title&quot;:&quot;&quot;,&quot;orientation&quot;:&quot;0&quot;}\" data-image-title=\"mens-maple-leaf-hoodie-back-95\" data-image-description=\"\" data-medium-file=\"https:\/\/preprod.olympic.ca\/olympique\/wp-content\/uploads\/sites\/2\/2016\/04\/mens-maple-leaf-hoodie-back-95.jpg?quality=100&#038;w=371\" data-large-file=\"https:\/\/preprod.olympic.ca\/olympique\/wp-content\/uploads\/sites\/2\/2016\/04\/mens-maple-leaf-hoodie-back-95.jpg?quality=100&#038;w=700\" src=\"https:\/\/preprod.olympic.ca\/olympique\/wp-content\/uploads\/sites\/2\/2016\/04\/mens-maple-leaf-hoodie-back-95.jpg?quality=100&#038;w=449&#038;h=449&#038;crop=1&#038;strip&#038;resize=449%2C449\" srcset=\"https:\/\/preprod.olympic.ca\/olympique\/wp-content\/uploads\/sites\/2\/2016\/04\/mens-maple-leaf-hoodie-back-95.jpg 700w, https:\/\/preprod.olympic.ca\/olympique\/wp-content\/uploads\/sites\/2\/2016\/04\/mens-maple-leaf-hoodie-back-95.jpg?resize=158,158 158w, https:\/\/preprod.olympic.ca\/olympique\/wp-content\/uploads\/sites\/2\/2016\/04\/mens-maple-leaf-hoodie-back-95.jpg?resize=371,371 371w\" width=\"449\" height=\"449\" loading=\"lazy\" data-original-width=\"449\" data-original-height=\"449\" itemprop=\"http:\/\/schema.org\/image\" title=\"mens-maple-leaf-hoodie-back-95\" alt=\"Veste \u00e0 capuchon Feuille d\u2019\u00e9rable pour hommes \u2014 dos 95\u00a0$\" style=\"width: 449px; height: 449px;\" \/> <\/a> <div class=\"tiled-gallery-caption\" itemprop=\"caption description\"> Veste \u00e0 capuchon Feuille d\u2019\u00e9rable pour hommes \u2014 dos 95\u00a0$ <\/div> <\/div> <\/div> <\/div> <div class=\"gallery-row\" style=\"width: 1360px; height: 453px;\" data-original-width=\"1360\" data-original-height=\"453\" > <div class=\"gallery-group\" style=\"width: 453px; height: 453px;\" data-original-width=\"453\" data-original-height=\"453\" > <div class=\"tiled-gallery-item \" itemprop=\"associatedMedia\" itemscope itemtype=\"http:\/\/schema.org\/ImageObject\"> <a href=\"https:\/\/preprod.olympic.ca\/olympique\/2016\/04\/12\/devoilement-de-la-collection-officielle-dequipe-canada-pour-rio-2016\/mens-softshell-maple-leaf-canada-jacket-back-125\/#main\" border=\"0\" itemprop=\"url\"> <meta itemprop=\"width\" content=\"449\"> <meta itemprop=\"height\" content=\"449\"> <img decoding=\"async\" data-recalc-dims=\"1\" class=\"\" data-attachment-id=\"114203\" data-orig-file=\"https:\/\/preprod.olympic.ca\/olympique\/wp-content\/uploads\/sites\/2\/2016\/04\/mens-softshell-maple-leaf-canada-jacket-back-125.jpg?quality=100\" data-orig-size=\"700,700\" data-comments-opened=\"1\" data-image-meta=\"{&quot;aperture&quot;:&quot;0&quot;,&quot;credit&quot;:&quot;&quot;,&quot;camera&quot;:&quot;&quot;,&quot;caption&quot;:&quot;&quot;,&quot;created_timestamp&quot;:&quot;0&quot;,&quot;copyright&quot;:&quot;&quot;,&quot;focal_length&quot;:&quot;0&quot;,&quot;iso&quot;:&quot;0&quot;,&quot;shutter_speed&quot;:&quot;0&quot;,&quot;title&quot;:&quot;&quot;,&quot;orientation&quot;:&quot;0&quot;}\" data-image-title=\"mens-softshell-maple-leaf-canada-jacket-back-125\" data-image-description=\"\" data-medium-file=\"https:\/\/preprod.olympic.ca\/olympique\/wp-content\/uploads\/sites\/2\/2016\/04\/mens-softshell-maple-leaf-canada-jacket-back-125.jpg?quality=100&#038;w=371\" data-large-file=\"https:\/\/preprod.olympic.ca\/olympique\/wp-content\/uploads\/sites\/2\/2016\/04\/mens-softshell-maple-leaf-canada-jacket-back-125.jpg?quality=100&#038;w=700\" src=\"https:\/\/preprod.olympic.ca\/olympique\/wp-content\/uploads\/sites\/2\/2016\/04\/mens-softshell-maple-leaf-canada-jacket-back-125.jpg?quality=100&#038;w=449&#038;h=449&#038;crop=1&#038;strip&#038;resize=449%2C449\" srcset=\"https:\/\/preprod.olympic.ca\/olympique\/wp-content\/uploads\/sites\/2\/2016\/04\/mens-softshell-maple-leaf-canada-jacket-back-125.jpg 700w, https:\/\/preprod.olympic.ca\/olympique\/wp-content\/uploads\/sites\/2\/2016\/04\/mens-softshell-maple-leaf-canada-jacket-back-125.jpg?resize=158,158 158w, https:\/\/preprod.olympic.ca\/olympique\/wp-content\/uploads\/sites\/2\/2016\/04\/mens-softshell-maple-leaf-canada-jacket-back-125.jpg?resize=371,371 371w\" width=\"449\" height=\"449\" loading=\"lazy\" data-original-width=\"449\" data-original-height=\"449\" itemprop=\"http:\/\/schema.org\/image\" title=\"mens-softshell-maple-leaf-canada-jacket-back-125\" alt=\"Veste \u00e0 capuchon Softshell Feuille d\u2019\u00e9rable Canada pour hommes \u2013 dos 125\u00a0$\" style=\"width: 449px; height: 449px;\" \/> <\/a> <div class=\"tiled-gallery-caption\" itemprop=\"caption description\"> Veste \u00e0 capuchon Softshell Feuille d\u2019\u00e9rable Canada pour hommes \u2013 dos 125\u00a0$ <\/div> <\/div> <\/div> <div class=\"gallery-group\" style=\"width: 453px; height: 453px;\" data-original-width=\"453\" data-original-height=\"453\" > <div class=\"tiled-gallery-item \" itemprop=\"associatedMedia\" itemscope itemtype=\"http:\/\/schema.org\/ImageObject\"> <a href=\"https:\/\/preprod.olympic.ca\/olympique\/2016\/04\/12\/devoilement-de-la-collection-officielle-dequipe-canada-pour-rio-2016\/mens-villagewear-t-shirt-black-35\/#main\" border=\"0\" itemprop=\"url\"> <meta itemprop=\"width\" content=\"449\"> <meta itemprop=\"height\" content=\"449\"> <img decoding=\"async\" data-recalc-dims=\"1\" class=\"\" data-attachment-id=\"114204\" data-orig-file=\"https:\/\/preprod.olympic.ca\/olympique\/wp-content\/uploads\/sites\/2\/2016\/04\/mens-villagewear-t-shirt-black-35.jpg?quality=100\" data-orig-size=\"700,700\" data-comments-opened=\"1\" data-image-meta=\"{&quot;aperture&quot;:&quot;0&quot;,&quot;credit&quot;:&quot;&quot;,&quot;camera&quot;:&quot;&quot;,&quot;caption&quot;:&quot;&quot;,&quot;created_timestamp&quot;:&quot;0&quot;,&quot;copyright&quot;:&quot;&quot;,&quot;focal_length&quot;:&quot;0&quot;,&quot;iso&quot;:&quot;0&quot;,&quot;shutter_speed&quot;:&quot;0&quot;,&quot;title&quot;:&quot;&quot;,&quot;orientation&quot;:&quot;0&quot;}\" data-image-title=\"mens-villagewear-t-shirt-black-35\" data-image-description=\"\" data-medium-file=\"https:\/\/preprod.olympic.ca\/olympique\/wp-content\/uploads\/sites\/2\/2016\/04\/mens-villagewear-t-shirt-black-35.jpg?quality=100&#038;w=371\" data-large-file=\"https:\/\/preprod.olympic.ca\/olympique\/wp-content\/uploads\/sites\/2\/2016\/04\/mens-villagewear-t-shirt-black-35.jpg?quality=100&#038;w=700\" src=\"https:\/\/preprod.olympic.ca\/olympique\/wp-content\/uploads\/sites\/2\/2016\/04\/mens-villagewear-t-shirt-black-35.jpg?quality=100&#038;w=449&#038;h=449&#038;crop=1&#038;strip&#038;resize=449%2C449\" srcset=\"https:\/\/preprod.olympic.ca\/olympique\/wp-content\/uploads\/sites\/2\/2016\/04\/mens-villagewear-t-shirt-black-35.jpg 700w, https:\/\/preprod.olympic.ca\/olympique\/wp-content\/uploads\/sites\/2\/2016\/04\/mens-villagewear-t-shirt-black-35.jpg?resize=158,158 158w, https:\/\/preprod.olympic.ca\/olympique\/wp-content\/uploads\/sites\/2\/2016\/04\/mens-villagewear-t-shirt-black-35.jpg?resize=371,371 371w\" width=\"449\" height=\"449\" loading=\"lazy\" data-original-width=\"449\" data-original-height=\"449\" itemprop=\"http:\/\/schema.org\/image\" title=\"mens-villagewear-t-shirt-black-35\" alt=\"Village\u00a0: Chandail \u00e0 manches courtes noir pour hommes 35\u00a0$\" style=\"width: 449px; height: 449px;\" \/> <\/a> <div class=\"tiled-gallery-caption\" itemprop=\"caption description\"> Village\u00a0: Chandail \u00e0 manches courtes noir pour hommes 35\u00a0$ <\/div> <\/div> <\/div> <div class=\"gallery-group\" style=\"width: 453px; height: 453px;\" data-original-width=\"453\" data-original-height=\"453\" > <div class=\"tiled-gallery-item \" itemprop=\"associatedMedia\" itemscope itemtype=\"http:\/\/schema.org\/ImageObject\"> <a href=\"https:\/\/preprod.olympic.ca\/olympique\/2016\/04\/12\/devoilement-de-la-collection-officielle-dequipe-canada-pour-rio-2016\/mens-maple-leaf-hoodie-front-95\/#main\" border=\"0\" itemprop=\"url\"> <meta itemprop=\"width\" content=\"449\"> <meta itemprop=\"height\" content=\"449\"> <img decoding=\"async\" data-recalc-dims=\"1\" class=\"\" data-attachment-id=\"114205\" data-orig-file=\"https:\/\/preprod.olympic.ca\/olympique\/wp-content\/uploads\/sites\/2\/2016\/04\/mens-maple-leaf-hoodie-front-95.jpg?quality=100\" data-orig-size=\"700,700\" data-comments-opened=\"1\" data-image-meta=\"{&quot;aperture&quot;:&quot;0&quot;,&quot;credit&quot;:&quot;&quot;,&quot;camera&quot;:&quot;&quot;,&quot;caption&quot;:&quot;&quot;,&quot;created_timestamp&quot;:&quot;0&quot;,&quot;copyright&quot;:&quot;&quot;,&quot;focal_length&quot;:&quot;0&quot;,&quot;iso&quot;:&quot;0&quot;,&quot;shutter_speed&quot;:&quot;0&quot;,&quot;title&quot;:&quot;&quot;,&quot;orientation&quot;:&quot;0&quot;}\" data-image-title=\"mens-maple-leaf-hoodie-front-95\" data-image-description=\"\" data-medium-file=\"https:\/\/preprod.olympic.ca\/olympique\/wp-content\/uploads\/sites\/2\/2016\/04\/mens-maple-leaf-hoodie-front-95.jpg?quality=100&#038;w=371\" data-large-file=\"https:\/\/preprod.olympic.ca\/olympique\/wp-content\/uploads\/sites\/2\/2016\/04\/mens-maple-leaf-hoodie-front-95.jpg?quality=100&#038;w=700\" src=\"https:\/\/preprod.olympic.ca\/olympique\/wp-content\/uploads\/sites\/2\/2016\/04\/mens-maple-leaf-hoodie-front-95.jpg?quality=100&#038;w=449&#038;h=449&#038;crop=1&#038;strip&#038;resize=449%2C449\" srcset=\"https:\/\/preprod.olympic.ca\/olympique\/wp-content\/uploads\/sites\/2\/2016\/04\/mens-maple-leaf-hoodie-front-95.jpg 700w, https:\/\/preprod.olympic.ca\/olympique\/wp-content\/uploads\/sites\/2\/2016\/04\/mens-maple-leaf-hoodie-front-95.jpg?resize=158,158 158w, https:\/\/preprod.olympic.ca\/olympique\/wp-content\/uploads\/sites\/2\/2016\/04\/mens-maple-leaf-hoodie-front-95.jpg?resize=371,371 371w\" width=\"449\" height=\"449\" loading=\"lazy\" data-original-width=\"449\" data-original-height=\"449\" itemprop=\"http:\/\/schema.org\/image\" title=\"mens-maple-leaf-hoodie-front-95\" alt=\"Veste \u00e0 capuchon Feuille d\u2019\u00e9rable\u2014devant 95\u00a0$\" style=\"width: 449px; height: 449px;\" \/> <\/a> <div class=\"tiled-gallery-caption\" itemprop=\"caption description\"> Veste \u00e0 capuchon Feuille d\u2019\u00e9rable\u2014devant 95\u00a0$ <\/div> <\/div> <\/div> <\/div> <div class=\"gallery-row\" style=\"width: 1360px; height: 453px;\" data-original-width=\"1360\" data-original-height=\"453\" > <div class=\"gallery-group\" style=\"width: 453px; height: 453px;\" data-original-width=\"453\" data-original-height=\"453\" > <div class=\"tiled-gallery-item \" itemprop=\"associatedMedia\" itemscope itemtype=\"http:\/\/schema.org\/ImageObject\"> <a href=\"https:\/\/preprod.olympic.ca\/olympique\/2016\/04\/12\/devoilement-de-la-collection-officielle-dequipe-canada-pour-rio-2016\/mens-softshell-maple-leaf-canada-jacket-front-125\/#main\" border=\"0\" itemprop=\"url\"> <meta itemprop=\"width\" content=\"449\"> <meta itemprop=\"height\" content=\"449\"> <img decoding=\"async\" data-recalc-dims=\"1\" class=\"\" data-attachment-id=\"114206\" data-orig-file=\"https:\/\/preprod.olympic.ca\/olympique\/wp-content\/uploads\/sites\/2\/2016\/04\/mens-softshell-maple-leaf-canada-jacket-front-125.jpg?quality=100\" data-orig-size=\"700,700\" data-comments-opened=\"1\" data-image-meta=\"{&quot;aperture&quot;:&quot;0&quot;,&quot;credit&quot;:&quot;&quot;,&quot;camera&quot;:&quot;&quot;,&quot;caption&quot;:&quot;&quot;,&quot;created_timestamp&quot;:&quot;0&quot;,&quot;copyright&quot;:&quot;&quot;,&quot;focal_length&quot;:&quot;0&quot;,&quot;iso&quot;:&quot;0&quot;,&quot;shutter_speed&quot;:&quot;0&quot;,&quot;title&quot;:&quot;&quot;,&quot;orientation&quot;:&quot;0&quot;}\" data-image-title=\"mens-softshell-maple-leaf-canada-jacket-front-125\" data-image-description=\"\" data-medium-file=\"https:\/\/preprod.olympic.ca\/olympique\/wp-content\/uploads\/sites\/2\/2016\/04\/mens-softshell-maple-leaf-canada-jacket-front-125.jpg?quality=100&#038;w=371\" data-large-file=\"https:\/\/preprod.olympic.ca\/olympique\/wp-content\/uploads\/sites\/2\/2016\/04\/mens-softshell-maple-leaf-canada-jacket-front-125.jpg?quality=100&#038;w=700\" src=\"https:\/\/preprod.olympic.ca\/olympique\/wp-content\/uploads\/sites\/2\/2016\/04\/mens-softshell-maple-leaf-canada-jacket-front-125.jpg?quality=100&#038;w=449&#038;h=449&#038;crop=1&#038;strip&#038;resize=449%2C449\" srcset=\"https:\/\/preprod.olympic.ca\/olympique\/wp-content\/uploads\/sites\/2\/2016\/04\/mens-softshell-maple-leaf-canada-jacket-front-125.jpg 700w, https:\/\/preprod.olympic.ca\/olympique\/wp-content\/uploads\/sites\/2\/2016\/04\/mens-softshell-maple-leaf-canada-jacket-front-125.jpg?resize=158,158 158w, https:\/\/preprod.olympic.ca\/olympique\/wp-content\/uploads\/sites\/2\/2016\/04\/mens-softshell-maple-leaf-canada-jacket-front-125.jpg?resize=371,371 371w\" width=\"449\" height=\"449\" loading=\"lazy\" data-original-width=\"449\" data-original-height=\"449\" itemprop=\"http:\/\/schema.org\/image\" title=\"mens-softshell-maple-leaf-canada-jacket-front-125\" alt=\"Veste \u00e0 capuchon Softshell Feuille d\u2019\u00e9rable Canada pour hommes \u2013 devant 125\u00a0$\" style=\"width: 449px; height: 449px;\" \/> <\/a> <div class=\"tiled-gallery-caption\" itemprop=\"caption description\"> Veste \u00e0 capuchon Softshell Feuille d\u2019\u00e9rable Canada pour hommes \u2013 devant 125\u00a0$ <\/div> <\/div> <\/div> <div class=\"gallery-group\" style=\"width: 453px; height: 453px;\" data-original-width=\"453\" data-original-height=\"453\" > <div class=\"tiled-gallery-item \" itemprop=\"associatedMedia\" itemscope itemtype=\"http:\/\/schema.org\/ImageObject\"> <a href=\"https:\/\/preprod.olympic.ca\/olympique\/2016\/04\/12\/devoilement-de-la-collection-officielle-dequipe-canada-pour-rio-2016\/mens-villagewear-t-shirt-grey-tnsf-30\/#main\" border=\"0\" itemprop=\"url\"> <meta itemprop=\"width\" content=\"449\"> <meta itemprop=\"height\" content=\"449\"> <img decoding=\"async\" data-recalc-dims=\"1\" class=\"\" data-attachment-id=\"114207\" data-orig-file=\"https:\/\/preprod.olympic.ca\/olympique\/wp-content\/uploads\/sites\/2\/2016\/04\/mens-villagewear-t-shirt-grey-tnsf-30.jpg?quality=100\" data-orig-size=\"700,700\" data-comments-opened=\"1\" data-image-meta=\"{&quot;aperture&quot;:&quot;0&quot;,&quot;credit&quot;:&quot;&quot;,&quot;camera&quot;:&quot;&quot;,&quot;caption&quot;:&quot;&quot;,&quot;created_timestamp&quot;:&quot;0&quot;,&quot;copyright&quot;:&quot;&quot;,&quot;focal_length&quot;:&quot;0&quot;,&quot;iso&quot;:&quot;0&quot;,&quot;shutter_speed&quot;:&quot;0&quot;,&quot;title&quot;:&quot;&quot;,&quot;orientation&quot;:&quot;0&quot;}\" data-image-title=\"mens-villagewear-t-shirt-grey-tnsf-30\" data-image-description=\"\" data-medium-file=\"https:\/\/preprod.olympic.ca\/olympique\/wp-content\/uploads\/sites\/2\/2016\/04\/mens-villagewear-t-shirt-grey-tnsf-30.jpg?quality=100&#038;w=371\" data-large-file=\"https:\/\/preprod.olympic.ca\/olympique\/wp-content\/uploads\/sites\/2\/2016\/04\/mens-villagewear-t-shirt-grey-tnsf-30.jpg?quality=100&#038;w=700\" src=\"https:\/\/preprod.olympic.ca\/olympique\/wp-content\/uploads\/sites\/2\/2016\/04\/mens-villagewear-t-shirt-grey-tnsf-30.jpg?quality=100&#038;w=449&#038;h=449&#038;crop=1&#038;strip&#038;resize=449%2C449\" srcset=\"https:\/\/preprod.olympic.ca\/olympique\/wp-content\/uploads\/sites\/2\/2016\/04\/mens-villagewear-t-shirt-grey-tnsf-30.jpg 700w, https:\/\/preprod.olympic.ca\/olympique\/wp-content\/uploads\/sites\/2\/2016\/04\/mens-villagewear-t-shirt-grey-tnsf-30.jpg?resize=158,158 158w, https:\/\/preprod.olympic.ca\/olympique\/wp-content\/uploads\/sites\/2\/2016\/04\/mens-villagewear-t-shirt-grey-tnsf-30.jpg?resize=371,371 371w\" width=\"449\" height=\"449\" loading=\"lazy\" data-original-width=\"449\" data-original-height=\"449\" itemprop=\"http:\/\/schema.org\/image\" title=\"mens-villagewear-t-shirt-grey-tnsf-30\" alt=\"Village\u00a0: Chandail \u00e0 manches courtes TNS&amp; F gris pour hommes 30\u00a0$\" style=\"width: 449px; height: 449px;\" \/> <\/a> <div class=\"tiled-gallery-caption\" itemprop=\"caption description\"> Village\u00a0: Chandail \u00e0 manches courtes TNS&amp; F gris pour hommes 30\u00a0$ <\/div> <\/div> <\/div> <div class=\"gallery-group\" style=\"width: 453px; height: 453px;\" data-original-width=\"453\" data-original-height=\"453\" > <div class=\"tiled-gallery-item \" itemprop=\"associatedMedia\" itemscope itemtype=\"http:\/\/schema.org\/ImageObject\"> <a href=\"https:\/\/preprod.olympic.ca\/olympique\/2016\/04\/12\/devoilement-de-la-collection-officielle-dequipe-canada-pour-rio-2016\/mens-closing-ceremony-t-shirt-35\/#main\" border=\"0\" itemprop=\"url\"> <meta itemprop=\"width\" content=\"449\"> <meta itemprop=\"height\" content=\"449\"> <img decoding=\"async\" data-recalc-dims=\"1\" class=\"\" data-attachment-id=\"114208\" data-orig-file=\"https:\/\/preprod.olympic.ca\/olympique\/wp-content\/uploads\/sites\/2\/2016\/04\/mens-closing-ceremony-t-shirt-35.jpg?quality=100\" data-orig-size=\"700,700\" data-comments-opened=\"1\" data-image-meta=\"{&quot;aperture&quot;:&quot;0&quot;,&quot;credit&quot;:&quot;&quot;,&quot;camera&quot;:&quot;&quot;,&quot;caption&quot;:&quot;&quot;,&quot;created_timestamp&quot;:&quot;0&quot;,&quot;copyright&quot;:&quot;&quot;,&quot;focal_length&quot;:&quot;0&quot;,&quot;iso&quot;:&quot;0&quot;,&quot;shutter_speed&quot;:&quot;0&quot;,&quot;title&quot;:&quot;&quot;,&quot;orientation&quot;:&quot;0&quot;}\" data-image-title=\"mens-closing-ceremony-t-shirt-35\" data-image-description=\"\" data-medium-file=\"https:\/\/preprod.olympic.ca\/olympique\/wp-content\/uploads\/sites\/2\/2016\/04\/mens-closing-ceremony-t-shirt-35.jpg?quality=100&#038;w=371\" data-large-file=\"https:\/\/preprod.olympic.ca\/olympique\/wp-content\/uploads\/sites\/2\/2016\/04\/mens-closing-ceremony-t-shirt-35.jpg?quality=100&#038;w=700\" src=\"https:\/\/preprod.olympic.ca\/olympique\/wp-content\/uploads\/sites\/2\/2016\/04\/mens-closing-ceremony-t-shirt-35.jpg?quality=100&#038;w=449&#038;h=449&#038;crop=1&#038;strip&#038;resize=449%2C449\" srcset=\"https:\/\/preprod.olympic.ca\/olympique\/wp-content\/uploads\/sites\/2\/2016\/04\/mens-closing-ceremony-t-shirt-35.jpg 700w, https:\/\/preprod.olympic.ca\/olympique\/wp-content\/uploads\/sites\/2\/2016\/04\/mens-closing-ceremony-t-shirt-35.jpg?resize=158,158 158w, https:\/\/preprod.olympic.ca\/olympique\/wp-content\/uploads\/sites\/2\/2016\/04\/mens-closing-ceremony-t-shirt-35.jpg?resize=371,371 371w\" width=\"449\" height=\"449\" loading=\"lazy\" data-original-width=\"449\" data-original-height=\"449\" itemprop=\"http:\/\/schema.org\/image\" title=\"mens-closing-ceremony-t-shirt-35\" alt=\"Chandail \u00e0 manches courtes de c\u00e9r\u00e9monie de cl\u00f4ture pour hommes 35\u00a0$\" style=\"width: 449px; height: 449px;\" \/> <\/a> <div class=\"tiled-gallery-caption\" itemprop=\"caption description\"> Chandail \u00e0 manches courtes de c\u00e9r\u00e9monie de cl\u00f4ture pour hommes 35\u00a0$ <\/div> <\/div> <\/div> <\/div> <\/div>\n<p>Pour une septi\u00e8me occasion, la Baie d\u2019Hudson est l\u2019habilleur officiel d\u2019\u00c9quipe Canada aux Jeux olympiques et paralympiques.<\/p>\n<p>Les athl\u00e8tes recevront 23 pi\u00e8ces de v\u00eatement dans leur trousse et un partisan aura la chance de gagner une trousse compl\u00e8te en s\u2019inscrivant au concours du Club olympique canadien.<\/p>\n","protected":false},"excerpt":{"rendered":"<p>C\u2019est avec la feuille d\u2019\u00e9rable au c\u0153ur de son concept que la Baie d\u2019Hudson a d\u00e9voil\u00e9 les collections olympique et&#8230;<\/p>\n","protected":false},"author":96107080,"featured_media":114283,"comment_status":"open","ping_status":"closed","sticky":false,"template":"","format":"standard","meta":{"_acf_changed":false,"_jetpack_memberships_contains_paid_content":false,"footnotes":""},"categories":[1],"tags":[415952093,415952577,713425],"post_format":"standard","sport":[],"game":[415984561],"coauthors":[209272438],"class_list":["post-114143","post","type-post","status-publish","format-standard","has-post-thumbnail","hentry","category-uncategorized","tag-baie-dhudson","tag-collection-officielle","tag-rio-2016","game-2016-rio"],"acf":[],"yoast_head":"<!-- This site is optimized with the Yoast SEO plugin v27.3 - https:\/\/yoast.com\/product\/yoast-seo-wordpress\/ -->\n<title>D\u00e9voilement de la collection officielle d&#039;\u00c9quipe Canada pour Rio 2016 - \u00c9quipe Canada | Site officiel de l&#039;\u00e9quipe olympique<\/title>\n<meta name=\"robots\" content=\"index, follow, max-snippet:-1, max-image-preview:large, max-video-preview:-1\" \/>\n<link rel=\"canonical\" href=\"https:\/\/preprod.olympic.ca\/olympique\/2016\/04\/12\/devoilement-de-la-collection-officielle-dequipe-canada-pour-rio-2016\/\" \/>\n<meta property=\"og:locale\" content=\"fr_FR\" \/>\n<meta property=\"og:type\" content=\"article\" \/>\n<meta property=\"og:title\" content=\"D\u00e9voilement de la collection officielle d&#039;\u00c9quipe Canada pour Rio 2016 - \u00c9quipe Canada | Site officiel de l&#039;\u00e9quipe olympique\" \/>\n<meta property=\"og:description\" content=\"C\u2019est avec la feuille d\u2019\u00e9rable au c\u0153ur de son concept que la Baie d\u2019Hudson a d\u00e9voil\u00e9 les collections olympique et...\" \/>\n<meta property=\"og:url\" content=\"https:\/\/preprod.olympic.ca\/olympique\/2016\/04\/12\/devoilement-de-la-collection-officielle-dequipe-canada-pour-rio-2016\/\" \/>\n<meta property=\"og:site_name\" content=\"\u00c9quipe Canada | Site officiel de l&#039;\u00e9quipe olympique\" \/>\n<meta property=\"article:published_time\" content=\"2016-04-12T23:21:00+00:00\" \/>\n<meta property=\"article:modified_time\" content=\"2021-10-20T20:43:30+00:00\" \/>\n<meta property=\"og:image\" content=\"https:\/\/preprod.olympic.ca\/olympique\/wp-content\/uploads\/sites\/2\/2016\/04\/feat_kitl-011.jpg?quality=100\" \/>\n\t<meta property=\"og:image:width\" content=\"1340\" \/>\n\t<meta property=\"og:image:height\" content=\"754\" \/>\n\t<meta property=\"og:image:type\" content=\"image\/jpeg\" \/>\n<meta name=\"author\" content=\"Ariane Desrosiers\" \/>\n<meta name=\"twitter:card\" content=\"summary_large_image\" \/>\n<meta name=\"twitter:label1\" content=\"Written by\" \/>\n\t<meta name=\"twitter:data1\" content=\"Ariane Desrosiers\" \/>\n\t<meta name=\"twitter:label2\" content=\"Est. reading time\" \/>\n\t<meta name=\"twitter:data2\" content=\"2 minutes\" \/>\n<script type=\"application\/ld+json\" class=\"yoast-schema-graph\">{\"@context\":\"https:\\\/\\\/schema.org\",\"@graph\":[{\"@type\":\"Article\",\"@id\":\"https:\\\/\\\/preprod.olympic.ca\\\/olympique\\\/2016\\\/04\\\/12\\\/devoilement-de-la-collection-officielle-dequipe-canada-pour-rio-2016\\\/#article\",\"isPartOf\":{\"@id\":\"https:\\\/\\\/preprod.olympic.ca\\\/olympique\\\/2016\\\/04\\\/12\\\/devoilement-de-la-collection-officielle-dequipe-canada-pour-rio-2016\\\/\"},\"author\":{\"name\":\"Ariane Desrosiers\",\"@id\":\"https:\\\/\\\/preprod.olympic.ca\\\/olympique\\\/#\\\/schema\\\/person\\\/ae879cc7903f703b76ee14154862eb23\"},\"headline\":\"D\u00e9voilement de la collection officielle d&rsquo;\u00c9quipe Canada pour Rio 2016\",\"datePublished\":\"2016-04-12T23:21:00+00:00\",\"dateModified\":\"2021-10-20T20:43:30+00:00\",\"mainEntityOfPage\":{\"@id\":\"https:\\\/\\\/preprod.olympic.ca\\\/olympique\\\/2016\\\/04\\\/12\\\/devoilement-de-la-collection-officielle-dequipe-canada-pour-rio-2016\\\/\"},\"wordCount\":311,\"commentCount\":0,\"image\":{\"@id\":\"https:\\\/\\\/preprod.olympic.ca\\\/olympique\\\/2016\\\/04\\\/12\\\/devoilement-de-la-collection-officielle-dequipe-canada-pour-rio-2016\\\/#primaryimage\"},\"thumbnailUrl\":\"https:\\\/\\\/preprod.olympic.ca\\\/olympique\\\/wp-content\\\/uploads\\\/sites\\\/2\\\/2016\\\/04\\\/feat_kitl-011.jpg?quality=100\",\"keywords\":[\"Baie d'Hudson\",\"Collection officielle\",\"Rio 2016\"],\"articleSection\":[\"Uncategorized\"],\"inLanguage\":\"fr-FR\",\"potentialAction\":[{\"@type\":\"CommentAction\",\"name\":\"Comment\",\"target\":[\"https:\\\/\\\/preprod.olympic.ca\\\/olympique\\\/2016\\\/04\\\/12\\\/devoilement-de-la-collection-officielle-dequipe-canada-pour-rio-2016\\\/#respond\"]}]},{\"@type\":\"WebPage\",\"@id\":\"https:\\\/\\\/preprod.olympic.ca\\\/olympique\\\/2016\\\/04\\\/12\\\/devoilement-de-la-collection-officielle-dequipe-canada-pour-rio-2016\\\/\",\"url\":\"https:\\\/\\\/preprod.olympic.ca\\\/olympique\\\/2016\\\/04\\\/12\\\/devoilement-de-la-collection-officielle-dequipe-canada-pour-rio-2016\\\/\",\"name\":\"D\u00e9voilement de la collection officielle d'\u00c9quipe Canada pour Rio 2016 - \u00c9quipe Canada | Site officiel de l&#039;\u00e9quipe olympique\",\"isPartOf\":{\"@id\":\"https:\\\/\\\/preprod.olympic.ca\\\/olympique\\\/#website\"},\"primaryImageOfPage\":{\"@id\":\"https:\\\/\\\/preprod.olympic.ca\\\/olympique\\\/2016\\\/04\\\/12\\\/devoilement-de-la-collection-officielle-dequipe-canada-pour-rio-2016\\\/#primaryimage\"},\"image\":{\"@id\":\"https:\\\/\\\/preprod.olympic.ca\\\/olympique\\\/2016\\\/04\\\/12\\\/devoilement-de-la-collection-officielle-dequipe-canada-pour-rio-2016\\\/#primaryimage\"},\"thumbnailUrl\":\"https:\\\/\\\/preprod.olympic.ca\\\/olympique\\\/wp-content\\\/uploads\\\/sites\\\/2\\\/2016\\\/04\\\/feat_kitl-011.jpg?quality=100\",\"datePublished\":\"2016-04-12T23:21:00+00:00\",\"dateModified\":\"2021-10-20T20:43:30+00:00\",\"author\":{\"@id\":\"https:\\\/\\\/preprod.olympic.ca\\\/olympique\\\/#\\\/schema\\\/person\\\/ae879cc7903f703b76ee14154862eb23\"},\"inLanguage\":\"fr-FR\",\"potentialAction\":[{\"@type\":\"ReadAction\",\"target\":[\"https:\\\/\\\/preprod.olympic.ca\\\/olympique\\\/2016\\\/04\\\/12\\\/devoilement-de-la-collection-officielle-dequipe-canada-pour-rio-2016\\\/\"]}]},{\"@type\":\"ImageObject\",\"inLanguage\":\"fr-FR\",\"@id\":\"https:\\\/\\\/preprod.olympic.ca\\\/olympique\\\/2016\\\/04\\\/12\\\/devoilement-de-la-collection-officielle-dequipe-canada-pour-rio-2016\\\/#primaryimage\",\"url\":\"https:\\\/\\\/preprod.olympic.ca\\\/olympique\\\/wp-content\\\/uploads\\\/sites\\\/2\\\/2016\\\/04\\\/feat_kitl-011.jpg?quality=100\",\"contentUrl\":\"https:\\\/\\\/preprod.olympic.ca\\\/olympique\\\/wp-content\\\/uploads\\\/sites\\\/2\\\/2016\\\/04\\\/feat_kitl-011.jpg?quality=100\",\"width\":1340,\"height\":754},{\"@type\":\"WebSite\",\"@id\":\"https:\\\/\\\/preprod.olympic.ca\\\/olympique\\\/#website\",\"url\":\"https:\\\/\\\/preprod.olympic.ca\\\/olympique\\\/\",\"name\":\"\u00c9quipe Canada | Site officiel de l&#039;\u00e9quipe olympique\",\"description\":\"Votre source pour l\u2019\u00c9quipe olympique canadienne. Retrouvez les r\u00e9cits, vid\u00e9os et photos des athl\u00e8tes canadiens, sports olympiques, Jeux olympiques de 2020 et bien plus!\",\"potentialAction\":[{\"@type\":\"SearchAction\",\"target\":{\"@type\":\"EntryPoint\",\"urlTemplate\":\"https:\\\/\\\/preprod.olympic.ca\\\/olympique\\\/?s={search_term_string}\"},\"query-input\":{\"@type\":\"PropertyValueSpecification\",\"valueRequired\":true,\"valueName\":\"search_term_string\"}}],\"inLanguage\":\"fr-FR\"},{\"@type\":\"Person\",\"@id\":\"https:\\\/\\\/preprod.olympic.ca\\\/olympique\\\/#\\\/schema\\\/person\\\/ae879cc7903f703b76ee14154862eb23\",\"name\":\"Ariane Desrosiers\",\"image\":{\"@type\":\"ImageObject\",\"inLanguage\":\"fr-FR\",\"@id\":\"https:\\\/\\\/secure.gravatar.com\\\/avatar\\\/f7248cc9e6971153fdd196741b079c0229522d18a24f1fb69fb73c510aa6e189?s=96&d=identicon&r=gbd92884420bbfa56539e46241678b7d5\",\"url\":\"https:\\\/\\\/secure.gravatar.com\\\/avatar\\\/f7248cc9e6971153fdd196741b079c0229522d18a24f1fb69fb73c510aa6e189?s=96&d=identicon&r=g\",\"contentUrl\":\"https:\\\/\\\/secure.gravatar.com\\\/avatar\\\/f7248cc9e6971153fdd196741b079c0229522d18a24f1fb69fb73c510aa6e189?s=96&d=identicon&r=g\",\"caption\":\"Ariane Desrosiers\"},\"description\":\"Specialist, Social Sp\u00e9cialiste, M\u00e9dias num\u00e9riques\",\"url\":\"https:\\\/\\\/preprod.olympic.ca\\\/olympique\\\/author\\\/arianedesrosiers\\\/\"}]}<\/script>\n<!-- \/ Yoast SEO plugin. -->","yoast_head_json":{"title":"D\u00e9voilement de la collection officielle d'\u00c9quipe Canada pour Rio 2016 - \u00c9quipe Canada | Site officiel de l&#039;\u00e9quipe olympique","robots":{"index":"index","follow":"follow","max-snippet":"max-snippet:-1","max-image-preview":"max-image-preview:large","max-video-preview":"max-video-preview:-1"},"canonical":"https:\/\/preprod.olympic.ca\/olympique\/2016\/04\/12\/devoilement-de-la-collection-officielle-dequipe-canada-pour-rio-2016\/","og_locale":"fr_FR","og_type":"article","og_title":"D\u00e9voilement de la collection officielle d'\u00c9quipe Canada pour Rio 2016 - \u00c9quipe Canada | Site officiel de l&#039;\u00e9quipe olympique","og_description":"C\u2019est avec la feuille d\u2019\u00e9rable au c\u0153ur de son concept que la Baie d\u2019Hudson a d\u00e9voil\u00e9 les collections olympique et...","og_url":"https:\/\/preprod.olympic.ca\/olympique\/2016\/04\/12\/devoilement-de-la-collection-officielle-dequipe-canada-pour-rio-2016\/","og_site_name":"\u00c9quipe Canada | Site officiel de l&#039;\u00e9quipe olympique","article_published_time":"2016-04-12T23:21:00+00:00","article_modified_time":"2021-10-20T20:43:30+00:00","og_image":[{"width":1340,"height":754,"url":"https:\/\/preprod.olympic.ca\/olympique\/wp-content\/uploads\/sites\/2\/2016\/04\/feat_kitl-011.jpg?quality=100","type":"image\/jpeg"}],"author":"Ariane Desrosiers","twitter_card":"summary_large_image","twitter_misc":{"Written by":"Ariane Desrosiers","Est. reading time":"2 minutes"},"schema":{"@context":"https:\/\/schema.org","@graph":[{"@type":"Article","@id":"https:\/\/preprod.olympic.ca\/olympique\/2016\/04\/12\/devoilement-de-la-collection-officielle-dequipe-canada-pour-rio-2016\/#article","isPartOf":{"@id":"https:\/\/preprod.olympic.ca\/olympique\/2016\/04\/12\/devoilement-de-la-collection-officielle-dequipe-canada-pour-rio-2016\/"},"author":{"name":"Ariane Desrosiers","@id":"https:\/\/preprod.olympic.ca\/olympique\/#\/schema\/person\/ae879cc7903f703b76ee14154862eb23"},"headline":"D\u00e9voilement de la collection officielle d&rsquo;\u00c9quipe Canada pour Rio 2016","datePublished":"2016-04-12T23:21:00+00:00","dateModified":"2021-10-20T20:43:30+00:00","mainEntityOfPage":{"@id":"https:\/\/preprod.olympic.ca\/olympique\/2016\/04\/12\/devoilement-de-la-collection-officielle-dequipe-canada-pour-rio-2016\/"},"wordCount":311,"commentCount":0,"image":{"@id":"https:\/\/preprod.olympic.ca\/olympique\/2016\/04\/12\/devoilement-de-la-collection-officielle-dequipe-canada-pour-rio-2016\/#primaryimage"},"thumbnailUrl":"https:\/\/preprod.olympic.ca\/olympique\/wp-content\/uploads\/sites\/2\/2016\/04\/feat_kitl-011.jpg?quality=100","keywords":["Baie d'Hudson","Collection officielle","Rio 2016"],"articleSection":["Uncategorized"],"inLanguage":"fr-FR","potentialAction":[{"@type":"CommentAction","name":"Comment","target":["https:\/\/preprod.olympic.ca\/olympique\/2016\/04\/12\/devoilement-de-la-collection-officielle-dequipe-canada-pour-rio-2016\/#respond"]}]},{"@type":"WebPage","@id":"https:\/\/preprod.olympic.ca\/olympique\/2016\/04\/12\/devoilement-de-la-collection-officielle-dequipe-canada-pour-rio-2016\/","url":"https:\/\/preprod.olympic.ca\/olympique\/2016\/04\/12\/devoilement-de-la-collection-officielle-dequipe-canada-pour-rio-2016\/","name":"D\u00e9voilement de la collection officielle d'\u00c9quipe Canada pour Rio 2016 - \u00c9quipe Canada | Site officiel de l&#039;\u00e9quipe olympique","isPartOf":{"@id":"https:\/\/preprod.olympic.ca\/olympique\/#website"},"primaryImageOfPage":{"@id":"https:\/\/preprod.olympic.ca\/olympique\/2016\/04\/12\/devoilement-de-la-collection-officielle-dequipe-canada-pour-rio-2016\/#primaryimage"},"image":{"@id":"https:\/\/preprod.olympic.ca\/olympique\/2016\/04\/12\/devoilement-de-la-collection-officielle-dequipe-canada-pour-rio-2016\/#primaryimage"},"thumbnailUrl":"https:\/\/preprod.olympic.ca\/olympique\/wp-content\/uploads\/sites\/2\/2016\/04\/feat_kitl-011.jpg?quality=100","datePublished":"2016-04-12T23:21:00+00:00","dateModified":"2021-10-20T20:43:30+00:00","author":{"@id":"https:\/\/preprod.olympic.ca\/olympique\/#\/schema\/person\/ae879cc7903f703b76ee14154862eb23"},"inLanguage":"fr-FR","potentialAction":[{"@type":"ReadAction","target":["https:\/\/preprod.olympic.ca\/olympique\/2016\/04\/12\/devoilement-de-la-collection-officielle-dequipe-canada-pour-rio-2016\/"]}]},{"@type":"ImageObject","inLanguage":"fr-FR","@id":"https:\/\/preprod.olympic.ca\/olympique\/2016\/04\/12\/devoilement-de-la-collection-officielle-dequipe-canada-pour-rio-2016\/#primaryimage","url":"https:\/\/preprod.olympic.ca\/olympique\/wp-content\/uploads\/sites\/2\/2016\/04\/feat_kitl-011.jpg?quality=100","contentUrl":"https:\/\/preprod.olympic.ca\/olympique\/wp-content\/uploads\/sites\/2\/2016\/04\/feat_kitl-011.jpg?quality=100","width":1340,"height":754},{"@type":"WebSite","@id":"https:\/\/preprod.olympic.ca\/olympique\/#website","url":"https:\/\/preprod.olympic.ca\/olympique\/","name":"\u00c9quipe Canada | Site officiel de l&#039;\u00e9quipe olympique","description":"Votre source pour l\u2019\u00c9quipe olympique canadienne. Retrouvez les r\u00e9cits, vid\u00e9os et photos des athl\u00e8tes canadiens, sports olympiques, Jeux olympiques de 2020 et bien plus!","potentialAction":[{"@type":"SearchAction","target":{"@type":"EntryPoint","urlTemplate":"https:\/\/preprod.olympic.ca\/olympique\/?s={search_term_string}"},"query-input":{"@type":"PropertyValueSpecification","valueRequired":true,"valueName":"search_term_string"}}],"inLanguage":"fr-FR"},{"@type":"Person","@id":"https:\/\/preprod.olympic.ca\/olympique\/#\/schema\/person\/ae879cc7903f703b76ee14154862eb23","name":"Ariane Desrosiers","image":{"@type":"ImageObject","inLanguage":"fr-FR","@id":"https:\/\/secure.gravatar.com\/avatar\/f7248cc9e6971153fdd196741b079c0229522d18a24f1fb69fb73c510aa6e189?s=96&d=identicon&r=gbd92884420bbfa56539e46241678b7d5","url":"https:\/\/secure.gravatar.com\/avatar\/f7248cc9e6971153fdd196741b079c0229522d18a24f1fb69fb73c510aa6e189?s=96&d=identicon&r=g","contentUrl":"https:\/\/secure.gravatar.com\/avatar\/f7248cc9e6971153fdd196741b079c0229522d18a24f1fb69fb73c510aa6e189?s=96&d=identicon&r=g","caption":"Ariane Desrosiers"},"description":"Specialist, Social Sp\u00e9cialiste, M\u00e9dias num\u00e9riques","url":"https:\/\/preprod.olympic.ca\/olympique\/author\/arianedesrosiers\/"}]}},"jetpack_featured_media_url":"https:\/\/preprod.olympic.ca\/olympique\/wp-content\/uploads\/sites\/2\/2016\/04\/feat_kitl-011.jpg?quality=100","featured_image_url":"https:\/\/preprod.olympic.ca\/olympique\/wp-content\/uploads\/sites\/2\/2016\/04\/feat_kitl-011.jpg?quality=100","author_name":["Ariane Desrosiers"],"category_names":["Uncategorized"],"tag_names":["Baie d'Hudson","Collection officielle","Rio 2016"],"video_embed_code":"","facebook_video_embed_code":"","jetpack_sharing_enabled":true,"jetpack-related-posts":[],"jetpack_shortlink":"https:\/\/wp.me\/pcGHcP-tH1","_links":{"self":[{"href":"https:\/\/preprod.olympic.ca\/olympique\/wp-json\/wp\/v2\/posts\/114143","targetHints":{"allow":["GET"]}}],"collection":[{"href":"https:\/\/preprod.olympic.ca\/olympique\/wp-json\/wp\/v2\/posts"}],"about":[{"href":"https:\/\/preprod.olympic.ca\/olympique\/wp-json\/wp\/v2\/types\/post"}],"author":[{"embeddable":true,"href":"https:\/\/preprod.olympic.ca\/olympique\/wp-json\/wp\/v2\/users\/96107080"}],"replies":[{"embeddable":true,"href":"https:\/\/preprod.olympic.ca\/olympique\/wp-json\/wp\/v2\/comments?post=114143"}],"version-history":[{"count":11,"href":"https:\/\/preprod.olympic.ca\/olympique\/wp-json\/wp\/v2\/posts\/114143\/revisions"}],"predecessor-version":[{"id":191431,"href":"https:\/\/preprod.olympic.ca\/olympique\/wp-json\/wp\/v2\/posts\/114143\/revisions\/191431"}],"wp:featuredmedia":[{"embeddable":true,"href":"https:\/\/preprod.olympic.ca\/olympique\/wp-json\/wp\/v2\/media\/114283"}],"wp:attachment":[{"href":"https:\/\/preprod.olympic.ca\/olympique\/wp-json\/wp\/v2\/media?parent=114143"}],"wp:term":[{"taxonomy":"category","embeddable":true,"href":"https:\/\/preprod.olympic.ca\/olympique\/wp-json\/wp\/v2\/categories?post=114143"},{"taxonomy":"post_tag","embeddable":true,"href":"https:\/\/preprod.olympic.ca\/olympique\/wp-json\/wp\/v2\/tags?post=114143"},{"taxonomy":"post_format","embeddable":true,"href":"https:\/\/preprod.olympic.ca\/olympique\/wp-json\/wp\/v2\/post_format?post=114143"},{"taxonomy":"sport","embeddable":true,"href":"https:\/\/preprod.olympic.ca\/olympique\/wp-json\/wp\/v2\/sport?post=114143"},{"taxonomy":"game","embeddable":true,"href":"https:\/\/preprod.olympic.ca\/olympique\/wp-json\/wp\/v2\/game?post=114143"},{"taxonomy":"author","embeddable":true,"href":"https:\/\/preprod.olympic.ca\/olympique\/wp-json\/wp\/v2\/coauthors?post=114143"}],"curies":[{"name":"wp","href":"https:\/\/api.w.org\/{rel}","templated":true}]}}