{"id":114685,"date":"2016-05-03T10:03:06","date_gmt":"2016-05-03T14:03:06","guid":{"rendered":"http:\/\/olympique.ca\/?p=114685"},"modified":"2021-10-26T16:26:26","modified_gmt":"2021-10-26T20:26:26","slug":"liste-des-sites-de-competition-de-rio-2016","status":"publish","type":"post","link":"https:\/\/preprod.olympic.ca\/olympique\/2016\/05\/03\/liste-des-sites-de-competition-de-rio-2016\/","title":{"rendered":"Liste des sites de comp\u00e9tition de Rio\u00a02016"},"content":{"rendered":"<p><strong>Voici la liste compl\u00e8te des sites de comp\u00e9tition par r\u00e9gion des Jeux olympiques de 2016.<\/strong><\/p>\n<blockquote>\n<p style=\"text-align: center\"><a href=\"http:\/\/www.rio2016.com\/fr\/les-jeux\/sites-de-competition\/carte-des-sites\">Page officielle des sites de comp\u00e9tition<\/a><\/p>\n<\/blockquote>\n<h2><strong>Barra<\/strong><\/h2>\n<div id=\"attachment_130981\" style=\"width: 1350px\" class=\"wp-caption aligncenter\"><img loading=\"lazy\" decoding=\"async\" aria-describedby=\"caption-attachment-130981\" class=\"wp-image-130981 size-full\" src=\"https:\/\/cdnolympic.files.wordpress.com\/2016\/03\/rio-olympic-tennis-centre.png\" alt=\"Brazil's Paralympic athletes compete during the tennis test event at Olympics Tennis Center. (Photo: AP\/Silvia Izquierdo)\" width=\"1340\" height=\"908\" \/><p id=\"caption-attachment-130981\" class=\"wp-caption-text\">Les athl\u00e8tes paralympiques br\u00e9siliens \u00e0 l\u2019\u00e9preuve test du cCentre olympique de tennis (Photo\u00a0: AP\/Silvia Izquierdo)<\/p><\/div>\n<ul>\n<li><strong>Terrain de golf olympique<\/strong>\n<ul>\n<li>Golf<\/li>\n<\/ul>\n<\/li>\n<li><strong>Pontal<\/strong>\n<ul>\n<li>Cyclisme sur route<\/li>\n<li>Athl\u00e9tisme<\/li>\n<\/ul>\n<\/li>\n<\/ul>\n<p><strong>Parc olympique de Barra<\/strong><\/p>\n<div class=\"fb-video\" data-allowfullscreen=\"true\" data-href=\"https:\/\/www.facebook.com\/teamcanada\/videos\/10153697555003264\/\" style=\"background-color: #fff; display: inline-block;\"><\/div>\n<ul>\n<li><strong>Ar\u00e9na Carioca\u00a01<\/strong>\n<ul>\n<li>Basketball<\/li>\n<\/ul>\n<\/li>\n<li><strong>Ar\u00e9na Carioca\u00a02<\/strong>\n<ul>\n<li>Lutte libre<\/li>\n<li>Lutte gr\u00e9co-romaine<\/li>\n<li>Judo<\/li>\n<\/ul>\n<\/li>\n<li><strong>Ar\u00e9na Carioca\u00a03<\/strong>\n<ul>\n<li>Escrime<\/li>\n<li>Taekwondo<\/li>\n<\/ul>\n<\/li>\n<li><strong>Ar\u00e9na du futur<\/strong>\n<ul>\n<li>Handball<\/li>\n<\/ul>\n<\/li>\n<li><strong>Centre aquatique Maria Lenk<\/strong>\n<ul>\n<li>Plongeon<\/li>\n<li>Nage synchronis\u00e9e<\/li>\n<li>Water-polo<\/li>\n<\/ul>\n<\/li>\n<li><strong>Stade aquatique olympique<\/strong>\n<ul>\n<li>Natation<\/li>\n<li>Water-polo<\/li>\n<\/ul>\n<\/li>\n<li><strong>Centre olympique de tennis<\/strong>\n<ul>\n<li>Tennis<\/li>\n<\/ul>\n<\/li>\n<li><strong>Ar\u00e9na olympique de Rio<\/strong>\n<ul>\n<li>Gymnastique artistique<\/li>\n<li>Gymnastique rythmique<\/li>\n<li>Gymnastique \u2014 Trampoline<\/li>\n<\/ul>\n<\/li>\n<li><strong>V\u00e9lodrome olympique de Rio<\/strong>\n<ul>\n<li>Cyclisme sur piste<\/li>\n<\/ul>\n<\/li>\n<\/ul>\n<h3>Riocentro<\/h3>\n<div id=\"attachment_132863\" style=\"width: 1010px\" class=\"wp-caption aligncenter\"><img loading=\"lazy\" decoding=\"async\" aria-describedby=\"caption-attachment-132863\" class=\"size-full wp-image-132863\" src=\"https:\/\/cdnolympic.files.wordpress.com\/2016\/04\/riocentro.jpg?quality=100\" alt=\"Riocentro from above with the Olympic Park lands before they were fully developed to the left (Photo: riocentro.com.br). \" width=\"1000\" height=\"667\" \/><p id=\"caption-attachment-132863\" class=\"wp-caption-text\">Le site du Riocentro lors de sa construction avec le Parc olympique de Barra au fond.\u00a0\u00a0(Photo: riocentro.com.br).<\/p><\/div>\n<ul>\n<li><strong>Pavillon\u00a02<\/strong>\n<ul>\n<li>Halt\u00e9rophilie<\/li>\n<\/ul>\n<\/li>\n<li><strong>Pavillon\u00a03<\/strong>\n<ul>\n<li>Tennis de table<\/li>\n<\/ul>\n<\/li>\n<li><strong>Pavillon\u00a04<\/strong>\n<ul>\n<li>Badminton<\/li>\n<\/ul>\n<\/li>\n<li><strong>Pavillon\u00a06<\/strong>\n<ul>\n<li>Boxe<\/li>\n<\/ul>\n<\/li>\n<\/ul>\n<h2><strong>Copacabana<\/strong><\/h2>\n<div id=\"attachment_130968\" style=\"width: 1350px\" class=\"wp-caption aligncenter\"><img loading=\"lazy\" decoding=\"async\" aria-describedby=\"caption-attachment-130968\" class=\"wp-image-130968 size-full\" src=\"https:\/\/cdnolympic.files.wordpress.com\/2016\/03\/copacabana-cycling-test-event.png\" width=\"1340\" height=\"754\" \/><p id=\"caption-attachment-130968\" class=\"wp-caption-text\">Athl\u00e8tes pendant l\u2019\u00e9preuve test du D\u00e9fi international de cyclisme sur route \u00e0 la plage de Copacabana. (Photo\u00a0: AP\/Leo Correa)<\/p><\/div>\n<ul>\n<li><strong>Ar\u00e9n<\/strong><strong>a de volleyball de plage<\/strong><\/li>\n<li>Volleyball de plage<\/li>\n<li><strong>Fort de Copacabana<\/strong><\/li>\n<\/ul>\n<ul>\n<li>Natation en eau libre<\/li>\n<li>Cyclisme sur route<\/li>\n<li>Triathlon<\/li>\n<\/ul>\n<div class=\"fb-video\" data-allowfullscreen=\"true\" data-href=\"https:\/\/www.facebook.com\/teamcanada\/videos\/10153701242623264\/\" style=\"background-color: #fff; display: inline-block;\"><\/div>\n<ul>\n<li><strong>Stade de Lagoa<\/strong>\n<ul>\n<li>Cano\u00eb-kayak \u2013 Course de vitesse<\/li>\n<li>Aviron<\/li>\n<\/ul>\n<\/li>\n<li><strong>Marina de Gl\u00f3ria<\/strong>\n<ul>\n<li>Voile<\/li>\n<\/ul>\n<\/li>\n<\/ul>\n<h2>Deodoro<\/h2>\n<div id=\"attachment_130965\" style=\"width: 942px\" class=\"wp-caption aligncenter\"><img loading=\"lazy\" decoding=\"async\" aria-describedby=\"caption-attachment-130965\" class=\"wp-image-130965 size-full\" src=\"https:\/\/cdnolympic.files.wordpress.com\/2016\/03\/deodoro-equestrian-test-event.png\" width=\"932\" height=\"620\" \/><p id=\"caption-attachment-130965\" class=\"wp-caption-text\">Un jockey sur le parcours \u00e0 une \u00e9preuve test au Centre olympique d\u2019\u00e9quitation \u00e0 Deodoro. (Photo\u00a0: IOC\/Alex Ferro)<\/p><\/div>\n<ul>\n<li><strong>Centre aquatique de Deodoro<\/strong>\n<ul>\n<li>Pentathlon moderne<\/li>\n<\/ul>\n<\/li>\n<li><strong>Stade de Deodoro<\/strong>\n<ul>\n<li>Pentathlon moderne<\/li>\n<li>Rugby<\/li>\n<\/ul>\n<\/li>\n<\/ul>\n<div class=\"fb-video\" data-allowfullscreen=\"true\" data-href=\"https:\/\/www.facebook.com\/teamcanada\/videos\/10153719984938264\/\" style=\"background-color: #fff; display: inline-block;\"><\/div>\n<ul>\n<li><strong>Centre olympique d\u2019\u00e9quitation<\/strong>\n<ul>\n<li>Sports \u00e9questres \u2013 Dressage<\/li>\n<li>Sports \u00e9questres \u2013 Saut d\u2019obstacles<\/li>\n<li>Sports \u00e9questres \u2013 Concours complet<\/li>\n<\/ul>\n<\/li>\n<li><strong>Centre olympique de hockey<\/strong>\n<ul>\n<li>Hockey sur gazon<\/li>\n<\/ul>\n<\/li>\n<li><strong>Centre olympique de tir<\/strong>\n<ul>\n<li>Tir<\/li>\n<\/ul>\n<\/li>\n<li><strong>Ar\u00e9na de la jeunesse<\/strong>\n<ul>\n<li>Basketball<\/li>\n<li>Pentathlon moderne<\/li>\n<\/ul>\n<\/li>\n<\/ul>\n<p><strong>Parc Radical<\/strong><\/p>\n<div id=\"attachment_130973\" style=\"width: 960px\" class=\"wp-caption aligncenter\"><img loading=\"lazy\" decoding=\"async\" aria-describedby=\"caption-attachment-130973\" class=\"wp-image-130973 size-full\" src=\"https:\/\/cdnolympic.files.wordpress.com\/2016\/03\/bmx-test-event.png\" alt=\"A rider during a BMX test event at X-Park. (Photo: IOC\/Paulo Mumia)\" width=\"950\" height=\"602\" \/><p id=\"caption-attachment-130973\" class=\"wp-caption-text\">Un cycliste pendant l\u2019\u00e9preuve test de BMX. (Photo\u00a0: IOC\/Paulo Mumia)<\/p><\/div>\n<ul>\n<li><strong>Centre de v\u00e9lo tout terrain<\/strong>\n<ul>\n<li>V\u00e9lo de montagne<\/li>\n<\/ul>\n<\/li>\n<li><strong>Centre olympique de BMX<\/strong>\n<ul>\n<li>Cyclisme \u2013 BMX<\/li>\n<\/ul>\n<\/li>\n<li><strong>Stade de cano\u00eb slalom<\/strong>\n<ul>\n<li>Cano\u00eb-kayak \u2013 Slalom<\/li>\n<\/ul>\n<\/li>\n<\/ul>\n<h2>Maracan\u00e3<\/h2>\n<p><strong>\u00c0 lire\u00a0:<\/strong> <a href=\"http:\/\/olympique.ca\/2016\/01\/14\/9-moments-magiques-au-maracana\/\">9 moments magiques au Maracan\u00e3<\/a><\/p>\n<div id=\"attachment_101795\" style=\"width: 1348px\" class=\"wp-caption aligncenter\"><img loading=\"lazy\" decoding=\"async\" aria-describedby=\"caption-attachment-101795\" class=\"wp-image-101795 size-large\" src=\"https:\/\/cdnolympic.files.wordpress.com\/2014\/04\/03-maracana.jpg?quality=100&amp;w=1338\" alt=\"Maracana Stadium\" width=\"1338\" height=\"754\" \/><p id=\"caption-attachment-101795\" class=\"wp-caption-text\">Maracan\u00e3<\/p><\/div>\n<ul>\n<li><strong>Stade olympique<\/strong>\n<ul>\n<li>Athl\u00e9tisme<\/li>\n<li>Football<\/li>\n<\/ul>\n<\/li>\n<li><strong>Samb\u00f3drome<\/strong>\n<ul>\n<li>Athl\u00e9tisme (marathon)<\/li>\n<li>Tir \u00e0 l\u2019arc<\/li>\n<\/ul>\n<\/li>\n<\/ul>\n<p><strong>Maracan\u00e3<\/strong><\/p>\n<div class=\"fb-video\" data-allowfullscreen=\"true\" data-href=\"https:\/\/www.facebook.com\/teamcanada\/videos\/10153666281873264\/\" style=\"background-color: #fff; display: inline-block;\"><\/div>\n<ul>\n<li><strong>Stade de Maracan\u00e3<\/strong>\n<ul>\n<li>C\u00e9r\u00e9monies d\u2019ouverture et de cl\u00f4ture<\/li>\n<li>Soccer<\/li>\n<\/ul>\n<\/li>\n<li><strong>Maracan\u00e3zinho<\/strong>\n<ul>\n<li>Volleyball<\/li>\n<\/ul>\n<\/li>\n<\/ul>\n<h2>Bonus<\/h2>\n<ul>\n<li><strong>Attractions touristiques<\/strong>\n<ul>\n<li>Le mont Pain de Sucre<\/li>\n<li>Christ le R\u00e9dempteur<\/li>\n<li>Niteroi<\/li>\n<li>Centro<\/li>\n<\/ul>\n<\/li>\n<\/ul>\n<div class=\"fb-video\" data-allowfullscreen=\"true\" data-href=\"https:\/\/www.facebook.com\/teamcanada\/videos\/10153713461093264\/\" style=\"background-color: #fff; display: inline-block;\"><\/div>\n","protected":false},"excerpt":{"rendered":"<p>Voici la liste compl\u00e8te des sites de comp\u00e9tition par r\u00e9gion des Jeux olympiques de 2016. Page officielle des sites de&#8230;<\/p>\n","protected":false},"author":27808323,"featured_media":114687,"comment_status":"open","ping_status":"closed","sticky":false,"template":"","format":"standard","meta":{"_acf_changed":false,"_jetpack_memberships_contains_paid_content":false,"footnotes":""},"categories":[1],"tags":[415983020,713376,415799819,415983022,415983024,415983026,415983021,415983025,415983023],"post_format":"standard","sport":[],"game":[415984561],"coauthors":[415472419],"class_list":["post-114685","post","type-post","status-publish","format-standard","has-post-thumbnail","hentry","category-uncategorized","tag-barra","tag-copacabana","tag-deodoro","tag-maracana","tag-maracazinho","tag-marina-de-gloria","tag-parc-olympique-de-barra","tag-parc-radical","tag-sambodrome","game-2016-rio"],"acf":[],"yoast_head":"<!-- This site is optimized with the Yoast SEO plugin v27.3 - https:\/\/yoast.com\/product\/yoast-seo-wordpress\/ -->\n<title>Liste des sites de comp\u00e9tition de Rio\u00a02016 - \u00c9quipe Canada | Site officiel de l&#039;\u00e9quipe olympique<\/title>\n<meta name=\"robots\" content=\"index, follow, max-snippet:-1, max-image-preview:large, max-video-preview:-1\" \/>\n<link rel=\"canonical\" href=\"https:\/\/preprod.olympic.ca\/olympique\/2016\/05\/03\/liste-des-sites-de-competition-de-rio-2016\/\" \/>\n<meta property=\"og:locale\" content=\"fr_FR\" \/>\n<meta property=\"og:type\" content=\"article\" \/>\n<meta property=\"og:title\" content=\"Liste des sites de comp\u00e9tition de Rio\u00a02016 - \u00c9quipe Canada | Site officiel de l&#039;\u00e9quipe olympique\" \/>\n<meta property=\"og:description\" content=\"Voici la liste compl\u00e8te des sites de comp\u00e9tition par r\u00e9gion des Jeux olympiques de 2016. Page officielle des sites de...\" \/>\n<meta property=\"og:url\" content=\"https:\/\/preprod.olympic.ca\/olympique\/2016\/05\/03\/liste-des-sites-de-competition-de-rio-2016\/\" \/>\n<meta property=\"og:site_name\" content=\"\u00c9quipe Canada | Site officiel de l&#039;\u00e9quipe olympique\" \/>\n<meta property=\"article:published_time\" content=\"2016-05-03T14:03:06+00:00\" \/>\n<meta property=\"article:modified_time\" content=\"2021-10-26T20:26:26+00:00\" \/>\n<meta property=\"og:image\" content=\"https:\/\/preprod.olympic.ca\/olympique\/wp-content\/uploads\/sites\/2\/2016\/05\/maracana1.jpg?quality=100\" \/>\n\t<meta property=\"og:image:width\" content=\"670\" \/>\n\t<meta property=\"og:image:height\" content=\"377\" \/>\n\t<meta property=\"og:image:type\" content=\"image\/jpeg\" \/>\n<meta name=\"author\" content=\"Agnes Wong\" \/>\n<meta name=\"twitter:card\" content=\"summary_large_image\" \/>\n<meta name=\"twitter:label1\" content=\"Written by\" \/>\n\t<meta name=\"twitter:data1\" content=\"Agnes Wong\" \/>\n\t<meta name=\"twitter:label2\" content=\"Est. reading time\" \/>\n\t<meta name=\"twitter:data2\" content=\"3 minutes\" \/>\n<script type=\"application\/ld+json\" class=\"yoast-schema-graph\">{\"@context\":\"https:\\\/\\\/schema.org\",\"@graph\":[{\"@type\":\"Article\",\"@id\":\"https:\\\/\\\/preprod.olympic.ca\\\/olympique\\\/2016\\\/05\\\/03\\\/liste-des-sites-de-competition-de-rio-2016\\\/#article\",\"isPartOf\":{\"@id\":\"https:\\\/\\\/preprod.olympic.ca\\\/olympique\\\/2016\\\/05\\\/03\\\/liste-des-sites-de-competition-de-rio-2016\\\/\"},\"author\":{\"name\":\"Agnes Wong\",\"@id\":\"https:\\\/\\\/preprod.olympic.ca\\\/olympique\\\/#\\\/schema\\\/person\\\/4037b5910ca324a2b72051dd318b6f5a\"},\"headline\":\"Liste des sites de comp\u00e9tition de Rio\u00a02016\",\"datePublished\":\"2016-05-03T14:03:06+00:00\",\"dateModified\":\"2021-10-26T20:26:26+00:00\",\"mainEntityOfPage\":{\"@id\":\"https:\\\/\\\/preprod.olympic.ca\\\/olympique\\\/2016\\\/05\\\/03\\\/liste-des-sites-de-competition-de-rio-2016\\\/\"},\"wordCount\":444,\"commentCount\":0,\"image\":{\"@id\":\"https:\\\/\\\/preprod.olympic.ca\\\/olympique\\\/2016\\\/05\\\/03\\\/liste-des-sites-de-competition-de-rio-2016\\\/#primaryimage\"},\"thumbnailUrl\":\"https:\\\/\\\/preprod.olympic.ca\\\/olympique\\\/wp-content\\\/uploads\\\/sites\\\/2\\\/2016\\\/05\\\/maracana1.jpg?quality=100\",\"keywords\":[\"Barra\",\"Copacabana\",\"Deodoro\",\"Maracana\",\"Maracazinho\",\"Marina de Gloria\",\"Parc olympique de Barra\",\"Parc Radical\",\"Sambodrome\"],\"articleSection\":[\"Uncategorized\"],\"inLanguage\":\"fr-FR\",\"potentialAction\":[{\"@type\":\"CommentAction\",\"name\":\"Comment\",\"target\":[\"https:\\\/\\\/preprod.olympic.ca\\\/olympique\\\/2016\\\/05\\\/03\\\/liste-des-sites-de-competition-de-rio-2016\\\/#respond\"]}]},{\"@type\":\"WebPage\",\"@id\":\"https:\\\/\\\/preprod.olympic.ca\\\/olympique\\\/2016\\\/05\\\/03\\\/liste-des-sites-de-competition-de-rio-2016\\\/\",\"url\":\"https:\\\/\\\/preprod.olympic.ca\\\/olympique\\\/2016\\\/05\\\/03\\\/liste-des-sites-de-competition-de-rio-2016\\\/\",\"name\":\"Liste des sites de comp\u00e9tition de Rio\u00a02016 - \u00c9quipe Canada | Site officiel de l&#039;\u00e9quipe olympique\",\"isPartOf\":{\"@id\":\"https:\\\/\\\/preprod.olympic.ca\\\/olympique\\\/#website\"},\"primaryImageOfPage\":{\"@id\":\"https:\\\/\\\/preprod.olympic.ca\\\/olympique\\\/2016\\\/05\\\/03\\\/liste-des-sites-de-competition-de-rio-2016\\\/#primaryimage\"},\"image\":{\"@id\":\"https:\\\/\\\/preprod.olympic.ca\\\/olympique\\\/2016\\\/05\\\/03\\\/liste-des-sites-de-competition-de-rio-2016\\\/#primaryimage\"},\"thumbnailUrl\":\"https:\\\/\\\/preprod.olympic.ca\\\/olympique\\\/wp-content\\\/uploads\\\/sites\\\/2\\\/2016\\\/05\\\/maracana1.jpg?quality=100\",\"datePublished\":\"2016-05-03T14:03:06+00:00\",\"dateModified\":\"2021-10-26T20:26:26+00:00\",\"author\":{\"@id\":\"https:\\\/\\\/preprod.olympic.ca\\\/olympique\\\/#\\\/schema\\\/person\\\/4037b5910ca324a2b72051dd318b6f5a\"},\"inLanguage\":\"fr-FR\",\"potentialAction\":[{\"@type\":\"ReadAction\",\"target\":[\"https:\\\/\\\/preprod.olympic.ca\\\/olympique\\\/2016\\\/05\\\/03\\\/liste-des-sites-de-competition-de-rio-2016\\\/\"]}]},{\"@type\":\"ImageObject\",\"inLanguage\":\"fr-FR\",\"@id\":\"https:\\\/\\\/preprod.olympic.ca\\\/olympique\\\/2016\\\/05\\\/03\\\/liste-des-sites-de-competition-de-rio-2016\\\/#primaryimage\",\"url\":\"https:\\\/\\\/preprod.olympic.ca\\\/olympique\\\/wp-content\\\/uploads\\\/sites\\\/2\\\/2016\\\/05\\\/maracana1.jpg?quality=100\",\"contentUrl\":\"https:\\\/\\\/preprod.olympic.ca\\\/olympique\\\/wp-content\\\/uploads\\\/sites\\\/2\\\/2016\\\/05\\\/maracana1.jpg?quality=100\",\"width\":670,\"height\":377},{\"@type\":\"WebSite\",\"@id\":\"https:\\\/\\\/preprod.olympic.ca\\\/olympique\\\/#website\",\"url\":\"https:\\\/\\\/preprod.olympic.ca\\\/olympique\\\/\",\"name\":\"\u00c9quipe Canada | Site officiel de l&#039;\u00e9quipe olympique\",\"description\":\"Votre source pour l\u2019\u00c9quipe olympique canadienne. Retrouvez les r\u00e9cits, vid\u00e9os et photos des athl\u00e8tes canadiens, sports olympiques, Jeux olympiques de 2020 et bien plus!\",\"potentialAction\":[{\"@type\":\"SearchAction\",\"target\":{\"@type\":\"EntryPoint\",\"urlTemplate\":\"https:\\\/\\\/preprod.olympic.ca\\\/olympique\\\/?s={search_term_string}\"},\"query-input\":{\"@type\":\"PropertyValueSpecification\",\"valueRequired\":true,\"valueName\":\"search_term_string\"}}],\"inLanguage\":\"fr-FR\"},{\"@type\":\"Person\",\"@id\":\"https:\\\/\\\/preprod.olympic.ca\\\/olympique\\\/#\\\/schema\\\/person\\\/4037b5910ca324a2b72051dd318b6f5a\",\"name\":\"Agnes Wong\",\"image\":{\"@type\":\"ImageObject\",\"inLanguage\":\"fr-FR\",\"@id\":\"https:\\\/\\\/secure.gravatar.com\\\/avatar\\\/e7d7f136a4f90694f48412b104be6021acf9073f99752901041ba224143e1678?s=96&d=identicon&r=g2514bca8f4f4be86e3e6ecf41d669835\",\"url\":\"https:\\\/\\\/secure.gravatar.com\\\/avatar\\\/e7d7f136a4f90694f48412b104be6021acf9073f99752901041ba224143e1678?s=96&d=identicon&r=g\",\"contentUrl\":\"https:\\\/\\\/secure.gravatar.com\\\/avatar\\\/e7d7f136a4f90694f48412b104be6021acf9073f99752901041ba224143e1678?s=96&d=identicon&r=g\",\"caption\":\"Agnes Wong\"},\"url\":\"https:\\\/\\\/preprod.olympic.ca\\\/olympique\\\/author\\\/wongagness\\\/\"}]}<\/script>\n<!-- \/ Yoast SEO plugin. -->","yoast_head_json":{"title":"Liste des sites de comp\u00e9tition de Rio\u00a02016 - \u00c9quipe Canada | Site officiel de l&#039;\u00e9quipe olympique","robots":{"index":"index","follow":"follow","max-snippet":"max-snippet:-1","max-image-preview":"max-image-preview:large","max-video-preview":"max-video-preview:-1"},"canonical":"https:\/\/preprod.olympic.ca\/olympique\/2016\/05\/03\/liste-des-sites-de-competition-de-rio-2016\/","og_locale":"fr_FR","og_type":"article","og_title":"Liste des sites de comp\u00e9tition de Rio\u00a02016 - \u00c9quipe Canada | Site officiel de l&#039;\u00e9quipe olympique","og_description":"Voici la liste compl\u00e8te des sites de comp\u00e9tition par r\u00e9gion des Jeux olympiques de 2016. Page officielle des sites de...","og_url":"https:\/\/preprod.olympic.ca\/olympique\/2016\/05\/03\/liste-des-sites-de-competition-de-rio-2016\/","og_site_name":"\u00c9quipe Canada | Site officiel de l&#039;\u00e9quipe olympique","article_published_time":"2016-05-03T14:03:06+00:00","article_modified_time":"2021-10-26T20:26:26+00:00","og_image":[{"width":670,"height":377,"url":"https:\/\/preprod.olympic.ca\/olympique\/wp-content\/uploads\/sites\/2\/2016\/05\/maracana1.jpg?quality=100","type":"image\/jpeg"}],"author":"Agnes Wong","twitter_card":"summary_large_image","twitter_misc":{"Written by":"Agnes Wong","Est. reading time":"3 minutes"},"schema":{"@context":"https:\/\/schema.org","@graph":[{"@type":"Article","@id":"https:\/\/preprod.olympic.ca\/olympique\/2016\/05\/03\/liste-des-sites-de-competition-de-rio-2016\/#article","isPartOf":{"@id":"https:\/\/preprod.olympic.ca\/olympique\/2016\/05\/03\/liste-des-sites-de-competition-de-rio-2016\/"},"author":{"name":"Agnes Wong","@id":"https:\/\/preprod.olympic.ca\/olympique\/#\/schema\/person\/4037b5910ca324a2b72051dd318b6f5a"},"headline":"Liste des sites de comp\u00e9tition de Rio\u00a02016","datePublished":"2016-05-03T14:03:06+00:00","dateModified":"2021-10-26T20:26:26+00:00","mainEntityOfPage":{"@id":"https:\/\/preprod.olympic.ca\/olympique\/2016\/05\/03\/liste-des-sites-de-competition-de-rio-2016\/"},"wordCount":444,"commentCount":0,"image":{"@id":"https:\/\/preprod.olympic.ca\/olympique\/2016\/05\/03\/liste-des-sites-de-competition-de-rio-2016\/#primaryimage"},"thumbnailUrl":"https:\/\/preprod.olympic.ca\/olympique\/wp-content\/uploads\/sites\/2\/2016\/05\/maracana1.jpg?quality=100","keywords":["Barra","Copacabana","Deodoro","Maracana","Maracazinho","Marina de Gloria","Parc olympique de Barra","Parc Radical","Sambodrome"],"articleSection":["Uncategorized"],"inLanguage":"fr-FR","potentialAction":[{"@type":"CommentAction","name":"Comment","target":["https:\/\/preprod.olympic.ca\/olympique\/2016\/05\/03\/liste-des-sites-de-competition-de-rio-2016\/#respond"]}]},{"@type":"WebPage","@id":"https:\/\/preprod.olympic.ca\/olympique\/2016\/05\/03\/liste-des-sites-de-competition-de-rio-2016\/","url":"https:\/\/preprod.olympic.ca\/olympique\/2016\/05\/03\/liste-des-sites-de-competition-de-rio-2016\/","name":"Liste des sites de comp\u00e9tition de Rio\u00a02016 - \u00c9quipe Canada | Site officiel de l&#039;\u00e9quipe olympique","isPartOf":{"@id":"https:\/\/preprod.olympic.ca\/olympique\/#website"},"primaryImageOfPage":{"@id":"https:\/\/preprod.olympic.ca\/olympique\/2016\/05\/03\/liste-des-sites-de-competition-de-rio-2016\/#primaryimage"},"image":{"@id":"https:\/\/preprod.olympic.ca\/olympique\/2016\/05\/03\/liste-des-sites-de-competition-de-rio-2016\/#primaryimage"},"thumbnailUrl":"https:\/\/preprod.olympic.ca\/olympique\/wp-content\/uploads\/sites\/2\/2016\/05\/maracana1.jpg?quality=100","datePublished":"2016-05-03T14:03:06+00:00","dateModified":"2021-10-26T20:26:26+00:00","author":{"@id":"https:\/\/preprod.olympic.ca\/olympique\/#\/schema\/person\/4037b5910ca324a2b72051dd318b6f5a"},"inLanguage":"fr-FR","potentialAction":[{"@type":"ReadAction","target":["https:\/\/preprod.olympic.ca\/olympique\/2016\/05\/03\/liste-des-sites-de-competition-de-rio-2016\/"]}]},{"@type":"ImageObject","inLanguage":"fr-FR","@id":"https:\/\/preprod.olympic.ca\/olympique\/2016\/05\/03\/liste-des-sites-de-competition-de-rio-2016\/#primaryimage","url":"https:\/\/preprod.olympic.ca\/olympique\/wp-content\/uploads\/sites\/2\/2016\/05\/maracana1.jpg?quality=100","contentUrl":"https:\/\/preprod.olympic.ca\/olympique\/wp-content\/uploads\/sites\/2\/2016\/05\/maracana1.jpg?quality=100","width":670,"height":377},{"@type":"WebSite","@id":"https:\/\/preprod.olympic.ca\/olympique\/#website","url":"https:\/\/preprod.olympic.ca\/olympique\/","name":"\u00c9quipe Canada | Site officiel de l&#039;\u00e9quipe olympique","description":"Votre source pour l\u2019\u00c9quipe olympique canadienne. Retrouvez les r\u00e9cits, vid\u00e9os et photos des athl\u00e8tes canadiens, sports olympiques, Jeux olympiques de 2020 et bien plus!","potentialAction":[{"@type":"SearchAction","target":{"@type":"EntryPoint","urlTemplate":"https:\/\/preprod.olympic.ca\/olympique\/?s={search_term_string}"},"query-input":{"@type":"PropertyValueSpecification","valueRequired":true,"valueName":"search_term_string"}}],"inLanguage":"fr-FR"},{"@type":"Person","@id":"https:\/\/preprod.olympic.ca\/olympique\/#\/schema\/person\/4037b5910ca324a2b72051dd318b6f5a","name":"Agnes Wong","image":{"@type":"ImageObject","inLanguage":"fr-FR","@id":"https:\/\/secure.gravatar.com\/avatar\/e7d7f136a4f90694f48412b104be6021acf9073f99752901041ba224143e1678?s=96&d=identicon&r=g2514bca8f4f4be86e3e6ecf41d669835","url":"https:\/\/secure.gravatar.com\/avatar\/e7d7f136a4f90694f48412b104be6021acf9073f99752901041ba224143e1678?s=96&d=identicon&r=g","contentUrl":"https:\/\/secure.gravatar.com\/avatar\/e7d7f136a4f90694f48412b104be6021acf9073f99752901041ba224143e1678?s=96&d=identicon&r=g","caption":"Agnes Wong"},"url":"https:\/\/preprod.olympic.ca\/olympique\/author\/wongagness\/"}]}},"jetpack_featured_media_url":"https:\/\/preprod.olympic.ca\/olympique\/wp-content\/uploads\/sites\/2\/2016\/05\/maracana1.jpg?quality=100","featured_image_url":"https:\/\/preprod.olympic.ca\/olympique\/wp-content\/uploads\/sites\/2\/2016\/05\/maracana1.jpg?quality=100","author_name":["Agnes Wong"],"category_names":["Uncategorized"],"tag_names":["Barra","Copacabana","Deodoro","Maracana","Maracazinho","Marina de Gloria","Parc olympique de Barra","Parc Radical","Sambodrome"],"video_embed_code":"","facebook_video_embed_code":"","jetpack_sharing_enabled":true,"jetpack-related-posts":[],"jetpack_shortlink":"https:\/\/wp.me\/pcGHcP-tPL","_links":{"self":[{"href":"https:\/\/preprod.olympic.ca\/olympique\/wp-json\/wp\/v2\/posts\/114685","targetHints":{"allow":["GET"]}}],"collection":[{"href":"https:\/\/preprod.olympic.ca\/olympique\/wp-json\/wp\/v2\/posts"}],"about":[{"href":"https:\/\/preprod.olympic.ca\/olympique\/wp-json\/wp\/v2\/types\/post"}],"author":[{"embeddable":true,"href":"https:\/\/preprod.olympic.ca\/olympique\/wp-json\/wp\/v2\/users\/27808323"}],"replies":[{"embeddable":true,"href":"https:\/\/preprod.olympic.ca\/olympique\/wp-json\/wp\/v2\/comments?post=114685"}],"version-history":[{"count":2,"href":"https:\/\/preprod.olympic.ca\/olympique\/wp-json\/wp\/v2\/posts\/114685\/revisions"}],"predecessor-version":[{"id":192055,"href":"https:\/\/preprod.olympic.ca\/olympique\/wp-json\/wp\/v2\/posts\/114685\/revisions\/192055"}],"wp:featuredmedia":[{"embeddable":true,"href":"https:\/\/preprod.olympic.ca\/olympique\/wp-json\/wp\/v2\/media\/114687"}],"wp:attachment":[{"href":"https:\/\/preprod.olympic.ca\/olympique\/wp-json\/wp\/v2\/media?parent=114685"}],"wp:term":[{"taxonomy":"category","embeddable":true,"href":"https:\/\/preprod.olympic.ca\/olympique\/wp-json\/wp\/v2\/categories?post=114685"},{"taxonomy":"post_tag","embeddable":true,"href":"https:\/\/preprod.olympic.ca\/olympique\/wp-json\/wp\/v2\/tags?post=114685"},{"taxonomy":"post_format","embeddable":true,"href":"https:\/\/preprod.olympic.ca\/olympique\/wp-json\/wp\/v2\/post_format?post=114685"},{"taxonomy":"sport","embeddable":true,"href":"https:\/\/preprod.olympic.ca\/olympique\/wp-json\/wp\/v2\/sport?post=114685"},{"taxonomy":"game","embeddable":true,"href":"https:\/\/preprod.olympic.ca\/olympique\/wp-json\/wp\/v2\/game?post=114685"},{"taxonomy":"author","embeddable":true,"href":"https:\/\/preprod.olympic.ca\/olympique\/wp-json\/wp\/v2\/coauthors?post=114685"}],"curies":[{"name":"wp","href":"https:\/\/api.w.org\/{rel}","templated":true}]}}