{"id":114873,"date":"2016-05-06T14:42:48","date_gmt":"2016-05-06T18:42:48","guid":{"rendered":"http:\/\/olympique.ca\/?p=114873"},"modified":"2016-05-09T13:27:31","modified_gmt":"2016-05-09T17:27:31","slug":"mondial-de-hockey-le-canada-bat-les-e-u-a-son-match-douverture","status":"publish","type":"post","link":"https:\/\/preprod.olympic.ca\/olympique\/2016\/05\/06\/mondial-de-hockey-le-canada-bat-les-e-u-a-son-match-douverture\/","title":{"rendered":"Mondial de hockey\u00a0: le Canada bat les \u00c9.-U. \u00e0 son match d\u2019ouverture"},"content":{"rendered":"<h1>Les champions en titre du mondial de hockey ont entam\u00e9 leur tournoi \u00e0 la ronde avec une victoire de 5 \u00e0 1 sur leurs voisins du Sud, vendredi \u00e0 Saint-P\u00e9tersbourg, en Russie.<\/h1>\n<div id=\"attachment_114876\" style=\"width: 680px\" class=\"wp-caption alignnone\"><img loading=\"lazy\" decoding=\"async\" aria-describedby=\"caption-attachment-114876\" class=\"size-large wp-image-114876\" src=\"https:\/\/preprod.olympic.ca\/wp-content\/uploads\/sites\/2\/2016\/05\/11523314.jpg?quality=100&amp;w=670\" alt=\"Sam Reinhart devant le but de Keith Kinkaid au Mondial de hockey IIHF, le 6 mai 2016.\" width=\"670\" height=\"754\" srcset=\"https:\/\/preprod.olympic.ca\/olympique\/wp-content\/uploads\/sites\/2\/2016\/05\/11523314.jpg 2230w, https:\/\/preprod.olympic.ca\/olympique\/wp-content\/uploads\/sites\/2\/2016\/05\/11523314.jpg?resize=140,158 140w, https:\/\/preprod.olympic.ca\/olympique\/wp-content\/uploads\/sites\/2\/2016\/05\/11523314.jpg?resize=330,371 330w, https:\/\/preprod.olympic.ca\/olympique\/wp-content\/uploads\/sites\/2\/2016\/05\/11523314.jpg?resize=768,864 768w, https:\/\/preprod.olympic.ca\/olympique\/wp-content\/uploads\/sites\/2\/2016\/05\/11523314.jpg?resize=670,754 670w, https:\/\/preprod.olympic.ca\/olympique\/wp-content\/uploads\/sites\/2\/2016\/05\/11523314.jpg?resize=1366,1536 1366w, https:\/\/preprod.olympic.ca\/olympique\/wp-content\/uploads\/sites\/2\/2016\/05\/11523314.jpg?resize=1821,2048 1821w\" sizes=\"(max-width: 670px) 100vw, 670px\" \/><p id=\"caption-attachment-114876\" class=\"wp-caption-text\">Sam Reinhart devant le but de Keith Kinkaid au Mondial de hockey IIHF, le 6 mai 2016.<\/p><\/div>\n<p>M\u00eame si ce sont les Am\u00e9ricains qui ont ouvert la marque, les Canadiens ont vite r\u00e9pliqu\u00e9 avec leur premier but du tournoi, gracieuset\u00e9 de Taylor Hall avec aides de Derek Brassard du double olympien <a href=\"http:\/\/olympique.ca\/team-canada\/corey-perry\/\">Corey Perry<\/a>. Brendan Gallagher a donn\u00e9 l\u2019avance aux repr\u00e9sentants de l\u2019unifoli\u00e9 trois minutes plus tard.<\/p>\n<div id=\"attachment_114875\" style=\"width: 1125px\" class=\"wp-caption alignnone\"><img loading=\"lazy\" decoding=\"async\" aria-describedby=\"caption-attachment-114875\" class=\"size-large wp-image-114875\" src=\"https:\/\/preprod.olympic.ca\/wp-content\/uploads\/sites\/2\/2016\/05\/11523271.jpg?quality=100&amp;w=1115\" alt=\"Les Canadiens c\u00e9l\u00e8brent un but contre les \u00c9tats-Unis le 6 mai 2016.\" width=\"1115\" height=\"754\" srcset=\"https:\/\/preprod.olympic.ca\/olympique\/wp-content\/uploads\/sites\/2\/2016\/05\/11523271.jpg 3495w, https:\/\/preprod.olympic.ca\/olympique\/wp-content\/uploads\/sites\/2\/2016\/05\/11523271.jpg?resize=234,158 234w, https:\/\/preprod.olympic.ca\/olympique\/wp-content\/uploads\/sites\/2\/2016\/05\/11523271.jpg?resize=549,371 549w, https:\/\/preprod.olympic.ca\/olympique\/wp-content\/uploads\/sites\/2\/2016\/05\/11523271.jpg?resize=768,519 768w, https:\/\/preprod.olympic.ca\/olympique\/wp-content\/uploads\/sites\/2\/2016\/05\/11523271.jpg?resize=1115,754 1115w, https:\/\/preprod.olympic.ca\/olympique\/wp-content\/uploads\/sites\/2\/2016\/05\/11523271.jpg?resize=1536,1039 1536w, https:\/\/preprod.olympic.ca\/olympique\/wp-content\/uploads\/sites\/2\/2016\/05\/11523271.jpg?resize=2048,1385 2048w\" sizes=\"(max-width: 1115px) 100vw, 1115px\" \/><p id=\"caption-attachment-114875\" class=\"wp-caption-text\">Les Canadiens c\u00e9l\u00e8brent un but contre les \u00c9tats-Unis le 6 mai 2016.<\/p><\/div>\n<p>L\u2019olympien de Sotchi\u00a02014 <a href=\"http:\/\/olympique.ca\/team-canada\/matt-duchene\/\">Matt Duchene<\/a>, a \u00e9t\u00e9 le seul joueur sur la patinoire \u00e0 trouver le fond du filet adverse en deuxi\u00e8me p\u00e9riode pour porter la marque \u00e0 3-1 en faveur des siens. Au troisi\u00e8me vingt, Boone Jenner a marqu\u00e9 le quatri\u00e8me but, toujours sans riposte des Am\u00e9ricains, avec l\u2019aide de Ryan O\u2019Reilly. C\u2019est finalement avec l\u2019aide de Duchene que Brad Marchand a inscrit le dernier but des Canadiens \u00e0 leur match d\u2019ouverture. Ils se sont empar\u00e9 de la victoire avec un pointage final de 5 \u00e0 1.<\/p>\n<p>Cam Talbot a termin\u00e9 la partie avec 24 arr\u00eats.<\/p>\n<p>Le Canada affrontera dimanche la Hongrie. Le Mondial de hockey se poursuit jusqu\u2019au 22 mai.<br \/>\n[coc_content_zones zone=\u00a0\u00bbStory &#8211; Le Canada quitte le Mondial de hockey f\u00e9minin avec l\u2019argent\u00a0\u00bb]<\/p>\n","protected":false},"excerpt":{"rendered":"<p>Les champions en titre du mondial de hockey ont entam\u00e9 leur tournoi \u00e0 la ronde avec une victoire de 5&#8230;<\/p>\n","protected":false},"author":96107080,"featured_media":114877,"comment_status":"open","ping_status":"closed","sticky":false,"template":"","format":"standard","meta":{"_acf_changed":false,"_jetpack_memberships_contains_paid_content":false,"footnotes":""},"categories":[16085],"tags":[415983108,415983105,1938179,522610,415983106,415983107,6682908],"post_format":"standard","sport":[891977],"game":[],"coauthors":[209272438],"class_list":["post-114873","post","type-post","status-publish","format-standard","has-post-thumbnail","hentry","category-nouvelles","tag-brad-marchand","tag-brendan-gallagher","tag-corey-perry","tag-iihf","tag-matt-duchene","tag-mondial-de-hockey","tag-taylor-hall","sport-hockey-sur-glace"],"acf":[],"yoast_head":"<!-- This site is optimized with the Yoast SEO plugin v27.3 - https:\/\/yoast.com\/product\/yoast-seo-wordpress\/ -->\n<title>Mondial de hockey\u00a0: le Canada bat les \u00c9.-U. \u00e0 son match d\u2019ouverture - \u00c9quipe Canada | Site officiel de l&#039;\u00e9quipe olympique<\/title>\n<meta name=\"robots\" content=\"index, follow, max-snippet:-1, max-image-preview:large, max-video-preview:-1\" \/>\n<link rel=\"canonical\" href=\"https:\/\/preprod.olympic.ca\/olympique\/2016\/05\/06\/mondial-de-hockey-le-canada-bat-les-e-u-a-son-match-douverture\/\" \/>\n<meta property=\"og:locale\" content=\"fr_FR\" \/>\n<meta property=\"og:type\" content=\"article\" \/>\n<meta property=\"og:title\" content=\"Mondial de hockey\u00a0: le Canada bat les \u00c9.-U. \u00e0 son match d\u2019ouverture - \u00c9quipe Canada | Site officiel de l&#039;\u00e9quipe olympique\" \/>\n<meta property=\"og:description\" content=\"Les champions en titre du mondial de hockey ont entam\u00e9 leur tournoi \u00e0 la ronde avec une victoire de 5...\" \/>\n<meta property=\"og:url\" content=\"https:\/\/preprod.olympic.ca\/olympique\/2016\/05\/06\/mondial-de-hockey-le-canada-bat-les-e-u-a-son-match-douverture\/\" \/>\n<meta property=\"og:site_name\" content=\"\u00c9quipe Canada | Site officiel de l&#039;\u00e9quipe olympique\" \/>\n<meta property=\"article:published_time\" content=\"2016-05-06T18:42:48+00:00\" \/>\n<meta property=\"article:modified_time\" content=\"2016-05-09T17:27:31+00:00\" \/>\n<meta property=\"og:image\" content=\"https:\/\/preprod.olympic.ca\/olympique\/wp-content\/uploads\/sites\/2\/2016\/05\/boone.jpg?quality=100\" \/>\n\t<meta property=\"og:image:width\" content=\"670\" \/>\n\t<meta property=\"og:image:height\" content=\"377\" \/>\n\t<meta property=\"og:image:type\" content=\"image\/jpeg\" \/>\n<meta name=\"author\" content=\"Ariane Desrosiers\" \/>\n<meta name=\"twitter:card\" content=\"summary_large_image\" \/>\n<meta name=\"twitter:label1\" content=\"Written by\" \/>\n\t<meta name=\"twitter:data1\" content=\"Ariane Desrosiers\" \/>\n\t<meta name=\"twitter:label2\" content=\"Est. reading time\" \/>\n\t<meta name=\"twitter:data2\" content=\"1 minute\" \/>\n<script type=\"application\/ld+json\" class=\"yoast-schema-graph\">{\"@context\":\"https:\\\/\\\/schema.org\",\"@graph\":[{\"@type\":\"Article\",\"@id\":\"https:\\\/\\\/preprod.olympic.ca\\\/olympique\\\/2016\\\/05\\\/06\\\/mondial-de-hockey-le-canada-bat-les-e-u-a-son-match-douverture\\\/#article\",\"isPartOf\":{\"@id\":\"https:\\\/\\\/preprod.olympic.ca\\\/olympique\\\/2016\\\/05\\\/06\\\/mondial-de-hockey-le-canada-bat-les-e-u-a-son-match-douverture\\\/\"},\"author\":{\"name\":\"Ariane Desrosiers\",\"@id\":\"https:\\\/\\\/preprod.olympic.ca\\\/olympique\\\/#\\\/schema\\\/person\\\/ae879cc7903f703b76ee14154862eb23\"},\"headline\":\"Mondial de hockey\u00a0: le Canada bat les \u00c9.-U. \u00e0 son match d\u2019ouverture\",\"datePublished\":\"2016-05-06T18:42:48+00:00\",\"dateModified\":\"2016-05-09T17:27:31+00:00\",\"mainEntityOfPage\":{\"@id\":\"https:\\\/\\\/preprod.olympic.ca\\\/olympique\\\/2016\\\/05\\\/06\\\/mondial-de-hockey-le-canada-bat-les-e-u-a-son-match-douverture\\\/\"},\"wordCount\":271,\"commentCount\":0,\"image\":{\"@id\":\"https:\\\/\\\/preprod.olympic.ca\\\/olympique\\\/2016\\\/05\\\/06\\\/mondial-de-hockey-le-canada-bat-les-e-u-a-son-match-douverture\\\/#primaryimage\"},\"thumbnailUrl\":\"https:\\\/\\\/preprod.olympic.ca\\\/olympique\\\/wp-content\\\/uploads\\\/sites\\\/2\\\/2016\\\/05\\\/boone.jpg?quality=100\",\"keywords\":[\"Brad Marchand\",\"Brendan Gallagher\",\"Corey Perry\",\"IIHF\",\"Matt Duchene\",\"Mondial de hockey\",\"Taylor Hall\"],\"articleSection\":[\"Nouvelles\"],\"inLanguage\":\"fr-FR\",\"potentialAction\":[{\"@type\":\"CommentAction\",\"name\":\"Comment\",\"target\":[\"https:\\\/\\\/preprod.olympic.ca\\\/olympique\\\/2016\\\/05\\\/06\\\/mondial-de-hockey-le-canada-bat-les-e-u-a-son-match-douverture\\\/#respond\"]}]},{\"@type\":\"WebPage\",\"@id\":\"https:\\\/\\\/preprod.olympic.ca\\\/olympique\\\/2016\\\/05\\\/06\\\/mondial-de-hockey-le-canada-bat-les-e-u-a-son-match-douverture\\\/\",\"url\":\"https:\\\/\\\/preprod.olympic.ca\\\/olympique\\\/2016\\\/05\\\/06\\\/mondial-de-hockey-le-canada-bat-les-e-u-a-son-match-douverture\\\/\",\"name\":\"Mondial de hockey\u00a0: le Canada bat les \u00c9.-U. \u00e0 son match d\u2019ouverture - \u00c9quipe Canada | Site officiel de l&#039;\u00e9quipe olympique\",\"isPartOf\":{\"@id\":\"https:\\\/\\\/preprod.olympic.ca\\\/olympique\\\/#website\"},\"primaryImageOfPage\":{\"@id\":\"https:\\\/\\\/preprod.olympic.ca\\\/olympique\\\/2016\\\/05\\\/06\\\/mondial-de-hockey-le-canada-bat-les-e-u-a-son-match-douverture\\\/#primaryimage\"},\"image\":{\"@id\":\"https:\\\/\\\/preprod.olympic.ca\\\/olympique\\\/2016\\\/05\\\/06\\\/mondial-de-hockey-le-canada-bat-les-e-u-a-son-match-douverture\\\/#primaryimage\"},\"thumbnailUrl\":\"https:\\\/\\\/preprod.olympic.ca\\\/olympique\\\/wp-content\\\/uploads\\\/sites\\\/2\\\/2016\\\/05\\\/boone.jpg?quality=100\",\"datePublished\":\"2016-05-06T18:42:48+00:00\",\"dateModified\":\"2016-05-09T17:27:31+00:00\",\"author\":{\"@id\":\"https:\\\/\\\/preprod.olympic.ca\\\/olympique\\\/#\\\/schema\\\/person\\\/ae879cc7903f703b76ee14154862eb23\"},\"inLanguage\":\"fr-FR\",\"potentialAction\":[{\"@type\":\"ReadAction\",\"target\":[\"https:\\\/\\\/preprod.olympic.ca\\\/olympique\\\/2016\\\/05\\\/06\\\/mondial-de-hockey-le-canada-bat-les-e-u-a-son-match-douverture\\\/\"]}]},{\"@type\":\"ImageObject\",\"inLanguage\":\"fr-FR\",\"@id\":\"https:\\\/\\\/preprod.olympic.ca\\\/olympique\\\/2016\\\/05\\\/06\\\/mondial-de-hockey-le-canada-bat-les-e-u-a-son-match-douverture\\\/#primaryimage\",\"url\":\"https:\\\/\\\/preprod.olympic.ca\\\/olympique\\\/wp-content\\\/uploads\\\/sites\\\/2\\\/2016\\\/05\\\/boone.jpg?quality=100\",\"contentUrl\":\"https:\\\/\\\/preprod.olympic.ca\\\/olympique\\\/wp-content\\\/uploads\\\/sites\\\/2\\\/2016\\\/05\\\/boone.jpg?quality=100\",\"width\":670,\"height\":377,\"caption\":\"Boone Jenner au Mondial de hockey IIHF.\"},{\"@type\":\"WebSite\",\"@id\":\"https:\\\/\\\/preprod.olympic.ca\\\/olympique\\\/#website\",\"url\":\"https:\\\/\\\/preprod.olympic.ca\\\/olympique\\\/\",\"name\":\"\u00c9quipe Canada | Site officiel de l&#039;\u00e9quipe olympique\",\"description\":\"Votre source pour l\u2019\u00c9quipe olympique canadienne. Retrouvez les r\u00e9cits, vid\u00e9os et photos des athl\u00e8tes canadiens, sports olympiques, Jeux olympiques de 2020 et bien plus!\",\"potentialAction\":[{\"@type\":\"SearchAction\",\"target\":{\"@type\":\"EntryPoint\",\"urlTemplate\":\"https:\\\/\\\/preprod.olympic.ca\\\/olympique\\\/?s={search_term_string}\"},\"query-input\":{\"@type\":\"PropertyValueSpecification\",\"valueRequired\":true,\"valueName\":\"search_term_string\"}}],\"inLanguage\":\"fr-FR\"},{\"@type\":\"Person\",\"@id\":\"https:\\\/\\\/preprod.olympic.ca\\\/olympique\\\/#\\\/schema\\\/person\\\/ae879cc7903f703b76ee14154862eb23\",\"name\":\"Ariane Desrosiers\",\"image\":{\"@type\":\"ImageObject\",\"inLanguage\":\"fr-FR\",\"@id\":\"https:\\\/\\\/secure.gravatar.com\\\/avatar\\\/f7248cc9e6971153fdd196741b079c0229522d18a24f1fb69fb73c510aa6e189?s=96&d=identicon&r=gbd92884420bbfa56539e46241678b7d5\",\"url\":\"https:\\\/\\\/secure.gravatar.com\\\/avatar\\\/f7248cc9e6971153fdd196741b079c0229522d18a24f1fb69fb73c510aa6e189?s=96&d=identicon&r=g\",\"contentUrl\":\"https:\\\/\\\/secure.gravatar.com\\\/avatar\\\/f7248cc9e6971153fdd196741b079c0229522d18a24f1fb69fb73c510aa6e189?s=96&d=identicon&r=g\",\"caption\":\"Ariane Desrosiers\"},\"description\":\"Specialist, Social Sp\u00e9cialiste, M\u00e9dias num\u00e9riques\",\"url\":\"https:\\\/\\\/preprod.olympic.ca\\\/olympique\\\/author\\\/arianedesrosiers\\\/\"}]}<\/script>\n<!-- \/ Yoast SEO plugin. -->","yoast_head_json":{"title":"Mondial de hockey\u00a0: le Canada bat les \u00c9.-U. \u00e0 son match d\u2019ouverture - \u00c9quipe Canada | Site officiel de l&#039;\u00e9quipe olympique","robots":{"index":"index","follow":"follow","max-snippet":"max-snippet:-1","max-image-preview":"max-image-preview:large","max-video-preview":"max-video-preview:-1"},"canonical":"https:\/\/preprod.olympic.ca\/olympique\/2016\/05\/06\/mondial-de-hockey-le-canada-bat-les-e-u-a-son-match-douverture\/","og_locale":"fr_FR","og_type":"article","og_title":"Mondial de hockey\u00a0: le Canada bat les \u00c9.-U. \u00e0 son match d\u2019ouverture - \u00c9quipe Canada | Site officiel de l&#039;\u00e9quipe olympique","og_description":"Les champions en titre du mondial de hockey ont entam\u00e9 leur tournoi \u00e0 la ronde avec une victoire de 5...","og_url":"https:\/\/preprod.olympic.ca\/olympique\/2016\/05\/06\/mondial-de-hockey-le-canada-bat-les-e-u-a-son-match-douverture\/","og_site_name":"\u00c9quipe Canada | Site officiel de l&#039;\u00e9quipe olympique","article_published_time":"2016-05-06T18:42:48+00:00","article_modified_time":"2016-05-09T17:27:31+00:00","og_image":[{"width":670,"height":377,"url":"https:\/\/preprod.olympic.ca\/olympique\/wp-content\/uploads\/sites\/2\/2016\/05\/boone.jpg?quality=100","type":"image\/jpeg"}],"author":"Ariane Desrosiers","twitter_card":"summary_large_image","twitter_misc":{"Written by":"Ariane Desrosiers","Est. reading time":"1 minute"},"schema":{"@context":"https:\/\/schema.org","@graph":[{"@type":"Article","@id":"https:\/\/preprod.olympic.ca\/olympique\/2016\/05\/06\/mondial-de-hockey-le-canada-bat-les-e-u-a-son-match-douverture\/#article","isPartOf":{"@id":"https:\/\/preprod.olympic.ca\/olympique\/2016\/05\/06\/mondial-de-hockey-le-canada-bat-les-e-u-a-son-match-douverture\/"},"author":{"name":"Ariane Desrosiers","@id":"https:\/\/preprod.olympic.ca\/olympique\/#\/schema\/person\/ae879cc7903f703b76ee14154862eb23"},"headline":"Mondial de hockey\u00a0: le Canada bat les \u00c9.-U. \u00e0 son match d\u2019ouverture","datePublished":"2016-05-06T18:42:48+00:00","dateModified":"2016-05-09T17:27:31+00:00","mainEntityOfPage":{"@id":"https:\/\/preprod.olympic.ca\/olympique\/2016\/05\/06\/mondial-de-hockey-le-canada-bat-les-e-u-a-son-match-douverture\/"},"wordCount":271,"commentCount":0,"image":{"@id":"https:\/\/preprod.olympic.ca\/olympique\/2016\/05\/06\/mondial-de-hockey-le-canada-bat-les-e-u-a-son-match-douverture\/#primaryimage"},"thumbnailUrl":"https:\/\/preprod.olympic.ca\/olympique\/wp-content\/uploads\/sites\/2\/2016\/05\/boone.jpg?quality=100","keywords":["Brad Marchand","Brendan Gallagher","Corey Perry","IIHF","Matt Duchene","Mondial de hockey","Taylor Hall"],"articleSection":["Nouvelles"],"inLanguage":"fr-FR","potentialAction":[{"@type":"CommentAction","name":"Comment","target":["https:\/\/preprod.olympic.ca\/olympique\/2016\/05\/06\/mondial-de-hockey-le-canada-bat-les-e-u-a-son-match-douverture\/#respond"]}]},{"@type":"WebPage","@id":"https:\/\/preprod.olympic.ca\/olympique\/2016\/05\/06\/mondial-de-hockey-le-canada-bat-les-e-u-a-son-match-douverture\/","url":"https:\/\/preprod.olympic.ca\/olympique\/2016\/05\/06\/mondial-de-hockey-le-canada-bat-les-e-u-a-son-match-douverture\/","name":"Mondial de hockey\u00a0: le Canada bat les \u00c9.-U. \u00e0 son match d\u2019ouverture - \u00c9quipe Canada | Site officiel de l&#039;\u00e9quipe olympique","isPartOf":{"@id":"https:\/\/preprod.olympic.ca\/olympique\/#website"},"primaryImageOfPage":{"@id":"https:\/\/preprod.olympic.ca\/olympique\/2016\/05\/06\/mondial-de-hockey-le-canada-bat-les-e-u-a-son-match-douverture\/#primaryimage"},"image":{"@id":"https:\/\/preprod.olympic.ca\/olympique\/2016\/05\/06\/mondial-de-hockey-le-canada-bat-les-e-u-a-son-match-douverture\/#primaryimage"},"thumbnailUrl":"https:\/\/preprod.olympic.ca\/olympique\/wp-content\/uploads\/sites\/2\/2016\/05\/boone.jpg?quality=100","datePublished":"2016-05-06T18:42:48+00:00","dateModified":"2016-05-09T17:27:31+00:00","author":{"@id":"https:\/\/preprod.olympic.ca\/olympique\/#\/schema\/person\/ae879cc7903f703b76ee14154862eb23"},"inLanguage":"fr-FR","potentialAction":[{"@type":"ReadAction","target":["https:\/\/preprod.olympic.ca\/olympique\/2016\/05\/06\/mondial-de-hockey-le-canada-bat-les-e-u-a-son-match-douverture\/"]}]},{"@type":"ImageObject","inLanguage":"fr-FR","@id":"https:\/\/preprod.olympic.ca\/olympique\/2016\/05\/06\/mondial-de-hockey-le-canada-bat-les-e-u-a-son-match-douverture\/#primaryimage","url":"https:\/\/preprod.olympic.ca\/olympique\/wp-content\/uploads\/sites\/2\/2016\/05\/boone.jpg?quality=100","contentUrl":"https:\/\/preprod.olympic.ca\/olympique\/wp-content\/uploads\/sites\/2\/2016\/05\/boone.jpg?quality=100","width":670,"height":377,"caption":"Boone Jenner au Mondial de hockey IIHF."},{"@type":"WebSite","@id":"https:\/\/preprod.olympic.ca\/olympique\/#website","url":"https:\/\/preprod.olympic.ca\/olympique\/","name":"\u00c9quipe Canada | Site officiel de l&#039;\u00e9quipe olympique","description":"Votre source pour l\u2019\u00c9quipe olympique canadienne. Retrouvez les r\u00e9cits, vid\u00e9os et photos des athl\u00e8tes canadiens, sports olympiques, Jeux olympiques de 2020 et bien plus!","potentialAction":[{"@type":"SearchAction","target":{"@type":"EntryPoint","urlTemplate":"https:\/\/preprod.olympic.ca\/olympique\/?s={search_term_string}"},"query-input":{"@type":"PropertyValueSpecification","valueRequired":true,"valueName":"search_term_string"}}],"inLanguage":"fr-FR"},{"@type":"Person","@id":"https:\/\/preprod.olympic.ca\/olympique\/#\/schema\/person\/ae879cc7903f703b76ee14154862eb23","name":"Ariane Desrosiers","image":{"@type":"ImageObject","inLanguage":"fr-FR","@id":"https:\/\/secure.gravatar.com\/avatar\/f7248cc9e6971153fdd196741b079c0229522d18a24f1fb69fb73c510aa6e189?s=96&d=identicon&r=gbd92884420bbfa56539e46241678b7d5","url":"https:\/\/secure.gravatar.com\/avatar\/f7248cc9e6971153fdd196741b079c0229522d18a24f1fb69fb73c510aa6e189?s=96&d=identicon&r=g","contentUrl":"https:\/\/secure.gravatar.com\/avatar\/f7248cc9e6971153fdd196741b079c0229522d18a24f1fb69fb73c510aa6e189?s=96&d=identicon&r=g","caption":"Ariane Desrosiers"},"description":"Specialist, Social Sp\u00e9cialiste, M\u00e9dias num\u00e9riques","url":"https:\/\/preprod.olympic.ca\/olympique\/author\/arianedesrosiers\/"}]}},"jetpack_featured_media_url":"https:\/\/preprod.olympic.ca\/olympique\/wp-content\/uploads\/sites\/2\/2016\/05\/boone.jpg?quality=100","featured_image_url":"https:\/\/preprod.olympic.ca\/olympique\/wp-content\/uploads\/sites\/2\/2016\/05\/boone.jpg?quality=100","author_name":["Ariane Desrosiers"],"category_names":["Nouvelles"],"tag_names":["Brad Marchand","Brendan Gallagher","Corey Perry","IIHF","Matt Duchene","Mondial de hockey","Taylor Hall"],"video_embed_code":"","facebook_video_embed_code":"","jetpack_sharing_enabled":true,"jetpack-related-posts":[],"jetpack_shortlink":"https:\/\/wp.me\/pcGHcP-tSN","_links":{"self":[{"href":"https:\/\/preprod.olympic.ca\/olympique\/wp-json\/wp\/v2\/posts\/114873","targetHints":{"allow":["GET"]}}],"collection":[{"href":"https:\/\/preprod.olympic.ca\/olympique\/wp-json\/wp\/v2\/posts"}],"about":[{"href":"https:\/\/preprod.olympic.ca\/olympique\/wp-json\/wp\/v2\/types\/post"}],"author":[{"embeddable":true,"href":"https:\/\/preprod.olympic.ca\/olympique\/wp-json\/wp\/v2\/users\/96107080"}],"replies":[{"embeddable":true,"href":"https:\/\/preprod.olympic.ca\/olympique\/wp-json\/wp\/v2\/comments?post=114873"}],"version-history":[{"count":5,"href":"https:\/\/preprod.olympic.ca\/olympique\/wp-json\/wp\/v2\/posts\/114873\/revisions"}],"predecessor-version":[{"id":114882,"href":"https:\/\/preprod.olympic.ca\/olympique\/wp-json\/wp\/v2\/posts\/114873\/revisions\/114882"}],"wp:featuredmedia":[{"embeddable":true,"href":"https:\/\/preprod.olympic.ca\/olympique\/wp-json\/wp\/v2\/media\/114877"}],"wp:attachment":[{"href":"https:\/\/preprod.olympic.ca\/olympique\/wp-json\/wp\/v2\/media?parent=114873"}],"wp:term":[{"taxonomy":"category","embeddable":true,"href":"https:\/\/preprod.olympic.ca\/olympique\/wp-json\/wp\/v2\/categories?post=114873"},{"taxonomy":"post_tag","embeddable":true,"href":"https:\/\/preprod.olympic.ca\/olympique\/wp-json\/wp\/v2\/tags?post=114873"},{"taxonomy":"post_format","embeddable":true,"href":"https:\/\/preprod.olympic.ca\/olympique\/wp-json\/wp\/v2\/post_format?post=114873"},{"taxonomy":"sport","embeddable":true,"href":"https:\/\/preprod.olympic.ca\/olympique\/wp-json\/wp\/v2\/sport?post=114873"},{"taxonomy":"game","embeddable":true,"href":"https:\/\/preprod.olympic.ca\/olympique\/wp-json\/wp\/v2\/game?post=114873"},{"taxonomy":"author","embeddable":true,"href":"https:\/\/preprod.olympic.ca\/olympique\/wp-json\/wp\/v2\/coauthors?post=114873"}],"curies":[{"name":"wp","href":"https:\/\/api.w.org\/{rel}","templated":true}]}}