{"id":115002,"date":"2016-05-11T15:52:15","date_gmt":"2016-05-11T19:52:15","guid":{"rendered":"http:\/\/olympique.ca\/?p=115002"},"modified":"2016-05-12T15:49:47","modified_gmt":"2016-05-12T19:49:47","slug":"bouchard-avance-raonic-baisse-pavillon-a-rome","status":"publish","type":"post","link":"https:\/\/preprod.olympic.ca\/olympique\/2016\/05\/11\/bouchard-avance-raonic-baisse-pavillon-a-rome\/","title":{"rendered":"Bouchard avance, Raonic baisse pavillon \u00e0 Rome"},"content":{"rendered":"<h1>Deux en deux pour la Canadienne\u00a0Eugenie Bouchard qui a eu le dessus sur l\u2019Allemande Angelique Kerber pour passer au troisi\u00e8me tour des Internationaux d\u2019Italie.<\/h1>\n<p>L\u2019athl\u00e8te de 22 ans a montr\u00e9 la porte de sortie \u00e0 la 2<sup>e<\/sup> raquette mondiale en trois manches de 6-1, 5-7 et 7-5, mercredi \u00e0 Rome.<\/p>\n<div class=\"embed-twitter\">\n<blockquote class=\"twitter-tweet\" data-width=\"550\">\n<p lang=\"en\" dir=\"ltr\">.<a href=\"https:\/\/twitter.com\/geniebouchard\">@GenieBouchard<\/a> drills a backhand in the corner! <\/p>\n<p>Takes the opening set vs Kerber 6-1! <a href=\"https:\/\/twitter.com\/hashtag\/ibi16?src=hash\">#ibi16<\/a>  <a href=\"https:\/\/t.co\/MbQfsuENEJ\">https:\/\/t.co\/MbQfsuENEJ<\/a><\/p>\n<p>&mdash; WTA (@WTA) <a href=\"https:\/\/twitter.com\/WTA\/status\/730355532733677568\">May 11, 2016<\/a><\/p><\/blockquote>\n<p><script async src=\"\/\/platform.twitter.com\/widgets.js\" charset=\"utf-8\"><\/script><\/div>\n<p>Kerber, qui est aussi la championne en titre des Internationaux d\u2019Australie, n\u2019\u00e9tait pas dans son assiette en d\u00e9but de rencontre ce qui a permis \u00e0 Bouchard de rapidement prendre les devants\u00a06-1.<\/p>\n<p>Plusieurs langues sales pr\u00e9disaient d\u00e9j\u00e0 une autre victoire \u00ab\u00a0facile\u00a0\u00bb de Bouchard a<a href=\"http:\/\/olympique.ca\/2016\/05\/10\/eugenie-bouchard-defait-lancienne-numero-1-mondiale-jelena-jankovic\/\">pr\u00e8s avoir battu une Jankovic pas \u00e0 son meilleur<\/a> la veille. Mais c\u2019est \u00e0 ce moment pr\u00e9cis que l\u2019Allemande a repris du poil de la b\u00eate et s\u2019est mise \u00e0 jouer son meilleur tennis \u00e0 mi-chemin en deuxi\u00e8me manche. \u00c0 4-3 au service, la Canadienne\u00a0fut d\u00e9jou\u00e9e par ses propres fautes directes pour donner une occasion de briser \u00e0 son adversaire. Comme de fait, Angelique Kerber sut saisir les occasions de marquer pour cr\u00e9er l\u2019\u00e9galit\u00e9 et forcer une manche ultime.<\/p>\n<p>[coc_content_zones zone=\u00a0\u00bbStory &#8211; Eugenie Bouchard d\u00e9fait l&rsquo;ancienne num\u00e9ro 1 mondiale Jelena Jankovic\u00a0\u00bb]<\/p>\n<p>L\u2019Allemande a prouv\u00e9 en d\u00e9but de troisi\u00e8me manche pourquoi elle est parmi les meilleures au monde en prenant le contr\u00f4le du jeu pour mener 2-0. Cependant, Eugenie Bouchard n\u2019a pas baiss\u00e9 les bras et elle a su remonter la pente et apr\u00e8s deux bris, servir pour le match.<\/p>\n<div class=\"embed-twitter\">\n<blockquote class=\"twitter-tweet\" data-width=\"550\">\n<p lang=\"en\" dir=\"ltr\">Genie gets it done!! She notches her 3rd win over Kerber 6-1, 5-7, 7-5 to reach the 3rd round in Rome. <a href=\"https:\/\/twitter.com\/hashtag\/CdnTennis?src=hash\">#CdnTennis<\/a> <a href=\"https:\/\/t.co\/X8t9aTk3Wu\">pic.twitter.com\/X8t9aTk3Wu<\/a><\/p>\n<p>&mdash; Tennis Canada (@TennisCanada) <a href=\"https:\/\/twitter.com\/TennisCanada\/status\/730384401775927297\">May 11, 2016<\/a><\/p><\/blockquote>\n<p><script async src=\"\/\/platform.twitter.com\/widgets.js\" charset=\"utf-8\"><\/script><\/div>\n<p>Cette victoire marque la premi\u00e8re fois que la Canadienne \u00e9vince une joueuse du top\u00a010 depuis qu\u2019elle a montr\u00e9 la porte de sortie \u00e0 Caroline Wozniacki (7e au monde) en septembre 2014.<\/p>\n<p>Au troisi\u00e8me tour, elle affrontera Barbora Strycova de la R\u00e9publique tch\u00e8que, class\u00e9e 36<sup>e<\/sup> au monde, pour une place en quarts de finale.<\/p>\n<p><img loading=\"lazy\" decoding=\"async\" class=\"alignnone size-large wp-image-115012\" src=\"https:\/\/preprod.olympic.ca\/wp-content\/uploads\/sites\/2\/2016\/05\/11330146.jpg?quality=100&amp;w=1170\" alt=\"Monte Carlo Tennis Master\" width=\"1170\" height=\"754\" srcset=\"https:\/\/preprod.olympic.ca\/olympique\/wp-content\/uploads\/sites\/2\/2016\/05\/11330146.jpg 2886w, https:\/\/preprod.olympic.ca\/olympique\/wp-content\/uploads\/sites\/2\/2016\/05\/11330146.jpg?resize=245,158 245w, https:\/\/preprod.olympic.ca\/olympique\/wp-content\/uploads\/sites\/2\/2016\/05\/11330146.jpg?resize=576,371 576w, https:\/\/preprod.olympic.ca\/olympique\/wp-content\/uploads\/sites\/2\/2016\/05\/11330146.jpg?resize=768,495 768w, https:\/\/preprod.olympic.ca\/olympique\/wp-content\/uploads\/sites\/2\/2016\/05\/11330146.jpg?resize=1170,754 1170w, https:\/\/preprod.olympic.ca\/olympique\/wp-content\/uploads\/sites\/2\/2016\/05\/11330146.jpg?resize=1536,990 1536w, https:\/\/preprod.olympic.ca\/olympique\/wp-content\/uploads\/sites\/2\/2016\/05\/11330146.jpg?resize=2048,1320 2048w\" sizes=\"(max-width: 1170px) 100vw, 1170px\" \/><\/p>\n<p>Ce f\u00fbt une plus dure journ\u00e9e au boulot pour <a href=\"http:\/\/olympique.ca\/team-canada\/milos-raonic\/\">Milos Raonic<\/a> qui a \u00e9t\u00e9 \u00e9limin\u00e9\u00a0l&rsquo;Australien Nick Kyrgios au compte de 7-6 (5), 6-3. Le Canadien qui jouait avec moins d&rsquo;intensit\u00e9 qu&rsquo;\u00e0 son habitude n&rsquo;a pas \u00e9t\u00e9 assez rapide pour le jeune Kyrgios qui passe au prochain tour o\u00f9 il affrontera Rafael Nadal pour une place en quarts de finale.<\/p>\n<p>Raonic fait ses bagages et se dirigera vers la capitale fran\u00e7aise pour le tournoi de Roland-Garros.<\/p>\n","protected":false},"excerpt":{"rendered":"<p>Deux en deux pour la Canadienne\u00a0Eugenie Bouchard qui a eu le dessus sur l\u2019Allemande Angelique Kerber pour passer au troisi\u00e8me&#8230;<\/p>\n","protected":false},"author":96107080,"featured_media":115003,"comment_status":"open","ping_status":"closed","sticky":false,"template":"","format":"standard","meta":{"_acf_changed":false,"_jetpack_memberships_contains_paid_content":false,"footnotes":""},"categories":[1],"tags":[1681680,14359971,415983118,415983128,23905354,59339099],"post_format":"standard","sport":[1999],"game":[],"coauthors":[209272438],"class_list":["post-115002","post","type-post","status-publish","format-standard","has-post-thumbnail","hentry","category-uncategorized","tag-angelique-kerber","tag-eugenie-bouchard","tag-internationaux-ditalie","tag-masters-de-tennis","tag-milos-raonic","tag-nick-kyrgios","sport-tennis"],"acf":[],"yoast_head":"<!-- This site is optimized with the Yoast SEO plugin v27.3 - https:\/\/yoast.com\/product\/yoast-seo-wordpress\/ -->\n<title>Bouchard avance, Raonic baisse pavillon \u00e0 Rome - \u00c9quipe Canada | Site officiel de l&#039;\u00e9quipe olympique<\/title>\n<meta name=\"robots\" content=\"index, follow, max-snippet:-1, max-image-preview:large, max-video-preview:-1\" \/>\n<link rel=\"canonical\" href=\"https:\/\/preprod.olympic.ca\/olympique\/2016\/05\/11\/bouchard-avance-raonic-baisse-pavillon-a-rome\/\" \/>\n<meta property=\"og:locale\" content=\"fr_FR\" \/>\n<meta property=\"og:type\" content=\"article\" \/>\n<meta property=\"og:title\" content=\"Bouchard avance, Raonic baisse pavillon \u00e0 Rome - \u00c9quipe Canada | Site officiel de l&#039;\u00e9quipe olympique\" \/>\n<meta property=\"og:description\" content=\"Deux en deux pour la Canadienne\u00a0Eugenie Bouchard qui a eu le dessus sur l\u2019Allemande Angelique Kerber pour passer au troisi\u00e8me...\" \/>\n<meta property=\"og:url\" content=\"https:\/\/preprod.olympic.ca\/olympique\/2016\/05\/11\/bouchard-avance-raonic-baisse-pavillon-a-rome\/\" \/>\n<meta property=\"og:site_name\" content=\"\u00c9quipe Canada | Site officiel de l&#039;\u00e9quipe olympique\" \/>\n<meta property=\"article:published_time\" content=\"2016-05-11T19:52:15+00:00\" \/>\n<meta property=\"article:modified_time\" content=\"2016-05-12T19:49:47+00:00\" \/>\n<meta property=\"og:image\" content=\"https:\/\/preprod.olympic.ca\/olympique\/wp-content\/uploads\/sites\/2\/2016\/05\/bouchard3.jpg?quality=100\" \/>\n\t<meta property=\"og:image:width\" content=\"670\" \/>\n\t<meta property=\"og:image:height\" content=\"377\" \/>\n\t<meta property=\"og:image:type\" content=\"image\/jpeg\" \/>\n<meta name=\"author\" content=\"Ariane Desrosiers\" \/>\n<meta name=\"twitter:card\" content=\"summary_large_image\" \/>\n<meta name=\"twitter:label1\" content=\"Written by\" \/>\n\t<meta name=\"twitter:data1\" content=\"Ariane Desrosiers\" \/>\n\t<meta name=\"twitter:label2\" content=\"Est. reading time\" \/>\n\t<meta name=\"twitter:data2\" content=\"2 minutes\" \/>\n<script type=\"application\/ld+json\" class=\"yoast-schema-graph\">{\"@context\":\"https:\\\/\\\/schema.org\",\"@graph\":[{\"@type\":\"Article\",\"@id\":\"https:\\\/\\\/preprod.olympic.ca\\\/olympique\\\/2016\\\/05\\\/11\\\/bouchard-avance-raonic-baisse-pavillon-a-rome\\\/#article\",\"isPartOf\":{\"@id\":\"https:\\\/\\\/preprod.olympic.ca\\\/olympique\\\/2016\\\/05\\\/11\\\/bouchard-avance-raonic-baisse-pavillon-a-rome\\\/\"},\"author\":{\"name\":\"Ariane Desrosiers\",\"@id\":\"https:\\\/\\\/preprod.olympic.ca\\\/olympique\\\/#\\\/schema\\\/person\\\/ae879cc7903f703b76ee14154862eb23\"},\"headline\":\"Bouchard avance, Raonic baisse pavillon \u00e0 Rome\",\"datePublished\":\"2016-05-11T19:52:15+00:00\",\"dateModified\":\"2016-05-12T19:49:47+00:00\",\"mainEntityOfPage\":{\"@id\":\"https:\\\/\\\/preprod.olympic.ca\\\/olympique\\\/2016\\\/05\\\/11\\\/bouchard-avance-raonic-baisse-pavillon-a-rome\\\/\"},\"wordCount\":414,\"commentCount\":0,\"image\":{\"@id\":\"https:\\\/\\\/preprod.olympic.ca\\\/olympique\\\/2016\\\/05\\\/11\\\/bouchard-avance-raonic-baisse-pavillon-a-rome\\\/#primaryimage\"},\"thumbnailUrl\":\"https:\\\/\\\/preprod.olympic.ca\\\/olympique\\\/wp-content\\\/uploads\\\/sites\\\/2\\\/2016\\\/05\\\/bouchard3.jpg?quality=100\",\"keywords\":[\"Angelique Kerber\",\"Eugenie Bouchard\",\"Internationaux d'italie\",\"Masters de tennis\",\"Milos Raonic\",\"Nick Kyrgios\"],\"articleSection\":[\"Uncategorized\"],\"inLanguage\":\"fr-FR\",\"potentialAction\":[{\"@type\":\"CommentAction\",\"name\":\"Comment\",\"target\":[\"https:\\\/\\\/preprod.olympic.ca\\\/olympique\\\/2016\\\/05\\\/11\\\/bouchard-avance-raonic-baisse-pavillon-a-rome\\\/#respond\"]}]},{\"@type\":\"WebPage\",\"@id\":\"https:\\\/\\\/preprod.olympic.ca\\\/olympique\\\/2016\\\/05\\\/11\\\/bouchard-avance-raonic-baisse-pavillon-a-rome\\\/\",\"url\":\"https:\\\/\\\/preprod.olympic.ca\\\/olympique\\\/2016\\\/05\\\/11\\\/bouchard-avance-raonic-baisse-pavillon-a-rome\\\/\",\"name\":\"Bouchard avance, Raonic baisse pavillon \u00e0 Rome - \u00c9quipe Canada | Site officiel de l&#039;\u00e9quipe olympique\",\"isPartOf\":{\"@id\":\"https:\\\/\\\/preprod.olympic.ca\\\/olympique\\\/#website\"},\"primaryImageOfPage\":{\"@id\":\"https:\\\/\\\/preprod.olympic.ca\\\/olympique\\\/2016\\\/05\\\/11\\\/bouchard-avance-raonic-baisse-pavillon-a-rome\\\/#primaryimage\"},\"image\":{\"@id\":\"https:\\\/\\\/preprod.olympic.ca\\\/olympique\\\/2016\\\/05\\\/11\\\/bouchard-avance-raonic-baisse-pavillon-a-rome\\\/#primaryimage\"},\"thumbnailUrl\":\"https:\\\/\\\/preprod.olympic.ca\\\/olympique\\\/wp-content\\\/uploads\\\/sites\\\/2\\\/2016\\\/05\\\/bouchard3.jpg?quality=100\",\"datePublished\":\"2016-05-11T19:52:15+00:00\",\"dateModified\":\"2016-05-12T19:49:47+00:00\",\"author\":{\"@id\":\"https:\\\/\\\/preprod.olympic.ca\\\/olympique\\\/#\\\/schema\\\/person\\\/ae879cc7903f703b76ee14154862eb23\"},\"inLanguage\":\"fr-FR\",\"potentialAction\":[{\"@type\":\"ReadAction\",\"target\":[\"https:\\\/\\\/preprod.olympic.ca\\\/olympique\\\/2016\\\/05\\\/11\\\/bouchard-avance-raonic-baisse-pavillon-a-rome\\\/\"]}]},{\"@type\":\"ImageObject\",\"inLanguage\":\"fr-FR\",\"@id\":\"https:\\\/\\\/preprod.olympic.ca\\\/olympique\\\/2016\\\/05\\\/11\\\/bouchard-avance-raonic-baisse-pavillon-a-rome\\\/#primaryimage\",\"url\":\"https:\\\/\\\/preprod.olympic.ca\\\/olympique\\\/wp-content\\\/uploads\\\/sites\\\/2\\\/2016\\\/05\\\/bouchard3.jpg?quality=100\",\"contentUrl\":\"https:\\\/\\\/preprod.olympic.ca\\\/olympique\\\/wp-content\\\/uploads\\\/sites\\\/2\\\/2016\\\/05\\\/bouchard3.jpg?quality=100\",\"width\":670,\"height\":377,\"caption\":\"Eugenie Bouchard au service contre Angelique Kerber aux Internationaux d'italie, le 11 avril 2016.\"},{\"@type\":\"WebSite\",\"@id\":\"https:\\\/\\\/preprod.olympic.ca\\\/olympique\\\/#website\",\"url\":\"https:\\\/\\\/preprod.olympic.ca\\\/olympique\\\/\",\"name\":\"\u00c9quipe Canada | Site officiel de l&#039;\u00e9quipe olympique\",\"description\":\"Votre source pour l\u2019\u00c9quipe olympique canadienne. Retrouvez les r\u00e9cits, vid\u00e9os et photos des athl\u00e8tes canadiens, sports olympiques, Jeux olympiques de 2020 et bien plus!\",\"potentialAction\":[{\"@type\":\"SearchAction\",\"target\":{\"@type\":\"EntryPoint\",\"urlTemplate\":\"https:\\\/\\\/preprod.olympic.ca\\\/olympique\\\/?s={search_term_string}\"},\"query-input\":{\"@type\":\"PropertyValueSpecification\",\"valueRequired\":true,\"valueName\":\"search_term_string\"}}],\"inLanguage\":\"fr-FR\"},{\"@type\":\"Person\",\"@id\":\"https:\\\/\\\/preprod.olympic.ca\\\/olympique\\\/#\\\/schema\\\/person\\\/ae879cc7903f703b76ee14154862eb23\",\"name\":\"Ariane Desrosiers\",\"image\":{\"@type\":\"ImageObject\",\"inLanguage\":\"fr-FR\",\"@id\":\"https:\\\/\\\/secure.gravatar.com\\\/avatar\\\/f7248cc9e6971153fdd196741b079c0229522d18a24f1fb69fb73c510aa6e189?s=96&d=identicon&r=gbd92884420bbfa56539e46241678b7d5\",\"url\":\"https:\\\/\\\/secure.gravatar.com\\\/avatar\\\/f7248cc9e6971153fdd196741b079c0229522d18a24f1fb69fb73c510aa6e189?s=96&d=identicon&r=g\",\"contentUrl\":\"https:\\\/\\\/secure.gravatar.com\\\/avatar\\\/f7248cc9e6971153fdd196741b079c0229522d18a24f1fb69fb73c510aa6e189?s=96&d=identicon&r=g\",\"caption\":\"Ariane Desrosiers\"},\"description\":\"Specialist, Social Sp\u00e9cialiste, M\u00e9dias num\u00e9riques\",\"url\":\"https:\\\/\\\/preprod.olympic.ca\\\/olympique\\\/author\\\/arianedesrosiers\\\/\"}]}<\/script>\n<!-- \/ Yoast SEO plugin. -->","yoast_head_json":{"title":"Bouchard avance, Raonic baisse pavillon \u00e0 Rome - \u00c9quipe Canada | Site officiel de l&#039;\u00e9quipe olympique","robots":{"index":"index","follow":"follow","max-snippet":"max-snippet:-1","max-image-preview":"max-image-preview:large","max-video-preview":"max-video-preview:-1"},"canonical":"https:\/\/preprod.olympic.ca\/olympique\/2016\/05\/11\/bouchard-avance-raonic-baisse-pavillon-a-rome\/","og_locale":"fr_FR","og_type":"article","og_title":"Bouchard avance, Raonic baisse pavillon \u00e0 Rome - \u00c9quipe Canada | Site officiel de l&#039;\u00e9quipe olympique","og_description":"Deux en deux pour la Canadienne\u00a0Eugenie Bouchard qui a eu le dessus sur l\u2019Allemande Angelique Kerber pour passer au troisi\u00e8me...","og_url":"https:\/\/preprod.olympic.ca\/olympique\/2016\/05\/11\/bouchard-avance-raonic-baisse-pavillon-a-rome\/","og_site_name":"\u00c9quipe Canada | Site officiel de l&#039;\u00e9quipe olympique","article_published_time":"2016-05-11T19:52:15+00:00","article_modified_time":"2016-05-12T19:49:47+00:00","og_image":[{"width":670,"height":377,"url":"https:\/\/preprod.olympic.ca\/olympique\/wp-content\/uploads\/sites\/2\/2016\/05\/bouchard3.jpg?quality=100","type":"image\/jpeg"}],"author":"Ariane Desrosiers","twitter_card":"summary_large_image","twitter_misc":{"Written by":"Ariane Desrosiers","Est. reading time":"2 minutes"},"schema":{"@context":"https:\/\/schema.org","@graph":[{"@type":"Article","@id":"https:\/\/preprod.olympic.ca\/olympique\/2016\/05\/11\/bouchard-avance-raonic-baisse-pavillon-a-rome\/#article","isPartOf":{"@id":"https:\/\/preprod.olympic.ca\/olympique\/2016\/05\/11\/bouchard-avance-raonic-baisse-pavillon-a-rome\/"},"author":{"name":"Ariane Desrosiers","@id":"https:\/\/preprod.olympic.ca\/olympique\/#\/schema\/person\/ae879cc7903f703b76ee14154862eb23"},"headline":"Bouchard avance, Raonic baisse pavillon \u00e0 Rome","datePublished":"2016-05-11T19:52:15+00:00","dateModified":"2016-05-12T19:49:47+00:00","mainEntityOfPage":{"@id":"https:\/\/preprod.olympic.ca\/olympique\/2016\/05\/11\/bouchard-avance-raonic-baisse-pavillon-a-rome\/"},"wordCount":414,"commentCount":0,"image":{"@id":"https:\/\/preprod.olympic.ca\/olympique\/2016\/05\/11\/bouchard-avance-raonic-baisse-pavillon-a-rome\/#primaryimage"},"thumbnailUrl":"https:\/\/preprod.olympic.ca\/olympique\/wp-content\/uploads\/sites\/2\/2016\/05\/bouchard3.jpg?quality=100","keywords":["Angelique Kerber","Eugenie Bouchard","Internationaux d'italie","Masters de tennis","Milos Raonic","Nick Kyrgios"],"articleSection":["Uncategorized"],"inLanguage":"fr-FR","potentialAction":[{"@type":"CommentAction","name":"Comment","target":["https:\/\/preprod.olympic.ca\/olympique\/2016\/05\/11\/bouchard-avance-raonic-baisse-pavillon-a-rome\/#respond"]}]},{"@type":"WebPage","@id":"https:\/\/preprod.olympic.ca\/olympique\/2016\/05\/11\/bouchard-avance-raonic-baisse-pavillon-a-rome\/","url":"https:\/\/preprod.olympic.ca\/olympique\/2016\/05\/11\/bouchard-avance-raonic-baisse-pavillon-a-rome\/","name":"Bouchard avance, Raonic baisse pavillon \u00e0 Rome - \u00c9quipe Canada | Site officiel de l&#039;\u00e9quipe olympique","isPartOf":{"@id":"https:\/\/preprod.olympic.ca\/olympique\/#website"},"primaryImageOfPage":{"@id":"https:\/\/preprod.olympic.ca\/olympique\/2016\/05\/11\/bouchard-avance-raonic-baisse-pavillon-a-rome\/#primaryimage"},"image":{"@id":"https:\/\/preprod.olympic.ca\/olympique\/2016\/05\/11\/bouchard-avance-raonic-baisse-pavillon-a-rome\/#primaryimage"},"thumbnailUrl":"https:\/\/preprod.olympic.ca\/olympique\/wp-content\/uploads\/sites\/2\/2016\/05\/bouchard3.jpg?quality=100","datePublished":"2016-05-11T19:52:15+00:00","dateModified":"2016-05-12T19:49:47+00:00","author":{"@id":"https:\/\/preprod.olympic.ca\/olympique\/#\/schema\/person\/ae879cc7903f703b76ee14154862eb23"},"inLanguage":"fr-FR","potentialAction":[{"@type":"ReadAction","target":["https:\/\/preprod.olympic.ca\/olympique\/2016\/05\/11\/bouchard-avance-raonic-baisse-pavillon-a-rome\/"]}]},{"@type":"ImageObject","inLanguage":"fr-FR","@id":"https:\/\/preprod.olympic.ca\/olympique\/2016\/05\/11\/bouchard-avance-raonic-baisse-pavillon-a-rome\/#primaryimage","url":"https:\/\/preprod.olympic.ca\/olympique\/wp-content\/uploads\/sites\/2\/2016\/05\/bouchard3.jpg?quality=100","contentUrl":"https:\/\/preprod.olympic.ca\/olympique\/wp-content\/uploads\/sites\/2\/2016\/05\/bouchard3.jpg?quality=100","width":670,"height":377,"caption":"Eugenie Bouchard au service contre Angelique Kerber aux Internationaux d'italie, le 11 avril 2016."},{"@type":"WebSite","@id":"https:\/\/preprod.olympic.ca\/olympique\/#website","url":"https:\/\/preprod.olympic.ca\/olympique\/","name":"\u00c9quipe Canada | Site officiel de l&#039;\u00e9quipe olympique","description":"Votre source pour l\u2019\u00c9quipe olympique canadienne. Retrouvez les r\u00e9cits, vid\u00e9os et photos des athl\u00e8tes canadiens, sports olympiques, Jeux olympiques de 2020 et bien plus!","potentialAction":[{"@type":"SearchAction","target":{"@type":"EntryPoint","urlTemplate":"https:\/\/preprod.olympic.ca\/olympique\/?s={search_term_string}"},"query-input":{"@type":"PropertyValueSpecification","valueRequired":true,"valueName":"search_term_string"}}],"inLanguage":"fr-FR"},{"@type":"Person","@id":"https:\/\/preprod.olympic.ca\/olympique\/#\/schema\/person\/ae879cc7903f703b76ee14154862eb23","name":"Ariane Desrosiers","image":{"@type":"ImageObject","inLanguage":"fr-FR","@id":"https:\/\/secure.gravatar.com\/avatar\/f7248cc9e6971153fdd196741b079c0229522d18a24f1fb69fb73c510aa6e189?s=96&d=identicon&r=gbd92884420bbfa56539e46241678b7d5","url":"https:\/\/secure.gravatar.com\/avatar\/f7248cc9e6971153fdd196741b079c0229522d18a24f1fb69fb73c510aa6e189?s=96&d=identicon&r=g","contentUrl":"https:\/\/secure.gravatar.com\/avatar\/f7248cc9e6971153fdd196741b079c0229522d18a24f1fb69fb73c510aa6e189?s=96&d=identicon&r=g","caption":"Ariane Desrosiers"},"description":"Specialist, Social Sp\u00e9cialiste, M\u00e9dias num\u00e9riques","url":"https:\/\/preprod.olympic.ca\/olympique\/author\/arianedesrosiers\/"}]}},"jetpack_featured_media_url":"https:\/\/preprod.olympic.ca\/olympique\/wp-content\/uploads\/sites\/2\/2016\/05\/bouchard3.jpg?quality=100","featured_image_url":"https:\/\/preprod.olympic.ca\/olympique\/wp-content\/uploads\/sites\/2\/2016\/05\/bouchard3.jpg?quality=100","author_name":["Ariane Desrosiers"],"category_names":["Uncategorized"],"tag_names":["Angelique Kerber","Eugenie Bouchard","Internationaux d'italie","Masters de tennis","Milos Raonic","Nick Kyrgios"],"video_embed_code":"","facebook_video_embed_code":"","jetpack_sharing_enabled":true,"jetpack-related-posts":[],"jetpack_shortlink":"https:\/\/wp.me\/pcGHcP-tUS","_links":{"self":[{"href":"https:\/\/preprod.olympic.ca\/olympique\/wp-json\/wp\/v2\/posts\/115002","targetHints":{"allow":["GET"]}}],"collection":[{"href":"https:\/\/preprod.olympic.ca\/olympique\/wp-json\/wp\/v2\/posts"}],"about":[{"href":"https:\/\/preprod.olympic.ca\/olympique\/wp-json\/wp\/v2\/types\/post"}],"author":[{"embeddable":true,"href":"https:\/\/preprod.olympic.ca\/olympique\/wp-json\/wp\/v2\/users\/96107080"}],"replies":[{"embeddable":true,"href":"https:\/\/preprod.olympic.ca\/olympique\/wp-json\/wp\/v2\/comments?post=115002"}],"version-history":[{"count":8,"href":"https:\/\/preprod.olympic.ca\/olympique\/wp-json\/wp\/v2\/posts\/115002\/revisions"}],"predecessor-version":[{"id":115016,"href":"https:\/\/preprod.olympic.ca\/olympique\/wp-json\/wp\/v2\/posts\/115002\/revisions\/115016"}],"wp:featuredmedia":[{"embeddable":true,"href":"https:\/\/preprod.olympic.ca\/olympique\/wp-json\/wp\/v2\/media\/115003"}],"wp:attachment":[{"href":"https:\/\/preprod.olympic.ca\/olympique\/wp-json\/wp\/v2\/media?parent=115002"}],"wp:term":[{"taxonomy":"category","embeddable":true,"href":"https:\/\/preprod.olympic.ca\/olympique\/wp-json\/wp\/v2\/categories?post=115002"},{"taxonomy":"post_tag","embeddable":true,"href":"https:\/\/preprod.olympic.ca\/olympique\/wp-json\/wp\/v2\/tags?post=115002"},{"taxonomy":"post_format","embeddable":true,"href":"https:\/\/preprod.olympic.ca\/olympique\/wp-json\/wp\/v2\/post_format?post=115002"},{"taxonomy":"sport","embeddable":true,"href":"https:\/\/preprod.olympic.ca\/olympique\/wp-json\/wp\/v2\/sport?post=115002"},{"taxonomy":"game","embeddable":true,"href":"https:\/\/preprod.olympic.ca\/olympique\/wp-json\/wp\/v2\/game?post=115002"},{"taxonomy":"author","embeddable":true,"href":"https:\/\/preprod.olympic.ca\/olympique\/wp-json\/wp\/v2\/coauthors?post=115002"}],"curies":[{"name":"wp","href":"https:\/\/api.w.org\/{rel}","templated":true}]}}