{"id":116082,"date":"2016-06-16T17:17:31","date_gmt":"2016-06-16T21:17:31","guid":{"rendered":"http:\/\/olympique.ca\/?p=116082"},"modified":"2016-06-20T15:24:25","modified_gmt":"2016-06-20T19:24:25","slug":"qui-guideront-les-athletes-dequipe-canada-a-rio-2016","status":"publish","type":"post","link":"https:\/\/preprod.olympic.ca\/olympique\/2016\/06\/16\/qui-guideront-les-athletes-dequipe-canada-a-rio-2016\/","title":{"rendered":"Qui guideront les athl\u00e8tes d&rsquo;\u00c9quipe Canada \u00e0 Rio 2016 ?"},"content":{"rendered":"<h1>\u00c0 Rio cet \u00e9t\u00e9, le Canada enverra la 25<sup>e<\/sup> d\u00e9l\u00e9gation de son histoire \u00e0 ce grand rassemblement olympique. Afin de bien \u00e9pauler ses athl\u00e8tes, le Comit\u00e9 olympique canadien a d\u00e9sign\u00e9 un\u00a0chef de mission et deux chefs de mission adjointes.<\/h1>\n<h1>Ces trois G\u00e9ants du sport canadien sont \u00e0 la fois rassembleurs, riches en exp\u00e9rience et poss\u00e8dent une grande cr\u00e9dibilit\u00e9 sur la sc\u00e8ne internationale.<\/h1>\n<p>C\u2019est ainsi que Curt Harnett, Isabelle Charest et Carol Huynh ont accept\u00e9 l\u2019honorable mission de repr\u00e9senter dignement l\u2019unifoli\u00e9 tout en assurant la coh\u00e9sion entre les repr\u00e9sentants du Nord qui prendront d\u2019assaut le Br\u00e9sil en ao\u00fbt prochain.<\/p>\n<h2><a href=\"http:\/\/olympique.ca\/team-canada\/curtis-harnett\/\">Curt Harnett<\/a><\/h2>\n<p><a href=\"http:\/\/olympique.ca\/team-canada\/curtis-harnett\/\">Triple m\u00e9daill\u00e9 olympique en cyclisme sur piste<\/a>, l\u2019ancien sprinteur ontarien agira \u00e0 titre de chef de mission pour la d\u00e9l\u00e9gation canadienne aux Jeux de Rio. Le triple m\u00e9daill\u00e9 olympique (Los Angeles 1984 &#8211; argent, Barcelone 1992 &#8211; bronze, Atlanta 1996 &#8211; bronze) a \u00e9t\u00e9 sacr\u00e9 champion canadien \u00e0 plus de trente reprises\u00a0a \u00e9t\u00e9 tenant d&rsquo;un record du monde pendant 11 ans. C&rsquo;est pas rien!<\/p>\n<div class=\"tiled-gallery type-rectangular tiled-gallery-unresized\" data-original-width=\"1360\" data-carousel-extra='null' itemscope itemtype=\"http:\/\/schema.org\/ImageGallery\" > <div class=\"gallery-row\" style=\"width: 1360px; height: 295px;\" data-original-width=\"1360\" data-original-height=\"295\" > <div class=\"gallery-group images-1\" style=\"width: 338px; height: 295px;\" data-original-width=\"338\" data-original-height=\"295\" > <div class=\"tiled-gallery-item tiled-gallery-item-large\" itemprop=\"associatedMedia\" itemscope itemtype=\"http:\/\/schema.org\/ImageObject\"> <a href=\"https:\/\/preprod.olympic.ca\/olympique\/2013\/10\/10\/curt-harnett-nomme-chef-de-mission-pour-to2015\/harnett-curt-17\/#main\" border=\"0\" itemprop=\"url\"> <meta itemprop=\"width\" content=\"334\"> <meta itemprop=\"height\" content=\"291\"> <img decoding=\"async\" data-recalc-dims=\"1\" class=\"\" data-attachment-id=\"86471\" data-orig-file=\"https:\/\/preprod.olympic.ca\/olympique\/wp-content\/uploads\/sites\/2\/2013\/10\/harnett-1996-oly-5.jpg?quality=100\" data-orig-size=\"3000,2614\" data-comments-opened=\"1\" data-image-meta=\"{&quot;aperture&quot;:&quot;0&quot;,&quot;credit&quot;:&quot;Canadian Olympic Committee&quot;,&quot;camera&quot;:&quot;&quot;,&quot;caption&quot;:&quot;Canada\\u0027s Curt Harnett competes in the track cycling event at the 1996 Olympic games in Atlanta. (CP PHOTO\\\/ COC\\\/ Mike Ridewood) \\r\\n\\r\\nCurt Harnett du Canada participe \\u00e0 une \\u00e9preuve de cyclisme sur piste aux Jeux olympiques d\\u0027Atlanta de 1996. (Photo PC\\\/AOC)&quot;,&quot;created_timestamp&quot;:&quot;837734400&quot;,&quot;copyright&quot;:&quot;&quot;,&quot;focal_length&quot;:&quot;0&quot;,&quot;iso&quot;:&quot;0&quot;,&quot;shutter_speed&quot;:&quot;0&quot;,&quot;title&quot;:&quot;Harnett , Curt&quot;}\" data-image-title=\"Harnett , Curt\" data-image-description=\"&lt;p&gt;Canada&amp;rsquo;s Curt Harnett competes in the track cycling event at the 1996 Olympic games in Atlanta. (CP PHOTO\/ COC\/ Mike Ridewood) &lt;\/p&gt; &lt;p&gt;Curt Harnett du Canada participe \u00e0 une \u00e9preuve de cyclisme sur piste aux Jeux olympiques d&amp;rsquo;Atlanta de 1996. (Photo PC\/AOC)&lt;\/p&gt; \" data-medium-file=\"https:\/\/preprod.olympic.ca\/olympique\/wp-content\/uploads\/sites\/2\/2013\/10\/harnett-1996-oly-5.jpg?quality=100&#038;w=426\" data-large-file=\"https:\/\/preprod.olympic.ca\/olympique\/wp-content\/uploads\/sites\/2\/2013\/10\/harnett-1996-oly-5.jpg?quality=100&#038;w=865\" src=\"https:\/\/preprod.olympic.ca\/olympique\/wp-content\/uploads\/sites\/2\/2013\/10\/harnett-1996-oly-5.jpg?quality=100&#038;w=334&#038;h=291&#038;strip&#038;resize=334%2C291\" srcset=\"https:\/\/preprod.olympic.ca\/olympique\/wp-content\/uploads\/sites\/2\/2013\/10\/harnett-1996-oly-5.jpg 3000w, https:\/\/preprod.olympic.ca\/olympique\/wp-content\/uploads\/sites\/2\/2013\/10\/harnett-1996-oly-5.jpg?resize=181,158 181w, https:\/\/preprod.olympic.ca\/olympique\/wp-content\/uploads\/sites\/2\/2013\/10\/harnett-1996-oly-5.jpg?resize=426,371 426w, https:\/\/preprod.olympic.ca\/olympique\/wp-content\/uploads\/sites\/2\/2013\/10\/harnett-1996-oly-5.jpg?resize=768,669 768w, https:\/\/preprod.olympic.ca\/olympique\/wp-content\/uploads\/sites\/2\/2013\/10\/harnett-1996-oly-5.jpg?resize=865,754 865w, https:\/\/preprod.olympic.ca\/olympique\/wp-content\/uploads\/sites\/2\/2013\/10\/harnett-1996-oly-5.jpg?resize=1536,1338 1536w, https:\/\/preprod.olympic.ca\/olympique\/wp-content\/uploads\/sites\/2\/2013\/10\/harnett-1996-oly-5.jpg?resize=2048,1784 2048w\" width=\"334\" height=\"291\" loading=\"lazy\" data-original-width=\"334\" data-original-height=\"291\" itemprop=\"http:\/\/schema.org\/image\" title=\"Harnett , Curt\" alt=\"Curt Harnett pendant l\u2019\u00e9preuve de cyclisme sur piste \u00e0 Atlanta 1996 (Photo : PC)\" style=\"width: 334px; height: 291px;\" \/> <\/a> <div class=\"tiled-gallery-caption\" itemprop=\"caption description\"> Curt Harnett pendant l\u2019\u00e9preuve de cyclisme sur piste \u00e0 Atlanta 1996 (Photo : PC) <\/div> <\/div> <\/div> <!-- close group --> <div class=\"gallery-group images-1\" style=\"width: 399px; height: 295px;\" data-original-width=\"399\" data-original-height=\"295\" > <div class=\"tiled-gallery-item tiled-gallery-item-large\" itemprop=\"associatedMedia\" itemscope itemtype=\"http:\/\/schema.org\/ImageObject\"> <a href=\"https:\/\/preprod.olympic.ca\/olympique\/2013\/10\/10\/curt-harnett-nomme-chef-de-mission-pour-to2015\/harnett-curt-14\/#main\" border=\"0\" itemprop=\"url\"> <meta itemprop=\"width\" content=\"395\"> <meta itemprop=\"height\" content=\"291\"> <img decoding=\"async\" data-recalc-dims=\"1\" class=\"\" data-attachment-id=\"86468\" data-orig-file=\"https:\/\/preprod.olympic.ca\/olympique\/wp-content\/uploads\/sites\/2\/2013\/10\/harnett-1992-oly-2.jpg?quality=100\" data-orig-size=\"3000,2209\" data-comments-opened=\"1\" data-image-meta=\"{&quot;aperture&quot;:&quot;0&quot;,&quot;credit&quot;:&quot;Canadian Olympic Committee&quot;,&quot;camera&quot;:&quot;&quot;,&quot;caption&quot;:&quot;Canada\\u0027s Curt Harnett (bronze) celebrates the bronze medal he won in the track event at the 1992 Olympic games in Barcelona. (CP PHOTO\\\/ COC\\\/ Claus Andersen)\\r\\n\\r\\nCurt Harnett (droite) du Canada c\\u00e9l\\u00e8bre apr\\u00e8s avoir remport\\u00e9 une m\\u00e9daille de bronze en cyclisme sur piste aux Jeux olympiques de Barcelone de 1992. (PC Photo\\\/AOC)&quot;,&quot;created_timestamp&quot;:&quot;712022400&quot;,&quot;copyright&quot;:&quot;&quot;,&quot;focal_length&quot;:&quot;0&quot;,&quot;iso&quot;:&quot;0&quot;,&quot;shutter_speed&quot;:&quot;0&quot;,&quot;title&quot;:&quot;Harnett, Curt&quot;}\" data-image-title=\"Harnett, Curt\" data-image-description=\"&lt;p&gt;Canada&amp;rsquo;s Curt Harnett (bronze) celebrates the bronze medal he won in the track event at the 1992 Olympic games in Barcelona. (CP PHOTO\/ COC\/ Claus Andersen)&lt;\/p&gt; &lt;p&gt;Curt Harnett (droite) du Canada c\u00e9l\u00e8bre apr\u00e8s avoir remport\u00e9 une m\u00e9daille de bronze en cyclisme sur piste aux Jeux olympiques de Barcelone de 1992. (PC Photo\/AOC)&lt;\/p&gt; \" data-medium-file=\"https:\/\/preprod.olympic.ca\/olympique\/wp-content\/uploads\/sites\/2\/2013\/10\/harnett-1992-oly-2.jpg?quality=100&#038;w=504\" data-large-file=\"https:\/\/preprod.olympic.ca\/olympique\/wp-content\/uploads\/sites\/2\/2013\/10\/harnett-1992-oly-2.jpg?quality=100&#038;w=1024\" src=\"https:\/\/preprod.olympic.ca\/olympique\/wp-content\/uploads\/sites\/2\/2013\/10\/harnett-1992-oly-2.jpg?quality=100&#038;w=395&#038;h=291&#038;strip&#038;resize=395%2C291\" srcset=\"https:\/\/preprod.olympic.ca\/olympique\/wp-content\/uploads\/sites\/2\/2013\/10\/harnett-1992-oly-2.jpg 3000w, https:\/\/preprod.olympic.ca\/olympique\/wp-content\/uploads\/sites\/2\/2013\/10\/harnett-1992-oly-2.jpg?resize=215,158 215w, https:\/\/preprod.olympic.ca\/olympique\/wp-content\/uploads\/sites\/2\/2013\/10\/harnett-1992-oly-2.jpg?resize=504,371 504w, https:\/\/preprod.olympic.ca\/olympique\/wp-content\/uploads\/sites\/2\/2013\/10\/harnett-1992-oly-2.jpg?resize=768,566 768w, https:\/\/preprod.olympic.ca\/olympique\/wp-content\/uploads\/sites\/2\/2013\/10\/harnett-1992-oly-2.jpg?resize=1024,754 1024w, https:\/\/preprod.olympic.ca\/olympique\/wp-content\/uploads\/sites\/2\/2013\/10\/harnett-1992-oly-2.jpg?resize=1536,1131 1536w, https:\/\/preprod.olympic.ca\/olympique\/wp-content\/uploads\/sites\/2\/2013\/10\/harnett-1992-oly-2.jpg?resize=2048,1508 2048w\" width=\"395\" height=\"291\" loading=\"lazy\" data-original-width=\"395\" data-original-height=\"291\" itemprop=\"http:\/\/schema.org\/image\" title=\"Harnett, Curt\" alt=\"Curt Harnett (droite) du Canada c\u00e9l\u00e8bre apr\u00e8s avoir remport\u00e9 une m\u00e9daille de bronze en cyclisme sur piste aux Jeux olympiques de Barcelone de 1992. (PC Photo\/AOC)\" style=\"width: 395px; height: 291px;\" \/> <\/a> <div class=\"tiled-gallery-caption\" itemprop=\"caption description\"> Curt Harnett (droite) du Canada c\u00e9l\u00e8bre apr\u00e8s avoir remport\u00e9 une m\u00e9daille de bronze en cyclisme sur piste aux Jeux olympiques de Barcelone de 1992. (PC Photo\/AOC) <\/div> <\/div> <\/div> <!-- close group --> <div class=\"gallery-group images-1\" style=\"width: 237px; height: 295px;\" data-original-width=\"237\" data-original-height=\"295\" > <div class=\"tiled-gallery-item tiled-gallery-item-small\" itemprop=\"associatedMedia\" itemscope itemtype=\"http:\/\/schema.org\/ImageObject\"> <a href=\"https:\/\/preprod.olympic.ca\/olympique\/2013\/10\/10\/curt-harnett-nomme-chef-de-mission-pour-to2015\/harnett-curt-10\/#main\" border=\"0\" itemprop=\"url\"> <meta itemprop=\"width\" content=\"233\"> <meta itemprop=\"height\" content=\"291\"> <img decoding=\"async\" data-recalc-dims=\"1\" class=\"\" data-attachment-id=\"86464\" data-orig-file=\"https:\/\/preprod.olympic.ca\/olympique\/wp-content\/uploads\/sites\/2\/2013\/10\/harnett-1984-oly-2.jpg?quality=100\" data-orig-size=\"2410,3000\" data-comments-opened=\"1\" data-image-meta=\"{&quot;aperture&quot;:&quot;0&quot;,&quot;credit&quot;:&quot;Canadian Olympic Committee&quot;,&quot;camera&quot;:&quot;&quot;,&quot;caption&quot;:&quot;Canada\\u0027s Curt Harnett shows his silver medal won in a track cycling event at the 1984 Olympic games in Los Angeles. (CP PHOTO\\\/ COC\\\/)\\r\\n\\r\\nCurt Harnett du Canada c\\u00e9l\\u00e8bre apr\\u00e8s avoir remport\\u00e9 une m\\u00e9daille d\\u0027argent en cyclisme sur piste aux Jeux olympiques de Los Angeles de 1984. (Photo PC\\\/AOC)&quot;,&quot;created_timestamp&quot;:&quot;459820800&quot;,&quot;copyright&quot;:&quot;&quot;,&quot;focal_length&quot;:&quot;0&quot;,&quot;iso&quot;:&quot;0&quot;,&quot;shutter_speed&quot;:&quot;0&quot;,&quot;title&quot;:&quot;Harnett, Curt&quot;}\" data-image-title=\"Harnett, Curt\" data-image-description=\"&lt;p&gt;Canada&amp;rsquo;s Curt Harnett shows his silver medal won in a track cycling event at the 1984 Olympic games in Los Angeles. (CP PHOTO\/ COC\/)&lt;\/p&gt; &lt;p&gt;Curt Harnett du Canada c\u00e9l\u00e8bre apr\u00e8s avoir remport\u00e9 une m\u00e9daille d&amp;rsquo;argent en cyclisme sur piste aux Jeux olympiques de Los Angeles de 1984. (Photo PC\/AOC)&lt;\/p&gt; \" data-medium-file=\"https:\/\/preprod.olympic.ca\/olympique\/wp-content\/uploads\/sites\/2\/2013\/10\/harnett-1984-oly-2.jpg?quality=100&#038;w=298\" data-large-file=\"https:\/\/preprod.olympic.ca\/olympique\/wp-content\/uploads\/sites\/2\/2013\/10\/harnett-1984-oly-2.jpg?quality=100&#038;w=606\" src=\"https:\/\/preprod.olympic.ca\/olympique\/wp-content\/uploads\/sites\/2\/2013\/10\/harnett-1984-oly-2.jpg?quality=100&#038;w=233&#038;h=291&#038;strip&#038;resize=233%2C291\" srcset=\"https:\/\/preprod.olympic.ca\/olympique\/wp-content\/uploads\/sites\/2\/2013\/10\/harnett-1984-oly-2.jpg 2410w, https:\/\/preprod.olympic.ca\/olympique\/wp-content\/uploads\/sites\/2\/2013\/10\/harnett-1984-oly-2.jpg?resize=127,158 127w, https:\/\/preprod.olympic.ca\/olympique\/wp-content\/uploads\/sites\/2\/2013\/10\/harnett-1984-oly-2.jpg?resize=298,371 298w, https:\/\/preprod.olympic.ca\/olympique\/wp-content\/uploads\/sites\/2\/2013\/10\/harnett-1984-oly-2.jpg?resize=768,956 768w, https:\/\/preprod.olympic.ca\/olympique\/wp-content\/uploads\/sites\/2\/2013\/10\/harnett-1984-oly-2.jpg?resize=606,754 606w, https:\/\/preprod.olympic.ca\/olympique\/wp-content\/uploads\/sites\/2\/2013\/10\/harnett-1984-oly-2.jpg?resize=1234,1536 1234w, https:\/\/preprod.olympic.ca\/olympique\/wp-content\/uploads\/sites\/2\/2013\/10\/harnett-1984-oly-2.jpg?resize=1645,2048 1645w\" width=\"233\" height=\"291\" loading=\"lazy\" data-original-width=\"233\" data-original-height=\"291\" itemprop=\"http:\/\/schema.org\/image\" title=\"Harnett, Curt\" alt=\"Curt Harnett du Canada c\u00e9l\u00e8bre apr\u00e8s avoir remport\u00e9 une m\u00e9daille d&#039;argent en cyclisme sur piste aux Jeux olympiques de Los Angeles de 1984. (Photo PC\/AOC)\" style=\"width: 233px; height: 291px;\" \/> <\/a> <div class=\"tiled-gallery-caption\" itemprop=\"caption description\"> Curt Harnett du Canada c\u00e9l\u00e8bre apr\u00e8s avoir remport\u00e9 une m\u00e9daille d&rsquo;argent en cyclisme sur piste aux Jeux olympiques de Los Angeles de 1984. (Photo PC\/AOC) <\/div> <\/div> <\/div> <!-- close group --> <div class=\"gallery-group images-1\" style=\"width: 386px; height: 295px;\" data-original-width=\"386\" data-original-height=\"295\" > <div class=\"tiled-gallery-item tiled-gallery-item-large\" itemprop=\"associatedMedia\" itemscope itemtype=\"http:\/\/schema.org\/ImageObject\"> <a href=\"https:\/\/preprod.olympic.ca\/olympique\/photos\/los-angeles-1984-2\/harnett-curt-4\/#main\" border=\"0\" itemprop=\"url\"> <meta itemprop=\"width\" content=\"382\"> <meta itemprop=\"height\" content=\"291\"> <img decoding=\"async\" data-recalc-dims=\"1\" class=\"\" data-attachment-id=\"76107\" data-orig-file=\"https:\/\/preprod.olympic.ca\/olympique\/wp-content\/uploads\/sites\/2\/2013\/01\/1421606.jpg?quality=100\" data-orig-size=\"3000,2282\" data-comments-opened=\"1\" data-image-meta=\"{&quot;aperture&quot;:&quot;0&quot;,&quot;credit&quot;:&quot;Canadian Olympic Committee&quot;,&quot;camera&quot;:&quot;&quot;,&quot;caption&quot;:&quot;Canada\\u0027s Curt Harnett competes in a track cycling event at the 1984 Summer Olympics in Los Angeles. (CP PHOTO\\\/ COC\\\/ J Merrithew) \\r\\n\\r\\nCurt Harnett du Canada participe \\u00e0 une \\u00e9preuve de cyclisme sur piste aux Jeux olympiques de Los Angeles de 1984. (Photo PC\\\/AOC)&quot;,&quot;created_timestamp&quot;:&quot;459820800&quot;,&quot;copyright&quot;:&quot;&quot;,&quot;focal_length&quot;:&quot;0&quot;,&quot;iso&quot;:&quot;0&quot;,&quot;shutter_speed&quot;:&quot;0&quot;,&quot;title&quot;:&quot;Harnett, Curt&quot;}\" data-image-title=\"Curt Harnett\" data-image-description=\"&lt;p&gt;Curt Harnett du Canada participe \u00e0 une \u00e9preuve de cyclisme sur piste aux Jeux olympiques de Los Angeles de 1984. (Photo PC\/AOC)&lt;\/p&gt; \" data-medium-file=\"https:\/\/preprod.olympic.ca\/olympique\/wp-content\/uploads\/sites\/2\/2013\/01\/1421606.jpg?quality=100&#038;w=488\" data-large-file=\"https:\/\/preprod.olympic.ca\/olympique\/wp-content\/uploads\/sites\/2\/2013\/01\/1421606.jpg?quality=100&#038;w=991\" src=\"https:\/\/preprod.olympic.ca\/olympique\/wp-content\/uploads\/sites\/2\/2013\/01\/1421606.jpg?quality=100&#038;w=382&#038;h=291&#038;strip&#038;resize=382%2C291\" srcset=\"https:\/\/preprod.olympic.ca\/olympique\/wp-content\/uploads\/sites\/2\/2013\/01\/1421606.jpg 3000w, https:\/\/preprod.olympic.ca\/olympique\/wp-content\/uploads\/sites\/2\/2013\/01\/1421606.jpg?resize=208,158 208w, https:\/\/preprod.olympic.ca\/olympique\/wp-content\/uploads\/sites\/2\/2013\/01\/1421606.jpg?resize=488,371 488w, https:\/\/preprod.olympic.ca\/olympique\/wp-content\/uploads\/sites\/2\/2013\/01\/1421606.jpg?resize=768,584 768w, https:\/\/preprod.olympic.ca\/olympique\/wp-content\/uploads\/sites\/2\/2013\/01\/1421606.jpg?resize=991,754 991w, https:\/\/preprod.olympic.ca\/olympique\/wp-content\/uploads\/sites\/2\/2013\/01\/1421606.jpg?resize=1536,1168 1536w, https:\/\/preprod.olympic.ca\/olympique\/wp-content\/uploads\/sites\/2\/2013\/01\/1421606.jpg?resize=2048,1558 2048w\" width=\"382\" height=\"291\" loading=\"lazy\" data-original-width=\"382\" data-original-height=\"291\" itemprop=\"http:\/\/schema.org\/image\" title=\"Curt Harnett\" alt=\"Curt Harnett du Canada participe \u00e0 une \u00e9preuve de cyclisme sur piste aux Jeux olympiques de Los Angeles de 1984. (Photo PC\/AOC)\" style=\"width: 382px; height: 291px;\" \/> <\/a> <div class=\"tiled-gallery-caption\" itemprop=\"caption description\"> Curt Harnett du Canada participe \u00e0 une \u00e9preuve de cyclisme sur piste aux Jeux olympiques de Los Angeles de 1984. (Photo PC\/AOC) <\/div> <\/div> <\/div> <!-- close group --> <\/div> <!-- close row --> <\/div>\n<p>Reconnu comme \u00e9tant un homme passionn\u00e9 au leadership incontestable, Harnett a \u00e9t\u00e9 intronis\u00e9 au Temple de la renomm\u00e9e du cyclisme canadien en octobre 2015.\u00a0Harnett a \u00e9galement occup\u00e9 la fonction de chef de mission lors des plus r\u00e9cents <a href=\"http:\/\/olympique.ca\/jeux\/2015-toronto\/\">Jeux panam\u00e9ricains \u00e0 Toronto<\/a>. La d\u00e9l\u00e9gation canadienne y a d\u2019ailleurs r\u00e9ussi la meilleure r\u00e9colte de son histoire, terminant deuxi\u00e8me au chapitre des m\u00e9dailles.<\/p>\n<div id=\"attachment_114371\" style=\"width: 680px\" class=\"wp-caption alignnone\"><img loading=\"lazy\" decoding=\"async\" aria-describedby=\"caption-attachment-114371\" class=\"wp-image-114371 size-full\" src=\"https:\/\/preprod.olympic.ca\/wp-content\/uploads\/sites\/2\/2016\/04\/harnettflag1.jpg?quality=100\" alt=\"Curt Harnett remet un drapeau canadien \u00e0 Hugo Barrette lors des Jeux panam\u00e9ricains de 2015, \u00e0 Toronto.\" width=\"670\" height=\"377\" srcset=\"https:\/\/preprod.olympic.ca\/olympique\/wp-content\/uploads\/sites\/2\/2016\/04\/harnettflag1.jpg 670w, https:\/\/preprod.olympic.ca\/olympique\/wp-content\/uploads\/sites\/2\/2016\/04\/harnettflag1.jpg?resize=280,158 280w, https:\/\/preprod.olympic.ca\/olympique\/wp-content\/uploads\/sites\/2\/2016\/04\/harnettflag1.jpg?resize=660,371 660w\" sizes=\"(max-width: 670px) 100vw, 670px\" \/><p id=\"caption-attachment-114371\" class=\"wp-caption-text\">Curt Harnett remet un drapeau canadien \u00e0 Hugo Barrette lors des Jeux panam\u00e9ricains de 2015, \u00e0 Toronto.<\/p><\/div>\n<p>En tant que chef de mission \u00e0 <a href=\"http:\/\/olympique.ca\/jeux\/2016-rio\/\">Rio<\/a>, Harnett portera le mandat d\u2019\u00eatre un leader proactif et motivateur afin de soutenir l\u2019\u00e9quipe nationale, d\u2019en \u00eatre le porte-parole officiel en plus d\u2019en repr\u00e9senter les membres \u00e0 tous les \u00e9v\u00e9nements et activit\u00e9s.<\/p>\n<div class=\"embed-twitter\">\n<blockquote class=\"twitter-tweet\" data-width=\"550\">\n<p lang=\"en\" dir=\"ltr\">.<a href=\"https:\/\/twitter.com\/curtharnett\">@curtharnett<\/a> joins <a href=\"https:\/\/twitter.com\/hashtag\/TeamCanada?src=hash\">#TeamCanada<\/a> for <a href=\"https:\/\/twitter.com\/hashtag\/Rio2016?src=hash\">#Rio2016<\/a> as chef de mission, with <a href=\"https:\/\/twitter.com\/HuynhCarol\">@HuynhCarol<\/a> &amp; <a href=\"https:\/\/twitter.com\/IsabelleCharest\">@IsabelleCharest<\/a> as assistants.<a href=\"https:\/\/t.co\/MMQgz2zSSU\">https:\/\/t.co\/MMQgz2zSSU<\/a><\/p>\n<p>&mdash; Team Canada (@TeamCanada) <a href=\"https:\/\/twitter.com\/TeamCanada\/status\/719576583263006720\">April 11, 2016<\/a><\/p><\/blockquote>\n<p><script async src=\"\/\/platform.twitter.com\/widgets.js\" charset=\"utf-8\"><\/script><\/div>\n<p>Pour l&rsquo;aider dans sa t\u00e2che, notre chef de mission pour Rio 2016 pourra compter sur l&rsquo;appui indispensable de deux adjointes aux parcours sportifs tout aussi impressionnants.<\/p>\n<h2><a href=\"http:\/\/olympique.ca\/team-canada\/isabelle-charest\/\">Isabelle Charest<\/a><\/h2>\n<p>Si le mandat du chef de mission est \u00e9norme, il aura n\u00e9anmoins la chance d\u2019\u00eatre \u00e9paul\u00e9 par une athl\u00e8te chevronn\u00e9e tout aussi exp\u00e9riment\u00e9e. Native de Rimouski, la triple m\u00e9daill\u00e9e olympique (Lillehammer 1994 &#8211; argent, Nagano 1998 &#8211; bronze, Salt Lake City 2002 &#8211; bronze) en patinage de vitesse courte piste, <a href=\"http:\/\/olympique.ca\/team-canada\/isabelle-charest\/\">Isabelle Charest<\/a>, s\u2019est vue confier le r\u00f4le de chef de mission adjointe pour le grand rendez-vous de Rio.<\/p>\n<div class=\"tiled-gallery type-square tiled-gallery-unresized\" data-original-width=\"1360\" data-carousel-extra='null' itemscope itemtype=\"http:\/\/schema.org\/ImageGallery\" > <div class=\"gallery-row\" style=\"width: 1360px; height: 453px;\" data-original-width=\"1360\" data-original-height=\"453\" > <div class=\"gallery-group\" style=\"width: 453px; height: 453px;\" data-original-width=\"453\" data-original-height=\"453\" > <div class=\"tiled-gallery-item \" itemprop=\"associatedMedia\" itemscope itemtype=\"http:\/\/schema.org\/ImageObject\"> <a href=\"https:\/\/preprod.olympic.ca\/olympique\/2016\/05\/24\/cinq-escrimeurs-canadiens-seront-en-piste-a-rio-2016\/canadian-olympic-committee-rio-olympic-fencing-team-announcement-and-press-conference-3\/#main\" border=\"0\" itemprop=\"url\"> <meta itemprop=\"width\" content=\"449\"> <meta itemprop=\"height\" content=\"449\"> <img decoding=\"async\" data-recalc-dims=\"1\" class=\"\" data-attachment-id=\"115259\" data-orig-file=\"https:\/\/preprod.olympic.ca\/olympique\/wp-content\/uploads\/sites\/2\/2016\/05\/052416_cocfencingolympicteamannouncement_devinmanky_0481-e1464117625356.jpg?quality=100\" data-orig-size=\"1340,932\" data-comments-opened=\"1\" data-image-meta=\"{&quot;aperture&quot;:&quot;3.5&quot;,&quot;credit&quot;:&quot;Devin Manky&quot;,&quot;camera&quot;:&quot;Canon EOS-1D X&quot;,&quot;caption&quot;:&quot;MAY 24, 2016 - Joseph Polossifakis receives his Rio Olympics jacket as the Canadian Olympic Committee Rio Fencing team announcement took place at the COC offices in Montreal on May 24, 2016.&quot;,&quot;created_timestamp&quot;:&quot;1464100779&quot;,&quot;copyright&quot;:&quot;Devin Manky Photography&quot;,&quot;focal_length&quot;:&quot;75&quot;,&quot;iso&quot;:&quot;1600&quot;,&quot;shutter_speed&quot;:&quot;0.00625&quot;,&quot;title&quot;:&quot;Canadian Olympic Committee Rio Olympic Fencing Team Announcement and Press Conference&quot;,&quot;orientation&quot;:&quot;0&quot;}\" data-image-title=\"Canadian Olympic Committee Rio Olympic Fencing Team Announcement and Press Conference\" data-image-description=\"\" data-medium-file=\"https:\/\/preprod.olympic.ca\/olympique\/wp-content\/uploads\/sites\/2\/2016\/05\/052416_cocfencingolympicteamannouncement_devinmanky_0481-e1464117625356.jpg?quality=100&#038;w=533\" data-large-file=\"https:\/\/preprod.olympic.ca\/olympique\/wp-content\/uploads\/sites\/2\/2016\/05\/052416_cocfencingolympicteamannouncement_devinmanky_0481-e1464117625356.jpg?quality=100&#038;w=1084\" src=\"https:\/\/preprod.olympic.ca\/olympique\/wp-content\/uploads\/sites\/2\/2016\/05\/052416_cocfencingolympicteamannouncement_devinmanky_0481-e1464117625356.jpg?quality=100&#038;w=449&#038;h=449&#038;crop=1&#038;strip&#038;resize=449%2C449\" width=\"449\" height=\"449\" loading=\"lazy\" data-original-width=\"449\" data-original-height=\"449\" itemprop=\"http:\/\/schema.org\/image\" title=\"Canadian Olympic Committee Rio Olympic Fencing Team Announcement and Press Conference\" alt=\"Joseph Polossifakis enfile sa veste d&#039;\u00e9quipe en pr\u00e9sence de la chef de mission adjointe Isabelle Charest.\" style=\"width: 449px; height: 449px;\" \/> <\/a> <div class=\"tiled-gallery-caption\" itemprop=\"caption description\"> Joseph Polossifakis enfile sa veste d&rsquo;\u00e9quipe en pr\u00e9sence de la chef de mission adjointe Isabelle Charest. <\/div> <\/div> <\/div> <div class=\"gallery-group\" style=\"width: 453px; height: 453px;\" data-original-width=\"453\" data-original-height=\"453\" > <div class=\"tiled-gallery-item \" itemprop=\"associatedMedia\" itemscope itemtype=\"http:\/\/schema.org\/ImageObject\"> <a href=\"https:\/\/preprod.olympic.ca\/olympique\/2016\/06\/16\/qui-guideront-les-athletes-dequipe-canada-a-rio-2016\/_d2_1043\/#main\" border=\"0\" itemprop=\"url\"> <meta itemprop=\"width\" content=\"449\"> <meta itemprop=\"height\" content=\"449\"> <img decoding=\"async\" data-recalc-dims=\"1\" class=\"\" data-attachment-id=\"116542\" data-orig-file=\"https:\/\/preprod.olympic.ca\/olympique\/wp-content\/uploads\/sites\/2\/2016\/06\/d2_1043.jpg?quality=100\" data-orig-size=\"2500,1667\" data-comments-opened=\"1\" data-image-meta=\"{&quot;aperture&quot;:&quot;2.8&quot;,&quot;credit&quot;:&quot;ALEXANDRE CLAUDE&quot;,&quot;camera&quot;:&quot;Canon EOS 5D Mark III&quot;,&quot;caption&quot;:&quot;&quot;,&quot;created_timestamp&quot;:&quot;1465814260&quot;,&quot;copyright&quot;:&quot;&quot;,&quot;focal_length&quot;:&quot;110&quot;,&quot;iso&quot;:&quot;2500&quot;,&quot;shutter_speed&quot;:&quot;0.005&quot;,&quot;title&quot;:&quot;&quot;,&quot;orientation&quot;:&quot;0&quot;}\" data-image-title=\"Isabelle Charest Roseline Filion\" data-image-description=\"\" data-medium-file=\"https:\/\/preprod.olympic.ca\/olympique\/wp-content\/uploads\/sites\/2\/2016\/06\/d2_1043.jpg?quality=100&#038;w=556\" data-large-file=\"https:\/\/preprod.olympic.ca\/olympique\/wp-content\/uploads\/sites\/2\/2016\/06\/d2_1043.jpg?quality=100&#038;w=1131\" src=\"https:\/\/preprod.olympic.ca\/olympique\/wp-content\/uploads\/sites\/2\/2016\/06\/d2_1043.jpg?quality=100&#038;w=449&#038;h=449&#038;crop=1&#038;strip&#038;resize=449%2C449\" width=\"449\" height=\"449\" loading=\"lazy\" data-original-width=\"449\" data-original-height=\"449\" itemprop=\"http:\/\/schema.org\/image\" title=\"Isabelle Charest Roseline Filion\" alt=\"Roseline Filion enfile sa veste d&#039;\u00e9quipe en pr\u00e9sence de la chef de mission adjointe Isabelle Charest.\" style=\"width: 449px; height: 449px;\" \/> <\/a> <div class=\"tiled-gallery-caption\" itemprop=\"caption description\"> Roseline Filion enfile sa veste d&rsquo;\u00e9quipe en pr\u00e9sence de la chef de mission adjointe Isabelle Charest. <\/div> <\/div> <\/div> <div class=\"gallery-group\" style=\"width: 453px; height: 453px;\" data-original-width=\"453\" data-original-height=\"453\" > <div class=\"tiled-gallery-item \" itemprop=\"associatedMedia\" itemscope itemtype=\"http:\/\/schema.org\/ImageObject\"> <a href=\"https:\/\/preprod.olympic.ca\/olympique\/2016\/06\/16\/qui-guideront-les-athletes-dequipe-canada-a-rio-2016\/_d2_0951\/#main\" border=\"0\" itemprop=\"url\"> <meta itemprop=\"width\" content=\"449\"> <meta itemprop=\"height\" content=\"449\"> <img decoding=\"async\" data-recalc-dims=\"1\" class=\"\" data-attachment-id=\"116543\" data-orig-file=\"https:\/\/preprod.olympic.ca\/olympique\/wp-content\/uploads\/sites\/2\/2016\/06\/d2_0951.jpg?quality=100\" data-orig-size=\"2500,1667\" data-comments-opened=\"1\" data-image-meta=\"{&quot;aperture&quot;:&quot;2.8&quot;,&quot;credit&quot;:&quot;ALEXANDRE CLAUDE&quot;,&quot;camera&quot;:&quot;Canon EOS 5D Mark III&quot;,&quot;caption&quot;:&quot;&quot;,&quot;created_timestamp&quot;:&quot;1465814148&quot;,&quot;copyright&quot;:&quot;&quot;,&quot;focal_length&quot;:&quot;140&quot;,&quot;iso&quot;:&quot;1600&quot;,&quot;shutter_speed&quot;:&quot;0.004&quot;,&quot;title&quot;:&quot;&quot;,&quot;orientation&quot;:&quot;0&quot;}\" data-image-title=\"Charest Ware\" data-image-description=\"\" data-medium-file=\"https:\/\/preprod.olympic.ca\/olympique\/wp-content\/uploads\/sites\/2\/2016\/06\/d2_0951.jpg?quality=100&#038;w=556\" data-large-file=\"https:\/\/preprod.olympic.ca\/olympique\/wp-content\/uploads\/sites\/2\/2016\/06\/d2_0951.jpg?quality=100&#038;w=1131\" src=\"https:\/\/preprod.olympic.ca\/olympique\/wp-content\/uploads\/sites\/2\/2016\/06\/d2_0951.jpg?quality=100&#038;w=449&#038;h=449&#038;crop=1&#038;strip&#038;resize=449%2C449\" width=\"449\" height=\"449\" loading=\"lazy\" data-original-width=\"449\" data-original-height=\"449\" itemprop=\"http:\/\/schema.org\/image\" title=\"Charest Ware\" alt=\"Pamela Ware et la chef de mission adjointe Isabelle Charest lors de l&#039;annonce de l&#039;\u00e9quipe olympique de plongeon pour Rio 2016.\" style=\"width: 449px; height: 449px;\" \/> <\/a> <div class=\"tiled-gallery-caption\" itemprop=\"caption description\"> Pamela Ware et la chef de mission adjointe Isabelle Charest lors de l&rsquo;annonce de l&rsquo;\u00e9quipe olympique de plongeon pour Rio 2016. <\/div> <\/div> <\/div> <\/div> <\/div>\n<p>D\u2019ici la c\u00e9r\u00e9monie d\u2019ouverture officielle, l\u2019horaire de Charest sera particuli\u00e8rement charg\u00e9, elle qui a re\u00e7u un coup de fil \u00e0 moins de quatre mois des Jeux. Malgr\u00e9 tout, elle soutient que \u00ab c\u2019est un r\u00f4le [qu\u2019elle] accepte avec humilit\u00e9 et fiert\u00e9, mais aussi avec beaucoup d\u2019enthousiasme \u00bb. La Qu\u00e9b\u00e9coise n\u2019en sera pas \u00e0 ses premiers pas \u00e0 Rio quant aux responsabilit\u00e9s de l\u2019\u00e9quipe des chefs de mission. C\u2019est que la double championne du monde a \u00e9t\u00e9 chef de mission pour les <a href=\"http:\/\/olympique.ca\/jeux\/lillehammer-2016\/\">Jeux olympiques de la jeunesse cet hiver, \u00e0 Lillehammer<\/a>. \u00c9quipe Canada y a d\u2019ailleurs pris le huiti\u00e8me\u00a0rang au chapitre des m\u00e9dailles.<\/p>\n<p><img loading=\"lazy\" decoding=\"async\" class=\"aligncenter wp-image-85707 size-full\" src=\"https:\/\/preprod.olympic.ca\/wp-content\/uploads\/sites\/2\/2011\/09\/isabelle-charest-2002_1340px.jpg?quality=100\" alt=\"CHAREST, ISABELLE | TANAKA, CHIKAGE\" width=\"1340\" height=\"859\" srcset=\"https:\/\/preprod.olympic.ca\/olympique\/wp-content\/uploads\/sites\/2\/2011\/09\/isabelle-charest-2002_1340px.jpg 1340w, https:\/\/preprod.olympic.ca\/olympique\/wp-content\/uploads\/sites\/2\/2011\/09\/isabelle-charest-2002_1340px.jpg?resize=246,158 246w, https:\/\/preprod.olympic.ca\/olympique\/wp-content\/uploads\/sites\/2\/2011\/09\/isabelle-charest-2002_1340px.jpg?resize=579,371 579w, https:\/\/preprod.olympic.ca\/olympique\/wp-content\/uploads\/sites\/2\/2011\/09\/isabelle-charest-2002_1340px.jpg?resize=768,492 768w, https:\/\/preprod.olympic.ca\/olympique\/wp-content\/uploads\/sites\/2\/2011\/09\/isabelle-charest-2002_1340px.jpg?resize=1176,754 1176w\" sizes=\"(max-width: 1340px) 100vw, 1340px\" \/><\/p>\n<p><strong>\u00c0 lire : <a href=\"http:\/\/olympique.ca\/2015\/05\/11\/isabelle-charest-amene-de-lexperience-aux-jo-de-la-jeunesse\/\">Isabelle Charest am\u00e8ne de l&rsquo;exp\u00e9rience aux JO de la jeunesse<\/a><\/strong><\/p>\n<p>Celle qui a \u00e9t\u00e9 sacr\u00e9e patineuse de vitesse sur courte piste de l&rsquo;ann\u00e9e au Canada \u00e0 trois reprises\u00a0a \u00e9t\u00e9 intronis\u00e9e au Temple de la renomm\u00e9e en 1997.<\/p>\n<h2><a href=\"http:\/\/olympique.ca\/team-canada\/carol-huynh\/\">Carol Huynh<\/a><\/h2>\n<p>La championne olympique en lutte f\u00e9minine aux <a href=\"http:\/\/olympique.ca\/jeux\/2008-beijing\/\">Jeux de Beijing<\/a> en 2008, <a href=\"http:\/\/olympique.ca\/team-canada\/carol-huynh\/\">Carol Huynh<\/a>, compl\u00e8tera l\u2019\u00e9quipe des chefs de mission de la d\u00e9l\u00e9gation canadienne en agissant \u00e9galement en tant qu\u2019adjointe. V\u00e9ritable source d\u2019inspiration pour les athl\u00e8tes de l\u2019unifoli\u00e9, Huynh est entr\u00e9e dans l\u2019histoire en \u00e9tant la premi\u00e8re femme canadienne \u00e0 s\u2019emparer d&rsquo;une m\u00e9daille d\u2019or en lutte libre en 2008. Championne canadienne \u00e0 11 reprises et quadruple m\u00e9daill\u00e9e des Championnats du monde de lutte, la Britanno-Colombienne a pris sa retraite suite aux <a href=\"http:\/\/olympique.ca\/jeux\/2012-londres\/\">Jeux de Londres<\/a>, o\u00f9 elle f\u00fbt <a href=\"http:\/\/olympique.ca\/presse\/carol-huynh-sempare-de-la-medaille-de-bronze-dans-la-categorie-des-48-kg\/\">m\u00e9daill\u00e9e de bronze<\/a>.<\/p>\n<p><strong>\u00c0 voir : <a href=\"https:\/\/youtu.be\/_hnG_XkQGAg\">Carol Huynh remporte l&rsquo;or \u00e0 Beijing<\/a>\u00a0<\/strong><\/p>\n<div id=\"attachment_111596\" style=\"width: 991px\" class=\"wp-caption aligncenter\"><img loading=\"lazy\" decoding=\"async\" aria-describedby=\"caption-attachment-111596\" class=\"wp-image-111596 size-full\" src=\"https:\/\/preprod.olympic.ca\/wp-content\/uploads\/sites\/2\/2015\/12\/53398081.jpg?quality=100\" alt=\"Canada's Carol Huynh from Hazelton, B.C. celebatres her gold medal victory over Chiharu Icho from Japan in the women's freestyle 48kg wrestling final at the Beijing 2008 Summer Olympics in Beijing, Saturday, August 16, 2008. THE CANADIAN PRESS\/Paul Chiasson\" width=\"981\" height=\"754\" srcset=\"https:\/\/preprod.olympic.ca\/olympique\/wp-content\/uploads\/sites\/2\/2015\/12\/53398081.jpg 981w, https:\/\/preprod.olympic.ca\/olympique\/wp-content\/uploads\/sites\/2\/2015\/12\/53398081.jpg?resize=206,158 206w, https:\/\/preprod.olympic.ca\/olympique\/wp-content\/uploads\/sites\/2\/2015\/12\/53398081.jpg?resize=483,371 483w, https:\/\/preprod.olympic.ca\/olympique\/wp-content\/uploads\/sites\/2\/2015\/12\/53398081.jpg?resize=768,590 768w\" sizes=\"(max-width: 981px) 100vw, 981px\" \/><p id=\"caption-attachment-111596\" class=\"wp-caption-text\">Carol Huynh c\u00e9l\u00e9brant sa victoire apr\u00e8s le match pour la m\u00e9daille d&rsquo;or dans la cat\u00e9gorie des 48 kilos, \u00e0 Beijing, 2008. THE CANADIAN PRESS\/Paul Chiasson<\/p><\/div>\n<p>Au-del\u00e0 de ses performances sur le tapis, Huynh fait aujourd\u2019hui office d\u2019ambassadrice pour la F\u00e9d\u00e9ration internationale de lutte. En 2013 \u00e0 Buenos Aires, Carol a \u00e9t\u00e9 d\u00e9sign\u00e9e par les lutteurs de la communaut\u00e9 internationale afin de prononcer un discours devant le CIO pour revendiquer le retour de leur sport au programme olympique. Son vibrant t\u00e9moignage contribua grandement \u00e0 <a href=\"http:\/\/olympique.ca\/2013\/09\/24\/retour-de-la-lutte-carol-huynh-a-joue-un-role-important\/\">r\u00e9int\u00e9grer la lutte au sein des Jeux<\/a>.<\/p>\n<div id=\"attachment_116094\" style=\"width: 3310px\" class=\"wp-caption aligncenter\"><img loading=\"lazy\" decoding=\"async\" aria-describedby=\"caption-attachment-116094\" class=\"wp-image-116094 size-full\" src=\"https:\/\/preprod.olympic.ca\/wp-content\/uploads\/sites\/2\/2016\/06\/04964718.jpg?quality=100\" alt=\"Canadian freestyle wrestler and olympic gold medalist Carol Huynh, center, speaks during a news conference in Buenos Aires, Argentina, Friday, Sept. 6, 2013. During the Sept. 4-10 International Olympic Committee (IOC) Executive Board meetings in Buenos Aires, members will vote on including one additional sport to the program of the 2020 and 2024 Games. Wrestling is up against squash and a combined baseball-softball bid. Huynh is flanked by Nenad Lalovic, head of the International Federation of Associated Wrestling Styles (FILA), left, and Lise Legrand, vice president of the French Wrestling Federation. (AP Photo\/Victor R. Caivano)\" width=\"3300\" height=\"2158\" srcset=\"https:\/\/preprod.olympic.ca\/olympique\/wp-content\/uploads\/sites\/2\/2016\/06\/04964718.jpg 3300w, https:\/\/preprod.olympic.ca\/olympique\/wp-content\/uploads\/sites\/2\/2016\/06\/04964718.jpg?resize=242,158 242w, https:\/\/preprod.olympic.ca\/olympique\/wp-content\/uploads\/sites\/2\/2016\/06\/04964718.jpg?resize=567,371 567w, https:\/\/preprod.olympic.ca\/olympique\/wp-content\/uploads\/sites\/2\/2016\/06\/04964718.jpg?resize=768,502 768w, https:\/\/preprod.olympic.ca\/olympique\/wp-content\/uploads\/sites\/2\/2016\/06\/04964718.jpg?resize=1153,754 1153w, https:\/\/preprod.olympic.ca\/olympique\/wp-content\/uploads\/sites\/2\/2016\/06\/04964718.jpg?resize=1536,1004 1536w, https:\/\/preprod.olympic.ca\/olympique\/wp-content\/uploads\/sites\/2\/2016\/06\/04964718.jpg?resize=2048,1339 2048w\" sizes=\"(max-width: 3300px) 100vw, 3300px\" \/><p id=\"caption-attachment-116094\" class=\"wp-caption-text\">Carol Huynh (centre) accompagn\u00e9e de Nenad Lalovic, pr\u00e9sident de la FILA (gauche) et de Lise Legrand, vice-pr\u00e9sident de la FFL (droite), t\u00e9moignant pour la r\u00e9int\u00e9gration de la lutte au programme olympique devant le Comit\u00e9 olympique international durant la conf\u00e9rence de Buenos Aires, 2013.(AP Photo\/Victor R. Caivano)<\/p><\/div>\n<p>Suite \u00e0 <a href=\"http:\/\/olympique.ca\/2015\/12\/08\/la-championne-olympique-carol-huynh-nommee-chef-de-mission-adjointe-pour-les-jeux-de-rio\/\">sa nomination comme chef de mission adjointe<\/a>, la double m\u00e9daill\u00e9e olympique mentionne que son exp\u00e9rience olympique a profond\u00e9ment fa\u00e7onn\u00e9 sa vie, c\u2019est pourquoi elle est ravie d\u2019accompagner d\u2019autres athl\u00e8tes dans leur propre parcours. Elle ajoute \u00eatre \u00ab r\u00e9solue \u00e0 faire en sorte que cette exp\u00e9rience soit la plus avantageuse possible pour tous \u00bb.<\/p>\n<div id=\"attachment_111595\" style=\"width: 1059px\" class=\"wp-caption aligncenter\"><img loading=\"lazy\" decoding=\"async\" aria-describedby=\"caption-attachment-111595\" class=\"wp-image-111595 size-full\" src=\"https:\/\/preprod.olympic.ca\/wp-content\/uploads\/sites\/2\/2015\/12\/carol-huynh-81.jpg?quality=100\" alt=\"Carol Huynh pendant la c\u00e9r\u00e9monie de cl\u00f4ture des Jeux de Londres le12 ao\u00fbt 2012. Photo : THE CANADIAN PRESS\/Frank Gunn\" width=\"1049\" height=\"754\" srcset=\"https:\/\/preprod.olympic.ca\/olympique\/wp-content\/uploads\/sites\/2\/2015\/12\/carol-huynh-81.jpg 1049w, https:\/\/preprod.olympic.ca\/olympique\/wp-content\/uploads\/sites\/2\/2015\/12\/carol-huynh-81.jpg?resize=220,158 220w, https:\/\/preprod.olympic.ca\/olympique\/wp-content\/uploads\/sites\/2\/2015\/12\/carol-huynh-81.jpg?resize=516,371 516w, https:\/\/preprod.olympic.ca\/olympique\/wp-content\/uploads\/sites\/2\/2015\/12\/carol-huynh-81.jpg?resize=768,552 768w\" sizes=\"(max-width: 1049px) 100vw, 1049px\" \/><p id=\"caption-attachment-111595\" class=\"wp-caption-text\">Carol Huynh pendant la c\u00e9r\u00e9monie de cl\u00f4ture des Jeux de Londres le 12 ao\u00fbt 2012. Photo : THE CANADIAN PRESS\/Frank Gunn<\/p><\/div>\n<p>Depuis son retrait de la comp\u00e9tition, Huynh ne cesse de redonner \u00e0 la communaut\u00e9 de son sport. Elle transmet sa passion du sport \u00e0 travers une multitude d\u2019activit\u00e9s, notamment en \u00e9tant entra\u00eeneuse de plusieurs \u00e9quipes de lutte. Son exp\u00e9rience sur la sc\u00e8ne internationale en fait une fiert\u00e9 et une repr\u00e9sentante toute d\u00e9sign\u00e9e pour l\u2019unifoli\u00e9, ce qui vaut son pesant d\u2019or.<\/p>\n<p>\u00c0 la lumi\u00e8re de ces pr\u00e9sentations, il appert que les athl\u00e8tes canadiens pourront compter sur un trio dynamique, rassembleur et poss\u00e9dant une cr\u00e9dibilit\u00e9 notoire. Tout sera donc en place afin que les repr\u00e9sentants canadiens puissent se concentrer pleinement sur les Jeux et ainsi offrir le meilleur d&rsquo;eux-m\u00eames.<\/p>\n<div class=\"instory-ad-shortcode\"><a aria-hidden=\"true\" tabindex=\"-1\" class=\"ad\" href=\"https:\/\/twitter.com\/OlympiqueCanada\" target=\"_blank\"><img decoding=\"async\" src=\"http:\/\/cdnolympic.files.wordpress.com\/2014\/02\/tw-fr-ad-1180-x-100.png\" alt=\"\" \/><\/a><\/div>\n","protected":false},"excerpt":{"rendered":"<p>\u00c0 Rio cet \u00e9t\u00e9, le Canada enverra la 25e d\u00e9l\u00e9gation de son histoire \u00e0 ce grand rassemblement olympique. Afin de&#8230;<\/p>\n","protected":false},"author":105677521,"featured_media":116463,"comment_status":"open","ping_status":"closed","sticky":false,"template":"","format":"standard","meta":{"_acf_changed":false,"_jetpack_memberships_contains_paid_content":false,"footnotes":""},"categories":[1],"tags":[10021072,8420698,415540611,65564124,140535948,713425],"post_format":"standard","sport":[45096687,415983001,51196772],"game":[415984561],"coauthors":[415983681],"class_list":["post-116082","post","type-post","status-publish","format-standard","has-post-thumbnail","hentry","category-uncategorized","tag-carol-huynh","tag-chef-de-mission","tag-chef-de-mission-adjointe","tag-curt-harnett","tag-isabelle-charest","tag-rio-2016","sport-cyclisme-sur-piste","sport-lutte","sport-patinage-de-vitesse-courte-piste","game-2016-rio"],"acf":[],"yoast_head":"<!-- This site is optimized with the Yoast SEO plugin v27.3 - https:\/\/yoast.com\/product\/yoast-seo-wordpress\/ -->\n<title>Qui guideront les athl\u00e8tes d&#039;\u00c9quipe Canada \u00e0 Rio 2016 ? - \u00c9quipe Canada | Site officiel de l&#039;\u00e9quipe olympique<\/title>\n<meta name=\"robots\" content=\"index, follow, max-snippet:-1, max-image-preview:large, max-video-preview:-1\" \/>\n<link rel=\"canonical\" href=\"https:\/\/preprod.olympic.ca\/olympique\/2016\/06\/16\/qui-guideront-les-athletes-dequipe-canada-a-rio-2016\/\" \/>\n<meta property=\"og:locale\" content=\"fr_FR\" \/>\n<meta property=\"og:type\" content=\"article\" \/>\n<meta property=\"og:title\" content=\"Qui guideront les athl\u00e8tes d&#039;\u00c9quipe Canada \u00e0 Rio 2016 ? - \u00c9quipe Canada | Site officiel de l&#039;\u00e9quipe olympique\" \/>\n<meta property=\"og:description\" content=\"\u00c0 Rio cet \u00e9t\u00e9, le Canada enverra la 25e d\u00e9l\u00e9gation de son histoire \u00e0 ce grand rassemblement olympique. Afin de...\" \/>\n<meta property=\"og:url\" content=\"https:\/\/preprod.olympic.ca\/olympique\/2016\/06\/16\/qui-guideront-les-athletes-dequipe-canada-a-rio-2016\/\" \/>\n<meta property=\"og:site_name\" content=\"\u00c9quipe Canada | Site officiel de l&#039;\u00e9quipe olympique\" \/>\n<meta property=\"article:published_time\" content=\"2016-06-16T21:17:31+00:00\" \/>\n<meta property=\"article:modified_time\" content=\"2016-06-20T19:24:25+00:00\" \/>\n<meta property=\"og:image\" content=\"https:\/\/preprod.olympic.ca\/olympique\/wp-content\/uploads\/sites\/2\/2016\/06\/chefs2016.jpg?quality=100\" \/>\n\t<meta property=\"og:image:width\" content=\"1340\" \/>\n\t<meta property=\"og:image:height\" content=\"754\" \/>\n\t<meta property=\"og:image:type\" content=\"image\/jpeg\" \/>\n<meta name=\"author\" content=\"Mikael Morrissette\" \/>\n<meta name=\"twitter:card\" content=\"summary_large_image\" \/>\n<meta name=\"twitter:label1\" content=\"Written by\" \/>\n\t<meta name=\"twitter:data1\" content=\"Mikael Morrissette\" \/>\n\t<meta name=\"twitter:label2\" content=\"Est. reading time\" \/>\n\t<meta name=\"twitter:data2\" content=\"6 minutes\" \/>\n<script type=\"application\/ld+json\" class=\"yoast-schema-graph\">{\"@context\":\"https:\\\/\\\/schema.org\",\"@graph\":[{\"@type\":\"Article\",\"@id\":\"https:\\\/\\\/preprod.olympic.ca\\\/olympique\\\/2016\\\/06\\\/16\\\/qui-guideront-les-athletes-dequipe-canada-a-rio-2016\\\/#article\",\"isPartOf\":{\"@id\":\"https:\\\/\\\/preprod.olympic.ca\\\/olympique\\\/2016\\\/06\\\/16\\\/qui-guideront-les-athletes-dequipe-canada-a-rio-2016\\\/\"},\"author\":{\"name\":\"Mika\u00ebl Morrissette\",\"@id\":\"https:\\\/\\\/preprod.olympic.ca\\\/olympique\\\/#\\\/schema\\\/person\\\/add888196d6fd37df80f974b53ceb59d\"},\"headline\":\"Qui guideront les athl\u00e8tes d&rsquo;\u00c9quipe Canada \u00e0 Rio 2016 ?\",\"datePublished\":\"2016-06-16T21:17:31+00:00\",\"dateModified\":\"2016-06-20T19:24:25+00:00\",\"mainEntityOfPage\":{\"@id\":\"https:\\\/\\\/preprod.olympic.ca\\\/olympique\\\/2016\\\/06\\\/16\\\/qui-guideront-les-athletes-dequipe-canada-a-rio-2016\\\/\"},\"wordCount\":1132,\"commentCount\":0,\"image\":{\"@id\":\"https:\\\/\\\/preprod.olympic.ca\\\/olympique\\\/2016\\\/06\\\/16\\\/qui-guideront-les-athletes-dequipe-canada-a-rio-2016\\\/#primaryimage\"},\"thumbnailUrl\":\"https:\\\/\\\/preprod.olympic.ca\\\/olympique\\\/wp-content\\\/uploads\\\/sites\\\/2\\\/2016\\\/06\\\/chefs2016.jpg?quality=100\",\"keywords\":[\"Carol Huynh\",\"Chef de Mission\",\"chef de mission adjointe\",\"Curt Harnett\",\"isabelle charest\",\"Rio 2016\"],\"articleSection\":[\"Uncategorized\"],\"inLanguage\":\"fr-FR\",\"potentialAction\":[{\"@type\":\"CommentAction\",\"name\":\"Comment\",\"target\":[\"https:\\\/\\\/preprod.olympic.ca\\\/olympique\\\/2016\\\/06\\\/16\\\/qui-guideront-les-athletes-dequipe-canada-a-rio-2016\\\/#respond\"]}]},{\"@type\":\"WebPage\",\"@id\":\"https:\\\/\\\/preprod.olympic.ca\\\/olympique\\\/2016\\\/06\\\/16\\\/qui-guideront-les-athletes-dequipe-canada-a-rio-2016\\\/\",\"url\":\"https:\\\/\\\/preprod.olympic.ca\\\/olympique\\\/2016\\\/06\\\/16\\\/qui-guideront-les-athletes-dequipe-canada-a-rio-2016\\\/\",\"name\":\"Qui guideront les athl\u00e8tes d'\u00c9quipe Canada \u00e0 Rio 2016 ? - \u00c9quipe Canada | Site officiel de l&#039;\u00e9quipe olympique\",\"isPartOf\":{\"@id\":\"https:\\\/\\\/preprod.olympic.ca\\\/olympique\\\/#website\"},\"primaryImageOfPage\":{\"@id\":\"https:\\\/\\\/preprod.olympic.ca\\\/olympique\\\/2016\\\/06\\\/16\\\/qui-guideront-les-athletes-dequipe-canada-a-rio-2016\\\/#primaryimage\"},\"image\":{\"@id\":\"https:\\\/\\\/preprod.olympic.ca\\\/olympique\\\/2016\\\/06\\\/16\\\/qui-guideront-les-athletes-dequipe-canada-a-rio-2016\\\/#primaryimage\"},\"thumbnailUrl\":\"https:\\\/\\\/preprod.olympic.ca\\\/olympique\\\/wp-content\\\/uploads\\\/sites\\\/2\\\/2016\\\/06\\\/chefs2016.jpg?quality=100\",\"datePublished\":\"2016-06-16T21:17:31+00:00\",\"dateModified\":\"2016-06-20T19:24:25+00:00\",\"author\":{\"@id\":\"https:\\\/\\\/preprod.olympic.ca\\\/olympique\\\/#\\\/schema\\\/person\\\/add888196d6fd37df80f974b53ceb59d\"},\"inLanguage\":\"fr-FR\",\"potentialAction\":[{\"@type\":\"ReadAction\",\"target\":[\"https:\\\/\\\/preprod.olympic.ca\\\/olympique\\\/2016\\\/06\\\/16\\\/qui-guideront-les-athletes-dequipe-canada-a-rio-2016\\\/\"]}]},{\"@type\":\"ImageObject\",\"inLanguage\":\"fr-FR\",\"@id\":\"https:\\\/\\\/preprod.olympic.ca\\\/olympique\\\/2016\\\/06\\\/16\\\/qui-guideront-les-athletes-dequipe-canada-a-rio-2016\\\/#primaryimage\",\"url\":\"https:\\\/\\\/preprod.olympic.ca\\\/olympique\\\/wp-content\\\/uploads\\\/sites\\\/2\\\/2016\\\/06\\\/chefs2016.jpg?quality=100\",\"contentUrl\":\"https:\\\/\\\/preprod.olympic.ca\\\/olympique\\\/wp-content\\\/uploads\\\/sites\\\/2\\\/2016\\\/06\\\/chefs2016.jpg?quality=100\",\"width\":1340,\"height\":754},{\"@type\":\"WebSite\",\"@id\":\"https:\\\/\\\/preprod.olympic.ca\\\/olympique\\\/#website\",\"url\":\"https:\\\/\\\/preprod.olympic.ca\\\/olympique\\\/\",\"name\":\"\u00c9quipe Canada | Site officiel de l&#039;\u00e9quipe olympique\",\"description\":\"Votre source pour l\u2019\u00c9quipe olympique canadienne. Retrouvez les r\u00e9cits, vid\u00e9os et photos des athl\u00e8tes canadiens, sports olympiques, Jeux olympiques de 2020 et bien plus!\",\"potentialAction\":[{\"@type\":\"SearchAction\",\"target\":{\"@type\":\"EntryPoint\",\"urlTemplate\":\"https:\\\/\\\/preprod.olympic.ca\\\/olympique\\\/?s={search_term_string}\"},\"query-input\":{\"@type\":\"PropertyValueSpecification\",\"valueRequired\":true,\"valueName\":\"search_term_string\"}}],\"inLanguage\":\"fr-FR\"},{\"@type\":\"Person\",\"@id\":\"https:\\\/\\\/preprod.olympic.ca\\\/olympique\\\/#\\\/schema\\\/person\\\/add888196d6fd37df80f974b53ceb59d\",\"name\":\"Mika\u00ebl Morrissette\",\"image\":{\"@type\":\"ImageObject\",\"inLanguage\":\"fr-FR\",\"@id\":\"https:\\\/\\\/secure.gravatar.com\\\/avatar\\\/0af73f9b7ce498bf9f2245d4becf7fb13b4210bbb67d965cebfd75915bb35559?s=96&d=identicon&r=ge99bacce308a20efac8a50442f3dcda8\",\"url\":\"https:\\\/\\\/secure.gravatar.com\\\/avatar\\\/0af73f9b7ce498bf9f2245d4becf7fb13b4210bbb67d965cebfd75915bb35559?s=96&d=identicon&r=g\",\"contentUrl\":\"https:\\\/\\\/secure.gravatar.com\\\/avatar\\\/0af73f9b7ce498bf9f2245d4becf7fb13b4210bbb67d965cebfd75915bb35559?s=96&d=identicon&r=g\",\"caption\":\"Mika\u00ebl Morrissette\"},\"description\":\"Stagiaire en communication au Comit\u00e9 olympique canadien.\",\"url\":\"https:\\\/\\\/preprod.olympic.ca\\\/olympique\\\/author\\\/mikaelmorrissette\\\/\"}]}<\/script>\n<!-- \/ Yoast SEO plugin. -->","yoast_head_json":{"title":"Qui guideront les athl\u00e8tes d'\u00c9quipe Canada \u00e0 Rio 2016 ? - \u00c9quipe Canada | Site officiel de l&#039;\u00e9quipe olympique","robots":{"index":"index","follow":"follow","max-snippet":"max-snippet:-1","max-image-preview":"max-image-preview:large","max-video-preview":"max-video-preview:-1"},"canonical":"https:\/\/preprod.olympic.ca\/olympique\/2016\/06\/16\/qui-guideront-les-athletes-dequipe-canada-a-rio-2016\/","og_locale":"fr_FR","og_type":"article","og_title":"Qui guideront les athl\u00e8tes d'\u00c9quipe Canada \u00e0 Rio 2016 ? - \u00c9quipe Canada | Site officiel de l&#039;\u00e9quipe olympique","og_description":"\u00c0 Rio cet \u00e9t\u00e9, le Canada enverra la 25e d\u00e9l\u00e9gation de son histoire \u00e0 ce grand rassemblement olympique. Afin de...","og_url":"https:\/\/preprod.olympic.ca\/olympique\/2016\/06\/16\/qui-guideront-les-athletes-dequipe-canada-a-rio-2016\/","og_site_name":"\u00c9quipe Canada | Site officiel de l&#039;\u00e9quipe olympique","article_published_time":"2016-06-16T21:17:31+00:00","article_modified_time":"2016-06-20T19:24:25+00:00","og_image":[{"width":1340,"height":754,"url":"https:\/\/preprod.olympic.ca\/olympique\/wp-content\/uploads\/sites\/2\/2016\/06\/chefs2016.jpg?quality=100","type":"image\/jpeg"}],"author":"Mikael Morrissette","twitter_card":"summary_large_image","twitter_misc":{"Written by":"Mikael Morrissette","Est. reading time":"6 minutes"},"schema":{"@context":"https:\/\/schema.org","@graph":[{"@type":"Article","@id":"https:\/\/preprod.olympic.ca\/olympique\/2016\/06\/16\/qui-guideront-les-athletes-dequipe-canada-a-rio-2016\/#article","isPartOf":{"@id":"https:\/\/preprod.olympic.ca\/olympique\/2016\/06\/16\/qui-guideront-les-athletes-dequipe-canada-a-rio-2016\/"},"author":{"name":"Mika\u00ebl Morrissette","@id":"https:\/\/preprod.olympic.ca\/olympique\/#\/schema\/person\/add888196d6fd37df80f974b53ceb59d"},"headline":"Qui guideront les athl\u00e8tes d&rsquo;\u00c9quipe Canada \u00e0 Rio 2016 ?","datePublished":"2016-06-16T21:17:31+00:00","dateModified":"2016-06-20T19:24:25+00:00","mainEntityOfPage":{"@id":"https:\/\/preprod.olympic.ca\/olympique\/2016\/06\/16\/qui-guideront-les-athletes-dequipe-canada-a-rio-2016\/"},"wordCount":1132,"commentCount":0,"image":{"@id":"https:\/\/preprod.olympic.ca\/olympique\/2016\/06\/16\/qui-guideront-les-athletes-dequipe-canada-a-rio-2016\/#primaryimage"},"thumbnailUrl":"https:\/\/preprod.olympic.ca\/olympique\/wp-content\/uploads\/sites\/2\/2016\/06\/chefs2016.jpg?quality=100","keywords":["Carol Huynh","Chef de Mission","chef de mission adjointe","Curt Harnett","isabelle charest","Rio 2016"],"articleSection":["Uncategorized"],"inLanguage":"fr-FR","potentialAction":[{"@type":"CommentAction","name":"Comment","target":["https:\/\/preprod.olympic.ca\/olympique\/2016\/06\/16\/qui-guideront-les-athletes-dequipe-canada-a-rio-2016\/#respond"]}]},{"@type":"WebPage","@id":"https:\/\/preprod.olympic.ca\/olympique\/2016\/06\/16\/qui-guideront-les-athletes-dequipe-canada-a-rio-2016\/","url":"https:\/\/preprod.olympic.ca\/olympique\/2016\/06\/16\/qui-guideront-les-athletes-dequipe-canada-a-rio-2016\/","name":"Qui guideront les athl\u00e8tes d'\u00c9quipe Canada \u00e0 Rio 2016 ? - \u00c9quipe Canada | Site officiel de l&#039;\u00e9quipe olympique","isPartOf":{"@id":"https:\/\/preprod.olympic.ca\/olympique\/#website"},"primaryImageOfPage":{"@id":"https:\/\/preprod.olympic.ca\/olympique\/2016\/06\/16\/qui-guideront-les-athletes-dequipe-canada-a-rio-2016\/#primaryimage"},"image":{"@id":"https:\/\/preprod.olympic.ca\/olympique\/2016\/06\/16\/qui-guideront-les-athletes-dequipe-canada-a-rio-2016\/#primaryimage"},"thumbnailUrl":"https:\/\/preprod.olympic.ca\/olympique\/wp-content\/uploads\/sites\/2\/2016\/06\/chefs2016.jpg?quality=100","datePublished":"2016-06-16T21:17:31+00:00","dateModified":"2016-06-20T19:24:25+00:00","author":{"@id":"https:\/\/preprod.olympic.ca\/olympique\/#\/schema\/person\/add888196d6fd37df80f974b53ceb59d"},"inLanguage":"fr-FR","potentialAction":[{"@type":"ReadAction","target":["https:\/\/preprod.olympic.ca\/olympique\/2016\/06\/16\/qui-guideront-les-athletes-dequipe-canada-a-rio-2016\/"]}]},{"@type":"ImageObject","inLanguage":"fr-FR","@id":"https:\/\/preprod.olympic.ca\/olympique\/2016\/06\/16\/qui-guideront-les-athletes-dequipe-canada-a-rio-2016\/#primaryimage","url":"https:\/\/preprod.olympic.ca\/olympique\/wp-content\/uploads\/sites\/2\/2016\/06\/chefs2016.jpg?quality=100","contentUrl":"https:\/\/preprod.olympic.ca\/olympique\/wp-content\/uploads\/sites\/2\/2016\/06\/chefs2016.jpg?quality=100","width":1340,"height":754},{"@type":"WebSite","@id":"https:\/\/preprod.olympic.ca\/olympique\/#website","url":"https:\/\/preprod.olympic.ca\/olympique\/","name":"\u00c9quipe Canada | Site officiel de l&#039;\u00e9quipe olympique","description":"Votre source pour l\u2019\u00c9quipe olympique canadienne. Retrouvez les r\u00e9cits, vid\u00e9os et photos des athl\u00e8tes canadiens, sports olympiques, Jeux olympiques de 2020 et bien plus!","potentialAction":[{"@type":"SearchAction","target":{"@type":"EntryPoint","urlTemplate":"https:\/\/preprod.olympic.ca\/olympique\/?s={search_term_string}"},"query-input":{"@type":"PropertyValueSpecification","valueRequired":true,"valueName":"search_term_string"}}],"inLanguage":"fr-FR"},{"@type":"Person","@id":"https:\/\/preprod.olympic.ca\/olympique\/#\/schema\/person\/add888196d6fd37df80f974b53ceb59d","name":"Mika\u00ebl Morrissette","image":{"@type":"ImageObject","inLanguage":"fr-FR","@id":"https:\/\/secure.gravatar.com\/avatar\/0af73f9b7ce498bf9f2245d4becf7fb13b4210bbb67d965cebfd75915bb35559?s=96&d=identicon&r=ge99bacce308a20efac8a50442f3dcda8","url":"https:\/\/secure.gravatar.com\/avatar\/0af73f9b7ce498bf9f2245d4becf7fb13b4210bbb67d965cebfd75915bb35559?s=96&d=identicon&r=g","contentUrl":"https:\/\/secure.gravatar.com\/avatar\/0af73f9b7ce498bf9f2245d4becf7fb13b4210bbb67d965cebfd75915bb35559?s=96&d=identicon&r=g","caption":"Mika\u00ebl Morrissette"},"description":"Stagiaire en communication au Comit\u00e9 olympique canadien.","url":"https:\/\/preprod.olympic.ca\/olympique\/author\/mikaelmorrissette\/"}]}},"jetpack_featured_media_url":"https:\/\/preprod.olympic.ca\/olympique\/wp-content\/uploads\/sites\/2\/2016\/06\/chefs2016.jpg?quality=100","featured_image_url":"https:\/\/preprod.olympic.ca\/olympique\/wp-content\/uploads\/sites\/2\/2016\/06\/chefs2016.jpg?quality=100","author_name":["Mikael Morrissette"],"category_names":["Uncategorized"],"tag_names":["Carol Huynh","Chef de Mission","chef de mission adjointe","Curt Harnett","isabelle charest","Rio 2016"],"video_embed_code":"","facebook_video_embed_code":"","jetpack_sharing_enabled":true,"jetpack-related-posts":[],"jetpack_shortlink":"https:\/\/wp.me\/pcGHcP-uci","_links":{"self":[{"href":"https:\/\/preprod.olympic.ca\/olympique\/wp-json\/wp\/v2\/posts\/116082","targetHints":{"allow":["GET"]}}],"collection":[{"href":"https:\/\/preprod.olympic.ca\/olympique\/wp-json\/wp\/v2\/posts"}],"about":[{"href":"https:\/\/preprod.olympic.ca\/olympique\/wp-json\/wp\/v2\/types\/post"}],"author":[{"embeddable":true,"href":"https:\/\/preprod.olympic.ca\/olympique\/wp-json\/wp\/v2\/users\/105677521"}],"replies":[{"embeddable":true,"href":"https:\/\/preprod.olympic.ca\/olympique\/wp-json\/wp\/v2\/comments?post=116082"}],"version-history":[{"count":14,"href":"https:\/\/preprod.olympic.ca\/olympique\/wp-json\/wp\/v2\/posts\/116082\/revisions"}],"predecessor-version":[{"id":116699,"href":"https:\/\/preprod.olympic.ca\/olympique\/wp-json\/wp\/v2\/posts\/116082\/revisions\/116699"}],"wp:featuredmedia":[{"embeddable":true,"href":"https:\/\/preprod.olympic.ca\/olympique\/wp-json\/wp\/v2\/media\/116463"}],"wp:attachment":[{"href":"https:\/\/preprod.olympic.ca\/olympique\/wp-json\/wp\/v2\/media?parent=116082"}],"wp:term":[{"taxonomy":"category","embeddable":true,"href":"https:\/\/preprod.olympic.ca\/olympique\/wp-json\/wp\/v2\/categories?post=116082"},{"taxonomy":"post_tag","embeddable":true,"href":"https:\/\/preprod.olympic.ca\/olympique\/wp-json\/wp\/v2\/tags?post=116082"},{"taxonomy":"post_format","embeddable":true,"href":"https:\/\/preprod.olympic.ca\/olympique\/wp-json\/wp\/v2\/post_format?post=116082"},{"taxonomy":"sport","embeddable":true,"href":"https:\/\/preprod.olympic.ca\/olympique\/wp-json\/wp\/v2\/sport?post=116082"},{"taxonomy":"game","embeddable":true,"href":"https:\/\/preprod.olympic.ca\/olympique\/wp-json\/wp\/v2\/game?post=116082"},{"taxonomy":"author","embeddable":true,"href":"https:\/\/preprod.olympic.ca\/olympique\/wp-json\/wp\/v2\/coauthors?post=116082"}],"curies":[{"name":"wp","href":"https:\/\/api.w.org\/{rel}","templated":true}]}}