{"id":116501,"date":"2016-06-14T16:57:32","date_gmt":"2016-06-14T20:57:32","guid":{"rendered":"http:\/\/olympique.ca\/?p=116501"},"modified":"2020-06-02T14:55:38","modified_gmt":"2020-06-02T18:55:38","slug":"le-sprinteur-aaron-brown-rejoint-un-club-tres-select","status":"publish","type":"post","link":"https:\/\/preprod.olympic.ca\/olympique\/2016\/06\/14\/le-sprinteur-aaron-brown-rejoint-un-club-tres-select\/","title":{"rendered":"Le sprinteur Aaron Brown se joint \u00e0 un club tr\u00e8s s\u00e9lect"},"content":{"rendered":"<h1>En fin de semaine derni\u00e8re, le sprinteur canadien <a href=\"http:\/\/olympique.ca\/team-canada\/aaron-brown\/\">Aaron Brown<\/a> s\u2019est aventur\u00e9 en territoire inconnu en franchissant l\u2019\u00e9preuve du 100 m en moins de dix secondes.<\/h1>\n<p>V\u00e9ritable obsession pour les sprinteurs masculins, Brown a r\u00e9ussi l\u2019exploit sous le chaud soleil floridien samedi dernier, alors qu\u2019il a arr\u00eat\u00e9 le chrono \u00e0 9,96 secondes, devan\u00e7ant au passage l\u2019ancien champion du monde Tyson Guay (9,97 s).<\/p>\n<p><img loading=\"lazy\" decoding=\"async\" class=\"alignnone size-full wp-image-116602\" src=\"https:\/\/preprod.olympic.ca\/wp-content\/uploads\/sites\/2\/2016\/06\/100m-sub-10s-fr.png\" alt=\"Bailey Surin De Grasse Brown\" width=\"1340\" height=\"754\" srcset=\"https:\/\/preprod.olympic.ca\/olympique\/wp-content\/uploads\/sites\/2\/2016\/06\/100m-sub-10s-fr.png 1340w, https:\/\/preprod.olympic.ca\/olympique\/wp-content\/uploads\/sites\/2\/2016\/06\/100m-sub-10s-fr.png?resize=280,158 280w, https:\/\/preprod.olympic.ca\/olympique\/wp-content\/uploads\/sites\/2\/2016\/06\/100m-sub-10s-fr.png?resize=660,371 660w, https:\/\/preprod.olympic.ca\/olympique\/wp-content\/uploads\/sites\/2\/2016\/06\/100m-sub-10s-fr.png?resize=768,432 768w\" sizes=\"(max-width: 1340px) 100vw, 1340px\" \/><\/p>\n<p>En finale, l\u2019athl\u00e8te canadien a franchi la m\u00eame distance en 10,01 secondes, terminant ainsi deuxi\u00e8me derri\u00e8re l\u2019Am\u00e9ricain Marvin Bracy (9,94 s).<\/p>\n<p>Il s\u2019agit des deux meilleures performances individuelles en carri\u00e8re de Brown, alors qu\u2019il avait r\u00e9ussi un temps de 10,05 secondes il y a trois ans. \u00c0 24 ans, l\u2019Ontarien est au sommet de sa forme, lui qui avait \u00e9t\u00e9 passablement ralenti par une blessure, expliquant ainsi que sa meilleure performance date de 2013.<\/p>\n<p>Seulement trois autres Canadiens peuvent se vanter d\u2019avoir r\u00e9alis\u00e9 l\u2019exploit du 100 m sous la barre des dix secondes. <a href=\"http:\/\/olympique.ca\/team-canada\/donovan-bailey\/\">Donovan Bailey<\/a> et <a href=\"http:\/\/olympique.ca\/team-canada\/bruny-surin\/\">Bruny Surin<\/a> se partagent le record national de 9,84 secondes alors que le <a href=\"http:\/\/olympique.ca\/2015\/08\/23\/mondiaux-dathletisme-de-grasse-sempare-du-bronze-face-a-un-plateau-releve\/\">m\u00e9daill\u00e9 de bronze <\/a>des Mondiaux de 2015\u00a0<a href=\"http:\/\/olympique.ca\/team-canada\/andre-de-grasse\/\">Andre De Grasse<\/a> avait r\u00e9ussi ce tour de force en 9,92 secondes.<\/p>\n<p><strong>\u00c0 voir : <a href=\"http:\/\/olympique.ca\/2016\/06\/09\/diamond-league-de-grasse-encore-premier-largent-pour-barber-et-nettey\/\">De Grasse encore premier lors du passage de la Diamond League \u00e0 Oslo<\/a><\/strong><\/p>\n<div id=\"attachment_114627\" style=\"width: 1350px\" class=\"wp-caption alignnone\"><img loading=\"lazy\" decoding=\"async\" aria-describedby=\"caption-attachment-114627\" class=\"wp-image-114627 size-full\" src=\"https:\/\/preprod.olympic.ca\/wp-content\/uploads\/sites\/2\/2016\/04\/coc_a_brown_print_fr.jpg?quality=100\" alt=\"Aaron Brown | Athl\u00e9tisme\" width=\"1340\" height=\"893\" srcset=\"https:\/\/preprod.olympic.ca\/olympique\/wp-content\/uploads\/sites\/2\/2016\/04\/coc_a_brown_print_fr.jpg 1340w, https:\/\/preprod.olympic.ca\/olympique\/wp-content\/uploads\/sites\/2\/2016\/04\/coc_a_brown_print_fr.jpg?resize=237,158 237w, https:\/\/preprod.olympic.ca\/olympique\/wp-content\/uploads\/sites\/2\/2016\/04\/coc_a_brown_print_fr.jpg?resize=557,371 557w, https:\/\/preprod.olympic.ca\/olympique\/wp-content\/uploads\/sites\/2\/2016\/04\/coc_a_brown_print_fr.jpg?resize=768,512 768w, https:\/\/preprod.olympic.ca\/olympique\/wp-content\/uploads\/sites\/2\/2016\/04\/coc_a_brown_print_fr.jpg?resize=1131,754 1131w\" sizes=\"(max-width: 1340px) 100vw, 1340px\" \/><p id=\"caption-attachment-114627\" class=\"wp-caption-text\">Aaron Brown | Athl\u00e9tisme<\/p><\/div>\n<p style=\"text-align:left;\">De Grasse, 21 ans, et Brown ont fait \u00e9quipe aux Championnats du monde d\u2019athl\u00e9tisme \u00e0 <a href=\"http:\/\/olympique.ca\/2015\/08\/22\/les-canadiens-en-bonne-position-apres-le-1er-jour-des-mondiaux-dathletisme\/\">Beijing en 2015<\/a> et ont permis au Canada de rafler la m\u00e9daille de bronze \u00e0 l\u2019\u00e9preuve 4&#215;100 m. Il s\u2019agissait d&rsquo;un deuxi\u00e8me podium en relais pour Brown apr\u00e8s avoir r\u00e9colt\u00e9 le bronze \u00e9galement \u00e0 Moscou en 2013.<\/p>\n<p style=\"text-align:left;\"><strong>\u00c0 voir : <a href=\"http:\/\/olympique.ca\/2016\/06\/03\/diamond-league-aaron-brown-en-argent-a-rome\/\">Brown en argent \u00e0 Rome\u00a0<\/a><\/strong><\/p>\n<p style=\"text-align:left;\">Avoir deux sprinteurs du club s\u00e9lect toujours actifs rappelle l\u2019\u00e9quipe canadienne des ann\u00e9es 90, alors que Bailey et Surin avaient tous les deux bris\u00e9 la barri\u00e8re des dix secondes \u00e0 quelques mois d\u2019intervalle avant de terminer premier et deuxi\u00e8me aux Championnats mondiaux de\u00a0G\u00f6teborg, en Su\u00e8de, en 1995. \u00c0 l\u2019\u00e9poque, le Canada avait \u00e9galement enlev\u00e9 l\u2019\u00e9preuve du 4&#215;100 m, un exploit que l\u2019\u00e9quipe nationale r\u00e9p\u00e9ta un an plus tard aux <a href=\"http:\/\/olympique.ca\/jeux\/1996-atlanta\/\">Jeux olympiques d\u2019Atlanta<\/a>. Bailey y avait d\u2019ailleurs remport\u00e9 la m\u00e9daille d\u2019or au 100 m.<\/p>\n<div id=\"attachment_135950\" style=\"width: 1350px\" class=\"wp-caption aligncenter\"><img loading=\"lazy\" decoding=\"async\" aria-describedby=\"caption-attachment-135950\" class=\"size-full wp-image-135950\" src=\"https:\/\/cdnolympic.files.wordpress.com\/2016\/06\/4by1.jpg?quality=100\" alt=\"Bruny Surin (left) and Donovan Bailey (right) went 1-2 in Gothenburg 1995, and later (pictured here) celebrated winning relay gold with Glenroy Gilbert and Robert Esmie at the IAAF World Championships in Sweden. \" width=\"1340\" height=\"754\" \/><p id=\"caption-attachment-135950\" class=\"wp-caption-text\">Bruny Surin (gauche) and Donovan Bailey (droite) ont r\u00e9alis\u00e9 un\u00a0doubl\u00e9 canadien \u00e0 G\u00f6teburg\u00a0en 1995, et plus tard (photo ci-dessus) ont c\u00e9l\u00e9br\u00e9 leur triomphe pour l&rsquo;or au relais avec Glenroy Gilbert et Robert Esmie aux Championnats du monde de l&rsquo;IAAF en Su\u00e8de.<\/p><\/div>\n<p style=\"line-height:150%;margin:0 0 15pt;background:white;\">\u00ab Les Canadiens peuvent esp\u00e9rer de grandes choses \u00e0 venir. C&rsquo;est une \u00e8re fort prometteuse pour les sprinteurs canadiens\u00bb, a affirm\u00e9 Brown l&rsquo;an dernier en entrevue avec Olympique.ca\u00a0avant les Jeux panam\u00e9ricains de Toronto. Avec ses plus r\u00e9centes performances, force est d&rsquo;admettre qu&rsquo;il avait vu juste.<\/p>\n<p style=\"line-height:150%;margin:0 0 15pt;background:white;\">De Grasse et Brown auront fort probablement l&rsquo;occasion\u00a0de courir tous les deux aux \u00e9preuves de 100 et 200 m aux essais olympiques\u00a0d&rsquo;Athl\u00e9tisme Canada, \u00e0 Edmonton du 7 au 10 juillet prochain.<\/p>\n<p style=\"line-height:150%;margin:0 0 15pt;text-align:left;background:white;\"><div class=\"instory-ad-shortcode\"><a aria-hidden=\"true\" tabindex=\"-1\" class=\"ad\" href=\"https:\/\/twitter.com\/OlympiqueCanada\" target=\"_blank\"><img decoding=\"async\" src=\"http:\/\/cdnolympic.files.wordpress.com\/2014\/02\/tw-fr-ad-1180-x-100.png\" alt=\"\" \/><\/a><\/div><\/p>\n","protected":false},"excerpt":{"rendered":"<p>En fin de semaine derni\u00e8re, le sprinteur canadien Aaron Brown s\u2019est aventur\u00e9 en territoire inconnu en franchissant l\u2019\u00e9preuve du 100&#8230;<\/p>\n","protected":false},"author":10774097,"featured_media":116549,"comment_status":"open","ping_status":"closed","sticky":false,"template":"","format":"standard","meta":{"_acf_changed":false,"_jetpack_memberships_contains_paid_content":false,"footnotes":""},"categories":[1],"tags":[4281204,1577727,182457884,22642598,1998660,6876918,415988264,6629131,713425],"post_format":"standard","sport":[48770],"game":[2676172,415984561],"coauthors":[197553292],"class_list":["post-116501","post","type-post","status-publish","format-standard","has-post-thumbnail","hentry","category-uncategorized","tag-100-m","tag-aaron-brown","tag-andre-de-grasse","tag-athletisme-canada","tag-atlanta-1996","tag-bruny-surin","tag-diversite","tag-donovan-bailey","tag-rio-2016","sport-athletisme","game-1996-atlanta","game-2016-rio"],"acf":[],"yoast_head":"<!-- This site is optimized with the Yoast SEO plugin v27.3 - https:\/\/yoast.com\/product\/yoast-seo-wordpress\/ -->\n<title>Le sprinteur Aaron Brown se joint \u00e0 un club tr\u00e8s s\u00e9lect - \u00c9quipe Canada | Site officiel de l&#039;\u00e9quipe olympique<\/title>\n<meta name=\"robots\" content=\"index, follow, max-snippet:-1, max-image-preview:large, max-video-preview:-1\" \/>\n<link rel=\"canonical\" href=\"https:\/\/preprod.olympic.ca\/olympique\/2016\/06\/14\/le-sprinteur-aaron-brown-rejoint-un-club-tres-select\/\" \/>\n<meta property=\"og:locale\" content=\"fr_FR\" \/>\n<meta property=\"og:type\" content=\"article\" \/>\n<meta property=\"og:title\" content=\"Le sprinteur Aaron Brown se joint \u00e0 un club tr\u00e8s s\u00e9lect - \u00c9quipe Canada | Site officiel de l&#039;\u00e9quipe olympique\" \/>\n<meta property=\"og:description\" content=\"En fin de semaine derni\u00e8re, le sprinteur canadien Aaron Brown s\u2019est aventur\u00e9 en territoire inconnu en franchissant l\u2019\u00e9preuve du 100...\" \/>\n<meta property=\"og:url\" content=\"https:\/\/preprod.olympic.ca\/olympique\/2016\/06\/14\/le-sprinteur-aaron-brown-rejoint-un-club-tres-select\/\" \/>\n<meta property=\"og:site_name\" content=\"\u00c9quipe Canada | Site officiel de l&#039;\u00e9quipe olympique\" \/>\n<meta property=\"article:published_time\" content=\"2016-06-14T20:57:32+00:00\" \/>\n<meta property=\"article:modified_time\" content=\"2020-06-02T18:55:38+00:00\" \/>\n<meta property=\"og:image\" content=\"https:\/\/preprod.olympic.ca\/olympique\/wp-content\/uploads\/sites\/2\/2016\/06\/aaron-brown1.jpg?quality=100\" \/>\n\t<meta property=\"og:image:width\" content=\"1010\" \/>\n\t<meta property=\"og:image:height\" content=\"568\" \/>\n\t<meta property=\"og:image:type\" content=\"image\/jpeg\" \/>\n<meta name=\"author\" content=\"Asif Hossain\" \/>\n<meta name=\"twitter:card\" content=\"summary_large_image\" \/>\n<meta name=\"twitter:label1\" content=\"Written by\" \/>\n\t<meta name=\"twitter:data1\" content=\"Asif Hossain\" \/>\n\t<meta name=\"twitter:label2\" content=\"Est. reading time\" \/>\n\t<meta name=\"twitter:data2\" content=\"3 minutes\" \/>\n<script type=\"application\/ld+json\" class=\"yoast-schema-graph\">{\"@context\":\"https:\\\/\\\/schema.org\",\"@graph\":[{\"@type\":\"Article\",\"@id\":\"https:\\\/\\\/preprod.olympic.ca\\\/olympique\\\/2016\\\/06\\\/14\\\/le-sprinteur-aaron-brown-rejoint-un-club-tres-select\\\/#article\",\"isPartOf\":{\"@id\":\"https:\\\/\\\/preprod.olympic.ca\\\/olympique\\\/2016\\\/06\\\/14\\\/le-sprinteur-aaron-brown-rejoint-un-club-tres-select\\\/\"},\"author\":{\"name\":\"Asif Hossain\",\"@id\":\"https:\\\/\\\/preprod.olympic.ca\\\/olympique\\\/#\\\/schema\\\/person\\\/9fece45a1cf9f72c0fee2ddb948a50f4\"},\"headline\":\"Le sprinteur Aaron Brown se joint \u00e0 un club tr\u00e8s s\u00e9lect\",\"datePublished\":\"2016-06-14T20:57:32+00:00\",\"dateModified\":\"2020-06-02T18:55:38+00:00\",\"mainEntityOfPage\":{\"@id\":\"https:\\\/\\\/preprod.olympic.ca\\\/olympique\\\/2016\\\/06\\\/14\\\/le-sprinteur-aaron-brown-rejoint-un-club-tres-select\\\/\"},\"wordCount\":556,\"commentCount\":0,\"image\":{\"@id\":\"https:\\\/\\\/preprod.olympic.ca\\\/olympique\\\/2016\\\/06\\\/14\\\/le-sprinteur-aaron-brown-rejoint-un-club-tres-select\\\/#primaryimage\"},\"thumbnailUrl\":\"https:\\\/\\\/preprod.olympic.ca\\\/olympique\\\/wp-content\\\/uploads\\\/sites\\\/2\\\/2016\\\/06\\\/aaron-brown1.jpg?quality=100\",\"keywords\":[\"100 m\",\"Aaron Brown\",\"Andre De Grasse\",\"Athl\u00e9tisme Canada\",\"Atlanta 1996\",\"Bruny Surin\",\"diversit\u00e9\",\"Donovan Bailey\",\"Rio 2016\"],\"articleSection\":[\"Uncategorized\"],\"inLanguage\":\"fr-FR\",\"potentialAction\":[{\"@type\":\"CommentAction\",\"name\":\"Comment\",\"target\":[\"https:\\\/\\\/preprod.olympic.ca\\\/olympique\\\/2016\\\/06\\\/14\\\/le-sprinteur-aaron-brown-rejoint-un-club-tres-select\\\/#respond\"]}]},{\"@type\":\"WebPage\",\"@id\":\"https:\\\/\\\/preprod.olympic.ca\\\/olympique\\\/2016\\\/06\\\/14\\\/le-sprinteur-aaron-brown-rejoint-un-club-tres-select\\\/\",\"url\":\"https:\\\/\\\/preprod.olympic.ca\\\/olympique\\\/2016\\\/06\\\/14\\\/le-sprinteur-aaron-brown-rejoint-un-club-tres-select\\\/\",\"name\":\"Le sprinteur Aaron Brown se joint \u00e0 un club tr\u00e8s s\u00e9lect - \u00c9quipe Canada | Site officiel de l&#039;\u00e9quipe olympique\",\"isPartOf\":{\"@id\":\"https:\\\/\\\/preprod.olympic.ca\\\/olympique\\\/#website\"},\"primaryImageOfPage\":{\"@id\":\"https:\\\/\\\/preprod.olympic.ca\\\/olympique\\\/2016\\\/06\\\/14\\\/le-sprinteur-aaron-brown-rejoint-un-club-tres-select\\\/#primaryimage\"},\"image\":{\"@id\":\"https:\\\/\\\/preprod.olympic.ca\\\/olympique\\\/2016\\\/06\\\/14\\\/le-sprinteur-aaron-brown-rejoint-un-club-tres-select\\\/#primaryimage\"},\"thumbnailUrl\":\"https:\\\/\\\/preprod.olympic.ca\\\/olympique\\\/wp-content\\\/uploads\\\/sites\\\/2\\\/2016\\\/06\\\/aaron-brown1.jpg?quality=100\",\"datePublished\":\"2016-06-14T20:57:32+00:00\",\"dateModified\":\"2020-06-02T18:55:38+00:00\",\"author\":{\"@id\":\"https:\\\/\\\/preprod.olympic.ca\\\/olympique\\\/#\\\/schema\\\/person\\\/9fece45a1cf9f72c0fee2ddb948a50f4\"},\"inLanguage\":\"fr-FR\",\"potentialAction\":[{\"@type\":\"ReadAction\",\"target\":[\"https:\\\/\\\/preprod.olympic.ca\\\/olympique\\\/2016\\\/06\\\/14\\\/le-sprinteur-aaron-brown-rejoint-un-club-tres-select\\\/\"]}]},{\"@type\":\"ImageObject\",\"inLanguage\":\"fr-FR\",\"@id\":\"https:\\\/\\\/preprod.olympic.ca\\\/olympique\\\/2016\\\/06\\\/14\\\/le-sprinteur-aaron-brown-rejoint-un-club-tres-select\\\/#primaryimage\",\"url\":\"https:\\\/\\\/preprod.olympic.ca\\\/olympique\\\/wp-content\\\/uploads\\\/sites\\\/2\\\/2016\\\/06\\\/aaron-brown1.jpg?quality=100\",\"contentUrl\":\"https:\\\/\\\/preprod.olympic.ca\\\/olympique\\\/wp-content\\\/uploads\\\/sites\\\/2\\\/2016\\\/06\\\/aaron-brown1.jpg?quality=100\",\"width\":1010,\"height\":568},{\"@type\":\"WebSite\",\"@id\":\"https:\\\/\\\/preprod.olympic.ca\\\/olympique\\\/#website\",\"url\":\"https:\\\/\\\/preprod.olympic.ca\\\/olympique\\\/\",\"name\":\"\u00c9quipe Canada | Site officiel de l&#039;\u00e9quipe olympique\",\"description\":\"Votre source pour l\u2019\u00c9quipe olympique canadienne. Retrouvez les r\u00e9cits, vid\u00e9os et photos des athl\u00e8tes canadiens, sports olympiques, Jeux olympiques de 2020 et bien plus!\",\"potentialAction\":[{\"@type\":\"SearchAction\",\"target\":{\"@type\":\"EntryPoint\",\"urlTemplate\":\"https:\\\/\\\/preprod.olympic.ca\\\/olympique\\\/?s={search_term_string}\"},\"query-input\":{\"@type\":\"PropertyValueSpecification\",\"valueRequired\":true,\"valueName\":\"search_term_string\"}}],\"inLanguage\":\"fr-FR\"},{\"@type\":\"Person\",\"@id\":\"https:\\\/\\\/preprod.olympic.ca\\\/olympique\\\/#\\\/schema\\\/person\\\/9fece45a1cf9f72c0fee2ddb948a50f4\",\"name\":\"Asif Hossain\",\"image\":{\"@type\":\"ImageObject\",\"inLanguage\":\"fr-FR\",\"@id\":\"https:\\\/\\\/secure.gravatar.com\\\/avatar\\\/d78674d61b6b8fcd5488a575ef3fab9b8bed1978cf5bb978adeae1f9411abe4a?s=96&d=identicon&r=g22eff5eea2e28da905f112e9933af68b\",\"url\":\"https:\\\/\\\/secure.gravatar.com\\\/avatar\\\/d78674d61b6b8fcd5488a575ef3fab9b8bed1978cf5bb978adeae1f9411abe4a?s=96&d=identicon&r=g\",\"contentUrl\":\"https:\\\/\\\/secure.gravatar.com\\\/avatar\\\/d78674d61b6b8fcd5488a575ef3fab9b8bed1978cf5bb978adeae1f9411abe4a?s=96&d=identicon&r=g\",\"caption\":\"Asif Hossain\"},\"description\":\"Digital content, marketing and communications manager by trade.\",\"sameAs\":[\"http:\\\/\\\/asifhossain.wordpress.com\"],\"url\":\"https:\\\/\\\/preprod.olympic.ca\\\/olympique\\\/author\\\/asifhossain\\\/\"}]}<\/script>\n<!-- \/ Yoast SEO plugin. -->","yoast_head_json":{"title":"Le sprinteur Aaron Brown se joint \u00e0 un club tr\u00e8s s\u00e9lect - \u00c9quipe Canada | Site officiel de l&#039;\u00e9quipe olympique","robots":{"index":"index","follow":"follow","max-snippet":"max-snippet:-1","max-image-preview":"max-image-preview:large","max-video-preview":"max-video-preview:-1"},"canonical":"https:\/\/preprod.olympic.ca\/olympique\/2016\/06\/14\/le-sprinteur-aaron-brown-rejoint-un-club-tres-select\/","og_locale":"fr_FR","og_type":"article","og_title":"Le sprinteur Aaron Brown se joint \u00e0 un club tr\u00e8s s\u00e9lect - \u00c9quipe Canada | Site officiel de l&#039;\u00e9quipe olympique","og_description":"En fin de semaine derni\u00e8re, le sprinteur canadien Aaron Brown s\u2019est aventur\u00e9 en territoire inconnu en franchissant l\u2019\u00e9preuve du 100...","og_url":"https:\/\/preprod.olympic.ca\/olympique\/2016\/06\/14\/le-sprinteur-aaron-brown-rejoint-un-club-tres-select\/","og_site_name":"\u00c9quipe Canada | Site officiel de l&#039;\u00e9quipe olympique","article_published_time":"2016-06-14T20:57:32+00:00","article_modified_time":"2020-06-02T18:55:38+00:00","og_image":[{"width":1010,"height":568,"url":"https:\/\/preprod.olympic.ca\/olympique\/wp-content\/uploads\/sites\/2\/2016\/06\/aaron-brown1.jpg?quality=100","type":"image\/jpeg"}],"author":"Asif Hossain","twitter_card":"summary_large_image","twitter_misc":{"Written by":"Asif Hossain","Est. reading time":"3 minutes"},"schema":{"@context":"https:\/\/schema.org","@graph":[{"@type":"Article","@id":"https:\/\/preprod.olympic.ca\/olympique\/2016\/06\/14\/le-sprinteur-aaron-brown-rejoint-un-club-tres-select\/#article","isPartOf":{"@id":"https:\/\/preprod.olympic.ca\/olympique\/2016\/06\/14\/le-sprinteur-aaron-brown-rejoint-un-club-tres-select\/"},"author":{"name":"Asif Hossain","@id":"https:\/\/preprod.olympic.ca\/olympique\/#\/schema\/person\/9fece45a1cf9f72c0fee2ddb948a50f4"},"headline":"Le sprinteur Aaron Brown se joint \u00e0 un club tr\u00e8s s\u00e9lect","datePublished":"2016-06-14T20:57:32+00:00","dateModified":"2020-06-02T18:55:38+00:00","mainEntityOfPage":{"@id":"https:\/\/preprod.olympic.ca\/olympique\/2016\/06\/14\/le-sprinteur-aaron-brown-rejoint-un-club-tres-select\/"},"wordCount":556,"commentCount":0,"image":{"@id":"https:\/\/preprod.olympic.ca\/olympique\/2016\/06\/14\/le-sprinteur-aaron-brown-rejoint-un-club-tres-select\/#primaryimage"},"thumbnailUrl":"https:\/\/preprod.olympic.ca\/olympique\/wp-content\/uploads\/sites\/2\/2016\/06\/aaron-brown1.jpg?quality=100","keywords":["100 m","Aaron Brown","Andre De Grasse","Athl\u00e9tisme Canada","Atlanta 1996","Bruny Surin","diversit\u00e9","Donovan Bailey","Rio 2016"],"articleSection":["Uncategorized"],"inLanguage":"fr-FR","potentialAction":[{"@type":"CommentAction","name":"Comment","target":["https:\/\/preprod.olympic.ca\/olympique\/2016\/06\/14\/le-sprinteur-aaron-brown-rejoint-un-club-tres-select\/#respond"]}]},{"@type":"WebPage","@id":"https:\/\/preprod.olympic.ca\/olympique\/2016\/06\/14\/le-sprinteur-aaron-brown-rejoint-un-club-tres-select\/","url":"https:\/\/preprod.olympic.ca\/olympique\/2016\/06\/14\/le-sprinteur-aaron-brown-rejoint-un-club-tres-select\/","name":"Le sprinteur Aaron Brown se joint \u00e0 un club tr\u00e8s s\u00e9lect - \u00c9quipe Canada | Site officiel de l&#039;\u00e9quipe olympique","isPartOf":{"@id":"https:\/\/preprod.olympic.ca\/olympique\/#website"},"primaryImageOfPage":{"@id":"https:\/\/preprod.olympic.ca\/olympique\/2016\/06\/14\/le-sprinteur-aaron-brown-rejoint-un-club-tres-select\/#primaryimage"},"image":{"@id":"https:\/\/preprod.olympic.ca\/olympique\/2016\/06\/14\/le-sprinteur-aaron-brown-rejoint-un-club-tres-select\/#primaryimage"},"thumbnailUrl":"https:\/\/preprod.olympic.ca\/olympique\/wp-content\/uploads\/sites\/2\/2016\/06\/aaron-brown1.jpg?quality=100","datePublished":"2016-06-14T20:57:32+00:00","dateModified":"2020-06-02T18:55:38+00:00","author":{"@id":"https:\/\/preprod.olympic.ca\/olympique\/#\/schema\/person\/9fece45a1cf9f72c0fee2ddb948a50f4"},"inLanguage":"fr-FR","potentialAction":[{"@type":"ReadAction","target":["https:\/\/preprod.olympic.ca\/olympique\/2016\/06\/14\/le-sprinteur-aaron-brown-rejoint-un-club-tres-select\/"]}]},{"@type":"ImageObject","inLanguage":"fr-FR","@id":"https:\/\/preprod.olympic.ca\/olympique\/2016\/06\/14\/le-sprinteur-aaron-brown-rejoint-un-club-tres-select\/#primaryimage","url":"https:\/\/preprod.olympic.ca\/olympique\/wp-content\/uploads\/sites\/2\/2016\/06\/aaron-brown1.jpg?quality=100","contentUrl":"https:\/\/preprod.olympic.ca\/olympique\/wp-content\/uploads\/sites\/2\/2016\/06\/aaron-brown1.jpg?quality=100","width":1010,"height":568},{"@type":"WebSite","@id":"https:\/\/preprod.olympic.ca\/olympique\/#website","url":"https:\/\/preprod.olympic.ca\/olympique\/","name":"\u00c9quipe Canada | Site officiel de l&#039;\u00e9quipe olympique","description":"Votre source pour l\u2019\u00c9quipe olympique canadienne. Retrouvez les r\u00e9cits, vid\u00e9os et photos des athl\u00e8tes canadiens, sports olympiques, Jeux olympiques de 2020 et bien plus!","potentialAction":[{"@type":"SearchAction","target":{"@type":"EntryPoint","urlTemplate":"https:\/\/preprod.olympic.ca\/olympique\/?s={search_term_string}"},"query-input":{"@type":"PropertyValueSpecification","valueRequired":true,"valueName":"search_term_string"}}],"inLanguage":"fr-FR"},{"@type":"Person","@id":"https:\/\/preprod.olympic.ca\/olympique\/#\/schema\/person\/9fece45a1cf9f72c0fee2ddb948a50f4","name":"Asif Hossain","image":{"@type":"ImageObject","inLanguage":"fr-FR","@id":"https:\/\/secure.gravatar.com\/avatar\/d78674d61b6b8fcd5488a575ef3fab9b8bed1978cf5bb978adeae1f9411abe4a?s=96&d=identicon&r=g22eff5eea2e28da905f112e9933af68b","url":"https:\/\/secure.gravatar.com\/avatar\/d78674d61b6b8fcd5488a575ef3fab9b8bed1978cf5bb978adeae1f9411abe4a?s=96&d=identicon&r=g","contentUrl":"https:\/\/secure.gravatar.com\/avatar\/d78674d61b6b8fcd5488a575ef3fab9b8bed1978cf5bb978adeae1f9411abe4a?s=96&d=identicon&r=g","caption":"Asif Hossain"},"description":"Digital content, marketing and communications manager by trade.","sameAs":["http:\/\/asifhossain.wordpress.com"],"url":"https:\/\/preprod.olympic.ca\/olympique\/author\/asifhossain\/"}]}},"jetpack_featured_media_url":"https:\/\/preprod.olympic.ca\/olympique\/wp-content\/uploads\/sites\/2\/2016\/06\/aaron-brown1.jpg?quality=100","featured_image_url":"https:\/\/preprod.olympic.ca\/olympique\/wp-content\/uploads\/sites\/2\/2016\/06\/aaron-brown1.jpg?quality=100","author_name":["Asif Hossain"],"category_names":["Uncategorized"],"tag_names":["100 m","Aaron Brown","Andre De Grasse","Athl\u00e9tisme Canada","Atlanta 1996","Bruny Surin","diversit\u00e9","Donovan Bailey","Rio 2016"],"video_embed_code":"","facebook_video_embed_code":"","jetpack_sharing_enabled":true,"jetpack-related-posts":[],"jetpack_shortlink":"https:\/\/wp.me\/pcGHcP-uj3","_links":{"self":[{"href":"https:\/\/preprod.olympic.ca\/olympique\/wp-json\/wp\/v2\/posts\/116501","targetHints":{"allow":["GET"]}}],"collection":[{"href":"https:\/\/preprod.olympic.ca\/olympique\/wp-json\/wp\/v2\/posts"}],"about":[{"href":"https:\/\/preprod.olympic.ca\/olympique\/wp-json\/wp\/v2\/types\/post"}],"author":[{"embeddable":true,"href":"https:\/\/preprod.olympic.ca\/olympique\/wp-json\/wp\/v2\/users\/10774097"}],"replies":[{"embeddable":true,"href":"https:\/\/preprod.olympic.ca\/olympique\/wp-json\/wp\/v2\/comments?post=116501"}],"version-history":[{"count":7,"href":"https:\/\/preprod.olympic.ca\/olympique\/wp-json\/wp\/v2\/posts\/116501\/revisions"}],"predecessor-version":[{"id":116842,"href":"https:\/\/preprod.olympic.ca\/olympique\/wp-json\/wp\/v2\/posts\/116501\/revisions\/116842"}],"wp:featuredmedia":[{"embeddable":true,"href":"https:\/\/preprod.olympic.ca\/olympique\/wp-json\/wp\/v2\/media\/116549"}],"wp:attachment":[{"href":"https:\/\/preprod.olympic.ca\/olympique\/wp-json\/wp\/v2\/media?parent=116501"}],"wp:term":[{"taxonomy":"category","embeddable":true,"href":"https:\/\/preprod.olympic.ca\/olympique\/wp-json\/wp\/v2\/categories?post=116501"},{"taxonomy":"post_tag","embeddable":true,"href":"https:\/\/preprod.olympic.ca\/olympique\/wp-json\/wp\/v2\/tags?post=116501"},{"taxonomy":"post_format","embeddable":true,"href":"https:\/\/preprod.olympic.ca\/olympique\/wp-json\/wp\/v2\/post_format?post=116501"},{"taxonomy":"sport","embeddable":true,"href":"https:\/\/preprod.olympic.ca\/olympique\/wp-json\/wp\/v2\/sport?post=116501"},{"taxonomy":"game","embeddable":true,"href":"https:\/\/preprod.olympic.ca\/olympique\/wp-json\/wp\/v2\/game?post=116501"},{"taxonomy":"author","embeddable":true,"href":"https:\/\/preprod.olympic.ca\/olympique\/wp-json\/wp\/v2\/coauthors?post=116501"}],"curies":[{"name":"wp","href":"https:\/\/api.w.org\/{rel}","templated":true}]}}