{"id":117985,"date":"2016-07-08T22:00:43","date_gmt":"2016-07-09T02:00:43","guid":{"rendered":"http:\/\/olympique.ca\/?p=117985"},"modified":"2016-07-09T12:51:59","modified_gmt":"2016-07-09T16:51:59","slug":"essais-olympiques-montcalm-gleadle-et-teschuk-sortent-du-lot-a-edmonton","status":"publish","type":"post","link":"https:\/\/preprod.olympic.ca\/olympique\/2016\/07\/08\/essais-olympiques-montcalm-gleadle-et-teschuk-sortent-du-lot-a-edmonton\/","title":{"rendered":"Essais olympiques : Montcalm, Gleadle et Teschuk sortent du lot \u00e0 Edmonton"},"content":{"rendered":"<p><em><strong>Olympique.ca suivra de pr\u00e8s les moments forts des Essais olympiques d\u2019Athl\u00e9tisme Canada du 7 au 10 juillet \u00e0 Edmonton, o\u00f9 les athl\u00e8tes qui formeront la d\u00e9l\u00e9gation canadienne aux \u00e9preuves d&rsquo;athl\u00e9tisme \u00e0 Rio 2016 seront choisis. Ne manquez pas une seconde d\u2019action <a href=\"http:\/\/www.athleticscanada.tv\/gprofile.php?mgroup_id=47401&amp;mgroup_event_id=3809&amp;year=2016&amp;do=videos&amp;video_id=181131\">en suivant la webdiffusion ici.<\/a><\/strong><\/em><\/p>\n<hr \/>\n<h3>8 juillet: Deuxi\u00e8me journ\u00e9e de comp\u00e9tition<\/h3>\n<hr \/>\n<h2>400 m haies f\u00e9minin (finale)<\/h2>\n<div id=\"attachment_138966\" style=\"width: 1350px\" class=\"wp-caption aligncenter\"><img loading=\"lazy\" decoding=\"async\" aria-describedby=\"caption-attachment-138966\" class=\"wp-image-138966 size-full\" src=\"https:\/\/cdnolympic.files.wordpress.com\/2016\/07\/montcalm1.jpg?quality=100\" alt=\"Noelle Montcalm a remport\u00e9 l'\u00e9preuve du 400 m haies sous le standard olympique aux Essais d'Athl\u00e9tique Canada, le 8 juillet 2016.\" width=\"1340\" height=\"954\" \/><p id=\"caption-attachment-138966\" class=\"wp-caption-text\">Noelle Montcalm a remport\u00e9 l&rsquo;\u00e9preuve du 400 m haies sous le standard olympique aux Essais d&rsquo;Athl\u00e9tique Canada, le 8 juillet 2016.<\/p><\/div>\n<p>Apr\u00e8s \u00eatre pass\u00e9e si pr\u00e8s de r\u00e9aliser le standard olympique jeudi,\u00a0Noelle Montcalm a non seulement atteint cette marque 24 heures plus tard, elle a \u00e9galement remport\u00e9\u00a0haut la main le titre national du 400 m haies f\u00e9minin.<\/p>\n<p>Gr\u00e2ce \u00e0 un temps de 55,83 secondes, bien en de\u00e7\u00e0 des 56,20 requis pour prendre part aux Jeux, Montcalm a rafl\u00e9 le titre apr\u00e8s avoir manqu\u00e9 le standard par deux minuscules centi\u00e8mes la veille.<\/p>\n<p><strong>\u00c0 LIRE\u00a0: <a href=\"http:\/\/olympique.ca\/2016\/07\/08\/ahmed-en-route-pour-ses-deuxiemes-jeux-olympiques\/\">Essais olympiques &#8211;\u00a0Jour 1<\/a><\/strong><\/p>\n<div id=\"attachment_138967\" style=\"width: 1350px\" class=\"wp-caption aligncenter\"><img loading=\"lazy\" decoding=\"async\" aria-describedby=\"caption-attachment-138967\" class=\"wp-image-138967 size-full\" src=\"https:\/\/cdnolympic.files.wordpress.com\/2016\/07\/watson1.jpg?quality=100\" alt=\"Sage Watson termine deuxi\u00e8me aux Essais olympiques d'athl\u00e9tisme, le 8 juillet 2016.2016.\" width=\"1340\" height=\"954\" \/><p id=\"caption-attachment-138967\" class=\"wp-caption-text\">Sage Watson termine deuxi\u00e8me aux Essais olympiques d&rsquo;athl\u00e9tisme, le 8 juillet 2016.2016.<\/p><\/div>\n<p>Montcalm a \u00e9galement devanc\u00e9 la favorite, Sage Watson, qui d\u00e9tient le meilleur chrono canadien de la discipline cette saison avec un temps de 54,82. Vendredi, Watson a pris le deuxi\u00e8me rang avec 56,06 alors que Chanice Chase a franchi la ligne d&rsquo;arriv\u00e9e troisi\u00e8me en 56,06 s.<\/p>\n<p>Selon les r\u00e8gles,\u00a0Montcalm et Watson seront les repr\u00e9sentantes canadiennes de la discipline \u00e0 Rio. Quant \u00e0 Chase, sa participation est entre les mains\u00a0du comit\u00e9 national d&rsquo;Athl\u00e9tisme Canada.<\/p>\n<h2>Lancer du javelot &#8211; F (finale)<\/h2>\n<div id=\"attachment_118016\" style=\"width: 1370px\" class=\"wp-caption alignleft\"><img loading=\"lazy\" decoding=\"async\" aria-describedby=\"caption-attachment-118016\" class=\"wp-image-118016 size-full\" src=\"https:\/\/preprod.olympic.ca\/wp-content\/uploads\/sites\/2\/2016\/07\/coc_liz_print_fr.jpg?quality=100\" alt=\"L'affiche SANG-FROID de Liz Gleadle\" width=\"1360\" height=\"907\" srcset=\"https:\/\/preprod.olympic.ca\/olympique\/wp-content\/uploads\/sites\/2\/2016\/07\/coc_liz_print_fr.jpg 3600w, https:\/\/preprod.olympic.ca\/olympique\/wp-content\/uploads\/sites\/2\/2016\/07\/coc_liz_print_fr.jpg?resize=237,158 237w, https:\/\/preprod.olympic.ca\/olympique\/wp-content\/uploads\/sites\/2\/2016\/07\/coc_liz_print_fr.jpg?resize=557,371 557w, https:\/\/preprod.olympic.ca\/olympique\/wp-content\/uploads\/sites\/2\/2016\/07\/coc_liz_print_fr.jpg?resize=768,512 768w, https:\/\/preprod.olympic.ca\/olympique\/wp-content\/uploads\/sites\/2\/2016\/07\/coc_liz_print_fr.jpg?resize=1131,754 1131w, https:\/\/preprod.olympic.ca\/olympique\/wp-content\/uploads\/sites\/2\/2016\/07\/coc_liz_print_fr.jpg?resize=1536,1024 1536w, https:\/\/preprod.olympic.ca\/olympique\/wp-content\/uploads\/sites\/2\/2016\/07\/coc_liz_print_fr.jpg?resize=2048,1365 2048w\" sizes=\"(max-width: 1360px) 100vw, 1360px\" \/><p id=\"caption-attachment-118016\" class=\"wp-caption-text\">L&rsquo;affiche SANG-FROID de Liz Gleadle<\/p><\/div>\n<p>&nbsp;<\/p>\n<p>La d\u00e9tentrice du record canadien Liz Gleadle\u00a0a obtenu son laissez-passer pour ses deuxi\u00e8mes Jeux olympiques. L&rsquo;olympienne des Jeux de Londres en 2012 a lanc\u00e9 son projectile \u00e0 59,36 m\u00e8tres sous un ciel ennuag\u00e9\u00a0vendredi \u00e0 Edmonton. Gleadle se devait de terminer parmi les deux meilleures concurrentes pour obtenir sa qualification olympique.<\/p>\n<h2>Steeple &#8211; F (finale)<\/h2>\n<div id=\"attachment_139006\" style=\"width: 1350px\" class=\"wp-caption aligncenter\"><img loading=\"lazy\" decoding=\"async\" aria-describedby=\"caption-attachment-139006\" class=\"wp-image-139006 size-full\" src=\"https:\/\/cdnolympic.files.wordpress.com\/2016\/07\/teschuk.jpg?quality=100\" alt=\"Erin Teschuk apr\u00e8s avoir remport\u00e9 l'\u00e9preuve f\u00e9minine de steeplechase aux Essais olympique d'athl\u00e9tisme, le 8 juillet 2016.\" width=\"1340\" height=\"754\" \/><p id=\"caption-attachment-139006\" class=\"wp-caption-text\">Erin Teschuk apr\u00e8s avoir remport\u00e9 l&rsquo;\u00e9preuve f\u00e9minine de steeplechase aux Essais olympique d&rsquo;athl\u00e9tisme, le 8 juillet 2016.<\/p><\/div>\n<p>Erin Teschuck s&rsquo;est s\u00e9par\u00e9e du peloton dans le dernier droit de l&rsquo;\u00e9preuve steeple pour confirmer\u00a0sa place sur l&rsquo;\u00e9quipe olympique avec un temps de 9 min 50,99 s. Elle a \u00e9t\u00e9 suivie de\u00a0Maria Bernard (9:51.55) et Genevi\u00e8ve Lalonde (9:52.18).<\/p>\n<p>Toutes trois avaient r\u00e9alis\u00e9 le standard olympique pr\u00e9alablement.\u00a0Teschuk et Bernard seront vraisemblablement du voyage \u00e0 Rio alors que Lalonde devra attendre le verdict du comit\u00e9 national d&rsquo;athl\u00e9tisme.<\/p>\n<h2>1 500 m f\u00e9minin (demi-finales)<\/h2>\n<div id=\"attachment_139009\" style=\"width: 1350px\" class=\"wp-caption aligncenter\"><img loading=\"lazy\" decoding=\"async\" aria-describedby=\"caption-attachment-139009\" class=\"wp-image-139009 size-full\" src=\"https:\/\/cdnolympic.files.wordpress.com\/2016\/07\/sifuentes.jpg?quality=100\" alt=\"Nicole Sifuentes et Hilary Stellingwerff lors des demi-finales du 1500 m des Essais olympiques d'athl\u00e9tisme, le 8 juillet 2016.\" width=\"1340\" height=\"754\" \/><p id=\"caption-attachment-139009\" class=\"wp-caption-text\">Nicole Sifuentes et Hilary Stellingwerff lors des demi-finales du 1500 m des Essais olympiques d&rsquo;athl\u00e9tisme, le 8 juillet 2016.<\/p><\/div>\n<p><a href=\"http:\/\/olympique.ca\/team-canada\/nicole-sifuentes\/\">Nicole Sifuentes<\/a> (4:20.40), <a href=\"http:\/\/olympique.ca\/team-canada\/hilary-stellingwerff\/\">Hilary Stellingwerff<\/a> (4:21.94) et Gabriela Stafford (4:22.33) ont enregistr\u00e9 les trois meilleurs temps lors des demi-finales. Elles seront dans\u00a0les blocs de d\u00e9part pour la finale de samedi.<\/p>\n<h2>1 500 m masculin\u00a0(demi-finales)<\/h2>\n<div id=\"attachment_139010\" style=\"width: 1350px\" class=\"wp-caption aligncenter\"><img loading=\"lazy\" decoding=\"async\" aria-describedby=\"caption-attachment-139010\" class=\"wp-image-139010 size-full\" src=\"https:\/\/cdnolympic.files.wordpress.com\/2016\/07\/charlespt.jpg?quality=100\" alt=\"Charles Philibert -Thiboutot (#9) en action lors des demi-finales du 1500 m masculin des Essais olympiques d'athl\u00e9tisme, le 8 juillet 2016.\" width=\"1340\" height=\"754\" \/><p id=\"caption-attachment-139010\" class=\"wp-caption-text\">Charles Philibert -Thiboutot (#9) en action lors des demi-finales du 1500 m masculin des Essais olympiques d&rsquo;athl\u00e9tisme, le 8 juillet 2016.<\/p><\/div>\n<p><a href=\"http:\/\/olympique.ca\/team-canada\/charles-philibert-thiboutot\/\">Charles Philibert-Thiboutot<\/a>\u00a0a men\u00e9 la charge sur\u00a01 500 m, compl\u00e9tant la distance en\u00a03 min 48,31 s pour facilement acc\u00e9der \u00e0 la finale qui se tiendra samedi.<\/p>\n<p>Le double olympien\u00a0<a href=\"http:\/\/olympique.ca\/team-canada\/nathan-brannen\/\">Nathan Brannen<\/a>\u00a0a inscrit un temps de 3:51,27 s dans l&rsquo;autre course.<\/p>\n<h2>400 m f\u00e9minin\u00a0(demi-finales)<\/h2>\n<div id=\"attachment_139011\" style=\"width: 1350px\" class=\"wp-caption aligncenter\"><img loading=\"lazy\" decoding=\"async\" aria-describedby=\"caption-attachment-139011\" class=\"wp-image-139011 size-full\" src=\"https:\/\/cdnolympic.files.wordpress.com\/2016\/07\/powell.jpg?quality=100\" alt=\"La r\u00e9action de Micha Powell apr\u00e8s avoir pris part aux demi-finales sur 400 m aux Essais olympique d'athl\u00e9tisme, le 8 juillet 2016.\" width=\"1340\" height=\"754\" \/><p id=\"caption-attachment-139011\" class=\"wp-caption-text\">La r\u00e9action de Micha Powell apr\u00e8s avoir pris part aux demi-finales sur 400 m aux Essais olympique d&rsquo;athl\u00e9tisme, le 8 juillet 2016.<\/p><\/div>\n<p>Les demi-finales de l&rsquo;\u00e9preuve 400 m f\u00e9minin ont donn\u00e9 lieu \u00e0 quelques surprises alors que deux coureuses sur quatre d\u00e9tenant le standard olympique n&rsquo;ont pu se qualifier pour la finale.\u00a0<a href=\"http:\/\/Audrey Jean-Baptiste\">Audrey Jean-Baptiste<\/a>\u00a0et Aiyanna-Brigit Stiverne ont sign\u00e9 les neuvi\u00e8me et dixi\u00e8me meilleurs temps. Seules les huit plus rapides peuvent acc\u00e9der \u00e0 la finale de samedi.<\/p>\n<p>Les deux autres coureuses qui ont satisfait le crit\u00e8re olympique, soit\u00a0<a href=\"http:\/\/Carline Muir\">Carline Muir<\/a>\u00a0et\u00a0Micha Powell, se sont qualifi\u00e9es pour la\u00a0finale de justesse en terminant respectivement septi\u00e8me et huiti\u00e8me. Muir a repr\u00e9sent\u00e9 le Canada aux <a href=\"http:\/\/olympique.ca\/games\/2008-beijing\/\">Jeux de Beijing<\/a> en 2008.<\/p>\n<p>Le temps le plus rapide est revenu \u00e0 Kendra Clark qui a stopp\u00e9 le chrono \u00e0 52,97 s.<\/p>\n<p class=\"p1\"><span class=\"s1\"><div class=\"instory-ad-shortcode\"><a aria-hidden=\"true\" tabindex=\"-1\" class=\"ad\" href=\"https:\/\/twitter.com\/OlympiqueCanada\" target=\"_blank\"><img decoding=\"async\" src=\"http:\/\/cdnolympic.files.wordpress.com\/2014\/02\/tw-fr-ad-1180-x-100.png\" alt=\"\" \/><\/a><\/div><\/span><\/p>\n","protected":false},"excerpt":{"rendered":"<p>Olympique.ca suivra de pr\u00e8s les moments forts des Essais olympiques d\u2019Athl\u00e9tisme Canada du 7 au 10 juillet \u00e0 Edmonton, o\u00f9&#8230;<\/p>\n","protected":false},"author":10774097,"featured_media":118015,"comment_status":"open","ping_status":"closed","sticky":false,"template":"","format":"standard","meta":{"_acf_changed":false,"_jetpack_memberships_contains_paid_content":false,"footnotes":""},"categories":[1],"tags":[],"post_format":"standard","sport":[48770],"game":[],"coauthors":[197553292],"class_list":["post-117985","post","type-post","status-publish","format-standard","has-post-thumbnail","hentry","category-uncategorized","sport-athletisme"],"acf":[],"yoast_head":"<!-- This site is optimized with the Yoast SEO plugin v27.3 - https:\/\/yoast.com\/product\/yoast-seo-wordpress\/ -->\n<title>Essais olympiques : Montcalm, Gleadle et Teschuk sortent du lot \u00e0 Edmonton - \u00c9quipe Canada | Site officiel de l&#039;\u00e9quipe olympique<\/title>\n<meta name=\"robots\" content=\"index, follow, max-snippet:-1, max-image-preview:large, max-video-preview:-1\" \/>\n<link rel=\"canonical\" href=\"https:\/\/preprod.olympic.ca\/olympique\/2016\/07\/08\/essais-olympiques-montcalm-gleadle-et-teschuk-sortent-du-lot-a-edmonton\/\" \/>\n<meta property=\"og:locale\" content=\"fr_FR\" \/>\n<meta property=\"og:type\" content=\"article\" \/>\n<meta property=\"og:title\" content=\"Essais olympiques : Montcalm, Gleadle et Teschuk sortent du lot \u00e0 Edmonton - \u00c9quipe Canada | Site officiel de l&#039;\u00e9quipe olympique\" \/>\n<meta property=\"og:description\" content=\"Olympique.ca suivra de pr\u00e8s les moments forts des Essais olympiques d\u2019Athl\u00e9tisme Canada du 7 au 10 juillet \u00e0 Edmonton, o\u00f9...\" \/>\n<meta property=\"og:url\" content=\"https:\/\/preprod.olympic.ca\/olympique\/2016\/07\/08\/essais-olympiques-montcalm-gleadle-et-teschuk-sortent-du-lot-a-edmonton\/\" \/>\n<meta property=\"og:site_name\" content=\"\u00c9quipe Canada | Site officiel de l&#039;\u00e9quipe olympique\" \/>\n<meta property=\"article:published_time\" content=\"2016-07-09T02:00:43+00:00\" \/>\n<meta property=\"article:modified_time\" content=\"2016-07-09T16:51:59+00:00\" \/>\n<meta property=\"og:image\" content=\"https:\/\/preprod.olympic.ca\/olympique\/wp-content\/uploads\/sites\/2\/2016\/07\/lalonde.jpg?quality=100\" \/>\n\t<meta property=\"og:image:width\" content=\"1010\" \/>\n\t<meta property=\"og:image:height\" content=\"568\" \/>\n\t<meta property=\"og:image:type\" content=\"image\/jpeg\" \/>\n<meta name=\"author\" content=\"Asif Hossain\" \/>\n<meta name=\"twitter:card\" content=\"summary_large_image\" \/>\n<meta name=\"twitter:label1\" content=\"Written by\" \/>\n\t<meta name=\"twitter:data1\" content=\"Asif Hossain\" \/>\n\t<meta name=\"twitter:label2\" content=\"Est. reading time\" \/>\n\t<meta name=\"twitter:data2\" content=\"4 minutes\" \/>\n<script type=\"application\/ld+json\" class=\"yoast-schema-graph\">{\"@context\":\"https:\\\/\\\/schema.org\",\"@graph\":[{\"@type\":\"Article\",\"@id\":\"https:\\\/\\\/preprod.olympic.ca\\\/olympique\\\/2016\\\/07\\\/08\\\/essais-olympiques-montcalm-gleadle-et-teschuk-sortent-du-lot-a-edmonton\\\/#article\",\"isPartOf\":{\"@id\":\"https:\\\/\\\/preprod.olympic.ca\\\/olympique\\\/2016\\\/07\\\/08\\\/essais-olympiques-montcalm-gleadle-et-teschuk-sortent-du-lot-a-edmonton\\\/\"},\"author\":{\"name\":\"Asif Hossain\",\"@id\":\"https:\\\/\\\/preprod.olympic.ca\\\/olympique\\\/#\\\/schema\\\/person\\\/9fece45a1cf9f72c0fee2ddb948a50f4\"},\"headline\":\"Essais olympiques : Montcalm, Gleadle et Teschuk sortent du lot \u00e0 Edmonton\",\"datePublished\":\"2016-07-09T02:00:43+00:00\",\"dateModified\":\"2016-07-09T16:51:59+00:00\",\"mainEntityOfPage\":{\"@id\":\"https:\\\/\\\/preprod.olympic.ca\\\/olympique\\\/2016\\\/07\\\/08\\\/essais-olympiques-montcalm-gleadle-et-teschuk-sortent-du-lot-a-edmonton\\\/\"},\"wordCount\":759,\"commentCount\":0,\"image\":{\"@id\":\"https:\\\/\\\/preprod.olympic.ca\\\/olympique\\\/2016\\\/07\\\/08\\\/essais-olympiques-montcalm-gleadle-et-teschuk-sortent-du-lot-a-edmonton\\\/#primaryimage\"},\"thumbnailUrl\":\"https:\\\/\\\/preprod.olympic.ca\\\/olympique\\\/wp-content\\\/uploads\\\/sites\\\/2\\\/2016\\\/07\\\/lalonde.jpg?quality=100\",\"articleSection\":[\"Uncategorized\"],\"inLanguage\":\"fr-FR\",\"potentialAction\":[{\"@type\":\"CommentAction\",\"name\":\"Comment\",\"target\":[\"https:\\\/\\\/preprod.olympic.ca\\\/olympique\\\/2016\\\/07\\\/08\\\/essais-olympiques-montcalm-gleadle-et-teschuk-sortent-du-lot-a-edmonton\\\/#respond\"]}]},{\"@type\":\"WebPage\",\"@id\":\"https:\\\/\\\/preprod.olympic.ca\\\/olympique\\\/2016\\\/07\\\/08\\\/essais-olympiques-montcalm-gleadle-et-teschuk-sortent-du-lot-a-edmonton\\\/\",\"url\":\"https:\\\/\\\/preprod.olympic.ca\\\/olympique\\\/2016\\\/07\\\/08\\\/essais-olympiques-montcalm-gleadle-et-teschuk-sortent-du-lot-a-edmonton\\\/\",\"name\":\"Essais olympiques : Montcalm, Gleadle et Teschuk sortent du lot \u00e0 Edmonton - \u00c9quipe Canada | Site officiel de l&#039;\u00e9quipe olympique\",\"isPartOf\":{\"@id\":\"https:\\\/\\\/preprod.olympic.ca\\\/olympique\\\/#website\"},\"primaryImageOfPage\":{\"@id\":\"https:\\\/\\\/preprod.olympic.ca\\\/olympique\\\/2016\\\/07\\\/08\\\/essais-olympiques-montcalm-gleadle-et-teschuk-sortent-du-lot-a-edmonton\\\/#primaryimage\"},\"image\":{\"@id\":\"https:\\\/\\\/preprod.olympic.ca\\\/olympique\\\/2016\\\/07\\\/08\\\/essais-olympiques-montcalm-gleadle-et-teschuk-sortent-du-lot-a-edmonton\\\/#primaryimage\"},\"thumbnailUrl\":\"https:\\\/\\\/preprod.olympic.ca\\\/olympique\\\/wp-content\\\/uploads\\\/sites\\\/2\\\/2016\\\/07\\\/lalonde.jpg?quality=100\",\"datePublished\":\"2016-07-09T02:00:43+00:00\",\"dateModified\":\"2016-07-09T16:51:59+00:00\",\"author\":{\"@id\":\"https:\\\/\\\/preprod.olympic.ca\\\/olympique\\\/#\\\/schema\\\/person\\\/9fece45a1cf9f72c0fee2ddb948a50f4\"},\"inLanguage\":\"fr-FR\",\"potentialAction\":[{\"@type\":\"ReadAction\",\"target\":[\"https:\\\/\\\/preprod.olympic.ca\\\/olympique\\\/2016\\\/07\\\/08\\\/essais-olympiques-montcalm-gleadle-et-teschuk-sortent-du-lot-a-edmonton\\\/\"]}]},{\"@type\":\"ImageObject\",\"inLanguage\":\"fr-FR\",\"@id\":\"https:\\\/\\\/preprod.olympic.ca\\\/olympique\\\/2016\\\/07\\\/08\\\/essais-olympiques-montcalm-gleadle-et-teschuk-sortent-du-lot-a-edmonton\\\/#primaryimage\",\"url\":\"https:\\\/\\\/preprod.olympic.ca\\\/olympique\\\/wp-content\\\/uploads\\\/sites\\\/2\\\/2016\\\/07\\\/lalonde.jpg?quality=100\",\"contentUrl\":\"https:\\\/\\\/preprod.olympic.ca\\\/olympique\\\/wp-content\\\/uploads\\\/sites\\\/2\\\/2016\\\/07\\\/lalonde.jpg?quality=100\",\"width\":1010,\"height\":568},{\"@type\":\"WebSite\",\"@id\":\"https:\\\/\\\/preprod.olympic.ca\\\/olympique\\\/#website\",\"url\":\"https:\\\/\\\/preprod.olympic.ca\\\/olympique\\\/\",\"name\":\"\u00c9quipe Canada | Site officiel de l&#039;\u00e9quipe olympique\",\"description\":\"Votre source pour l\u2019\u00c9quipe olympique canadienne. Retrouvez les r\u00e9cits, vid\u00e9os et photos des athl\u00e8tes canadiens, sports olympiques, Jeux olympiques de 2020 et bien plus!\",\"potentialAction\":[{\"@type\":\"SearchAction\",\"target\":{\"@type\":\"EntryPoint\",\"urlTemplate\":\"https:\\\/\\\/preprod.olympic.ca\\\/olympique\\\/?s={search_term_string}\"},\"query-input\":{\"@type\":\"PropertyValueSpecification\",\"valueRequired\":true,\"valueName\":\"search_term_string\"}}],\"inLanguage\":\"fr-FR\"},{\"@type\":\"Person\",\"@id\":\"https:\\\/\\\/preprod.olympic.ca\\\/olympique\\\/#\\\/schema\\\/person\\\/9fece45a1cf9f72c0fee2ddb948a50f4\",\"name\":\"Asif Hossain\",\"image\":{\"@type\":\"ImageObject\",\"inLanguage\":\"fr-FR\",\"@id\":\"https:\\\/\\\/secure.gravatar.com\\\/avatar\\\/d78674d61b6b8fcd5488a575ef3fab9b8bed1978cf5bb978adeae1f9411abe4a?s=96&d=identicon&r=g22eff5eea2e28da905f112e9933af68b\",\"url\":\"https:\\\/\\\/secure.gravatar.com\\\/avatar\\\/d78674d61b6b8fcd5488a575ef3fab9b8bed1978cf5bb978adeae1f9411abe4a?s=96&d=identicon&r=g\",\"contentUrl\":\"https:\\\/\\\/secure.gravatar.com\\\/avatar\\\/d78674d61b6b8fcd5488a575ef3fab9b8bed1978cf5bb978adeae1f9411abe4a?s=96&d=identicon&r=g\",\"caption\":\"Asif Hossain\"},\"description\":\"Digital content, marketing and communications manager by trade.\",\"sameAs\":[\"http:\\\/\\\/asifhossain.wordpress.com\"],\"url\":\"https:\\\/\\\/preprod.olympic.ca\\\/olympique\\\/author\\\/asifhossain\\\/\"}]}<\/script>\n<!-- \/ Yoast SEO plugin. -->","yoast_head_json":{"title":"Essais olympiques : Montcalm, Gleadle et Teschuk sortent du lot \u00e0 Edmonton - \u00c9quipe Canada | Site officiel de l&#039;\u00e9quipe olympique","robots":{"index":"index","follow":"follow","max-snippet":"max-snippet:-1","max-image-preview":"max-image-preview:large","max-video-preview":"max-video-preview:-1"},"canonical":"https:\/\/preprod.olympic.ca\/olympique\/2016\/07\/08\/essais-olympiques-montcalm-gleadle-et-teschuk-sortent-du-lot-a-edmonton\/","og_locale":"fr_FR","og_type":"article","og_title":"Essais olympiques : Montcalm, Gleadle et Teschuk sortent du lot \u00e0 Edmonton - \u00c9quipe Canada | Site officiel de l&#039;\u00e9quipe olympique","og_description":"Olympique.ca suivra de pr\u00e8s les moments forts des Essais olympiques d\u2019Athl\u00e9tisme Canada du 7 au 10 juillet \u00e0 Edmonton, o\u00f9...","og_url":"https:\/\/preprod.olympic.ca\/olympique\/2016\/07\/08\/essais-olympiques-montcalm-gleadle-et-teschuk-sortent-du-lot-a-edmonton\/","og_site_name":"\u00c9quipe Canada | Site officiel de l&#039;\u00e9quipe olympique","article_published_time":"2016-07-09T02:00:43+00:00","article_modified_time":"2016-07-09T16:51:59+00:00","og_image":[{"width":1010,"height":568,"url":"https:\/\/preprod.olympic.ca\/olympique\/wp-content\/uploads\/sites\/2\/2016\/07\/lalonde.jpg?quality=100","type":"image\/jpeg"}],"author":"Asif Hossain","twitter_card":"summary_large_image","twitter_misc":{"Written by":"Asif Hossain","Est. reading time":"4 minutes"},"schema":{"@context":"https:\/\/schema.org","@graph":[{"@type":"Article","@id":"https:\/\/preprod.olympic.ca\/olympique\/2016\/07\/08\/essais-olympiques-montcalm-gleadle-et-teschuk-sortent-du-lot-a-edmonton\/#article","isPartOf":{"@id":"https:\/\/preprod.olympic.ca\/olympique\/2016\/07\/08\/essais-olympiques-montcalm-gleadle-et-teschuk-sortent-du-lot-a-edmonton\/"},"author":{"name":"Asif Hossain","@id":"https:\/\/preprod.olympic.ca\/olympique\/#\/schema\/person\/9fece45a1cf9f72c0fee2ddb948a50f4"},"headline":"Essais olympiques : Montcalm, Gleadle et Teschuk sortent du lot \u00e0 Edmonton","datePublished":"2016-07-09T02:00:43+00:00","dateModified":"2016-07-09T16:51:59+00:00","mainEntityOfPage":{"@id":"https:\/\/preprod.olympic.ca\/olympique\/2016\/07\/08\/essais-olympiques-montcalm-gleadle-et-teschuk-sortent-du-lot-a-edmonton\/"},"wordCount":759,"commentCount":0,"image":{"@id":"https:\/\/preprod.olympic.ca\/olympique\/2016\/07\/08\/essais-olympiques-montcalm-gleadle-et-teschuk-sortent-du-lot-a-edmonton\/#primaryimage"},"thumbnailUrl":"https:\/\/preprod.olympic.ca\/olympique\/wp-content\/uploads\/sites\/2\/2016\/07\/lalonde.jpg?quality=100","articleSection":["Uncategorized"],"inLanguage":"fr-FR","potentialAction":[{"@type":"CommentAction","name":"Comment","target":["https:\/\/preprod.olympic.ca\/olympique\/2016\/07\/08\/essais-olympiques-montcalm-gleadle-et-teschuk-sortent-du-lot-a-edmonton\/#respond"]}]},{"@type":"WebPage","@id":"https:\/\/preprod.olympic.ca\/olympique\/2016\/07\/08\/essais-olympiques-montcalm-gleadle-et-teschuk-sortent-du-lot-a-edmonton\/","url":"https:\/\/preprod.olympic.ca\/olympique\/2016\/07\/08\/essais-olympiques-montcalm-gleadle-et-teschuk-sortent-du-lot-a-edmonton\/","name":"Essais olympiques : Montcalm, Gleadle et Teschuk sortent du lot \u00e0 Edmonton - \u00c9quipe Canada | Site officiel de l&#039;\u00e9quipe olympique","isPartOf":{"@id":"https:\/\/preprod.olympic.ca\/olympique\/#website"},"primaryImageOfPage":{"@id":"https:\/\/preprod.olympic.ca\/olympique\/2016\/07\/08\/essais-olympiques-montcalm-gleadle-et-teschuk-sortent-du-lot-a-edmonton\/#primaryimage"},"image":{"@id":"https:\/\/preprod.olympic.ca\/olympique\/2016\/07\/08\/essais-olympiques-montcalm-gleadle-et-teschuk-sortent-du-lot-a-edmonton\/#primaryimage"},"thumbnailUrl":"https:\/\/preprod.olympic.ca\/olympique\/wp-content\/uploads\/sites\/2\/2016\/07\/lalonde.jpg?quality=100","datePublished":"2016-07-09T02:00:43+00:00","dateModified":"2016-07-09T16:51:59+00:00","author":{"@id":"https:\/\/preprod.olympic.ca\/olympique\/#\/schema\/person\/9fece45a1cf9f72c0fee2ddb948a50f4"},"inLanguage":"fr-FR","potentialAction":[{"@type":"ReadAction","target":["https:\/\/preprod.olympic.ca\/olympique\/2016\/07\/08\/essais-olympiques-montcalm-gleadle-et-teschuk-sortent-du-lot-a-edmonton\/"]}]},{"@type":"ImageObject","inLanguage":"fr-FR","@id":"https:\/\/preprod.olympic.ca\/olympique\/2016\/07\/08\/essais-olympiques-montcalm-gleadle-et-teschuk-sortent-du-lot-a-edmonton\/#primaryimage","url":"https:\/\/preprod.olympic.ca\/olympique\/wp-content\/uploads\/sites\/2\/2016\/07\/lalonde.jpg?quality=100","contentUrl":"https:\/\/preprod.olympic.ca\/olympique\/wp-content\/uploads\/sites\/2\/2016\/07\/lalonde.jpg?quality=100","width":1010,"height":568},{"@type":"WebSite","@id":"https:\/\/preprod.olympic.ca\/olympique\/#website","url":"https:\/\/preprod.olympic.ca\/olympique\/","name":"\u00c9quipe Canada | Site officiel de l&#039;\u00e9quipe olympique","description":"Votre source pour l\u2019\u00c9quipe olympique canadienne. Retrouvez les r\u00e9cits, vid\u00e9os et photos des athl\u00e8tes canadiens, sports olympiques, Jeux olympiques de 2020 et bien plus!","potentialAction":[{"@type":"SearchAction","target":{"@type":"EntryPoint","urlTemplate":"https:\/\/preprod.olympic.ca\/olympique\/?s={search_term_string}"},"query-input":{"@type":"PropertyValueSpecification","valueRequired":true,"valueName":"search_term_string"}}],"inLanguage":"fr-FR"},{"@type":"Person","@id":"https:\/\/preprod.olympic.ca\/olympique\/#\/schema\/person\/9fece45a1cf9f72c0fee2ddb948a50f4","name":"Asif Hossain","image":{"@type":"ImageObject","inLanguage":"fr-FR","@id":"https:\/\/secure.gravatar.com\/avatar\/d78674d61b6b8fcd5488a575ef3fab9b8bed1978cf5bb978adeae1f9411abe4a?s=96&d=identicon&r=g22eff5eea2e28da905f112e9933af68b","url":"https:\/\/secure.gravatar.com\/avatar\/d78674d61b6b8fcd5488a575ef3fab9b8bed1978cf5bb978adeae1f9411abe4a?s=96&d=identicon&r=g","contentUrl":"https:\/\/secure.gravatar.com\/avatar\/d78674d61b6b8fcd5488a575ef3fab9b8bed1978cf5bb978adeae1f9411abe4a?s=96&d=identicon&r=g","caption":"Asif Hossain"},"description":"Digital content, marketing and communications manager by trade.","sameAs":["http:\/\/asifhossain.wordpress.com"],"url":"https:\/\/preprod.olympic.ca\/olympique\/author\/asifhossain\/"}]}},"jetpack_featured_media_url":"https:\/\/preprod.olympic.ca\/olympique\/wp-content\/uploads\/sites\/2\/2016\/07\/lalonde.jpg?quality=100","featured_image_url":"https:\/\/preprod.olympic.ca\/olympique\/wp-content\/uploads\/sites\/2\/2016\/07\/lalonde.jpg?quality=100","author_name":["Asif Hossain"],"category_names":["Uncategorized"],"tag_names":[],"video_embed_code":"","facebook_video_embed_code":"","jetpack_sharing_enabled":true,"jetpack-related-posts":[],"jetpack_shortlink":"https:\/\/wp.me\/pcGHcP-uGZ","_links":{"self":[{"href":"https:\/\/preprod.olympic.ca\/olympique\/wp-json\/wp\/v2\/posts\/117985","targetHints":{"allow":["GET"]}}],"collection":[{"href":"https:\/\/preprod.olympic.ca\/olympique\/wp-json\/wp\/v2\/posts"}],"about":[{"href":"https:\/\/preprod.olympic.ca\/olympique\/wp-json\/wp\/v2\/types\/post"}],"author":[{"embeddable":true,"href":"https:\/\/preprod.olympic.ca\/olympique\/wp-json\/wp\/v2\/users\/10774097"}],"replies":[{"embeddable":true,"href":"https:\/\/preprod.olympic.ca\/olympique\/wp-json\/wp\/v2\/comments?post=117985"}],"version-history":[{"count":6,"href":"https:\/\/preprod.olympic.ca\/olympique\/wp-json\/wp\/v2\/posts\/117985\/revisions"}],"predecessor-version":[{"id":118025,"href":"https:\/\/preprod.olympic.ca\/olympique\/wp-json\/wp\/v2\/posts\/117985\/revisions\/118025"}],"wp:featuredmedia":[{"embeddable":true,"href":"https:\/\/preprod.olympic.ca\/olympique\/wp-json\/wp\/v2\/media\/118015"}],"wp:attachment":[{"href":"https:\/\/preprod.olympic.ca\/olympique\/wp-json\/wp\/v2\/media?parent=117985"}],"wp:term":[{"taxonomy":"category","embeddable":true,"href":"https:\/\/preprod.olympic.ca\/olympique\/wp-json\/wp\/v2\/categories?post=117985"},{"taxonomy":"post_tag","embeddable":true,"href":"https:\/\/preprod.olympic.ca\/olympique\/wp-json\/wp\/v2\/tags?post=117985"},{"taxonomy":"post_format","embeddable":true,"href":"https:\/\/preprod.olympic.ca\/olympique\/wp-json\/wp\/v2\/post_format?post=117985"},{"taxonomy":"sport","embeddable":true,"href":"https:\/\/preprod.olympic.ca\/olympique\/wp-json\/wp\/v2\/sport?post=117985"},{"taxonomy":"game","embeddable":true,"href":"https:\/\/preprod.olympic.ca\/olympique\/wp-json\/wp\/v2\/game?post=117985"},{"taxonomy":"author","embeddable":true,"href":"https:\/\/preprod.olympic.ca\/olympique\/wp-json\/wp\/v2\/coauthors?post=117985"}],"curies":[{"name":"wp","href":"https:\/\/api.w.org\/{rel}","templated":true}]}}