{"id":11843,"date":"2010-12-07T15:46:20","date_gmt":"2010-12-07T20:46:20","guid":{"rendered":"http:\/\/preprod.olympic.ca\/?p=11843"},"modified":"2013-08-01T01:11:35","modified_gmt":"2013-08-01T01:11:35","slug":"stephen-harper-recoit-un-cadeau-de-lequipe-olympique-canadienne-pour-les-fetes","status":"publish","type":"post","link":"https:\/\/preprod.olympic.ca\/olympique\/2010\/12\/07\/stephen-harper-recoit-un-cadeau-de-lequipe-olympique-canadienne-pour-les-fetes\/","title":{"rendered":"Stephen Harper re\u00e7oit un cadeau de l\u2019\u00c9quipe olympique canadienne pour les F\u00eates"},"content":{"rendered":"<p><b>Le pr\u00e9sident du COC et les Olympiens pr\u00e9sentent les nouvelles mitaines rouges au parlement<\/b><\/p>\n<p>Pour rappeler au pays qu\u2019il existe un cadeau des F\u00eates qui permet de soutenir directement les athl\u00e8tes canadiens, le pr\u00e9sident du Comit\u00e9 olympique canadien, Marcel Aubut, accompagn\u00e9 de six athl\u00e8tes olympiques, a remis au premier ministre Stephen Harper une paire de mitaines rouges de l\u2019\u00c9quipe olympique canadienne, sur la Colline du Parlement.<\/p>\n<p>\u00ab Ce fut une ann\u00e9e spectaculaire, non seulement pour le sport canadien, mais aussi pour notre pays, qui ne sera plus jamais le m\u00eame apr\u00e8s ce qui s\u2019est pass\u00e9 \u00e0 Vancouver, a d\u00e9clar\u00e9 M. Aubut. Nous devons poursuivre sur cette lanc\u00e9e et continuer \u00e0 apporter \u00e0 nos athl\u00e8tes le soutien n\u00e9cessaire pour qu\u2019ils remportent du succ\u00e8s. \u00bb<\/p>\n<p>\u00ab M. Harper \u00e9tait \u00e0 Vancouver en f\u00e9vrier dernier et a \u00e9t\u00e9 t\u00e9moin de l\u2019affection et de la fiert\u00e9 que ressentent les Canadiens pour leurs athl\u00e8tes. Nous sommes heureux d\u2019avoir donn\u00e9 \u00e0 M. Harper une paire de nos nouvelles mitaines rouges dans l\u2019espoir que nos Olympiens et espoirs olympiques demeurent dans les esprits, d\u2019un bout \u00e0 l\u2019autre de la nation, alors que nous nous approchons des Jeux de 2012 \u00e0 Londres. \u00bb<\/p>\n<p>Peu de temps apr\u00e8s la p\u00e9riode de questions, le premier ministre a \u00e9t\u00e9 accueilli par M. Aubut et la triple m\u00e9daill\u00e9e olympique \u00c9milie Heymans (plongeon), le m\u00e9daill\u00e9 d\u2019or Adam Kreek (aviron), la double m\u00e9daill\u00e9e d\u2019argent Marianne St-Gelais (patinage de vitesse sur courte piste), le m\u00e9daill\u00e9 d\u2019or Fran\u00e7ois Hamelin (patinage de vitesse sur courte piste), la m\u00e9daill\u00e9e d\u2019or Heather Moyse (bobsleigh) ainsi que l\u2019Olympien des Jeux de 2008, Gabriel Beauchesne-Sevigny (cano\u00eb).<\/p>\n<p>\u00ab Les mitaines rouges sont un merveilleux symbole de soutien pour nos athl\u00e8tes, tant sur le plan financier que sur le plan \u00e9motionnel.  Mon c\u0153ur se gonfle lorsque je vois les Canadiens porter ces l\u00e9gendaires mitaines, a comment\u00e9 le champion olympique en aviron Adam Kreek. C\u2019\u00e9tait tr\u00e8s inspirant de voir toute la nation appuyer l\u2019\u00c9quipe olympique canadienne, l\u2019hiver dernier. Chaque Canadien a contribu\u00e9 au succ\u00e8s de nos athl\u00e8tes de 2010. Aujourd\u2019hui, les mitaines rouges sont un v\u00e9ritable symbole olympique canadien que tout le monde peut partager. \u00bb<\/p>\n<p>Par le biais de la Fondation olympique, le profit net de la vente de chaque paire de mitaines rouges, au prix de 10 $, servira \u00e0 appuyer l\u2019\u00c9quipe olympique canadienne gr\u00e2ce aux programmes de d\u00e9veloppement des athl\u00e8tes, au soutien \u00e0 l&rsquo;entra\u00eenement et \u00e0 l&rsquo;achat d\u2019\u00e9quipement. Les mitaines rouges originales, lanc\u00e9es en octobre 2009 en partenariat avec la Compagnie de la Baie d\u2019Hudson, ont fait na\u00eetre une vague d\u2019esprit olympique sans pr\u00e9c\u00e9dent d\u2019un bout \u00e0 l\u2019autre du pays au cours de la p\u00e9riode pr\u00e9c\u00e9dant les Jeux olympiques d\u2019hiver de 2010 et sont rapidement devenues le symbole des Jeux du Canada, avec 3,5 millions de paires vendues.<\/p>\n<p>Les nouvelles mitaines rouges incarnent ce m\u00eame esprit olympique et symbolisent le soutien continu des Canadiens \u00e0 l\u2019\u00e9gard de leurs athl\u00e8tes nationaux. Le nouveau mod\u00e8le, qui pr\u00e9sente une feuille d\u2019\u00e9rable autour<br \/>\nde la paume et le mot \u00ab Canada \u00bb sur le poignet, peut \u00eatre enregistr\u00e9 en ligne pour avoir des mises \u00e0 jour olympiques et courir la chance de gagner un voyage afin d\u2019encourager le Canada aux Jeux olympiques de 2012 \u00e0 Londres.<\/p>\n<p>Les mitaines rouges sont en vente exclusivement dans les magasins La Baie, Zellers et D\u00e9co D\u00e9couverte et aussi en ligne au <a href=\"http:\/\/www.hbc.com\/mitainesrouges\">www.hbc.com\/mitainesrouges<\/a>. <\/p>\n","protected":false},"excerpt":{"rendered":"<p>Le pr\u00e9sident du COC et les Olympiens pr\u00e9sentent les nouvelles mitaines rouges au parlement Pour rappeler au pays qu\u2019il existe&#8230;<\/p>\n","protected":false},"author":47562643,"featured_media":0,"comment_status":"open","ping_status":"open","sticky":false,"template":"","format":"standard","meta":{"_acf_changed":false,"_jetpack_memberships_contains_paid_content":false,"footnotes":""},"categories":[707890,70121],"tags":[],"post_format":"standard","sport":[],"game":[],"coauthors":[186127234],"class_list":["post-11843","post","type-post","status-publish","format-standard","hentry","category-comite","category-equipe"],"acf":[],"yoast_head":"<!-- This site is optimized with the Yoast SEO plugin v27.3 - https:\/\/yoast.com\/product\/yoast-seo-wordpress\/ -->\n<title>Stephen Harper re\u00e7oit un cadeau de l\u2019\u00c9quipe olympique canadienne pour les F\u00eates - \u00c9quipe Canada | Site officiel de l&#039;\u00e9quipe olympique<\/title>\n<meta name=\"robots\" content=\"index, follow, max-snippet:-1, max-image-preview:large, max-video-preview:-1\" \/>\n<link rel=\"canonical\" href=\"https:\/\/preprod.olympic.ca\/olympique\/2010\/12\/07\/stephen-harper-recoit-un-cadeau-de-lequipe-olympique-canadienne-pour-les-fetes\/\" \/>\n<meta property=\"og:locale\" content=\"fr_FR\" \/>\n<meta property=\"og:type\" content=\"article\" \/>\n<meta property=\"og:title\" content=\"Stephen Harper re\u00e7oit un cadeau de l\u2019\u00c9quipe olympique canadienne pour les F\u00eates - \u00c9quipe Canada | Site officiel de l&#039;\u00e9quipe olympique\" \/>\n<meta property=\"og:description\" content=\"Le pr\u00e9sident du COC et les Olympiens pr\u00e9sentent les nouvelles mitaines rouges au parlement Pour rappeler au pays qu\u2019il existe...\" \/>\n<meta property=\"og:url\" content=\"https:\/\/preprod.olympic.ca\/olympique\/2010\/12\/07\/stephen-harper-recoit-un-cadeau-de-lequipe-olympique-canadienne-pour-les-fetes\/\" \/>\n<meta property=\"og:site_name\" content=\"\u00c9quipe Canada | Site officiel de l&#039;\u00e9quipe olympique\" \/>\n<meta property=\"article:published_time\" content=\"2010-12-07T20:46:20+00:00\" \/>\n<meta property=\"article:modified_time\" content=\"2013-08-01T01:11:35+00:00\" \/>\n<meta name=\"author\" content=\"Comit\u00e9 olympique canadien\" \/>\n<meta name=\"twitter:card\" content=\"summary_large_image\" \/>\n<meta name=\"twitter:label1\" content=\"Written by\" \/>\n\t<meta name=\"twitter:data1\" content=\"Comit\u00e9 olympique canadien\" \/>\n\t<meta name=\"twitter:label2\" content=\"Est. reading time\" \/>\n\t<meta name=\"twitter:data2\" content=\"3 minutes\" \/>\n<script type=\"application\/ld+json\" class=\"yoast-schema-graph\">{\"@context\":\"https:\\\/\\\/schema.org\",\"@graph\":[{\"@type\":\"Article\",\"@id\":\"https:\\\/\\\/preprod.olympic.ca\\\/olympique\\\/2010\\\/12\\\/07\\\/stephen-harper-recoit-un-cadeau-de-lequipe-olympique-canadienne-pour-les-fetes\\\/#article\",\"isPartOf\":{\"@id\":\"https:\\\/\\\/preprod.olympic.ca\\\/olympique\\\/2010\\\/12\\\/07\\\/stephen-harper-recoit-un-cadeau-de-lequipe-olympique-canadienne-pour-les-fetes\\\/\"},\"author\":{\"name\":\"cdnolympicteam\",\"@id\":\"https:\\\/\\\/preprod.olympic.ca\\\/olympique\\\/#\\\/schema\\\/person\\\/08d84fd062bf1b56ffb3808cb69aee9c\"},\"headline\":\"Stephen Harper re\u00e7oit un cadeau de l\u2019\u00c9quipe olympique canadienne pour les F\u00eates\",\"datePublished\":\"2010-12-07T20:46:20+00:00\",\"dateModified\":\"2013-08-01T01:11:35+00:00\",\"mainEntityOfPage\":{\"@id\":\"https:\\\/\\\/preprod.olympic.ca\\\/olympique\\\/2010\\\/12\\\/07\\\/stephen-harper-recoit-un-cadeau-de-lequipe-olympique-canadienne-pour-les-fetes\\\/\"},\"wordCount\":622,\"commentCount\":0,\"articleSection\":[\"Derni\u00e8res nouvelles\",\"Nouvelles de l'equipe\"],\"inLanguage\":\"fr-FR\",\"potentialAction\":[{\"@type\":\"CommentAction\",\"name\":\"Comment\",\"target\":[\"https:\\\/\\\/preprod.olympic.ca\\\/olympique\\\/2010\\\/12\\\/07\\\/stephen-harper-recoit-un-cadeau-de-lequipe-olympique-canadienne-pour-les-fetes\\\/#respond\"]}]},{\"@type\":\"WebPage\",\"@id\":\"https:\\\/\\\/preprod.olympic.ca\\\/olympique\\\/2010\\\/12\\\/07\\\/stephen-harper-recoit-un-cadeau-de-lequipe-olympique-canadienne-pour-les-fetes\\\/\",\"url\":\"https:\\\/\\\/preprod.olympic.ca\\\/olympique\\\/2010\\\/12\\\/07\\\/stephen-harper-recoit-un-cadeau-de-lequipe-olympique-canadienne-pour-les-fetes\\\/\",\"name\":\"Stephen Harper re\u00e7oit un cadeau de l\u2019\u00c9quipe olympique canadienne pour les F\u00eates - \u00c9quipe Canada | Site officiel de l&#039;\u00e9quipe olympique\",\"isPartOf\":{\"@id\":\"https:\\\/\\\/preprod.olympic.ca\\\/olympique\\\/#website\"},\"datePublished\":\"2010-12-07T20:46:20+00:00\",\"dateModified\":\"2013-08-01T01:11:35+00:00\",\"author\":{\"@id\":\"https:\\\/\\\/preprod.olympic.ca\\\/olympique\\\/#\\\/schema\\\/person\\\/08d84fd062bf1b56ffb3808cb69aee9c\"},\"inLanguage\":\"fr-FR\",\"potentialAction\":[{\"@type\":\"ReadAction\",\"target\":[\"https:\\\/\\\/preprod.olympic.ca\\\/olympique\\\/2010\\\/12\\\/07\\\/stephen-harper-recoit-un-cadeau-de-lequipe-olympique-canadienne-pour-les-fetes\\\/\"]}]},{\"@type\":\"WebSite\",\"@id\":\"https:\\\/\\\/preprod.olympic.ca\\\/olympique\\\/#website\",\"url\":\"https:\\\/\\\/preprod.olympic.ca\\\/olympique\\\/\",\"name\":\"\u00c9quipe Canada | Site officiel de l&#039;\u00e9quipe olympique\",\"description\":\"Votre source pour l\u2019\u00c9quipe olympique canadienne. Retrouvez les r\u00e9cits, vid\u00e9os et photos des athl\u00e8tes canadiens, sports olympiques, Jeux olympiques de 2020 et bien plus!\",\"potentialAction\":[{\"@type\":\"SearchAction\",\"target\":{\"@type\":\"EntryPoint\",\"urlTemplate\":\"https:\\\/\\\/preprod.olympic.ca\\\/olympique\\\/?s={search_term_string}\"},\"query-input\":{\"@type\":\"PropertyValueSpecification\",\"valueRequired\":true,\"valueName\":\"search_term_string\"}}],\"inLanguage\":\"fr-FR\"},{\"@type\":\"Person\",\"@id\":\"https:\\\/\\\/preprod.olympic.ca\\\/olympique\\\/#\\\/schema\\\/person\\\/08d84fd062bf1b56ffb3808cb69aee9c\",\"name\":\"cdnolympicteam\",\"image\":{\"@type\":\"ImageObject\",\"inLanguage\":\"fr-FR\",\"@id\":\"https:\\\/\\\/secure.gravatar.com\\\/avatar\\\/5ebf1554473077ab88cd1ec3372750991c09302ef58500182e331751d1f3473b?s=96&d=identicon&r=g7289394c1202ef020fcd9aad965e50f7\",\"url\":\"https:\\\/\\\/secure.gravatar.com\\\/avatar\\\/5ebf1554473077ab88cd1ec3372750991c09302ef58500182e331751d1f3473b?s=96&d=identicon&r=g\",\"contentUrl\":\"https:\\\/\\\/secure.gravatar.com\\\/avatar\\\/5ebf1554473077ab88cd1ec3372750991c09302ef58500182e331751d1f3473b?s=96&d=identicon&r=g\",\"caption\":\"cdnolympicteam\"},\"url\":\"https:\\\/\\\/preprod.olympic.ca\\\/olympique\\\/author\\\/cdnolympicteam\\\/\"}]}<\/script>\n<!-- \/ Yoast SEO plugin. -->","yoast_head_json":{"title":"Stephen Harper re\u00e7oit un cadeau de l\u2019\u00c9quipe olympique canadienne pour les F\u00eates - \u00c9quipe Canada | Site officiel de l&#039;\u00e9quipe olympique","robots":{"index":"index","follow":"follow","max-snippet":"max-snippet:-1","max-image-preview":"max-image-preview:large","max-video-preview":"max-video-preview:-1"},"canonical":"https:\/\/preprod.olympic.ca\/olympique\/2010\/12\/07\/stephen-harper-recoit-un-cadeau-de-lequipe-olympique-canadienne-pour-les-fetes\/","og_locale":"fr_FR","og_type":"article","og_title":"Stephen Harper re\u00e7oit un cadeau de l\u2019\u00c9quipe olympique canadienne pour les F\u00eates - \u00c9quipe Canada | Site officiel de l&#039;\u00e9quipe olympique","og_description":"Le pr\u00e9sident du COC et les Olympiens pr\u00e9sentent les nouvelles mitaines rouges au parlement Pour rappeler au pays qu\u2019il existe...","og_url":"https:\/\/preprod.olympic.ca\/olympique\/2010\/12\/07\/stephen-harper-recoit-un-cadeau-de-lequipe-olympique-canadienne-pour-les-fetes\/","og_site_name":"\u00c9quipe Canada | Site officiel de l&#039;\u00e9quipe olympique","article_published_time":"2010-12-07T20:46:20+00:00","article_modified_time":"2013-08-01T01:11:35+00:00","author":"Comit\u00e9 olympique canadien","twitter_card":"summary_large_image","twitter_misc":{"Written by":"Comit\u00e9 olympique canadien","Est. reading time":"3 minutes"},"schema":{"@context":"https:\/\/schema.org","@graph":[{"@type":"Article","@id":"https:\/\/preprod.olympic.ca\/olympique\/2010\/12\/07\/stephen-harper-recoit-un-cadeau-de-lequipe-olympique-canadienne-pour-les-fetes\/#article","isPartOf":{"@id":"https:\/\/preprod.olympic.ca\/olympique\/2010\/12\/07\/stephen-harper-recoit-un-cadeau-de-lequipe-olympique-canadienne-pour-les-fetes\/"},"author":{"name":"cdnolympicteam","@id":"https:\/\/preprod.olympic.ca\/olympique\/#\/schema\/person\/08d84fd062bf1b56ffb3808cb69aee9c"},"headline":"Stephen Harper re\u00e7oit un cadeau de l\u2019\u00c9quipe olympique canadienne pour les F\u00eates","datePublished":"2010-12-07T20:46:20+00:00","dateModified":"2013-08-01T01:11:35+00:00","mainEntityOfPage":{"@id":"https:\/\/preprod.olympic.ca\/olympique\/2010\/12\/07\/stephen-harper-recoit-un-cadeau-de-lequipe-olympique-canadienne-pour-les-fetes\/"},"wordCount":622,"commentCount":0,"articleSection":["Derni\u00e8res nouvelles","Nouvelles de l'equipe"],"inLanguage":"fr-FR","potentialAction":[{"@type":"CommentAction","name":"Comment","target":["https:\/\/preprod.olympic.ca\/olympique\/2010\/12\/07\/stephen-harper-recoit-un-cadeau-de-lequipe-olympique-canadienne-pour-les-fetes\/#respond"]}]},{"@type":"WebPage","@id":"https:\/\/preprod.olympic.ca\/olympique\/2010\/12\/07\/stephen-harper-recoit-un-cadeau-de-lequipe-olympique-canadienne-pour-les-fetes\/","url":"https:\/\/preprod.olympic.ca\/olympique\/2010\/12\/07\/stephen-harper-recoit-un-cadeau-de-lequipe-olympique-canadienne-pour-les-fetes\/","name":"Stephen Harper re\u00e7oit un cadeau de l\u2019\u00c9quipe olympique canadienne pour les F\u00eates - \u00c9quipe Canada | Site officiel de l&#039;\u00e9quipe olympique","isPartOf":{"@id":"https:\/\/preprod.olympic.ca\/olympique\/#website"},"datePublished":"2010-12-07T20:46:20+00:00","dateModified":"2013-08-01T01:11:35+00:00","author":{"@id":"https:\/\/preprod.olympic.ca\/olympique\/#\/schema\/person\/08d84fd062bf1b56ffb3808cb69aee9c"},"inLanguage":"fr-FR","potentialAction":[{"@type":"ReadAction","target":["https:\/\/preprod.olympic.ca\/olympique\/2010\/12\/07\/stephen-harper-recoit-un-cadeau-de-lequipe-olympique-canadienne-pour-les-fetes\/"]}]},{"@type":"WebSite","@id":"https:\/\/preprod.olympic.ca\/olympique\/#website","url":"https:\/\/preprod.olympic.ca\/olympique\/","name":"\u00c9quipe Canada | Site officiel de l&#039;\u00e9quipe olympique","description":"Votre source pour l\u2019\u00c9quipe olympique canadienne. Retrouvez les r\u00e9cits, vid\u00e9os et photos des athl\u00e8tes canadiens, sports olympiques, Jeux olympiques de 2020 et bien plus!","potentialAction":[{"@type":"SearchAction","target":{"@type":"EntryPoint","urlTemplate":"https:\/\/preprod.olympic.ca\/olympique\/?s={search_term_string}"},"query-input":{"@type":"PropertyValueSpecification","valueRequired":true,"valueName":"search_term_string"}}],"inLanguage":"fr-FR"},{"@type":"Person","@id":"https:\/\/preprod.olympic.ca\/olympique\/#\/schema\/person\/08d84fd062bf1b56ffb3808cb69aee9c","name":"cdnolympicteam","image":{"@type":"ImageObject","inLanguage":"fr-FR","@id":"https:\/\/secure.gravatar.com\/avatar\/5ebf1554473077ab88cd1ec3372750991c09302ef58500182e331751d1f3473b?s=96&d=identicon&r=g7289394c1202ef020fcd9aad965e50f7","url":"https:\/\/secure.gravatar.com\/avatar\/5ebf1554473077ab88cd1ec3372750991c09302ef58500182e331751d1f3473b?s=96&d=identicon&r=g","contentUrl":"https:\/\/secure.gravatar.com\/avatar\/5ebf1554473077ab88cd1ec3372750991c09302ef58500182e331751d1f3473b?s=96&d=identicon&r=g","caption":"cdnolympicteam"},"url":"https:\/\/preprod.olympic.ca\/olympique\/author\/cdnolympicteam\/"}]}},"jetpack_featured_media_url":"","featured_image_url":"","author_name":["Comit\u00e9 olympique canadien"],"category_names":["Derni\u00e8res nouvelles","Nouvelles de l'equipe"],"tag_names":[],"video_embed_code":"","facebook_video_embed_code":"","jetpack_sharing_enabled":true,"jetpack-related-posts":[],"jetpack_shortlink":"https:\/\/wp.me\/pcGHcP-351","_links":{"self":[{"href":"https:\/\/preprod.olympic.ca\/olympique\/wp-json\/wp\/v2\/posts\/11843","targetHints":{"allow":["GET"]}}],"collection":[{"href":"https:\/\/preprod.olympic.ca\/olympique\/wp-json\/wp\/v2\/posts"}],"about":[{"href":"https:\/\/preprod.olympic.ca\/olympique\/wp-json\/wp\/v2\/types\/post"}],"author":[{"embeddable":true,"href":"https:\/\/preprod.olympic.ca\/olympique\/wp-json\/wp\/v2\/users\/47562643"}],"replies":[{"embeddable":true,"href":"https:\/\/preprod.olympic.ca\/olympique\/wp-json\/wp\/v2\/comments?post=11843"}],"version-history":[{"count":1,"href":"https:\/\/preprod.olympic.ca\/olympique\/wp-json\/wp\/v2\/posts\/11843\/revisions"}],"predecessor-version":[{"id":83017,"href":"https:\/\/preprod.olympic.ca\/olympique\/wp-json\/wp\/v2\/posts\/11843\/revisions\/83017"}],"wp:attachment":[{"href":"https:\/\/preprod.olympic.ca\/olympique\/wp-json\/wp\/v2\/media?parent=11843"}],"wp:term":[{"taxonomy":"category","embeddable":true,"href":"https:\/\/preprod.olympic.ca\/olympique\/wp-json\/wp\/v2\/categories?post=11843"},{"taxonomy":"post_tag","embeddable":true,"href":"https:\/\/preprod.olympic.ca\/olympique\/wp-json\/wp\/v2\/tags?post=11843"},{"taxonomy":"post_format","embeddable":true,"href":"https:\/\/preprod.olympic.ca\/olympique\/wp-json\/wp\/v2\/post_format?post=11843"},{"taxonomy":"sport","embeddable":true,"href":"https:\/\/preprod.olympic.ca\/olympique\/wp-json\/wp\/v2\/sport?post=11843"},{"taxonomy":"game","embeddable":true,"href":"https:\/\/preprod.olympic.ca\/olympique\/wp-json\/wp\/v2\/game?post=11843"},{"taxonomy":"author","embeddable":true,"href":"https:\/\/preprod.olympic.ca\/olympique\/wp-json\/wp\/v2\/coauthors?post=11843"}],"curies":[{"name":"wp","href":"https:\/\/api.w.org\/{rel}","templated":true}]}}