{"id":11907,"date":"2010-12-16T16:11:04","date_gmt":"2010-12-16T21:11:04","guid":{"rendered":"http:\/\/preprod.olympic.ca\/?p=11907"},"modified":"2013-08-01T01:11:37","modified_gmt":"2013-08-01T01:11:37","slug":"la-quete-de-lor-en-boxe-feminine","status":"publish","type":"post","link":"https:\/\/preprod.olympic.ca\/olympique\/2010\/12\/16\/la-quete-de-lor-en-boxe-feminine\/","title":{"rendered":"La qu\u00eate de l\u2019or en boxe f\u00e9minine"},"content":{"rendered":"<p><b>Mary Spencer peut-elle marquer d\u2019autres jalons?<\/b><\/p>\n<p><i>5 h<\/i> : R\u00e9veil. <i>6 h<\/i> : Aller au club de boxe. Courir 5 km. Au gymnase, travailler la technique tout en boxant avec d\u2019autres. Ensuite, effectuer un entra\u00eenement plus traditionnel avec les sacs d\u2019entra\u00eenement. <i>8 h 30 <\/i> : Rev\u00eatir des v\u00eatements secs et manger un morceau. <i>9 h<\/i> : Aller au gymnase\/garage d\u2019un ami pour une s\u00e9ance d\u2019entra\u00eenement du tronc P90. <i>10 h<\/i> : Retourner \u00e0 la maison, faire une sieste, se d\u00e9tendre.<\/p>\n<p><i>13 h 30<\/i> : Au club de conditionnement physique, travailler avec un entra\u00eeneur pendant 60 minutes. Manger un repas au gym. <i>16 h 30<\/i> : C\u2019est maintenant le moment d\u2019affronter un boxeur de sexe masculin plus fort et plus habile, c\u2019est un entra\u00eenement vraiment intense. <i>17 h 30<\/i> : Laisser le gymnase, aller voir le chiropraticien, s\u2019offrir peut-\u00eatre un massage, manger. <i>22 h<\/i> : L\u2019heure du coucher.<\/p>\n<p>\u00ab Une journ\u00e9e compl\u00e8te, mais amusante \u00bb, a comment\u00e9 Mary Spencer.<\/p>\n<p>Elle a remport\u00e9 le Championnat du monde de boxe \u00e0 trois reprises, plus r\u00e9cemment cet automne lorsqu\u2019elle a d\u00e9fait de mani\u00e8re convaincante la championne du monde en titre \u00e0 la finale.  Elle a de grandes aspirations pour les Jeux de 2012 \u00e0 Londres, car la boxe f\u00e9minine y fera ses d\u00e9buts olympiques.<\/p>\n<p>Mary Spencer est n\u00e9e pour boxer. Ce sont ses propres mots. Elle se sent \u00e0 sa place dans ce sport qui requiert un instinct de tueur, mais aussi beaucoup de calme.  La capacit\u00e9 \u00e0 donner des coups, mais aussi \u00e0 en recevoir. D\u2019excellents r\u00e9flexes et un corps id\u00e9al. L\u2019intensit\u00e9 des aspects physiques et mentaux de la boxe lui pla\u00eet. D\u00e8s qu\u2019elle a commenc\u00e9, elle a \u00e9t\u00e9 fascin\u00e9e de voir \u00e0 quel point ce sport lui collait \u00e0 la peau.<\/p>\n<p>Et : \u00ab D\u00e8s le premier jour o\u00f9 j\u2019ai box\u00e9 dans un club, je voulais devenir championne canadienne. \u00bb<\/p>\n<p>Mais auparavant, c\u2019est le basketball qu\u2019elle aimait. En quatri\u00e8me ann\u00e9e, c\u2019est sur le terrain de basket que se manifestait sa comp\u00e9titivit\u00e9. \u00ab Tous ceux qui me connaissaient savaient que Mary et son ballon de basketball \u00e9taient ins\u00e9parables. Je l\u2019amenais partout avec moi, je dormais m\u00eame avec mon ballon la nuit. \u00bb<\/p>\n<p>\u00c0 l\u2019\u00e2ge de 17 ans, elle a pris un autre chemin. Tout a commenc\u00e9 le jour o\u00f9 elle a mis les pieds dans un club de boxe. \u00ab Plusieurs personnes ont probablement pens\u00e9 : \u00ab\u00a0Mary apprend \u00e0 boxer parce qu\u2019elle veut battre les gens\u00a0\u00bb \u00bb, ajoute Spencer en riant.<\/p>\n<p>Aujourd\u2019hui, elle a 115 combats \u00e0 son actif. Son entra\u00eeneur, Charlie Stewart, un v\u00e9t\u00e9ran qui a dirig\u00e9 des Olympiens et des champions nationaux au Windsor Boxing Club o\u00f9 s\u2019entra\u00eene Spencer, a toujours \u00e9t\u00e9 \u00e0 ses c\u00f4t\u00e9s. Gr\u00e2ce \u00e0 ses conseils strat\u00e9giques et au talent de Spencer, cette derni\u00e8re a rapidement gravi les \u00e9chelons. En 2004, elle a d\u00e9croch\u00e9 son premier titre canadien et elle ne l\u2019a jamais conc\u00e9d\u00e9 depuis. En 2005 et en 2008, elle a gagn\u00e9 le titre mondial dans sa cat\u00e9gorie de poids. Elle a \u00e9t\u00e9 nomm\u00e9e boxeuse canadienne de l\u2019ann\u00e9e \u00e0 quatre reprises.<\/p>\n<p>Elle ne s\u2019arr\u00eate pas \u00e0 cela. \u00ab Je pense d\u00e9j\u00e0 \u00e0 ce qui s\u2019en vient : quelle sera ma prochaine \u00e9tape, a affirm\u00e9 Spencer. J\u2019essaie de garder ma concentration et ma t\u00eate sur mes \u00e9paules afin de poursuivre mon objectif qui est de gagner une m\u00e9daille d\u2019or olympique. \u00bb<\/p>\n<p>Il s\u2019agit de son objectif ultime. Si elle atteint son but lors des d\u00e9buts olympiques de la boxe f\u00e9minine, ce sera tout un exploit pour Spencer. \u00ab Je pr\u00e9f\u00e8re participer \u00e0 la premi\u00e8re comp\u00e9tition olympique de boxe f\u00e9minine et la remporter au lieu de remporter les trois comp\u00e9titions olympiques subs\u00e9quentes \u00bb, a indiqu\u00e9 Spencer.<\/p>\n<p>Tout au long de son parcours, Spencer a toujours pens\u00e9 qu\u2019\u00eatre un mod\u00e8le pour les autres \u00e9tait quelque chose d\u2019enrichissant. C\u2019est ce qu\u2019elle fait avec le Boys and Girls Club de Windsor. Elle participe \u00e9galement \u00e0 GEN7, organisme qui encourage les jeunes Autochtones \u00e0 mener un mode de vie sain et actif tout en leur insufflant des habilet\u00e9s en leadership.<\/p>\n<p>En fait, cet aspect de la comp\u00e9tition la motive lorsqu\u2019elle est sur le ring. Aux derniers Championnats du monde, elle a affront\u00e9 la championne du monde en finale (75 kg).  Elle pensait qu\u2019il serait difficile de remporter ce combat.  Cependant, elle a pens\u00e9 aux enfants \u00e0 qui elle devait s\u2019adresser \u00e0 la maison quelques semaines plus tard; elle ne voulait pas se pr\u00e9senter \u00e0 eux comme \u00ab l\u2019ancienne \u00bb championne du monde.  Elle savait qu\u2019elle aurait un plus grand impact si elle avait une m\u00e9daille d\u2019or avec elle.<\/p>\n<p>Et c\u2019est ce qu\u2019elle a fait apr\u00e8s avoir fait la d\u00e9monstration de ses habilet\u00e9s exceptionnelles dans la victoire par 14-2.<\/p>\n<p>Lorsqu\u2019on lui demande si elle a un message pour les jeunes athl\u00e8tes qui commencent \u00e0 peine dans le sport, Spencer r\u00e9pond : \u00ab La chose la plus importante est de ne pas vous imposer de limites. \u00bb<\/p>\n<p>Elle est la preuve que l\u2019expression \u00ab penser grand \u00bb ne signifie pas seulement \u00ab r\u00eaver \u00bb. <\/p>\n","protected":false},"excerpt":{"rendered":"<p>Mary Spencer peut-elle marquer d\u2019autres jalons? 5 h : R\u00e9veil. 6 h : Aller au club de boxe. Courir 5&#8230;<\/p>\n","protected":false},"author":47562643,"featured_media":11901,"comment_status":"open","ping_status":"open","sticky":false,"template":"","format":"standard","meta":{"_acf_changed":false,"_jetpack_memberships_contains_paid_content":false,"footnotes":""},"categories":[23939911],"tags":[],"post_format":"standard","sport":[],"game":[],"coauthors":[186127234],"class_list":["post-11907","post","type-post","status-publish","format-standard","has-post-thumbnail","hentry","category-uncategorized-fr"],"acf":[],"yoast_head":"<!-- This site is optimized with the Yoast SEO plugin v27.3 - https:\/\/yoast.com\/product\/yoast-seo-wordpress\/ -->\n<title>La qu\u00eate de l\u2019or en boxe f\u00e9minine - \u00c9quipe Canada | Site officiel de l&#039;\u00e9quipe olympique<\/title>\n<meta name=\"robots\" content=\"index, follow, max-snippet:-1, max-image-preview:large, max-video-preview:-1\" \/>\n<link rel=\"canonical\" href=\"https:\/\/preprod.olympic.ca\/olympique\/2010\/12\/16\/la-quete-de-lor-en-boxe-feminine\/\" \/>\n<meta property=\"og:locale\" content=\"fr_FR\" \/>\n<meta property=\"og:type\" content=\"article\" \/>\n<meta property=\"og:title\" content=\"La qu\u00eate de l\u2019or en boxe f\u00e9minine - \u00c9quipe Canada | Site officiel de l&#039;\u00e9quipe olympique\" \/>\n<meta property=\"og:description\" content=\"Mary Spencer peut-elle marquer d\u2019autres jalons? 5 h : R\u00e9veil. 6 h : Aller au club de boxe. Courir 5...\" \/>\n<meta property=\"og:url\" content=\"https:\/\/preprod.olympic.ca\/olympique\/2010\/12\/16\/la-quete-de-lor-en-boxe-feminine\/\" \/>\n<meta property=\"og:site_name\" content=\"\u00c9quipe Canada | Site officiel de l&#039;\u00e9quipe olympique\" \/>\n<meta property=\"article:published_time\" content=\"2010-12-16T21:11:04+00:00\" \/>\n<meta property=\"article:modified_time\" content=\"2013-08-01T01:11:37+00:00\" \/>\n<meta property=\"og:image\" content=\"https:\/\/preprod.olympic.ca\/olympique\/wp-content\/uploads\/sites\/2\/2011\/09\/spencer6.jpg?quality=100\" \/>\n\t<meta property=\"og:image:width\" content=\"620\" \/>\n\t<meta property=\"og:image:height\" content=\"400\" \/>\n\t<meta property=\"og:image:type\" content=\"image\/jpeg\" \/>\n<meta name=\"author\" content=\"Comit\u00e9 olympique canadien\" \/>\n<meta name=\"twitter:card\" content=\"summary_large_image\" \/>\n<meta name=\"twitter:label1\" content=\"Written by\" \/>\n\t<meta name=\"twitter:data1\" content=\"Comit\u00e9 olympique canadien\" \/>\n\t<meta name=\"twitter:label2\" content=\"Est. reading time\" \/>\n\t<meta name=\"twitter:data2\" content=\"4 minutes\" \/>\n<script type=\"application\/ld+json\" class=\"yoast-schema-graph\">{\"@context\":\"https:\\\/\\\/schema.org\",\"@graph\":[{\"@type\":\"Article\",\"@id\":\"https:\\\/\\\/preprod.olympic.ca\\\/olympique\\\/2010\\\/12\\\/16\\\/la-quete-de-lor-en-boxe-feminine\\\/#article\",\"isPartOf\":{\"@id\":\"https:\\\/\\\/preprod.olympic.ca\\\/olympique\\\/2010\\\/12\\\/16\\\/la-quete-de-lor-en-boxe-feminine\\\/\"},\"author\":{\"name\":\"cdnolympicteam\",\"@id\":\"https:\\\/\\\/preprod.olympic.ca\\\/olympique\\\/#\\\/schema\\\/person\\\/08d84fd062bf1b56ffb3808cb69aee9c\"},\"headline\":\"La qu\u00eate de l\u2019or en boxe f\u00e9minine\",\"datePublished\":\"2010-12-16T21:11:04+00:00\",\"dateModified\":\"2013-08-01T01:11:37+00:00\",\"mainEntityOfPage\":{\"@id\":\"https:\\\/\\\/preprod.olympic.ca\\\/olympique\\\/2010\\\/12\\\/16\\\/la-quete-de-lor-en-boxe-feminine\\\/\"},\"wordCount\":873,\"commentCount\":0,\"image\":{\"@id\":\"https:\\\/\\\/preprod.olympic.ca\\\/olympique\\\/2010\\\/12\\\/16\\\/la-quete-de-lor-en-boxe-feminine\\\/#primaryimage\"},\"thumbnailUrl\":\"https:\\\/\\\/preprod.olympic.ca\\\/olympique\\\/wp-content\\\/uploads\\\/sites\\\/2\\\/2011\\\/09\\\/spencer6.jpg?quality=100\",\"articleSection\":[\"Uncategorized @fr\"],\"inLanguage\":\"fr-FR\",\"potentialAction\":[{\"@type\":\"CommentAction\",\"name\":\"Comment\",\"target\":[\"https:\\\/\\\/preprod.olympic.ca\\\/olympique\\\/2010\\\/12\\\/16\\\/la-quete-de-lor-en-boxe-feminine\\\/#respond\"]}]},{\"@type\":\"WebPage\",\"@id\":\"https:\\\/\\\/preprod.olympic.ca\\\/olympique\\\/2010\\\/12\\\/16\\\/la-quete-de-lor-en-boxe-feminine\\\/\",\"url\":\"https:\\\/\\\/preprod.olympic.ca\\\/olympique\\\/2010\\\/12\\\/16\\\/la-quete-de-lor-en-boxe-feminine\\\/\",\"name\":\"La qu\u00eate de l\u2019or en boxe f\u00e9minine - \u00c9quipe Canada | Site officiel de l&#039;\u00e9quipe olympique\",\"isPartOf\":{\"@id\":\"https:\\\/\\\/preprod.olympic.ca\\\/olympique\\\/#website\"},\"primaryImageOfPage\":{\"@id\":\"https:\\\/\\\/preprod.olympic.ca\\\/olympique\\\/2010\\\/12\\\/16\\\/la-quete-de-lor-en-boxe-feminine\\\/#primaryimage\"},\"image\":{\"@id\":\"https:\\\/\\\/preprod.olympic.ca\\\/olympique\\\/2010\\\/12\\\/16\\\/la-quete-de-lor-en-boxe-feminine\\\/#primaryimage\"},\"thumbnailUrl\":\"https:\\\/\\\/preprod.olympic.ca\\\/olympique\\\/wp-content\\\/uploads\\\/sites\\\/2\\\/2011\\\/09\\\/spencer6.jpg?quality=100\",\"datePublished\":\"2010-12-16T21:11:04+00:00\",\"dateModified\":\"2013-08-01T01:11:37+00:00\",\"author\":{\"@id\":\"https:\\\/\\\/preprod.olympic.ca\\\/olympique\\\/#\\\/schema\\\/person\\\/08d84fd062bf1b56ffb3808cb69aee9c\"},\"inLanguage\":\"fr-FR\",\"potentialAction\":[{\"@type\":\"ReadAction\",\"target\":[\"https:\\\/\\\/preprod.olympic.ca\\\/olympique\\\/2010\\\/12\\\/16\\\/la-quete-de-lor-en-boxe-feminine\\\/\"]}]},{\"@type\":\"ImageObject\",\"inLanguage\":\"fr-FR\",\"@id\":\"https:\\\/\\\/preprod.olympic.ca\\\/olympique\\\/2010\\\/12\\\/16\\\/la-quete-de-lor-en-boxe-feminine\\\/#primaryimage\",\"url\":\"https:\\\/\\\/preprod.olympic.ca\\\/olympique\\\/wp-content\\\/uploads\\\/sites\\\/2\\\/2011\\\/09\\\/spencer6.jpg?quality=100\",\"contentUrl\":\"https:\\\/\\\/preprod.olympic.ca\\\/olympique\\\/wp-content\\\/uploads\\\/sites\\\/2\\\/2011\\\/09\\\/spencer6.jpg?quality=100\",\"width\":620,\"height\":400},{\"@type\":\"WebSite\",\"@id\":\"https:\\\/\\\/preprod.olympic.ca\\\/olympique\\\/#website\",\"url\":\"https:\\\/\\\/preprod.olympic.ca\\\/olympique\\\/\",\"name\":\"\u00c9quipe Canada | Site officiel de l&#039;\u00e9quipe olympique\",\"description\":\"Votre source pour l\u2019\u00c9quipe olympique canadienne. Retrouvez les r\u00e9cits, vid\u00e9os et photos des athl\u00e8tes canadiens, sports olympiques, Jeux olympiques de 2020 et bien plus!\",\"potentialAction\":[{\"@type\":\"SearchAction\",\"target\":{\"@type\":\"EntryPoint\",\"urlTemplate\":\"https:\\\/\\\/preprod.olympic.ca\\\/olympique\\\/?s={search_term_string}\"},\"query-input\":{\"@type\":\"PropertyValueSpecification\",\"valueRequired\":true,\"valueName\":\"search_term_string\"}}],\"inLanguage\":\"fr-FR\"},{\"@type\":\"Person\",\"@id\":\"https:\\\/\\\/preprod.olympic.ca\\\/olympique\\\/#\\\/schema\\\/person\\\/08d84fd062bf1b56ffb3808cb69aee9c\",\"name\":\"cdnolympicteam\",\"image\":{\"@type\":\"ImageObject\",\"inLanguage\":\"fr-FR\",\"@id\":\"https:\\\/\\\/secure.gravatar.com\\\/avatar\\\/5ebf1554473077ab88cd1ec3372750991c09302ef58500182e331751d1f3473b?s=96&d=identicon&r=g7289394c1202ef020fcd9aad965e50f7\",\"url\":\"https:\\\/\\\/secure.gravatar.com\\\/avatar\\\/5ebf1554473077ab88cd1ec3372750991c09302ef58500182e331751d1f3473b?s=96&d=identicon&r=g\",\"contentUrl\":\"https:\\\/\\\/secure.gravatar.com\\\/avatar\\\/5ebf1554473077ab88cd1ec3372750991c09302ef58500182e331751d1f3473b?s=96&d=identicon&r=g\",\"caption\":\"cdnolympicteam\"},\"url\":\"https:\\\/\\\/preprod.olympic.ca\\\/olympique\\\/author\\\/cdnolympicteam\\\/\"}]}<\/script>\n<!-- \/ Yoast SEO plugin. -->","yoast_head_json":{"title":"La qu\u00eate de l\u2019or en boxe f\u00e9minine - \u00c9quipe Canada | Site officiel de l&#039;\u00e9quipe olympique","robots":{"index":"index","follow":"follow","max-snippet":"max-snippet:-1","max-image-preview":"max-image-preview:large","max-video-preview":"max-video-preview:-1"},"canonical":"https:\/\/preprod.olympic.ca\/olympique\/2010\/12\/16\/la-quete-de-lor-en-boxe-feminine\/","og_locale":"fr_FR","og_type":"article","og_title":"La qu\u00eate de l\u2019or en boxe f\u00e9minine - \u00c9quipe Canada | Site officiel de l&#039;\u00e9quipe olympique","og_description":"Mary Spencer peut-elle marquer d\u2019autres jalons? 5 h : R\u00e9veil. 6 h : Aller au club de boxe. Courir 5...","og_url":"https:\/\/preprod.olympic.ca\/olympique\/2010\/12\/16\/la-quete-de-lor-en-boxe-feminine\/","og_site_name":"\u00c9quipe Canada | Site officiel de l&#039;\u00e9quipe olympique","article_published_time":"2010-12-16T21:11:04+00:00","article_modified_time":"2013-08-01T01:11:37+00:00","og_image":[{"width":620,"height":400,"url":"https:\/\/preprod.olympic.ca\/olympique\/wp-content\/uploads\/sites\/2\/2011\/09\/spencer6.jpg?quality=100","type":"image\/jpeg"}],"author":"Comit\u00e9 olympique canadien","twitter_card":"summary_large_image","twitter_misc":{"Written by":"Comit\u00e9 olympique canadien","Est. reading time":"4 minutes"},"schema":{"@context":"https:\/\/schema.org","@graph":[{"@type":"Article","@id":"https:\/\/preprod.olympic.ca\/olympique\/2010\/12\/16\/la-quete-de-lor-en-boxe-feminine\/#article","isPartOf":{"@id":"https:\/\/preprod.olympic.ca\/olympique\/2010\/12\/16\/la-quete-de-lor-en-boxe-feminine\/"},"author":{"name":"cdnolympicteam","@id":"https:\/\/preprod.olympic.ca\/olympique\/#\/schema\/person\/08d84fd062bf1b56ffb3808cb69aee9c"},"headline":"La qu\u00eate de l\u2019or en boxe f\u00e9minine","datePublished":"2010-12-16T21:11:04+00:00","dateModified":"2013-08-01T01:11:37+00:00","mainEntityOfPage":{"@id":"https:\/\/preprod.olympic.ca\/olympique\/2010\/12\/16\/la-quete-de-lor-en-boxe-feminine\/"},"wordCount":873,"commentCount":0,"image":{"@id":"https:\/\/preprod.olympic.ca\/olympique\/2010\/12\/16\/la-quete-de-lor-en-boxe-feminine\/#primaryimage"},"thumbnailUrl":"https:\/\/preprod.olympic.ca\/olympique\/wp-content\/uploads\/sites\/2\/2011\/09\/spencer6.jpg?quality=100","articleSection":["Uncategorized @fr"],"inLanguage":"fr-FR","potentialAction":[{"@type":"CommentAction","name":"Comment","target":["https:\/\/preprod.olympic.ca\/olympique\/2010\/12\/16\/la-quete-de-lor-en-boxe-feminine\/#respond"]}]},{"@type":"WebPage","@id":"https:\/\/preprod.olympic.ca\/olympique\/2010\/12\/16\/la-quete-de-lor-en-boxe-feminine\/","url":"https:\/\/preprod.olympic.ca\/olympique\/2010\/12\/16\/la-quete-de-lor-en-boxe-feminine\/","name":"La qu\u00eate de l\u2019or en boxe f\u00e9minine - \u00c9quipe Canada | Site officiel de l&#039;\u00e9quipe olympique","isPartOf":{"@id":"https:\/\/preprod.olympic.ca\/olympique\/#website"},"primaryImageOfPage":{"@id":"https:\/\/preprod.olympic.ca\/olympique\/2010\/12\/16\/la-quete-de-lor-en-boxe-feminine\/#primaryimage"},"image":{"@id":"https:\/\/preprod.olympic.ca\/olympique\/2010\/12\/16\/la-quete-de-lor-en-boxe-feminine\/#primaryimage"},"thumbnailUrl":"https:\/\/preprod.olympic.ca\/olympique\/wp-content\/uploads\/sites\/2\/2011\/09\/spencer6.jpg?quality=100","datePublished":"2010-12-16T21:11:04+00:00","dateModified":"2013-08-01T01:11:37+00:00","author":{"@id":"https:\/\/preprod.olympic.ca\/olympique\/#\/schema\/person\/08d84fd062bf1b56ffb3808cb69aee9c"},"inLanguage":"fr-FR","potentialAction":[{"@type":"ReadAction","target":["https:\/\/preprod.olympic.ca\/olympique\/2010\/12\/16\/la-quete-de-lor-en-boxe-feminine\/"]}]},{"@type":"ImageObject","inLanguage":"fr-FR","@id":"https:\/\/preprod.olympic.ca\/olympique\/2010\/12\/16\/la-quete-de-lor-en-boxe-feminine\/#primaryimage","url":"https:\/\/preprod.olympic.ca\/olympique\/wp-content\/uploads\/sites\/2\/2011\/09\/spencer6.jpg?quality=100","contentUrl":"https:\/\/preprod.olympic.ca\/olympique\/wp-content\/uploads\/sites\/2\/2011\/09\/spencer6.jpg?quality=100","width":620,"height":400},{"@type":"WebSite","@id":"https:\/\/preprod.olympic.ca\/olympique\/#website","url":"https:\/\/preprod.olympic.ca\/olympique\/","name":"\u00c9quipe Canada | Site officiel de l&#039;\u00e9quipe olympique","description":"Votre source pour l\u2019\u00c9quipe olympique canadienne. Retrouvez les r\u00e9cits, vid\u00e9os et photos des athl\u00e8tes canadiens, sports olympiques, Jeux olympiques de 2020 et bien plus!","potentialAction":[{"@type":"SearchAction","target":{"@type":"EntryPoint","urlTemplate":"https:\/\/preprod.olympic.ca\/olympique\/?s={search_term_string}"},"query-input":{"@type":"PropertyValueSpecification","valueRequired":true,"valueName":"search_term_string"}}],"inLanguage":"fr-FR"},{"@type":"Person","@id":"https:\/\/preprod.olympic.ca\/olympique\/#\/schema\/person\/08d84fd062bf1b56ffb3808cb69aee9c","name":"cdnolympicteam","image":{"@type":"ImageObject","inLanguage":"fr-FR","@id":"https:\/\/secure.gravatar.com\/avatar\/5ebf1554473077ab88cd1ec3372750991c09302ef58500182e331751d1f3473b?s=96&d=identicon&r=g7289394c1202ef020fcd9aad965e50f7","url":"https:\/\/secure.gravatar.com\/avatar\/5ebf1554473077ab88cd1ec3372750991c09302ef58500182e331751d1f3473b?s=96&d=identicon&r=g","contentUrl":"https:\/\/secure.gravatar.com\/avatar\/5ebf1554473077ab88cd1ec3372750991c09302ef58500182e331751d1f3473b?s=96&d=identicon&r=g","caption":"cdnolympicteam"},"url":"https:\/\/preprod.olympic.ca\/olympique\/author\/cdnolympicteam\/"}]}},"jetpack_featured_media_url":"https:\/\/preprod.olympic.ca\/olympique\/wp-content\/uploads\/sites\/2\/2011\/09\/spencer6.jpg?quality=100","featured_image_url":"https:\/\/preprod.olympic.ca\/olympique\/wp-content\/uploads\/sites\/2\/2011\/09\/spencer6.jpg?quality=100","author_name":["Comit\u00e9 olympique canadien"],"category_names":["Uncategorized @fr"],"tag_names":[],"video_embed_code":"","facebook_video_embed_code":"","jetpack_sharing_enabled":true,"jetpack-related-posts":[],"jetpack_shortlink":"https:\/\/wp.me\/pcGHcP-363","_links":{"self":[{"href":"https:\/\/preprod.olympic.ca\/olympique\/wp-json\/wp\/v2\/posts\/11907","targetHints":{"allow":["GET"]}}],"collection":[{"href":"https:\/\/preprod.olympic.ca\/olympique\/wp-json\/wp\/v2\/posts"}],"about":[{"href":"https:\/\/preprod.olympic.ca\/olympique\/wp-json\/wp\/v2\/types\/post"}],"author":[{"embeddable":true,"href":"https:\/\/preprod.olympic.ca\/olympique\/wp-json\/wp\/v2\/users\/47562643"}],"replies":[{"embeddable":true,"href":"https:\/\/preprod.olympic.ca\/olympique\/wp-json\/wp\/v2\/comments?post=11907"}],"version-history":[{"count":1,"href":"https:\/\/preprod.olympic.ca\/olympique\/wp-json\/wp\/v2\/posts\/11907\/revisions"}],"predecessor-version":[{"id":83020,"href":"https:\/\/preprod.olympic.ca\/olympique\/wp-json\/wp\/v2\/posts\/11907\/revisions\/83020"}],"wp:featuredmedia":[{"embeddable":true,"href":"https:\/\/preprod.olympic.ca\/olympique\/wp-json\/wp\/v2\/media\/11901"}],"wp:attachment":[{"href":"https:\/\/preprod.olympic.ca\/olympique\/wp-json\/wp\/v2\/media?parent=11907"}],"wp:term":[{"taxonomy":"category","embeddable":true,"href":"https:\/\/preprod.olympic.ca\/olympique\/wp-json\/wp\/v2\/categories?post=11907"},{"taxonomy":"post_tag","embeddable":true,"href":"https:\/\/preprod.olympic.ca\/olympique\/wp-json\/wp\/v2\/tags?post=11907"},{"taxonomy":"post_format","embeddable":true,"href":"https:\/\/preprod.olympic.ca\/olympique\/wp-json\/wp\/v2\/post_format?post=11907"},{"taxonomy":"sport","embeddable":true,"href":"https:\/\/preprod.olympic.ca\/olympique\/wp-json\/wp\/v2\/sport?post=11907"},{"taxonomy":"game","embeddable":true,"href":"https:\/\/preprod.olympic.ca\/olympique\/wp-json\/wp\/v2\/game?post=11907"},{"taxonomy":"author","embeddable":true,"href":"https:\/\/preprod.olympic.ca\/olympique\/wp-json\/wp\/v2\/coauthors?post=11907"}],"curies":[{"name":"wp","href":"https:\/\/api.w.org\/{rel}","templated":true}]}}