{"id":12014,"date":"2010-12-31T17:13:07","date_gmt":"2010-12-31T22:13:07","guid":{"rendered":"http:\/\/preprod.olympic.ca\/?p=12014"},"modified":"2013-08-01T01:11:42","modified_gmt":"2013-08-01T01:11:42","slug":"elle-mene-humblement-le-canada-vers-les-plus-hauts-sommets-en-nage-synchronisee","status":"publish","type":"post","link":"https:\/\/preprod.olympic.ca\/olympique\/2010\/12\/31\/elle-mene-humblement-le-canada-vers-les-plus-hauts-sommets-en-nage-synchronisee\/","title":{"rendered":"Elle m\u00e8ne humblement le Canada vers les plus hauts sommets en nage synchronis\u00e9e"},"content":{"rendered":"<p><b>L\u2019excellente ann\u00e9e de Marie-Pier Boudreau-Gagnon <\/b><\/p>\n<p>L\u2019\u00e9quipe canadienne de nage synchronis\u00e9e se dirige \u00e0 nouveau vers les sommets. On en a eu la preuve \u00e0 Beijing, lorsqu\u2019elle a obtenu une solide 4e place aux Jeux olympiques de 2008. Une des plus solides nageuses et v\u00e9t\u00e9ranes de longue date, Marie-Pier Boudreau-Gagnon, a contribu\u00e9 \u00e0 cette relance (m\u00eame si elle ne l\u2019admettra jamais).<\/p>\n<p>Sa r\u00e9cente r\u00e9colte de m\u00e9dailles (ainsi que celle de l\u2019\u00e9quipe) est une illustration de l\u2019orientation du programme national de nage synchronis\u00e9e. Premi\u00e8rement, aux Championnats du monde de 2009, elle a remport\u00e9 deux m\u00e9dailles de bronze \u00e0 l\u2019\u00e9preuve solo technique et \u00e0 l\u2019\u00e9preuve combin\u00e9e. Elle a \u00e9galement termin\u00e9 4e en duo et en \u00e9quipe tant aux \u00e9preuves libres qu\u2019aux \u00e9preuves techniques. Le ton \u00e9tait donn\u00e9.<\/p>\n<p>Elle a r\u00e9colt\u00e9 quatre m\u00e9dailles d\u2019or, une m\u00e9daille d\u2019argent et une de bronze au Troph\u00e9e FINA 2009. \u00c0 l\u2019Open du Japon de 2010, elle a gagn\u00e9 trois m\u00e9dailles d\u2019or et deux d\u2019argent. Plus tard, \u00e0 l\u2019Open de Chine, elle a d\u00e9croch\u00e9 deux m\u00e9dailles d\u2019or. \u00c0 la Coupe du monde FINA, elle a \u00e9t\u00e9 m\u00e9daill\u00e9e d\u2019argent et triple m\u00e9daill\u00e9e de bronze. Plus r\u00e9cemment, aux Jeux du Commonwealth de 2010, Boudreau-Gagnon a mis la main sur l\u2019or en solo et en duo.<\/p>\n<p>La nageuse originaire de Rivi\u00e8re-du-Loup affirme que l\u2019\u00e9quipe a profit\u00e9 de l\u2019\u00e9lan suscit\u00e9 par les m\u00e9dailles de bronze et les 4es places obtenues aux derniers Championnats du monde.  \u00ab Aujourd\u2019hui, nous avons davantage confiance en nous, a d\u00e9clar\u00e9 Boudreau-Gagnon \u00e0 Olympic.ca. Nous nous investissons beaucoup dans le programme. \u00bb<\/p>\n<p>Il faut aussi souligner le r\u00f4le de l\u2019entra\u00eeneure Julie Sauv\u00e9 dans ce programme. Cette l\u00e9gende de l\u2019entra\u00eenement a guid\u00e9 Sylvie Fr\u00e9chette ainsi que Penny et Vicky Vilagos vers des m\u00e9dailles olympiques en nage synchronis\u00e9e. Sauv\u00e9 a mis l\u2019accent sur les subtilit\u00e9s artistiques et techniques afin de d\u00e9velopper l\u2019aptitude g\u00e9n\u00e9rale de cette jeune \u00e9quipe.<\/p>\n<p>\u00ab Nous croyons toutes en elle, a affirm\u00e9 Boudreau-Gagnon. Elle sait ce que les juges veulent voir et elle n\u2019a pas peur de choquer les juges en pr\u00e9sentant quelque chose de nouveau. \u00bb<\/p>\n<p>La nage synchronis\u00e9e, tout comme la gymnastique, attire les athl\u00e8tes qui ont des habilet\u00e9s artistiques. C\u2019est un m\u00e9lange de sport et de prestation artistique. C\u2019est un sport qui exige de longues heures d\u2019entra\u00eenement (souvent 48 heures par semaine) et une pr\u00e9paration physique ciblant particuli\u00e8rement l\u2019entra\u00eenement cardiovasculaire et le renforcement du tronc et du haut du corps. En nage synchronis\u00e9e, les mouvements sont ex\u00e9cut\u00e9s \u00e0 la vitesse de l\u2019\u00e9clair.<\/p>\n<p>\u00ab C\u2019est un sport qui permet r\u00e9ellement de d\u00e9passer ses limites, et moi, je cherche toujours \u00e0 repousser les miennes \u00bb, a opin\u00e9 Boudreau-Gagnon.<\/p>\n<p>Bien qu\u2019elle soit une Olympienne et qu\u2019elle ait concouru \u00e0 plusieurs championnats du monde, Boudreau-Gagnon dit qu\u2019elle ne se sent pas comme la leader de l\u2019\u00e9quipe. \u00ab Nous sommes une \u00e9quipe et j\u2019en fais partie \u00bb; elle a aussi ajout\u00e9 que c\u2019est une \u00e9quipe jeune \u00ab avec du c\u0153ur \u00bb, et une \u00e9quipe qui peut gagner l\u2019or.<\/p>\n<p>Actuellement, elle est la nageuse synchronis\u00e9e qui repr\u00e9sente le Canada en solo. Pour cela, elle se doit de faire preuve de pr\u00e9cision technique et d\u2019un parfait contr\u00f4le, car les yeux des juges sont uniquement fix\u00e9s sur elle. En g\u00e9n\u00e9ral, c\u2019est la meilleure nageuse d\u2019un pays qui le repr\u00e9sente en solo.<\/p>\n<p>\u00ab Le solo fait appel \u00e0 votre propre force et vous incite \u00e0 repousser vos limites, commente-t-elle.  Pour le duo, il faut que la chimie op\u00e8re entre vous et votre partenaire. C\u2019est une discipline assez complexe, et les mouvements sont rapides. C\u2019est assez difficile. Et dans l\u2019\u00e9preuve par \u00e9quipe, huit filles performent ensemble. Il faut beaucoup d\u2019entra\u00eenement pour arriver \u00e0 s\u2019ex\u00e9cuter comme une autre et au m\u00eame moment. \u00bb<\/p>\n<p>Le chemin vers Londres 2012 commence \u00e0 l\u2019automne prochain aux Jeux panam\u00e9ricains. Pour cette comp\u00e9tition qui se d\u00e9roulera \u00e0 Guadalajara, l\u2019\u00e9quipe vise l\u2019or, ce qui leur donnera un laissez-passer direct pour Londres. L\u00e0-bas, Boudreau-Gagnon en serait \u00e0 ses deuxi\u00e8mes Jeux olympiques, et elle dit que le Canada sera en qu\u00eate d\u2019une place sur le podium. \u00ab Nous voulons r\u00e9aliser notre meilleure performance. Nous voulons nous donner \u00e0 fond pour que nous n\u2019ayons pas de regrets. \u00bb<\/p>\n<p>En guise de conclusion, cette humble \u00e9toile de la nage synchronis\u00e9e a voulu remercier sa famille pour son soutien incommensurable. \u00ab Pour concourir \u00e0 ce niveau, il nous faut des parents et une famille d\u00e9vou\u00e9s. \u00bb<\/p>\n<p>Sur ce, nous vous souhaitons de joyeuses F\u00eates.<\/p>\n","protected":false},"excerpt":{"rendered":"<p>L\u2019excellente ann\u00e9e de Marie-Pier Boudreau-Gagnon L\u2019\u00e9quipe canadienne de nage synchronis\u00e9e se dirige \u00e0 nouveau vers les sommets. On en a&#8230;<\/p>\n","protected":false},"author":47562643,"featured_media":12010,"comment_status":"open","ping_status":"open","sticky":false,"template":"","format":"standard","meta":{"_acf_changed":false,"_jetpack_memberships_contains_paid_content":false,"footnotes":""},"categories":[23939911],"tags":[],"post_format":"standard","sport":[],"game":[],"coauthors":[186127234],"class_list":["post-12014","post","type-post","status-publish","format-standard","has-post-thumbnail","hentry","category-uncategorized-fr"],"acf":[],"yoast_head":"<!-- This site is optimized with the Yoast SEO plugin v27.3 - https:\/\/yoast.com\/product\/yoast-seo-wordpress\/ -->\n<title>Elle m\u00e8ne humblement le Canada vers les plus hauts sommets en nage synchronis\u00e9e  - \u00c9quipe Canada | Site officiel de l&#039;\u00e9quipe olympique<\/title>\n<meta name=\"robots\" content=\"index, follow, max-snippet:-1, max-image-preview:large, max-video-preview:-1\" \/>\n<link rel=\"canonical\" href=\"https:\/\/preprod.olympic.ca\/olympique\/2010\/12\/31\/elle-mene-humblement-le-canada-vers-les-plus-hauts-sommets-en-nage-synchronisee\/\" \/>\n<meta property=\"og:locale\" content=\"fr_FR\" \/>\n<meta property=\"og:type\" content=\"article\" \/>\n<meta property=\"og:title\" content=\"Elle m\u00e8ne humblement le Canada vers les plus hauts sommets en nage synchronis\u00e9e  - \u00c9quipe Canada | Site officiel de l&#039;\u00e9quipe olympique\" \/>\n<meta property=\"og:description\" content=\"L\u2019excellente ann\u00e9e de Marie-Pier Boudreau-Gagnon L\u2019\u00e9quipe canadienne de nage synchronis\u00e9e se dirige \u00e0 nouveau vers les sommets. On en a...\" \/>\n<meta property=\"og:url\" content=\"https:\/\/preprod.olympic.ca\/olympique\/2010\/12\/31\/elle-mene-humblement-le-canada-vers-les-plus-hauts-sommets-en-nage-synchronisee\/\" \/>\n<meta property=\"og:site_name\" content=\"\u00c9quipe Canada | Site officiel de l&#039;\u00e9quipe olympique\" \/>\n<meta property=\"article:published_time\" content=\"2010-12-31T22:13:07+00:00\" \/>\n<meta property=\"article:modified_time\" content=\"2013-08-01T01:11:42+00:00\" \/>\n<meta property=\"og:image\" content=\"https:\/\/preprod.olympic.ca\/olympique\/wp-content\/uploads\/sites\/2\/2011\/09\/boudreau6.jpg?quality=100\" \/>\n\t<meta property=\"og:image:width\" content=\"594\" \/>\n\t<meta property=\"og:image:height\" content=\"396\" \/>\n\t<meta property=\"og:image:type\" content=\"image\/jpeg\" \/>\n<meta name=\"author\" content=\"Comit\u00e9 olympique canadien\" \/>\n<meta name=\"twitter:card\" content=\"summary_large_image\" \/>\n<meta name=\"twitter:label1\" content=\"Written by\" \/>\n\t<meta name=\"twitter:data1\" content=\"Comit\u00e9 olympique canadien\" \/>\n\t<meta name=\"twitter:label2\" content=\"Est. reading time\" \/>\n\t<meta name=\"twitter:data2\" content=\"4 minutes\" \/>\n<script type=\"application\/ld+json\" class=\"yoast-schema-graph\">{\"@context\":\"https:\\\/\\\/schema.org\",\"@graph\":[{\"@type\":\"Article\",\"@id\":\"https:\\\/\\\/preprod.olympic.ca\\\/olympique\\\/2010\\\/12\\\/31\\\/elle-mene-humblement-le-canada-vers-les-plus-hauts-sommets-en-nage-synchronisee\\\/#article\",\"isPartOf\":{\"@id\":\"https:\\\/\\\/preprod.olympic.ca\\\/olympique\\\/2010\\\/12\\\/31\\\/elle-mene-humblement-le-canada-vers-les-plus-hauts-sommets-en-nage-synchronisee\\\/\"},\"author\":{\"name\":\"cdnolympicteam\",\"@id\":\"https:\\\/\\\/preprod.olympic.ca\\\/olympique\\\/#\\\/schema\\\/person\\\/08d84fd062bf1b56ffb3808cb69aee9c\"},\"headline\":\"Elle m\u00e8ne humblement le Canada vers les plus hauts sommets en nage synchronis\u00e9e\",\"datePublished\":\"2010-12-31T22:13:07+00:00\",\"dateModified\":\"2013-08-01T01:11:42+00:00\",\"mainEntityOfPage\":{\"@id\":\"https:\\\/\\\/preprod.olympic.ca\\\/olympique\\\/2010\\\/12\\\/31\\\/elle-mene-humblement-le-canada-vers-les-plus-hauts-sommets-en-nage-synchronisee\\\/\"},\"wordCount\":828,\"commentCount\":0,\"image\":{\"@id\":\"https:\\\/\\\/preprod.olympic.ca\\\/olympique\\\/2010\\\/12\\\/31\\\/elle-mene-humblement-le-canada-vers-les-plus-hauts-sommets-en-nage-synchronisee\\\/#primaryimage\"},\"thumbnailUrl\":\"https:\\\/\\\/preprod.olympic.ca\\\/olympique\\\/wp-content\\\/uploads\\\/sites\\\/2\\\/2011\\\/09\\\/boudreau6.jpg?quality=100\",\"articleSection\":[\"Uncategorized @fr\"],\"inLanguage\":\"fr-FR\",\"potentialAction\":[{\"@type\":\"CommentAction\",\"name\":\"Comment\",\"target\":[\"https:\\\/\\\/preprod.olympic.ca\\\/olympique\\\/2010\\\/12\\\/31\\\/elle-mene-humblement-le-canada-vers-les-plus-hauts-sommets-en-nage-synchronisee\\\/#respond\"]}]},{\"@type\":\"WebPage\",\"@id\":\"https:\\\/\\\/preprod.olympic.ca\\\/olympique\\\/2010\\\/12\\\/31\\\/elle-mene-humblement-le-canada-vers-les-plus-hauts-sommets-en-nage-synchronisee\\\/\",\"url\":\"https:\\\/\\\/preprod.olympic.ca\\\/olympique\\\/2010\\\/12\\\/31\\\/elle-mene-humblement-le-canada-vers-les-plus-hauts-sommets-en-nage-synchronisee\\\/\",\"name\":\"Elle m\u00e8ne humblement le Canada vers les plus hauts sommets en nage synchronis\u00e9e - \u00c9quipe Canada | Site officiel de l&#039;\u00e9quipe olympique\",\"isPartOf\":{\"@id\":\"https:\\\/\\\/preprod.olympic.ca\\\/olympique\\\/#website\"},\"primaryImageOfPage\":{\"@id\":\"https:\\\/\\\/preprod.olympic.ca\\\/olympique\\\/2010\\\/12\\\/31\\\/elle-mene-humblement-le-canada-vers-les-plus-hauts-sommets-en-nage-synchronisee\\\/#primaryimage\"},\"image\":{\"@id\":\"https:\\\/\\\/preprod.olympic.ca\\\/olympique\\\/2010\\\/12\\\/31\\\/elle-mene-humblement-le-canada-vers-les-plus-hauts-sommets-en-nage-synchronisee\\\/#primaryimage\"},\"thumbnailUrl\":\"https:\\\/\\\/preprod.olympic.ca\\\/olympique\\\/wp-content\\\/uploads\\\/sites\\\/2\\\/2011\\\/09\\\/boudreau6.jpg?quality=100\",\"datePublished\":\"2010-12-31T22:13:07+00:00\",\"dateModified\":\"2013-08-01T01:11:42+00:00\",\"author\":{\"@id\":\"https:\\\/\\\/preprod.olympic.ca\\\/olympique\\\/#\\\/schema\\\/person\\\/08d84fd062bf1b56ffb3808cb69aee9c\"},\"inLanguage\":\"fr-FR\",\"potentialAction\":[{\"@type\":\"ReadAction\",\"target\":[\"https:\\\/\\\/preprod.olympic.ca\\\/olympique\\\/2010\\\/12\\\/31\\\/elle-mene-humblement-le-canada-vers-les-plus-hauts-sommets-en-nage-synchronisee\\\/\"]}]},{\"@type\":\"ImageObject\",\"inLanguage\":\"fr-FR\",\"@id\":\"https:\\\/\\\/preprod.olympic.ca\\\/olympique\\\/2010\\\/12\\\/31\\\/elle-mene-humblement-le-canada-vers-les-plus-hauts-sommets-en-nage-synchronisee\\\/#primaryimage\",\"url\":\"https:\\\/\\\/preprod.olympic.ca\\\/olympique\\\/wp-content\\\/uploads\\\/sites\\\/2\\\/2011\\\/09\\\/boudreau6.jpg?quality=100\",\"contentUrl\":\"https:\\\/\\\/preprod.olympic.ca\\\/olympique\\\/wp-content\\\/uploads\\\/sites\\\/2\\\/2011\\\/09\\\/boudreau6.jpg?quality=100\",\"width\":594,\"height\":396},{\"@type\":\"WebSite\",\"@id\":\"https:\\\/\\\/preprod.olympic.ca\\\/olympique\\\/#website\",\"url\":\"https:\\\/\\\/preprod.olympic.ca\\\/olympique\\\/\",\"name\":\"\u00c9quipe Canada | Site officiel de l&#039;\u00e9quipe olympique\",\"description\":\"Votre source pour l\u2019\u00c9quipe olympique canadienne. Retrouvez les r\u00e9cits, vid\u00e9os et photos des athl\u00e8tes canadiens, sports olympiques, Jeux olympiques de 2020 et bien plus!\",\"potentialAction\":[{\"@type\":\"SearchAction\",\"target\":{\"@type\":\"EntryPoint\",\"urlTemplate\":\"https:\\\/\\\/preprod.olympic.ca\\\/olympique\\\/?s={search_term_string}\"},\"query-input\":{\"@type\":\"PropertyValueSpecification\",\"valueRequired\":true,\"valueName\":\"search_term_string\"}}],\"inLanguage\":\"fr-FR\"},{\"@type\":\"Person\",\"@id\":\"https:\\\/\\\/preprod.olympic.ca\\\/olympique\\\/#\\\/schema\\\/person\\\/08d84fd062bf1b56ffb3808cb69aee9c\",\"name\":\"cdnolympicteam\",\"image\":{\"@type\":\"ImageObject\",\"inLanguage\":\"fr-FR\",\"@id\":\"https:\\\/\\\/secure.gravatar.com\\\/avatar\\\/5ebf1554473077ab88cd1ec3372750991c09302ef58500182e331751d1f3473b?s=96&d=identicon&r=g7289394c1202ef020fcd9aad965e50f7\",\"url\":\"https:\\\/\\\/secure.gravatar.com\\\/avatar\\\/5ebf1554473077ab88cd1ec3372750991c09302ef58500182e331751d1f3473b?s=96&d=identicon&r=g\",\"contentUrl\":\"https:\\\/\\\/secure.gravatar.com\\\/avatar\\\/5ebf1554473077ab88cd1ec3372750991c09302ef58500182e331751d1f3473b?s=96&d=identicon&r=g\",\"caption\":\"cdnolympicteam\"},\"url\":\"https:\\\/\\\/preprod.olympic.ca\\\/olympique\\\/author\\\/cdnolympicteam\\\/\"}]}<\/script>\n<!-- \/ Yoast SEO plugin. -->","yoast_head_json":{"title":"Elle m\u00e8ne humblement le Canada vers les plus hauts sommets en nage synchronis\u00e9e  - \u00c9quipe Canada | Site officiel de l&#039;\u00e9quipe olympique","robots":{"index":"index","follow":"follow","max-snippet":"max-snippet:-1","max-image-preview":"max-image-preview:large","max-video-preview":"max-video-preview:-1"},"canonical":"https:\/\/preprod.olympic.ca\/olympique\/2010\/12\/31\/elle-mene-humblement-le-canada-vers-les-plus-hauts-sommets-en-nage-synchronisee\/","og_locale":"fr_FR","og_type":"article","og_title":"Elle m\u00e8ne humblement le Canada vers les plus hauts sommets en nage synchronis\u00e9e  - \u00c9quipe Canada | Site officiel de l&#039;\u00e9quipe olympique","og_description":"L\u2019excellente ann\u00e9e de Marie-Pier Boudreau-Gagnon L\u2019\u00e9quipe canadienne de nage synchronis\u00e9e se dirige \u00e0 nouveau vers les sommets. On en a...","og_url":"https:\/\/preprod.olympic.ca\/olympique\/2010\/12\/31\/elle-mene-humblement-le-canada-vers-les-plus-hauts-sommets-en-nage-synchronisee\/","og_site_name":"\u00c9quipe Canada | Site officiel de l&#039;\u00e9quipe olympique","article_published_time":"2010-12-31T22:13:07+00:00","article_modified_time":"2013-08-01T01:11:42+00:00","og_image":[{"width":594,"height":396,"url":"https:\/\/preprod.olympic.ca\/olympique\/wp-content\/uploads\/sites\/2\/2011\/09\/boudreau6.jpg?quality=100","type":"image\/jpeg"}],"author":"Comit\u00e9 olympique canadien","twitter_card":"summary_large_image","twitter_misc":{"Written by":"Comit\u00e9 olympique canadien","Est. reading time":"4 minutes"},"schema":{"@context":"https:\/\/schema.org","@graph":[{"@type":"Article","@id":"https:\/\/preprod.olympic.ca\/olympique\/2010\/12\/31\/elle-mene-humblement-le-canada-vers-les-plus-hauts-sommets-en-nage-synchronisee\/#article","isPartOf":{"@id":"https:\/\/preprod.olympic.ca\/olympique\/2010\/12\/31\/elle-mene-humblement-le-canada-vers-les-plus-hauts-sommets-en-nage-synchronisee\/"},"author":{"name":"cdnolympicteam","@id":"https:\/\/preprod.olympic.ca\/olympique\/#\/schema\/person\/08d84fd062bf1b56ffb3808cb69aee9c"},"headline":"Elle m\u00e8ne humblement le Canada vers les plus hauts sommets en nage synchronis\u00e9e","datePublished":"2010-12-31T22:13:07+00:00","dateModified":"2013-08-01T01:11:42+00:00","mainEntityOfPage":{"@id":"https:\/\/preprod.olympic.ca\/olympique\/2010\/12\/31\/elle-mene-humblement-le-canada-vers-les-plus-hauts-sommets-en-nage-synchronisee\/"},"wordCount":828,"commentCount":0,"image":{"@id":"https:\/\/preprod.olympic.ca\/olympique\/2010\/12\/31\/elle-mene-humblement-le-canada-vers-les-plus-hauts-sommets-en-nage-synchronisee\/#primaryimage"},"thumbnailUrl":"https:\/\/preprod.olympic.ca\/olympique\/wp-content\/uploads\/sites\/2\/2011\/09\/boudreau6.jpg?quality=100","articleSection":["Uncategorized @fr"],"inLanguage":"fr-FR","potentialAction":[{"@type":"CommentAction","name":"Comment","target":["https:\/\/preprod.olympic.ca\/olympique\/2010\/12\/31\/elle-mene-humblement-le-canada-vers-les-plus-hauts-sommets-en-nage-synchronisee\/#respond"]}]},{"@type":"WebPage","@id":"https:\/\/preprod.olympic.ca\/olympique\/2010\/12\/31\/elle-mene-humblement-le-canada-vers-les-plus-hauts-sommets-en-nage-synchronisee\/","url":"https:\/\/preprod.olympic.ca\/olympique\/2010\/12\/31\/elle-mene-humblement-le-canada-vers-les-plus-hauts-sommets-en-nage-synchronisee\/","name":"Elle m\u00e8ne humblement le Canada vers les plus hauts sommets en nage synchronis\u00e9e - \u00c9quipe Canada | Site officiel de l&#039;\u00e9quipe olympique","isPartOf":{"@id":"https:\/\/preprod.olympic.ca\/olympique\/#website"},"primaryImageOfPage":{"@id":"https:\/\/preprod.olympic.ca\/olympique\/2010\/12\/31\/elle-mene-humblement-le-canada-vers-les-plus-hauts-sommets-en-nage-synchronisee\/#primaryimage"},"image":{"@id":"https:\/\/preprod.olympic.ca\/olympique\/2010\/12\/31\/elle-mene-humblement-le-canada-vers-les-plus-hauts-sommets-en-nage-synchronisee\/#primaryimage"},"thumbnailUrl":"https:\/\/preprod.olympic.ca\/olympique\/wp-content\/uploads\/sites\/2\/2011\/09\/boudreau6.jpg?quality=100","datePublished":"2010-12-31T22:13:07+00:00","dateModified":"2013-08-01T01:11:42+00:00","author":{"@id":"https:\/\/preprod.olympic.ca\/olympique\/#\/schema\/person\/08d84fd062bf1b56ffb3808cb69aee9c"},"inLanguage":"fr-FR","potentialAction":[{"@type":"ReadAction","target":["https:\/\/preprod.olympic.ca\/olympique\/2010\/12\/31\/elle-mene-humblement-le-canada-vers-les-plus-hauts-sommets-en-nage-synchronisee\/"]}]},{"@type":"ImageObject","inLanguage":"fr-FR","@id":"https:\/\/preprod.olympic.ca\/olympique\/2010\/12\/31\/elle-mene-humblement-le-canada-vers-les-plus-hauts-sommets-en-nage-synchronisee\/#primaryimage","url":"https:\/\/preprod.olympic.ca\/olympique\/wp-content\/uploads\/sites\/2\/2011\/09\/boudreau6.jpg?quality=100","contentUrl":"https:\/\/preprod.olympic.ca\/olympique\/wp-content\/uploads\/sites\/2\/2011\/09\/boudreau6.jpg?quality=100","width":594,"height":396},{"@type":"WebSite","@id":"https:\/\/preprod.olympic.ca\/olympique\/#website","url":"https:\/\/preprod.olympic.ca\/olympique\/","name":"\u00c9quipe Canada | Site officiel de l&#039;\u00e9quipe olympique","description":"Votre source pour l\u2019\u00c9quipe olympique canadienne. Retrouvez les r\u00e9cits, vid\u00e9os et photos des athl\u00e8tes canadiens, sports olympiques, Jeux olympiques de 2020 et bien plus!","potentialAction":[{"@type":"SearchAction","target":{"@type":"EntryPoint","urlTemplate":"https:\/\/preprod.olympic.ca\/olympique\/?s={search_term_string}"},"query-input":{"@type":"PropertyValueSpecification","valueRequired":true,"valueName":"search_term_string"}}],"inLanguage":"fr-FR"},{"@type":"Person","@id":"https:\/\/preprod.olympic.ca\/olympique\/#\/schema\/person\/08d84fd062bf1b56ffb3808cb69aee9c","name":"cdnolympicteam","image":{"@type":"ImageObject","inLanguage":"fr-FR","@id":"https:\/\/secure.gravatar.com\/avatar\/5ebf1554473077ab88cd1ec3372750991c09302ef58500182e331751d1f3473b?s=96&d=identicon&r=g7289394c1202ef020fcd9aad965e50f7","url":"https:\/\/secure.gravatar.com\/avatar\/5ebf1554473077ab88cd1ec3372750991c09302ef58500182e331751d1f3473b?s=96&d=identicon&r=g","contentUrl":"https:\/\/secure.gravatar.com\/avatar\/5ebf1554473077ab88cd1ec3372750991c09302ef58500182e331751d1f3473b?s=96&d=identicon&r=g","caption":"cdnolympicteam"},"url":"https:\/\/preprod.olympic.ca\/olympique\/author\/cdnolympicteam\/"}]}},"jetpack_featured_media_url":"https:\/\/preprod.olympic.ca\/olympique\/wp-content\/uploads\/sites\/2\/2011\/09\/boudreau6.jpg?quality=100","featured_image_url":"https:\/\/preprod.olympic.ca\/olympique\/wp-content\/uploads\/sites\/2\/2011\/09\/boudreau6.jpg?quality=100","author_name":["Comit\u00e9 olympique canadien"],"category_names":["Uncategorized @fr"],"tag_names":[],"video_embed_code":"","facebook_video_embed_code":"","jetpack_sharing_enabled":true,"jetpack-related-posts":[],"jetpack_shortlink":"https:\/\/wp.me\/pcGHcP-37M","_links":{"self":[{"href":"https:\/\/preprod.olympic.ca\/olympique\/wp-json\/wp\/v2\/posts\/12014","targetHints":{"allow":["GET"]}}],"collection":[{"href":"https:\/\/preprod.olympic.ca\/olympique\/wp-json\/wp\/v2\/posts"}],"about":[{"href":"https:\/\/preprod.olympic.ca\/olympique\/wp-json\/wp\/v2\/types\/post"}],"author":[{"embeddable":true,"href":"https:\/\/preprod.olympic.ca\/olympique\/wp-json\/wp\/v2\/users\/47562643"}],"replies":[{"embeddable":true,"href":"https:\/\/preprod.olympic.ca\/olympique\/wp-json\/wp\/v2\/comments?post=12014"}],"version-history":[{"count":1,"href":"https:\/\/preprod.olympic.ca\/olympique\/wp-json\/wp\/v2\/posts\/12014\/revisions"}],"predecessor-version":[{"id":83027,"href":"https:\/\/preprod.olympic.ca\/olympique\/wp-json\/wp\/v2\/posts\/12014\/revisions\/83027"}],"wp:featuredmedia":[{"embeddable":true,"href":"https:\/\/preprod.olympic.ca\/olympique\/wp-json\/wp\/v2\/media\/12010"}],"wp:attachment":[{"href":"https:\/\/preprod.olympic.ca\/olympique\/wp-json\/wp\/v2\/media?parent=12014"}],"wp:term":[{"taxonomy":"category","embeddable":true,"href":"https:\/\/preprod.olympic.ca\/olympique\/wp-json\/wp\/v2\/categories?post=12014"},{"taxonomy":"post_tag","embeddable":true,"href":"https:\/\/preprod.olympic.ca\/olympique\/wp-json\/wp\/v2\/tags?post=12014"},{"taxonomy":"post_format","embeddable":true,"href":"https:\/\/preprod.olympic.ca\/olympique\/wp-json\/wp\/v2\/post_format?post=12014"},{"taxonomy":"sport","embeddable":true,"href":"https:\/\/preprod.olympic.ca\/olympique\/wp-json\/wp\/v2\/sport?post=12014"},{"taxonomy":"game","embeddable":true,"href":"https:\/\/preprod.olympic.ca\/olympique\/wp-json\/wp\/v2\/game?post=12014"},{"taxonomy":"author","embeddable":true,"href":"https:\/\/preprod.olympic.ca\/olympique\/wp-json\/wp\/v2\/coauthors?post=12014"}],"curies":[{"name":"wp","href":"https:\/\/api.w.org\/{rel}","templated":true}]}}