{"id":12022,"date":"2010-12-31T17:15:16","date_gmt":"2010-12-31T22:15:16","guid":{"rendered":"http:\/\/preprod.olympic.ca\/?p=12022"},"modified":"2013-08-01T01:11:43","modified_gmt":"2013-08-01T01:11:43","slug":"bonne-annee","status":"publish","type":"post","link":"https:\/\/preprod.olympic.ca\/olympique\/2010\/12\/31\/bonne-annee\/","title":{"rendered":"Bonne Ann\u00e9e!"},"content":{"rendered":"<p>Un excellent chapitre de l\u2019histoire du sport canadien se ferme ce soir alors que le rideau tombe sur l\u2019ann\u00e9e 2010 et s\u2019ouvre sur 2011. L\u2019\u00c9quipe olympique canadienne souhaite \u00e0 tout un chacun une bonne et heureuse ann\u00e9e alors que nous disons adieu aux Jeux olympiques d\u2019hiver de Vancouver et accueillons les grands moments \u00e0 venir en 2011.<\/p>\n<p>Ils comprennent les Jeux panam\u00e9ricains de 2011 \u00e0 Guadalajara, un grand nombre de Championnats du monde, d\u2019importantes avanc\u00e9es vers Londres 2012, et bien s\u00fbr plusieurs semaines du mois de f\u00e9vrier consacr\u00e9es \u00e0 l\u2019anniversaire  de tous les merveilleux moments v\u00e9cus \u00e0 Vancouver et \u00e0 Whistler, cette ann\u00e9e.<\/p>\n<p>\u00c0 l\u2019ann\u00e9e prochaine!<\/p>\n","protected":false},"excerpt":{"rendered":"<p>Un excellent chapitre de l\u2019histoire du sport canadien se ferme ce soir alors que le rideau tombe sur l\u2019ann\u00e9e 2010&#8230;<\/p>\n","protected":false},"author":47562643,"featured_media":12019,"comment_status":"open","ping_status":"open","sticky":false,"template":"","format":"standard","meta":{"_acf_changed":false,"_jetpack_memberships_contains_paid_content":false,"footnotes":""},"categories":[707890],"tags":[],"post_format":"standard","sport":[],"game":[],"coauthors":[186127234],"class_list":["post-12022","post","type-post","status-publish","format-standard","has-post-thumbnail","hentry","category-comite"],"acf":[],"yoast_head":"<!-- This site is optimized with the Yoast SEO plugin v27.3 - https:\/\/yoast.com\/product\/yoast-seo-wordpress\/ -->\n<title>Bonne Ann\u00e9e! - \u00c9quipe Canada | Site officiel de l&#039;\u00e9quipe olympique<\/title>\n<meta name=\"robots\" content=\"index, follow, max-snippet:-1, max-image-preview:large, max-video-preview:-1\" \/>\n<link rel=\"canonical\" href=\"https:\/\/preprod.olympic.ca\/olympique\/2010\/12\/31\/bonne-annee\/\" \/>\n<meta property=\"og:locale\" content=\"fr_FR\" \/>\n<meta property=\"og:type\" content=\"article\" \/>\n<meta property=\"og:title\" content=\"Bonne Ann\u00e9e! - \u00c9quipe Canada | Site officiel de l&#039;\u00e9quipe olympique\" \/>\n<meta property=\"og:description\" content=\"Un excellent chapitre de l\u2019histoire du sport canadien se ferme ce soir alors que le rideau tombe sur l\u2019ann\u00e9e 2010...\" \/>\n<meta property=\"og:url\" content=\"https:\/\/preprod.olympic.ca\/olympique\/2010\/12\/31\/bonne-annee\/\" \/>\n<meta property=\"og:site_name\" content=\"\u00c9quipe Canada | Site officiel de l&#039;\u00e9quipe olympique\" \/>\n<meta property=\"article:published_time\" content=\"2010-12-31T22:15:16+00:00\" \/>\n<meta property=\"article:modified_time\" content=\"2013-08-01T01:11:43+00:00\" \/>\n<meta property=\"og:image\" content=\"https:\/\/preprod.olympic.ca\/olympique\/wp-content\/uploads\/sites\/2\/2011\/09\/fireworks5.jpg?quality=100\" \/>\n\t<meta property=\"og:image:width\" content=\"2000\" \/>\n\t<meta property=\"og:image:height\" content=\"1447\" \/>\n\t<meta property=\"og:image:type\" content=\"image\/jpeg\" \/>\n<meta name=\"author\" content=\"Comit\u00e9 olympique canadien\" \/>\n<meta name=\"twitter:card\" content=\"summary_large_image\" \/>\n<meta name=\"twitter:label1\" content=\"Written by\" \/>\n\t<meta name=\"twitter:data1\" content=\"Comit\u00e9 olympique canadien\" \/>\n\t<meta name=\"twitter:label2\" content=\"Est. reading time\" \/>\n\t<meta name=\"twitter:data2\" content=\"1 minute\" \/>\n<script type=\"application\/ld+json\" class=\"yoast-schema-graph\">{\"@context\":\"https:\\\/\\\/schema.org\",\"@graph\":[{\"@type\":\"Article\",\"@id\":\"https:\\\/\\\/preprod.olympic.ca\\\/olympique\\\/2010\\\/12\\\/31\\\/bonne-annee\\\/#article\",\"isPartOf\":{\"@id\":\"https:\\\/\\\/preprod.olympic.ca\\\/olympique\\\/2010\\\/12\\\/31\\\/bonne-annee\\\/\"},\"author\":{\"name\":\"cdnolympicteam\",\"@id\":\"https:\\\/\\\/preprod.olympic.ca\\\/olympique\\\/#\\\/schema\\\/person\\\/08d84fd062bf1b56ffb3808cb69aee9c\"},\"headline\":\"Bonne Ann\u00e9e!\",\"datePublished\":\"2010-12-31T22:15:16+00:00\",\"dateModified\":\"2013-08-01T01:11:43+00:00\",\"mainEntityOfPage\":{\"@id\":\"https:\\\/\\\/preprod.olympic.ca\\\/olympique\\\/2010\\\/12\\\/31\\\/bonne-annee\\\/\"},\"wordCount\":115,\"commentCount\":0,\"image\":{\"@id\":\"https:\\\/\\\/preprod.olympic.ca\\\/olympique\\\/2010\\\/12\\\/31\\\/bonne-annee\\\/#primaryimage\"},\"thumbnailUrl\":\"https:\\\/\\\/preprod.olympic.ca\\\/olympique\\\/wp-content\\\/uploads\\\/sites\\\/2\\\/2011\\\/09\\\/fireworks5.jpg?quality=100\",\"articleSection\":[\"Derni\u00e8res nouvelles\"],\"inLanguage\":\"fr-FR\",\"potentialAction\":[{\"@type\":\"CommentAction\",\"name\":\"Comment\",\"target\":[\"https:\\\/\\\/preprod.olympic.ca\\\/olympique\\\/2010\\\/12\\\/31\\\/bonne-annee\\\/#respond\"]}]},{\"@type\":\"WebPage\",\"@id\":\"https:\\\/\\\/preprod.olympic.ca\\\/olympique\\\/2010\\\/12\\\/31\\\/bonne-annee\\\/\",\"url\":\"https:\\\/\\\/preprod.olympic.ca\\\/olympique\\\/2010\\\/12\\\/31\\\/bonne-annee\\\/\",\"name\":\"Bonne Ann\u00e9e! - \u00c9quipe Canada | Site officiel de l&#039;\u00e9quipe olympique\",\"isPartOf\":{\"@id\":\"https:\\\/\\\/preprod.olympic.ca\\\/olympique\\\/#website\"},\"primaryImageOfPage\":{\"@id\":\"https:\\\/\\\/preprod.olympic.ca\\\/olympique\\\/2010\\\/12\\\/31\\\/bonne-annee\\\/#primaryimage\"},\"image\":{\"@id\":\"https:\\\/\\\/preprod.olympic.ca\\\/olympique\\\/2010\\\/12\\\/31\\\/bonne-annee\\\/#primaryimage\"},\"thumbnailUrl\":\"https:\\\/\\\/preprod.olympic.ca\\\/olympique\\\/wp-content\\\/uploads\\\/sites\\\/2\\\/2011\\\/09\\\/fireworks5.jpg?quality=100\",\"datePublished\":\"2010-12-31T22:15:16+00:00\",\"dateModified\":\"2013-08-01T01:11:43+00:00\",\"author\":{\"@id\":\"https:\\\/\\\/preprod.olympic.ca\\\/olympique\\\/#\\\/schema\\\/person\\\/08d84fd062bf1b56ffb3808cb69aee9c\"},\"inLanguage\":\"fr-FR\",\"potentialAction\":[{\"@type\":\"ReadAction\",\"target\":[\"https:\\\/\\\/preprod.olympic.ca\\\/olympique\\\/2010\\\/12\\\/31\\\/bonne-annee\\\/\"]}]},{\"@type\":\"ImageObject\",\"inLanguage\":\"fr-FR\",\"@id\":\"https:\\\/\\\/preprod.olympic.ca\\\/olympique\\\/2010\\\/12\\\/31\\\/bonne-annee\\\/#primaryimage\",\"url\":\"https:\\\/\\\/preprod.olympic.ca\\\/olympique\\\/wp-content\\\/uploads\\\/sites\\\/2\\\/2011\\\/09\\\/fireworks5.jpg?quality=100\",\"contentUrl\":\"https:\\\/\\\/preprod.olympic.ca\\\/olympique\\\/wp-content\\\/uploads\\\/sites\\\/2\\\/2011\\\/09\\\/fireworks5.jpg?quality=100\",\"width\":2000,\"height\":1447},{\"@type\":\"WebSite\",\"@id\":\"https:\\\/\\\/preprod.olympic.ca\\\/olympique\\\/#website\",\"url\":\"https:\\\/\\\/preprod.olympic.ca\\\/olympique\\\/\",\"name\":\"\u00c9quipe Canada | Site officiel de l&#039;\u00e9quipe olympique\",\"description\":\"Votre source pour l\u2019\u00c9quipe olympique canadienne. Retrouvez les r\u00e9cits, vid\u00e9os et photos des athl\u00e8tes canadiens, sports olympiques, Jeux olympiques de 2020 et bien plus!\",\"potentialAction\":[{\"@type\":\"SearchAction\",\"target\":{\"@type\":\"EntryPoint\",\"urlTemplate\":\"https:\\\/\\\/preprod.olympic.ca\\\/olympique\\\/?s={search_term_string}\"},\"query-input\":{\"@type\":\"PropertyValueSpecification\",\"valueRequired\":true,\"valueName\":\"search_term_string\"}}],\"inLanguage\":\"fr-FR\"},{\"@type\":\"Person\",\"@id\":\"https:\\\/\\\/preprod.olympic.ca\\\/olympique\\\/#\\\/schema\\\/person\\\/08d84fd062bf1b56ffb3808cb69aee9c\",\"name\":\"cdnolympicteam\",\"image\":{\"@type\":\"ImageObject\",\"inLanguage\":\"fr-FR\",\"@id\":\"https:\\\/\\\/secure.gravatar.com\\\/avatar\\\/5ebf1554473077ab88cd1ec3372750991c09302ef58500182e331751d1f3473b?s=96&d=identicon&r=g7289394c1202ef020fcd9aad965e50f7\",\"url\":\"https:\\\/\\\/secure.gravatar.com\\\/avatar\\\/5ebf1554473077ab88cd1ec3372750991c09302ef58500182e331751d1f3473b?s=96&d=identicon&r=g\",\"contentUrl\":\"https:\\\/\\\/secure.gravatar.com\\\/avatar\\\/5ebf1554473077ab88cd1ec3372750991c09302ef58500182e331751d1f3473b?s=96&d=identicon&r=g\",\"caption\":\"cdnolympicteam\"},\"url\":\"https:\\\/\\\/preprod.olympic.ca\\\/olympique\\\/author\\\/cdnolympicteam\\\/\"}]}<\/script>\n<!-- \/ Yoast SEO plugin. -->","yoast_head_json":{"title":"Bonne Ann\u00e9e! - \u00c9quipe Canada | Site officiel de l&#039;\u00e9quipe olympique","robots":{"index":"index","follow":"follow","max-snippet":"max-snippet:-1","max-image-preview":"max-image-preview:large","max-video-preview":"max-video-preview:-1"},"canonical":"https:\/\/preprod.olympic.ca\/olympique\/2010\/12\/31\/bonne-annee\/","og_locale":"fr_FR","og_type":"article","og_title":"Bonne Ann\u00e9e! - \u00c9quipe Canada | Site officiel de l&#039;\u00e9quipe olympique","og_description":"Un excellent chapitre de l\u2019histoire du sport canadien se ferme ce soir alors que le rideau tombe sur l\u2019ann\u00e9e 2010...","og_url":"https:\/\/preprod.olympic.ca\/olympique\/2010\/12\/31\/bonne-annee\/","og_site_name":"\u00c9quipe Canada | Site officiel de l&#039;\u00e9quipe olympique","article_published_time":"2010-12-31T22:15:16+00:00","article_modified_time":"2013-08-01T01:11:43+00:00","og_image":[{"width":2000,"height":1447,"url":"https:\/\/preprod.olympic.ca\/olympique\/wp-content\/uploads\/sites\/2\/2011\/09\/fireworks5.jpg?quality=100","type":"image\/jpeg"}],"author":"Comit\u00e9 olympique canadien","twitter_card":"summary_large_image","twitter_misc":{"Written by":"Comit\u00e9 olympique canadien","Est. reading time":"1 minute"},"schema":{"@context":"https:\/\/schema.org","@graph":[{"@type":"Article","@id":"https:\/\/preprod.olympic.ca\/olympique\/2010\/12\/31\/bonne-annee\/#article","isPartOf":{"@id":"https:\/\/preprod.olympic.ca\/olympique\/2010\/12\/31\/bonne-annee\/"},"author":{"name":"cdnolympicteam","@id":"https:\/\/preprod.olympic.ca\/olympique\/#\/schema\/person\/08d84fd062bf1b56ffb3808cb69aee9c"},"headline":"Bonne Ann\u00e9e!","datePublished":"2010-12-31T22:15:16+00:00","dateModified":"2013-08-01T01:11:43+00:00","mainEntityOfPage":{"@id":"https:\/\/preprod.olympic.ca\/olympique\/2010\/12\/31\/bonne-annee\/"},"wordCount":115,"commentCount":0,"image":{"@id":"https:\/\/preprod.olympic.ca\/olympique\/2010\/12\/31\/bonne-annee\/#primaryimage"},"thumbnailUrl":"https:\/\/preprod.olympic.ca\/olympique\/wp-content\/uploads\/sites\/2\/2011\/09\/fireworks5.jpg?quality=100","articleSection":["Derni\u00e8res nouvelles"],"inLanguage":"fr-FR","potentialAction":[{"@type":"CommentAction","name":"Comment","target":["https:\/\/preprod.olympic.ca\/olympique\/2010\/12\/31\/bonne-annee\/#respond"]}]},{"@type":"WebPage","@id":"https:\/\/preprod.olympic.ca\/olympique\/2010\/12\/31\/bonne-annee\/","url":"https:\/\/preprod.olympic.ca\/olympique\/2010\/12\/31\/bonne-annee\/","name":"Bonne Ann\u00e9e! - \u00c9quipe Canada | Site officiel de l&#039;\u00e9quipe olympique","isPartOf":{"@id":"https:\/\/preprod.olympic.ca\/olympique\/#website"},"primaryImageOfPage":{"@id":"https:\/\/preprod.olympic.ca\/olympique\/2010\/12\/31\/bonne-annee\/#primaryimage"},"image":{"@id":"https:\/\/preprod.olympic.ca\/olympique\/2010\/12\/31\/bonne-annee\/#primaryimage"},"thumbnailUrl":"https:\/\/preprod.olympic.ca\/olympique\/wp-content\/uploads\/sites\/2\/2011\/09\/fireworks5.jpg?quality=100","datePublished":"2010-12-31T22:15:16+00:00","dateModified":"2013-08-01T01:11:43+00:00","author":{"@id":"https:\/\/preprod.olympic.ca\/olympique\/#\/schema\/person\/08d84fd062bf1b56ffb3808cb69aee9c"},"inLanguage":"fr-FR","potentialAction":[{"@type":"ReadAction","target":["https:\/\/preprod.olympic.ca\/olympique\/2010\/12\/31\/bonne-annee\/"]}]},{"@type":"ImageObject","inLanguage":"fr-FR","@id":"https:\/\/preprod.olympic.ca\/olympique\/2010\/12\/31\/bonne-annee\/#primaryimage","url":"https:\/\/preprod.olympic.ca\/olympique\/wp-content\/uploads\/sites\/2\/2011\/09\/fireworks5.jpg?quality=100","contentUrl":"https:\/\/preprod.olympic.ca\/olympique\/wp-content\/uploads\/sites\/2\/2011\/09\/fireworks5.jpg?quality=100","width":2000,"height":1447},{"@type":"WebSite","@id":"https:\/\/preprod.olympic.ca\/olympique\/#website","url":"https:\/\/preprod.olympic.ca\/olympique\/","name":"\u00c9quipe Canada | Site officiel de l&#039;\u00e9quipe olympique","description":"Votre source pour l\u2019\u00c9quipe olympique canadienne. Retrouvez les r\u00e9cits, vid\u00e9os et photos des athl\u00e8tes canadiens, sports olympiques, Jeux olympiques de 2020 et bien plus!","potentialAction":[{"@type":"SearchAction","target":{"@type":"EntryPoint","urlTemplate":"https:\/\/preprod.olympic.ca\/olympique\/?s={search_term_string}"},"query-input":{"@type":"PropertyValueSpecification","valueRequired":true,"valueName":"search_term_string"}}],"inLanguage":"fr-FR"},{"@type":"Person","@id":"https:\/\/preprod.olympic.ca\/olympique\/#\/schema\/person\/08d84fd062bf1b56ffb3808cb69aee9c","name":"cdnolympicteam","image":{"@type":"ImageObject","inLanguage":"fr-FR","@id":"https:\/\/secure.gravatar.com\/avatar\/5ebf1554473077ab88cd1ec3372750991c09302ef58500182e331751d1f3473b?s=96&d=identicon&r=g7289394c1202ef020fcd9aad965e50f7","url":"https:\/\/secure.gravatar.com\/avatar\/5ebf1554473077ab88cd1ec3372750991c09302ef58500182e331751d1f3473b?s=96&d=identicon&r=g","contentUrl":"https:\/\/secure.gravatar.com\/avatar\/5ebf1554473077ab88cd1ec3372750991c09302ef58500182e331751d1f3473b?s=96&d=identicon&r=g","caption":"cdnolympicteam"},"url":"https:\/\/preprod.olympic.ca\/olympique\/author\/cdnolympicteam\/"}]}},"jetpack_featured_media_url":"https:\/\/preprod.olympic.ca\/olympique\/wp-content\/uploads\/sites\/2\/2011\/09\/fireworks5.jpg?quality=100","featured_image_url":"https:\/\/preprod.olympic.ca\/olympique\/wp-content\/uploads\/sites\/2\/2011\/09\/fireworks5.jpg?quality=100","author_name":["Comit\u00e9 olympique canadien"],"category_names":["Derni\u00e8res nouvelles"],"tag_names":[],"video_embed_code":"","facebook_video_embed_code":"","jetpack_sharing_enabled":true,"jetpack-related-posts":[],"jetpack_shortlink":"https:\/\/wp.me\/pcGHcP-37U","_links":{"self":[{"href":"https:\/\/preprod.olympic.ca\/olympique\/wp-json\/wp\/v2\/posts\/12022","targetHints":{"allow":["GET"]}}],"collection":[{"href":"https:\/\/preprod.olympic.ca\/olympique\/wp-json\/wp\/v2\/posts"}],"about":[{"href":"https:\/\/preprod.olympic.ca\/olympique\/wp-json\/wp\/v2\/types\/post"}],"author":[{"embeddable":true,"href":"https:\/\/preprod.olympic.ca\/olympique\/wp-json\/wp\/v2\/users\/47562643"}],"replies":[{"embeddable":true,"href":"https:\/\/preprod.olympic.ca\/olympique\/wp-json\/wp\/v2\/comments?post=12022"}],"version-history":[{"count":1,"href":"https:\/\/preprod.olympic.ca\/olympique\/wp-json\/wp\/v2\/posts\/12022\/revisions"}],"predecessor-version":[{"id":83028,"href":"https:\/\/preprod.olympic.ca\/olympique\/wp-json\/wp\/v2\/posts\/12022\/revisions\/83028"}],"wp:featuredmedia":[{"embeddable":true,"href":"https:\/\/preprod.olympic.ca\/olympique\/wp-json\/wp\/v2\/media\/12019"}],"wp:attachment":[{"href":"https:\/\/preprod.olympic.ca\/olympique\/wp-json\/wp\/v2\/media?parent=12022"}],"wp:term":[{"taxonomy":"category","embeddable":true,"href":"https:\/\/preprod.olympic.ca\/olympique\/wp-json\/wp\/v2\/categories?post=12022"},{"taxonomy":"post_tag","embeddable":true,"href":"https:\/\/preprod.olympic.ca\/olympique\/wp-json\/wp\/v2\/tags?post=12022"},{"taxonomy":"post_format","embeddable":true,"href":"https:\/\/preprod.olympic.ca\/olympique\/wp-json\/wp\/v2\/post_format?post=12022"},{"taxonomy":"sport","embeddable":true,"href":"https:\/\/preprod.olympic.ca\/olympique\/wp-json\/wp\/v2\/sport?post=12022"},{"taxonomy":"game","embeddable":true,"href":"https:\/\/preprod.olympic.ca\/olympique\/wp-json\/wp\/v2\/game?post=12022"},{"taxonomy":"author","embeddable":true,"href":"https:\/\/preprod.olympic.ca\/olympique\/wp-json\/wp\/v2\/coauthors?post=12022"}],"curies":[{"name":"wp","href":"https:\/\/api.w.org\/{rel}","templated":true}]}}