{"id":120551,"date":"2016-08-07T09:13:01","date_gmt":"2016-08-07T13:13:01","guid":{"rendered":"http:\/\/olympique.ca\/?p=120551"},"modified":"2016-08-13T14:22:03","modified_gmt":"2016-08-13T18:22:03","slug":"rio-2016-apercu-jour-2","status":"publish","type":"post","link":"https:\/\/preprod.olympic.ca\/olympique\/2016\/08\/07\/rio-2016-apercu-jour-2\/","title":{"rendered":"Rio 2016 : Horaire du Jour 2"},"content":{"rendered":"<h1 style=\"text-align:center;\">Les Canadiens en action au Jour 2\u00a0des Jeux olympiques de Rio<\/h1>\n<p style=\"text-align:center;\"><a href=\"https:\/\/www.rio2016.com\/fr\">Horaire complet<\/a> |\u00a0<a href=\"http:\/\/olympique.ca\/club-olympique\/\">Joignez le<\/a><a href=\"http:\/\/olympique.ca\/club-olympique\/\"> Clu<\/a><a href=\"http:\/\/olympique.ca\/club-olympique\/\">b<\/a><a href=\"http:\/\/olympique.ca\/club-olympique\/\"> olympique<\/a>\u00a0 | <a href=\"http:\/\/olympique.ca\/2016\/05\/24\/liste-des-athletes-qualifies-pour-rio-2016\/\">\u00c9quipe Canada<\/a><\/p>\n<h2>Aviron<\/h2>\n<h3>Femmes<\/h3>\n<ul>\n<li>Deux de pointe\u00a0\u2013 premi\u00e8re\u00a0vague, 9h10 (HE). Diffus\u00e9 \u00e0 la SRC.<\/li>\n<li>Deux de couple poids l\u00e9ger &#8211; quatri\u00e8me vague, 10h10 (HE).\u00a0Diffus\u00e9 \u00e0 la SRC.<\/li>\n<\/ul>\n<h3>Hommes<\/h3>\n<ul>\n<li>Quatre de pointe \u2013\u00a0deuxi\u00e8me<sup>\u00a0\u00a0<\/sup>vague, 11h10\u00a0(HE).\u00a0Diffus\u00e9 \u00e0 la SRC.<\/li>\n<li>Quatre de point poids l\u00e9ger \u2013 ronde de rep\u00eachage 9h\u00a0(HE).\u00a0Diffus\u00e9 \u00e0 la SRC.<\/li>\n<\/ul>\n<h2>Cyclisme<\/h2>\n<ul>\n<li>Course sur route \u2013 <a href=\"http:\/\/olympique.ca\/team-canada\/karol-ann-canuel\/\">Karol-Ann Canuel<\/a>, <a href=\"http:\/\/olympique.ca\/team-canada\/leah-kirchmann\/\">Leah Kirchmann<\/a>, <a href=\"http:\/\/olympique.ca\/team-canada\/tara-whitten\/\">Tara Whitten<\/a>, finale \u00e0 11h15 (HE).\u00a0Diffus\u00e9 sur RDS2.<\/li>\n<\/ul>\n<h2 class=\"r\">Cano\u00eb-kayak<\/h2>\n<h3>Hommes<\/h3>\n<ul>\n<li>Slalom C1 &#8211; Cameron Smedley, 11h30 (HE) (course 1) et 13h30 (HE) (course 2).\u00a0Diffus\u00e9 \u00e0 la SRC.<\/li>\n<li>Slalom K1 &#8211; <a href=\"http:\/\/olympique.ca\/team-canada\/michael-tayler\/\">Michael Tayler<\/a>, 12h20 (HE) (course 1) et 14h20 (HE) (course 2).\u00a0Diffus\u00e9 \u00e0 la SRC.<\/li>\n<\/ul>\n<h2>Escrime<\/h2>\n<h3>Hommes<\/h3>\n<ul>\n<li>Fleuret individuel &#8211; <a href=\"http:\/\/olympique.ca\/team-canada\/maximilien-van-haaster\/\">Maximilien Van Haaster<\/a>, 8h (HE). Finale \u00e0 16h45 (HE).\u00a0Diffus\u00e9 \u00e0 la SRC.<\/li>\n<\/ul>\n<h2>Gymnastique artistique<\/h2>\n<h3>Femmes<\/h3>\n<ul>\n<li>Concours multiple par \u00e9quipes et individuel\u00a0(sol, table de saut, poutre et barres asym\u00e9triques) &#8211; <a href=\"http:\/\/olympique.ca\/team-canada\/rose-kaying-woo\/\">Rose Woo<\/a>, <a href=\"http:\/\/olympique.ca\/team-canada\/ellie-black\/\">Ellie Black<\/a>, <a href=\"http:\/\/olympique.ca\/team-canada\/isabela-onyshko\/\">Isabela Onyshko<\/a>, <a href=\"http:\/\/olympique.ca\/team-canada\/brittany-rogers\/\">Brittany Rogers<\/a>, <a href=\"http:\/\/olympique.ca\/team-canada\/shallon-olsen\/\">Shallon Olsen<\/a>, 19h30 (HE).\u00a0Diffus\u00e9 \u00e0 la SRC.<\/li>\n<\/ul>\n<h2>Judo<\/h2>\n<h3>Hommes<\/h3>\n<ul>\n<li>66\u00a0kg \u2013\u00a0<a href=\"http:\/\/olympique.ca\/team-canada\/antoine-bouchard\/\">Antoine Bouchard<\/a>, tournoi \u00e0 la ronde d\u00e8s 9h (HE).\u00a0Diffus\u00e9 \u00e0 la SRC.<\/li>\n<\/ul>\n<h3>Femmes<\/h3>\n<ul>\n<li>52 Kg &#8211; <a href=\"http:\/\/Ecaternia Guica\">Ecaternia Guica<\/a>, tournoi \u00e0 la ronde d\u00e8s 10h36 (HE).\u00a0Diffus\u00e9 \u00e0 la SRC.<\/li>\n<\/ul>\n<h2>Natation<\/h2>\n<p><em>Comme \u00e0 l\u2019habitude, la natation occupera une grosse partie de la premi\u00e8re semaine de comp\u00e9tition.<\/em><\/p>\n<h3>Femmes<\/h3>\n<ul>\n<li>100 m dos &#8211; <a href=\"http:\/\/olympique.ca\/team-canada\/dominique-bouchard\/\">Dominique Bouchard<\/a> (troisi\u00e8me vague, 12h08 (HE)), <a href=\"http:\/\/olympique.ca\/team-canada\/kylie-masse\/\">Kylie Masse<\/a> (cinqui\u00e8me vague, 12h14 (HE)).\u00a0Diffus\u00e9 \u00e0 la SRC.<\/li>\n<li>100 m brasse &#8211; <a href=\"http:\/\/olympique.ca\/team-canada\/kierra-smith\/\">Kierra Smith<\/a> (quatri\u00e8me vague, 13h05 (HE)),\u00a0<a href=\"http:\/\/olympique.ca\/team-canada\/104820\/\">Rachel Nicol<\/a> (cinqui\u00e8me vague, 13h08 (HE)).\u00a0Diffus\u00e9 \u00e0 la SRC.<\/li>\n<li>400 m style libre &#8211;\u00a0<a href=\"http:\/\/olympique.ca\/team-canada\/emily-overholt\/\">Emily Overholt<\/a> (deuxi\u00e8me vague, 13h39 (HE)),\u00a0<a href=\"http:\/\/olympique.ca\/team-canada\/brittany-maclean\/\">Brittany MacLean<\/a> (troisi\u00e8me vague, 13h45(HE)). Finale \u00e0 22h01.\u00a0Diffus\u00e9 \u00e0 la SRC.<\/li>\n<\/ul>\n<h3>Hommes<\/h3>\n<ul>\n<li>100 m dos &#8211;\u00a0<a href=\"http:\/\/olympique.ca\/team-canada\/javier-acevedo\/\">Javier Acevedo<\/a> (quatri\u00e8me vague, 13h25 (HE)).\u00a0Diffus\u00e9 \u00e0 la SRC.<\/li>\n<li>4x 100 m style libre \u00e0 relais &#8211; premi\u00e8re vague, 14h05 . Finale \u00e0 22h54.\u00a0Diffus\u00e9 \u00e0 la SRC.<\/li>\n<\/ul>\n<h2>Rugby<\/h2>\n<h3>Femmes<\/h3>\n<ul>\n<li>Phase de groupe \u2013 Canada contre Grande-Bretagne, 11h30\u00a0(HE). Diffus\u00e9 sur RDS.<\/li>\n<li>Quarts de finale\u00a0\u2013\u00a016h(HE).\u00a0Diffus\u00e9 \u00e0 la SRC.<\/li>\n<\/ul>\n<h2>Sports \u00e9questres<\/h2>\n<ul>\n<li>Dressage \u2013 <a href=\"http:\/\/olympique.ca\/team-canada\/rebecca-howard\/\">Howard<\/a>, <a href=\"http:\/\/olympique.ca\/team-canada\/colleen-loach\/\">Loach<\/a>, <a href=\"http:\/\/olympique.ca\/team-canada\/jessica-phoenix\/\">Phoenix<\/a>, <a href=\"http:\/\/olympique.ca\/team-canada\/kathryn-robinson\/\">Robinson<\/a>, 9h00\u00a0(HE).\u00a0Diffus\u00e9 \u00e0 la SRC.<\/li>\n<li>Dressage par \u00e9quipe \u2013 9h00\u00a0(HE).\u00a0Diffus\u00e9 \u00e0 la SRC.<\/li>\n<\/ul>\n<h2>Tennis<\/h2>\n<p><strong>Hommes<\/strong><\/p>\n<ul>\n<li>Double &#8211; Vasek Pospisil et Daniel Nestor, 13h36 (HE). Diffus\u00e9 sur RDS.<\/li>\n<\/ul>\n<h2>\u00a0Tir<\/h2>\n<h3>Femmes<\/h3>\n<ul>\n<li>Pistolet 10 m &#8211; <a href=\"http:\/\/olympique.ca\/team-canada\/lynda-kiejko\/\">Lynda Kiejko<\/a>,\u00a08h (HE), finale \u00e0 10h (HE).\u00a0Diffus\u00e9 \u00e0 la SRC.<\/li>\n<li>Fosse &#8211;\u00a0<a href=\"http:\/\/olympique.ca\/team-canada\/cynthia-meyer\/\">Cynthia Meyer<\/a>, 8h (HE), finale \u00e0 14h45 (HE).\u00a0Diffus\u00e9 \u00e0 la SRC.<\/li>\n<\/ul>\n<h2>Volleyball<\/h2>\n<h3>Hommes<\/h3>\n<ul>\n<li>Match de phase de groupes\u00a0&#8211; Canada contre \u00c9tats-Unis, 16h05 (HE).\u00a0Diffus\u00e9 \u00e0 la SRC.<\/li>\n<\/ul>\n<h2>Volleyball de plage<\/h2>\n<h3>Hommes<\/h3>\n<ul>\n<li>Ronde pr\u00e9liminaire \u2013\u00a0<a href=\"http:\/\/olympique.ca\/team-canada\/benjamin-saxton\/\">Ben Saxton<\/a> et <a href=\"http:\/\/olympique.ca\/team-canada\/chaim-schalk\/\">Chaim Schalk<\/a>, 23h (HE).\u00a0Diffus\u00e9 \u00e0 la SRC.<\/li>\n<\/ul>\n<h3>Femmes<\/h3>\n<ul>\n<li>Ronde pr\u00e9liminaire &#8211; <a href=\"http:\/\/olympique.ca\/team-canada\/heather-bansley\/\">Heather Bansley<\/a> et <a href=\"http:\/\/olympique.ca\/team-canada\/sarah-pavan\/\">Sarah Pavan <\/a>contre les Pays-Bas, 14h30.\u00a0Diffus\u00e9 sur RDS.<\/li>\n<li>Ronde pr\u00e9liminaire &#8211; <a href=\"http:\/\/olympique.ca\/team-canada\/jamie-broder\/\">Jamie Broder<\/a> et <a href=\"http:\/\/Kristine Valjas\">Kristine Valjas<\/a> contre l&rsquo;Italie, 21h.\u00a0Diffus\u00e9 sur RDS.<\/li>\n<\/ul>\n","protected":false},"excerpt":{"rendered":"<p>Les Canadiens en action au Jour 2\u00a0des Jeux olympiques de Rio Horaire complet |\u00a0Joignez le Club olympique\u00a0 | \u00c9quipe Canada&#8230;<\/p>\n","protected":false},"author":105762534,"featured_media":120745,"comment_status":"open","ping_status":"closed","sticky":false,"template":"","format":"standard","meta":{"_acf_changed":false,"_jetpack_memberships_contains_paid_content":false,"footnotes":""},"categories":[1],"tags":[415984246],"post_format":"standard","sport":[],"game":[415984561],"coauthors":[415984214],"class_list":["post-120551","post","type-post","status-publish","format-standard","has-post-thumbnail","hentry","category-uncategorized","tag-rio-2016-schedule","game-2016-rio"],"acf":[],"yoast_head":"<!-- This site is optimized with the Yoast SEO plugin v27.3 - https:\/\/yoast.com\/product\/yoast-seo-wordpress\/ -->\n<title>Rio 2016 : Horaire du Jour 2 - \u00c9quipe Canada | Site officiel de l&#039;\u00e9quipe olympique<\/title>\n<meta name=\"robots\" content=\"index, follow, max-snippet:-1, max-image-preview:large, max-video-preview:-1\" \/>\n<link rel=\"canonical\" href=\"https:\/\/preprod.olympic.ca\/olympique\/2016\/08\/07\/rio-2016-apercu-jour-2\/\" \/>\n<meta property=\"og:locale\" content=\"fr_FR\" \/>\n<meta property=\"og:type\" content=\"article\" \/>\n<meta property=\"og:title\" content=\"Rio 2016 : Horaire du Jour 2 - \u00c9quipe Canada | Site officiel de l&#039;\u00e9quipe olympique\" \/>\n<meta property=\"og:description\" content=\"Les Canadiens en action au Jour 2\u00a0des Jeux olympiques de Rio Horaire complet |\u00a0Joignez le Club olympique\u00a0 | \u00c9quipe Canada...\" \/>\n<meta property=\"og:url\" content=\"https:\/\/preprod.olympic.ca\/olympique\/2016\/08\/07\/rio-2016-apercu-jour-2\/\" \/>\n<meta property=\"og:site_name\" content=\"\u00c9quipe Canada | Site officiel de l&#039;\u00e9quipe olympique\" \/>\n<meta property=\"article:published_time\" content=\"2016-08-07T13:13:01+00:00\" \/>\n<meta property=\"article:modified_time\" content=\"2016-08-13T18:22:03+00:00\" \/>\n<meta property=\"og:image\" content=\"https:\/\/preprod.olympic.ca\/olympique\/wp-content\/uploads\/sites\/2\/2016\/08\/beachvolleyball_training_jasonransomphoto-761.jpg?quality=100\" \/>\n\t<meta property=\"og:image:width\" content=\"3000\" \/>\n\t<meta property=\"og:image:height\" content=\"1688\" \/>\n\t<meta property=\"og:image:type\" content=\"image\/jpeg\" \/>\n<meta name=\"author\" content=\"Thomas Litalien\" \/>\n<meta name=\"twitter:card\" content=\"summary_large_image\" \/>\n<meta name=\"twitter:label1\" content=\"Written by\" \/>\n\t<meta name=\"twitter:data1\" content=\"Thomas Litalien\" \/>\n\t<meta name=\"twitter:label2\" content=\"Est. reading time\" \/>\n\t<meta name=\"twitter:data2\" content=\"2 minutes\" \/>\n<script type=\"application\/ld+json\" class=\"yoast-schema-graph\">{\"@context\":\"https:\\\/\\\/schema.org\",\"@graph\":[{\"@type\":\"Article\",\"@id\":\"https:\\\/\\\/preprod.olympic.ca\\\/olympique\\\/2016\\\/08\\\/07\\\/rio-2016-apercu-jour-2\\\/#article\",\"isPartOf\":{\"@id\":\"https:\\\/\\\/preprod.olympic.ca\\\/olympique\\\/2016\\\/08\\\/07\\\/rio-2016-apercu-jour-2\\\/\"},\"author\":{\"name\":\"Thomas Litalien\",\"@id\":\"https:\\\/\\\/preprod.olympic.ca\\\/olympique\\\/#\\\/schema\\\/person\\\/409c2d382581a9f0d7722e47992285c8\"},\"headline\":\"Rio 2016 : Horaire du Jour 2\",\"datePublished\":\"2016-08-07T13:13:01+00:00\",\"dateModified\":\"2016-08-13T18:22:03+00:00\",\"mainEntityOfPage\":{\"@id\":\"https:\\\/\\\/preprod.olympic.ca\\\/olympique\\\/2016\\\/08\\\/07\\\/rio-2016-apercu-jour-2\\\/\"},\"wordCount\":467,\"commentCount\":0,\"image\":{\"@id\":\"https:\\\/\\\/preprod.olympic.ca\\\/olympique\\\/2016\\\/08\\\/07\\\/rio-2016-apercu-jour-2\\\/#primaryimage\"},\"thumbnailUrl\":\"https:\\\/\\\/preprod.olympic.ca\\\/olympique\\\/wp-content\\\/uploads\\\/sites\\\/2\\\/2016\\\/08\\\/beachvolleyball_training_jasonransomphoto-761.jpg?quality=100\",\"keywords\":[\"Rio 2016 Schedule\"],\"articleSection\":[\"Uncategorized\"],\"inLanguage\":\"fr-FR\",\"potentialAction\":[{\"@type\":\"CommentAction\",\"name\":\"Comment\",\"target\":[\"https:\\\/\\\/preprod.olympic.ca\\\/olympique\\\/2016\\\/08\\\/07\\\/rio-2016-apercu-jour-2\\\/#respond\"]}]},{\"@type\":\"WebPage\",\"@id\":\"https:\\\/\\\/preprod.olympic.ca\\\/olympique\\\/2016\\\/08\\\/07\\\/rio-2016-apercu-jour-2\\\/\",\"url\":\"https:\\\/\\\/preprod.olympic.ca\\\/olympique\\\/2016\\\/08\\\/07\\\/rio-2016-apercu-jour-2\\\/\",\"name\":\"Rio 2016 : Horaire du Jour 2 - \u00c9quipe Canada | Site officiel de l&#039;\u00e9quipe olympique\",\"isPartOf\":{\"@id\":\"https:\\\/\\\/preprod.olympic.ca\\\/olympique\\\/#website\"},\"primaryImageOfPage\":{\"@id\":\"https:\\\/\\\/preprod.olympic.ca\\\/olympique\\\/2016\\\/08\\\/07\\\/rio-2016-apercu-jour-2\\\/#primaryimage\"},\"image\":{\"@id\":\"https:\\\/\\\/preprod.olympic.ca\\\/olympique\\\/2016\\\/08\\\/07\\\/rio-2016-apercu-jour-2\\\/#primaryimage\"},\"thumbnailUrl\":\"https:\\\/\\\/preprod.olympic.ca\\\/olympique\\\/wp-content\\\/uploads\\\/sites\\\/2\\\/2016\\\/08\\\/beachvolleyball_training_jasonransomphoto-761.jpg?quality=100\",\"datePublished\":\"2016-08-07T13:13:01+00:00\",\"dateModified\":\"2016-08-13T18:22:03+00:00\",\"author\":{\"@id\":\"https:\\\/\\\/preprod.olympic.ca\\\/olympique\\\/#\\\/schema\\\/person\\\/409c2d382581a9f0d7722e47992285c8\"},\"inLanguage\":\"fr-FR\",\"potentialAction\":[{\"@type\":\"ReadAction\",\"target\":[\"https:\\\/\\\/preprod.olympic.ca\\\/olympique\\\/2016\\\/08\\\/07\\\/rio-2016-apercu-jour-2\\\/\"]}]},{\"@type\":\"ImageObject\",\"inLanguage\":\"fr-FR\",\"@id\":\"https:\\\/\\\/preprod.olympic.ca\\\/olympique\\\/2016\\\/08\\\/07\\\/rio-2016-apercu-jour-2\\\/#primaryimage\",\"url\":\"https:\\\/\\\/preprod.olympic.ca\\\/olympique\\\/wp-content\\\/uploads\\\/sites\\\/2\\\/2016\\\/08\\\/beachvolleyball_training_jasonransomphoto-761.jpg?quality=100\",\"contentUrl\":\"https:\\\/\\\/preprod.olympic.ca\\\/olympique\\\/wp-content\\\/uploads\\\/sites\\\/2\\\/2016\\\/08\\\/beachvolleyball_training_jasonransomphoto-761.jpg?quality=100\",\"width\":3000,\"height\":1688,\"caption\":\"Heather Bansley \u00e0 l'entrainement aux Jeux olympiques de Rio, le 5 ao\u00fbt 2016. (Photo par Jason Ramson)\"},{\"@type\":\"WebSite\",\"@id\":\"https:\\\/\\\/preprod.olympic.ca\\\/olympique\\\/#website\",\"url\":\"https:\\\/\\\/preprod.olympic.ca\\\/olympique\\\/\",\"name\":\"\u00c9quipe Canada | Site officiel de l&#039;\u00e9quipe olympique\",\"description\":\"Votre source pour l\u2019\u00c9quipe olympique canadienne. Retrouvez les r\u00e9cits, vid\u00e9os et photos des athl\u00e8tes canadiens, sports olympiques, Jeux olympiques de 2020 et bien plus!\",\"potentialAction\":[{\"@type\":\"SearchAction\",\"target\":{\"@type\":\"EntryPoint\",\"urlTemplate\":\"https:\\\/\\\/preprod.olympic.ca\\\/olympique\\\/?s={search_term_string}\"},\"query-input\":{\"@type\":\"PropertyValueSpecification\",\"valueRequired\":true,\"valueName\":\"search_term_string\"}}],\"inLanguage\":\"fr-FR\"},{\"@type\":\"Person\",\"@id\":\"https:\\\/\\\/preprod.olympic.ca\\\/olympique\\\/#\\\/schema\\\/person\\\/409c2d382581a9f0d7722e47992285c8\",\"name\":\"Thomas Litalien\",\"image\":{\"@type\":\"ImageObject\",\"inLanguage\":\"fr-FR\",\"@id\":\"https:\\\/\\\/secure.gravatar.com\\\/avatar\\\/ca9b1024f6b04ea24a6df0015102e570f7d68e3fd566134a11326e80a61c48d5?s=96&d=identicon&r=g1ccfe4bcea7a206474f820e3bee2c462\",\"url\":\"https:\\\/\\\/secure.gravatar.com\\\/avatar\\\/ca9b1024f6b04ea24a6df0015102e570f7d68e3fd566134a11326e80a61c48d5?s=96&d=identicon&r=g\",\"contentUrl\":\"https:\\\/\\\/secure.gravatar.com\\\/avatar\\\/ca9b1024f6b04ea24a6df0015102e570f7d68e3fd566134a11326e80a61c48d5?s=96&d=identicon&r=g\",\"caption\":\"Thomas Litalien\"},\"url\":\"https:\\\/\\\/preprod.olympic.ca\\\/olympique\\\/author\\\/thomaslitalien\\\/\"}]}<\/script>\n<!-- \/ Yoast SEO plugin. -->","yoast_head_json":{"title":"Rio 2016 : Horaire du Jour 2 - \u00c9quipe Canada | Site officiel de l&#039;\u00e9quipe olympique","robots":{"index":"index","follow":"follow","max-snippet":"max-snippet:-1","max-image-preview":"max-image-preview:large","max-video-preview":"max-video-preview:-1"},"canonical":"https:\/\/preprod.olympic.ca\/olympique\/2016\/08\/07\/rio-2016-apercu-jour-2\/","og_locale":"fr_FR","og_type":"article","og_title":"Rio 2016 : Horaire du Jour 2 - \u00c9quipe Canada | Site officiel de l&#039;\u00e9quipe olympique","og_description":"Les Canadiens en action au Jour 2\u00a0des Jeux olympiques de Rio Horaire complet |\u00a0Joignez le Club olympique\u00a0 | \u00c9quipe Canada...","og_url":"https:\/\/preprod.olympic.ca\/olympique\/2016\/08\/07\/rio-2016-apercu-jour-2\/","og_site_name":"\u00c9quipe Canada | Site officiel de l&#039;\u00e9quipe olympique","article_published_time":"2016-08-07T13:13:01+00:00","article_modified_time":"2016-08-13T18:22:03+00:00","og_image":[{"width":3000,"height":1688,"url":"https:\/\/preprod.olympic.ca\/olympique\/wp-content\/uploads\/sites\/2\/2016\/08\/beachvolleyball_training_jasonransomphoto-761.jpg?quality=100","type":"image\/jpeg"}],"author":"Thomas Litalien","twitter_card":"summary_large_image","twitter_misc":{"Written by":"Thomas Litalien","Est. reading time":"2 minutes"},"schema":{"@context":"https:\/\/schema.org","@graph":[{"@type":"Article","@id":"https:\/\/preprod.olympic.ca\/olympique\/2016\/08\/07\/rio-2016-apercu-jour-2\/#article","isPartOf":{"@id":"https:\/\/preprod.olympic.ca\/olympique\/2016\/08\/07\/rio-2016-apercu-jour-2\/"},"author":{"name":"Thomas Litalien","@id":"https:\/\/preprod.olympic.ca\/olympique\/#\/schema\/person\/409c2d382581a9f0d7722e47992285c8"},"headline":"Rio 2016 : Horaire du Jour 2","datePublished":"2016-08-07T13:13:01+00:00","dateModified":"2016-08-13T18:22:03+00:00","mainEntityOfPage":{"@id":"https:\/\/preprod.olympic.ca\/olympique\/2016\/08\/07\/rio-2016-apercu-jour-2\/"},"wordCount":467,"commentCount":0,"image":{"@id":"https:\/\/preprod.olympic.ca\/olympique\/2016\/08\/07\/rio-2016-apercu-jour-2\/#primaryimage"},"thumbnailUrl":"https:\/\/preprod.olympic.ca\/olympique\/wp-content\/uploads\/sites\/2\/2016\/08\/beachvolleyball_training_jasonransomphoto-761.jpg?quality=100","keywords":["Rio 2016 Schedule"],"articleSection":["Uncategorized"],"inLanguage":"fr-FR","potentialAction":[{"@type":"CommentAction","name":"Comment","target":["https:\/\/preprod.olympic.ca\/olympique\/2016\/08\/07\/rio-2016-apercu-jour-2\/#respond"]}]},{"@type":"WebPage","@id":"https:\/\/preprod.olympic.ca\/olympique\/2016\/08\/07\/rio-2016-apercu-jour-2\/","url":"https:\/\/preprod.olympic.ca\/olympique\/2016\/08\/07\/rio-2016-apercu-jour-2\/","name":"Rio 2016 : Horaire du Jour 2 - \u00c9quipe Canada | Site officiel de l&#039;\u00e9quipe olympique","isPartOf":{"@id":"https:\/\/preprod.olympic.ca\/olympique\/#website"},"primaryImageOfPage":{"@id":"https:\/\/preprod.olympic.ca\/olympique\/2016\/08\/07\/rio-2016-apercu-jour-2\/#primaryimage"},"image":{"@id":"https:\/\/preprod.olympic.ca\/olympique\/2016\/08\/07\/rio-2016-apercu-jour-2\/#primaryimage"},"thumbnailUrl":"https:\/\/preprod.olympic.ca\/olympique\/wp-content\/uploads\/sites\/2\/2016\/08\/beachvolleyball_training_jasonransomphoto-761.jpg?quality=100","datePublished":"2016-08-07T13:13:01+00:00","dateModified":"2016-08-13T18:22:03+00:00","author":{"@id":"https:\/\/preprod.olympic.ca\/olympique\/#\/schema\/person\/409c2d382581a9f0d7722e47992285c8"},"inLanguage":"fr-FR","potentialAction":[{"@type":"ReadAction","target":["https:\/\/preprod.olympic.ca\/olympique\/2016\/08\/07\/rio-2016-apercu-jour-2\/"]}]},{"@type":"ImageObject","inLanguage":"fr-FR","@id":"https:\/\/preprod.olympic.ca\/olympique\/2016\/08\/07\/rio-2016-apercu-jour-2\/#primaryimage","url":"https:\/\/preprod.olympic.ca\/olympique\/wp-content\/uploads\/sites\/2\/2016\/08\/beachvolleyball_training_jasonransomphoto-761.jpg?quality=100","contentUrl":"https:\/\/preprod.olympic.ca\/olympique\/wp-content\/uploads\/sites\/2\/2016\/08\/beachvolleyball_training_jasonransomphoto-761.jpg?quality=100","width":3000,"height":1688,"caption":"Heather Bansley \u00e0 l'entrainement aux Jeux olympiques de Rio, le 5 ao\u00fbt 2016. (Photo par Jason Ramson)"},{"@type":"WebSite","@id":"https:\/\/preprod.olympic.ca\/olympique\/#website","url":"https:\/\/preprod.olympic.ca\/olympique\/","name":"\u00c9quipe Canada | Site officiel de l&#039;\u00e9quipe olympique","description":"Votre source pour l\u2019\u00c9quipe olympique canadienne. Retrouvez les r\u00e9cits, vid\u00e9os et photos des athl\u00e8tes canadiens, sports olympiques, Jeux olympiques de 2020 et bien plus!","potentialAction":[{"@type":"SearchAction","target":{"@type":"EntryPoint","urlTemplate":"https:\/\/preprod.olympic.ca\/olympique\/?s={search_term_string}"},"query-input":{"@type":"PropertyValueSpecification","valueRequired":true,"valueName":"search_term_string"}}],"inLanguage":"fr-FR"},{"@type":"Person","@id":"https:\/\/preprod.olympic.ca\/olympique\/#\/schema\/person\/409c2d382581a9f0d7722e47992285c8","name":"Thomas Litalien","image":{"@type":"ImageObject","inLanguage":"fr-FR","@id":"https:\/\/secure.gravatar.com\/avatar\/ca9b1024f6b04ea24a6df0015102e570f7d68e3fd566134a11326e80a61c48d5?s=96&d=identicon&r=g1ccfe4bcea7a206474f820e3bee2c462","url":"https:\/\/secure.gravatar.com\/avatar\/ca9b1024f6b04ea24a6df0015102e570f7d68e3fd566134a11326e80a61c48d5?s=96&d=identicon&r=g","contentUrl":"https:\/\/secure.gravatar.com\/avatar\/ca9b1024f6b04ea24a6df0015102e570f7d68e3fd566134a11326e80a61c48d5?s=96&d=identicon&r=g","caption":"Thomas Litalien"},"url":"https:\/\/preprod.olympic.ca\/olympique\/author\/thomaslitalien\/"}]}},"jetpack_featured_media_url":"https:\/\/preprod.olympic.ca\/olympique\/wp-content\/uploads\/sites\/2\/2016\/08\/beachvolleyball_training_jasonransomphoto-761.jpg?quality=100","featured_image_url":"https:\/\/preprod.olympic.ca\/olympique\/wp-content\/uploads\/sites\/2\/2016\/08\/beachvolleyball_training_jasonransomphoto-761.jpg?quality=100","author_name":["Thomas Litalien"],"category_names":["Uncategorized"],"tag_names":["Rio 2016 Schedule"],"video_embed_code":"","facebook_video_embed_code":"","jetpack_sharing_enabled":true,"jetpack-related-posts":[],"jetpack_shortlink":"https:\/\/wp.me\/pcGHcP-vmn","_links":{"self":[{"href":"https:\/\/preprod.olympic.ca\/olympique\/wp-json\/wp\/v2\/posts\/120551","targetHints":{"allow":["GET"]}}],"collection":[{"href":"https:\/\/preprod.olympic.ca\/olympique\/wp-json\/wp\/v2\/posts"}],"about":[{"href":"https:\/\/preprod.olympic.ca\/olympique\/wp-json\/wp\/v2\/types\/post"}],"author":[{"embeddable":true,"href":"https:\/\/preprod.olympic.ca\/olympique\/wp-json\/wp\/v2\/users\/105762534"}],"replies":[{"embeddable":true,"href":"https:\/\/preprod.olympic.ca\/olympique\/wp-json\/wp\/v2\/comments?post=120551"}],"version-history":[{"count":8,"href":"https:\/\/preprod.olympic.ca\/olympique\/wp-json\/wp\/v2\/posts\/120551\/revisions"}],"predecessor-version":[{"id":120753,"href":"https:\/\/preprod.olympic.ca\/olympique\/wp-json\/wp\/v2\/posts\/120551\/revisions\/120753"}],"wp:featuredmedia":[{"embeddable":true,"href":"https:\/\/preprod.olympic.ca\/olympique\/wp-json\/wp\/v2\/media\/120745"}],"wp:attachment":[{"href":"https:\/\/preprod.olympic.ca\/olympique\/wp-json\/wp\/v2\/media?parent=120551"}],"wp:term":[{"taxonomy":"category","embeddable":true,"href":"https:\/\/preprod.olympic.ca\/olympique\/wp-json\/wp\/v2\/categories?post=120551"},{"taxonomy":"post_tag","embeddable":true,"href":"https:\/\/preprod.olympic.ca\/olympique\/wp-json\/wp\/v2\/tags?post=120551"},{"taxonomy":"post_format","embeddable":true,"href":"https:\/\/preprod.olympic.ca\/olympique\/wp-json\/wp\/v2\/post_format?post=120551"},{"taxonomy":"sport","embeddable":true,"href":"https:\/\/preprod.olympic.ca\/olympique\/wp-json\/wp\/v2\/sport?post=120551"},{"taxonomy":"game","embeddable":true,"href":"https:\/\/preprod.olympic.ca\/olympique\/wp-json\/wp\/v2\/game?post=120551"},{"taxonomy":"author","embeddable":true,"href":"https:\/\/preprod.olympic.ca\/olympique\/wp-json\/wp\/v2\/coauthors?post=120551"}],"curies":[{"name":"wp","href":"https:\/\/api.w.org\/{rel}","templated":true}]}}