{"id":120685,"date":"2016-08-06T22:35:21","date_gmt":"2016-08-07T02:35:21","guid":{"rendered":""},"modified":"2021-10-20T16:35:29","modified_gmt":"2021-10-20T20:35:29","slug":"mainville-van-langehem-ruck-et-oleksiak-remportent-la-premiere-medaille-du-canada-a-rio","status":"publish","type":"post","link":"https:\/\/preprod.olympic.ca\/olympique\/2016\/08\/06\/mainville-van-langehem-ruck-et-oleksiak-remportent-la-premiere-medaille-du-canada-a-rio\/","title":{"rendered":"Le relais f\u00e9minin 4&#215;100 m remporte la premi\u00e8re m\u00e9daille du Canada dans la piscine de Rio"},"content":{"rendered":"<p><a href=\"http:\/\/olympique.ca\/team-canada\/sandrine-mainville\/\">Sandrine Mainville<\/a>, <a href=\"http:\/\/olympique.ca\/team-canada\/chantal-van-landeghem\/\">Chantal Van Landeghem<\/a>, <a href=\"http:\/\/olympique.ca\/team-canada\/taylor-ruck\/\">Taylor Ruck<\/a>,\u00a0<a href=\"http:\/\/olympique.ca\/team-canada\/penny-oleksiak\/\">Penny Oleksiak<\/a>\u00a0et <a href=\"http:\/\/olympique.ca\/team-canada\/michelle-williams\/\">Michelle Williams <\/a>ont remport\u00e9 la premi\u00e8re m\u00e9daille du pays aux Jeux olympiques de Rio\u00a0en d\u00e9crochant le bronze\u00a0au relais f\u00e9minin 4&#215;100 m style libre.<\/p>\n<p>Le quatuor canadien de la finale de samedi, compos\u00e9 de Mainville, Van Landeghem, Ruck et Oleksiak, a compl\u00e9t\u00e9 la distance en 3:33,89 secondes.<\/p>\n<div id=\"attachment_120713\" style=\"width: 1141px\" class=\"wp-caption alignnone\"><img loading=\"lazy\" decoding=\"async\" aria-describedby=\"caption-attachment-120713\" class=\"wp-image-120713 size-large\" src=\"https:\/\/preprod.olympic.ca\/wp-content\/uploads\/sites\/2\/2016\/08\/210a3811.jpg?quality=100&amp;w=1131\" alt=\"relais 4x100 m\" width=\"1131\" height=\"754\" srcset=\"https:\/\/preprod.olympic.ca\/olympique\/wp-content\/uploads\/sites\/2\/2016\/08\/210a3811.jpg 5760w, https:\/\/preprod.olympic.ca\/olympique\/wp-content\/uploads\/sites\/2\/2016\/08\/210a3811.jpg?resize=237,158 237w, https:\/\/preprod.olympic.ca\/olympique\/wp-content\/uploads\/sites\/2\/2016\/08\/210a3811.jpg?resize=557,371 557w, https:\/\/preprod.olympic.ca\/olympique\/wp-content\/uploads\/sites\/2\/2016\/08\/210a3811.jpg?resize=768,512 768w, https:\/\/preprod.olympic.ca\/olympique\/wp-content\/uploads\/sites\/2\/2016\/08\/210a3811.jpg?resize=1131,754 1131w, https:\/\/preprod.olympic.ca\/olympique\/wp-content\/uploads\/sites\/2\/2016\/08\/210a3811.jpg?resize=1536,1024 1536w, https:\/\/preprod.olympic.ca\/olympique\/wp-content\/uploads\/sites\/2\/2016\/08\/210a3811.jpg?resize=2048,1365 2048w\" sizes=\"(max-width: 1131px) 100vw, 1131px\" \/><p id=\"caption-attachment-120713\" class=\"wp-caption-text\">Chantal Van Landeghem, Taylor Ruck, Sandrine Mainville et Penny Oleksiak c\u00e9l\u00e9brent leur m\u00e9daille de bronze au relais 4&#215;100 m , le 6 ao\u00fbt 2016 aux Jeux olympiques de Rio.<\/p><\/div>\n<p>L&rsquo;une des deux nageuses de 16 ans de l&rsquo;\u00e9quipe canadienne en finale,\u00a0Penny Oleksiak, a pris part au relais moins d&rsquo;une heure apr\u00e8s s&rsquo;\u00eatre qualifi\u00e9e pour la finale du 100 m papillon. Les Canadiennes savaient qu&rsquo;elles devaient se m\u00e9fier des N\u00e9erlandaises, plus pr\u00e9cis\u00e9ment de leur derni\u00e8re relayeuse Ranomi Kromowidjojo. Il n&rsquo;\u00e9tait pas question de les laisser se faufiler jusqu&rsquo;au podium.<\/p>\n<div id=\"attachment_120721\" style=\"width: 1142px\" class=\"wp-caption alignnone\"><img loading=\"lazy\" decoding=\"async\" aria-describedby=\"caption-attachment-120721\" class=\"size-large wp-image-120721\" src=\"https:\/\/preprod.olympic.ca\/wp-content\/uploads\/sites\/2\/2016\/08\/12442473.jpg?quality=100&amp;w=1132\" alt=\"Les r\u00e9actions de Penny Oleksiak, Chantal Van Langehem, Taylor Ruck et Sandrine Mainville lors de la finale du relais 4x100 m f\u00e9minin \u00e0 Rio 2016.\" width=\"1132\" height=\"754\" srcset=\"https:\/\/preprod.olympic.ca\/olympique\/wp-content\/uploads\/sites\/2\/2016\/08\/12442473.jpg 4480w, https:\/\/preprod.olympic.ca\/olympique\/wp-content\/uploads\/sites\/2\/2016\/08\/12442473.jpg?resize=237,158 237w, https:\/\/preprod.olympic.ca\/olympique\/wp-content\/uploads\/sites\/2\/2016\/08\/12442473.jpg?resize=557,371 557w, https:\/\/preprod.olympic.ca\/olympique\/wp-content\/uploads\/sites\/2\/2016\/08\/12442473.jpg?resize=768,512 768w, https:\/\/preprod.olympic.ca\/olympique\/wp-content\/uploads\/sites\/2\/2016\/08\/12442473.jpg?resize=1132,754 1132w, https:\/\/preprod.olympic.ca\/olympique\/wp-content\/uploads\/sites\/2\/2016\/08\/12442473.jpg?resize=1536,1023 1536w, https:\/\/preprod.olympic.ca\/olympique\/wp-content\/uploads\/sites\/2\/2016\/08\/12442473.jpg?resize=2048,1364 2048w\" sizes=\"(max-width: 1132px) 100vw, 1132px\" \/><p id=\"caption-attachment-120721\" class=\"wp-caption-text\">Les r\u00e9actions de Penny Oleksiak, Chantal Van Langehem, Taylor Ruck et Sandrine Mainville lors de la finale du relais 4&#215;100 m f\u00e9minin \u00e0 Rio 2016.<\/p><\/div>\n<p>C&rsquo;est \u00e0 Sandrine Mainville qu&rsquo;est revenu la t\u00e2che de donner le coup d&rsquo;envoi au relais canadien. La Qu\u00e9b\u00e9coise de 24 ans a su livrer la marchandise en \u00e9tant la plus rapide \u00e0 sortir des blocs pour donner le relais \u00e0 Chantal Van Landeghem apr\u00e8s 53,89 s.\u00a0Chantal et Taylor ont ensuite maintenu la cadence pour permettre a Penny Oleksiak de\u00a0profiter d&rsquo;une l\u00e9g\u00e8re avance pour se sauver de\u00a0Kromowidjojo et toucher le mur avec un chrono pour le dernier 100 m de\u00a052,72 s.<\/p>\n<div id=\"attachment_120719\" style=\"width: 1015px\" class=\"wp-caption alignnone\"><img loading=\"lazy\" decoding=\"async\" aria-describedby=\"caption-attachment-120719\" class=\"size-large wp-image-120719\" src=\"https:\/\/preprod.olympic.ca\/wp-content\/uploads\/sites\/2\/2016\/08\/12442589.jpg?quality=100&amp;w=1005\" alt=\"Sandrine Mainville, Chantal Van Langehem, Taylor Ruck et Penny Oleksiak lors de la c\u00e9r\u00e9monie des m\u00e9dailles aux Jeux olympiques de Rio, le 6 ao\u00fbt 2016.\" width=\"1005\" height=\"754\" srcset=\"https:\/\/preprod.olympic.ca\/olympique\/wp-content\/uploads\/sites\/2\/2016\/08\/12442589.jpg 4480w, https:\/\/preprod.olympic.ca\/olympique\/wp-content\/uploads\/sites\/2\/2016\/08\/12442589.jpg?resize=211,158 211w, https:\/\/preprod.olympic.ca\/olympique\/wp-content\/uploads\/sites\/2\/2016\/08\/12442589.jpg?resize=495,371 495w, https:\/\/preprod.olympic.ca\/olympique\/wp-content\/uploads\/sites\/2\/2016\/08\/12442589.jpg?resize=768,576 768w, https:\/\/preprod.olympic.ca\/olympique\/wp-content\/uploads\/sites\/2\/2016\/08\/12442589.jpg?resize=1005,754 1005w, https:\/\/preprod.olympic.ca\/olympique\/wp-content\/uploads\/sites\/2\/2016\/08\/12442589.jpg?resize=1536,1152 1536w, https:\/\/preprod.olympic.ca\/olympique\/wp-content\/uploads\/sites\/2\/2016\/08\/12442589.jpg?resize=2048,1536 2048w\" sizes=\"(max-width: 1005px) 100vw, 1005px\" \/><p id=\"caption-attachment-120719\" class=\"wp-caption-text\">Sandrine Mainville, Chantal Van Landegehem, Taylor Ruck et Penny Oleksiak lors de la c\u00e9r\u00e9monie des m\u00e9dailles aux Jeux olympiques de Rio, le 6 ao\u00fbt 2016.<\/p><\/div>\n<p><a href=\"http:\/\/olympique.ca\/team-canada\/michelle-williams\/\">Michelle Williams<\/a> obtiendra elle aussi une m\u00e9daille de bronze pour son apport en ronde pr\u00e9liminaire.<\/p>\n<p>Les Australiennes ont remport\u00e9 l&rsquo;or avec un chrono de\u00a03:30,65 s en plus d&rsquo;inscrire un nouveau record du monde. Les\u00a0Am\u00e9ricaines ont, quant \u00e0 elles, d\u00e9croch\u00e9 l&rsquo;argent (3:32,89 s).<\/p>\n<p><em>D&rsquo;autres d\u00e9tails suivront.<\/em><\/p>\n<p class=\"p1\"><span class=\"s1\"><div class=\"instory-ad-shortcode\"><a aria-hidden=\"true\" tabindex=\"-1\" class=\"ad\" href=\"https:\/\/twitter.com\/OlympiqueCanada\" target=\"_blank\"><img decoding=\"async\" src=\"http:\/\/cdnolympic.files.wordpress.com\/2014\/02\/tw-fr-ad-1180-x-100.png\" alt=\"\" \/><\/a><\/div><\/span><\/p>\n","protected":false},"excerpt":{"rendered":"<p>Sandrine Mainville, Chantal Van Landeghem, Taylor Ruck,\u00a0Penny Oleksiak\u00a0et Michelle Williams ont remport\u00e9 la premi\u00e8re m\u00e9daille du pays aux Jeux olympiques&#8230;<\/p>\n","protected":false},"author":55751844,"featured_media":120702,"comment_status":"open","ping_status":"closed","sticky":false,"template":"","format":"standard","meta":{"_acf_changed":false,"_jetpack_memberships_contains_paid_content":false,"footnotes":""},"categories":[1],"tags":[84451290,415890288,415984283,85151189,415940951],"post_format":"standard","sport":[763074],"game":[415984561],"coauthors":[197551639],"class_list":["post-120685","post","type-post","status-publish","format-standard","has-post-thumbnail","hentry","category-uncategorized","tag-chantal-van-landeghem","tag-penny-oleksiak","tag-rio2016results","tag-sandrine-mainville","tag-taylor-ruck","sport-sports-aquatiques-natation","game-2016-rio"],"acf":[],"yoast_head":"<!-- This site is optimized with the Yoast SEO plugin v27.3 - https:\/\/yoast.com\/product\/yoast-seo-wordpress\/ -->\n<title>Le relais f\u00e9minin 4x100 m remporte la premi\u00e8re m\u00e9daille du Canada dans la piscine de Rio - \u00c9quipe Canada | Site officiel de l&#039;\u00e9quipe olympique<\/title>\n<meta name=\"robots\" content=\"index, follow, max-snippet:-1, max-image-preview:large, max-video-preview:-1\" \/>\n<link rel=\"canonical\" href=\"https:\/\/preprod.olympic.ca\/olympique\/2016\/08\/06\/mainville-van-langehem-ruck-et-oleksiak-remportent-la-premiere-medaille-du-canada-a-rio\/\" \/>\n<meta property=\"og:locale\" content=\"fr_FR\" \/>\n<meta property=\"og:type\" content=\"article\" \/>\n<meta property=\"og:title\" content=\"Le relais f\u00e9minin 4x100 m remporte la premi\u00e8re m\u00e9daille du Canada dans la piscine de Rio - \u00c9quipe Canada | Site officiel de l&#039;\u00e9quipe olympique\" \/>\n<meta property=\"og:description\" content=\"Sandrine Mainville, Chantal Van Landeghem, Taylor Ruck,\u00a0Penny Oleksiak\u00a0et Michelle Williams ont remport\u00e9 la premi\u00e8re m\u00e9daille du pays aux Jeux olympiques...\" \/>\n<meta property=\"og:url\" content=\"https:\/\/preprod.olympic.ca\/olympique\/2016\/08\/06\/mainville-van-langehem-ruck-et-oleksiak-remportent-la-premiere-medaille-du-canada-a-rio\/\" \/>\n<meta property=\"og:site_name\" content=\"\u00c9quipe Canada | Site officiel de l&#039;\u00e9quipe olympique\" \/>\n<meta property=\"article:published_time\" content=\"2016-08-07T02:35:21+00:00\" \/>\n<meta property=\"article:modified_time\" content=\"2021-10-20T20:35:29+00:00\" \/>\n<meta property=\"og:image\" content=\"https:\/\/preprod.olympic.ca\/olympique\/wp-content\/uploads\/sites\/2\/2016\/08\/210a3711.jpg?resize=1131,754\" \/>\n\t<meta property=\"og:image:width\" content=\"1131\" \/>\n\t<meta property=\"og:image:height\" content=\"754\" \/>\n\t<meta property=\"og:image:type\" content=\"image\/jpeg\" \/>\n<meta name=\"author\" content=\"Steve Boudreau\" \/>\n<meta name=\"twitter:card\" content=\"summary_large_image\" \/>\n<meta name=\"twitter:label1\" content=\"Written by\" \/>\n\t<meta name=\"twitter:data1\" content=\"Steve Boudreau\" \/>\n\t<meta name=\"twitter:label2\" content=\"Est. reading time\" \/>\n\t<meta name=\"twitter:data2\" content=\"3 minutes\" \/>\n<script type=\"application\/ld+json\" class=\"yoast-schema-graph\">{\"@context\":\"https:\\\/\\\/schema.org\",\"@graph\":[{\"@type\":\"Article\",\"@id\":\"https:\\\/\\\/preprod.olympic.ca\\\/olympique\\\/2016\\\/08\\\/06\\\/mainville-van-langehem-ruck-et-oleksiak-remportent-la-premiere-medaille-du-canada-a-rio\\\/#article\",\"isPartOf\":{\"@id\":\"https:\\\/\\\/preprod.olympic.ca\\\/olympique\\\/2016\\\/08\\\/06\\\/mainville-van-langehem-ruck-et-oleksiak-remportent-la-premiere-medaille-du-canada-a-rio\\\/\"},\"author\":{\"name\":\"Steve Boudreau\",\"@id\":\"https:\\\/\\\/preprod.olympic.ca\\\/olympique\\\/#\\\/schema\\\/person\\\/fcff0d04b3be8cf8db300b91bccb7af4\"},\"headline\":\"Le relais f\u00e9minin 4&#215;100 m remporte la premi\u00e8re m\u00e9daille du Canada dans la piscine de Rio\",\"datePublished\":\"2016-08-07T02:35:21+00:00\",\"dateModified\":\"2021-10-20T20:35:29+00:00\",\"mainEntityOfPage\":{\"@id\":\"https:\\\/\\\/preprod.olympic.ca\\\/olympique\\\/2016\\\/08\\\/06\\\/mainville-van-langehem-ruck-et-oleksiak-remportent-la-premiere-medaille-du-canada-a-rio\\\/\"},\"wordCount\":418,\"commentCount\":0,\"image\":{\"@id\":\"https:\\\/\\\/preprod.olympic.ca\\\/olympique\\\/2016\\\/08\\\/06\\\/mainville-van-langehem-ruck-et-oleksiak-remportent-la-premiere-medaille-du-canada-a-rio\\\/#primaryimage\"},\"thumbnailUrl\":\"https:\\\/\\\/preprod.olympic.ca\\\/olympique\\\/wp-content\\\/uploads\\\/sites\\\/2\\\/2016\\\/08\\\/210a3711.jpg?quality=100\",\"keywords\":[\"Chantal Van Landeghem\",\"Penny Oleksiak\",\"rio2016results\",\"Sandrine Mainville\",\"Taylor Ruck\"],\"articleSection\":[\"Uncategorized\"],\"inLanguage\":\"fr-FR\",\"potentialAction\":[{\"@type\":\"CommentAction\",\"name\":\"Comment\",\"target\":[\"https:\\\/\\\/preprod.olympic.ca\\\/olympique\\\/2016\\\/08\\\/06\\\/mainville-van-langehem-ruck-et-oleksiak-remportent-la-premiere-medaille-du-canada-a-rio\\\/#respond\"]}]},{\"@type\":\"WebPage\",\"@id\":\"https:\\\/\\\/preprod.olympic.ca\\\/olympique\\\/2016\\\/08\\\/06\\\/mainville-van-langehem-ruck-et-oleksiak-remportent-la-premiere-medaille-du-canada-a-rio\\\/\",\"url\":\"https:\\\/\\\/preprod.olympic.ca\\\/olympique\\\/2016\\\/08\\\/06\\\/mainville-van-langehem-ruck-et-oleksiak-remportent-la-premiere-medaille-du-canada-a-rio\\\/\",\"name\":\"Le relais f\u00e9minin 4x100 m remporte la premi\u00e8re m\u00e9daille du Canada dans la piscine de Rio - \u00c9quipe Canada | Site officiel de l&#039;\u00e9quipe olympique\",\"isPartOf\":{\"@id\":\"https:\\\/\\\/preprod.olympic.ca\\\/olympique\\\/#website\"},\"primaryImageOfPage\":{\"@id\":\"https:\\\/\\\/preprod.olympic.ca\\\/olympique\\\/2016\\\/08\\\/06\\\/mainville-van-langehem-ruck-et-oleksiak-remportent-la-premiere-medaille-du-canada-a-rio\\\/#primaryimage\"},\"image\":{\"@id\":\"https:\\\/\\\/preprod.olympic.ca\\\/olympique\\\/2016\\\/08\\\/06\\\/mainville-van-langehem-ruck-et-oleksiak-remportent-la-premiere-medaille-du-canada-a-rio\\\/#primaryimage\"},\"thumbnailUrl\":\"https:\\\/\\\/preprod.olympic.ca\\\/olympique\\\/wp-content\\\/uploads\\\/sites\\\/2\\\/2016\\\/08\\\/210a3711.jpg?quality=100\",\"datePublished\":\"2016-08-07T02:35:21+00:00\",\"dateModified\":\"2021-10-20T20:35:29+00:00\",\"author\":{\"@id\":\"https:\\\/\\\/preprod.olympic.ca\\\/olympique\\\/#\\\/schema\\\/person\\\/fcff0d04b3be8cf8db300b91bccb7af4\"},\"inLanguage\":\"fr-FR\",\"potentialAction\":[{\"@type\":\"ReadAction\",\"target\":[\"https:\\\/\\\/preprod.olympic.ca\\\/olympique\\\/2016\\\/08\\\/06\\\/mainville-van-langehem-ruck-et-oleksiak-remportent-la-premiere-medaille-du-canada-a-rio\\\/\"]}]},{\"@type\":\"ImageObject\",\"inLanguage\":\"fr-FR\",\"@id\":\"https:\\\/\\\/preprod.olympic.ca\\\/olympique\\\/2016\\\/08\\\/06\\\/mainville-van-langehem-ruck-et-oleksiak-remportent-la-premiere-medaille-du-canada-a-rio\\\/#primaryimage\",\"url\":\"https:\\\/\\\/preprod.olympic.ca\\\/olympique\\\/wp-content\\\/uploads\\\/sites\\\/2\\\/2016\\\/08\\\/210a3711.jpg?quality=100\",\"contentUrl\":\"https:\\\/\\\/preprod.olympic.ca\\\/olympique\\\/wp-content\\\/uploads\\\/sites\\\/2\\\/2016\\\/08\\\/210a3711.jpg?quality=100\",\"width\":5760,\"height\":3840},{\"@type\":\"WebSite\",\"@id\":\"https:\\\/\\\/preprod.olympic.ca\\\/olympique\\\/#website\",\"url\":\"https:\\\/\\\/preprod.olympic.ca\\\/olympique\\\/\",\"name\":\"\u00c9quipe Canada | Site officiel de l&#039;\u00e9quipe olympique\",\"description\":\"Votre source pour l\u2019\u00c9quipe olympique canadienne. Retrouvez les r\u00e9cits, vid\u00e9os et photos des athl\u00e8tes canadiens, sports olympiques, Jeux olympiques de 2020 et bien plus!\",\"potentialAction\":[{\"@type\":\"SearchAction\",\"target\":{\"@type\":\"EntryPoint\",\"urlTemplate\":\"https:\\\/\\\/preprod.olympic.ca\\\/olympique\\\/?s={search_term_string}\"},\"query-input\":{\"@type\":\"PropertyValueSpecification\",\"valueRequired\":true,\"valueName\":\"search_term_string\"}}],\"inLanguage\":\"fr-FR\"},{\"@type\":\"Person\",\"@id\":\"https:\\\/\\\/preprod.olympic.ca\\\/olympique\\\/#\\\/schema\\\/person\\\/fcff0d04b3be8cf8db300b91bccb7af4\",\"name\":\"Steve Boudreau\",\"image\":{\"@type\":\"ImageObject\",\"inLanguage\":\"fr-FR\",\"@id\":\"https:\\\/\\\/secure.gravatar.com\\\/avatar\\\/336c6be93b523130336d384227371a495c6bb9057a12c48ad1770e1a6a57006b?s=96&d=identicon&r=geab05ffb592a23c798f7bf61ed1f5f18\",\"url\":\"https:\\\/\\\/secure.gravatar.com\\\/avatar\\\/336c6be93b523130336d384227371a495c6bb9057a12c48ad1770e1a6a57006b?s=96&d=identicon&r=g\",\"contentUrl\":\"https:\\\/\\\/secure.gravatar.com\\\/avatar\\\/336c6be93b523130336d384227371a495c6bb9057a12c48ad1770e1a6a57006b?s=96&d=identicon&r=g\",\"caption\":\"Steve Boudreau\"},\"description\":\"R\u00e9dacteur, m\u00e9dias sociaux - @Sboudreau\",\"sameAs\":[\"http:\\\/\\\/sboudreau49.wordpress.com\"],\"url\":\"https:\\\/\\\/preprod.olympic.ca\\\/olympique\\\/author\\\/sboudreau2013\\\/\"}]}<\/script>\n<!-- \/ Yoast SEO plugin. -->","yoast_head_json":{"title":"Le relais f\u00e9minin 4x100 m remporte la premi\u00e8re m\u00e9daille du Canada dans la piscine de Rio - \u00c9quipe Canada | Site officiel de l&#039;\u00e9quipe olympique","robots":{"index":"index","follow":"follow","max-snippet":"max-snippet:-1","max-image-preview":"max-image-preview:large","max-video-preview":"max-video-preview:-1"},"canonical":"https:\/\/preprod.olympic.ca\/olympique\/2016\/08\/06\/mainville-van-langehem-ruck-et-oleksiak-remportent-la-premiere-medaille-du-canada-a-rio\/","og_locale":"fr_FR","og_type":"article","og_title":"Le relais f\u00e9minin 4x100 m remporte la premi\u00e8re m\u00e9daille du Canada dans la piscine de Rio - \u00c9quipe Canada | Site officiel de l&#039;\u00e9quipe olympique","og_description":"Sandrine Mainville, Chantal Van Landeghem, Taylor Ruck,\u00a0Penny Oleksiak\u00a0et Michelle Williams ont remport\u00e9 la premi\u00e8re m\u00e9daille du pays aux Jeux olympiques...","og_url":"https:\/\/preprod.olympic.ca\/olympique\/2016\/08\/06\/mainville-van-langehem-ruck-et-oleksiak-remportent-la-premiere-medaille-du-canada-a-rio\/","og_site_name":"\u00c9quipe Canada | Site officiel de l&#039;\u00e9quipe olympique","article_published_time":"2016-08-07T02:35:21+00:00","article_modified_time":"2021-10-20T20:35:29+00:00","og_image":[{"width":1131,"height":754,"url":"https:\/\/preprod.olympic.ca\/olympique\/wp-content\/uploads\/sites\/2\/2016\/08\/210a3711.jpg?resize=1131,754","type":"image\/jpeg"}],"author":"Steve Boudreau","twitter_card":"summary_large_image","twitter_misc":{"Written by":"Steve Boudreau","Est. reading time":"3 minutes"},"schema":{"@context":"https:\/\/schema.org","@graph":[{"@type":"Article","@id":"https:\/\/preprod.olympic.ca\/olympique\/2016\/08\/06\/mainville-van-langehem-ruck-et-oleksiak-remportent-la-premiere-medaille-du-canada-a-rio\/#article","isPartOf":{"@id":"https:\/\/preprod.olympic.ca\/olympique\/2016\/08\/06\/mainville-van-langehem-ruck-et-oleksiak-remportent-la-premiere-medaille-du-canada-a-rio\/"},"author":{"name":"Steve Boudreau","@id":"https:\/\/preprod.olympic.ca\/olympique\/#\/schema\/person\/fcff0d04b3be8cf8db300b91bccb7af4"},"headline":"Le relais f\u00e9minin 4&#215;100 m remporte la premi\u00e8re m\u00e9daille du Canada dans la piscine de Rio","datePublished":"2016-08-07T02:35:21+00:00","dateModified":"2021-10-20T20:35:29+00:00","mainEntityOfPage":{"@id":"https:\/\/preprod.olympic.ca\/olympique\/2016\/08\/06\/mainville-van-langehem-ruck-et-oleksiak-remportent-la-premiere-medaille-du-canada-a-rio\/"},"wordCount":418,"commentCount":0,"image":{"@id":"https:\/\/preprod.olympic.ca\/olympique\/2016\/08\/06\/mainville-van-langehem-ruck-et-oleksiak-remportent-la-premiere-medaille-du-canada-a-rio\/#primaryimage"},"thumbnailUrl":"https:\/\/preprod.olympic.ca\/olympique\/wp-content\/uploads\/sites\/2\/2016\/08\/210a3711.jpg?quality=100","keywords":["Chantal Van Landeghem","Penny Oleksiak","rio2016results","Sandrine Mainville","Taylor Ruck"],"articleSection":["Uncategorized"],"inLanguage":"fr-FR","potentialAction":[{"@type":"CommentAction","name":"Comment","target":["https:\/\/preprod.olympic.ca\/olympique\/2016\/08\/06\/mainville-van-langehem-ruck-et-oleksiak-remportent-la-premiere-medaille-du-canada-a-rio\/#respond"]}]},{"@type":"WebPage","@id":"https:\/\/preprod.olympic.ca\/olympique\/2016\/08\/06\/mainville-van-langehem-ruck-et-oleksiak-remportent-la-premiere-medaille-du-canada-a-rio\/","url":"https:\/\/preprod.olympic.ca\/olympique\/2016\/08\/06\/mainville-van-langehem-ruck-et-oleksiak-remportent-la-premiere-medaille-du-canada-a-rio\/","name":"Le relais f\u00e9minin 4x100 m remporte la premi\u00e8re m\u00e9daille du Canada dans la piscine de Rio - \u00c9quipe Canada | Site officiel de l&#039;\u00e9quipe olympique","isPartOf":{"@id":"https:\/\/preprod.olympic.ca\/olympique\/#website"},"primaryImageOfPage":{"@id":"https:\/\/preprod.olympic.ca\/olympique\/2016\/08\/06\/mainville-van-langehem-ruck-et-oleksiak-remportent-la-premiere-medaille-du-canada-a-rio\/#primaryimage"},"image":{"@id":"https:\/\/preprod.olympic.ca\/olympique\/2016\/08\/06\/mainville-van-langehem-ruck-et-oleksiak-remportent-la-premiere-medaille-du-canada-a-rio\/#primaryimage"},"thumbnailUrl":"https:\/\/preprod.olympic.ca\/olympique\/wp-content\/uploads\/sites\/2\/2016\/08\/210a3711.jpg?quality=100","datePublished":"2016-08-07T02:35:21+00:00","dateModified":"2021-10-20T20:35:29+00:00","author":{"@id":"https:\/\/preprod.olympic.ca\/olympique\/#\/schema\/person\/fcff0d04b3be8cf8db300b91bccb7af4"},"inLanguage":"fr-FR","potentialAction":[{"@type":"ReadAction","target":["https:\/\/preprod.olympic.ca\/olympique\/2016\/08\/06\/mainville-van-langehem-ruck-et-oleksiak-remportent-la-premiere-medaille-du-canada-a-rio\/"]}]},{"@type":"ImageObject","inLanguage":"fr-FR","@id":"https:\/\/preprod.olympic.ca\/olympique\/2016\/08\/06\/mainville-van-langehem-ruck-et-oleksiak-remportent-la-premiere-medaille-du-canada-a-rio\/#primaryimage","url":"https:\/\/preprod.olympic.ca\/olympique\/wp-content\/uploads\/sites\/2\/2016\/08\/210a3711.jpg?quality=100","contentUrl":"https:\/\/preprod.olympic.ca\/olympique\/wp-content\/uploads\/sites\/2\/2016\/08\/210a3711.jpg?quality=100","width":5760,"height":3840},{"@type":"WebSite","@id":"https:\/\/preprod.olympic.ca\/olympique\/#website","url":"https:\/\/preprod.olympic.ca\/olympique\/","name":"\u00c9quipe Canada | Site officiel de l&#039;\u00e9quipe olympique","description":"Votre source pour l\u2019\u00c9quipe olympique canadienne. Retrouvez les r\u00e9cits, vid\u00e9os et photos des athl\u00e8tes canadiens, sports olympiques, Jeux olympiques de 2020 et bien plus!","potentialAction":[{"@type":"SearchAction","target":{"@type":"EntryPoint","urlTemplate":"https:\/\/preprod.olympic.ca\/olympique\/?s={search_term_string}"},"query-input":{"@type":"PropertyValueSpecification","valueRequired":true,"valueName":"search_term_string"}}],"inLanguage":"fr-FR"},{"@type":"Person","@id":"https:\/\/preprod.olympic.ca\/olympique\/#\/schema\/person\/fcff0d04b3be8cf8db300b91bccb7af4","name":"Steve Boudreau","image":{"@type":"ImageObject","inLanguage":"fr-FR","@id":"https:\/\/secure.gravatar.com\/avatar\/336c6be93b523130336d384227371a495c6bb9057a12c48ad1770e1a6a57006b?s=96&d=identicon&r=geab05ffb592a23c798f7bf61ed1f5f18","url":"https:\/\/secure.gravatar.com\/avatar\/336c6be93b523130336d384227371a495c6bb9057a12c48ad1770e1a6a57006b?s=96&d=identicon&r=g","contentUrl":"https:\/\/secure.gravatar.com\/avatar\/336c6be93b523130336d384227371a495c6bb9057a12c48ad1770e1a6a57006b?s=96&d=identicon&r=g","caption":"Steve Boudreau"},"description":"R\u00e9dacteur, m\u00e9dias sociaux - @Sboudreau","sameAs":["http:\/\/sboudreau49.wordpress.com"],"url":"https:\/\/preprod.olympic.ca\/olympique\/author\/sboudreau2013\/"}]}},"jetpack_featured_media_url":"https:\/\/preprod.olympic.ca\/olympique\/wp-content\/uploads\/sites\/2\/2016\/08\/210a3711.jpg?quality=100","featured_image_url":"https:\/\/preprod.olympic.ca\/olympique\/wp-content\/uploads\/sites\/2\/2016\/08\/210a3711.jpg?quality=100","author_name":["Steve Boudreau"],"category_names":["Uncategorized"],"tag_names":["Chantal Van Landeghem","Penny Oleksiak","rio2016results","Sandrine Mainville","Taylor Ruck"],"video_embed_code":"","facebook_video_embed_code":"","jetpack_sharing_enabled":true,"jetpack-related-posts":[],"jetpack_shortlink":"https:\/\/wp.me\/pcGHcP-vox","_links":{"self":[{"href":"https:\/\/preprod.olympic.ca\/olympique\/wp-json\/wp\/v2\/posts\/120685","targetHints":{"allow":["GET"]}}],"collection":[{"href":"https:\/\/preprod.olympic.ca\/olympique\/wp-json\/wp\/v2\/posts"}],"about":[{"href":"https:\/\/preprod.olympic.ca\/olympique\/wp-json\/wp\/v2\/types\/post"}],"author":[{"embeddable":true,"href":"https:\/\/preprod.olympic.ca\/olympique\/wp-json\/wp\/v2\/users\/55751844"}],"replies":[{"embeddable":true,"href":"https:\/\/preprod.olympic.ca\/olympique\/wp-json\/wp\/v2\/comments?post=120685"}],"version-history":[{"count":12,"href":"https:\/\/preprod.olympic.ca\/olympique\/wp-json\/wp\/v2\/posts\/120685\/revisions"}],"predecessor-version":[{"id":191422,"href":"https:\/\/preprod.olympic.ca\/olympique\/wp-json\/wp\/v2\/posts\/120685\/revisions\/191422"}],"wp:featuredmedia":[{"embeddable":true,"href":"https:\/\/preprod.olympic.ca\/olympique\/wp-json\/wp\/v2\/media\/120702"}],"wp:attachment":[{"href":"https:\/\/preprod.olympic.ca\/olympique\/wp-json\/wp\/v2\/media?parent=120685"}],"wp:term":[{"taxonomy":"category","embeddable":true,"href":"https:\/\/preprod.olympic.ca\/olympique\/wp-json\/wp\/v2\/categories?post=120685"},{"taxonomy":"post_tag","embeddable":true,"href":"https:\/\/preprod.olympic.ca\/olympique\/wp-json\/wp\/v2\/tags?post=120685"},{"taxonomy":"post_format","embeddable":true,"href":"https:\/\/preprod.olympic.ca\/olympique\/wp-json\/wp\/v2\/post_format?post=120685"},{"taxonomy":"sport","embeddable":true,"href":"https:\/\/preprod.olympic.ca\/olympique\/wp-json\/wp\/v2\/sport?post=120685"},{"taxonomy":"game","embeddable":true,"href":"https:\/\/preprod.olympic.ca\/olympique\/wp-json\/wp\/v2\/game?post=120685"},{"taxonomy":"author","embeddable":true,"href":"https:\/\/preprod.olympic.ca\/olympique\/wp-json\/wp\/v2\/coauthors?post=120685"}],"curies":[{"name":"wp","href":"https:\/\/api.w.org\/{rel}","templated":true}]}}