{"id":125460,"date":"2016-12-09T15:00:21","date_gmt":"2016-12-09T20:00:21","guid":{"rendered":"http:\/\/olympique.ca\/?p=125460"},"modified":"2016-12-10T11:55:25","modified_gmt":"2016-12-10T16:55:25","slug":"un-debut-de-saison-en-or-pour-marielle-thompson","status":"publish","type":"post","link":"https:\/\/preprod.olympic.ca\/olympique\/2016\/12\/09\/un-debut-de-saison-en-or-pour-marielle-thompson\/","title":{"rendered":"Ski cross\u00a0: L\u2019or pour Marielle Thompson, l\u2019argent pour Brady Leman \u00e0 la premi\u00e8re coupe du monde de la saison"},"content":{"rendered":"<h1>Brady Leman a donn\u00e9 au Canada sa deuxi\u00e8me m\u00e9daille en deux jours \u00e0 la premi\u00e8re coupe du monde de la saison disput\u00e9e \u00e0 Val Thorens, en France, samedi.<\/h1>\n<p>Apr\u00e8s Marielle Thompson, c&rsquo;\u00e9tait au tour de <a href=\"http:\/\/olympique.ca\/team-canada\/brady-leman\/\">Brady Leman<\/a> de se hisser jusqu&rsquo;au podium\u00a0de Val Thorens. Le Canadien qui \u00a0a \u00e9t\u00e9 en mesure de prot\u00e9ger sa deuxi\u00e8me position tout au long du grand et complexe parcours fran\u00e7ais s&rsquo;est ainsi empar\u00e9 de sa 16<sup>e<\/sup> m\u00e9daille de Coupe du monde en carri\u00e8re.<\/p>\n<p><span class=\"embed-youtube\" style=\"text-align:center; display: block;\"><iframe loading=\"lazy\" class=\"youtube-player\" width=\"1360\" height=\"765\" src=\"https:\/\/www.youtube.com\/embed\/VfHeiWPZ73w?version=3&#038;rel=1&#038;showsearch=0&#038;showinfo=1&#038;iv_load_policy=1&#038;fs=1&#038;hl=fr-FR&#038;autohide=2&#038;wmode=transparent\" allowfullscreen=\"true\" style=\"border:0;\" sandbox=\"allow-scripts allow-same-origin allow-popups allow-presentation allow-popups-to-escape-sandbox\"><\/iframe><\/span><\/p>\n<p>Le Suisse Alex Fiva a arrach\u00e9 la victoire de cette finale \u00e0 quatre alors que le Su\u00e9dois Viktor Andersson est reparti avec le bronze.<\/p>\n<p>\u00ab J&rsquo;ai du livrer mon meilleur ski aujourd&rsquo;hui pour prendre le deuxi\u00e8me rang, a dit Leman. Je n&rsquo;ai pas connu le meilleur des d\u00e9parts et lorsqu&rsquo;on se mesure \u00e0 des skieurs comme Alex, c&rsquo;est difficile de se ressaisir.\u00a0\u00bb<\/p>\n<p>Seule repr\u00e9sentante canadienne dans la finale f\u00e9minine, Kelsey Serwa a termin\u00e9 au pied du podium, en quatri\u00e8me place. Marielle Thompson qui a remport\u00e9 l\u2019\u00e9preuve vendredi n\u2019a pas \u00e9t\u00e9 en mesure d\u2019assurer sa place dans la\u00a0finale de samedi et a d\u00fb se contenter d\u2019un cinqui\u00e8me rang.<\/p>\n<h2>Vendredi<\/h2>\n<p>C\u2019est sur le tout nouveau parcours de Val Thorens que la Canadienne <a href=\"http:\/\/olympique.ca\/team-canada\/marielle-thompson\/\">Marielle Thompson<\/a> s\u2019est empar\u00e9e de la premi\u00e8re m\u00e9daille d\u2019or de la saison pr\u00e9olympique en ski cross, vendredi.<\/p>\n<p><a href=\"http:\/\/olympique.ca\/2014\/02\/21\/double-canadien-en-ski-cross-feminin\/\">La championne de Sotchi\u00a02014<\/a> a su tirer avantage du parcours plus techniquement difficile que les ann\u00e9es pr\u00e9c\u00e9dentes. Troisi\u00e8me aux deux premiers tiers de la course, la Canadienne s\u2019est montr\u00e9e patiente et a pu profiter de la chute des meneuses, les Su\u00e9doises Sandra Naeslund et Anna Holmlund, pour passer le fil d\u2019arriv\u00e9e en premi\u00e8re place.<\/p>\n<p><span class=\"embed-youtube\" style=\"text-align:center; display: block;\"><iframe loading=\"lazy\" class=\"youtube-player\" width=\"1360\" height=\"765\" src=\"https:\/\/www.youtube.com\/embed\/fzL0Qss-3RY?version=3&#038;rel=1&#038;showsearch=0&#038;showinfo=1&#038;iv_load_policy=1&#038;fs=1&#038;hl=fr-FR&#038;autohide=2&#038;wmode=transparent\" allowfullscreen=\"true\" style=\"border:0;\" sandbox=\"allow-scripts allow-same-origin allow-popups allow-presentation allow-popups-to-escape-sandbox\"><\/iframe><\/span><\/p>\n<p>Fanny Smith de la Suisse a elle aussi tir\u00e9 profit de la chute des Scandinaves pour passer du quatri\u00e8me au deuxi\u00e8me rang. Sandra Naeslund est repartie avec le bronze.<\/p>\n<p>Les skieuses seront de retour en piste samedi pour la deuxi\u00e8me course pr\u00e9vue \u00e0 l\u2019horaire de Val Thorens. Marielle Thompson tentera de r\u00e9p\u00e9ter son exploit d&rsquo;il y a deux ans\u00a0et s\u2019emparer de l\u2019or pour une seconde fois en deux jours. \u00ab\u00a0J\u2019esp\u00e8re mieux skier demain puisque j\u2019ai fait quelques erreurs aujourd\u2019hui, a confi\u00e9 la m\u00e9daill\u00e9e d\u2019or \u00e0 Canada alpin. Je vais me concentrer sur mes d\u00e9parts demain et tenter de prendre les devants plus t\u00f4t dans la course.\u00a0\u00bb<\/p>\n","protected":false},"excerpt":{"rendered":"<p>Brady Leman a donn\u00e9 au Canada sa deuxi\u00e8me m\u00e9daille en deux jours \u00e0 la premi\u00e8re coupe du monde de la&#8230;<\/p>\n","protected":false},"author":96107080,"featured_media":125462,"comment_status":"open","ping_status":"closed","sticky":false,"template":"","format":"standard","meta":{"_acf_changed":false,"_jetpack_memberships_contains_paid_content":false,"footnotes":""},"categories":[1],"tags":[77723950,77723951,5460672,415984344,415567454],"post_format":"standard","sport":[2836518],"game":[],"coauthors":[209272438],"class_list":["post-125460","post","type-post","status-publish","format-standard","has-post-thumbnail","hentry","category-uncategorized","tag-brady-leman","tag-marielle-thompson","tag-ski-cross","tag-skicross","tag-val-thorens","sport-ski-alpin"],"acf":[],"yoast_head":"<!-- This site is optimized with the Yoast SEO plugin v27.3 - https:\/\/yoast.com\/product\/yoast-seo-wordpress\/ -->\n<title>Ski cross\u00a0: L\u2019or pour Marielle Thompson, l\u2019argent pour Brady Leman \u00e0 la premi\u00e8re coupe du monde de la saison - \u00c9quipe Canada | Site officiel de l&#039;\u00e9quipe olympique<\/title>\n<meta name=\"robots\" content=\"index, follow, max-snippet:-1, max-image-preview:large, max-video-preview:-1\" \/>\n<link rel=\"canonical\" href=\"https:\/\/preprod.olympic.ca\/olympique\/2016\/12\/09\/un-debut-de-saison-en-or-pour-marielle-thompson\/\" \/>\n<meta property=\"og:locale\" content=\"fr_FR\" \/>\n<meta property=\"og:type\" content=\"article\" \/>\n<meta property=\"og:title\" content=\"Ski cross\u00a0: L\u2019or pour Marielle Thompson, l\u2019argent pour Brady Leman \u00e0 la premi\u00e8re coupe du monde de la saison - \u00c9quipe Canada | Site officiel de l&#039;\u00e9quipe olympique\" \/>\n<meta property=\"og:description\" content=\"Brady Leman a donn\u00e9 au Canada sa deuxi\u00e8me m\u00e9daille en deux jours \u00e0 la premi\u00e8re coupe du monde de la...\" \/>\n<meta property=\"og:url\" content=\"https:\/\/preprod.olympic.ca\/olympique\/2016\/12\/09\/un-debut-de-saison-en-or-pour-marielle-thompson\/\" \/>\n<meta property=\"og:site_name\" content=\"\u00c9quipe Canada | Site officiel de l&#039;\u00e9quipe olympique\" \/>\n<meta property=\"article:published_time\" content=\"2016-12-09T20:00:21+00:00\" \/>\n<meta property=\"article:modified_time\" content=\"2016-12-10T16:55:25+00:00\" \/>\n<meta property=\"og:image\" content=\"https:\/\/preprod.olympic.ca\/olympique\/wp-content\/uploads\/sites\/2\/2016\/12\/thompson1.jpg?quality=100\" \/>\n\t<meta property=\"og:image:width\" content=\"1340\" \/>\n\t<meta property=\"og:image:height\" content=\"754\" \/>\n\t<meta property=\"og:image:type\" content=\"image\/jpeg\" \/>\n<meta name=\"author\" content=\"Ariane Desrosiers\" \/>\n<meta name=\"twitter:card\" content=\"summary_large_image\" \/>\n<meta name=\"twitter:label1\" content=\"Written by\" \/>\n\t<meta name=\"twitter:data1\" content=\"Ariane Desrosiers\" \/>\n\t<meta name=\"twitter:label2\" content=\"Est. reading time\" \/>\n\t<meta name=\"twitter:data2\" content=\"2 minutes\" \/>\n<script type=\"application\/ld+json\" class=\"yoast-schema-graph\">{\"@context\":\"https:\\\/\\\/schema.org\",\"@graph\":[{\"@type\":\"Article\",\"@id\":\"https:\\\/\\\/preprod.olympic.ca\\\/olympique\\\/2016\\\/12\\\/09\\\/un-debut-de-saison-en-or-pour-marielle-thompson\\\/#article\",\"isPartOf\":{\"@id\":\"https:\\\/\\\/preprod.olympic.ca\\\/olympique\\\/2016\\\/12\\\/09\\\/un-debut-de-saison-en-or-pour-marielle-thompson\\\/\"},\"author\":{\"name\":\"Ariane Desrosiers\",\"@id\":\"https:\\\/\\\/preprod.olympic.ca\\\/olympique\\\/#\\\/schema\\\/person\\\/ae879cc7903f703b76ee14154862eb23\"},\"headline\":\"Ski cross\u00a0: L\u2019or pour Marielle Thompson, l\u2019argent pour Brady Leman \u00e0 la premi\u00e8re coupe du monde de la saison\",\"datePublished\":\"2016-12-09T20:00:21+00:00\",\"dateModified\":\"2016-12-10T16:55:25+00:00\",\"mainEntityOfPage\":{\"@id\":\"https:\\\/\\\/preprod.olympic.ca\\\/olympique\\\/2016\\\/12\\\/09\\\/un-debut-de-saison-en-or-pour-marielle-thompson\\\/\"},\"wordCount\":474,\"commentCount\":0,\"image\":{\"@id\":\"https:\\\/\\\/preprod.olympic.ca\\\/olympique\\\/2016\\\/12\\\/09\\\/un-debut-de-saison-en-or-pour-marielle-thompson\\\/#primaryimage\"},\"thumbnailUrl\":\"https:\\\/\\\/preprod.olympic.ca\\\/olympique\\\/wp-content\\\/uploads\\\/sites\\\/2\\\/2016\\\/12\\\/thompson1.jpg?quality=100\",\"keywords\":[\"Brady Leman\",\"Marielle Thompson\",\"Ski cross\",\"skicross\",\"Val Thorens\"],\"articleSection\":[\"Uncategorized\"],\"inLanguage\":\"fr-FR\",\"potentialAction\":[{\"@type\":\"CommentAction\",\"name\":\"Comment\",\"target\":[\"https:\\\/\\\/preprod.olympic.ca\\\/olympique\\\/2016\\\/12\\\/09\\\/un-debut-de-saison-en-or-pour-marielle-thompson\\\/#respond\"]}]},{\"@type\":\"WebPage\",\"@id\":\"https:\\\/\\\/preprod.olympic.ca\\\/olympique\\\/2016\\\/12\\\/09\\\/un-debut-de-saison-en-or-pour-marielle-thompson\\\/\",\"url\":\"https:\\\/\\\/preprod.olympic.ca\\\/olympique\\\/2016\\\/12\\\/09\\\/un-debut-de-saison-en-or-pour-marielle-thompson\\\/\",\"name\":\"Ski cross\u00a0: L\u2019or pour Marielle Thompson, l\u2019argent pour Brady Leman \u00e0 la premi\u00e8re coupe du monde de la saison - \u00c9quipe Canada | Site officiel de l&#039;\u00e9quipe olympique\",\"isPartOf\":{\"@id\":\"https:\\\/\\\/preprod.olympic.ca\\\/olympique\\\/#website\"},\"primaryImageOfPage\":{\"@id\":\"https:\\\/\\\/preprod.olympic.ca\\\/olympique\\\/2016\\\/12\\\/09\\\/un-debut-de-saison-en-or-pour-marielle-thompson\\\/#primaryimage\"},\"image\":{\"@id\":\"https:\\\/\\\/preprod.olympic.ca\\\/olympique\\\/2016\\\/12\\\/09\\\/un-debut-de-saison-en-or-pour-marielle-thompson\\\/#primaryimage\"},\"thumbnailUrl\":\"https:\\\/\\\/preprod.olympic.ca\\\/olympique\\\/wp-content\\\/uploads\\\/sites\\\/2\\\/2016\\\/12\\\/thompson1.jpg?quality=100\",\"datePublished\":\"2016-12-09T20:00:21+00:00\",\"dateModified\":\"2016-12-10T16:55:25+00:00\",\"author\":{\"@id\":\"https:\\\/\\\/preprod.olympic.ca\\\/olympique\\\/#\\\/schema\\\/person\\\/ae879cc7903f703b76ee14154862eb23\"},\"inLanguage\":\"fr-FR\",\"potentialAction\":[{\"@type\":\"ReadAction\",\"target\":[\"https:\\\/\\\/preprod.olympic.ca\\\/olympique\\\/2016\\\/12\\\/09\\\/un-debut-de-saison-en-or-pour-marielle-thompson\\\/\"]}]},{\"@type\":\"ImageObject\",\"inLanguage\":\"fr-FR\",\"@id\":\"https:\\\/\\\/preprod.olympic.ca\\\/olympique\\\/2016\\\/12\\\/09\\\/un-debut-de-saison-en-or-pour-marielle-thompson\\\/#primaryimage\",\"url\":\"https:\\\/\\\/preprod.olympic.ca\\\/olympique\\\/wp-content\\\/uploads\\\/sites\\\/2\\\/2016\\\/12\\\/thompson1.jpg?quality=100\",\"contentUrl\":\"https:\\\/\\\/preprod.olympic.ca\\\/olympique\\\/wp-content\\\/uploads\\\/sites\\\/2\\\/2016\\\/12\\\/thompson1.jpg?quality=100\",\"width\":1340,\"height\":754},{\"@type\":\"WebSite\",\"@id\":\"https:\\\/\\\/preprod.olympic.ca\\\/olympique\\\/#website\",\"url\":\"https:\\\/\\\/preprod.olympic.ca\\\/olympique\\\/\",\"name\":\"\u00c9quipe Canada | Site officiel de l&#039;\u00e9quipe olympique\",\"description\":\"Votre source pour l\u2019\u00c9quipe olympique canadienne. Retrouvez les r\u00e9cits, vid\u00e9os et photos des athl\u00e8tes canadiens, sports olympiques, Jeux olympiques de 2020 et bien plus!\",\"potentialAction\":[{\"@type\":\"SearchAction\",\"target\":{\"@type\":\"EntryPoint\",\"urlTemplate\":\"https:\\\/\\\/preprod.olympic.ca\\\/olympique\\\/?s={search_term_string}\"},\"query-input\":{\"@type\":\"PropertyValueSpecification\",\"valueRequired\":true,\"valueName\":\"search_term_string\"}}],\"inLanguage\":\"fr-FR\"},{\"@type\":\"Person\",\"@id\":\"https:\\\/\\\/preprod.olympic.ca\\\/olympique\\\/#\\\/schema\\\/person\\\/ae879cc7903f703b76ee14154862eb23\",\"name\":\"Ariane Desrosiers\",\"image\":{\"@type\":\"ImageObject\",\"inLanguage\":\"fr-FR\",\"@id\":\"https:\\\/\\\/secure.gravatar.com\\\/avatar\\\/f7248cc9e6971153fdd196741b079c0229522d18a24f1fb69fb73c510aa6e189?s=96&d=identicon&r=gbd92884420bbfa56539e46241678b7d5\",\"url\":\"https:\\\/\\\/secure.gravatar.com\\\/avatar\\\/f7248cc9e6971153fdd196741b079c0229522d18a24f1fb69fb73c510aa6e189?s=96&d=identicon&r=g\",\"contentUrl\":\"https:\\\/\\\/secure.gravatar.com\\\/avatar\\\/f7248cc9e6971153fdd196741b079c0229522d18a24f1fb69fb73c510aa6e189?s=96&d=identicon&r=g\",\"caption\":\"Ariane Desrosiers\"},\"description\":\"Specialist, Social Sp\u00e9cialiste, M\u00e9dias num\u00e9riques\",\"url\":\"https:\\\/\\\/preprod.olympic.ca\\\/olympique\\\/author\\\/arianedesrosiers\\\/\"}]}<\/script>\n<!-- \/ Yoast SEO plugin. -->","yoast_head_json":{"title":"Ski cross\u00a0: L\u2019or pour Marielle Thompson, l\u2019argent pour Brady Leman \u00e0 la premi\u00e8re coupe du monde de la saison - \u00c9quipe Canada | Site officiel de l&#039;\u00e9quipe olympique","robots":{"index":"index","follow":"follow","max-snippet":"max-snippet:-1","max-image-preview":"max-image-preview:large","max-video-preview":"max-video-preview:-1"},"canonical":"https:\/\/preprod.olympic.ca\/olympique\/2016\/12\/09\/un-debut-de-saison-en-or-pour-marielle-thompson\/","og_locale":"fr_FR","og_type":"article","og_title":"Ski cross\u00a0: L\u2019or pour Marielle Thompson, l\u2019argent pour Brady Leman \u00e0 la premi\u00e8re coupe du monde de la saison - \u00c9quipe Canada | Site officiel de l&#039;\u00e9quipe olympique","og_description":"Brady Leman a donn\u00e9 au Canada sa deuxi\u00e8me m\u00e9daille en deux jours \u00e0 la premi\u00e8re coupe du monde de la...","og_url":"https:\/\/preprod.olympic.ca\/olympique\/2016\/12\/09\/un-debut-de-saison-en-or-pour-marielle-thompson\/","og_site_name":"\u00c9quipe Canada | Site officiel de l&#039;\u00e9quipe olympique","article_published_time":"2016-12-09T20:00:21+00:00","article_modified_time":"2016-12-10T16:55:25+00:00","og_image":[{"width":1340,"height":754,"url":"https:\/\/preprod.olympic.ca\/olympique\/wp-content\/uploads\/sites\/2\/2016\/12\/thompson1.jpg?quality=100","type":"image\/jpeg"}],"author":"Ariane Desrosiers","twitter_card":"summary_large_image","twitter_misc":{"Written by":"Ariane Desrosiers","Est. reading time":"2 minutes"},"schema":{"@context":"https:\/\/schema.org","@graph":[{"@type":"Article","@id":"https:\/\/preprod.olympic.ca\/olympique\/2016\/12\/09\/un-debut-de-saison-en-or-pour-marielle-thompson\/#article","isPartOf":{"@id":"https:\/\/preprod.olympic.ca\/olympique\/2016\/12\/09\/un-debut-de-saison-en-or-pour-marielle-thompson\/"},"author":{"name":"Ariane Desrosiers","@id":"https:\/\/preprod.olympic.ca\/olympique\/#\/schema\/person\/ae879cc7903f703b76ee14154862eb23"},"headline":"Ski cross\u00a0: L\u2019or pour Marielle Thompson, l\u2019argent pour Brady Leman \u00e0 la premi\u00e8re coupe du monde de la saison","datePublished":"2016-12-09T20:00:21+00:00","dateModified":"2016-12-10T16:55:25+00:00","mainEntityOfPage":{"@id":"https:\/\/preprod.olympic.ca\/olympique\/2016\/12\/09\/un-debut-de-saison-en-or-pour-marielle-thompson\/"},"wordCount":474,"commentCount":0,"image":{"@id":"https:\/\/preprod.olympic.ca\/olympique\/2016\/12\/09\/un-debut-de-saison-en-or-pour-marielle-thompson\/#primaryimage"},"thumbnailUrl":"https:\/\/preprod.olympic.ca\/olympique\/wp-content\/uploads\/sites\/2\/2016\/12\/thompson1.jpg?quality=100","keywords":["Brady Leman","Marielle Thompson","Ski cross","skicross","Val Thorens"],"articleSection":["Uncategorized"],"inLanguage":"fr-FR","potentialAction":[{"@type":"CommentAction","name":"Comment","target":["https:\/\/preprod.olympic.ca\/olympique\/2016\/12\/09\/un-debut-de-saison-en-or-pour-marielle-thompson\/#respond"]}]},{"@type":"WebPage","@id":"https:\/\/preprod.olympic.ca\/olympique\/2016\/12\/09\/un-debut-de-saison-en-or-pour-marielle-thompson\/","url":"https:\/\/preprod.olympic.ca\/olympique\/2016\/12\/09\/un-debut-de-saison-en-or-pour-marielle-thompson\/","name":"Ski cross\u00a0: L\u2019or pour Marielle Thompson, l\u2019argent pour Brady Leman \u00e0 la premi\u00e8re coupe du monde de la saison - \u00c9quipe Canada | Site officiel de l&#039;\u00e9quipe olympique","isPartOf":{"@id":"https:\/\/preprod.olympic.ca\/olympique\/#website"},"primaryImageOfPage":{"@id":"https:\/\/preprod.olympic.ca\/olympique\/2016\/12\/09\/un-debut-de-saison-en-or-pour-marielle-thompson\/#primaryimage"},"image":{"@id":"https:\/\/preprod.olympic.ca\/olympique\/2016\/12\/09\/un-debut-de-saison-en-or-pour-marielle-thompson\/#primaryimage"},"thumbnailUrl":"https:\/\/preprod.olympic.ca\/olympique\/wp-content\/uploads\/sites\/2\/2016\/12\/thompson1.jpg?quality=100","datePublished":"2016-12-09T20:00:21+00:00","dateModified":"2016-12-10T16:55:25+00:00","author":{"@id":"https:\/\/preprod.olympic.ca\/olympique\/#\/schema\/person\/ae879cc7903f703b76ee14154862eb23"},"inLanguage":"fr-FR","potentialAction":[{"@type":"ReadAction","target":["https:\/\/preprod.olympic.ca\/olympique\/2016\/12\/09\/un-debut-de-saison-en-or-pour-marielle-thompson\/"]}]},{"@type":"ImageObject","inLanguage":"fr-FR","@id":"https:\/\/preprod.olympic.ca\/olympique\/2016\/12\/09\/un-debut-de-saison-en-or-pour-marielle-thompson\/#primaryimage","url":"https:\/\/preprod.olympic.ca\/olympique\/wp-content\/uploads\/sites\/2\/2016\/12\/thompson1.jpg?quality=100","contentUrl":"https:\/\/preprod.olympic.ca\/olympique\/wp-content\/uploads\/sites\/2\/2016\/12\/thompson1.jpg?quality=100","width":1340,"height":754},{"@type":"WebSite","@id":"https:\/\/preprod.olympic.ca\/olympique\/#website","url":"https:\/\/preprod.olympic.ca\/olympique\/","name":"\u00c9quipe Canada | Site officiel de l&#039;\u00e9quipe olympique","description":"Votre source pour l\u2019\u00c9quipe olympique canadienne. Retrouvez les r\u00e9cits, vid\u00e9os et photos des athl\u00e8tes canadiens, sports olympiques, Jeux olympiques de 2020 et bien plus!","potentialAction":[{"@type":"SearchAction","target":{"@type":"EntryPoint","urlTemplate":"https:\/\/preprod.olympic.ca\/olympique\/?s={search_term_string}"},"query-input":{"@type":"PropertyValueSpecification","valueRequired":true,"valueName":"search_term_string"}}],"inLanguage":"fr-FR"},{"@type":"Person","@id":"https:\/\/preprod.olympic.ca\/olympique\/#\/schema\/person\/ae879cc7903f703b76ee14154862eb23","name":"Ariane Desrosiers","image":{"@type":"ImageObject","inLanguage":"fr-FR","@id":"https:\/\/secure.gravatar.com\/avatar\/f7248cc9e6971153fdd196741b079c0229522d18a24f1fb69fb73c510aa6e189?s=96&d=identicon&r=gbd92884420bbfa56539e46241678b7d5","url":"https:\/\/secure.gravatar.com\/avatar\/f7248cc9e6971153fdd196741b079c0229522d18a24f1fb69fb73c510aa6e189?s=96&d=identicon&r=g","contentUrl":"https:\/\/secure.gravatar.com\/avatar\/f7248cc9e6971153fdd196741b079c0229522d18a24f1fb69fb73c510aa6e189?s=96&d=identicon&r=g","caption":"Ariane Desrosiers"},"description":"Specialist, Social Sp\u00e9cialiste, M\u00e9dias num\u00e9riques","url":"https:\/\/preprod.olympic.ca\/olympique\/author\/arianedesrosiers\/"}]}},"jetpack_featured_media_url":"https:\/\/preprod.olympic.ca\/olympique\/wp-content\/uploads\/sites\/2\/2016\/12\/thompson1.jpg?quality=100","featured_image_url":"https:\/\/preprod.olympic.ca\/olympique\/wp-content\/uploads\/sites\/2\/2016\/12\/thompson1.jpg?quality=100","author_name":["Ariane Desrosiers"],"category_names":["Uncategorized"],"tag_names":["Brady Leman","Marielle Thompson","Ski cross","skicross","Val Thorens"],"video_embed_code":"","facebook_video_embed_code":"","jetpack_sharing_enabled":true,"jetpack-related-posts":[],"jetpack_shortlink":"https:\/\/wp.me\/pcGHcP-wDy","_links":{"self":[{"href":"https:\/\/preprod.olympic.ca\/olympique\/wp-json\/wp\/v2\/posts\/125460","targetHints":{"allow":["GET"]}}],"collection":[{"href":"https:\/\/preprod.olympic.ca\/olympique\/wp-json\/wp\/v2\/posts"}],"about":[{"href":"https:\/\/preprod.olympic.ca\/olympique\/wp-json\/wp\/v2\/types\/post"}],"author":[{"embeddable":true,"href":"https:\/\/preprod.olympic.ca\/olympique\/wp-json\/wp\/v2\/users\/96107080"}],"replies":[{"embeddable":true,"href":"https:\/\/preprod.olympic.ca\/olympique\/wp-json\/wp\/v2\/comments?post=125460"}],"version-history":[{"count":6,"href":"https:\/\/preprod.olympic.ca\/olympique\/wp-json\/wp\/v2\/posts\/125460\/revisions"}],"predecessor-version":[{"id":125467,"href":"https:\/\/preprod.olympic.ca\/olympique\/wp-json\/wp\/v2\/posts\/125460\/revisions\/125467"}],"wp:featuredmedia":[{"embeddable":true,"href":"https:\/\/preprod.olympic.ca\/olympique\/wp-json\/wp\/v2\/media\/125462"}],"wp:attachment":[{"href":"https:\/\/preprod.olympic.ca\/olympique\/wp-json\/wp\/v2\/media?parent=125460"}],"wp:term":[{"taxonomy":"category","embeddable":true,"href":"https:\/\/preprod.olympic.ca\/olympique\/wp-json\/wp\/v2\/categories?post=125460"},{"taxonomy":"post_tag","embeddable":true,"href":"https:\/\/preprod.olympic.ca\/olympique\/wp-json\/wp\/v2\/tags?post=125460"},{"taxonomy":"post_format","embeddable":true,"href":"https:\/\/preprod.olympic.ca\/olympique\/wp-json\/wp\/v2\/post_format?post=125460"},{"taxonomy":"sport","embeddable":true,"href":"https:\/\/preprod.olympic.ca\/olympique\/wp-json\/wp\/v2\/sport?post=125460"},{"taxonomy":"game","embeddable":true,"href":"https:\/\/preprod.olympic.ca\/olympique\/wp-json\/wp\/v2\/game?post=125460"},{"taxonomy":"author","embeddable":true,"href":"https:\/\/preprod.olympic.ca\/olympique\/wp-json\/wp\/v2\/coauthors?post=125460"}],"curies":[{"name":"wp","href":"https:\/\/api.w.org\/{rel}","templated":true}]}}