{"id":126778,"date":"2017-02-25T10:31:24","date_gmt":"2017-02-25T15:31:24","guid":{"rendered":"http:\/\/olympique.ca\/?p=126778"},"modified":"2017-02-25T10:40:59","modified_gmt":"2017-02-25T15:40:59","slug":"marielle-thompson-sempare-de-la-victoire-et-du-globe-de-cristal-en-ski-cross","status":"publish","type":"post","link":"https:\/\/preprod.olympic.ca\/olympique\/2017\/02\/25\/marielle-thompson-sempare-de-la-victoire-et-du-globe-de-cristal-en-ski-cross\/","title":{"rendered":"Marielle Thompson s&#8217;empare de la victoire et du globe de cristal en ski cross"},"content":{"rendered":"<h1><a href=\"http:\/\/olympique.ca\/team-canada\/marielle-thompson\/\">Marielle Thompson<\/a> a une fois de plus prouv\u00e9 qu\u2019elle \u00e9tait la reine du ski cross.<\/h1>\n<h1>Samedi, la <a href=\"http:\/\/olympique.ca\/2014\/02\/21\/double-canadien-en-ski-cross-feminin\/\">championne olympique<\/a> a sign\u00e9 sa sixi\u00e8me victoire sur le circuit cette saison\u00a0lors du\u00a0dernier arr\u00eat\u00a0avant les finales du circuit pr\u00e9sent\u00e9es au Canada le week-end prochain.<\/h1>\n<p><span class=\"embed-youtube\" style=\"text-align:center; display: block;\"><iframe loading=\"lazy\" class=\"youtube-player\" width=\"1360\" height=\"765\" src=\"https:\/\/www.youtube.com\/embed\/WEyvdD5hnRQ?version=3&#038;rel=1&#038;showsearch=0&#038;showinfo=1&#038;iv_load_policy=1&#038;fs=1&#038;hl=fr-FR&#038;autohide=2&#038;wmode=transparent\" allowfullscreen=\"true\" style=\"border:0;\" sandbox=\"allow-scripts allow-same-origin allow-popups allow-presentation allow-popups-to-escape-sandbox\"><\/iframe><\/span><\/p>\n<p>Marielle a livr\u00e9 une chaude lutte dans la finale de Sunny Valley (Russie) qui a n\u00e9cessit\u00e9 la <em>photofinish<\/em>. Premi\u00e8re \u00e0 sortir des blocs, Marielle a men\u00e9 la charge jusqu\u2019\u00e0 ce que la Su\u00e9doise Sandra Naeslund profite, \u00e0 la mi-course, d\u2019une sortie \u00a0de courbe boiteuse\u00a0de Thompson pour s\u2019emparer de la t\u00eate. Une fin de parcours sans tracas a permis \u00e0 Marielle de rattraper sa rivale et de la d\u00e9passer au fil d\u2019arriv\u00e9e.<\/p>\n<div id=\"attachment_126779\" style=\"width: 1345px\" class=\"wp-caption alignnone\"><img loading=\"lazy\" decoding=\"async\" aria-describedby=\"caption-attachment-126779\" class=\"wp-image-126779 size-large\" src=\"https:\/\/preprod.olympic.ca\/wp-content\/uploads\/sites\/2\/2017\/02\/screen-shot-2017-02-25-at-10-06-32-am-e1488035563397.png?w=1335\" alt=\"La finale de samedi a n\u00e9cessit\u00e9 la photofinish pour d\u00e9termin\u00e9 qui de Marielle Thompson (en avant plan) ou Sandra Naeslund remporterait la victoire. (Photo : FIS)\" width=\"1335\" height=\"754\" srcset=\"https:\/\/preprod.olympic.ca\/olympique\/wp-content\/uploads\/sites\/2\/2017\/02\/screen-shot-2017-02-25-at-10-06-32-am-e1488035563397.png 1340w, https:\/\/preprod.olympic.ca\/olympique\/wp-content\/uploads\/sites\/2\/2017\/02\/screen-shot-2017-02-25-at-10-06-32-am-e1488035563397.png?resize=280,158 280w, https:\/\/preprod.olympic.ca\/olympique\/wp-content\/uploads\/sites\/2\/2017\/02\/screen-shot-2017-02-25-at-10-06-32-am-e1488035563397.png?resize=657,371 657w, https:\/\/preprod.olympic.ca\/olympique\/wp-content\/uploads\/sites\/2\/2017\/02\/screen-shot-2017-02-25-at-10-06-32-am-e1488035563397.png?resize=768,434 768w, https:\/\/preprod.olympic.ca\/olympique\/wp-content\/uploads\/sites\/2\/2017\/02\/screen-shot-2017-02-25-at-10-06-32-am-e1488035563397.png?resize=1335,754 1335w\" sizes=\"(max-width: 1335px) 100vw, 1335px\" \/><p id=\"caption-attachment-126779\" class=\"wp-caption-text\">La finale de samedi a n\u00e9cessit\u00e9 la photofinish pour d\u00e9terminer qui de Marielle Thompson (en avant plan) ou Sandra Naeslund remporterait la victoire. (Photo : FIS)<\/p><\/div>\n<p>\u00ab\u00a0Je savais que j\u2019avais un bon \u00e9lan en \u00e9tant dans les talons de Sandra et je savais que je pouvais\u00a0peut-\u00eatre la d\u00e9passer \u00e0 la ligne \u00bb, a dit Thompson en souriant dans une entrevue d\u2019apr\u00e8s course.<\/p>\n<p>La Fran\u00e7aise Oph\u00e9lie David a compl\u00e9t\u00e9 le podium.<\/p>\n<p>Avec ses <a href=\"http:\/\/olympique.ca\/2017\/02\/12\/marielle-thompson-et-brady-leman-au-sommet-du-podium-en-suede\/\">six victoires et une deuxi\u00e8me place<\/a>, la Canadienne est aussi assur\u00e9e de repartir avec le globe de cristal peu importe l\u2019issue des courses disput\u00e9es \u00e0 Blue Mountain, en Ontario, la fin de semaine prochaine.<\/p>\n<div id=\"attachment_126780\" style=\"width: 1350px\" class=\"wp-caption alignnone\"><img loading=\"lazy\" decoding=\"async\" aria-describedby=\"caption-attachment-126780\" class=\"size-full wp-image-126780\" src=\"https:\/\/preprod.olympic.ca\/wp-content\/uploads\/sites\/2\/2017\/02\/thompson-2.jpg?quality=75\" alt=\"Sandra Naeslund et Marielle Thompson \u00e0 la Coupe du monde de Idre Fjall, en Su\u00e8de, le 12 f\u00e9vrier 2017. Photo: Christine Olsson \/TT News Agency\" width=\"1340\" height=\"754\" srcset=\"https:\/\/preprod.olympic.ca\/olympique\/wp-content\/uploads\/sites\/2\/2017\/02\/thompson-2.jpg 1340w, https:\/\/preprod.olympic.ca\/olympique\/wp-content\/uploads\/sites\/2\/2017\/02\/thompson-2.jpg?resize=280,158 280w, https:\/\/preprod.olympic.ca\/olympique\/wp-content\/uploads\/sites\/2\/2017\/02\/thompson-2.jpg?resize=660,371 660w, https:\/\/preprod.olympic.ca\/olympique\/wp-content\/uploads\/sites\/2\/2017\/02\/thompson-2.jpg?resize=768,432 768w\" sizes=\"(max-width: 1340px) 100vw, 1340px\" \/><p id=\"caption-attachment-126780\" class=\"wp-caption-text\">Sandra Naeslund et Marielle Thompson \u00e0 la Coupe du monde de Idre Fjall, en Su\u00e8de, le 12 f\u00e9vrier 2017. Photo: Christine Olsson \/TT News Agency<\/p><\/div>\n<p>\u00ab\u00a0Je suis trop contente d\u2019avoir mis le grappin sur le globe, a dit la Canadienne dans un communiqu\u00e9 de la F\u00e9d\u00e9ration internationale de ski. C\u2019\u00e9tait mon plan de match aujourd\u2019hui de bien skier, gagner la course et rendre le tout officiel. J\u2019aurai donc vraiment moins de pression sur les \u00e9paules quand je courserai \u00e0 la maison le week-end prochain.\u00a0\u00bb<\/p>\n<p>Les partisans canadiens auront la chance de voir Marielle et la troupe d\u2019Alpine Canada alpin en action la fin de semaine prochaine aux Finales de la Coupe du monde \u00e0 Blue Mountain. C\u2019est aussi aussi \u00e0 ce moment que Marielle se vera remettre le prestigieux globe de cristal.<\/p>\n","protected":false},"excerpt":{"rendered":"<p>Marielle Thompson a une fois de plus prouv\u00e9 qu\u2019elle \u00e9tait la reine du ski cross. Samedi, la championne olympique a&#8230;<\/p>\n","protected":false},"author":96107080,"featured_media":126781,"comment_status":"open","ping_status":"closed","sticky":false,"template":"","format":"standard","meta":{"_acf_changed":false,"_jetpack_memberships_contains_paid_content":false,"footnotes":""},"categories":[1],"tags":[33146683,77723951,5460672,415984627],"post_format":"standard","sport":[181823549,2836518],"game":[],"coauthors":[209272438],"class_list":["post-126778","post","type-post","status-publish","format-standard","has-post-thumbnail","hentry","category-uncategorized","tag-globe-de-cristal","tag-marielle-thompson","tag-ski-cross","tag-sunny-valley","sport-ski-ski-acrobatique","sport-ski-alpin"],"acf":[],"yoast_head":"<!-- This site is optimized with the Yoast SEO plugin v27.3 - https:\/\/yoast.com\/product\/yoast-seo-wordpress\/ -->\n<title>Marielle Thompson s&#039;empare de la victoire et du globe de cristal en ski cross - \u00c9quipe Canada | Site officiel de l&#039;\u00e9quipe olympique<\/title>\n<meta name=\"robots\" content=\"index, follow, max-snippet:-1, max-image-preview:large, max-video-preview:-1\" \/>\n<link rel=\"canonical\" href=\"https:\/\/preprod.olympic.ca\/olympique\/2017\/02\/25\/marielle-thompson-sempare-de-la-victoire-et-du-globe-de-cristal-en-ski-cross\/\" \/>\n<meta property=\"og:locale\" content=\"fr_FR\" \/>\n<meta property=\"og:type\" content=\"article\" \/>\n<meta property=\"og:title\" content=\"Marielle Thompson s&#039;empare de la victoire et du globe de cristal en ski cross - \u00c9quipe Canada | Site officiel de l&#039;\u00e9quipe olympique\" \/>\n<meta property=\"og:description\" content=\"Marielle Thompson a une fois de plus prouv\u00e9 qu\u2019elle \u00e9tait la reine du ski cross. Samedi, la championne olympique a...\" \/>\n<meta property=\"og:url\" content=\"https:\/\/preprod.olympic.ca\/olympique\/2017\/02\/25\/marielle-thompson-sempare-de-la-victoire-et-du-globe-de-cristal-en-ski-cross\/\" \/>\n<meta property=\"og:site_name\" content=\"\u00c9quipe Canada | Site officiel de l&#039;\u00e9quipe olympique\" \/>\n<meta property=\"article:published_time\" content=\"2017-02-25T15:31:24+00:00\" \/>\n<meta property=\"article:modified_time\" content=\"2017-02-25T15:40:59+00:00\" \/>\n<meta property=\"og:image\" content=\"https:\/\/preprod.olympic.ca\/olympique\/wp-content\/uploads\/sites\/2\/2017\/02\/thompson.jpg?quality=100\" \/>\n\t<meta property=\"og:image:width\" content=\"1010\" \/>\n\t<meta property=\"og:image:height\" content=\"568\" \/>\n\t<meta property=\"og:image:type\" content=\"image\/jpeg\" \/>\n<meta name=\"author\" content=\"Ariane Desrosiers\" \/>\n<meta name=\"twitter:card\" content=\"summary_large_image\" \/>\n<meta name=\"twitter:label1\" content=\"Written by\" \/>\n\t<meta name=\"twitter:data1\" content=\"Ariane Desrosiers\" \/>\n\t<meta name=\"twitter:label2\" content=\"Est. reading time\" \/>\n\t<meta name=\"twitter:data2\" content=\"2 minutes\" \/>\n<script type=\"application\/ld+json\" class=\"yoast-schema-graph\">{\"@context\":\"https:\\\/\\\/schema.org\",\"@graph\":[{\"@type\":\"Article\",\"@id\":\"https:\\\/\\\/preprod.olympic.ca\\\/olympique\\\/2017\\\/02\\\/25\\\/marielle-thompson-sempare-de-la-victoire-et-du-globe-de-cristal-en-ski-cross\\\/#article\",\"isPartOf\":{\"@id\":\"https:\\\/\\\/preprod.olympic.ca\\\/olympique\\\/2017\\\/02\\\/25\\\/marielle-thompson-sempare-de-la-victoire-et-du-globe-de-cristal-en-ski-cross\\\/\"},\"author\":{\"name\":\"Ariane Desrosiers\",\"@id\":\"https:\\\/\\\/preprod.olympic.ca\\\/olympique\\\/#\\\/schema\\\/person\\\/ae879cc7903f703b76ee14154862eb23\"},\"headline\":\"Marielle Thompson s&#8217;empare de la victoire et du globe de cristal en ski cross\",\"datePublished\":\"2017-02-25T15:31:24+00:00\",\"dateModified\":\"2017-02-25T15:40:59+00:00\",\"mainEntityOfPage\":{\"@id\":\"https:\\\/\\\/preprod.olympic.ca\\\/olympique\\\/2017\\\/02\\\/25\\\/marielle-thompson-sempare-de-la-victoire-et-du-globe-de-cristal-en-ski-cross\\\/\"},\"wordCount\":417,\"commentCount\":0,\"image\":{\"@id\":\"https:\\\/\\\/preprod.olympic.ca\\\/olympique\\\/2017\\\/02\\\/25\\\/marielle-thompson-sempare-de-la-victoire-et-du-globe-de-cristal-en-ski-cross\\\/#primaryimage\"},\"thumbnailUrl\":\"https:\\\/\\\/preprod.olympic.ca\\\/olympique\\\/wp-content\\\/uploads\\\/sites\\\/2\\\/2017\\\/02\\\/thompson.jpg?quality=100\",\"keywords\":[\"globe de cristal\",\"Marielle Thompson\",\"Ski cross\",\"Sunny Valley\"],\"articleSection\":[\"Uncategorized\"],\"inLanguage\":\"fr-FR\",\"potentialAction\":[{\"@type\":\"CommentAction\",\"name\":\"Comment\",\"target\":[\"https:\\\/\\\/preprod.olympic.ca\\\/olympique\\\/2017\\\/02\\\/25\\\/marielle-thompson-sempare-de-la-victoire-et-du-globe-de-cristal-en-ski-cross\\\/#respond\"]}]},{\"@type\":\"WebPage\",\"@id\":\"https:\\\/\\\/preprod.olympic.ca\\\/olympique\\\/2017\\\/02\\\/25\\\/marielle-thompson-sempare-de-la-victoire-et-du-globe-de-cristal-en-ski-cross\\\/\",\"url\":\"https:\\\/\\\/preprod.olympic.ca\\\/olympique\\\/2017\\\/02\\\/25\\\/marielle-thompson-sempare-de-la-victoire-et-du-globe-de-cristal-en-ski-cross\\\/\",\"name\":\"Marielle Thompson s'empare de la victoire et du globe de cristal en ski cross - \u00c9quipe Canada | Site officiel de l&#039;\u00e9quipe olympique\",\"isPartOf\":{\"@id\":\"https:\\\/\\\/preprod.olympic.ca\\\/olympique\\\/#website\"},\"primaryImageOfPage\":{\"@id\":\"https:\\\/\\\/preprod.olympic.ca\\\/olympique\\\/2017\\\/02\\\/25\\\/marielle-thompson-sempare-de-la-victoire-et-du-globe-de-cristal-en-ski-cross\\\/#primaryimage\"},\"image\":{\"@id\":\"https:\\\/\\\/preprod.olympic.ca\\\/olympique\\\/2017\\\/02\\\/25\\\/marielle-thompson-sempare-de-la-victoire-et-du-globe-de-cristal-en-ski-cross\\\/#primaryimage\"},\"thumbnailUrl\":\"https:\\\/\\\/preprod.olympic.ca\\\/olympique\\\/wp-content\\\/uploads\\\/sites\\\/2\\\/2017\\\/02\\\/thompson.jpg?quality=100\",\"datePublished\":\"2017-02-25T15:31:24+00:00\",\"dateModified\":\"2017-02-25T15:40:59+00:00\",\"author\":{\"@id\":\"https:\\\/\\\/preprod.olympic.ca\\\/olympique\\\/#\\\/schema\\\/person\\\/ae879cc7903f703b76ee14154862eb23\"},\"inLanguage\":\"fr-FR\",\"potentialAction\":[{\"@type\":\"ReadAction\",\"target\":[\"https:\\\/\\\/preprod.olympic.ca\\\/olympique\\\/2017\\\/02\\\/25\\\/marielle-thompson-sempare-de-la-victoire-et-du-globe-de-cristal-en-ski-cross\\\/\"]}]},{\"@type\":\"ImageObject\",\"inLanguage\":\"fr-FR\",\"@id\":\"https:\\\/\\\/preprod.olympic.ca\\\/olympique\\\/2017\\\/02\\\/25\\\/marielle-thompson-sempare-de-la-victoire-et-du-globe-de-cristal-en-ski-cross\\\/#primaryimage\",\"url\":\"https:\\\/\\\/preprod.olympic.ca\\\/olympique\\\/wp-content\\\/uploads\\\/sites\\\/2\\\/2017\\\/02\\\/thompson.jpg?quality=100\",\"contentUrl\":\"https:\\\/\\\/preprod.olympic.ca\\\/olympique\\\/wp-content\\\/uploads\\\/sites\\\/2\\\/2017\\\/02\\\/thompson.jpg?quality=100\",\"width\":1010,\"height\":568,\"caption\":\"Photo: Christine Olsson \\\/TT News Agency\"},{\"@type\":\"WebSite\",\"@id\":\"https:\\\/\\\/preprod.olympic.ca\\\/olympique\\\/#website\",\"url\":\"https:\\\/\\\/preprod.olympic.ca\\\/olympique\\\/\",\"name\":\"\u00c9quipe Canada | Site officiel de l&#039;\u00e9quipe olympique\",\"description\":\"Votre source pour l\u2019\u00c9quipe olympique canadienne. Retrouvez les r\u00e9cits, vid\u00e9os et photos des athl\u00e8tes canadiens, sports olympiques, Jeux olympiques de 2020 et bien plus!\",\"potentialAction\":[{\"@type\":\"SearchAction\",\"target\":{\"@type\":\"EntryPoint\",\"urlTemplate\":\"https:\\\/\\\/preprod.olympic.ca\\\/olympique\\\/?s={search_term_string}\"},\"query-input\":{\"@type\":\"PropertyValueSpecification\",\"valueRequired\":true,\"valueName\":\"search_term_string\"}}],\"inLanguage\":\"fr-FR\"},{\"@type\":\"Person\",\"@id\":\"https:\\\/\\\/preprod.olympic.ca\\\/olympique\\\/#\\\/schema\\\/person\\\/ae879cc7903f703b76ee14154862eb23\",\"name\":\"Ariane Desrosiers\",\"image\":{\"@type\":\"ImageObject\",\"inLanguage\":\"fr-FR\",\"@id\":\"https:\\\/\\\/secure.gravatar.com\\\/avatar\\\/f7248cc9e6971153fdd196741b079c0229522d18a24f1fb69fb73c510aa6e189?s=96&d=identicon&r=gbd92884420bbfa56539e46241678b7d5\",\"url\":\"https:\\\/\\\/secure.gravatar.com\\\/avatar\\\/f7248cc9e6971153fdd196741b079c0229522d18a24f1fb69fb73c510aa6e189?s=96&d=identicon&r=g\",\"contentUrl\":\"https:\\\/\\\/secure.gravatar.com\\\/avatar\\\/f7248cc9e6971153fdd196741b079c0229522d18a24f1fb69fb73c510aa6e189?s=96&d=identicon&r=g\",\"caption\":\"Ariane Desrosiers\"},\"description\":\"Specialist, Social Sp\u00e9cialiste, M\u00e9dias num\u00e9riques\",\"url\":\"https:\\\/\\\/preprod.olympic.ca\\\/olympique\\\/author\\\/arianedesrosiers\\\/\"}]}<\/script>\n<!-- \/ Yoast SEO plugin. -->","yoast_head_json":{"title":"Marielle Thompson s'empare de la victoire et du globe de cristal en ski cross - \u00c9quipe Canada | Site officiel de l&#039;\u00e9quipe olympique","robots":{"index":"index","follow":"follow","max-snippet":"max-snippet:-1","max-image-preview":"max-image-preview:large","max-video-preview":"max-video-preview:-1"},"canonical":"https:\/\/preprod.olympic.ca\/olympique\/2017\/02\/25\/marielle-thompson-sempare-de-la-victoire-et-du-globe-de-cristal-en-ski-cross\/","og_locale":"fr_FR","og_type":"article","og_title":"Marielle Thompson s'empare de la victoire et du globe de cristal en ski cross - \u00c9quipe Canada | Site officiel de l&#039;\u00e9quipe olympique","og_description":"Marielle Thompson a une fois de plus prouv\u00e9 qu\u2019elle \u00e9tait la reine du ski cross. Samedi, la championne olympique a...","og_url":"https:\/\/preprod.olympic.ca\/olympique\/2017\/02\/25\/marielle-thompson-sempare-de-la-victoire-et-du-globe-de-cristal-en-ski-cross\/","og_site_name":"\u00c9quipe Canada | Site officiel de l&#039;\u00e9quipe olympique","article_published_time":"2017-02-25T15:31:24+00:00","article_modified_time":"2017-02-25T15:40:59+00:00","og_image":[{"width":1010,"height":568,"url":"https:\/\/preprod.olympic.ca\/olympique\/wp-content\/uploads\/sites\/2\/2017\/02\/thompson.jpg?quality=100","type":"image\/jpeg"}],"author":"Ariane Desrosiers","twitter_card":"summary_large_image","twitter_misc":{"Written by":"Ariane Desrosiers","Est. reading time":"2 minutes"},"schema":{"@context":"https:\/\/schema.org","@graph":[{"@type":"Article","@id":"https:\/\/preprod.olympic.ca\/olympique\/2017\/02\/25\/marielle-thompson-sempare-de-la-victoire-et-du-globe-de-cristal-en-ski-cross\/#article","isPartOf":{"@id":"https:\/\/preprod.olympic.ca\/olympique\/2017\/02\/25\/marielle-thompson-sempare-de-la-victoire-et-du-globe-de-cristal-en-ski-cross\/"},"author":{"name":"Ariane Desrosiers","@id":"https:\/\/preprod.olympic.ca\/olympique\/#\/schema\/person\/ae879cc7903f703b76ee14154862eb23"},"headline":"Marielle Thompson s&#8217;empare de la victoire et du globe de cristal en ski cross","datePublished":"2017-02-25T15:31:24+00:00","dateModified":"2017-02-25T15:40:59+00:00","mainEntityOfPage":{"@id":"https:\/\/preprod.olympic.ca\/olympique\/2017\/02\/25\/marielle-thompson-sempare-de-la-victoire-et-du-globe-de-cristal-en-ski-cross\/"},"wordCount":417,"commentCount":0,"image":{"@id":"https:\/\/preprod.olympic.ca\/olympique\/2017\/02\/25\/marielle-thompson-sempare-de-la-victoire-et-du-globe-de-cristal-en-ski-cross\/#primaryimage"},"thumbnailUrl":"https:\/\/preprod.olympic.ca\/olympique\/wp-content\/uploads\/sites\/2\/2017\/02\/thompson.jpg?quality=100","keywords":["globe de cristal","Marielle Thompson","Ski cross","Sunny Valley"],"articleSection":["Uncategorized"],"inLanguage":"fr-FR","potentialAction":[{"@type":"CommentAction","name":"Comment","target":["https:\/\/preprod.olympic.ca\/olympique\/2017\/02\/25\/marielle-thompson-sempare-de-la-victoire-et-du-globe-de-cristal-en-ski-cross\/#respond"]}]},{"@type":"WebPage","@id":"https:\/\/preprod.olympic.ca\/olympique\/2017\/02\/25\/marielle-thompson-sempare-de-la-victoire-et-du-globe-de-cristal-en-ski-cross\/","url":"https:\/\/preprod.olympic.ca\/olympique\/2017\/02\/25\/marielle-thompson-sempare-de-la-victoire-et-du-globe-de-cristal-en-ski-cross\/","name":"Marielle Thompson s'empare de la victoire et du globe de cristal en ski cross - \u00c9quipe Canada | Site officiel de l&#039;\u00e9quipe olympique","isPartOf":{"@id":"https:\/\/preprod.olympic.ca\/olympique\/#website"},"primaryImageOfPage":{"@id":"https:\/\/preprod.olympic.ca\/olympique\/2017\/02\/25\/marielle-thompson-sempare-de-la-victoire-et-du-globe-de-cristal-en-ski-cross\/#primaryimage"},"image":{"@id":"https:\/\/preprod.olympic.ca\/olympique\/2017\/02\/25\/marielle-thompson-sempare-de-la-victoire-et-du-globe-de-cristal-en-ski-cross\/#primaryimage"},"thumbnailUrl":"https:\/\/preprod.olympic.ca\/olympique\/wp-content\/uploads\/sites\/2\/2017\/02\/thompson.jpg?quality=100","datePublished":"2017-02-25T15:31:24+00:00","dateModified":"2017-02-25T15:40:59+00:00","author":{"@id":"https:\/\/preprod.olympic.ca\/olympique\/#\/schema\/person\/ae879cc7903f703b76ee14154862eb23"},"inLanguage":"fr-FR","potentialAction":[{"@type":"ReadAction","target":["https:\/\/preprod.olympic.ca\/olympique\/2017\/02\/25\/marielle-thompson-sempare-de-la-victoire-et-du-globe-de-cristal-en-ski-cross\/"]}]},{"@type":"ImageObject","inLanguage":"fr-FR","@id":"https:\/\/preprod.olympic.ca\/olympique\/2017\/02\/25\/marielle-thompson-sempare-de-la-victoire-et-du-globe-de-cristal-en-ski-cross\/#primaryimage","url":"https:\/\/preprod.olympic.ca\/olympique\/wp-content\/uploads\/sites\/2\/2017\/02\/thompson.jpg?quality=100","contentUrl":"https:\/\/preprod.olympic.ca\/olympique\/wp-content\/uploads\/sites\/2\/2017\/02\/thompson.jpg?quality=100","width":1010,"height":568,"caption":"Photo: Christine Olsson \/TT News Agency"},{"@type":"WebSite","@id":"https:\/\/preprod.olympic.ca\/olympique\/#website","url":"https:\/\/preprod.olympic.ca\/olympique\/","name":"\u00c9quipe Canada | Site officiel de l&#039;\u00e9quipe olympique","description":"Votre source pour l\u2019\u00c9quipe olympique canadienne. Retrouvez les r\u00e9cits, vid\u00e9os et photos des athl\u00e8tes canadiens, sports olympiques, Jeux olympiques de 2020 et bien plus!","potentialAction":[{"@type":"SearchAction","target":{"@type":"EntryPoint","urlTemplate":"https:\/\/preprod.olympic.ca\/olympique\/?s={search_term_string}"},"query-input":{"@type":"PropertyValueSpecification","valueRequired":true,"valueName":"search_term_string"}}],"inLanguage":"fr-FR"},{"@type":"Person","@id":"https:\/\/preprod.olympic.ca\/olympique\/#\/schema\/person\/ae879cc7903f703b76ee14154862eb23","name":"Ariane Desrosiers","image":{"@type":"ImageObject","inLanguage":"fr-FR","@id":"https:\/\/secure.gravatar.com\/avatar\/f7248cc9e6971153fdd196741b079c0229522d18a24f1fb69fb73c510aa6e189?s=96&d=identicon&r=gbd92884420bbfa56539e46241678b7d5","url":"https:\/\/secure.gravatar.com\/avatar\/f7248cc9e6971153fdd196741b079c0229522d18a24f1fb69fb73c510aa6e189?s=96&d=identicon&r=g","contentUrl":"https:\/\/secure.gravatar.com\/avatar\/f7248cc9e6971153fdd196741b079c0229522d18a24f1fb69fb73c510aa6e189?s=96&d=identicon&r=g","caption":"Ariane Desrosiers"},"description":"Specialist, Social Sp\u00e9cialiste, M\u00e9dias num\u00e9riques","url":"https:\/\/preprod.olympic.ca\/olympique\/author\/arianedesrosiers\/"}]}},"jetpack_featured_media_url":"https:\/\/preprod.olympic.ca\/olympique\/wp-content\/uploads\/sites\/2\/2017\/02\/thompson.jpg?quality=100","featured_image_url":"https:\/\/preprod.olympic.ca\/olympique\/wp-content\/uploads\/sites\/2\/2017\/02\/thompson.jpg?quality=100","author_name":["Ariane Desrosiers"],"category_names":["Uncategorized"],"tag_names":["globe de cristal","Marielle Thompson","Ski cross","Sunny Valley"],"video_embed_code":"","facebook_video_embed_code":"","jetpack_sharing_enabled":true,"jetpack-related-posts":[],"jetpack_shortlink":"https:\/\/wp.me\/pcGHcP-wYO","_links":{"self":[{"href":"https:\/\/preprod.olympic.ca\/olympique\/wp-json\/wp\/v2\/posts\/126778","targetHints":{"allow":["GET"]}}],"collection":[{"href":"https:\/\/preprod.olympic.ca\/olympique\/wp-json\/wp\/v2\/posts"}],"about":[{"href":"https:\/\/preprod.olympic.ca\/olympique\/wp-json\/wp\/v2\/types\/post"}],"author":[{"embeddable":true,"href":"https:\/\/preprod.olympic.ca\/olympique\/wp-json\/wp\/v2\/users\/96107080"}],"replies":[{"embeddable":true,"href":"https:\/\/preprod.olympic.ca\/olympique\/wp-json\/wp\/v2\/comments?post=126778"}],"version-history":[{"count":3,"href":"https:\/\/preprod.olympic.ca\/olympique\/wp-json\/wp\/v2\/posts\/126778\/revisions"}],"predecessor-version":[{"id":126784,"href":"https:\/\/preprod.olympic.ca\/olympique\/wp-json\/wp\/v2\/posts\/126778\/revisions\/126784"}],"wp:featuredmedia":[{"embeddable":true,"href":"https:\/\/preprod.olympic.ca\/olympique\/wp-json\/wp\/v2\/media\/126781"}],"wp:attachment":[{"href":"https:\/\/preprod.olympic.ca\/olympique\/wp-json\/wp\/v2\/media?parent=126778"}],"wp:term":[{"taxonomy":"category","embeddable":true,"href":"https:\/\/preprod.olympic.ca\/olympique\/wp-json\/wp\/v2\/categories?post=126778"},{"taxonomy":"post_tag","embeddable":true,"href":"https:\/\/preprod.olympic.ca\/olympique\/wp-json\/wp\/v2\/tags?post=126778"},{"taxonomy":"post_format","embeddable":true,"href":"https:\/\/preprod.olympic.ca\/olympique\/wp-json\/wp\/v2\/post_format?post=126778"},{"taxonomy":"sport","embeddable":true,"href":"https:\/\/preprod.olympic.ca\/olympique\/wp-json\/wp\/v2\/sport?post=126778"},{"taxonomy":"game","embeddable":true,"href":"https:\/\/preprod.olympic.ca\/olympique\/wp-json\/wp\/v2\/game?post=126778"},{"taxonomy":"author","embeddable":true,"href":"https:\/\/preprod.olympic.ca\/olympique\/wp-json\/wp\/v2\/coauthors?post=126778"}],"curies":[{"name":"wp","href":"https:\/\/api.w.org\/{rel}","templated":true}]}}