{"id":127619,"date":"2017-04-22T15:31:16","date_gmt":"2017-04-22T19:31:16","guid":{"rendered":"http:\/\/olympique.ca\/?p=127619"},"modified":"2017-09-19T15:59:30","modified_gmt":"2017-09-19T19:59:30","slug":"abel-et-citrini-beaulieu-en-argent-a-windsor","status":"publish","type":"post","link":"https:\/\/preprod.olympic.ca\/olympique\/2017\/04\/22\/abel-et-citrini-beaulieu-en-argent-a-windsor\/","title":{"rendered":"Un trio de m\u00e9dailles d&rsquo;argent pour les tandems canadiens de plongeon \u00e0 Windsor"},"content":{"rendered":"<h1>Les plongeurs canadiens ont conclu la derni\u00e8re \u00e9tape de la S\u00e9rie mondiale de plongeon, au bercail \u00e0 Windsor, avec trois m\u00e9dailles toutes remport\u00e9es lors des \u00e9preuves de plongeon synchronis\u00e9.<\/h1>\n<p style=\"text-align:center;\">S\u00e9rie mondiale de plongeon : <a href=\"http:\/\/olympique.ca\/2016\/03\/13\/series-mondiales-de-beijing-meaghan-benfeito-et-vincent-riendeau-concluent-avec-le-bronze\/\">Beijing<\/a>\u00a0|<a href=\"http:\/\/olympique.ca\/2017\/03\/06\/mise-a-jour-olympique-titre-mondial-globe-de-cristal-et-podiums-internationaux\/\">Guangzhou<\/a> |\u00a0<a href=\"http:\/\/olympique.ca\/2017\/04\/02\/trois-medailles-pour-le-canada-en-serie-mondiale-de-plongeon\/\">Kazan<\/a>\u00a0| <a href=\"http:\/\/olympique.ca\/2017\/04\/22\/abel-et-citrini-beaulieu-en-argent-a-windsor\/\">Windsor<\/a><\/p>\n<p>Les tandems de Jennifer Abel et M\u00e9lissa Citrini-Beaulieu, Meaghan Benfeito et Vincent Riendeau ainsi que celui de Jennifer Abel et Fran\u00e7ois Imbeau-Dulac ont tous r\u00e9colt\u00e9\u00a0l&rsquo;argent devant leurs partisans au cours du week-end.<\/p>\n<div class=\"embed-twitter\">\n<blockquote class=\"twitter-tweet\" data-width=\"550\">\n<p lang=\"fr\" dir=\"ltr\">M\u00e9daille d&#39;argent pour <a href=\"https:\/\/twitter.com\/JennAbel91\">@JennAbel91<\/a> et <a href=\"https:\/\/twitter.com\/francoisidulac\">@francoisidulac<\/a> au 3m synchro mixte \u00e0 Windsor <a href=\"https:\/\/twitter.com\/hashtag\/DWS17?src=hash\">#DWS17<\/a> <a href=\"https:\/\/t.co\/ja9N34pD1D\">pic.twitter.com\/ja9N34pD1D<\/a><\/p>\n<p>&mdash; Radio-Canada Sports (@RC_Sports) <a href=\"https:\/\/twitter.com\/RC_Sports\/status\/856280693944467456\">April 23, 2017<\/a><\/p><\/blockquote>\n<p><script async src=\"\/\/platform.twitter.com\/widgets.js\" charset=\"utf-8\"><\/script><\/div>\n<p><a href=\"http:\/\/olympique.ca\/resources\/jennifer-abel-donner-lexemple\/\">Jennifer Abel<\/a> a d\u00e9croch\u00e9 sa deuxi\u00e8me m\u00e9daille de la S\u00e9rie mondiale de Windsor aux c\u00f4t\u00e9s de <a href=\"http:\/\/olympique.ca\/team-canada\/francois-imbeau-dulac\/\">Fran\u00e7ois Imbeau-Dulac<\/a> dimanche soir, quand les deux acolytes ont inscrit la deuxi\u00e8me meilleure note au 3 m synchronis\u00e9 mixte. M\u00eame si leur dernier plongeon a manqu\u00e9 de verticale, la constance des Canadiens leur ont permis de signer leur quatri\u00e8me podium en autant d&rsquo;\u00e9tapes en S\u00e9rie mondiale avec une note finale de 311,55 points\u00a0pour terminer au deuxi\u00e8me rang derri\u00e8re les Chinois Wang han\u00a0et Li Zheng\u00a0(335,10). Les Australiens Maddison Keeney et Kevin Chavez ont compl\u00e9t\u00e9 le podium (308,82).<\/p>\n<p>Plus t\u00f4t dans la journ\u00e9e, Jennifer Abel et <a href=\"http:\/\/olympique.ca\/team-canada\/pamela-ware\/\">Pamela Ware<\/a> avaient rat\u00e9 de peu le podium en individuel terminant respectivement au 4e et 5e rang du 3 m f\u00e9minin.<\/p>\n<h2>Samedi<\/h2>\n<p><strong>\u00c0 peine 24 heures apr\u00e8s avoir termin\u00e9 au pied du podium de la S\u00e9rie mondiale de Windsor avec sa partenaire Caeli McKay\u00a0au 10 m synchro, la triple m\u00e9daill\u00e9e olympique <a href=\"http:\/\/olympique.ca\/team-canada\/meaghan-benfeito\/\">Meaghan Benfeito<\/a> a grimp\u00e9 sur la deuxi\u00e8me marche du podium aux c\u00f4t\u00e9s de <a href=\"http:\/\/olympique.ca\/team-canada\/vincent-riendeau\/\">Vincent Riendeau<\/a> \u00e0 l&rsquo;\u00e9preuve mixte samedi.<\/strong><\/p>\n<div class=\"embed-twitter\">\n<blockquote class=\"twitter-tweet\" data-width=\"550\">\n<p lang=\"fr\" dir=\"ltr\">M\u00e9daille d&#39;argent pour <a href=\"https:\/\/twitter.com\/MegBenfeito\">@MegBenfeito<\/a> et <a href=\"https:\/\/twitter.com\/riendeau_v\">@Riendeau_V<\/a> au 10 m synchro \u00e0 Windsor <a href=\"https:\/\/twitter.com\/hashtag\/DWS17?src=hash\">#DWS17<\/a> <a href=\"https:\/\/t.co\/QElwsjhL8j\">pic.twitter.com\/QElwsjhL8j<\/a><\/p>\n<p>&mdash; Radio-Canada Sports (@RC_Sports) <a href=\"https:\/\/twitter.com\/RC_Sports\/status\/855919645085192192\">April 22, 2017<\/a><\/p><\/blockquote>\n<p><script async src=\"\/\/platform.twitter.com\/widgets.js\" charset=\"utf-8\"><\/script><\/div>\n<p>La paire a obtenu une note cumulative de 314,82 pour terminer derri\u00e8re les champions chinois Jie Lian et Junjie Lian (344,37) et devant les Australiens\u00a0Melissa Wu et Domonic Bedggood (314,04).<\/p>\n<h2>Vendredi<\/h2>\n<p><strong><a href=\"http:\/\/olympique.ca\/team-canada\/jennifer-abel\/\">Jennifer Abel<\/a>\u00a0et M\u00e9lissa Citrini-Beaulieu ont d\u00e9croch\u00e9 une m\u00e9daille d&rsquo;argent au 3 m synchronis\u00e9e lors de la quatri\u00e8me \u00e9tape de la S\u00e9rie mondiale de plongeon disput\u00e9e \u00e0 Windsor, en Ontario.<\/strong><\/p>\n<p>Le duo canadien a obtenu une note de\u00a0305,52 pour terminer\u00a0entre l&rsquo;\u00e9quipe chinoise m\u00e9daill\u00e9e d&rsquo;or form\u00e9e de\u00a0Chang Yani et Shi Tingmao (310,80) et les Australiennes\u00a0Esther Qin et Anabelle Smith (299,70).<\/p>\n<div class=\"embed-twitter\">\n<blockquote class=\"twitter-tweet\" data-width=\"550\">\n<p lang=\"fr\" dir=\"ltr\">M\u00e9daille d&#39;argent pour <a href=\"https:\/\/twitter.com\/JennAbel91\">@JennAbel91<\/a> et M\u00e9lissa Citrini-Beaulieu au 3 m synchro \u00e0 Windsor <a href=\"https:\/\/twitter.com\/hashtag\/DWS17?src=hash\">#DWS17<\/a> <a href=\"https:\/\/t.co\/x1pxnfsXTA\">pic.twitter.com\/x1pxnfsXTA<\/a><\/p>\n<p>&mdash; Radio-Canada Sports (@RC_Sports) <a href=\"https:\/\/twitter.com\/RC_Sports\/status\/855539964427116544\">April 21, 2017<\/a><\/p><\/blockquote>\n<p><script async src=\"\/\/platform.twitter.com\/widgets.js\" charset=\"utf-8\"><\/script><\/div>\n<p>Deuxi\u00e8mes apr\u00e8s les trois premi\u00e8res rondes, Abel et\u00a0Citrini-Beaulieu ont temporairement occup\u00e9 le premier rang au quatri\u00e8me tour en raison d&rsquo;une b\u00e9vue des Chinoises. Mais\u00a0Chang et Shi\u00a0ont rebondi lors de leur dernier saut pour terminer en t\u00eate.<\/p>\n<p>Pour Abel et Citrini-Beaulieu, il s&rsquo;agit de leur deuxi\u00e8me m\u00e9daille cette saison sur le circuit de la S\u00e9rie mondiale. Elles s&rsquo;\u00e9taient empar\u00e9es du bronze le mois dernier \u00e0\u00a0Guangzhou, en Chine.<\/p>\n<p>\u00c0 la tour de 10 m,\u00a0<a href=\"http:\/\/olympique.ca\/team-canada\/meaghan-benfeito\/\">Meaghan Benfeito<\/a>\u00a0et Caeli McKay ont pour leur part termin\u00e9 au pied du podium de l&rsquo;\u00e9preuve synchronis\u00e9e.<\/p>\n<p><a href=\"https:\/\/twitter.com\/OlympiqueCanada\"><img decoding=\"async\" src=\"https:\/\/preprod.olympic.ca\/wp-content\/uploads\/sites\/2\/2016\/09\/twitter_frsocial-ads.png\" \/><\/a><\/p>\n","protected":false},"excerpt":{"rendered":"<p>Les plongeurs canadiens ont conclu la derni\u00e8re \u00e9tape de la S\u00e9rie mondiale de plongeon, au bercail \u00e0 Windsor, avec trois&#8230;<\/p>\n","protected":false},"author":52435451,"featured_media":109167,"comment_status":"open","ping_status":"closed","sticky":false,"template":"","format":"standard","meta":{"_acf_changed":false,"_jetpack_memberships_contains_paid_content":false,"footnotes":""},"categories":[1],"tags":[767313,94949256,415984512,9811402,415984629,90467594,2480962,163344437,415984432],"post_format":"standard","sport":[181823658],"game":[],"coauthors":[197557601,209272438],"class_list":["post-127619","post","type-post","status-publish","format-standard","has-post-thumbnail","hentry","category-uncategorized","tag-fina","tag-francois-imbeau-dulac","tag-jennifer-abel","tag-meaghan-benfeito","tag-melissa-citrini-beaulieu","tag-pamela-ware","tag-plongeon","tag-vincent-riendeau","tag-windsor","sport-sports-aquatiques-plongeon"],"acf":[],"yoast_head":"<!-- This site is optimized with the Yoast SEO plugin v27.3 - https:\/\/yoast.com\/product\/yoast-seo-wordpress\/ -->\n<title>Un trio de m\u00e9dailles d&#039;argent pour les tandems canadiens de plongeon \u00e0 Windsor - \u00c9quipe Canada | Site officiel de l&#039;\u00e9quipe olympique<\/title>\n<meta name=\"robots\" content=\"index, follow, max-snippet:-1, max-image-preview:large, max-video-preview:-1\" \/>\n<link rel=\"canonical\" href=\"https:\/\/preprod.olympic.ca\/olympique\/2017\/04\/22\/abel-et-citrini-beaulieu-en-argent-a-windsor\/\" \/>\n<meta property=\"og:locale\" content=\"fr_FR\" \/>\n<meta property=\"og:type\" content=\"article\" \/>\n<meta property=\"og:title\" content=\"Un trio de m\u00e9dailles d&#039;argent pour les tandems canadiens de plongeon \u00e0 Windsor - \u00c9quipe Canada | Site officiel de l&#039;\u00e9quipe olympique\" \/>\n<meta property=\"og:description\" content=\"Les plongeurs canadiens ont conclu la derni\u00e8re \u00e9tape de la S\u00e9rie mondiale de plongeon, au bercail \u00e0 Windsor, avec trois...\" \/>\n<meta property=\"og:url\" content=\"https:\/\/preprod.olympic.ca\/olympique\/2017\/04\/22\/abel-et-citrini-beaulieu-en-argent-a-windsor\/\" \/>\n<meta property=\"og:site_name\" content=\"\u00c9quipe Canada | Site officiel de l&#039;\u00e9quipe olympique\" \/>\n<meta property=\"article:published_time\" content=\"2017-04-22T19:31:16+00:00\" \/>\n<meta property=\"article:modified_time\" content=\"2017-09-19T19:59:30+00:00\" \/>\n<meta property=\"og:image\" content=\"https:\/\/preprod.olympic.ca\/olympique\/wp-content\/uploads\/sites\/2\/2015\/07\/09147621.jpg?quality=100\" \/>\n\t<meta property=\"og:image:width\" content=\"3108\" \/>\n\t<meta property=\"og:image:height\" content=\"2012\" \/>\n\t<meta property=\"og:image:type\" content=\"image\/jpeg\" \/>\n<meta name=\"author\" content=\"Paula Nichols, Ariane Desrosiers\" \/>\n<meta name=\"twitter:card\" content=\"summary_large_image\" \/>\n<meta name=\"twitter:label1\" content=\"Written by\" \/>\n\t<meta name=\"twitter:data1\" content=\"Paula Nichols, Ariane Desrosiers\" \/>\n\t<meta name=\"twitter:label2\" content=\"Est. reading time\" \/>\n\t<meta name=\"twitter:data2\" content=\"2 minutes\" \/>\n<script type=\"application\/ld+json\" class=\"yoast-schema-graph\">{\"@context\":\"https:\\\/\\\/schema.org\",\"@graph\":[{\"@type\":\"Article\",\"@id\":\"https:\\\/\\\/preprod.olympic.ca\\\/olympique\\\/2017\\\/04\\\/22\\\/abel-et-citrini-beaulieu-en-argent-a-windsor\\\/#article\",\"isPartOf\":{\"@id\":\"https:\\\/\\\/preprod.olympic.ca\\\/olympique\\\/2017\\\/04\\\/22\\\/abel-et-citrini-beaulieu-en-argent-a-windsor\\\/\"},\"author\":{\"name\":\"Paula Nichols\",\"@id\":\"https:\\\/\\\/preprod.olympic.ca\\\/olympique\\\/#\\\/schema\\\/person\\\/d65906bd7e750277a876fa05ccc3da26\"},\"headline\":\"Un trio de m\u00e9dailles d&rsquo;argent pour les tandems canadiens de plongeon \u00e0 Windsor\",\"datePublished\":\"2017-04-22T19:31:16+00:00\",\"dateModified\":\"2017-09-19T19:59:30+00:00\",\"mainEntityOfPage\":{\"@id\":\"https:\\\/\\\/preprod.olympic.ca\\\/olympique\\\/2017\\\/04\\\/22\\\/abel-et-citrini-beaulieu-en-argent-a-windsor\\\/\"},\"wordCount\":507,\"commentCount\":0,\"image\":{\"@id\":\"https:\\\/\\\/preprod.olympic.ca\\\/olympique\\\/2017\\\/04\\\/22\\\/abel-et-citrini-beaulieu-en-argent-a-windsor\\\/#primaryimage\"},\"thumbnailUrl\":\"https:\\\/\\\/preprod.olympic.ca\\\/olympique\\\/wp-content\\\/uploads\\\/sites\\\/2\\\/2015\\\/07\\\/09147621.jpg?quality=100\",\"keywords\":[\"FINA\",\"Francois Imbeau-Dulac\",\"Jennifer Abel\",\"Meaghan Benfeito\",\"M\u00e9lissa Citrini-Beaulieu\",\"Pamela Ware\",\"plongeon\",\"Vincent Riendeau\",\"Windsor\"],\"articleSection\":[\"Uncategorized\"],\"inLanguage\":\"fr-FR\",\"potentialAction\":[{\"@type\":\"CommentAction\",\"name\":\"Comment\",\"target\":[\"https:\\\/\\\/preprod.olympic.ca\\\/olympique\\\/2017\\\/04\\\/22\\\/abel-et-citrini-beaulieu-en-argent-a-windsor\\\/#respond\"]}]},{\"@type\":\"WebPage\",\"@id\":\"https:\\\/\\\/preprod.olympic.ca\\\/olympique\\\/2017\\\/04\\\/22\\\/abel-et-citrini-beaulieu-en-argent-a-windsor\\\/\",\"url\":\"https:\\\/\\\/preprod.olympic.ca\\\/olympique\\\/2017\\\/04\\\/22\\\/abel-et-citrini-beaulieu-en-argent-a-windsor\\\/\",\"name\":\"Un trio de m\u00e9dailles d'argent pour les tandems canadiens de plongeon \u00e0 Windsor - \u00c9quipe Canada | Site officiel de l&#039;\u00e9quipe olympique\",\"isPartOf\":{\"@id\":\"https:\\\/\\\/preprod.olympic.ca\\\/olympique\\\/#website\"},\"primaryImageOfPage\":{\"@id\":\"https:\\\/\\\/preprod.olympic.ca\\\/olympique\\\/2017\\\/04\\\/22\\\/abel-et-citrini-beaulieu-en-argent-a-windsor\\\/#primaryimage\"},\"image\":{\"@id\":\"https:\\\/\\\/preprod.olympic.ca\\\/olympique\\\/2017\\\/04\\\/22\\\/abel-et-citrini-beaulieu-en-argent-a-windsor\\\/#primaryimage\"},\"thumbnailUrl\":\"https:\\\/\\\/preprod.olympic.ca\\\/olympique\\\/wp-content\\\/uploads\\\/sites\\\/2\\\/2015\\\/07\\\/09147621.jpg?quality=100\",\"datePublished\":\"2017-04-22T19:31:16+00:00\",\"dateModified\":\"2017-09-19T19:59:30+00:00\",\"author\":{\"@id\":\"https:\\\/\\\/preprod.olympic.ca\\\/olympique\\\/#\\\/schema\\\/person\\\/d65906bd7e750277a876fa05ccc3da26\"},\"inLanguage\":\"fr-FR\",\"potentialAction\":[{\"@type\":\"ReadAction\",\"target\":[\"https:\\\/\\\/preprod.olympic.ca\\\/olympique\\\/2017\\\/04\\\/22\\\/abel-et-citrini-beaulieu-en-argent-a-windsor\\\/\"]}]},{\"@type\":\"ImageObject\",\"inLanguage\":\"fr-FR\",\"@id\":\"https:\\\/\\\/preprod.olympic.ca\\\/olympique\\\/2017\\\/04\\\/22\\\/abel-et-citrini-beaulieu-en-argent-a-windsor\\\/#primaryimage\",\"url\":\"https:\\\/\\\/preprod.olympic.ca\\\/olympique\\\/wp-content\\\/uploads\\\/sites\\\/2\\\/2015\\\/07\\\/09147621.jpg?quality=100\",\"contentUrl\":\"https:\\\/\\\/preprod.olympic.ca\\\/olympique\\\/wp-content\\\/uploads\\\/sites\\\/2\\\/2015\\\/07\\\/09147621.jpg?quality=100\",\"width\":3108,\"height\":2012,\"caption\":\"Canada's silver medalists Jennifer Abel and Francois Imbeau-Dulac perform during the mixed 3 m synchro springboard final at the Swimming World Championships in Kazan, Russia, Sunday, Aug. 2, 2015. (AP Photo\\\/Michael Sohn)\"},{\"@type\":\"WebSite\",\"@id\":\"https:\\\/\\\/preprod.olympic.ca\\\/olympique\\\/#website\",\"url\":\"https:\\\/\\\/preprod.olympic.ca\\\/olympique\\\/\",\"name\":\"\u00c9quipe Canada | Site officiel de l&#039;\u00e9quipe olympique\",\"description\":\"Votre source pour l\u2019\u00c9quipe olympique canadienne. Retrouvez les r\u00e9cits, vid\u00e9os et photos des athl\u00e8tes canadiens, sports olympiques, Jeux olympiques de 2020 et bien plus!\",\"potentialAction\":[{\"@type\":\"SearchAction\",\"target\":{\"@type\":\"EntryPoint\",\"urlTemplate\":\"https:\\\/\\\/preprod.olympic.ca\\\/olympique\\\/?s={search_term_string}\"},\"query-input\":{\"@type\":\"PropertyValueSpecification\",\"valueRequired\":true,\"valueName\":\"search_term_string\"}}],\"inLanguage\":\"fr-FR\"},{\"@type\":\"Person\",\"@id\":\"https:\\\/\\\/preprod.olympic.ca\\\/olympique\\\/#\\\/schema\\\/person\\\/d65906bd7e750277a876fa05ccc3da26\",\"name\":\"Paula Nichols\",\"image\":{\"@type\":\"ImageObject\",\"inLanguage\":\"fr-FR\",\"@id\":\"https:\\\/\\\/secure.gravatar.com\\\/avatar\\\/83aa2ad476fcd1071d58a474c9a2f51716b807e2406ca3aeaa032882e7f0346a?s=96&d=identicon&r=gf6876353c4226c9b0e52b96b76e72cac\",\"url\":\"https:\\\/\\\/secure.gravatar.com\\\/avatar\\\/83aa2ad476fcd1071d58a474c9a2f51716b807e2406ca3aeaa032882e7f0346a?s=96&d=identicon&r=g\",\"contentUrl\":\"https:\\\/\\\/secure.gravatar.com\\\/avatar\\\/83aa2ad476fcd1071d58a474c9a2f51716b807e2406ca3aeaa032882e7f0346a?s=96&d=identicon&r=g\",\"caption\":\"Paula Nichols\"},\"description\":\"Manager of Content and Research for the Canadian Olympic Committee and a lifelong fan of the Olympic Games and the athletes who compete at them.\",\"sameAs\":[\"pnichols\"],\"url\":\"https:\\\/\\\/preprod.olympic.ca\\\/olympique\\\/author\\\/pnichols\\\/\"}]}<\/script>\n<!-- \/ Yoast SEO plugin. -->","yoast_head_json":{"title":"Un trio de m\u00e9dailles d'argent pour les tandems canadiens de plongeon \u00e0 Windsor - \u00c9quipe Canada | Site officiel de l&#039;\u00e9quipe olympique","robots":{"index":"index","follow":"follow","max-snippet":"max-snippet:-1","max-image-preview":"max-image-preview:large","max-video-preview":"max-video-preview:-1"},"canonical":"https:\/\/preprod.olympic.ca\/olympique\/2017\/04\/22\/abel-et-citrini-beaulieu-en-argent-a-windsor\/","og_locale":"fr_FR","og_type":"article","og_title":"Un trio de m\u00e9dailles d'argent pour les tandems canadiens de plongeon \u00e0 Windsor - \u00c9quipe Canada | Site officiel de l&#039;\u00e9quipe olympique","og_description":"Les plongeurs canadiens ont conclu la derni\u00e8re \u00e9tape de la S\u00e9rie mondiale de plongeon, au bercail \u00e0 Windsor, avec trois...","og_url":"https:\/\/preprod.olympic.ca\/olympique\/2017\/04\/22\/abel-et-citrini-beaulieu-en-argent-a-windsor\/","og_site_name":"\u00c9quipe Canada | Site officiel de l&#039;\u00e9quipe olympique","article_published_time":"2017-04-22T19:31:16+00:00","article_modified_time":"2017-09-19T19:59:30+00:00","og_image":[{"width":3108,"height":2012,"url":"https:\/\/preprod.olympic.ca\/olympique\/wp-content\/uploads\/sites\/2\/2015\/07\/09147621.jpg?quality=100","type":"image\/jpeg"}],"author":"Paula Nichols, Ariane Desrosiers","twitter_card":"summary_large_image","twitter_misc":{"Written by":"Paula Nichols, Ariane Desrosiers","Est. reading time":"2 minutes"},"schema":{"@context":"https:\/\/schema.org","@graph":[{"@type":"Article","@id":"https:\/\/preprod.olympic.ca\/olympique\/2017\/04\/22\/abel-et-citrini-beaulieu-en-argent-a-windsor\/#article","isPartOf":{"@id":"https:\/\/preprod.olympic.ca\/olympique\/2017\/04\/22\/abel-et-citrini-beaulieu-en-argent-a-windsor\/"},"author":{"name":"Paula Nichols","@id":"https:\/\/preprod.olympic.ca\/olympique\/#\/schema\/person\/d65906bd7e750277a876fa05ccc3da26"},"headline":"Un trio de m\u00e9dailles d&rsquo;argent pour les tandems canadiens de plongeon \u00e0 Windsor","datePublished":"2017-04-22T19:31:16+00:00","dateModified":"2017-09-19T19:59:30+00:00","mainEntityOfPage":{"@id":"https:\/\/preprod.olympic.ca\/olympique\/2017\/04\/22\/abel-et-citrini-beaulieu-en-argent-a-windsor\/"},"wordCount":507,"commentCount":0,"image":{"@id":"https:\/\/preprod.olympic.ca\/olympique\/2017\/04\/22\/abel-et-citrini-beaulieu-en-argent-a-windsor\/#primaryimage"},"thumbnailUrl":"https:\/\/preprod.olympic.ca\/olympique\/wp-content\/uploads\/sites\/2\/2015\/07\/09147621.jpg?quality=100","keywords":["FINA","Francois Imbeau-Dulac","Jennifer Abel","Meaghan Benfeito","M\u00e9lissa Citrini-Beaulieu","Pamela Ware","plongeon","Vincent Riendeau","Windsor"],"articleSection":["Uncategorized"],"inLanguage":"fr-FR","potentialAction":[{"@type":"CommentAction","name":"Comment","target":["https:\/\/preprod.olympic.ca\/olympique\/2017\/04\/22\/abel-et-citrini-beaulieu-en-argent-a-windsor\/#respond"]}]},{"@type":"WebPage","@id":"https:\/\/preprod.olympic.ca\/olympique\/2017\/04\/22\/abel-et-citrini-beaulieu-en-argent-a-windsor\/","url":"https:\/\/preprod.olympic.ca\/olympique\/2017\/04\/22\/abel-et-citrini-beaulieu-en-argent-a-windsor\/","name":"Un trio de m\u00e9dailles d'argent pour les tandems canadiens de plongeon \u00e0 Windsor - \u00c9quipe Canada | Site officiel de l&#039;\u00e9quipe olympique","isPartOf":{"@id":"https:\/\/preprod.olympic.ca\/olympique\/#website"},"primaryImageOfPage":{"@id":"https:\/\/preprod.olympic.ca\/olympique\/2017\/04\/22\/abel-et-citrini-beaulieu-en-argent-a-windsor\/#primaryimage"},"image":{"@id":"https:\/\/preprod.olympic.ca\/olympique\/2017\/04\/22\/abel-et-citrini-beaulieu-en-argent-a-windsor\/#primaryimage"},"thumbnailUrl":"https:\/\/preprod.olympic.ca\/olympique\/wp-content\/uploads\/sites\/2\/2015\/07\/09147621.jpg?quality=100","datePublished":"2017-04-22T19:31:16+00:00","dateModified":"2017-09-19T19:59:30+00:00","author":{"@id":"https:\/\/preprod.olympic.ca\/olympique\/#\/schema\/person\/d65906bd7e750277a876fa05ccc3da26"},"inLanguage":"fr-FR","potentialAction":[{"@type":"ReadAction","target":["https:\/\/preprod.olympic.ca\/olympique\/2017\/04\/22\/abel-et-citrini-beaulieu-en-argent-a-windsor\/"]}]},{"@type":"ImageObject","inLanguage":"fr-FR","@id":"https:\/\/preprod.olympic.ca\/olympique\/2017\/04\/22\/abel-et-citrini-beaulieu-en-argent-a-windsor\/#primaryimage","url":"https:\/\/preprod.olympic.ca\/olympique\/wp-content\/uploads\/sites\/2\/2015\/07\/09147621.jpg?quality=100","contentUrl":"https:\/\/preprod.olympic.ca\/olympique\/wp-content\/uploads\/sites\/2\/2015\/07\/09147621.jpg?quality=100","width":3108,"height":2012,"caption":"Canada's silver medalists Jennifer Abel and Francois Imbeau-Dulac perform during the mixed 3 m synchro springboard final at the Swimming World Championships in Kazan, Russia, Sunday, Aug. 2, 2015. (AP Photo\/Michael Sohn)"},{"@type":"WebSite","@id":"https:\/\/preprod.olympic.ca\/olympique\/#website","url":"https:\/\/preprod.olympic.ca\/olympique\/","name":"\u00c9quipe Canada | Site officiel de l&#039;\u00e9quipe olympique","description":"Votre source pour l\u2019\u00c9quipe olympique canadienne. Retrouvez les r\u00e9cits, vid\u00e9os et photos des athl\u00e8tes canadiens, sports olympiques, Jeux olympiques de 2020 et bien plus!","potentialAction":[{"@type":"SearchAction","target":{"@type":"EntryPoint","urlTemplate":"https:\/\/preprod.olympic.ca\/olympique\/?s={search_term_string}"},"query-input":{"@type":"PropertyValueSpecification","valueRequired":true,"valueName":"search_term_string"}}],"inLanguage":"fr-FR"},{"@type":"Person","@id":"https:\/\/preprod.olympic.ca\/olympique\/#\/schema\/person\/d65906bd7e750277a876fa05ccc3da26","name":"Paula Nichols","image":{"@type":"ImageObject","inLanguage":"fr-FR","@id":"https:\/\/secure.gravatar.com\/avatar\/83aa2ad476fcd1071d58a474c9a2f51716b807e2406ca3aeaa032882e7f0346a?s=96&d=identicon&r=gf6876353c4226c9b0e52b96b76e72cac","url":"https:\/\/secure.gravatar.com\/avatar\/83aa2ad476fcd1071d58a474c9a2f51716b807e2406ca3aeaa032882e7f0346a?s=96&d=identicon&r=g","contentUrl":"https:\/\/secure.gravatar.com\/avatar\/83aa2ad476fcd1071d58a474c9a2f51716b807e2406ca3aeaa032882e7f0346a?s=96&d=identicon&r=g","caption":"Paula Nichols"},"description":"Manager of Content and Research for the Canadian Olympic Committee and a lifelong fan of the Olympic Games and the athletes who compete at them.","sameAs":["pnichols"],"url":"https:\/\/preprod.olympic.ca\/olympique\/author\/pnichols\/"}]}},"jetpack_featured_media_url":"https:\/\/preprod.olympic.ca\/olympique\/wp-content\/uploads\/sites\/2\/2015\/07\/09147621.jpg?quality=100","featured_image_url":"https:\/\/preprod.olympic.ca\/olympique\/wp-content\/uploads\/sites\/2\/2015\/07\/09147621.jpg?quality=100","author_name":["Paula Nichols","Ariane Desrosiers"],"category_names":["Uncategorized"],"tag_names":["FINA","Francois Imbeau-Dulac","Jennifer Abel","Meaghan Benfeito","M\u00e9lissa Citrini-Beaulieu","Pamela Ware","plongeon","Vincent Riendeau","Windsor"],"video_embed_code":"","facebook_video_embed_code":"","jetpack_sharing_enabled":true,"jetpack-related-posts":[],"jetpack_shortlink":"https:\/\/wp.me\/pcGHcP-xcn","_links":{"self":[{"href":"https:\/\/preprod.olympic.ca\/olympique\/wp-json\/wp\/v2\/posts\/127619","targetHints":{"allow":["GET"]}}],"collection":[{"href":"https:\/\/preprod.olympic.ca\/olympique\/wp-json\/wp\/v2\/posts"}],"about":[{"href":"https:\/\/preprod.olympic.ca\/olympique\/wp-json\/wp\/v2\/types\/post"}],"author":[{"embeddable":true,"href":"https:\/\/preprod.olympic.ca\/olympique\/wp-json\/wp\/v2\/users\/52435451"}],"replies":[{"embeddable":true,"href":"https:\/\/preprod.olympic.ca\/olympique\/wp-json\/wp\/v2\/comments?post=127619"}],"version-history":[{"count":8,"href":"https:\/\/preprod.olympic.ca\/olympique\/wp-json\/wp\/v2\/posts\/127619\/revisions"}],"predecessor-version":[{"id":130635,"href":"https:\/\/preprod.olympic.ca\/olympique\/wp-json\/wp\/v2\/posts\/127619\/revisions\/130635"}],"wp:featuredmedia":[{"embeddable":true,"href":"https:\/\/preprod.olympic.ca\/olympique\/wp-json\/wp\/v2\/media\/109167"}],"wp:attachment":[{"href":"https:\/\/preprod.olympic.ca\/olympique\/wp-json\/wp\/v2\/media?parent=127619"}],"wp:term":[{"taxonomy":"category","embeddable":true,"href":"https:\/\/preprod.olympic.ca\/olympique\/wp-json\/wp\/v2\/categories?post=127619"},{"taxonomy":"post_tag","embeddable":true,"href":"https:\/\/preprod.olympic.ca\/olympique\/wp-json\/wp\/v2\/tags?post=127619"},{"taxonomy":"post_format","embeddable":true,"href":"https:\/\/preprod.olympic.ca\/olympique\/wp-json\/wp\/v2\/post_format?post=127619"},{"taxonomy":"sport","embeddable":true,"href":"https:\/\/preprod.olympic.ca\/olympique\/wp-json\/wp\/v2\/sport?post=127619"},{"taxonomy":"game","embeddable":true,"href":"https:\/\/preprod.olympic.ca\/olympique\/wp-json\/wp\/v2\/game?post=127619"},{"taxonomy":"author","embeddable":true,"href":"https:\/\/preprod.olympic.ca\/olympique\/wp-json\/wp\/v2\/coauthors?post=127619"}],"curies":[{"name":"wp","href":"https:\/\/api.w.org\/{rel}","templated":true}]}}