{"id":128581,"date":"2017-06-14T17:26:55","date_gmt":"2017-06-14T21:26:55","guid":{"rendered":"http:\/\/olympique.ca\/?p=128581"},"modified":"2017-06-15T16:40:12","modified_gmt":"2017-06-15T20:40:12","slug":"mare-nostrum-six-medailles-pour-oleksiak-ruck-et-thormeyer-a-barcelone","status":"publish","type":"post","link":"https:\/\/preprod.olympic.ca\/olympique\/2017\/06\/14\/mare-nostrum-six-medailles-pour-oleksiak-ruck-et-thormeyer-a-barcelone\/","title":{"rendered":"Mare Nostrum : Un record national pour Penny Oleksiak et six podiums canadiens \u00e0 Barcelone"},"content":{"rendered":"<h1>Les olympiens de Rio\u00a02016 <a href=\"http:\/\/olympique.ca\/team-canada\/markus-thormeyer\/\">Markus Thormeyer<\/a>, <a href=\"http:\/\/olympique.ca\/team-canada\/penny-oleksiak\/\">Penny Oleksiak<\/a> et <a href=\"http:\/\/olympique.ca\/team-canada\/taylor-ruck\/\">Taylor Ruck<\/a> ont tous contribu\u00e9 \u00e0 la r\u00e9colte canadienne avec deux m\u00e9dailles lors de la seconde \u00e9tape du circuit Mare Nostrum disput\u00e9e \u00e0 Barcelone mardi et mercredi.<\/h1>\n<p>En pleine pr\u00e9paration pour les Mondiaux FINA de natation qui se tiendront le mois prochain \u00e0 Budapest, <a href=\"http:\/\/olympique.ca\/2016\/08\/12\/penny-oleksiak-je-ne-pensais-pas-avoir-ce-quil-fallait-pour-etre-championne-olympique\/\">la quadruple m\u00e9daill\u00e9e de Rio 2016<\/a> Penny Oleksiak a remport\u00e9 sa deuxi\u00e8me m\u00e9daille de la comp\u00e9tition espagnole mercredi lorsqu\u2019elle a travers\u00e9 la piscine en un temps de 25,76\u00a0secondes pour mettre la main sur l\u2019argent au 50\u00a0m papillon derri\u00e8re la torpille su\u00e9doise Sarah Sj\u00f6str\u00f6m (24,76\u00a0s).<\/p>\n<div id=\"attachment_128585\" style=\"width: 1350px\" class=\"wp-caption alignnone\"><img loading=\"lazy\" decoding=\"async\" aria-describedby=\"caption-attachment-128585\" class=\"size-full wp-image-128585\" src=\"https:\/\/preprod.olympic.ca\/wp-content\/uploads\/sites\/2\/2017\/06\/img_9630-e1497475135879.jpg?quality=75\" alt=\"\" width=\"1340\" height=\"707\" srcset=\"https:\/\/preprod.olympic.ca\/olympique\/wp-content\/uploads\/sites\/2\/2017\/06\/img_9630-e1497475135879.jpg 1340w, https:\/\/preprod.olympic.ca\/olympique\/wp-content\/uploads\/sites\/2\/2017\/06\/img_9630-e1497475135879.jpg?resize=280,148 280w, https:\/\/preprod.olympic.ca\/olympique\/wp-content\/uploads\/sites\/2\/2017\/06\/img_9630-e1497475135879.jpg?resize=660,348 660w, https:\/\/preprod.olympic.ca\/olympique\/wp-content\/uploads\/sites\/2\/2017\/06\/img_9630-e1497475135879.jpg?resize=768,405 768w\" sizes=\"(max-width: 1340px) 100vw, 1340px\" \/><p id=\"caption-attachment-128585\" class=\"wp-caption-text\">Penny Oleksiak en action \u00e0 la deuxi\u00e8me \u00e9tape du circuit Mare Nostrum, le 14 juin 2017. (Photo: Twitter\/Natation Canada)<\/p><\/div>\n<p>Le chrono rapide de la Canadienne est non seulement un record personnel pour l&rsquo;athl\u00e8te qui a f\u00eat\u00e9 ses 17 ans hier, mais un record national. L&rsquo;ancienne marque de\u00a025,76 secondes appartenait \u00e0 <a href=\"http:\/\/olympique.ca\/team-canada\/katerine-savard\/\">Katerine Savard<\/a> et avait \u00e9t\u00e9 \u00e9tablie l&rsquo;an dernier.<\/p>\n<p>\u00c0 LIRE :\u00a0<a href=\"http:\/\/olympique.ca\/2017\/06\/12\/mise-a-jour-olympique-coupe-stanley-grand-chelem-et-succes-internationaux\/\">Trois m\u00e9dailles pour \u00c9quipe Canada \u00e0 la premi\u00e8re \u00e9tape du circuit Mare Nostrum<\/a><\/p>\n<p>Moins de 24\u00a0h apr\u00e8s avoir grimp\u00e9 sur le podium du 200\u00a0m dos, Markus Thormeyer a franchi les 100\u00a0m dos en un temps de 55,44\u00a0secondes et s\u2019est empar\u00e9 du bronze derri\u00e8re l\u2019Australien Mitch Larkin (53,76\u00a0s) et l\u2019Am\u00e9ricain Dale Taylor (54,00\u00a0s).<\/p>\n<div id=\"attachment_128584\" style=\"width: 1287px\" class=\"wp-caption alignnone\"><img loading=\"lazy\" decoding=\"async\" aria-describedby=\"caption-attachment-128584\" class=\"size-large wp-image-128584\" src=\"https:\/\/preprod.olympic.ca\/wp-content\/uploads\/sites\/2\/2017\/06\/img_9631-e1497475165930.jpg?quality=75&amp;w=1277\" alt=\"\" width=\"1277\" height=\"754\" srcset=\"https:\/\/preprod.olympic.ca\/olympique\/wp-content\/uploads\/sites\/2\/2017\/06\/img_9631-e1497475165930.jpg 1340w, https:\/\/preprod.olympic.ca\/olympique\/wp-content\/uploads\/sites\/2\/2017\/06\/img_9631-e1497475165930.jpg?resize=268,158 268w, https:\/\/preprod.olympic.ca\/olympique\/wp-content\/uploads\/sites\/2\/2017\/06\/img_9631-e1497475165930.jpg?resize=628,371 628w, https:\/\/preprod.olympic.ca\/olympique\/wp-content\/uploads\/sites\/2\/2017\/06\/img_9631-e1497475165930.jpg?resize=768,453 768w, https:\/\/preprod.olympic.ca\/olympique\/wp-content\/uploads\/sites\/2\/2017\/06\/img_9631-e1497475165930.jpg?resize=1277,754 1277w\" sizes=\"(max-width: 1277px) 100vw, 1277px\" \/><p id=\"caption-attachment-128584\" class=\"wp-caption-text\">Markus Thormeyer en action \u00e0 la deuxi\u00e8me \u00e9tape du circuit Mare Nostrum, le 14 juin 2017. (Photo: Twitter\/Natation Canada)<\/p><\/div>\n<p>M\u00eame son de cloche pour Taylor Ruck qui, apr\u00e8s avoir rafl\u00e9 le bronze au 100\u00a0m dos, a grimp\u00e9 sur la troisi\u00e8me marche du podium du 200\u00a0m dos gr\u00e2ce \u00e0 un chrono de 2\u00a0: 09,10 secondes. C\u2019est encore une fois l\u2019Australienne Emily Seebohm qui est repartie avec les grands honneurs (2\u00a0: 07,30\u00a0s), suivie de pr\u00e8s par Daria Ustinova de Russie (2\u00a0: 08,30\u00a0s).<\/p>\n<h2>Mardi<\/h2>\n<p>Markus Thormeyer, Penny Oleksiak et Taylor Ruck ont tous contribu\u00e9 \u00e0 la r\u00e9colte de m\u00e9daille canadienne en lever de rideau de la deuxi\u00e8me \u00e9tape du circuit Mare Nostrum \u00e0 Barcelone.<\/p>\n<p>Markus a r\u00e9alis\u00e9 la meilleure performance canadienne du jour en terminant deuxi\u00e8me au 200\u00a0m dos derri\u00e8re le m\u00e9daill\u00e9 d\u2019argent de Rio\u00a02016 Mitch Larkin de l\u2019Australie. Le chrono de 2\u00a0: 00,94 seconde du Canadien de 19\u00a0ans lui donne beaucoup de confiance pour la suite. \u00ab\u2009Je n\u2019avais jamais vraiment cours\u00e9 contre ces gars-l\u00e0 sur la sc\u00e8ne internationale avant, alors c\u2019\u00e9tait super. Je sens que le fait d\u2019atteindre le podium est un pas de plus vers mes objectifs de succ\u00e8s aux comp\u00e9titions internationales.\u00a0\u00bb<\/p>\n<p>Chez les femmes, la vedette de Natation Canada \u00e0 <a href=\"http:\/\/olympique.ca\/jeux\/2016-rio\">Rio 2016<\/a> Penny Oleksiak s\u2019est offert un cadeau de f\u00eate pour ses 17\u00a0ans en remportant le bronze au 100\u00a0m papillon apr\u00e8s avoir touch\u00e9 le mur en 57,65\u00a0secondes.<\/p>\n<p>Sa co\u00e9quipi\u00e8re des \u00e9quipes de relais \u00e0 Rio\u00a02016 Taylor Ruck a elle aussi grimp\u00e9 sur le podium \u00e0 la premi\u00e8re journ\u00e9e des courses lorsqu\u2019elle a rafl\u00e9 le bronze au 100\u00a0m dos avec un chrono de 1\u00a0: 00,86 s derri\u00e8re l\u2019Australienne Emily Seebohm (58,99\u00a0s) et la Russe Daria Ustinova (1\u00a0: 00,46\u00a0s).<\/p>\n<p>L&rsquo;action du circuit Mare Nostrum reprendra ce week-end alors que la comp\u00e9tition tiendra sa troisi\u00e8me et derni\u00e8re \u00e9tape dans la commune fran\u00e7aise de Canet-en-Roussillon. Apr\u00e8s deux \u00e9tapes, le nombre de m\u00e9dailles remport\u00e9es par le Canada est de neuf.<\/p>\n<p><a href=\"https:\/\/twitter.com\/OlympiqueCanada?lang=fr\"><img loading=\"lazy\" decoding=\"async\" class=\"alignnone size-full wp-image-124596\" src=\"https:\/\/preprod.olympic.ca\/wp-content\/uploads\/sites\/2\/2016\/09\/twitter_frsocial-ads.png\" alt=\"twitter_frsocial-ads\" width=\"1180\" height=\"100\" srcset=\"https:\/\/preprod.olympic.ca\/olympique\/wp-content\/uploads\/sites\/2\/2016\/09\/twitter_frsocial-ads.png 1180w, https:\/\/preprod.olympic.ca\/olympique\/wp-content\/uploads\/sites\/2\/2016\/09\/twitter_frsocial-ads.png?resize=280,24 280w, https:\/\/preprod.olympic.ca\/olympique\/wp-content\/uploads\/sites\/2\/2016\/09\/twitter_frsocial-ads.png?resize=660,56 660w, https:\/\/preprod.olympic.ca\/olympique\/wp-content\/uploads\/sites\/2\/2016\/09\/twitter_frsocial-ads.png?resize=768,65 768w\" sizes=\"(max-width: 1180px) 100vw, 1180px\" \/><\/a><\/p>\n","protected":false},"excerpt":{"rendered":"<p>Les olympiens de Rio\u00a02016 Markus Thormeyer, Penny Oleksiak et Taylor Ruck ont tous contribu\u00e9 \u00e0 la r\u00e9colte canadienne avec deux&#8230;<\/p>\n","protected":false},"author":96107080,"featured_media":128582,"comment_status":"open","ping_status":"closed","sticky":false,"template":"","format":"standard","meta":{"_acf_changed":false,"_jetpack_memberships_contains_paid_content":false,"footnotes":""},"categories":[1],"tags":[60100450,415983975,171001111,415890288,415940951],"post_format":"standard","sport":[763074],"game":[],"coauthors":[209272438],"class_list":["post-128581","post","type-post","status-publish","format-standard","has-post-thumbnail","hentry","category-uncategorized","tag-katerine-savard","tag-mare-nostrum","tag-markus-thormeyer","tag-penny-oleksiak","tag-taylor-ruck","sport-sports-aquatiques-natation"],"acf":[],"yoast_head":"<!-- This site is optimized with the Yoast SEO plugin v27.3 - https:\/\/yoast.com\/product\/yoast-seo-wordpress\/ -->\n<title>Mare Nostrum : Un record national pour Penny Oleksiak et six podiums canadiens \u00e0 Barcelone - \u00c9quipe Canada | Site officiel de l&#039;\u00e9quipe olympique<\/title>\n<meta name=\"robots\" content=\"index, follow, max-snippet:-1, max-image-preview:large, max-video-preview:-1\" \/>\n<link rel=\"canonical\" href=\"https:\/\/preprod.olympic.ca\/olympique\/2017\/06\/14\/mare-nostrum-six-medailles-pour-oleksiak-ruck-et-thormeyer-a-barcelone\/\" \/>\n<meta property=\"og:locale\" content=\"fr_FR\" \/>\n<meta property=\"og:type\" content=\"article\" \/>\n<meta property=\"og:title\" content=\"Mare Nostrum : Un record national pour Penny Oleksiak et six podiums canadiens \u00e0 Barcelone - \u00c9quipe Canada | Site officiel de l&#039;\u00e9quipe olympique\" \/>\n<meta property=\"og:description\" content=\"Les olympiens de Rio\u00a02016 Markus Thormeyer, Penny Oleksiak et Taylor Ruck ont tous contribu\u00e9 \u00e0 la r\u00e9colte canadienne avec deux...\" \/>\n<meta property=\"og:url\" content=\"https:\/\/preprod.olympic.ca\/olympique\/2017\/06\/14\/mare-nostrum-six-medailles-pour-oleksiak-ruck-et-thormeyer-a-barcelone\/\" \/>\n<meta property=\"og:site_name\" content=\"\u00c9quipe Canada | Site officiel de l&#039;\u00e9quipe olympique\" \/>\n<meta property=\"article:published_time\" content=\"2017-06-14T21:26:55+00:00\" \/>\n<meta property=\"article:modified_time\" content=\"2017-06-15T20:40:12+00:00\" \/>\n<meta property=\"og:image\" content=\"https:\/\/preprod.olympic.ca\/olympique\/wp-content\/uploads\/sites\/2\/2017\/06\/penny-rio.jpg?quality=100\" \/>\n\t<meta property=\"og:image:width\" content=\"1340\" \/>\n\t<meta property=\"og:image:height\" content=\"755\" \/>\n\t<meta property=\"og:image:type\" content=\"image\/jpeg\" \/>\n<meta name=\"author\" content=\"Ariane Desrosiers\" \/>\n<meta name=\"twitter:card\" content=\"summary_large_image\" \/>\n<meta name=\"twitter:label1\" content=\"Written by\" \/>\n\t<meta name=\"twitter:data1\" content=\"Ariane Desrosiers\" \/>\n\t<meta name=\"twitter:label2\" content=\"Est. reading time\" \/>\n\t<meta name=\"twitter:data2\" content=\"3 minutes\" \/>\n<script type=\"application\/ld+json\" class=\"yoast-schema-graph\">{\"@context\":\"https:\\\/\\\/schema.org\",\"@graph\":[{\"@type\":\"Article\",\"@id\":\"https:\\\/\\\/preprod.olympic.ca\\\/olympique\\\/2017\\\/06\\\/14\\\/mare-nostrum-six-medailles-pour-oleksiak-ruck-et-thormeyer-a-barcelone\\\/#article\",\"isPartOf\":{\"@id\":\"https:\\\/\\\/preprod.olympic.ca\\\/olympique\\\/2017\\\/06\\\/14\\\/mare-nostrum-six-medailles-pour-oleksiak-ruck-et-thormeyer-a-barcelone\\\/\"},\"author\":{\"name\":\"Ariane Desrosiers\",\"@id\":\"https:\\\/\\\/preprod.olympic.ca\\\/olympique\\\/#\\\/schema\\\/person\\\/ae879cc7903f703b76ee14154862eb23\"},\"headline\":\"Mare Nostrum : Un record national pour Penny Oleksiak et six podiums canadiens \u00e0 Barcelone\",\"datePublished\":\"2017-06-14T21:26:55+00:00\",\"dateModified\":\"2017-06-15T20:40:12+00:00\",\"mainEntityOfPage\":{\"@id\":\"https:\\\/\\\/preprod.olympic.ca\\\/olympique\\\/2017\\\/06\\\/14\\\/mare-nostrum-six-medailles-pour-oleksiak-ruck-et-thormeyer-a-barcelone\\\/\"},\"wordCount\":593,\"commentCount\":0,\"image\":{\"@id\":\"https:\\\/\\\/preprod.olympic.ca\\\/olympique\\\/2017\\\/06\\\/14\\\/mare-nostrum-six-medailles-pour-oleksiak-ruck-et-thormeyer-a-barcelone\\\/#primaryimage\"},\"thumbnailUrl\":\"https:\\\/\\\/preprod.olympic.ca\\\/olympique\\\/wp-content\\\/uploads\\\/sites\\\/2\\\/2017\\\/06\\\/penny-rio.jpg?quality=100\",\"keywords\":[\"Katerine Savard\",\"Mare Nostrum\",\"Markus Thormeyer\",\"Penny Oleksiak\",\"Taylor Ruck\"],\"articleSection\":[\"Uncategorized\"],\"inLanguage\":\"fr-FR\",\"potentialAction\":[{\"@type\":\"CommentAction\",\"name\":\"Comment\",\"target\":[\"https:\\\/\\\/preprod.olympic.ca\\\/olympique\\\/2017\\\/06\\\/14\\\/mare-nostrum-six-medailles-pour-oleksiak-ruck-et-thormeyer-a-barcelone\\\/#respond\"]}]},{\"@type\":\"WebPage\",\"@id\":\"https:\\\/\\\/preprod.olympic.ca\\\/olympique\\\/2017\\\/06\\\/14\\\/mare-nostrum-six-medailles-pour-oleksiak-ruck-et-thormeyer-a-barcelone\\\/\",\"url\":\"https:\\\/\\\/preprod.olympic.ca\\\/olympique\\\/2017\\\/06\\\/14\\\/mare-nostrum-six-medailles-pour-oleksiak-ruck-et-thormeyer-a-barcelone\\\/\",\"name\":\"Mare Nostrum : Un record national pour Penny Oleksiak et six podiums canadiens \u00e0 Barcelone - \u00c9quipe Canada | Site officiel de l&#039;\u00e9quipe olympique\",\"isPartOf\":{\"@id\":\"https:\\\/\\\/preprod.olympic.ca\\\/olympique\\\/#website\"},\"primaryImageOfPage\":{\"@id\":\"https:\\\/\\\/preprod.olympic.ca\\\/olympique\\\/2017\\\/06\\\/14\\\/mare-nostrum-six-medailles-pour-oleksiak-ruck-et-thormeyer-a-barcelone\\\/#primaryimage\"},\"image\":{\"@id\":\"https:\\\/\\\/preprod.olympic.ca\\\/olympique\\\/2017\\\/06\\\/14\\\/mare-nostrum-six-medailles-pour-oleksiak-ruck-et-thormeyer-a-barcelone\\\/#primaryimage\"},\"thumbnailUrl\":\"https:\\\/\\\/preprod.olympic.ca\\\/olympique\\\/wp-content\\\/uploads\\\/sites\\\/2\\\/2017\\\/06\\\/penny-rio.jpg?quality=100\",\"datePublished\":\"2017-06-14T21:26:55+00:00\",\"dateModified\":\"2017-06-15T20:40:12+00:00\",\"author\":{\"@id\":\"https:\\\/\\\/preprod.olympic.ca\\\/olympique\\\/#\\\/schema\\\/person\\\/ae879cc7903f703b76ee14154862eb23\"},\"inLanguage\":\"fr-FR\",\"potentialAction\":[{\"@type\":\"ReadAction\",\"target\":[\"https:\\\/\\\/preprod.olympic.ca\\\/olympique\\\/2017\\\/06\\\/14\\\/mare-nostrum-six-medailles-pour-oleksiak-ruck-et-thormeyer-a-barcelone\\\/\"]}]},{\"@type\":\"ImageObject\",\"inLanguage\":\"fr-FR\",\"@id\":\"https:\\\/\\\/preprod.olympic.ca\\\/olympique\\\/2017\\\/06\\\/14\\\/mare-nostrum-six-medailles-pour-oleksiak-ruck-et-thormeyer-a-barcelone\\\/#primaryimage\",\"url\":\"https:\\\/\\\/preprod.olympic.ca\\\/olympique\\\/wp-content\\\/uploads\\\/sites\\\/2\\\/2017\\\/06\\\/penny-rio.jpg?quality=100\",\"contentUrl\":\"https:\\\/\\\/preprod.olympic.ca\\\/olympique\\\/wp-content\\\/uploads\\\/sites\\\/2\\\/2017\\\/06\\\/penny-rio.jpg?quality=100\",\"width\":1340,\"height\":755},{\"@type\":\"WebSite\",\"@id\":\"https:\\\/\\\/preprod.olympic.ca\\\/olympique\\\/#website\",\"url\":\"https:\\\/\\\/preprod.olympic.ca\\\/olympique\\\/\",\"name\":\"\u00c9quipe Canada | Site officiel de l&#039;\u00e9quipe olympique\",\"description\":\"Votre source pour l\u2019\u00c9quipe olympique canadienne. Retrouvez les r\u00e9cits, vid\u00e9os et photos des athl\u00e8tes canadiens, sports olympiques, Jeux olympiques de 2020 et bien plus!\",\"potentialAction\":[{\"@type\":\"SearchAction\",\"target\":{\"@type\":\"EntryPoint\",\"urlTemplate\":\"https:\\\/\\\/preprod.olympic.ca\\\/olympique\\\/?s={search_term_string}\"},\"query-input\":{\"@type\":\"PropertyValueSpecification\",\"valueRequired\":true,\"valueName\":\"search_term_string\"}}],\"inLanguage\":\"fr-FR\"},{\"@type\":\"Person\",\"@id\":\"https:\\\/\\\/preprod.olympic.ca\\\/olympique\\\/#\\\/schema\\\/person\\\/ae879cc7903f703b76ee14154862eb23\",\"name\":\"Ariane Desrosiers\",\"image\":{\"@type\":\"ImageObject\",\"inLanguage\":\"fr-FR\",\"@id\":\"https:\\\/\\\/secure.gravatar.com\\\/avatar\\\/f7248cc9e6971153fdd196741b079c0229522d18a24f1fb69fb73c510aa6e189?s=96&d=identicon&r=gbd92884420bbfa56539e46241678b7d5\",\"url\":\"https:\\\/\\\/secure.gravatar.com\\\/avatar\\\/f7248cc9e6971153fdd196741b079c0229522d18a24f1fb69fb73c510aa6e189?s=96&d=identicon&r=g\",\"contentUrl\":\"https:\\\/\\\/secure.gravatar.com\\\/avatar\\\/f7248cc9e6971153fdd196741b079c0229522d18a24f1fb69fb73c510aa6e189?s=96&d=identicon&r=g\",\"caption\":\"Ariane Desrosiers\"},\"description\":\"Specialist, Social Sp\u00e9cialiste, M\u00e9dias num\u00e9riques\",\"url\":\"https:\\\/\\\/preprod.olympic.ca\\\/olympique\\\/author\\\/arianedesrosiers\\\/\"}]}<\/script>\n<!-- \/ Yoast SEO plugin. -->","yoast_head_json":{"title":"Mare Nostrum : Un record national pour Penny Oleksiak et six podiums canadiens \u00e0 Barcelone - \u00c9quipe Canada | Site officiel de l&#039;\u00e9quipe olympique","robots":{"index":"index","follow":"follow","max-snippet":"max-snippet:-1","max-image-preview":"max-image-preview:large","max-video-preview":"max-video-preview:-1"},"canonical":"https:\/\/preprod.olympic.ca\/olympique\/2017\/06\/14\/mare-nostrum-six-medailles-pour-oleksiak-ruck-et-thormeyer-a-barcelone\/","og_locale":"fr_FR","og_type":"article","og_title":"Mare Nostrum : Un record national pour Penny Oleksiak et six podiums canadiens \u00e0 Barcelone - \u00c9quipe Canada | Site officiel de l&#039;\u00e9quipe olympique","og_description":"Les olympiens de Rio\u00a02016 Markus Thormeyer, Penny Oleksiak et Taylor Ruck ont tous contribu\u00e9 \u00e0 la r\u00e9colte canadienne avec deux...","og_url":"https:\/\/preprod.olympic.ca\/olympique\/2017\/06\/14\/mare-nostrum-six-medailles-pour-oleksiak-ruck-et-thormeyer-a-barcelone\/","og_site_name":"\u00c9quipe Canada | Site officiel de l&#039;\u00e9quipe olympique","article_published_time":"2017-06-14T21:26:55+00:00","article_modified_time":"2017-06-15T20:40:12+00:00","og_image":[{"width":1340,"height":755,"url":"https:\/\/preprod.olympic.ca\/olympique\/wp-content\/uploads\/sites\/2\/2017\/06\/penny-rio.jpg?quality=100","type":"image\/jpeg"}],"author":"Ariane Desrosiers","twitter_card":"summary_large_image","twitter_misc":{"Written by":"Ariane Desrosiers","Est. reading time":"3 minutes"},"schema":{"@context":"https:\/\/schema.org","@graph":[{"@type":"Article","@id":"https:\/\/preprod.olympic.ca\/olympique\/2017\/06\/14\/mare-nostrum-six-medailles-pour-oleksiak-ruck-et-thormeyer-a-barcelone\/#article","isPartOf":{"@id":"https:\/\/preprod.olympic.ca\/olympique\/2017\/06\/14\/mare-nostrum-six-medailles-pour-oleksiak-ruck-et-thormeyer-a-barcelone\/"},"author":{"name":"Ariane Desrosiers","@id":"https:\/\/preprod.olympic.ca\/olympique\/#\/schema\/person\/ae879cc7903f703b76ee14154862eb23"},"headline":"Mare Nostrum : Un record national pour Penny Oleksiak et six podiums canadiens \u00e0 Barcelone","datePublished":"2017-06-14T21:26:55+00:00","dateModified":"2017-06-15T20:40:12+00:00","mainEntityOfPage":{"@id":"https:\/\/preprod.olympic.ca\/olympique\/2017\/06\/14\/mare-nostrum-six-medailles-pour-oleksiak-ruck-et-thormeyer-a-barcelone\/"},"wordCount":593,"commentCount":0,"image":{"@id":"https:\/\/preprod.olympic.ca\/olympique\/2017\/06\/14\/mare-nostrum-six-medailles-pour-oleksiak-ruck-et-thormeyer-a-barcelone\/#primaryimage"},"thumbnailUrl":"https:\/\/preprod.olympic.ca\/olympique\/wp-content\/uploads\/sites\/2\/2017\/06\/penny-rio.jpg?quality=100","keywords":["Katerine Savard","Mare Nostrum","Markus Thormeyer","Penny Oleksiak","Taylor Ruck"],"articleSection":["Uncategorized"],"inLanguage":"fr-FR","potentialAction":[{"@type":"CommentAction","name":"Comment","target":["https:\/\/preprod.olympic.ca\/olympique\/2017\/06\/14\/mare-nostrum-six-medailles-pour-oleksiak-ruck-et-thormeyer-a-barcelone\/#respond"]}]},{"@type":"WebPage","@id":"https:\/\/preprod.olympic.ca\/olympique\/2017\/06\/14\/mare-nostrum-six-medailles-pour-oleksiak-ruck-et-thormeyer-a-barcelone\/","url":"https:\/\/preprod.olympic.ca\/olympique\/2017\/06\/14\/mare-nostrum-six-medailles-pour-oleksiak-ruck-et-thormeyer-a-barcelone\/","name":"Mare Nostrum : Un record national pour Penny Oleksiak et six podiums canadiens \u00e0 Barcelone - \u00c9quipe Canada | Site officiel de l&#039;\u00e9quipe olympique","isPartOf":{"@id":"https:\/\/preprod.olympic.ca\/olympique\/#website"},"primaryImageOfPage":{"@id":"https:\/\/preprod.olympic.ca\/olympique\/2017\/06\/14\/mare-nostrum-six-medailles-pour-oleksiak-ruck-et-thormeyer-a-barcelone\/#primaryimage"},"image":{"@id":"https:\/\/preprod.olympic.ca\/olympique\/2017\/06\/14\/mare-nostrum-six-medailles-pour-oleksiak-ruck-et-thormeyer-a-barcelone\/#primaryimage"},"thumbnailUrl":"https:\/\/preprod.olympic.ca\/olympique\/wp-content\/uploads\/sites\/2\/2017\/06\/penny-rio.jpg?quality=100","datePublished":"2017-06-14T21:26:55+00:00","dateModified":"2017-06-15T20:40:12+00:00","author":{"@id":"https:\/\/preprod.olympic.ca\/olympique\/#\/schema\/person\/ae879cc7903f703b76ee14154862eb23"},"inLanguage":"fr-FR","potentialAction":[{"@type":"ReadAction","target":["https:\/\/preprod.olympic.ca\/olympique\/2017\/06\/14\/mare-nostrum-six-medailles-pour-oleksiak-ruck-et-thormeyer-a-barcelone\/"]}]},{"@type":"ImageObject","inLanguage":"fr-FR","@id":"https:\/\/preprod.olympic.ca\/olympique\/2017\/06\/14\/mare-nostrum-six-medailles-pour-oleksiak-ruck-et-thormeyer-a-barcelone\/#primaryimage","url":"https:\/\/preprod.olympic.ca\/olympique\/wp-content\/uploads\/sites\/2\/2017\/06\/penny-rio.jpg?quality=100","contentUrl":"https:\/\/preprod.olympic.ca\/olympique\/wp-content\/uploads\/sites\/2\/2017\/06\/penny-rio.jpg?quality=100","width":1340,"height":755},{"@type":"WebSite","@id":"https:\/\/preprod.olympic.ca\/olympique\/#website","url":"https:\/\/preprod.olympic.ca\/olympique\/","name":"\u00c9quipe Canada | Site officiel de l&#039;\u00e9quipe olympique","description":"Votre source pour l\u2019\u00c9quipe olympique canadienne. Retrouvez les r\u00e9cits, vid\u00e9os et photos des athl\u00e8tes canadiens, sports olympiques, Jeux olympiques de 2020 et bien plus!","potentialAction":[{"@type":"SearchAction","target":{"@type":"EntryPoint","urlTemplate":"https:\/\/preprod.olympic.ca\/olympique\/?s={search_term_string}"},"query-input":{"@type":"PropertyValueSpecification","valueRequired":true,"valueName":"search_term_string"}}],"inLanguage":"fr-FR"},{"@type":"Person","@id":"https:\/\/preprod.olympic.ca\/olympique\/#\/schema\/person\/ae879cc7903f703b76ee14154862eb23","name":"Ariane Desrosiers","image":{"@type":"ImageObject","inLanguage":"fr-FR","@id":"https:\/\/secure.gravatar.com\/avatar\/f7248cc9e6971153fdd196741b079c0229522d18a24f1fb69fb73c510aa6e189?s=96&d=identicon&r=gbd92884420bbfa56539e46241678b7d5","url":"https:\/\/secure.gravatar.com\/avatar\/f7248cc9e6971153fdd196741b079c0229522d18a24f1fb69fb73c510aa6e189?s=96&d=identicon&r=g","contentUrl":"https:\/\/secure.gravatar.com\/avatar\/f7248cc9e6971153fdd196741b079c0229522d18a24f1fb69fb73c510aa6e189?s=96&d=identicon&r=g","caption":"Ariane Desrosiers"},"description":"Specialist, Social Sp\u00e9cialiste, M\u00e9dias num\u00e9riques","url":"https:\/\/preprod.olympic.ca\/olympique\/author\/arianedesrosiers\/"}]}},"jetpack_featured_media_url":"https:\/\/preprod.olympic.ca\/olympique\/wp-content\/uploads\/sites\/2\/2017\/06\/penny-rio.jpg?quality=100","featured_image_url":"https:\/\/preprod.olympic.ca\/olympique\/wp-content\/uploads\/sites\/2\/2017\/06\/penny-rio.jpg?quality=100","author_name":["Ariane Desrosiers"],"category_names":["Uncategorized"],"tag_names":["Katerine Savard","Mare Nostrum","Markus Thormeyer","Penny Oleksiak","Taylor Ruck"],"video_embed_code":"","facebook_video_embed_code":"","jetpack_sharing_enabled":true,"jetpack-related-posts":[],"jetpack_shortlink":"https:\/\/wp.me\/pcGHcP-xrT","_links":{"self":[{"href":"https:\/\/preprod.olympic.ca\/olympique\/wp-json\/wp\/v2\/posts\/128581","targetHints":{"allow":["GET"]}}],"collection":[{"href":"https:\/\/preprod.olympic.ca\/olympique\/wp-json\/wp\/v2\/posts"}],"about":[{"href":"https:\/\/preprod.olympic.ca\/olympique\/wp-json\/wp\/v2\/types\/post"}],"author":[{"embeddable":true,"href":"https:\/\/preprod.olympic.ca\/olympique\/wp-json\/wp\/v2\/users\/96107080"}],"replies":[{"embeddable":true,"href":"https:\/\/preprod.olympic.ca\/olympique\/wp-json\/wp\/v2\/comments?post=128581"}],"version-history":[{"count":8,"href":"https:\/\/preprod.olympic.ca\/olympique\/wp-json\/wp\/v2\/posts\/128581\/revisions"}],"predecessor-version":[{"id":128611,"href":"https:\/\/preprod.olympic.ca\/olympique\/wp-json\/wp\/v2\/posts\/128581\/revisions\/128611"}],"wp:featuredmedia":[{"embeddable":true,"href":"https:\/\/preprod.olympic.ca\/olympique\/wp-json\/wp\/v2\/media\/128582"}],"wp:attachment":[{"href":"https:\/\/preprod.olympic.ca\/olympique\/wp-json\/wp\/v2\/media?parent=128581"}],"wp:term":[{"taxonomy":"category","embeddable":true,"href":"https:\/\/preprod.olympic.ca\/olympique\/wp-json\/wp\/v2\/categories?post=128581"},{"taxonomy":"post_tag","embeddable":true,"href":"https:\/\/preprod.olympic.ca\/olympique\/wp-json\/wp\/v2\/tags?post=128581"},{"taxonomy":"post_format","embeddable":true,"href":"https:\/\/preprod.olympic.ca\/olympique\/wp-json\/wp\/v2\/post_format?post=128581"},{"taxonomy":"sport","embeddable":true,"href":"https:\/\/preprod.olympic.ca\/olympique\/wp-json\/wp\/v2\/sport?post=128581"},{"taxonomy":"game","embeddable":true,"href":"https:\/\/preprod.olympic.ca\/olympique\/wp-json\/wp\/v2\/game?post=128581"},{"taxonomy":"author","embeddable":true,"href":"https:\/\/preprod.olympic.ca\/olympique\/wp-json\/wp\/v2\/coauthors?post=128581"}],"curies":[{"name":"wp","href":"https:\/\/api.w.org\/{rel}","templated":true}]}}