{"id":1290,"date":"2007-09-05T12:50:31","date_gmt":"2007-09-05T16:50:31","guid":{"rendered":"http:\/\/preprod.olympic.ca\/?p=1290"},"modified":"2013-08-01T01:06:40","modified_gmt":"2013-08-01T01:06:40","slug":"le-comite-olympique-canadien-ajoute-six-membres-a-son-equipe-dexperts-pour-les-jeux-olympiques-a-beijing","status":"publish","type":"post","link":"https:\/\/preprod.olympic.ca\/olympique\/2007\/09\/05\/le-comite-olympique-canadien-ajoute-six-membres-a-son-equipe-dexperts-pour-les-jeux-olympiques-a-beijing\/","title":{"rendered":"Le Comit\u00e9 olympique canadien ajoute six membres \u00e0 son \u00e9quipe d\u2019experts pour les Jeux olympiques \u00e0 Beijing"},"content":{"rendered":"<p>Le Comit\u00e9 olympique canadien (COC) a annonc\u00e9 aujourd\u2019hui la nomination de six experts dans le cadre de la deuxi\u00e8me phase de la mise sur pied de l\u2019\u00e9quipe d\u2019experts olympiques de l\u2019organisation,\u00a0 une nouvelle initiative de haute performance qui a \u00e9t\u00e9 lanc\u00e9e pour aider les athl\u00e8tes canadiens \u00e0 obtenir un succ\u00e8s accru aux Jeux olympiques en 2008 \u00e0 Beijing.<\/p>\n<p>L\u2019\u00e9quipe d\u2019experts olympiques du COC est compos\u00e9e d\u2019un groupe d\u2019\u00e9minents experts qui offriront aux f\u00e9d\u00e9rations nationales r\u00e9gissant les sports d\u2019\u00e9t\u00e9 au Canada et \u00e0 leurs \u00e9quipes de sp\u00e9cialistes de l\u2019information strat\u00e9gique et tactique sur les d\u00e9fis potentiels auxquels les membres de leurs \u00e9quipes auront \u00e0 faire face en ce qui concerne les questions m\u00e9dicales, environnementales, climatiques et l\u2019entra\u00eenement avant la tenue des Jeux olympiques et dans l\u2019environnement unique de ces derniers.<\/p>\n<p>Les nouveaux membres de l\u2019\u00e9quipe d\u2019experts olympiques du COC sont les entra\u00eeneuses olympiques Debbie Muir (Calgary, Alb.) et Dani\u00e8le Sauvageau (Deux-Montagnes, Qc).\u00a0 Muir et Sauvageau agiront \u00e0 titre de mentors des entra\u00eeneurs \u00e0 Beijing.\u00a0 Alain Delorme (Saint-Jean-sur-Richelieu, Qc), Penny Werthner (Ottawa, Ont.) et Caroline Sharp (Carleton Place, Ont.) ont quant \u00e0 eux \u00e9t\u00e9 nomm\u00e9s respectivement aux postes d\u2019expert\u00a0 en pr\u00e9paration physique, de psychologue sportif et de sp\u00e9cialiste des m\u00e9dias.<\/p>\n<p>\u00ab C\u2019est un honneur qu\u2019un groupe de personnes aussi accomplies se soient jointes au COC.\u00a0\u00a0 Leur nomination renforce \u00e9norm\u00e9ment notre capacit\u00e9 d\u2019offrir des services de soutien de classe mondiale aux athl\u00e8tes canadiens et aux membres de l\u2019\u00e9quipe d\u2019entra\u00eeneurs et de l\u2019\u00e9quipe d\u2019am\u00e9lioration de la performance qui les entourent, alors qu\u2019ils s\u2019efforceront d\u2019atteindre le podium aux Jeux olympiques de 2008, \u00bb a d\u00e9clar\u00e9 Caroline Assalian, directrice ex\u00e9cutive, Pr\u00e9paration olympique et Jeux, du COC.\u00a0 \u00ab Cette \u00e9tape constitue une autre initiative mise en place par le COC \u00e0 titre de partenaire de performance des F\u00e9d\u00e9rations nationales de sport du Canada.\u00a0 Le 8 ao\u00fbt 2008, nous devrons \u00eatres certains d\u2019avoir fait tout ce qui \u00e9tait en notre pouvoir pour aider les athl\u00e8tes \u00e0 convertir leurs succ\u00e8s internationaux en m\u00e9dailles olympiques. \u00bb<\/p>\n<p>Le COC a \u00e9galement nomm\u00e9 Michel Leblanc (St-Nicolas, Qc) au poste de gestionnaire, Pr\u00e9paration olympique \u00e0 temps plein.\u00a0 Relevant de Derek Covington, directeur, Pr\u00e9paration olympique du COC, Leblanc travaillera avec Marnie McBean, gestionnaire, Pr\u00e9paration olympique du COC et triple m\u00e9daill\u00e9e d\u2019or olympique en aviron, afin d\u2019aider les F\u00e9d\u00e9rations nationales de sport du Canada \u00e0 d\u00e9velopper et \u00e0 mettre en \u0153uvre des programmes de pr\u00e9paration \u00e0 la performance pour les Jeux olympiques.<\/p>\n<p>Leblanc a travaill\u00e9 pendant les deux derni\u00e8res ann\u00e9es en tant qu\u2019entra\u00eeneur national de v\u00e9lo de montagne pour l\u2019Association cycliste canadienne.\u00a0 Au cours de sa carri\u00e8re d\u2019entra\u00eeneur, qui s\u2019est \u00e9tendue sur 12 ans, Leblanc a continuellement aid\u00e9 les cyclistes canadiens \u00e0 atteindre le podium sur la sc\u00e8ne internationale.\u00a0 Parmi ses r\u00e9alisations dignes de mention, soulignons que Leblanc \u00e9tait l\u2019entra\u00eeneur de Marie-H\u00e9l\u00e8ne Pr\u00e9mont lorsqu\u2019elle a remport\u00e9 une m\u00e9daille d\u2019argent \u00e0 l\u2019\u00e9preuve de v\u00e9lo de montagne aux Jeux olympiques de 2004 \u00e0 Ath\u00e8nes.<\/p>\n<p>Dans leurs r\u00f4les de mentors d\u2019entra\u00eeneurs, Muir et Sauvageau offriront des services d\u2019encadrement et de mentorat aux entra\u00eeneurs olympiques du Canada pour leur permettre d\u2019aider leurs athl\u00e8tes \u00e0 r\u00e9aliser leurs objectifs de podium aux Jeux olympiques de 2008.\u00a0 Dans le cadre de leurs fonctions, Muir et Sauvageau offriront aux entra\u00eeneurs de l\u2019information strat\u00e9gique sur les mani\u00e8res de faire face aux d\u00e9fis, \u00e0 la pression, au stress et aux distractions propres aux Jeux ainsi que des conseils sur les pratiques efficaces d\u2019entra\u00eenement durant les Jeux.<\/p>\n<p>Muir est l\u2019une des entra\u00eeneuses les plus accomplies du Canada.\u00a0 En 1988, elle a permis \u00e0 Carolyn Waldo de remporter la m\u00e9daille d\u2019or en solo et en duo avec Michelle Cameron en nage synchronis\u00e9e aux Jeux olympiques \u00e0 S\u00e9oul.\u00a0 Quatre ans plus t\u00f4t, soit aux Jeux olympiques de 1984 \u00e0 Los Angeles, elle avait guid\u00e9 Waldo, Sharon Hambrook et Kelly Kryczka-Irwin vers l\u2019argent en solo et en duo.\u00a0\u00a0 De 1978 \u00e0 1986, Muir a permis aux athl\u00e8tes canadiens de remporter sept titres aux Championnats du monde.<\/p>\n<p>En plus de son travail aupr\u00e8s des nageuses synchronis\u00e9es, Muir a \u00e9galement \u00e9t\u00e9 consultante technique en entra\u00eenement aupr\u00e8s du m\u00e9daill\u00e9 d\u2019or olympique des Jeux de 1992 Mark Tewksbury.\u00a0 De plus, elle a agi \u00e0 titre de conseill\u00e8re aupr\u00e8s de plusieurs entra\u00eeneurs de haute performance, d\u2019un bout \u00e0 l\u2019autre du Canada, et elle a travaill\u00e9 au niveau international en tant que consultante en Australie, au Japon et en Cor\u00e9e du Sud.<\/p>\n<p>Sauvageau est l\u2019ancienne entra\u00eeneuse en chef de l\u2019\u00e9quipe canadienne f\u00e9minine de hockey.\u00a0 Dans ce r\u00f4le, elle avait permis \u00e0 \u00c9quipe Canada de remporter sa premi\u00e8re m\u00e9daille d\u2019or aux Jeux olympiques d\u2019hiver de 2002, une m\u00e9daille d\u2019argent aux Jeux olympiques d\u2019hiver de 1998 et quatre titres cons\u00e9cutifs aux Championnats du monde, de 1994 \u00e0 2001.\u00a0 Sauvageau a particip\u00e9 \u00e0 deux \u00e9ditions des Jeux panam\u00e9ricains et cinq \u00e9ditions des Jeux olympiques en tant qu\u2019entra\u00eeneuse, directrice g\u00e9n\u00e9rale et mentor des entra\u00eeneurs pour le compte de plusieurs organismes nationaux de sport, et elle a \u00e9t\u00e9 la premi\u00e8re femme entra\u00eeneuse au sein de la Ligue junior de hockey du Canada. En 2000, elle a fond\u00e9 DS.Communications, une firme sp\u00e9cialis\u00e9e en organisation strat\u00e9gique, en leadership et en accompagnement professionnel et qui offre ses services aux dirigeants d\u2019entreprises et aux entra\u00eeneurs de haut niveau.\u00a0 Elle est \u00e9galement membre du conseil d\u2019administration d\u2019Entra\u00eeneurs du Canada.<\/p>\n<p>Le Dr Werthner a repr\u00e9sent\u00e9 le Canada en tant que psychologue du sport \u00e0 cinq \u00e9ditions des Jeux olympiques, y compris les Jeux olympiques d\u2019hiver de 2006 et les Jeux olympiques de 2004 \u00e0 Ath\u00e8nes et a travaill\u00e9 avec les athl\u00e8tes canadiens en cano\u00eb-kayak, en ski acrobatique, en curling, en patinage de vitesse et en water-polo.<\/p>\n<p>Avant d\u2019embrasser le domaine de la psychologie du sport, le Dr Werthner a concouru au sein de l\u2019\u00e9quipe nationale d\u2019athl\u00e9tisme de 1970 \u00e0 1981.\u00a0 Parmi les points saillants de sa carri\u00e8re, mentionnons qu\u2019il a repr\u00e9sent\u00e9 le Canada aux Jeux olympiques de 1976 et qu\u2019il a gagn\u00e9 une m\u00e9daille de bronze \u00e0 l\u2019\u00e9preuve du 1500 m\u00e8tres aux Jeux panam\u00e9ricains de\u00a0 1979 et aux Jeux du Commonwealth de 1978.<\/p>\n<p>Delorme est copropri\u00e9taire d\u2019Actiforme Consultants, et il a offert des conseils en pr\u00e9paration physique aux athl\u00e8tes canadiens qui concourent en boxe, en plongeon,\u00a0 en handball, en aviron, en patinage de vitesse courte piste, en natation, en nage synchronis\u00e9e, en taekwondo et en water-polo.\u00a0 Il est \u00e9galement chef d\u2019\u00e9quipe et coordonnateur au Centre national multisport\u2013Montr\u00e9al o\u00f9 il travaille aupr\u00e8s des athl\u00e8tes en ski alpin, badminton, hockey et aviron.<\/p>\n<p>Sharp a \u00e9t\u00e9 directrice g\u00e9n\u00e9rale et chef de la direction de Volleyball Canada de 1998 \u00e0 2007.\u00a0 Dans son r\u00f4le au sein de cette organisation, Sharp \u00e9tait responsable de la gestion globale de Volleyball Canada, y compris du d\u00e9veloppement sportif.\u00a0 Elle a \u00e9t\u00e9 attach\u00e9e de presse de l\u2019\u00e9quipe canadienne aux Jeux olympiques de 2000, de 2002 et de 2004, et plus r\u00e9cemment aux Jeux panam\u00e9ricains de 2007 \u00e0 Rio de Janeiro, Br\u00e9sil.<\/p>\n<p>\u00c0 titre de sp\u00e9cialiste des m\u00e9dias, Sharp agira \u00e0 titre de personne-ressource pour les f\u00e9d\u00e9rations nationales r\u00e9gissant les sports d\u2019\u00e9t\u00e9 du Canada et les aidera \u00e0 d\u00e9velopper leurs plans de communication pour les Jeux olympiques de 2008 \u00e0 Beijing.<\/p>\n<p>La premi\u00e8re phase de la formation de l\u2019\u00e9quipe d\u2019experts olympiques du COC avait \u00e9t\u00e9 annonc\u00e9e en novembre 2006, avec la nomination du Dr Robert McCormack (New Westminster, C.-B.), de Stephen King (Lennoxville, Qc) et de M\u00e9lanie Olivier (Montr\u00e9al, Qc) respectivement aux postes de m\u00e9decin en chef, de th\u00e9rapeute en chef et de nutritionniste. Le COC avait \u00e9galement nomm\u00e9 Jon Kolb (Calgary, Alb.) au poste d\u2019\u00e9cophysiologiste et Doug Charko (Regina, Sask.) \u00e0 titre de m\u00e9t\u00e9orologue.<\/p>\n","protected":false},"excerpt":{"rendered":"<p>Le Comit\u00e9 olympique canadien (COC) a annonc\u00e9 aujourd\u2019hui la nomination de six experts dans le cadre de la deuxi\u00e8me phase&#8230;<\/p>\n","protected":false},"author":47562643,"featured_media":72155,"comment_status":"open","ping_status":"open","sticky":false,"template":"","format":"standard","meta":{"_acf_changed":false,"_jetpack_memberships_contains_paid_content":false,"footnotes":""},"categories":[707890],"tags":[],"post_format":"standard","sport":[],"game":[],"coauthors":[186127234],"class_list":["post-1290","post","type-post","status-publish","format-standard","has-post-thumbnail","hentry","category-comite"],"acf":[],"yoast_head":"<!-- This site is optimized with the Yoast SEO plugin v27.3 - https:\/\/yoast.com\/product\/yoast-seo-wordpress\/ -->\n<title>Le Comit\u00e9 olympique canadien ajoute six membres \u00e0 son \u00e9quipe d\u2019experts pour les Jeux olympiques \u00e0 Beijing  - \u00c9quipe Canada | Site officiel de l&#039;\u00e9quipe olympique<\/title>\n<meta name=\"robots\" content=\"index, follow, max-snippet:-1, max-image-preview:large, max-video-preview:-1\" \/>\n<link rel=\"canonical\" href=\"https:\/\/preprod.olympic.ca\/olympique\/2007\/09\/05\/le-comite-olympique-canadien-ajoute-six-membres-a-son-equipe-dexperts-pour-les-jeux-olympiques-a-beijing\/\" \/>\n<meta property=\"og:locale\" content=\"fr_FR\" \/>\n<meta property=\"og:type\" content=\"article\" \/>\n<meta property=\"og:title\" content=\"Le Comit\u00e9 olympique canadien ajoute six membres \u00e0 son \u00e9quipe d\u2019experts pour les Jeux olympiques \u00e0 Beijing  - \u00c9quipe Canada | Site officiel de l&#039;\u00e9quipe olympique\" \/>\n<meta property=\"og:description\" content=\"Le Comit\u00e9 olympique canadien (COC) a annonc\u00e9 aujourd\u2019hui la nomination de six experts dans le cadre de la deuxi\u00e8me phase...\" \/>\n<meta property=\"og:url\" content=\"https:\/\/preprod.olympic.ca\/olympique\/2007\/09\/05\/le-comite-olympique-canadien-ajoute-six-membres-a-son-equipe-dexperts-pour-les-jeux-olympiques-a-beijing\/\" \/>\n<meta property=\"og:site_name\" content=\"\u00c9quipe Canada | Site officiel de l&#039;\u00e9quipe olympique\" \/>\n<meta property=\"article:published_time\" content=\"2007-09-05T16:50:31+00:00\" \/>\n<meta property=\"article:modified_time\" content=\"2013-08-01T01:06:40+00:00\" \/>\n<meta name=\"author\" content=\"Comit\u00e9 olympique canadien\" \/>\n<meta name=\"twitter:card\" content=\"summary_large_image\" \/>\n<meta name=\"twitter:label1\" content=\"Written by\" \/>\n\t<meta name=\"twitter:data1\" content=\"Comit\u00e9 olympique canadien\" \/>\n\t<meta name=\"twitter:label2\" content=\"Est. reading time\" \/>\n\t<meta name=\"twitter:data2\" content=\"7 minutes\" \/>\n<script type=\"application\/ld+json\" class=\"yoast-schema-graph\">{\"@context\":\"https:\\\/\\\/schema.org\",\"@graph\":[{\"@type\":\"Article\",\"@id\":\"https:\\\/\\\/preprod.olympic.ca\\\/olympique\\\/2007\\\/09\\\/05\\\/le-comite-olympique-canadien-ajoute-six-membres-a-son-equipe-dexperts-pour-les-jeux-olympiques-a-beijing\\\/#article\",\"isPartOf\":{\"@id\":\"https:\\\/\\\/preprod.olympic.ca\\\/olympique\\\/2007\\\/09\\\/05\\\/le-comite-olympique-canadien-ajoute-six-membres-a-son-equipe-dexperts-pour-les-jeux-olympiques-a-beijing\\\/\"},\"author\":{\"name\":\"cdnolympicteam\",\"@id\":\"https:\\\/\\\/preprod.olympic.ca\\\/olympique\\\/#\\\/schema\\\/person\\\/08d84fd062bf1b56ffb3808cb69aee9c\"},\"headline\":\"Le Comit\u00e9 olympique canadien ajoute six membres \u00e0 son \u00e9quipe d\u2019experts pour les Jeux olympiques \u00e0 Beijing\",\"datePublished\":\"2007-09-05T16:50:31+00:00\",\"dateModified\":\"2013-08-01T01:06:40+00:00\",\"mainEntityOfPage\":{\"@id\":\"https:\\\/\\\/preprod.olympic.ca\\\/olympique\\\/2007\\\/09\\\/05\\\/le-comite-olympique-canadien-ajoute-six-membres-a-son-equipe-dexperts-pour-les-jeux-olympiques-a-beijing\\\/\"},\"wordCount\":1394,\"commentCount\":0,\"image\":{\"@id\":\"https:\\\/\\\/preprod.olympic.ca\\\/olympique\\\/2007\\\/09\\\/05\\\/le-comite-olympique-canadien-ajoute-six-membres-a-son-equipe-dexperts-pour-les-jeux-olympiques-a-beijing\\\/#primaryimage\"},\"thumbnailUrl\":\"\",\"articleSection\":[\"Derni\u00e8res nouvelles\"],\"inLanguage\":\"fr-FR\",\"potentialAction\":[{\"@type\":\"CommentAction\",\"name\":\"Comment\",\"target\":[\"https:\\\/\\\/preprod.olympic.ca\\\/olympique\\\/2007\\\/09\\\/05\\\/le-comite-olympique-canadien-ajoute-six-membres-a-son-equipe-dexperts-pour-les-jeux-olympiques-a-beijing\\\/#respond\"]}]},{\"@type\":\"WebPage\",\"@id\":\"https:\\\/\\\/preprod.olympic.ca\\\/olympique\\\/2007\\\/09\\\/05\\\/le-comite-olympique-canadien-ajoute-six-membres-a-son-equipe-dexperts-pour-les-jeux-olympiques-a-beijing\\\/\",\"url\":\"https:\\\/\\\/preprod.olympic.ca\\\/olympique\\\/2007\\\/09\\\/05\\\/le-comite-olympique-canadien-ajoute-six-membres-a-son-equipe-dexperts-pour-les-jeux-olympiques-a-beijing\\\/\",\"name\":\"Le Comit\u00e9 olympique canadien ajoute six membres \u00e0 son \u00e9quipe d\u2019experts pour les Jeux olympiques \u00e0 Beijing - \u00c9quipe Canada | Site officiel de l&#039;\u00e9quipe olympique\",\"isPartOf\":{\"@id\":\"https:\\\/\\\/preprod.olympic.ca\\\/olympique\\\/#website\"},\"primaryImageOfPage\":{\"@id\":\"https:\\\/\\\/preprod.olympic.ca\\\/olympique\\\/2007\\\/09\\\/05\\\/le-comite-olympique-canadien-ajoute-six-membres-a-son-equipe-dexperts-pour-les-jeux-olympiques-a-beijing\\\/#primaryimage\"},\"image\":{\"@id\":\"https:\\\/\\\/preprod.olympic.ca\\\/olympique\\\/2007\\\/09\\\/05\\\/le-comite-olympique-canadien-ajoute-six-membres-a-son-equipe-dexperts-pour-les-jeux-olympiques-a-beijing\\\/#primaryimage\"},\"thumbnailUrl\":\"\",\"datePublished\":\"2007-09-05T16:50:31+00:00\",\"dateModified\":\"2013-08-01T01:06:40+00:00\",\"author\":{\"@id\":\"https:\\\/\\\/preprod.olympic.ca\\\/olympique\\\/#\\\/schema\\\/person\\\/08d84fd062bf1b56ffb3808cb69aee9c\"},\"inLanguage\":\"fr-FR\",\"potentialAction\":[{\"@type\":\"ReadAction\",\"target\":[\"https:\\\/\\\/preprod.olympic.ca\\\/olympique\\\/2007\\\/09\\\/05\\\/le-comite-olympique-canadien-ajoute-six-membres-a-son-equipe-dexperts-pour-les-jeux-olympiques-a-beijing\\\/\"]}]},{\"@type\":\"ImageObject\",\"inLanguage\":\"fr-FR\",\"@id\":\"https:\\\/\\\/preprod.olympic.ca\\\/olympique\\\/2007\\\/09\\\/05\\\/le-comite-olympique-canadien-ajoute-six-membres-a-son-equipe-dexperts-pour-les-jeux-olympiques-a-beijing\\\/#primaryimage\",\"url\":\"\",\"contentUrl\":\"\"},{\"@type\":\"WebSite\",\"@id\":\"https:\\\/\\\/preprod.olympic.ca\\\/olympique\\\/#website\",\"url\":\"https:\\\/\\\/preprod.olympic.ca\\\/olympique\\\/\",\"name\":\"\u00c9quipe Canada | Site officiel de l&#039;\u00e9quipe olympique\",\"description\":\"Votre source pour l\u2019\u00c9quipe olympique canadienne. Retrouvez les r\u00e9cits, vid\u00e9os et photos des athl\u00e8tes canadiens, sports olympiques, Jeux olympiques de 2020 et bien plus!\",\"potentialAction\":[{\"@type\":\"SearchAction\",\"target\":{\"@type\":\"EntryPoint\",\"urlTemplate\":\"https:\\\/\\\/preprod.olympic.ca\\\/olympique\\\/?s={search_term_string}\"},\"query-input\":{\"@type\":\"PropertyValueSpecification\",\"valueRequired\":true,\"valueName\":\"search_term_string\"}}],\"inLanguage\":\"fr-FR\"},{\"@type\":\"Person\",\"@id\":\"https:\\\/\\\/preprod.olympic.ca\\\/olympique\\\/#\\\/schema\\\/person\\\/08d84fd062bf1b56ffb3808cb69aee9c\",\"name\":\"cdnolympicteam\",\"image\":{\"@type\":\"ImageObject\",\"inLanguage\":\"fr-FR\",\"@id\":\"https:\\\/\\\/secure.gravatar.com\\\/avatar\\\/5ebf1554473077ab88cd1ec3372750991c09302ef58500182e331751d1f3473b?s=96&d=identicon&r=g7289394c1202ef020fcd9aad965e50f7\",\"url\":\"https:\\\/\\\/secure.gravatar.com\\\/avatar\\\/5ebf1554473077ab88cd1ec3372750991c09302ef58500182e331751d1f3473b?s=96&d=identicon&r=g\",\"contentUrl\":\"https:\\\/\\\/secure.gravatar.com\\\/avatar\\\/5ebf1554473077ab88cd1ec3372750991c09302ef58500182e331751d1f3473b?s=96&d=identicon&r=g\",\"caption\":\"cdnolympicteam\"},\"url\":\"https:\\\/\\\/preprod.olympic.ca\\\/olympique\\\/author\\\/cdnolympicteam\\\/\"}]}<\/script>\n<!-- \/ Yoast SEO plugin. -->","yoast_head_json":{"title":"Le Comit\u00e9 olympique canadien ajoute six membres \u00e0 son \u00e9quipe d\u2019experts pour les Jeux olympiques \u00e0 Beijing  - \u00c9quipe Canada | Site officiel de l&#039;\u00e9quipe olympique","robots":{"index":"index","follow":"follow","max-snippet":"max-snippet:-1","max-image-preview":"max-image-preview:large","max-video-preview":"max-video-preview:-1"},"canonical":"https:\/\/preprod.olympic.ca\/olympique\/2007\/09\/05\/le-comite-olympique-canadien-ajoute-six-membres-a-son-equipe-dexperts-pour-les-jeux-olympiques-a-beijing\/","og_locale":"fr_FR","og_type":"article","og_title":"Le Comit\u00e9 olympique canadien ajoute six membres \u00e0 son \u00e9quipe d\u2019experts pour les Jeux olympiques \u00e0 Beijing  - \u00c9quipe Canada | Site officiel de l&#039;\u00e9quipe olympique","og_description":"Le Comit\u00e9 olympique canadien (COC) a annonc\u00e9 aujourd\u2019hui la nomination de six experts dans le cadre de la deuxi\u00e8me phase...","og_url":"https:\/\/preprod.olympic.ca\/olympique\/2007\/09\/05\/le-comite-olympique-canadien-ajoute-six-membres-a-son-equipe-dexperts-pour-les-jeux-olympiques-a-beijing\/","og_site_name":"\u00c9quipe Canada | Site officiel de l&#039;\u00e9quipe olympique","article_published_time":"2007-09-05T16:50:31+00:00","article_modified_time":"2013-08-01T01:06:40+00:00","author":"Comit\u00e9 olympique canadien","twitter_card":"summary_large_image","twitter_misc":{"Written by":"Comit\u00e9 olympique canadien","Est. reading time":"7 minutes"},"schema":{"@context":"https:\/\/schema.org","@graph":[{"@type":"Article","@id":"https:\/\/preprod.olympic.ca\/olympique\/2007\/09\/05\/le-comite-olympique-canadien-ajoute-six-membres-a-son-equipe-dexperts-pour-les-jeux-olympiques-a-beijing\/#article","isPartOf":{"@id":"https:\/\/preprod.olympic.ca\/olympique\/2007\/09\/05\/le-comite-olympique-canadien-ajoute-six-membres-a-son-equipe-dexperts-pour-les-jeux-olympiques-a-beijing\/"},"author":{"name":"cdnolympicteam","@id":"https:\/\/preprod.olympic.ca\/olympique\/#\/schema\/person\/08d84fd062bf1b56ffb3808cb69aee9c"},"headline":"Le Comit\u00e9 olympique canadien ajoute six membres \u00e0 son \u00e9quipe d\u2019experts pour les Jeux olympiques \u00e0 Beijing","datePublished":"2007-09-05T16:50:31+00:00","dateModified":"2013-08-01T01:06:40+00:00","mainEntityOfPage":{"@id":"https:\/\/preprod.olympic.ca\/olympique\/2007\/09\/05\/le-comite-olympique-canadien-ajoute-six-membres-a-son-equipe-dexperts-pour-les-jeux-olympiques-a-beijing\/"},"wordCount":1394,"commentCount":0,"image":{"@id":"https:\/\/preprod.olympic.ca\/olympique\/2007\/09\/05\/le-comite-olympique-canadien-ajoute-six-membres-a-son-equipe-dexperts-pour-les-jeux-olympiques-a-beijing\/#primaryimage"},"thumbnailUrl":"","articleSection":["Derni\u00e8res nouvelles"],"inLanguage":"fr-FR","potentialAction":[{"@type":"CommentAction","name":"Comment","target":["https:\/\/preprod.olympic.ca\/olympique\/2007\/09\/05\/le-comite-olympique-canadien-ajoute-six-membres-a-son-equipe-dexperts-pour-les-jeux-olympiques-a-beijing\/#respond"]}]},{"@type":"WebPage","@id":"https:\/\/preprod.olympic.ca\/olympique\/2007\/09\/05\/le-comite-olympique-canadien-ajoute-six-membres-a-son-equipe-dexperts-pour-les-jeux-olympiques-a-beijing\/","url":"https:\/\/preprod.olympic.ca\/olympique\/2007\/09\/05\/le-comite-olympique-canadien-ajoute-six-membres-a-son-equipe-dexperts-pour-les-jeux-olympiques-a-beijing\/","name":"Le Comit\u00e9 olympique canadien ajoute six membres \u00e0 son \u00e9quipe d\u2019experts pour les Jeux olympiques \u00e0 Beijing - \u00c9quipe Canada | Site officiel de l&#039;\u00e9quipe olympique","isPartOf":{"@id":"https:\/\/preprod.olympic.ca\/olympique\/#website"},"primaryImageOfPage":{"@id":"https:\/\/preprod.olympic.ca\/olympique\/2007\/09\/05\/le-comite-olympique-canadien-ajoute-six-membres-a-son-equipe-dexperts-pour-les-jeux-olympiques-a-beijing\/#primaryimage"},"image":{"@id":"https:\/\/preprod.olympic.ca\/olympique\/2007\/09\/05\/le-comite-olympique-canadien-ajoute-six-membres-a-son-equipe-dexperts-pour-les-jeux-olympiques-a-beijing\/#primaryimage"},"thumbnailUrl":"","datePublished":"2007-09-05T16:50:31+00:00","dateModified":"2013-08-01T01:06:40+00:00","author":{"@id":"https:\/\/preprod.olympic.ca\/olympique\/#\/schema\/person\/08d84fd062bf1b56ffb3808cb69aee9c"},"inLanguage":"fr-FR","potentialAction":[{"@type":"ReadAction","target":["https:\/\/preprod.olympic.ca\/olympique\/2007\/09\/05\/le-comite-olympique-canadien-ajoute-six-membres-a-son-equipe-dexperts-pour-les-jeux-olympiques-a-beijing\/"]}]},{"@type":"ImageObject","inLanguage":"fr-FR","@id":"https:\/\/preprod.olympic.ca\/olympique\/2007\/09\/05\/le-comite-olympique-canadien-ajoute-six-membres-a-son-equipe-dexperts-pour-les-jeux-olympiques-a-beijing\/#primaryimage","url":"","contentUrl":""},{"@type":"WebSite","@id":"https:\/\/preprod.olympic.ca\/olympique\/#website","url":"https:\/\/preprod.olympic.ca\/olympique\/","name":"\u00c9quipe Canada | Site officiel de l&#039;\u00e9quipe olympique","description":"Votre source pour l\u2019\u00c9quipe olympique canadienne. Retrouvez les r\u00e9cits, vid\u00e9os et photos des athl\u00e8tes canadiens, sports olympiques, Jeux olympiques de 2020 et bien plus!","potentialAction":[{"@type":"SearchAction","target":{"@type":"EntryPoint","urlTemplate":"https:\/\/preprod.olympic.ca\/olympique\/?s={search_term_string}"},"query-input":{"@type":"PropertyValueSpecification","valueRequired":true,"valueName":"search_term_string"}}],"inLanguage":"fr-FR"},{"@type":"Person","@id":"https:\/\/preprod.olympic.ca\/olympique\/#\/schema\/person\/08d84fd062bf1b56ffb3808cb69aee9c","name":"cdnolympicteam","image":{"@type":"ImageObject","inLanguage":"fr-FR","@id":"https:\/\/secure.gravatar.com\/avatar\/5ebf1554473077ab88cd1ec3372750991c09302ef58500182e331751d1f3473b?s=96&d=identicon&r=g7289394c1202ef020fcd9aad965e50f7","url":"https:\/\/secure.gravatar.com\/avatar\/5ebf1554473077ab88cd1ec3372750991c09302ef58500182e331751d1f3473b?s=96&d=identicon&r=g","contentUrl":"https:\/\/secure.gravatar.com\/avatar\/5ebf1554473077ab88cd1ec3372750991c09302ef58500182e331751d1f3473b?s=96&d=identicon&r=g","caption":"cdnolympicteam"},"url":"https:\/\/preprod.olympic.ca\/olympique\/author\/cdnolympicteam\/"}]}},"jetpack_featured_media_url":"","featured_image_url":false,"author_name":["Comit\u00e9 olympique canadien"],"category_names":["Derni\u00e8res nouvelles"],"tag_names":[],"video_embed_code":"","facebook_video_embed_code":"","jetpack_sharing_enabled":true,"jetpack-related-posts":[],"jetpack_shortlink":"https:\/\/wp.me\/pcGHcP-kO","_links":{"self":[{"href":"https:\/\/preprod.olympic.ca\/olympique\/wp-json\/wp\/v2\/posts\/1290","targetHints":{"allow":["GET"]}}],"collection":[{"href":"https:\/\/preprod.olympic.ca\/olympique\/wp-json\/wp\/v2\/posts"}],"about":[{"href":"https:\/\/preprod.olympic.ca\/olympique\/wp-json\/wp\/v2\/types\/post"}],"author":[{"embeddable":true,"href":"https:\/\/preprod.olympic.ca\/olympique\/wp-json\/wp\/v2\/users\/47562643"}],"replies":[{"embeddable":true,"href":"https:\/\/preprod.olympic.ca\/olympique\/wp-json\/wp\/v2\/comments?post=1290"}],"version-history":[{"count":1,"href":"https:\/\/preprod.olympic.ca\/olympique\/wp-json\/wp\/v2\/posts\/1290\/revisions"}],"predecessor-version":[{"id":82655,"href":"https:\/\/preprod.olympic.ca\/olympique\/wp-json\/wp\/v2\/posts\/1290\/revisions\/82655"}],"wp:featuredmedia":[{"embeddable":true,"href":"https:\/\/preprod.olympic.ca\/olympique\/wp-json\/"}],"wp:attachment":[{"href":"https:\/\/preprod.olympic.ca\/olympique\/wp-json\/wp\/v2\/media?parent=1290"}],"wp:term":[{"taxonomy":"category","embeddable":true,"href":"https:\/\/preprod.olympic.ca\/olympique\/wp-json\/wp\/v2\/categories?post=1290"},{"taxonomy":"post_tag","embeddable":true,"href":"https:\/\/preprod.olympic.ca\/olympique\/wp-json\/wp\/v2\/tags?post=1290"},{"taxonomy":"post_format","embeddable":true,"href":"https:\/\/preprod.olympic.ca\/olympique\/wp-json\/wp\/v2\/post_format?post=1290"},{"taxonomy":"sport","embeddable":true,"href":"https:\/\/preprod.olympic.ca\/olympique\/wp-json\/wp\/v2\/sport?post=1290"},{"taxonomy":"game","embeddable":true,"href":"https:\/\/preprod.olympic.ca\/olympique\/wp-json\/wp\/v2\/game?post=1290"},{"taxonomy":"author","embeddable":true,"href":"https:\/\/preprod.olympic.ca\/olympique\/wp-json\/wp\/v2\/coauthors?post=1290"}],"curies":[{"name":"wp","href":"https:\/\/api.w.org\/{rel}","templated":true}]}}