{"id":130657,"date":"2017-09-20T22:50:32","date_gmt":"2017-09-21T02:50:32","guid":{"rendered":"http:\/\/olympique.ca\/?p=130657"},"modified":"2017-09-28T16:18:55","modified_gmt":"2017-09-28T20:18:55","slug":"pyeongchang-2018-devoile-ses-medailles-en-grand-a-new-york-et-seoul","status":"publish","type":"post","link":"https:\/\/preprod.olympic.ca\/olympique\/2017\/09\/20\/pyeongchang-2018-devoile-ses-medailles-en-grand-a-new-york-et-seoul\/","title":{"rendered":"PyeongChang 2018 d\u00e9voile ses m\u00e9dailles en grand \u00e0 New York et S\u00e9oul"},"content":{"rendered":"<h1>Nous savons maintenant exactement ce que les athl\u00e8tes canadiens auront dans leur mire en f\u00e9vrier, \u00e0 la suite du d\u00e9voilement du design des m\u00e9dailles pour <a href=\"http:\/\/olympique.ca\/games\/2018-pyeongchang\/\">PyeongChang\u00a02018<\/a>.<\/h1>\n<p>La grande annonce a eu lieu mercredi soir lors de c\u00e9r\u00e9monies simultan\u00e9es tenues au Dongdaemun Design Plaza \u00e0 S\u00e9oul et au Metropolitan Museum of Art de New York, o\u00f9 le pr\u00e9sident de la Cor\u00e9e du Sud, Moon Jae-in, \u00e9tait parmi les invit\u00e9s.<\/p>\n<div class=\"embed-twitter\">\n<blockquote class=\"twitter-tweet\" data-width=\"550\">\n<p lang=\"ko\" dir=\"ltr\"><a href=\"https:\/\/twitter.com\/hashtag\/2018%ED%8F%89%EC%B0%BD?src=hash&amp;ref_src=twsrc%5Etfw\">#2018\ud3c9\ucc3d<\/a> \ub3d9\uacc4\uc62c\ub9bc\ud53d\ub300\ud68c <a href=\"https:\/\/twitter.com\/hashtag\/%EB%A9%94%EB%8B%AC?src=hash&amp;ref_src=twsrc%5Etfw\">#\uba54\ub2ec<\/a> \uc2e4\ubb3c \uadfc\uc811 \uc0ac\uc9c4 \ubaa8\uc74c.jpg<br \/>Take a closer look at the <a href=\"https:\/\/twitter.com\/hashtag\/PyeongChang2018?src=hash&amp;ref_src=twsrc%5Etfw\">#PyeongChang2018<\/a> Olympic <a href=\"https:\/\/twitter.com\/hashtag\/medals?src=hash&amp;ref_src=twsrc%5Etfw\">#medals<\/a>.<a href=\"https:\/\/twitter.com\/hashtag\/Hangul?src=hash&amp;ref_src=twsrc%5Etfw\">#Hangul<\/a> <a href=\"https:\/\/twitter.com\/hashtag\/Koreanalphabet?src=hash&amp;ref_src=twsrc%5Etfw\">#Koreanalphabet<\/a> <a href=\"https:\/\/twitter.com\/hashtag\/passion?src=hash&amp;ref_src=twsrc%5Etfw\">#passion<\/a> <a href=\"https:\/\/t.co\/2SZiXTeesP\">pic.twitter.com\/2SZiXTeesP<\/a><\/p>\n<p>&mdash; PyeongChang 2018 (@pyeongchang2018) <a href=\"https:\/\/twitter.com\/pyeongchang2018\/status\/910668171824087041?ref_src=twsrc%5Etfw\">September 21, 2017<\/a><\/p><\/blockquote>\n<p><script async src=\"\/\/platform.twitter.com\/widgets.js\" charset=\"utf-8\"><\/script><\/div>\n<div class=\"embed-twitter\">\n<blockquote class=\"twitter-tweet\" data-width=\"550\">\n<p lang=\"und\" dir=\"ltr\">\ud83d\ude0d\ud83d\ude0d\ud83d\ude0d<\/p>\n<p>&mdash; Gabrielle Daleman (@gabby_daleman) <a href=\"https:\/\/twitter.com\/gabby_daleman\/status\/910683364809682944?ref_src=twsrc%5Etfw\">September 21, 2017<\/a><\/p><\/blockquote>\n<p><script async src=\"\/\/platform.twitter.com\/widgets.js\" charset=\"utf-8\"><\/script><\/div>\n<p>Le designer industriel Lee Suk-woo a choisi de pr\u00e9senter le hangul, l\u2019alphabet cor\u00e9en, comme symbole majeur. Le hangul a d\u00e9j\u00e0 \u00e9t\u00e9 incorpor\u00e9 dans les logos et les pictogrammes des Jeux. Selon le comit\u00e9 d\u2019organisation des Jeux, \u00ab\u00a0Une s\u00e9rie de consonnes ont \u00e9t\u00e9 choisies pour symboliser les efforts des athl\u00e8tes du monde entier qui apportent leur jeunesse, leur solidarit\u00e9 et leur patrimoine national \u00e0 PyeongChang\u00a02018.\u00a0\u00bb<\/p>\n<div id=\"attachment_155983\" style=\"width: 1370px\" class=\"wp-caption alignnone\"><img loading=\"lazy\" decoding=\"async\" aria-describedby=\"caption-attachment-155983\" class=\"size-full wp-image-155983\" src=\"https:\/\/cdnolympic.files.wordpress.com\/2017\/09\/17215805.jpg?quality=100\" alt=\"\" width=\"1360\" height=\"1016\" \/><p id=\"caption-attachment-155983\" class=\"wp-caption-text\">De gauche \u00e0 droite, les m\u00e9dailles d\u2019argent, d\u2019or et de bronze pour les Jeux olympiques d\u2019hiver de PyeongChang\u00a02018 expos\u00e9es apr\u00e8s une c\u00e9r\u00e9monie de d\u00e9voilement, le mercredi\u00a020\u00a0septembre\u00a02017, \u00e0 New York. (AP Photo \/ Julie Jacobson)<\/p><\/div>\n<p>Sur le pourtour de la m\u00e9daille, les consonnes ont \u00e9t\u00e9 grav\u00e9es en trois dimension et coup\u00e9es en formes cylindriques. L\u2019arri\u00e8re de la m\u00e9daille comprend la discipline sportive et l\u2019\u00e9preuve pour laquelle elle est d\u00e9cern\u00e9e.<\/p>\n<p>Les m\u00e9dailles ont \u00e9galement \u00e9t\u00e9 inspir\u00e9es par la texture des troncs d\u2019arbres sud-cor\u00e9ens. On dit que les arbres repr\u00e9sentent le travail qui a \u00e9t\u00e9 consacr\u00e9 au d\u00e9veloppement de la culture cor\u00e9enne et des Jeux olympiques.<\/p>\n<p>\u00c0 LIRE :\u00a0<a href=\"http:\/\/olympique.ca\/2017\/09\/20\/souvenirs-olympiques-retour-sur-le-design-des-medailles-aux-jeux-dhiver\/\">Souvenirs olympiques: Retour sur le design des m\u00e9dailles aux Jeux d\u2019hiver<\/a><\/p>\n<p>Le ruban bleu sarcelle et rose au bout duquel la m\u00e9daille est accroch\u00e9e arbore des motifs tir\u00e9s de l\u2019hangul, des flocons et d\u2019autres motifs brod\u00e9s sur du gapsa, le m\u00eame textile utilis\u00e9 pour fabriquer le hanbok, le costume traditionnel cor\u00e9en.<\/p>\n<p>L\u2019architecture cor\u00e9enne traditionnelle a inspir\u00e9 la conception incurv\u00e9e du bo\u00eetier de la m\u00e9daille, fait de bois tout comme plusieurs temples et b\u00e2timents des r\u00e9gions rurales cor\u00e9ennes.<\/p>\n<p>\u00c0 LIRE :\u00a0<a href=\"http:\/\/olympique.ca\/2016\/06\/14\/rio-2016-devoile-ses-medailles\/\">Rio 2016 d\u00e9voile ses m\u00e9dailles<\/a><\/p>\n<p>Avec un diam\u00e8tre de 92,5\u00a0mm, ces m\u00e9dailles sont l\u00e9g\u00e8rement inf\u00e9rieures \u00e0 celles de Vancouver\u00a02010 et de Sotchi\u00a02014, toutes deux de 100\u00a0mm. L\u2019\u00e9paisseur varie de 4,4\u00a0mm, \u00e0 son point le plus fin, jusqu\u2019\u00e0 9,42\u00a0mm.<\/p>\n<p>Voyez les nombreux d\u00e9tails des m\u00e9dailles dans cette vid\u00e9o\u00a0:<\/p>\n<p>&nbsp;<\/p>\n<p><span class=\"embed-youtube\" style=\"text-align:center; display: block;\"><iframe loading=\"lazy\" class=\"youtube-player\" width=\"1360\" height=\"765\" src=\"https:\/\/www.youtube.com\/embed\/yyrV0NDX24c?version=3&#038;rel=1&#038;showsearch=0&#038;showinfo=1&#038;iv_load_policy=1&#038;fs=1&#038;hl=fr-FR&#038;autohide=2&#038;wmode=transparent\" allowfullscreen=\"true\" style=\"border:0;\" sandbox=\"allow-scripts allow-same-origin allow-popups allow-presentation allow-popups-to-escape-sandbox\"><\/iframe><\/span><\/p>\n<p>Il y aura 259\u00a0trios cr\u00e9\u00e9s, dont 222 seront attribu\u00e9s aux athl\u00e8tes dans les 102\u00a0\u00e9preuves des Jeux. Cinq ensembles seront conserv\u00e9s en cas d\u2019\u00e9galit\u00e9, alors que 25\u00a0trios seront remis au CIO. Sept ensembles seront finalement expos\u00e9s \u00e0 diff\u00e9rents endroits en Cor\u00e9e du Sud.<\/p>\n<p>Ces m\u00e9dailles ne sont que le dernier design unique des <a href=\"http:\/\/olympique.ca\/2017\/09\/20\/souvenirs-olympiques-retour-sur-le-design-des-medailles-aux-jeux-dhiver\/\">m\u00e9dailles dans l\u2019histoire des Jeux olympiques d\u2019hiver<\/a>.<\/p>\n<p><img loading=\"lazy\" decoding=\"async\" class=\"size-large wp-image-130665 aligncenter\" src=\"https:\/\/preprod.olympic.ca\/wp-content\/uploads\/sites\/2\/2017\/09\/medals-all-092120172-fr.jpg?quality=75&amp;w=476\" alt=\"\" width=\"476\" height=\"754\" srcset=\"https:\/\/preprod.olympic.ca\/olympique\/wp-content\/uploads\/sites\/2\/2017\/09\/medals-all-092120172-fr.jpg 1275w, https:\/\/preprod.olympic.ca\/olympique\/wp-content\/uploads\/sites\/2\/2017\/09\/medals-all-092120172-fr.jpg?resize=100,158 100w, https:\/\/preprod.olympic.ca\/olympique\/wp-content\/uploads\/sites\/2\/2017\/09\/medals-all-092120172-fr.jpg?resize=234,371 234w, https:\/\/preprod.olympic.ca\/olympique\/wp-content\/uploads\/sites\/2\/2017\/09\/medals-all-092120172-fr.jpg?resize=768,1217 768w, https:\/\/preprod.olympic.ca\/olympique\/wp-content\/uploads\/sites\/2\/2017\/09\/medals-all-092120172-fr.jpg?resize=476,754 476w, https:\/\/preprod.olympic.ca\/olympique\/wp-content\/uploads\/sites\/2\/2017\/09\/medals-all-092120172-fr.jpg?resize=969,1536 969w\" sizes=\"(max-width: 476px) 100vw, 476px\" \/><\/p>\n<p>&nbsp;<\/p>\n","protected":false},"excerpt":{"rendered":"<p>Nous savons maintenant exactement ce que les athl\u00e8tes canadiens auront dans leur mire en f\u00e9vrier, \u00e0 la suite du d\u00e9voilement&#8230;<\/p>\n","protected":false},"author":52435451,"featured_media":130658,"comment_status":"closed","ping_status":"closed","sticky":false,"template":"","format":"standard","meta":{"_acf_changed":false,"_jetpack_memberships_contains_paid_content":false,"footnotes":""},"categories":[1],"tags":[415985151,415985149,415985095,415985150,54771154],"post_format":"standard","sport":[],"game":[415985119],"coauthors":[197557601],"class_list":["post-130657","post","type-post","status-publish","format-standard","has-post-thumbnail","hentry","category-uncategorized","tag-devoilement-des-medailles-olympiques","tag-lee-suk-woo","tag-medailles-olympiques","tag-olympic-medals","tag-pyeongchang-2018","game-2018-pyeongchang"],"acf":[],"yoast_head":"<!-- This site is optimized with the Yoast SEO plugin v27.3 - https:\/\/yoast.com\/product\/yoast-seo-wordpress\/ -->\n<title>PyeongChang 2018 d\u00e9voile ses m\u00e9dailles en grand \u00e0 New York et S\u00e9oul - \u00c9quipe Canada | Site officiel de l&#039;\u00e9quipe olympique<\/title>\n<meta name=\"robots\" content=\"index, follow, max-snippet:-1, max-image-preview:large, max-video-preview:-1\" \/>\n<link rel=\"canonical\" href=\"https:\/\/preprod.olympic.ca\/olympique\/2017\/09\/20\/pyeongchang-2018-devoile-ses-medailles-en-grand-a-new-york-et-seoul\/\" \/>\n<meta property=\"og:locale\" content=\"fr_FR\" \/>\n<meta property=\"og:type\" content=\"article\" \/>\n<meta property=\"og:title\" content=\"PyeongChang 2018 d\u00e9voile ses m\u00e9dailles en grand \u00e0 New York et S\u00e9oul - \u00c9quipe Canada | Site officiel de l&#039;\u00e9quipe olympique\" \/>\n<meta property=\"og:description\" content=\"Nous savons maintenant exactement ce que les athl\u00e8tes canadiens auront dans leur mire en f\u00e9vrier, \u00e0 la suite du d\u00e9voilement...\" \/>\n<meta property=\"og:url\" content=\"https:\/\/preprod.olympic.ca\/olympique\/2017\/09\/20\/pyeongchang-2018-devoile-ses-medailles-en-grand-a-new-york-et-seoul\/\" \/>\n<meta property=\"og:site_name\" content=\"\u00c9quipe Canada | Site officiel de l&#039;\u00e9quipe olympique\" \/>\n<meta property=\"article:published_time\" content=\"2017-09-21T02:50:32+00:00\" \/>\n<meta property=\"article:modified_time\" content=\"2017-09-28T20:18:55+00:00\" \/>\n<meta property=\"og:image\" content=\"https:\/\/preprod.olympic.ca\/olympique\/wp-content\/uploads\/sites\/2\/2017\/09\/17215806-e1505958656439.jpg?quality=100\" \/>\n\t<meta property=\"og:image:width\" content=\"1010\" \/>\n\t<meta property=\"og:image:height\" content=\"568\" \/>\n\t<meta property=\"og:image:type\" content=\"image\/jpeg\" \/>\n<meta name=\"author\" content=\"Paula Nichols\" \/>\n<meta name=\"twitter:card\" content=\"summary_large_image\" \/>\n<meta name=\"twitter:label1\" content=\"Written by\" \/>\n\t<meta name=\"twitter:data1\" content=\"Paula Nichols\" \/>\n\t<meta name=\"twitter:label2\" content=\"Est. reading time\" \/>\n\t<meta name=\"twitter:data2\" content=\"3 minutes\" \/>\n<script type=\"application\/ld+json\" class=\"yoast-schema-graph\">{\"@context\":\"https:\\\/\\\/schema.org\",\"@graph\":[{\"@type\":\"Article\",\"@id\":\"https:\\\/\\\/preprod.olympic.ca\\\/olympique\\\/2017\\\/09\\\/20\\\/pyeongchang-2018-devoile-ses-medailles-en-grand-a-new-york-et-seoul\\\/#article\",\"isPartOf\":{\"@id\":\"https:\\\/\\\/preprod.olympic.ca\\\/olympique\\\/2017\\\/09\\\/20\\\/pyeongchang-2018-devoile-ses-medailles-en-grand-a-new-york-et-seoul\\\/\"},\"author\":{\"name\":\"Paula Nichols\",\"@id\":\"https:\\\/\\\/preprod.olympic.ca\\\/olympique\\\/#\\\/schema\\\/person\\\/d65906bd7e750277a876fa05ccc3da26\"},\"headline\":\"PyeongChang 2018 d\u00e9voile ses m\u00e9dailles en grand \u00e0 New York et S\u00e9oul\",\"datePublished\":\"2017-09-21T02:50:32+00:00\",\"dateModified\":\"2017-09-28T20:18:55+00:00\",\"mainEntityOfPage\":{\"@id\":\"https:\\\/\\\/preprod.olympic.ca\\\/olympique\\\/2017\\\/09\\\/20\\\/pyeongchang-2018-devoile-ses-medailles-en-grand-a-new-york-et-seoul\\\/\"},\"wordCount\":536,\"image\":{\"@id\":\"https:\\\/\\\/preprod.olympic.ca\\\/olympique\\\/2017\\\/09\\\/20\\\/pyeongchang-2018-devoile-ses-medailles-en-grand-a-new-york-et-seoul\\\/#primaryimage\"},\"thumbnailUrl\":\"https:\\\/\\\/preprod.olympic.ca\\\/olympique\\\/wp-content\\\/uploads\\\/sites\\\/2\\\/2017\\\/09\\\/17215806-e1505958656439.jpg?quality=100\",\"keywords\":[\"d\u00e9voilement des m\u00e9dailles olympiques\",\"Lee Suk-woo\",\"M\u00e9dailles olympiques\",\"Olympic medals\",\"pyeongchang 2018\"],\"articleSection\":[\"Uncategorized\"],\"inLanguage\":\"fr-FR\"},{\"@type\":\"WebPage\",\"@id\":\"https:\\\/\\\/preprod.olympic.ca\\\/olympique\\\/2017\\\/09\\\/20\\\/pyeongchang-2018-devoile-ses-medailles-en-grand-a-new-york-et-seoul\\\/\",\"url\":\"https:\\\/\\\/preprod.olympic.ca\\\/olympique\\\/2017\\\/09\\\/20\\\/pyeongchang-2018-devoile-ses-medailles-en-grand-a-new-york-et-seoul\\\/\",\"name\":\"PyeongChang 2018 d\u00e9voile ses m\u00e9dailles en grand \u00e0 New York et S\u00e9oul - \u00c9quipe Canada | Site officiel de l&#039;\u00e9quipe olympique\",\"isPartOf\":{\"@id\":\"https:\\\/\\\/preprod.olympic.ca\\\/olympique\\\/#website\"},\"primaryImageOfPage\":{\"@id\":\"https:\\\/\\\/preprod.olympic.ca\\\/olympique\\\/2017\\\/09\\\/20\\\/pyeongchang-2018-devoile-ses-medailles-en-grand-a-new-york-et-seoul\\\/#primaryimage\"},\"image\":{\"@id\":\"https:\\\/\\\/preprod.olympic.ca\\\/olympique\\\/2017\\\/09\\\/20\\\/pyeongchang-2018-devoile-ses-medailles-en-grand-a-new-york-et-seoul\\\/#primaryimage\"},\"thumbnailUrl\":\"https:\\\/\\\/preprod.olympic.ca\\\/olympique\\\/wp-content\\\/uploads\\\/sites\\\/2\\\/2017\\\/09\\\/17215806-e1505958656439.jpg?quality=100\",\"datePublished\":\"2017-09-21T02:50:32+00:00\",\"dateModified\":\"2017-09-28T20:18:55+00:00\",\"author\":{\"@id\":\"https:\\\/\\\/preprod.olympic.ca\\\/olympique\\\/#\\\/schema\\\/person\\\/d65906bd7e750277a876fa05ccc3da26\"},\"inLanguage\":\"fr-FR\",\"potentialAction\":[{\"@type\":\"ReadAction\",\"target\":[\"https:\\\/\\\/preprod.olympic.ca\\\/olympique\\\/2017\\\/09\\\/20\\\/pyeongchang-2018-devoile-ses-medailles-en-grand-a-new-york-et-seoul\\\/\"]}]},{\"@type\":\"ImageObject\",\"inLanguage\":\"fr-FR\",\"@id\":\"https:\\\/\\\/preprod.olympic.ca\\\/olympique\\\/2017\\\/09\\\/20\\\/pyeongchang-2018-devoile-ses-medailles-en-grand-a-new-york-et-seoul\\\/#primaryimage\",\"url\":\"https:\\\/\\\/preprod.olympic.ca\\\/olympique\\\/wp-content\\\/uploads\\\/sites\\\/2\\\/2017\\\/09\\\/17215806-e1505958656439.jpg?quality=100\",\"contentUrl\":\"https:\\\/\\\/preprod.olympic.ca\\\/olympique\\\/wp-content\\\/uploads\\\/sites\\\/2\\\/2017\\\/09\\\/17215806-e1505958656439.jpg?quality=100\",\"width\":1010,\"height\":568,\"caption\":\"Les m\u00e9dailles olympiques de PyeongChang 2018 d\u00e9voil\u00e9es lors d'une c\u00e9r\u00e9monie le 20 septembre 2017 \u00e0 New York. (Photo : Photo\\\/Julie Jacobson)\"},{\"@type\":\"WebSite\",\"@id\":\"https:\\\/\\\/preprod.olympic.ca\\\/olympique\\\/#website\",\"url\":\"https:\\\/\\\/preprod.olympic.ca\\\/olympique\\\/\",\"name\":\"\u00c9quipe Canada | Site officiel de l&#039;\u00e9quipe olympique\",\"description\":\"Votre source pour l\u2019\u00c9quipe olympique canadienne. Retrouvez les r\u00e9cits, vid\u00e9os et photos des athl\u00e8tes canadiens, sports olympiques, Jeux olympiques de 2020 et bien plus!\",\"potentialAction\":[{\"@type\":\"SearchAction\",\"target\":{\"@type\":\"EntryPoint\",\"urlTemplate\":\"https:\\\/\\\/preprod.olympic.ca\\\/olympique\\\/?s={search_term_string}\"},\"query-input\":{\"@type\":\"PropertyValueSpecification\",\"valueRequired\":true,\"valueName\":\"search_term_string\"}}],\"inLanguage\":\"fr-FR\"},{\"@type\":\"Person\",\"@id\":\"https:\\\/\\\/preprod.olympic.ca\\\/olympique\\\/#\\\/schema\\\/person\\\/d65906bd7e750277a876fa05ccc3da26\",\"name\":\"Paula Nichols\",\"image\":{\"@type\":\"ImageObject\",\"inLanguage\":\"fr-FR\",\"@id\":\"https:\\\/\\\/secure.gravatar.com\\\/avatar\\\/83aa2ad476fcd1071d58a474c9a2f51716b807e2406ca3aeaa032882e7f0346a?s=96&d=identicon&r=gf6876353c4226c9b0e52b96b76e72cac\",\"url\":\"https:\\\/\\\/secure.gravatar.com\\\/avatar\\\/83aa2ad476fcd1071d58a474c9a2f51716b807e2406ca3aeaa032882e7f0346a?s=96&d=identicon&r=g\",\"contentUrl\":\"https:\\\/\\\/secure.gravatar.com\\\/avatar\\\/83aa2ad476fcd1071d58a474c9a2f51716b807e2406ca3aeaa032882e7f0346a?s=96&d=identicon&r=g\",\"caption\":\"Paula Nichols\"},\"description\":\"Manager of Content and Research for the Canadian Olympic Committee and a lifelong fan of the Olympic Games and the athletes who compete at them.\",\"sameAs\":[\"pnichols\"],\"url\":\"https:\\\/\\\/preprod.olympic.ca\\\/olympique\\\/author\\\/pnichols\\\/\"}]}<\/script>\n<!-- \/ Yoast SEO plugin. -->","yoast_head_json":{"title":"PyeongChang 2018 d\u00e9voile ses m\u00e9dailles en grand \u00e0 New York et S\u00e9oul - \u00c9quipe Canada | Site officiel de l&#039;\u00e9quipe olympique","robots":{"index":"index","follow":"follow","max-snippet":"max-snippet:-1","max-image-preview":"max-image-preview:large","max-video-preview":"max-video-preview:-1"},"canonical":"https:\/\/preprod.olympic.ca\/olympique\/2017\/09\/20\/pyeongchang-2018-devoile-ses-medailles-en-grand-a-new-york-et-seoul\/","og_locale":"fr_FR","og_type":"article","og_title":"PyeongChang 2018 d\u00e9voile ses m\u00e9dailles en grand \u00e0 New York et S\u00e9oul - \u00c9quipe Canada | Site officiel de l&#039;\u00e9quipe olympique","og_description":"Nous savons maintenant exactement ce que les athl\u00e8tes canadiens auront dans leur mire en f\u00e9vrier, \u00e0 la suite du d\u00e9voilement...","og_url":"https:\/\/preprod.olympic.ca\/olympique\/2017\/09\/20\/pyeongchang-2018-devoile-ses-medailles-en-grand-a-new-york-et-seoul\/","og_site_name":"\u00c9quipe Canada | Site officiel de l&#039;\u00e9quipe olympique","article_published_time":"2017-09-21T02:50:32+00:00","article_modified_time":"2017-09-28T20:18:55+00:00","og_image":[{"width":1010,"height":568,"url":"https:\/\/preprod.olympic.ca\/olympique\/wp-content\/uploads\/sites\/2\/2017\/09\/17215806-e1505958656439.jpg?quality=100","type":"image\/jpeg"}],"author":"Paula Nichols","twitter_card":"summary_large_image","twitter_misc":{"Written by":"Paula Nichols","Est. reading time":"3 minutes"},"schema":{"@context":"https:\/\/schema.org","@graph":[{"@type":"Article","@id":"https:\/\/preprod.olympic.ca\/olympique\/2017\/09\/20\/pyeongchang-2018-devoile-ses-medailles-en-grand-a-new-york-et-seoul\/#article","isPartOf":{"@id":"https:\/\/preprod.olympic.ca\/olympique\/2017\/09\/20\/pyeongchang-2018-devoile-ses-medailles-en-grand-a-new-york-et-seoul\/"},"author":{"name":"Paula Nichols","@id":"https:\/\/preprod.olympic.ca\/olympique\/#\/schema\/person\/d65906bd7e750277a876fa05ccc3da26"},"headline":"PyeongChang 2018 d\u00e9voile ses m\u00e9dailles en grand \u00e0 New York et S\u00e9oul","datePublished":"2017-09-21T02:50:32+00:00","dateModified":"2017-09-28T20:18:55+00:00","mainEntityOfPage":{"@id":"https:\/\/preprod.olympic.ca\/olympique\/2017\/09\/20\/pyeongchang-2018-devoile-ses-medailles-en-grand-a-new-york-et-seoul\/"},"wordCount":536,"image":{"@id":"https:\/\/preprod.olympic.ca\/olympique\/2017\/09\/20\/pyeongchang-2018-devoile-ses-medailles-en-grand-a-new-york-et-seoul\/#primaryimage"},"thumbnailUrl":"https:\/\/preprod.olympic.ca\/olympique\/wp-content\/uploads\/sites\/2\/2017\/09\/17215806-e1505958656439.jpg?quality=100","keywords":["d\u00e9voilement des m\u00e9dailles olympiques","Lee Suk-woo","M\u00e9dailles olympiques","Olympic medals","pyeongchang 2018"],"articleSection":["Uncategorized"],"inLanguage":"fr-FR"},{"@type":"WebPage","@id":"https:\/\/preprod.olympic.ca\/olympique\/2017\/09\/20\/pyeongchang-2018-devoile-ses-medailles-en-grand-a-new-york-et-seoul\/","url":"https:\/\/preprod.olympic.ca\/olympique\/2017\/09\/20\/pyeongchang-2018-devoile-ses-medailles-en-grand-a-new-york-et-seoul\/","name":"PyeongChang 2018 d\u00e9voile ses m\u00e9dailles en grand \u00e0 New York et S\u00e9oul - \u00c9quipe Canada | Site officiel de l&#039;\u00e9quipe olympique","isPartOf":{"@id":"https:\/\/preprod.olympic.ca\/olympique\/#website"},"primaryImageOfPage":{"@id":"https:\/\/preprod.olympic.ca\/olympique\/2017\/09\/20\/pyeongchang-2018-devoile-ses-medailles-en-grand-a-new-york-et-seoul\/#primaryimage"},"image":{"@id":"https:\/\/preprod.olympic.ca\/olympique\/2017\/09\/20\/pyeongchang-2018-devoile-ses-medailles-en-grand-a-new-york-et-seoul\/#primaryimage"},"thumbnailUrl":"https:\/\/preprod.olympic.ca\/olympique\/wp-content\/uploads\/sites\/2\/2017\/09\/17215806-e1505958656439.jpg?quality=100","datePublished":"2017-09-21T02:50:32+00:00","dateModified":"2017-09-28T20:18:55+00:00","author":{"@id":"https:\/\/preprod.olympic.ca\/olympique\/#\/schema\/person\/d65906bd7e750277a876fa05ccc3da26"},"inLanguage":"fr-FR","potentialAction":[{"@type":"ReadAction","target":["https:\/\/preprod.olympic.ca\/olympique\/2017\/09\/20\/pyeongchang-2018-devoile-ses-medailles-en-grand-a-new-york-et-seoul\/"]}]},{"@type":"ImageObject","inLanguage":"fr-FR","@id":"https:\/\/preprod.olympic.ca\/olympique\/2017\/09\/20\/pyeongchang-2018-devoile-ses-medailles-en-grand-a-new-york-et-seoul\/#primaryimage","url":"https:\/\/preprod.olympic.ca\/olympique\/wp-content\/uploads\/sites\/2\/2017\/09\/17215806-e1505958656439.jpg?quality=100","contentUrl":"https:\/\/preprod.olympic.ca\/olympique\/wp-content\/uploads\/sites\/2\/2017\/09\/17215806-e1505958656439.jpg?quality=100","width":1010,"height":568,"caption":"Les m\u00e9dailles olympiques de PyeongChang 2018 d\u00e9voil\u00e9es lors d'une c\u00e9r\u00e9monie le 20 septembre 2017 \u00e0 New York. (Photo : Photo\/Julie Jacobson)"},{"@type":"WebSite","@id":"https:\/\/preprod.olympic.ca\/olympique\/#website","url":"https:\/\/preprod.olympic.ca\/olympique\/","name":"\u00c9quipe Canada | Site officiel de l&#039;\u00e9quipe olympique","description":"Votre source pour l\u2019\u00c9quipe olympique canadienne. Retrouvez les r\u00e9cits, vid\u00e9os et photos des athl\u00e8tes canadiens, sports olympiques, Jeux olympiques de 2020 et bien plus!","potentialAction":[{"@type":"SearchAction","target":{"@type":"EntryPoint","urlTemplate":"https:\/\/preprod.olympic.ca\/olympique\/?s={search_term_string}"},"query-input":{"@type":"PropertyValueSpecification","valueRequired":true,"valueName":"search_term_string"}}],"inLanguage":"fr-FR"},{"@type":"Person","@id":"https:\/\/preprod.olympic.ca\/olympique\/#\/schema\/person\/d65906bd7e750277a876fa05ccc3da26","name":"Paula Nichols","image":{"@type":"ImageObject","inLanguage":"fr-FR","@id":"https:\/\/secure.gravatar.com\/avatar\/83aa2ad476fcd1071d58a474c9a2f51716b807e2406ca3aeaa032882e7f0346a?s=96&d=identicon&r=gf6876353c4226c9b0e52b96b76e72cac","url":"https:\/\/secure.gravatar.com\/avatar\/83aa2ad476fcd1071d58a474c9a2f51716b807e2406ca3aeaa032882e7f0346a?s=96&d=identicon&r=g","contentUrl":"https:\/\/secure.gravatar.com\/avatar\/83aa2ad476fcd1071d58a474c9a2f51716b807e2406ca3aeaa032882e7f0346a?s=96&d=identicon&r=g","caption":"Paula Nichols"},"description":"Manager of Content and Research for the Canadian Olympic Committee and a lifelong fan of the Olympic Games and the athletes who compete at them.","sameAs":["pnichols"],"url":"https:\/\/preprod.olympic.ca\/olympique\/author\/pnichols\/"}]}},"jetpack_featured_media_url":"https:\/\/preprod.olympic.ca\/olympique\/wp-content\/uploads\/sites\/2\/2017\/09\/17215806-e1505958656439.jpg?quality=100","featured_image_url":"https:\/\/preprod.olympic.ca\/olympique\/wp-content\/uploads\/sites\/2\/2017\/09\/17215806-e1505958656439.jpg?quality=100","author_name":["Paula Nichols"],"category_names":["Uncategorized"],"tag_names":["d\u00e9voilement des m\u00e9dailles olympiques","Lee Suk-woo","M\u00e9dailles olympiques","Olympic medals","pyeongchang 2018"],"video_embed_code":"","facebook_video_embed_code":"","jetpack_sharing_enabled":true,"jetpack-related-posts":[],"jetpack_shortlink":"https:\/\/wp.me\/pcGHcP-xZn","_links":{"self":[{"href":"https:\/\/preprod.olympic.ca\/olympique\/wp-json\/wp\/v2\/posts\/130657","targetHints":{"allow":["GET"]}}],"collection":[{"href":"https:\/\/preprod.olympic.ca\/olympique\/wp-json\/wp\/v2\/posts"}],"about":[{"href":"https:\/\/preprod.olympic.ca\/olympique\/wp-json\/wp\/v2\/types\/post"}],"author":[{"embeddable":true,"href":"https:\/\/preprod.olympic.ca\/olympique\/wp-json\/wp\/v2\/users\/52435451"}],"replies":[{"embeddable":true,"href":"https:\/\/preprod.olympic.ca\/olympique\/wp-json\/wp\/v2\/comments?post=130657"}],"version-history":[{"count":7,"href":"https:\/\/preprod.olympic.ca\/olympique\/wp-json\/wp\/v2\/posts\/130657\/revisions"}],"predecessor-version":[{"id":130668,"href":"https:\/\/preprod.olympic.ca\/olympique\/wp-json\/wp\/v2\/posts\/130657\/revisions\/130668"}],"wp:featuredmedia":[{"embeddable":true,"href":"https:\/\/preprod.olympic.ca\/olympique\/wp-json\/wp\/v2\/media\/130658"}],"wp:attachment":[{"href":"https:\/\/preprod.olympic.ca\/olympique\/wp-json\/wp\/v2\/media?parent=130657"}],"wp:term":[{"taxonomy":"category","embeddable":true,"href":"https:\/\/preprod.olympic.ca\/olympique\/wp-json\/wp\/v2\/categories?post=130657"},{"taxonomy":"post_tag","embeddable":true,"href":"https:\/\/preprod.olympic.ca\/olympique\/wp-json\/wp\/v2\/tags?post=130657"},{"taxonomy":"post_format","embeddable":true,"href":"https:\/\/preprod.olympic.ca\/olympique\/wp-json\/wp\/v2\/post_format?post=130657"},{"taxonomy":"sport","embeddable":true,"href":"https:\/\/preprod.olympic.ca\/olympique\/wp-json\/wp\/v2\/sport?post=130657"},{"taxonomy":"game","embeddable":true,"href":"https:\/\/preprod.olympic.ca\/olympique\/wp-json\/wp\/v2\/game?post=130657"},{"taxonomy":"author","embeddable":true,"href":"https:\/\/preprod.olympic.ca\/olympique\/wp-json\/wp\/v2\/coauthors?post=130657"}],"curies":[{"name":"wp","href":"https:\/\/api.w.org\/{rel}","templated":true}]}}