{"id":1330,"date":"2008-03-04T13:10:35","date_gmt":"2008-03-04T18:10:35","guid":{"rendered":"http:\/\/preprod.olympic.ca\/?p=1330"},"modified":"2013-08-01T01:06:46","modified_gmt":"2013-08-01T01:06:46","slug":"le-programme-scolaire-olympique-canadien-lance-un-nouveau-curriculum-sur-les-jeux-olympiques-de-beijing-2008","status":"publish","type":"post","link":"https:\/\/preprod.olympic.ca\/olympique\/2008\/03\/04\/le-programme-scolaire-olympique-canadien-lance-un-nouveau-curriculum-sur-les-jeux-olympiques-de-beijing-2008\/","title":{"rendered":"Le Programme scolaire olympique canadien lance un nouveau curriculum sur les Jeux olympiques de Beijing 2008"},"content":{"rendered":"<p>Le Comit\u00e9 olympique canadien (COC) a c\u00e9l\u00e9br\u00e9 aujourd\u2019hui le lancement officiel de la 22e \u00e9dition du Programme scolaire olympique canadien. Le nouveau programme qui porte sur les Jeux olympiques de Beijing 2008 a \u00e9t\u00e9 pr\u00e9sent\u00e9 aux \u00e9l\u00e8ves de l\u2019\u00e9cole Lord Byng Elementary School de Richmond.<\/p>\n<p>Gr\u00e2ce au g\u00e9n\u00e9reux soutien de son commanditaire de longue date, RBC, le COC a pu \u00e9largir le programme et y inclure des ressources d\u2019apprentissage pour les \u00e9l\u00e8ves de la 2e \u00e0 la 12e ann\u00e9e.\u00a0 Un nouveau site Web pour les enseignants et les \u00e9l\u00e8ves comprenant des plans de le\u00e7on, des vid\u00e9os d\u2019athl\u00e8tes, des sondages, des casse-t\u00eate et de l\u2019information entourant les Jeux olympiques de Beijing 2008 a \u00e9galement \u00e9t\u00e9 cr\u00e9\u00e9.<\/p>\n<p>Le nouveau programme destin\u00e9 au primaire pr\u00e9sente une s\u00e9rie de textes sur les athl\u00e8tes olympiques ax\u00e9s sur les valeurs olympiques suivantes : l\u2019excellence, l\u2019\u00e9quit\u00e9, le respect et le leadership.\u00a0 Chaque histoire est r\u00e9dig\u00e9e selon trois niveaux de lecture (2 e-3e ann\u00e9e, 4e-5e ann\u00e9e et 6e-7e ann\u00e9e), et chaque texte est suivi d\u2019une activit\u00e9 d\u2019apprentissage en fran\u00e7ais pour chaque niveau.<\/p>\n<p>Le curriculum du secondaire est constitu\u00e9 de trousses de projets pluridisciplinaires dans le cadre desquelles les \u00e9l\u00e8ves doivent r\u00e9soudre des probl\u00e8mes de la vie r\u00e9elle concernant les Jeux olympiques. Chaque trousse de projets comprend des articles de fond, de la documentation, des conseils pour les enseignants, une rubrique d\u2019\u00e9valuation et des liens vers les r\u00e9sultats d\u2019apprentissage provinciaux.<\/p>\n<p>Les Olympiens pr\u00e9sent\u00e9s dans le programme de cette ann\u00e9e sont : Jennifer Botterill (hockey), Alexandre Despatie (plongeon), Daniel Igali (lutte), Silken Laumann (aviron), Lawrence Lemieux (voile), Gary Reed (athl\u00e9tisme) et Beckie Scott (ski de fond).<\/p>\n<p>Le Programme scolaire olympique canadien offre aux enseignants des ressources \u00e9ducatives bilingues \u00e0 utiliser en classe depuis 1988. Il met \u00e0 leur disposition des ressources d\u2019apprentissage de qualit\u00e9 con\u00e7ues pour les aider \u00e0 atteindre les r\u00e9sultats d&rsquo;apprentissage provinciaux tout en suscitant l&rsquo;enthousiasme des \u00e9l\u00e8ves pour le Mouvement olympique.<\/p>\n<p>Vous trouverez de plus amples renseignements et des plans de le\u00e7on t\u00e9l\u00e9chargeables au <a title=\"www.olympicschool.ca\" href=\"http:\/\/www.olympicschool.ca\" target=\"_blank\">http:\/\/www.olympicschool.ca<\/a>.<\/p>\n","protected":false},"excerpt":{"rendered":"<p>Le Comit\u00e9 olympique canadien (COC) a c\u00e9l\u00e9br\u00e9 aujourd\u2019hui le lancement officiel de la 22e \u00e9dition du Programme scolaire olympique canadien&#8230;.<\/p>\n","protected":false},"author":47562643,"featured_media":1328,"comment_status":"open","ping_status":"open","sticky":false,"template":"","format":"standard","meta":{"_acf_changed":false,"_jetpack_memberships_contains_paid_content":false,"footnotes":""},"categories":[707890],"tags":[],"post_format":"standard","sport":[],"game":[],"coauthors":[186127234],"class_list":["post-1330","post","type-post","status-publish","format-standard","has-post-thumbnail","hentry","category-comite"],"acf":[],"yoast_head":"<!-- This site is optimized with the Yoast SEO plugin v27.3 - https:\/\/yoast.com\/product\/yoast-seo-wordpress\/ -->\n<title>Le Programme scolaire olympique canadien lance un nouveau curriculum sur les Jeux olympiques de Beijing 2008  - \u00c9quipe Canada | Site officiel de l&#039;\u00e9quipe olympique<\/title>\n<meta name=\"robots\" content=\"index, follow, max-snippet:-1, max-image-preview:large, max-video-preview:-1\" \/>\n<link rel=\"canonical\" href=\"https:\/\/preprod.olympic.ca\/olympique\/2008\/03\/04\/le-programme-scolaire-olympique-canadien-lance-un-nouveau-curriculum-sur-les-jeux-olympiques-de-beijing-2008\/\" \/>\n<meta property=\"og:locale\" content=\"fr_FR\" \/>\n<meta property=\"og:type\" content=\"article\" \/>\n<meta property=\"og:title\" content=\"Le Programme scolaire olympique canadien lance un nouveau curriculum sur les Jeux olympiques de Beijing 2008  - \u00c9quipe Canada | Site officiel de l&#039;\u00e9quipe olympique\" \/>\n<meta property=\"og:description\" content=\"Le Comit\u00e9 olympique canadien (COC) a c\u00e9l\u00e9br\u00e9 aujourd\u2019hui le lancement officiel de la 22e \u00e9dition du Programme scolaire olympique canadien....\" \/>\n<meta property=\"og:url\" content=\"https:\/\/preprod.olympic.ca\/olympique\/2008\/03\/04\/le-programme-scolaire-olympique-canadien-lance-un-nouveau-curriculum-sur-les-jeux-olympiques-de-beijing-2008\/\" \/>\n<meta property=\"og:site_name\" content=\"\u00c9quipe Canada | Site officiel de l&#039;\u00e9quipe olympique\" \/>\n<meta property=\"article:published_time\" content=\"2008-03-04T18:10:35+00:00\" \/>\n<meta property=\"article:modified_time\" content=\"2013-08-01T01:06:46+00:00\" \/>\n<meta property=\"og:image\" content=\"https:\/\/preprod.olympic.ca\/olympique\/wp-content\/uploads\/sites\/2\/2011\/08\/silken-and-kids_cosp6.jpg?quality=100\" \/>\n\t<meta property=\"og:image:width\" content=\"900\" \/>\n\t<meta property=\"og:image:height\" content=\"599\" \/>\n\t<meta property=\"og:image:type\" content=\"image\/jpeg\" \/>\n<meta name=\"author\" content=\"Comit\u00e9 olympique canadien\" \/>\n<meta name=\"twitter:card\" content=\"summary_large_image\" \/>\n<meta name=\"twitter:label1\" content=\"Written by\" \/>\n\t<meta name=\"twitter:data1\" content=\"Comit\u00e9 olympique canadien\" \/>\n\t<meta name=\"twitter:label2\" content=\"Est. reading time\" \/>\n\t<meta name=\"twitter:data2\" content=\"2 minutes\" \/>\n<script type=\"application\/ld+json\" class=\"yoast-schema-graph\">{\"@context\":\"https:\\\/\\\/schema.org\",\"@graph\":[{\"@type\":\"Article\",\"@id\":\"https:\\\/\\\/preprod.olympic.ca\\\/olympique\\\/2008\\\/03\\\/04\\\/le-programme-scolaire-olympique-canadien-lance-un-nouveau-curriculum-sur-les-jeux-olympiques-de-beijing-2008\\\/#article\",\"isPartOf\":{\"@id\":\"https:\\\/\\\/preprod.olympic.ca\\\/olympique\\\/2008\\\/03\\\/04\\\/le-programme-scolaire-olympique-canadien-lance-un-nouveau-curriculum-sur-les-jeux-olympiques-de-beijing-2008\\\/\"},\"author\":{\"name\":\"cdnolympicteam\",\"@id\":\"https:\\\/\\\/preprod.olympic.ca\\\/olympique\\\/#\\\/schema\\\/person\\\/08d84fd062bf1b56ffb3808cb69aee9c\"},\"headline\":\"Le Programme scolaire olympique canadien lance un nouveau curriculum sur les Jeux olympiques de Beijing 2008\",\"datePublished\":\"2008-03-04T18:10:35+00:00\",\"dateModified\":\"2013-08-01T01:06:46+00:00\",\"mainEntityOfPage\":{\"@id\":\"https:\\\/\\\/preprod.olympic.ca\\\/olympique\\\/2008\\\/03\\\/04\\\/le-programme-scolaire-olympique-canadien-lance-un-nouveau-curriculum-sur-les-jeux-olympiques-de-beijing-2008\\\/\"},\"wordCount\":392,\"commentCount\":0,\"image\":{\"@id\":\"https:\\\/\\\/preprod.olympic.ca\\\/olympique\\\/2008\\\/03\\\/04\\\/le-programme-scolaire-olympique-canadien-lance-un-nouveau-curriculum-sur-les-jeux-olympiques-de-beijing-2008\\\/#primaryimage\"},\"thumbnailUrl\":\"https:\\\/\\\/preprod.olympic.ca\\\/olympique\\\/wp-content\\\/uploads\\\/sites\\\/2\\\/2011\\\/08\\\/silken-and-kids_cosp6.jpg?quality=100\",\"articleSection\":[\"Derni\u00e8res nouvelles\"],\"inLanguage\":\"fr-FR\",\"potentialAction\":[{\"@type\":\"CommentAction\",\"name\":\"Comment\",\"target\":[\"https:\\\/\\\/preprod.olympic.ca\\\/olympique\\\/2008\\\/03\\\/04\\\/le-programme-scolaire-olympique-canadien-lance-un-nouveau-curriculum-sur-les-jeux-olympiques-de-beijing-2008\\\/#respond\"]}]},{\"@type\":\"WebPage\",\"@id\":\"https:\\\/\\\/preprod.olympic.ca\\\/olympique\\\/2008\\\/03\\\/04\\\/le-programme-scolaire-olympique-canadien-lance-un-nouveau-curriculum-sur-les-jeux-olympiques-de-beijing-2008\\\/\",\"url\":\"https:\\\/\\\/preprod.olympic.ca\\\/olympique\\\/2008\\\/03\\\/04\\\/le-programme-scolaire-olympique-canadien-lance-un-nouveau-curriculum-sur-les-jeux-olympiques-de-beijing-2008\\\/\",\"name\":\"Le Programme scolaire olympique canadien lance un nouveau curriculum sur les Jeux olympiques de Beijing 2008 - \u00c9quipe Canada | Site officiel de l&#039;\u00e9quipe olympique\",\"isPartOf\":{\"@id\":\"https:\\\/\\\/preprod.olympic.ca\\\/olympique\\\/#website\"},\"primaryImageOfPage\":{\"@id\":\"https:\\\/\\\/preprod.olympic.ca\\\/olympique\\\/2008\\\/03\\\/04\\\/le-programme-scolaire-olympique-canadien-lance-un-nouveau-curriculum-sur-les-jeux-olympiques-de-beijing-2008\\\/#primaryimage\"},\"image\":{\"@id\":\"https:\\\/\\\/preprod.olympic.ca\\\/olympique\\\/2008\\\/03\\\/04\\\/le-programme-scolaire-olympique-canadien-lance-un-nouveau-curriculum-sur-les-jeux-olympiques-de-beijing-2008\\\/#primaryimage\"},\"thumbnailUrl\":\"https:\\\/\\\/preprod.olympic.ca\\\/olympique\\\/wp-content\\\/uploads\\\/sites\\\/2\\\/2011\\\/08\\\/silken-and-kids_cosp6.jpg?quality=100\",\"datePublished\":\"2008-03-04T18:10:35+00:00\",\"dateModified\":\"2013-08-01T01:06:46+00:00\",\"author\":{\"@id\":\"https:\\\/\\\/preprod.olympic.ca\\\/olympique\\\/#\\\/schema\\\/person\\\/08d84fd062bf1b56ffb3808cb69aee9c\"},\"inLanguage\":\"fr-FR\",\"potentialAction\":[{\"@type\":\"ReadAction\",\"target\":[\"https:\\\/\\\/preprod.olympic.ca\\\/olympique\\\/2008\\\/03\\\/04\\\/le-programme-scolaire-olympique-canadien-lance-un-nouveau-curriculum-sur-les-jeux-olympiques-de-beijing-2008\\\/\"]}]},{\"@type\":\"ImageObject\",\"inLanguage\":\"fr-FR\",\"@id\":\"https:\\\/\\\/preprod.olympic.ca\\\/olympique\\\/2008\\\/03\\\/04\\\/le-programme-scolaire-olympique-canadien-lance-un-nouveau-curriculum-sur-les-jeux-olympiques-de-beijing-2008\\\/#primaryimage\",\"url\":\"https:\\\/\\\/preprod.olympic.ca\\\/olympique\\\/wp-content\\\/uploads\\\/sites\\\/2\\\/2011\\\/08\\\/silken-and-kids_cosp6.jpg?quality=100\",\"contentUrl\":\"https:\\\/\\\/preprod.olympic.ca\\\/olympique\\\/wp-content\\\/uploads\\\/sites\\\/2\\\/2011\\\/08\\\/silken-and-kids_cosp6.jpg?quality=100\",\"width\":900,\"height\":599},{\"@type\":\"WebSite\",\"@id\":\"https:\\\/\\\/preprod.olympic.ca\\\/olympique\\\/#website\",\"url\":\"https:\\\/\\\/preprod.olympic.ca\\\/olympique\\\/\",\"name\":\"\u00c9quipe Canada | Site officiel de l&#039;\u00e9quipe olympique\",\"description\":\"Votre source pour l\u2019\u00c9quipe olympique canadienne. Retrouvez les r\u00e9cits, vid\u00e9os et photos des athl\u00e8tes canadiens, sports olympiques, Jeux olympiques de 2020 et bien plus!\",\"potentialAction\":[{\"@type\":\"SearchAction\",\"target\":{\"@type\":\"EntryPoint\",\"urlTemplate\":\"https:\\\/\\\/preprod.olympic.ca\\\/olympique\\\/?s={search_term_string}\"},\"query-input\":{\"@type\":\"PropertyValueSpecification\",\"valueRequired\":true,\"valueName\":\"search_term_string\"}}],\"inLanguage\":\"fr-FR\"},{\"@type\":\"Person\",\"@id\":\"https:\\\/\\\/preprod.olympic.ca\\\/olympique\\\/#\\\/schema\\\/person\\\/08d84fd062bf1b56ffb3808cb69aee9c\",\"name\":\"cdnolympicteam\",\"image\":{\"@type\":\"ImageObject\",\"inLanguage\":\"fr-FR\",\"@id\":\"https:\\\/\\\/secure.gravatar.com\\\/avatar\\\/5ebf1554473077ab88cd1ec3372750991c09302ef58500182e331751d1f3473b?s=96&d=identicon&r=g7289394c1202ef020fcd9aad965e50f7\",\"url\":\"https:\\\/\\\/secure.gravatar.com\\\/avatar\\\/5ebf1554473077ab88cd1ec3372750991c09302ef58500182e331751d1f3473b?s=96&d=identicon&r=g\",\"contentUrl\":\"https:\\\/\\\/secure.gravatar.com\\\/avatar\\\/5ebf1554473077ab88cd1ec3372750991c09302ef58500182e331751d1f3473b?s=96&d=identicon&r=g\",\"caption\":\"cdnolympicteam\"},\"url\":\"https:\\\/\\\/preprod.olympic.ca\\\/olympique\\\/author\\\/cdnolympicteam\\\/\"}]}<\/script>\n<!-- \/ Yoast SEO plugin. -->","yoast_head_json":{"title":"Le Programme scolaire olympique canadien lance un nouveau curriculum sur les Jeux olympiques de Beijing 2008  - \u00c9quipe Canada | Site officiel de l&#039;\u00e9quipe olympique","robots":{"index":"index","follow":"follow","max-snippet":"max-snippet:-1","max-image-preview":"max-image-preview:large","max-video-preview":"max-video-preview:-1"},"canonical":"https:\/\/preprod.olympic.ca\/olympique\/2008\/03\/04\/le-programme-scolaire-olympique-canadien-lance-un-nouveau-curriculum-sur-les-jeux-olympiques-de-beijing-2008\/","og_locale":"fr_FR","og_type":"article","og_title":"Le Programme scolaire olympique canadien lance un nouveau curriculum sur les Jeux olympiques de Beijing 2008  - \u00c9quipe Canada | Site officiel de l&#039;\u00e9quipe olympique","og_description":"Le Comit\u00e9 olympique canadien (COC) a c\u00e9l\u00e9br\u00e9 aujourd\u2019hui le lancement officiel de la 22e \u00e9dition du Programme scolaire olympique canadien....","og_url":"https:\/\/preprod.olympic.ca\/olympique\/2008\/03\/04\/le-programme-scolaire-olympique-canadien-lance-un-nouveau-curriculum-sur-les-jeux-olympiques-de-beijing-2008\/","og_site_name":"\u00c9quipe Canada | Site officiel de l&#039;\u00e9quipe olympique","article_published_time":"2008-03-04T18:10:35+00:00","article_modified_time":"2013-08-01T01:06:46+00:00","og_image":[{"width":900,"height":599,"url":"https:\/\/preprod.olympic.ca\/olympique\/wp-content\/uploads\/sites\/2\/2011\/08\/silken-and-kids_cosp6.jpg?quality=100","type":"image\/jpeg"}],"author":"Comit\u00e9 olympique canadien","twitter_card":"summary_large_image","twitter_misc":{"Written by":"Comit\u00e9 olympique canadien","Est. reading time":"2 minutes"},"schema":{"@context":"https:\/\/schema.org","@graph":[{"@type":"Article","@id":"https:\/\/preprod.olympic.ca\/olympique\/2008\/03\/04\/le-programme-scolaire-olympique-canadien-lance-un-nouveau-curriculum-sur-les-jeux-olympiques-de-beijing-2008\/#article","isPartOf":{"@id":"https:\/\/preprod.olympic.ca\/olympique\/2008\/03\/04\/le-programme-scolaire-olympique-canadien-lance-un-nouveau-curriculum-sur-les-jeux-olympiques-de-beijing-2008\/"},"author":{"name":"cdnolympicteam","@id":"https:\/\/preprod.olympic.ca\/olympique\/#\/schema\/person\/08d84fd062bf1b56ffb3808cb69aee9c"},"headline":"Le Programme scolaire olympique canadien lance un nouveau curriculum sur les Jeux olympiques de Beijing 2008","datePublished":"2008-03-04T18:10:35+00:00","dateModified":"2013-08-01T01:06:46+00:00","mainEntityOfPage":{"@id":"https:\/\/preprod.olympic.ca\/olympique\/2008\/03\/04\/le-programme-scolaire-olympique-canadien-lance-un-nouveau-curriculum-sur-les-jeux-olympiques-de-beijing-2008\/"},"wordCount":392,"commentCount":0,"image":{"@id":"https:\/\/preprod.olympic.ca\/olympique\/2008\/03\/04\/le-programme-scolaire-olympique-canadien-lance-un-nouveau-curriculum-sur-les-jeux-olympiques-de-beijing-2008\/#primaryimage"},"thumbnailUrl":"https:\/\/preprod.olympic.ca\/olympique\/wp-content\/uploads\/sites\/2\/2011\/08\/silken-and-kids_cosp6.jpg?quality=100","articleSection":["Derni\u00e8res nouvelles"],"inLanguage":"fr-FR","potentialAction":[{"@type":"CommentAction","name":"Comment","target":["https:\/\/preprod.olympic.ca\/olympique\/2008\/03\/04\/le-programme-scolaire-olympique-canadien-lance-un-nouveau-curriculum-sur-les-jeux-olympiques-de-beijing-2008\/#respond"]}]},{"@type":"WebPage","@id":"https:\/\/preprod.olympic.ca\/olympique\/2008\/03\/04\/le-programme-scolaire-olympique-canadien-lance-un-nouveau-curriculum-sur-les-jeux-olympiques-de-beijing-2008\/","url":"https:\/\/preprod.olympic.ca\/olympique\/2008\/03\/04\/le-programme-scolaire-olympique-canadien-lance-un-nouveau-curriculum-sur-les-jeux-olympiques-de-beijing-2008\/","name":"Le Programme scolaire olympique canadien lance un nouveau curriculum sur les Jeux olympiques de Beijing 2008 - \u00c9quipe Canada | Site officiel de l&#039;\u00e9quipe olympique","isPartOf":{"@id":"https:\/\/preprod.olympic.ca\/olympique\/#website"},"primaryImageOfPage":{"@id":"https:\/\/preprod.olympic.ca\/olympique\/2008\/03\/04\/le-programme-scolaire-olympique-canadien-lance-un-nouveau-curriculum-sur-les-jeux-olympiques-de-beijing-2008\/#primaryimage"},"image":{"@id":"https:\/\/preprod.olympic.ca\/olympique\/2008\/03\/04\/le-programme-scolaire-olympique-canadien-lance-un-nouveau-curriculum-sur-les-jeux-olympiques-de-beijing-2008\/#primaryimage"},"thumbnailUrl":"https:\/\/preprod.olympic.ca\/olympique\/wp-content\/uploads\/sites\/2\/2011\/08\/silken-and-kids_cosp6.jpg?quality=100","datePublished":"2008-03-04T18:10:35+00:00","dateModified":"2013-08-01T01:06:46+00:00","author":{"@id":"https:\/\/preprod.olympic.ca\/olympique\/#\/schema\/person\/08d84fd062bf1b56ffb3808cb69aee9c"},"inLanguage":"fr-FR","potentialAction":[{"@type":"ReadAction","target":["https:\/\/preprod.olympic.ca\/olympique\/2008\/03\/04\/le-programme-scolaire-olympique-canadien-lance-un-nouveau-curriculum-sur-les-jeux-olympiques-de-beijing-2008\/"]}]},{"@type":"ImageObject","inLanguage":"fr-FR","@id":"https:\/\/preprod.olympic.ca\/olympique\/2008\/03\/04\/le-programme-scolaire-olympique-canadien-lance-un-nouveau-curriculum-sur-les-jeux-olympiques-de-beijing-2008\/#primaryimage","url":"https:\/\/preprod.olympic.ca\/olympique\/wp-content\/uploads\/sites\/2\/2011\/08\/silken-and-kids_cosp6.jpg?quality=100","contentUrl":"https:\/\/preprod.olympic.ca\/olympique\/wp-content\/uploads\/sites\/2\/2011\/08\/silken-and-kids_cosp6.jpg?quality=100","width":900,"height":599},{"@type":"WebSite","@id":"https:\/\/preprod.olympic.ca\/olympique\/#website","url":"https:\/\/preprod.olympic.ca\/olympique\/","name":"\u00c9quipe Canada | Site officiel de l&#039;\u00e9quipe olympique","description":"Votre source pour l\u2019\u00c9quipe olympique canadienne. Retrouvez les r\u00e9cits, vid\u00e9os et photos des athl\u00e8tes canadiens, sports olympiques, Jeux olympiques de 2020 et bien plus!","potentialAction":[{"@type":"SearchAction","target":{"@type":"EntryPoint","urlTemplate":"https:\/\/preprod.olympic.ca\/olympique\/?s={search_term_string}"},"query-input":{"@type":"PropertyValueSpecification","valueRequired":true,"valueName":"search_term_string"}}],"inLanguage":"fr-FR"},{"@type":"Person","@id":"https:\/\/preprod.olympic.ca\/olympique\/#\/schema\/person\/08d84fd062bf1b56ffb3808cb69aee9c","name":"cdnolympicteam","image":{"@type":"ImageObject","inLanguage":"fr-FR","@id":"https:\/\/secure.gravatar.com\/avatar\/5ebf1554473077ab88cd1ec3372750991c09302ef58500182e331751d1f3473b?s=96&d=identicon&r=g7289394c1202ef020fcd9aad965e50f7","url":"https:\/\/secure.gravatar.com\/avatar\/5ebf1554473077ab88cd1ec3372750991c09302ef58500182e331751d1f3473b?s=96&d=identicon&r=g","contentUrl":"https:\/\/secure.gravatar.com\/avatar\/5ebf1554473077ab88cd1ec3372750991c09302ef58500182e331751d1f3473b?s=96&d=identicon&r=g","caption":"cdnolympicteam"},"url":"https:\/\/preprod.olympic.ca\/olympique\/author\/cdnolympicteam\/"}]}},"jetpack_featured_media_url":"https:\/\/preprod.olympic.ca\/olympique\/wp-content\/uploads\/sites\/2\/2011\/08\/silken-and-kids_cosp6.jpg?quality=100","featured_image_url":"https:\/\/preprod.olympic.ca\/olympique\/wp-content\/uploads\/sites\/2\/2011\/08\/silken-and-kids_cosp6.jpg?quality=100","author_name":["Comit\u00e9 olympique canadien"],"category_names":["Derni\u00e8res nouvelles"],"tag_names":[],"video_embed_code":"","facebook_video_embed_code":"","jetpack_sharing_enabled":true,"jetpack-related-posts":[],"jetpack_shortlink":"https:\/\/wp.me\/pcGHcP-ls","_links":{"self":[{"href":"https:\/\/preprod.olympic.ca\/olympique\/wp-json\/wp\/v2\/posts\/1330","targetHints":{"allow":["GET"]}}],"collection":[{"href":"https:\/\/preprod.olympic.ca\/olympique\/wp-json\/wp\/v2\/posts"}],"about":[{"href":"https:\/\/preprod.olympic.ca\/olympique\/wp-json\/wp\/v2\/types\/post"}],"author":[{"embeddable":true,"href":"https:\/\/preprod.olympic.ca\/olympique\/wp-json\/wp\/v2\/users\/47562643"}],"replies":[{"embeddable":true,"href":"https:\/\/preprod.olympic.ca\/olympique\/wp-json\/wp\/v2\/comments?post=1330"}],"version-history":[{"count":1,"href":"https:\/\/preprod.olympic.ca\/olympique\/wp-json\/wp\/v2\/posts\/1330\/revisions"}],"predecessor-version":[{"id":82662,"href":"https:\/\/preprod.olympic.ca\/olympique\/wp-json\/wp\/v2\/posts\/1330\/revisions\/82662"}],"wp:featuredmedia":[{"embeddable":true,"href":"https:\/\/preprod.olympic.ca\/olympique\/wp-json\/wp\/v2\/media\/1328"}],"wp:attachment":[{"href":"https:\/\/preprod.olympic.ca\/olympique\/wp-json\/wp\/v2\/media?parent=1330"}],"wp:term":[{"taxonomy":"category","embeddable":true,"href":"https:\/\/preprod.olympic.ca\/olympique\/wp-json\/wp\/v2\/categories?post=1330"},{"taxonomy":"post_tag","embeddable":true,"href":"https:\/\/preprod.olympic.ca\/olympique\/wp-json\/wp\/v2\/tags?post=1330"},{"taxonomy":"post_format","embeddable":true,"href":"https:\/\/preprod.olympic.ca\/olympique\/wp-json\/wp\/v2\/post_format?post=1330"},{"taxonomy":"sport","embeddable":true,"href":"https:\/\/preprod.olympic.ca\/olympique\/wp-json\/wp\/v2\/sport?post=1330"},{"taxonomy":"game","embeddable":true,"href":"https:\/\/preprod.olympic.ca\/olympique\/wp-json\/wp\/v2\/game?post=1330"},{"taxonomy":"author","embeddable":true,"href":"https:\/\/preprod.olympic.ca\/olympique\/wp-json\/wp\/v2\/coauthors?post=1330"}],"curies":[{"name":"wp","href":"https:\/\/api.w.org\/{rel}","templated":true}]}}