{"id":139801,"date":"2018-03-17T14:40:48","date_gmt":"2018-03-17T18:40:48","guid":{"rendered":"http:\/\/olympique.ca\/?p=139801"},"modified":"2018-03-17T15:14:34","modified_gmt":"2018-03-17T19:14:34","slug":"montreal-2018-kim-boutin-sempare-du-bronze-au-1500-m","status":"publish","type":"post","link":"https:\/\/preprod.olympic.ca\/olympique\/2018\/03\/17\/montreal-2018-kim-boutin-sempare-du-bronze-au-1500-m\/","title":{"rendered":"Montr\u00e9al 2018: Kim Boutin remporte le bronze au 1500 m"},"content":{"rendered":"<h2 class=\"lead\">La patineuse de vitesse <a href=\"http:\/\/olympique.ca\/team-canada\/kim-boutin\/\">Kim Boutin<\/a> s&rsquo;est empar\u00e9 du bronze en finale du 1500 m aux Championnats de patinage de vitesse sur courte piste de l&rsquo;ISU 2018 \u00e0 Montr\u00e9al.<\/h2>\n<p>Avec un temps de 2:23,592 s en finale, elle termine derri\u00e8re les Cor\u00e9ennes Choi Min Jeong (2:23,351 s) et Shim Suk Hee (2:23,468 s) ravissant les partisans canadiens r\u00e9unis \u00e0 l&rsquo;ar\u00e9na Maurice-Richard.<\/p>\n<div class=\"embed-twitter\">\n<blockquote class=\"twitter-tweet\" data-width=\"550\" data-dnt=\"true\">\n<p lang=\"fr\" dir=\"ltr\">. <a href=\"https:\/\/twitter.com\/kimbtin?ref_src=twsrc%5Etfw\">@kimbtin<\/a> m\u00e9daill\u00e9e de bronze au 1500m des Championnats du monde de <a href=\"https:\/\/twitter.com\/hashtag\/montreal2018?src=hash&amp;ref_src=twsrc%5Etfw\">#montreal2018<\/a> <a href=\"https:\/\/t.co\/V0vN2QiQop\">pic.twitter.com\/V0vN2QiQop<\/a><\/p>\n<p>&mdash; Sportcom (@SportcomQuebec) <a href=\"https:\/\/twitter.com\/SportcomQuebec\/status\/975078512846569475?ref_src=twsrc%5Etfw\">March 17, 2018<\/a><\/p><\/blockquote>\n<p><script async src=\"https:\/\/platform.twitter.com\/widgets.js\" charset=\"utf-8\"><\/script><\/div>\n<p>\u00c0 <a href=\"https:\/\/olympique.ca\/jeux\/2018-pyeongchang\/\">PyeongChang 2018<\/a>, l&rsquo;athl\u00e8te native de Sherbrooke, au Qu\u00e9bec, avait termin\u00e9 au troisi\u00e8me rang, <a href=\"https:\/\/olympique.ca\/2018\/02\/17\/kim-boutin-decroche-sa-deuxieme-medaille-des-jeux-de-pyeongchang-2018\/\">remportant le bronze<\/a>. Cette-fois ci, elle r\u00e9p\u00e8te l&rsquo;exploit et pourra monter sur le podium au Canada, devant les siens.<\/p>\n","protected":false},"excerpt":{"rendered":"<p>La patineuse de vitesse Kim Boutin s&rsquo;est empar\u00e9 du bronze en finale du 1500 m aux Championnats de patinage de&#8230;<\/p>\n","protected":false},"author":133500570,"featured_media":139810,"comment_status":"closed","ping_status":"closed","sticky":false,"template":"","format":"standard","meta":{"_acf_changed":false,"_jetpack_memberships_contains_paid_content":false,"footnotes":""},"categories":[1],"tags":[25751757,415986635,1104411,191469,274601109,7116,213799330,224183570],"post_format":"standard","sport":[51196772],"game":[],"coauthors":[415985547],"class_list":["post-139801","post","type-post","status-publish","format-standard","has-post-thumbnail","hentry","category-uncategorized","tag-charles-hamelin","tag-coupe-du-monde-de-montreal","tag-equipe-canada","tag-isu","tag-kim-boutin","tag-montreal","tag-patinage-de-vitesse-sur-courte-piste","tag-samuel-girard","sport-patinage-de-vitesse-courte-piste"],"acf":[],"yoast_head":"<!-- This site is optimized with the Yoast SEO plugin v27.3 - https:\/\/yoast.com\/product\/yoast-seo-wordpress\/ -->\n<title>Montr\u00e9al 2018: Kim Boutin remporte le bronze au 1500 m - \u00c9quipe Canada | Site officiel de l&#039;\u00e9quipe olympique<\/title>\n<meta name=\"robots\" content=\"index, follow, max-snippet:-1, max-image-preview:large, max-video-preview:-1\" \/>\n<link rel=\"canonical\" href=\"https:\/\/preprod.olympic.ca\/olympique\/2018\/03\/17\/montreal-2018-kim-boutin-sempare-du-bronze-au-1500-m\/\" \/>\n<meta property=\"og:locale\" content=\"fr_FR\" \/>\n<meta property=\"og:type\" content=\"article\" \/>\n<meta property=\"og:title\" content=\"Montr\u00e9al 2018: Kim Boutin remporte le bronze au 1500 m - \u00c9quipe Canada | Site officiel de l&#039;\u00e9quipe olympique\" \/>\n<meta property=\"og:description\" content=\"La patineuse de vitesse Kim Boutin s&rsquo;est empar\u00e9 du bronze en finale du 1500 m aux Championnats de patinage de...\" \/>\n<meta property=\"og:url\" content=\"https:\/\/preprod.olympic.ca\/olympique\/2018\/03\/17\/montreal-2018-kim-boutin-sempare-du-bronze-au-1500-m\/\" \/>\n<meta property=\"og:site_name\" content=\"\u00c9quipe Canada | Site officiel de l&#039;\u00e9quipe olympique\" \/>\n<meta property=\"article:published_time\" content=\"2018-03-17T18:40:48+00:00\" \/>\n<meta property=\"article:modified_time\" content=\"2018-03-17T19:14:34+00:00\" \/>\n<meta property=\"og:image\" content=\"https:\/\/preprod.olympic.ca\/olympique\/wp-content\/uploads\/sites\/2\/2018\/03\/18746301.jpg?quality=100\" \/>\n\t<meta property=\"og:image:width\" content=\"3000\" \/>\n\t<meta property=\"og:image:height\" content=\"1853\" \/>\n\t<meta property=\"og:image:type\" content=\"image\/jpeg\" \/>\n<meta name=\"author\" content=\"Ma\u00eblle Ramsay\" \/>\n<meta name=\"twitter:card\" content=\"summary_large_image\" \/>\n<meta name=\"twitter:label1\" content=\"Written by\" \/>\n\t<meta name=\"twitter:data1\" content=\"Ma\u00eblle Ramsay\" \/>\n\t<meta name=\"twitter:label2\" content=\"Est. reading time\" \/>\n\t<meta name=\"twitter:data2\" content=\"1 minute\" \/>\n<script type=\"application\/ld+json\" class=\"yoast-schema-graph\">{\"@context\":\"https:\\\/\\\/schema.org\",\"@graph\":[{\"@type\":\"Article\",\"@id\":\"https:\\\/\\\/preprod.olympic.ca\\\/olympique\\\/2018\\\/03\\\/17\\\/montreal-2018-kim-boutin-sempare-du-bronze-au-1500-m\\\/#article\",\"isPartOf\":{\"@id\":\"https:\\\/\\\/preprod.olympic.ca\\\/olympique\\\/2018\\\/03\\\/17\\\/montreal-2018-kim-boutin-sempare-du-bronze-au-1500-m\\\/\"},\"author\":{\"name\":\"Ma\u00eblle Ramsay\",\"@id\":\"https:\\\/\\\/preprod.olympic.ca\\\/olympique\\\/#\\\/schema\\\/person\\\/a1b70a9ff7a9e05c67bb5f368d9f0eea\"},\"headline\":\"Montr\u00e9al 2018: Kim Boutin remporte le bronze au 1500 m\",\"datePublished\":\"2018-03-17T18:40:48+00:00\",\"dateModified\":\"2018-03-17T19:14:34+00:00\",\"mainEntityOfPage\":{\"@id\":\"https:\\\/\\\/preprod.olympic.ca\\\/olympique\\\/2018\\\/03\\\/17\\\/montreal-2018-kim-boutin-sempare-du-bronze-au-1500-m\\\/\"},\"wordCount\":114,\"image\":{\"@id\":\"https:\\\/\\\/preprod.olympic.ca\\\/olympique\\\/2018\\\/03\\\/17\\\/montreal-2018-kim-boutin-sempare-du-bronze-au-1500-m\\\/#primaryimage\"},\"thumbnailUrl\":\"https:\\\/\\\/preprod.olympic.ca\\\/olympique\\\/wp-content\\\/uploads\\\/sites\\\/2\\\/2018\\\/03\\\/18746301.jpg?quality=100\",\"keywords\":[\"Charles Hamelin\",\"Coupe du monde de Montr\u00e9al\",\"\u00c9quipe canada\",\"ISU\",\"Kim Boutin\",\"Montreal\",\"patinage de vitesse sur courte piste\",\"Samuel Girard\"],\"articleSection\":[\"Uncategorized\"],\"inLanguage\":\"fr-FR\"},{\"@type\":\"WebPage\",\"@id\":\"https:\\\/\\\/preprod.olympic.ca\\\/olympique\\\/2018\\\/03\\\/17\\\/montreal-2018-kim-boutin-sempare-du-bronze-au-1500-m\\\/\",\"url\":\"https:\\\/\\\/preprod.olympic.ca\\\/olympique\\\/2018\\\/03\\\/17\\\/montreal-2018-kim-boutin-sempare-du-bronze-au-1500-m\\\/\",\"name\":\"Montr\u00e9al 2018: Kim Boutin remporte le bronze au 1500 m - \u00c9quipe Canada | Site officiel de l&#039;\u00e9quipe olympique\",\"isPartOf\":{\"@id\":\"https:\\\/\\\/preprod.olympic.ca\\\/olympique\\\/#website\"},\"primaryImageOfPage\":{\"@id\":\"https:\\\/\\\/preprod.olympic.ca\\\/olympique\\\/2018\\\/03\\\/17\\\/montreal-2018-kim-boutin-sempare-du-bronze-au-1500-m\\\/#primaryimage\"},\"image\":{\"@id\":\"https:\\\/\\\/preprod.olympic.ca\\\/olympique\\\/2018\\\/03\\\/17\\\/montreal-2018-kim-boutin-sempare-du-bronze-au-1500-m\\\/#primaryimage\"},\"thumbnailUrl\":\"https:\\\/\\\/preprod.olympic.ca\\\/olympique\\\/wp-content\\\/uploads\\\/sites\\\/2\\\/2018\\\/03\\\/18746301.jpg?quality=100\",\"datePublished\":\"2018-03-17T18:40:48+00:00\",\"dateModified\":\"2018-03-17T19:14:34+00:00\",\"author\":{\"@id\":\"https:\\\/\\\/preprod.olympic.ca\\\/olympique\\\/#\\\/schema\\\/person\\\/a1b70a9ff7a9e05c67bb5f368d9f0eea\"},\"inLanguage\":\"fr-FR\",\"potentialAction\":[{\"@type\":\"ReadAction\",\"target\":[\"https:\\\/\\\/preprod.olympic.ca\\\/olympique\\\/2018\\\/03\\\/17\\\/montreal-2018-kim-boutin-sempare-du-bronze-au-1500-m\\\/\"]}]},{\"@type\":\"ImageObject\",\"inLanguage\":\"fr-FR\",\"@id\":\"https:\\\/\\\/preprod.olympic.ca\\\/olympique\\\/2018\\\/03\\\/17\\\/montreal-2018-kim-boutin-sempare-du-bronze-au-1500-m\\\/#primaryimage\",\"url\":\"https:\\\/\\\/preprod.olympic.ca\\\/olympique\\\/wp-content\\\/uploads\\\/sites\\\/2\\\/2018\\\/03\\\/18746301.jpg?quality=100\",\"contentUrl\":\"https:\\\/\\\/preprod.olympic.ca\\\/olympique\\\/wp-content\\\/uploads\\\/sites\\\/2\\\/2018\\\/03\\\/18746301.jpg?quality=100\",\"width\":3000,\"height\":1853,\"caption\":\"Kim Boutin, left, of Canada, and Lara van Ruijven, of the Netherlands, skate during the 1500-metre semifinal at the ISU world short-track speedskating championships in Montreal, Saturday, March 17, 2018. THE CANADIAN PRESS\\\/Graham Hughes\"},{\"@type\":\"WebSite\",\"@id\":\"https:\\\/\\\/preprod.olympic.ca\\\/olympique\\\/#website\",\"url\":\"https:\\\/\\\/preprod.olympic.ca\\\/olympique\\\/\",\"name\":\"\u00c9quipe Canada | Site officiel de l&#039;\u00e9quipe olympique\",\"description\":\"Votre source pour l\u2019\u00c9quipe olympique canadienne. Retrouvez les r\u00e9cits, vid\u00e9os et photos des athl\u00e8tes canadiens, sports olympiques, Jeux olympiques de 2020 et bien plus!\",\"potentialAction\":[{\"@type\":\"SearchAction\",\"target\":{\"@type\":\"EntryPoint\",\"urlTemplate\":\"https:\\\/\\\/preprod.olympic.ca\\\/olympique\\\/?s={search_term_string}\"},\"query-input\":{\"@type\":\"PropertyValueSpecification\",\"valueRequired\":true,\"valueName\":\"search_term_string\"}}],\"inLanguage\":\"fr-FR\"},{\"@type\":\"Person\",\"@id\":\"https:\\\/\\\/preprod.olympic.ca\\\/olympique\\\/#\\\/schema\\\/person\\\/a1b70a9ff7a9e05c67bb5f368d9f0eea\",\"name\":\"Ma\u00eblle Ramsay\",\"image\":{\"@type\":\"ImageObject\",\"inLanguage\":\"fr-FR\",\"@id\":\"https:\\\/\\\/secure.gravatar.com\\\/avatar\\\/61236d77b99d37e449630904d28eebe27810af00d515909f326b70d097af454d?s=96&d=identicon&r=g3aaa80bf4d045638d323513450d81b57\",\"url\":\"https:\\\/\\\/secure.gravatar.com\\\/avatar\\\/61236d77b99d37e449630904d28eebe27810af00d515909f326b70d097af454d?s=96&d=identicon&r=g\",\"contentUrl\":\"https:\\\/\\\/secure.gravatar.com\\\/avatar\\\/61236d77b99d37e449630904d28eebe27810af00d515909f326b70d097af454d?s=96&d=identicon&r=g\",\"caption\":\"Ma\u00eblle Ramsay\"},\"url\":\"https:\\\/\\\/preprod.olympic.ca\\\/olympique\\\/author\\\/maelleramsay\\\/\"}]}<\/script>\n<!-- \/ Yoast SEO plugin. -->","yoast_head_json":{"title":"Montr\u00e9al 2018: Kim Boutin remporte le bronze au 1500 m - \u00c9quipe Canada | Site officiel de l&#039;\u00e9quipe olympique","robots":{"index":"index","follow":"follow","max-snippet":"max-snippet:-1","max-image-preview":"max-image-preview:large","max-video-preview":"max-video-preview:-1"},"canonical":"https:\/\/preprod.olympic.ca\/olympique\/2018\/03\/17\/montreal-2018-kim-boutin-sempare-du-bronze-au-1500-m\/","og_locale":"fr_FR","og_type":"article","og_title":"Montr\u00e9al 2018: Kim Boutin remporte le bronze au 1500 m - \u00c9quipe Canada | Site officiel de l&#039;\u00e9quipe olympique","og_description":"La patineuse de vitesse Kim Boutin s&rsquo;est empar\u00e9 du bronze en finale du 1500 m aux Championnats de patinage de...","og_url":"https:\/\/preprod.olympic.ca\/olympique\/2018\/03\/17\/montreal-2018-kim-boutin-sempare-du-bronze-au-1500-m\/","og_site_name":"\u00c9quipe Canada | Site officiel de l&#039;\u00e9quipe olympique","article_published_time":"2018-03-17T18:40:48+00:00","article_modified_time":"2018-03-17T19:14:34+00:00","og_image":[{"width":3000,"height":1853,"url":"https:\/\/preprod.olympic.ca\/olympique\/wp-content\/uploads\/sites\/2\/2018\/03\/18746301.jpg?quality=100","type":"image\/jpeg"}],"author":"Ma\u00eblle Ramsay","twitter_card":"summary_large_image","twitter_misc":{"Written by":"Ma\u00eblle Ramsay","Est. reading time":"1 minute"},"schema":{"@context":"https:\/\/schema.org","@graph":[{"@type":"Article","@id":"https:\/\/preprod.olympic.ca\/olympique\/2018\/03\/17\/montreal-2018-kim-boutin-sempare-du-bronze-au-1500-m\/#article","isPartOf":{"@id":"https:\/\/preprod.olympic.ca\/olympique\/2018\/03\/17\/montreal-2018-kim-boutin-sempare-du-bronze-au-1500-m\/"},"author":{"name":"Ma\u00eblle Ramsay","@id":"https:\/\/preprod.olympic.ca\/olympique\/#\/schema\/person\/a1b70a9ff7a9e05c67bb5f368d9f0eea"},"headline":"Montr\u00e9al 2018: Kim Boutin remporte le bronze au 1500 m","datePublished":"2018-03-17T18:40:48+00:00","dateModified":"2018-03-17T19:14:34+00:00","mainEntityOfPage":{"@id":"https:\/\/preprod.olympic.ca\/olympique\/2018\/03\/17\/montreal-2018-kim-boutin-sempare-du-bronze-au-1500-m\/"},"wordCount":114,"image":{"@id":"https:\/\/preprod.olympic.ca\/olympique\/2018\/03\/17\/montreal-2018-kim-boutin-sempare-du-bronze-au-1500-m\/#primaryimage"},"thumbnailUrl":"https:\/\/preprod.olympic.ca\/olympique\/wp-content\/uploads\/sites\/2\/2018\/03\/18746301.jpg?quality=100","keywords":["Charles Hamelin","Coupe du monde de Montr\u00e9al","\u00c9quipe canada","ISU","Kim Boutin","Montreal","patinage de vitesse sur courte piste","Samuel Girard"],"articleSection":["Uncategorized"],"inLanguage":"fr-FR"},{"@type":"WebPage","@id":"https:\/\/preprod.olympic.ca\/olympique\/2018\/03\/17\/montreal-2018-kim-boutin-sempare-du-bronze-au-1500-m\/","url":"https:\/\/preprod.olympic.ca\/olympique\/2018\/03\/17\/montreal-2018-kim-boutin-sempare-du-bronze-au-1500-m\/","name":"Montr\u00e9al 2018: Kim Boutin remporte le bronze au 1500 m - \u00c9quipe Canada | Site officiel de l&#039;\u00e9quipe olympique","isPartOf":{"@id":"https:\/\/preprod.olympic.ca\/olympique\/#website"},"primaryImageOfPage":{"@id":"https:\/\/preprod.olympic.ca\/olympique\/2018\/03\/17\/montreal-2018-kim-boutin-sempare-du-bronze-au-1500-m\/#primaryimage"},"image":{"@id":"https:\/\/preprod.olympic.ca\/olympique\/2018\/03\/17\/montreal-2018-kim-boutin-sempare-du-bronze-au-1500-m\/#primaryimage"},"thumbnailUrl":"https:\/\/preprod.olympic.ca\/olympique\/wp-content\/uploads\/sites\/2\/2018\/03\/18746301.jpg?quality=100","datePublished":"2018-03-17T18:40:48+00:00","dateModified":"2018-03-17T19:14:34+00:00","author":{"@id":"https:\/\/preprod.olympic.ca\/olympique\/#\/schema\/person\/a1b70a9ff7a9e05c67bb5f368d9f0eea"},"inLanguage":"fr-FR","potentialAction":[{"@type":"ReadAction","target":["https:\/\/preprod.olympic.ca\/olympique\/2018\/03\/17\/montreal-2018-kim-boutin-sempare-du-bronze-au-1500-m\/"]}]},{"@type":"ImageObject","inLanguage":"fr-FR","@id":"https:\/\/preprod.olympic.ca\/olympique\/2018\/03\/17\/montreal-2018-kim-boutin-sempare-du-bronze-au-1500-m\/#primaryimage","url":"https:\/\/preprod.olympic.ca\/olympique\/wp-content\/uploads\/sites\/2\/2018\/03\/18746301.jpg?quality=100","contentUrl":"https:\/\/preprod.olympic.ca\/olympique\/wp-content\/uploads\/sites\/2\/2018\/03\/18746301.jpg?quality=100","width":3000,"height":1853,"caption":"Kim Boutin, left, of Canada, and Lara van Ruijven, of the Netherlands, skate during the 1500-metre semifinal at the ISU world short-track speedskating championships in Montreal, Saturday, March 17, 2018. THE CANADIAN PRESS\/Graham Hughes"},{"@type":"WebSite","@id":"https:\/\/preprod.olympic.ca\/olympique\/#website","url":"https:\/\/preprod.olympic.ca\/olympique\/","name":"\u00c9quipe Canada | Site officiel de l&#039;\u00e9quipe olympique","description":"Votre source pour l\u2019\u00c9quipe olympique canadienne. Retrouvez les r\u00e9cits, vid\u00e9os et photos des athl\u00e8tes canadiens, sports olympiques, Jeux olympiques de 2020 et bien plus!","potentialAction":[{"@type":"SearchAction","target":{"@type":"EntryPoint","urlTemplate":"https:\/\/preprod.olympic.ca\/olympique\/?s={search_term_string}"},"query-input":{"@type":"PropertyValueSpecification","valueRequired":true,"valueName":"search_term_string"}}],"inLanguage":"fr-FR"},{"@type":"Person","@id":"https:\/\/preprod.olympic.ca\/olympique\/#\/schema\/person\/a1b70a9ff7a9e05c67bb5f368d9f0eea","name":"Ma\u00eblle Ramsay","image":{"@type":"ImageObject","inLanguage":"fr-FR","@id":"https:\/\/secure.gravatar.com\/avatar\/61236d77b99d37e449630904d28eebe27810af00d515909f326b70d097af454d?s=96&d=identicon&r=g3aaa80bf4d045638d323513450d81b57","url":"https:\/\/secure.gravatar.com\/avatar\/61236d77b99d37e449630904d28eebe27810af00d515909f326b70d097af454d?s=96&d=identicon&r=g","contentUrl":"https:\/\/secure.gravatar.com\/avatar\/61236d77b99d37e449630904d28eebe27810af00d515909f326b70d097af454d?s=96&d=identicon&r=g","caption":"Ma\u00eblle Ramsay"},"url":"https:\/\/preprod.olympic.ca\/olympique\/author\/maelleramsay\/"}]}},"jetpack_featured_media_url":"https:\/\/preprod.olympic.ca\/olympique\/wp-content\/uploads\/sites\/2\/2018\/03\/18746301.jpg?quality=100","featured_image_url":"https:\/\/preprod.olympic.ca\/olympique\/wp-content\/uploads\/sites\/2\/2018\/03\/18746301.jpg?quality=100","author_name":["Ma\u00eblle Ramsay"],"category_names":["Uncategorized"],"tag_names":["Charles Hamelin","Coupe du monde de Montr\u00e9al","\u00c9quipe canada","ISU","Kim Boutin","Montreal","patinage de vitesse sur courte piste","Samuel Girard"],"video_embed_code":"","facebook_video_embed_code":"","jetpack_sharing_enabled":true,"jetpack-related-posts":[],"jetpack_shortlink":"https:\/\/wp.me\/pcGHcP-AmR","_links":{"self":[{"href":"https:\/\/preprod.olympic.ca\/olympique\/wp-json\/wp\/v2\/posts\/139801","targetHints":{"allow":["GET"]}}],"collection":[{"href":"https:\/\/preprod.olympic.ca\/olympique\/wp-json\/wp\/v2\/posts"}],"about":[{"href":"https:\/\/preprod.olympic.ca\/olympique\/wp-json\/wp\/v2\/types\/post"}],"author":[{"embeddable":true,"href":"https:\/\/preprod.olympic.ca\/olympique\/wp-json\/wp\/v2\/users\/133500570"}],"replies":[{"embeddable":true,"href":"https:\/\/preprod.olympic.ca\/olympique\/wp-json\/wp\/v2\/comments?post=139801"}],"version-history":[{"count":9,"href":"https:\/\/preprod.olympic.ca\/olympique\/wp-json\/wp\/v2\/posts\/139801\/revisions"}],"predecessor-version":[{"id":139821,"href":"https:\/\/preprod.olympic.ca\/olympique\/wp-json\/wp\/v2\/posts\/139801\/revisions\/139821"}],"wp:featuredmedia":[{"embeddable":true,"href":"https:\/\/preprod.olympic.ca\/olympique\/wp-json\/wp\/v2\/media\/139810"}],"wp:attachment":[{"href":"https:\/\/preprod.olympic.ca\/olympique\/wp-json\/wp\/v2\/media?parent=139801"}],"wp:term":[{"taxonomy":"category","embeddable":true,"href":"https:\/\/preprod.olympic.ca\/olympique\/wp-json\/wp\/v2\/categories?post=139801"},{"taxonomy":"post_tag","embeddable":true,"href":"https:\/\/preprod.olympic.ca\/olympique\/wp-json\/wp\/v2\/tags?post=139801"},{"taxonomy":"post_format","embeddable":true,"href":"https:\/\/preprod.olympic.ca\/olympique\/wp-json\/wp\/v2\/post_format?post=139801"},{"taxonomy":"sport","embeddable":true,"href":"https:\/\/preprod.olympic.ca\/olympique\/wp-json\/wp\/v2\/sport?post=139801"},{"taxonomy":"game","embeddable":true,"href":"https:\/\/preprod.olympic.ca\/olympique\/wp-json\/wp\/v2\/game?post=139801"},{"taxonomy":"author","embeddable":true,"href":"https:\/\/preprod.olympic.ca\/olympique\/wp-json\/wp\/v2\/coauthors?post=139801"}],"curies":[{"name":"wp","href":"https:\/\/api.w.org\/{rel}","templated":true}]}}