{"id":143451,"date":"2018-11-18T12:17:41","date_gmt":"2018-11-18T17:17:41","guid":{"rendered":"http:\/\/olympique.ca\/?p=143451"},"modified":"2018-12-05T13:20:49","modified_gmt":"2018-12-05T18:20:49","slug":"equipe-canada-file-vers-le-podium-au-sprint-par-equipe-masculin","status":"publish","type":"post","link":"https:\/\/preprod.olympic.ca\/olympique\/2018\/11\/18\/equipe-canada-file-vers-le-podium-au-sprint-par-equipe-masculin\/","title":{"rendered":"\u00c9quipe Canada file vers le podium au sprint par \u00e9quipe masculin"},"content":{"rendered":"<h2 class=\"lead\">Le Canada a d\u00e9croch\u00e9 une m\u00e9daille de bronze lors de la derni\u00e8re \u00e9preuve disput\u00e9e \u00e0 la Coupe du monde de patinage de vitesse sur longue piste d&rsquo;Obihiro, au Japon.<\/h2>\n<p>L&rsquo;\u00e9quipe canadienne form\u00e9e de l&rsquo;olympien\u00a0<a href=\"http:\/\/olympique.ca\/team-canada\/laurent-dubreuil\/\">Laurent Dubreuil<\/a>, Christopher Fiola, Antoine G\u00e9linas-Beaulieu et David La Rue a domin\u00e9 son duel face \u00e0 la Pologne avec un temps de 1 min 20,980 s.<\/p>\n<div class=\"embed-twitter\">\n<blockquote class=\"twitter-tweet\" data-width=\"550\" data-dnt=\"true\">\n<p lang=\"fr\" dir=\"ltr\">La 1\u00e8re m\u00e9daille 100% Qu\u00e9bec de l&#39;histoire du sprint par \u00e9quipe!! \ud83e\udd49\ud83e\udd49\ud83e\udd49 <a href=\"https:\/\/t.co\/uBf4Q4w0zd\">pic.twitter.com\/uBf4Q4w0zd<\/a><\/p>\n<p>&mdash; Laurent Dubreuil (@Dubreuil92) <a href=\"https:\/\/twitter.com\/Dubreuil92\/status\/1064116746762637312?ref_src=twsrc%5Etfw\">November 18, 2018<\/a><\/p><\/blockquote>\n<p><script async src=\"https:\/\/platform.twitter.com\/widgets.js\" charset=\"utf-8\"><\/script><\/div>\n<p>Le Canada a crois\u00e9 le fil d&rsquo;arriv\u00e9e seulement 0,19 seconde derri\u00e8re la Norv\u00e8ge (1:20,90). Les Pays-Bas se sont empar\u00e9s de l&rsquo;or gr\u00e2ce \u00e0 un chrono de 1:19,780.<\/p>\n<p>\u00ab \u00c7&rsquo;a \u00e9t\u00e9 une tr\u00e8s bonne course, a indiqu\u00e9 Fiola. Les autres \u00e9quipes \u00e9taient vraiment rapides, mais on a quand m\u00eame r\u00e9ussi \u00e0 aller chercher le bronze. C&rsquo;est tr\u00e8s encourageant en vue des \u00e9tapes de la Coupe du monde \u00e0 venir et on sait qu&rsquo;on peut faire encore mieux. \u00bb<\/p>\n<p>Il s&rsquo;agit du premier podium canadien de la saison sur le circuit de la coupe du monde.<\/p>\n<p>Les Canadiennes\u00a0<a href=\"http:\/\/olympique.ca\/team-canada\/ivanie-blondin\/\">Ivanie Blondin<\/a>, Kaylin Irvine et Heather McLean ont quant \u00e0 elles pris le cinqui\u00e8me rang de l&rsquo;\u00e9preuve f\u00e9minine apr\u00e8s avoir enregistr\u00e9 un temps de 1:29,540.<\/p>\n<p><a href=\"https:\/\/twitter.com\/OlympiqueCanada\"><img decoding=\"async\" src=\"https:\/\/preprod.olympic.ca\/wp-content\/uploads\/sites\/2\/2016\/09\/twitter_frsocial-ads.png\" \/><\/a><\/p>\n","protected":false},"excerpt":{"rendered":"<p>Le Canada a d\u00e9croch\u00e9 une m\u00e9daille de bronze lors de la derni\u00e8re \u00e9preuve disput\u00e9e \u00e0 la Coupe du monde de&#8230;<\/p>\n","protected":false},"author":55751844,"featured_media":143452,"comment_status":"closed","ping_status":"closed","sticky":false,"template":"","format":"standard","meta":{"_acf_changed":false,"_jetpack_memberships_contains_paid_content":false,"footnotes":""},"categories":[1],"tags":[178042,415984410,57236,415987806,1104411,29268,26164752,1293412,415987807,5599048,415987805,415987705],"post_format":"standard","sport":[51196763],"game":[],"coauthors":[197551639],"class_list":["post-143451","post","type-post","status-publish","format-standard","has-post-thumbnail","hentry","category-uncategorized","tag-bronze","tag-christopher-fiola","tag-coupe-du-monde","tag-david-la-rue","tag-equipe-canada","tag-japon","tag-laurent-dubreuil","tag-longue-piste","tag-obihiro","tag-patinage-de-vitesse","tag-remi-beaulieu","tag-sprint-par-equipe","sport-patinage-de-vitesse-piste-longue"],"acf":[],"yoast_head":"<!-- This site is optimized with the Yoast SEO plugin v27.3 - https:\/\/yoast.com\/product\/yoast-seo-wordpress\/ -->\n<title>\u00c9quipe Canada file vers le podium au sprint par \u00e9quipe masculin - \u00c9quipe Canada | Site officiel de l&#039;\u00e9quipe olympique<\/title>\n<meta name=\"robots\" content=\"index, follow, max-snippet:-1, max-image-preview:large, max-video-preview:-1\" \/>\n<link rel=\"canonical\" href=\"https:\/\/preprod.olympic.ca\/olympique\/2018\/11\/18\/equipe-canada-file-vers-le-podium-au-sprint-par-equipe-masculin\/\" \/>\n<meta property=\"og:locale\" content=\"fr_FR\" \/>\n<meta property=\"og:type\" content=\"article\" \/>\n<meta property=\"og:title\" content=\"\u00c9quipe Canada file vers le podium au sprint par \u00e9quipe masculin - \u00c9quipe Canada | Site officiel de l&#039;\u00e9quipe olympique\" \/>\n<meta property=\"og:description\" content=\"Le Canada a d\u00e9croch\u00e9 une m\u00e9daille de bronze lors de la derni\u00e8re \u00e9preuve disput\u00e9e \u00e0 la Coupe du monde de...\" \/>\n<meta property=\"og:url\" content=\"https:\/\/preprod.olympic.ca\/olympique\/2018\/11\/18\/equipe-canada-file-vers-le-podium-au-sprint-par-equipe-masculin\/\" \/>\n<meta property=\"og:site_name\" content=\"\u00c9quipe Canada | Site officiel de l&#039;\u00e9quipe olympique\" \/>\n<meta property=\"article:published_time\" content=\"2018-11-18T17:17:41+00:00\" \/>\n<meta property=\"article:modified_time\" content=\"2018-12-05T18:20:49+00:00\" \/>\n<meta property=\"og:image\" content=\"https:\/\/preprod.olympic.ca\/olympique\/wp-content\/uploads\/sites\/2\/2018\/11\/equipe-canada-longue-piste-laurent-dubreuil.jpg?quality=100\" \/>\n\t<meta property=\"og:image:width\" content=\"1010\" \/>\n\t<meta property=\"og:image:height\" content=\"568\" \/>\n\t<meta property=\"og:image:type\" content=\"image\/jpeg\" \/>\n<meta name=\"author\" content=\"Steve Boudreau\" \/>\n<meta name=\"twitter:card\" content=\"summary_large_image\" \/>\n<meta name=\"twitter:label1\" content=\"Written by\" \/>\n\t<meta name=\"twitter:data1\" content=\"Steve Boudreau\" \/>\n\t<meta name=\"twitter:label2\" content=\"Est. reading time\" \/>\n\t<meta name=\"twitter:data2\" content=\"1 minute\" \/>\n<script type=\"application\/ld+json\" class=\"yoast-schema-graph\">{\"@context\":\"https:\\\/\\\/schema.org\",\"@graph\":[{\"@type\":\"Article\",\"@id\":\"https:\\\/\\\/preprod.olympic.ca\\\/olympique\\\/2018\\\/11\\\/18\\\/equipe-canada-file-vers-le-podium-au-sprint-par-equipe-masculin\\\/#article\",\"isPartOf\":{\"@id\":\"https:\\\/\\\/preprod.olympic.ca\\\/olympique\\\/2018\\\/11\\\/18\\\/equipe-canada-file-vers-le-podium-au-sprint-par-equipe-masculin\\\/\"},\"author\":{\"name\":\"Steve Boudreau\",\"@id\":\"https:\\\/\\\/preprod.olympic.ca\\\/olympique\\\/#\\\/schema\\\/person\\\/fcff0d04b3be8cf8db300b91bccb7af4\"},\"headline\":\"\u00c9quipe Canada file vers le podium au sprint par \u00e9quipe masculin\",\"datePublished\":\"2018-11-18T17:17:41+00:00\",\"dateModified\":\"2018-12-05T18:20:49+00:00\",\"mainEntityOfPage\":{\"@id\":\"https:\\\/\\\/preprod.olympic.ca\\\/olympique\\\/2018\\\/11\\\/18\\\/equipe-canada-file-vers-le-podium-au-sprint-par-equipe-masculin\\\/\"},\"wordCount\":210,\"image\":{\"@id\":\"https:\\\/\\\/preprod.olympic.ca\\\/olympique\\\/2018\\\/11\\\/18\\\/equipe-canada-file-vers-le-podium-au-sprint-par-equipe-masculin\\\/#primaryimage\"},\"thumbnailUrl\":\"https:\\\/\\\/preprod.olympic.ca\\\/olympique\\\/wp-content\\\/uploads\\\/sites\\\/2\\\/2018\\\/11\\\/equipe-canada-longue-piste-laurent-dubreuil.jpg?quality=100\",\"keywords\":[\"bronze\",\"Christopher Fiola\",\"Coupe du monde\",\"David La Rue\",\"\u00c9quipe canada\",\"Japon\",\"Laurent Dubreuil\",\"longue piste\",\"obihiro\",\"Patinage de vitesse\",\"R\u00e9mi Beaulieu\",\"sprint par \u00e9quipe\"],\"articleSection\":[\"Uncategorized\"],\"inLanguage\":\"fr-FR\"},{\"@type\":\"WebPage\",\"@id\":\"https:\\\/\\\/preprod.olympic.ca\\\/olympique\\\/2018\\\/11\\\/18\\\/equipe-canada-file-vers-le-podium-au-sprint-par-equipe-masculin\\\/\",\"url\":\"https:\\\/\\\/preprod.olympic.ca\\\/olympique\\\/2018\\\/11\\\/18\\\/equipe-canada-file-vers-le-podium-au-sprint-par-equipe-masculin\\\/\",\"name\":\"\u00c9quipe Canada file vers le podium au sprint par \u00e9quipe masculin - \u00c9quipe Canada | Site officiel de l&#039;\u00e9quipe olympique\",\"isPartOf\":{\"@id\":\"https:\\\/\\\/preprod.olympic.ca\\\/olympique\\\/#website\"},\"primaryImageOfPage\":{\"@id\":\"https:\\\/\\\/preprod.olympic.ca\\\/olympique\\\/2018\\\/11\\\/18\\\/equipe-canada-file-vers-le-podium-au-sprint-par-equipe-masculin\\\/#primaryimage\"},\"image\":{\"@id\":\"https:\\\/\\\/preprod.olympic.ca\\\/olympique\\\/2018\\\/11\\\/18\\\/equipe-canada-file-vers-le-podium-au-sprint-par-equipe-masculin\\\/#primaryimage\"},\"thumbnailUrl\":\"https:\\\/\\\/preprod.olympic.ca\\\/olympique\\\/wp-content\\\/uploads\\\/sites\\\/2\\\/2018\\\/11\\\/equipe-canada-longue-piste-laurent-dubreuil.jpg?quality=100\",\"datePublished\":\"2018-11-18T17:17:41+00:00\",\"dateModified\":\"2018-12-05T18:20:49+00:00\",\"author\":{\"@id\":\"https:\\\/\\\/preprod.olympic.ca\\\/olympique\\\/#\\\/schema\\\/person\\\/fcff0d04b3be8cf8db300b91bccb7af4\"},\"inLanguage\":\"fr-FR\",\"potentialAction\":[{\"@type\":\"ReadAction\",\"target\":[\"https:\\\/\\\/preprod.olympic.ca\\\/olympique\\\/2018\\\/11\\\/18\\\/equipe-canada-file-vers-le-podium-au-sprint-par-equipe-masculin\\\/\"]}]},{\"@type\":\"ImageObject\",\"inLanguage\":\"fr-FR\",\"@id\":\"https:\\\/\\\/preprod.olympic.ca\\\/olympique\\\/2018\\\/11\\\/18\\\/equipe-canada-file-vers-le-podium-au-sprint-par-equipe-masculin\\\/#primaryimage\",\"url\":\"https:\\\/\\\/preprod.olympic.ca\\\/olympique\\\/wp-content\\\/uploads\\\/sites\\\/2\\\/2018\\\/11\\\/equipe-canada-longue-piste-laurent-dubreuil.jpg?quality=100\",\"contentUrl\":\"https:\\\/\\\/preprod.olympic.ca\\\/olympique\\\/wp-content\\\/uploads\\\/sites\\\/2\\\/2018\\\/11\\\/equipe-canada-longue-piste-laurent-dubreuil.jpg?quality=100\",\"width\":1010,\"height\":568,\"caption\":\"Laurent Dubreuil\"},{\"@type\":\"WebSite\",\"@id\":\"https:\\\/\\\/preprod.olympic.ca\\\/olympique\\\/#website\",\"url\":\"https:\\\/\\\/preprod.olympic.ca\\\/olympique\\\/\",\"name\":\"\u00c9quipe Canada | Site officiel de l&#039;\u00e9quipe olympique\",\"description\":\"Votre source pour l\u2019\u00c9quipe olympique canadienne. Retrouvez les r\u00e9cits, vid\u00e9os et photos des athl\u00e8tes canadiens, sports olympiques, Jeux olympiques de 2020 et bien plus!\",\"potentialAction\":[{\"@type\":\"SearchAction\",\"target\":{\"@type\":\"EntryPoint\",\"urlTemplate\":\"https:\\\/\\\/preprod.olympic.ca\\\/olympique\\\/?s={search_term_string}\"},\"query-input\":{\"@type\":\"PropertyValueSpecification\",\"valueRequired\":true,\"valueName\":\"search_term_string\"}}],\"inLanguage\":\"fr-FR\"},{\"@type\":\"Person\",\"@id\":\"https:\\\/\\\/preprod.olympic.ca\\\/olympique\\\/#\\\/schema\\\/person\\\/fcff0d04b3be8cf8db300b91bccb7af4\",\"name\":\"Steve Boudreau\",\"image\":{\"@type\":\"ImageObject\",\"inLanguage\":\"fr-FR\",\"@id\":\"https:\\\/\\\/secure.gravatar.com\\\/avatar\\\/336c6be93b523130336d384227371a495c6bb9057a12c48ad1770e1a6a57006b?s=96&d=identicon&r=geab05ffb592a23c798f7bf61ed1f5f18\",\"url\":\"https:\\\/\\\/secure.gravatar.com\\\/avatar\\\/336c6be93b523130336d384227371a495c6bb9057a12c48ad1770e1a6a57006b?s=96&d=identicon&r=g\",\"contentUrl\":\"https:\\\/\\\/secure.gravatar.com\\\/avatar\\\/336c6be93b523130336d384227371a495c6bb9057a12c48ad1770e1a6a57006b?s=96&d=identicon&r=g\",\"caption\":\"Steve Boudreau\"},\"description\":\"R\u00e9dacteur, m\u00e9dias sociaux - @Sboudreau\",\"sameAs\":[\"http:\\\/\\\/sboudreau49.wordpress.com\"],\"url\":\"https:\\\/\\\/preprod.olympic.ca\\\/olympique\\\/author\\\/sboudreau2013\\\/\"}]}<\/script>\n<!-- \/ Yoast SEO plugin. -->","yoast_head_json":{"title":"\u00c9quipe Canada file vers le podium au sprint par \u00e9quipe masculin - \u00c9quipe Canada | Site officiel de l&#039;\u00e9quipe olympique","robots":{"index":"index","follow":"follow","max-snippet":"max-snippet:-1","max-image-preview":"max-image-preview:large","max-video-preview":"max-video-preview:-1"},"canonical":"https:\/\/preprod.olympic.ca\/olympique\/2018\/11\/18\/equipe-canada-file-vers-le-podium-au-sprint-par-equipe-masculin\/","og_locale":"fr_FR","og_type":"article","og_title":"\u00c9quipe Canada file vers le podium au sprint par \u00e9quipe masculin - \u00c9quipe Canada | Site officiel de l&#039;\u00e9quipe olympique","og_description":"Le Canada a d\u00e9croch\u00e9 une m\u00e9daille de bronze lors de la derni\u00e8re \u00e9preuve disput\u00e9e \u00e0 la Coupe du monde de...","og_url":"https:\/\/preprod.olympic.ca\/olympique\/2018\/11\/18\/equipe-canada-file-vers-le-podium-au-sprint-par-equipe-masculin\/","og_site_name":"\u00c9quipe Canada | Site officiel de l&#039;\u00e9quipe olympique","article_published_time":"2018-11-18T17:17:41+00:00","article_modified_time":"2018-12-05T18:20:49+00:00","og_image":[{"width":1010,"height":568,"url":"https:\/\/preprod.olympic.ca\/olympique\/wp-content\/uploads\/sites\/2\/2018\/11\/equipe-canada-longue-piste-laurent-dubreuil.jpg?quality=100","type":"image\/jpeg"}],"author":"Steve Boudreau","twitter_card":"summary_large_image","twitter_misc":{"Written by":"Steve Boudreau","Est. reading time":"1 minute"},"schema":{"@context":"https:\/\/schema.org","@graph":[{"@type":"Article","@id":"https:\/\/preprod.olympic.ca\/olympique\/2018\/11\/18\/equipe-canada-file-vers-le-podium-au-sprint-par-equipe-masculin\/#article","isPartOf":{"@id":"https:\/\/preprod.olympic.ca\/olympique\/2018\/11\/18\/equipe-canada-file-vers-le-podium-au-sprint-par-equipe-masculin\/"},"author":{"name":"Steve Boudreau","@id":"https:\/\/preprod.olympic.ca\/olympique\/#\/schema\/person\/fcff0d04b3be8cf8db300b91bccb7af4"},"headline":"\u00c9quipe Canada file vers le podium au sprint par \u00e9quipe masculin","datePublished":"2018-11-18T17:17:41+00:00","dateModified":"2018-12-05T18:20:49+00:00","mainEntityOfPage":{"@id":"https:\/\/preprod.olympic.ca\/olympique\/2018\/11\/18\/equipe-canada-file-vers-le-podium-au-sprint-par-equipe-masculin\/"},"wordCount":210,"image":{"@id":"https:\/\/preprod.olympic.ca\/olympique\/2018\/11\/18\/equipe-canada-file-vers-le-podium-au-sprint-par-equipe-masculin\/#primaryimage"},"thumbnailUrl":"https:\/\/preprod.olympic.ca\/olympique\/wp-content\/uploads\/sites\/2\/2018\/11\/equipe-canada-longue-piste-laurent-dubreuil.jpg?quality=100","keywords":["bronze","Christopher Fiola","Coupe du monde","David La Rue","\u00c9quipe canada","Japon","Laurent Dubreuil","longue piste","obihiro","Patinage de vitesse","R\u00e9mi Beaulieu","sprint par \u00e9quipe"],"articleSection":["Uncategorized"],"inLanguage":"fr-FR"},{"@type":"WebPage","@id":"https:\/\/preprod.olympic.ca\/olympique\/2018\/11\/18\/equipe-canada-file-vers-le-podium-au-sprint-par-equipe-masculin\/","url":"https:\/\/preprod.olympic.ca\/olympique\/2018\/11\/18\/equipe-canada-file-vers-le-podium-au-sprint-par-equipe-masculin\/","name":"\u00c9quipe Canada file vers le podium au sprint par \u00e9quipe masculin - \u00c9quipe Canada | Site officiel de l&#039;\u00e9quipe olympique","isPartOf":{"@id":"https:\/\/preprod.olympic.ca\/olympique\/#website"},"primaryImageOfPage":{"@id":"https:\/\/preprod.olympic.ca\/olympique\/2018\/11\/18\/equipe-canada-file-vers-le-podium-au-sprint-par-equipe-masculin\/#primaryimage"},"image":{"@id":"https:\/\/preprod.olympic.ca\/olympique\/2018\/11\/18\/equipe-canada-file-vers-le-podium-au-sprint-par-equipe-masculin\/#primaryimage"},"thumbnailUrl":"https:\/\/preprod.olympic.ca\/olympique\/wp-content\/uploads\/sites\/2\/2018\/11\/equipe-canada-longue-piste-laurent-dubreuil.jpg?quality=100","datePublished":"2018-11-18T17:17:41+00:00","dateModified":"2018-12-05T18:20:49+00:00","author":{"@id":"https:\/\/preprod.olympic.ca\/olympique\/#\/schema\/person\/fcff0d04b3be8cf8db300b91bccb7af4"},"inLanguage":"fr-FR","potentialAction":[{"@type":"ReadAction","target":["https:\/\/preprod.olympic.ca\/olympique\/2018\/11\/18\/equipe-canada-file-vers-le-podium-au-sprint-par-equipe-masculin\/"]}]},{"@type":"ImageObject","inLanguage":"fr-FR","@id":"https:\/\/preprod.olympic.ca\/olympique\/2018\/11\/18\/equipe-canada-file-vers-le-podium-au-sprint-par-equipe-masculin\/#primaryimage","url":"https:\/\/preprod.olympic.ca\/olympique\/wp-content\/uploads\/sites\/2\/2018\/11\/equipe-canada-longue-piste-laurent-dubreuil.jpg?quality=100","contentUrl":"https:\/\/preprod.olympic.ca\/olympique\/wp-content\/uploads\/sites\/2\/2018\/11\/equipe-canada-longue-piste-laurent-dubreuil.jpg?quality=100","width":1010,"height":568,"caption":"Laurent Dubreuil"},{"@type":"WebSite","@id":"https:\/\/preprod.olympic.ca\/olympique\/#website","url":"https:\/\/preprod.olympic.ca\/olympique\/","name":"\u00c9quipe Canada | Site officiel de l&#039;\u00e9quipe olympique","description":"Votre source pour l\u2019\u00c9quipe olympique canadienne. Retrouvez les r\u00e9cits, vid\u00e9os et photos des athl\u00e8tes canadiens, sports olympiques, Jeux olympiques de 2020 et bien plus!","potentialAction":[{"@type":"SearchAction","target":{"@type":"EntryPoint","urlTemplate":"https:\/\/preprod.olympic.ca\/olympique\/?s={search_term_string}"},"query-input":{"@type":"PropertyValueSpecification","valueRequired":true,"valueName":"search_term_string"}}],"inLanguage":"fr-FR"},{"@type":"Person","@id":"https:\/\/preprod.olympic.ca\/olympique\/#\/schema\/person\/fcff0d04b3be8cf8db300b91bccb7af4","name":"Steve Boudreau","image":{"@type":"ImageObject","inLanguage":"fr-FR","@id":"https:\/\/secure.gravatar.com\/avatar\/336c6be93b523130336d384227371a495c6bb9057a12c48ad1770e1a6a57006b?s=96&d=identicon&r=geab05ffb592a23c798f7bf61ed1f5f18","url":"https:\/\/secure.gravatar.com\/avatar\/336c6be93b523130336d384227371a495c6bb9057a12c48ad1770e1a6a57006b?s=96&d=identicon&r=g","contentUrl":"https:\/\/secure.gravatar.com\/avatar\/336c6be93b523130336d384227371a495c6bb9057a12c48ad1770e1a6a57006b?s=96&d=identicon&r=g","caption":"Steve Boudreau"},"description":"R\u00e9dacteur, m\u00e9dias sociaux - @Sboudreau","sameAs":["http:\/\/sboudreau49.wordpress.com"],"url":"https:\/\/preprod.olympic.ca\/olympique\/author\/sboudreau2013\/"}]}},"jetpack_featured_media_url":"https:\/\/preprod.olympic.ca\/olympique\/wp-content\/uploads\/sites\/2\/2018\/11\/equipe-canada-longue-piste-laurent-dubreuil.jpg?quality=100","featured_image_url":"https:\/\/preprod.olympic.ca\/olympique\/wp-content\/uploads\/sites\/2\/2018\/11\/equipe-canada-longue-piste-laurent-dubreuil.jpg?quality=100","author_name":["Steve Boudreau"],"category_names":["Uncategorized"],"tag_names":["bronze","Christopher Fiola","Coupe du monde","David La Rue","\u00c9quipe canada","Japon","Laurent Dubreuil","longue piste","obihiro","Patinage de vitesse","R\u00e9mi Beaulieu","sprint par \u00e9quipe"],"video_embed_code":"","facebook_video_embed_code":"","jetpack_sharing_enabled":true,"jetpack-related-posts":[],"jetpack_shortlink":"https:\/\/wp.me\/pcGHcP-BjJ","_links":{"self":[{"href":"https:\/\/preprod.olympic.ca\/olympique\/wp-json\/wp\/v2\/posts\/143451","targetHints":{"allow":["GET"]}}],"collection":[{"href":"https:\/\/preprod.olympic.ca\/olympique\/wp-json\/wp\/v2\/posts"}],"about":[{"href":"https:\/\/preprod.olympic.ca\/olympique\/wp-json\/wp\/v2\/types\/post"}],"author":[{"embeddable":true,"href":"https:\/\/preprod.olympic.ca\/olympique\/wp-json\/wp\/v2\/users\/55751844"}],"replies":[{"embeddable":true,"href":"https:\/\/preprod.olympic.ca\/olympique\/wp-json\/wp\/v2\/comments?post=143451"}],"version-history":[{"count":2,"href":"https:\/\/preprod.olympic.ca\/olympique\/wp-json\/wp\/v2\/posts\/143451\/revisions"}],"predecessor-version":[{"id":143810,"href":"https:\/\/preprod.olympic.ca\/olympique\/wp-json\/wp\/v2\/posts\/143451\/revisions\/143810"}],"wp:featuredmedia":[{"embeddable":true,"href":"https:\/\/preprod.olympic.ca\/olympique\/wp-json\/wp\/v2\/media\/143452"}],"wp:attachment":[{"href":"https:\/\/preprod.olympic.ca\/olympique\/wp-json\/wp\/v2\/media?parent=143451"}],"wp:term":[{"taxonomy":"category","embeddable":true,"href":"https:\/\/preprod.olympic.ca\/olympique\/wp-json\/wp\/v2\/categories?post=143451"},{"taxonomy":"post_tag","embeddable":true,"href":"https:\/\/preprod.olympic.ca\/olympique\/wp-json\/wp\/v2\/tags?post=143451"},{"taxonomy":"post_format","embeddable":true,"href":"https:\/\/preprod.olympic.ca\/olympique\/wp-json\/wp\/v2\/post_format?post=143451"},{"taxonomy":"sport","embeddable":true,"href":"https:\/\/preprod.olympic.ca\/olympique\/wp-json\/wp\/v2\/sport?post=143451"},{"taxonomy":"game","embeddable":true,"href":"https:\/\/preprod.olympic.ca\/olympique\/wp-json\/wp\/v2\/game?post=143451"},{"taxonomy":"author","embeddable":true,"href":"https:\/\/preprod.olympic.ca\/olympique\/wp-json\/wp\/v2\/coauthors?post=143451"}],"curies":[{"name":"wp","href":"https:\/\/api.w.org\/{rel}","templated":true}]}}