{"id":159163,"date":"2020-01-25T11:55:34","date_gmt":"2020-01-25T16:55:34","guid":{"rendered":"http:\/\/olympique.ca\/?p=159163"},"modified":"2020-01-27T09:30:46","modified_gmt":"2020-01-27T14:30:46","slug":"leman-et-phelan-medailles-a-la-coupe-du-monde-de-ski-cross-en-suede","status":"publish","type":"post","link":"https:\/\/preprod.olympic.ca\/olympique\/2020\/01\/25\/leman-et-phelan-medailles-a-la-coupe-du-monde-de-ski-cross-en-suede\/","title":{"rendered":"Ski cross : \u00c9quipe Canada s&rsquo;offre quatre m\u00e9dailles \u00e0 Idre Fjall"},"content":{"rendered":"<h2>Quatre Canadiens ont trouv\u00e9 le chemin vers le podium, ce week-end, \u00e0 la Coupe du monde de ski cross de Idre Fjall, en Su\u00e8de.<\/h2>\n<h3>Samedi<\/h3>\n<h2 class=\"lead\">\u00c9quipe Canada a remport\u00e9 deux m\u00e9dailles \u00e0 la Coupe du monde de ski cross. <a href=\"http:\/\/olympique.ca\/team-canada\/brady-leman\/\">Brady Leman<\/a> a remport\u00e9 l\u2019argent alors que <a href=\"http:\/\/olympique.ca\/team-canada\/brittany-phelan\/\">Brittany Phelan<\/a> a pris une m\u00e9daille de bronze.<\/h2>\n<p>Ces m\u00e9dailles permettent \u00e0 l\u2019\u00e9quipe canadienne de poursuivre sur sa lanc\u00e9e, ayant termin\u00e9 sur le podium \u00e0 chacune des Coupes du monde de la saison jusqu\u2019\u00e0 maintenant.<\/p>\n<p>C\u2019\u00e9tait un retour sur le podium en Coupe du monde pour le champion olympique Leman qui n\u2019avait pas remport\u00e9 de m\u00e9daille en six courses, soit depuis sa m\u00e9daille de bronze \u00e0 Montafon, en Autriche, \u00e0 la mi-d\u00e9cembre. Leman \u00e9tait en premi\u00e8re place dans cette course serr\u00e9e, mais il a \u00e9t\u00e9 d\u00e9pass\u00e9 par le Suisse Ryan Regez \u00e0 la sortie du dernier saut. Le Fran\u00e7ais Fran\u00e7ois Place a pris le bronze.<\/p>\n<div class=\"embed-twitter\">\n<blockquote class=\"twitter-tweet\" data-width=\"550\" data-dnt=\"true\">\n<p lang=\"en\" dir=\"ltr\">Watch the men mixing it up in the big final of <a href=\"https:\/\/twitter.com\/idrefjall?ref_src=twsrc%5Etfw\">@idrefjall<\/a> <br \/>with Ryan Regez taking the win ahead of Olympic Champion <a href=\"https:\/\/twitter.com\/Lemanracing?ref_src=twsrc%5Etfw\">@Lemanracing<\/a> and World Champ Francois Place\ud83c\udfc6<a href=\"https:\/\/twitter.com\/hashtag\/fisfreestyle?src=hash&amp;ref_src=twsrc%5Etfw\">#fisfreestyle<\/a> <a href=\"https:\/\/twitter.com\/hashtag\/skicrossworldcup?src=hash&amp;ref_src=twsrc%5Etfw\">#skicrossworldcup<\/a> <a href=\"https:\/\/twitter.com\/hashtag\/swissdoublewin?src=hash&amp;ref_src=twsrc%5Etfw\">#swissdoublewin<\/a> <a href=\"https:\/\/t.co\/JdeF7JQB2B\">pic.twitter.com\/JdeF7JQB2B<\/a><\/p>\n<p>&mdash; FISfreestyle (@FISfreestyle) <a href=\"https:\/\/twitter.com\/FISfreestyle\/status\/1221045185317965831?ref_src=twsrc%5Etfw\">January 25, 2020<\/a><\/p><\/blockquote>\n<p><script async src=\"https:\/\/platform.twitter.com\/widgets.js\" charset=\"utf-8\"><\/script><\/div>\n<p>\u00abC\u2019est g\u00e9nial de recommencer \u00e0 me sentir moi-m\u00eame. Je ne me sentais pas super fort en d\u00e9cembre, les choses n\u2019allaient pas comme pr\u00e9vu, mais les choses commencent \u00e0 se replacer. \u00bb a mentionn\u00e9 Leman \u00e0 Canada Alpin.<\/p>\n<p>Du c\u00f4t\u00e9 f\u00e9minin, deux Canadiennes \u00e9taient de la finale, Phelan et <a href=\"http:\/\/olympique.ca\/team-canada\/marielle-thompson\/\">Marielle Thompson<\/a>. Cette derni\u00e8re se battait pour la t\u00eate en premi\u00e8re moiti\u00e9 de course avant de tomber \u00e0 la fin du groupe. La Suisse Fanny Smith a pris la victoire \u00e0 son 100<sup>e<\/sup> d\u00e9part en Coupe du monde alors que la Su\u00e9doise Sandra Naeslund a pris l\u2019argent et Phelan le bronze dans une finale serr\u00e9e.<\/p>\n<p>C\u2019est le troisi\u00e8me podium pour Phelan cette saison, et son deuxi\u00e8me en deux semaines, ayant remport\u00e9 l\u2019argent la semaine derni\u00e8re \u00e0 Nakiska.<\/p>\n<div class=\"embed-twitter\">\n<blockquote class=\"twitter-tweet\" data-width=\"550\" data-dnt=\"true\">\n<p lang=\"en\" dir=\"ltr\">.<a href=\"https:\/\/twitter.com\/SmithFanny?ref_src=twsrc%5Etfw\">@SmithFanny<\/a> celebrates her 100th World Cup start in style, taking the win in <a href=\"https:\/\/twitter.com\/idrefjall?ref_src=twsrc%5Etfw\">@idrefjall<\/a> \ud83c\uddf8\ud83c\uddea Check out the women shred down 56 elements in a breathtaking final heat!<a href=\"https:\/\/twitter.com\/hashtag\/fisfreestyle?src=hash&amp;ref_src=twsrc%5Etfw\">#fisfreestyle<\/a> <a href=\"https:\/\/twitter.com\/hashtag\/skicross?src=hash&amp;ref_src=twsrc%5Etfw\">#skicross<\/a> <a href=\"https:\/\/twitter.com\/hashtag\/hoppschwiz?src=hash&amp;ref_src=twsrc%5Etfw\">#hoppschwiz<\/a> \ud83c\udde8\ud83c\udded <a href=\"https:\/\/t.co\/nA4NGLUNOx\">pic.twitter.com\/nA4NGLUNOx<\/a><\/p>\n<p>&mdash; FISfreestyle (@FISfreestyle) <a href=\"https:\/\/twitter.com\/FISfreestyle\/status\/1221039652745859072?ref_src=twsrc%5Etfw\">January 25, 2020<\/a><\/p><\/blockquote>\n<p><script async src=\"https:\/\/platform.twitter.com\/widgets.js\" charset=\"utf-8\"><\/script><\/div>\n<p>\u00ab J\u2019adore cette piste. Je suis heureuse de ma journ\u00e9e, mais j\u2019aurais aim\u00e9 en faire un peu plus. \u00bb a dit Phelan, qui avait termin\u00e9 deuxi\u00e8me, ici, l\u2019an dernier.<\/p>\n<p>Idre Fjall est l\u2019une des pistes les plus rapides sur le circuit de la Coupe du monde.<\/p>\n<h3>Dimanche<\/h3>\n<h2 class=\"lead\"><a href=\"http:\/\/olympique.ca\/team-canada\/kevin-drury\/\">Kevin Drury<\/a> et <a href=\"http:\/\/olympique.ca\/team-canada\/marielle-thompson\/\">Marielle Thompson<\/a> se sont hiss\u00e9s sur le podium, dimanche, remportant respectivement l&rsquo;argent et le bronze.<\/h2>\n<p>\u00c7&rsquo;a \u00e9t\u00e9 une course extr\u00eamement serr\u00e9e, mais Kevin Drury s&rsquo;est finalement m\u00e9rit\u00e9 la m\u00e9daille d&rsquo;argent \u00e0 l&rsquo;\u00e9preuve masculine, dimanche. L&rsquo;Allemand Daniel Bohnacker a pris l&rsquo;or, et le Suisse Ryan Regez, l&rsquo;argent. <a href=\"http:\/\/olympique.ca\/team-canada\/brady-leman\/\">Brady Leman<\/a>, qui a d\u00e9roch\u00e9 l&rsquo;argent hier, a termin\u00e9 au pied du podium.<\/p>\n<div class=\"embed-twitter\">\n<blockquote class=\"twitter-tweet\" data-width=\"550\" data-dnt=\"true\">\n<p lang=\"en\" dir=\"ltr\">Daniel Bohnacker took his first win since 2011, Kevin Drury came in second and Ryan Regez third. That was some crazy tight racing, gentlemen!  What a show! <a href=\"https:\/\/twitter.com\/idrefjall?ref_src=twsrc%5Etfw\">@idrefjall<\/a> <a href=\"https:\/\/twitter.com\/hashtag\/fisfreestyle?src=hash&amp;ref_src=twsrc%5Etfw\">#fisfreestyle<\/a> <a href=\"https:\/\/twitter.com\/hashtag\/skicross?src=hash&amp;ref_src=twsrc%5Etfw\">#skicross<\/a> <a href=\"https:\/\/twitter.com\/hashtag\/tightracing?src=hash&amp;ref_src=twsrc%5Etfw\">#tightracing<\/a> <a href=\"https:\/\/t.co\/ovLpmMHz1B\">pic.twitter.com\/ovLpmMHz1B<\/a><\/p>\n<p>&mdash; FISfreestyle (@FISfreestyle) <a href=\"https:\/\/twitter.com\/FISfreestyle\/status\/1221405381500399619?ref_src=twsrc%5Etfw\">January 26, 2020<\/a><\/p><\/blockquote>\n<p><script async src=\"https:\/\/platform.twitter.com\/widgets.js\" charset=\"utf-8\"><\/script><\/div>\n<p>Chez femmes, Marielle Thompson a gagn\u00e9 la m\u00e9daille de bronze. L&rsquo;athl\u00e8te locale Sandra Naeslund a pris l&rsquo;or, alors que la Suisse Fanny Smith a pris l&rsquo;argent.<\/p>\n<p>Comme du c\u00f4t\u00e9 des hommes, c&rsquo;est une Canadienne, <a href=\"http:\/\/olympique.ca\/team-canada\/brittany-phelan\/\">Brittany Phelan<\/a>, qui a pris la quatri\u00e8me place. Elle a n\u00e9anmoins remport\u00e9 le bronze hier.<\/p>\n<div class=\"embed-twitter\">\n<blockquote class=\"twitter-tweet\" data-width=\"550\" data-dnt=\"true\">\n<p lang=\"en\" dir=\"ltr\">.<a href=\"https:\/\/twitter.com\/sandranaslund?ref_src=twsrc%5Etfw\">@sandranaslund<\/a> wins in front of her home crowd ahead of <a href=\"https:\/\/twitter.com\/SmithFanny?ref_src=twsrc%5Etfw\">@SmithFanny<\/a> and <a href=\"https:\/\/twitter.com\/bigairmar?ref_src=twsrc%5Etfw\">@bigairmar<\/a> in <a href=\"https:\/\/twitter.com\/idrefjall?ref_src=twsrc%5Etfw\">@idrefjall<\/a>. Check out the women giving it full gas!<a href=\"https:\/\/twitter.com\/hashtag\/fisfreestyle?src=hash&amp;ref_src=twsrc%5Etfw\">#fisfreestyle<\/a> <a href=\"https:\/\/twitter.com\/hashtag\/skicross?src=hash&amp;ref_src=twsrc%5Etfw\">#skicross<\/a> <a href=\"https:\/\/twitter.com\/hashtag\/hejasverige?src=hash&amp;ref_src=twsrc%5Etfw\">#hejasverige<\/a> <a href=\"https:\/\/t.co\/hTLkKCxgtK\">pic.twitter.com\/hTLkKCxgtK<\/a><\/p>\n<p>&mdash; FISfreestyle (@FISfreestyle) <a href=\"https:\/\/twitter.com\/FISfreestyle\/status\/1221402949022179329?ref_src=twsrc%5Etfw\">January 26, 2020<\/a><\/p><\/blockquote>\n<p><script async src=\"https:\/\/platform.twitter.com\/widgets.js\" charset=\"utf-8\"><\/script><\/div>\n","protected":false},"excerpt":{"rendered":"<p>Quatre Canadiens ont trouv\u00e9 le chemin vers le podium, ce week-end, \u00e0 la Coupe du monde de ski cross de&#8230;<\/p>\n","protected":false},"author":112974483,"featured_media":159211,"comment_status":"closed","ping_status":"closed","sticky":false,"template":"","format":"standard","meta":{"_acf_changed":false,"_jetpack_memberships_contains_paid_content":false,"footnotes":""},"categories":[1],"tags":[457391,178042,57236,1104411,415732169,682163085,77723951,415986605,5460672,77874,71346],"post_format":"standard","sport":[2836518],"game":[],"coauthors":[415988788,197557601],"class_list":["post-159163","post","type-post","status-publish","format-standard","has-post-thumbnail","hentry","category-uncategorized","tag-argent","tag-bronze","tag-coupe-du-monde","tag-equipe-canada","tag-kevin-drury","tag-leman","tag-marielle-thompson","tag-phelan","tag-ski-cross","tag-suede","tag-thompson","sport-ski-alpin"],"acf":[],"yoast_head":"<!-- This site is optimized with the Yoast SEO plugin v27.3 - https:\/\/yoast.com\/product\/yoast-seo-wordpress\/ -->\n<title>Ski cross : \u00c9quipe Canada s&#039;offre quatre m\u00e9dailles \u00e0 Idre Fjall - \u00c9quipe Canada | Site officiel de l&#039;\u00e9quipe olympique<\/title>\n<meta name=\"robots\" content=\"index, follow, max-snippet:-1, max-image-preview:large, max-video-preview:-1\" \/>\n<link rel=\"canonical\" href=\"https:\/\/preprod.olympic.ca\/olympique\/2020\/01\/25\/leman-et-phelan-medailles-a-la-coupe-du-monde-de-ski-cross-en-suede\/\" \/>\n<meta property=\"og:locale\" content=\"fr_FR\" \/>\n<meta property=\"og:type\" content=\"article\" \/>\n<meta property=\"og:title\" content=\"Ski cross : \u00c9quipe Canada s&#039;offre quatre m\u00e9dailles \u00e0 Idre Fjall - \u00c9quipe Canada | Site officiel de l&#039;\u00e9quipe olympique\" \/>\n<meta property=\"og:description\" content=\"Quatre Canadiens ont trouv\u00e9 le chemin vers le podium, ce week-end, \u00e0 la Coupe du monde de ski cross de...\" \/>\n<meta property=\"og:url\" content=\"https:\/\/preprod.olympic.ca\/olympique\/2020\/01\/25\/leman-et-phelan-medailles-a-la-coupe-du-monde-de-ski-cross-en-suede\/\" \/>\n<meta property=\"og:site_name\" content=\"\u00c9quipe Canada | Site officiel de l&#039;\u00e9quipe olympique\" \/>\n<meta property=\"article:published_time\" content=\"2020-01-25T16:55:34+00:00\" \/>\n<meta property=\"article:modified_time\" content=\"2020-01-27T14:30:46+00:00\" \/>\n<meta property=\"og:image\" content=\"https:\/\/preprod.olympic.ca\/olympique\/wp-content\/uploads\/sites\/2\/2020\/01\/equipe-canada-kevin-drury-ski-cross-coupe-monde-e1580054646124.jpeg?quality=100\" \/>\n\t<meta property=\"og:image:width\" content=\"3747\" \/>\n\t<meta property=\"og:image:height\" content=\"2109\" \/>\n\t<meta property=\"og:image:type\" content=\"image\/jpeg\" \/>\n<meta name=\"author\" content=\"Oph\u00e9lie Fortin, Paula Nichols\" \/>\n<meta name=\"twitter:card\" content=\"summary_large_image\" \/>\n<meta name=\"twitter:label1\" content=\"Written by\" \/>\n\t<meta name=\"twitter:data1\" content=\"Oph\u00e9lie Fortin, Paula Nichols\" \/>\n\t<meta name=\"twitter:label2\" content=\"Est. reading time\" \/>\n\t<meta name=\"twitter:data2\" content=\"3 minutes\" \/>\n<script type=\"application\/ld+json\" class=\"yoast-schema-graph\">{\"@context\":\"https:\\\/\\\/schema.org\",\"@graph\":[{\"@type\":\"Article\",\"@id\":\"https:\\\/\\\/preprod.olympic.ca\\\/olympique\\\/2020\\\/01\\\/25\\\/leman-et-phelan-medailles-a-la-coupe-du-monde-de-ski-cross-en-suede\\\/#article\",\"isPartOf\":{\"@id\":\"https:\\\/\\\/preprod.olympic.ca\\\/olympique\\\/2020\\\/01\\\/25\\\/leman-et-phelan-medailles-a-la-coupe-du-monde-de-ski-cross-en-suede\\\/\"},\"author\":{\"name\":\"Oph\u00e9lie Fortin\",\"@id\":\"https:\\\/\\\/preprod.olympic.ca\\\/olympique\\\/#\\\/schema\\\/person\\\/20a68d36afff26c99c0bd58a2ec0e522\"},\"headline\":\"Ski cross : \u00c9quipe Canada s&rsquo;offre quatre m\u00e9dailles \u00e0 Idre Fjall\",\"datePublished\":\"2020-01-25T16:55:34+00:00\",\"dateModified\":\"2020-01-27T14:30:46+00:00\",\"mainEntityOfPage\":{\"@id\":\"https:\\\/\\\/preprod.olympic.ca\\\/olympique\\\/2020\\\/01\\\/25\\\/leman-et-phelan-medailles-a-la-coupe-du-monde-de-ski-cross-en-suede\\\/\"},\"wordCount\":558,\"image\":{\"@id\":\"https:\\\/\\\/preprod.olympic.ca\\\/olympique\\\/2020\\\/01\\\/25\\\/leman-et-phelan-medailles-a-la-coupe-du-monde-de-ski-cross-en-suede\\\/#primaryimage\"},\"thumbnailUrl\":\"https:\\\/\\\/preprod.olympic.ca\\\/olympique\\\/wp-content\\\/uploads\\\/sites\\\/2\\\/2020\\\/01\\\/equipe-canada-kevin-drury-ski-cross-coupe-monde-e1580054646124.jpeg?quality=100\",\"keywords\":[\"argent\",\"bronze\",\"Coupe du monde\",\"\u00c9quipe canada\",\"Kevin Drury\",\"Leman\",\"Marielle Thompson\",\"Phelan\",\"Ski cross\",\"Su\u00e8de\",\"Thompson\"],\"articleSection\":[\"Uncategorized\"],\"inLanguage\":\"fr-FR\"},{\"@type\":\"WebPage\",\"@id\":\"https:\\\/\\\/preprod.olympic.ca\\\/olympique\\\/2020\\\/01\\\/25\\\/leman-et-phelan-medailles-a-la-coupe-du-monde-de-ski-cross-en-suede\\\/\",\"url\":\"https:\\\/\\\/preprod.olympic.ca\\\/olympique\\\/2020\\\/01\\\/25\\\/leman-et-phelan-medailles-a-la-coupe-du-monde-de-ski-cross-en-suede\\\/\",\"name\":\"Ski cross : \u00c9quipe Canada s'offre quatre m\u00e9dailles \u00e0 Idre Fjall - \u00c9quipe Canada | Site officiel de l&#039;\u00e9quipe olympique\",\"isPartOf\":{\"@id\":\"https:\\\/\\\/preprod.olympic.ca\\\/olympique\\\/#website\"},\"primaryImageOfPage\":{\"@id\":\"https:\\\/\\\/preprod.olympic.ca\\\/olympique\\\/2020\\\/01\\\/25\\\/leman-et-phelan-medailles-a-la-coupe-du-monde-de-ski-cross-en-suede\\\/#primaryimage\"},\"image\":{\"@id\":\"https:\\\/\\\/preprod.olympic.ca\\\/olympique\\\/2020\\\/01\\\/25\\\/leman-et-phelan-medailles-a-la-coupe-du-monde-de-ski-cross-en-suede\\\/#primaryimage\"},\"thumbnailUrl\":\"https:\\\/\\\/preprod.olympic.ca\\\/olympique\\\/wp-content\\\/uploads\\\/sites\\\/2\\\/2020\\\/01\\\/equipe-canada-kevin-drury-ski-cross-coupe-monde-e1580054646124.jpeg?quality=100\",\"datePublished\":\"2020-01-25T16:55:34+00:00\",\"dateModified\":\"2020-01-27T14:30:46+00:00\",\"author\":{\"@id\":\"https:\\\/\\\/preprod.olympic.ca\\\/olympique\\\/#\\\/schema\\\/person\\\/20a68d36afff26c99c0bd58a2ec0e522\"},\"inLanguage\":\"fr-FR\",\"potentialAction\":[{\"@type\":\"ReadAction\",\"target\":[\"https:\\\/\\\/preprod.olympic.ca\\\/olympique\\\/2020\\\/01\\\/25\\\/leman-et-phelan-medailles-a-la-coupe-du-monde-de-ski-cross-en-suede\\\/\"]}]},{\"@type\":\"ImageObject\",\"inLanguage\":\"fr-FR\",\"@id\":\"https:\\\/\\\/preprod.olympic.ca\\\/olympique\\\/2020\\\/01\\\/25\\\/leman-et-phelan-medailles-a-la-coupe-du-monde-de-ski-cross-en-suede\\\/#primaryimage\",\"url\":\"https:\\\/\\\/preprod.olympic.ca\\\/olympique\\\/wp-content\\\/uploads\\\/sites\\\/2\\\/2020\\\/01\\\/equipe-canada-kevin-drury-ski-cross-coupe-monde-e1580054646124.jpeg?quality=100\",\"contentUrl\":\"https:\\\/\\\/preprod.olympic.ca\\\/olympique\\\/wp-content\\\/uploads\\\/sites\\\/2\\\/2020\\\/01\\\/equipe-canada-kevin-drury-ski-cross-coupe-monde-e1580054646124.jpeg?quality=100\",\"width\":3747,\"height\":2109},{\"@type\":\"WebSite\",\"@id\":\"https:\\\/\\\/preprod.olympic.ca\\\/olympique\\\/#website\",\"url\":\"https:\\\/\\\/preprod.olympic.ca\\\/olympique\\\/\",\"name\":\"\u00c9quipe Canada | Site officiel de l&#039;\u00e9quipe olympique\",\"description\":\"Votre source pour l\u2019\u00c9quipe olympique canadienne. Retrouvez les r\u00e9cits, vid\u00e9os et photos des athl\u00e8tes canadiens, sports olympiques, Jeux olympiques de 2020 et bien plus!\",\"potentialAction\":[{\"@type\":\"SearchAction\",\"target\":{\"@type\":\"EntryPoint\",\"urlTemplate\":\"https:\\\/\\\/preprod.olympic.ca\\\/olympique\\\/?s={search_term_string}\"},\"query-input\":{\"@type\":\"PropertyValueSpecification\",\"valueRequired\":true,\"valueName\":\"search_term_string\"}}],\"inLanguage\":\"fr-FR\"},{\"@type\":\"Person\",\"@id\":\"https:\\\/\\\/preprod.olympic.ca\\\/olympique\\\/#\\\/schema\\\/person\\\/20a68d36afff26c99c0bd58a2ec0e522\",\"name\":\"Oph\u00e9lie Fortin\",\"image\":{\"@type\":\"ImageObject\",\"inLanguage\":\"fr-FR\",\"@id\":\"https:\\\/\\\/secure.gravatar.com\\\/avatar\\\/5ac0a6c0e6384234130a5f201aea051a1e98759ec513f9d3e6ca9ff6b6f5d223?s=96&d=identicon&r=ge0503e975a6e55c1c1c01f55b9c366de\",\"url\":\"https:\\\/\\\/secure.gravatar.com\\\/avatar\\\/5ac0a6c0e6384234130a5f201aea051a1e98759ec513f9d3e6ca9ff6b6f5d223?s=96&d=identicon&r=g\",\"contentUrl\":\"https:\\\/\\\/secure.gravatar.com\\\/avatar\\\/5ac0a6c0e6384234130a5f201aea051a1e98759ec513f9d3e6ca9ff6b6f5d223?s=96&d=identicon&r=g\",\"caption\":\"Oph\u00e9lie Fortin\"},\"sameAs\":[\"http:\\\/\\\/lecalculot.wordpress.com\"],\"url\":\"https:\\\/\\\/preprod.olympic.ca\\\/olympique\\\/author\\\/opheliefortin23\\\/\"}]}<\/script>\n<!-- \/ Yoast SEO plugin. -->","yoast_head_json":{"title":"Ski cross : \u00c9quipe Canada s'offre quatre m\u00e9dailles \u00e0 Idre Fjall - \u00c9quipe Canada | Site officiel de l&#039;\u00e9quipe olympique","robots":{"index":"index","follow":"follow","max-snippet":"max-snippet:-1","max-image-preview":"max-image-preview:large","max-video-preview":"max-video-preview:-1"},"canonical":"https:\/\/preprod.olympic.ca\/olympique\/2020\/01\/25\/leman-et-phelan-medailles-a-la-coupe-du-monde-de-ski-cross-en-suede\/","og_locale":"fr_FR","og_type":"article","og_title":"Ski cross : \u00c9quipe Canada s'offre quatre m\u00e9dailles \u00e0 Idre Fjall - \u00c9quipe Canada | Site officiel de l&#039;\u00e9quipe olympique","og_description":"Quatre Canadiens ont trouv\u00e9 le chemin vers le podium, ce week-end, \u00e0 la Coupe du monde de ski cross de...","og_url":"https:\/\/preprod.olympic.ca\/olympique\/2020\/01\/25\/leman-et-phelan-medailles-a-la-coupe-du-monde-de-ski-cross-en-suede\/","og_site_name":"\u00c9quipe Canada | Site officiel de l&#039;\u00e9quipe olympique","article_published_time":"2020-01-25T16:55:34+00:00","article_modified_time":"2020-01-27T14:30:46+00:00","og_image":[{"width":3747,"height":2109,"url":"https:\/\/preprod.olympic.ca\/olympique\/wp-content\/uploads\/sites\/2\/2020\/01\/equipe-canada-kevin-drury-ski-cross-coupe-monde-e1580054646124.jpeg?quality=100","type":"image\/jpeg"}],"author":"Oph\u00e9lie Fortin, Paula Nichols","twitter_card":"summary_large_image","twitter_misc":{"Written by":"Oph\u00e9lie Fortin, Paula Nichols","Est. reading time":"3 minutes"},"schema":{"@context":"https:\/\/schema.org","@graph":[{"@type":"Article","@id":"https:\/\/preprod.olympic.ca\/olympique\/2020\/01\/25\/leman-et-phelan-medailles-a-la-coupe-du-monde-de-ski-cross-en-suede\/#article","isPartOf":{"@id":"https:\/\/preprod.olympic.ca\/olympique\/2020\/01\/25\/leman-et-phelan-medailles-a-la-coupe-du-monde-de-ski-cross-en-suede\/"},"author":{"name":"Oph\u00e9lie Fortin","@id":"https:\/\/preprod.olympic.ca\/olympique\/#\/schema\/person\/20a68d36afff26c99c0bd58a2ec0e522"},"headline":"Ski cross : \u00c9quipe Canada s&rsquo;offre quatre m\u00e9dailles \u00e0 Idre Fjall","datePublished":"2020-01-25T16:55:34+00:00","dateModified":"2020-01-27T14:30:46+00:00","mainEntityOfPage":{"@id":"https:\/\/preprod.olympic.ca\/olympique\/2020\/01\/25\/leman-et-phelan-medailles-a-la-coupe-du-monde-de-ski-cross-en-suede\/"},"wordCount":558,"image":{"@id":"https:\/\/preprod.olympic.ca\/olympique\/2020\/01\/25\/leman-et-phelan-medailles-a-la-coupe-du-monde-de-ski-cross-en-suede\/#primaryimage"},"thumbnailUrl":"https:\/\/preprod.olympic.ca\/olympique\/wp-content\/uploads\/sites\/2\/2020\/01\/equipe-canada-kevin-drury-ski-cross-coupe-monde-e1580054646124.jpeg?quality=100","keywords":["argent","bronze","Coupe du monde","\u00c9quipe canada","Kevin Drury","Leman","Marielle Thompson","Phelan","Ski cross","Su\u00e8de","Thompson"],"articleSection":["Uncategorized"],"inLanguage":"fr-FR"},{"@type":"WebPage","@id":"https:\/\/preprod.olympic.ca\/olympique\/2020\/01\/25\/leman-et-phelan-medailles-a-la-coupe-du-monde-de-ski-cross-en-suede\/","url":"https:\/\/preprod.olympic.ca\/olympique\/2020\/01\/25\/leman-et-phelan-medailles-a-la-coupe-du-monde-de-ski-cross-en-suede\/","name":"Ski cross : \u00c9quipe Canada s'offre quatre m\u00e9dailles \u00e0 Idre Fjall - \u00c9quipe Canada | Site officiel de l&#039;\u00e9quipe olympique","isPartOf":{"@id":"https:\/\/preprod.olympic.ca\/olympique\/#website"},"primaryImageOfPage":{"@id":"https:\/\/preprod.olympic.ca\/olympique\/2020\/01\/25\/leman-et-phelan-medailles-a-la-coupe-du-monde-de-ski-cross-en-suede\/#primaryimage"},"image":{"@id":"https:\/\/preprod.olympic.ca\/olympique\/2020\/01\/25\/leman-et-phelan-medailles-a-la-coupe-du-monde-de-ski-cross-en-suede\/#primaryimage"},"thumbnailUrl":"https:\/\/preprod.olympic.ca\/olympique\/wp-content\/uploads\/sites\/2\/2020\/01\/equipe-canada-kevin-drury-ski-cross-coupe-monde-e1580054646124.jpeg?quality=100","datePublished":"2020-01-25T16:55:34+00:00","dateModified":"2020-01-27T14:30:46+00:00","author":{"@id":"https:\/\/preprod.olympic.ca\/olympique\/#\/schema\/person\/20a68d36afff26c99c0bd58a2ec0e522"},"inLanguage":"fr-FR","potentialAction":[{"@type":"ReadAction","target":["https:\/\/preprod.olympic.ca\/olympique\/2020\/01\/25\/leman-et-phelan-medailles-a-la-coupe-du-monde-de-ski-cross-en-suede\/"]}]},{"@type":"ImageObject","inLanguage":"fr-FR","@id":"https:\/\/preprod.olympic.ca\/olympique\/2020\/01\/25\/leman-et-phelan-medailles-a-la-coupe-du-monde-de-ski-cross-en-suede\/#primaryimage","url":"https:\/\/preprod.olympic.ca\/olympique\/wp-content\/uploads\/sites\/2\/2020\/01\/equipe-canada-kevin-drury-ski-cross-coupe-monde-e1580054646124.jpeg?quality=100","contentUrl":"https:\/\/preprod.olympic.ca\/olympique\/wp-content\/uploads\/sites\/2\/2020\/01\/equipe-canada-kevin-drury-ski-cross-coupe-monde-e1580054646124.jpeg?quality=100","width":3747,"height":2109},{"@type":"WebSite","@id":"https:\/\/preprod.olympic.ca\/olympique\/#website","url":"https:\/\/preprod.olympic.ca\/olympique\/","name":"\u00c9quipe Canada | Site officiel de l&#039;\u00e9quipe olympique","description":"Votre source pour l\u2019\u00c9quipe olympique canadienne. Retrouvez les r\u00e9cits, vid\u00e9os et photos des athl\u00e8tes canadiens, sports olympiques, Jeux olympiques de 2020 et bien plus!","potentialAction":[{"@type":"SearchAction","target":{"@type":"EntryPoint","urlTemplate":"https:\/\/preprod.olympic.ca\/olympique\/?s={search_term_string}"},"query-input":{"@type":"PropertyValueSpecification","valueRequired":true,"valueName":"search_term_string"}}],"inLanguage":"fr-FR"},{"@type":"Person","@id":"https:\/\/preprod.olympic.ca\/olympique\/#\/schema\/person\/20a68d36afff26c99c0bd58a2ec0e522","name":"Oph\u00e9lie Fortin","image":{"@type":"ImageObject","inLanguage":"fr-FR","@id":"https:\/\/secure.gravatar.com\/avatar\/5ac0a6c0e6384234130a5f201aea051a1e98759ec513f9d3e6ca9ff6b6f5d223?s=96&d=identicon&r=ge0503e975a6e55c1c1c01f55b9c366de","url":"https:\/\/secure.gravatar.com\/avatar\/5ac0a6c0e6384234130a5f201aea051a1e98759ec513f9d3e6ca9ff6b6f5d223?s=96&d=identicon&r=g","contentUrl":"https:\/\/secure.gravatar.com\/avatar\/5ac0a6c0e6384234130a5f201aea051a1e98759ec513f9d3e6ca9ff6b6f5d223?s=96&d=identicon&r=g","caption":"Oph\u00e9lie Fortin"},"sameAs":["http:\/\/lecalculot.wordpress.com"],"url":"https:\/\/preprod.olympic.ca\/olympique\/author\/opheliefortin23\/"}]}},"jetpack_featured_media_url":"https:\/\/preprod.olympic.ca\/olympique\/wp-content\/uploads\/sites\/2\/2020\/01\/equipe-canada-kevin-drury-ski-cross-coupe-monde-e1580054646124.jpeg?quality=100","featured_image_url":"https:\/\/preprod.olympic.ca\/olympique\/wp-content\/uploads\/sites\/2\/2020\/01\/equipe-canada-kevin-drury-ski-cross-coupe-monde-e1580054646124.jpeg?quality=100","author_name":["Oph\u00e9lie Fortin","Paula Nichols"],"category_names":["Uncategorized"],"tag_names":["argent","bronze","Coupe du monde","\u00c9quipe canada","Kevin Drury","Leman","Marielle Thompson","Phelan","Ski cross","Su\u00e8de","Thompson"],"video_embed_code":"","facebook_video_embed_code":"","jetpack_sharing_enabled":true,"jetpack-related-posts":[],"jetpack_shortlink":"https:\/\/wp.me\/pcGHcP-Fp9","_links":{"self":[{"href":"https:\/\/preprod.olympic.ca\/olympique\/wp-json\/wp\/v2\/posts\/159163","targetHints":{"allow":["GET"]}}],"collection":[{"href":"https:\/\/preprod.olympic.ca\/olympique\/wp-json\/wp\/v2\/posts"}],"about":[{"href":"https:\/\/preprod.olympic.ca\/olympique\/wp-json\/wp\/v2\/types\/post"}],"author":[{"embeddable":true,"href":"https:\/\/preprod.olympic.ca\/olympique\/wp-json\/wp\/v2\/users\/112974483"}],"replies":[{"embeddable":true,"href":"https:\/\/preprod.olympic.ca\/olympique\/wp-json\/wp\/v2\/comments?post=159163"}],"version-history":[{"count":16,"href":"https:\/\/preprod.olympic.ca\/olympique\/wp-json\/wp\/v2\/posts\/159163\/revisions"}],"predecessor-version":[{"id":159221,"href":"https:\/\/preprod.olympic.ca\/olympique\/wp-json\/wp\/v2\/posts\/159163\/revisions\/159221"}],"wp:featuredmedia":[{"embeddable":true,"href":"https:\/\/preprod.olympic.ca\/olympique\/wp-json\/wp\/v2\/media\/159211"}],"wp:attachment":[{"href":"https:\/\/preprod.olympic.ca\/olympique\/wp-json\/wp\/v2\/media?parent=159163"}],"wp:term":[{"taxonomy":"category","embeddable":true,"href":"https:\/\/preprod.olympic.ca\/olympique\/wp-json\/wp\/v2\/categories?post=159163"},{"taxonomy":"post_tag","embeddable":true,"href":"https:\/\/preprod.olympic.ca\/olympique\/wp-json\/wp\/v2\/tags?post=159163"},{"taxonomy":"post_format","embeddable":true,"href":"https:\/\/preprod.olympic.ca\/olympique\/wp-json\/wp\/v2\/post_format?post=159163"},{"taxonomy":"sport","embeddable":true,"href":"https:\/\/preprod.olympic.ca\/olympique\/wp-json\/wp\/v2\/sport?post=159163"},{"taxonomy":"game","embeddable":true,"href":"https:\/\/preprod.olympic.ca\/olympique\/wp-json\/wp\/v2\/game?post=159163"},{"taxonomy":"author","embeddable":true,"href":"https:\/\/preprod.olympic.ca\/olympique\/wp-json\/wp\/v2\/coauthors?post=159163"}],"curies":[{"name":"wp","href":"https:\/\/api.w.org\/{rel}","templated":true}]}}