{"id":159625,"date":"2020-02-08T12:20:16","date_gmt":"2020-02-08T17:20:16","guid":{"rendered":"http:\/\/olympique.ca\/?p=159625"},"modified":"2020-02-08T12:20:16","modified_gmt":"2020-02-08T17:20:16","slug":"sarault-patine-jusqua-largent-en-allemagne","status":"publish","type":"post","link":"https:\/\/preprod.olympic.ca\/olympique\/2020\/02\/08\/sarault-patine-jusqua-largent-en-allemagne\/","title":{"rendered":"Sarault patine jusqu&rsquo;\u00e0 l&rsquo;argent en Allemagne"},"content":{"rendered":"<h1>Courtney Lee Sarault a remport\u00e9 une m\u00e9daille d\u2019argent \u00e0 la Coupe du monde de patinage de vitesse sur courte piste de Dresden, en Allemagne.<\/h1>\n<p>Sarault a patin\u00e9 jusqu\u2019\u00e0 la deuxi\u00e8me place au 1 000 m f\u00e9minin avec un temps de 1\u00a0:55,143. Kim Ki Yoo de la Cor\u00e9e a pris l\u2019or en 1\u00a0:54,955 alors que la quatre fois championne europ\u00e9enne, Suzanne Schulting, a pris le troisi\u00e8me rang (1\u00a0:55,167).<\/p>\n<div class=\"embed-twitter\">\n<blockquote class=\"twitter-tweet\" data-width=\"550\" data-dnt=\"true\">\n<p lang=\"en\" dir=\"ltr\">Now an even BIGGER \ud83d\ude31 in the <a href=\"https:\/\/twitter.com\/hashtag\/ShortTrack?src=hash&amp;ref_src=twsrc%5Etfw\">#ShortTrack<\/a> World Cup Ladies&#39; 1000m in <a href=\"https:\/\/twitter.com\/hashtag\/Dresden?src=hash&amp;ref_src=twsrc%5Etfw\">#Dresden<\/a> as 4-time European \ud83c\udfc6 Suzanne Schulting \ud83c\uddf3\ud83c\uddf1 is beaten&#8230;. Kim Ji Yoo \ud83c\uddf0\ud83c\uddf7takes the \ud83e\udd47<br \/>\ud83e\udd47KIM \ud83c\uddf0\ud83c\uddf7 1:54.955  <br \/>\ud83e\udd48SARAULT \ud83c\udde8\ud83c\udde6 1:55.143<br \/>\ud83e\udd49SCHULTING \ud83c\uddf3\ud83c\uddf1 1:55.167<a href=\"https:\/\/twitter.com\/hashtag\/ShortTrackSkating?src=hash&amp;ref_src=twsrc%5Etfw\">#ShortTrackSkating<\/a> <a href=\"https:\/\/t.co\/0fQdgnYT1o\">pic.twitter.com\/0fQdgnYT1o<\/a><\/p>\n<p>&mdash; ISU Speed Skating (@ISU_Speed) <a href=\"https:\/\/twitter.com\/ISU_Speed\/status\/1226166454145429504?ref_src=twsrc%5Etfw\">February 8, 2020<\/a><\/p><\/blockquote>\n<p><script async src=\"https:\/\/platform.twitter.com\/widgets.js\" charset=\"utf-8\"><\/script><\/div>\n<p>Cette m\u00e9daille marque la quatri\u00e8me victoire individuelle de Sarault en Coupe du monde pour la saison 2019\/2020. Elle a remport\u00e9 l\u2019argent \u00e0 Montr\u00e9al (1 000m) et \u00e0 Nagoya (1 500m) et le bronze \u00e0 Shanghai (1 500m). Elle a aussi obtenu une m\u00e9daille d\u2019or, une d\u2019argent et deux de bronze avec l\u2019\u00e9quipe canadienne de relais cette ann\u00e9e.<\/p>\n<p>La Coupe du monde de Dresden se poursuit dimanche. Le circuit se d\u00e9placera ensuite \u00e0 Dordrecht, aux Pays-Bas.<\/p>\n","protected":false},"excerpt":{"rendered":"<p>Courtney Lee Sarault a remport\u00e9 une m\u00e9daille d\u2019argent \u00e0 la Coupe du monde de patinage de vitesse sur courte piste&#8230;<\/p>\n","protected":false},"author":121286104,"featured_media":159627,"comment_status":"closed","ping_status":"closed","sticky":false,"template":"","format":"standard","meta":{"_acf_changed":false,"_jetpack_memberships_contains_paid_content":false,"footnotes":""},"categories":[1],"tags":[77747,457391,682162966,57236,203926778,415987790,415984577,1104411,191469,5599048],"post_format":"standard","sport":[51196772],"game":[],"coauthors":[415984845],"class_list":["post-159625","post","type-post","status-publish","format-standard","has-post-thumbnail","hentry","category-uncategorized","tag-allemagne","tag-argent","tag-circuit-de-la-coupe-du-monde","tag-coupe-du-monde","tag-courte-piste","tag-courtney-lee-sarault","tag-dresden","tag-equipe-canada","tag-isu","tag-patinage-de-vitesse","sport-patinage-de-vitesse-courte-piste"],"acf":[],"yoast_head":"<!-- This site is optimized with the Yoast SEO plugin v27.3 - https:\/\/yoast.com\/product\/yoast-seo-wordpress\/ -->\n<title>Sarault patine jusqu&#039;\u00e0 l&#039;argent en Allemagne - \u00c9quipe Canada | Site officiel de l&#039;\u00e9quipe olympique<\/title>\n<meta name=\"robots\" content=\"index, follow, max-snippet:-1, max-image-preview:large, max-video-preview:-1\" \/>\n<link rel=\"canonical\" href=\"https:\/\/preprod.olympic.ca\/olympique\/2020\/02\/08\/sarault-patine-jusqua-largent-en-allemagne\/\" \/>\n<meta property=\"og:locale\" content=\"fr_FR\" \/>\n<meta property=\"og:type\" content=\"article\" \/>\n<meta property=\"og:title\" content=\"Sarault patine jusqu&#039;\u00e0 l&#039;argent en Allemagne - \u00c9quipe Canada | Site officiel de l&#039;\u00e9quipe olympique\" \/>\n<meta property=\"og:description\" content=\"Courtney Lee Sarault a remport\u00e9 une m\u00e9daille d\u2019argent \u00e0 la Coupe du monde de patinage de vitesse sur courte piste...\" \/>\n<meta property=\"og:url\" content=\"https:\/\/preprod.olympic.ca\/olympique\/2020\/02\/08\/sarault-patine-jusqua-largent-en-allemagne\/\" \/>\n<meta property=\"og:site_name\" content=\"\u00c9quipe Canada | Site officiel de l&#039;\u00e9quipe olympique\" \/>\n<meta property=\"article:published_time\" content=\"2020-02-08T17:20:16+00:00\" \/>\n<meta property=\"og:image\" content=\"https:\/\/preprod.olympic.ca\/olympique\/wp-content\/uploads\/sites\/2\/2020\/02\/patin.jpeg?quality=100\" \/>\n\t<meta property=\"og:image:width\" content=\"1010\" \/>\n\t<meta property=\"og:image:height\" content=\"568\" \/>\n\t<meta property=\"og:image:type\" content=\"image\/jpeg\" \/>\n<meta name=\"author\" content=\"Brandi Awad\" \/>\n<meta name=\"twitter:card\" content=\"summary_large_image\" \/>\n<meta name=\"twitter:label1\" content=\"Written by\" \/>\n\t<meta name=\"twitter:data1\" content=\"Brandi Awad\" \/>\n\t<meta name=\"twitter:label2\" content=\"Est. reading time\" \/>\n\t<meta name=\"twitter:data2\" content=\"1 minute\" \/>\n<script type=\"application\/ld+json\" class=\"yoast-schema-graph\">{\"@context\":\"https:\\\/\\\/schema.org\",\"@graph\":[{\"@type\":\"Article\",\"@id\":\"https:\\\/\\\/preprod.olympic.ca\\\/olympique\\\/2020\\\/02\\\/08\\\/sarault-patine-jusqua-largent-en-allemagne\\\/#article\",\"isPartOf\":{\"@id\":\"https:\\\/\\\/preprod.olympic.ca\\\/olympique\\\/2020\\\/02\\\/08\\\/sarault-patine-jusqua-largent-en-allemagne\\\/\"},\"author\":{\"name\":\"btawad\",\"@id\":\"https:\\\/\\\/preprod.olympic.ca\\\/olympique\\\/#\\\/schema\\\/person\\\/e9098c4629372b9ed75acd3c66ef5fb5\"},\"headline\":\"Sarault patine jusqu&rsquo;\u00e0 l&rsquo;argent en Allemagne\",\"datePublished\":\"2020-02-08T17:20:16+00:00\",\"mainEntityOfPage\":{\"@id\":\"https:\\\/\\\/preprod.olympic.ca\\\/olympique\\\/2020\\\/02\\\/08\\\/sarault-patine-jusqua-largent-en-allemagne\\\/\"},\"wordCount\":180,\"image\":{\"@id\":\"https:\\\/\\\/preprod.olympic.ca\\\/olympique\\\/2020\\\/02\\\/08\\\/sarault-patine-jusqua-largent-en-allemagne\\\/#primaryimage\"},\"thumbnailUrl\":\"https:\\\/\\\/preprod.olympic.ca\\\/olympique\\\/wp-content\\\/uploads\\\/sites\\\/2\\\/2020\\\/02\\\/patin.jpeg?quality=100\",\"keywords\":[\"Allemagne\",\"argent\",\"circuit de la coupe du monde\",\"Coupe du monde\",\"Courte piste\",\"Courtney Lee Sarault\",\"Dresden\",\"\u00c9quipe canada\",\"ISU\",\"Patinage de vitesse\"],\"articleSection\":[\"Uncategorized\"],\"inLanguage\":\"fr-FR\"},{\"@type\":\"WebPage\",\"@id\":\"https:\\\/\\\/preprod.olympic.ca\\\/olympique\\\/2020\\\/02\\\/08\\\/sarault-patine-jusqua-largent-en-allemagne\\\/\",\"url\":\"https:\\\/\\\/preprod.olympic.ca\\\/olympique\\\/2020\\\/02\\\/08\\\/sarault-patine-jusqua-largent-en-allemagne\\\/\",\"name\":\"Sarault patine jusqu'\u00e0 l'argent en Allemagne - \u00c9quipe Canada | Site officiel de l&#039;\u00e9quipe olympique\",\"isPartOf\":{\"@id\":\"https:\\\/\\\/preprod.olympic.ca\\\/olympique\\\/#website\"},\"primaryImageOfPage\":{\"@id\":\"https:\\\/\\\/preprod.olympic.ca\\\/olympique\\\/2020\\\/02\\\/08\\\/sarault-patine-jusqua-largent-en-allemagne\\\/#primaryimage\"},\"image\":{\"@id\":\"https:\\\/\\\/preprod.olympic.ca\\\/olympique\\\/2020\\\/02\\\/08\\\/sarault-patine-jusqua-largent-en-allemagne\\\/#primaryimage\"},\"thumbnailUrl\":\"https:\\\/\\\/preprod.olympic.ca\\\/olympique\\\/wp-content\\\/uploads\\\/sites\\\/2\\\/2020\\\/02\\\/patin.jpeg?quality=100\",\"datePublished\":\"2020-02-08T17:20:16+00:00\",\"author\":{\"@id\":\"https:\\\/\\\/preprod.olympic.ca\\\/olympique\\\/#\\\/schema\\\/person\\\/e9098c4629372b9ed75acd3c66ef5fb5\"},\"inLanguage\":\"fr-FR\",\"potentialAction\":[{\"@type\":\"ReadAction\",\"target\":[\"https:\\\/\\\/preprod.olympic.ca\\\/olympique\\\/2020\\\/02\\\/08\\\/sarault-patine-jusqua-largent-en-allemagne\\\/\"]}]},{\"@type\":\"ImageObject\",\"inLanguage\":\"fr-FR\",\"@id\":\"https:\\\/\\\/preprod.olympic.ca\\\/olympique\\\/2020\\\/02\\\/08\\\/sarault-patine-jusqua-largent-en-allemagne\\\/#primaryimage\",\"url\":\"https:\\\/\\\/preprod.olympic.ca\\\/olympique\\\/wp-content\\\/uploads\\\/sites\\\/2\\\/2020\\\/02\\\/patin.jpeg?quality=100\",\"contentUrl\":\"https:\\\/\\\/preprod.olympic.ca\\\/olympique\\\/wp-content\\\/uploads\\\/sites\\\/2\\\/2020\\\/02\\\/patin.jpeg?quality=100\",\"width\":1010,\"height\":568},{\"@type\":\"WebSite\",\"@id\":\"https:\\\/\\\/preprod.olympic.ca\\\/olympique\\\/#website\",\"url\":\"https:\\\/\\\/preprod.olympic.ca\\\/olympique\\\/\",\"name\":\"\u00c9quipe Canada | Site officiel de l&#039;\u00e9quipe olympique\",\"description\":\"Votre source pour l\u2019\u00c9quipe olympique canadienne. Retrouvez les r\u00e9cits, vid\u00e9os et photos des athl\u00e8tes canadiens, sports olympiques, Jeux olympiques de 2020 et bien plus!\",\"potentialAction\":[{\"@type\":\"SearchAction\",\"target\":{\"@type\":\"EntryPoint\",\"urlTemplate\":\"https:\\\/\\\/preprod.olympic.ca\\\/olympique\\\/?s={search_term_string}\"},\"query-input\":{\"@type\":\"PropertyValueSpecification\",\"valueRequired\":true,\"valueName\":\"search_term_string\"}}],\"inLanguage\":\"fr-FR\"},{\"@type\":\"Person\",\"@id\":\"https:\\\/\\\/preprod.olympic.ca\\\/olympique\\\/#\\\/schema\\\/person\\\/e9098c4629372b9ed75acd3c66ef5fb5\",\"name\":\"btawad\",\"image\":{\"@type\":\"ImageObject\",\"inLanguage\":\"fr-FR\",\"@id\":\"https:\\\/\\\/secure.gravatar.com\\\/avatar\\\/c7b6cb270c4fd690d6ceccd0657e1d7d6b7edb9516d56a655ccaa2eb6d5985b3?s=96&d=identicon&r=g8e9bd7c72fee6dbeacd81048fc5d73f8\",\"url\":\"https:\\\/\\\/secure.gravatar.com\\\/avatar\\\/c7b6cb270c4fd690d6ceccd0657e1d7d6b7edb9516d56a655ccaa2eb6d5985b3?s=96&d=identicon&r=g\",\"contentUrl\":\"https:\\\/\\\/secure.gravatar.com\\\/avatar\\\/c7b6cb270c4fd690d6ceccd0657e1d7d6b7edb9516d56a655ccaa2eb6d5985b3?s=96&d=identicon&r=g\",\"caption\":\"btawad\"},\"url\":\"https:\\\/\\\/preprod.olympic.ca\\\/olympique\\\/author\\\/btawad\\\/\"}]}<\/script>\n<!-- \/ Yoast SEO plugin. -->","yoast_head_json":{"title":"Sarault patine jusqu'\u00e0 l'argent en Allemagne - \u00c9quipe Canada | Site officiel de l&#039;\u00e9quipe olympique","robots":{"index":"index","follow":"follow","max-snippet":"max-snippet:-1","max-image-preview":"max-image-preview:large","max-video-preview":"max-video-preview:-1"},"canonical":"https:\/\/preprod.olympic.ca\/olympique\/2020\/02\/08\/sarault-patine-jusqua-largent-en-allemagne\/","og_locale":"fr_FR","og_type":"article","og_title":"Sarault patine jusqu'\u00e0 l'argent en Allemagne - \u00c9quipe Canada | Site officiel de l&#039;\u00e9quipe olympique","og_description":"Courtney Lee Sarault a remport\u00e9 une m\u00e9daille d\u2019argent \u00e0 la Coupe du monde de patinage de vitesse sur courte piste...","og_url":"https:\/\/preprod.olympic.ca\/olympique\/2020\/02\/08\/sarault-patine-jusqua-largent-en-allemagne\/","og_site_name":"\u00c9quipe Canada | Site officiel de l&#039;\u00e9quipe olympique","article_published_time":"2020-02-08T17:20:16+00:00","og_image":[{"width":1010,"height":568,"url":"https:\/\/preprod.olympic.ca\/olympique\/wp-content\/uploads\/sites\/2\/2020\/02\/patin.jpeg?quality=100","type":"image\/jpeg"}],"author":"Brandi Awad","twitter_card":"summary_large_image","twitter_misc":{"Written by":"Brandi Awad","Est. reading time":"1 minute"},"schema":{"@context":"https:\/\/schema.org","@graph":[{"@type":"Article","@id":"https:\/\/preprod.olympic.ca\/olympique\/2020\/02\/08\/sarault-patine-jusqua-largent-en-allemagne\/#article","isPartOf":{"@id":"https:\/\/preprod.olympic.ca\/olympique\/2020\/02\/08\/sarault-patine-jusqua-largent-en-allemagne\/"},"author":{"name":"btawad","@id":"https:\/\/preprod.olympic.ca\/olympique\/#\/schema\/person\/e9098c4629372b9ed75acd3c66ef5fb5"},"headline":"Sarault patine jusqu&rsquo;\u00e0 l&rsquo;argent en Allemagne","datePublished":"2020-02-08T17:20:16+00:00","mainEntityOfPage":{"@id":"https:\/\/preprod.olympic.ca\/olympique\/2020\/02\/08\/sarault-patine-jusqua-largent-en-allemagne\/"},"wordCount":180,"image":{"@id":"https:\/\/preprod.olympic.ca\/olympique\/2020\/02\/08\/sarault-patine-jusqua-largent-en-allemagne\/#primaryimage"},"thumbnailUrl":"https:\/\/preprod.olympic.ca\/olympique\/wp-content\/uploads\/sites\/2\/2020\/02\/patin.jpeg?quality=100","keywords":["Allemagne","argent","circuit de la coupe du monde","Coupe du monde","Courte piste","Courtney Lee Sarault","Dresden","\u00c9quipe canada","ISU","Patinage de vitesse"],"articleSection":["Uncategorized"],"inLanguage":"fr-FR"},{"@type":"WebPage","@id":"https:\/\/preprod.olympic.ca\/olympique\/2020\/02\/08\/sarault-patine-jusqua-largent-en-allemagne\/","url":"https:\/\/preprod.olympic.ca\/olympique\/2020\/02\/08\/sarault-patine-jusqua-largent-en-allemagne\/","name":"Sarault patine jusqu'\u00e0 l'argent en Allemagne - \u00c9quipe Canada | Site officiel de l&#039;\u00e9quipe olympique","isPartOf":{"@id":"https:\/\/preprod.olympic.ca\/olympique\/#website"},"primaryImageOfPage":{"@id":"https:\/\/preprod.olympic.ca\/olympique\/2020\/02\/08\/sarault-patine-jusqua-largent-en-allemagne\/#primaryimage"},"image":{"@id":"https:\/\/preprod.olympic.ca\/olympique\/2020\/02\/08\/sarault-patine-jusqua-largent-en-allemagne\/#primaryimage"},"thumbnailUrl":"https:\/\/preprod.olympic.ca\/olympique\/wp-content\/uploads\/sites\/2\/2020\/02\/patin.jpeg?quality=100","datePublished":"2020-02-08T17:20:16+00:00","author":{"@id":"https:\/\/preprod.olympic.ca\/olympique\/#\/schema\/person\/e9098c4629372b9ed75acd3c66ef5fb5"},"inLanguage":"fr-FR","potentialAction":[{"@type":"ReadAction","target":["https:\/\/preprod.olympic.ca\/olympique\/2020\/02\/08\/sarault-patine-jusqua-largent-en-allemagne\/"]}]},{"@type":"ImageObject","inLanguage":"fr-FR","@id":"https:\/\/preprod.olympic.ca\/olympique\/2020\/02\/08\/sarault-patine-jusqua-largent-en-allemagne\/#primaryimage","url":"https:\/\/preprod.olympic.ca\/olympique\/wp-content\/uploads\/sites\/2\/2020\/02\/patin.jpeg?quality=100","contentUrl":"https:\/\/preprod.olympic.ca\/olympique\/wp-content\/uploads\/sites\/2\/2020\/02\/patin.jpeg?quality=100","width":1010,"height":568},{"@type":"WebSite","@id":"https:\/\/preprod.olympic.ca\/olympique\/#website","url":"https:\/\/preprod.olympic.ca\/olympique\/","name":"\u00c9quipe Canada | Site officiel de l&#039;\u00e9quipe olympique","description":"Votre source pour l\u2019\u00c9quipe olympique canadienne. Retrouvez les r\u00e9cits, vid\u00e9os et photos des athl\u00e8tes canadiens, sports olympiques, Jeux olympiques de 2020 et bien plus!","potentialAction":[{"@type":"SearchAction","target":{"@type":"EntryPoint","urlTemplate":"https:\/\/preprod.olympic.ca\/olympique\/?s={search_term_string}"},"query-input":{"@type":"PropertyValueSpecification","valueRequired":true,"valueName":"search_term_string"}}],"inLanguage":"fr-FR"},{"@type":"Person","@id":"https:\/\/preprod.olympic.ca\/olympique\/#\/schema\/person\/e9098c4629372b9ed75acd3c66ef5fb5","name":"btawad","image":{"@type":"ImageObject","inLanguage":"fr-FR","@id":"https:\/\/secure.gravatar.com\/avatar\/c7b6cb270c4fd690d6ceccd0657e1d7d6b7edb9516d56a655ccaa2eb6d5985b3?s=96&d=identicon&r=g8e9bd7c72fee6dbeacd81048fc5d73f8","url":"https:\/\/secure.gravatar.com\/avatar\/c7b6cb270c4fd690d6ceccd0657e1d7d6b7edb9516d56a655ccaa2eb6d5985b3?s=96&d=identicon&r=g","contentUrl":"https:\/\/secure.gravatar.com\/avatar\/c7b6cb270c4fd690d6ceccd0657e1d7d6b7edb9516d56a655ccaa2eb6d5985b3?s=96&d=identicon&r=g","caption":"btawad"},"url":"https:\/\/preprod.olympic.ca\/olympique\/author\/btawad\/"}]}},"jetpack_featured_media_url":"https:\/\/preprod.olympic.ca\/olympique\/wp-content\/uploads\/sites\/2\/2020\/02\/patin.jpeg?quality=100","featured_image_url":"https:\/\/preprod.olympic.ca\/olympique\/wp-content\/uploads\/sites\/2\/2020\/02\/patin.jpeg?quality=100","author_name":["Brandi Awad"],"category_names":["Uncategorized"],"tag_names":["Allemagne","argent","circuit de la coupe du monde","Coupe du monde","Courte piste","Courtney Lee Sarault","Dresden","\u00c9quipe canada","ISU","Patinage de vitesse"],"video_embed_code":"","facebook_video_embed_code":"","jetpack_sharing_enabled":true,"jetpack-related-posts":[],"jetpack_shortlink":"https:\/\/wp.me\/pcGHcP-FwB","_links":{"self":[{"href":"https:\/\/preprod.olympic.ca\/olympique\/wp-json\/wp\/v2\/posts\/159625","targetHints":{"allow":["GET"]}}],"collection":[{"href":"https:\/\/preprod.olympic.ca\/olympique\/wp-json\/wp\/v2\/posts"}],"about":[{"href":"https:\/\/preprod.olympic.ca\/olympique\/wp-json\/wp\/v2\/types\/post"}],"author":[{"embeddable":true,"href":"https:\/\/preprod.olympic.ca\/olympique\/wp-json\/wp\/v2\/users\/121286104"}],"replies":[{"embeddable":true,"href":"https:\/\/preprod.olympic.ca\/olympique\/wp-json\/wp\/v2\/comments?post=159625"}],"version-history":[{"count":2,"href":"https:\/\/preprod.olympic.ca\/olympique\/wp-json\/wp\/v2\/posts\/159625\/revisions"}],"predecessor-version":[{"id":159628,"href":"https:\/\/preprod.olympic.ca\/olympique\/wp-json\/wp\/v2\/posts\/159625\/revisions\/159628"}],"wp:featuredmedia":[{"embeddable":true,"href":"https:\/\/preprod.olympic.ca\/olympique\/wp-json\/wp\/v2\/media\/159627"}],"wp:attachment":[{"href":"https:\/\/preprod.olympic.ca\/olympique\/wp-json\/wp\/v2\/media?parent=159625"}],"wp:term":[{"taxonomy":"category","embeddable":true,"href":"https:\/\/preprod.olympic.ca\/olympique\/wp-json\/wp\/v2\/categories?post=159625"},{"taxonomy":"post_tag","embeddable":true,"href":"https:\/\/preprod.olympic.ca\/olympique\/wp-json\/wp\/v2\/tags?post=159625"},{"taxonomy":"post_format","embeddable":true,"href":"https:\/\/preprod.olympic.ca\/olympique\/wp-json\/wp\/v2\/post_format?post=159625"},{"taxonomy":"sport","embeddable":true,"href":"https:\/\/preprod.olympic.ca\/olympique\/wp-json\/wp\/v2\/sport?post=159625"},{"taxonomy":"game","embeddable":true,"href":"https:\/\/preprod.olympic.ca\/olympique\/wp-json\/wp\/v2\/game?post=159625"},{"taxonomy":"author","embeddable":true,"href":"https:\/\/preprod.olympic.ca\/olympique\/wp-json\/wp\/v2\/coauthors?post=159625"}],"curies":[{"name":"wp","href":"https:\/\/api.w.org\/{rel}","templated":true}]}}