{"id":1856,"date":"2009-05-04T12:46:34","date_gmt":"2009-05-04T16:46:34","guid":{"rendered":"http:\/\/preprod.olympic.ca\/?p=1856"},"modified":"2013-08-01T01:07:34","modified_gmt":"2013-08-01T01:07:34","slug":"les-espoirs-olympiques-se-reunissent-en-vue-de-se-preparer-pour-vancouver-2010-a-la-serie-de-lexcellence-olympique","status":"publish","type":"post","link":"https:\/\/preprod.olympic.ca\/olympique\/2009\/05\/04\/les-espoirs-olympiques-se-reunissent-en-vue-de-se-preparer-pour-vancouver-2010-a-la-serie-de-lexcellence-olympique\/","title":{"rendered":"Les espoirs olympiques se r\u00e9unissent en vue de se pr\u00e9parer pour Vancouver 2010 \u00e0 la S\u00e9rie de l\u2019excellence olympique"},"content":{"rendered":"<p><strong>Le programme aide les m\u00e9daill\u00e9s potentiels du Canada \u00e0 d\u00e9velopper des habilet\u00e9s et des strat\u00e9gies pour obtenir du succ\u00e8s<\/strong><\/p>\n<p>\u00c0 la poursuite de l\u2019objectif ultime qui est de prendre possession du podium aux Jeux olympiques d\u2019hiver de 2010 \u00e0 Vancouver, \u00e0 Whistler et \u00e0 Richmond, le Comit\u00e9 olympique canadien a re\u00e7u un groupe compos\u00e9 de 95 espoirs olympiques, de 93 entra\u00eeneurs, chefs d\u2019\u00e9quipe et autres membres du personnel de soutien dans le cadre d\u2019une S\u00e9rie de l\u2019excellence olympique (SEO) de quatre jours.<\/p>\n<p>L\u2019initiative, lanc\u00e9e en 2005 pour pr\u00e9parer l\u2019\u00e9quipe olympique canadienne pour les Jeux olympiques d\u2019hiver qui se sont tenus l\u2019ann\u00e9e suivante \u00e0 Turin, a \u00e9t\u00e9 con\u00e7ue pour doter les athl\u00e8tes, entra\u00eeneurs et membres personnel de soutien des habilet\u00e9s pratiques et des strat\u00e9gies n\u00e9cessaires pour qu\u2019ils soient pr\u00eats \u00e0 atteindre le podium \u00e0 une \u00e9dition sp\u00e9cifique des Jeux olympiques. La SEO de cette ann\u00e9e a \u00e9t\u00e9 le deuxi\u00e8me \u00e9v\u00e9nement de pr\u00e9paration pour les Jeux olympiques d\u2019hiver de 2010 et s\u2019est d\u00e9roul\u00e9e du 1er au 4 mai \u00e0 Vancouver, ville-h\u00f4te des prochains Jeux qui se tiendront dans neuf mois.<\/p>\n<p>\u00ab Les espoirs olympiques canadiens qui \u00e9taient ici durant cette fin de semaine sont fins pr\u00eats pour remporter du succ\u00e8s en 2010 \u00bb, a d\u00e9clar\u00e9 Nathalie Lambert, chef de mission de l\u2019\u00e9quipe olympique canadienne 2010. \u00ab L\u2019ambiance de la SEO \u00e9tait chaleureuse et anim\u00e9e apr\u00e8s une solide saison d\u2019hiver pour nos athl\u00e8tes; nos v\u00e9t\u00e9rans ont r\u00e9alis\u00e9 d\u2019excellents r\u00e9sultats et les autres ont r\u00e9ussi de belles perc\u00e9es. \u00bb<\/p>\n<p>Au cours de la saison 2008-2009 qui a r\u00e9cemment pris fin, les athl\u00e8tes canadiens sont entr\u00e9s dans l\u2019histoire en d\u00e9crochant plus de m\u00e9dailles aux Championnats du monde que tout autre pays. Avec leurs 28 m\u00e9dailles (six d\u2019or, neuf d\u2019argent, 13 de bronze), ils ont d\u00e9pass\u00e9 l\u2019Allemagne et les \u00c9tats-Unis qui en ont gagn\u00e9 27. (Une 29e m\u00e9daille canadienne est possible au Championnat du monde de hockey masculin en cours maintenant.) Les patineurs de vitesse canadiens m\u00e8nent la danse avec huit m\u00e9dailles. Il y a \u00e9galement eu quatre m\u00e9dailles en patinage de vitesse sur courte piste, quatre m\u00e9dailles en ski acrobatique, trois en surf des neiges et trois en patinage artistique, deux en ski alpin et deux en ski cross et une m\u00e9daille en hockey f\u00e9minin ainsi qu\u2019en curling.<\/p>\n<p>La plupart de ceux qui sont mont\u00e9s sur le podium des Championnats du monde \u00e9taient au nombre des 95 athl\u00e8tes ayant particip\u00e9 \u00e0 la SEO de Vancouver, y compris les champions du monde Alexandre Bilodeau et Ashleigh McIvor en ski acrobatique, Kristina Groves, Denny Morrison et Christine Nesbitt en patinage de vitesse, ainsi que Charles Hamelin en patinage de vitesse courte piste.<\/p>\n<p>Les participants \u00e0 la SEO \u00e9taient r\u00e9unis avec d\u2019anciens m\u00e9daill\u00e9s olympiques, y compris Lambert, Catriona Le May Doan, Veronica Brenner, Sylvie Fr\u00e9chette, Adam van Koeverden, Johann Koss, Marnie McBean et le chef de mission adjoint pour les Jeux de 2010 Steve Podborski, qui ont agi en tant que mentors. L\u2019un des principaux sujets abord\u00e9s \u00e9tait l\u2019importance de concevoir un plan olympique tout en partageant les strat\u00e9gies utilis\u00e9es pour surmonter les obstacles et relever les d\u00e9fis dans le parcours vers une m\u00e9daille olympique. Plusieurs des participants sont \u00e9galement des m\u00e9daill\u00e9s olympiques et ont pu ainsi donner une perspective unique \u00e0 ceux qui feront leurs d\u00e9buts sur la sc\u00e8ne olympique en 2010.<\/p>\n<p>\u00ab La SEO est un programme cibl\u00e9 qui aide nos meilleurs athl\u00e8tes \u00e0 se pr\u00e9parer pour le plus grand test de leurs carri\u00e8res sous les feux des projecteurs \u00bb, a ajout\u00e9 Chris Rudge, chef de la direction et secr\u00e9taire g\u00e9n\u00e9ral du COC. \u00ab Les Jeux, qui auront lieu au Canada l\u2019ann\u00e9e prochaine, contribueront \u00e0 attirer l\u2019attention sur nos athl\u00e8tes, le Mouvement olympique et le syst\u00e8me sportif canadien en g\u00e9n\u00e9ral comme jamais auparavant, mais nous sommes pr\u00eats. Les r\u00e9sultats obtenus aux Championnats du monde cette saison d\u00e9montrent que le soutien dont b\u00e9n\u00e9ficient nos athl\u00e8tes et nos programmes est solide, et je n\u2019ai aucun doute que notre \u00e9quipe r\u00e9alisera son meilleur r\u00e9sultat aux Jeux olympiques d\u2019hiver. \u00bb<\/p>\n<p>Tous les Canadiens ont une chance de participer \u00e0 ce succ\u00e8s et de vivre l\u2019esprit olympique. Ils peuvent aider les athl\u00e8tes d\u2019hiver \u00e0 se pr\u00e9parer pour la derni\u00e8re ligne droite avant les Jeux olympiques et paralympiques d\u2019hiver de 2010 par le biais d\u2019une campagne sp\u00e9ciale intitul\u00e9e \u00ab Appuyons nos athl\u00e8tes \u00bb. Des milliers de Canadiens ont d\u00e9j\u00e0 contribu\u00e9 \u00e0 cette campagne de lev\u00e9e de fonds en ligne qui encourage \u00e0 faire des dons de 20,10 $. L\u2019objectif, partag\u00e9 par le COC, le COVAN, \u00c0 nous le podium et la Fondation olympique canadienne, est de recueillir au moins 5 millions de dollars pour l\u2019entra\u00eenement et l\u2019\u00e9quipement qui augmenteront les chances d\u2019\u00c9quipe Canada de monter sur le podium. (Pour en savoir plus, visitez le.)<\/p>\n<p>Entre-temps, les espoirs olympiques sont engag\u00e9s dans des programmes d\u2019entra\u00eenement rigoureux, plusieurs dans les installations olympiques des Jeux de 2010, et assistent \u00e0 des \u00e9v\u00e9nements comme la SEO en vue de se pr\u00e9parer pour le plus haut niveau de comp\u00e9tition au monde. Le volet athl\u00e8te de la SEO \u00e9tait dirig\u00e9 par Marnie McBean dont les quatre m\u00e9dailles olympiques en aviron incluent trois d\u2019or. Roger Archambault, gestionnaire de la pr\u00e9paration olympique au COC, et lui-m\u00eame un entra\u00eeneur et un chef d\u2019\u00e9quipe olympique, a men\u00e9 le volet entra\u00eeneurs, chefs d\u2019\u00e9quipe et directeurs de haute performance de chaque f\u00e9d\u00e9ration nationale de sport; les s\u00e9ances les ont aid\u00e9s \u00e0 anticiper les d\u00e9fis qui les attendent en f\u00e9vrier prochain.<\/p>\n","protected":false},"excerpt":{"rendered":"<p>Le programme aide les m\u00e9daill\u00e9s potentiels du Canada \u00e0 d\u00e9velopper des habilet\u00e9s et des strat\u00e9gies pour obtenir du succ\u00e8s \u00c0&#8230;<\/p>\n","protected":false},"author":47562643,"featured_media":1853,"comment_status":"open","ping_status":"open","sticky":false,"template":"","format":"standard","meta":{"_acf_changed":false,"_jetpack_memberships_contains_paid_content":false,"footnotes":""},"categories":[707890],"tags":[],"post_format":"standard","sport":[],"game":[],"coauthors":[186127234],"class_list":["post-1856","post","type-post","status-publish","format-standard","has-post-thumbnail","hentry","category-comite"],"acf":[],"yoast_head":"<!-- This site is optimized with the Yoast SEO plugin v27.3 - https:\/\/yoast.com\/product\/yoast-seo-wordpress\/ -->\n<title>Les espoirs olympiques se r\u00e9unissent en vue de se pr\u00e9parer pour Vancouver 2010 \u00e0 la S\u00e9rie de l\u2019excellence olympique - \u00c9quipe Canada | Site officiel de l&#039;\u00e9quipe olympique<\/title>\n<meta name=\"robots\" content=\"index, follow, max-snippet:-1, max-image-preview:large, max-video-preview:-1\" \/>\n<link rel=\"canonical\" href=\"https:\/\/preprod.olympic.ca\/olympique\/2009\/05\/04\/les-espoirs-olympiques-se-reunissent-en-vue-de-se-preparer-pour-vancouver-2010-a-la-serie-de-lexcellence-olympique\/\" \/>\n<meta property=\"og:locale\" content=\"fr_FR\" \/>\n<meta property=\"og:type\" content=\"article\" \/>\n<meta property=\"og:title\" content=\"Les espoirs olympiques se r\u00e9unissent en vue de se pr\u00e9parer pour Vancouver 2010 \u00e0 la S\u00e9rie de l\u2019excellence olympique - \u00c9quipe Canada | Site officiel de l&#039;\u00e9quipe olympique\" \/>\n<meta property=\"og:description\" content=\"Le programme aide les m\u00e9daill\u00e9s potentiels du Canada \u00e0 d\u00e9velopper des habilet\u00e9s et des strat\u00e9gies pour obtenir du succ\u00e8s \u00c0...\" \/>\n<meta property=\"og:url\" content=\"https:\/\/preprod.olympic.ca\/olympique\/2009\/05\/04\/les-espoirs-olympiques-se-reunissent-en-vue-de-se-preparer-pour-vancouver-2010-a-la-serie-de-lexcellence-olympique\/\" \/>\n<meta property=\"og:site_name\" content=\"\u00c9quipe Canada | Site officiel de l&#039;\u00e9quipe olympique\" \/>\n<meta property=\"article:published_time\" content=\"2009-05-04T16:46:34+00:00\" \/>\n<meta property=\"article:modified_time\" content=\"2013-08-01T01:07:34+00:00\" \/>\n<meta name=\"author\" content=\"Comit\u00e9 olympique canadien\" \/>\n<meta name=\"twitter:card\" content=\"summary_large_image\" \/>\n<meta name=\"twitter:image\" content=\"https:\/\/preprod.olympic.ca\/olympique\/wp-content\/uploads\/sites\/2\/2011\/08\/oes-media-summit-0036.jpg?quality=100\" \/>\n<meta name=\"twitter:label1\" content=\"Written by\" \/>\n\t<meta name=\"twitter:data1\" content=\"Comit\u00e9 olympique canadien\" \/>\n\t<meta name=\"twitter:label2\" content=\"Est. reading time\" \/>\n\t<meta name=\"twitter:data2\" content=\"5 minutes\" \/>\n<script type=\"application\/ld+json\" class=\"yoast-schema-graph\">{\"@context\":\"https:\\\/\\\/schema.org\",\"@graph\":[{\"@type\":\"Article\",\"@id\":\"https:\\\/\\\/preprod.olympic.ca\\\/olympique\\\/2009\\\/05\\\/04\\\/les-espoirs-olympiques-se-reunissent-en-vue-de-se-preparer-pour-vancouver-2010-a-la-serie-de-lexcellence-olympique\\\/#article\",\"isPartOf\":{\"@id\":\"https:\\\/\\\/preprod.olympic.ca\\\/olympique\\\/2009\\\/05\\\/04\\\/les-espoirs-olympiques-se-reunissent-en-vue-de-se-preparer-pour-vancouver-2010-a-la-serie-de-lexcellence-olympique\\\/\"},\"author\":{\"name\":\"cdnolympicteam\",\"@id\":\"https:\\\/\\\/preprod.olympic.ca\\\/olympique\\\/#\\\/schema\\\/person\\\/08d84fd062bf1b56ffb3808cb69aee9c\"},\"headline\":\"Les espoirs olympiques se r\u00e9unissent en vue de se pr\u00e9parer pour Vancouver 2010 \u00e0 la S\u00e9rie de l\u2019excellence olympique\",\"datePublished\":\"2009-05-04T16:46:34+00:00\",\"dateModified\":\"2013-08-01T01:07:34+00:00\",\"mainEntityOfPage\":{\"@id\":\"https:\\\/\\\/preprod.olympic.ca\\\/olympique\\\/2009\\\/05\\\/04\\\/les-espoirs-olympiques-se-reunissent-en-vue-de-se-preparer-pour-vancouver-2010-a-la-serie-de-lexcellence-olympique\\\/\"},\"wordCount\":1021,\"commentCount\":0,\"image\":{\"@id\":\"https:\\\/\\\/preprod.olympic.ca\\\/olympique\\\/2009\\\/05\\\/04\\\/les-espoirs-olympiques-se-reunissent-en-vue-de-se-preparer-pour-vancouver-2010-a-la-serie-de-lexcellence-olympique\\\/#primaryimage\"},\"thumbnailUrl\":\"https:\\\/\\\/preprod.olympic.ca\\\/olympique\\\/wp-content\\\/uploads\\\/sites\\\/2\\\/2011\\\/08\\\/oes-media-summit-0036.jpg?quality=100\",\"articleSection\":[\"Derni\u00e8res nouvelles\"],\"inLanguage\":\"fr-FR\",\"potentialAction\":[{\"@type\":\"CommentAction\",\"name\":\"Comment\",\"target\":[\"https:\\\/\\\/preprod.olympic.ca\\\/olympique\\\/2009\\\/05\\\/04\\\/les-espoirs-olympiques-se-reunissent-en-vue-de-se-preparer-pour-vancouver-2010-a-la-serie-de-lexcellence-olympique\\\/#respond\"]}]},{\"@type\":\"WebPage\",\"@id\":\"https:\\\/\\\/preprod.olympic.ca\\\/olympique\\\/2009\\\/05\\\/04\\\/les-espoirs-olympiques-se-reunissent-en-vue-de-se-preparer-pour-vancouver-2010-a-la-serie-de-lexcellence-olympique\\\/\",\"url\":\"https:\\\/\\\/preprod.olympic.ca\\\/olympique\\\/2009\\\/05\\\/04\\\/les-espoirs-olympiques-se-reunissent-en-vue-de-se-preparer-pour-vancouver-2010-a-la-serie-de-lexcellence-olympique\\\/\",\"name\":\"Les espoirs olympiques se r\u00e9unissent en vue de se pr\u00e9parer pour Vancouver 2010 \u00e0 la S\u00e9rie de l\u2019excellence olympique - \u00c9quipe Canada | Site officiel de l&#039;\u00e9quipe olympique\",\"isPartOf\":{\"@id\":\"https:\\\/\\\/preprod.olympic.ca\\\/olympique\\\/#website\"},\"primaryImageOfPage\":{\"@id\":\"https:\\\/\\\/preprod.olympic.ca\\\/olympique\\\/2009\\\/05\\\/04\\\/les-espoirs-olympiques-se-reunissent-en-vue-de-se-preparer-pour-vancouver-2010-a-la-serie-de-lexcellence-olympique\\\/#primaryimage\"},\"image\":{\"@id\":\"https:\\\/\\\/preprod.olympic.ca\\\/olympique\\\/2009\\\/05\\\/04\\\/les-espoirs-olympiques-se-reunissent-en-vue-de-se-preparer-pour-vancouver-2010-a-la-serie-de-lexcellence-olympique\\\/#primaryimage\"},\"thumbnailUrl\":\"https:\\\/\\\/preprod.olympic.ca\\\/olympique\\\/wp-content\\\/uploads\\\/sites\\\/2\\\/2011\\\/08\\\/oes-media-summit-0036.jpg?quality=100\",\"datePublished\":\"2009-05-04T16:46:34+00:00\",\"dateModified\":\"2013-08-01T01:07:34+00:00\",\"author\":{\"@id\":\"https:\\\/\\\/preprod.olympic.ca\\\/olympique\\\/#\\\/schema\\\/person\\\/08d84fd062bf1b56ffb3808cb69aee9c\"},\"inLanguage\":\"fr-FR\",\"potentialAction\":[{\"@type\":\"ReadAction\",\"target\":[\"https:\\\/\\\/preprod.olympic.ca\\\/olympique\\\/2009\\\/05\\\/04\\\/les-espoirs-olympiques-se-reunissent-en-vue-de-se-preparer-pour-vancouver-2010-a-la-serie-de-lexcellence-olympique\\\/\"]}]},{\"@type\":\"ImageObject\",\"inLanguage\":\"fr-FR\",\"@id\":\"https:\\\/\\\/preprod.olympic.ca\\\/olympique\\\/2009\\\/05\\\/04\\\/les-espoirs-olympiques-se-reunissent-en-vue-de-se-preparer-pour-vancouver-2010-a-la-serie-de-lexcellence-olympique\\\/#primaryimage\",\"url\":\"https:\\\/\\\/preprod.olympic.ca\\\/olympique\\\/wp-content\\\/uploads\\\/sites\\\/2\\\/2011\\\/08\\\/oes-media-summit-0036.jpg?quality=100\",\"contentUrl\":\"https:\\\/\\\/preprod.olympic.ca\\\/olympique\\\/wp-content\\\/uploads\\\/sites\\\/2\\\/2011\\\/08\\\/oes-media-summit-0036.jpg?quality=100\",\"width\":4000,\"height\":3000},{\"@type\":\"WebSite\",\"@id\":\"https:\\\/\\\/preprod.olympic.ca\\\/olympique\\\/#website\",\"url\":\"https:\\\/\\\/preprod.olympic.ca\\\/olympique\\\/\",\"name\":\"\u00c9quipe Canada | Site officiel de l&#039;\u00e9quipe olympique\",\"description\":\"Votre source pour l\u2019\u00c9quipe olympique canadienne. Retrouvez les r\u00e9cits, vid\u00e9os et photos des athl\u00e8tes canadiens, sports olympiques, Jeux olympiques de 2020 et bien plus!\",\"potentialAction\":[{\"@type\":\"SearchAction\",\"target\":{\"@type\":\"EntryPoint\",\"urlTemplate\":\"https:\\\/\\\/preprod.olympic.ca\\\/olympique\\\/?s={search_term_string}\"},\"query-input\":{\"@type\":\"PropertyValueSpecification\",\"valueRequired\":true,\"valueName\":\"search_term_string\"}}],\"inLanguage\":\"fr-FR\"},{\"@type\":\"Person\",\"@id\":\"https:\\\/\\\/preprod.olympic.ca\\\/olympique\\\/#\\\/schema\\\/person\\\/08d84fd062bf1b56ffb3808cb69aee9c\",\"name\":\"cdnolympicteam\",\"image\":{\"@type\":\"ImageObject\",\"inLanguage\":\"fr-FR\",\"@id\":\"https:\\\/\\\/secure.gravatar.com\\\/avatar\\\/5ebf1554473077ab88cd1ec3372750991c09302ef58500182e331751d1f3473b?s=96&d=identicon&r=g7289394c1202ef020fcd9aad965e50f7\",\"url\":\"https:\\\/\\\/secure.gravatar.com\\\/avatar\\\/5ebf1554473077ab88cd1ec3372750991c09302ef58500182e331751d1f3473b?s=96&d=identicon&r=g\",\"contentUrl\":\"https:\\\/\\\/secure.gravatar.com\\\/avatar\\\/5ebf1554473077ab88cd1ec3372750991c09302ef58500182e331751d1f3473b?s=96&d=identicon&r=g\",\"caption\":\"cdnolympicteam\"},\"url\":\"https:\\\/\\\/preprod.olympic.ca\\\/olympique\\\/author\\\/cdnolympicteam\\\/\"}]}<\/script>\n<!-- \/ Yoast SEO plugin. -->","yoast_head_json":{"title":"Les espoirs olympiques se r\u00e9unissent en vue de se pr\u00e9parer pour Vancouver 2010 \u00e0 la S\u00e9rie de l\u2019excellence olympique - \u00c9quipe Canada | Site officiel de l&#039;\u00e9quipe olympique","robots":{"index":"index","follow":"follow","max-snippet":"max-snippet:-1","max-image-preview":"max-image-preview:large","max-video-preview":"max-video-preview:-1"},"canonical":"https:\/\/preprod.olympic.ca\/olympique\/2009\/05\/04\/les-espoirs-olympiques-se-reunissent-en-vue-de-se-preparer-pour-vancouver-2010-a-la-serie-de-lexcellence-olympique\/","og_locale":"fr_FR","og_type":"article","og_title":"Les espoirs olympiques se r\u00e9unissent en vue de se pr\u00e9parer pour Vancouver 2010 \u00e0 la S\u00e9rie de l\u2019excellence olympique - \u00c9quipe Canada | Site officiel de l&#039;\u00e9quipe olympique","og_description":"Le programme aide les m\u00e9daill\u00e9s potentiels du Canada \u00e0 d\u00e9velopper des habilet\u00e9s et des strat\u00e9gies pour obtenir du succ\u00e8s \u00c0...","og_url":"https:\/\/preprod.olympic.ca\/olympique\/2009\/05\/04\/les-espoirs-olympiques-se-reunissent-en-vue-de-se-preparer-pour-vancouver-2010-a-la-serie-de-lexcellence-olympique\/","og_site_name":"\u00c9quipe Canada | Site officiel de l&#039;\u00e9quipe olympique","article_published_time":"2009-05-04T16:46:34+00:00","article_modified_time":"2013-08-01T01:07:34+00:00","author":"Comit\u00e9 olympique canadien","twitter_card":"summary_large_image","twitter_image":"https:\/\/preprod.olympic.ca\/olympique\/wp-content\/uploads\/sites\/2\/2011\/08\/oes-media-summit-0036.jpg?quality=100","twitter_misc":{"Written by":"Comit\u00e9 olympique canadien","Est. reading time":"5 minutes"},"schema":{"@context":"https:\/\/schema.org","@graph":[{"@type":"Article","@id":"https:\/\/preprod.olympic.ca\/olympique\/2009\/05\/04\/les-espoirs-olympiques-se-reunissent-en-vue-de-se-preparer-pour-vancouver-2010-a-la-serie-de-lexcellence-olympique\/#article","isPartOf":{"@id":"https:\/\/preprod.olympic.ca\/olympique\/2009\/05\/04\/les-espoirs-olympiques-se-reunissent-en-vue-de-se-preparer-pour-vancouver-2010-a-la-serie-de-lexcellence-olympique\/"},"author":{"name":"cdnolympicteam","@id":"https:\/\/preprod.olympic.ca\/olympique\/#\/schema\/person\/08d84fd062bf1b56ffb3808cb69aee9c"},"headline":"Les espoirs olympiques se r\u00e9unissent en vue de se pr\u00e9parer pour Vancouver 2010 \u00e0 la S\u00e9rie de l\u2019excellence olympique","datePublished":"2009-05-04T16:46:34+00:00","dateModified":"2013-08-01T01:07:34+00:00","mainEntityOfPage":{"@id":"https:\/\/preprod.olympic.ca\/olympique\/2009\/05\/04\/les-espoirs-olympiques-se-reunissent-en-vue-de-se-preparer-pour-vancouver-2010-a-la-serie-de-lexcellence-olympique\/"},"wordCount":1021,"commentCount":0,"image":{"@id":"https:\/\/preprod.olympic.ca\/olympique\/2009\/05\/04\/les-espoirs-olympiques-se-reunissent-en-vue-de-se-preparer-pour-vancouver-2010-a-la-serie-de-lexcellence-olympique\/#primaryimage"},"thumbnailUrl":"https:\/\/preprod.olympic.ca\/olympique\/wp-content\/uploads\/sites\/2\/2011\/08\/oes-media-summit-0036.jpg?quality=100","articleSection":["Derni\u00e8res nouvelles"],"inLanguage":"fr-FR","potentialAction":[{"@type":"CommentAction","name":"Comment","target":["https:\/\/preprod.olympic.ca\/olympique\/2009\/05\/04\/les-espoirs-olympiques-se-reunissent-en-vue-de-se-preparer-pour-vancouver-2010-a-la-serie-de-lexcellence-olympique\/#respond"]}]},{"@type":"WebPage","@id":"https:\/\/preprod.olympic.ca\/olympique\/2009\/05\/04\/les-espoirs-olympiques-se-reunissent-en-vue-de-se-preparer-pour-vancouver-2010-a-la-serie-de-lexcellence-olympique\/","url":"https:\/\/preprod.olympic.ca\/olympique\/2009\/05\/04\/les-espoirs-olympiques-se-reunissent-en-vue-de-se-preparer-pour-vancouver-2010-a-la-serie-de-lexcellence-olympique\/","name":"Les espoirs olympiques se r\u00e9unissent en vue de se pr\u00e9parer pour Vancouver 2010 \u00e0 la S\u00e9rie de l\u2019excellence olympique - \u00c9quipe Canada | Site officiel de l&#039;\u00e9quipe olympique","isPartOf":{"@id":"https:\/\/preprod.olympic.ca\/olympique\/#website"},"primaryImageOfPage":{"@id":"https:\/\/preprod.olympic.ca\/olympique\/2009\/05\/04\/les-espoirs-olympiques-se-reunissent-en-vue-de-se-preparer-pour-vancouver-2010-a-la-serie-de-lexcellence-olympique\/#primaryimage"},"image":{"@id":"https:\/\/preprod.olympic.ca\/olympique\/2009\/05\/04\/les-espoirs-olympiques-se-reunissent-en-vue-de-se-preparer-pour-vancouver-2010-a-la-serie-de-lexcellence-olympique\/#primaryimage"},"thumbnailUrl":"https:\/\/preprod.olympic.ca\/olympique\/wp-content\/uploads\/sites\/2\/2011\/08\/oes-media-summit-0036.jpg?quality=100","datePublished":"2009-05-04T16:46:34+00:00","dateModified":"2013-08-01T01:07:34+00:00","author":{"@id":"https:\/\/preprod.olympic.ca\/olympique\/#\/schema\/person\/08d84fd062bf1b56ffb3808cb69aee9c"},"inLanguage":"fr-FR","potentialAction":[{"@type":"ReadAction","target":["https:\/\/preprod.olympic.ca\/olympique\/2009\/05\/04\/les-espoirs-olympiques-se-reunissent-en-vue-de-se-preparer-pour-vancouver-2010-a-la-serie-de-lexcellence-olympique\/"]}]},{"@type":"ImageObject","inLanguage":"fr-FR","@id":"https:\/\/preprod.olympic.ca\/olympique\/2009\/05\/04\/les-espoirs-olympiques-se-reunissent-en-vue-de-se-preparer-pour-vancouver-2010-a-la-serie-de-lexcellence-olympique\/#primaryimage","url":"https:\/\/preprod.olympic.ca\/olympique\/wp-content\/uploads\/sites\/2\/2011\/08\/oes-media-summit-0036.jpg?quality=100","contentUrl":"https:\/\/preprod.olympic.ca\/olympique\/wp-content\/uploads\/sites\/2\/2011\/08\/oes-media-summit-0036.jpg?quality=100","width":4000,"height":3000},{"@type":"WebSite","@id":"https:\/\/preprod.olympic.ca\/olympique\/#website","url":"https:\/\/preprod.olympic.ca\/olympique\/","name":"\u00c9quipe Canada | Site officiel de l&#039;\u00e9quipe olympique","description":"Votre source pour l\u2019\u00c9quipe olympique canadienne. Retrouvez les r\u00e9cits, vid\u00e9os et photos des athl\u00e8tes canadiens, sports olympiques, Jeux olympiques de 2020 et bien plus!","potentialAction":[{"@type":"SearchAction","target":{"@type":"EntryPoint","urlTemplate":"https:\/\/preprod.olympic.ca\/olympique\/?s={search_term_string}"},"query-input":{"@type":"PropertyValueSpecification","valueRequired":true,"valueName":"search_term_string"}}],"inLanguage":"fr-FR"},{"@type":"Person","@id":"https:\/\/preprod.olympic.ca\/olympique\/#\/schema\/person\/08d84fd062bf1b56ffb3808cb69aee9c","name":"cdnolympicteam","image":{"@type":"ImageObject","inLanguage":"fr-FR","@id":"https:\/\/secure.gravatar.com\/avatar\/5ebf1554473077ab88cd1ec3372750991c09302ef58500182e331751d1f3473b?s=96&d=identicon&r=g7289394c1202ef020fcd9aad965e50f7","url":"https:\/\/secure.gravatar.com\/avatar\/5ebf1554473077ab88cd1ec3372750991c09302ef58500182e331751d1f3473b?s=96&d=identicon&r=g","contentUrl":"https:\/\/secure.gravatar.com\/avatar\/5ebf1554473077ab88cd1ec3372750991c09302ef58500182e331751d1f3473b?s=96&d=identicon&r=g","caption":"cdnolympicteam"},"url":"https:\/\/preprod.olympic.ca\/olympique\/author\/cdnolympicteam\/"}]}},"jetpack_featured_media_url":"https:\/\/preprod.olympic.ca\/olympique\/wp-content\/uploads\/sites\/2\/2011\/08\/oes-media-summit-0036.jpg?quality=100","featured_image_url":"https:\/\/preprod.olympic.ca\/olympique\/wp-content\/uploads\/sites\/2\/2011\/08\/oes-media-summit-0036.jpg?quality=100","author_name":["Comit\u00e9 olympique canadien"],"category_names":["Derni\u00e8res nouvelles"],"tag_names":[],"video_embed_code":"","facebook_video_embed_code":"","jetpack_sharing_enabled":true,"jetpack-related-posts":[],"jetpack_shortlink":"https:\/\/wp.me\/pcGHcP-tW","_links":{"self":[{"href":"https:\/\/preprod.olympic.ca\/olympique\/wp-json\/wp\/v2\/posts\/1856","targetHints":{"allow":["GET"]}}],"collection":[{"href":"https:\/\/preprod.olympic.ca\/olympique\/wp-json\/wp\/v2\/posts"}],"about":[{"href":"https:\/\/preprod.olympic.ca\/olympique\/wp-json\/wp\/v2\/types\/post"}],"author":[{"embeddable":true,"href":"https:\/\/preprod.olympic.ca\/olympique\/wp-json\/wp\/v2\/users\/47562643"}],"replies":[{"embeddable":true,"href":"https:\/\/preprod.olympic.ca\/olympique\/wp-json\/wp\/v2\/comments?post=1856"}],"version-history":[{"count":1,"href":"https:\/\/preprod.olympic.ca\/olympique\/wp-json\/wp\/v2\/posts\/1856\/revisions"}],"predecessor-version":[{"id":82722,"href":"https:\/\/preprod.olympic.ca\/olympique\/wp-json\/wp\/v2\/posts\/1856\/revisions\/82722"}],"wp:featuredmedia":[{"embeddable":true,"href":"https:\/\/preprod.olympic.ca\/olympique\/wp-json\/wp\/v2\/media\/1853"}],"wp:attachment":[{"href":"https:\/\/preprod.olympic.ca\/olympique\/wp-json\/wp\/v2\/media?parent=1856"}],"wp:term":[{"taxonomy":"category","embeddable":true,"href":"https:\/\/preprod.olympic.ca\/olympique\/wp-json\/wp\/v2\/categories?post=1856"},{"taxonomy":"post_tag","embeddable":true,"href":"https:\/\/preprod.olympic.ca\/olympique\/wp-json\/wp\/v2\/tags?post=1856"},{"taxonomy":"post_format","embeddable":true,"href":"https:\/\/preprod.olympic.ca\/olympique\/wp-json\/wp\/v2\/post_format?post=1856"},{"taxonomy":"sport","embeddable":true,"href":"https:\/\/preprod.olympic.ca\/olympique\/wp-json\/wp\/v2\/sport?post=1856"},{"taxonomy":"game","embeddable":true,"href":"https:\/\/preprod.olympic.ca\/olympique\/wp-json\/wp\/v2\/game?post=1856"},{"taxonomy":"author","embeddable":true,"href":"https:\/\/preprod.olympic.ca\/olympique\/wp-json\/wp\/v2\/coauthors?post=1856"}],"curies":[{"name":"wp","href":"https:\/\/api.w.org\/{rel}","templated":true}]}}