{"id":20039,"date":"2011-01-13T16:30:07","date_gmt":"2011-01-13T21:30:07","guid":{"rendered":"http:\/\/preprod.olympic.ca\/?p=20039"},"modified":"2013-08-01T01:11:45","modified_gmt":"2013-08-01T01:11:45","slug":"le-compte-a-rebours-commence-pour-innsbruck-2012","status":"publish","type":"post","link":"https:\/\/preprod.olympic.ca\/olympique\/2011\/01\/13\/le-compte-a-rebours-commence-pour-innsbruck-2012\/","title":{"rendered":"Le compte \u00e0 rebours commence pour Innsbruck 2012"},"content":{"rendered":"<p>Dans exactement un an, la ville d\u2019Innsbruck en Autriche sera galvanis\u00e9e, alors que les jeunes athl\u00e8tes du monde entier convergeront dans les Alpes pour les tout premiers Jeux olympiques de la jeunesse d\u2019hiver.<\/p>\n<p>Les Jeux olympiques de la jeunesse ont fait leurs d\u00e9buts en 2010 lorsque Singapour a accueilli les premiers Jeux d\u2019\u00e9t\u00e9. Cr\u00e9\u00e9 en 2007, l\u2019\u00e9v\u00e9nement de deux semaines a pour objectif d\u2019inspirer les jeunes \u00e0 s\u2019adonner au sport et s\u2019informer sur les valeurs olympiques. <\/p>\n<p>Les jeunes athl\u00e8tes canadiens sont en train de participer \u00e0 des comp\u00e9titions \u00e0 domicile et \u00e0 l\u2019\u00e9tranger afin de se qualifier pour Innsbruck et avoir une occasion unique et exceptionnelle de repr\u00e9senter leur pays dans l\u2019atmosph\u00e8re des Jeux olympiques, \u00e0 un \u00e2ge aussi jeune.  <\/p>\n<p>\u00ab M\u00eame si c\u2019est un clich\u00e9, le r\u00eave ultime est de concourir aux Jeux olympiques d\u2019hiver et de monter sur le podium pour voir flotter la feuille d\u2019\u00e9rable, a d\u00e9clar\u00e9 le lugeur de 15 ans, John Fennell. Pour que ce r\u00eave devienne r\u00e9alit\u00e9, je pense que la premi\u00e8re \u00e9tape est la participation aux Jeux olympiques de la jeunesse d\u2019hiver. Les Jeux olympiques de la jeunesse pourraient me permettre de r\u00e9aliser mon r\u00eave et me donner un avant-go\u00fbt de la gloire olympique. \u00bb <\/p>\n<p>Les Jeux attireront plus de 1000 athl\u00e8tes \u00e2g\u00e9s de 14 \u00e0 18 ans repr\u00e9sentant 70 nations. Ils concourront dans les sept sports qui seront disput\u00e9s aux Jeux olympiques d\u2019hiver de 2014 \u00e0 Sotchi.<\/p>\n<p>Comme pour les Jeux de Singapour 2010, de nouvelles \u00e9preuves et disciplines ont \u00e9t\u00e9 ajout\u00e9es au programme sportif, notamment une \u00e9preuve combin\u00e9e de ski de fond et de biathlon, et le saut \u00e0 ski f\u00e9minin qui fera une premi\u00e8re incursion au programme olympique. Les athl\u00e8tes participeront \u00e9galement \u00e0 un programme culturel et \u00e9ducatif exhaustif, qui constitue un volet important de l\u2019exp\u00e9rience des Jeux. <\/p>\n<p>Deux \u00e9ditions des Jeux olympiques d\u2019hiver, 1964 et 1976, se sont tenues dans le d\u00e9cor enchanteur de la station de ski autrichienne. \u00c0 l\u2019exception de Lake Placid, \u00c9tats-Unis et St. Moritz, en Suisse, c\u2019est la seule ville \u00e0 avoir accueilli les Jeux olympiques d\u2019hiver \u00e0 deux reprises. <\/p>\n<p>Les Canadiens ont remport\u00e9 deux m\u00e9dailles d\u2019or olympiques \u00e0 Innsbruck. L\u2019\u00e9quipage de bob \u00e0 quatre de Victor Emery a remport\u00e9 l\u2019or en 1964, tandis que la skieuse Kathy Kreiner-Phillips a gagn\u00e9 le slalom g\u00e9ant f\u00e9minin en 1976.<\/p>\n<p>\u00ab Participer aux Jeux olympiques de la jeunesse d\u2019hiver aurait \u00e9t\u00e9 une excellente mani\u00e8re de se pr\u00e9parer pour les Jeux olympiques, a comment\u00e9 Kreiner-Phillips, qui avait tout juste 18 ans lorsqu\u2019elle remporta l\u2019or olympique. En tant qu\u2019athl\u00e8te et aujourd\u2019hui en tant que sp\u00e9cialiste en entra\u00eenement mental, je pense que le mieux est d\u2019avoir plusieurs occasions de participer \u00e0 des Jeux multisports d\u2019envergure. Cela augmente les opportunit\u00e9s d\u2019exp\u00e9rimenter la pression et la logistique entourant la comp\u00e9tition lorsqu\u2019elle se d\u00e9roule au milieu de nombreuses distractions. Il n\u2019existe rien de semblable, aussi cela ne peut qu\u2019aider de savoir \u00e0 quoi s\u2019attendre. \u00bb<\/p>\n<p>\u00ab Les Jeux olympiques constituent l\u2019objectif ultime de tous les athl\u00e8tes du monde entier qui participent \u00e0 des comp\u00e9titions nationales et internationales, a ajout\u00e9 Emery. En g\u00e9n\u00e9ral, leur performance historique est mesur\u00e9e par leur performance aux Jeux olympiques. C\u2019est un moment merveilleux pendant lequel on fait partie d\u2019un groupe de pairs en dehors de son sport ou de son pays, on compare nos notes, non seulement sur le sport, mais aussi sur la vie, et \u00e0 l\u2019\u00e9chelle mondiale. \u00bb<\/p>\n<p>Dans un an, un nouveau groupe de jeunes athl\u00e8tes \u00e9criront leur propre page d\u2019histoire. Ils pourront ajouter leurs noms \u00e0 la courte liste de Canadiens ayant gagn\u00e9 une m\u00e9daille olympique \u00e0 Innsbruck.<\/p>\n<p>Voyez la nouvelle vid\u00e9o du CIO pour le compte \u00e0 rebours \u00e0 Innsbruck 2012 :<\/p>\n<p><a href=\"http:\/\/www.youtube.com\/v\/iLhjk0SwAtg?fs=1&amp;hl=fr_FR\">http:\/\/www.youtube.com\/v\/iLhjk0SwAtg?fs=1&amp;hl=fr_FR<\/a><\/p>\n","protected":false},"excerpt":{"rendered":"<p>Dans exactement un an, la ville d\u2019Innsbruck en Autriche sera galvanis\u00e9e, alors que les jeunes athl\u00e8tes du monde entier convergeront&#8230;<\/p>\n","protected":false},"author":47562643,"featured_media":20843,"comment_status":"open","ping_status":"open","sticky":false,"template":"","format":"standard","meta":{"_acf_changed":false,"_jetpack_memberships_contains_paid_content":false,"footnotes":""},"categories":[707890],"tags":[],"post_format":"standard","sport":[],"game":[],"coauthors":[186127234],"class_list":["post-20039","post","type-post","status-publish","format-standard","has-post-thumbnail","hentry","category-comite"],"acf":[],"yoast_head":"<!-- This site is optimized with the Yoast SEO plugin v27.3 - https:\/\/yoast.com\/product\/yoast-seo-wordpress\/ -->\n<title>Le compte \u00e0 rebours commence pour Innsbruck 2012 - \u00c9quipe Canada | Site officiel de l&#039;\u00e9quipe olympique<\/title>\n<meta name=\"robots\" content=\"index, follow, max-snippet:-1, max-image-preview:large, max-video-preview:-1\" \/>\n<link rel=\"canonical\" href=\"https:\/\/preprod.olympic.ca\/olympique\/2011\/01\/13\/le-compte-a-rebours-commence-pour-innsbruck-2012\/\" \/>\n<meta property=\"og:locale\" content=\"fr_FR\" \/>\n<meta property=\"og:type\" content=\"article\" \/>\n<meta property=\"og:title\" content=\"Le compte \u00e0 rebours commence pour Innsbruck 2012 - \u00c9quipe Canada | Site officiel de l&#039;\u00e9quipe olympique\" \/>\n<meta property=\"og:description\" content=\"Dans exactement un an, la ville d\u2019Innsbruck en Autriche sera galvanis\u00e9e, alors que les jeunes athl\u00e8tes du monde entier convergeront...\" \/>\n<meta property=\"og:url\" content=\"https:\/\/preprod.olympic.ca\/olympique\/2011\/01\/13\/le-compte-a-rebours-commence-pour-innsbruck-2012\/\" \/>\n<meta property=\"og:site_name\" content=\"\u00c9quipe Canada | Site officiel de l&#039;\u00e9quipe olympique\" \/>\n<meta property=\"article:published_time\" content=\"2011-01-13T21:30:07+00:00\" \/>\n<meta property=\"article:modified_time\" content=\"2013-08-01T01:11:45+00:00\" \/>\n<meta property=\"og:image\" content=\"https:\/\/preprod.olympic.ca\/olympique\/wp-content\/uploads\/sites\/2\/2011\/01\/13394-innsbruck_patsch6.jpg?quality=100\" \/>\n\t<meta property=\"og:image:width\" content=\"800\" \/>\n\t<meta property=\"og:image:height\" content=\"538\" \/>\n\t<meta property=\"og:image:type\" content=\"image\/jpeg\" \/>\n<meta name=\"author\" content=\"Comit\u00e9 olympique canadien\" \/>\n<meta name=\"twitter:card\" content=\"summary_large_image\" \/>\n<meta name=\"twitter:label1\" content=\"Written by\" \/>\n\t<meta name=\"twitter:data1\" content=\"Comit\u00e9 olympique canadien\" \/>\n\t<meta name=\"twitter:label2\" content=\"Est. reading time\" \/>\n\t<meta name=\"twitter:data2\" content=\"3 minutes\" \/>\n<script type=\"application\/ld+json\" class=\"yoast-schema-graph\">{\"@context\":\"https:\\\/\\\/schema.org\",\"@graph\":[{\"@type\":\"Article\",\"@id\":\"https:\\\/\\\/preprod.olympic.ca\\\/olympique\\\/2011\\\/01\\\/13\\\/le-compte-a-rebours-commence-pour-innsbruck-2012\\\/#article\",\"isPartOf\":{\"@id\":\"https:\\\/\\\/preprod.olympic.ca\\\/olympique\\\/2011\\\/01\\\/13\\\/le-compte-a-rebours-commence-pour-innsbruck-2012\\\/\"},\"author\":{\"name\":\"cdnolympicteam\",\"@id\":\"https:\\\/\\\/preprod.olympic.ca\\\/olympique\\\/#\\\/schema\\\/person\\\/08d84fd062bf1b56ffb3808cb69aee9c\"},\"headline\":\"Le compte \u00e0 rebours commence pour Innsbruck 2012\",\"datePublished\":\"2011-01-13T21:30:07+00:00\",\"dateModified\":\"2013-08-01T01:11:45+00:00\",\"mainEntityOfPage\":{\"@id\":\"https:\\\/\\\/preprod.olympic.ca\\\/olympique\\\/2011\\\/01\\\/13\\\/le-compte-a-rebours-commence-pour-innsbruck-2012\\\/\"},\"wordCount\":668,\"commentCount\":0,\"image\":{\"@id\":\"https:\\\/\\\/preprod.olympic.ca\\\/olympique\\\/2011\\\/01\\\/13\\\/le-compte-a-rebours-commence-pour-innsbruck-2012\\\/#primaryimage\"},\"thumbnailUrl\":\"https:\\\/\\\/preprod.olympic.ca\\\/olympique\\\/wp-content\\\/uploads\\\/sites\\\/2\\\/2011\\\/01\\\/13394-innsbruck_patsch6.jpg?quality=100\",\"articleSection\":[\"Derni\u00e8res nouvelles\"],\"inLanguage\":\"fr-FR\",\"potentialAction\":[{\"@type\":\"CommentAction\",\"name\":\"Comment\",\"target\":[\"https:\\\/\\\/preprod.olympic.ca\\\/olympique\\\/2011\\\/01\\\/13\\\/le-compte-a-rebours-commence-pour-innsbruck-2012\\\/#respond\"]}]},{\"@type\":\"WebPage\",\"@id\":\"https:\\\/\\\/preprod.olympic.ca\\\/olympique\\\/2011\\\/01\\\/13\\\/le-compte-a-rebours-commence-pour-innsbruck-2012\\\/\",\"url\":\"https:\\\/\\\/preprod.olympic.ca\\\/olympique\\\/2011\\\/01\\\/13\\\/le-compte-a-rebours-commence-pour-innsbruck-2012\\\/\",\"name\":\"Le compte \u00e0 rebours commence pour Innsbruck 2012 - \u00c9quipe Canada | Site officiel de l&#039;\u00e9quipe olympique\",\"isPartOf\":{\"@id\":\"https:\\\/\\\/preprod.olympic.ca\\\/olympique\\\/#website\"},\"primaryImageOfPage\":{\"@id\":\"https:\\\/\\\/preprod.olympic.ca\\\/olympique\\\/2011\\\/01\\\/13\\\/le-compte-a-rebours-commence-pour-innsbruck-2012\\\/#primaryimage\"},\"image\":{\"@id\":\"https:\\\/\\\/preprod.olympic.ca\\\/olympique\\\/2011\\\/01\\\/13\\\/le-compte-a-rebours-commence-pour-innsbruck-2012\\\/#primaryimage\"},\"thumbnailUrl\":\"https:\\\/\\\/preprod.olympic.ca\\\/olympique\\\/wp-content\\\/uploads\\\/sites\\\/2\\\/2011\\\/01\\\/13394-innsbruck_patsch6.jpg?quality=100\",\"datePublished\":\"2011-01-13T21:30:07+00:00\",\"dateModified\":\"2013-08-01T01:11:45+00:00\",\"author\":{\"@id\":\"https:\\\/\\\/preprod.olympic.ca\\\/olympique\\\/#\\\/schema\\\/person\\\/08d84fd062bf1b56ffb3808cb69aee9c\"},\"inLanguage\":\"fr-FR\",\"potentialAction\":[{\"@type\":\"ReadAction\",\"target\":[\"https:\\\/\\\/preprod.olympic.ca\\\/olympique\\\/2011\\\/01\\\/13\\\/le-compte-a-rebours-commence-pour-innsbruck-2012\\\/\"]}]},{\"@type\":\"ImageObject\",\"inLanguage\":\"fr-FR\",\"@id\":\"https:\\\/\\\/preprod.olympic.ca\\\/olympique\\\/2011\\\/01\\\/13\\\/le-compte-a-rebours-commence-pour-innsbruck-2012\\\/#primaryimage\",\"url\":\"https:\\\/\\\/preprod.olympic.ca\\\/olympique\\\/wp-content\\\/uploads\\\/sites\\\/2\\\/2011\\\/01\\\/13394-innsbruck_patsch6.jpg?quality=100\",\"contentUrl\":\"https:\\\/\\\/preprod.olympic.ca\\\/olympique\\\/wp-content\\\/uploads\\\/sites\\\/2\\\/2011\\\/01\\\/13394-innsbruck_patsch6.jpg?quality=100\",\"width\":800,\"height\":538},{\"@type\":\"WebSite\",\"@id\":\"https:\\\/\\\/preprod.olympic.ca\\\/olympique\\\/#website\",\"url\":\"https:\\\/\\\/preprod.olympic.ca\\\/olympique\\\/\",\"name\":\"\u00c9quipe Canada | Site officiel de l&#039;\u00e9quipe olympique\",\"description\":\"Votre source pour l\u2019\u00c9quipe olympique canadienne. Retrouvez les r\u00e9cits, vid\u00e9os et photos des athl\u00e8tes canadiens, sports olympiques, Jeux olympiques de 2020 et bien plus!\",\"potentialAction\":[{\"@type\":\"SearchAction\",\"target\":{\"@type\":\"EntryPoint\",\"urlTemplate\":\"https:\\\/\\\/preprod.olympic.ca\\\/olympique\\\/?s={search_term_string}\"},\"query-input\":{\"@type\":\"PropertyValueSpecification\",\"valueRequired\":true,\"valueName\":\"search_term_string\"}}],\"inLanguage\":\"fr-FR\"},{\"@type\":\"Person\",\"@id\":\"https:\\\/\\\/preprod.olympic.ca\\\/olympique\\\/#\\\/schema\\\/person\\\/08d84fd062bf1b56ffb3808cb69aee9c\",\"name\":\"cdnolympicteam\",\"image\":{\"@type\":\"ImageObject\",\"inLanguage\":\"fr-FR\",\"@id\":\"https:\\\/\\\/secure.gravatar.com\\\/avatar\\\/5ebf1554473077ab88cd1ec3372750991c09302ef58500182e331751d1f3473b?s=96&d=identicon&r=g7289394c1202ef020fcd9aad965e50f7\",\"url\":\"https:\\\/\\\/secure.gravatar.com\\\/avatar\\\/5ebf1554473077ab88cd1ec3372750991c09302ef58500182e331751d1f3473b?s=96&d=identicon&r=g\",\"contentUrl\":\"https:\\\/\\\/secure.gravatar.com\\\/avatar\\\/5ebf1554473077ab88cd1ec3372750991c09302ef58500182e331751d1f3473b?s=96&d=identicon&r=g\",\"caption\":\"cdnolympicteam\"},\"url\":\"https:\\\/\\\/preprod.olympic.ca\\\/olympique\\\/author\\\/cdnolympicteam\\\/\"}]}<\/script>\n<!-- \/ Yoast SEO plugin. -->","yoast_head_json":{"title":"Le compte \u00e0 rebours commence pour Innsbruck 2012 - \u00c9quipe Canada | Site officiel de l&#039;\u00e9quipe olympique","robots":{"index":"index","follow":"follow","max-snippet":"max-snippet:-1","max-image-preview":"max-image-preview:large","max-video-preview":"max-video-preview:-1"},"canonical":"https:\/\/preprod.olympic.ca\/olympique\/2011\/01\/13\/le-compte-a-rebours-commence-pour-innsbruck-2012\/","og_locale":"fr_FR","og_type":"article","og_title":"Le compte \u00e0 rebours commence pour Innsbruck 2012 - \u00c9quipe Canada | Site officiel de l&#039;\u00e9quipe olympique","og_description":"Dans exactement un an, la ville d\u2019Innsbruck en Autriche sera galvanis\u00e9e, alors que les jeunes athl\u00e8tes du monde entier convergeront...","og_url":"https:\/\/preprod.olympic.ca\/olympique\/2011\/01\/13\/le-compte-a-rebours-commence-pour-innsbruck-2012\/","og_site_name":"\u00c9quipe Canada | Site officiel de l&#039;\u00e9quipe olympique","article_published_time":"2011-01-13T21:30:07+00:00","article_modified_time":"2013-08-01T01:11:45+00:00","og_image":[{"width":800,"height":538,"url":"https:\/\/preprod.olympic.ca\/olympique\/wp-content\/uploads\/sites\/2\/2011\/01\/13394-innsbruck_patsch6.jpg?quality=100","type":"image\/jpeg"}],"author":"Comit\u00e9 olympique canadien","twitter_card":"summary_large_image","twitter_misc":{"Written by":"Comit\u00e9 olympique canadien","Est. reading time":"3 minutes"},"schema":{"@context":"https:\/\/schema.org","@graph":[{"@type":"Article","@id":"https:\/\/preprod.olympic.ca\/olympique\/2011\/01\/13\/le-compte-a-rebours-commence-pour-innsbruck-2012\/#article","isPartOf":{"@id":"https:\/\/preprod.olympic.ca\/olympique\/2011\/01\/13\/le-compte-a-rebours-commence-pour-innsbruck-2012\/"},"author":{"name":"cdnolympicteam","@id":"https:\/\/preprod.olympic.ca\/olympique\/#\/schema\/person\/08d84fd062bf1b56ffb3808cb69aee9c"},"headline":"Le compte \u00e0 rebours commence pour Innsbruck 2012","datePublished":"2011-01-13T21:30:07+00:00","dateModified":"2013-08-01T01:11:45+00:00","mainEntityOfPage":{"@id":"https:\/\/preprod.olympic.ca\/olympique\/2011\/01\/13\/le-compte-a-rebours-commence-pour-innsbruck-2012\/"},"wordCount":668,"commentCount":0,"image":{"@id":"https:\/\/preprod.olympic.ca\/olympique\/2011\/01\/13\/le-compte-a-rebours-commence-pour-innsbruck-2012\/#primaryimage"},"thumbnailUrl":"https:\/\/preprod.olympic.ca\/olympique\/wp-content\/uploads\/sites\/2\/2011\/01\/13394-innsbruck_patsch6.jpg?quality=100","articleSection":["Derni\u00e8res nouvelles"],"inLanguage":"fr-FR","potentialAction":[{"@type":"CommentAction","name":"Comment","target":["https:\/\/preprod.olympic.ca\/olympique\/2011\/01\/13\/le-compte-a-rebours-commence-pour-innsbruck-2012\/#respond"]}]},{"@type":"WebPage","@id":"https:\/\/preprod.olympic.ca\/olympique\/2011\/01\/13\/le-compte-a-rebours-commence-pour-innsbruck-2012\/","url":"https:\/\/preprod.olympic.ca\/olympique\/2011\/01\/13\/le-compte-a-rebours-commence-pour-innsbruck-2012\/","name":"Le compte \u00e0 rebours commence pour Innsbruck 2012 - \u00c9quipe Canada | Site officiel de l&#039;\u00e9quipe olympique","isPartOf":{"@id":"https:\/\/preprod.olympic.ca\/olympique\/#website"},"primaryImageOfPage":{"@id":"https:\/\/preprod.olympic.ca\/olympique\/2011\/01\/13\/le-compte-a-rebours-commence-pour-innsbruck-2012\/#primaryimage"},"image":{"@id":"https:\/\/preprod.olympic.ca\/olympique\/2011\/01\/13\/le-compte-a-rebours-commence-pour-innsbruck-2012\/#primaryimage"},"thumbnailUrl":"https:\/\/preprod.olympic.ca\/olympique\/wp-content\/uploads\/sites\/2\/2011\/01\/13394-innsbruck_patsch6.jpg?quality=100","datePublished":"2011-01-13T21:30:07+00:00","dateModified":"2013-08-01T01:11:45+00:00","author":{"@id":"https:\/\/preprod.olympic.ca\/olympique\/#\/schema\/person\/08d84fd062bf1b56ffb3808cb69aee9c"},"inLanguage":"fr-FR","potentialAction":[{"@type":"ReadAction","target":["https:\/\/preprod.olympic.ca\/olympique\/2011\/01\/13\/le-compte-a-rebours-commence-pour-innsbruck-2012\/"]}]},{"@type":"ImageObject","inLanguage":"fr-FR","@id":"https:\/\/preprod.olympic.ca\/olympique\/2011\/01\/13\/le-compte-a-rebours-commence-pour-innsbruck-2012\/#primaryimage","url":"https:\/\/preprod.olympic.ca\/olympique\/wp-content\/uploads\/sites\/2\/2011\/01\/13394-innsbruck_patsch6.jpg?quality=100","contentUrl":"https:\/\/preprod.olympic.ca\/olympique\/wp-content\/uploads\/sites\/2\/2011\/01\/13394-innsbruck_patsch6.jpg?quality=100","width":800,"height":538},{"@type":"WebSite","@id":"https:\/\/preprod.olympic.ca\/olympique\/#website","url":"https:\/\/preprod.olympic.ca\/olympique\/","name":"\u00c9quipe Canada | Site officiel de l&#039;\u00e9quipe olympique","description":"Votre source pour l\u2019\u00c9quipe olympique canadienne. Retrouvez les r\u00e9cits, vid\u00e9os et photos des athl\u00e8tes canadiens, sports olympiques, Jeux olympiques de 2020 et bien plus!","potentialAction":[{"@type":"SearchAction","target":{"@type":"EntryPoint","urlTemplate":"https:\/\/preprod.olympic.ca\/olympique\/?s={search_term_string}"},"query-input":{"@type":"PropertyValueSpecification","valueRequired":true,"valueName":"search_term_string"}}],"inLanguage":"fr-FR"},{"@type":"Person","@id":"https:\/\/preprod.olympic.ca\/olympique\/#\/schema\/person\/08d84fd062bf1b56ffb3808cb69aee9c","name":"cdnolympicteam","image":{"@type":"ImageObject","inLanguage":"fr-FR","@id":"https:\/\/secure.gravatar.com\/avatar\/5ebf1554473077ab88cd1ec3372750991c09302ef58500182e331751d1f3473b?s=96&d=identicon&r=g7289394c1202ef020fcd9aad965e50f7","url":"https:\/\/secure.gravatar.com\/avatar\/5ebf1554473077ab88cd1ec3372750991c09302ef58500182e331751d1f3473b?s=96&d=identicon&r=g","contentUrl":"https:\/\/secure.gravatar.com\/avatar\/5ebf1554473077ab88cd1ec3372750991c09302ef58500182e331751d1f3473b?s=96&d=identicon&r=g","caption":"cdnolympicteam"},"url":"https:\/\/preprod.olympic.ca\/olympique\/author\/cdnolympicteam\/"}]}},"jetpack_featured_media_url":"https:\/\/preprod.olympic.ca\/olympique\/wp-content\/uploads\/sites\/2\/2011\/01\/13394-innsbruck_patsch6.jpg?quality=100","featured_image_url":"https:\/\/preprod.olympic.ca\/olympique\/wp-content\/uploads\/sites\/2\/2011\/01\/13394-innsbruck_patsch6.jpg?quality=100","author_name":["Comit\u00e9 olympique canadien"],"category_names":["Derni\u00e8res nouvelles"],"tag_names":[],"video_embed_code":"","facebook_video_embed_code":"","jetpack_sharing_enabled":true,"jetpack-related-posts":[],"jetpack_shortlink":"https:\/\/wp.me\/pcGHcP-5dd","_links":{"self":[{"href":"https:\/\/preprod.olympic.ca\/olympique\/wp-json\/wp\/v2\/posts\/20039","targetHints":{"allow":["GET"]}}],"collection":[{"href":"https:\/\/preprod.olympic.ca\/olympique\/wp-json\/wp\/v2\/posts"}],"about":[{"href":"https:\/\/preprod.olympic.ca\/olympique\/wp-json\/wp\/v2\/types\/post"}],"author":[{"embeddable":true,"href":"https:\/\/preprod.olympic.ca\/olympique\/wp-json\/wp\/v2\/users\/47562643"}],"replies":[{"embeddable":true,"href":"https:\/\/preprod.olympic.ca\/olympique\/wp-json\/wp\/v2\/comments?post=20039"}],"version-history":[{"count":1,"href":"https:\/\/preprod.olympic.ca\/olympique\/wp-json\/wp\/v2\/posts\/20039\/revisions"}],"predecessor-version":[{"id":83030,"href":"https:\/\/preprod.olympic.ca\/olympique\/wp-json\/wp\/v2\/posts\/20039\/revisions\/83030"}],"wp:featuredmedia":[{"embeddable":true,"href":"https:\/\/preprod.olympic.ca\/olympique\/wp-json\/wp\/v2\/media\/20843"}],"wp:attachment":[{"href":"https:\/\/preprod.olympic.ca\/olympique\/wp-json\/wp\/v2\/media?parent=20039"}],"wp:term":[{"taxonomy":"category","embeddable":true,"href":"https:\/\/preprod.olympic.ca\/olympique\/wp-json\/wp\/v2\/categories?post=20039"},{"taxonomy":"post_tag","embeddable":true,"href":"https:\/\/preprod.olympic.ca\/olympique\/wp-json\/wp\/v2\/tags?post=20039"},{"taxonomy":"post_format","embeddable":true,"href":"https:\/\/preprod.olympic.ca\/olympique\/wp-json\/wp\/v2\/post_format?post=20039"},{"taxonomy":"sport","embeddable":true,"href":"https:\/\/preprod.olympic.ca\/olympique\/wp-json\/wp\/v2\/sport?post=20039"},{"taxonomy":"game","embeddable":true,"href":"https:\/\/preprod.olympic.ca\/olympique\/wp-json\/wp\/v2\/game?post=20039"},{"taxonomy":"author","embeddable":true,"href":"https:\/\/preprod.olympic.ca\/olympique\/wp-json\/wp\/v2\/coauthors?post=20039"}],"curies":[{"name":"wp","href":"https:\/\/api.w.org\/{rel}","templated":true}]}}