{"id":20142,"date":"2011-02-03T17:56:37","date_gmt":"2011-02-03T22:56:37","guid":{"rendered":"http:\/\/preprod.olympic.ca\/?p=20142"},"modified":"2013-08-01T01:11:50","modified_gmt":"2013-08-01T01:11:50","slug":"quatre-medailles-pour-le-canada-aux-championnats-du-monde","status":"publish","type":"post","link":"https:\/\/preprod.olympic.ca\/olympique\/2011\/02\/03\/quatre-medailles-pour-le-canada-aux-championnats-du-monde\/","title":{"rendered":"Quatre m\u00e9dailles pour le Canada aux Championnats du monde"},"content":{"rendered":"<p><b>Heil y met tout son c\u0153ur\u2026 et remporte son premier titre mondial aux bosses en simple<\/b><\/p>\n<p>Dans des conditions glaciales sur l\u2019un des parcours les plus longs et les plus abrupts du circuit de la Coupe du monde de bosses, l\u2019\u00e9quipe canadienne de ski acrobatique a domin\u00e9, remportant quatre m\u00e9dailles aux bosses en parall\u00e8le dans le cadre des Championnats du monde FIS aujourd\u2019hui.<\/p>\n<p>Chez les femmes, Jenn Heil (Spruce Grove, AB) a ajout\u00e9 \u00e0 son impressionnante collection le titre de championne du monde des bosses en simple, gr\u00e2ce \u00e0 un pointage de 24.35. L\u2019Am\u00e9ricaine Hannah Kearney a termin\u00e9 deuxi\u00e8me (24.31) alors que la Canadienne Kristi Richards de Summerland, C.-B., terminait troisi\u00e8me avec la marque de 23.71.<\/p>\n<p>Heil, qui a annonc\u00e9 la semaine derni\u00e8re que la pr\u00e9sente saison de comp\u00e9tition serait sa derni\u00e8re, a indiqu\u00e9, \u00ab j\u2019ai tent\u00e9 de me concentrer sur le ski, point. J\u2019adore skier, et je savais qu\u2019il s\u2019agissait de l\u2019une de mes derni\u00e8res descentes de l\u2019ann\u00e9e\u2026 J\u2019y ai donc mis tout mon c\u0153ur, c\u2019est vraiment ce sur quoi j\u2019ai tent\u00e9 de me concentrer toute la journ\u00e9e. Quand j\u2019ai entendu le score de Hannah Kearney juste avant de m\u2019\u00e9lancer, \u00e7a m\u2019a vraiment motiv\u00e9e. \u00bb<\/p>\n<p>Cette victoire de Heil la consacre premi\u00e8re athl\u00e8te de bosses \u00e0 remporter le \u00ab grand chelem \u00bb des titres en ski acrobatique, incluant : championne olympique; championne du monde aux bosses en simple; championne du monde aux bosses en parall\u00e8le; championne de la Coupe du monde; championne du classement g\u00e9n\u00e9ral de la Coupe du monde de ski acrobatique; et Recrue de l\u2019ann\u00e9e FIS.<\/p>\n<p>Richards a de son c\u00f4t\u00e9 partag\u00e9 que sa performance d\u2019aujourd\u2019hui lui avait permis de r\u00e9aliser un r\u00eave. \u00ab Mon objectif \u00e9tait de monter sur le podium aux Championnats du monde\u2026 Mission accomplie! \u00bb Elle a ajout\u00e9 avoir h\u00e2te \u00e0 l\u2019\u00e9preuve de bosses en parall\u00e8le, samedi soir. \u00ab J\u2019anticipe avec enthousiasme les \u00e9preuves en parall\u00e8le. Je suis pr\u00eate \u00e0 ouvrir la machine, \u00e0 aller encore plus vite et \u00e0 ne pas trop me soucier des d\u00e9tails techniques. \u00bb<\/p>\n<p>Audrey Robichaud (Qu\u00e9bec, Qc) a termin\u00e9 la journ\u00e9e au 10e rang avec 20.34 points. Chlo\u00e9 Dufour-Lapointe a chut\u00e9 lors des qualifications et a d\u00fb se contenter de la 22e place.<\/p>\n<p>Chez les hommes, une petite erreur commise \u00e0 son deuxi\u00e8me saut a rel\u00e9gu\u00e9 le champion olympique Alex Bilodeau au deuxi\u00e8me rang, avec la marque de 25.66. La victoire est all\u00e9e au Fran\u00e7ais Guilbaut Colas qui a inscrit un total de 26.26 points. Le jeune Mika\u00ebl Kingsbury (Deux-Montagnes, Qc) a remport\u00e9 la m\u00e9daille de bronze en 25.57.<\/p>\n<p>Bilodeau, originaire de Montr\u00e9al, Qc, a indiqu\u00e9, \u00ab je voulais bien contr\u00f4ler ma vitesse pour le saut du haut et l\u2019ex\u00e9cuter sans faille, puis donner le maximum dans la section du milieu. Malheureusement, \u00e0 mon saut du bas, j\u2019ai commis une petite erreur; mes skis se sont frapp\u00e9s ensemble plut\u00f4t que de se croiser. Cette erreur m\u2019a co\u00fbt\u00e9 cher. \u00bb<\/p>\n<p>Bilodeau \u00e9tait n\u00e9anmoins tr\u00e8s heureux de se retrouver sur le podium avec les meneurs actuels du classement de la Coupe du monde.<\/p>\n<p>Kingsbury, quant \u00e0 lui, \u00e9tait en on ne peut plus heureux. \u00ab Je suis tellement content. J\u2019ai peine \u00e0 croire que je suis arriv\u00e9 \u00e0 gravir les marches du podium. Une troisi\u00e8me place aux Championnats du monde, c\u2019est tout simplement incroyable! J\u2019en r\u00eavais depuis l\u2019\u00e2ge de 12 ans\u2026 Aux prochains Championnats du monde, l\u2019objectif sera la victoire! \u00bb<\/p>\n<p>Deux autres hommes canadiens ont acc\u00e9d\u00e9 \u00e0 la finale, cl\u00f4turant ainsi une journ\u00e9e exceptionnelle pour le Canada. C\u00e9dric Rochon (Saint-Sauveur, Qc) a termin\u00e9 7e en 23.72. PA Rousseau (Drummondville, Qc) qui a confi\u00e9 que ces Championnats du monde seraient ses derniers, a termin\u00e9 au 10e rang en 23.14.<\/p>\n","protected":false},"excerpt":{"rendered":"<p>Heil y met tout son c\u0153ur\u2026 et remporte son premier titre mondial aux bosses en simple Dans des conditions glaciales&#8230;<\/p>\n","protected":false},"author":47562643,"featured_media":20966,"comment_status":"open","ping_status":"open","sticky":false,"template":"","format":"standard","meta":{"_acf_changed":false,"_jetpack_memberships_contains_paid_content":false,"footnotes":""},"categories":[70121],"tags":[],"post_format":"standard","sport":[],"game":[],"coauthors":[186127234],"class_list":["post-20142","post","type-post","status-publish","format-standard","has-post-thumbnail","hentry","category-equipe"],"acf":[],"yoast_head":"<!-- This site is optimized with the Yoast SEO plugin v27.3 - https:\/\/yoast.com\/product\/yoast-seo-wordpress\/ -->\n<title>Quatre m\u00e9dailles pour le Canada aux Championnats du monde - \u00c9quipe Canada | Site officiel de l&#039;\u00e9quipe olympique<\/title>\n<meta name=\"robots\" content=\"index, follow, max-snippet:-1, max-image-preview:large, max-video-preview:-1\" \/>\n<link rel=\"canonical\" href=\"https:\/\/preprod.olympic.ca\/olympique\/2011\/02\/03\/quatre-medailles-pour-le-canada-aux-championnats-du-monde\/\" \/>\n<meta property=\"og:locale\" content=\"fr_FR\" \/>\n<meta property=\"og:type\" content=\"article\" \/>\n<meta property=\"og:title\" content=\"Quatre m\u00e9dailles pour le Canada aux Championnats du monde - \u00c9quipe Canada | Site officiel de l&#039;\u00e9quipe olympique\" \/>\n<meta property=\"og:description\" content=\"Heil y met tout son c\u0153ur\u2026 et remporte son premier titre mondial aux bosses en simple Dans des conditions glaciales...\" \/>\n<meta property=\"og:url\" content=\"https:\/\/preprod.olympic.ca\/olympique\/2011\/02\/03\/quatre-medailles-pour-le-canada-aux-championnats-du-monde\/\" \/>\n<meta property=\"og:site_name\" content=\"\u00c9quipe Canada | Site officiel de l&#039;\u00e9quipe olympique\" \/>\n<meta property=\"article:published_time\" content=\"2011-02-03T22:56:37+00:00\" \/>\n<meta property=\"article:modified_time\" content=\"2013-08-01T01:11:50+00:00\" \/>\n<meta property=\"og:image\" content=\"https:\/\/preprod.olympic.ca\/olympique\/wp-content\/uploads\/sites\/2\/2011\/02\/heil-2011-wc6.jpg?quality=100\" \/>\n\t<meta property=\"og:image:width\" content=\"648\" \/>\n\t<meta property=\"og:image:height\" content=\"486\" \/>\n\t<meta property=\"og:image:type\" content=\"image\/jpeg\" \/>\n<meta name=\"author\" content=\"Comit\u00e9 olympique canadien\" \/>\n<meta name=\"twitter:card\" content=\"summary_large_image\" \/>\n<meta name=\"twitter:label1\" content=\"Written by\" \/>\n\t<meta name=\"twitter:data1\" content=\"Comit\u00e9 olympique canadien\" \/>\n\t<meta name=\"twitter:label2\" content=\"Est. reading time\" \/>\n\t<meta name=\"twitter:data2\" content=\"3 minutes\" \/>\n<script type=\"application\/ld+json\" class=\"yoast-schema-graph\">{\"@context\":\"https:\\\/\\\/schema.org\",\"@graph\":[{\"@type\":\"Article\",\"@id\":\"https:\\\/\\\/preprod.olympic.ca\\\/olympique\\\/2011\\\/02\\\/03\\\/quatre-medailles-pour-le-canada-aux-championnats-du-monde\\\/#article\",\"isPartOf\":{\"@id\":\"https:\\\/\\\/preprod.olympic.ca\\\/olympique\\\/2011\\\/02\\\/03\\\/quatre-medailles-pour-le-canada-aux-championnats-du-monde\\\/\"},\"author\":{\"name\":\"cdnolympicteam\",\"@id\":\"https:\\\/\\\/preprod.olympic.ca\\\/olympique\\\/#\\\/schema\\\/person\\\/08d84fd062bf1b56ffb3808cb69aee9c\"},\"headline\":\"Quatre m\u00e9dailles pour le Canada aux Championnats du monde\",\"datePublished\":\"2011-02-03T22:56:37+00:00\",\"dateModified\":\"2013-08-01T01:11:50+00:00\",\"mainEntityOfPage\":{\"@id\":\"https:\\\/\\\/preprod.olympic.ca\\\/olympique\\\/2011\\\/02\\\/03\\\/quatre-medailles-pour-le-canada-aux-championnats-du-monde\\\/\"},\"wordCount\":667,\"commentCount\":0,\"image\":{\"@id\":\"https:\\\/\\\/preprod.olympic.ca\\\/olympique\\\/2011\\\/02\\\/03\\\/quatre-medailles-pour-le-canada-aux-championnats-du-monde\\\/#primaryimage\"},\"thumbnailUrl\":\"https:\\\/\\\/preprod.olympic.ca\\\/olympique\\\/wp-content\\\/uploads\\\/sites\\\/2\\\/2011\\\/02\\\/heil-2011-wc6.jpg?quality=100\",\"articleSection\":[\"Nouvelles de l'equipe\"],\"inLanguage\":\"fr-FR\",\"potentialAction\":[{\"@type\":\"CommentAction\",\"name\":\"Comment\",\"target\":[\"https:\\\/\\\/preprod.olympic.ca\\\/olympique\\\/2011\\\/02\\\/03\\\/quatre-medailles-pour-le-canada-aux-championnats-du-monde\\\/#respond\"]}]},{\"@type\":\"WebPage\",\"@id\":\"https:\\\/\\\/preprod.olympic.ca\\\/olympique\\\/2011\\\/02\\\/03\\\/quatre-medailles-pour-le-canada-aux-championnats-du-monde\\\/\",\"url\":\"https:\\\/\\\/preprod.olympic.ca\\\/olympique\\\/2011\\\/02\\\/03\\\/quatre-medailles-pour-le-canada-aux-championnats-du-monde\\\/\",\"name\":\"Quatre m\u00e9dailles pour le Canada aux Championnats du monde - \u00c9quipe Canada | Site officiel de l&#039;\u00e9quipe olympique\",\"isPartOf\":{\"@id\":\"https:\\\/\\\/preprod.olympic.ca\\\/olympique\\\/#website\"},\"primaryImageOfPage\":{\"@id\":\"https:\\\/\\\/preprod.olympic.ca\\\/olympique\\\/2011\\\/02\\\/03\\\/quatre-medailles-pour-le-canada-aux-championnats-du-monde\\\/#primaryimage\"},\"image\":{\"@id\":\"https:\\\/\\\/preprod.olympic.ca\\\/olympique\\\/2011\\\/02\\\/03\\\/quatre-medailles-pour-le-canada-aux-championnats-du-monde\\\/#primaryimage\"},\"thumbnailUrl\":\"https:\\\/\\\/preprod.olympic.ca\\\/olympique\\\/wp-content\\\/uploads\\\/sites\\\/2\\\/2011\\\/02\\\/heil-2011-wc6.jpg?quality=100\",\"datePublished\":\"2011-02-03T22:56:37+00:00\",\"dateModified\":\"2013-08-01T01:11:50+00:00\",\"author\":{\"@id\":\"https:\\\/\\\/preprod.olympic.ca\\\/olympique\\\/#\\\/schema\\\/person\\\/08d84fd062bf1b56ffb3808cb69aee9c\"},\"inLanguage\":\"fr-FR\",\"potentialAction\":[{\"@type\":\"ReadAction\",\"target\":[\"https:\\\/\\\/preprod.olympic.ca\\\/olympique\\\/2011\\\/02\\\/03\\\/quatre-medailles-pour-le-canada-aux-championnats-du-monde\\\/\"]}]},{\"@type\":\"ImageObject\",\"inLanguage\":\"fr-FR\",\"@id\":\"https:\\\/\\\/preprod.olympic.ca\\\/olympique\\\/2011\\\/02\\\/03\\\/quatre-medailles-pour-le-canada-aux-championnats-du-monde\\\/#primaryimage\",\"url\":\"https:\\\/\\\/preprod.olympic.ca\\\/olympique\\\/wp-content\\\/uploads\\\/sites\\\/2\\\/2011\\\/02\\\/heil-2011-wc6.jpg?quality=100\",\"contentUrl\":\"https:\\\/\\\/preprod.olympic.ca\\\/olympique\\\/wp-content\\\/uploads\\\/sites\\\/2\\\/2011\\\/02\\\/heil-2011-wc6.jpg?quality=100\",\"width\":648,\"height\":486},{\"@type\":\"WebSite\",\"@id\":\"https:\\\/\\\/preprod.olympic.ca\\\/olympique\\\/#website\",\"url\":\"https:\\\/\\\/preprod.olympic.ca\\\/olympique\\\/\",\"name\":\"\u00c9quipe Canada | Site officiel de l&#039;\u00e9quipe olympique\",\"description\":\"Votre source pour l\u2019\u00c9quipe olympique canadienne. Retrouvez les r\u00e9cits, vid\u00e9os et photos des athl\u00e8tes canadiens, sports olympiques, Jeux olympiques de 2020 et bien plus!\",\"potentialAction\":[{\"@type\":\"SearchAction\",\"target\":{\"@type\":\"EntryPoint\",\"urlTemplate\":\"https:\\\/\\\/preprod.olympic.ca\\\/olympique\\\/?s={search_term_string}\"},\"query-input\":{\"@type\":\"PropertyValueSpecification\",\"valueRequired\":true,\"valueName\":\"search_term_string\"}}],\"inLanguage\":\"fr-FR\"},{\"@type\":\"Person\",\"@id\":\"https:\\\/\\\/preprod.olympic.ca\\\/olympique\\\/#\\\/schema\\\/person\\\/08d84fd062bf1b56ffb3808cb69aee9c\",\"name\":\"cdnolympicteam\",\"image\":{\"@type\":\"ImageObject\",\"inLanguage\":\"fr-FR\",\"@id\":\"https:\\\/\\\/secure.gravatar.com\\\/avatar\\\/5ebf1554473077ab88cd1ec3372750991c09302ef58500182e331751d1f3473b?s=96&d=identicon&r=g7289394c1202ef020fcd9aad965e50f7\",\"url\":\"https:\\\/\\\/secure.gravatar.com\\\/avatar\\\/5ebf1554473077ab88cd1ec3372750991c09302ef58500182e331751d1f3473b?s=96&d=identicon&r=g\",\"contentUrl\":\"https:\\\/\\\/secure.gravatar.com\\\/avatar\\\/5ebf1554473077ab88cd1ec3372750991c09302ef58500182e331751d1f3473b?s=96&d=identicon&r=g\",\"caption\":\"cdnolympicteam\"},\"url\":\"https:\\\/\\\/preprod.olympic.ca\\\/olympique\\\/author\\\/cdnolympicteam\\\/\"}]}<\/script>\n<!-- \/ Yoast SEO plugin. -->","yoast_head_json":{"title":"Quatre m\u00e9dailles pour le Canada aux Championnats du monde - \u00c9quipe Canada | Site officiel de l&#039;\u00e9quipe olympique","robots":{"index":"index","follow":"follow","max-snippet":"max-snippet:-1","max-image-preview":"max-image-preview:large","max-video-preview":"max-video-preview:-1"},"canonical":"https:\/\/preprod.olympic.ca\/olympique\/2011\/02\/03\/quatre-medailles-pour-le-canada-aux-championnats-du-monde\/","og_locale":"fr_FR","og_type":"article","og_title":"Quatre m\u00e9dailles pour le Canada aux Championnats du monde - \u00c9quipe Canada | Site officiel de l&#039;\u00e9quipe olympique","og_description":"Heil y met tout son c\u0153ur\u2026 et remporte son premier titre mondial aux bosses en simple Dans des conditions glaciales...","og_url":"https:\/\/preprod.olympic.ca\/olympique\/2011\/02\/03\/quatre-medailles-pour-le-canada-aux-championnats-du-monde\/","og_site_name":"\u00c9quipe Canada | Site officiel de l&#039;\u00e9quipe olympique","article_published_time":"2011-02-03T22:56:37+00:00","article_modified_time":"2013-08-01T01:11:50+00:00","og_image":[{"width":648,"height":486,"url":"https:\/\/preprod.olympic.ca\/olympique\/wp-content\/uploads\/sites\/2\/2011\/02\/heil-2011-wc6.jpg?quality=100","type":"image\/jpeg"}],"author":"Comit\u00e9 olympique canadien","twitter_card":"summary_large_image","twitter_misc":{"Written by":"Comit\u00e9 olympique canadien","Est. reading time":"3 minutes"},"schema":{"@context":"https:\/\/schema.org","@graph":[{"@type":"Article","@id":"https:\/\/preprod.olympic.ca\/olympique\/2011\/02\/03\/quatre-medailles-pour-le-canada-aux-championnats-du-monde\/#article","isPartOf":{"@id":"https:\/\/preprod.olympic.ca\/olympique\/2011\/02\/03\/quatre-medailles-pour-le-canada-aux-championnats-du-monde\/"},"author":{"name":"cdnolympicteam","@id":"https:\/\/preprod.olympic.ca\/olympique\/#\/schema\/person\/08d84fd062bf1b56ffb3808cb69aee9c"},"headline":"Quatre m\u00e9dailles pour le Canada aux Championnats du monde","datePublished":"2011-02-03T22:56:37+00:00","dateModified":"2013-08-01T01:11:50+00:00","mainEntityOfPage":{"@id":"https:\/\/preprod.olympic.ca\/olympique\/2011\/02\/03\/quatre-medailles-pour-le-canada-aux-championnats-du-monde\/"},"wordCount":667,"commentCount":0,"image":{"@id":"https:\/\/preprod.olympic.ca\/olympique\/2011\/02\/03\/quatre-medailles-pour-le-canada-aux-championnats-du-monde\/#primaryimage"},"thumbnailUrl":"https:\/\/preprod.olympic.ca\/olympique\/wp-content\/uploads\/sites\/2\/2011\/02\/heil-2011-wc6.jpg?quality=100","articleSection":["Nouvelles de l'equipe"],"inLanguage":"fr-FR","potentialAction":[{"@type":"CommentAction","name":"Comment","target":["https:\/\/preprod.olympic.ca\/olympique\/2011\/02\/03\/quatre-medailles-pour-le-canada-aux-championnats-du-monde\/#respond"]}]},{"@type":"WebPage","@id":"https:\/\/preprod.olympic.ca\/olympique\/2011\/02\/03\/quatre-medailles-pour-le-canada-aux-championnats-du-monde\/","url":"https:\/\/preprod.olympic.ca\/olympique\/2011\/02\/03\/quatre-medailles-pour-le-canada-aux-championnats-du-monde\/","name":"Quatre m\u00e9dailles pour le Canada aux Championnats du monde - \u00c9quipe Canada | Site officiel de l&#039;\u00e9quipe olympique","isPartOf":{"@id":"https:\/\/preprod.olympic.ca\/olympique\/#website"},"primaryImageOfPage":{"@id":"https:\/\/preprod.olympic.ca\/olympique\/2011\/02\/03\/quatre-medailles-pour-le-canada-aux-championnats-du-monde\/#primaryimage"},"image":{"@id":"https:\/\/preprod.olympic.ca\/olympique\/2011\/02\/03\/quatre-medailles-pour-le-canada-aux-championnats-du-monde\/#primaryimage"},"thumbnailUrl":"https:\/\/preprod.olympic.ca\/olympique\/wp-content\/uploads\/sites\/2\/2011\/02\/heil-2011-wc6.jpg?quality=100","datePublished":"2011-02-03T22:56:37+00:00","dateModified":"2013-08-01T01:11:50+00:00","author":{"@id":"https:\/\/preprod.olympic.ca\/olympique\/#\/schema\/person\/08d84fd062bf1b56ffb3808cb69aee9c"},"inLanguage":"fr-FR","potentialAction":[{"@type":"ReadAction","target":["https:\/\/preprod.olympic.ca\/olympique\/2011\/02\/03\/quatre-medailles-pour-le-canada-aux-championnats-du-monde\/"]}]},{"@type":"ImageObject","inLanguage":"fr-FR","@id":"https:\/\/preprod.olympic.ca\/olympique\/2011\/02\/03\/quatre-medailles-pour-le-canada-aux-championnats-du-monde\/#primaryimage","url":"https:\/\/preprod.olympic.ca\/olympique\/wp-content\/uploads\/sites\/2\/2011\/02\/heil-2011-wc6.jpg?quality=100","contentUrl":"https:\/\/preprod.olympic.ca\/olympique\/wp-content\/uploads\/sites\/2\/2011\/02\/heil-2011-wc6.jpg?quality=100","width":648,"height":486},{"@type":"WebSite","@id":"https:\/\/preprod.olympic.ca\/olympique\/#website","url":"https:\/\/preprod.olympic.ca\/olympique\/","name":"\u00c9quipe Canada | Site officiel de l&#039;\u00e9quipe olympique","description":"Votre source pour l\u2019\u00c9quipe olympique canadienne. Retrouvez les r\u00e9cits, vid\u00e9os et photos des athl\u00e8tes canadiens, sports olympiques, Jeux olympiques de 2020 et bien plus!","potentialAction":[{"@type":"SearchAction","target":{"@type":"EntryPoint","urlTemplate":"https:\/\/preprod.olympic.ca\/olympique\/?s={search_term_string}"},"query-input":{"@type":"PropertyValueSpecification","valueRequired":true,"valueName":"search_term_string"}}],"inLanguage":"fr-FR"},{"@type":"Person","@id":"https:\/\/preprod.olympic.ca\/olympique\/#\/schema\/person\/08d84fd062bf1b56ffb3808cb69aee9c","name":"cdnolympicteam","image":{"@type":"ImageObject","inLanguage":"fr-FR","@id":"https:\/\/secure.gravatar.com\/avatar\/5ebf1554473077ab88cd1ec3372750991c09302ef58500182e331751d1f3473b?s=96&d=identicon&r=g7289394c1202ef020fcd9aad965e50f7","url":"https:\/\/secure.gravatar.com\/avatar\/5ebf1554473077ab88cd1ec3372750991c09302ef58500182e331751d1f3473b?s=96&d=identicon&r=g","contentUrl":"https:\/\/secure.gravatar.com\/avatar\/5ebf1554473077ab88cd1ec3372750991c09302ef58500182e331751d1f3473b?s=96&d=identicon&r=g","caption":"cdnolympicteam"},"url":"https:\/\/preprod.olympic.ca\/olympique\/author\/cdnolympicteam\/"}]}},"jetpack_featured_media_url":"https:\/\/preprod.olympic.ca\/olympique\/wp-content\/uploads\/sites\/2\/2011\/02\/heil-2011-wc6.jpg?quality=100","featured_image_url":"https:\/\/preprod.olympic.ca\/olympique\/wp-content\/uploads\/sites\/2\/2011\/02\/heil-2011-wc6.jpg?quality=100","author_name":["Comit\u00e9 olympique canadien"],"category_names":["Nouvelles de l'equipe"],"tag_names":[],"video_embed_code":"","facebook_video_embed_code":"","jetpack_sharing_enabled":true,"jetpack-related-posts":[],"jetpack_shortlink":"https:\/\/wp.me\/pcGHcP-5eS","_links":{"self":[{"href":"https:\/\/preprod.olympic.ca\/olympique\/wp-json\/wp\/v2\/posts\/20142","targetHints":{"allow":["GET"]}}],"collection":[{"href":"https:\/\/preprod.olympic.ca\/olympique\/wp-json\/wp\/v2\/posts"}],"about":[{"href":"https:\/\/preprod.olympic.ca\/olympique\/wp-json\/wp\/v2\/types\/post"}],"author":[{"embeddable":true,"href":"https:\/\/preprod.olympic.ca\/olympique\/wp-json\/wp\/v2\/users\/47562643"}],"replies":[{"embeddable":true,"href":"https:\/\/preprod.olympic.ca\/olympique\/wp-json\/wp\/v2\/comments?post=20142"}],"version-history":[{"count":1,"href":"https:\/\/preprod.olympic.ca\/olympique\/wp-json\/wp\/v2\/posts\/20142\/revisions"}],"predecessor-version":[{"id":83037,"href":"https:\/\/preprod.olympic.ca\/olympique\/wp-json\/wp\/v2\/posts\/20142\/revisions\/83037"}],"wp:featuredmedia":[{"embeddable":true,"href":"https:\/\/preprod.olympic.ca\/olympique\/wp-json\/wp\/v2\/media\/20966"}],"wp:attachment":[{"href":"https:\/\/preprod.olympic.ca\/olympique\/wp-json\/wp\/v2\/media?parent=20142"}],"wp:term":[{"taxonomy":"category","embeddable":true,"href":"https:\/\/preprod.olympic.ca\/olympique\/wp-json\/wp\/v2\/categories?post=20142"},{"taxonomy":"post_tag","embeddable":true,"href":"https:\/\/preprod.olympic.ca\/olympique\/wp-json\/wp\/v2\/tags?post=20142"},{"taxonomy":"post_format","embeddable":true,"href":"https:\/\/preprod.olympic.ca\/olympique\/wp-json\/wp\/v2\/post_format?post=20142"},{"taxonomy":"sport","embeddable":true,"href":"https:\/\/preprod.olympic.ca\/olympique\/wp-json\/wp\/v2\/sport?post=20142"},{"taxonomy":"game","embeddable":true,"href":"https:\/\/preprod.olympic.ca\/olympique\/wp-json\/wp\/v2\/game?post=20142"},{"taxonomy":"author","embeddable":true,"href":"https:\/\/preprod.olympic.ca\/olympique\/wp-json\/wp\/v2\/coauthors?post=20142"}],"curies":[{"name":"wp","href":"https:\/\/api.w.org\/{rel}","templated":true}]}}