{"id":20184,"date":"2011-02-11T18:49:31","date_gmt":"2011-02-11T23:49:31","guid":{"rendered":"http:\/\/preprod.olympic.ca\/?p=20184"},"modified":"2013-08-01T01:11:56","modified_gmt":"2013-08-01T01:11:56","slug":"un-coup-de-chapeau-pour-le-canada-sur-facebook-et-un-soutien-pour-nos-athletes","status":"publish","type":"post","link":"https:\/\/preprod.olympic.ca\/olympique\/2011\/02\/11\/un-coup-de-chapeau-pour-le-canada-sur-facebook-et-un-soutien-pour-nos-athletes\/","title":{"rendered":"Un coup de chapeau pour le Canada sur Facebook et un soutien pour nos athl\u00e8tes"},"content":{"rendered":"<p>Le Canada a fait beaucoup plus qu\u2019aimer les Jeux olympiques d\u2019hiver de 2010 \u00e0  Vancouver. <\/p>\n<p>Le Canada a ador\u00e9 ces Jeux. Les Jeux de Vancouver 2010 ont contribu\u00e9 \u00e0 unir le pays durant les 17 journ\u00e9es les plus patriotiques de notre histoire.<\/p>\n<p>Et vous? Avez-vous aim\u00e9 regarder le Canada battre le record du nombre de m\u00e9dailles d\u2019or \u00e0 des Jeux olympiques d\u2019hiver? Avez-vous aim\u00e9 regarder Alex Bilodeau gagner la premi\u00e8re m\u00e9daille d\u2019or du Canada en sol canadien? Le programme long charg\u00e9 d\u2019\u00e9motions ex\u00e9cut\u00e9 par Joannie Rochette, a-t-il m\u00e9rit\u00e9 vos acclamations? Vous \u00eates-vous pr\u00e9cipit\u00e9 sur Facebook pour propager la nouvelle de la m\u00e9daille d\u2019or du Canada au hockey?<\/p>\n<p>Aimeriez-vous aider les athl\u00e8tes olympiques canadiens \u00e0 \u00ab explorer sans fin \u00bb leur potentiel?<\/p>\n<p>Le Comit\u00e9 olympique canadien (COC) et la Commission canadienne du tourisme (CCT) ont joint leurs forces sur Facebook dans le cadre d\u2019une campagne visant \u00e0 canaliser toute cette passion et tout ce soutien vers nos athl\u00e8tes espoirs, alors que nous c\u00e9l\u00e9brons le premier anniversaire de Vancouver 2010. <\/p>\n<p>Pour chaque nouveau partisan canadien de la campagne \u00ab Explorez sans fin \u00bb le Canada sur Facebook, un dollar sera remis \u00e0 l\u2019\u00c9quipe olympique canadienne. La promotion se d\u00e9roulera jusqu\u2019au 28 f\u00e9vrier, un an apr\u00e8s la c\u00e9r\u00e9monie de cl\u00f4ture.<\/p>\n<p>\u00ab L\u2019ann\u00e9e derni\u00e8re, pendant les Jeux, les Canadiens ont affich\u00e9 leur fiert\u00e9 pour leur pays comme on arbore une d\u00e9coration honorifique, a d\u00e9clar\u00e9 Gloria Loree, directrice ex\u00e9cutive, Communications internationales, CCT. Cette promotion vise \u00e0 nous faire revivre cette passion, \u00e0 donner un nouvel \u00e9lan \u00e0 nos Olympiens et \u00e0 raconter les savoureuses anecdotes sur le Canada \u00e0 nos partisans. \u00bb<\/p>\n<p>\u00ab C\u2019est une merveilleuse initiative olympique de la CCT, qui permettra d\u2019offrir un soutien financier \u00e0 nos Olympiens qui travaillent fort en vue de repr\u00e9senter le Canada aux Jeux olympiques de 2012 \u00e0 Londres et au-del\u00e0, a ajout\u00e9 Dennis Kim, directeur ex\u00e9cutif, Marketing de la marque au COC. En tant que nation, nous avons gravi les marches du  podium, et il revient \u00e0 nous tous de rallumer la passion ressentie \u00e0 Vancouver. \u00bb <\/p>\n<p>Visitez le <a href=\"http:\/\/www.facebook.com\/Explorezsansfin\">www.facebook.com\/Explorezsansfin<\/a> et \u00ab aimer \u00bb le Canada, ensuite faites passer le mot! Affichez la nouvelle sur votre mur, communiquez-la sur Twitter \u00e0 vos amis. Cela ne co\u00fbte rien, et l\u2019argent amass\u00e9 sera remis \u00e0 l\u2019\u00c9quipe olympique canadienne!<\/p>\n<p>Tirons notre chapeau pour le Canada sur Facebook et appuyons nos athl\u00e8tes.<\/p>\n","protected":false},"excerpt":{"rendered":"<p>Le Canada a fait beaucoup plus qu\u2019aimer les Jeux olympiques d\u2019hiver de 2010 \u00e0 Vancouver. Le Canada a ador\u00e9 ces&#8230;<\/p>\n","protected":false},"author":47562643,"featured_media":21149,"comment_status":"open","ping_status":"open","sticky":false,"template":"","format":"standard","meta":{"_acf_changed":false,"_jetpack_memberships_contains_paid_content":false,"footnotes":""},"categories":[707890],"tags":[],"post_format":"standard","sport":[],"game":[],"coauthors":[186127234],"class_list":["post-20184","post","type-post","status-publish","format-standard","has-post-thumbnail","hentry","category-comite"],"acf":[],"yoast_head":"<!-- This site is optimized with the Yoast SEO plugin v27.3 - https:\/\/yoast.com\/product\/yoast-seo-wordpress\/ -->\n<title>Un coup de chapeau pour le Canada sur Facebook et un soutien pour nos athl\u00e8tes  - \u00c9quipe Canada | Site officiel de l&#039;\u00e9quipe olympique<\/title>\n<meta name=\"robots\" content=\"index, follow, max-snippet:-1, max-image-preview:large, max-video-preview:-1\" \/>\n<link rel=\"canonical\" href=\"https:\/\/preprod.olympic.ca\/olympique\/2011\/02\/11\/un-coup-de-chapeau-pour-le-canada-sur-facebook-et-un-soutien-pour-nos-athletes\/\" \/>\n<meta property=\"og:locale\" content=\"fr_FR\" \/>\n<meta property=\"og:type\" content=\"article\" \/>\n<meta property=\"og:title\" content=\"Un coup de chapeau pour le Canada sur Facebook et un soutien pour nos athl\u00e8tes  - \u00c9quipe Canada | Site officiel de l&#039;\u00e9quipe olympique\" \/>\n<meta property=\"og:description\" content=\"Le Canada a fait beaucoup plus qu\u2019aimer les Jeux olympiques d\u2019hiver de 2010 \u00e0 Vancouver. Le Canada a ador\u00e9 ces...\" \/>\n<meta property=\"og:url\" content=\"https:\/\/preprod.olympic.ca\/olympique\/2011\/02\/11\/un-coup-de-chapeau-pour-le-canada-sur-facebook-et-un-soutien-pour-nos-athletes\/\" \/>\n<meta property=\"og:site_name\" content=\"\u00c9quipe Canada | Site officiel de l&#039;\u00e9quipe olympique\" \/>\n<meta property=\"article:published_time\" content=\"2011-02-11T23:49:31+00:00\" \/>\n<meta property=\"article:modified_time\" content=\"2013-08-01T01:11:56+00:00\" \/>\n<meta property=\"og:image\" content=\"https:\/\/preprod.olympic.ca\/olympique\/wp-content\/uploads\/sites\/2\/2011\/02\/attwdhp96.jpg?quality=100\" \/>\n\t<meta property=\"og:image:width\" content=\"360\" \/>\n\t<meta property=\"og:image:height\" content=\"216\" \/>\n\t<meta property=\"og:image:type\" content=\"image\/jpeg\" \/>\n<meta name=\"author\" content=\"Comit\u00e9 olympique canadien\" \/>\n<meta name=\"twitter:card\" content=\"summary_large_image\" \/>\n<meta name=\"twitter:label1\" content=\"Written by\" \/>\n\t<meta name=\"twitter:data1\" content=\"Comit\u00e9 olympique canadien\" \/>\n\t<meta name=\"twitter:label2\" content=\"Est. reading time\" \/>\n\t<meta name=\"twitter:data2\" content=\"2 minutes\" \/>\n<script type=\"application\/ld+json\" class=\"yoast-schema-graph\">{\"@context\":\"https:\\\/\\\/schema.org\",\"@graph\":[{\"@type\":\"Article\",\"@id\":\"https:\\\/\\\/preprod.olympic.ca\\\/olympique\\\/2011\\\/02\\\/11\\\/un-coup-de-chapeau-pour-le-canada-sur-facebook-et-un-soutien-pour-nos-athletes\\\/#article\",\"isPartOf\":{\"@id\":\"https:\\\/\\\/preprod.olympic.ca\\\/olympique\\\/2011\\\/02\\\/11\\\/un-coup-de-chapeau-pour-le-canada-sur-facebook-et-un-soutien-pour-nos-athletes\\\/\"},\"author\":{\"name\":\"cdnolympicteam\",\"@id\":\"https:\\\/\\\/preprod.olympic.ca\\\/olympique\\\/#\\\/schema\\\/person\\\/08d84fd062bf1b56ffb3808cb69aee9c\"},\"headline\":\"Un coup de chapeau pour le Canada sur Facebook et un soutien pour nos athl\u00e8tes\",\"datePublished\":\"2011-02-11T23:49:31+00:00\",\"dateModified\":\"2013-08-01T01:11:56+00:00\",\"mainEntityOfPage\":{\"@id\":\"https:\\\/\\\/preprod.olympic.ca\\\/olympique\\\/2011\\\/02\\\/11\\\/un-coup-de-chapeau-pour-le-canada-sur-facebook-et-un-soutien-pour-nos-athletes\\\/\"},\"wordCount\":419,\"commentCount\":0,\"image\":{\"@id\":\"https:\\\/\\\/preprod.olympic.ca\\\/olympique\\\/2011\\\/02\\\/11\\\/un-coup-de-chapeau-pour-le-canada-sur-facebook-et-un-soutien-pour-nos-athletes\\\/#primaryimage\"},\"thumbnailUrl\":\"https:\\\/\\\/preprod.olympic.ca\\\/olympique\\\/wp-content\\\/uploads\\\/sites\\\/2\\\/2011\\\/02\\\/attwdhp96.jpg?quality=100\",\"articleSection\":[\"Derni\u00e8res nouvelles\"],\"inLanguage\":\"fr-FR\",\"potentialAction\":[{\"@type\":\"CommentAction\",\"name\":\"Comment\",\"target\":[\"https:\\\/\\\/preprod.olympic.ca\\\/olympique\\\/2011\\\/02\\\/11\\\/un-coup-de-chapeau-pour-le-canada-sur-facebook-et-un-soutien-pour-nos-athletes\\\/#respond\"]}]},{\"@type\":\"WebPage\",\"@id\":\"https:\\\/\\\/preprod.olympic.ca\\\/olympique\\\/2011\\\/02\\\/11\\\/un-coup-de-chapeau-pour-le-canada-sur-facebook-et-un-soutien-pour-nos-athletes\\\/\",\"url\":\"https:\\\/\\\/preprod.olympic.ca\\\/olympique\\\/2011\\\/02\\\/11\\\/un-coup-de-chapeau-pour-le-canada-sur-facebook-et-un-soutien-pour-nos-athletes\\\/\",\"name\":\"Un coup de chapeau pour le Canada sur Facebook et un soutien pour nos athl\u00e8tes - \u00c9quipe Canada | Site officiel de l&#039;\u00e9quipe olympique\",\"isPartOf\":{\"@id\":\"https:\\\/\\\/preprod.olympic.ca\\\/olympique\\\/#website\"},\"primaryImageOfPage\":{\"@id\":\"https:\\\/\\\/preprod.olympic.ca\\\/olympique\\\/2011\\\/02\\\/11\\\/un-coup-de-chapeau-pour-le-canada-sur-facebook-et-un-soutien-pour-nos-athletes\\\/#primaryimage\"},\"image\":{\"@id\":\"https:\\\/\\\/preprod.olympic.ca\\\/olympique\\\/2011\\\/02\\\/11\\\/un-coup-de-chapeau-pour-le-canada-sur-facebook-et-un-soutien-pour-nos-athletes\\\/#primaryimage\"},\"thumbnailUrl\":\"https:\\\/\\\/preprod.olympic.ca\\\/olympique\\\/wp-content\\\/uploads\\\/sites\\\/2\\\/2011\\\/02\\\/attwdhp96.jpg?quality=100\",\"datePublished\":\"2011-02-11T23:49:31+00:00\",\"dateModified\":\"2013-08-01T01:11:56+00:00\",\"author\":{\"@id\":\"https:\\\/\\\/preprod.olympic.ca\\\/olympique\\\/#\\\/schema\\\/person\\\/08d84fd062bf1b56ffb3808cb69aee9c\"},\"inLanguage\":\"fr-FR\",\"potentialAction\":[{\"@type\":\"ReadAction\",\"target\":[\"https:\\\/\\\/preprod.olympic.ca\\\/olympique\\\/2011\\\/02\\\/11\\\/un-coup-de-chapeau-pour-le-canada-sur-facebook-et-un-soutien-pour-nos-athletes\\\/\"]}]},{\"@type\":\"ImageObject\",\"inLanguage\":\"fr-FR\",\"@id\":\"https:\\\/\\\/preprod.olympic.ca\\\/olympique\\\/2011\\\/02\\\/11\\\/un-coup-de-chapeau-pour-le-canada-sur-facebook-et-un-soutien-pour-nos-athletes\\\/#primaryimage\",\"url\":\"https:\\\/\\\/preprod.olympic.ca\\\/olympique\\\/wp-content\\\/uploads\\\/sites\\\/2\\\/2011\\\/02\\\/attwdhp96.jpg?quality=100\",\"contentUrl\":\"https:\\\/\\\/preprod.olympic.ca\\\/olympique\\\/wp-content\\\/uploads\\\/sites\\\/2\\\/2011\\\/02\\\/attwdhp96.jpg?quality=100\",\"width\":360,\"height\":216},{\"@type\":\"WebSite\",\"@id\":\"https:\\\/\\\/preprod.olympic.ca\\\/olympique\\\/#website\",\"url\":\"https:\\\/\\\/preprod.olympic.ca\\\/olympique\\\/\",\"name\":\"\u00c9quipe Canada | Site officiel de l&#039;\u00e9quipe olympique\",\"description\":\"Votre source pour l\u2019\u00c9quipe olympique canadienne. Retrouvez les r\u00e9cits, vid\u00e9os et photos des athl\u00e8tes canadiens, sports olympiques, Jeux olympiques de 2020 et bien plus!\",\"potentialAction\":[{\"@type\":\"SearchAction\",\"target\":{\"@type\":\"EntryPoint\",\"urlTemplate\":\"https:\\\/\\\/preprod.olympic.ca\\\/olympique\\\/?s={search_term_string}\"},\"query-input\":{\"@type\":\"PropertyValueSpecification\",\"valueRequired\":true,\"valueName\":\"search_term_string\"}}],\"inLanguage\":\"fr-FR\"},{\"@type\":\"Person\",\"@id\":\"https:\\\/\\\/preprod.olympic.ca\\\/olympique\\\/#\\\/schema\\\/person\\\/08d84fd062bf1b56ffb3808cb69aee9c\",\"name\":\"cdnolympicteam\",\"image\":{\"@type\":\"ImageObject\",\"inLanguage\":\"fr-FR\",\"@id\":\"https:\\\/\\\/secure.gravatar.com\\\/avatar\\\/5ebf1554473077ab88cd1ec3372750991c09302ef58500182e331751d1f3473b?s=96&d=identicon&r=g7289394c1202ef020fcd9aad965e50f7\",\"url\":\"https:\\\/\\\/secure.gravatar.com\\\/avatar\\\/5ebf1554473077ab88cd1ec3372750991c09302ef58500182e331751d1f3473b?s=96&d=identicon&r=g\",\"contentUrl\":\"https:\\\/\\\/secure.gravatar.com\\\/avatar\\\/5ebf1554473077ab88cd1ec3372750991c09302ef58500182e331751d1f3473b?s=96&d=identicon&r=g\",\"caption\":\"cdnolympicteam\"},\"url\":\"https:\\\/\\\/preprod.olympic.ca\\\/olympique\\\/author\\\/cdnolympicteam\\\/\"}]}<\/script>\n<!-- \/ Yoast SEO plugin. -->","yoast_head_json":{"title":"Un coup de chapeau pour le Canada sur Facebook et un soutien pour nos athl\u00e8tes  - \u00c9quipe Canada | Site officiel de l&#039;\u00e9quipe olympique","robots":{"index":"index","follow":"follow","max-snippet":"max-snippet:-1","max-image-preview":"max-image-preview:large","max-video-preview":"max-video-preview:-1"},"canonical":"https:\/\/preprod.olympic.ca\/olympique\/2011\/02\/11\/un-coup-de-chapeau-pour-le-canada-sur-facebook-et-un-soutien-pour-nos-athletes\/","og_locale":"fr_FR","og_type":"article","og_title":"Un coup de chapeau pour le Canada sur Facebook et un soutien pour nos athl\u00e8tes  - \u00c9quipe Canada | Site officiel de l&#039;\u00e9quipe olympique","og_description":"Le Canada a fait beaucoup plus qu\u2019aimer les Jeux olympiques d\u2019hiver de 2010 \u00e0 Vancouver. Le Canada a ador\u00e9 ces...","og_url":"https:\/\/preprod.olympic.ca\/olympique\/2011\/02\/11\/un-coup-de-chapeau-pour-le-canada-sur-facebook-et-un-soutien-pour-nos-athletes\/","og_site_name":"\u00c9quipe Canada | Site officiel de l&#039;\u00e9quipe olympique","article_published_time":"2011-02-11T23:49:31+00:00","article_modified_time":"2013-08-01T01:11:56+00:00","og_image":[{"width":360,"height":216,"url":"https:\/\/preprod.olympic.ca\/olympique\/wp-content\/uploads\/sites\/2\/2011\/02\/attwdhp96.jpg?quality=100","type":"image\/jpeg"}],"author":"Comit\u00e9 olympique canadien","twitter_card":"summary_large_image","twitter_misc":{"Written by":"Comit\u00e9 olympique canadien","Est. reading time":"2 minutes"},"schema":{"@context":"https:\/\/schema.org","@graph":[{"@type":"Article","@id":"https:\/\/preprod.olympic.ca\/olympique\/2011\/02\/11\/un-coup-de-chapeau-pour-le-canada-sur-facebook-et-un-soutien-pour-nos-athletes\/#article","isPartOf":{"@id":"https:\/\/preprod.olympic.ca\/olympique\/2011\/02\/11\/un-coup-de-chapeau-pour-le-canada-sur-facebook-et-un-soutien-pour-nos-athletes\/"},"author":{"name":"cdnolympicteam","@id":"https:\/\/preprod.olympic.ca\/olympique\/#\/schema\/person\/08d84fd062bf1b56ffb3808cb69aee9c"},"headline":"Un coup de chapeau pour le Canada sur Facebook et un soutien pour nos athl\u00e8tes","datePublished":"2011-02-11T23:49:31+00:00","dateModified":"2013-08-01T01:11:56+00:00","mainEntityOfPage":{"@id":"https:\/\/preprod.olympic.ca\/olympique\/2011\/02\/11\/un-coup-de-chapeau-pour-le-canada-sur-facebook-et-un-soutien-pour-nos-athletes\/"},"wordCount":419,"commentCount":0,"image":{"@id":"https:\/\/preprod.olympic.ca\/olympique\/2011\/02\/11\/un-coup-de-chapeau-pour-le-canada-sur-facebook-et-un-soutien-pour-nos-athletes\/#primaryimage"},"thumbnailUrl":"https:\/\/preprod.olympic.ca\/olympique\/wp-content\/uploads\/sites\/2\/2011\/02\/attwdhp96.jpg?quality=100","articleSection":["Derni\u00e8res nouvelles"],"inLanguage":"fr-FR","potentialAction":[{"@type":"CommentAction","name":"Comment","target":["https:\/\/preprod.olympic.ca\/olympique\/2011\/02\/11\/un-coup-de-chapeau-pour-le-canada-sur-facebook-et-un-soutien-pour-nos-athletes\/#respond"]}]},{"@type":"WebPage","@id":"https:\/\/preprod.olympic.ca\/olympique\/2011\/02\/11\/un-coup-de-chapeau-pour-le-canada-sur-facebook-et-un-soutien-pour-nos-athletes\/","url":"https:\/\/preprod.olympic.ca\/olympique\/2011\/02\/11\/un-coup-de-chapeau-pour-le-canada-sur-facebook-et-un-soutien-pour-nos-athletes\/","name":"Un coup de chapeau pour le Canada sur Facebook et un soutien pour nos athl\u00e8tes - \u00c9quipe Canada | Site officiel de l&#039;\u00e9quipe olympique","isPartOf":{"@id":"https:\/\/preprod.olympic.ca\/olympique\/#website"},"primaryImageOfPage":{"@id":"https:\/\/preprod.olympic.ca\/olympique\/2011\/02\/11\/un-coup-de-chapeau-pour-le-canada-sur-facebook-et-un-soutien-pour-nos-athletes\/#primaryimage"},"image":{"@id":"https:\/\/preprod.olympic.ca\/olympique\/2011\/02\/11\/un-coup-de-chapeau-pour-le-canada-sur-facebook-et-un-soutien-pour-nos-athletes\/#primaryimage"},"thumbnailUrl":"https:\/\/preprod.olympic.ca\/olympique\/wp-content\/uploads\/sites\/2\/2011\/02\/attwdhp96.jpg?quality=100","datePublished":"2011-02-11T23:49:31+00:00","dateModified":"2013-08-01T01:11:56+00:00","author":{"@id":"https:\/\/preprod.olympic.ca\/olympique\/#\/schema\/person\/08d84fd062bf1b56ffb3808cb69aee9c"},"inLanguage":"fr-FR","potentialAction":[{"@type":"ReadAction","target":["https:\/\/preprod.olympic.ca\/olympique\/2011\/02\/11\/un-coup-de-chapeau-pour-le-canada-sur-facebook-et-un-soutien-pour-nos-athletes\/"]}]},{"@type":"ImageObject","inLanguage":"fr-FR","@id":"https:\/\/preprod.olympic.ca\/olympique\/2011\/02\/11\/un-coup-de-chapeau-pour-le-canada-sur-facebook-et-un-soutien-pour-nos-athletes\/#primaryimage","url":"https:\/\/preprod.olympic.ca\/olympique\/wp-content\/uploads\/sites\/2\/2011\/02\/attwdhp96.jpg?quality=100","contentUrl":"https:\/\/preprod.olympic.ca\/olympique\/wp-content\/uploads\/sites\/2\/2011\/02\/attwdhp96.jpg?quality=100","width":360,"height":216},{"@type":"WebSite","@id":"https:\/\/preprod.olympic.ca\/olympique\/#website","url":"https:\/\/preprod.olympic.ca\/olympique\/","name":"\u00c9quipe Canada | Site officiel de l&#039;\u00e9quipe olympique","description":"Votre source pour l\u2019\u00c9quipe olympique canadienne. Retrouvez les r\u00e9cits, vid\u00e9os et photos des athl\u00e8tes canadiens, sports olympiques, Jeux olympiques de 2020 et bien plus!","potentialAction":[{"@type":"SearchAction","target":{"@type":"EntryPoint","urlTemplate":"https:\/\/preprod.olympic.ca\/olympique\/?s={search_term_string}"},"query-input":{"@type":"PropertyValueSpecification","valueRequired":true,"valueName":"search_term_string"}}],"inLanguage":"fr-FR"},{"@type":"Person","@id":"https:\/\/preprod.olympic.ca\/olympique\/#\/schema\/person\/08d84fd062bf1b56ffb3808cb69aee9c","name":"cdnolympicteam","image":{"@type":"ImageObject","inLanguage":"fr-FR","@id":"https:\/\/secure.gravatar.com\/avatar\/5ebf1554473077ab88cd1ec3372750991c09302ef58500182e331751d1f3473b?s=96&d=identicon&r=g7289394c1202ef020fcd9aad965e50f7","url":"https:\/\/secure.gravatar.com\/avatar\/5ebf1554473077ab88cd1ec3372750991c09302ef58500182e331751d1f3473b?s=96&d=identicon&r=g","contentUrl":"https:\/\/secure.gravatar.com\/avatar\/5ebf1554473077ab88cd1ec3372750991c09302ef58500182e331751d1f3473b?s=96&d=identicon&r=g","caption":"cdnolympicteam"},"url":"https:\/\/preprod.olympic.ca\/olympique\/author\/cdnolympicteam\/"}]}},"jetpack_featured_media_url":"https:\/\/preprod.olympic.ca\/olympique\/wp-content\/uploads\/sites\/2\/2011\/02\/attwdhp96.jpg?quality=100","featured_image_url":"https:\/\/preprod.olympic.ca\/olympique\/wp-content\/uploads\/sites\/2\/2011\/02\/attwdhp96.jpg?quality=100","author_name":["Comit\u00e9 olympique canadien"],"category_names":["Derni\u00e8res nouvelles"],"tag_names":[],"video_embed_code":"","facebook_video_embed_code":"","jetpack_sharing_enabled":true,"jetpack-related-posts":[],"jetpack_shortlink":"https:\/\/wp.me\/pcGHcP-5fy","_links":{"self":[{"href":"https:\/\/preprod.olympic.ca\/olympique\/wp-json\/wp\/v2\/posts\/20184","targetHints":{"allow":["GET"]}}],"collection":[{"href":"https:\/\/preprod.olympic.ca\/olympique\/wp-json\/wp\/v2\/posts"}],"about":[{"href":"https:\/\/preprod.olympic.ca\/olympique\/wp-json\/wp\/v2\/types\/post"}],"author":[{"embeddable":true,"href":"https:\/\/preprod.olympic.ca\/olympique\/wp-json\/wp\/v2\/users\/47562643"}],"replies":[{"embeddable":true,"href":"https:\/\/preprod.olympic.ca\/olympique\/wp-json\/wp\/v2\/comments?post=20184"}],"version-history":[{"count":1,"href":"https:\/\/preprod.olympic.ca\/olympique\/wp-json\/wp\/v2\/posts\/20184\/revisions"}],"predecessor-version":[{"id":83043,"href":"https:\/\/preprod.olympic.ca\/olympique\/wp-json\/wp\/v2\/posts\/20184\/revisions\/83043"}],"wp:featuredmedia":[{"embeddable":true,"href":"https:\/\/preprod.olympic.ca\/olympique\/wp-json\/wp\/v2\/media\/21149"}],"wp:attachment":[{"href":"https:\/\/preprod.olympic.ca\/olympique\/wp-json\/wp\/v2\/media?parent=20184"}],"wp:term":[{"taxonomy":"category","embeddable":true,"href":"https:\/\/preprod.olympic.ca\/olympique\/wp-json\/wp\/v2\/categories?post=20184"},{"taxonomy":"post_tag","embeddable":true,"href":"https:\/\/preprod.olympic.ca\/olympique\/wp-json\/wp\/v2\/tags?post=20184"},{"taxonomy":"post_format","embeddable":true,"href":"https:\/\/preprod.olympic.ca\/olympique\/wp-json\/wp\/v2\/post_format?post=20184"},{"taxonomy":"sport","embeddable":true,"href":"https:\/\/preprod.olympic.ca\/olympique\/wp-json\/wp\/v2\/sport?post=20184"},{"taxonomy":"game","embeddable":true,"href":"https:\/\/preprod.olympic.ca\/olympique\/wp-json\/wp\/v2\/game?post=20184"},{"taxonomy":"author","embeddable":true,"href":"https:\/\/preprod.olympic.ca\/olympique\/wp-json\/wp\/v2\/coauthors?post=20184"}],"curies":[{"name":"wp","href":"https:\/\/api.w.org\/{rel}","templated":true}]}}