{"id":20189,"date":"2011-02-11T18:53:12","date_gmt":"2011-02-11T23:53:12","guid":{"rendered":"http:\/\/preprod.olympic.ca\/?p=20189"},"modified":"2013-08-01T01:11:57","modified_gmt":"2013-08-01T01:11:57","slug":"un-an-apres-vancouver-2010-le-paysage-olympique-du-canada-a-change","status":"publish","type":"post","link":"https:\/\/preprod.olympic.ca\/olympique\/2011\/02\/11\/un-an-apres-vancouver-2010-le-paysage-olympique-du-canada-a-change\/","title":{"rendered":"Un an apr\u00e8s Vancouver 2010, le paysage olympique du Canada a chang\u00e9"},"content":{"rendered":"<p><b>Des Jeux exceptionnels qui ont rendu plus forts le sport, les athl\u00e8tes et la nation<\/b><\/p>\n<p>La journ\u00e9e de demain marquera le premier anniversaire de l\u2019ouverture des XXIes Jeux olympiques d\u2019hiver ici, sur la c\u00f4te Ouest du Canada. Pendant tout le reste du mois de f\u00e9vrier, nous avons assist\u00e9 au d\u00e9roulement d\u2019un \u00e9v\u00e9nement qui a contribu\u00e9, de fa\u00e7on incommensurable \u00e0 rendre plus forts les athl\u00e8tes et les sports au Canada et \u00e0 placer le Mouvement olympique au premier plan, dans toute la nation. Et depuis lors, cela n\u2019a pas chang\u00e9.<\/p>\n<p><b>Une nation unie<\/b><\/p>\n<p>\u00ab Nous avons vu que tout comme l\u2019esprit des Jeux de Vancouver, la passion pour les athl\u00e8tes olympiques ne s\u2019est pas \u00e9teinte au Canada, mais s\u2019est plut\u00f4t raffermie, a d\u00e9clar\u00e9 Marcel Aubut, pr\u00e9sident du Comit\u00e9 olympique canadien (COC). L\u2019objectif du Canada doit \u00eatre de suivre et de soutenir les athl\u00e8tes du pays durant les mois et les ann\u00e9es non olympiques. En revenant sur les Jeux de Vancouver, nous trouvons un \u00e9v\u00e9nement qui a chang\u00e9 toute une nation et qui a permis aux Canadiens de se tenir debout, de reconna\u00eetre la puissance du Mouvement olympique et de ressentir la joie d\u2019encourager les athl\u00e8tes canadiens pendant toute l\u2019ann\u00e9e. \u00bb<\/p>\n<p>Il y a un an, les Canadiens ont regard\u00e9 leurs athl\u00e8tes affronter, avec confiance, les meilleurs au monde et atteindre de nouveaux sommets, \u00e0 la maison.  Le plus grand nombre de m\u00e9dailles d\u2019or gagn\u00e9es \u00e0 des Jeux olympiques d\u2019hiver : 14. Le plus grand nombre de m\u00e9dailles remport\u00e9es par le Canada \u00e0 des Jeux olympiques d\u2019hiver : 26. Le plus grand nombre de classements parmi les huit premiers pour le Canada : 72. Un nombre croissant d\u2019athl\u00e8tes qui se sont class\u00e9s au quatri\u00e8me ou au cinqui\u00e8me rang : 24. Qu\u2019il s\u2019agisse de l\u2019historique m\u00e9daille d\u2019or remport\u00e9e par Alex Bilodeau \u00e0 Cypress Mountain, de la m\u00e9daille d\u2019or de Christine Nesbitt \u00e0 l\u2019Anneau de Richmond, de l\u2019inoubliable m\u00e9daille de bronze de Joannie Rochette au Pacific Coliseum, de la descente en or de Jon Montgomery au Centre des sports de glisse de Whistler ou encore de la cinqui\u00e8me place record obtenue par Devon Kershaw \u00e0 l\u2019exigeante \u00e9preuve de 50 km en ski de fond, l\u2019\u00c9quipe olympique canadienne a \u00e9t\u00e9 une source de fiert\u00e9 pour toute la nation, faisant na\u00eetre des souvenirs qui aideront \u00e0 diriger les futurs athl\u00e8tes vers le podium olympique.<\/p>\n<p>Les Jeux olympiques d\u2019hiver de 2010 ont contribu\u00e9 \u00e0 unir 33 millions de Canadiens comme jamais auparavant. L\u2019esprit olympique a atteint de nouveaux sommets alors que les Canadiens \u2013 partisans sportifs ou non \u2013 ont encourag\u00e9 une seule \u00e9quipe, qui a obtenu de fabuleux r\u00e9sultats. Selon la firme Charlton Strategic Research Inc, le sentiment le plus pr\u00e9pond\u00e9rant ressenti par les spectateurs des Jeux olympiques d\u2019hiver de 2010 \u00e9tait la fiert\u00e9 nationale. Elle a trouv\u00e9 que Jeux olympiques d\u2019hiver constituaient la marque sportive \u00e0 laquelle Canadiens sont le plus int\u00e9ress\u00e9s, \u00e0 47 pour cent. (Le pourcentage pour la LNH, en comparaison, est de 36 pour cent.) L\u2019\u00c9quipe olympique canadienne a un auditoire qui comprend tous les groupes d\u2019\u00e2ge et tous les sexes en comparaison aux ligues sportives professionnelles. Des recherches men\u00e9es apr\u00e8s les Jeux olympiques ont \u00e9galement prouv\u00e9 que 94 pour cent des r\u00e9pondants croient qu\u2019il est important de d\u00e9velopper le sport amateur au  Canada; 90 pour cent d\u2019entre eux sont fiers d\u2019\u00eatre Canadiens lorsque l\u2019\u00e9quipe remporte des m\u00e9dailles. La firme Sponsorship Intelligence a d\u00e9couvert, en ao\u00fbt 2010, que l\u2019int\u00e9r\u00eat pour les Jeux olympiques \u00e9tait plus grand que jamais auparavant au Canada et s\u2019\u00e9tait consid\u00e9rablement accru depuis 2006 et 2008.<\/p>\n<p><b>Un syst\u00e8me sportif plus fort<\/b><\/p>\n<p>\u00ab Jamais auparavant n\u2019avons-nous vu des Jeux olympiques avoir un tel impact sur le succ\u00e8s de nos athl\u00e8tes et de nos sports, a d\u00e9clar\u00e9 le chef de la direction du COC Jean R. Dupr\u00e9. Les efforts extraordinaires qui ont \u00e9t\u00e9 mis dans les performances sportives l\u2019ann\u00e9e derni\u00e8re ont contribu\u00e9 \u00e0 mettre cette nation sur une nouvelle voie de succ\u00e8s. Il y a une volont\u00e9 d\u2019atteindre l\u2019excellence olympique \u00e0 chaque \u00e9dition des Jeux au Canada. Nous devons cela \u00e0 Vancouver 2010. \u00bb<\/p>\n<p>Les athl\u00e8tes canadiens, tant des sports d\u2019hiver que d\u2019\u00e9t\u00e9, profitent des succ\u00e8s de 2010, ont plus de ressources que jamais \u00e0 leur disposition pour  concourir contre les meilleurs au monde. Une technologie am\u00e9lior\u00e9e, un entra\u00eenement accru et un investissement plus significatif \u2013 obtenus par le biais du programme technique du COC, \u00c0 nous le podium \u2013 ont permis d\u2019amener les athl\u00e8tes canadiens au sommet de leurs sports respectifs. Nous pouvons illustrer ce fait par plusieurs exemples, m\u00eame s\u2019ils ne sont pas tous aussi \u00e9clatants que les trois m\u00e9dailles gagn\u00e9es par Alex Gough en luge cette ann\u00e9e, soit deux m\u00e9dailles de plus que n\u2019importe quel lugeur canadien en carri\u00e8re \u00e0 la Coupe du monde, et ce, dans un sport historiquement domin\u00e9 par l\u2019Allemagne. Le Canada est maintenant une force dans une grande vari\u00e9t\u00e9 de sports.<\/p>\n<p>En g\u00e9n\u00e9ral, les Jeux de Vancouver ont contribu\u00e9 \u00e0 faire na\u00eetre le sentiment de ne former \u00ab qu\u2019une seule \u00e9quipe \u00bb chez tous les athl\u00e8tes de haut niveau au Canada. Les athl\u00e8tes d\u2019\u00e9t\u00e9 ont d\u00e9j\u00e0 commenc\u00e9 \u00e0 profiter l\u2019\u00e9lan de Vancouver alors qu\u2019ils mettent tout en \u0153uvre en vue de remporter du succ\u00e8s en 2012 \u00e0 Londres \u00bb.<\/p>\n<p><b>Une confiance toute nouvelle<\/b><\/p>\n<p>\u00ab L\u2019h\u00e9ritage des Jeux de Vancouver se retrouve dans cette nouvelle confiance et cette conviction que partagent tous les athl\u00e8tes, entra\u00eeneurs et f\u00e9d\u00e9rations nationales de sport, a comment\u00e9 Caroline Assalian, directrice ex\u00e9cutive principale, Sport et Relations avec les FNS. Ces Jeux ont symbolis\u00e9 le triomphe de l\u2019esprit humain. Nous avons \u00e9t\u00e9 assez audacieux de penser que nous pouvions concourir contre n\u2019importe qui et de gagner, et ce sentiment est partag\u00e9 aujourd\u2019hui par tout le sport canadien. \u00bb<\/p>\n<p>L\u2019\u00c9quipe olympique canadienne s\u2019est pr\u00e9par\u00e9e intens\u00e9ment pour Vancouver, et il y avait chez les athl\u00e8tes le sentiment de pouvoir gagner une m\u00e9daille \u00e0 n\u2019importe quel moment. La r\u00e9colte record de m\u00e9dailles du Canada vient de quelque chose d\u2019intangible : ce n\u2019est pas n\u00e9cessairement le meilleur athl\u00e8te qui gagne, mais celui qui croit qu\u2019il peut gagner.<\/p>\n<p>Une telle confiance a \u00e9t\u00e9 insuffl\u00e9e par les athl\u00e8tes de 2010 non seulement aux athl\u00e8tes des sports d\u2019hiver mais aussi \u00e0 ceux des sports d\u2019\u00e9t\u00e9. Les Jeux de Vancouver 2010 ont aid\u00e9 \u00e0 forger une identit\u00e9 unique pour l\u2019\u00c9quipe olympique canadienne; la confiance et l\u2019audace d\u00e9montr\u00e9es il y a un an se retrouvent chez tous les athl\u00e8tes qui esp\u00e8rent concourir sur la plus grande sc\u00e8ne mondiale.<\/p>\n<p>\u00ab Aujourd\u2019hui, c\u2019est le pays qui gagne \u00bb, a ajout\u00e9 Assalian.<\/p>\n<p>Cette mentalit\u00e9 d\u2019\u00e9quipe unique sera \u00e0 l\u2019avant-sc\u00e8ne \u00e0 Londres, l\u2019ann\u00e9e prochaine, lorsque les meilleurs athl\u00e8tes d\u2019\u00e9t\u00e9 du Canada profiteront de cet \u00e9lan afin d\u2019inscrire un meilleur r\u00e9sultat qu\u2019aux Jeux de Beijing 2008. Apr\u00e8s Londres, l\u2019esprit olympique au Canada gagnera en intensit\u00e9 et guidera les athl\u00e8tes d\u2019hiver vers les Jeux de 2014 \u00e0 Sotchi ou l\u2019\u00e9quipe tentera de convertir les quatri\u00e8mes et cinqui\u00e8mes places obtenues \u00e0  Vancouver en m\u00e9dailles. <\/p>\n","protected":false},"excerpt":{"rendered":"<p>Des Jeux exceptionnels qui ont rendu plus forts le sport, les athl\u00e8tes et la nation La journ\u00e9e de demain marquera&#8230;<\/p>\n","protected":false},"author":47562643,"featured_media":21154,"comment_status":"open","ping_status":"open","sticky":false,"template":"","format":"standard","meta":{"_acf_changed":false,"_jetpack_memberships_contains_paid_content":false,"footnotes":""},"categories":[707890,70121],"tags":[],"post_format":"standard","sport":[],"game":[],"coauthors":[186127234],"class_list":["post-20189","post","type-post","status-publish","format-standard","has-post-thumbnail","hentry","category-comite","category-equipe"],"acf":[],"yoast_head":"<!-- This site is optimized with the Yoast SEO plugin v27.3 - https:\/\/yoast.com\/product\/yoast-seo-wordpress\/ -->\n<title>Un an apr\u00e8s Vancouver 2010, le paysage olympique du Canada a chang\u00e9  - \u00c9quipe Canada | Site officiel de l&#039;\u00e9quipe olympique<\/title>\n<meta name=\"robots\" content=\"index, follow, max-snippet:-1, max-image-preview:large, max-video-preview:-1\" \/>\n<link rel=\"canonical\" href=\"https:\/\/preprod.olympic.ca\/olympique\/2011\/02\/11\/un-an-apres-vancouver-2010-le-paysage-olympique-du-canada-a-change\/\" \/>\n<meta property=\"og:locale\" content=\"fr_FR\" \/>\n<meta property=\"og:type\" content=\"article\" \/>\n<meta property=\"og:title\" content=\"Un an apr\u00e8s Vancouver 2010, le paysage olympique du Canada a chang\u00e9  - \u00c9quipe Canada | Site officiel de l&#039;\u00e9quipe olympique\" \/>\n<meta property=\"og:description\" content=\"Des Jeux exceptionnels qui ont rendu plus forts le sport, les athl\u00e8tes et la nation La journ\u00e9e de demain marquera...\" \/>\n<meta property=\"og:url\" content=\"https:\/\/preprod.olympic.ca\/olympique\/2011\/02\/11\/un-an-apres-vancouver-2010-le-paysage-olympique-du-canada-a-change\/\" \/>\n<meta property=\"og:site_name\" content=\"\u00c9quipe Canada | Site officiel de l&#039;\u00e9quipe olympique\" \/>\n<meta property=\"article:published_time\" content=\"2011-02-11T23:53:12+00:00\" \/>\n<meta property=\"article:modified_time\" content=\"2013-08-01T01:11:57+00:00\" \/>\n<meta property=\"og:image\" content=\"https:\/\/preprod.olympic.ca\/olympique\/wp-content\/uploads\/sites\/2\/2011\/02\/closing-ceremony-shot5.jpg?resize=1131,754\" \/>\n\t<meta property=\"og:image:width\" content=\"1131\" \/>\n\t<meta property=\"og:image:height\" content=\"754\" \/>\n\t<meta property=\"og:image:type\" content=\"image\/jpeg\" \/>\n<meta name=\"author\" content=\"Comit\u00e9 olympique canadien\" \/>\n<meta name=\"twitter:card\" content=\"summary_large_image\" \/>\n<meta name=\"twitter:label1\" content=\"Written by\" \/>\n\t<meta name=\"twitter:data1\" content=\"Comit\u00e9 olympique canadien\" \/>\n\t<meta name=\"twitter:label2\" content=\"Est. reading time\" \/>\n\t<meta name=\"twitter:data2\" content=\"6 minutes\" \/>\n<script type=\"application\/ld+json\" class=\"yoast-schema-graph\">{\"@context\":\"https:\\\/\\\/schema.org\",\"@graph\":[{\"@type\":\"Article\",\"@id\":\"https:\\\/\\\/preprod.olympic.ca\\\/olympique\\\/2011\\\/02\\\/11\\\/un-an-apres-vancouver-2010-le-paysage-olympique-du-canada-a-change\\\/#article\",\"isPartOf\":{\"@id\":\"https:\\\/\\\/preprod.olympic.ca\\\/olympique\\\/2011\\\/02\\\/11\\\/un-an-apres-vancouver-2010-le-paysage-olympique-du-canada-a-change\\\/\"},\"author\":{\"name\":\"cdnolympicteam\",\"@id\":\"https:\\\/\\\/preprod.olympic.ca\\\/olympique\\\/#\\\/schema\\\/person\\\/08d84fd062bf1b56ffb3808cb69aee9c\"},\"headline\":\"Un an apr\u00e8s Vancouver 2010, le paysage olympique du Canada a chang\u00e9\",\"datePublished\":\"2011-02-11T23:53:12+00:00\",\"dateModified\":\"2013-08-01T01:11:57+00:00\",\"mainEntityOfPage\":{\"@id\":\"https:\\\/\\\/preprod.olympic.ca\\\/olympique\\\/2011\\\/02\\\/11\\\/un-an-apres-vancouver-2010-le-paysage-olympique-du-canada-a-change\\\/\"},\"wordCount\":1270,\"commentCount\":0,\"image\":{\"@id\":\"https:\\\/\\\/preprod.olympic.ca\\\/olympique\\\/2011\\\/02\\\/11\\\/un-an-apres-vancouver-2010-le-paysage-olympique-du-canada-a-change\\\/#primaryimage\"},\"thumbnailUrl\":\"https:\\\/\\\/preprod.olympic.ca\\\/olympique\\\/wp-content\\\/uploads\\\/sites\\\/2\\\/2011\\\/02\\\/closing-ceremony-shot5.jpg?quality=100\",\"articleSection\":[\"Derni\u00e8res nouvelles\",\"Nouvelles de l'equipe\"],\"inLanguage\":\"fr-FR\",\"potentialAction\":[{\"@type\":\"CommentAction\",\"name\":\"Comment\",\"target\":[\"https:\\\/\\\/preprod.olympic.ca\\\/olympique\\\/2011\\\/02\\\/11\\\/un-an-apres-vancouver-2010-le-paysage-olympique-du-canada-a-change\\\/#respond\"]}]},{\"@type\":\"WebPage\",\"@id\":\"https:\\\/\\\/preprod.olympic.ca\\\/olympique\\\/2011\\\/02\\\/11\\\/un-an-apres-vancouver-2010-le-paysage-olympique-du-canada-a-change\\\/\",\"url\":\"https:\\\/\\\/preprod.olympic.ca\\\/olympique\\\/2011\\\/02\\\/11\\\/un-an-apres-vancouver-2010-le-paysage-olympique-du-canada-a-change\\\/\",\"name\":\"Un an apr\u00e8s Vancouver 2010, le paysage olympique du Canada a chang\u00e9 - \u00c9quipe Canada | Site officiel de l&#039;\u00e9quipe olympique\",\"isPartOf\":{\"@id\":\"https:\\\/\\\/preprod.olympic.ca\\\/olympique\\\/#website\"},\"primaryImageOfPage\":{\"@id\":\"https:\\\/\\\/preprod.olympic.ca\\\/olympique\\\/2011\\\/02\\\/11\\\/un-an-apres-vancouver-2010-le-paysage-olympique-du-canada-a-change\\\/#primaryimage\"},\"image\":{\"@id\":\"https:\\\/\\\/preprod.olympic.ca\\\/olympique\\\/2011\\\/02\\\/11\\\/un-an-apres-vancouver-2010-le-paysage-olympique-du-canada-a-change\\\/#primaryimage\"},\"thumbnailUrl\":\"https:\\\/\\\/preprod.olympic.ca\\\/olympique\\\/wp-content\\\/uploads\\\/sites\\\/2\\\/2011\\\/02\\\/closing-ceremony-shot5.jpg?quality=100\",\"datePublished\":\"2011-02-11T23:53:12+00:00\",\"dateModified\":\"2013-08-01T01:11:57+00:00\",\"author\":{\"@id\":\"https:\\\/\\\/preprod.olympic.ca\\\/olympique\\\/#\\\/schema\\\/person\\\/08d84fd062bf1b56ffb3808cb69aee9c\"},\"inLanguage\":\"fr-FR\",\"potentialAction\":[{\"@type\":\"ReadAction\",\"target\":[\"https:\\\/\\\/preprod.olympic.ca\\\/olympique\\\/2011\\\/02\\\/11\\\/un-an-apres-vancouver-2010-le-paysage-olympique-du-canada-a-change\\\/\"]}]},{\"@type\":\"ImageObject\",\"inLanguage\":\"fr-FR\",\"@id\":\"https:\\\/\\\/preprod.olympic.ca\\\/olympique\\\/2011\\\/02\\\/11\\\/un-an-apres-vancouver-2010-le-paysage-olympique-du-canada-a-change\\\/#primaryimage\",\"url\":\"https:\\\/\\\/preprod.olympic.ca\\\/olympique\\\/wp-content\\\/uploads\\\/sites\\\/2\\\/2011\\\/02\\\/closing-ceremony-shot5.jpg?quality=100\",\"contentUrl\":\"https:\\\/\\\/preprod.olympic.ca\\\/olympique\\\/wp-content\\\/uploads\\\/sites\\\/2\\\/2011\\\/02\\\/closing-ceremony-shot5.jpg?quality=100\",\"width\":4896,\"height\":3264},{\"@type\":\"WebSite\",\"@id\":\"https:\\\/\\\/preprod.olympic.ca\\\/olympique\\\/#website\",\"url\":\"https:\\\/\\\/preprod.olympic.ca\\\/olympique\\\/\",\"name\":\"\u00c9quipe Canada | Site officiel de l&#039;\u00e9quipe olympique\",\"description\":\"Votre source pour l\u2019\u00c9quipe olympique canadienne. Retrouvez les r\u00e9cits, vid\u00e9os et photos des athl\u00e8tes canadiens, sports olympiques, Jeux olympiques de 2020 et bien plus!\",\"potentialAction\":[{\"@type\":\"SearchAction\",\"target\":{\"@type\":\"EntryPoint\",\"urlTemplate\":\"https:\\\/\\\/preprod.olympic.ca\\\/olympique\\\/?s={search_term_string}\"},\"query-input\":{\"@type\":\"PropertyValueSpecification\",\"valueRequired\":true,\"valueName\":\"search_term_string\"}}],\"inLanguage\":\"fr-FR\"},{\"@type\":\"Person\",\"@id\":\"https:\\\/\\\/preprod.olympic.ca\\\/olympique\\\/#\\\/schema\\\/person\\\/08d84fd062bf1b56ffb3808cb69aee9c\",\"name\":\"cdnolympicteam\",\"image\":{\"@type\":\"ImageObject\",\"inLanguage\":\"fr-FR\",\"@id\":\"https:\\\/\\\/secure.gravatar.com\\\/avatar\\\/5ebf1554473077ab88cd1ec3372750991c09302ef58500182e331751d1f3473b?s=96&d=identicon&r=g7289394c1202ef020fcd9aad965e50f7\",\"url\":\"https:\\\/\\\/secure.gravatar.com\\\/avatar\\\/5ebf1554473077ab88cd1ec3372750991c09302ef58500182e331751d1f3473b?s=96&d=identicon&r=g\",\"contentUrl\":\"https:\\\/\\\/secure.gravatar.com\\\/avatar\\\/5ebf1554473077ab88cd1ec3372750991c09302ef58500182e331751d1f3473b?s=96&d=identicon&r=g\",\"caption\":\"cdnolympicteam\"},\"url\":\"https:\\\/\\\/preprod.olympic.ca\\\/olympique\\\/author\\\/cdnolympicteam\\\/\"}]}<\/script>\n<!-- \/ Yoast SEO plugin. -->","yoast_head_json":{"title":"Un an apr\u00e8s Vancouver 2010, le paysage olympique du Canada a chang\u00e9  - \u00c9quipe Canada | Site officiel de l&#039;\u00e9quipe olympique","robots":{"index":"index","follow":"follow","max-snippet":"max-snippet:-1","max-image-preview":"max-image-preview:large","max-video-preview":"max-video-preview:-1"},"canonical":"https:\/\/preprod.olympic.ca\/olympique\/2011\/02\/11\/un-an-apres-vancouver-2010-le-paysage-olympique-du-canada-a-change\/","og_locale":"fr_FR","og_type":"article","og_title":"Un an apr\u00e8s Vancouver 2010, le paysage olympique du Canada a chang\u00e9  - \u00c9quipe Canada | Site officiel de l&#039;\u00e9quipe olympique","og_description":"Des Jeux exceptionnels qui ont rendu plus forts le sport, les athl\u00e8tes et la nation La journ\u00e9e de demain marquera...","og_url":"https:\/\/preprod.olympic.ca\/olympique\/2011\/02\/11\/un-an-apres-vancouver-2010-le-paysage-olympique-du-canada-a-change\/","og_site_name":"\u00c9quipe Canada | Site officiel de l&#039;\u00e9quipe olympique","article_published_time":"2011-02-11T23:53:12+00:00","article_modified_time":"2013-08-01T01:11:57+00:00","og_image":[{"width":1131,"height":754,"url":"https:\/\/preprod.olympic.ca\/olympique\/wp-content\/uploads\/sites\/2\/2011\/02\/closing-ceremony-shot5.jpg?resize=1131,754","type":"image\/jpeg"}],"author":"Comit\u00e9 olympique canadien","twitter_card":"summary_large_image","twitter_misc":{"Written by":"Comit\u00e9 olympique canadien","Est. reading time":"6 minutes"},"schema":{"@context":"https:\/\/schema.org","@graph":[{"@type":"Article","@id":"https:\/\/preprod.olympic.ca\/olympique\/2011\/02\/11\/un-an-apres-vancouver-2010-le-paysage-olympique-du-canada-a-change\/#article","isPartOf":{"@id":"https:\/\/preprod.olympic.ca\/olympique\/2011\/02\/11\/un-an-apres-vancouver-2010-le-paysage-olympique-du-canada-a-change\/"},"author":{"name":"cdnolympicteam","@id":"https:\/\/preprod.olympic.ca\/olympique\/#\/schema\/person\/08d84fd062bf1b56ffb3808cb69aee9c"},"headline":"Un an apr\u00e8s Vancouver 2010, le paysage olympique du Canada a chang\u00e9","datePublished":"2011-02-11T23:53:12+00:00","dateModified":"2013-08-01T01:11:57+00:00","mainEntityOfPage":{"@id":"https:\/\/preprod.olympic.ca\/olympique\/2011\/02\/11\/un-an-apres-vancouver-2010-le-paysage-olympique-du-canada-a-change\/"},"wordCount":1270,"commentCount":0,"image":{"@id":"https:\/\/preprod.olympic.ca\/olympique\/2011\/02\/11\/un-an-apres-vancouver-2010-le-paysage-olympique-du-canada-a-change\/#primaryimage"},"thumbnailUrl":"https:\/\/preprod.olympic.ca\/olympique\/wp-content\/uploads\/sites\/2\/2011\/02\/closing-ceremony-shot5.jpg?quality=100","articleSection":["Derni\u00e8res nouvelles","Nouvelles de l'equipe"],"inLanguage":"fr-FR","potentialAction":[{"@type":"CommentAction","name":"Comment","target":["https:\/\/preprod.olympic.ca\/olympique\/2011\/02\/11\/un-an-apres-vancouver-2010-le-paysage-olympique-du-canada-a-change\/#respond"]}]},{"@type":"WebPage","@id":"https:\/\/preprod.olympic.ca\/olympique\/2011\/02\/11\/un-an-apres-vancouver-2010-le-paysage-olympique-du-canada-a-change\/","url":"https:\/\/preprod.olympic.ca\/olympique\/2011\/02\/11\/un-an-apres-vancouver-2010-le-paysage-olympique-du-canada-a-change\/","name":"Un an apr\u00e8s Vancouver 2010, le paysage olympique du Canada a chang\u00e9 - \u00c9quipe Canada | Site officiel de l&#039;\u00e9quipe olympique","isPartOf":{"@id":"https:\/\/preprod.olympic.ca\/olympique\/#website"},"primaryImageOfPage":{"@id":"https:\/\/preprod.olympic.ca\/olympique\/2011\/02\/11\/un-an-apres-vancouver-2010-le-paysage-olympique-du-canada-a-change\/#primaryimage"},"image":{"@id":"https:\/\/preprod.olympic.ca\/olympique\/2011\/02\/11\/un-an-apres-vancouver-2010-le-paysage-olympique-du-canada-a-change\/#primaryimage"},"thumbnailUrl":"https:\/\/preprod.olympic.ca\/olympique\/wp-content\/uploads\/sites\/2\/2011\/02\/closing-ceremony-shot5.jpg?quality=100","datePublished":"2011-02-11T23:53:12+00:00","dateModified":"2013-08-01T01:11:57+00:00","author":{"@id":"https:\/\/preprod.olympic.ca\/olympique\/#\/schema\/person\/08d84fd062bf1b56ffb3808cb69aee9c"},"inLanguage":"fr-FR","potentialAction":[{"@type":"ReadAction","target":["https:\/\/preprod.olympic.ca\/olympique\/2011\/02\/11\/un-an-apres-vancouver-2010-le-paysage-olympique-du-canada-a-change\/"]}]},{"@type":"ImageObject","inLanguage":"fr-FR","@id":"https:\/\/preprod.olympic.ca\/olympique\/2011\/02\/11\/un-an-apres-vancouver-2010-le-paysage-olympique-du-canada-a-change\/#primaryimage","url":"https:\/\/preprod.olympic.ca\/olympique\/wp-content\/uploads\/sites\/2\/2011\/02\/closing-ceremony-shot5.jpg?quality=100","contentUrl":"https:\/\/preprod.olympic.ca\/olympique\/wp-content\/uploads\/sites\/2\/2011\/02\/closing-ceremony-shot5.jpg?quality=100","width":4896,"height":3264},{"@type":"WebSite","@id":"https:\/\/preprod.olympic.ca\/olympique\/#website","url":"https:\/\/preprod.olympic.ca\/olympique\/","name":"\u00c9quipe Canada | Site officiel de l&#039;\u00e9quipe olympique","description":"Votre source pour l\u2019\u00c9quipe olympique canadienne. Retrouvez les r\u00e9cits, vid\u00e9os et photos des athl\u00e8tes canadiens, sports olympiques, Jeux olympiques de 2020 et bien plus!","potentialAction":[{"@type":"SearchAction","target":{"@type":"EntryPoint","urlTemplate":"https:\/\/preprod.olympic.ca\/olympique\/?s={search_term_string}"},"query-input":{"@type":"PropertyValueSpecification","valueRequired":true,"valueName":"search_term_string"}}],"inLanguage":"fr-FR"},{"@type":"Person","@id":"https:\/\/preprod.olympic.ca\/olympique\/#\/schema\/person\/08d84fd062bf1b56ffb3808cb69aee9c","name":"cdnolympicteam","image":{"@type":"ImageObject","inLanguage":"fr-FR","@id":"https:\/\/secure.gravatar.com\/avatar\/5ebf1554473077ab88cd1ec3372750991c09302ef58500182e331751d1f3473b?s=96&d=identicon&r=g7289394c1202ef020fcd9aad965e50f7","url":"https:\/\/secure.gravatar.com\/avatar\/5ebf1554473077ab88cd1ec3372750991c09302ef58500182e331751d1f3473b?s=96&d=identicon&r=g","contentUrl":"https:\/\/secure.gravatar.com\/avatar\/5ebf1554473077ab88cd1ec3372750991c09302ef58500182e331751d1f3473b?s=96&d=identicon&r=g","caption":"cdnolympicteam"},"url":"https:\/\/preprod.olympic.ca\/olympique\/author\/cdnolympicteam\/"}]}},"jetpack_featured_media_url":"https:\/\/preprod.olympic.ca\/olympique\/wp-content\/uploads\/sites\/2\/2011\/02\/closing-ceremony-shot5.jpg?quality=100","featured_image_url":"https:\/\/preprod.olympic.ca\/olympique\/wp-content\/uploads\/sites\/2\/2011\/02\/closing-ceremony-shot5.jpg?quality=100","author_name":["Comit\u00e9 olympique canadien"],"category_names":["Derni\u00e8res nouvelles","Nouvelles de l'equipe"],"tag_names":[],"video_embed_code":"","facebook_video_embed_code":"","jetpack_sharing_enabled":true,"jetpack-related-posts":[],"jetpack_shortlink":"https:\/\/wp.me\/pcGHcP-5fD","_links":{"self":[{"href":"https:\/\/preprod.olympic.ca\/olympique\/wp-json\/wp\/v2\/posts\/20189","targetHints":{"allow":["GET"]}}],"collection":[{"href":"https:\/\/preprod.olympic.ca\/olympique\/wp-json\/wp\/v2\/posts"}],"about":[{"href":"https:\/\/preprod.olympic.ca\/olympique\/wp-json\/wp\/v2\/types\/post"}],"author":[{"embeddable":true,"href":"https:\/\/preprod.olympic.ca\/olympique\/wp-json\/wp\/v2\/users\/47562643"}],"replies":[{"embeddable":true,"href":"https:\/\/preprod.olympic.ca\/olympique\/wp-json\/wp\/v2\/comments?post=20189"}],"version-history":[{"count":1,"href":"https:\/\/preprod.olympic.ca\/olympique\/wp-json\/wp\/v2\/posts\/20189\/revisions"}],"predecessor-version":[{"id":83044,"href":"https:\/\/preprod.olympic.ca\/olympique\/wp-json\/wp\/v2\/posts\/20189\/revisions\/83044"}],"wp:featuredmedia":[{"embeddable":true,"href":"https:\/\/preprod.olympic.ca\/olympique\/wp-json\/wp\/v2\/media\/21154"}],"wp:attachment":[{"href":"https:\/\/preprod.olympic.ca\/olympique\/wp-json\/wp\/v2\/media?parent=20189"}],"wp:term":[{"taxonomy":"category","embeddable":true,"href":"https:\/\/preprod.olympic.ca\/olympique\/wp-json\/wp\/v2\/categories?post=20189"},{"taxonomy":"post_tag","embeddable":true,"href":"https:\/\/preprod.olympic.ca\/olympique\/wp-json\/wp\/v2\/tags?post=20189"},{"taxonomy":"post_format","embeddable":true,"href":"https:\/\/preprod.olympic.ca\/olympique\/wp-json\/wp\/v2\/post_format?post=20189"},{"taxonomy":"sport","embeddable":true,"href":"https:\/\/preprod.olympic.ca\/olympique\/wp-json\/wp\/v2\/sport?post=20189"},{"taxonomy":"game","embeddable":true,"href":"https:\/\/preprod.olympic.ca\/olympique\/wp-json\/wp\/v2\/game?post=20189"},{"taxonomy":"author","embeddable":true,"href":"https:\/\/preprod.olympic.ca\/olympique\/wp-json\/wp\/v2\/coauthors?post=20189"}],"curies":[{"name":"wp","href":"https:\/\/api.w.org\/{rel}","templated":true}]}}