{"id":20209,"date":"2011-02-17T19:03:40","date_gmt":"2011-02-18T00:03:40","guid":{"rendered":"http:\/\/preprod.olympic.ca\/?p=20209"},"modified":"2013-08-01T01:11:59","modified_gmt":"2013-08-01T01:11:59","slug":"darla-deschamps-fait-sa-marque-dans-le-monde-du-skeleton","status":"publish","type":"post","link":"https:\/\/preprod.olympic.ca\/olympique\/2011\/02\/17\/darla-deschamps-fait-sa-marque-dans-le-monde-du-skeleton\/","title":{"rendered":"Darla Deschamps fait sa marque dans le monde du skeleton"},"content":{"rendered":"<p>Pour une recrue, Darla Deschamps fait para\u00eetre le skeleton facile.<\/p>\n<p>Apr\u00e8s avoir domin\u00e9 le circuit de la Coupe internationale pendant la premi\u00e8re moiti\u00e9 de la saison, Deschamps a inscrit des r\u00e9sultats spectaculaires \u00e0 chacune des \u00e9preuves auxquelles elle a particip\u00e9 \u00e0 sa premi\u00e8re saison en Coupe du monde. Elle a \u00e9t\u00e9 r\u00e9compens\u00e9e en remportant sa premi\u00e8re m\u00e9daille \u00e0 la Coupe du monde, le 4 f\u00e9vrier, en Italie, une m\u00e9daille de bronze.\t<\/p>\n<p>\u00ab Je me suis sentie fi\u00e8re de repr\u00e9senter le Canada sur le podium, a d\u00e9clar\u00e9 Deschamps \u00e0 Olympic.ca. C\u2019\u00e9tait formidable d\u2019avoir r\u00e9alis\u00e9 cet exploit. \u00bb<\/p>\n<p>Comment avez-vous c\u00e9l\u00e9br\u00e9 l\u2019atteinte d\u2019un objectif personnel et professionnel?<\/p>\n<p>\u00ab Nous avons eu un merveilleux souper d\u2019\u00e9quipe, mais nous ne sommes pas sortis, a racont\u00e9 Deschamps. En fait, nous sommes revenus dans la chambre et avons regard\u00e9 un film. Nous \u00e9tions simplement \u00e9puis\u00e9s! \u00bb<\/p>\n<p>Le parcours de Deschamps jusqu\u2019au podium de la Coupe du monde en Italie a commenc\u00e9 lorsque le skeleton a \u00e9t\u00e9 r\u00e9introduit dans le programme olympique lors des Jeux olympiques d\u2019hiver de 2002. \u00ab Je suis une accro \u00e0 l\u2019adr\u00e9naline, raconte-t-elle. J\u2019ai fait du saut \u00e0 l\u2019\u00e9lastique, du parachutisme, j\u2019ai nag\u00e9 avec les requins. \u00bb<\/p>\n<p>Une rencontre fortuite avec l\u2019\u00e9quipe mexicaine de bobsleigh alors qu\u2019elle travaillait comme serveuse \u00e0 Calgary, il y a cinq ans, a scell\u00e9 son sort : elle devrait essayer ce sport. \u00ab J\u2019ai pens\u00e9 : \u201cC\u2019est dans ma cour\u201d. Alors, j\u2019ai suivi des cours. Ce fut terrifiant et excitant en m\u00eame temps. Je ne me rappelle pas grand-chose de cette premi\u00e8re le\u00e7on, mais \u00e0 la fin, j\u2019\u00e9tais tout sourire! \u00bb, raconte-t-elle.<\/p>\n<p>Cinq ans plus tard, Deschamps a gravi de mani\u00e8re constante les rangs de la sc\u00e8ne nationale et internationale du skeleton et gagn\u00e9 sa premi\u00e8re m\u00e9daille en Coupe du monde en tant que recrue.<\/p>\n<p>\u00ab Ce que j\u2019aime le plus, c\u2019est le fait d\u2019\u00eatre en mesure de vivre son r\u00eave, sa passion, commente-t-elle. \u00catre capable de se battre en vue d\u2019atteindre ses objectifs et les r\u00e9aliser. Je suis tr\u00e8s chanceuse. \u00bb  <\/p>\n<p>Maintenant qu\u2019elle est dans l\u2019\u00e9quipe nationale du Canada et qu\u2019elle voyage sur le circuit de la Coupe du monde, elle peut passer plus de temps sur la route avec son fianc\u00e9, le m\u00e9daill\u00e9 d\u2019or olympique Jon Montgomery. Ils se marieront cet \u00e9t\u00e9.<\/p>\n<p>\u00ab Jon est une grande source d\u2019inspiration pour moi. Cela aide d\u2019avoir un partenaire pour partager les hauts et les bas et pour se soutenir l\u2019un l\u2019autre. C\u2019est un facteur cl\u00e9 dans ce que nous faisons. Nous avons les m\u00eames objectifs et nous savons ce que cela implique de les r\u00e9aliser. \u00bb<\/p>\n<p>Les objectifs de Deschamps sont des plus ambitieux. Elle veut remporter un Championnat du monde (elle participera \u00e0 son premier championnat le 25 f\u00e9vrier), un titre g\u00e9n\u00e9ral \u00e0 la Coupe du monde et une m\u00e9daille d\u2019or olympique \u00e0 Sotchi.<\/p>\n<p>Il y a neuf ans, elle n\u2019avait jamais vu une comp\u00e9tition de skeleton. Il y a cinq ans, elle n\u2019avait jamais mis les pieds sur une piste.<\/p>\n","protected":false},"excerpt":{"rendered":"<p>Pour une recrue, Darla Deschamps fait para\u00eetre le skeleton facile. Apr\u00e8s avoir domin\u00e9 le circuit de la Coupe internationale pendant&#8230;<\/p>\n","protected":false},"author":47562643,"featured_media":21229,"comment_status":"open","ping_status":"open","sticky":false,"template":"","format":"standard","meta":{"_acf_changed":false,"_jetpack_memberships_contains_paid_content":false,"footnotes":""},"categories":[23939911],"tags":[],"post_format":"standard","sport":[],"game":[],"coauthors":[186127234],"class_list":["post-20209","post","type-post","status-publish","format-standard","has-post-thumbnail","hentry","category-uncategorized-fr"],"acf":[],"yoast_head":"<!-- This site is optimized with the Yoast SEO plugin v27.3 - https:\/\/yoast.com\/product\/yoast-seo-wordpress\/ -->\n<title>Darla Deschamps fait sa marque dans le monde du skeleton  - \u00c9quipe Canada | Site officiel de l&#039;\u00e9quipe olympique<\/title>\n<meta name=\"robots\" content=\"index, follow, max-snippet:-1, max-image-preview:large, max-video-preview:-1\" \/>\n<link rel=\"canonical\" href=\"https:\/\/preprod.olympic.ca\/olympique\/2011\/02\/17\/darla-deschamps-fait-sa-marque-dans-le-monde-du-skeleton\/\" \/>\n<meta property=\"og:locale\" content=\"fr_FR\" \/>\n<meta property=\"og:type\" content=\"article\" \/>\n<meta property=\"og:title\" content=\"Darla Deschamps fait sa marque dans le monde du skeleton  - \u00c9quipe Canada | Site officiel de l&#039;\u00e9quipe olympique\" \/>\n<meta property=\"og:description\" content=\"Pour une recrue, Darla Deschamps fait para\u00eetre le skeleton facile. Apr\u00e8s avoir domin\u00e9 le circuit de la Coupe internationale pendant...\" \/>\n<meta property=\"og:url\" content=\"https:\/\/preprod.olympic.ca\/olympique\/2011\/02\/17\/darla-deschamps-fait-sa-marque-dans-le-monde-du-skeleton\/\" \/>\n<meta property=\"og:site_name\" content=\"\u00c9quipe Canada | Site officiel de l&#039;\u00e9quipe olympique\" \/>\n<meta property=\"article:published_time\" content=\"2011-02-18T00:03:40+00:00\" \/>\n<meta property=\"article:modified_time\" content=\"2013-08-01T01:11:59+00:00\" \/>\n<meta property=\"og:image\" content=\"https:\/\/preprod.olympic.ca\/olympique\/wp-content\/uploads\/sites\/2\/2011\/02\/darla_bronze_487_3816.jpg?quality=100\" \/>\n\t<meta property=\"og:image:width\" content=\"381\" \/>\n\t<meta property=\"og:image:height\" content=\"254\" \/>\n\t<meta property=\"og:image:type\" content=\"image\/jpeg\" \/>\n<meta name=\"author\" content=\"Comit\u00e9 olympique canadien\" \/>\n<meta name=\"twitter:card\" content=\"summary_large_image\" \/>\n<meta name=\"twitter:label1\" content=\"Written by\" \/>\n\t<meta name=\"twitter:data1\" content=\"Comit\u00e9 olympique canadien\" \/>\n\t<meta name=\"twitter:label2\" content=\"Est. reading time\" \/>\n\t<meta name=\"twitter:data2\" content=\"3 minutes\" \/>\n<script type=\"application\/ld+json\" class=\"yoast-schema-graph\">{\"@context\":\"https:\\\/\\\/schema.org\",\"@graph\":[{\"@type\":\"Article\",\"@id\":\"https:\\\/\\\/preprod.olympic.ca\\\/olympique\\\/2011\\\/02\\\/17\\\/darla-deschamps-fait-sa-marque-dans-le-monde-du-skeleton\\\/#article\",\"isPartOf\":{\"@id\":\"https:\\\/\\\/preprod.olympic.ca\\\/olympique\\\/2011\\\/02\\\/17\\\/darla-deschamps-fait-sa-marque-dans-le-monde-du-skeleton\\\/\"},\"author\":{\"name\":\"cdnolympicteam\",\"@id\":\"https:\\\/\\\/preprod.olympic.ca\\\/olympique\\\/#\\\/schema\\\/person\\\/08d84fd062bf1b56ffb3808cb69aee9c\"},\"headline\":\"Darla Deschamps fait sa marque dans le monde du skeleton\",\"datePublished\":\"2011-02-18T00:03:40+00:00\",\"dateModified\":\"2013-08-01T01:11:59+00:00\",\"mainEntityOfPage\":{\"@id\":\"https:\\\/\\\/preprod.olympic.ca\\\/olympique\\\/2011\\\/02\\\/17\\\/darla-deschamps-fait-sa-marque-dans-le-monde-du-skeleton\\\/\"},\"wordCount\":548,\"commentCount\":0,\"image\":{\"@id\":\"https:\\\/\\\/preprod.olympic.ca\\\/olympique\\\/2011\\\/02\\\/17\\\/darla-deschamps-fait-sa-marque-dans-le-monde-du-skeleton\\\/#primaryimage\"},\"thumbnailUrl\":\"https:\\\/\\\/preprod.olympic.ca\\\/olympique\\\/wp-content\\\/uploads\\\/sites\\\/2\\\/2011\\\/02\\\/darla_bronze_487_3816.jpg?quality=100\",\"articleSection\":[\"Uncategorized @fr\"],\"inLanguage\":\"fr-FR\",\"potentialAction\":[{\"@type\":\"CommentAction\",\"name\":\"Comment\",\"target\":[\"https:\\\/\\\/preprod.olympic.ca\\\/olympique\\\/2011\\\/02\\\/17\\\/darla-deschamps-fait-sa-marque-dans-le-monde-du-skeleton\\\/#respond\"]}]},{\"@type\":\"WebPage\",\"@id\":\"https:\\\/\\\/preprod.olympic.ca\\\/olympique\\\/2011\\\/02\\\/17\\\/darla-deschamps-fait-sa-marque-dans-le-monde-du-skeleton\\\/\",\"url\":\"https:\\\/\\\/preprod.olympic.ca\\\/olympique\\\/2011\\\/02\\\/17\\\/darla-deschamps-fait-sa-marque-dans-le-monde-du-skeleton\\\/\",\"name\":\"Darla Deschamps fait sa marque dans le monde du skeleton - \u00c9quipe Canada | Site officiel de l&#039;\u00e9quipe olympique\",\"isPartOf\":{\"@id\":\"https:\\\/\\\/preprod.olympic.ca\\\/olympique\\\/#website\"},\"primaryImageOfPage\":{\"@id\":\"https:\\\/\\\/preprod.olympic.ca\\\/olympique\\\/2011\\\/02\\\/17\\\/darla-deschamps-fait-sa-marque-dans-le-monde-du-skeleton\\\/#primaryimage\"},\"image\":{\"@id\":\"https:\\\/\\\/preprod.olympic.ca\\\/olympique\\\/2011\\\/02\\\/17\\\/darla-deschamps-fait-sa-marque-dans-le-monde-du-skeleton\\\/#primaryimage\"},\"thumbnailUrl\":\"https:\\\/\\\/preprod.olympic.ca\\\/olympique\\\/wp-content\\\/uploads\\\/sites\\\/2\\\/2011\\\/02\\\/darla_bronze_487_3816.jpg?quality=100\",\"datePublished\":\"2011-02-18T00:03:40+00:00\",\"dateModified\":\"2013-08-01T01:11:59+00:00\",\"author\":{\"@id\":\"https:\\\/\\\/preprod.olympic.ca\\\/olympique\\\/#\\\/schema\\\/person\\\/08d84fd062bf1b56ffb3808cb69aee9c\"},\"inLanguage\":\"fr-FR\",\"potentialAction\":[{\"@type\":\"ReadAction\",\"target\":[\"https:\\\/\\\/preprod.olympic.ca\\\/olympique\\\/2011\\\/02\\\/17\\\/darla-deschamps-fait-sa-marque-dans-le-monde-du-skeleton\\\/\"]}]},{\"@type\":\"ImageObject\",\"inLanguage\":\"fr-FR\",\"@id\":\"https:\\\/\\\/preprod.olympic.ca\\\/olympique\\\/2011\\\/02\\\/17\\\/darla-deschamps-fait-sa-marque-dans-le-monde-du-skeleton\\\/#primaryimage\",\"url\":\"https:\\\/\\\/preprod.olympic.ca\\\/olympique\\\/wp-content\\\/uploads\\\/sites\\\/2\\\/2011\\\/02\\\/darla_bronze_487_3816.jpg?quality=100\",\"contentUrl\":\"https:\\\/\\\/preprod.olympic.ca\\\/olympique\\\/wp-content\\\/uploads\\\/sites\\\/2\\\/2011\\\/02\\\/darla_bronze_487_3816.jpg?quality=100\",\"width\":381,\"height\":254},{\"@type\":\"WebSite\",\"@id\":\"https:\\\/\\\/preprod.olympic.ca\\\/olympique\\\/#website\",\"url\":\"https:\\\/\\\/preprod.olympic.ca\\\/olympique\\\/\",\"name\":\"\u00c9quipe Canada | Site officiel de l&#039;\u00e9quipe olympique\",\"description\":\"Votre source pour l\u2019\u00c9quipe olympique canadienne. Retrouvez les r\u00e9cits, vid\u00e9os et photos des athl\u00e8tes canadiens, sports olympiques, Jeux olympiques de 2020 et bien plus!\",\"potentialAction\":[{\"@type\":\"SearchAction\",\"target\":{\"@type\":\"EntryPoint\",\"urlTemplate\":\"https:\\\/\\\/preprod.olympic.ca\\\/olympique\\\/?s={search_term_string}\"},\"query-input\":{\"@type\":\"PropertyValueSpecification\",\"valueRequired\":true,\"valueName\":\"search_term_string\"}}],\"inLanguage\":\"fr-FR\"},{\"@type\":\"Person\",\"@id\":\"https:\\\/\\\/preprod.olympic.ca\\\/olympique\\\/#\\\/schema\\\/person\\\/08d84fd062bf1b56ffb3808cb69aee9c\",\"name\":\"cdnolympicteam\",\"image\":{\"@type\":\"ImageObject\",\"inLanguage\":\"fr-FR\",\"@id\":\"https:\\\/\\\/secure.gravatar.com\\\/avatar\\\/5ebf1554473077ab88cd1ec3372750991c09302ef58500182e331751d1f3473b?s=96&d=identicon&r=g7289394c1202ef020fcd9aad965e50f7\",\"url\":\"https:\\\/\\\/secure.gravatar.com\\\/avatar\\\/5ebf1554473077ab88cd1ec3372750991c09302ef58500182e331751d1f3473b?s=96&d=identicon&r=g\",\"contentUrl\":\"https:\\\/\\\/secure.gravatar.com\\\/avatar\\\/5ebf1554473077ab88cd1ec3372750991c09302ef58500182e331751d1f3473b?s=96&d=identicon&r=g\",\"caption\":\"cdnolympicteam\"},\"url\":\"https:\\\/\\\/preprod.olympic.ca\\\/olympique\\\/author\\\/cdnolympicteam\\\/\"}]}<\/script>\n<!-- \/ Yoast SEO plugin. -->","yoast_head_json":{"title":"Darla Deschamps fait sa marque dans le monde du skeleton  - \u00c9quipe Canada | Site officiel de l&#039;\u00e9quipe olympique","robots":{"index":"index","follow":"follow","max-snippet":"max-snippet:-1","max-image-preview":"max-image-preview:large","max-video-preview":"max-video-preview:-1"},"canonical":"https:\/\/preprod.olympic.ca\/olympique\/2011\/02\/17\/darla-deschamps-fait-sa-marque-dans-le-monde-du-skeleton\/","og_locale":"fr_FR","og_type":"article","og_title":"Darla Deschamps fait sa marque dans le monde du skeleton  - \u00c9quipe Canada | Site officiel de l&#039;\u00e9quipe olympique","og_description":"Pour une recrue, Darla Deschamps fait para\u00eetre le skeleton facile. Apr\u00e8s avoir domin\u00e9 le circuit de la Coupe internationale pendant...","og_url":"https:\/\/preprod.olympic.ca\/olympique\/2011\/02\/17\/darla-deschamps-fait-sa-marque-dans-le-monde-du-skeleton\/","og_site_name":"\u00c9quipe Canada | Site officiel de l&#039;\u00e9quipe olympique","article_published_time":"2011-02-18T00:03:40+00:00","article_modified_time":"2013-08-01T01:11:59+00:00","og_image":[{"width":381,"height":254,"url":"https:\/\/preprod.olympic.ca\/olympique\/wp-content\/uploads\/sites\/2\/2011\/02\/darla_bronze_487_3816.jpg?quality=100","type":"image\/jpeg"}],"author":"Comit\u00e9 olympique canadien","twitter_card":"summary_large_image","twitter_misc":{"Written by":"Comit\u00e9 olympique canadien","Est. reading time":"3 minutes"},"schema":{"@context":"https:\/\/schema.org","@graph":[{"@type":"Article","@id":"https:\/\/preprod.olympic.ca\/olympique\/2011\/02\/17\/darla-deschamps-fait-sa-marque-dans-le-monde-du-skeleton\/#article","isPartOf":{"@id":"https:\/\/preprod.olympic.ca\/olympique\/2011\/02\/17\/darla-deschamps-fait-sa-marque-dans-le-monde-du-skeleton\/"},"author":{"name":"cdnolympicteam","@id":"https:\/\/preprod.olympic.ca\/olympique\/#\/schema\/person\/08d84fd062bf1b56ffb3808cb69aee9c"},"headline":"Darla Deschamps fait sa marque dans le monde du skeleton","datePublished":"2011-02-18T00:03:40+00:00","dateModified":"2013-08-01T01:11:59+00:00","mainEntityOfPage":{"@id":"https:\/\/preprod.olympic.ca\/olympique\/2011\/02\/17\/darla-deschamps-fait-sa-marque-dans-le-monde-du-skeleton\/"},"wordCount":548,"commentCount":0,"image":{"@id":"https:\/\/preprod.olympic.ca\/olympique\/2011\/02\/17\/darla-deschamps-fait-sa-marque-dans-le-monde-du-skeleton\/#primaryimage"},"thumbnailUrl":"https:\/\/preprod.olympic.ca\/olympique\/wp-content\/uploads\/sites\/2\/2011\/02\/darla_bronze_487_3816.jpg?quality=100","articleSection":["Uncategorized @fr"],"inLanguage":"fr-FR","potentialAction":[{"@type":"CommentAction","name":"Comment","target":["https:\/\/preprod.olympic.ca\/olympique\/2011\/02\/17\/darla-deschamps-fait-sa-marque-dans-le-monde-du-skeleton\/#respond"]}]},{"@type":"WebPage","@id":"https:\/\/preprod.olympic.ca\/olympique\/2011\/02\/17\/darla-deschamps-fait-sa-marque-dans-le-monde-du-skeleton\/","url":"https:\/\/preprod.olympic.ca\/olympique\/2011\/02\/17\/darla-deschamps-fait-sa-marque-dans-le-monde-du-skeleton\/","name":"Darla Deschamps fait sa marque dans le monde du skeleton - \u00c9quipe Canada | Site officiel de l&#039;\u00e9quipe olympique","isPartOf":{"@id":"https:\/\/preprod.olympic.ca\/olympique\/#website"},"primaryImageOfPage":{"@id":"https:\/\/preprod.olympic.ca\/olympique\/2011\/02\/17\/darla-deschamps-fait-sa-marque-dans-le-monde-du-skeleton\/#primaryimage"},"image":{"@id":"https:\/\/preprod.olympic.ca\/olympique\/2011\/02\/17\/darla-deschamps-fait-sa-marque-dans-le-monde-du-skeleton\/#primaryimage"},"thumbnailUrl":"https:\/\/preprod.olympic.ca\/olympique\/wp-content\/uploads\/sites\/2\/2011\/02\/darla_bronze_487_3816.jpg?quality=100","datePublished":"2011-02-18T00:03:40+00:00","dateModified":"2013-08-01T01:11:59+00:00","author":{"@id":"https:\/\/preprod.olympic.ca\/olympique\/#\/schema\/person\/08d84fd062bf1b56ffb3808cb69aee9c"},"inLanguage":"fr-FR","potentialAction":[{"@type":"ReadAction","target":["https:\/\/preprod.olympic.ca\/olympique\/2011\/02\/17\/darla-deschamps-fait-sa-marque-dans-le-monde-du-skeleton\/"]}]},{"@type":"ImageObject","inLanguage":"fr-FR","@id":"https:\/\/preprod.olympic.ca\/olympique\/2011\/02\/17\/darla-deschamps-fait-sa-marque-dans-le-monde-du-skeleton\/#primaryimage","url":"https:\/\/preprod.olympic.ca\/olympique\/wp-content\/uploads\/sites\/2\/2011\/02\/darla_bronze_487_3816.jpg?quality=100","contentUrl":"https:\/\/preprod.olympic.ca\/olympique\/wp-content\/uploads\/sites\/2\/2011\/02\/darla_bronze_487_3816.jpg?quality=100","width":381,"height":254},{"@type":"WebSite","@id":"https:\/\/preprod.olympic.ca\/olympique\/#website","url":"https:\/\/preprod.olympic.ca\/olympique\/","name":"\u00c9quipe Canada | Site officiel de l&#039;\u00e9quipe olympique","description":"Votre source pour l\u2019\u00c9quipe olympique canadienne. Retrouvez les r\u00e9cits, vid\u00e9os et photos des athl\u00e8tes canadiens, sports olympiques, Jeux olympiques de 2020 et bien plus!","potentialAction":[{"@type":"SearchAction","target":{"@type":"EntryPoint","urlTemplate":"https:\/\/preprod.olympic.ca\/olympique\/?s={search_term_string}"},"query-input":{"@type":"PropertyValueSpecification","valueRequired":true,"valueName":"search_term_string"}}],"inLanguage":"fr-FR"},{"@type":"Person","@id":"https:\/\/preprod.olympic.ca\/olympique\/#\/schema\/person\/08d84fd062bf1b56ffb3808cb69aee9c","name":"cdnolympicteam","image":{"@type":"ImageObject","inLanguage":"fr-FR","@id":"https:\/\/secure.gravatar.com\/avatar\/5ebf1554473077ab88cd1ec3372750991c09302ef58500182e331751d1f3473b?s=96&d=identicon&r=g7289394c1202ef020fcd9aad965e50f7","url":"https:\/\/secure.gravatar.com\/avatar\/5ebf1554473077ab88cd1ec3372750991c09302ef58500182e331751d1f3473b?s=96&d=identicon&r=g","contentUrl":"https:\/\/secure.gravatar.com\/avatar\/5ebf1554473077ab88cd1ec3372750991c09302ef58500182e331751d1f3473b?s=96&d=identicon&r=g","caption":"cdnolympicteam"},"url":"https:\/\/preprod.olympic.ca\/olympique\/author\/cdnolympicteam\/"}]}},"jetpack_featured_media_url":"https:\/\/preprod.olympic.ca\/olympique\/wp-content\/uploads\/sites\/2\/2011\/02\/darla_bronze_487_3816.jpg?quality=100","featured_image_url":"https:\/\/preprod.olympic.ca\/olympique\/wp-content\/uploads\/sites\/2\/2011\/02\/darla_bronze_487_3816.jpg?quality=100","author_name":["Comit\u00e9 olympique canadien"],"category_names":["Uncategorized @fr"],"tag_names":[],"video_embed_code":"","facebook_video_embed_code":"","jetpack_sharing_enabled":true,"jetpack-related-posts":[],"jetpack_shortlink":"https:\/\/wp.me\/pcGHcP-5fX","_links":{"self":[{"href":"https:\/\/preprod.olympic.ca\/olympique\/wp-json\/wp\/v2\/posts\/20209","targetHints":{"allow":["GET"]}}],"collection":[{"href":"https:\/\/preprod.olympic.ca\/olympique\/wp-json\/wp\/v2\/posts"}],"about":[{"href":"https:\/\/preprod.olympic.ca\/olympique\/wp-json\/wp\/v2\/types\/post"}],"author":[{"embeddable":true,"href":"https:\/\/preprod.olympic.ca\/olympique\/wp-json\/wp\/v2\/users\/47562643"}],"replies":[{"embeddable":true,"href":"https:\/\/preprod.olympic.ca\/olympique\/wp-json\/wp\/v2\/comments?post=20209"}],"version-history":[{"count":1,"href":"https:\/\/preprod.olympic.ca\/olympique\/wp-json\/wp\/v2\/posts\/20209\/revisions"}],"predecessor-version":[{"id":83046,"href":"https:\/\/preprod.olympic.ca\/olympique\/wp-json\/wp\/v2\/posts\/20209\/revisions\/83046"}],"wp:featuredmedia":[{"embeddable":true,"href":"https:\/\/preprod.olympic.ca\/olympique\/wp-json\/wp\/v2\/media\/21229"}],"wp:attachment":[{"href":"https:\/\/preprod.olympic.ca\/olympique\/wp-json\/wp\/v2\/media?parent=20209"}],"wp:term":[{"taxonomy":"category","embeddable":true,"href":"https:\/\/preprod.olympic.ca\/olympique\/wp-json\/wp\/v2\/categories?post=20209"},{"taxonomy":"post_tag","embeddable":true,"href":"https:\/\/preprod.olympic.ca\/olympique\/wp-json\/wp\/v2\/tags?post=20209"},{"taxonomy":"post_format","embeddable":true,"href":"https:\/\/preprod.olympic.ca\/olympique\/wp-json\/wp\/v2\/post_format?post=20209"},{"taxonomy":"sport","embeddable":true,"href":"https:\/\/preprod.olympic.ca\/olympique\/wp-json\/wp\/v2\/sport?post=20209"},{"taxonomy":"game","embeddable":true,"href":"https:\/\/preprod.olympic.ca\/olympique\/wp-json\/wp\/v2\/game?post=20209"},{"taxonomy":"author","embeddable":true,"href":"https:\/\/preprod.olympic.ca\/olympique\/wp-json\/wp\/v2\/coauthors?post=20209"}],"curies":[{"name":"wp","href":"https:\/\/api.w.org\/{rel}","templated":true}]}}