{"id":21263,"date":"2011-03-02T17:34:10","date_gmt":"2011-03-02T22:34:10","guid":{"rendered":"http:\/\/preprod.olympic.ca\/?p=21263"},"modified":"2013-08-01T01:12:04","modified_gmt":"2013-08-01T01:12:04","slug":"alex-harvey-et-devon-kershaw-remportent-la-victoire-au-sprint-dequipe-au-championnat-du-monde","status":"publish","type":"post","link":"https:\/\/preprod.olympic.ca\/olympique\/2011\/03\/02\/alex-harvey-et-devon-kershaw-remportent-la-victoire-au-sprint-dequipe-au-championnat-du-monde\/","title":{"rendered":"Alex Harvey et Devon Kershaw remportent la victoire au sprint d\u2019\u00e9quipe, au Championnat du Monde"},"content":{"rendered":"<p><b>Cette victoire marque la premi\u00e8re fois o\u00f9 les hommes canadiens gagnent une m\u00e9daille au Championnat du Monde<\/b><\/p>\n<p>Alex Harvey et Devon Kershaw ont ski\u00e9 dans les annales de l\u2019histoire en tant que premiers hommes canadiens \u00e0 gagner une m\u00e9daille au Championnat du Monde de ski nordique. Ils l\u2019ont fait mercredi dans un relais du sprint, \u00e0 Oslo, Norv\u00e8ge.<\/p>\n<p>Dans une \u00e9preuve passionnante et serr\u00e9e, dans le berceau m\u00eame du sport en Norv\u00e8ge, devant plus de 50 000 spectateurs hurlants qui peuplent le parcours depuis le d\u00e9but de la semaine, Harvey, 22 ans, a sid\u00e9r\u00e9 les foules en devan\u00e7ant l\u2019un de leurs h\u00e9ros locaux \u2013 Ola Vigen Hattestad \u2013 \u00e0 m\u00eame la ligne d\u2019arriv\u00e9e, remportant l\u2019or en 19:10.0.<\/p>\n<p>\u00ab C\u2019est incroyable, gagner une v\u00e9ritable m\u00e9daille de Championnat du Monde, non pas une des Mondiaux juniors, \u00bb a dit Harvey, qui a encha\u00een\u00e9 que lui et Kershaw ont \u00e9t\u00e9 convoqu\u00e9s pour une audience avec le Roi de Norv\u00e8ge imm\u00e9diatement apr\u00e8s leur victoire. \u00ab Les Norv\u00e9giens ont probablement une centaine de m\u00e9dailles de Championnat du Monde, et aujourd\u2019hui nous avons eu la premi\u00e8re jamais pour le Canada. Et nous l\u2019avons fait dans l\u2019endroit m\u00eame o\u00f9 notre sport a vu le jour. \u00bb<\/p>\n<p>\u00ab C\u2019est un r\u00eave devenu r\u00e9alit\u00e9, et faire cela en Norv\u00e8ge, le berceau de notre sport, c\u2019est tr\u00e8s sp\u00e9cial, \u00bb a dit Kershaw. \u00ab J\u2019avais les nerfs en boule avant le Championnat du Monde et avant cette \u00e9preuve en particulier, mais maintenant je ne ressens qu\u2019une grosse vague de bonheur. \u00bb<\/p>\n<p>Apr\u00e8s s\u2019\u00eatre qualifi\u00e9s \u00e0 la finale avec les 10 premi\u00e8res \u00e9quipes de deux athl\u00e8tes, Kershaw, 28 ans, de Sudbury, Ont., et Harvey, de St-Ferr\u00e9ol-les-Neiges, Que., ont ski\u00e9 vers la victoire dans une \u00e9preuve qui voit chaque athl\u00e8te faire trois fois un tour de 1,5 kilom\u00e8tres, passant \u00e0 chaque fois un relais \u00e0 son partenaire.<\/p>\n<p>Skiant en queue de peloton de t\u00eate pour la premi\u00e8re moiti\u00e9 de l\u2019\u00e9preuve, Kershaw a lentement mais s\u00fbrement doubl\u00e9 les athl\u00e8tes devant lui, et au moment de passer le dernier relais \u00e0 Harvey, les Canadiens \u00e9taient au troisi\u00e8me rang. Puis Kershaw regardait son co\u00e9quipier qu\u00e9b\u00e9cois rattraper les deuxi\u00e8me et premi\u00e8re places durant le dernier tour du parcours difficile d\u2019Oslo, avant de skier comme un fou vers la m\u00e9daille d\u2019or.<\/p>\n<p>\u00ab Devon m\u2019avait mis dans une tr\u00e8s bonne place quand il m\u2019a pass\u00e9 le relais. J\u2019ai m\u00e9nag\u00e9 mon glissement et j\u2019ai veill\u00e9 \u00e0 mes lignes, \u00bb a dit Harvey. \u00ab Il me restait 300 m\u00e8tres et je savais exactement o\u00f9 je voulais \u00eatre \u00e0 la derni\u00e8re descente. Je m\u2019y exer\u00e7ais depuis le commencement de la semaine et je savais comment me d\u00e9brouiller, puis j\u2019ai sprint\u00e9 comme un fou vers la ligne d\u2019arriv\u00e9e. C\u2019\u00e9tait un moment incroyable; tout le monde \u00e9tait fou de joie. \u00bb<\/p>\n<p>\u00ab C\u2019\u00e9tait un vrai effort d\u2019\u00e9quipe. M\u00eame les gars qui ne concouraient pas aujourd\u2019hui ont jou\u00e9 un r\u00f4le important \u00e0 l\u2019entra\u00eenement, nous aidant \u00e0 nous pr\u00e9parer. \u00bb<\/p>\n<p>Le seul autre athl\u00e8te canadien \u00e0 gagner une m\u00e9daille de Championnat du Monde de ski nordique est Sara Renner, de Canmore, Alta., qui a eu la m\u00e9daille de bronze dans un sprint classique en 2005.<\/p>\n<p>Les Norv\u00e9giens ont franchi la ligne d\u2019arriv\u00e9e en deuxi\u00e8me place en 19:10.2, et la Russie, quelques fractions de seconde derri\u00e8re, a mis la main sur la m\u00e9daille de bronze en 19:10.5.<\/p>\n<p>C\u2019\u00e9tait une douce victoire pour les Canadiens, qui avaient pris une d\u00e9cision courageuse et difficile de se retirer de l\u2019\u00e9preuve de ski classique de 15 kilom\u00e8tres qui se tenait la veille; cette discipline est celle o\u00f9 Kershaw brille.<\/p>\n<p>\u00ab C\u2019\u00e9tait une d\u00e9cision p\u00e9nible que nous avons prise en \u00e9quipe, d\u2019autant plus que c\u2019est mon \u00e9v\u00e9nement favori. Mais nous avons fait ce choix parce que nous nous savions bien plac\u00e9s pour une m\u00e9daille aujourd\u2019hui, \u00bb a dit Kershaw. \u00ab Voir payer cette strat\u00e9gie, et gagner la chose, remporter l\u2019or, c\u2019est comme un r\u00eave. \u00bb<\/p>\n<p>La d\u00e9cision s\u2019est prise par Harvey et Kershaw, de concert avec l\u2019entra\u00eeneur en chef Justin Wadsworth, qui a aid\u00e9 \u00e0 pousser les fondeurs canadiens vers des r\u00e9sultats records tout au long de cette saison.<\/p>\n<p>Au mois de janvier, Kershaw est devenu le premier homme canadien \u00e0 gagner une m\u00e9daille d\u2019or en Coupe du Monde, ce qu\u2019il a fait dans le cadre du Tour de ski, \u00e9v\u00e9nement qui l\u2019a vu remporter par-dessus le march\u00e9 deux m\u00e9dailles d\u2019argent et une m\u00e9daille de bronze. Au mois de f\u00e9vrier, Harvey est devenu le premier Canadien \u00e0 gagner aux Mondiaux des moins de 23 ans, o\u00f9 il a eu l\u2019or dans l\u2019\u00e9preuve de poursuite. Il y a deux semaines, Harvey a r\u00e9colt\u00e9 sa troisi\u00e8me m\u00e9daille de Coupe du Monde, se classant au second rang dans une \u00e9preuve du sprint \u00e0 pas de patineur \u00e0 Drammen, Norv\u00e8ge.<\/p>\n<p>\u00ab Cette saison a \u00e9t\u00e9 rien moins que remarquable, et le r\u00e9sultat d\u2019aujourd\u2019hui vient couronner la chose, \u00bb a dit Kershaw. \u00ab Je n\u2019arrive presque pas \u00e0 croire. Mais r\u00e9aliser ce succ\u00e8s ici, avec Alex, qui est un cher ami, c\u2019est un moment tr\u00e8s fort et je suis au plus content. \u00bb<\/p>\n<p>Entre-temps, plus t\u00f4t dans le matin, le duo canadien de Daria Gaiazova, de Banff, Alta., et Perianne Jones, d\u2019Almonte, Ont., a fr\u00f4l\u00e9 le podium international aussi.<\/p>\n<p>Les deux jeunes Canadiennes ont concouru ensemble pour s\u2019accrocher au sixi\u00e8me rang \u00e0 l\u2019\u00e9preuve des dames, avec un chrono de 20:11.9.<\/p>\n","protected":false},"excerpt":{"rendered":"<p>Cette victoire marque la premi\u00e8re fois o\u00f9 les hommes canadiens gagnent une m\u00e9daille au Championnat du Monde Alex Harvey et&#8230;<\/p>\n","protected":false},"author":47562643,"featured_media":21261,"comment_status":"open","ping_status":"open","sticky":false,"template":"","format":"standard","meta":{"_acf_changed":false,"_jetpack_memberships_contains_paid_content":false,"footnotes":""},"categories":[70121],"tags":[],"post_format":"standard","sport":[],"game":[],"coauthors":[186127234],"class_list":["post-21263","post","type-post","status-publish","format-standard","has-post-thumbnail","hentry","category-equipe"],"acf":[],"yoast_head":"<!-- This site is optimized with the Yoast SEO plugin v27.3 - https:\/\/yoast.com\/product\/yoast-seo-wordpress\/ -->\n<title>Alex Harvey et Devon Kershaw remportent la victoire au sprint d\u2019\u00e9quipe, au Championnat du Monde - \u00c9quipe Canada | Site officiel de l&#039;\u00e9quipe olympique<\/title>\n<meta name=\"robots\" content=\"index, follow, max-snippet:-1, max-image-preview:large, max-video-preview:-1\" \/>\n<link rel=\"canonical\" href=\"https:\/\/preprod.olympic.ca\/olympique\/2011\/03\/02\/alex-harvey-et-devon-kershaw-remportent-la-victoire-au-sprint-dequipe-au-championnat-du-monde\/\" \/>\n<meta property=\"og:locale\" content=\"fr_FR\" \/>\n<meta property=\"og:type\" content=\"article\" \/>\n<meta property=\"og:title\" content=\"Alex Harvey et Devon Kershaw remportent la victoire au sprint d\u2019\u00e9quipe, au Championnat du Monde - \u00c9quipe Canada | Site officiel de l&#039;\u00e9quipe olympique\" \/>\n<meta property=\"og:description\" content=\"Cette victoire marque la premi\u00e8re fois o\u00f9 les hommes canadiens gagnent une m\u00e9daille au Championnat du Monde Alex Harvey et...\" \/>\n<meta property=\"og:url\" content=\"https:\/\/preprod.olympic.ca\/olympique\/2011\/03\/02\/alex-harvey-et-devon-kershaw-remportent-la-victoire-au-sprint-dequipe-au-championnat-du-monde\/\" \/>\n<meta property=\"og:site_name\" content=\"\u00c9quipe Canada | Site officiel de l&#039;\u00e9quipe olympique\" \/>\n<meta property=\"article:published_time\" content=\"2011-03-02T22:34:10+00:00\" \/>\n<meta property=\"article:modified_time\" content=\"2013-08-01T01:12:04+00:00\" \/>\n<meta property=\"og:image\" content=\"https:\/\/preprod.olympic.ca\/olympique\/wp-content\/uploads\/sites\/2\/2011\/09\/13428-harvey-alex110302getty6.jpg?quality=100\" \/>\n\t<meta property=\"og:image:width\" content=\"584\" \/>\n\t<meta property=\"og:image:height\" content=\"329\" \/>\n\t<meta property=\"og:image:type\" content=\"image\/jpeg\" \/>\n<meta name=\"author\" content=\"Comit\u00e9 olympique canadien\" \/>\n<meta name=\"twitter:card\" content=\"summary_large_image\" \/>\n<meta name=\"twitter:label1\" content=\"Written by\" \/>\n\t<meta name=\"twitter:data1\" content=\"Comit\u00e9 olympique canadien\" \/>\n\t<meta name=\"twitter:label2\" content=\"Est. reading time\" \/>\n\t<meta name=\"twitter:data2\" content=\"5 minutes\" \/>\n<script type=\"application\/ld+json\" class=\"yoast-schema-graph\">{\"@context\":\"https:\\\/\\\/schema.org\",\"@graph\":[{\"@type\":\"Article\",\"@id\":\"https:\\\/\\\/preprod.olympic.ca\\\/olympique\\\/2011\\\/03\\\/02\\\/alex-harvey-et-devon-kershaw-remportent-la-victoire-au-sprint-dequipe-au-championnat-du-monde\\\/#article\",\"isPartOf\":{\"@id\":\"https:\\\/\\\/preprod.olympic.ca\\\/olympique\\\/2011\\\/03\\\/02\\\/alex-harvey-et-devon-kershaw-remportent-la-victoire-au-sprint-dequipe-au-championnat-du-monde\\\/\"},\"author\":{\"name\":\"cdnolympicteam\",\"@id\":\"https:\\\/\\\/preprod.olympic.ca\\\/olympique\\\/#\\\/schema\\\/person\\\/08d84fd062bf1b56ffb3808cb69aee9c\"},\"headline\":\"Alex Harvey et Devon Kershaw remportent la victoire au sprint d\u2019\u00e9quipe, au Championnat du Monde\",\"datePublished\":\"2011-03-02T22:34:10+00:00\",\"dateModified\":\"2013-08-01T01:12:04+00:00\",\"mainEntityOfPage\":{\"@id\":\"https:\\\/\\\/preprod.olympic.ca\\\/olympique\\\/2011\\\/03\\\/02\\\/alex-harvey-et-devon-kershaw-remportent-la-victoire-au-sprint-dequipe-au-championnat-du-monde\\\/\"},\"wordCount\":989,\"commentCount\":0,\"image\":{\"@id\":\"https:\\\/\\\/preprod.olympic.ca\\\/olympique\\\/2011\\\/03\\\/02\\\/alex-harvey-et-devon-kershaw-remportent-la-victoire-au-sprint-dequipe-au-championnat-du-monde\\\/#primaryimage\"},\"thumbnailUrl\":\"https:\\\/\\\/preprod.olympic.ca\\\/olympique\\\/wp-content\\\/uploads\\\/sites\\\/2\\\/2011\\\/09\\\/13428-harvey-alex110302getty6.jpg?quality=100\",\"articleSection\":[\"Nouvelles de l'equipe\"],\"inLanguage\":\"fr-FR\",\"potentialAction\":[{\"@type\":\"CommentAction\",\"name\":\"Comment\",\"target\":[\"https:\\\/\\\/preprod.olympic.ca\\\/olympique\\\/2011\\\/03\\\/02\\\/alex-harvey-et-devon-kershaw-remportent-la-victoire-au-sprint-dequipe-au-championnat-du-monde\\\/#respond\"]}]},{\"@type\":\"WebPage\",\"@id\":\"https:\\\/\\\/preprod.olympic.ca\\\/olympique\\\/2011\\\/03\\\/02\\\/alex-harvey-et-devon-kershaw-remportent-la-victoire-au-sprint-dequipe-au-championnat-du-monde\\\/\",\"url\":\"https:\\\/\\\/preprod.olympic.ca\\\/olympique\\\/2011\\\/03\\\/02\\\/alex-harvey-et-devon-kershaw-remportent-la-victoire-au-sprint-dequipe-au-championnat-du-monde\\\/\",\"name\":\"Alex Harvey et Devon Kershaw remportent la victoire au sprint d\u2019\u00e9quipe, au Championnat du Monde - \u00c9quipe Canada | Site officiel de l&#039;\u00e9quipe olympique\",\"isPartOf\":{\"@id\":\"https:\\\/\\\/preprod.olympic.ca\\\/olympique\\\/#website\"},\"primaryImageOfPage\":{\"@id\":\"https:\\\/\\\/preprod.olympic.ca\\\/olympique\\\/2011\\\/03\\\/02\\\/alex-harvey-et-devon-kershaw-remportent-la-victoire-au-sprint-dequipe-au-championnat-du-monde\\\/#primaryimage\"},\"image\":{\"@id\":\"https:\\\/\\\/preprod.olympic.ca\\\/olympique\\\/2011\\\/03\\\/02\\\/alex-harvey-et-devon-kershaw-remportent-la-victoire-au-sprint-dequipe-au-championnat-du-monde\\\/#primaryimage\"},\"thumbnailUrl\":\"https:\\\/\\\/preprod.olympic.ca\\\/olympique\\\/wp-content\\\/uploads\\\/sites\\\/2\\\/2011\\\/09\\\/13428-harvey-alex110302getty6.jpg?quality=100\",\"datePublished\":\"2011-03-02T22:34:10+00:00\",\"dateModified\":\"2013-08-01T01:12:04+00:00\",\"author\":{\"@id\":\"https:\\\/\\\/preprod.olympic.ca\\\/olympique\\\/#\\\/schema\\\/person\\\/08d84fd062bf1b56ffb3808cb69aee9c\"},\"inLanguage\":\"fr-FR\",\"potentialAction\":[{\"@type\":\"ReadAction\",\"target\":[\"https:\\\/\\\/preprod.olympic.ca\\\/olympique\\\/2011\\\/03\\\/02\\\/alex-harvey-et-devon-kershaw-remportent-la-victoire-au-sprint-dequipe-au-championnat-du-monde\\\/\"]}]},{\"@type\":\"ImageObject\",\"inLanguage\":\"fr-FR\",\"@id\":\"https:\\\/\\\/preprod.olympic.ca\\\/olympique\\\/2011\\\/03\\\/02\\\/alex-harvey-et-devon-kershaw-remportent-la-victoire-au-sprint-dequipe-au-championnat-du-monde\\\/#primaryimage\",\"url\":\"https:\\\/\\\/preprod.olympic.ca\\\/olympique\\\/wp-content\\\/uploads\\\/sites\\\/2\\\/2011\\\/09\\\/13428-harvey-alex110302getty6.jpg?quality=100\",\"contentUrl\":\"https:\\\/\\\/preprod.olympic.ca\\\/olympique\\\/wp-content\\\/uploads\\\/sites\\\/2\\\/2011\\\/09\\\/13428-harvey-alex110302getty6.jpg?quality=100\",\"width\":584,\"height\":329},{\"@type\":\"WebSite\",\"@id\":\"https:\\\/\\\/preprod.olympic.ca\\\/olympique\\\/#website\",\"url\":\"https:\\\/\\\/preprod.olympic.ca\\\/olympique\\\/\",\"name\":\"\u00c9quipe Canada | Site officiel de l&#039;\u00e9quipe olympique\",\"description\":\"Votre source pour l\u2019\u00c9quipe olympique canadienne. Retrouvez les r\u00e9cits, vid\u00e9os et photos des athl\u00e8tes canadiens, sports olympiques, Jeux olympiques de 2020 et bien plus!\",\"potentialAction\":[{\"@type\":\"SearchAction\",\"target\":{\"@type\":\"EntryPoint\",\"urlTemplate\":\"https:\\\/\\\/preprod.olympic.ca\\\/olympique\\\/?s={search_term_string}\"},\"query-input\":{\"@type\":\"PropertyValueSpecification\",\"valueRequired\":true,\"valueName\":\"search_term_string\"}}],\"inLanguage\":\"fr-FR\"},{\"@type\":\"Person\",\"@id\":\"https:\\\/\\\/preprod.olympic.ca\\\/olympique\\\/#\\\/schema\\\/person\\\/08d84fd062bf1b56ffb3808cb69aee9c\",\"name\":\"cdnolympicteam\",\"image\":{\"@type\":\"ImageObject\",\"inLanguage\":\"fr-FR\",\"@id\":\"https:\\\/\\\/secure.gravatar.com\\\/avatar\\\/5ebf1554473077ab88cd1ec3372750991c09302ef58500182e331751d1f3473b?s=96&d=identicon&r=g7289394c1202ef020fcd9aad965e50f7\",\"url\":\"https:\\\/\\\/secure.gravatar.com\\\/avatar\\\/5ebf1554473077ab88cd1ec3372750991c09302ef58500182e331751d1f3473b?s=96&d=identicon&r=g\",\"contentUrl\":\"https:\\\/\\\/secure.gravatar.com\\\/avatar\\\/5ebf1554473077ab88cd1ec3372750991c09302ef58500182e331751d1f3473b?s=96&d=identicon&r=g\",\"caption\":\"cdnolympicteam\"},\"url\":\"https:\\\/\\\/preprod.olympic.ca\\\/olympique\\\/author\\\/cdnolympicteam\\\/\"}]}<\/script>\n<!-- \/ Yoast SEO plugin. -->","yoast_head_json":{"title":"Alex Harvey et Devon Kershaw remportent la victoire au sprint d\u2019\u00e9quipe, au Championnat du Monde - \u00c9quipe Canada | Site officiel de l&#039;\u00e9quipe olympique","robots":{"index":"index","follow":"follow","max-snippet":"max-snippet:-1","max-image-preview":"max-image-preview:large","max-video-preview":"max-video-preview:-1"},"canonical":"https:\/\/preprod.olympic.ca\/olympique\/2011\/03\/02\/alex-harvey-et-devon-kershaw-remportent-la-victoire-au-sprint-dequipe-au-championnat-du-monde\/","og_locale":"fr_FR","og_type":"article","og_title":"Alex Harvey et Devon Kershaw remportent la victoire au sprint d\u2019\u00e9quipe, au Championnat du Monde - \u00c9quipe Canada | Site officiel de l&#039;\u00e9quipe olympique","og_description":"Cette victoire marque la premi\u00e8re fois o\u00f9 les hommes canadiens gagnent une m\u00e9daille au Championnat du Monde Alex Harvey et...","og_url":"https:\/\/preprod.olympic.ca\/olympique\/2011\/03\/02\/alex-harvey-et-devon-kershaw-remportent-la-victoire-au-sprint-dequipe-au-championnat-du-monde\/","og_site_name":"\u00c9quipe Canada | Site officiel de l&#039;\u00e9quipe olympique","article_published_time":"2011-03-02T22:34:10+00:00","article_modified_time":"2013-08-01T01:12:04+00:00","og_image":[{"width":584,"height":329,"url":"https:\/\/preprod.olympic.ca\/olympique\/wp-content\/uploads\/sites\/2\/2011\/09\/13428-harvey-alex110302getty6.jpg?quality=100","type":"image\/jpeg"}],"author":"Comit\u00e9 olympique canadien","twitter_card":"summary_large_image","twitter_misc":{"Written by":"Comit\u00e9 olympique canadien","Est. reading time":"5 minutes"},"schema":{"@context":"https:\/\/schema.org","@graph":[{"@type":"Article","@id":"https:\/\/preprod.olympic.ca\/olympique\/2011\/03\/02\/alex-harvey-et-devon-kershaw-remportent-la-victoire-au-sprint-dequipe-au-championnat-du-monde\/#article","isPartOf":{"@id":"https:\/\/preprod.olympic.ca\/olympique\/2011\/03\/02\/alex-harvey-et-devon-kershaw-remportent-la-victoire-au-sprint-dequipe-au-championnat-du-monde\/"},"author":{"name":"cdnolympicteam","@id":"https:\/\/preprod.olympic.ca\/olympique\/#\/schema\/person\/08d84fd062bf1b56ffb3808cb69aee9c"},"headline":"Alex Harvey et Devon Kershaw remportent la victoire au sprint d\u2019\u00e9quipe, au Championnat du Monde","datePublished":"2011-03-02T22:34:10+00:00","dateModified":"2013-08-01T01:12:04+00:00","mainEntityOfPage":{"@id":"https:\/\/preprod.olympic.ca\/olympique\/2011\/03\/02\/alex-harvey-et-devon-kershaw-remportent-la-victoire-au-sprint-dequipe-au-championnat-du-monde\/"},"wordCount":989,"commentCount":0,"image":{"@id":"https:\/\/preprod.olympic.ca\/olympique\/2011\/03\/02\/alex-harvey-et-devon-kershaw-remportent-la-victoire-au-sprint-dequipe-au-championnat-du-monde\/#primaryimage"},"thumbnailUrl":"https:\/\/preprod.olympic.ca\/olympique\/wp-content\/uploads\/sites\/2\/2011\/09\/13428-harvey-alex110302getty6.jpg?quality=100","articleSection":["Nouvelles de l'equipe"],"inLanguage":"fr-FR","potentialAction":[{"@type":"CommentAction","name":"Comment","target":["https:\/\/preprod.olympic.ca\/olympique\/2011\/03\/02\/alex-harvey-et-devon-kershaw-remportent-la-victoire-au-sprint-dequipe-au-championnat-du-monde\/#respond"]}]},{"@type":"WebPage","@id":"https:\/\/preprod.olympic.ca\/olympique\/2011\/03\/02\/alex-harvey-et-devon-kershaw-remportent-la-victoire-au-sprint-dequipe-au-championnat-du-monde\/","url":"https:\/\/preprod.olympic.ca\/olympique\/2011\/03\/02\/alex-harvey-et-devon-kershaw-remportent-la-victoire-au-sprint-dequipe-au-championnat-du-monde\/","name":"Alex Harvey et Devon Kershaw remportent la victoire au sprint d\u2019\u00e9quipe, au Championnat du Monde - \u00c9quipe Canada | Site officiel de l&#039;\u00e9quipe olympique","isPartOf":{"@id":"https:\/\/preprod.olympic.ca\/olympique\/#website"},"primaryImageOfPage":{"@id":"https:\/\/preprod.olympic.ca\/olympique\/2011\/03\/02\/alex-harvey-et-devon-kershaw-remportent-la-victoire-au-sprint-dequipe-au-championnat-du-monde\/#primaryimage"},"image":{"@id":"https:\/\/preprod.olympic.ca\/olympique\/2011\/03\/02\/alex-harvey-et-devon-kershaw-remportent-la-victoire-au-sprint-dequipe-au-championnat-du-monde\/#primaryimage"},"thumbnailUrl":"https:\/\/preprod.olympic.ca\/olympique\/wp-content\/uploads\/sites\/2\/2011\/09\/13428-harvey-alex110302getty6.jpg?quality=100","datePublished":"2011-03-02T22:34:10+00:00","dateModified":"2013-08-01T01:12:04+00:00","author":{"@id":"https:\/\/preprod.olympic.ca\/olympique\/#\/schema\/person\/08d84fd062bf1b56ffb3808cb69aee9c"},"inLanguage":"fr-FR","potentialAction":[{"@type":"ReadAction","target":["https:\/\/preprod.olympic.ca\/olympique\/2011\/03\/02\/alex-harvey-et-devon-kershaw-remportent-la-victoire-au-sprint-dequipe-au-championnat-du-monde\/"]}]},{"@type":"ImageObject","inLanguage":"fr-FR","@id":"https:\/\/preprod.olympic.ca\/olympique\/2011\/03\/02\/alex-harvey-et-devon-kershaw-remportent-la-victoire-au-sprint-dequipe-au-championnat-du-monde\/#primaryimage","url":"https:\/\/preprod.olympic.ca\/olympique\/wp-content\/uploads\/sites\/2\/2011\/09\/13428-harvey-alex110302getty6.jpg?quality=100","contentUrl":"https:\/\/preprod.olympic.ca\/olympique\/wp-content\/uploads\/sites\/2\/2011\/09\/13428-harvey-alex110302getty6.jpg?quality=100","width":584,"height":329},{"@type":"WebSite","@id":"https:\/\/preprod.olympic.ca\/olympique\/#website","url":"https:\/\/preprod.olympic.ca\/olympique\/","name":"\u00c9quipe Canada | Site officiel de l&#039;\u00e9quipe olympique","description":"Votre source pour l\u2019\u00c9quipe olympique canadienne. Retrouvez les r\u00e9cits, vid\u00e9os et photos des athl\u00e8tes canadiens, sports olympiques, Jeux olympiques de 2020 et bien plus!","potentialAction":[{"@type":"SearchAction","target":{"@type":"EntryPoint","urlTemplate":"https:\/\/preprod.olympic.ca\/olympique\/?s={search_term_string}"},"query-input":{"@type":"PropertyValueSpecification","valueRequired":true,"valueName":"search_term_string"}}],"inLanguage":"fr-FR"},{"@type":"Person","@id":"https:\/\/preprod.olympic.ca\/olympique\/#\/schema\/person\/08d84fd062bf1b56ffb3808cb69aee9c","name":"cdnolympicteam","image":{"@type":"ImageObject","inLanguage":"fr-FR","@id":"https:\/\/secure.gravatar.com\/avatar\/5ebf1554473077ab88cd1ec3372750991c09302ef58500182e331751d1f3473b?s=96&d=identicon&r=g7289394c1202ef020fcd9aad965e50f7","url":"https:\/\/secure.gravatar.com\/avatar\/5ebf1554473077ab88cd1ec3372750991c09302ef58500182e331751d1f3473b?s=96&d=identicon&r=g","contentUrl":"https:\/\/secure.gravatar.com\/avatar\/5ebf1554473077ab88cd1ec3372750991c09302ef58500182e331751d1f3473b?s=96&d=identicon&r=g","caption":"cdnolympicteam"},"url":"https:\/\/preprod.olympic.ca\/olympique\/author\/cdnolympicteam\/"}]}},"jetpack_featured_media_url":"https:\/\/preprod.olympic.ca\/olympique\/wp-content\/uploads\/sites\/2\/2011\/09\/13428-harvey-alex110302getty6.jpg?quality=100","featured_image_url":"https:\/\/preprod.olympic.ca\/olympique\/wp-content\/uploads\/sites\/2\/2011\/09\/13428-harvey-alex110302getty6.jpg?quality=100","author_name":["Comit\u00e9 olympique canadien"],"category_names":["Nouvelles de l'equipe"],"tag_names":[],"video_embed_code":"","facebook_video_embed_code":"","jetpack_sharing_enabled":true,"jetpack-related-posts":[],"jetpack_shortlink":"https:\/\/wp.me\/pcGHcP-5wX","_links":{"self":[{"href":"https:\/\/preprod.olympic.ca\/olympique\/wp-json\/wp\/v2\/posts\/21263","targetHints":{"allow":["GET"]}}],"collection":[{"href":"https:\/\/preprod.olympic.ca\/olympique\/wp-json\/wp\/v2\/posts"}],"about":[{"href":"https:\/\/preprod.olympic.ca\/olympique\/wp-json\/wp\/v2\/types\/post"}],"author":[{"embeddable":true,"href":"https:\/\/preprod.olympic.ca\/olympique\/wp-json\/wp\/v2\/users\/47562643"}],"replies":[{"embeddable":true,"href":"https:\/\/preprod.olympic.ca\/olympique\/wp-json\/wp\/v2\/comments?post=21263"}],"version-history":[{"count":1,"href":"https:\/\/preprod.olympic.ca\/olympique\/wp-json\/wp\/v2\/posts\/21263\/revisions"}],"predecessor-version":[{"id":83051,"href":"https:\/\/preprod.olympic.ca\/olympique\/wp-json\/wp\/v2\/posts\/21263\/revisions\/83051"}],"wp:featuredmedia":[{"embeddable":true,"href":"https:\/\/preprod.olympic.ca\/olympique\/wp-json\/wp\/v2\/media\/21261"}],"wp:attachment":[{"href":"https:\/\/preprod.olympic.ca\/olympique\/wp-json\/wp\/v2\/media?parent=21263"}],"wp:term":[{"taxonomy":"category","embeddable":true,"href":"https:\/\/preprod.olympic.ca\/olympique\/wp-json\/wp\/v2\/categories?post=21263"},{"taxonomy":"post_tag","embeddable":true,"href":"https:\/\/preprod.olympic.ca\/olympique\/wp-json\/wp\/v2\/tags?post=21263"},{"taxonomy":"post_format","embeddable":true,"href":"https:\/\/preprod.olympic.ca\/olympique\/wp-json\/wp\/v2\/post_format?post=21263"},{"taxonomy":"sport","embeddable":true,"href":"https:\/\/preprod.olympic.ca\/olympique\/wp-json\/wp\/v2\/sport?post=21263"},{"taxonomy":"game","embeddable":true,"href":"https:\/\/preprod.olympic.ca\/olympique\/wp-json\/wp\/v2\/game?post=21263"},{"taxonomy":"author","embeddable":true,"href":"https:\/\/preprod.olympic.ca\/olympique\/wp-json\/wp\/v2\/coauthors?post=21263"}],"curies":[{"name":"wp","href":"https:\/\/api.w.org\/{rel}","templated":true}]}}