{"id":21270,"date":"2011-03-07T17:37:21","date_gmt":"2011-03-07T22:37:21","guid":{"rendered":"http:\/\/preprod.olympic.ca\/?p=21270"},"modified":"2013-08-01T01:12:05","modified_gmt":"2013-08-01T01:12:05","slug":"le-coc-engage-un-directeur-medical","status":"publish","type":"post","link":"https:\/\/preprod.olympic.ca\/olympique\/2011\/03\/07\/le-coc-engage-un-directeur-medical\/","title":{"rendered":"Le COC engage un directeur m\u00e9dical"},"content":{"rendered":"<p><b>Le Dr Robert McCormack deviendra le premier directeur m\u00e9dical du COC<\/b><\/p>\n<p>Le Comit\u00e9 olympique canadien (COC) a annonc\u00e9 aujourd\u2019hui que le Dr Robert McCormack (New Westminster, C.-B.) remplira les nouvelles fonctions de directeur m\u00e9dical. Dans ce r\u00f4le, le Dr McCormack travaillera avec les organismes nationaux et internationaux pour forger les politiques et proc\u00e9dures internationales avec comme objectif d\u2019am\u00e9liorer la  coordination, l\u2019efficacit\u00e9 et l\u2019efficience dans tous les aspects m\u00e9dicaux de la participation  du COC aux Jeux olympiques, aux Jeux olympiques d\u2019hiver, aux Jeux panam\u00e9ricains et aux Jeux olympiques de la jeunesse.<\/p>\n<p>\u00ab Nous sommes chanceux d\u2019avoir eu un m\u00e9decin en chef aussi efficace, passionn\u00e9 et d\u00e9vou\u00e9 durant les cinq derni\u00e8res ann\u00e9es et de le voir assumer le nouveau r\u00f4le de directeur m\u00e9dical au sein du COC, \u00bb a d\u00e9clar\u00e9 Caroline Assalian, directrice ex\u00e9cutive principale, Sport et Relations avec les FNS. \u00ab Ce nouveau jalon mettra le COC au m\u00eame niveau que les comit\u00e9s nationaux olympiques les plus efficients en ce qui a trait aux questions m\u00e9dicales et antidopage. \u00bb<\/p>\n<p>Ayant souvent fait partie des missions m\u00e9dicales du Canada dans les \u00e9v\u00e9nements internationaux, le Dr McCormack a \u00e9t\u00e9 le m\u00e9decin en chef de l\u2019\u00e9quipe canadienne aux Jeux olympiques d\u2019hiver de 2006 et de 2010 ainsi qu\u2019aux Jeux olympiques de 2008. \u00c0 ce titre, il \u00e9tait responsable de la pr\u00e9paration m\u00e9dicale de l\u2019\u00c9quipe olympique canadienne.<\/p>\n<p>Chirurgien orthop\u00e9diste sp\u00e9cialis\u00e9 dans les blessures r\u00e9sultant de la pratique des sports et les blessures musculo-squelettiques, le Dr McCormack est impliqu\u00e9 dans la m\u00e9decine du sport depuis pr\u00e8s de 20 ans. Il est directeur du Simon Fraser Orthopaedic Research Office et le chef de la Division of Arthroscopy and Athletic Injuries du d\u00e9partement d\u2019orthop\u00e9die de l\u2019Universit\u00e9 de la Colombie-Britannique.<\/p>\n<p>Dans ce nouveau poste, le Dr McCormack travaillera avec les commissions m\u00e9dicales du Comit\u00e9 international olympique et de l\u2019Organisation sportive panam\u00e9ricaine, ainsi que l\u2019Agence mondiale antidopage, \u00c0 nous le podium, l\u2019Acad\u00e9mie canadienne de m\u00e9decine du sport et de l\u2019exercice, le Centre canadien pour l\u2019\u00e9thique dans le sport ainsi que plusieurs organismes d\u00e9tenteurs des droits des Jeux pour que les athl\u00e8tes canadiens qui participent aux Jeux olympiques, aux Jeux panam\u00e9ricains et aux Jeux olympiques de la jeunesse b\u00e9n\u00e9ficient d\u2019un syst\u00e8me de sant\u00e9 et de science harmonis\u00e9, int\u00e9gr\u00e9 et optimal.<\/p>\n<p>Le COC continuera d\u2019affecter un m\u00e9decin en chef \u00e0 l\u2019\u00e9quipe canadienne aux Jeux olympiques, aux Jeux olympiques d\u2019hiver, aux Jeux panam\u00e9ricains et aux Jeux olympiques de la jeunesse afin de diriger les services de sant\u00e9 et de science de l\u2019\u00e9quipe canadienne, en ce qui concerne sp\u00e9cifiquement l\u2019\u00e9quipe.<\/p>\n","protected":false},"excerpt":{"rendered":"<p>Le Dr Robert McCormack deviendra le premier directeur m\u00e9dical du COC Le Comit\u00e9 olympique canadien (COC) a annonc\u00e9 aujourd\u2019hui que&#8230;<\/p>\n","protected":false},"author":47562643,"featured_media":0,"comment_status":"open","ping_status":"open","sticky":false,"template":"","format":"standard","meta":{"_acf_changed":false,"_jetpack_memberships_contains_paid_content":false,"footnotes":""},"categories":[707890],"tags":[],"post_format":"standard","sport":[],"game":[],"coauthors":[186127234],"class_list":["post-21270","post","type-post","status-publish","format-standard","hentry","category-comite"],"acf":[],"yoast_head":"<!-- This site is optimized with the Yoast SEO plugin v27.3 - https:\/\/yoast.com\/product\/yoast-seo-wordpress\/ -->\n<title>Le COC engage un directeur m\u00e9dical - \u00c9quipe Canada | Site officiel de l&#039;\u00e9quipe olympique<\/title>\n<meta name=\"robots\" content=\"index, follow, max-snippet:-1, max-image-preview:large, max-video-preview:-1\" \/>\n<link rel=\"canonical\" href=\"https:\/\/preprod.olympic.ca\/olympique\/2011\/03\/07\/le-coc-engage-un-directeur-medical\/\" \/>\n<meta property=\"og:locale\" content=\"fr_FR\" \/>\n<meta property=\"og:type\" content=\"article\" \/>\n<meta property=\"og:title\" content=\"Le COC engage un directeur m\u00e9dical - \u00c9quipe Canada | Site officiel de l&#039;\u00e9quipe olympique\" \/>\n<meta property=\"og:description\" content=\"Le Dr Robert McCormack deviendra le premier directeur m\u00e9dical du COC Le Comit\u00e9 olympique canadien (COC) a annonc\u00e9 aujourd\u2019hui que...\" \/>\n<meta property=\"og:url\" content=\"https:\/\/preprod.olympic.ca\/olympique\/2011\/03\/07\/le-coc-engage-un-directeur-medical\/\" \/>\n<meta property=\"og:site_name\" content=\"\u00c9quipe Canada | Site officiel de l&#039;\u00e9quipe olympique\" \/>\n<meta property=\"article:published_time\" content=\"2011-03-07T22:37:21+00:00\" \/>\n<meta property=\"article:modified_time\" content=\"2013-08-01T01:12:05+00:00\" \/>\n<meta name=\"author\" content=\"Comit\u00e9 olympique canadien\" \/>\n<meta name=\"twitter:card\" content=\"summary_large_image\" \/>\n<meta name=\"twitter:label1\" content=\"Written by\" \/>\n\t<meta name=\"twitter:data1\" content=\"Comit\u00e9 olympique canadien\" \/>\n\t<meta name=\"twitter:label2\" content=\"Est. reading time\" \/>\n\t<meta name=\"twitter:data2\" content=\"2 minutes\" \/>\n<script type=\"application\/ld+json\" class=\"yoast-schema-graph\">{\"@context\":\"https:\\\/\\\/schema.org\",\"@graph\":[{\"@type\":\"Article\",\"@id\":\"https:\\\/\\\/preprod.olympic.ca\\\/olympique\\\/2011\\\/03\\\/07\\\/le-coc-engage-un-directeur-medical\\\/#article\",\"isPartOf\":{\"@id\":\"https:\\\/\\\/preprod.olympic.ca\\\/olympique\\\/2011\\\/03\\\/07\\\/le-coc-engage-un-directeur-medical\\\/\"},\"author\":{\"name\":\"cdnolympicteam\",\"@id\":\"https:\\\/\\\/preprod.olympic.ca\\\/olympique\\\/#\\\/schema\\\/person\\\/08d84fd062bf1b56ffb3808cb69aee9c\"},\"headline\":\"Le COC engage un directeur m\u00e9dical\",\"datePublished\":\"2011-03-07T22:37:21+00:00\",\"dateModified\":\"2013-08-01T01:12:05+00:00\",\"mainEntityOfPage\":{\"@id\":\"https:\\\/\\\/preprod.olympic.ca\\\/olympique\\\/2011\\\/03\\\/07\\\/le-coc-engage-un-directeur-medical\\\/\"},\"wordCount\":480,\"commentCount\":0,\"articleSection\":[\"Derni\u00e8res nouvelles\"],\"inLanguage\":\"fr-FR\",\"potentialAction\":[{\"@type\":\"CommentAction\",\"name\":\"Comment\",\"target\":[\"https:\\\/\\\/preprod.olympic.ca\\\/olympique\\\/2011\\\/03\\\/07\\\/le-coc-engage-un-directeur-medical\\\/#respond\"]}]},{\"@type\":\"WebPage\",\"@id\":\"https:\\\/\\\/preprod.olympic.ca\\\/olympique\\\/2011\\\/03\\\/07\\\/le-coc-engage-un-directeur-medical\\\/\",\"url\":\"https:\\\/\\\/preprod.olympic.ca\\\/olympique\\\/2011\\\/03\\\/07\\\/le-coc-engage-un-directeur-medical\\\/\",\"name\":\"Le COC engage un directeur m\u00e9dical - \u00c9quipe Canada | Site officiel de l&#039;\u00e9quipe olympique\",\"isPartOf\":{\"@id\":\"https:\\\/\\\/preprod.olympic.ca\\\/olympique\\\/#website\"},\"datePublished\":\"2011-03-07T22:37:21+00:00\",\"dateModified\":\"2013-08-01T01:12:05+00:00\",\"author\":{\"@id\":\"https:\\\/\\\/preprod.olympic.ca\\\/olympique\\\/#\\\/schema\\\/person\\\/08d84fd062bf1b56ffb3808cb69aee9c\"},\"inLanguage\":\"fr-FR\",\"potentialAction\":[{\"@type\":\"ReadAction\",\"target\":[\"https:\\\/\\\/preprod.olympic.ca\\\/olympique\\\/2011\\\/03\\\/07\\\/le-coc-engage-un-directeur-medical\\\/\"]}]},{\"@type\":\"WebSite\",\"@id\":\"https:\\\/\\\/preprod.olympic.ca\\\/olympique\\\/#website\",\"url\":\"https:\\\/\\\/preprod.olympic.ca\\\/olympique\\\/\",\"name\":\"\u00c9quipe Canada | Site officiel de l&#039;\u00e9quipe olympique\",\"description\":\"Votre source pour l\u2019\u00c9quipe olympique canadienne. Retrouvez les r\u00e9cits, vid\u00e9os et photos des athl\u00e8tes canadiens, sports olympiques, Jeux olympiques de 2020 et bien plus!\",\"potentialAction\":[{\"@type\":\"SearchAction\",\"target\":{\"@type\":\"EntryPoint\",\"urlTemplate\":\"https:\\\/\\\/preprod.olympic.ca\\\/olympique\\\/?s={search_term_string}\"},\"query-input\":{\"@type\":\"PropertyValueSpecification\",\"valueRequired\":true,\"valueName\":\"search_term_string\"}}],\"inLanguage\":\"fr-FR\"},{\"@type\":\"Person\",\"@id\":\"https:\\\/\\\/preprod.olympic.ca\\\/olympique\\\/#\\\/schema\\\/person\\\/08d84fd062bf1b56ffb3808cb69aee9c\",\"name\":\"cdnolympicteam\",\"image\":{\"@type\":\"ImageObject\",\"inLanguage\":\"fr-FR\",\"@id\":\"https:\\\/\\\/secure.gravatar.com\\\/avatar\\\/5ebf1554473077ab88cd1ec3372750991c09302ef58500182e331751d1f3473b?s=96&d=identicon&r=g7289394c1202ef020fcd9aad965e50f7\",\"url\":\"https:\\\/\\\/secure.gravatar.com\\\/avatar\\\/5ebf1554473077ab88cd1ec3372750991c09302ef58500182e331751d1f3473b?s=96&d=identicon&r=g\",\"contentUrl\":\"https:\\\/\\\/secure.gravatar.com\\\/avatar\\\/5ebf1554473077ab88cd1ec3372750991c09302ef58500182e331751d1f3473b?s=96&d=identicon&r=g\",\"caption\":\"cdnolympicteam\"},\"url\":\"https:\\\/\\\/preprod.olympic.ca\\\/olympique\\\/author\\\/cdnolympicteam\\\/\"}]}<\/script>\n<!-- \/ Yoast SEO plugin. -->","yoast_head_json":{"title":"Le COC engage un directeur m\u00e9dical - \u00c9quipe Canada | Site officiel de l&#039;\u00e9quipe olympique","robots":{"index":"index","follow":"follow","max-snippet":"max-snippet:-1","max-image-preview":"max-image-preview:large","max-video-preview":"max-video-preview:-1"},"canonical":"https:\/\/preprod.olympic.ca\/olympique\/2011\/03\/07\/le-coc-engage-un-directeur-medical\/","og_locale":"fr_FR","og_type":"article","og_title":"Le COC engage un directeur m\u00e9dical - \u00c9quipe Canada | Site officiel de l&#039;\u00e9quipe olympique","og_description":"Le Dr Robert McCormack deviendra le premier directeur m\u00e9dical du COC Le Comit\u00e9 olympique canadien (COC) a annonc\u00e9 aujourd\u2019hui que...","og_url":"https:\/\/preprod.olympic.ca\/olympique\/2011\/03\/07\/le-coc-engage-un-directeur-medical\/","og_site_name":"\u00c9quipe Canada | Site officiel de l&#039;\u00e9quipe olympique","article_published_time":"2011-03-07T22:37:21+00:00","article_modified_time":"2013-08-01T01:12:05+00:00","author":"Comit\u00e9 olympique canadien","twitter_card":"summary_large_image","twitter_misc":{"Written by":"Comit\u00e9 olympique canadien","Est. reading time":"2 minutes"},"schema":{"@context":"https:\/\/schema.org","@graph":[{"@type":"Article","@id":"https:\/\/preprod.olympic.ca\/olympique\/2011\/03\/07\/le-coc-engage-un-directeur-medical\/#article","isPartOf":{"@id":"https:\/\/preprod.olympic.ca\/olympique\/2011\/03\/07\/le-coc-engage-un-directeur-medical\/"},"author":{"name":"cdnolympicteam","@id":"https:\/\/preprod.olympic.ca\/olympique\/#\/schema\/person\/08d84fd062bf1b56ffb3808cb69aee9c"},"headline":"Le COC engage un directeur m\u00e9dical","datePublished":"2011-03-07T22:37:21+00:00","dateModified":"2013-08-01T01:12:05+00:00","mainEntityOfPage":{"@id":"https:\/\/preprod.olympic.ca\/olympique\/2011\/03\/07\/le-coc-engage-un-directeur-medical\/"},"wordCount":480,"commentCount":0,"articleSection":["Derni\u00e8res nouvelles"],"inLanguage":"fr-FR","potentialAction":[{"@type":"CommentAction","name":"Comment","target":["https:\/\/preprod.olympic.ca\/olympique\/2011\/03\/07\/le-coc-engage-un-directeur-medical\/#respond"]}]},{"@type":"WebPage","@id":"https:\/\/preprod.olympic.ca\/olympique\/2011\/03\/07\/le-coc-engage-un-directeur-medical\/","url":"https:\/\/preprod.olympic.ca\/olympique\/2011\/03\/07\/le-coc-engage-un-directeur-medical\/","name":"Le COC engage un directeur m\u00e9dical - \u00c9quipe Canada | Site officiel de l&#039;\u00e9quipe olympique","isPartOf":{"@id":"https:\/\/preprod.olympic.ca\/olympique\/#website"},"datePublished":"2011-03-07T22:37:21+00:00","dateModified":"2013-08-01T01:12:05+00:00","author":{"@id":"https:\/\/preprod.olympic.ca\/olympique\/#\/schema\/person\/08d84fd062bf1b56ffb3808cb69aee9c"},"inLanguage":"fr-FR","potentialAction":[{"@type":"ReadAction","target":["https:\/\/preprod.olympic.ca\/olympique\/2011\/03\/07\/le-coc-engage-un-directeur-medical\/"]}]},{"@type":"WebSite","@id":"https:\/\/preprod.olympic.ca\/olympique\/#website","url":"https:\/\/preprod.olympic.ca\/olympique\/","name":"\u00c9quipe Canada | Site officiel de l&#039;\u00e9quipe olympique","description":"Votre source pour l\u2019\u00c9quipe olympique canadienne. Retrouvez les r\u00e9cits, vid\u00e9os et photos des athl\u00e8tes canadiens, sports olympiques, Jeux olympiques de 2020 et bien plus!","potentialAction":[{"@type":"SearchAction","target":{"@type":"EntryPoint","urlTemplate":"https:\/\/preprod.olympic.ca\/olympique\/?s={search_term_string}"},"query-input":{"@type":"PropertyValueSpecification","valueRequired":true,"valueName":"search_term_string"}}],"inLanguage":"fr-FR"},{"@type":"Person","@id":"https:\/\/preprod.olympic.ca\/olympique\/#\/schema\/person\/08d84fd062bf1b56ffb3808cb69aee9c","name":"cdnolympicteam","image":{"@type":"ImageObject","inLanguage":"fr-FR","@id":"https:\/\/secure.gravatar.com\/avatar\/5ebf1554473077ab88cd1ec3372750991c09302ef58500182e331751d1f3473b?s=96&d=identicon&r=g7289394c1202ef020fcd9aad965e50f7","url":"https:\/\/secure.gravatar.com\/avatar\/5ebf1554473077ab88cd1ec3372750991c09302ef58500182e331751d1f3473b?s=96&d=identicon&r=g","contentUrl":"https:\/\/secure.gravatar.com\/avatar\/5ebf1554473077ab88cd1ec3372750991c09302ef58500182e331751d1f3473b?s=96&d=identicon&r=g","caption":"cdnolympicteam"},"url":"https:\/\/preprod.olympic.ca\/olympique\/author\/cdnolympicteam\/"}]}},"jetpack_featured_media_url":"","featured_image_url":"","author_name":["Comit\u00e9 olympique canadien"],"category_names":["Derni\u00e8res nouvelles"],"tag_names":[],"video_embed_code":"","facebook_video_embed_code":"","jetpack_sharing_enabled":true,"jetpack-related-posts":[],"jetpack_shortlink":"https:\/\/wp.me\/pcGHcP-5x4","_links":{"self":[{"href":"https:\/\/preprod.olympic.ca\/olympique\/wp-json\/wp\/v2\/posts\/21270","targetHints":{"allow":["GET"]}}],"collection":[{"href":"https:\/\/preprod.olympic.ca\/olympique\/wp-json\/wp\/v2\/posts"}],"about":[{"href":"https:\/\/preprod.olympic.ca\/olympique\/wp-json\/wp\/v2\/types\/post"}],"author":[{"embeddable":true,"href":"https:\/\/preprod.olympic.ca\/olympique\/wp-json\/wp\/v2\/users\/47562643"}],"replies":[{"embeddable":true,"href":"https:\/\/preprod.olympic.ca\/olympique\/wp-json\/wp\/v2\/comments?post=21270"}],"version-history":[{"count":1,"href":"https:\/\/preprod.olympic.ca\/olympique\/wp-json\/wp\/v2\/posts\/21270\/revisions"}],"predecessor-version":[{"id":83052,"href":"https:\/\/preprod.olympic.ca\/olympique\/wp-json\/wp\/v2\/posts\/21270\/revisions\/83052"}],"wp:attachment":[{"href":"https:\/\/preprod.olympic.ca\/olympique\/wp-json\/wp\/v2\/media?parent=21270"}],"wp:term":[{"taxonomy":"category","embeddable":true,"href":"https:\/\/preprod.olympic.ca\/olympique\/wp-json\/wp\/v2\/categories?post=21270"},{"taxonomy":"post_tag","embeddable":true,"href":"https:\/\/preprod.olympic.ca\/olympique\/wp-json\/wp\/v2\/tags?post=21270"},{"taxonomy":"post_format","embeddable":true,"href":"https:\/\/preprod.olympic.ca\/olympique\/wp-json\/wp\/v2\/post_format?post=21270"},{"taxonomy":"sport","embeddable":true,"href":"https:\/\/preprod.olympic.ca\/olympique\/wp-json\/wp\/v2\/sport?post=21270"},{"taxonomy":"game","embeddable":true,"href":"https:\/\/preprod.olympic.ca\/olympique\/wp-json\/wp\/v2\/game?post=21270"},{"taxonomy":"author","embeddable":true,"href":"https:\/\/preprod.olympic.ca\/olympique\/wp-json\/wp\/v2\/coauthors?post=21270"}],"curies":[{"name":"wp","href":"https:\/\/api.w.org\/{rel}","templated":true}]}}