{"id":21283,"date":"2011-03-10T17:42:33","date_gmt":"2011-03-10T22:42:33","guid":{"rendered":"http:\/\/preprod.olympic.ca\/?p=21283"},"modified":"2013-08-01T01:12:05","modified_gmt":"2013-08-01T01:12:05","slug":"lextraordinaire-saison-de-christine-nesbitt-tire-a-sa-fin","status":"publish","type":"post","link":"https:\/\/preprod.olympic.ca\/olympique\/2011\/03\/10\/lextraordinaire-saison-de-christine-nesbitt-tire-a-sa-fin\/","title":{"rendered":"L\u2019extraordinaire saison de Christine Nesbitt tire \u00e0 sa fin"},"content":{"rendered":"<p>La championne olympique en patinage de vitesse Christine Nesbitt a fait suivre sa performance en or \u00e0 l\u2019Anneau de Richmond d\u2019une saison inoubliable.<\/p>\n<p>La semaine derni\u00e8re, elle a remport\u00e9 le titre de la Coupe du monde au 1500 m\u00e8tres, \u00e0 Heerenveen, aux Pays-Bas. Elle a conclus ainsi une saison exceptionnelle \u00e0 la Coupe du monde qui l\u2019a vue inscrire de brillants r\u00e9sultats \u00e0 presque toutes les \u00e9preuves auxquelles elle a particip\u00e9. La patineuse de London, en Ontario a \u00e9galement obtenu la deuxi\u00e8me place au classement g\u00e9n\u00e9ral du 1000 m\u00e8tres,  gr\u00e2ce, en grande partie, \u00e0 six m\u00e9dailles d\u2019or obtenues cette saison, et ce, m\u00eame si elle n\u2019a pas particip\u00e9 \u00e0 deux courses.<\/p>\n<p>En f\u00e9vrier 2010, Nesbitt a remport\u00e9 la troisi\u00e8me m\u00e9daille d\u2019or du Canada aux Jeux olympiques d\u2019hiver de 2010 au 1000 m\u00e8tres. Depuis lors, la patineuse de vitesse de 25 ans n\u2019a pas ralenti le rythme et vient de conna\u00eetre sa meilleure saison en carri\u00e8re, ce qui a confirm\u00e9 son statut en tant que l\u2019une des meilleures athl\u00e8tes f\u00e9minines du Canada en activit\u00e9. Ce n\u2019est pas une surprise si on consid\u00e8re la d\u00e9termination bien connue de Nesbitt.<\/p>\n<p>Cette saison a vu Nesbitt gagner plusieurs \u00e9preuves d\u2019affil\u00e9e sur le circuit de la Coupe du monde. En janvier, Nesbitt \u2013 connue pour sa force dans les \u00e9preuves de demi-fond \u2013 a particip\u00e9 \u00e0 ses premiers Championnats du monde de sprint. Elle a remport\u00e9 les Championnats du monde de sprint, en partie gr\u00e2ce \u00e0 un record personnel au 500 m\u00e8tres. En f\u00e9vrier, devant ses partisans, \u00e0 Calgary, Nesbitt a remport\u00e9 une m\u00e9daille d\u2019argent aux Championnats du monde toutes distances.<\/p>\n<p>Les Championnats du monde toutes distances d\u00e9terminent les meilleurs patineurs selon leurs r\u00e9sultats aux \u00e9preuves de 500 m\u00e8tres, 1500 m\u00e8tres, 3000 m\u00e8tres et de 5000 m\u00e8tres. Les plus longues distances ne sont pas la sp\u00e9cialit\u00e9 de Nesbitt, et la derni\u00e8re saison a particuli\u00e8rement \u00e9t\u00e9 exigeante. M\u00eame si elle n\u2019a particip\u00e9 \u00e0 aucune course sur 5000 m\u00e8tres en deux ans, la pers\u00e9v\u00e9rance de Nesbitt lui a permis de mettre la main sur la m\u00e9daille d\u2019argent. \u00ab Je ne savais pas comment la comp\u00e9tition allait se passer, mais cette ann\u00e9e j\u2019ai beaucoup appris sur moi-m\u00eame, je suis une battante \u00bb, a d\u00e9clar\u00e9 Nesbitt apr\u00e8s la course.<\/p>\n<p>La saison 2010-2011 continue de marquer la trajectoire de la plus solide patineuse de vitesse du Canada. Elle a fait d\u2019\u00e9normes progr\u00e8s depuis cette premi\u00e8re m\u00e9daille d\u2019or remport\u00e9e au 1 500 m\u00e8tres durant la saison de la Coupe du monde 2007-2008. Cette ann\u00e9e-l\u00e0, elle avait r\u00e9colt\u00e9 10 m\u00e9dailles individuelles et trois m\u00e9dailles par \u00e9quipe \u00e0 sept coupes du monde. Son arriv\u00e9e chez les meilleurs au monde a \u00e9t\u00e9 remarqu\u00e9e. Au cours de la saison suivante, soit en 2008-2009, elle a remport\u00e9 10 m\u00e9dailles individuelles et une m\u00e9daille en \u00e9quipe aux \u00e9preuves de la Coupe du monde 2008-2009. D\u00e8s lors, elle s\u2019est focalis\u00e9e sur l\u2019or. Durant la saison 2009-2010, elle a remport\u00e9 six m\u00e9dailles d\u2019or individuelles sur un total de 11 m\u00e9dailles en seulement six comp\u00e9titions de la Coupe du monde.<\/p>\n<p>Ensuite, elle a entrepris la saison actuelle, qui est sans aucun doute sa meilleure. Elle a r\u00e9colt\u00e9 neuf m\u00e9dailles d\u2019or individuelles, deux m\u00e9dailles de bronze, ainsi que l\u2019or en poursuite par \u00e9quipe. Elle a accompli cet exploit en sept comp\u00e9titions de la Coupe du monde.<\/p>\n<p>Ses r\u00e9alisations exceptionnelles, au cours des deux derni\u00e8res saisons, lui ont valu la 25e place sur la liste  \u00ab Power 50 \u00bb, qui compte les personnes les plus influentes dans le sport, du quotidien The Globe and Mail. La saison exceptionnelle de Nesbitt prend fin jeudi aux Championnats du monde par distances individuelles \u00e0 Inzell, en Allemagne.<\/p>\n","protected":false},"excerpt":{"rendered":"<p>La championne olympique en patinage de vitesse Christine Nesbitt a fait suivre sa performance en or \u00e0 l\u2019Anneau de Richmond&#8230;<\/p>\n","protected":false},"author":47562643,"featured_media":21280,"comment_status":"open","ping_status":"open","sticky":false,"template":"","format":"standard","meta":{"_acf_changed":false,"_jetpack_memberships_contains_paid_content":false,"footnotes":""},"categories":[70121],"tags":[],"post_format":"standard","sport":[],"game":[],"coauthors":[186127234],"class_list":["post-21283","post","type-post","status-publish","format-standard","has-post-thumbnail","hentry","category-equipe"],"acf":[],"yoast_head":"<!-- This site is optimized with the Yoast SEO plugin v27.3 - https:\/\/yoast.com\/product\/yoast-seo-wordpress\/ -->\n<title>L\u2019extraordinaire saison de Christine Nesbitt tire \u00e0 sa fin - \u00c9quipe Canada | Site officiel de l&#039;\u00e9quipe olympique<\/title>\n<meta name=\"robots\" content=\"index, follow, max-snippet:-1, max-image-preview:large, max-video-preview:-1\" \/>\n<link rel=\"canonical\" href=\"https:\/\/preprod.olympic.ca\/olympique\/2011\/03\/10\/lextraordinaire-saison-de-christine-nesbitt-tire-a-sa-fin\/\" \/>\n<meta property=\"og:locale\" content=\"fr_FR\" \/>\n<meta property=\"og:type\" content=\"article\" \/>\n<meta property=\"og:title\" content=\"L\u2019extraordinaire saison de Christine Nesbitt tire \u00e0 sa fin - \u00c9quipe Canada | Site officiel de l&#039;\u00e9quipe olympique\" \/>\n<meta property=\"og:description\" content=\"La championne olympique en patinage de vitesse Christine Nesbitt a fait suivre sa performance en or \u00e0 l\u2019Anneau de Richmond...\" \/>\n<meta property=\"og:url\" content=\"https:\/\/preprod.olympic.ca\/olympique\/2011\/03\/10\/lextraordinaire-saison-de-christine-nesbitt-tire-a-sa-fin\/\" \/>\n<meta property=\"og:site_name\" content=\"\u00c9quipe Canada | Site officiel de l&#039;\u00e9quipe olympique\" \/>\n<meta property=\"article:published_time\" content=\"2011-03-10T22:42:33+00:00\" \/>\n<meta property=\"article:modified_time\" content=\"2013-08-01T01:12:05+00:00\" \/>\n<meta property=\"og:image\" content=\"https:\/\/preprod.olympic.ca\/olympique\/wp-content\/uploads\/sites\/2\/2011\/09\/nesbitt_5.jpg?quality=100\" \/>\n\t<meta property=\"og:image:width\" content=\"3486\" \/>\n\t<meta property=\"og:image:height\" content=\"2052\" \/>\n\t<meta property=\"og:image:type\" content=\"image\/jpeg\" \/>\n<meta name=\"author\" content=\"Comit\u00e9 olympique canadien\" \/>\n<meta name=\"twitter:card\" content=\"summary_large_image\" \/>\n<meta name=\"twitter:label1\" content=\"Written by\" \/>\n\t<meta name=\"twitter:data1\" content=\"Comit\u00e9 olympique canadien\" \/>\n\t<meta name=\"twitter:label2\" content=\"Est. reading time\" \/>\n\t<meta name=\"twitter:data2\" content=\"3 minutes\" \/>\n<script type=\"application\/ld+json\" class=\"yoast-schema-graph\">{\"@context\":\"https:\\\/\\\/schema.org\",\"@graph\":[{\"@type\":\"Article\",\"@id\":\"https:\\\/\\\/preprod.olympic.ca\\\/olympique\\\/2011\\\/03\\\/10\\\/lextraordinaire-saison-de-christine-nesbitt-tire-a-sa-fin\\\/#article\",\"isPartOf\":{\"@id\":\"https:\\\/\\\/preprod.olympic.ca\\\/olympique\\\/2011\\\/03\\\/10\\\/lextraordinaire-saison-de-christine-nesbitt-tire-a-sa-fin\\\/\"},\"author\":{\"name\":\"cdnolympicteam\",\"@id\":\"https:\\\/\\\/preprod.olympic.ca\\\/olympique\\\/#\\\/schema\\\/person\\\/08d84fd062bf1b56ffb3808cb69aee9c\"},\"headline\":\"L\u2019extraordinaire saison de Christine Nesbitt tire \u00e0 sa fin\",\"datePublished\":\"2011-03-10T22:42:33+00:00\",\"dateModified\":\"2013-08-01T01:12:05+00:00\",\"mainEntityOfPage\":{\"@id\":\"https:\\\/\\\/preprod.olympic.ca\\\/olympique\\\/2011\\\/03\\\/10\\\/lextraordinaire-saison-de-christine-nesbitt-tire-a-sa-fin\\\/\"},\"wordCount\":665,\"commentCount\":0,\"image\":{\"@id\":\"https:\\\/\\\/preprod.olympic.ca\\\/olympique\\\/2011\\\/03\\\/10\\\/lextraordinaire-saison-de-christine-nesbitt-tire-a-sa-fin\\\/#primaryimage\"},\"thumbnailUrl\":\"https:\\\/\\\/preprod.olympic.ca\\\/olympique\\\/wp-content\\\/uploads\\\/sites\\\/2\\\/2011\\\/09\\\/nesbitt_5.jpg?quality=100\",\"articleSection\":[\"Nouvelles de l'equipe\"],\"inLanguage\":\"fr-FR\",\"potentialAction\":[{\"@type\":\"CommentAction\",\"name\":\"Comment\",\"target\":[\"https:\\\/\\\/preprod.olympic.ca\\\/olympique\\\/2011\\\/03\\\/10\\\/lextraordinaire-saison-de-christine-nesbitt-tire-a-sa-fin\\\/#respond\"]}]},{\"@type\":\"WebPage\",\"@id\":\"https:\\\/\\\/preprod.olympic.ca\\\/olympique\\\/2011\\\/03\\\/10\\\/lextraordinaire-saison-de-christine-nesbitt-tire-a-sa-fin\\\/\",\"url\":\"https:\\\/\\\/preprod.olympic.ca\\\/olympique\\\/2011\\\/03\\\/10\\\/lextraordinaire-saison-de-christine-nesbitt-tire-a-sa-fin\\\/\",\"name\":\"L\u2019extraordinaire saison de Christine Nesbitt tire \u00e0 sa fin - \u00c9quipe Canada | Site officiel de l&#039;\u00e9quipe olympique\",\"isPartOf\":{\"@id\":\"https:\\\/\\\/preprod.olympic.ca\\\/olympique\\\/#website\"},\"primaryImageOfPage\":{\"@id\":\"https:\\\/\\\/preprod.olympic.ca\\\/olympique\\\/2011\\\/03\\\/10\\\/lextraordinaire-saison-de-christine-nesbitt-tire-a-sa-fin\\\/#primaryimage\"},\"image\":{\"@id\":\"https:\\\/\\\/preprod.olympic.ca\\\/olympique\\\/2011\\\/03\\\/10\\\/lextraordinaire-saison-de-christine-nesbitt-tire-a-sa-fin\\\/#primaryimage\"},\"thumbnailUrl\":\"https:\\\/\\\/preprod.olympic.ca\\\/olympique\\\/wp-content\\\/uploads\\\/sites\\\/2\\\/2011\\\/09\\\/nesbitt_5.jpg?quality=100\",\"datePublished\":\"2011-03-10T22:42:33+00:00\",\"dateModified\":\"2013-08-01T01:12:05+00:00\",\"author\":{\"@id\":\"https:\\\/\\\/preprod.olympic.ca\\\/olympique\\\/#\\\/schema\\\/person\\\/08d84fd062bf1b56ffb3808cb69aee9c\"},\"inLanguage\":\"fr-FR\",\"potentialAction\":[{\"@type\":\"ReadAction\",\"target\":[\"https:\\\/\\\/preprod.olympic.ca\\\/olympique\\\/2011\\\/03\\\/10\\\/lextraordinaire-saison-de-christine-nesbitt-tire-a-sa-fin\\\/\"]}]},{\"@type\":\"ImageObject\",\"inLanguage\":\"fr-FR\",\"@id\":\"https:\\\/\\\/preprod.olympic.ca\\\/olympique\\\/2011\\\/03\\\/10\\\/lextraordinaire-saison-de-christine-nesbitt-tire-a-sa-fin\\\/#primaryimage\",\"url\":\"https:\\\/\\\/preprod.olympic.ca\\\/olympique\\\/wp-content\\\/uploads\\\/sites\\\/2\\\/2011\\\/09\\\/nesbitt_5.jpg?quality=100\",\"contentUrl\":\"https:\\\/\\\/preprod.olympic.ca\\\/olympique\\\/wp-content\\\/uploads\\\/sites\\\/2\\\/2011\\\/09\\\/nesbitt_5.jpg?quality=100\",\"width\":3486,\"height\":2052},{\"@type\":\"WebSite\",\"@id\":\"https:\\\/\\\/preprod.olympic.ca\\\/olympique\\\/#website\",\"url\":\"https:\\\/\\\/preprod.olympic.ca\\\/olympique\\\/\",\"name\":\"\u00c9quipe Canada | Site officiel de l&#039;\u00e9quipe olympique\",\"description\":\"Votre source pour l\u2019\u00c9quipe olympique canadienne. Retrouvez les r\u00e9cits, vid\u00e9os et photos des athl\u00e8tes canadiens, sports olympiques, Jeux olympiques de 2020 et bien plus!\",\"potentialAction\":[{\"@type\":\"SearchAction\",\"target\":{\"@type\":\"EntryPoint\",\"urlTemplate\":\"https:\\\/\\\/preprod.olympic.ca\\\/olympique\\\/?s={search_term_string}\"},\"query-input\":{\"@type\":\"PropertyValueSpecification\",\"valueRequired\":true,\"valueName\":\"search_term_string\"}}],\"inLanguage\":\"fr-FR\"},{\"@type\":\"Person\",\"@id\":\"https:\\\/\\\/preprod.olympic.ca\\\/olympique\\\/#\\\/schema\\\/person\\\/08d84fd062bf1b56ffb3808cb69aee9c\",\"name\":\"cdnolympicteam\",\"image\":{\"@type\":\"ImageObject\",\"inLanguage\":\"fr-FR\",\"@id\":\"https:\\\/\\\/secure.gravatar.com\\\/avatar\\\/5ebf1554473077ab88cd1ec3372750991c09302ef58500182e331751d1f3473b?s=96&d=identicon&r=g7289394c1202ef020fcd9aad965e50f7\",\"url\":\"https:\\\/\\\/secure.gravatar.com\\\/avatar\\\/5ebf1554473077ab88cd1ec3372750991c09302ef58500182e331751d1f3473b?s=96&d=identicon&r=g\",\"contentUrl\":\"https:\\\/\\\/secure.gravatar.com\\\/avatar\\\/5ebf1554473077ab88cd1ec3372750991c09302ef58500182e331751d1f3473b?s=96&d=identicon&r=g\",\"caption\":\"cdnolympicteam\"},\"url\":\"https:\\\/\\\/preprod.olympic.ca\\\/olympique\\\/author\\\/cdnolympicteam\\\/\"}]}<\/script>\n<!-- \/ Yoast SEO plugin. -->","yoast_head_json":{"title":"L\u2019extraordinaire saison de Christine Nesbitt tire \u00e0 sa fin - \u00c9quipe Canada | Site officiel de l&#039;\u00e9quipe olympique","robots":{"index":"index","follow":"follow","max-snippet":"max-snippet:-1","max-image-preview":"max-image-preview:large","max-video-preview":"max-video-preview:-1"},"canonical":"https:\/\/preprod.olympic.ca\/olympique\/2011\/03\/10\/lextraordinaire-saison-de-christine-nesbitt-tire-a-sa-fin\/","og_locale":"fr_FR","og_type":"article","og_title":"L\u2019extraordinaire saison de Christine Nesbitt tire \u00e0 sa fin - \u00c9quipe Canada | Site officiel de l&#039;\u00e9quipe olympique","og_description":"La championne olympique en patinage de vitesse Christine Nesbitt a fait suivre sa performance en or \u00e0 l\u2019Anneau de Richmond...","og_url":"https:\/\/preprod.olympic.ca\/olympique\/2011\/03\/10\/lextraordinaire-saison-de-christine-nesbitt-tire-a-sa-fin\/","og_site_name":"\u00c9quipe Canada | Site officiel de l&#039;\u00e9quipe olympique","article_published_time":"2011-03-10T22:42:33+00:00","article_modified_time":"2013-08-01T01:12:05+00:00","og_image":[{"width":3486,"height":2052,"url":"https:\/\/preprod.olympic.ca\/olympique\/wp-content\/uploads\/sites\/2\/2011\/09\/nesbitt_5.jpg?quality=100","type":"image\/jpeg"}],"author":"Comit\u00e9 olympique canadien","twitter_card":"summary_large_image","twitter_misc":{"Written by":"Comit\u00e9 olympique canadien","Est. reading time":"3 minutes"},"schema":{"@context":"https:\/\/schema.org","@graph":[{"@type":"Article","@id":"https:\/\/preprod.olympic.ca\/olympique\/2011\/03\/10\/lextraordinaire-saison-de-christine-nesbitt-tire-a-sa-fin\/#article","isPartOf":{"@id":"https:\/\/preprod.olympic.ca\/olympique\/2011\/03\/10\/lextraordinaire-saison-de-christine-nesbitt-tire-a-sa-fin\/"},"author":{"name":"cdnolympicteam","@id":"https:\/\/preprod.olympic.ca\/olympique\/#\/schema\/person\/08d84fd062bf1b56ffb3808cb69aee9c"},"headline":"L\u2019extraordinaire saison de Christine Nesbitt tire \u00e0 sa fin","datePublished":"2011-03-10T22:42:33+00:00","dateModified":"2013-08-01T01:12:05+00:00","mainEntityOfPage":{"@id":"https:\/\/preprod.olympic.ca\/olympique\/2011\/03\/10\/lextraordinaire-saison-de-christine-nesbitt-tire-a-sa-fin\/"},"wordCount":665,"commentCount":0,"image":{"@id":"https:\/\/preprod.olympic.ca\/olympique\/2011\/03\/10\/lextraordinaire-saison-de-christine-nesbitt-tire-a-sa-fin\/#primaryimage"},"thumbnailUrl":"https:\/\/preprod.olympic.ca\/olympique\/wp-content\/uploads\/sites\/2\/2011\/09\/nesbitt_5.jpg?quality=100","articleSection":["Nouvelles de l'equipe"],"inLanguage":"fr-FR","potentialAction":[{"@type":"CommentAction","name":"Comment","target":["https:\/\/preprod.olympic.ca\/olympique\/2011\/03\/10\/lextraordinaire-saison-de-christine-nesbitt-tire-a-sa-fin\/#respond"]}]},{"@type":"WebPage","@id":"https:\/\/preprod.olympic.ca\/olympique\/2011\/03\/10\/lextraordinaire-saison-de-christine-nesbitt-tire-a-sa-fin\/","url":"https:\/\/preprod.olympic.ca\/olympique\/2011\/03\/10\/lextraordinaire-saison-de-christine-nesbitt-tire-a-sa-fin\/","name":"L\u2019extraordinaire saison de Christine Nesbitt tire \u00e0 sa fin - \u00c9quipe Canada | Site officiel de l&#039;\u00e9quipe olympique","isPartOf":{"@id":"https:\/\/preprod.olympic.ca\/olympique\/#website"},"primaryImageOfPage":{"@id":"https:\/\/preprod.olympic.ca\/olympique\/2011\/03\/10\/lextraordinaire-saison-de-christine-nesbitt-tire-a-sa-fin\/#primaryimage"},"image":{"@id":"https:\/\/preprod.olympic.ca\/olympique\/2011\/03\/10\/lextraordinaire-saison-de-christine-nesbitt-tire-a-sa-fin\/#primaryimage"},"thumbnailUrl":"https:\/\/preprod.olympic.ca\/olympique\/wp-content\/uploads\/sites\/2\/2011\/09\/nesbitt_5.jpg?quality=100","datePublished":"2011-03-10T22:42:33+00:00","dateModified":"2013-08-01T01:12:05+00:00","author":{"@id":"https:\/\/preprod.olympic.ca\/olympique\/#\/schema\/person\/08d84fd062bf1b56ffb3808cb69aee9c"},"inLanguage":"fr-FR","potentialAction":[{"@type":"ReadAction","target":["https:\/\/preprod.olympic.ca\/olympique\/2011\/03\/10\/lextraordinaire-saison-de-christine-nesbitt-tire-a-sa-fin\/"]}]},{"@type":"ImageObject","inLanguage":"fr-FR","@id":"https:\/\/preprod.olympic.ca\/olympique\/2011\/03\/10\/lextraordinaire-saison-de-christine-nesbitt-tire-a-sa-fin\/#primaryimage","url":"https:\/\/preprod.olympic.ca\/olympique\/wp-content\/uploads\/sites\/2\/2011\/09\/nesbitt_5.jpg?quality=100","contentUrl":"https:\/\/preprod.olympic.ca\/olympique\/wp-content\/uploads\/sites\/2\/2011\/09\/nesbitt_5.jpg?quality=100","width":3486,"height":2052},{"@type":"WebSite","@id":"https:\/\/preprod.olympic.ca\/olympique\/#website","url":"https:\/\/preprod.olympic.ca\/olympique\/","name":"\u00c9quipe Canada | Site officiel de l&#039;\u00e9quipe olympique","description":"Votre source pour l\u2019\u00c9quipe olympique canadienne. Retrouvez les r\u00e9cits, vid\u00e9os et photos des athl\u00e8tes canadiens, sports olympiques, Jeux olympiques de 2020 et bien plus!","potentialAction":[{"@type":"SearchAction","target":{"@type":"EntryPoint","urlTemplate":"https:\/\/preprod.olympic.ca\/olympique\/?s={search_term_string}"},"query-input":{"@type":"PropertyValueSpecification","valueRequired":true,"valueName":"search_term_string"}}],"inLanguage":"fr-FR"},{"@type":"Person","@id":"https:\/\/preprod.olympic.ca\/olympique\/#\/schema\/person\/08d84fd062bf1b56ffb3808cb69aee9c","name":"cdnolympicteam","image":{"@type":"ImageObject","inLanguage":"fr-FR","@id":"https:\/\/secure.gravatar.com\/avatar\/5ebf1554473077ab88cd1ec3372750991c09302ef58500182e331751d1f3473b?s=96&d=identicon&r=g7289394c1202ef020fcd9aad965e50f7","url":"https:\/\/secure.gravatar.com\/avatar\/5ebf1554473077ab88cd1ec3372750991c09302ef58500182e331751d1f3473b?s=96&d=identicon&r=g","contentUrl":"https:\/\/secure.gravatar.com\/avatar\/5ebf1554473077ab88cd1ec3372750991c09302ef58500182e331751d1f3473b?s=96&d=identicon&r=g","caption":"cdnolympicteam"},"url":"https:\/\/preprod.olympic.ca\/olympique\/author\/cdnolympicteam\/"}]}},"jetpack_featured_media_url":"https:\/\/preprod.olympic.ca\/olympique\/wp-content\/uploads\/sites\/2\/2011\/09\/nesbitt_5.jpg?quality=100","featured_image_url":"https:\/\/preprod.olympic.ca\/olympique\/wp-content\/uploads\/sites\/2\/2011\/09\/nesbitt_5.jpg?quality=100","author_name":["Comit\u00e9 olympique canadien"],"category_names":["Nouvelles de l'equipe"],"tag_names":[],"video_embed_code":"","facebook_video_embed_code":"","jetpack_sharing_enabled":true,"jetpack-related-posts":[],"jetpack_shortlink":"https:\/\/wp.me\/pcGHcP-5xh","_links":{"self":[{"href":"https:\/\/preprod.olympic.ca\/olympique\/wp-json\/wp\/v2\/posts\/21283","targetHints":{"allow":["GET"]}}],"collection":[{"href":"https:\/\/preprod.olympic.ca\/olympique\/wp-json\/wp\/v2\/posts"}],"about":[{"href":"https:\/\/preprod.olympic.ca\/olympique\/wp-json\/wp\/v2\/types\/post"}],"author":[{"embeddable":true,"href":"https:\/\/preprod.olympic.ca\/olympique\/wp-json\/wp\/v2\/users\/47562643"}],"replies":[{"embeddable":true,"href":"https:\/\/preprod.olympic.ca\/olympique\/wp-json\/wp\/v2\/comments?post=21283"}],"version-history":[{"count":1,"href":"https:\/\/preprod.olympic.ca\/olympique\/wp-json\/wp\/v2\/posts\/21283\/revisions"}],"predecessor-version":[{"id":83053,"href":"https:\/\/preprod.olympic.ca\/olympique\/wp-json\/wp\/v2\/posts\/21283\/revisions\/83053"}],"wp:featuredmedia":[{"embeddable":true,"href":"https:\/\/preprod.olympic.ca\/olympique\/wp-json\/wp\/v2\/media\/21280"}],"wp:attachment":[{"href":"https:\/\/preprod.olympic.ca\/olympique\/wp-json\/wp\/v2\/media?parent=21283"}],"wp:term":[{"taxonomy":"category","embeddable":true,"href":"https:\/\/preprod.olympic.ca\/olympique\/wp-json\/wp\/v2\/categories?post=21283"},{"taxonomy":"post_tag","embeddable":true,"href":"https:\/\/preprod.olympic.ca\/olympique\/wp-json\/wp\/v2\/tags?post=21283"},{"taxonomy":"post_format","embeddable":true,"href":"https:\/\/preprod.olympic.ca\/olympique\/wp-json\/wp\/v2\/post_format?post=21283"},{"taxonomy":"sport","embeddable":true,"href":"https:\/\/preprod.olympic.ca\/olympique\/wp-json\/wp\/v2\/sport?post=21283"},{"taxonomy":"game","embeddable":true,"href":"https:\/\/preprod.olympic.ca\/olympique\/wp-json\/wp\/v2\/game?post=21283"},{"taxonomy":"author","embeddable":true,"href":"https:\/\/preprod.olympic.ca\/olympique\/wp-json\/wp\/v2\/coauthors?post=21283"}],"curies":[{"name":"wp","href":"https:\/\/api.w.org\/{rel}","templated":true}]}}