{"id":21292,"date":"2011-03-11T17:45:27","date_gmt":"2011-03-11T22:45:27","guid":{"rendered":"http:\/\/preprod.olympic.ca\/?p=21292"},"modified":"2013-08-01T01:12:06","modified_gmt":"2013-08-01T01:12:07","slug":"les-skieurs-acrobatiques-visitent-sotchi","status":"publish","type":"post","link":"https:\/\/preprod.olympic.ca\/olympique\/2011\/03\/11\/les-skieurs-acrobatiques-visitent-sotchi\/","title":{"rendered":"Les skieurs acrobatiques visitent Sotchi"},"content":{"rendered":"<p>Trois ans avant les Jeux olympiques d\u2019hiver de 2014, le Comit\u00e9 olympique canadien s\u2019est rendu \u00e0 Sotchi dans le cadre de sa troisi\u00e8me visite de site. \u00c0 cette occasion, quelques membres de l\u2019\u00e9quipe nationale de ski acrobatique se sont joints au COC.<\/p>\n<p>Du 20 f\u00e9vrier au 3 mars, le COC a effectu\u00e9 une de ses nombreuses visites de site en vue de pr\u00e9parer la prochaine comp\u00e9tition olympique. Les objectifs de cette visite \u00e9taient principalement de se familiariser avec l\u2019am\u00e9nagement des installations et les points d\u2019int\u00e9r\u00eat et d\u2019aider les espoirs olympiques de 2014 \u00e0 se sentir \u00e0 l\u2019aise dans l\u2019ambiance olympique \u00e9lectrique qui r\u00e8gnera \u00e0 Sotchi, en f\u00e9vrier, dans trois ans. Le COC a \u00e9galement utilis\u00e9 cette visite pour s\u2019informer de l\u2019environnement olympique, \u00e9tablir des relations avec le Comit\u00e9 d\u2019organisation des Jeux de Sotchi ainsi que les partenaires sportifs et finaliser l\u2019emplacement des op\u00e9rations aux Jeux en 2014.<\/p>\n<p>Treize membres de l\u2019Association canadienne de ski acrobatique, en compagnie de Robert Rouselle, directeur g\u00e9n\u00e9ral de Canada Alpin, s\u2019\u00e9taient joints \u00e0 Derek Covington et Carla Anderson du COC ainsi que Geret Coyne, du programme \u00c0 nous le podium. Les skieurs de bosses pr\u00e9sents \u00e0 Sotchi lors de la visite et qui esp\u00e8rent y retourner en 2014 \u00e9taient le champion olympique Alex Bilodeau, ainsi que Mikael Kingsbury, Cedric Rochon, Phil Marquis et les s\u0153urs Chlo\u00e9 et Justine Dufour-Lapointe.<\/p>\n<p>\u00c0 Sotchi, l\u2019\u00e9quipe a pu se familiariser avec les environs ainsi que la culture russe, y compris la langue et la nourriture. La visite des points d\u2019int\u00e9r\u00eat en tant que touristes permettra aux athl\u00e8tes de se concentrer uniquement sur le ski lors des Jeux olympiques d\u2019hiver. Les athl\u00e8tes ont \u00e9galement eu la possibilit\u00e9 de skier sur la montagne o\u00f9 la piste de bosses sera construite. L\u2019objectif g\u00e9n\u00e9ral \u00e9tait d\u2019aider \u00e0 rendre Sotchi 2014 plus tangible et r\u00e9aliste pour les athl\u00e8tes. Cela motivera les skieurs \u00e0 bien performer en vue de se qualifier pour les Jeux.<\/p>\n<p>\u00ab C\u2019\u00e9tait un voyage int\u00e9ressant qui m\u2019a permis d\u2019avoir une perspective visuelle de ce que nous r\u00e9serve la comp\u00e9tition aux Jeux de Sotchi 2014, \u00bb a d\u00e9clar\u00e9 Chlo\u00e9 Dufour-Lapointe, qui s\u2019est class\u00e9e cinqui\u00e8me en bosses aux Jeux olympiques d\u2019hiver de 2010. \u00ab La station de ski est formidable, et je me suis sentie tr\u00e8s \u00e0 l\u2019aise dans les environs. \u00bb<\/p>\n<p>Il y a eu, durant le voyage, une illustration du fait pour les athl\u00e8tes de surmonter les obstacles pour atteindre leurs objectifs : \u00e0 un moment, les membres de l\u2019\u00e9quipe sont descendus de l\u2019autobus qui les transportait pour aider \u00e0 soulever et \u00e0 d\u00e9placer une petite voiture qui barrait la route.  <\/p>\n","protected":false},"excerpt":{"rendered":"<p>Trois ans avant les Jeux olympiques d\u2019hiver de 2014, le Comit\u00e9 olympique canadien s\u2019est rendu \u00e0 Sotchi dans le cadre&#8230;<\/p>\n","protected":false},"author":47562643,"featured_media":21287,"comment_status":"open","ping_status":"open","sticky":false,"template":"","format":"standard","meta":{"_acf_changed":false,"_jetpack_memberships_contains_paid_content":false,"footnotes":""},"categories":[707890,70121],"tags":[],"post_format":"standard","sport":[],"game":[],"coauthors":[186127234],"class_list":["post-21292","post","type-post","status-publish","format-standard","has-post-thumbnail","hentry","category-comite","category-equipe"],"acf":[],"yoast_head":"<!-- This site is optimized with the Yoast SEO plugin v27.3 - https:\/\/yoast.com\/product\/yoast-seo-wordpress\/ -->\n<title>Les skieurs acrobatiques visitent Sotchi - \u00c9quipe Canada | Site officiel de l&#039;\u00e9quipe olympique<\/title>\n<meta name=\"robots\" content=\"index, follow, max-snippet:-1, max-image-preview:large, max-video-preview:-1\" \/>\n<link rel=\"canonical\" href=\"https:\/\/preprod.olympic.ca\/olympique\/2011\/03\/11\/les-skieurs-acrobatiques-visitent-sotchi\/\" \/>\n<meta property=\"og:locale\" content=\"fr_FR\" \/>\n<meta property=\"og:type\" content=\"article\" \/>\n<meta property=\"og:title\" content=\"Les skieurs acrobatiques visitent Sotchi - \u00c9quipe Canada | Site officiel de l&#039;\u00e9quipe olympique\" \/>\n<meta property=\"og:description\" content=\"Trois ans avant les Jeux olympiques d\u2019hiver de 2014, le Comit\u00e9 olympique canadien s\u2019est rendu \u00e0 Sotchi dans le cadre...\" \/>\n<meta property=\"og:url\" content=\"https:\/\/preprod.olympic.ca\/olympique\/2011\/03\/11\/les-skieurs-acrobatiques-visitent-sotchi\/\" \/>\n<meta property=\"og:site_name\" content=\"\u00c9quipe Canada | Site officiel de l&#039;\u00e9quipe olympique\" \/>\n<meta property=\"article:published_time\" content=\"2011-03-11T22:45:27+00:00\" \/>\n<meta property=\"article:modified_time\" content=\"2013-08-01T01:12:07+00:00\" \/>\n<meta property=\"og:image\" content=\"https:\/\/preprod.olympic.ca\/olympique\/wp-content\/uploads\/sites\/2\/2011\/09\/moguls-team-in-sochi6.jpg?resize=1005,754\" \/>\n\t<meta property=\"og:image:width\" content=\"1005\" \/>\n\t<meta property=\"og:image:height\" content=\"754\" \/>\n\t<meta property=\"og:image:type\" content=\"image\/jpeg\" \/>\n<meta name=\"author\" content=\"Comit\u00e9 olympique canadien\" \/>\n<meta name=\"twitter:card\" content=\"summary_large_image\" \/>\n<meta name=\"twitter:label1\" content=\"Written by\" \/>\n\t<meta name=\"twitter:data1\" content=\"Comit\u00e9 olympique canadien\" \/>\n\t<meta name=\"twitter:label2\" content=\"Est. reading time\" \/>\n\t<meta name=\"twitter:data2\" content=\"2 minutes\" \/>\n<script type=\"application\/ld+json\" class=\"yoast-schema-graph\">{\"@context\":\"https:\\\/\\\/schema.org\",\"@graph\":[{\"@type\":\"Article\",\"@id\":\"https:\\\/\\\/preprod.olympic.ca\\\/olympique\\\/2011\\\/03\\\/11\\\/les-skieurs-acrobatiques-visitent-sotchi\\\/#article\",\"isPartOf\":{\"@id\":\"https:\\\/\\\/preprod.olympic.ca\\\/olympique\\\/2011\\\/03\\\/11\\\/les-skieurs-acrobatiques-visitent-sotchi\\\/\"},\"author\":{\"name\":\"cdnolympicteam\",\"@id\":\"https:\\\/\\\/preprod.olympic.ca\\\/olympique\\\/#\\\/schema\\\/person\\\/08d84fd062bf1b56ffb3808cb69aee9c\"},\"headline\":\"Les skieurs acrobatiques visitent Sotchi\",\"datePublished\":\"2011-03-11T22:45:27+00:00\",\"dateModified\":\"2013-08-01T01:12:07+00:00\",\"mainEntityOfPage\":{\"@id\":\"https:\\\/\\\/preprod.olympic.ca\\\/olympique\\\/2011\\\/03\\\/11\\\/les-skieurs-acrobatiques-visitent-sotchi\\\/\"},\"wordCount\":465,\"commentCount\":0,\"image\":{\"@id\":\"https:\\\/\\\/preprod.olympic.ca\\\/olympique\\\/2011\\\/03\\\/11\\\/les-skieurs-acrobatiques-visitent-sotchi\\\/#primaryimage\"},\"thumbnailUrl\":\"https:\\\/\\\/preprod.olympic.ca\\\/olympique\\\/wp-content\\\/uploads\\\/sites\\\/2\\\/2011\\\/09\\\/moguls-team-in-sochi6.jpg?quality=100\",\"articleSection\":[\"Derni\u00e8res nouvelles\",\"Nouvelles de l'equipe\"],\"inLanguage\":\"fr-FR\",\"potentialAction\":[{\"@type\":\"CommentAction\",\"name\":\"Comment\",\"target\":[\"https:\\\/\\\/preprod.olympic.ca\\\/olympique\\\/2011\\\/03\\\/11\\\/les-skieurs-acrobatiques-visitent-sotchi\\\/#respond\"]}]},{\"@type\":\"WebPage\",\"@id\":\"https:\\\/\\\/preprod.olympic.ca\\\/olympique\\\/2011\\\/03\\\/11\\\/les-skieurs-acrobatiques-visitent-sotchi\\\/\",\"url\":\"https:\\\/\\\/preprod.olympic.ca\\\/olympique\\\/2011\\\/03\\\/11\\\/les-skieurs-acrobatiques-visitent-sotchi\\\/\",\"name\":\"Les skieurs acrobatiques visitent Sotchi - \u00c9quipe Canada | Site officiel de l&#039;\u00e9quipe olympique\",\"isPartOf\":{\"@id\":\"https:\\\/\\\/preprod.olympic.ca\\\/olympique\\\/#website\"},\"primaryImageOfPage\":{\"@id\":\"https:\\\/\\\/preprod.olympic.ca\\\/olympique\\\/2011\\\/03\\\/11\\\/les-skieurs-acrobatiques-visitent-sotchi\\\/#primaryimage\"},\"image\":{\"@id\":\"https:\\\/\\\/preprod.olympic.ca\\\/olympique\\\/2011\\\/03\\\/11\\\/les-skieurs-acrobatiques-visitent-sotchi\\\/#primaryimage\"},\"thumbnailUrl\":\"https:\\\/\\\/preprod.olympic.ca\\\/olympique\\\/wp-content\\\/uploads\\\/sites\\\/2\\\/2011\\\/09\\\/moguls-team-in-sochi6.jpg?quality=100\",\"datePublished\":\"2011-03-11T22:45:27+00:00\",\"dateModified\":\"2013-08-01T01:12:07+00:00\",\"author\":{\"@id\":\"https:\\\/\\\/preprod.olympic.ca\\\/olympique\\\/#\\\/schema\\\/person\\\/08d84fd062bf1b56ffb3808cb69aee9c\"},\"inLanguage\":\"fr-FR\",\"potentialAction\":[{\"@type\":\"ReadAction\",\"target\":[\"https:\\\/\\\/preprod.olympic.ca\\\/olympique\\\/2011\\\/03\\\/11\\\/les-skieurs-acrobatiques-visitent-sotchi\\\/\"]}]},{\"@type\":\"ImageObject\",\"inLanguage\":\"fr-FR\",\"@id\":\"https:\\\/\\\/preprod.olympic.ca\\\/olympique\\\/2011\\\/03\\\/11\\\/les-skieurs-acrobatiques-visitent-sotchi\\\/#primaryimage\",\"url\":\"https:\\\/\\\/preprod.olympic.ca\\\/olympique\\\/wp-content\\\/uploads\\\/sites\\\/2\\\/2011\\\/09\\\/moguls-team-in-sochi6.jpg?quality=100\",\"contentUrl\":\"https:\\\/\\\/preprod.olympic.ca\\\/olympique\\\/wp-content\\\/uploads\\\/sites\\\/2\\\/2011\\\/09\\\/moguls-team-in-sochi6.jpg?quality=100\",\"width\":4000,\"height\":3000},{\"@type\":\"WebSite\",\"@id\":\"https:\\\/\\\/preprod.olympic.ca\\\/olympique\\\/#website\",\"url\":\"https:\\\/\\\/preprod.olympic.ca\\\/olympique\\\/\",\"name\":\"\u00c9quipe Canada | Site officiel de l&#039;\u00e9quipe olympique\",\"description\":\"Votre source pour l\u2019\u00c9quipe olympique canadienne. Retrouvez les r\u00e9cits, vid\u00e9os et photos des athl\u00e8tes canadiens, sports olympiques, Jeux olympiques de 2020 et bien plus!\",\"potentialAction\":[{\"@type\":\"SearchAction\",\"target\":{\"@type\":\"EntryPoint\",\"urlTemplate\":\"https:\\\/\\\/preprod.olympic.ca\\\/olympique\\\/?s={search_term_string}\"},\"query-input\":{\"@type\":\"PropertyValueSpecification\",\"valueRequired\":true,\"valueName\":\"search_term_string\"}}],\"inLanguage\":\"fr-FR\"},{\"@type\":\"Person\",\"@id\":\"https:\\\/\\\/preprod.olympic.ca\\\/olympique\\\/#\\\/schema\\\/person\\\/08d84fd062bf1b56ffb3808cb69aee9c\",\"name\":\"cdnolympicteam\",\"image\":{\"@type\":\"ImageObject\",\"inLanguage\":\"fr-FR\",\"@id\":\"https:\\\/\\\/secure.gravatar.com\\\/avatar\\\/5ebf1554473077ab88cd1ec3372750991c09302ef58500182e331751d1f3473b?s=96&d=identicon&r=g7289394c1202ef020fcd9aad965e50f7\",\"url\":\"https:\\\/\\\/secure.gravatar.com\\\/avatar\\\/5ebf1554473077ab88cd1ec3372750991c09302ef58500182e331751d1f3473b?s=96&d=identicon&r=g\",\"contentUrl\":\"https:\\\/\\\/secure.gravatar.com\\\/avatar\\\/5ebf1554473077ab88cd1ec3372750991c09302ef58500182e331751d1f3473b?s=96&d=identicon&r=g\",\"caption\":\"cdnolympicteam\"},\"url\":\"https:\\\/\\\/preprod.olympic.ca\\\/olympique\\\/author\\\/cdnolympicteam\\\/\"}]}<\/script>\n<!-- \/ Yoast SEO plugin. -->","yoast_head_json":{"title":"Les skieurs acrobatiques visitent Sotchi - \u00c9quipe Canada | Site officiel de l&#039;\u00e9quipe olympique","robots":{"index":"index","follow":"follow","max-snippet":"max-snippet:-1","max-image-preview":"max-image-preview:large","max-video-preview":"max-video-preview:-1"},"canonical":"https:\/\/preprod.olympic.ca\/olympique\/2011\/03\/11\/les-skieurs-acrobatiques-visitent-sotchi\/","og_locale":"fr_FR","og_type":"article","og_title":"Les skieurs acrobatiques visitent Sotchi - \u00c9quipe Canada | Site officiel de l&#039;\u00e9quipe olympique","og_description":"Trois ans avant les Jeux olympiques d\u2019hiver de 2014, le Comit\u00e9 olympique canadien s\u2019est rendu \u00e0 Sotchi dans le cadre...","og_url":"https:\/\/preprod.olympic.ca\/olympique\/2011\/03\/11\/les-skieurs-acrobatiques-visitent-sotchi\/","og_site_name":"\u00c9quipe Canada | Site officiel de l&#039;\u00e9quipe olympique","article_published_time":"2011-03-11T22:45:27+00:00","article_modified_time":"2013-08-01T01:12:07+00:00","og_image":[{"width":1005,"height":754,"url":"https:\/\/preprod.olympic.ca\/olympique\/wp-content\/uploads\/sites\/2\/2011\/09\/moguls-team-in-sochi6.jpg?resize=1005,754","type":"image\/jpeg"}],"author":"Comit\u00e9 olympique canadien","twitter_card":"summary_large_image","twitter_misc":{"Written by":"Comit\u00e9 olympique canadien","Est. reading time":"2 minutes"},"schema":{"@context":"https:\/\/schema.org","@graph":[{"@type":"Article","@id":"https:\/\/preprod.olympic.ca\/olympique\/2011\/03\/11\/les-skieurs-acrobatiques-visitent-sotchi\/#article","isPartOf":{"@id":"https:\/\/preprod.olympic.ca\/olympique\/2011\/03\/11\/les-skieurs-acrobatiques-visitent-sotchi\/"},"author":{"name":"cdnolympicteam","@id":"https:\/\/preprod.olympic.ca\/olympique\/#\/schema\/person\/08d84fd062bf1b56ffb3808cb69aee9c"},"headline":"Les skieurs acrobatiques visitent Sotchi","datePublished":"2011-03-11T22:45:27+00:00","dateModified":"2013-08-01T01:12:07+00:00","mainEntityOfPage":{"@id":"https:\/\/preprod.olympic.ca\/olympique\/2011\/03\/11\/les-skieurs-acrobatiques-visitent-sotchi\/"},"wordCount":465,"commentCount":0,"image":{"@id":"https:\/\/preprod.olympic.ca\/olympique\/2011\/03\/11\/les-skieurs-acrobatiques-visitent-sotchi\/#primaryimage"},"thumbnailUrl":"https:\/\/preprod.olympic.ca\/olympique\/wp-content\/uploads\/sites\/2\/2011\/09\/moguls-team-in-sochi6.jpg?quality=100","articleSection":["Derni\u00e8res nouvelles","Nouvelles de l'equipe"],"inLanguage":"fr-FR","potentialAction":[{"@type":"CommentAction","name":"Comment","target":["https:\/\/preprod.olympic.ca\/olympique\/2011\/03\/11\/les-skieurs-acrobatiques-visitent-sotchi\/#respond"]}]},{"@type":"WebPage","@id":"https:\/\/preprod.olympic.ca\/olympique\/2011\/03\/11\/les-skieurs-acrobatiques-visitent-sotchi\/","url":"https:\/\/preprod.olympic.ca\/olympique\/2011\/03\/11\/les-skieurs-acrobatiques-visitent-sotchi\/","name":"Les skieurs acrobatiques visitent Sotchi - \u00c9quipe Canada | Site officiel de l&#039;\u00e9quipe olympique","isPartOf":{"@id":"https:\/\/preprod.olympic.ca\/olympique\/#website"},"primaryImageOfPage":{"@id":"https:\/\/preprod.olympic.ca\/olympique\/2011\/03\/11\/les-skieurs-acrobatiques-visitent-sotchi\/#primaryimage"},"image":{"@id":"https:\/\/preprod.olympic.ca\/olympique\/2011\/03\/11\/les-skieurs-acrobatiques-visitent-sotchi\/#primaryimage"},"thumbnailUrl":"https:\/\/preprod.olympic.ca\/olympique\/wp-content\/uploads\/sites\/2\/2011\/09\/moguls-team-in-sochi6.jpg?quality=100","datePublished":"2011-03-11T22:45:27+00:00","dateModified":"2013-08-01T01:12:07+00:00","author":{"@id":"https:\/\/preprod.olympic.ca\/olympique\/#\/schema\/person\/08d84fd062bf1b56ffb3808cb69aee9c"},"inLanguage":"fr-FR","potentialAction":[{"@type":"ReadAction","target":["https:\/\/preprod.olympic.ca\/olympique\/2011\/03\/11\/les-skieurs-acrobatiques-visitent-sotchi\/"]}]},{"@type":"ImageObject","inLanguage":"fr-FR","@id":"https:\/\/preprod.olympic.ca\/olympique\/2011\/03\/11\/les-skieurs-acrobatiques-visitent-sotchi\/#primaryimage","url":"https:\/\/preprod.olympic.ca\/olympique\/wp-content\/uploads\/sites\/2\/2011\/09\/moguls-team-in-sochi6.jpg?quality=100","contentUrl":"https:\/\/preprod.olympic.ca\/olympique\/wp-content\/uploads\/sites\/2\/2011\/09\/moguls-team-in-sochi6.jpg?quality=100","width":4000,"height":3000},{"@type":"WebSite","@id":"https:\/\/preprod.olympic.ca\/olympique\/#website","url":"https:\/\/preprod.olympic.ca\/olympique\/","name":"\u00c9quipe Canada | Site officiel de l&#039;\u00e9quipe olympique","description":"Votre source pour l\u2019\u00c9quipe olympique canadienne. Retrouvez les r\u00e9cits, vid\u00e9os et photos des athl\u00e8tes canadiens, sports olympiques, Jeux olympiques de 2020 et bien plus!","potentialAction":[{"@type":"SearchAction","target":{"@type":"EntryPoint","urlTemplate":"https:\/\/preprod.olympic.ca\/olympique\/?s={search_term_string}"},"query-input":{"@type":"PropertyValueSpecification","valueRequired":true,"valueName":"search_term_string"}}],"inLanguage":"fr-FR"},{"@type":"Person","@id":"https:\/\/preprod.olympic.ca\/olympique\/#\/schema\/person\/08d84fd062bf1b56ffb3808cb69aee9c","name":"cdnolympicteam","image":{"@type":"ImageObject","inLanguage":"fr-FR","@id":"https:\/\/secure.gravatar.com\/avatar\/5ebf1554473077ab88cd1ec3372750991c09302ef58500182e331751d1f3473b?s=96&d=identicon&r=g7289394c1202ef020fcd9aad965e50f7","url":"https:\/\/secure.gravatar.com\/avatar\/5ebf1554473077ab88cd1ec3372750991c09302ef58500182e331751d1f3473b?s=96&d=identicon&r=g","contentUrl":"https:\/\/secure.gravatar.com\/avatar\/5ebf1554473077ab88cd1ec3372750991c09302ef58500182e331751d1f3473b?s=96&d=identicon&r=g","caption":"cdnolympicteam"},"url":"https:\/\/preprod.olympic.ca\/olympique\/author\/cdnolympicteam\/"}]}},"jetpack_featured_media_url":"https:\/\/preprod.olympic.ca\/olympique\/wp-content\/uploads\/sites\/2\/2011\/09\/moguls-team-in-sochi6.jpg?quality=100","featured_image_url":"https:\/\/preprod.olympic.ca\/olympique\/wp-content\/uploads\/sites\/2\/2011\/09\/moguls-team-in-sochi6.jpg?quality=100","author_name":["Comit\u00e9 olympique canadien"],"category_names":["Derni\u00e8res nouvelles","Nouvelles de l'equipe"],"tag_names":[],"video_embed_code":"","facebook_video_embed_code":"","jetpack_sharing_enabled":true,"jetpack-related-posts":[],"jetpack_shortlink":"https:\/\/wp.me\/pcGHcP-5xq","_links":{"self":[{"href":"https:\/\/preprod.olympic.ca\/olympique\/wp-json\/wp\/v2\/posts\/21292","targetHints":{"allow":["GET"]}}],"collection":[{"href":"https:\/\/preprod.olympic.ca\/olympique\/wp-json\/wp\/v2\/posts"}],"about":[{"href":"https:\/\/preprod.olympic.ca\/olympique\/wp-json\/wp\/v2\/types\/post"}],"author":[{"embeddable":true,"href":"https:\/\/preprod.olympic.ca\/olympique\/wp-json\/wp\/v2\/users\/47562643"}],"replies":[{"embeddable":true,"href":"https:\/\/preprod.olympic.ca\/olympique\/wp-json\/wp\/v2\/comments?post=21292"}],"version-history":[{"count":1,"href":"https:\/\/preprod.olympic.ca\/olympique\/wp-json\/wp\/v2\/posts\/21292\/revisions"}],"predecessor-version":[{"id":83054,"href":"https:\/\/preprod.olympic.ca\/olympique\/wp-json\/wp\/v2\/posts\/21292\/revisions\/83054"}],"wp:featuredmedia":[{"embeddable":true,"href":"https:\/\/preprod.olympic.ca\/olympique\/wp-json\/wp\/v2\/media\/21287"}],"wp:attachment":[{"href":"https:\/\/preprod.olympic.ca\/olympique\/wp-json\/wp\/v2\/media?parent=21292"}],"wp:term":[{"taxonomy":"category","embeddable":true,"href":"https:\/\/preprod.olympic.ca\/olympique\/wp-json\/wp\/v2\/categories?post=21292"},{"taxonomy":"post_tag","embeddable":true,"href":"https:\/\/preprod.olympic.ca\/olympique\/wp-json\/wp\/v2\/tags?post=21292"},{"taxonomy":"post_format","embeddable":true,"href":"https:\/\/preprod.olympic.ca\/olympique\/wp-json\/wp\/v2\/post_format?post=21292"},{"taxonomy":"sport","embeddable":true,"href":"https:\/\/preprod.olympic.ca\/olympique\/wp-json\/wp\/v2\/sport?post=21292"},{"taxonomy":"game","embeddable":true,"href":"https:\/\/preprod.olympic.ca\/olympique\/wp-json\/wp\/v2\/game?post=21292"},{"taxonomy":"author","embeddable":true,"href":"https:\/\/preprod.olympic.ca\/olympique\/wp-json\/wp\/v2\/coauthors?post=21292"}],"curies":[{"name":"wp","href":"https:\/\/api.w.org\/{rel}","templated":true}]}}