{"id":21306,"date":"2011-03-14T17:48:14","date_gmt":"2011-03-14T21:48:14","guid":{"rendered":"http:\/\/preprod.olympic.ca\/?p=21306"},"modified":"2013-08-01T01:12:07","modified_gmt":"2013-08-01T01:12:07","slug":"le-champion-mondial-de-descente-erik-guay-revendique-son-15e-podium","status":"publish","type":"post","link":"https:\/\/preprod.olympic.ca\/olympique\/2011\/03\/14\/le-champion-mondial-de-descente-erik-guay-revendique-son-15e-podium\/","title":{"rendered":"Le champion mondial de descente, \u00c9rik Guay, revendique son 15e podium"},"content":{"rendered":"<p>Le Canadien Erik Guay a compl\u00e9t\u00e9 son palmar\u00e8s de m\u00e9dailles en encha\u00eenant \u00e0 son impressionnante victoire aux Championnats du monde une deuxi\u00e8me place \u00e0 la descente masculine de Kvitfjell, Norv\u00e8ge.<\/p>\n<p>Guay du Mont-Tremblant, QC, a \u00e9t\u00e9 couronn\u00e9 Champion mondial de descente \u00e0 Garmisch-Partenkirchen, Allemagne, lors de sa derni\u00e8re \u00e9preuve et a offert une autre performance sans anicroche sur sa montagne pr\u00e9f\u00e9r\u00e9e vendredi afin d&rsquo;enregistrer son deuxi\u00e8me r\u00e9sultat d&rsquo;affil\u00e9e parmi les trois premiers.<\/p>\n<p>Le r\u00e9sultat repr\u00e9sente un 15\u00e8me podium de Coupe du monde en carri\u00e8re pour Guay ce qui le place devant le l\u00e9gendaire skieur canadien et Crazy Canuck Ken Read, d\u00e9tenteur de 14 podiums.  Guay occupe d\u00e9sormais le deuxi\u00e8me rang de tous les temps chez les coureurs masculins canadiens derri\u00e8re Steve Podborski qui a inscrit 20 podiums de Coupe du monde en carri\u00e8re.<\/p>\n<p>La performance de Guay a \u00e9t\u00e9 le fait saillant d&rsquo;une journ\u00e9e m\u00e9morable pour l&rsquo;\u00e9quipe masculine canadienne alors que le v\u00e9t\u00e9ran Jan Hudec de Calgary finissait  la saison en enregistrant son record, une 10\u00e8me place et que le jeune Ben Thomsen d&rsquo;Invermere, CB, per\u00e7ait le top 20 en se hissant en 18\u00e8me place.<\/p>\n<p>\u00ab C&rsquo;\u00e9tait formidable \u00e0 Garmisch.  Je suis tr\u00e8s heureux de pouvoir encha\u00eener d&rsquo;un autre podium ce qui me fait penser que ce n&rsquo;\u00e9tait pas un \u00e9v\u00e9nement isol\u00e9, \u00bb de commenter  Guay, en r\u00e9f\u00e9rence \u00e0 la descente de marque remport\u00e9e en f\u00e9vrier lors des championnats du monde.<\/p>\n<p>\u00ab Pour se loger devant les Crazy Canucks, c&rsquo;est tr\u00e8s sp\u00e9cial sans l&rsquo;ombre d&rsquo;un doute.  Je vais poursuivre le travail!<\/p>\n<p>\u00ab Je crois qu&rsquo;il reste des recoins que je peux raffiner, mais en gros ma descente \u00e9tait bonne.  J&rsquo;ai su profiter de ma position de d\u00e9part et les conditions ont jou\u00e9 en ma faveur. \u00bb<\/p>\n<p>Guay, 29 ans, a connu plusieurs succ\u00e8s \u00e0 Kvitfjell, y remportant le super G en 2010 et une seconde place en descente en 2007.<\/p>\n<p>Partant huiti\u00e8me vendredi, il a enregistr\u00e9 un chrono d&rsquo;une minute, 47.44 secondes pour terminer \u00e0 5 centi\u00e8mes de seconde du Suisse Beat Feuz.   L&rsquo;Autrichien Michael Walchhofer a termin\u00e9 troisi\u00e8me en 1:47.50.   Les conditions se sont d\u00e9t\u00e9rior\u00e9es au fur et \u00e0 mesure de l&rsquo;avancement de l&rsquo;\u00e9preuve et il devenait plus difficile pour certains skieurs partant en fin de peloton.<\/p>\n<p>\u00ab Du c\u00f4t\u00e9 d&rsquo;Erik, le d\u00e9fi est de g\u00e9rer les attentes et la pression, \u00bb a mentionn\u00e9 l&rsquo;entra\u00eeneur-chef de l&rsquo;\u00e9quipe masculine Paul Kristofic.  \u00ab Il \u00e9tait agr\u00e9able de le voir  d\u00e9crocher une solide performance imm\u00e9diatement apr\u00e8s sa course des Mondiaux.<\/p>\n<p>\u00ab Il y a toujours un peu de chance dans le tirage du num\u00e9ro de d\u00e9part, mais il faut vous en servir \u00e0 votre avantage.  Sa descente n&rsquo;\u00e9tait pas parfaite, mais son approche \u00e9tait la bonne. \u00bb<\/p>\n<p>Hudec, g\u00ean\u00e9 par des probl\u00e8mes li\u00e9s \u00e0 une blessure cette saison, skiait  bien en entra\u00eenement et a d\u00e9ferl\u00e9 la piste en  1:48.15 pour inscrire la 10\u00e8me position, son meilleur r\u00e9sultat de la saison sur le circuit de la Coupe du monde.<\/p>\n<p>\u00ab Il est agr\u00e9able de se retrouver parmi les places de points, \u00bb a soulign\u00e9 Hudec. \u00abTout a \u00e9t\u00e9 en fonction du plan de match mise \u00e0 part quelques petites erreurs. Je peux me d\u00e9clarer satisfait et finalement dire que je suis \u00e0 l&rsquo;aise physiquement pour foncer \u00e0 100 pourcent en prenant des risques sans mettre en p\u00e9ril mon genou ou mon dos ou autre.<\/p>\n<p>\u00ab La sensation est formidable de savoir que je peux me pr\u00e9senter en piste et performer. Gr\u00e2ce au podium d&rsquo;Erik, le moral de l&rsquo;\u00e9quipe a eu un bon remontant. De plus, Ben a ski\u00e9 magnifiquement aujourd&rsquo;hui. \u00bb<\/p>\n<p>Kristofic a pr\u00e9cis\u00e9 que voir Hudec mettre ses pr\u00e9occupations de blessure derri\u00e8re lui et bien skier \u00e9tait fantastique.<\/p>\n<p>\u00ab Il n&rsquo;a jamais \u00e9t\u00e9 en si bonne posture de toute l&rsquo;ann\u00e9e relativement \u00e0 son dos ou ses genoux, \u00bb a ajout\u00e9 Kristofic.  \u00ab Avant d&rsquo;arriver ici, il \u00e9tait confiant et sa descente l&rsquo;a d\u00e9montr\u00e9 par l&rsquo;obtention de son meilleur r\u00e9sultat de la saison. Quelques sections du parcours ont m\u00eame \u00e9t\u00e9 exceptionnelles pour lui. La prestation \u00e9tait stimulante \u00e0 voir. \u00bb<\/p>\n<p>Thomsen dont les performances ont \u00e9t\u00e9 r\u00e9v\u00e9latrices pour l&rsquo;\u00e9quipe masculine cette saison, a inscrit un record en carri\u00e8re sur le circuit de la Coupe du monde en se rangeant parmi les 20 premiers skieurs \u00e0 \u00e9galit\u00e9 en 18\u00e8me position \u00e0  1:48.74. Le r\u00e9sultat \u00e9tait d&rsquo;autant plus impressionnant qu&rsquo;il partait v\u00eatu du dossard no. 53.<\/p>\n<p>\u00ab C&rsquo;est immense, \u00bb a soulign\u00e9 Kristofic. \u00ab La chose la plus impressionnante est de savoir qu&rsquo;il \u00e9tait tomb\u00e9 il y a six jour en entra\u00eenement. Nous croyions que cette \u00e9preuve serait r\u00e9ellement ardue pour lui.<\/p>\n<p>\u00ab Il a fait preuve de courage. Il n&rsquo;est pas enti\u00e8rement dans son assiette, mais je pense que le r\u00e9sultat montre son caract\u00e8re. \u00bb<\/p>\n<p>Le r\u00e9sident d&rsquo;Ottawa Dustin Cook, de Lac Sainte-Marie, QC, a fini 46\u00e8me en 1:50.49 tandis que Kelby Halbert de Bradford, ON, a pris la 51\u00e8me position en 1:50.95.<\/p>\n","protected":false},"excerpt":{"rendered":"<p>Le Canadien Erik Guay a compl\u00e9t\u00e9 son palmar\u00e8s de m\u00e9dailles en encha\u00eenant \u00e0 son impressionnante victoire aux Championnats du monde&#8230;<\/p>\n","protected":false},"author":47562643,"featured_media":21299,"comment_status":"open","ping_status":"open","sticky":false,"template":"","format":"standard","meta":{"_acf_changed":false,"_jetpack_memberships_contains_paid_content":false,"footnotes":""},"categories":[70121],"tags":[],"post_format":"standard","sport":[],"game":[],"coauthors":[186127234],"class_list":["post-21306","post","type-post","status-publish","format-standard","has-post-thumbnail","hentry","category-equipe"],"acf":[],"yoast_head":"<!-- This site is optimized with the Yoast SEO plugin v27.3 - https:\/\/yoast.com\/product\/yoast-seo-wordpress\/ -->\n<title>Le champion mondial de descente, \u00c9rik Guay, revendique son 15e podium - \u00c9quipe Canada | Site officiel de l&#039;\u00e9quipe olympique<\/title>\n<meta name=\"robots\" content=\"index, follow, max-snippet:-1, max-image-preview:large, max-video-preview:-1\" \/>\n<link rel=\"canonical\" href=\"https:\/\/preprod.olympic.ca\/olympique\/2011\/03\/14\/le-champion-mondial-de-descente-erik-guay-revendique-son-15e-podium\/\" \/>\n<meta property=\"og:locale\" content=\"fr_FR\" \/>\n<meta property=\"og:type\" content=\"article\" \/>\n<meta property=\"og:title\" content=\"Le champion mondial de descente, \u00c9rik Guay, revendique son 15e podium - \u00c9quipe Canada | Site officiel de l&#039;\u00e9quipe olympique\" \/>\n<meta property=\"og:description\" content=\"Le Canadien Erik Guay a compl\u00e9t\u00e9 son palmar\u00e8s de m\u00e9dailles en encha\u00eenant \u00e0 son impressionnante victoire aux Championnats du monde...\" \/>\n<meta property=\"og:url\" content=\"https:\/\/preprod.olympic.ca\/olympique\/2011\/03\/14\/le-champion-mondial-de-descente-erik-guay-revendique-son-15e-podium\/\" \/>\n<meta property=\"og:site_name\" content=\"\u00c9quipe Canada | Site officiel de l&#039;\u00e9quipe olympique\" \/>\n<meta property=\"article:published_time\" content=\"2011-03-14T21:48:14+00:00\" \/>\n<meta property=\"article:modified_time\" content=\"2013-08-01T01:12:07+00:00\" \/>\n<meta property=\"og:image\" content=\"https:\/\/preprod.olympic.ca\/olympique\/wp-content\/uploads\/sites\/2\/2011\/09\/guay6.jpg?quality=100\" \/>\n\t<meta property=\"og:image:width\" content=\"640\" \/>\n\t<meta property=\"og:image:height\" content=\"400\" \/>\n\t<meta property=\"og:image:type\" content=\"image\/jpeg\" \/>\n<meta name=\"author\" content=\"Comit\u00e9 olympique canadien\" \/>\n<meta name=\"twitter:card\" content=\"summary_large_image\" \/>\n<meta name=\"twitter:label1\" content=\"Written by\" \/>\n\t<meta name=\"twitter:data1\" content=\"Comit\u00e9 olympique canadien\" \/>\n\t<meta name=\"twitter:label2\" content=\"Est. reading time\" \/>\n\t<meta name=\"twitter:data2\" content=\"4 minutes\" \/>\n<script type=\"application\/ld+json\" class=\"yoast-schema-graph\">{\"@context\":\"https:\\\/\\\/schema.org\",\"@graph\":[{\"@type\":\"Article\",\"@id\":\"https:\\\/\\\/preprod.olympic.ca\\\/olympique\\\/2011\\\/03\\\/14\\\/le-champion-mondial-de-descente-erik-guay-revendique-son-15e-podium\\\/#article\",\"isPartOf\":{\"@id\":\"https:\\\/\\\/preprod.olympic.ca\\\/olympique\\\/2011\\\/03\\\/14\\\/le-champion-mondial-de-descente-erik-guay-revendique-son-15e-podium\\\/\"},\"author\":{\"name\":\"cdnolympicteam\",\"@id\":\"https:\\\/\\\/preprod.olympic.ca\\\/olympique\\\/#\\\/schema\\\/person\\\/08d84fd062bf1b56ffb3808cb69aee9c\"},\"headline\":\"Le champion mondial de descente, \u00c9rik Guay, revendique son 15e podium\",\"datePublished\":\"2011-03-14T21:48:14+00:00\",\"dateModified\":\"2013-08-01T01:12:07+00:00\",\"mainEntityOfPage\":{\"@id\":\"https:\\\/\\\/preprod.olympic.ca\\\/olympique\\\/2011\\\/03\\\/14\\\/le-champion-mondial-de-descente-erik-guay-revendique-son-15e-podium\\\/\"},\"wordCount\":884,\"commentCount\":0,\"image\":{\"@id\":\"https:\\\/\\\/preprod.olympic.ca\\\/olympique\\\/2011\\\/03\\\/14\\\/le-champion-mondial-de-descente-erik-guay-revendique-son-15e-podium\\\/#primaryimage\"},\"thumbnailUrl\":\"https:\\\/\\\/preprod.olympic.ca\\\/olympique\\\/wp-content\\\/uploads\\\/sites\\\/2\\\/2011\\\/09\\\/guay6.jpg?quality=100\",\"articleSection\":[\"Nouvelles de l'equipe\"],\"inLanguage\":\"fr-FR\",\"potentialAction\":[{\"@type\":\"CommentAction\",\"name\":\"Comment\",\"target\":[\"https:\\\/\\\/preprod.olympic.ca\\\/olympique\\\/2011\\\/03\\\/14\\\/le-champion-mondial-de-descente-erik-guay-revendique-son-15e-podium\\\/#respond\"]}]},{\"@type\":\"WebPage\",\"@id\":\"https:\\\/\\\/preprod.olympic.ca\\\/olympique\\\/2011\\\/03\\\/14\\\/le-champion-mondial-de-descente-erik-guay-revendique-son-15e-podium\\\/\",\"url\":\"https:\\\/\\\/preprod.olympic.ca\\\/olympique\\\/2011\\\/03\\\/14\\\/le-champion-mondial-de-descente-erik-guay-revendique-son-15e-podium\\\/\",\"name\":\"Le champion mondial de descente, \u00c9rik Guay, revendique son 15e podium - \u00c9quipe Canada | Site officiel de l&#039;\u00e9quipe olympique\",\"isPartOf\":{\"@id\":\"https:\\\/\\\/preprod.olympic.ca\\\/olympique\\\/#website\"},\"primaryImageOfPage\":{\"@id\":\"https:\\\/\\\/preprod.olympic.ca\\\/olympique\\\/2011\\\/03\\\/14\\\/le-champion-mondial-de-descente-erik-guay-revendique-son-15e-podium\\\/#primaryimage\"},\"image\":{\"@id\":\"https:\\\/\\\/preprod.olympic.ca\\\/olympique\\\/2011\\\/03\\\/14\\\/le-champion-mondial-de-descente-erik-guay-revendique-son-15e-podium\\\/#primaryimage\"},\"thumbnailUrl\":\"https:\\\/\\\/preprod.olympic.ca\\\/olympique\\\/wp-content\\\/uploads\\\/sites\\\/2\\\/2011\\\/09\\\/guay6.jpg?quality=100\",\"datePublished\":\"2011-03-14T21:48:14+00:00\",\"dateModified\":\"2013-08-01T01:12:07+00:00\",\"author\":{\"@id\":\"https:\\\/\\\/preprod.olympic.ca\\\/olympique\\\/#\\\/schema\\\/person\\\/08d84fd062bf1b56ffb3808cb69aee9c\"},\"inLanguage\":\"fr-FR\",\"potentialAction\":[{\"@type\":\"ReadAction\",\"target\":[\"https:\\\/\\\/preprod.olympic.ca\\\/olympique\\\/2011\\\/03\\\/14\\\/le-champion-mondial-de-descente-erik-guay-revendique-son-15e-podium\\\/\"]}]},{\"@type\":\"ImageObject\",\"inLanguage\":\"fr-FR\",\"@id\":\"https:\\\/\\\/preprod.olympic.ca\\\/olympique\\\/2011\\\/03\\\/14\\\/le-champion-mondial-de-descente-erik-guay-revendique-son-15e-podium\\\/#primaryimage\",\"url\":\"https:\\\/\\\/preprod.olympic.ca\\\/olympique\\\/wp-content\\\/uploads\\\/sites\\\/2\\\/2011\\\/09\\\/guay6.jpg?quality=100\",\"contentUrl\":\"https:\\\/\\\/preprod.olympic.ca\\\/olympique\\\/wp-content\\\/uploads\\\/sites\\\/2\\\/2011\\\/09\\\/guay6.jpg?quality=100\",\"width\":640,\"height\":400},{\"@type\":\"WebSite\",\"@id\":\"https:\\\/\\\/preprod.olympic.ca\\\/olympique\\\/#website\",\"url\":\"https:\\\/\\\/preprod.olympic.ca\\\/olympique\\\/\",\"name\":\"\u00c9quipe Canada | Site officiel de l&#039;\u00e9quipe olympique\",\"description\":\"Votre source pour l\u2019\u00c9quipe olympique canadienne. Retrouvez les r\u00e9cits, vid\u00e9os et photos des athl\u00e8tes canadiens, sports olympiques, Jeux olympiques de 2020 et bien plus!\",\"potentialAction\":[{\"@type\":\"SearchAction\",\"target\":{\"@type\":\"EntryPoint\",\"urlTemplate\":\"https:\\\/\\\/preprod.olympic.ca\\\/olympique\\\/?s={search_term_string}\"},\"query-input\":{\"@type\":\"PropertyValueSpecification\",\"valueRequired\":true,\"valueName\":\"search_term_string\"}}],\"inLanguage\":\"fr-FR\"},{\"@type\":\"Person\",\"@id\":\"https:\\\/\\\/preprod.olympic.ca\\\/olympique\\\/#\\\/schema\\\/person\\\/08d84fd062bf1b56ffb3808cb69aee9c\",\"name\":\"cdnolympicteam\",\"image\":{\"@type\":\"ImageObject\",\"inLanguage\":\"fr-FR\",\"@id\":\"https:\\\/\\\/secure.gravatar.com\\\/avatar\\\/5ebf1554473077ab88cd1ec3372750991c09302ef58500182e331751d1f3473b?s=96&d=identicon&r=g7289394c1202ef020fcd9aad965e50f7\",\"url\":\"https:\\\/\\\/secure.gravatar.com\\\/avatar\\\/5ebf1554473077ab88cd1ec3372750991c09302ef58500182e331751d1f3473b?s=96&d=identicon&r=g\",\"contentUrl\":\"https:\\\/\\\/secure.gravatar.com\\\/avatar\\\/5ebf1554473077ab88cd1ec3372750991c09302ef58500182e331751d1f3473b?s=96&d=identicon&r=g\",\"caption\":\"cdnolympicteam\"},\"url\":\"https:\\\/\\\/preprod.olympic.ca\\\/olympique\\\/author\\\/cdnolympicteam\\\/\"}]}<\/script>\n<!-- \/ Yoast SEO plugin. -->","yoast_head_json":{"title":"Le champion mondial de descente, \u00c9rik Guay, revendique son 15e podium - \u00c9quipe Canada | Site officiel de l&#039;\u00e9quipe olympique","robots":{"index":"index","follow":"follow","max-snippet":"max-snippet:-1","max-image-preview":"max-image-preview:large","max-video-preview":"max-video-preview:-1"},"canonical":"https:\/\/preprod.olympic.ca\/olympique\/2011\/03\/14\/le-champion-mondial-de-descente-erik-guay-revendique-son-15e-podium\/","og_locale":"fr_FR","og_type":"article","og_title":"Le champion mondial de descente, \u00c9rik Guay, revendique son 15e podium - \u00c9quipe Canada | Site officiel de l&#039;\u00e9quipe olympique","og_description":"Le Canadien Erik Guay a compl\u00e9t\u00e9 son palmar\u00e8s de m\u00e9dailles en encha\u00eenant \u00e0 son impressionnante victoire aux Championnats du monde...","og_url":"https:\/\/preprod.olympic.ca\/olympique\/2011\/03\/14\/le-champion-mondial-de-descente-erik-guay-revendique-son-15e-podium\/","og_site_name":"\u00c9quipe Canada | Site officiel de l&#039;\u00e9quipe olympique","article_published_time":"2011-03-14T21:48:14+00:00","article_modified_time":"2013-08-01T01:12:07+00:00","og_image":[{"width":640,"height":400,"url":"https:\/\/preprod.olympic.ca\/olympique\/wp-content\/uploads\/sites\/2\/2011\/09\/guay6.jpg?quality=100","type":"image\/jpeg"}],"author":"Comit\u00e9 olympique canadien","twitter_card":"summary_large_image","twitter_misc":{"Written by":"Comit\u00e9 olympique canadien","Est. reading time":"4 minutes"},"schema":{"@context":"https:\/\/schema.org","@graph":[{"@type":"Article","@id":"https:\/\/preprod.olympic.ca\/olympique\/2011\/03\/14\/le-champion-mondial-de-descente-erik-guay-revendique-son-15e-podium\/#article","isPartOf":{"@id":"https:\/\/preprod.olympic.ca\/olympique\/2011\/03\/14\/le-champion-mondial-de-descente-erik-guay-revendique-son-15e-podium\/"},"author":{"name":"cdnolympicteam","@id":"https:\/\/preprod.olympic.ca\/olympique\/#\/schema\/person\/08d84fd062bf1b56ffb3808cb69aee9c"},"headline":"Le champion mondial de descente, \u00c9rik Guay, revendique son 15e podium","datePublished":"2011-03-14T21:48:14+00:00","dateModified":"2013-08-01T01:12:07+00:00","mainEntityOfPage":{"@id":"https:\/\/preprod.olympic.ca\/olympique\/2011\/03\/14\/le-champion-mondial-de-descente-erik-guay-revendique-son-15e-podium\/"},"wordCount":884,"commentCount":0,"image":{"@id":"https:\/\/preprod.olympic.ca\/olympique\/2011\/03\/14\/le-champion-mondial-de-descente-erik-guay-revendique-son-15e-podium\/#primaryimage"},"thumbnailUrl":"https:\/\/preprod.olympic.ca\/olympique\/wp-content\/uploads\/sites\/2\/2011\/09\/guay6.jpg?quality=100","articleSection":["Nouvelles de l'equipe"],"inLanguage":"fr-FR","potentialAction":[{"@type":"CommentAction","name":"Comment","target":["https:\/\/preprod.olympic.ca\/olympique\/2011\/03\/14\/le-champion-mondial-de-descente-erik-guay-revendique-son-15e-podium\/#respond"]}]},{"@type":"WebPage","@id":"https:\/\/preprod.olympic.ca\/olympique\/2011\/03\/14\/le-champion-mondial-de-descente-erik-guay-revendique-son-15e-podium\/","url":"https:\/\/preprod.olympic.ca\/olympique\/2011\/03\/14\/le-champion-mondial-de-descente-erik-guay-revendique-son-15e-podium\/","name":"Le champion mondial de descente, \u00c9rik Guay, revendique son 15e podium - \u00c9quipe Canada | Site officiel de l&#039;\u00e9quipe olympique","isPartOf":{"@id":"https:\/\/preprod.olympic.ca\/olympique\/#website"},"primaryImageOfPage":{"@id":"https:\/\/preprod.olympic.ca\/olympique\/2011\/03\/14\/le-champion-mondial-de-descente-erik-guay-revendique-son-15e-podium\/#primaryimage"},"image":{"@id":"https:\/\/preprod.olympic.ca\/olympique\/2011\/03\/14\/le-champion-mondial-de-descente-erik-guay-revendique-son-15e-podium\/#primaryimage"},"thumbnailUrl":"https:\/\/preprod.olympic.ca\/olympique\/wp-content\/uploads\/sites\/2\/2011\/09\/guay6.jpg?quality=100","datePublished":"2011-03-14T21:48:14+00:00","dateModified":"2013-08-01T01:12:07+00:00","author":{"@id":"https:\/\/preprod.olympic.ca\/olympique\/#\/schema\/person\/08d84fd062bf1b56ffb3808cb69aee9c"},"inLanguage":"fr-FR","potentialAction":[{"@type":"ReadAction","target":["https:\/\/preprod.olympic.ca\/olympique\/2011\/03\/14\/le-champion-mondial-de-descente-erik-guay-revendique-son-15e-podium\/"]}]},{"@type":"ImageObject","inLanguage":"fr-FR","@id":"https:\/\/preprod.olympic.ca\/olympique\/2011\/03\/14\/le-champion-mondial-de-descente-erik-guay-revendique-son-15e-podium\/#primaryimage","url":"https:\/\/preprod.olympic.ca\/olympique\/wp-content\/uploads\/sites\/2\/2011\/09\/guay6.jpg?quality=100","contentUrl":"https:\/\/preprod.olympic.ca\/olympique\/wp-content\/uploads\/sites\/2\/2011\/09\/guay6.jpg?quality=100","width":640,"height":400},{"@type":"WebSite","@id":"https:\/\/preprod.olympic.ca\/olympique\/#website","url":"https:\/\/preprod.olympic.ca\/olympique\/","name":"\u00c9quipe Canada | Site officiel de l&#039;\u00e9quipe olympique","description":"Votre source pour l\u2019\u00c9quipe olympique canadienne. Retrouvez les r\u00e9cits, vid\u00e9os et photos des athl\u00e8tes canadiens, sports olympiques, Jeux olympiques de 2020 et bien plus!","potentialAction":[{"@type":"SearchAction","target":{"@type":"EntryPoint","urlTemplate":"https:\/\/preprod.olympic.ca\/olympique\/?s={search_term_string}"},"query-input":{"@type":"PropertyValueSpecification","valueRequired":true,"valueName":"search_term_string"}}],"inLanguage":"fr-FR"},{"@type":"Person","@id":"https:\/\/preprod.olympic.ca\/olympique\/#\/schema\/person\/08d84fd062bf1b56ffb3808cb69aee9c","name":"cdnolympicteam","image":{"@type":"ImageObject","inLanguage":"fr-FR","@id":"https:\/\/secure.gravatar.com\/avatar\/5ebf1554473077ab88cd1ec3372750991c09302ef58500182e331751d1f3473b?s=96&d=identicon&r=g7289394c1202ef020fcd9aad965e50f7","url":"https:\/\/secure.gravatar.com\/avatar\/5ebf1554473077ab88cd1ec3372750991c09302ef58500182e331751d1f3473b?s=96&d=identicon&r=g","contentUrl":"https:\/\/secure.gravatar.com\/avatar\/5ebf1554473077ab88cd1ec3372750991c09302ef58500182e331751d1f3473b?s=96&d=identicon&r=g","caption":"cdnolympicteam"},"url":"https:\/\/preprod.olympic.ca\/olympique\/author\/cdnolympicteam\/"}]}},"jetpack_featured_media_url":"https:\/\/preprod.olympic.ca\/olympique\/wp-content\/uploads\/sites\/2\/2011\/09\/guay6.jpg?quality=100","featured_image_url":"https:\/\/preprod.olympic.ca\/olympique\/wp-content\/uploads\/sites\/2\/2011\/09\/guay6.jpg?quality=100","author_name":["Comit\u00e9 olympique canadien"],"category_names":["Nouvelles de l'equipe"],"tag_names":[],"video_embed_code":"","facebook_video_embed_code":"","jetpack_sharing_enabled":true,"jetpack-related-posts":[],"jetpack_shortlink":"https:\/\/wp.me\/pcGHcP-5xE","_links":{"self":[{"href":"https:\/\/preprod.olympic.ca\/olympique\/wp-json\/wp\/v2\/posts\/21306","targetHints":{"allow":["GET"]}}],"collection":[{"href":"https:\/\/preprod.olympic.ca\/olympique\/wp-json\/wp\/v2\/posts"}],"about":[{"href":"https:\/\/preprod.olympic.ca\/olympique\/wp-json\/wp\/v2\/types\/post"}],"author":[{"embeddable":true,"href":"https:\/\/preprod.olympic.ca\/olympique\/wp-json\/wp\/v2\/users\/47562643"}],"replies":[{"embeddable":true,"href":"https:\/\/preprod.olympic.ca\/olympique\/wp-json\/wp\/v2\/comments?post=21306"}],"version-history":[{"count":1,"href":"https:\/\/preprod.olympic.ca\/olympique\/wp-json\/wp\/v2\/posts\/21306\/revisions"}],"predecessor-version":[{"id":83055,"href":"https:\/\/preprod.olympic.ca\/olympique\/wp-json\/wp\/v2\/posts\/21306\/revisions\/83055"}],"wp:featuredmedia":[{"embeddable":true,"href":"https:\/\/preprod.olympic.ca\/olympique\/wp-json\/wp\/v2\/media\/21299"}],"wp:attachment":[{"href":"https:\/\/preprod.olympic.ca\/olympique\/wp-json\/wp\/v2\/media?parent=21306"}],"wp:term":[{"taxonomy":"category","embeddable":true,"href":"https:\/\/preprod.olympic.ca\/olympique\/wp-json\/wp\/v2\/categories?post=21306"},{"taxonomy":"post_tag","embeddable":true,"href":"https:\/\/preprod.olympic.ca\/olympique\/wp-json\/wp\/v2\/tags?post=21306"},{"taxonomy":"post_format","embeddable":true,"href":"https:\/\/preprod.olympic.ca\/olympique\/wp-json\/wp\/v2\/post_format?post=21306"},{"taxonomy":"sport","embeddable":true,"href":"https:\/\/preprod.olympic.ca\/olympique\/wp-json\/wp\/v2\/sport?post=21306"},{"taxonomy":"game","embeddable":true,"href":"https:\/\/preprod.olympic.ca\/olympique\/wp-json\/wp\/v2\/game?post=21306"},{"taxonomy":"author","embeddable":true,"href":"https:\/\/preprod.olympic.ca\/olympique\/wp-json\/wp\/v2\/coauthors?post=21306"}],"curies":[{"name":"wp","href":"https:\/\/api.w.org\/{rel}","templated":true}]}}