{"id":21313,"date":"2011-03-14T17:50:45","date_gmt":"2011-03-14T21:50:45","guid":{"rendered":"http:\/\/preprod.olympic.ca\/?p=21313"},"modified":"2013-08-01T01:12:08","modified_gmt":"2013-08-01T01:12:08","slug":"la-legende-du-hockey-feminin-jennifer-botterill-prend-sa-retraite","status":"publish","type":"post","link":"https:\/\/preprod.olympic.ca\/olympique\/2011\/03\/14\/la-legende-du-hockey-feminin-jennifer-botterill-prend-sa-retraite\/","title":{"rendered":"La l\u00e9gende du hockey f\u00e9minin, Jennifer Botterill, prend sa retraite"},"content":{"rendered":"<p>Hockey Canada a annonc\u00e9, lundi, que Jennifer Botterill, une de seulement quatre Canadiennes \u00e0 avoir particip\u00e9 aux quatre tournois olympiques de hockey f\u00e9minin et triple m\u00e9daill\u00e9e d\u2019or olympique, prend sa retraite de l\u2019\u00e9quipe nationale f\u00e9minine du Canada.<\/p>\n<p>Jennifer a disput\u00e9 184 matchs dans l\u2019uniforme d\u2019\u00c9quipe Canada \u2013 ce qui la place au troisi\u00e8me rang derri\u00e8re Hayley Wickenheiser et Jayna Hefford \u00e0 ce chapitre \u2013, cumulant 65 buts et 109 aides pour 174 points ce qui lui vaut le cinqui\u00e8me rang de tous les temps. Elle a \u00e9galement particip\u00e9 \u00e0 neuf matchs avec l\u2019\u00e9quipe nationale f\u00e9minine des moins de 22 ans du Canada, remportant une m\u00e9daille d\u2019or \u00e0 la Coupe de No\u00ebl de 1998 en Allemagne, avant d\u2019\u00eatre nomm\u00e9e capitaine de l\u2019\u00e9quipe pour une s\u00e9rie de trois matchs contre les \u00c9tats-Unis en ao\u00fbt 1999.<\/p>\n<p>Originaire de Winnipeg, Jennifer a remport\u00e9 16 m\u00e9dailles d\u2019or au cours de ses 14 ans (1997-2010) de carri\u00e8re avec l\u2019\u00e9quipe nationale f\u00e9minine du Canada, incluant trois aux Jeux olympiques d\u2019hiver (2002, 2006, 2010), cinq lors de Championnats mondiaux f\u00e9minins de l\u2019IIHF (1999, 2000, 2001, 2004, 2007), sept lors de Coupes des 3\/4 nations (1999, 2000, 2001, 2005, 2006, 2007, 2009) et une au Tournoi sur glace de Turin en 2005.<\/p>\n<p>Jennifer Botterill a \u00e9t\u00e9 nomm\u00e9e la joueuse par excellence du Championnat mondial f\u00e9minin de l\u2019IIHF en 2001 et 2004. Elle a \u00e9galement \u00e9t\u00e9 nomm\u00e9e la meilleure avant du tournoi en 2004 et \u00e0 l\u2019\u00e9quipe des \u00e9toiles des m\u00e9dias au Championnat mondial f\u00e9minin 2004 de l\u2019IIHF et aux Jeux olympiques d\u2019hiver de 2006. Et le 25 f\u00e9vrier 2010, Jennifer a obtenu une mention d\u2019aide sur le but de Marie-Philip Poulin qui a permis au Canada de remporter la m\u00e9daille d\u2019or.<\/p>\n<p>\u00ab Je serai toujours reconnaissante pour tout ce que le hockey m\u2019a apport\u00e9 au cours de ma carri\u00e8re comme joueuse \u00bb, a dit Jennifer. \u00ab Je garderai toujours un pr\u00e9cieux souvenir des exp\u00e9riences et des occasions dont j\u2019ai profit\u00e9 \u00e0 cause de ce jeu. Merci \u00e0 toutes mes co\u00e9quipi\u00e8res, \u00e0 tous mes entra\u00eeneurs et soigneurs qui m\u2019ont appuy\u00e9e au fil des ans. Je suis tr\u00e8s excit\u00e9e d\u2019entreprendre un autre chapitre de ma vie et je suis impatiente de voir ce que l\u2019avenir me r\u00e9serve. \u00bb<\/p>\n<p>\u00ab Tout au long de sa carri\u00e8re avec l\u2019\u00e9quipe nationale f\u00e9minine du Canada, Jennifer Botterill a \u00e9t\u00e9 un mod\u00e8le pour les jeunes filles jouant au hockey partout au pays, et je suis certain qu\u2019elle continuera de l\u2019\u00eatre m\u00eame \u00e0 la retraite \u00bb, a d\u00e9clar\u00e9 Bob Nicholson, pr\u00e9sident et chef de la direction de Hockey Canada. \u00ab Nous lui souhaitons du succ\u00e8s dans tous ses projets et sommes impatients de travailler avec elle \u00e0 continuer d\u2019assurer la croissance du hockey f\u00e9minin. Son sourire contagieux et sa personnalit\u00e9 enjou\u00e9e vont nous manquer dans le vestiaire et sur la glace. \u00bb<\/p>\n<p>Aupr\u00e8s de ses \u00e9quipes de club de l\u2019\u00e9lite, Jennifer a remport\u00e9 deux m\u00e9dailles d\u2019or au Championnat national f\u00e9minin Esso, une en 2005 avec les Aeros de Toronto et l\u2019autre en 2008 avec les Chiefs de Mississauga. Elle a \u00e9t\u00e9 la premi\u00e8re r\u00e9cipiendaire du bol Angela James \u00e0 titre de meilleure pointeuse de la Ligue canadienne de hockey f\u00e9minin lors de la saison inaugurale de la ligue en 2007-08, saison o\u00f9 elle a aussi \u00e9t\u00e9 nomm\u00e9e la meilleure avant de la ligue.<\/p>\n<p>Elle a pass\u00e9 quatre saisons \u00e0 l\u2019Universit\u00e9 Harvard (1998-2001, 2002-03), cumulant 319 points en 107 matchs et remportant le prix Patty Kazmaier remis \u00e0 la meilleure joueuse du hockey coll\u00e9gial am\u00e9ricain en 2000-01 et 2002-03. Elle est la seule joueuse \u00e0 avoir remport\u00e9 le prestigieux prix \u00e0 deux reprises. Jennifer, qui a marqu\u00e9 le but gagnant en prolongation pour Harvard lors du championnat national de l\u2019American Women\u2019s College Hockey Alliance en 1999, a termin\u00e9 sa carri\u00e8re coll\u00e9giale apr\u00e8s avoir inscrit au moins un point \u00e0 106 de ses 107 matchs, y compris au cours de 80 matchs de suite.<\/p>\n","protected":false},"excerpt":{"rendered":"<p>Hockey Canada a annonc\u00e9, lundi, que Jennifer Botterill, une de seulement quatre Canadiennes \u00e0 avoir particip\u00e9 aux quatre tournois olympiques&#8230;<\/p>\n","protected":false},"author":47562643,"featured_media":21311,"comment_status":"open","ping_status":"open","sticky":false,"template":"","format":"standard","meta":{"_acf_changed":false,"_jetpack_memberships_contains_paid_content":false,"footnotes":""},"categories":[70121],"tags":[],"post_format":"standard","sport":[],"game":[],"coauthors":[186127234],"class_list":["post-21313","post","type-post","status-publish","format-standard","has-post-thumbnail","hentry","category-equipe"],"acf":[],"yoast_head":"<!-- This site is optimized with the Yoast SEO plugin v27.3 - https:\/\/yoast.com\/product\/yoast-seo-wordpress\/ -->\n<title>La l\u00e9gende du hockey f\u00e9minin, Jennifer Botterill, prend sa retraite - \u00c9quipe Canada | Site officiel de l&#039;\u00e9quipe olympique<\/title>\n<meta name=\"robots\" content=\"index, follow, max-snippet:-1, max-image-preview:large, max-video-preview:-1\" \/>\n<link rel=\"canonical\" href=\"https:\/\/preprod.olympic.ca\/olympique\/2011\/03\/14\/la-legende-du-hockey-feminin-jennifer-botterill-prend-sa-retraite\/\" \/>\n<meta property=\"og:locale\" content=\"fr_FR\" \/>\n<meta property=\"og:type\" content=\"article\" \/>\n<meta property=\"og:title\" content=\"La l\u00e9gende du hockey f\u00e9minin, Jennifer Botterill, prend sa retraite - \u00c9quipe Canada | Site officiel de l&#039;\u00e9quipe olympique\" \/>\n<meta property=\"og:description\" content=\"Hockey Canada a annonc\u00e9, lundi, que Jennifer Botterill, une de seulement quatre Canadiennes \u00e0 avoir particip\u00e9 aux quatre tournois olympiques...\" \/>\n<meta property=\"og:url\" content=\"https:\/\/preprod.olympic.ca\/olympique\/2011\/03\/14\/la-legende-du-hockey-feminin-jennifer-botterill-prend-sa-retraite\/\" \/>\n<meta property=\"og:site_name\" content=\"\u00c9quipe Canada | Site officiel de l&#039;\u00e9quipe olympique\" \/>\n<meta property=\"article:published_time\" content=\"2011-03-14T21:50:45+00:00\" \/>\n<meta property=\"article:modified_time\" content=\"2013-08-01T01:12:08+00:00\" \/>\n<meta property=\"og:image\" content=\"https:\/\/preprod.olympic.ca\/olympique\/wp-content\/uploads\/sites\/2\/2011\/09\/botterill5.jpg?quality=100\" \/>\n\t<meta property=\"og:image:width\" content=\"3532\" \/>\n\t<meta property=\"og:image:height\" content=\"2162\" \/>\n\t<meta property=\"og:image:type\" content=\"image\/jpeg\" \/>\n<meta name=\"author\" content=\"Comit\u00e9 olympique canadien\" \/>\n<meta name=\"twitter:card\" content=\"summary_large_image\" \/>\n<meta name=\"twitter:label1\" content=\"Written by\" \/>\n\t<meta name=\"twitter:data1\" content=\"Comit\u00e9 olympique canadien\" \/>\n\t<meta name=\"twitter:label2\" content=\"Est. reading time\" \/>\n\t<meta name=\"twitter:data2\" content=\"3 minutes\" \/>\n<script type=\"application\/ld+json\" class=\"yoast-schema-graph\">{\"@context\":\"https:\\\/\\\/schema.org\",\"@graph\":[{\"@type\":\"Article\",\"@id\":\"https:\\\/\\\/preprod.olympic.ca\\\/olympique\\\/2011\\\/03\\\/14\\\/la-legende-du-hockey-feminin-jennifer-botterill-prend-sa-retraite\\\/#article\",\"isPartOf\":{\"@id\":\"https:\\\/\\\/preprod.olympic.ca\\\/olympique\\\/2011\\\/03\\\/14\\\/la-legende-du-hockey-feminin-jennifer-botterill-prend-sa-retraite\\\/\"},\"author\":{\"name\":\"cdnolympicteam\",\"@id\":\"https:\\\/\\\/preprod.olympic.ca\\\/olympique\\\/#\\\/schema\\\/person\\\/08d84fd062bf1b56ffb3808cb69aee9c\"},\"headline\":\"La l\u00e9gende du hockey f\u00e9minin, Jennifer Botterill, prend sa retraite\",\"datePublished\":\"2011-03-14T21:50:45+00:00\",\"dateModified\":\"2013-08-01T01:12:08+00:00\",\"mainEntityOfPage\":{\"@id\":\"https:\\\/\\\/preprod.olympic.ca\\\/olympique\\\/2011\\\/03\\\/14\\\/la-legende-du-hockey-feminin-jennifer-botterill-prend-sa-retraite\\\/\"},\"wordCount\":678,\"commentCount\":0,\"image\":{\"@id\":\"https:\\\/\\\/preprod.olympic.ca\\\/olympique\\\/2011\\\/03\\\/14\\\/la-legende-du-hockey-feminin-jennifer-botterill-prend-sa-retraite\\\/#primaryimage\"},\"thumbnailUrl\":\"https:\\\/\\\/preprod.olympic.ca\\\/olympique\\\/wp-content\\\/uploads\\\/sites\\\/2\\\/2011\\\/09\\\/botterill5.jpg?quality=100\",\"articleSection\":[\"Nouvelles de l'equipe\"],\"inLanguage\":\"fr-FR\",\"potentialAction\":[{\"@type\":\"CommentAction\",\"name\":\"Comment\",\"target\":[\"https:\\\/\\\/preprod.olympic.ca\\\/olympique\\\/2011\\\/03\\\/14\\\/la-legende-du-hockey-feminin-jennifer-botterill-prend-sa-retraite\\\/#respond\"]}]},{\"@type\":\"WebPage\",\"@id\":\"https:\\\/\\\/preprod.olympic.ca\\\/olympique\\\/2011\\\/03\\\/14\\\/la-legende-du-hockey-feminin-jennifer-botterill-prend-sa-retraite\\\/\",\"url\":\"https:\\\/\\\/preprod.olympic.ca\\\/olympique\\\/2011\\\/03\\\/14\\\/la-legende-du-hockey-feminin-jennifer-botterill-prend-sa-retraite\\\/\",\"name\":\"La l\u00e9gende du hockey f\u00e9minin, Jennifer Botterill, prend sa retraite - \u00c9quipe Canada | Site officiel de l&#039;\u00e9quipe olympique\",\"isPartOf\":{\"@id\":\"https:\\\/\\\/preprod.olympic.ca\\\/olympique\\\/#website\"},\"primaryImageOfPage\":{\"@id\":\"https:\\\/\\\/preprod.olympic.ca\\\/olympique\\\/2011\\\/03\\\/14\\\/la-legende-du-hockey-feminin-jennifer-botterill-prend-sa-retraite\\\/#primaryimage\"},\"image\":{\"@id\":\"https:\\\/\\\/preprod.olympic.ca\\\/olympique\\\/2011\\\/03\\\/14\\\/la-legende-du-hockey-feminin-jennifer-botterill-prend-sa-retraite\\\/#primaryimage\"},\"thumbnailUrl\":\"https:\\\/\\\/preprod.olympic.ca\\\/olympique\\\/wp-content\\\/uploads\\\/sites\\\/2\\\/2011\\\/09\\\/botterill5.jpg?quality=100\",\"datePublished\":\"2011-03-14T21:50:45+00:00\",\"dateModified\":\"2013-08-01T01:12:08+00:00\",\"author\":{\"@id\":\"https:\\\/\\\/preprod.olympic.ca\\\/olympique\\\/#\\\/schema\\\/person\\\/08d84fd062bf1b56ffb3808cb69aee9c\"},\"inLanguage\":\"fr-FR\",\"potentialAction\":[{\"@type\":\"ReadAction\",\"target\":[\"https:\\\/\\\/preprod.olympic.ca\\\/olympique\\\/2011\\\/03\\\/14\\\/la-legende-du-hockey-feminin-jennifer-botterill-prend-sa-retraite\\\/\"]}]},{\"@type\":\"ImageObject\",\"inLanguage\":\"fr-FR\",\"@id\":\"https:\\\/\\\/preprod.olympic.ca\\\/olympique\\\/2011\\\/03\\\/14\\\/la-legende-du-hockey-feminin-jennifer-botterill-prend-sa-retraite\\\/#primaryimage\",\"url\":\"https:\\\/\\\/preprod.olympic.ca\\\/olympique\\\/wp-content\\\/uploads\\\/sites\\\/2\\\/2011\\\/09\\\/botterill5.jpg?quality=100\",\"contentUrl\":\"https:\\\/\\\/preprod.olympic.ca\\\/olympique\\\/wp-content\\\/uploads\\\/sites\\\/2\\\/2011\\\/09\\\/botterill5.jpg?quality=100\",\"width\":3532,\"height\":2162},{\"@type\":\"WebSite\",\"@id\":\"https:\\\/\\\/preprod.olympic.ca\\\/olympique\\\/#website\",\"url\":\"https:\\\/\\\/preprod.olympic.ca\\\/olympique\\\/\",\"name\":\"\u00c9quipe Canada | Site officiel de l&#039;\u00e9quipe olympique\",\"description\":\"Votre source pour l\u2019\u00c9quipe olympique canadienne. Retrouvez les r\u00e9cits, vid\u00e9os et photos des athl\u00e8tes canadiens, sports olympiques, Jeux olympiques de 2020 et bien plus!\",\"potentialAction\":[{\"@type\":\"SearchAction\",\"target\":{\"@type\":\"EntryPoint\",\"urlTemplate\":\"https:\\\/\\\/preprod.olympic.ca\\\/olympique\\\/?s={search_term_string}\"},\"query-input\":{\"@type\":\"PropertyValueSpecification\",\"valueRequired\":true,\"valueName\":\"search_term_string\"}}],\"inLanguage\":\"fr-FR\"},{\"@type\":\"Person\",\"@id\":\"https:\\\/\\\/preprod.olympic.ca\\\/olympique\\\/#\\\/schema\\\/person\\\/08d84fd062bf1b56ffb3808cb69aee9c\",\"name\":\"cdnolympicteam\",\"image\":{\"@type\":\"ImageObject\",\"inLanguage\":\"fr-FR\",\"@id\":\"https:\\\/\\\/secure.gravatar.com\\\/avatar\\\/5ebf1554473077ab88cd1ec3372750991c09302ef58500182e331751d1f3473b?s=96&d=identicon&r=g7289394c1202ef020fcd9aad965e50f7\",\"url\":\"https:\\\/\\\/secure.gravatar.com\\\/avatar\\\/5ebf1554473077ab88cd1ec3372750991c09302ef58500182e331751d1f3473b?s=96&d=identicon&r=g\",\"contentUrl\":\"https:\\\/\\\/secure.gravatar.com\\\/avatar\\\/5ebf1554473077ab88cd1ec3372750991c09302ef58500182e331751d1f3473b?s=96&d=identicon&r=g\",\"caption\":\"cdnolympicteam\"},\"url\":\"https:\\\/\\\/preprod.olympic.ca\\\/olympique\\\/author\\\/cdnolympicteam\\\/\"}]}<\/script>\n<!-- \/ Yoast SEO plugin. -->","yoast_head_json":{"title":"La l\u00e9gende du hockey f\u00e9minin, Jennifer Botterill, prend sa retraite - \u00c9quipe Canada | Site officiel de l&#039;\u00e9quipe olympique","robots":{"index":"index","follow":"follow","max-snippet":"max-snippet:-1","max-image-preview":"max-image-preview:large","max-video-preview":"max-video-preview:-1"},"canonical":"https:\/\/preprod.olympic.ca\/olympique\/2011\/03\/14\/la-legende-du-hockey-feminin-jennifer-botterill-prend-sa-retraite\/","og_locale":"fr_FR","og_type":"article","og_title":"La l\u00e9gende du hockey f\u00e9minin, Jennifer Botterill, prend sa retraite - \u00c9quipe Canada | Site officiel de l&#039;\u00e9quipe olympique","og_description":"Hockey Canada a annonc\u00e9, lundi, que Jennifer Botterill, une de seulement quatre Canadiennes \u00e0 avoir particip\u00e9 aux quatre tournois olympiques...","og_url":"https:\/\/preprod.olympic.ca\/olympique\/2011\/03\/14\/la-legende-du-hockey-feminin-jennifer-botterill-prend-sa-retraite\/","og_site_name":"\u00c9quipe Canada | Site officiel de l&#039;\u00e9quipe olympique","article_published_time":"2011-03-14T21:50:45+00:00","article_modified_time":"2013-08-01T01:12:08+00:00","og_image":[{"width":3532,"height":2162,"url":"https:\/\/preprod.olympic.ca\/olympique\/wp-content\/uploads\/sites\/2\/2011\/09\/botterill5.jpg?quality=100","type":"image\/jpeg"}],"author":"Comit\u00e9 olympique canadien","twitter_card":"summary_large_image","twitter_misc":{"Written by":"Comit\u00e9 olympique canadien","Est. reading time":"3 minutes"},"schema":{"@context":"https:\/\/schema.org","@graph":[{"@type":"Article","@id":"https:\/\/preprod.olympic.ca\/olympique\/2011\/03\/14\/la-legende-du-hockey-feminin-jennifer-botterill-prend-sa-retraite\/#article","isPartOf":{"@id":"https:\/\/preprod.olympic.ca\/olympique\/2011\/03\/14\/la-legende-du-hockey-feminin-jennifer-botterill-prend-sa-retraite\/"},"author":{"name":"cdnolympicteam","@id":"https:\/\/preprod.olympic.ca\/olympique\/#\/schema\/person\/08d84fd062bf1b56ffb3808cb69aee9c"},"headline":"La l\u00e9gende du hockey f\u00e9minin, Jennifer Botterill, prend sa retraite","datePublished":"2011-03-14T21:50:45+00:00","dateModified":"2013-08-01T01:12:08+00:00","mainEntityOfPage":{"@id":"https:\/\/preprod.olympic.ca\/olympique\/2011\/03\/14\/la-legende-du-hockey-feminin-jennifer-botterill-prend-sa-retraite\/"},"wordCount":678,"commentCount":0,"image":{"@id":"https:\/\/preprod.olympic.ca\/olympique\/2011\/03\/14\/la-legende-du-hockey-feminin-jennifer-botterill-prend-sa-retraite\/#primaryimage"},"thumbnailUrl":"https:\/\/preprod.olympic.ca\/olympique\/wp-content\/uploads\/sites\/2\/2011\/09\/botterill5.jpg?quality=100","articleSection":["Nouvelles de l'equipe"],"inLanguage":"fr-FR","potentialAction":[{"@type":"CommentAction","name":"Comment","target":["https:\/\/preprod.olympic.ca\/olympique\/2011\/03\/14\/la-legende-du-hockey-feminin-jennifer-botterill-prend-sa-retraite\/#respond"]}]},{"@type":"WebPage","@id":"https:\/\/preprod.olympic.ca\/olympique\/2011\/03\/14\/la-legende-du-hockey-feminin-jennifer-botterill-prend-sa-retraite\/","url":"https:\/\/preprod.olympic.ca\/olympique\/2011\/03\/14\/la-legende-du-hockey-feminin-jennifer-botterill-prend-sa-retraite\/","name":"La l\u00e9gende du hockey f\u00e9minin, Jennifer Botterill, prend sa retraite - \u00c9quipe Canada | Site officiel de l&#039;\u00e9quipe olympique","isPartOf":{"@id":"https:\/\/preprod.olympic.ca\/olympique\/#website"},"primaryImageOfPage":{"@id":"https:\/\/preprod.olympic.ca\/olympique\/2011\/03\/14\/la-legende-du-hockey-feminin-jennifer-botterill-prend-sa-retraite\/#primaryimage"},"image":{"@id":"https:\/\/preprod.olympic.ca\/olympique\/2011\/03\/14\/la-legende-du-hockey-feminin-jennifer-botterill-prend-sa-retraite\/#primaryimage"},"thumbnailUrl":"https:\/\/preprod.olympic.ca\/olympique\/wp-content\/uploads\/sites\/2\/2011\/09\/botterill5.jpg?quality=100","datePublished":"2011-03-14T21:50:45+00:00","dateModified":"2013-08-01T01:12:08+00:00","author":{"@id":"https:\/\/preprod.olympic.ca\/olympique\/#\/schema\/person\/08d84fd062bf1b56ffb3808cb69aee9c"},"inLanguage":"fr-FR","potentialAction":[{"@type":"ReadAction","target":["https:\/\/preprod.olympic.ca\/olympique\/2011\/03\/14\/la-legende-du-hockey-feminin-jennifer-botterill-prend-sa-retraite\/"]}]},{"@type":"ImageObject","inLanguage":"fr-FR","@id":"https:\/\/preprod.olympic.ca\/olympique\/2011\/03\/14\/la-legende-du-hockey-feminin-jennifer-botterill-prend-sa-retraite\/#primaryimage","url":"https:\/\/preprod.olympic.ca\/olympique\/wp-content\/uploads\/sites\/2\/2011\/09\/botterill5.jpg?quality=100","contentUrl":"https:\/\/preprod.olympic.ca\/olympique\/wp-content\/uploads\/sites\/2\/2011\/09\/botterill5.jpg?quality=100","width":3532,"height":2162},{"@type":"WebSite","@id":"https:\/\/preprod.olympic.ca\/olympique\/#website","url":"https:\/\/preprod.olympic.ca\/olympique\/","name":"\u00c9quipe Canada | Site officiel de l&#039;\u00e9quipe olympique","description":"Votre source pour l\u2019\u00c9quipe olympique canadienne. Retrouvez les r\u00e9cits, vid\u00e9os et photos des athl\u00e8tes canadiens, sports olympiques, Jeux olympiques de 2020 et bien plus!","potentialAction":[{"@type":"SearchAction","target":{"@type":"EntryPoint","urlTemplate":"https:\/\/preprod.olympic.ca\/olympique\/?s={search_term_string}"},"query-input":{"@type":"PropertyValueSpecification","valueRequired":true,"valueName":"search_term_string"}}],"inLanguage":"fr-FR"},{"@type":"Person","@id":"https:\/\/preprod.olympic.ca\/olympique\/#\/schema\/person\/08d84fd062bf1b56ffb3808cb69aee9c","name":"cdnolympicteam","image":{"@type":"ImageObject","inLanguage":"fr-FR","@id":"https:\/\/secure.gravatar.com\/avatar\/5ebf1554473077ab88cd1ec3372750991c09302ef58500182e331751d1f3473b?s=96&d=identicon&r=g7289394c1202ef020fcd9aad965e50f7","url":"https:\/\/secure.gravatar.com\/avatar\/5ebf1554473077ab88cd1ec3372750991c09302ef58500182e331751d1f3473b?s=96&d=identicon&r=g","contentUrl":"https:\/\/secure.gravatar.com\/avatar\/5ebf1554473077ab88cd1ec3372750991c09302ef58500182e331751d1f3473b?s=96&d=identicon&r=g","caption":"cdnolympicteam"},"url":"https:\/\/preprod.olympic.ca\/olympique\/author\/cdnolympicteam\/"}]}},"jetpack_featured_media_url":"https:\/\/preprod.olympic.ca\/olympique\/wp-content\/uploads\/sites\/2\/2011\/09\/botterill5.jpg?quality=100","featured_image_url":"https:\/\/preprod.olympic.ca\/olympique\/wp-content\/uploads\/sites\/2\/2011\/09\/botterill5.jpg?quality=100","author_name":["Comit\u00e9 olympique canadien"],"category_names":["Nouvelles de l'equipe"],"tag_names":[],"video_embed_code":"","facebook_video_embed_code":"","jetpack_sharing_enabled":true,"jetpack-related-posts":[],"jetpack_shortlink":"https:\/\/wp.me\/pcGHcP-5xL","_links":{"self":[{"href":"https:\/\/preprod.olympic.ca\/olympique\/wp-json\/wp\/v2\/posts\/21313","targetHints":{"allow":["GET"]}}],"collection":[{"href":"https:\/\/preprod.olympic.ca\/olympique\/wp-json\/wp\/v2\/posts"}],"about":[{"href":"https:\/\/preprod.olympic.ca\/olympique\/wp-json\/wp\/v2\/types\/post"}],"author":[{"embeddable":true,"href":"https:\/\/preprod.olympic.ca\/olympique\/wp-json\/wp\/v2\/users\/47562643"}],"replies":[{"embeddable":true,"href":"https:\/\/preprod.olympic.ca\/olympique\/wp-json\/wp\/v2\/comments?post=21313"}],"version-history":[{"count":1,"href":"https:\/\/preprod.olympic.ca\/olympique\/wp-json\/wp\/v2\/posts\/21313\/revisions"}],"predecessor-version":[{"id":83056,"href":"https:\/\/preprod.olympic.ca\/olympique\/wp-json\/wp\/v2\/posts\/21313\/revisions\/83056"}],"wp:featuredmedia":[{"embeddable":true,"href":"https:\/\/preprod.olympic.ca\/olympique\/wp-json\/wp\/v2\/media\/21311"}],"wp:attachment":[{"href":"https:\/\/preprod.olympic.ca\/olympique\/wp-json\/wp\/v2\/media?parent=21313"}],"wp:term":[{"taxonomy":"category","embeddable":true,"href":"https:\/\/preprod.olympic.ca\/olympique\/wp-json\/wp\/v2\/categories?post=21313"},{"taxonomy":"post_tag","embeddable":true,"href":"https:\/\/preprod.olympic.ca\/olympique\/wp-json\/wp\/v2\/tags?post=21313"},{"taxonomy":"post_format","embeddable":true,"href":"https:\/\/preprod.olympic.ca\/olympique\/wp-json\/wp\/v2\/post_format?post=21313"},{"taxonomy":"sport","embeddable":true,"href":"https:\/\/preprod.olympic.ca\/olympique\/wp-json\/wp\/v2\/sport?post=21313"},{"taxonomy":"game","embeddable":true,"href":"https:\/\/preprod.olympic.ca\/olympique\/wp-json\/wp\/v2\/game?post=21313"},{"taxonomy":"author","embeddable":true,"href":"https:\/\/preprod.olympic.ca\/olympique\/wp-json\/wp\/v2\/coauthors?post=21313"}],"curies":[{"name":"wp","href":"https:\/\/api.w.org\/{rel}","templated":true}]}}