{"id":21411,"date":"2011-03-15T10:29:56","date_gmt":"2011-03-15T14:29:56","guid":{"rendered":"http:\/\/preprod.olympic.ca\/?p=21411"},"modified":"2013-08-01T01:12:09","modified_gmt":"2013-08-01T01:12:09","slug":"le-president-du-coc-nomme-au-sein-dune-commission-cle-du-comite-international-olympique","status":"publish","type":"post","link":"https:\/\/preprod.olympic.ca\/olympique\/2011\/03\/15\/le-president-du-coc-nomme-au-sein-dune-commission-cle-du-comite-international-olympique\/","title":{"rendered":"Le pr\u00e9sident du COC nomm\u00e9 au sein d\u2019une commission cl\u00e9 du Comit\u00e9 international olympique"},"content":{"rendered":"<p>Le Comit\u00e9 international olympique (CIO) a r\u00e9cemment annonc\u00e9 la composition de ses 27 commissions. Au nombre de ceux dont le nom figure sur la liste de 2011 se trouve le pr\u00e9sident du Comit\u00e9 olympique canadien, Marcel Aubut. <\/p>\n<p>Nouvellement nomm\u00e9 au sein d\u2019une commission, Aubut, qui n\u2019est entr\u00e9 en fonction comme pr\u00e9sident qu\u2019en avril 2010, si\u00e9gera \u00e0 la Commission des relations internationales en compagnie d\u2019autres personnalit\u00e9s d\u2019envergure sur la sc\u00e8ne olympique.<\/p>\n<p>\u00ab C\u2019est un honneur pour moi de me joindre \u00e0 d\u2019autres leaders de la famille olympique en vue de travailler au renforcement et au d\u00e9veloppement du Mouvement olympique, a d\u00e9clar\u00e9 Aubut. La Commission des relations internationales offre au Canada un excellent forum pour d\u00e9velopper un bon r\u00e9seau tout en b\u00e9n\u00e9ficiant d\u2019un partage d\u2019apprentissages et d\u2019un partenariat solide avec le CIO. \u00bb <\/p>\n<p>\u00ab Marcel a rapidement fait sa marque sur la sc\u00e8ne olympique, et il repr\u00e9sente clairement la nouvelle vision strat\u00e9gique du COC qui est d\u2019\u00eatre encore plus pr\u00e9sent au niveau international \u00bb, a ajout\u00e9 le chef de la direction et secr\u00e9taire g\u00e9n\u00e9ral du COC, Jean R. Dupr\u00e9. <\/p>\n<p>Aubut rejoint ainsi d\u2019autres membres du conseil d\u2019administration du COC qui fournissent une contribution importante au Mouvement olympique : <\/p>\n<p>\u2022 <b>Richard W. Pound<\/b> : Membre du CIO, Commission juridique et Commission marketing du CIO, repr\u00e9sentant du CIO au Conseil de fondation de l\u2019Agence mondiale antidopage, membre du Conseil international d\u2019arbitrage du sport et pr\u00e9sident et pr\u00e9sident de son Comit\u00e9 de planification strat\u00e9gique <br \/>\n\u2022 <b>Michael Chambers<\/b> : Membre du comit\u00e9 ex\u00e9cutif de l\u2019Organisation panam\u00e9ricaine de sports (OPAS) et pr\u00e9sident de la Commission juridique de l\u2019OPAS, membre du conseil ex\u00e9cutif de l\u2019Association des comit\u00e9s nationaux olympiques (ACNO) et pr\u00e9sident de la Commission juridique de l\u2019ACNO <br \/>\n\u2022 <b>Charmaine Crooks <\/b>: Commission des athl\u00e8tes et Commission de presse du CIO, vice-pr\u00e9sidente de l\u2019Association mondiale des Olympiens<br \/>\n\u2022 <b>Beckie Scott <\/b>: Membre du CIO, Commission des athl\u00e8tes et Commission d\u2019\u00e9thique du CIO, Commission de coordination du CIO pour Sochi 2014 et Innsbruck 2012<br \/>\n\u2022 <b>Walter Sieber <\/b>: Commission du programme olympique du CIO<\/p>\n","protected":false},"excerpt":{"rendered":"<p>Le Comit\u00e9 international olympique (CIO) a r\u00e9cemment annonc\u00e9 la composition de ses 27 commissions. Au nombre de ceux dont le&#8230;<\/p>\n","protected":false},"author":47562643,"featured_media":0,"comment_status":"open","ping_status":"open","sticky":false,"template":"","format":"standard","meta":{"_acf_changed":false,"_jetpack_memberships_contains_paid_content":false,"footnotes":""},"categories":[707890],"tags":[],"post_format":"standard","sport":[],"game":[],"coauthors":[186127234],"class_list":["post-21411","post","type-post","status-publish","format-standard","hentry","category-comite"],"acf":[],"yoast_head":"<!-- This site is optimized with the Yoast SEO plugin v27.3 - https:\/\/yoast.com\/product\/yoast-seo-wordpress\/ -->\n<title>Le pr\u00e9sident du COC nomm\u00e9 au sein d\u2019une commission cl\u00e9 du Comit\u00e9 international olympique - \u00c9quipe Canada | Site officiel de l&#039;\u00e9quipe olympique<\/title>\n<meta name=\"robots\" content=\"index, follow, max-snippet:-1, max-image-preview:large, max-video-preview:-1\" \/>\n<link rel=\"canonical\" href=\"https:\/\/preprod.olympic.ca\/olympique\/2011\/03\/15\/le-president-du-coc-nomme-au-sein-dune-commission-cle-du-comite-international-olympique\/\" \/>\n<meta property=\"og:locale\" content=\"fr_FR\" \/>\n<meta property=\"og:type\" content=\"article\" \/>\n<meta property=\"og:title\" content=\"Le pr\u00e9sident du COC nomm\u00e9 au sein d\u2019une commission cl\u00e9 du Comit\u00e9 international olympique - \u00c9quipe Canada | Site officiel de l&#039;\u00e9quipe olympique\" \/>\n<meta property=\"og:description\" content=\"Le Comit\u00e9 international olympique (CIO) a r\u00e9cemment annonc\u00e9 la composition de ses 27 commissions. Au nombre de ceux dont le...\" \/>\n<meta property=\"og:url\" content=\"https:\/\/preprod.olympic.ca\/olympique\/2011\/03\/15\/le-president-du-coc-nomme-au-sein-dune-commission-cle-du-comite-international-olympique\/\" \/>\n<meta property=\"og:site_name\" content=\"\u00c9quipe Canada | Site officiel de l&#039;\u00e9quipe olympique\" \/>\n<meta property=\"article:published_time\" content=\"2011-03-15T14:29:56+00:00\" \/>\n<meta property=\"article:modified_time\" content=\"2013-08-01T01:12:09+00:00\" \/>\n<meta name=\"author\" content=\"Comit\u00e9 olympique canadien\" \/>\n<meta name=\"twitter:card\" content=\"summary_large_image\" \/>\n<meta name=\"twitter:label1\" content=\"Written by\" \/>\n\t<meta name=\"twitter:data1\" content=\"Comit\u00e9 olympique canadien\" \/>\n\t<meta name=\"twitter:label2\" content=\"Est. reading time\" \/>\n\t<meta name=\"twitter:data2\" content=\"2 minutes\" \/>\n<script type=\"application\/ld+json\" class=\"yoast-schema-graph\">{\"@context\":\"https:\\\/\\\/schema.org\",\"@graph\":[{\"@type\":\"Article\",\"@id\":\"https:\\\/\\\/preprod.olympic.ca\\\/olympique\\\/2011\\\/03\\\/15\\\/le-president-du-coc-nomme-au-sein-dune-commission-cle-du-comite-international-olympique\\\/#article\",\"isPartOf\":{\"@id\":\"https:\\\/\\\/preprod.olympic.ca\\\/olympique\\\/2011\\\/03\\\/15\\\/le-president-du-coc-nomme-au-sein-dune-commission-cle-du-comite-international-olympique\\\/\"},\"author\":{\"name\":\"cdnolympicteam\",\"@id\":\"https:\\\/\\\/preprod.olympic.ca\\\/olympique\\\/#\\\/schema\\\/person\\\/08d84fd062bf1b56ffb3808cb69aee9c\"},\"headline\":\"Le pr\u00e9sident du COC nomm\u00e9 au sein d\u2019une commission cl\u00e9 du Comit\u00e9 international olympique\",\"datePublished\":\"2011-03-15T14:29:56+00:00\",\"dateModified\":\"2013-08-01T01:12:09+00:00\",\"mainEntityOfPage\":{\"@id\":\"https:\\\/\\\/preprod.olympic.ca\\\/olympique\\\/2011\\\/03\\\/15\\\/le-president-du-coc-nomme-au-sein-dune-commission-cle-du-comite-international-olympique\\\/\"},\"wordCount\":382,\"commentCount\":0,\"articleSection\":[\"Derni\u00e8res nouvelles\"],\"inLanguage\":\"fr-FR\",\"potentialAction\":[{\"@type\":\"CommentAction\",\"name\":\"Comment\",\"target\":[\"https:\\\/\\\/preprod.olympic.ca\\\/olympique\\\/2011\\\/03\\\/15\\\/le-president-du-coc-nomme-au-sein-dune-commission-cle-du-comite-international-olympique\\\/#respond\"]}]},{\"@type\":\"WebPage\",\"@id\":\"https:\\\/\\\/preprod.olympic.ca\\\/olympique\\\/2011\\\/03\\\/15\\\/le-president-du-coc-nomme-au-sein-dune-commission-cle-du-comite-international-olympique\\\/\",\"url\":\"https:\\\/\\\/preprod.olympic.ca\\\/olympique\\\/2011\\\/03\\\/15\\\/le-president-du-coc-nomme-au-sein-dune-commission-cle-du-comite-international-olympique\\\/\",\"name\":\"Le pr\u00e9sident du COC nomm\u00e9 au sein d\u2019une commission cl\u00e9 du Comit\u00e9 international olympique - \u00c9quipe Canada | Site officiel de l&#039;\u00e9quipe olympique\",\"isPartOf\":{\"@id\":\"https:\\\/\\\/preprod.olympic.ca\\\/olympique\\\/#website\"},\"datePublished\":\"2011-03-15T14:29:56+00:00\",\"dateModified\":\"2013-08-01T01:12:09+00:00\",\"author\":{\"@id\":\"https:\\\/\\\/preprod.olympic.ca\\\/olympique\\\/#\\\/schema\\\/person\\\/08d84fd062bf1b56ffb3808cb69aee9c\"},\"inLanguage\":\"fr-FR\",\"potentialAction\":[{\"@type\":\"ReadAction\",\"target\":[\"https:\\\/\\\/preprod.olympic.ca\\\/olympique\\\/2011\\\/03\\\/15\\\/le-president-du-coc-nomme-au-sein-dune-commission-cle-du-comite-international-olympique\\\/\"]}]},{\"@type\":\"WebSite\",\"@id\":\"https:\\\/\\\/preprod.olympic.ca\\\/olympique\\\/#website\",\"url\":\"https:\\\/\\\/preprod.olympic.ca\\\/olympique\\\/\",\"name\":\"\u00c9quipe Canada | Site officiel de l&#039;\u00e9quipe olympique\",\"description\":\"Votre source pour l\u2019\u00c9quipe olympique canadienne. Retrouvez les r\u00e9cits, vid\u00e9os et photos des athl\u00e8tes canadiens, sports olympiques, Jeux olympiques de 2020 et bien plus!\",\"potentialAction\":[{\"@type\":\"SearchAction\",\"target\":{\"@type\":\"EntryPoint\",\"urlTemplate\":\"https:\\\/\\\/preprod.olympic.ca\\\/olympique\\\/?s={search_term_string}\"},\"query-input\":{\"@type\":\"PropertyValueSpecification\",\"valueRequired\":true,\"valueName\":\"search_term_string\"}}],\"inLanguage\":\"fr-FR\"},{\"@type\":\"Person\",\"@id\":\"https:\\\/\\\/preprod.olympic.ca\\\/olympique\\\/#\\\/schema\\\/person\\\/08d84fd062bf1b56ffb3808cb69aee9c\",\"name\":\"cdnolympicteam\",\"image\":{\"@type\":\"ImageObject\",\"inLanguage\":\"fr-FR\",\"@id\":\"https:\\\/\\\/secure.gravatar.com\\\/avatar\\\/5ebf1554473077ab88cd1ec3372750991c09302ef58500182e331751d1f3473b?s=96&d=identicon&r=g7289394c1202ef020fcd9aad965e50f7\",\"url\":\"https:\\\/\\\/secure.gravatar.com\\\/avatar\\\/5ebf1554473077ab88cd1ec3372750991c09302ef58500182e331751d1f3473b?s=96&d=identicon&r=g\",\"contentUrl\":\"https:\\\/\\\/secure.gravatar.com\\\/avatar\\\/5ebf1554473077ab88cd1ec3372750991c09302ef58500182e331751d1f3473b?s=96&d=identicon&r=g\",\"caption\":\"cdnolympicteam\"},\"url\":\"https:\\\/\\\/preprod.olympic.ca\\\/olympique\\\/author\\\/cdnolympicteam\\\/\"}]}<\/script>\n<!-- \/ Yoast SEO plugin. -->","yoast_head_json":{"title":"Le pr\u00e9sident du COC nomm\u00e9 au sein d\u2019une commission cl\u00e9 du Comit\u00e9 international olympique - \u00c9quipe Canada | Site officiel de l&#039;\u00e9quipe olympique","robots":{"index":"index","follow":"follow","max-snippet":"max-snippet:-1","max-image-preview":"max-image-preview:large","max-video-preview":"max-video-preview:-1"},"canonical":"https:\/\/preprod.olympic.ca\/olympique\/2011\/03\/15\/le-president-du-coc-nomme-au-sein-dune-commission-cle-du-comite-international-olympique\/","og_locale":"fr_FR","og_type":"article","og_title":"Le pr\u00e9sident du COC nomm\u00e9 au sein d\u2019une commission cl\u00e9 du Comit\u00e9 international olympique - \u00c9quipe Canada | Site officiel de l&#039;\u00e9quipe olympique","og_description":"Le Comit\u00e9 international olympique (CIO) a r\u00e9cemment annonc\u00e9 la composition de ses 27 commissions. Au nombre de ceux dont le...","og_url":"https:\/\/preprod.olympic.ca\/olympique\/2011\/03\/15\/le-president-du-coc-nomme-au-sein-dune-commission-cle-du-comite-international-olympique\/","og_site_name":"\u00c9quipe Canada | Site officiel de l&#039;\u00e9quipe olympique","article_published_time":"2011-03-15T14:29:56+00:00","article_modified_time":"2013-08-01T01:12:09+00:00","author":"Comit\u00e9 olympique canadien","twitter_card":"summary_large_image","twitter_misc":{"Written by":"Comit\u00e9 olympique canadien","Est. reading time":"2 minutes"},"schema":{"@context":"https:\/\/schema.org","@graph":[{"@type":"Article","@id":"https:\/\/preprod.olympic.ca\/olympique\/2011\/03\/15\/le-president-du-coc-nomme-au-sein-dune-commission-cle-du-comite-international-olympique\/#article","isPartOf":{"@id":"https:\/\/preprod.olympic.ca\/olympique\/2011\/03\/15\/le-president-du-coc-nomme-au-sein-dune-commission-cle-du-comite-international-olympique\/"},"author":{"name":"cdnolympicteam","@id":"https:\/\/preprod.olympic.ca\/olympique\/#\/schema\/person\/08d84fd062bf1b56ffb3808cb69aee9c"},"headline":"Le pr\u00e9sident du COC nomm\u00e9 au sein d\u2019une commission cl\u00e9 du Comit\u00e9 international olympique","datePublished":"2011-03-15T14:29:56+00:00","dateModified":"2013-08-01T01:12:09+00:00","mainEntityOfPage":{"@id":"https:\/\/preprod.olympic.ca\/olympique\/2011\/03\/15\/le-president-du-coc-nomme-au-sein-dune-commission-cle-du-comite-international-olympique\/"},"wordCount":382,"commentCount":0,"articleSection":["Derni\u00e8res nouvelles"],"inLanguage":"fr-FR","potentialAction":[{"@type":"CommentAction","name":"Comment","target":["https:\/\/preprod.olympic.ca\/olympique\/2011\/03\/15\/le-president-du-coc-nomme-au-sein-dune-commission-cle-du-comite-international-olympique\/#respond"]}]},{"@type":"WebPage","@id":"https:\/\/preprod.olympic.ca\/olympique\/2011\/03\/15\/le-president-du-coc-nomme-au-sein-dune-commission-cle-du-comite-international-olympique\/","url":"https:\/\/preprod.olympic.ca\/olympique\/2011\/03\/15\/le-president-du-coc-nomme-au-sein-dune-commission-cle-du-comite-international-olympique\/","name":"Le pr\u00e9sident du COC nomm\u00e9 au sein d\u2019une commission cl\u00e9 du Comit\u00e9 international olympique - \u00c9quipe Canada | Site officiel de l&#039;\u00e9quipe olympique","isPartOf":{"@id":"https:\/\/preprod.olympic.ca\/olympique\/#website"},"datePublished":"2011-03-15T14:29:56+00:00","dateModified":"2013-08-01T01:12:09+00:00","author":{"@id":"https:\/\/preprod.olympic.ca\/olympique\/#\/schema\/person\/08d84fd062bf1b56ffb3808cb69aee9c"},"inLanguage":"fr-FR","potentialAction":[{"@type":"ReadAction","target":["https:\/\/preprod.olympic.ca\/olympique\/2011\/03\/15\/le-president-du-coc-nomme-au-sein-dune-commission-cle-du-comite-international-olympique\/"]}]},{"@type":"WebSite","@id":"https:\/\/preprod.olympic.ca\/olympique\/#website","url":"https:\/\/preprod.olympic.ca\/olympique\/","name":"\u00c9quipe Canada | Site officiel de l&#039;\u00e9quipe olympique","description":"Votre source pour l\u2019\u00c9quipe olympique canadienne. Retrouvez les r\u00e9cits, vid\u00e9os et photos des athl\u00e8tes canadiens, sports olympiques, Jeux olympiques de 2020 et bien plus!","potentialAction":[{"@type":"SearchAction","target":{"@type":"EntryPoint","urlTemplate":"https:\/\/preprod.olympic.ca\/olympique\/?s={search_term_string}"},"query-input":{"@type":"PropertyValueSpecification","valueRequired":true,"valueName":"search_term_string"}}],"inLanguage":"fr-FR"},{"@type":"Person","@id":"https:\/\/preprod.olympic.ca\/olympique\/#\/schema\/person\/08d84fd062bf1b56ffb3808cb69aee9c","name":"cdnolympicteam","image":{"@type":"ImageObject","inLanguage":"fr-FR","@id":"https:\/\/secure.gravatar.com\/avatar\/5ebf1554473077ab88cd1ec3372750991c09302ef58500182e331751d1f3473b?s=96&d=identicon&r=g7289394c1202ef020fcd9aad965e50f7","url":"https:\/\/secure.gravatar.com\/avatar\/5ebf1554473077ab88cd1ec3372750991c09302ef58500182e331751d1f3473b?s=96&d=identicon&r=g","contentUrl":"https:\/\/secure.gravatar.com\/avatar\/5ebf1554473077ab88cd1ec3372750991c09302ef58500182e331751d1f3473b?s=96&d=identicon&r=g","caption":"cdnolympicteam"},"url":"https:\/\/preprod.olympic.ca\/olympique\/author\/cdnolympicteam\/"}]}},"jetpack_featured_media_url":"","featured_image_url":"","author_name":["Comit\u00e9 olympique canadien"],"category_names":["Derni\u00e8res nouvelles"],"tag_names":[],"video_embed_code":"","facebook_video_embed_code":"","jetpack_sharing_enabled":true,"jetpack-related-posts":[],"jetpack_shortlink":"https:\/\/wp.me\/pcGHcP-5zl","_links":{"self":[{"href":"https:\/\/preprod.olympic.ca\/olympique\/wp-json\/wp\/v2\/posts\/21411","targetHints":{"allow":["GET"]}}],"collection":[{"href":"https:\/\/preprod.olympic.ca\/olympique\/wp-json\/wp\/v2\/posts"}],"about":[{"href":"https:\/\/preprod.olympic.ca\/olympique\/wp-json\/wp\/v2\/types\/post"}],"author":[{"embeddable":true,"href":"https:\/\/preprod.olympic.ca\/olympique\/wp-json\/wp\/v2\/users\/47562643"}],"replies":[{"embeddable":true,"href":"https:\/\/preprod.olympic.ca\/olympique\/wp-json\/wp\/v2\/comments?post=21411"}],"version-history":[{"count":1,"href":"https:\/\/preprod.olympic.ca\/olympique\/wp-json\/wp\/v2\/posts\/21411\/revisions"}],"predecessor-version":[{"id":83058,"href":"https:\/\/preprod.olympic.ca\/olympique\/wp-json\/wp\/v2\/posts\/21411\/revisions\/83058"}],"wp:attachment":[{"href":"https:\/\/preprod.olympic.ca\/olympique\/wp-json\/wp\/v2\/media?parent=21411"}],"wp:term":[{"taxonomy":"category","embeddable":true,"href":"https:\/\/preprod.olympic.ca\/olympique\/wp-json\/wp\/v2\/categories?post=21411"},{"taxonomy":"post_tag","embeddable":true,"href":"https:\/\/preprod.olympic.ca\/olympique\/wp-json\/wp\/v2\/tags?post=21411"},{"taxonomy":"post_format","embeddable":true,"href":"https:\/\/preprod.olympic.ca\/olympique\/wp-json\/wp\/v2\/post_format?post=21411"},{"taxonomy":"sport","embeddable":true,"href":"https:\/\/preprod.olympic.ca\/olympique\/wp-json\/wp\/v2\/sport?post=21411"},{"taxonomy":"game","embeddable":true,"href":"https:\/\/preprod.olympic.ca\/olympique\/wp-json\/wp\/v2\/game?post=21411"},{"taxonomy":"author","embeddable":true,"href":"https:\/\/preprod.olympic.ca\/olympique\/wp-json\/wp\/v2\/coauthors?post=21411"}],"curies":[{"name":"wp","href":"https:\/\/api.w.org\/{rel}","templated":true}]}}