{"id":21455,"date":"2011-03-18T11:42:15","date_gmt":"2011-03-18T15:42:15","guid":{"rendered":"http:\/\/preprod.olympic.ca\/?p=21455"},"modified":"2013-08-01T01:12:11","modified_gmt":"2013-08-01T01:12:11","slug":"les-heros-olympiques-du-canada-immortalises-au-temple-de-la-renommee","status":"publish","type":"post","link":"https:\/\/preprod.olympic.ca\/olympique\/2011\/03\/18\/les-heros-olympiques-du-canada-immortalises-au-temple-de-la-renommee\/","title":{"rendered":"Les h\u00e9ros olympiques du Canada immortalis\u00e9s au Temple de la renomm\u00e9e"},"content":{"rendered":"<p>Dans un mois, un nouveau groupe d\u2019intronis\u00e9s au Temple de la renomm\u00e9e olympique du Canada entrera dans un sanctuaire qui existe pour honorer les r\u00e9alisations olympiques exceptionnelles du pass\u00e9. \u00c0 Moncton, au Nouveau-Brunswick, le 16 avril, le COC rendra hommage \u00e0 cinq l\u00e9gendes olympiques qui seront \u00e0 l\u2019avant-plan de cet \u00e9v\u00e9nement annuel, le d\u00eener de gala et la c\u00e9r\u00e9monie d\u2019intronisation au Temple de la renomm\u00e9e olympique du Canada.<\/p>\n<p>Le patineur de vitesse Elvis Stojko, le nageur Curtis Myden, le bobeur David MacEachern, l\u2019entra\u00eeneure de hockey f\u00e9minin Melody Davidson et le b\u00e2tisseur en cyclisme Marc Lemay obtiendront une place convoit\u00e9e dans l\u2019histoire du sport canadien. Leur histoire vous sera racont\u00e9e et sera consign\u00e9e pour toujours au Temple de la renomm\u00e9e olympique.<\/p>\n<p>Ils se joindront \u00e0 une formidable ligue d\u2019athl\u00e8tes, d\u2019entra\u00eeneurs, d\u2019\u00e9quipes et de b\u00e2tisseurs qui les ont pr\u00e9c\u00e9d\u00e9s. Avec ces nouveaux membres, le Temple de la renomm\u00e9e olympique du Canada compte maintenant 411 intronis\u00e9s. Ils sont r\u00e9partis comme suit :<\/p>\n<p><b>281 athl\u00e8tes<\/b><\/p>\n<p>Le groupe le plus important au Temple de la renomm\u00e9e est celui des athl\u00e8tes dont le talent extraordinaire a cr\u00e9\u00e9 des souvenirs inoubliables pour tous les Canadiens. Ce nombre repr\u00e9sente les athl\u00e8tes qui ont \u00e9t\u00e9 intronis\u00e9s individuellement. Ce groupe comprend 57 Olympiens en athl\u00e9tisme, 46 rameurs, 25 patineurs artistiques et 24 nageurs. En g\u00e9n\u00e9ral, les 281 athl\u00e8tes intronis\u00e9s au Temple de la renomm\u00e9e viennent de 32 sports, et leurs r\u00e9alisations en comp\u00e9tition olympique s\u2019\u00e9tendent sur le dernier si\u00e8cle.<\/p>\n<p><b>9 \u00e9quipes<\/b><\/p>\n<p>Le Temple de la renomm\u00e9e compte \u00e9galement neuf intronis\u00e9s qui sont des \u00e9quipes de tailles et de formats diff\u00e9rents. Dans ce groupe nous retrouvons l\u2019\u00e9quipe masculine de relais 4 x 100 m\u00e8tres m\u00e9daill\u00e9e d\u2019or en 1996 (dont le dernier relayeur \u00e9tait Donovan Bailey), l\u2019\u00e9quipe f\u00e9minine de curling m\u00e9daill\u00e9e d\u2019or en 1998 (avec la capitaine Sandra Schmirler), l\u2019\u00e9quipage masculin du huit en aviron m\u00e9daill\u00e9 d\u2019or en 1984, l\u2019\u00e9quipe masculine de relais de patinage de vitesse sur courte piste m\u00e9daill\u00e9e d\u2019or en 1998 et des \u00e9quipes olympiques de hockey l\u00e9gendaires : les Falcons de Winnipeg de1920, les RCAF Flyers de 1948, les Waterloo Mercurys d\u2019Edmonton de 1952 ainsi que les \u00e9quipes masculine et f\u00e9minine de hockey de 2002.<\/p>\n<p><b>104 b\u00e2tisseurs<\/b><\/p>\n<p>Les b\u00e2tisseurs sont des figures olympiques influentes dans le d\u00e9veloppement d\u2019un sport en particulier ou dans le Mouvement olympique canadien en g\u00e9n\u00e9ral. Ce sont ceux qui passent en g\u00e9n\u00e9ral inaper\u00e7us, car leurs efforts sont souvent d\u00e9ploy\u00e9s en coulisse, alors que les projecteurs sont fix\u00e9s sur les athl\u00e8tes. Les 104 b\u00e2tisseurs sont r\u00e9partis sur 27 sports. \u00c0 leur t\u00eate, on retrouve 13 b\u00e2tisseurs dans le sport de l\u2019athl\u00e9tisme et neuf en hockey, suivis de six en aviron et de cinq en basketball et en lutte. Il y a \u00e9galement 30 b\u00e2tisseurs qui ne son li\u00e9s \u00e0 aucun sport en particulier.<\/p>\n<p><b>10 entra\u00eeneurs<\/b><\/p>\n<p>Davidson se joint \u00e0 un groupe s\u00e9lect d\u2019entra\u00eeneurs intronis\u00e9s au Temple de la renomm\u00e9e, qui comprend une autre entra\u00eeneure de hockey f\u00e9minin, Dani\u00e8le Sauvageau. De ce groupe font \u00e9galement partie Currie Chapman (ski alpin, intronis\u00e9 en 2005), Donald Dion (plongeon, 2000), Howard Firby (natation, 2009), George Gate (natation, 2002), Deryk Snelling (natation, 2007), Dr Jeno Tihanyi (natation, 2004), Frank Clement (athl\u00e9tisme, 2006) et Andy Higgins (athl\u00e9tisme, 2001).<\/p>\n<p><b>7 athl\u00e8tes\/b\u00e2tisseurs<\/b><\/p>\n<p>Ce dernier groupe comprend les athl\u00e8tes olympiques qui sont devenus des leaders importants dans le sport olympique. En athl\u00e9tisme, citons Richard Pound (1975), Abby Hoffman (1996), Ian Hume (1983) et Bruce Kidd (1966, 1994). \u00c0 ce groupe s\u2019ajoute Carl Schwende (escrimeur, 1985), Suzanne Francis-Morrow (patineuse de vitesse, 1988) et George Mara (hockey, 1989).  <\/p>\n","protected":false},"excerpt":{"rendered":"<p>Dans un mois, un nouveau groupe d\u2019intronis\u00e9s au Temple de la renomm\u00e9e olympique du Canada entrera dans un sanctuaire qui&#8230;<\/p>\n","protected":false},"author":47562643,"featured_media":21449,"comment_status":"open","ping_status":"open","sticky":false,"template":"","format":"standard","meta":{"_acf_changed":false,"_jetpack_memberships_contains_paid_content":false,"footnotes":""},"categories":[707890,70121],"tags":[],"post_format":"standard","sport":[],"game":[],"coauthors":[186127234],"class_list":["post-21455","post","type-post","status-publish","format-standard","has-post-thumbnail","hentry","category-comite","category-equipe"],"acf":[],"yoast_head":"<!-- This site is optimized with the Yoast SEO plugin v27.3 - https:\/\/yoast.com\/product\/yoast-seo-wordpress\/ -->\n<title>Les h\u00e9ros olympiques du Canada immortalis\u00e9s au Temple de la renomm\u00e9e - \u00c9quipe Canada | Site officiel de l&#039;\u00e9quipe olympique<\/title>\n<meta name=\"robots\" content=\"index, follow, max-snippet:-1, max-image-preview:large, max-video-preview:-1\" \/>\n<link rel=\"canonical\" href=\"https:\/\/preprod.olympic.ca\/olympique\/2011\/03\/18\/les-heros-olympiques-du-canada-immortalises-au-temple-de-la-renommee\/\" \/>\n<meta property=\"og:locale\" content=\"fr_FR\" \/>\n<meta property=\"og:type\" content=\"article\" \/>\n<meta property=\"og:title\" content=\"Les h\u00e9ros olympiques du Canada immortalis\u00e9s au Temple de la renomm\u00e9e - \u00c9quipe Canada | Site officiel de l&#039;\u00e9quipe olympique\" \/>\n<meta property=\"og:description\" content=\"Dans un mois, un nouveau groupe d\u2019intronis\u00e9s au Temple de la renomm\u00e9e olympique du Canada entrera dans un sanctuaire qui...\" \/>\n<meta property=\"og:url\" content=\"https:\/\/preprod.olympic.ca\/olympique\/2011\/03\/18\/les-heros-olympiques-du-canada-immortalises-au-temple-de-la-renommee\/\" \/>\n<meta property=\"og:site_name\" content=\"\u00c9quipe Canada | Site officiel de l&#039;\u00e9quipe olympique\" \/>\n<meta property=\"article:published_time\" content=\"2011-03-18T15:42:15+00:00\" \/>\n<meta property=\"article:modified_time\" content=\"2013-08-01T01:12:11+00:00\" \/>\n<meta property=\"og:image\" content=\"https:\/\/preprod.olympic.ca\/olympique\/wp-content\/uploads\/sites\/2\/2011\/09\/bailey5.jpg?quality=100\" \/>\n\t<meta property=\"og:image:width\" content=\"2997\" \/>\n\t<meta property=\"og:image:height\" content=\"1958\" \/>\n\t<meta property=\"og:image:type\" content=\"image\/jpeg\" \/>\n<meta name=\"author\" content=\"Comit\u00e9 olympique canadien\" \/>\n<meta name=\"twitter:card\" content=\"summary_large_image\" \/>\n<meta name=\"twitter:label1\" content=\"Written by\" \/>\n\t<meta name=\"twitter:data1\" content=\"Comit\u00e9 olympique canadien\" \/>\n\t<meta name=\"twitter:label2\" content=\"Est. reading time\" \/>\n\t<meta name=\"twitter:data2\" content=\"3 minutes\" \/>\n<script type=\"application\/ld+json\" class=\"yoast-schema-graph\">{\"@context\":\"https:\\\/\\\/schema.org\",\"@graph\":[{\"@type\":\"Article\",\"@id\":\"https:\\\/\\\/preprod.olympic.ca\\\/olympique\\\/2011\\\/03\\\/18\\\/les-heros-olympiques-du-canada-immortalises-au-temple-de-la-renommee\\\/#article\",\"isPartOf\":{\"@id\":\"https:\\\/\\\/preprod.olympic.ca\\\/olympique\\\/2011\\\/03\\\/18\\\/les-heros-olympiques-du-canada-immortalises-au-temple-de-la-renommee\\\/\"},\"author\":{\"name\":\"cdnolympicteam\",\"@id\":\"https:\\\/\\\/preprod.olympic.ca\\\/olympique\\\/#\\\/schema\\\/person\\\/08d84fd062bf1b56ffb3808cb69aee9c\"},\"headline\":\"Les h\u00e9ros olympiques du Canada immortalis\u00e9s au Temple de la renomm\u00e9e\",\"datePublished\":\"2011-03-18T15:42:15+00:00\",\"dateModified\":\"2013-08-01T01:12:11+00:00\",\"mainEntityOfPage\":{\"@id\":\"https:\\\/\\\/preprod.olympic.ca\\\/olympique\\\/2011\\\/03\\\/18\\\/les-heros-olympiques-du-canada-immortalises-au-temple-de-la-renommee\\\/\"},\"wordCount\":654,\"commentCount\":0,\"image\":{\"@id\":\"https:\\\/\\\/preprod.olympic.ca\\\/olympique\\\/2011\\\/03\\\/18\\\/les-heros-olympiques-du-canada-immortalises-au-temple-de-la-renommee\\\/#primaryimage\"},\"thumbnailUrl\":\"https:\\\/\\\/preprod.olympic.ca\\\/olympique\\\/wp-content\\\/uploads\\\/sites\\\/2\\\/2011\\\/09\\\/bailey5.jpg?quality=100\",\"articleSection\":[\"Derni\u00e8res nouvelles\",\"Nouvelles de l'equipe\"],\"inLanguage\":\"fr-FR\",\"potentialAction\":[{\"@type\":\"CommentAction\",\"name\":\"Comment\",\"target\":[\"https:\\\/\\\/preprod.olympic.ca\\\/olympique\\\/2011\\\/03\\\/18\\\/les-heros-olympiques-du-canada-immortalises-au-temple-de-la-renommee\\\/#respond\"]}]},{\"@type\":\"WebPage\",\"@id\":\"https:\\\/\\\/preprod.olympic.ca\\\/olympique\\\/2011\\\/03\\\/18\\\/les-heros-olympiques-du-canada-immortalises-au-temple-de-la-renommee\\\/\",\"url\":\"https:\\\/\\\/preprod.olympic.ca\\\/olympique\\\/2011\\\/03\\\/18\\\/les-heros-olympiques-du-canada-immortalises-au-temple-de-la-renommee\\\/\",\"name\":\"Les h\u00e9ros olympiques du Canada immortalis\u00e9s au Temple de la renomm\u00e9e - \u00c9quipe Canada | Site officiel de l&#039;\u00e9quipe olympique\",\"isPartOf\":{\"@id\":\"https:\\\/\\\/preprod.olympic.ca\\\/olympique\\\/#website\"},\"primaryImageOfPage\":{\"@id\":\"https:\\\/\\\/preprod.olympic.ca\\\/olympique\\\/2011\\\/03\\\/18\\\/les-heros-olympiques-du-canada-immortalises-au-temple-de-la-renommee\\\/#primaryimage\"},\"image\":{\"@id\":\"https:\\\/\\\/preprod.olympic.ca\\\/olympique\\\/2011\\\/03\\\/18\\\/les-heros-olympiques-du-canada-immortalises-au-temple-de-la-renommee\\\/#primaryimage\"},\"thumbnailUrl\":\"https:\\\/\\\/preprod.olympic.ca\\\/olympique\\\/wp-content\\\/uploads\\\/sites\\\/2\\\/2011\\\/09\\\/bailey5.jpg?quality=100\",\"datePublished\":\"2011-03-18T15:42:15+00:00\",\"dateModified\":\"2013-08-01T01:12:11+00:00\",\"author\":{\"@id\":\"https:\\\/\\\/preprod.olympic.ca\\\/olympique\\\/#\\\/schema\\\/person\\\/08d84fd062bf1b56ffb3808cb69aee9c\"},\"inLanguage\":\"fr-FR\",\"potentialAction\":[{\"@type\":\"ReadAction\",\"target\":[\"https:\\\/\\\/preprod.olympic.ca\\\/olympique\\\/2011\\\/03\\\/18\\\/les-heros-olympiques-du-canada-immortalises-au-temple-de-la-renommee\\\/\"]}]},{\"@type\":\"ImageObject\",\"inLanguage\":\"fr-FR\",\"@id\":\"https:\\\/\\\/preprod.olympic.ca\\\/olympique\\\/2011\\\/03\\\/18\\\/les-heros-olympiques-du-canada-immortalises-au-temple-de-la-renommee\\\/#primaryimage\",\"url\":\"https:\\\/\\\/preprod.olympic.ca\\\/olympique\\\/wp-content\\\/uploads\\\/sites\\\/2\\\/2011\\\/09\\\/bailey5.jpg?quality=100\",\"contentUrl\":\"https:\\\/\\\/preprod.olympic.ca\\\/olympique\\\/wp-content\\\/uploads\\\/sites\\\/2\\\/2011\\\/09\\\/bailey5.jpg?quality=100\",\"width\":2997,\"height\":1958,\"caption\":\"Donovan Bailey du Canada r\u00e9agit apr\u00e8s avoir crois\u00e9 le fil d'arriv\u00e9e lors du 100 m aux Jeux olympiques d'Atlanta de 1996. (PC Photo\\\/AOC)\"},{\"@type\":\"WebSite\",\"@id\":\"https:\\\/\\\/preprod.olympic.ca\\\/olympique\\\/#website\",\"url\":\"https:\\\/\\\/preprod.olympic.ca\\\/olympique\\\/\",\"name\":\"\u00c9quipe Canada | Site officiel de l&#039;\u00e9quipe olympique\",\"description\":\"Votre source pour l\u2019\u00c9quipe olympique canadienne. Retrouvez les r\u00e9cits, vid\u00e9os et photos des athl\u00e8tes canadiens, sports olympiques, Jeux olympiques de 2020 et bien plus!\",\"potentialAction\":[{\"@type\":\"SearchAction\",\"target\":{\"@type\":\"EntryPoint\",\"urlTemplate\":\"https:\\\/\\\/preprod.olympic.ca\\\/olympique\\\/?s={search_term_string}\"},\"query-input\":{\"@type\":\"PropertyValueSpecification\",\"valueRequired\":true,\"valueName\":\"search_term_string\"}}],\"inLanguage\":\"fr-FR\"},{\"@type\":\"Person\",\"@id\":\"https:\\\/\\\/preprod.olympic.ca\\\/olympique\\\/#\\\/schema\\\/person\\\/08d84fd062bf1b56ffb3808cb69aee9c\",\"name\":\"cdnolympicteam\",\"image\":{\"@type\":\"ImageObject\",\"inLanguage\":\"fr-FR\",\"@id\":\"https:\\\/\\\/secure.gravatar.com\\\/avatar\\\/5ebf1554473077ab88cd1ec3372750991c09302ef58500182e331751d1f3473b?s=96&d=identicon&r=g7289394c1202ef020fcd9aad965e50f7\",\"url\":\"https:\\\/\\\/secure.gravatar.com\\\/avatar\\\/5ebf1554473077ab88cd1ec3372750991c09302ef58500182e331751d1f3473b?s=96&d=identicon&r=g\",\"contentUrl\":\"https:\\\/\\\/secure.gravatar.com\\\/avatar\\\/5ebf1554473077ab88cd1ec3372750991c09302ef58500182e331751d1f3473b?s=96&d=identicon&r=g\",\"caption\":\"cdnolympicteam\"},\"url\":\"https:\\\/\\\/preprod.olympic.ca\\\/olympique\\\/author\\\/cdnolympicteam\\\/\"}]}<\/script>\n<!-- \/ Yoast SEO plugin. -->","yoast_head_json":{"title":"Les h\u00e9ros olympiques du Canada immortalis\u00e9s au Temple de la renomm\u00e9e - \u00c9quipe Canada | Site officiel de l&#039;\u00e9quipe olympique","robots":{"index":"index","follow":"follow","max-snippet":"max-snippet:-1","max-image-preview":"max-image-preview:large","max-video-preview":"max-video-preview:-1"},"canonical":"https:\/\/preprod.olympic.ca\/olympique\/2011\/03\/18\/les-heros-olympiques-du-canada-immortalises-au-temple-de-la-renommee\/","og_locale":"fr_FR","og_type":"article","og_title":"Les h\u00e9ros olympiques du Canada immortalis\u00e9s au Temple de la renomm\u00e9e - \u00c9quipe Canada | Site officiel de l&#039;\u00e9quipe olympique","og_description":"Dans un mois, un nouveau groupe d\u2019intronis\u00e9s au Temple de la renomm\u00e9e olympique du Canada entrera dans un sanctuaire qui...","og_url":"https:\/\/preprod.olympic.ca\/olympique\/2011\/03\/18\/les-heros-olympiques-du-canada-immortalises-au-temple-de-la-renommee\/","og_site_name":"\u00c9quipe Canada | Site officiel de l&#039;\u00e9quipe olympique","article_published_time":"2011-03-18T15:42:15+00:00","article_modified_time":"2013-08-01T01:12:11+00:00","og_image":[{"width":2997,"height":1958,"url":"https:\/\/preprod.olympic.ca\/olympique\/wp-content\/uploads\/sites\/2\/2011\/09\/bailey5.jpg?quality=100","type":"image\/jpeg"}],"author":"Comit\u00e9 olympique canadien","twitter_card":"summary_large_image","twitter_misc":{"Written by":"Comit\u00e9 olympique canadien","Est. reading time":"3 minutes"},"schema":{"@context":"https:\/\/schema.org","@graph":[{"@type":"Article","@id":"https:\/\/preprod.olympic.ca\/olympique\/2011\/03\/18\/les-heros-olympiques-du-canada-immortalises-au-temple-de-la-renommee\/#article","isPartOf":{"@id":"https:\/\/preprod.olympic.ca\/olympique\/2011\/03\/18\/les-heros-olympiques-du-canada-immortalises-au-temple-de-la-renommee\/"},"author":{"name":"cdnolympicteam","@id":"https:\/\/preprod.olympic.ca\/olympique\/#\/schema\/person\/08d84fd062bf1b56ffb3808cb69aee9c"},"headline":"Les h\u00e9ros olympiques du Canada immortalis\u00e9s au Temple de la renomm\u00e9e","datePublished":"2011-03-18T15:42:15+00:00","dateModified":"2013-08-01T01:12:11+00:00","mainEntityOfPage":{"@id":"https:\/\/preprod.olympic.ca\/olympique\/2011\/03\/18\/les-heros-olympiques-du-canada-immortalises-au-temple-de-la-renommee\/"},"wordCount":654,"commentCount":0,"image":{"@id":"https:\/\/preprod.olympic.ca\/olympique\/2011\/03\/18\/les-heros-olympiques-du-canada-immortalises-au-temple-de-la-renommee\/#primaryimage"},"thumbnailUrl":"https:\/\/preprod.olympic.ca\/olympique\/wp-content\/uploads\/sites\/2\/2011\/09\/bailey5.jpg?quality=100","articleSection":["Derni\u00e8res nouvelles","Nouvelles de l'equipe"],"inLanguage":"fr-FR","potentialAction":[{"@type":"CommentAction","name":"Comment","target":["https:\/\/preprod.olympic.ca\/olympique\/2011\/03\/18\/les-heros-olympiques-du-canada-immortalises-au-temple-de-la-renommee\/#respond"]}]},{"@type":"WebPage","@id":"https:\/\/preprod.olympic.ca\/olympique\/2011\/03\/18\/les-heros-olympiques-du-canada-immortalises-au-temple-de-la-renommee\/","url":"https:\/\/preprod.olympic.ca\/olympique\/2011\/03\/18\/les-heros-olympiques-du-canada-immortalises-au-temple-de-la-renommee\/","name":"Les h\u00e9ros olympiques du Canada immortalis\u00e9s au Temple de la renomm\u00e9e - \u00c9quipe Canada | Site officiel de l&#039;\u00e9quipe olympique","isPartOf":{"@id":"https:\/\/preprod.olympic.ca\/olympique\/#website"},"primaryImageOfPage":{"@id":"https:\/\/preprod.olympic.ca\/olympique\/2011\/03\/18\/les-heros-olympiques-du-canada-immortalises-au-temple-de-la-renommee\/#primaryimage"},"image":{"@id":"https:\/\/preprod.olympic.ca\/olympique\/2011\/03\/18\/les-heros-olympiques-du-canada-immortalises-au-temple-de-la-renommee\/#primaryimage"},"thumbnailUrl":"https:\/\/preprod.olympic.ca\/olympique\/wp-content\/uploads\/sites\/2\/2011\/09\/bailey5.jpg?quality=100","datePublished":"2011-03-18T15:42:15+00:00","dateModified":"2013-08-01T01:12:11+00:00","author":{"@id":"https:\/\/preprod.olympic.ca\/olympique\/#\/schema\/person\/08d84fd062bf1b56ffb3808cb69aee9c"},"inLanguage":"fr-FR","potentialAction":[{"@type":"ReadAction","target":["https:\/\/preprod.olympic.ca\/olympique\/2011\/03\/18\/les-heros-olympiques-du-canada-immortalises-au-temple-de-la-renommee\/"]}]},{"@type":"ImageObject","inLanguage":"fr-FR","@id":"https:\/\/preprod.olympic.ca\/olympique\/2011\/03\/18\/les-heros-olympiques-du-canada-immortalises-au-temple-de-la-renommee\/#primaryimage","url":"https:\/\/preprod.olympic.ca\/olympique\/wp-content\/uploads\/sites\/2\/2011\/09\/bailey5.jpg?quality=100","contentUrl":"https:\/\/preprod.olympic.ca\/olympique\/wp-content\/uploads\/sites\/2\/2011\/09\/bailey5.jpg?quality=100","width":2997,"height":1958,"caption":"Donovan Bailey du Canada r\u00e9agit apr\u00e8s avoir crois\u00e9 le fil d'arriv\u00e9e lors du 100 m aux Jeux olympiques d'Atlanta de 1996. (PC Photo\/AOC)"},{"@type":"WebSite","@id":"https:\/\/preprod.olympic.ca\/olympique\/#website","url":"https:\/\/preprod.olympic.ca\/olympique\/","name":"\u00c9quipe Canada | Site officiel de l&#039;\u00e9quipe olympique","description":"Votre source pour l\u2019\u00c9quipe olympique canadienne. Retrouvez les r\u00e9cits, vid\u00e9os et photos des athl\u00e8tes canadiens, sports olympiques, Jeux olympiques de 2020 et bien plus!","potentialAction":[{"@type":"SearchAction","target":{"@type":"EntryPoint","urlTemplate":"https:\/\/preprod.olympic.ca\/olympique\/?s={search_term_string}"},"query-input":{"@type":"PropertyValueSpecification","valueRequired":true,"valueName":"search_term_string"}}],"inLanguage":"fr-FR"},{"@type":"Person","@id":"https:\/\/preprod.olympic.ca\/olympique\/#\/schema\/person\/08d84fd062bf1b56ffb3808cb69aee9c","name":"cdnolympicteam","image":{"@type":"ImageObject","inLanguage":"fr-FR","@id":"https:\/\/secure.gravatar.com\/avatar\/5ebf1554473077ab88cd1ec3372750991c09302ef58500182e331751d1f3473b?s=96&d=identicon&r=g7289394c1202ef020fcd9aad965e50f7","url":"https:\/\/secure.gravatar.com\/avatar\/5ebf1554473077ab88cd1ec3372750991c09302ef58500182e331751d1f3473b?s=96&d=identicon&r=g","contentUrl":"https:\/\/secure.gravatar.com\/avatar\/5ebf1554473077ab88cd1ec3372750991c09302ef58500182e331751d1f3473b?s=96&d=identicon&r=g","caption":"cdnolympicteam"},"url":"https:\/\/preprod.olympic.ca\/olympique\/author\/cdnolympicteam\/"}]}},"jetpack_featured_media_url":"https:\/\/preprod.olympic.ca\/olympique\/wp-content\/uploads\/sites\/2\/2011\/09\/bailey5.jpg?quality=100","featured_image_url":"https:\/\/preprod.olympic.ca\/olympique\/wp-content\/uploads\/sites\/2\/2011\/09\/bailey5.jpg?quality=100","author_name":["Comit\u00e9 olympique canadien"],"category_names":["Derni\u00e8res nouvelles","Nouvelles de l'equipe"],"tag_names":[],"video_embed_code":"","facebook_video_embed_code":"","jetpack_sharing_enabled":true,"jetpack-related-posts":[],"jetpack_shortlink":"https:\/\/wp.me\/pcGHcP-5A3","_links":{"self":[{"href":"https:\/\/preprod.olympic.ca\/olympique\/wp-json\/wp\/v2\/posts\/21455","targetHints":{"allow":["GET"]}}],"collection":[{"href":"https:\/\/preprod.olympic.ca\/olympique\/wp-json\/wp\/v2\/posts"}],"about":[{"href":"https:\/\/preprod.olympic.ca\/olympique\/wp-json\/wp\/v2\/types\/post"}],"author":[{"embeddable":true,"href":"https:\/\/preprod.olympic.ca\/olympique\/wp-json\/wp\/v2\/users\/47562643"}],"replies":[{"embeddable":true,"href":"https:\/\/preprod.olympic.ca\/olympique\/wp-json\/wp\/v2\/comments?post=21455"}],"version-history":[{"count":1,"href":"https:\/\/preprod.olympic.ca\/olympique\/wp-json\/wp\/v2\/posts\/21455\/revisions"}],"predecessor-version":[{"id":83061,"href":"https:\/\/preprod.olympic.ca\/olympique\/wp-json\/wp\/v2\/posts\/21455\/revisions\/83061"}],"wp:featuredmedia":[{"embeddable":true,"href":"https:\/\/preprod.olympic.ca\/olympique\/wp-json\/wp\/v2\/media\/21449"}],"wp:attachment":[{"href":"https:\/\/preprod.olympic.ca\/olympique\/wp-json\/wp\/v2\/media?parent=21455"}],"wp:term":[{"taxonomy":"category","embeddable":true,"href":"https:\/\/preprod.olympic.ca\/olympique\/wp-json\/wp\/v2\/categories?post=21455"},{"taxonomy":"post_tag","embeddable":true,"href":"https:\/\/preprod.olympic.ca\/olympique\/wp-json\/wp\/v2\/tags?post=21455"},{"taxonomy":"post_format","embeddable":true,"href":"https:\/\/preprod.olympic.ca\/olympique\/wp-json\/wp\/v2\/post_format?post=21455"},{"taxonomy":"sport","embeddable":true,"href":"https:\/\/preprod.olympic.ca\/olympique\/wp-json\/wp\/v2\/sport?post=21455"},{"taxonomy":"game","embeddable":true,"href":"https:\/\/preprod.olympic.ca\/olympique\/wp-json\/wp\/v2\/game?post=21455"},{"taxonomy":"author","embeddable":true,"href":"https:\/\/preprod.olympic.ca\/olympique\/wp-json\/wp\/v2\/coauthors?post=21455"}],"curies":[{"name":"wp","href":"https:\/\/api.w.org\/{rel}","templated":true}]}}