{"id":219023,"date":"2023-03-17T11:48:29","date_gmt":"2023-03-17T15:48:29","guid":{"rendered":"https:\/\/olympique.ca\/?p=219023"},"modified":"2023-03-17T11:48:30","modified_gmt":"2023-03-17T15:48:30","slug":"5-choses-a-surveiller-aux-championnats-du-monde-de-patinage-artistique-2023","status":"publish","type":"post","link":"https:\/\/preprod.olympic.ca\/olympique\/2023\/03\/17\/5-choses-a-surveiller-aux-championnats-du-monde-de-patinage-artistique-2023\/","title":{"rendered":"5 choses \u00e0 surveiller aux Championnats du monde de patinage artistique 2023"},"content":{"rendered":"\n<p>La plus grande comp\u00e9tition de patinage artistique de l\u2019ann\u00e9e approche \u00e0 grands pas alors que la ville de Saitama au Japon sera bient\u00f4t l\u2019h\u00f4te des Championnats du monde de patinage artistique\u00a0de l\u2019ISU 2023. <\/p>\n\n\n\n<p>Le Canada sera repr\u00e9sent\u00e9 par 13 athl\u00e8tes dans les quatre disciplines, dont une femme, deux hommes, deux duos de danse sur glace et trois couples. Vous pourrez\u00a0<a href=\"https:\/\/ici.radio-canada.ca\/sports\/horaire-diffusions\">suivre toute la comp\u00e9tition sur Radio-Canada.ca\/Sports<\/a>\u00a0d\u00e8s le mardi 21 mars \u00e0 22\u00a0h (HE).\u00a0La comp\u00e9tition sera aussi diffus\u00e9e sur CBC le samedi 25 mars et le dimanche 26 mars dans le cadre de l\u2019\u00e9mission\u00a0<em>Road to the Olympic Games<\/em>.\u00a0<\/p>\n\n\n\n<p>Voici cinq choses \u00e0 surveiller du c\u00f4t\u00e9 d&rsquo;\u00c9quipe Canada.\u00a0<\/p>\n\n\n\n<h4 class=\"wp-block-heading\"><strong>Double possibilit\u00e9 de podium en danse sur glace&nbsp;<\/strong><\/h4>\n\n\n\n<p>Tout au long de l\u2019automne, <a href=\"https:\/\/olympique.ca\/team-canada\/piper-gilles\/\">Piper Gilles<\/a>\u00a0et <a href=\"https:\/\/olympique.ca\/team-canada\/paul-poirier\/\">Paul Poirier<\/a> ont sembl\u00e9 invincibles. Ils ont remport\u00e9 leurs deux \u00e9preuves du Grand Prix de l\u2019ISU et pour la premi\u00e8re fois, ils ont gagn\u00e9 la m\u00e9daille d\u2019or de la Finale des Grands Prix de l\u2019ISU. Ils n\u2019ont toutefois pas particip\u00e9 \u00e0 une seule comp\u00e9tition depuis le d\u00e9but du mois de d\u00e9cembre puisque Gilles a d\u00fb se remettre d\u2019une appendicectomie. Ils ont rat\u00e9 les Championnats nationaux en janvier ainsi que les Championnats des quatre continents \u00e0 la mi-f\u00e9vrier.<\/p>\n\n\n\n<figure class=\"wp-block-embed is-type-rich is-provider-instagram wp-block-embed-instagram\"><div class=\"wp-block-embed__wrapper\">\n<blockquote class=\"instagram-media\" data-instgrm-captioned data-instgrm-permalink=\"https:\/\/www.instagram.com\/reel\/CpgKUuPAZEN\/?utm_source=ig_embed&amp;utm_campaign=loading\" data-instgrm-version=\"14\" style=\" background:#FFF; border:0; border-radius:3px; box-shadow:0 0 1px 0 rgba(0,0,0,0.5),0 1px 10px 0 rgba(0,0,0,0.15); margin: 1px; max-width:658px; min-width:326px; padding:0; width:99.375%; width:-webkit-calc(100% - 2px); width:calc(100% - 2px);\"><div style=\"padding:16px;\"> <a href=\"https:\/\/www.instagram.com\/reel\/CpgKUuPAZEN\/?utm_source=ig_embed&amp;utm_campaign=loading\" style=\" background:#FFFFFF; line-height:0; padding:0 0; text-align:center; text-decoration:none; width:100%;\" target=\"_blank\"> <div style=\" display: flex; flex-direction: row; align-items: center;\"> <div style=\"background-color: #F4F4F4; border-radius: 50%; flex-grow: 0; height: 40px; margin-right: 14px; width: 40px;\"><\/div> <div style=\"display: flex; flex-direction: column; flex-grow: 1; justify-content: center;\"> <div style=\" background-color: #F4F4F4; border-radius: 4px; flex-grow: 0; height: 14px; margin-bottom: 6px; width: 100px;\"><\/div> <div style=\" background-color: #F4F4F4; border-radius: 4px; flex-grow: 0; height: 14px; width: 60px;\"><\/div><\/div><\/div><div style=\"padding: 19% 0;\"><\/div> <div style=\"display:block; height:50px; margin:0 auto 12px; width:50px;\"><svg width=\"50px\" height=\"50px\" viewBox=\"0 0 60 60\" version=\"1.1\" xmlns=\"https:\/\/www.w3.org\/2000\/svg\" xmlns:xlink=\"https:\/\/www.w3.org\/1999\/xlink\"><g stroke=\"none\" stroke-width=\"1\" fill=\"none\" fill-rule=\"evenodd\"><g transform=\"translate(-511.000000, -20.000000)\" fill=\"#000000\"><g><path d=\"M556.869,30.41 C554.814,30.41 553.148,32.076 553.148,34.131 C553.148,36.186 554.814,37.852 556.869,37.852 C558.924,37.852 560.59,36.186 560.59,34.131 C560.59,32.076 558.924,30.41 556.869,30.41 M541,60.657 C535.114,60.657 530.342,55.887 530.342,50 C530.342,44.114 535.114,39.342 541,39.342 C546.887,39.342 551.658,44.114 551.658,50 C551.658,55.887 546.887,60.657 541,60.657 M541,33.886 C532.1,33.886 524.886,41.1 524.886,50 C524.886,58.899 532.1,66.113 541,66.113 C549.9,66.113 557.115,58.899 557.115,50 C557.115,41.1 549.9,33.886 541,33.886 M565.378,62.101 C565.244,65.022 564.756,66.606 564.346,67.663 C563.803,69.06 563.154,70.057 562.106,71.106 C561.058,72.155 560.06,72.803 558.662,73.347 C557.607,73.757 556.021,74.244 553.102,74.378 C549.944,74.521 548.997,74.552 541,74.552 C533.003,74.552 532.056,74.521 528.898,74.378 C525.979,74.244 524.393,73.757 523.338,73.347 C521.94,72.803 520.942,72.155 519.894,71.106 C518.846,70.057 518.197,69.06 517.654,67.663 C517.244,66.606 516.755,65.022 516.623,62.101 C516.479,58.943 516.448,57.996 516.448,50 C516.448,42.003 516.479,41.056 516.623,37.899 C516.755,34.978 517.244,33.391 517.654,32.338 C518.197,30.938 518.846,29.942 519.894,28.894 C520.942,27.846 521.94,27.196 523.338,26.654 C524.393,26.244 525.979,25.756 528.898,25.623 C532.057,25.479 533.004,25.448 541,25.448 C548.997,25.448 549.943,25.479 553.102,25.623 C556.021,25.756 557.607,26.244 558.662,26.654 C560.06,27.196 561.058,27.846 562.106,28.894 C563.154,29.942 563.803,30.938 564.346,32.338 C564.756,33.391 565.244,34.978 565.378,37.899 C565.522,41.056 565.552,42.003 565.552,50 C565.552,57.996 565.522,58.943 565.378,62.101 M570.82,37.631 C570.674,34.438 570.167,32.258 569.425,30.349 C568.659,28.377 567.633,26.702 565.965,25.035 C564.297,23.368 562.623,22.342 560.652,21.575 C558.743,20.834 556.562,20.326 553.369,20.18 C550.169,20.033 549.148,20 541,20 C532.853,20 531.831,20.033 528.631,20.18 C525.438,20.326 523.257,20.834 521.349,21.575 C519.376,22.342 517.703,23.368 516.035,25.035 C514.368,26.702 513.342,28.377 512.574,30.349 C511.834,32.258 511.326,34.438 511.181,37.631 C511.035,40.831 511,41.851 511,50 C511,58.147 511.035,59.17 511.181,62.369 C511.326,65.562 511.834,67.743 512.574,69.651 C513.342,71.625 514.368,73.296 516.035,74.965 C517.703,76.634 519.376,77.658 521.349,78.425 C523.257,79.167 525.438,79.673 528.631,79.82 C531.831,79.965 532.853,80.001 541,80.001 C549.148,80.001 550.169,79.965 553.369,79.82 C556.562,79.673 558.743,79.167 560.652,78.425 C562.623,77.658 564.297,76.634 565.965,74.965 C567.633,73.296 568.659,71.625 569.425,69.651 C570.167,67.743 570.674,65.562 570.82,62.369 C570.966,59.17 571,58.147 571,50 C571,41.851 570.966,40.831 570.82,37.631\"><\/path><\/g><\/g><\/g><\/svg><\/div><div style=\"padding-top: 8px;\"> <div style=\" color:#3897f0; font-family:Arial,sans-serif; font-size:14px; font-style:normal; font-weight:550; line-height:18px;\">View this post on Instagram<\/div><\/div><div style=\"padding: 12.5% 0;\"><\/div> <div style=\"display: flex; flex-direction: row; margin-bottom: 14px; align-items: center;\"><div> <div style=\"background-color: #F4F4F4; border-radius: 50%; height: 12.5px; width: 12.5px; transform: translateX(0px) translateY(7px);\"><\/div> <div style=\"background-color: #F4F4F4; height: 12.5px; transform: rotate(-45deg) translateX(3px) translateY(1px); width: 12.5px; flex-grow: 0; margin-right: 14px; margin-left: 2px;\"><\/div> <div style=\"background-color: #F4F4F4; border-radius: 50%; height: 12.5px; width: 12.5px; transform: translateX(9px) translateY(-18px);\"><\/div><\/div><div style=\"margin-left: 8px;\"> <div style=\" background-color: #F4F4F4; border-radius: 50%; flex-grow: 0; height: 20px; width: 20px;\"><\/div> <div style=\" width: 0; height: 0; border-top: 2px solid transparent; border-left: 6px solid #f4f4f4; border-bottom: 2px solid transparent; transform: translateX(16px) translateY(-4px) rotate(30deg)\"><\/div><\/div><div style=\"margin-left: auto;\"> <div style=\" width: 0px; border-top: 8px solid #F4F4F4; border-right: 8px solid transparent; transform: translateY(16px);\"><\/div> <div style=\" background-color: #F4F4F4; flex-grow: 0; height: 12px; width: 16px; transform: translateY(-4px);\"><\/div> <div style=\" width: 0; height: 0; border-top: 8px solid #F4F4F4; border-left: 8px solid transparent; transform: translateY(-4px) translateX(8px);\"><\/div><\/div><\/div> <div style=\"display: flex; flex-direction: column; flex-grow: 1; justify-content: center; margin-bottom: 24px;\"> <div style=\" background-color: #F4F4F4; border-radius: 4px; flex-grow: 0; height: 14px; margin-bottom: 6px; width: 224px;\"><\/div> <div style=\" background-color: #F4F4F4; border-radius: 4px; flex-grow: 0; height: 14px; width: 144px;\"><\/div><\/div><\/a><p style=\" color:#c9c8cd; font-family:Arial,sans-serif; font-size:14px; line-height:17px; margin-bottom:0; margin-top:8px; overflow:hidden; padding:8px 0 7px; text-align:center; text-overflow:ellipsis; white-space:nowrap;\"><a href=\"https:\/\/www.instagram.com\/reel\/CpgKUuPAZEN\/?utm_source=ig_embed&amp;utm_campaign=loading\" style=\" color:#c9c8cd; font-family:Arial,sans-serif; font-size:14px; font-style:normal; font-weight:normal; line-height:17px; text-decoration:none;\" target=\"_blank\">A post shared by pipergilles (@pipergilles)<\/a><\/p><\/div><\/blockquote><script async src=\"\/\/platform.instagram.com\/en_US\/embeds.js\"><\/script>\n<\/div><\/figure>\n\n\n\n<p>Cette situation faite en sorte qu\u2019ils n\u2019ont pas affront\u00e9 leurs principaux rivaux pour le titre mondial, les Am\u00e9ricains Madison Chock et Evan Bates, depuis qu\u2019ils ont eu le dessus lors de la Finale des Grands Prix. En remportant les Championnats des quatre continents, Chock et Bates ont tout juste surpass\u00e9 le pointage obtenu par les Canadiens en d\u00e9cembre dernier.\u00a0<\/p>\n\n\n\n<p><strong>\u00c0 LIRE : <a href=\"https:\/\/olympique.ca\/2022\/11\/02\/piper-paul-et-evita-un-programme-de-danse-devenu-realite-une-decennie-plus-tard%EF%BF%BC\/\">Piper, Paul et Evita : Un programme de danse devenu r\u00e9alit\u00e9 une d\u00e9cennie plus tard<\/a><\/strong><\/p>\n\n\n\n<p>L\u2019absence de Gilles et de Poirier a permis \u00e0 <a href=\"https:\/\/olympique.ca\/team-canada\/laurence-fournier-beaudry\/\">Laurence Fournier Beaudry<\/a>\u00a0et\u00a0<a href=\"https:\/\/olympique.ca\/team-canada\/nikolaj-sorensen\/\">Nikolaj Soerensen<\/a> de remporter leur premier titre national. Le couple a ensuite mis la main sur la m\u00e9daille d\u2019argent aux Championnats des quatre continents o\u00f9 il a r\u00e9ussi le troisi\u00e8me plus haut total de points au monde cette saison. Ce succ\u00e8s laisse entrevoir la possibilit\u00e9 de voir deux \u00e9quipes canadiennes monter sur le podium, ce qui serait une premi\u00e8re pour le pays en danse sur glace.\u00a0<\/p>\n\n\n\n<figure class=\"wp-block-image size-large\"><img loading=\"lazy\" decoding=\"async\" height=\"754\" width=\"1131\" src=\"https:\/\/olympique.ca\/wp-content\/uploads\/sites\/2\/2023\/03\/Fournier-Beaudry-Soerensen.jpg?quality=100&amp;w=1131\" alt=\" Laurence Fournier Beaudry et Nikolaj Soerensen pendant la danse libre. \" class=\"wp-image-219024\" srcset=\"https:\/\/preprod.olympic.ca\/olympique\/wp-content\/uploads\/sites\/2\/2023\/03\/Fournier-Beaudry-Soerensen.jpg 8297w, https:\/\/preprod.olympic.ca\/olympique\/wp-content\/uploads\/sites\/2\/2023\/03\/Fournier-Beaudry-Soerensen.jpg?resize=237,158 237w, https:\/\/preprod.olympic.ca\/olympique\/wp-content\/uploads\/sites\/2\/2023\/03\/Fournier-Beaudry-Soerensen.jpg?resize=557,371 557w, https:\/\/preprod.olympic.ca\/olympique\/wp-content\/uploads\/sites\/2\/2023\/03\/Fournier-Beaudry-Soerensen.jpg?resize=768,512 768w, https:\/\/preprod.olympic.ca\/olympique\/wp-content\/uploads\/sites\/2\/2023\/03\/Fournier-Beaudry-Soerensen.jpg?resize=1131,754 1131w, https:\/\/preprod.olympic.ca\/olympique\/wp-content\/uploads\/sites\/2\/2023\/03\/Fournier-Beaudry-Soerensen.jpg?resize=1536,1024 1536w, https:\/\/preprod.olympic.ca\/olympique\/wp-content\/uploads\/sites\/2\/2023\/03\/Fournier-Beaudry-Soerensen.jpg?resize=2048,1365 2048w\" sizes=\"(max-width: 1131px) 100vw, 1131px\" \/><figcaption>Laurence Fournier Beaudry et Nikolaj Soerensen participent \u00e0 la danse libre \u00e0 la Finale des Grands Prix de patinage artistique \u00e0 l&rsquo;Ar\u00e9na de glace de  Palavela\u00e0 Turin, en Italie, le samedi 10 d\u00e9cembre 2022. (AP Photo\/Antonio Calanni)<\/figcaption><\/figure>\n\n\n\n<p>Bien s\u00fbr, tout se jouera sur la glace et les deux meilleures \u00e9quipes des Championnats d\u2019Europe \u2014 Charlene Guignard et Marco Fabbri d\u2019Italie ainsi que Lilah Fear et Lewis Gibson de Grande-Bretagne \u2014 tenteront aussi de monter sur le podium.<\/p>\n\n\n\n<p><strong>\u00c0 voir\u00a0: <a href=\"https:\/\/www.cbc.ca\/player\/sports\">Danse rythmique \u2014 23 mars, 22\u00a0h HE \/ Danse libre \u2014 24 mars, 23\u00a0h\u00a030 HE<\/a>\u00a0<\/strong><\/p>\n\n\n\n<h4 class=\"wp-block-heading\"><strong>La fin d\u2019une \u00e9poque pour Messing<\/strong><\/h4>\n\n\n\n<p>La tourn\u00e9e d\u2019adieu de Keegan Messing se poursuit dans le pays o\u00f9 l&rsquo;on retrouve actuellement le plus grand nombre de fans passionn\u00e9s \u00a0de patinage artistique. Messing vient de remporter la m\u00e9daille d\u2019argent aux Championnats des quatre continents, sa premi\u00e8re m\u00e9daille en carri\u00e8re \u00e0 un championnat de l\u2019ISU. \u00c0 cette comp\u00e9tition, il a r\u00e9ussi son meilleur pointage en carri\u00e8re, ce qui le classe au troisi\u00e8me rang cette saison parmi les hommes qui seront pr\u00e9sents \u00e0 Saitama. Messing n\u2019est devanc\u00e9 que par le Japnais Shoma Uno, champion du monde en titre, et par l\u2019\u00e9toile montante am\u00e9ricaine, Ilia Malinin, qui fait parler de lui depuis qu\u2019il a r\u00e9ussi le premier quadruple axel de l\u2019histoire. Il y aura toutefois beaucoup d\u2019autres pr\u00e9tendants.<\/p>\n\n\n\n<div class=\"wp-block-jetpack-slideshow aligncenter\" data-effect=\"slide\"><div class=\"wp-block-jetpack-slideshow_container swiper-container\"><ul class=\"wp-block-jetpack-slideshow_swiper-wrapper swiper-wrapper\"><li class=\"wp-block-jetpack-slideshow_slide swiper-slide\"><figure><img loading=\"lazy\" decoding=\"async\" width=\"1082\" height=\"753\" alt=\"Keegan Messing sur la glace.\" class=\"wp-block-jetpack-slideshow_image wp-image-219025\" data-id=\"219025\" src=\"https:\/\/olympique.ca\/wp-content\/uploads\/sites\/2\/2023\/03\/Keegan-Messing-11.jpg?quality=100&amp;w=1082\" srcset=\"https:\/\/preprod.olympic.ca\/olympique\/wp-content\/uploads\/sites\/2\/2023\/03\/Keegan-Messing-11.jpg 1082w, https:\/\/preprod.olympic.ca\/olympique\/wp-content\/uploads\/sites\/2\/2023\/03\/Keegan-Messing-11.jpg?resize=227,158 227w, https:\/\/preprod.olympic.ca\/olympique\/wp-content\/uploads\/sites\/2\/2023\/03\/Keegan-Messing-11.jpg?resize=533,371 533w, https:\/\/preprod.olympic.ca\/olympique\/wp-content\/uploads\/sites\/2\/2023\/03\/Keegan-Messing-11.jpg?resize=768,534 768w\" sizes=\"(max-width: 1082px) 100vw, 1082px\" \/><figcaption class=\"wp-block-jetpack-slideshow_caption gallery-caption\">Keegan Messing pendant le programme court aux Championnats des quatre continents de patinage artistique, le jeudi 9 f\u00e9vrier 2023, \u00e0 Colorado Springs, au Colorado. (AP Photo\/David Zalubowski)<\/figcaption><\/figure><\/li><li class=\"wp-block-jetpack-slideshow_slide swiper-slide\"><figure><img loading=\"lazy\" decoding=\"async\" width=\"1131\" height=\"754\" alt=\"Conrad Orzel sur la glace.\" class=\"wp-block-jetpack-slideshow_image wp-image-219026\" data-id=\"219026\" src=\"https:\/\/olympique.ca\/wp-content\/uploads\/sites\/2\/2023\/03\/Conrad-Orzel.jpg?quality=100&amp;w=1131\" srcset=\"https:\/\/preprod.olympic.ca\/olympique\/wp-content\/uploads\/sites\/2\/2023\/03\/Conrad-Orzel.jpg 1131w, https:\/\/preprod.olympic.ca\/olympique\/wp-content\/uploads\/sites\/2\/2023\/03\/Conrad-Orzel.jpg?resize=237,158 237w, https:\/\/preprod.olympic.ca\/olympique\/wp-content\/uploads\/sites\/2\/2023\/03\/Conrad-Orzel.jpg?resize=557,371 557w, https:\/\/preprod.olympic.ca\/olympique\/wp-content\/uploads\/sites\/2\/2023\/03\/Conrad-Orzel.jpg?resize=768,512 768w\" sizes=\"(max-width: 1131px) 100vw, 1131px\" \/><figcaption class=\"wp-block-jetpack-slideshow_caption gallery-caption\">Conrad Orzel lors de sa performance du programme court au Grand Prix de patinage artistique \u2013 NHK Trophy \u00e0 Sapporo, au Japon, le vendredi 18 novembre 2022. (AP Photo\/Hiro Komae)\n<\/figcaption><\/figure><\/li><\/ul><a class=\"wp-block-jetpack-slideshow_button-prev swiper-button-prev swiper-button-white\" role=\"button\"><\/a><a class=\"wp-block-jetpack-slideshow_button-next swiper-button-next swiper-button-white\" role=\"button\"><\/a><a aria-label=\"Pause Slideshow\" class=\"wp-block-jetpack-slideshow_button-pause\" role=\"button\"><\/a><div class=\"wp-block-jetpack-slideshow_pagination swiper-pagination swiper-pagination-white\"><\/div><\/div><\/div>\n\n\n\n<p>Messing sera accompagn\u00e9 par son compatriote Conrad Orzel qui fera ses d\u00e9buts aux Championnats du monde apr\u00e8s avoir remport\u00e9 la m\u00e9daille d\u2019argent aux Championnats canadiens et s\u2019\u00eatre class\u00e9 huiti\u00e8me aux Championnats des quatre continents.<\/p>\n\n\n\n<p><strong>\u00c0 voir\u00a0: <a href=\"https:\/\/www.cbc.ca\/player\/sports\">Programme court \u2014 23 mars, 2\u00a0h\u00a050 HE \/ Programme libre \u2014 25 mars, 4\u00a0h\u00a020 HE<\/a><\/strong><\/p>\n\n\n\n<h4 class=\"wp-block-heading\"><strong>Une belle occasion pour trois couples de patineurs&nbsp;<\/strong><\/h4>\n\n\n\n<p>Le patinage artistique en couple est la seule discipline dans laquelle le Canada a atteint la limite de trois places disponibles. Il s\u2019agit aussi de la discipline la plus impr\u00e9visible puisque tout peut arriver.&nbsp;<\/p>\n\n\n\n<p>Deanna Stellato-Dudek et Maxime Deschamps ont \u00e9t\u00e9 le couple le plus constant du Canada au cours des derniers mois. Apr\u00e8s avoir remport\u00e9 l\u2019or et l\u2019argent \u00e0 leurs deux Grands Prix, ils ont gagn\u00e9 leur premier titre national et ont ajout\u00e9 une m\u00e9daille de bronze aux Championnats des quatre continents. Ils n\u2019ont toutefois jamais particip\u00e9 aux Championnats du monde ensemble. Un podium serait la cerise sur le g\u00e2teau de ce qui est d\u00e9j\u00e0 une saison historique pour le duo de trentenaires.<\/p>\n\n\n\n<div class=\"wp-block-jetpack-slideshow aligncenter\" data-effect=\"slide\"><div class=\"wp-block-jetpack-slideshow_container swiper-container\"><ul class=\"wp-block-jetpack-slideshow_swiper-wrapper swiper-wrapper\"><li class=\"wp-block-jetpack-slideshow_slide swiper-slide\"><figure><img loading=\"lazy\" decoding=\"async\" width=\"1322\" height=\"754\" alt=\"Deanne Stellato-Dudek et Maxime Deschamps  en performance sur la glace.\" class=\"wp-block-jetpack-slideshow_image wp-image-219027\" data-id=\"219027\" src=\"https:\/\/olympique.ca\/wp-content\/uploads\/sites\/2\/2023\/03\/Stellato-Deschamps.jpg?quality=100&amp;w=1322\" srcset=\"https:\/\/preprod.olympic.ca\/olympique\/wp-content\/uploads\/sites\/2\/2023\/03\/Stellato-Deschamps.jpg 1322w, https:\/\/preprod.olympic.ca\/olympique\/wp-content\/uploads\/sites\/2\/2023\/03\/Stellato-Deschamps.jpg?resize=277,158 277w, https:\/\/preprod.olympic.ca\/olympique\/wp-content\/uploads\/sites\/2\/2023\/03\/Stellato-Deschamps.jpg?resize=650,371 650w, https:\/\/preprod.olympic.ca\/olympique\/wp-content\/uploads\/sites\/2\/2023\/03\/Stellato-Deschamps.jpg?resize=768,438 768w\" sizes=\"(max-width: 1322px) 100vw, 1322px\" \/><figcaption class=\"wp-block-jetpack-slideshow_caption gallery-caption\">Deanne Stellato-Dudek et Maxime Deschamps lors du programme court  aux Championnats des quatre continents de patinage artistique le vendredi 10 f\u00e9vrier 2023, \u00e0 Colorado Springs, au Colorado. (AP Photo\/David Zalubowski)\n<\/figcaption><\/figure><\/li><li class=\"wp-block-jetpack-slideshow_slide swiper-slide\"><figure><img loading=\"lazy\" decoding=\"async\" width=\"1131\" height=\"754\" alt=\"Brooke McIntosh et Benjamin Mimar lors d'un port\u00e9 en patinage artistique.\" class=\"wp-block-jetpack-slideshow_image wp-image-219028\" data-id=\"219028\" src=\"https:\/\/olympique.ca\/wp-content\/uploads\/sites\/2\/2023\/03\/McIntosh-Mimar-2.jpg?quality=100&amp;w=1131\" srcset=\"https:\/\/preprod.olympic.ca\/olympique\/wp-content\/uploads\/sites\/2\/2023\/03\/McIntosh-Mimar-2.jpg 1131w, https:\/\/preprod.olympic.ca\/olympique\/wp-content\/uploads\/sites\/2\/2023\/03\/McIntosh-Mimar-2.jpg?resize=237,158 237w, https:\/\/preprod.olympic.ca\/olympique\/wp-content\/uploads\/sites\/2\/2023\/03\/McIntosh-Mimar-2.jpg?resize=557,371 557w, https:\/\/preprod.olympic.ca\/olympique\/wp-content\/uploads\/sites\/2\/2023\/03\/McIntosh-Mimar-2.jpg?resize=768,512 768w\" sizes=\"(max-width: 1131px) 100vw, 1131px\" \/><figcaption class=\"wp-block-jetpack-slideshow_caption gallery-caption\">Brooke McIntosh and Benjamin Mimar lors de leur performance lors du programme libre chez les couples aux Championnats canadiens de patinage artistique \u00e0 Oshawa, en Ontario, le samedi 14 janvier 2023. THE CANADIAN PRESS\/Nathan Denette<\/figcaption><\/figure><\/li><li class=\"wp-block-jetpack-slideshow_slide swiper-slide\"><figure><img loading=\"lazy\" decoding=\"async\" width=\"1110\" height=\"754\" alt=\"Lia Pereira et Trennt Michaud lors d'une performance. \" class=\"wp-block-jetpack-slideshow_image wp-image-219029\" data-id=\"219029\" src=\"https:\/\/olympique.ca\/wp-content\/uploads\/sites\/2\/2023\/03\/Pereira-Michaud.jpg?quality=100&amp;w=1110\" srcset=\"https:\/\/preprod.olympic.ca\/olympique\/wp-content\/uploads\/sites\/2\/2023\/03\/Pereira-Michaud.jpg 1110w, https:\/\/preprod.olympic.ca\/olympique\/wp-content\/uploads\/sites\/2\/2023\/03\/Pereira-Michaud.jpg?resize=233,158 233w, https:\/\/preprod.olympic.ca\/olympique\/wp-content\/uploads\/sites\/2\/2023\/03\/Pereira-Michaud.jpg?resize=546,371 546w, https:\/\/preprod.olympic.ca\/olympique\/wp-content\/uploads\/sites\/2\/2023\/03\/Pereira-Michaud.jpg?resize=768,522 768w\" sizes=\"(max-width: 1110px) 100vw, 1110px\" \/><figcaption class=\"wp-block-jetpack-slideshow_caption gallery-caption\">Lia Pereira et Trennt Michaud lors du programme court aux Championnats des quatre continents de patinage artistique, le vendredi 10 f\u00e9vrier 2023, \u00e0 Colorado Springs, au Colorado. (AP Photo\/David Zalubowski)<\/figcaption><\/figure><\/li><\/ul><a class=\"wp-block-jetpack-slideshow_button-prev swiper-button-prev swiper-button-white\" role=\"button\"><\/a><a class=\"wp-block-jetpack-slideshow_button-next swiper-button-next swiper-button-white\" role=\"button\"><\/a><a aria-label=\"Pause Slideshow\" class=\"wp-block-jetpack-slideshow_button-pause\" role=\"button\"><\/a><div class=\"wp-block-jetpack-slideshow_pagination swiper-pagination swiper-pagination-white\"><\/div><\/div><\/div>\n\n\n\n<p>\u00c0 l\u2019autre extr\u00e9mit\u00e9 du spectre de l\u2019\u00e2ge se trouvent Brooke McIntosh et Benjamin Mimar qui feront leurs d\u00e9buts aux Championnats du monde seniors apr\u00e8s avoir remport\u00e9 la m\u00e9daille de bronze aux Championnats du monde juniors l\u2019ann\u00e9e derni\u00e8re. Cette jeune \u00e9quipe n\u2019a toutefois particip\u00e9 \u00e0 aucune comp\u00e9tition depuis qu\u2019elle a remport\u00e9 l\u2019argent aux Championnats canadiens en janvier dernier. Le duo s\u2019\u00e9tait fait remarquer \u00e0 l\u2019automne en remportant sa premi\u00e8re m\u00e9daille dans un Grand Prix.&nbsp;<\/p>\n\n\n\n<p>Lia Pereira et Trennt Michaud ne comptent qu\u2019une demi-ann\u00e9e de partenariat, mais ils ont connu une ascension remarquable qui s\u2019est concr\u00e9tis\u00e9e avec une m\u00e9daille de bronze aux Championnats canadiens et une quatri\u00e8me place aux Championnats des quatre continents. Pereira, qui n\u2019avait pas patin\u00e9 en couple depuis le niveau novice il y a plusieurs ann\u00e9es, participera \u00e0 ses premiers Championnats du monde, tandis que Michaud s\u2019appr\u00eate \u00e0 y participer pour une quatri\u00e8me fois.\u00a0<\/p>\n\n\n\n<p><strong>\u00c0 voir\u00a0: <a href=\"https:\/\/www.cbc.ca\/player\/sports\">Programme court \u2014 21 mars, 22\u00a0h HE\/Programme libre \u2014 22 mars, 22\u00a0h HE\u00a0<\/a><\/strong><\/p>\n\n\n\n<h4 class=\"wp-block-heading\"><strong>La mission de Madeline Schizas&nbsp;<\/strong><\/h4>\n\n\n\n<p><a href=\"https:\/\/preprod.olympic.ca\/team-canada\/madeline-schizas\/\">Madeline Schizas<\/a> sera la seule participante du Canada dans l\u2019\u00e9preuve f\u00e9minine. Apr\u00e8s avoir termin\u00e9 13e et 12e \u00e0 ses deux premi\u00e8res participations aux Championnats du monde, une perc\u00e9e parmi les 10 meilleures serait une belle r\u00e9ussite au sein de ce groupe extr\u00eamement relev\u00e9.\u00a0<\/p>\n\n\n\n<figure class=\"wp-block-image size-large\"><img loading=\"lazy\" decoding=\"async\" height=\"754\" width=\"1188\" src=\"https:\/\/olympique.ca\/wp-content\/uploads\/sites\/2\/2023\/03\/Madeline-Schizas-5.jpg?quality=100&amp;w=1188\" alt=\"Madeline Schizas sur la glace dans une robe orange.\" class=\"wp-image-219030\" srcset=\"https:\/\/preprod.olympic.ca\/olympique\/wp-content\/uploads\/sites\/2\/2023\/03\/Madeline-Schizas-5.jpg 7961w, https:\/\/preprod.olympic.ca\/olympique\/wp-content\/uploads\/sites\/2\/2023\/03\/Madeline-Schizas-5.jpg?resize=249,158 249w, https:\/\/preprod.olympic.ca\/olympique\/wp-content\/uploads\/sites\/2\/2023\/03\/Madeline-Schizas-5.jpg?resize=585,371 585w, https:\/\/preprod.olympic.ca\/olympique\/wp-content\/uploads\/sites\/2\/2023\/03\/Madeline-Schizas-5.jpg?resize=768,487 768w, https:\/\/preprod.olympic.ca\/olympique\/wp-content\/uploads\/sites\/2\/2023\/03\/Madeline-Schizas-5.jpg?resize=1188,754 1188w, https:\/\/preprod.olympic.ca\/olympique\/wp-content\/uploads\/sites\/2\/2023\/03\/Madeline-Schizas-5.jpg?resize=1536,975 1536w, https:\/\/preprod.olympic.ca\/olympique\/wp-content\/uploads\/sites\/2\/2023\/03\/Madeline-Schizas-5.jpg?resize=2048,1299 2048w\" sizes=\"(max-width: 1188px) 100vw, 1188px\" \/><figcaption>Madeline Schizas patine lors du programme libre de l&rsquo;\u00e9preuve f\u00e9minine aux Internationaux de Patinage Canada \u00e0 Mississauga, en Ontario, le samedi 29 octobre 2022. THE CANADIAN PRESS\/Paul Chiasson<\/figcaption><\/figure>\n\n\n\n<p>Bien que les r\u00e9sultats de Schizas aient \u00e9t\u00e9 en dents de scie cette saison, elle est devenue le pilier du Canada \u00e0 l\u2019\u00e9preuve f\u00e9minine au cours des deux derni\u00e8res ann\u00e9es. Les jeunes patineuses qu\u2019elle a devanc\u00e9es aux Championnats nationaux en janvier dernier comptent sur elle pour s\u00e9curiser plus de places pour le Canada aux Championnats du monde de l\u2019an prochain.<\/p>\n\n\n\n<p><strong>\u00c0 voir\u00a0: <a href=\"https:\/\/www.cbc.ca\/player\/sports\">Programme court \u2014 22 mars, 1\u00a0h\u00a050 HE\/Programme libre \u2014 24 mars, 4\u00a0h\u00a020 HE<\/a>\u00a0<\/strong><\/p>\n\n\n\n<h4 class=\"wp-block-heading\"><strong>Obtenir des places pour les Championnats du monde \u00e0 domicile&nbsp;<\/strong><\/h4>\n\n\n\n<p>Outre les m\u00e9dailles, l\u2019enjeu le plus important de chaque \u00e9dition des Championnats du monde de patinage artistique de l\u2019ISU est la qualification pour les Championnats du monde de l\u2019ann\u00e9e suivante. En 2024, ces championnats auront lieu sur une patinoire canadienne, soit \u00e0<a href=\"https:\/\/montreal2024.com\/fr\/\"> Montr\u00e9al<\/a>. La ville se voit offrir une nouvelle chance apr\u00e8s l\u2019annulation des Championnats du monde de 2020 une semaine avant leur d\u00e9but, en raison de la pand\u00e9mie de COVID-19.\u00a0<\/p>\n\n\n\n<p>Pour calculer les quotas de chaque pays, il faut faire un peu de math\u00e9matiques.<\/p>\n\n\n\n<p>Quand un pays n\u2019a qu\u2019un(e) seul(e) participant(e) dans une discipline, un r\u00e9sultat parmi les 10 meilleurs lui assure deux places pour l\u2019ann\u00e9e suivante dans cette discipline. Un r\u00e9sultat inf\u00e9rieur maintient le pays \u00e0 une seule place.<\/p>\n\n\n\n<p>Quand un pays compte deux ou trois participants, seuls les deux meilleurs r\u00e9sultats comptent pour la qualification. Si les deux classements totalisent 13 ou moins (ex\u00a0: 6e et 7e, 2e et 11e), le pays obtient trois places dans cette discipline. Si le total des deux r\u00e9sultats est compris entre 14 et 28, le pays conserve deux places. Au-del\u00e0 de 28, le pays n&rsquo;obtient qu&rsquo;une seule place dans la discipline.<\/p>\n\n\n\n<p>Les patineurs qui se qualifient pour leur programme libre respectif ne re\u00e7oivent pas plus de 16 points pour leur classement (quel que soit leur r\u00e9sultat r\u00e9el). Les patineurs qui ne se qualifient pas pour le programme libre re\u00e7oivent 18 points pour leur classement.<\/p>\n","protected":false},"excerpt":{"rendered":"<p>La plus grande comp\u00e9tition de patinage artistique de l\u2019ann\u00e9e approche \u00e0 grands pas alors que la ville de Saitama au&#8230;<\/p>\n","protected":false},"author":52435451,"featured_media":215718,"comment_status":"closed","ping_status":"closed","sticky":false,"template":"","format":"standard","meta":{"_acf_changed":false,"_jetpack_memberships_contains_paid_content":false,"footnotes":""},"categories":[16085,1],"tags":[682165383,682165382,2093230,682165370,415985221,415988443,682165488,682164249,233117447,415988444,415984506,30804735,31030545,682163902],"post_format":"standard","sport":[2636692],"game":[],"coauthors":[197557601],"class_list":["post-219023","post","type-post","status-publish","format-standard","has-post-thumbnail","hentry","category-nouvelles","category-uncategorized","tag-benjamin-mimar","tag-brooke-mcintosh","tag-championnats-du-monde","tag-deanna-stellato-dudek","tag-keegan-messing","tag-laurence-fournier-beaudry","tag-lia-pereira","tag-madeline-schizas","tag-maxime-deschamps","tag-nikolaj-sorensen","tag-patinage-artistique","tag-paul-poirier","tag-piper-gilles","tag-trennt-michaud","sport-patinage-artistique"],"acf":[],"yoast_head":"<!-- This site is optimized with the Yoast SEO plugin v27.3 - https:\/\/yoast.com\/product\/yoast-seo-wordpress\/ -->\n<title>5 choses \u00e0 surveiller aux Championnats du monde de patinage artistique 2023 - \u00c9quipe Canada | Site officiel de l&#039;\u00e9quipe olympique<\/title>\n<meta name=\"description\" content=\"La plus grande comp\u00e9tition de patinage artistique de l\u2019ann\u00e9e approche \u00e0 grands pas alors que la ville de Saitama au Japon sera bient\u00f4t l\u2019h\u00f4te des Championnats du monde de patinage artistique\u00a0de l\u2019ISU 2023.Voici cinq choses \u00e0 surveiller du c\u00f4t\u00e9 d&#039;\u00c9quipe Canada.\u00a0\" \/>\n<meta name=\"robots\" content=\"index, follow, max-snippet:-1, max-image-preview:large, max-video-preview:-1\" \/>\n<link rel=\"canonical\" href=\"https:\/\/preprod.olympic.ca\/olympique\/2023\/03\/17\/5-choses-a-surveiller-aux-championnats-du-monde-de-patinage-artistique-2023\/\" \/>\n<meta property=\"og:locale\" content=\"fr_FR\" \/>\n<meta property=\"og:type\" content=\"article\" \/>\n<meta property=\"og:title\" content=\"5 choses \u00e0 surveiller aux Championnats du monde de patinage artistique 2023\" \/>\n<meta property=\"og:description\" content=\"La plus grande comp\u00e9tition de patinage artistique de l\u2019ann\u00e9e approche \u00e0 grands pas alors que la ville de Saitama au Japon sera bient\u00f4t l\u2019h\u00f4te des Championnats du monde de patinage artistique\u00a0de l\u2019ISU 2023.Voici cinq choses \u00e0 surveiller du c\u00f4t\u00e9 d&#039;\u00c9quipe Canada.\u00a0\" \/>\n<meta property=\"og:url\" content=\"https:\/\/preprod.olympic.ca\/olympique\/2023\/03\/17\/5-choses-a-surveiller-aux-championnats-du-monde-de-patinage-artistique-2023\/\" \/>\n<meta property=\"og:site_name\" content=\"\u00c9quipe Canada | Site officiel de l&#039;\u00e9quipe olympique\" \/>\n<meta property=\"article:published_time\" content=\"2023-03-17T15:48:29+00:00\" \/>\n<meta property=\"article:modified_time\" content=\"2023-03-17T15:48:30+00:00\" \/>\n<meta property=\"og:image\" content=\"https:\/\/preprod.olympic.ca\/olympique\/wp-content\/uploads\/sites\/2\/2022\/12\/CP25241115-e1679068101279.jpg?quality=100\" \/>\n\t<meta property=\"og:image:width\" content=\"2160\" \/>\n\t<meta property=\"og:image:height\" content=\"1220\" \/>\n\t<meta property=\"og:image:type\" content=\"image\/jpeg\" \/>\n<meta name=\"author\" content=\"Paula Nichols\" \/>\n<meta name=\"twitter:card\" content=\"summary_large_image\" \/>\n<meta name=\"twitter:label1\" content=\"Written by\" \/>\n\t<meta name=\"twitter:data1\" content=\"Paula Nichols\" \/>\n\t<meta name=\"twitter:label2\" content=\"Est. reading time\" \/>\n\t<meta name=\"twitter:data2\" content=\"9 minutes\" \/>\n<script type=\"application\/ld+json\" class=\"yoast-schema-graph\">{\"@context\":\"https:\\\/\\\/schema.org\",\"@graph\":[{\"@type\":\"Article\",\"@id\":\"https:\\\/\\\/preprod.olympic.ca\\\/olympique\\\/2023\\\/03\\\/17\\\/5-choses-a-surveiller-aux-championnats-du-monde-de-patinage-artistique-2023\\\/#article\",\"isPartOf\":{\"@id\":\"https:\\\/\\\/preprod.olympic.ca\\\/olympique\\\/2023\\\/03\\\/17\\\/5-choses-a-surveiller-aux-championnats-du-monde-de-patinage-artistique-2023\\\/\"},\"author\":{\"name\":\"Paula Nichols\",\"@id\":\"https:\\\/\\\/preprod.olympic.ca\\\/olympique\\\/#\\\/schema\\\/person\\\/d65906bd7e750277a876fa05ccc3da26\"},\"headline\":\"5 choses \u00e0 surveiller aux Championnats du monde de patinage artistique 2023\",\"datePublished\":\"2023-03-17T15:48:29+00:00\",\"dateModified\":\"2023-03-17T15:48:30+00:00\",\"mainEntityOfPage\":{\"@id\":\"https:\\\/\\\/preprod.olympic.ca\\\/olympique\\\/2023\\\/03\\\/17\\\/5-choses-a-surveiller-aux-championnats-du-monde-de-patinage-artistique-2023\\\/\"},\"wordCount\":1570,\"image\":{\"@id\":\"https:\\\/\\\/preprod.olympic.ca\\\/olympique\\\/2023\\\/03\\\/17\\\/5-choses-a-surveiller-aux-championnats-du-monde-de-patinage-artistique-2023\\\/#primaryimage\"},\"thumbnailUrl\":\"https:\\\/\\\/preprod.olympic.ca\\\/olympique\\\/wp-content\\\/uploads\\\/sites\\\/2\\\/2022\\\/12\\\/CP25241115-e1679068101279.jpg?quality=100\",\"keywords\":[\"benjamin mimar\",\"brooke mcintosh\",\"championnats du monde\",\"Deanna Stellato-Dudek\",\"Keegan Messing\",\"Laurence Fournier-Beaudry\",\"lia pereira\",\"Madeline Schizas\",\"maxime Deschamps\",\"Nikolaj Sorensen\",\"Patinage artistique\",\"Paul Poirier\",\"Piper Gilles\",\"Trennt Michaud\"],\"articleSection\":[\"Nouvelles\",\"Uncategorized\"],\"inLanguage\":\"fr-FR\"},{\"@type\":\"WebPage\",\"@id\":\"https:\\\/\\\/preprod.olympic.ca\\\/olympique\\\/2023\\\/03\\\/17\\\/5-choses-a-surveiller-aux-championnats-du-monde-de-patinage-artistique-2023\\\/\",\"url\":\"https:\\\/\\\/preprod.olympic.ca\\\/olympique\\\/2023\\\/03\\\/17\\\/5-choses-a-surveiller-aux-championnats-du-monde-de-patinage-artistique-2023\\\/\",\"name\":\"5 choses \u00e0 surveiller aux Championnats du monde de patinage artistique 2023 - \u00c9quipe Canada | Site officiel de l&#039;\u00e9quipe olympique\",\"isPartOf\":{\"@id\":\"https:\\\/\\\/preprod.olympic.ca\\\/olympique\\\/#website\"},\"primaryImageOfPage\":{\"@id\":\"https:\\\/\\\/preprod.olympic.ca\\\/olympique\\\/2023\\\/03\\\/17\\\/5-choses-a-surveiller-aux-championnats-du-monde-de-patinage-artistique-2023\\\/#primaryimage\"},\"image\":{\"@id\":\"https:\\\/\\\/preprod.olympic.ca\\\/olympique\\\/2023\\\/03\\\/17\\\/5-choses-a-surveiller-aux-championnats-du-monde-de-patinage-artistique-2023\\\/#primaryimage\"},\"thumbnailUrl\":\"https:\\\/\\\/preprod.olympic.ca\\\/olympique\\\/wp-content\\\/uploads\\\/sites\\\/2\\\/2022\\\/12\\\/CP25241115-e1679068101279.jpg?quality=100\",\"datePublished\":\"2023-03-17T15:48:29+00:00\",\"dateModified\":\"2023-03-17T15:48:30+00:00\",\"author\":{\"@id\":\"https:\\\/\\\/preprod.olympic.ca\\\/olympique\\\/#\\\/schema\\\/person\\\/d65906bd7e750277a876fa05ccc3da26\"},\"description\":\"La plus grande comp\u00e9tition de patinage artistique de l\u2019ann\u00e9e approche \u00e0 grands pas alors que la ville de Saitama au Japon sera bient\u00f4t l\u2019h\u00f4te des Championnats du monde de patinage artistique\u00a0de l\u2019ISU 2023.Voici cinq choses \u00e0 surveiller du c\u00f4t\u00e9 d'\u00c9quipe Canada.\u00a0\",\"inLanguage\":\"fr-FR\",\"potentialAction\":[{\"@type\":\"ReadAction\",\"target\":[\"https:\\\/\\\/preprod.olympic.ca\\\/olympique\\\/2023\\\/03\\\/17\\\/5-choses-a-surveiller-aux-championnats-du-monde-de-patinage-artistique-2023\\\/\"]}]},{\"@type\":\"ImageObject\",\"inLanguage\":\"fr-FR\",\"@id\":\"https:\\\/\\\/preprod.olympic.ca\\\/olympique\\\/2023\\\/03\\\/17\\\/5-choses-a-surveiller-aux-championnats-du-monde-de-patinage-artistique-2023\\\/#primaryimage\",\"url\":\"https:\\\/\\\/preprod.olympic.ca\\\/olympique\\\/wp-content\\\/uploads\\\/sites\\\/2\\\/2022\\\/12\\\/CP25241115-e1679068101279.jpg?quality=100\",\"contentUrl\":\"https:\\\/\\\/preprod.olympic.ca\\\/olympique\\\/wp-content\\\/uploads\\\/sites\\\/2\\\/2022\\\/12\\\/CP25241115-e1679068101279.jpg?quality=100\",\"width\":2160,\"height\":1220,\"caption\":\"Les Canadiens Piper Gilles et Paul Poirier lors de la danse libre en danse sur glace \u00e0 la Finale du Grand Prix de patinage artistique \u00e0 l'ar\u00e9na de glace Palavela, \u00e0 Turin, en Italie, le samedi 10 d\u00e9cembre 2022. (Photo AP\\\/Antonio Calanni)\"},{\"@type\":\"WebSite\",\"@id\":\"https:\\\/\\\/preprod.olympic.ca\\\/olympique\\\/#website\",\"url\":\"https:\\\/\\\/preprod.olympic.ca\\\/olympique\\\/\",\"name\":\"\u00c9quipe Canada | Site officiel de l&#039;\u00e9quipe olympique\",\"description\":\"Votre source pour l\u2019\u00c9quipe olympique canadienne. Retrouvez les r\u00e9cits, vid\u00e9os et photos des athl\u00e8tes canadiens, sports olympiques, Jeux olympiques de 2020 et bien plus!\",\"potentialAction\":[{\"@type\":\"SearchAction\",\"target\":{\"@type\":\"EntryPoint\",\"urlTemplate\":\"https:\\\/\\\/preprod.olympic.ca\\\/olympique\\\/?s={search_term_string}\"},\"query-input\":{\"@type\":\"PropertyValueSpecification\",\"valueRequired\":true,\"valueName\":\"search_term_string\"}}],\"inLanguage\":\"fr-FR\"},{\"@type\":\"Person\",\"@id\":\"https:\\\/\\\/preprod.olympic.ca\\\/olympique\\\/#\\\/schema\\\/person\\\/d65906bd7e750277a876fa05ccc3da26\",\"name\":\"Paula Nichols\",\"image\":{\"@type\":\"ImageObject\",\"inLanguage\":\"fr-FR\",\"@id\":\"https:\\\/\\\/secure.gravatar.com\\\/avatar\\\/83aa2ad476fcd1071d58a474c9a2f51716b807e2406ca3aeaa032882e7f0346a?s=96&d=identicon&r=gf6876353c4226c9b0e52b96b76e72cac\",\"url\":\"https:\\\/\\\/secure.gravatar.com\\\/avatar\\\/83aa2ad476fcd1071d58a474c9a2f51716b807e2406ca3aeaa032882e7f0346a?s=96&d=identicon&r=g\",\"contentUrl\":\"https:\\\/\\\/secure.gravatar.com\\\/avatar\\\/83aa2ad476fcd1071d58a474c9a2f51716b807e2406ca3aeaa032882e7f0346a?s=96&d=identicon&r=g\",\"caption\":\"Paula Nichols\"},\"description\":\"Manager of Content and Research for the Canadian Olympic Committee and a lifelong fan of the Olympic Games and the athletes who compete at them.\",\"sameAs\":[\"pnichols\"],\"url\":\"https:\\\/\\\/preprod.olympic.ca\\\/olympique\\\/author\\\/pnichols\\\/\"}]}<\/script>\n<!-- \/ Yoast SEO plugin. -->","yoast_head_json":{"title":"5 choses \u00e0 surveiller aux Championnats du monde de patinage artistique 2023 - \u00c9quipe Canada | Site officiel de l&#039;\u00e9quipe olympique","description":"La plus grande comp\u00e9tition de patinage artistique de l\u2019ann\u00e9e approche \u00e0 grands pas alors que la ville de Saitama au Japon sera bient\u00f4t l\u2019h\u00f4te des Championnats du monde de patinage artistique\u00a0de l\u2019ISU 2023.Voici cinq choses \u00e0 surveiller du c\u00f4t\u00e9 d'\u00c9quipe Canada.\u00a0","robots":{"index":"index","follow":"follow","max-snippet":"max-snippet:-1","max-image-preview":"max-image-preview:large","max-video-preview":"max-video-preview:-1"},"canonical":"https:\/\/preprod.olympic.ca\/olympique\/2023\/03\/17\/5-choses-a-surveiller-aux-championnats-du-monde-de-patinage-artistique-2023\/","og_locale":"fr_FR","og_type":"article","og_title":"5 choses \u00e0 surveiller aux Championnats du monde de patinage artistique 2023","og_description":"La plus grande comp\u00e9tition de patinage artistique de l\u2019ann\u00e9e approche \u00e0 grands pas alors que la ville de Saitama au Japon sera bient\u00f4t l\u2019h\u00f4te des Championnats du monde de patinage artistique\u00a0de l\u2019ISU 2023.Voici cinq choses \u00e0 surveiller du c\u00f4t\u00e9 d'\u00c9quipe Canada.\u00a0","og_url":"https:\/\/preprod.olympic.ca\/olympique\/2023\/03\/17\/5-choses-a-surveiller-aux-championnats-du-monde-de-patinage-artistique-2023\/","og_site_name":"\u00c9quipe Canada | Site officiel de l&#039;\u00e9quipe olympique","article_published_time":"2023-03-17T15:48:29+00:00","article_modified_time":"2023-03-17T15:48:30+00:00","og_image":[{"width":2160,"height":1220,"url":"https:\/\/preprod.olympic.ca\/olympique\/wp-content\/uploads\/sites\/2\/2022\/12\/CP25241115-e1679068101279.jpg?quality=100","type":"image\/jpeg"}],"author":"Paula Nichols","twitter_card":"summary_large_image","twitter_misc":{"Written by":"Paula Nichols","Est. reading time":"9 minutes"},"schema":{"@context":"https:\/\/schema.org","@graph":[{"@type":"Article","@id":"https:\/\/preprod.olympic.ca\/olympique\/2023\/03\/17\/5-choses-a-surveiller-aux-championnats-du-monde-de-patinage-artistique-2023\/#article","isPartOf":{"@id":"https:\/\/preprod.olympic.ca\/olympique\/2023\/03\/17\/5-choses-a-surveiller-aux-championnats-du-monde-de-patinage-artistique-2023\/"},"author":{"name":"Paula Nichols","@id":"https:\/\/preprod.olympic.ca\/olympique\/#\/schema\/person\/d65906bd7e750277a876fa05ccc3da26"},"headline":"5 choses \u00e0 surveiller aux Championnats du monde de patinage artistique 2023","datePublished":"2023-03-17T15:48:29+00:00","dateModified":"2023-03-17T15:48:30+00:00","mainEntityOfPage":{"@id":"https:\/\/preprod.olympic.ca\/olympique\/2023\/03\/17\/5-choses-a-surveiller-aux-championnats-du-monde-de-patinage-artistique-2023\/"},"wordCount":1570,"image":{"@id":"https:\/\/preprod.olympic.ca\/olympique\/2023\/03\/17\/5-choses-a-surveiller-aux-championnats-du-monde-de-patinage-artistique-2023\/#primaryimage"},"thumbnailUrl":"https:\/\/preprod.olympic.ca\/olympique\/wp-content\/uploads\/sites\/2\/2022\/12\/CP25241115-e1679068101279.jpg?quality=100","keywords":["benjamin mimar","brooke mcintosh","championnats du monde","Deanna Stellato-Dudek","Keegan Messing","Laurence Fournier-Beaudry","lia pereira","Madeline Schizas","maxime Deschamps","Nikolaj Sorensen","Patinage artistique","Paul Poirier","Piper Gilles","Trennt Michaud"],"articleSection":["Nouvelles","Uncategorized"],"inLanguage":"fr-FR"},{"@type":"WebPage","@id":"https:\/\/preprod.olympic.ca\/olympique\/2023\/03\/17\/5-choses-a-surveiller-aux-championnats-du-monde-de-patinage-artistique-2023\/","url":"https:\/\/preprod.olympic.ca\/olympique\/2023\/03\/17\/5-choses-a-surveiller-aux-championnats-du-monde-de-patinage-artistique-2023\/","name":"5 choses \u00e0 surveiller aux Championnats du monde de patinage artistique 2023 - \u00c9quipe Canada | Site officiel de l&#039;\u00e9quipe olympique","isPartOf":{"@id":"https:\/\/preprod.olympic.ca\/olympique\/#website"},"primaryImageOfPage":{"@id":"https:\/\/preprod.olympic.ca\/olympique\/2023\/03\/17\/5-choses-a-surveiller-aux-championnats-du-monde-de-patinage-artistique-2023\/#primaryimage"},"image":{"@id":"https:\/\/preprod.olympic.ca\/olympique\/2023\/03\/17\/5-choses-a-surveiller-aux-championnats-du-monde-de-patinage-artistique-2023\/#primaryimage"},"thumbnailUrl":"https:\/\/preprod.olympic.ca\/olympique\/wp-content\/uploads\/sites\/2\/2022\/12\/CP25241115-e1679068101279.jpg?quality=100","datePublished":"2023-03-17T15:48:29+00:00","dateModified":"2023-03-17T15:48:30+00:00","author":{"@id":"https:\/\/preprod.olympic.ca\/olympique\/#\/schema\/person\/d65906bd7e750277a876fa05ccc3da26"},"description":"La plus grande comp\u00e9tition de patinage artistique de l\u2019ann\u00e9e approche \u00e0 grands pas alors que la ville de Saitama au Japon sera bient\u00f4t l\u2019h\u00f4te des Championnats du monde de patinage artistique\u00a0de l\u2019ISU 2023.Voici cinq choses \u00e0 surveiller du c\u00f4t\u00e9 d'\u00c9quipe Canada.\u00a0","inLanguage":"fr-FR","potentialAction":[{"@type":"ReadAction","target":["https:\/\/preprod.olympic.ca\/olympique\/2023\/03\/17\/5-choses-a-surveiller-aux-championnats-du-monde-de-patinage-artistique-2023\/"]}]},{"@type":"ImageObject","inLanguage":"fr-FR","@id":"https:\/\/preprod.olympic.ca\/olympique\/2023\/03\/17\/5-choses-a-surveiller-aux-championnats-du-monde-de-patinage-artistique-2023\/#primaryimage","url":"https:\/\/preprod.olympic.ca\/olympique\/wp-content\/uploads\/sites\/2\/2022\/12\/CP25241115-e1679068101279.jpg?quality=100","contentUrl":"https:\/\/preprod.olympic.ca\/olympique\/wp-content\/uploads\/sites\/2\/2022\/12\/CP25241115-e1679068101279.jpg?quality=100","width":2160,"height":1220,"caption":"Les Canadiens Piper Gilles et Paul Poirier lors de la danse libre en danse sur glace \u00e0 la Finale du Grand Prix de patinage artistique \u00e0 l'ar\u00e9na de glace Palavela, \u00e0 Turin, en Italie, le samedi 10 d\u00e9cembre 2022. (Photo AP\/Antonio Calanni)"},{"@type":"WebSite","@id":"https:\/\/preprod.olympic.ca\/olympique\/#website","url":"https:\/\/preprod.olympic.ca\/olympique\/","name":"\u00c9quipe Canada | Site officiel de l&#039;\u00e9quipe olympique","description":"Votre source pour l\u2019\u00c9quipe olympique canadienne. Retrouvez les r\u00e9cits, vid\u00e9os et photos des athl\u00e8tes canadiens, sports olympiques, Jeux olympiques de 2020 et bien plus!","potentialAction":[{"@type":"SearchAction","target":{"@type":"EntryPoint","urlTemplate":"https:\/\/preprod.olympic.ca\/olympique\/?s={search_term_string}"},"query-input":{"@type":"PropertyValueSpecification","valueRequired":true,"valueName":"search_term_string"}}],"inLanguage":"fr-FR"},{"@type":"Person","@id":"https:\/\/preprod.olympic.ca\/olympique\/#\/schema\/person\/d65906bd7e750277a876fa05ccc3da26","name":"Paula Nichols","image":{"@type":"ImageObject","inLanguage":"fr-FR","@id":"https:\/\/secure.gravatar.com\/avatar\/83aa2ad476fcd1071d58a474c9a2f51716b807e2406ca3aeaa032882e7f0346a?s=96&d=identicon&r=gf6876353c4226c9b0e52b96b76e72cac","url":"https:\/\/secure.gravatar.com\/avatar\/83aa2ad476fcd1071d58a474c9a2f51716b807e2406ca3aeaa032882e7f0346a?s=96&d=identicon&r=g","contentUrl":"https:\/\/secure.gravatar.com\/avatar\/83aa2ad476fcd1071d58a474c9a2f51716b807e2406ca3aeaa032882e7f0346a?s=96&d=identicon&r=g","caption":"Paula Nichols"},"description":"Manager of Content and Research for the Canadian Olympic Committee and a lifelong fan of the Olympic Games and the athletes who compete at them.","sameAs":["pnichols"],"url":"https:\/\/preprod.olympic.ca\/olympique\/author\/pnichols\/"}]}},"jetpack_featured_media_url":"https:\/\/preprod.olympic.ca\/olympique\/wp-content\/uploads\/sites\/2\/2022\/12\/CP25241115-e1679068101279.jpg?quality=100","featured_image_url":"https:\/\/preprod.olympic.ca\/olympique\/wp-content\/uploads\/sites\/2\/2022\/12\/CP25241115-e1679068101279.jpg?quality=100","author_name":["Paula Nichols"],"category_names":["Nouvelles","Uncategorized"],"tag_names":["benjamin mimar","brooke mcintosh","championnats du monde","Deanna Stellato-Dudek","Keegan Messing","Laurence Fournier-Beaudry","lia pereira","Madeline Schizas","maxime Deschamps","Nikolaj Sorensen","Patinage artistique","Paul Poirier","Piper Gilles","Trennt Michaud"],"video_embed_code":"","facebook_video_embed_code":"","jetpack_sharing_enabled":true,"jetpack-related-posts":[],"jetpack_shortlink":"https:\/\/wp.me\/pcGHcP-UYD","_links":{"self":[{"href":"https:\/\/preprod.olympic.ca\/olympique\/wp-json\/wp\/v2\/posts\/219023","targetHints":{"allow":["GET"]}}],"collection":[{"href":"https:\/\/preprod.olympic.ca\/olympique\/wp-json\/wp\/v2\/posts"}],"about":[{"href":"https:\/\/preprod.olympic.ca\/olympique\/wp-json\/wp\/v2\/types\/post"}],"author":[{"embeddable":true,"href":"https:\/\/preprod.olympic.ca\/olympique\/wp-json\/wp\/v2\/users\/52435451"}],"replies":[{"embeddable":true,"href":"https:\/\/preprod.olympic.ca\/olympique\/wp-json\/wp\/v2\/comments?post=219023"}],"version-history":[{"count":7,"href":"https:\/\/preprod.olympic.ca\/olympique\/wp-json\/wp\/v2\/posts\/219023\/revisions"}],"predecessor-version":[{"id":219037,"href":"https:\/\/preprod.olympic.ca\/olympique\/wp-json\/wp\/v2\/posts\/219023\/revisions\/219037"}],"wp:featuredmedia":[{"embeddable":true,"href":"https:\/\/preprod.olympic.ca\/olympique\/wp-json\/wp\/v2\/media\/215718"}],"wp:attachment":[{"href":"https:\/\/preprod.olympic.ca\/olympique\/wp-json\/wp\/v2\/media?parent=219023"}],"wp:term":[{"taxonomy":"category","embeddable":true,"href":"https:\/\/preprod.olympic.ca\/olympique\/wp-json\/wp\/v2\/categories?post=219023"},{"taxonomy":"post_tag","embeddable":true,"href":"https:\/\/preprod.olympic.ca\/olympique\/wp-json\/wp\/v2\/tags?post=219023"},{"taxonomy":"post_format","embeddable":true,"href":"https:\/\/preprod.olympic.ca\/olympique\/wp-json\/wp\/v2\/post_format?post=219023"},{"taxonomy":"sport","embeddable":true,"href":"https:\/\/preprod.olympic.ca\/olympique\/wp-json\/wp\/v2\/sport?post=219023"},{"taxonomy":"game","embeddable":true,"href":"https:\/\/preprod.olympic.ca\/olympique\/wp-json\/wp\/v2\/game?post=219023"},{"taxonomy":"author","embeddable":true,"href":"https:\/\/preprod.olympic.ca\/olympique\/wp-json\/wp\/v2\/coauthors?post=219023"}],"curies":[{"name":"wp","href":"https:\/\/api.w.org\/{rel}","templated":true}]}}