{"id":3187,"date":"2009-10-15T11:27:04","date_gmt":"2009-10-15T15:42:27","guid":{"rendered":"http:\/\/preprod.olympic.ca\/?p=3187"},"modified":"2013-08-01T01:08:36","modified_gmt":"2013-08-01T01:08:36","slug":"les-meilleurs-chefs-du-canada-aiguisent-leurs-couteaux-pour-les-evenements-des-chefs-en-or","status":"publish","type":"post","link":"https:\/\/preprod.olympic.ca\/olympique\/2009\/10\/15\/les-meilleurs-chefs-du-canada-aiguisent-leurs-couteaux-pour-les-evenements-des-chefs-en-or\/","title":{"rendered":"Les meilleurs chefs du Canada aiguisent leurs couteaux pour les \u00e9v\u00e9nements Des chefs en or"},"content":{"rendered":"<p>D\u2019un bout \u00e0 l\u2019autre du pays, pendant un mois, cet automne, des dizaines de chefs canadiens \u2014 parmi les meilleurs \u2014 se mesureront l\u2019un \u00e0 l\u2019autre dans sept villes, au profit des athl\u00e8tes olympiques et paralympiques. Bienvenue \u00e0 la septi\u00e8me \u00e9dition des populaires \u00e9v\u00e9nements Des chefs en or, au b\u00e9n\u00e9fice de la Fondation olympique canadienne.<\/p>\n<p>Les \u00e9v\u00e9nements Des chefs en or c\u00e9l\u00e8brent l\u2019excellence canadienne en mati\u00e8re culinaire, vinicole, artistique et sportive. Depuis 2003, ce programme de collecte de fonds associe les meilleurs mets et vins aux meilleurs athl\u00e8tes de haut niveau canadiens. Pour ces derniers, le programme a permis d\u2019amasser plus de 2,8 millions de dollars depuis son lancement.<\/p>\n<p>Dans chacun des \u00e9v\u00e9nements Des chefs en or, les mets sont not\u00e9s par un jury compos\u00e9 de critiques gastronomiques et sont consomm\u00e9s par les invit\u00e9s.  Les meilleurs chefs de chaque ville font \u00e9quipe avec des Olympiens et des Paralympiens en vue de concourir pour la m\u00e9daille d\u2019or, d\u2019argent et de bronze. Les gagnants se rencontrent ensuite dans le cadre d\u2019une derni\u00e8re comp\u00e9tition nationale, les Championnats culinaires canadiens, en novembre. (La saison derni\u00e8re, Melissa Craig du Bearfoot Bistro de Whistler avait remport\u00e9 l\u2019or, Anthony Walsh du Canoe de Toronto, avait gagn\u00e9 l\u2019argent et Roland M\u00e9nard, du Manior Hovey de Montr\u00e9al, le bronze.)<\/p>\n<p>Au programme de cette ann\u00e9e participeront des animateurs tr\u00e8s connus de CTV, ainsi que Jim Cuddy et Steven Page, qui assureront l\u2019animation musicale et plusieurs athl\u00e8tes. Ce dernier groupe inclut les espoirs olympiques pour les Jeux de 2010 Jennifer Heil, Charles Hamelin, Alexa Loo, Aleisha Cline, Olivier Jean, Tania Vicent, Val\u00e9rie Maltais, Chandra Crawford, Heather Moyse et Denny Morrison. Il comprend \u00e9galement la chef de mission du Canada, Nathalie Lambert ainsi que le chef de mission adjoint, Steve Podborski. De plus, plusieurs m\u00e9daill\u00e9s olympiques comme  Kyle Shewfelt, Beckie Scott, Carol Huynh, Marnie McBean, Adam van Koeverden, Karen Cockburn, Curt Harnett, \u00c9milie Heymans, Greg Joy et Catriona Le May Doan participeront \u00e9galement \u00e0 cet \u00e9v\u00e9nement.<\/p>\n<p><strong> Dates des \u00e9v\u00e9nements : <\/strong><\/p>\n<p>&bull; Edmonton : 21 octobre  \u2014 Shaw Conference Centre<br \/>\n&bull; Vancouver : 23 octobre \u2014 The Westin Bayshore<br \/>\n&bull; Ottawa : 28 octobre \u2014 Hilton Lac-Leamy<br \/>\n&bull; Montr\u00e9al : 28 octobre \u2014 Palais des congr\u00e8s de Montr\u00e9al<br \/>\n&bull; Calgary : 29 octobre \u2014 Roundup Centre<br \/>\n&bull; St. John&rsquo;s : 12 novembre \u2014 St. John\u2019s Convention Centre<br \/>\n&bull; Toronto : 19 novembre \u2013 Palais des congr\u00e8s du Toronto m\u00e9tropolitain<\/p>\n<p>Les Championnats culinaires canadiens se d\u00e9rouleront les 27 et 28 novembre \u00e0 Vancouver.<\/p>\n<p>Pour obtenir des billets pour l\u2019un de ces \u00e9v\u00e9nements, visitez le .  <\/p>\n","protected":false},"excerpt":{"rendered":"<p>D\u2019un bout \u00e0 l\u2019autre du pays, pendant un mois, cet automne, des dizaines de chefs canadiens \u2014 parmi les meilleurs&#8230;<\/p>\n","protected":false},"author":47562643,"featured_media":3185,"comment_status":"open","ping_status":"open","sticky":false,"template":"","format":"standard","meta":{"_acf_changed":false,"_jetpack_memberships_contains_paid_content":false,"footnotes":""},"categories":[23939911],"tags":[],"post_format":"standard","sport":[],"game":[],"coauthors":[186127234],"class_list":["post-3187","post","type-post","status-publish","format-standard","has-post-thumbnail","hentry","category-uncategorized-fr"],"acf":[],"yoast_head":"<!-- This site is optimized with the Yoast SEO plugin v27.3 - https:\/\/yoast.com\/product\/yoast-seo-wordpress\/ -->\n<title>Les meilleurs chefs du Canada aiguisent leurs couteaux pour les \u00e9v\u00e9nements Des chefs en or - \u00c9quipe Canada | Site officiel de l&#039;\u00e9quipe olympique<\/title>\n<meta name=\"robots\" content=\"index, follow, max-snippet:-1, max-image-preview:large, max-video-preview:-1\" \/>\n<link rel=\"canonical\" href=\"https:\/\/preprod.olympic.ca\/olympique\/2009\/10\/15\/les-meilleurs-chefs-du-canada-aiguisent-leurs-couteaux-pour-les-evenements-des-chefs-en-or\/\" \/>\n<meta property=\"og:locale\" content=\"fr_FR\" \/>\n<meta property=\"og:type\" content=\"article\" \/>\n<meta property=\"og:title\" content=\"Les meilleurs chefs du Canada aiguisent leurs couteaux pour les \u00e9v\u00e9nements Des chefs en or - \u00c9quipe Canada | Site officiel de l&#039;\u00e9quipe olympique\" \/>\n<meta property=\"og:description\" content=\"D\u2019un bout \u00e0 l\u2019autre du pays, pendant un mois, cet automne, des dizaines de chefs canadiens \u2014 parmi les meilleurs...\" \/>\n<meta property=\"og:url\" content=\"https:\/\/preprod.olympic.ca\/olympique\/2009\/10\/15\/les-meilleurs-chefs-du-canada-aiguisent-leurs-couteaux-pour-les-evenements-des-chefs-en-or\/\" \/>\n<meta property=\"og:site_name\" content=\"\u00c9quipe Canada | Site officiel de l&#039;\u00e9quipe olympique\" \/>\n<meta property=\"article:published_time\" content=\"2009-10-15T15:42:27+00:00\" \/>\n<meta property=\"article:modified_time\" content=\"2013-08-01T01:08:36+00:00\" \/>\n<meta name=\"author\" content=\"Comit\u00e9 olympique canadien\" \/>\n<meta name=\"twitter:card\" content=\"summary_large_image\" \/>\n<meta name=\"twitter:image\" content=\"https:\/\/preprod.olympic.ca\/olympique\/wp-content\/uploads\/sites\/2\/2011\/08\/gmp-08-cockburn6.jpg?quality=100\" \/>\n<meta name=\"twitter:label1\" content=\"Written by\" \/>\n\t<meta name=\"twitter:data1\" content=\"Comit\u00e9 olympique canadien\" \/>\n\t<meta name=\"twitter:label2\" content=\"Est. reading time\" \/>\n\t<meta name=\"twitter:data2\" content=\"2 minutes\" \/>\n<script type=\"application\/ld+json\" class=\"yoast-schema-graph\">{\"@context\":\"https:\\\/\\\/schema.org\",\"@graph\":[{\"@type\":\"Article\",\"@id\":\"https:\\\/\\\/preprod.olympic.ca\\\/olympique\\\/2009\\\/10\\\/15\\\/les-meilleurs-chefs-du-canada-aiguisent-leurs-couteaux-pour-les-evenements-des-chefs-en-or\\\/#article\",\"isPartOf\":{\"@id\":\"https:\\\/\\\/preprod.olympic.ca\\\/olympique\\\/2009\\\/10\\\/15\\\/les-meilleurs-chefs-du-canada-aiguisent-leurs-couteaux-pour-les-evenements-des-chefs-en-or\\\/\"},\"author\":{\"name\":\"cdnolympicteam\",\"@id\":\"https:\\\/\\\/preprod.olympic.ca\\\/olympique\\\/#\\\/schema\\\/person\\\/08d84fd062bf1b56ffb3808cb69aee9c\"},\"headline\":\"Les meilleurs chefs du Canada aiguisent leurs couteaux pour les \u00e9v\u00e9nements Des chefs en or\",\"datePublished\":\"2009-10-15T15:42:27+00:00\",\"dateModified\":\"2013-08-01T01:08:36+00:00\",\"mainEntityOfPage\":{\"@id\":\"https:\\\/\\\/preprod.olympic.ca\\\/olympique\\\/2009\\\/10\\\/15\\\/les-meilleurs-chefs-du-canada-aiguisent-leurs-couteaux-pour-les-evenements-des-chefs-en-or\\\/\"},\"wordCount\":452,\"commentCount\":0,\"image\":{\"@id\":\"https:\\\/\\\/preprod.olympic.ca\\\/olympique\\\/2009\\\/10\\\/15\\\/les-meilleurs-chefs-du-canada-aiguisent-leurs-couteaux-pour-les-evenements-des-chefs-en-or\\\/#primaryimage\"},\"thumbnailUrl\":\"https:\\\/\\\/preprod.olympic.ca\\\/olympique\\\/wp-content\\\/uploads\\\/sites\\\/2\\\/2011\\\/08\\\/gmp-08-cockburn6.jpg?quality=100\",\"articleSection\":[\"Uncategorized @fr\"],\"inLanguage\":\"fr-FR\",\"potentialAction\":[{\"@type\":\"CommentAction\",\"name\":\"Comment\",\"target\":[\"https:\\\/\\\/preprod.olympic.ca\\\/olympique\\\/2009\\\/10\\\/15\\\/les-meilleurs-chefs-du-canada-aiguisent-leurs-couteaux-pour-les-evenements-des-chefs-en-or\\\/#respond\"]}]},{\"@type\":\"WebPage\",\"@id\":\"https:\\\/\\\/preprod.olympic.ca\\\/olympique\\\/2009\\\/10\\\/15\\\/les-meilleurs-chefs-du-canada-aiguisent-leurs-couteaux-pour-les-evenements-des-chefs-en-or\\\/\",\"url\":\"https:\\\/\\\/preprod.olympic.ca\\\/olympique\\\/2009\\\/10\\\/15\\\/les-meilleurs-chefs-du-canada-aiguisent-leurs-couteaux-pour-les-evenements-des-chefs-en-or\\\/\",\"name\":\"Les meilleurs chefs du Canada aiguisent leurs couteaux pour les \u00e9v\u00e9nements Des chefs en or - \u00c9quipe Canada | Site officiel de l&#039;\u00e9quipe olympique\",\"isPartOf\":{\"@id\":\"https:\\\/\\\/preprod.olympic.ca\\\/olympique\\\/#website\"},\"primaryImageOfPage\":{\"@id\":\"https:\\\/\\\/preprod.olympic.ca\\\/olympique\\\/2009\\\/10\\\/15\\\/les-meilleurs-chefs-du-canada-aiguisent-leurs-couteaux-pour-les-evenements-des-chefs-en-or\\\/#primaryimage\"},\"image\":{\"@id\":\"https:\\\/\\\/preprod.olympic.ca\\\/olympique\\\/2009\\\/10\\\/15\\\/les-meilleurs-chefs-du-canada-aiguisent-leurs-couteaux-pour-les-evenements-des-chefs-en-or\\\/#primaryimage\"},\"thumbnailUrl\":\"https:\\\/\\\/preprod.olympic.ca\\\/olympique\\\/wp-content\\\/uploads\\\/sites\\\/2\\\/2011\\\/08\\\/gmp-08-cockburn6.jpg?quality=100\",\"datePublished\":\"2009-10-15T15:42:27+00:00\",\"dateModified\":\"2013-08-01T01:08:36+00:00\",\"author\":{\"@id\":\"https:\\\/\\\/preprod.olympic.ca\\\/olympique\\\/#\\\/schema\\\/person\\\/08d84fd062bf1b56ffb3808cb69aee9c\"},\"inLanguage\":\"fr-FR\",\"potentialAction\":[{\"@type\":\"ReadAction\",\"target\":[\"https:\\\/\\\/preprod.olympic.ca\\\/olympique\\\/2009\\\/10\\\/15\\\/les-meilleurs-chefs-du-canada-aiguisent-leurs-couteaux-pour-les-evenements-des-chefs-en-or\\\/\"]}]},{\"@type\":\"ImageObject\",\"inLanguage\":\"fr-FR\",\"@id\":\"https:\\\/\\\/preprod.olympic.ca\\\/olympique\\\/2009\\\/10\\\/15\\\/les-meilleurs-chefs-du-canada-aiguisent-leurs-couteaux-pour-les-evenements-des-chefs-en-or\\\/#primaryimage\",\"url\":\"https:\\\/\\\/preprod.olympic.ca\\\/olympique\\\/wp-content\\\/uploads\\\/sites\\\/2\\\/2011\\\/08\\\/gmp-08-cockburn6.jpg?quality=100\",\"contentUrl\":\"https:\\\/\\\/preprod.olympic.ca\\\/olympique\\\/wp-content\\\/uploads\\\/sites\\\/2\\\/2011\\\/08\\\/gmp-08-cockburn6.jpg?quality=100\",\"width\":3888,\"height\":2592},{\"@type\":\"WebSite\",\"@id\":\"https:\\\/\\\/preprod.olympic.ca\\\/olympique\\\/#website\",\"url\":\"https:\\\/\\\/preprod.olympic.ca\\\/olympique\\\/\",\"name\":\"\u00c9quipe Canada | Site officiel de l&#039;\u00e9quipe olympique\",\"description\":\"Votre source pour l\u2019\u00c9quipe olympique canadienne. Retrouvez les r\u00e9cits, vid\u00e9os et photos des athl\u00e8tes canadiens, sports olympiques, Jeux olympiques de 2020 et bien plus!\",\"potentialAction\":[{\"@type\":\"SearchAction\",\"target\":{\"@type\":\"EntryPoint\",\"urlTemplate\":\"https:\\\/\\\/preprod.olympic.ca\\\/olympique\\\/?s={search_term_string}\"},\"query-input\":{\"@type\":\"PropertyValueSpecification\",\"valueRequired\":true,\"valueName\":\"search_term_string\"}}],\"inLanguage\":\"fr-FR\"},{\"@type\":\"Person\",\"@id\":\"https:\\\/\\\/preprod.olympic.ca\\\/olympique\\\/#\\\/schema\\\/person\\\/08d84fd062bf1b56ffb3808cb69aee9c\",\"name\":\"cdnolympicteam\",\"image\":{\"@type\":\"ImageObject\",\"inLanguage\":\"fr-FR\",\"@id\":\"https:\\\/\\\/secure.gravatar.com\\\/avatar\\\/5ebf1554473077ab88cd1ec3372750991c09302ef58500182e331751d1f3473b?s=96&d=identicon&r=g7289394c1202ef020fcd9aad965e50f7\",\"url\":\"https:\\\/\\\/secure.gravatar.com\\\/avatar\\\/5ebf1554473077ab88cd1ec3372750991c09302ef58500182e331751d1f3473b?s=96&d=identicon&r=g\",\"contentUrl\":\"https:\\\/\\\/secure.gravatar.com\\\/avatar\\\/5ebf1554473077ab88cd1ec3372750991c09302ef58500182e331751d1f3473b?s=96&d=identicon&r=g\",\"caption\":\"cdnolympicteam\"},\"url\":\"https:\\\/\\\/preprod.olympic.ca\\\/olympique\\\/author\\\/cdnolympicteam\\\/\"}]}<\/script>\n<!-- \/ Yoast SEO plugin. -->","yoast_head_json":{"title":"Les meilleurs chefs du Canada aiguisent leurs couteaux pour les \u00e9v\u00e9nements Des chefs en or - \u00c9quipe Canada | Site officiel de l&#039;\u00e9quipe olympique","robots":{"index":"index","follow":"follow","max-snippet":"max-snippet:-1","max-image-preview":"max-image-preview:large","max-video-preview":"max-video-preview:-1"},"canonical":"https:\/\/preprod.olympic.ca\/olympique\/2009\/10\/15\/les-meilleurs-chefs-du-canada-aiguisent-leurs-couteaux-pour-les-evenements-des-chefs-en-or\/","og_locale":"fr_FR","og_type":"article","og_title":"Les meilleurs chefs du Canada aiguisent leurs couteaux pour les \u00e9v\u00e9nements Des chefs en or - \u00c9quipe Canada | Site officiel de l&#039;\u00e9quipe olympique","og_description":"D\u2019un bout \u00e0 l\u2019autre du pays, pendant un mois, cet automne, des dizaines de chefs canadiens \u2014 parmi les meilleurs...","og_url":"https:\/\/preprod.olympic.ca\/olympique\/2009\/10\/15\/les-meilleurs-chefs-du-canada-aiguisent-leurs-couteaux-pour-les-evenements-des-chefs-en-or\/","og_site_name":"\u00c9quipe Canada | Site officiel de l&#039;\u00e9quipe olympique","article_published_time":"2009-10-15T15:42:27+00:00","article_modified_time":"2013-08-01T01:08:36+00:00","author":"Comit\u00e9 olympique canadien","twitter_card":"summary_large_image","twitter_image":"https:\/\/preprod.olympic.ca\/olympique\/wp-content\/uploads\/sites\/2\/2011\/08\/gmp-08-cockburn6.jpg?quality=100","twitter_misc":{"Written by":"Comit\u00e9 olympique canadien","Est. reading time":"2 minutes"},"schema":{"@context":"https:\/\/schema.org","@graph":[{"@type":"Article","@id":"https:\/\/preprod.olympic.ca\/olympique\/2009\/10\/15\/les-meilleurs-chefs-du-canada-aiguisent-leurs-couteaux-pour-les-evenements-des-chefs-en-or\/#article","isPartOf":{"@id":"https:\/\/preprod.olympic.ca\/olympique\/2009\/10\/15\/les-meilleurs-chefs-du-canada-aiguisent-leurs-couteaux-pour-les-evenements-des-chefs-en-or\/"},"author":{"name":"cdnolympicteam","@id":"https:\/\/preprod.olympic.ca\/olympique\/#\/schema\/person\/08d84fd062bf1b56ffb3808cb69aee9c"},"headline":"Les meilleurs chefs du Canada aiguisent leurs couteaux pour les \u00e9v\u00e9nements Des chefs en or","datePublished":"2009-10-15T15:42:27+00:00","dateModified":"2013-08-01T01:08:36+00:00","mainEntityOfPage":{"@id":"https:\/\/preprod.olympic.ca\/olympique\/2009\/10\/15\/les-meilleurs-chefs-du-canada-aiguisent-leurs-couteaux-pour-les-evenements-des-chefs-en-or\/"},"wordCount":452,"commentCount":0,"image":{"@id":"https:\/\/preprod.olympic.ca\/olympique\/2009\/10\/15\/les-meilleurs-chefs-du-canada-aiguisent-leurs-couteaux-pour-les-evenements-des-chefs-en-or\/#primaryimage"},"thumbnailUrl":"https:\/\/preprod.olympic.ca\/olympique\/wp-content\/uploads\/sites\/2\/2011\/08\/gmp-08-cockburn6.jpg?quality=100","articleSection":["Uncategorized @fr"],"inLanguage":"fr-FR","potentialAction":[{"@type":"CommentAction","name":"Comment","target":["https:\/\/preprod.olympic.ca\/olympique\/2009\/10\/15\/les-meilleurs-chefs-du-canada-aiguisent-leurs-couteaux-pour-les-evenements-des-chefs-en-or\/#respond"]}]},{"@type":"WebPage","@id":"https:\/\/preprod.olympic.ca\/olympique\/2009\/10\/15\/les-meilleurs-chefs-du-canada-aiguisent-leurs-couteaux-pour-les-evenements-des-chefs-en-or\/","url":"https:\/\/preprod.olympic.ca\/olympique\/2009\/10\/15\/les-meilleurs-chefs-du-canada-aiguisent-leurs-couteaux-pour-les-evenements-des-chefs-en-or\/","name":"Les meilleurs chefs du Canada aiguisent leurs couteaux pour les \u00e9v\u00e9nements Des chefs en or - \u00c9quipe Canada | Site officiel de l&#039;\u00e9quipe olympique","isPartOf":{"@id":"https:\/\/preprod.olympic.ca\/olympique\/#website"},"primaryImageOfPage":{"@id":"https:\/\/preprod.olympic.ca\/olympique\/2009\/10\/15\/les-meilleurs-chefs-du-canada-aiguisent-leurs-couteaux-pour-les-evenements-des-chefs-en-or\/#primaryimage"},"image":{"@id":"https:\/\/preprod.olympic.ca\/olympique\/2009\/10\/15\/les-meilleurs-chefs-du-canada-aiguisent-leurs-couteaux-pour-les-evenements-des-chefs-en-or\/#primaryimage"},"thumbnailUrl":"https:\/\/preprod.olympic.ca\/olympique\/wp-content\/uploads\/sites\/2\/2011\/08\/gmp-08-cockburn6.jpg?quality=100","datePublished":"2009-10-15T15:42:27+00:00","dateModified":"2013-08-01T01:08:36+00:00","author":{"@id":"https:\/\/preprod.olympic.ca\/olympique\/#\/schema\/person\/08d84fd062bf1b56ffb3808cb69aee9c"},"inLanguage":"fr-FR","potentialAction":[{"@type":"ReadAction","target":["https:\/\/preprod.olympic.ca\/olympique\/2009\/10\/15\/les-meilleurs-chefs-du-canada-aiguisent-leurs-couteaux-pour-les-evenements-des-chefs-en-or\/"]}]},{"@type":"ImageObject","inLanguage":"fr-FR","@id":"https:\/\/preprod.olympic.ca\/olympique\/2009\/10\/15\/les-meilleurs-chefs-du-canada-aiguisent-leurs-couteaux-pour-les-evenements-des-chefs-en-or\/#primaryimage","url":"https:\/\/preprod.olympic.ca\/olympique\/wp-content\/uploads\/sites\/2\/2011\/08\/gmp-08-cockburn6.jpg?quality=100","contentUrl":"https:\/\/preprod.olympic.ca\/olympique\/wp-content\/uploads\/sites\/2\/2011\/08\/gmp-08-cockburn6.jpg?quality=100","width":3888,"height":2592},{"@type":"WebSite","@id":"https:\/\/preprod.olympic.ca\/olympique\/#website","url":"https:\/\/preprod.olympic.ca\/olympique\/","name":"\u00c9quipe Canada | Site officiel de l&#039;\u00e9quipe olympique","description":"Votre source pour l\u2019\u00c9quipe olympique canadienne. Retrouvez les r\u00e9cits, vid\u00e9os et photos des athl\u00e8tes canadiens, sports olympiques, Jeux olympiques de 2020 et bien plus!","potentialAction":[{"@type":"SearchAction","target":{"@type":"EntryPoint","urlTemplate":"https:\/\/preprod.olympic.ca\/olympique\/?s={search_term_string}"},"query-input":{"@type":"PropertyValueSpecification","valueRequired":true,"valueName":"search_term_string"}}],"inLanguage":"fr-FR"},{"@type":"Person","@id":"https:\/\/preprod.olympic.ca\/olympique\/#\/schema\/person\/08d84fd062bf1b56ffb3808cb69aee9c","name":"cdnolympicteam","image":{"@type":"ImageObject","inLanguage":"fr-FR","@id":"https:\/\/secure.gravatar.com\/avatar\/5ebf1554473077ab88cd1ec3372750991c09302ef58500182e331751d1f3473b?s=96&d=identicon&r=g7289394c1202ef020fcd9aad965e50f7","url":"https:\/\/secure.gravatar.com\/avatar\/5ebf1554473077ab88cd1ec3372750991c09302ef58500182e331751d1f3473b?s=96&d=identicon&r=g","contentUrl":"https:\/\/secure.gravatar.com\/avatar\/5ebf1554473077ab88cd1ec3372750991c09302ef58500182e331751d1f3473b?s=96&d=identicon&r=g","caption":"cdnolympicteam"},"url":"https:\/\/preprod.olympic.ca\/olympique\/author\/cdnolympicteam\/"}]}},"jetpack_featured_media_url":"https:\/\/preprod.olympic.ca\/olympique\/wp-content\/uploads\/sites\/2\/2011\/08\/gmp-08-cockburn6.jpg?quality=100","featured_image_url":"https:\/\/preprod.olympic.ca\/olympique\/wp-content\/uploads\/sites\/2\/2011\/08\/gmp-08-cockburn6.jpg?quality=100","author_name":["Comit\u00e9 olympique canadien"],"category_names":["Uncategorized @fr"],"tag_names":[],"video_embed_code":"","facebook_video_embed_code":"","jetpack_sharing_enabled":true,"jetpack-related-posts":[],"jetpack_shortlink":"https:\/\/wp.me\/pcGHcP-Pp","_links":{"self":[{"href":"https:\/\/preprod.olympic.ca\/olympique\/wp-json\/wp\/v2\/posts\/3187","targetHints":{"allow":["GET"]}}],"collection":[{"href":"https:\/\/preprod.olympic.ca\/olympique\/wp-json\/wp\/v2\/posts"}],"about":[{"href":"https:\/\/preprod.olympic.ca\/olympique\/wp-json\/wp\/v2\/types\/post"}],"author":[{"embeddable":true,"href":"https:\/\/preprod.olympic.ca\/olympique\/wp-json\/wp\/v2\/users\/47562643"}],"replies":[{"embeddable":true,"href":"https:\/\/preprod.olympic.ca\/olympique\/wp-json\/wp\/v2\/comments?post=3187"}],"version-history":[{"count":1,"href":"https:\/\/preprod.olympic.ca\/olympique\/wp-json\/wp\/v2\/posts\/3187\/revisions"}],"predecessor-version":[{"id":82794,"href":"https:\/\/preprod.olympic.ca\/olympique\/wp-json\/wp\/v2\/posts\/3187\/revisions\/82794"}],"wp:featuredmedia":[{"embeddable":true,"href":"https:\/\/preprod.olympic.ca\/olympique\/wp-json\/wp\/v2\/media\/3185"}],"wp:attachment":[{"href":"https:\/\/preprod.olympic.ca\/olympique\/wp-json\/wp\/v2\/media?parent=3187"}],"wp:term":[{"taxonomy":"category","embeddable":true,"href":"https:\/\/preprod.olympic.ca\/olympique\/wp-json\/wp\/v2\/categories?post=3187"},{"taxonomy":"post_tag","embeddable":true,"href":"https:\/\/preprod.olympic.ca\/olympique\/wp-json\/wp\/v2\/tags?post=3187"},{"taxonomy":"post_format","embeddable":true,"href":"https:\/\/preprod.olympic.ca\/olympique\/wp-json\/wp\/v2\/post_format?post=3187"},{"taxonomy":"sport","embeddable":true,"href":"https:\/\/preprod.olympic.ca\/olympique\/wp-json\/wp\/v2\/sport?post=3187"},{"taxonomy":"game","embeddable":true,"href":"https:\/\/preprod.olympic.ca\/olympique\/wp-json\/wp\/v2\/game?post=3187"},{"taxonomy":"author","embeddable":true,"href":"https:\/\/preprod.olympic.ca\/olympique\/wp-json\/wp\/v2\/coauthors?post=3187"}],"curies":[{"name":"wp","href":"https:\/\/api.w.org\/{rel}","templated":true}]}}