{"id":33128,"date":"2012-06-07T11:54:36","date_gmt":"2012-06-07T15:51:47","guid":{"rendered":"http:\/\/preprod.olympic.ca\/?p=33128"},"modified":"2012-06-07T11:54:36","modified_gmt":"2012-06-07T15:51:47","slug":"general-mills-canada-renouvelle-son-engagement","status":"publish","type":"post","link":"https:\/\/preprod.olympic.ca\/olympique\/2012\/06\/07\/general-mills-canada-renouvelle-son-engagement\/","title":{"rendered":"General Mills Canada renouvelle son engagement"},"content":{"rendered":"<p><strong>TORONTO <\/strong>&#8211; Le Comit\u00e9 olympique canadien a annonc\u00e9 aujourd&rsquo;hui que <a href=\"http:\/\/www.generalmills.ca\/Gmi\/Default.aspx?country=33\" target=\"_blank\">General Mills Canada<\/a> prolonge son partenariat en vigueur depuis une d\u00e9cennie avec l&rsquo;\u00c9quipe olympique canadienne pour une dur\u00e9e de quatre ans.<\/p>\n<p>\u00ab\u00a0En misant sur nos valeurs communes, General Mills Canada a su \u00eatre un partenaire de premier ordre pour l&rsquo;\u00c9quipe olympique canadienne au cours de la derni\u00e8re d\u00e9cennie, affirme Christopher Overholt, chef de la direction et secr\u00e9taire g\u00e9n\u00e9ral du Comit\u00e9 olympique canadien. Le renouvellement de notre partenariat visant \u00e0 soutenir les athl\u00e8tes est une nouvelle preuve de notre engagement envers un Canada plus fort et en sant\u00e9.\u00a0\u00bb<\/p>\n<p>Le renouvellement du partenariat repousse l&rsquo;\u00e9ch\u00e9ance de l&rsquo;entente existante de 2013 \u00e0 2016 et permet de continuer \u00e0 assurer un soutien essentiel aux athl\u00e8tes canadiens jusqu&rsquo;aux Jeux de Sotchi 2014, de Rio 2016 et au-del\u00e0.<\/p>\n<p>\u00ab\u00a0C&rsquo;est avec une immense fiert\u00e9 que General Mills Canada continue \u00e0 appuyer nos athl\u00e8tes et \u00e0 faire conna\u00eetre leur histoire aux Canadiens d&rsquo;un oc\u00e9an \u00e0 l&rsquo;autre, soutient Dave Homer, pr\u00e9sident, General Mills Canada. Notre partenariat est fructueux et il aidera \u00e0 inspirer une nouvelle g\u00e9n\u00e9ration de Canadiens plus forts et en meilleure sant\u00e9. Il s&rsquo;agit d&rsquo;une combinaison gagnante et d&rsquo;un investissement pour l&rsquo;ensemble du pays.\u00a0\u00bb<\/p>\n<p>Gr\u00e2ce \u00e0 leur campagne \u00ab\u00a0Encouragez nos athl\u00e8tes de tout votre c\u0153ur\u00a0\u00bb, General Mills Canada a jou\u00e9 un r\u00f4le cl\u00e9 dans l&rsquo;expression de l&rsquo;appui massif aux athl\u00e8tes canadiens pendant les Jeux olympiques d&rsquo;hiver de 2010 \u00e0 Vancouver, Jeux o\u00f9 le Canada a connu le plus de succ\u00e8s \u00e0 ce jour.<\/p>\n<p>\u00ab\u00a0Quel athl\u00e8te ne voudrait pas voir sa photo sur une bo\u00eete de Cheerios, se questionne <a href=\"http:\/\/preprod.olympic.ca\/fr\/team-canada\/ken-pereira-3\" target=\"_blank\">Ken Perreira<\/a>, double Olympien canadien. General Mills a donn\u00e9 un bon coup de main aux Canadiens en les aidant \u00e0 mieux conna\u00eetre leurs athl\u00e8tes. C&rsquo;est fantastique qu&rsquo;ils continuent \u00e0 nous soutenir.\u00a0\u00bb<\/p>\n<p>\u00ab\u00a0Les entreprises partenaires jouent un r\u00f4le cl\u00e9 en aidant les athl\u00e8tes \u00e0 obtenir des ressources dont ils ont besoin pour r\u00e9aliser leur r\u00eave olympique, affirme <a href=\"http:\/\/preprod.olympic.ca\/fr\/team-canada\/crispin-duenas-3\" target=\"_blank\">Crispin Duenas<\/a>, Olympien des Jeux de 2008. Nous devons tout donner afin d&rsquo;\u00eatre les meilleurs, et c&rsquo;est extraordinaire de voir un partenaire qui fait la m\u00eame chose.\u00a0\u00bb<\/p>\n<div class=\"tiled-gallery type-rectangular tiled-gallery-unresized\" data-original-width=\"1360\" data-carousel-extra='null' itemscope itemtype=\"http:\/\/schema.org\/ImageGallery\" > <div class=\"gallery-row\" style=\"width: 1360px; height: 663px;\" data-original-width=\"1360\" data-original-height=\"663\" > <div class=\"gallery-group images-1\" style=\"width: 946px; height: 663px;\" data-original-width=\"946\" data-original-height=\"663\" > <div class=\"tiled-gallery-item tiled-gallery-item-large\" itemprop=\"associatedMedia\" itemscope itemtype=\"http:\/\/schema.org\/ImageObject\"> <a href=\"https:\/\/preprod.olympic.ca\/olympique\/wp-content\/uploads\/sites\/2\/2012\/06\/general-mills16.jpg?quality=100&#038;strip\" border=\"0\" itemprop=\"url\"> <meta itemprop=\"width\" content=\"942\"> <meta itemprop=\"height\" content=\"659\"> <img decoding=\"async\" data-recalc-dims=\"1\" class=\"\" data-attachment-id=\"33214\" data-orig-file=\"https:\/\/preprod.olympic.ca\/olympique\/wp-content\/uploads\/sites\/2\/2012\/06\/general-mills16.jpg?quality=100\" data-orig-size=\"1569,1098\" data-comments-opened=\"1\" data-image-meta=\"{&quot;aperture&quot;:&quot;0&quot;,&quot;credit&quot;:&quot;&quot;,&quot;camera&quot;:&quot;BlackBerry 9700&quot;,&quot;caption&quot;:&quot;&quot;,&quot;created_timestamp&quot;:&quot;0&quot;,&quot;copyright&quot;:&quot;&quot;,&quot;focal_length&quot;:&quot;0&quot;,&quot;iso&quot;:&quot;0&quot;,&quot;shutter_speed&quot;:&quot;0&quot;,&quot;title&quot;:&quot;&quot;}\" data-image-title=\"General-Mills\" data-image-description=\"\" data-medium-file=\"https:\/\/preprod.olympic.ca\/olympique\/wp-content\/uploads\/sites\/2\/2012\/06\/general-mills16.jpg?quality=100&#038;w=530\" data-large-file=\"https:\/\/preprod.olympic.ca\/olympique\/wp-content\/uploads\/sites\/2\/2012\/06\/general-mills16.jpg?quality=100&#038;w=1077\" src=\"https:\/\/preprod.olympic.ca\/olympique\/wp-content\/uploads\/sites\/2\/2012\/06\/general-mills16.jpg?quality=100&#038;w=942&#038;h=659&#038;strip&#038;resize=942%2C659\" srcset=\"https:\/\/preprod.olympic.ca\/olympique\/wp-content\/uploads\/sites\/2\/2012\/06\/general-mills16.jpg 1569w, https:\/\/preprod.olympic.ca\/olympique\/wp-content\/uploads\/sites\/2\/2012\/06\/general-mills16.jpg?resize=226,158 226w, https:\/\/preprod.olympic.ca\/olympique\/wp-content\/uploads\/sites\/2\/2012\/06\/general-mills16.jpg?resize=530,371 530w, https:\/\/preprod.olympic.ca\/olympique\/wp-content\/uploads\/sites\/2\/2012\/06\/general-mills16.jpg?resize=768,537 768w, https:\/\/preprod.olympic.ca\/olympique\/wp-content\/uploads\/sites\/2\/2012\/06\/general-mills16.jpg?resize=1077,754 1077w, https:\/\/preprod.olympic.ca\/olympique\/wp-content\/uploads\/sites\/2\/2012\/06\/general-mills16.jpg?resize=1536,1075 1536w\" width=\"942\" height=\"659\" loading=\"lazy\" data-original-width=\"942\" data-original-height=\"659\" itemprop=\"http:\/\/schema.org\/image\" title=\"General-Mills\" alt=\"General-Mills\" style=\"width: 942px; height: 659px;\" \/> <\/a> <\/div> <\/div> <!-- close group --> <div class=\"gallery-group images-2\" style=\"width: 414px; height: 663px;\" data-original-width=\"414\" data-original-height=\"663\" > <div class=\"tiled-gallery-item tiled-gallery-item-large\" itemprop=\"associatedMedia\" itemscope itemtype=\"http:\/\/schema.org\/ImageObject\"> <a href=\"https:\/\/preprod.olympic.ca\/olympique\/wp-content\/uploads\/sites\/2\/2012\/06\/img-2088-edit26.jpg?quality=100&#038;strip\" border=\"0\" itemprop=\"url\"> <meta itemprop=\"width\" content=\"410\"> <meta itemprop=\"height\" content=\"328\"> <img decoding=\"async\" data-recalc-dims=\"1\" class=\"\" data-attachment-id=\"33213\" data-orig-file=\"https:\/\/preprod.olympic.ca\/olympique\/wp-content\/uploads\/sites\/2\/2012\/06\/img-2088-edit26.jpg?quality=100\" data-orig-size=\"2000,1600\" data-comments-opened=\"1\" data-image-meta=\"{&quot;aperture&quot;:&quot;4&quot;,&quot;credit&quot;:&quot;&quot;,&quot;camera&quot;:&quot;Canon EOS 30D&quot;,&quot;caption&quot;:&quot;&quot;,&quot;created_timestamp&quot;:&quot;1339026214&quot;,&quot;copyright&quot;:&quot;&quot;,&quot;focal_length&quot;:&quot;16&quot;,&quot;iso&quot;:&quot;1600&quot;,&quot;shutter_speed&quot;:&quot;0.00625&quot;,&quot;title&quot;:&quot;&quot;}\" data-image-title=\"IMG-2088-Edit\" data-image-description=\"\" data-medium-file=\"https:\/\/preprod.olympic.ca\/olympique\/wp-content\/uploads\/sites\/2\/2012\/06\/img-2088-edit26.jpg?quality=100&#038;w=464\" data-large-file=\"https:\/\/preprod.olympic.ca\/olympique\/wp-content\/uploads\/sites\/2\/2012\/06\/img-2088-edit26.jpg?quality=100&#038;w=943\" src=\"https:\/\/preprod.olympic.ca\/olympique\/wp-content\/uploads\/sites\/2\/2012\/06\/img-2088-edit26.jpg?quality=100&#038;w=410&#038;h=328&#038;strip&#038;resize=410%2C328\" srcset=\"https:\/\/preprod.olympic.ca\/olympique\/wp-content\/uploads\/sites\/2\/2012\/06\/img-2088-edit26.jpg 2000w, https:\/\/preprod.olympic.ca\/olympique\/wp-content\/uploads\/sites\/2\/2012\/06\/img-2088-edit26.jpg?resize=198,158 198w, https:\/\/preprod.olympic.ca\/olympique\/wp-content\/uploads\/sites\/2\/2012\/06\/img-2088-edit26.jpg?resize=464,371 464w, https:\/\/preprod.olympic.ca\/olympique\/wp-content\/uploads\/sites\/2\/2012\/06\/img-2088-edit26.jpg?resize=768,614 768w, https:\/\/preprod.olympic.ca\/olympique\/wp-content\/uploads\/sites\/2\/2012\/06\/img-2088-edit26.jpg?resize=943,754 943w, https:\/\/preprod.olympic.ca\/olympique\/wp-content\/uploads\/sites\/2\/2012\/06\/img-2088-edit26.jpg?resize=1536,1229 1536w\" width=\"410\" height=\"328\" loading=\"lazy\" data-original-width=\"410\" data-original-height=\"328\" itemprop=\"http:\/\/schema.org\/image\" title=\"IMG-2088-Edit\" alt=\"IMG-2088-Edit\" style=\"width: 410px; height: 328px;\" \/> <\/a> <\/div> <div class=\"tiled-gallery-item tiled-gallery-item-large\" itemprop=\"associatedMedia\" itemscope itemtype=\"http:\/\/schema.org\/ImageObject\"> <a href=\"https:\/\/preprod.olympic.ca\/olympique\/wp-content\/uploads\/sites\/2\/2012\/06\/img-0196-edit26.jpg?quality=100&#038;strip\" border=\"0\" itemprop=\"url\"> <meta itemprop=\"width\" content=\"410\"> <meta itemprop=\"height\" content=\"327\"> <img decoding=\"async\" data-recalc-dims=\"1\" class=\"\" data-attachment-id=\"33212\" data-orig-file=\"https:\/\/preprod.olympic.ca\/olympique\/wp-content\/uploads\/sites\/2\/2012\/06\/img-0196-edit26.jpg?quality=100\" data-orig-size=\"2000,1600\" data-comments-opened=\"1\" data-image-meta=\"{&quot;aperture&quot;:&quot;5&quot;,&quot;credit&quot;:&quot;&quot;,&quot;camera&quot;:&quot;Canon EOS 30D&quot;,&quot;caption&quot;:&quot;&quot;,&quot;created_timestamp&quot;:&quot;1339070110&quot;,&quot;copyright&quot;:&quot;&quot;,&quot;focal_length&quot;:&quot;16&quot;,&quot;iso&quot;:&quot;500&quot;,&quot;shutter_speed&quot;:&quot;0.016666666666667&quot;,&quot;title&quot;:&quot;&quot;}\" data-image-title=\"IMG-0196-Edit\" data-image-description=\"\" data-medium-file=\"https:\/\/preprod.olympic.ca\/olympique\/wp-content\/uploads\/sites\/2\/2012\/06\/img-0196-edit26.jpg?quality=100&#038;w=464\" data-large-file=\"https:\/\/preprod.olympic.ca\/olympique\/wp-content\/uploads\/sites\/2\/2012\/06\/img-0196-edit26.jpg?quality=100&#038;w=943\" src=\"https:\/\/preprod.olympic.ca\/olympique\/wp-content\/uploads\/sites\/2\/2012\/06\/img-0196-edit26.jpg?quality=100&#038;w=410&#038;h=327&#038;strip&#038;resize=410%2C327\" srcset=\"https:\/\/preprod.olympic.ca\/olympique\/wp-content\/uploads\/sites\/2\/2012\/06\/img-0196-edit26.jpg 2000w, https:\/\/preprod.olympic.ca\/olympique\/wp-content\/uploads\/sites\/2\/2012\/06\/img-0196-edit26.jpg?resize=198,158 198w, https:\/\/preprod.olympic.ca\/olympique\/wp-content\/uploads\/sites\/2\/2012\/06\/img-0196-edit26.jpg?resize=464,371 464w, https:\/\/preprod.olympic.ca\/olympique\/wp-content\/uploads\/sites\/2\/2012\/06\/img-0196-edit26.jpg?resize=768,614 768w, https:\/\/preprod.olympic.ca\/olympique\/wp-content\/uploads\/sites\/2\/2012\/06\/img-0196-edit26.jpg?resize=943,754 943w, https:\/\/preprod.olympic.ca\/olympique\/wp-content\/uploads\/sites\/2\/2012\/06\/img-0196-edit26.jpg?resize=1536,1229 1536w\" width=\"410\" height=\"327\" loading=\"lazy\" data-original-width=\"410\" data-original-height=\"327\" itemprop=\"http:\/\/schema.org\/image\" title=\"IMG-0196-Edit\" alt=\"IMG-0196-Edit\" style=\"width: 410px; height: 327px;\" \/> <\/a> <\/div> <\/div> <!-- close group --> <\/div> <!-- close row --> <\/div>\n","protected":false},"excerpt":{"rendered":"<p>TORONTO &#8211; Le Comit\u00e9 olympique canadien a annonc\u00e9 aujourd&rsquo;hui que General Mills Canada prolonge son partenariat en vigueur depuis une&#8230;<\/p>\n","protected":false},"author":52435436,"featured_media":33176,"comment_status":"open","ping_status":"open","sticky":false,"template":"","format":"standard","meta":{"_acf_changed":false,"_jetpack_memberships_contains_paid_content":false,"footnotes":""},"categories":[16085,70121],"tags":[],"post_format":"standard","sport":[],"game":[],"coauthors":[187838302],"class_list":["post-33128","post","type-post","status-publish","format-standard","has-post-thumbnail","hentry","category-nouvelles","category-equipe"],"acf":[],"yoast_head":"<!-- This site is optimized with the Yoast SEO plugin v27.3 - https:\/\/yoast.com\/product\/yoast-seo-wordpress\/ -->\n<title>General Mills Canada renouvelle son engagement - \u00c9quipe Canada | Site officiel de l&#039;\u00e9quipe olympique<\/title>\n<meta name=\"robots\" content=\"index, follow, max-snippet:-1, max-image-preview:large, max-video-preview:-1\" \/>\n<link rel=\"canonical\" href=\"https:\/\/preprod.olympic.ca\/olympique\/2012\/06\/07\/general-mills-canada-renouvelle-son-engagement\/\" \/>\n<meta property=\"og:locale\" content=\"fr_FR\" \/>\n<meta property=\"og:type\" content=\"article\" \/>\n<meta property=\"og:title\" content=\"General Mills Canada renouvelle son engagement - \u00c9quipe Canada | Site officiel de l&#039;\u00e9quipe olympique\" \/>\n<meta property=\"og:description\" content=\"TORONTO &#8211; Le Comit\u00e9 olympique canadien a annonc\u00e9 aujourd&rsquo;hui que General Mills Canada prolonge son partenariat en vigueur depuis une...\" \/>\n<meta property=\"og:url\" content=\"https:\/\/preprod.olympic.ca\/olympique\/2012\/06\/07\/general-mills-canada-renouvelle-son-engagement\/\" \/>\n<meta property=\"og:site_name\" content=\"\u00c9quipe Canada | Site officiel de l&#039;\u00e9quipe olympique\" \/>\n<meta property=\"article:published_time\" content=\"2012-06-07T15:51:47+00:00\" \/>\n<meta name=\"author\" content=\"Mark Nadolny\" \/>\n<meta name=\"twitter:card\" content=\"summary_large_image\" \/>\n<meta name=\"twitter:label1\" content=\"Written by\" \/>\n\t<meta name=\"twitter:data1\" content=\"Mark Nadolny\" \/>\n\t<meta name=\"twitter:label2\" content=\"Est. reading time\" \/>\n\t<meta name=\"twitter:data2\" content=\"2 minutes\" \/>\n<script type=\"application\/ld+json\" class=\"yoast-schema-graph\">{\"@context\":\"https:\\\/\\\/schema.org\",\"@graph\":[{\"@type\":\"Article\",\"@id\":\"https:\\\/\\\/preprod.olympic.ca\\\/olympique\\\/2012\\\/06\\\/07\\\/general-mills-canada-renouvelle-son-engagement\\\/#article\",\"isPartOf\":{\"@id\":\"https:\\\/\\\/preprod.olympic.ca\\\/olympique\\\/2012\\\/06\\\/07\\\/general-mills-canada-renouvelle-son-engagement\\\/\"},\"author\":{\"name\":\"Mark Nadolny\",\"@id\":\"https:\\\/\\\/preprod.olympic.ca\\\/olympique\\\/#\\\/schema\\\/person\\\/71d340cc825e058ae525fc2765f7c7ae\"},\"headline\":\"General Mills Canada renouvelle son engagement\",\"datePublished\":\"2012-06-07T15:51:47+00:00\",\"mainEntityOfPage\":{\"@id\":\"https:\\\/\\\/preprod.olympic.ca\\\/olympique\\\/2012\\\/06\\\/07\\\/general-mills-canada-renouvelle-son-engagement\\\/\"},\"wordCount\":387,\"commentCount\":0,\"image\":{\"@id\":\"https:\\\/\\\/preprod.olympic.ca\\\/olympique\\\/2012\\\/06\\\/07\\\/general-mills-canada-renouvelle-son-engagement\\\/#primaryimage\"},\"thumbnailUrl\":\"\",\"articleSection\":[\"Nouvelles\",\"Nouvelles de l'equipe\"],\"inLanguage\":\"fr-FR\",\"potentialAction\":[{\"@type\":\"CommentAction\",\"name\":\"Comment\",\"target\":[\"https:\\\/\\\/preprod.olympic.ca\\\/olympique\\\/2012\\\/06\\\/07\\\/general-mills-canada-renouvelle-son-engagement\\\/#respond\"]}]},{\"@type\":\"WebPage\",\"@id\":\"https:\\\/\\\/preprod.olympic.ca\\\/olympique\\\/2012\\\/06\\\/07\\\/general-mills-canada-renouvelle-son-engagement\\\/\",\"url\":\"https:\\\/\\\/preprod.olympic.ca\\\/olympique\\\/2012\\\/06\\\/07\\\/general-mills-canada-renouvelle-son-engagement\\\/\",\"name\":\"General Mills Canada renouvelle son engagement - \u00c9quipe Canada | Site officiel de l&#039;\u00e9quipe olympique\",\"isPartOf\":{\"@id\":\"https:\\\/\\\/preprod.olympic.ca\\\/olympique\\\/#website\"},\"primaryImageOfPage\":{\"@id\":\"https:\\\/\\\/preprod.olympic.ca\\\/olympique\\\/2012\\\/06\\\/07\\\/general-mills-canada-renouvelle-son-engagement\\\/#primaryimage\"},\"image\":{\"@id\":\"https:\\\/\\\/preprod.olympic.ca\\\/olympique\\\/2012\\\/06\\\/07\\\/general-mills-canada-renouvelle-son-engagement\\\/#primaryimage\"},\"thumbnailUrl\":\"\",\"datePublished\":\"2012-06-07T15:51:47+00:00\",\"author\":{\"@id\":\"https:\\\/\\\/preprod.olympic.ca\\\/olympique\\\/#\\\/schema\\\/person\\\/71d340cc825e058ae525fc2765f7c7ae\"},\"inLanguage\":\"fr-FR\",\"potentialAction\":[{\"@type\":\"ReadAction\",\"target\":[\"https:\\\/\\\/preprod.olympic.ca\\\/olympique\\\/2012\\\/06\\\/07\\\/general-mills-canada-renouvelle-son-engagement\\\/\"]}]},{\"@type\":\"ImageObject\",\"inLanguage\":\"fr-FR\",\"@id\":\"https:\\\/\\\/preprod.olympic.ca\\\/olympique\\\/2012\\\/06\\\/07\\\/general-mills-canada-renouvelle-son-engagement\\\/#primaryimage\",\"url\":\"\",\"contentUrl\":\"\"},{\"@type\":\"WebSite\",\"@id\":\"https:\\\/\\\/preprod.olympic.ca\\\/olympique\\\/#website\",\"url\":\"https:\\\/\\\/preprod.olympic.ca\\\/olympique\\\/\",\"name\":\"\u00c9quipe Canada | Site officiel de l&#039;\u00e9quipe olympique\",\"description\":\"Votre source pour l\u2019\u00c9quipe olympique canadienne. Retrouvez les r\u00e9cits, vid\u00e9os et photos des athl\u00e8tes canadiens, sports olympiques, Jeux olympiques de 2020 et bien plus!\",\"potentialAction\":[{\"@type\":\"SearchAction\",\"target\":{\"@type\":\"EntryPoint\",\"urlTemplate\":\"https:\\\/\\\/preprod.olympic.ca\\\/olympique\\\/?s={search_term_string}\"},\"query-input\":{\"@type\":\"PropertyValueSpecification\",\"valueRequired\":true,\"valueName\":\"search_term_string\"}}],\"inLanguage\":\"fr-FR\"},{\"@type\":\"Person\",\"@id\":\"https:\\\/\\\/preprod.olympic.ca\\\/olympique\\\/#\\\/schema\\\/person\\\/71d340cc825e058ae525fc2765f7c7ae\",\"name\":\"Mark Nadolny\",\"image\":{\"@type\":\"ImageObject\",\"inLanguage\":\"fr-FR\",\"@id\":\"https:\\\/\\\/secure.gravatar.com\\\/avatar\\\/fcfb5089af8db23b9347da3d181947b19f1cffb98b30f03fbe8f1973083d7e6b?s=96&d=identicon&r=g0693b2c18808f6337c03a29426292cc9\",\"url\":\"https:\\\/\\\/secure.gravatar.com\\\/avatar\\\/fcfb5089af8db23b9347da3d181947b19f1cffb98b30f03fbe8f1973083d7e6b?s=96&d=identicon&r=g\",\"contentUrl\":\"https:\\\/\\\/secure.gravatar.com\\\/avatar\\\/fcfb5089af8db23b9347da3d181947b19f1cffb98b30f03fbe8f1973083d7e6b?s=96&d=identicon&r=g\",\"caption\":\"Mark Nadolny\"},\"description\":\"Digital Media for the Canadian Olympic Team, I do that.\",\"url\":\"https:\\\/\\\/preprod.olympic.ca\\\/olympique\\\/author\\\/marknadonly\\\/\"}]}<\/script>\n<!-- \/ Yoast SEO plugin. -->","yoast_head_json":{"title":"General Mills Canada renouvelle son engagement - \u00c9quipe Canada | Site officiel de l&#039;\u00e9quipe olympique","robots":{"index":"index","follow":"follow","max-snippet":"max-snippet:-1","max-image-preview":"max-image-preview:large","max-video-preview":"max-video-preview:-1"},"canonical":"https:\/\/preprod.olympic.ca\/olympique\/2012\/06\/07\/general-mills-canada-renouvelle-son-engagement\/","og_locale":"fr_FR","og_type":"article","og_title":"General Mills Canada renouvelle son engagement - \u00c9quipe Canada | Site officiel de l&#039;\u00e9quipe olympique","og_description":"TORONTO &#8211; Le Comit\u00e9 olympique canadien a annonc\u00e9 aujourd&rsquo;hui que General Mills Canada prolonge son partenariat en vigueur depuis une...","og_url":"https:\/\/preprod.olympic.ca\/olympique\/2012\/06\/07\/general-mills-canada-renouvelle-son-engagement\/","og_site_name":"\u00c9quipe Canada | Site officiel de l&#039;\u00e9quipe olympique","article_published_time":"2012-06-07T15:51:47+00:00","author":"Mark Nadolny","twitter_card":"summary_large_image","twitter_misc":{"Written by":"Mark Nadolny","Est. reading time":"2 minutes"},"schema":{"@context":"https:\/\/schema.org","@graph":[{"@type":"Article","@id":"https:\/\/preprod.olympic.ca\/olympique\/2012\/06\/07\/general-mills-canada-renouvelle-son-engagement\/#article","isPartOf":{"@id":"https:\/\/preprod.olympic.ca\/olympique\/2012\/06\/07\/general-mills-canada-renouvelle-son-engagement\/"},"author":{"name":"Mark Nadolny","@id":"https:\/\/preprod.olympic.ca\/olympique\/#\/schema\/person\/71d340cc825e058ae525fc2765f7c7ae"},"headline":"General Mills Canada renouvelle son engagement","datePublished":"2012-06-07T15:51:47+00:00","mainEntityOfPage":{"@id":"https:\/\/preprod.olympic.ca\/olympique\/2012\/06\/07\/general-mills-canada-renouvelle-son-engagement\/"},"wordCount":387,"commentCount":0,"image":{"@id":"https:\/\/preprod.olympic.ca\/olympique\/2012\/06\/07\/general-mills-canada-renouvelle-son-engagement\/#primaryimage"},"thumbnailUrl":"","articleSection":["Nouvelles","Nouvelles de l'equipe"],"inLanguage":"fr-FR","potentialAction":[{"@type":"CommentAction","name":"Comment","target":["https:\/\/preprod.olympic.ca\/olympique\/2012\/06\/07\/general-mills-canada-renouvelle-son-engagement\/#respond"]}]},{"@type":"WebPage","@id":"https:\/\/preprod.olympic.ca\/olympique\/2012\/06\/07\/general-mills-canada-renouvelle-son-engagement\/","url":"https:\/\/preprod.olympic.ca\/olympique\/2012\/06\/07\/general-mills-canada-renouvelle-son-engagement\/","name":"General Mills Canada renouvelle son engagement - \u00c9quipe Canada | Site officiel de l&#039;\u00e9quipe olympique","isPartOf":{"@id":"https:\/\/preprod.olympic.ca\/olympique\/#website"},"primaryImageOfPage":{"@id":"https:\/\/preprod.olympic.ca\/olympique\/2012\/06\/07\/general-mills-canada-renouvelle-son-engagement\/#primaryimage"},"image":{"@id":"https:\/\/preprod.olympic.ca\/olympique\/2012\/06\/07\/general-mills-canada-renouvelle-son-engagement\/#primaryimage"},"thumbnailUrl":"","datePublished":"2012-06-07T15:51:47+00:00","author":{"@id":"https:\/\/preprod.olympic.ca\/olympique\/#\/schema\/person\/71d340cc825e058ae525fc2765f7c7ae"},"inLanguage":"fr-FR","potentialAction":[{"@type":"ReadAction","target":["https:\/\/preprod.olympic.ca\/olympique\/2012\/06\/07\/general-mills-canada-renouvelle-son-engagement\/"]}]},{"@type":"ImageObject","inLanguage":"fr-FR","@id":"https:\/\/preprod.olympic.ca\/olympique\/2012\/06\/07\/general-mills-canada-renouvelle-son-engagement\/#primaryimage","url":"","contentUrl":""},{"@type":"WebSite","@id":"https:\/\/preprod.olympic.ca\/olympique\/#website","url":"https:\/\/preprod.olympic.ca\/olympique\/","name":"\u00c9quipe Canada | Site officiel de l&#039;\u00e9quipe olympique","description":"Votre source pour l\u2019\u00c9quipe olympique canadienne. Retrouvez les r\u00e9cits, vid\u00e9os et photos des athl\u00e8tes canadiens, sports olympiques, Jeux olympiques de 2020 et bien plus!","potentialAction":[{"@type":"SearchAction","target":{"@type":"EntryPoint","urlTemplate":"https:\/\/preprod.olympic.ca\/olympique\/?s={search_term_string}"},"query-input":{"@type":"PropertyValueSpecification","valueRequired":true,"valueName":"search_term_string"}}],"inLanguage":"fr-FR"},{"@type":"Person","@id":"https:\/\/preprod.olympic.ca\/olympique\/#\/schema\/person\/71d340cc825e058ae525fc2765f7c7ae","name":"Mark Nadolny","image":{"@type":"ImageObject","inLanguage":"fr-FR","@id":"https:\/\/secure.gravatar.com\/avatar\/fcfb5089af8db23b9347da3d181947b19f1cffb98b30f03fbe8f1973083d7e6b?s=96&d=identicon&r=g0693b2c18808f6337c03a29426292cc9","url":"https:\/\/secure.gravatar.com\/avatar\/fcfb5089af8db23b9347da3d181947b19f1cffb98b30f03fbe8f1973083d7e6b?s=96&d=identicon&r=g","contentUrl":"https:\/\/secure.gravatar.com\/avatar\/fcfb5089af8db23b9347da3d181947b19f1cffb98b30f03fbe8f1973083d7e6b?s=96&d=identicon&r=g","caption":"Mark Nadolny"},"description":"Digital Media for the Canadian Olympic Team, I do that.","url":"https:\/\/preprod.olympic.ca\/olympique\/author\/marknadonly\/"}]}},"jetpack_featured_media_url":"","featured_image_url":false,"author_name":["Mark Nadolny"],"category_names":["Nouvelles","Nouvelles de l'equipe"],"tag_names":[],"video_embed_code":"","facebook_video_embed_code":"","jetpack_sharing_enabled":true,"jetpack-related-posts":[],"jetpack_shortlink":"https:\/\/wp.me\/pcGHcP-8Ck","_links":{"self":[{"href":"https:\/\/preprod.olympic.ca\/olympique\/wp-json\/wp\/v2\/posts\/33128","targetHints":{"allow":["GET"]}}],"collection":[{"href":"https:\/\/preprod.olympic.ca\/olympique\/wp-json\/wp\/v2\/posts"}],"about":[{"href":"https:\/\/preprod.olympic.ca\/olympique\/wp-json\/wp\/v2\/types\/post"}],"author":[{"embeddable":true,"href":"https:\/\/preprod.olympic.ca\/olympique\/wp-json\/wp\/v2\/users\/52435436"}],"replies":[{"embeddable":true,"href":"https:\/\/preprod.olympic.ca\/olympique\/wp-json\/wp\/v2\/comments?post=33128"}],"version-history":[{"count":0,"href":"https:\/\/preprod.olympic.ca\/olympique\/wp-json\/wp\/v2\/posts\/33128\/revisions"}],"wp:featuredmedia":[{"embeddable":true,"href":"https:\/\/preprod.olympic.ca\/olympique\/wp-json\/"}],"wp:attachment":[{"href":"https:\/\/preprod.olympic.ca\/olympique\/wp-json\/wp\/v2\/media?parent=33128"}],"wp:term":[{"taxonomy":"category","embeddable":true,"href":"https:\/\/preprod.olympic.ca\/olympique\/wp-json\/wp\/v2\/categories?post=33128"},{"taxonomy":"post_tag","embeddable":true,"href":"https:\/\/preprod.olympic.ca\/olympique\/wp-json\/wp\/v2\/tags?post=33128"},{"taxonomy":"post_format","embeddable":true,"href":"https:\/\/preprod.olympic.ca\/olympique\/wp-json\/wp\/v2\/post_format?post=33128"},{"taxonomy":"sport","embeddable":true,"href":"https:\/\/preprod.olympic.ca\/olympique\/wp-json\/wp\/v2\/sport?post=33128"},{"taxonomy":"game","embeddable":true,"href":"https:\/\/preprod.olympic.ca\/olympique\/wp-json\/wp\/v2\/game?post=33128"},{"taxonomy":"author","embeddable":true,"href":"https:\/\/preprod.olympic.ca\/olympique\/wp-json\/wp\/v2\/coauthors?post=33128"}],"curies":[{"name":"wp","href":"https:\/\/api.w.org\/{rel}","templated":true}]}}