{"id":3335,"date":"2009-11-05T16:56:50","date_gmt":"2009-11-05T21:56:50","guid":{"rendered":"http:\/\/preprod.olympic.ca\/?p=3335"},"modified":"2013-08-01T01:08:46","modified_gmt":"2013-08-01T01:08:46","slug":"les-patineurs-de-vitesse-entreprennent-une-enorme-saison-de-la-coupe-du-monde","status":"publish","type":"post","link":"https:\/\/preprod.olympic.ca\/olympique\/2009\/11\/05\/les-patineurs-de-vitesse-entreprennent-une-enorme-saison-de-la-coupe-du-monde\/","title":{"rendered":"Les patineurs de vitesse entreprennent une \u00e9norme saison de la Coupe du monde"},"content":{"rendered":"<p>Cette fin de semaine pr\u00e9sente la premi\u00e8re de cinq Coupes du monde cruciales pour l\u2019\u00e9quipe nationale du Canada de patinage de vitesse. La comp\u00e9tition de Berlin, qui d\u00e9butera vendredi, lancera la saison 2009-2010, une saison qui aura un impact direct sur les espoirs de m\u00e9dailles du Canada aux Jeux olympiques d\u2019hiver 2010.<\/p>\n<p>En 2006, huit des 24 m\u00e9dailles du Canada ont \u00e9t\u00e9 remport\u00e9es en patinage de vitesse sur longue piste. C\u2019\u00e9tait un record pour le plus de m\u00e9dailles gagn\u00e9es par un seul sport pour le Canada.<\/p>\n<p>Les r\u00e9sultats des cinq Coupes du monde de ce mois-ci et du mois prochain seront utilis\u00e9s pour d\u00e9terminer les quotas olympiques pour les diff\u00e9rents pays participants. En tant que pays h\u00f4te, le Canada re\u00e7oit un quota pour chaque \u00e9preuve de patinage de vitesse. Mais puisque le Canada a du talent en profondeur dans le sport, il peut qualifier plusieurs patineurs par \u00e9preuve. Plus il y a de quotas par \u00e9preuve, plus cela signifie de chances de m\u00e9dailles en 2010. L\u2019objectif de dominer le total g\u00e9n\u00e9ral des m\u00e9dailles en f\u00e9vrier prochain peut d\u00e9pendre en partie des r\u00e9sultats dans ces Coupes du monde.<\/p>\n<p>Pr\u00e9sentement, quatre patineurs sont pr\u00e9-qualifi\u00e9s pour des places olympiques (toutefois chacun doit terminer parmi les six premiers dans une Coupe du monde cette saison pour assurer sa place):<\/p>\n<p><em>Denny Morrison<\/em> (Fort St. John, C.-B.): 1000 et 1500 m\u00e8tres<\/p>\n<p><em>Christine Nesbitt<\/em> (London, Ont.): 1000 et 1500 m\u00e8tres<\/p>\n<p><em>Kristina Groves<\/em> (Ottawa): 3000 m\u00e8tres<\/p>\n<p><em>Clara Hughes<\/em> (Winnipeg): 5000 m\u00e8tres<\/p>\n<p>Apr\u00e8s les trois premi\u00e8res Coupes du monde, Patinage de vitesse Canada r\u00e9\u00e9valuera l\u2019\u00e9quipe pour avoir les possibilit\u00e9s olympiques optimales. N\u2019importe quel patineur peut se retirer d\u2019une Coupe du monde s\u2019il ou elle est choisi, ce qui ouvrirait une place pour un autre patineur qui n\u2019a pas encore gagn\u00e9 un quota olympique pour tenter sa chance d\u2019un obtenir un.<\/p>\n<p>Le Canada est plus fort dans les courses de demi-fond, en particulier chez les femmes. Il est sans discussion un meneur mondial en demi-fond, dominant un groupe qui inclut les \u00c9tats-Unis, la Cor\u00e9e du Sud, les Pays-Bas et la Norv\u00e8ge. Le Japon et la Chine sont reconnus dans les courses plus courtes de sprint.<\/p>\n<p>Le retour de Cindy Klassen, de Winnipeg, est une histoire int\u00e9ressante pour le Canada. Elle a gagn\u00e9 un record de cinq m\u00e9dailles olympiques en 2006, mais n\u2019a pas particip\u00e9 \u00e0 une course en pr\u00e8s de 20 mois. Elle a d\u00fb rater toute la saison derni\u00e8re pour subir une double op\u00e9ration \u00e0 un genou. Est-ce que la puissante patineuse retrouvera tout son \u00e9clat sur la longue piste?<\/p>\n<p>De plus, surveillez les deux Coupes du monde de Calgary (4 au 6 d\u00e9c.) et de Salt Lake City (11 au 13 d\u00e9c.), qui pourraient produire de nouveaux records du monde. Les deux pistes sont consid\u00e9r\u00e9es les plus rapides au monde et les patineurs se donneront \u00e0 fond pour obtenir ces quotas olympiques.<\/p>\n<p>Les derniers essais pour la s\u00e9lection olympique canadienne auront lieu du 27 d\u00e9c. au 2 jan. \u00e0 Calgary pour compl\u00e9ter les places restantes.<\/p>\n<p>Pour un aper\u00e7u de l\u2019\u00e9quipe nationale compl\u00e8te de patinage de vitesse 2009, cliquez ici: <a href=\"http:\/\/www.speedskating.ca\/client\/cmsUploads\/speed_skating\/File\/Media\/MG0910_Long_Track.pdf\">www.speedskating.ca\/client\/cmsUploads\/speed_skating\/File\/Media\/MG0910_Long_Track.pdf<\/a>.<\/p>\n","protected":false},"excerpt":{"rendered":"<p>Cette fin de semaine pr\u00e9sente la premi\u00e8re de cinq Coupes du monde cruciales pour l\u2019\u00e9quipe nationale du Canada de patinage&#8230;<\/p>\n","protected":false},"author":47562643,"featured_media":3330,"comment_status":"open","ping_status":"open","sticky":false,"template":"","format":"standard","meta":{"_acf_changed":false,"_jetpack_memberships_contains_paid_content":false,"footnotes":""},"categories":[23939911],"tags":[],"post_format":"standard","sport":[],"game":[],"coauthors":[186127234],"class_list":["post-3335","post","type-post","status-publish","format-standard","has-post-thumbnail","hentry","category-uncategorized-fr"],"acf":[],"yoast_head":"<!-- This site is optimized with the Yoast SEO plugin v27.3 - https:\/\/yoast.com\/product\/yoast-seo-wordpress\/ -->\n<title>Les patineurs de vitesse entreprennent une \u00e9norme saison de la Coupe du monde - \u00c9quipe Canada | Site officiel de l&#039;\u00e9quipe olympique<\/title>\n<meta name=\"robots\" content=\"index, follow, max-snippet:-1, max-image-preview:large, max-video-preview:-1\" \/>\n<link rel=\"canonical\" href=\"https:\/\/preprod.olympic.ca\/olympique\/2009\/11\/05\/les-patineurs-de-vitesse-entreprennent-une-enorme-saison-de-la-coupe-du-monde\/\" \/>\n<meta property=\"og:locale\" content=\"fr_FR\" \/>\n<meta property=\"og:type\" content=\"article\" \/>\n<meta property=\"og:title\" content=\"Les patineurs de vitesse entreprennent une \u00e9norme saison de la Coupe du monde - \u00c9quipe Canada | Site officiel de l&#039;\u00e9quipe olympique\" \/>\n<meta property=\"og:description\" content=\"Cette fin de semaine pr\u00e9sente la premi\u00e8re de cinq Coupes du monde cruciales pour l\u2019\u00e9quipe nationale du Canada de patinage...\" \/>\n<meta property=\"og:url\" content=\"https:\/\/preprod.olympic.ca\/olympique\/2009\/11\/05\/les-patineurs-de-vitesse-entreprennent-une-enorme-saison-de-la-coupe-du-monde\/\" \/>\n<meta property=\"og:site_name\" content=\"\u00c9quipe Canada | Site officiel de l&#039;\u00e9quipe olympique\" \/>\n<meta property=\"article:published_time\" content=\"2009-11-05T21:56:50+00:00\" \/>\n<meta property=\"article:modified_time\" content=\"2013-08-01T01:08:46+00:00\" \/>\n<meta property=\"og:image\" content=\"https:\/\/preprod.olympic.ca\/olympique\/wp-content\/uploads\/sites\/2\/2011\/08\/nesbitt5.jpg?quality=100\" \/>\n\t<meta property=\"og:image:width\" content=\"2709\" \/>\n\t<meta property=\"og:image:height\" content=\"1819\" \/>\n\t<meta property=\"og:image:type\" content=\"image\/jpeg\" \/>\n<meta name=\"author\" content=\"Comit\u00e9 olympique canadien\" \/>\n<meta name=\"twitter:card\" content=\"summary_large_image\" \/>\n<meta name=\"twitter:label1\" content=\"Written by\" \/>\n\t<meta name=\"twitter:data1\" content=\"Comit\u00e9 olympique canadien\" \/>\n\t<meta name=\"twitter:label2\" content=\"Est. reading time\" \/>\n\t<meta name=\"twitter:data2\" content=\"3 minutes\" \/>\n<script type=\"application\/ld+json\" class=\"yoast-schema-graph\">{\"@context\":\"https:\\\/\\\/schema.org\",\"@graph\":[{\"@type\":\"Article\",\"@id\":\"https:\\\/\\\/preprod.olympic.ca\\\/olympique\\\/2009\\\/11\\\/05\\\/les-patineurs-de-vitesse-entreprennent-une-enorme-saison-de-la-coupe-du-monde\\\/#article\",\"isPartOf\":{\"@id\":\"https:\\\/\\\/preprod.olympic.ca\\\/olympique\\\/2009\\\/11\\\/05\\\/les-patineurs-de-vitesse-entreprennent-une-enorme-saison-de-la-coupe-du-monde\\\/\"},\"author\":{\"name\":\"cdnolympicteam\",\"@id\":\"https:\\\/\\\/preprod.olympic.ca\\\/olympique\\\/#\\\/schema\\\/person\\\/08d84fd062bf1b56ffb3808cb69aee9c\"},\"headline\":\"Les patineurs de vitesse entreprennent une \u00e9norme saison de la Coupe du monde\",\"datePublished\":\"2009-11-05T21:56:50+00:00\",\"dateModified\":\"2013-08-01T01:08:46+00:00\",\"mainEntityOfPage\":{\"@id\":\"https:\\\/\\\/preprod.olympic.ca\\\/olympique\\\/2009\\\/11\\\/05\\\/les-patineurs-de-vitesse-entreprennent-une-enorme-saison-de-la-coupe-du-monde\\\/\"},\"wordCount\":576,\"commentCount\":0,\"image\":{\"@id\":\"https:\\\/\\\/preprod.olympic.ca\\\/olympique\\\/2009\\\/11\\\/05\\\/les-patineurs-de-vitesse-entreprennent-une-enorme-saison-de-la-coupe-du-monde\\\/#primaryimage\"},\"thumbnailUrl\":\"https:\\\/\\\/preprod.olympic.ca\\\/olympique\\\/wp-content\\\/uploads\\\/sites\\\/2\\\/2011\\\/08\\\/nesbitt5.jpg?quality=100\",\"articleSection\":[\"Uncategorized @fr\"],\"inLanguage\":\"fr-FR\",\"potentialAction\":[{\"@type\":\"CommentAction\",\"name\":\"Comment\",\"target\":[\"https:\\\/\\\/preprod.olympic.ca\\\/olympique\\\/2009\\\/11\\\/05\\\/les-patineurs-de-vitesse-entreprennent-une-enorme-saison-de-la-coupe-du-monde\\\/#respond\"]}]},{\"@type\":\"WebPage\",\"@id\":\"https:\\\/\\\/preprod.olympic.ca\\\/olympique\\\/2009\\\/11\\\/05\\\/les-patineurs-de-vitesse-entreprennent-une-enorme-saison-de-la-coupe-du-monde\\\/\",\"url\":\"https:\\\/\\\/preprod.olympic.ca\\\/olympique\\\/2009\\\/11\\\/05\\\/les-patineurs-de-vitesse-entreprennent-une-enorme-saison-de-la-coupe-du-monde\\\/\",\"name\":\"Les patineurs de vitesse entreprennent une \u00e9norme saison de la Coupe du monde - \u00c9quipe Canada | Site officiel de l&#039;\u00e9quipe olympique\",\"isPartOf\":{\"@id\":\"https:\\\/\\\/preprod.olympic.ca\\\/olympique\\\/#website\"},\"primaryImageOfPage\":{\"@id\":\"https:\\\/\\\/preprod.olympic.ca\\\/olympique\\\/2009\\\/11\\\/05\\\/les-patineurs-de-vitesse-entreprennent-une-enorme-saison-de-la-coupe-du-monde\\\/#primaryimage\"},\"image\":{\"@id\":\"https:\\\/\\\/preprod.olympic.ca\\\/olympique\\\/2009\\\/11\\\/05\\\/les-patineurs-de-vitesse-entreprennent-une-enorme-saison-de-la-coupe-du-monde\\\/#primaryimage\"},\"thumbnailUrl\":\"https:\\\/\\\/preprod.olympic.ca\\\/olympique\\\/wp-content\\\/uploads\\\/sites\\\/2\\\/2011\\\/08\\\/nesbitt5.jpg?quality=100\",\"datePublished\":\"2009-11-05T21:56:50+00:00\",\"dateModified\":\"2013-08-01T01:08:46+00:00\",\"author\":{\"@id\":\"https:\\\/\\\/preprod.olympic.ca\\\/olympique\\\/#\\\/schema\\\/person\\\/08d84fd062bf1b56ffb3808cb69aee9c\"},\"inLanguage\":\"fr-FR\",\"potentialAction\":[{\"@type\":\"ReadAction\",\"target\":[\"https:\\\/\\\/preprod.olympic.ca\\\/olympique\\\/2009\\\/11\\\/05\\\/les-patineurs-de-vitesse-entreprennent-une-enorme-saison-de-la-coupe-du-monde\\\/\"]}]},{\"@type\":\"ImageObject\",\"inLanguage\":\"fr-FR\",\"@id\":\"https:\\\/\\\/preprod.olympic.ca\\\/olympique\\\/2009\\\/11\\\/05\\\/les-patineurs-de-vitesse-entreprennent-une-enorme-saison-de-la-coupe-du-monde\\\/#primaryimage\",\"url\":\"https:\\\/\\\/preprod.olympic.ca\\\/olympique\\\/wp-content\\\/uploads\\\/sites\\\/2\\\/2011\\\/08\\\/nesbitt5.jpg?quality=100\",\"contentUrl\":\"https:\\\/\\\/preprod.olympic.ca\\\/olympique\\\/wp-content\\\/uploads\\\/sites\\\/2\\\/2011\\\/08\\\/nesbitt5.jpg?quality=100\",\"width\":2709,\"height\":1819},{\"@type\":\"WebSite\",\"@id\":\"https:\\\/\\\/preprod.olympic.ca\\\/olympique\\\/#website\",\"url\":\"https:\\\/\\\/preprod.olympic.ca\\\/olympique\\\/\",\"name\":\"\u00c9quipe Canada | Site officiel de l&#039;\u00e9quipe olympique\",\"description\":\"Votre source pour l\u2019\u00c9quipe olympique canadienne. Retrouvez les r\u00e9cits, vid\u00e9os et photos des athl\u00e8tes canadiens, sports olympiques, Jeux olympiques de 2020 et bien plus!\",\"potentialAction\":[{\"@type\":\"SearchAction\",\"target\":{\"@type\":\"EntryPoint\",\"urlTemplate\":\"https:\\\/\\\/preprod.olympic.ca\\\/olympique\\\/?s={search_term_string}\"},\"query-input\":{\"@type\":\"PropertyValueSpecification\",\"valueRequired\":true,\"valueName\":\"search_term_string\"}}],\"inLanguage\":\"fr-FR\"},{\"@type\":\"Person\",\"@id\":\"https:\\\/\\\/preprod.olympic.ca\\\/olympique\\\/#\\\/schema\\\/person\\\/08d84fd062bf1b56ffb3808cb69aee9c\",\"name\":\"cdnolympicteam\",\"image\":{\"@type\":\"ImageObject\",\"inLanguage\":\"fr-FR\",\"@id\":\"https:\\\/\\\/secure.gravatar.com\\\/avatar\\\/5ebf1554473077ab88cd1ec3372750991c09302ef58500182e331751d1f3473b?s=96&d=identicon&r=g7289394c1202ef020fcd9aad965e50f7\",\"url\":\"https:\\\/\\\/secure.gravatar.com\\\/avatar\\\/5ebf1554473077ab88cd1ec3372750991c09302ef58500182e331751d1f3473b?s=96&d=identicon&r=g\",\"contentUrl\":\"https:\\\/\\\/secure.gravatar.com\\\/avatar\\\/5ebf1554473077ab88cd1ec3372750991c09302ef58500182e331751d1f3473b?s=96&d=identicon&r=g\",\"caption\":\"cdnolympicteam\"},\"url\":\"https:\\\/\\\/preprod.olympic.ca\\\/olympique\\\/author\\\/cdnolympicteam\\\/\"}]}<\/script>\n<!-- \/ Yoast SEO plugin. -->","yoast_head_json":{"title":"Les patineurs de vitesse entreprennent une \u00e9norme saison de la Coupe du monde - \u00c9quipe Canada | Site officiel de l&#039;\u00e9quipe olympique","robots":{"index":"index","follow":"follow","max-snippet":"max-snippet:-1","max-image-preview":"max-image-preview:large","max-video-preview":"max-video-preview:-1"},"canonical":"https:\/\/preprod.olympic.ca\/olympique\/2009\/11\/05\/les-patineurs-de-vitesse-entreprennent-une-enorme-saison-de-la-coupe-du-monde\/","og_locale":"fr_FR","og_type":"article","og_title":"Les patineurs de vitesse entreprennent une \u00e9norme saison de la Coupe du monde - \u00c9quipe Canada | Site officiel de l&#039;\u00e9quipe olympique","og_description":"Cette fin de semaine pr\u00e9sente la premi\u00e8re de cinq Coupes du monde cruciales pour l\u2019\u00e9quipe nationale du Canada de patinage...","og_url":"https:\/\/preprod.olympic.ca\/olympique\/2009\/11\/05\/les-patineurs-de-vitesse-entreprennent-une-enorme-saison-de-la-coupe-du-monde\/","og_site_name":"\u00c9quipe Canada | Site officiel de l&#039;\u00e9quipe olympique","article_published_time":"2009-11-05T21:56:50+00:00","article_modified_time":"2013-08-01T01:08:46+00:00","og_image":[{"width":2709,"height":1819,"url":"https:\/\/preprod.olympic.ca\/olympique\/wp-content\/uploads\/sites\/2\/2011\/08\/nesbitt5.jpg?quality=100","type":"image\/jpeg"}],"author":"Comit\u00e9 olympique canadien","twitter_card":"summary_large_image","twitter_misc":{"Written by":"Comit\u00e9 olympique canadien","Est. reading time":"3 minutes"},"schema":{"@context":"https:\/\/schema.org","@graph":[{"@type":"Article","@id":"https:\/\/preprod.olympic.ca\/olympique\/2009\/11\/05\/les-patineurs-de-vitesse-entreprennent-une-enorme-saison-de-la-coupe-du-monde\/#article","isPartOf":{"@id":"https:\/\/preprod.olympic.ca\/olympique\/2009\/11\/05\/les-patineurs-de-vitesse-entreprennent-une-enorme-saison-de-la-coupe-du-monde\/"},"author":{"name":"cdnolympicteam","@id":"https:\/\/preprod.olympic.ca\/olympique\/#\/schema\/person\/08d84fd062bf1b56ffb3808cb69aee9c"},"headline":"Les patineurs de vitesse entreprennent une \u00e9norme saison de la Coupe du monde","datePublished":"2009-11-05T21:56:50+00:00","dateModified":"2013-08-01T01:08:46+00:00","mainEntityOfPage":{"@id":"https:\/\/preprod.olympic.ca\/olympique\/2009\/11\/05\/les-patineurs-de-vitesse-entreprennent-une-enorme-saison-de-la-coupe-du-monde\/"},"wordCount":576,"commentCount":0,"image":{"@id":"https:\/\/preprod.olympic.ca\/olympique\/2009\/11\/05\/les-patineurs-de-vitesse-entreprennent-une-enorme-saison-de-la-coupe-du-monde\/#primaryimage"},"thumbnailUrl":"https:\/\/preprod.olympic.ca\/olympique\/wp-content\/uploads\/sites\/2\/2011\/08\/nesbitt5.jpg?quality=100","articleSection":["Uncategorized @fr"],"inLanguage":"fr-FR","potentialAction":[{"@type":"CommentAction","name":"Comment","target":["https:\/\/preprod.olympic.ca\/olympique\/2009\/11\/05\/les-patineurs-de-vitesse-entreprennent-une-enorme-saison-de-la-coupe-du-monde\/#respond"]}]},{"@type":"WebPage","@id":"https:\/\/preprod.olympic.ca\/olympique\/2009\/11\/05\/les-patineurs-de-vitesse-entreprennent-une-enorme-saison-de-la-coupe-du-monde\/","url":"https:\/\/preprod.olympic.ca\/olympique\/2009\/11\/05\/les-patineurs-de-vitesse-entreprennent-une-enorme-saison-de-la-coupe-du-monde\/","name":"Les patineurs de vitesse entreprennent une \u00e9norme saison de la Coupe du monde - \u00c9quipe Canada | Site officiel de l&#039;\u00e9quipe olympique","isPartOf":{"@id":"https:\/\/preprod.olympic.ca\/olympique\/#website"},"primaryImageOfPage":{"@id":"https:\/\/preprod.olympic.ca\/olympique\/2009\/11\/05\/les-patineurs-de-vitesse-entreprennent-une-enorme-saison-de-la-coupe-du-monde\/#primaryimage"},"image":{"@id":"https:\/\/preprod.olympic.ca\/olympique\/2009\/11\/05\/les-patineurs-de-vitesse-entreprennent-une-enorme-saison-de-la-coupe-du-monde\/#primaryimage"},"thumbnailUrl":"https:\/\/preprod.olympic.ca\/olympique\/wp-content\/uploads\/sites\/2\/2011\/08\/nesbitt5.jpg?quality=100","datePublished":"2009-11-05T21:56:50+00:00","dateModified":"2013-08-01T01:08:46+00:00","author":{"@id":"https:\/\/preprod.olympic.ca\/olympique\/#\/schema\/person\/08d84fd062bf1b56ffb3808cb69aee9c"},"inLanguage":"fr-FR","potentialAction":[{"@type":"ReadAction","target":["https:\/\/preprod.olympic.ca\/olympique\/2009\/11\/05\/les-patineurs-de-vitesse-entreprennent-une-enorme-saison-de-la-coupe-du-monde\/"]}]},{"@type":"ImageObject","inLanguage":"fr-FR","@id":"https:\/\/preprod.olympic.ca\/olympique\/2009\/11\/05\/les-patineurs-de-vitesse-entreprennent-une-enorme-saison-de-la-coupe-du-monde\/#primaryimage","url":"https:\/\/preprod.olympic.ca\/olympique\/wp-content\/uploads\/sites\/2\/2011\/08\/nesbitt5.jpg?quality=100","contentUrl":"https:\/\/preprod.olympic.ca\/olympique\/wp-content\/uploads\/sites\/2\/2011\/08\/nesbitt5.jpg?quality=100","width":2709,"height":1819},{"@type":"WebSite","@id":"https:\/\/preprod.olympic.ca\/olympique\/#website","url":"https:\/\/preprod.olympic.ca\/olympique\/","name":"\u00c9quipe Canada | Site officiel de l&#039;\u00e9quipe olympique","description":"Votre source pour l\u2019\u00c9quipe olympique canadienne. Retrouvez les r\u00e9cits, vid\u00e9os et photos des athl\u00e8tes canadiens, sports olympiques, Jeux olympiques de 2020 et bien plus!","potentialAction":[{"@type":"SearchAction","target":{"@type":"EntryPoint","urlTemplate":"https:\/\/preprod.olympic.ca\/olympique\/?s={search_term_string}"},"query-input":{"@type":"PropertyValueSpecification","valueRequired":true,"valueName":"search_term_string"}}],"inLanguage":"fr-FR"},{"@type":"Person","@id":"https:\/\/preprod.olympic.ca\/olympique\/#\/schema\/person\/08d84fd062bf1b56ffb3808cb69aee9c","name":"cdnolympicteam","image":{"@type":"ImageObject","inLanguage":"fr-FR","@id":"https:\/\/secure.gravatar.com\/avatar\/5ebf1554473077ab88cd1ec3372750991c09302ef58500182e331751d1f3473b?s=96&d=identicon&r=g7289394c1202ef020fcd9aad965e50f7","url":"https:\/\/secure.gravatar.com\/avatar\/5ebf1554473077ab88cd1ec3372750991c09302ef58500182e331751d1f3473b?s=96&d=identicon&r=g","contentUrl":"https:\/\/secure.gravatar.com\/avatar\/5ebf1554473077ab88cd1ec3372750991c09302ef58500182e331751d1f3473b?s=96&d=identicon&r=g","caption":"cdnolympicteam"},"url":"https:\/\/preprod.olympic.ca\/olympique\/author\/cdnolympicteam\/"}]}},"jetpack_featured_media_url":"https:\/\/preprod.olympic.ca\/olympique\/wp-content\/uploads\/sites\/2\/2011\/08\/nesbitt5.jpg?quality=100","featured_image_url":"https:\/\/preprod.olympic.ca\/olympique\/wp-content\/uploads\/sites\/2\/2011\/08\/nesbitt5.jpg?quality=100","author_name":["Comit\u00e9 olympique canadien"],"category_names":["Uncategorized @fr"],"tag_names":[],"video_embed_code":"","facebook_video_embed_code":"","jetpack_sharing_enabled":true,"jetpack-related-posts":[],"jetpack_shortlink":"https:\/\/wp.me\/pcGHcP-RN","_links":{"self":[{"href":"https:\/\/preprod.olympic.ca\/olympique\/wp-json\/wp\/v2\/posts\/3335","targetHints":{"allow":["GET"]}}],"collection":[{"href":"https:\/\/preprod.olympic.ca\/olympique\/wp-json\/wp\/v2\/posts"}],"about":[{"href":"https:\/\/preprod.olympic.ca\/olympique\/wp-json\/wp\/v2\/types\/post"}],"author":[{"embeddable":true,"href":"https:\/\/preprod.olympic.ca\/olympique\/wp-json\/wp\/v2\/users\/47562643"}],"replies":[{"embeddable":true,"href":"https:\/\/preprod.olympic.ca\/olympique\/wp-json\/wp\/v2\/comments?post=3335"}],"version-history":[{"count":1,"href":"https:\/\/preprod.olympic.ca\/olympique\/wp-json\/wp\/v2\/posts\/3335\/revisions"}],"predecessor-version":[{"id":82808,"href":"https:\/\/preprod.olympic.ca\/olympique\/wp-json\/wp\/v2\/posts\/3335\/revisions\/82808"}],"wp:featuredmedia":[{"embeddable":true,"href":"https:\/\/preprod.olympic.ca\/olympique\/wp-json\/wp\/v2\/media\/3330"}],"wp:attachment":[{"href":"https:\/\/preprod.olympic.ca\/olympique\/wp-json\/wp\/v2\/media?parent=3335"}],"wp:term":[{"taxonomy":"category","embeddable":true,"href":"https:\/\/preprod.olympic.ca\/olympique\/wp-json\/wp\/v2\/categories?post=3335"},{"taxonomy":"post_tag","embeddable":true,"href":"https:\/\/preprod.olympic.ca\/olympique\/wp-json\/wp\/v2\/tags?post=3335"},{"taxonomy":"post_format","embeddable":true,"href":"https:\/\/preprod.olympic.ca\/olympique\/wp-json\/wp\/v2\/post_format?post=3335"},{"taxonomy":"sport","embeddable":true,"href":"https:\/\/preprod.olympic.ca\/olympique\/wp-json\/wp\/v2\/sport?post=3335"},{"taxonomy":"game","embeddable":true,"href":"https:\/\/preprod.olympic.ca\/olympique\/wp-json\/wp\/v2\/game?post=3335"},{"taxonomy":"author","embeddable":true,"href":"https:\/\/preprod.olympic.ca\/olympique\/wp-json\/wp\/v2\/coauthors?post=3335"}],"curies":[{"name":"wp","href":"https:\/\/api.w.org\/{rel}","templated":true}]}}