{"id":33814,"date":"2012-06-18T12:37:52","date_gmt":"2012-06-18T16:38:18","guid":{"rendered":"http:\/\/preprod.olympic.ca\/?p=33814"},"modified":"2012-06-18T12:37:52","modified_gmt":"2012-06-18T16:38:18","slug":"spencer-obtient-le-feu-vert-pour-londres","status":"publish","type":"post","link":"https:\/\/preprod.olympic.ca\/olympique\/2012\/06\/18\/spencer-obtient-le-feu-vert-pour-londres\/","title":{"rendered":"Spencer obtient le feu vert pour Londres"},"content":{"rendered":"<p><strong>TORONTO<\/strong>\u00a0\u2013 Aujourd\u2019hui, le Comit\u00e9 olympique canadien a \u00e9mis la d\u00e9claration suivante \u00e0 propos de la boxeuse <a href=\"http:\/\/preprod.olympic.ca\/fr\/team-canada\/mary-spencer-2\" target=\"_blank\">Mary Spencer<\/a>, qui a re\u00e7u une place de quota pour le tournoi f\u00e9minin des Jeux olympiques de 2012 \u00e0 Londres dans la cat\u00e9gorie des 75 kg. Mandy Bujold et Sandra Bizier n\u2019ont quant \u00e0 elles pas obtenu de places de quota pour concourir aux Jeux olympiques de 2012 \u00e0 Londres.<\/p>\n<p>\u00ab C\u2019est ce r\u00e9sultat, pour lequel je me suis entra\u00een\u00e9e, que j\u2019avais planifi\u00e9, alors je suis soulag\u00e9e de savoir que je concourrai cet \u00e9t\u00e9 \u00e0 Londres. Je me sens plus forte et plus concentr\u00e9e en ce moment. Mon parcours vers Londres ne s\u2019est pas d\u00e9roul\u00e9 comme je l\u2019avais pr\u00e9vu, mais j\u2019ai le sentiment d\u2019avoir beaucoup appris. Je mettrai \u00e0 profit ces le\u00e7ons dans la derni\u00e8re ligne droite de mon parcours olympique. Mon entra\u00eeneur, Charlie Stewart, et le reste de mon \u00e9quipe m\u2019aident \u00e0 me pr\u00e9parer en vue de boxer aux Jeux, et je me r\u00e9jouis d\u2019avoir l\u2019honneur de repr\u00e9senter le Canada sur le ring \u00e0 Londres. Je ne serai pas la seule athl\u00e8te \u00e0 repr\u00e9senter le pays en boxe, aussi suis-je \u00e9galement impatiente d\u2019encourager les deux boxeurs qui participeront au tournoi masculin des Jeux. Je remercie Boxe Canada, le COC et ses partenaires, de m\u00eame que mes commanditaires et ma communaut\u00e9 de leur soutien. \u00bb<br \/>\n<strong>-Mary Spencer<\/strong><\/p>\n<p>\u00ab Boxe Canada est heureuse que Mary Spencer ait re\u00e7u une place de quota pour Londres. Ses trois titres de championne du monde prouvent qu\u2019elle a sa place aux Jeux olympiques. Nous remercions le CIO et l\u2019AIBA d\u2019avoir donn\u00e9 cette opportunit\u00e9 \u00e0 Mary. Nous sommes en m\u00eame temps d\u00e9\u00e7us que Mandy Bujold et Sandra Bizier ne se joindront pas \u00e0 l\u2019\u00e9quipe \u00e0 Londres. Elles ont travaill\u00e9 fort et elles auraient repr\u00e9sent\u00e9 fi\u00e8rement le Canada. \u00bb<br \/>\n<strong>-Pat Fiacco, pr\u00e9sident de Boxe Canada<\/strong><\/p>\n<p>\u00ab C\u2019est une bonne nouvelle, tant pour Mary que pour l\u2019\u00c9quipe olympique canadienne 2012. Je lui souhaite la meilleure des chances \u00e0 l\u2019entra\u00eenement et je suis impatient de la voir sur le ring. Je suis cependant d\u00e9sol\u00e9 pour Mandy et Sandra qui n\u2019ont pas re\u00e7u de places de quota. Je sais qu\u2019elles se remettront de cette d\u00e9ception. \u00bb<br \/>\n<strong>-Mark Tewksbury, chef de mission de l\u2019\u00c9quipe olympique canadienne 2012<\/strong><\/p>\n<p>\u00ab Le Comit\u00e9 olympique canadien est heureux de la d\u00e9cision de permettre \u00e0 Mary de concourir aux Jeux olympiques. L\u2019\u00e9quipe est plus forte avec Mary. Mes pens\u00e9es vont \u00e9galement \u00e0 Mandy et \u00e0 Sandra. Mise \u00e0 part cette d\u00e9ception, vous avez repr\u00e9sent\u00e9 votre pays avec fiert\u00e9 sur le ring. \u00bb<br \/>\n<strong>-Marcel Aubut, pr\u00e9sident, Comit\u00e9 olympique canadien.<\/strong><\/p>\n","protected":false},"excerpt":{"rendered":"<p>TORONTO\u00a0\u2013 Aujourd\u2019hui, le Comit\u00e9 olympique canadien a \u00e9mis la d\u00e9claration suivante \u00e0 propos de la boxeuse Mary Spencer, qui a&#8230;<\/p>\n","protected":false},"author":52435436,"featured_media":33820,"comment_status":"open","ping_status":"open","sticky":false,"template":"","format":"standard","meta":{"_acf_changed":false,"_jetpack_memberships_contains_paid_content":false,"footnotes":""},"categories":[16085,70121],"tags":[],"post_format":"standard","sport":[],"game":[],"coauthors":[187838302],"class_list":["post-33814","post","type-post","status-publish","format-standard","has-post-thumbnail","hentry","category-nouvelles","category-equipe"],"acf":[],"yoast_head":"<!-- This site is optimized with the Yoast SEO plugin v27.3 - https:\/\/yoast.com\/product\/yoast-seo-wordpress\/ -->\n<title>Spencer obtient le feu vert pour Londres - \u00c9quipe Canada | Site officiel de l&#039;\u00e9quipe olympique<\/title>\n<meta name=\"robots\" content=\"index, follow, max-snippet:-1, max-image-preview:large, max-video-preview:-1\" \/>\n<link rel=\"canonical\" href=\"https:\/\/preprod.olympic.ca\/olympique\/2012\/06\/18\/spencer-obtient-le-feu-vert-pour-londres\/\" \/>\n<meta property=\"og:locale\" content=\"fr_FR\" \/>\n<meta property=\"og:type\" content=\"article\" \/>\n<meta property=\"og:title\" content=\"Spencer obtient le feu vert pour Londres - \u00c9quipe Canada | Site officiel de l&#039;\u00e9quipe olympique\" \/>\n<meta property=\"og:description\" content=\"TORONTO\u00a0\u2013 Aujourd\u2019hui, le Comit\u00e9 olympique canadien a \u00e9mis la d\u00e9claration suivante \u00e0 propos de la boxeuse Mary Spencer, qui a...\" \/>\n<meta property=\"og:url\" content=\"https:\/\/preprod.olympic.ca\/olympique\/2012\/06\/18\/spencer-obtient-le-feu-vert-pour-londres\/\" \/>\n<meta property=\"og:site_name\" content=\"\u00c9quipe Canada | Site officiel de l&#039;\u00e9quipe olympique\" \/>\n<meta property=\"article:published_time\" content=\"2012-06-18T16:38:18+00:00\" \/>\n<meta property=\"og:image\" content=\"https:\/\/preprod.olympic.ca\/olympique\/wp-content\/uploads\/sites\/2\/2012\/06\/spencer_mary-moviestill2_for-web6.jpg?quality=100\" \/>\n\t<meta property=\"og:image:width\" content=\"720\" \/>\n\t<meta property=\"og:image:height\" content=\"380\" \/>\n\t<meta property=\"og:image:type\" content=\"image\/jpeg\" \/>\n<meta name=\"author\" content=\"Mark Nadolny\" \/>\n<meta name=\"twitter:card\" content=\"summary_large_image\" \/>\n<meta name=\"twitter:label1\" content=\"Written by\" \/>\n\t<meta name=\"twitter:data1\" content=\"Mark Nadolny\" \/>\n\t<meta name=\"twitter:label2\" content=\"Est. reading time\" \/>\n\t<meta name=\"twitter:data2\" content=\"2 minutes\" \/>\n<script type=\"application\/ld+json\" class=\"yoast-schema-graph\">{\"@context\":\"https:\\\/\\\/schema.org\",\"@graph\":[{\"@type\":\"Article\",\"@id\":\"https:\\\/\\\/preprod.olympic.ca\\\/olympique\\\/2012\\\/06\\\/18\\\/spencer-obtient-le-feu-vert-pour-londres\\\/#article\",\"isPartOf\":{\"@id\":\"https:\\\/\\\/preprod.olympic.ca\\\/olympique\\\/2012\\\/06\\\/18\\\/spencer-obtient-le-feu-vert-pour-londres\\\/\"},\"author\":{\"name\":\"Mark Nadolny\",\"@id\":\"https:\\\/\\\/preprod.olympic.ca\\\/olympique\\\/#\\\/schema\\\/person\\\/71d340cc825e058ae525fc2765f7c7ae\"},\"headline\":\"Spencer obtient le feu vert pour Londres\",\"datePublished\":\"2012-06-18T16:38:18+00:00\",\"mainEntityOfPage\":{\"@id\":\"https:\\\/\\\/preprod.olympic.ca\\\/olympique\\\/2012\\\/06\\\/18\\\/spencer-obtient-le-feu-vert-pour-londres\\\/\"},\"wordCount\":463,\"commentCount\":0,\"image\":{\"@id\":\"https:\\\/\\\/preprod.olympic.ca\\\/olympique\\\/2012\\\/06\\\/18\\\/spencer-obtient-le-feu-vert-pour-londres\\\/#primaryimage\"},\"thumbnailUrl\":\"https:\\\/\\\/preprod.olympic.ca\\\/olympique\\\/wp-content\\\/uploads\\\/sites\\\/2\\\/2012\\\/06\\\/spencer_mary-moviestill2_for-web6.jpg?quality=100\",\"articleSection\":[\"Nouvelles\",\"Nouvelles de l'equipe\"],\"inLanguage\":\"fr-FR\",\"potentialAction\":[{\"@type\":\"CommentAction\",\"name\":\"Comment\",\"target\":[\"https:\\\/\\\/preprod.olympic.ca\\\/olympique\\\/2012\\\/06\\\/18\\\/spencer-obtient-le-feu-vert-pour-londres\\\/#respond\"]}]},{\"@type\":\"WebPage\",\"@id\":\"https:\\\/\\\/preprod.olympic.ca\\\/olympique\\\/2012\\\/06\\\/18\\\/spencer-obtient-le-feu-vert-pour-londres\\\/\",\"url\":\"https:\\\/\\\/preprod.olympic.ca\\\/olympique\\\/2012\\\/06\\\/18\\\/spencer-obtient-le-feu-vert-pour-londres\\\/\",\"name\":\"Spencer obtient le feu vert pour Londres - \u00c9quipe Canada | Site officiel de l&#039;\u00e9quipe olympique\",\"isPartOf\":{\"@id\":\"https:\\\/\\\/preprod.olympic.ca\\\/olympique\\\/#website\"},\"primaryImageOfPage\":{\"@id\":\"https:\\\/\\\/preprod.olympic.ca\\\/olympique\\\/2012\\\/06\\\/18\\\/spencer-obtient-le-feu-vert-pour-londres\\\/#primaryimage\"},\"image\":{\"@id\":\"https:\\\/\\\/preprod.olympic.ca\\\/olympique\\\/2012\\\/06\\\/18\\\/spencer-obtient-le-feu-vert-pour-londres\\\/#primaryimage\"},\"thumbnailUrl\":\"https:\\\/\\\/preprod.olympic.ca\\\/olympique\\\/wp-content\\\/uploads\\\/sites\\\/2\\\/2012\\\/06\\\/spencer_mary-moviestill2_for-web6.jpg?quality=100\",\"datePublished\":\"2012-06-18T16:38:18+00:00\",\"author\":{\"@id\":\"https:\\\/\\\/preprod.olympic.ca\\\/olympique\\\/#\\\/schema\\\/person\\\/71d340cc825e058ae525fc2765f7c7ae\"},\"inLanguage\":\"fr-FR\",\"potentialAction\":[{\"@type\":\"ReadAction\",\"target\":[\"https:\\\/\\\/preprod.olympic.ca\\\/olympique\\\/2012\\\/06\\\/18\\\/spencer-obtient-le-feu-vert-pour-londres\\\/\"]}]},{\"@type\":\"ImageObject\",\"inLanguage\":\"fr-FR\",\"@id\":\"https:\\\/\\\/preprod.olympic.ca\\\/olympique\\\/2012\\\/06\\\/18\\\/spencer-obtient-le-feu-vert-pour-londres\\\/#primaryimage\",\"url\":\"https:\\\/\\\/preprod.olympic.ca\\\/olympique\\\/wp-content\\\/uploads\\\/sites\\\/2\\\/2012\\\/06\\\/spencer_mary-moviestill2_for-web6.jpg?quality=100\",\"contentUrl\":\"https:\\\/\\\/preprod.olympic.ca\\\/olympique\\\/wp-content\\\/uploads\\\/sites\\\/2\\\/2012\\\/06\\\/spencer_mary-moviestill2_for-web6.jpg?quality=100\",\"width\":720,\"height\":380},{\"@type\":\"WebSite\",\"@id\":\"https:\\\/\\\/preprod.olympic.ca\\\/olympique\\\/#website\",\"url\":\"https:\\\/\\\/preprod.olympic.ca\\\/olympique\\\/\",\"name\":\"\u00c9quipe Canada | Site officiel de l&#039;\u00e9quipe olympique\",\"description\":\"Votre source pour l\u2019\u00c9quipe olympique canadienne. Retrouvez les r\u00e9cits, vid\u00e9os et photos des athl\u00e8tes canadiens, sports olympiques, Jeux olympiques de 2020 et bien plus!\",\"potentialAction\":[{\"@type\":\"SearchAction\",\"target\":{\"@type\":\"EntryPoint\",\"urlTemplate\":\"https:\\\/\\\/preprod.olympic.ca\\\/olympique\\\/?s={search_term_string}\"},\"query-input\":{\"@type\":\"PropertyValueSpecification\",\"valueRequired\":true,\"valueName\":\"search_term_string\"}}],\"inLanguage\":\"fr-FR\"},{\"@type\":\"Person\",\"@id\":\"https:\\\/\\\/preprod.olympic.ca\\\/olympique\\\/#\\\/schema\\\/person\\\/71d340cc825e058ae525fc2765f7c7ae\",\"name\":\"Mark Nadolny\",\"image\":{\"@type\":\"ImageObject\",\"inLanguage\":\"fr-FR\",\"@id\":\"https:\\\/\\\/secure.gravatar.com\\\/avatar\\\/fcfb5089af8db23b9347da3d181947b19f1cffb98b30f03fbe8f1973083d7e6b?s=96&d=identicon&r=g0693b2c18808f6337c03a29426292cc9\",\"url\":\"https:\\\/\\\/secure.gravatar.com\\\/avatar\\\/fcfb5089af8db23b9347da3d181947b19f1cffb98b30f03fbe8f1973083d7e6b?s=96&d=identicon&r=g\",\"contentUrl\":\"https:\\\/\\\/secure.gravatar.com\\\/avatar\\\/fcfb5089af8db23b9347da3d181947b19f1cffb98b30f03fbe8f1973083d7e6b?s=96&d=identicon&r=g\",\"caption\":\"Mark Nadolny\"},\"description\":\"Digital Media for the Canadian Olympic Team, I do that.\",\"url\":\"https:\\\/\\\/preprod.olympic.ca\\\/olympique\\\/author\\\/marknadonly\\\/\"}]}<\/script>\n<!-- \/ Yoast SEO plugin. -->","yoast_head_json":{"title":"Spencer obtient le feu vert pour Londres - \u00c9quipe Canada | Site officiel de l&#039;\u00e9quipe olympique","robots":{"index":"index","follow":"follow","max-snippet":"max-snippet:-1","max-image-preview":"max-image-preview:large","max-video-preview":"max-video-preview:-1"},"canonical":"https:\/\/preprod.olympic.ca\/olympique\/2012\/06\/18\/spencer-obtient-le-feu-vert-pour-londres\/","og_locale":"fr_FR","og_type":"article","og_title":"Spencer obtient le feu vert pour Londres - \u00c9quipe Canada | Site officiel de l&#039;\u00e9quipe olympique","og_description":"TORONTO\u00a0\u2013 Aujourd\u2019hui, le Comit\u00e9 olympique canadien a \u00e9mis la d\u00e9claration suivante \u00e0 propos de la boxeuse Mary Spencer, qui a...","og_url":"https:\/\/preprod.olympic.ca\/olympique\/2012\/06\/18\/spencer-obtient-le-feu-vert-pour-londres\/","og_site_name":"\u00c9quipe Canada | Site officiel de l&#039;\u00e9quipe olympique","article_published_time":"2012-06-18T16:38:18+00:00","og_image":[{"width":720,"height":380,"url":"https:\/\/preprod.olympic.ca\/olympique\/wp-content\/uploads\/sites\/2\/2012\/06\/spencer_mary-moviestill2_for-web6.jpg?quality=100","type":"image\/jpeg"}],"author":"Mark Nadolny","twitter_card":"summary_large_image","twitter_misc":{"Written by":"Mark Nadolny","Est. reading time":"2 minutes"},"schema":{"@context":"https:\/\/schema.org","@graph":[{"@type":"Article","@id":"https:\/\/preprod.olympic.ca\/olympique\/2012\/06\/18\/spencer-obtient-le-feu-vert-pour-londres\/#article","isPartOf":{"@id":"https:\/\/preprod.olympic.ca\/olympique\/2012\/06\/18\/spencer-obtient-le-feu-vert-pour-londres\/"},"author":{"name":"Mark Nadolny","@id":"https:\/\/preprod.olympic.ca\/olympique\/#\/schema\/person\/71d340cc825e058ae525fc2765f7c7ae"},"headline":"Spencer obtient le feu vert pour Londres","datePublished":"2012-06-18T16:38:18+00:00","mainEntityOfPage":{"@id":"https:\/\/preprod.olympic.ca\/olympique\/2012\/06\/18\/spencer-obtient-le-feu-vert-pour-londres\/"},"wordCount":463,"commentCount":0,"image":{"@id":"https:\/\/preprod.olympic.ca\/olympique\/2012\/06\/18\/spencer-obtient-le-feu-vert-pour-londres\/#primaryimage"},"thumbnailUrl":"https:\/\/preprod.olympic.ca\/olympique\/wp-content\/uploads\/sites\/2\/2012\/06\/spencer_mary-moviestill2_for-web6.jpg?quality=100","articleSection":["Nouvelles","Nouvelles de l'equipe"],"inLanguage":"fr-FR","potentialAction":[{"@type":"CommentAction","name":"Comment","target":["https:\/\/preprod.olympic.ca\/olympique\/2012\/06\/18\/spencer-obtient-le-feu-vert-pour-londres\/#respond"]}]},{"@type":"WebPage","@id":"https:\/\/preprod.olympic.ca\/olympique\/2012\/06\/18\/spencer-obtient-le-feu-vert-pour-londres\/","url":"https:\/\/preprod.olympic.ca\/olympique\/2012\/06\/18\/spencer-obtient-le-feu-vert-pour-londres\/","name":"Spencer obtient le feu vert pour Londres - \u00c9quipe Canada | Site officiel de l&#039;\u00e9quipe olympique","isPartOf":{"@id":"https:\/\/preprod.olympic.ca\/olympique\/#website"},"primaryImageOfPage":{"@id":"https:\/\/preprod.olympic.ca\/olympique\/2012\/06\/18\/spencer-obtient-le-feu-vert-pour-londres\/#primaryimage"},"image":{"@id":"https:\/\/preprod.olympic.ca\/olympique\/2012\/06\/18\/spencer-obtient-le-feu-vert-pour-londres\/#primaryimage"},"thumbnailUrl":"https:\/\/preprod.olympic.ca\/olympique\/wp-content\/uploads\/sites\/2\/2012\/06\/spencer_mary-moviestill2_for-web6.jpg?quality=100","datePublished":"2012-06-18T16:38:18+00:00","author":{"@id":"https:\/\/preprod.olympic.ca\/olympique\/#\/schema\/person\/71d340cc825e058ae525fc2765f7c7ae"},"inLanguage":"fr-FR","potentialAction":[{"@type":"ReadAction","target":["https:\/\/preprod.olympic.ca\/olympique\/2012\/06\/18\/spencer-obtient-le-feu-vert-pour-londres\/"]}]},{"@type":"ImageObject","inLanguage":"fr-FR","@id":"https:\/\/preprod.olympic.ca\/olympique\/2012\/06\/18\/spencer-obtient-le-feu-vert-pour-londres\/#primaryimage","url":"https:\/\/preprod.olympic.ca\/olympique\/wp-content\/uploads\/sites\/2\/2012\/06\/spencer_mary-moviestill2_for-web6.jpg?quality=100","contentUrl":"https:\/\/preprod.olympic.ca\/olympique\/wp-content\/uploads\/sites\/2\/2012\/06\/spencer_mary-moviestill2_for-web6.jpg?quality=100","width":720,"height":380},{"@type":"WebSite","@id":"https:\/\/preprod.olympic.ca\/olympique\/#website","url":"https:\/\/preprod.olympic.ca\/olympique\/","name":"\u00c9quipe Canada | Site officiel de l&#039;\u00e9quipe olympique","description":"Votre source pour l\u2019\u00c9quipe olympique canadienne. Retrouvez les r\u00e9cits, vid\u00e9os et photos des athl\u00e8tes canadiens, sports olympiques, Jeux olympiques de 2020 et bien plus!","potentialAction":[{"@type":"SearchAction","target":{"@type":"EntryPoint","urlTemplate":"https:\/\/preprod.olympic.ca\/olympique\/?s={search_term_string}"},"query-input":{"@type":"PropertyValueSpecification","valueRequired":true,"valueName":"search_term_string"}}],"inLanguage":"fr-FR"},{"@type":"Person","@id":"https:\/\/preprod.olympic.ca\/olympique\/#\/schema\/person\/71d340cc825e058ae525fc2765f7c7ae","name":"Mark Nadolny","image":{"@type":"ImageObject","inLanguage":"fr-FR","@id":"https:\/\/secure.gravatar.com\/avatar\/fcfb5089af8db23b9347da3d181947b19f1cffb98b30f03fbe8f1973083d7e6b?s=96&d=identicon&r=g0693b2c18808f6337c03a29426292cc9","url":"https:\/\/secure.gravatar.com\/avatar\/fcfb5089af8db23b9347da3d181947b19f1cffb98b30f03fbe8f1973083d7e6b?s=96&d=identicon&r=g","contentUrl":"https:\/\/secure.gravatar.com\/avatar\/fcfb5089af8db23b9347da3d181947b19f1cffb98b30f03fbe8f1973083d7e6b?s=96&d=identicon&r=g","caption":"Mark Nadolny"},"description":"Digital Media for the Canadian Olympic Team, I do that.","url":"https:\/\/preprod.olympic.ca\/olympique\/author\/marknadonly\/"}]}},"jetpack_featured_media_url":"https:\/\/preprod.olympic.ca\/olympique\/wp-content\/uploads\/sites\/2\/2012\/06\/spencer_mary-moviestill2_for-web6.jpg?quality=100","featured_image_url":"https:\/\/preprod.olympic.ca\/olympique\/wp-content\/uploads\/sites\/2\/2012\/06\/spencer_mary-moviestill2_for-web6.jpg?quality=100","author_name":["Mark Nadolny"],"category_names":["Nouvelles","Nouvelles de l'equipe"],"tag_names":[],"video_embed_code":"","facebook_video_embed_code":"","jetpack_sharing_enabled":true,"jetpack-related-posts":[],"jetpack_shortlink":"https:\/\/wp.me\/pcGHcP-8No","_links":{"self":[{"href":"https:\/\/preprod.olympic.ca\/olympique\/wp-json\/wp\/v2\/posts\/33814","targetHints":{"allow":["GET"]}}],"collection":[{"href":"https:\/\/preprod.olympic.ca\/olympique\/wp-json\/wp\/v2\/posts"}],"about":[{"href":"https:\/\/preprod.olympic.ca\/olympique\/wp-json\/wp\/v2\/types\/post"}],"author":[{"embeddable":true,"href":"https:\/\/preprod.olympic.ca\/olympique\/wp-json\/wp\/v2\/users\/52435436"}],"replies":[{"embeddable":true,"href":"https:\/\/preprod.olympic.ca\/olympique\/wp-json\/wp\/v2\/comments?post=33814"}],"version-history":[{"count":0,"href":"https:\/\/preprod.olympic.ca\/olympique\/wp-json\/wp\/v2\/posts\/33814\/revisions"}],"wp:featuredmedia":[{"embeddable":true,"href":"https:\/\/preprod.olympic.ca\/olympique\/wp-json\/wp\/v2\/media\/33820"}],"wp:attachment":[{"href":"https:\/\/preprod.olympic.ca\/olympique\/wp-json\/wp\/v2\/media?parent=33814"}],"wp:term":[{"taxonomy":"category","embeddable":true,"href":"https:\/\/preprod.olympic.ca\/olympique\/wp-json\/wp\/v2\/categories?post=33814"},{"taxonomy":"post_tag","embeddable":true,"href":"https:\/\/preprod.olympic.ca\/olympique\/wp-json\/wp\/v2\/tags?post=33814"},{"taxonomy":"post_format","embeddable":true,"href":"https:\/\/preprod.olympic.ca\/olympique\/wp-json\/wp\/v2\/post_format?post=33814"},{"taxonomy":"sport","embeddable":true,"href":"https:\/\/preprod.olympic.ca\/olympique\/wp-json\/wp\/v2\/sport?post=33814"},{"taxonomy":"game","embeddable":true,"href":"https:\/\/preprod.olympic.ca\/olympique\/wp-json\/wp\/v2\/game?post=33814"},{"taxonomy":"author","embeddable":true,"href":"https:\/\/preprod.olympic.ca\/olympique\/wp-json\/wp\/v2\/coauthors?post=33814"}],"curies":[{"name":"wp","href":"https:\/\/api.w.org\/{rel}","templated":true}]}}